{"id":18618,"date":"2025-10-21T12:34:04","date_gmt":"2025-10-21T10:34:04","guid":{"rendered":"https:\/\/www.mylasertabac.com\/wir-haben-mit-dem-dampfen-angefangen-weil-es-billiger-war-jetzt-sind-die-dampfer-veraergert-ueber-die-neue-steuer-auf-e-liquids\/"},"modified":"2025-10-21T23:30:32","modified_gmt":"2025-10-21T21:30:32","slug":"wir-haben-mit-dem-dampfen-angefangen-weil-es-billiger-war-jetzt-sind-die-dampfer-veraergert-ueber-die-neue-steuer-auf-e-liquids","status":"publish","type":"post","link":"https:\/\/www.mylasertabac.com\/de\/wir-haben-mit-dem-dampfen-angefangen-weil-es-billiger-war-jetzt-sind-die-dampfer-veraergert-ueber-die-neue-steuer-auf-e-liquids\/","title":{"rendered":"&#8222;Wir haben mit dem Dampfen angefangen, weil es billiger war&#8230; Jetzt sind die Dampfer ver\u00e4rgert \u00fcber die neue Steuer auf E-Liquids&#8220;."},"content":{"rendered":"\n<div style=\"height:33px\" aria-hidden=\"true\" class=\"wp-block-spacer\"><\/div>\n\n<p>In den letzten Jahren haben sich viele Erwachsene in Frankreich f\u00fcr das <strong>Dampfen<\/strong> entschieden, um dem <strong>Tabakkonsum<\/strong> zu entkommen, da sie davon \u00fcberzeugt sind, dass die <strong>elektronische Zigarette<\/strong> eine kosteng\u00fcnstigere und ges\u00fcndere Alternative darstellt. Die Einf\u00fchrung einer <strong>neuen Steuer<\/strong>auf <strong>Dampffl\u00fcssigkeiten<\/strong> k\u00f6nnte diese wirtschaftliche Rechnung jedoch durcheinander bringen. Die <strong>Dampfer<\/strong> f\u00fchlen sich zwischen Budget, Gesundheit und politischen Entscheidungen gefangen.  <\/p>\n\n<div style=\"height:32px\" aria-hidden=\"true\" class=\"wp-block-spacer\"><\/div>\n\n<figure class=\"wp-block-image alignleft size-full is-resized\"><img fetchpriority=\"high\" decoding=\"async\" width=\"1024\" height=\"1024\" src=\"https:\/\/www.mylasertabac.com\/wp-content\/uploads\/2025\/10\/temoignage-de-Julia-38-ans-qui-buvait-beaucoup-de-lalcool.png\" alt=\"\" class=\"wp-image-18119\" style=\"width:596px;height:auto\" srcset=\"https:\/\/www.mylasertabac.com\/wp-content\/uploads\/2025\/10\/temoignage-de-Julia-38-ans-qui-buvait-beaucoup-de-lalcool.png 1024w, https:\/\/www.mylasertabac.com\/wp-content\/uploads\/2025\/10\/temoignage-de-Julia-38-ans-qui-buvait-beaucoup-de-lalcool-300x300.png 300w, https:\/\/www.mylasertabac.com\/wp-content\/uploads\/2025\/10\/temoignage-de-Julia-38-ans-qui-buvait-beaucoup-de-lalcool-150x150.png 150w, https:\/\/www.mylasertabac.com\/wp-content\/uploads\/2025\/10\/temoignage-de-Julia-38-ans-qui-buvait-beaucoup-de-lalcool-768x768.png 768w\" sizes=\"(max-width: 1024px) 100vw, 1024px\" \/><\/figure>\n\n<h4 class=\"wp-block-heading\">Erfahrungsbericht eines Dampfers<\/h4>\n\n<p>&#8222;Ich habe eine Schachtel <strong>Standardzigaretten<\/strong> pro Tag geraucht&#8220;, sagt Jula*, 38 Jahre, ehemaliger <strong>Raucher<\/strong>: &#8222;Ich bin vor drei Jahren auf <strong>elektronische Zigaretten<\/strong> umgestiegen, weil sie viel <strong>billiger<\/strong> waren und ich meinen <strong>Nikotinkonsum<\/strong> reduzieren konnte. Heute benutze ich jede Woche ein Fl\u00e4schchen<g id=\"gid_6\">Liquids<\/g>. Und jetzt will man uns schon wieder <strong>besteuern<\/strong>? Ich bin wirklich w\u00fctend.  <\/p>\n\n<p>Julia verk\u00f6rpert diese neue Generation von <strong>Dampfern<\/strong>, die glaubte, im Dampfen eine wirtschaftliche und gesundheitliche <strong>Antwort<\/strong> auf das traditionelle <strong>Rauchen<\/strong> gefunden zu haben. Aber im steuerlichen <strong>Kontext<\/strong> 2025\/2026 wird diese Dynamik geschw\u00e4cht. <\/p>\n\n<div style=\"height:34px\" aria-hidden=\"true\" class=\"wp-block-spacer\"><\/div>\n\n<h4 class=\"wp-block-heading\">Eine Steuer f\u00fcr den Haushalt 2026 angek\u00fcndigt<\/h4>\n\n<p>Die franz\u00f6sische <strong>Regierung<\/strong> plant ein <strong>Gesetz<\/strong> zur Einf\u00fchrung einer spezifischen <strong>Steuer<\/strong> auf <strong>Dampfprodukte<\/strong> &#8211; insbesondere auf Flaschen mit<strong>E-Liquids<\/strong>. Mehreren Quellen zufolge soll der Betrag je nach <strong>Nikotingehalt<\/strong> zwischen 0,03 \u20ac und 0,05 \u20ac pro Milliliter betragen. <br\/>Diese Ma\u00dfnahme kommt zu dem zunehmenden Druck auf den Dampfersektor hinzu, der seit <strong>Jahren<\/strong> dem Druck auf den <strong>Tabaksektor<\/strong> entspricht. <strong>Dampfer<\/strong> kritisieren, dass es ein &#8222;schlechtes Zeichen&#8220; sei, eine Geb\u00fchr zu erheben, w\u00e4hrend das Dampfen Millionen von <strong>Rauchern<\/strong> geholfen hat, das <strong>Rauchen<\/strong> zu reduzieren oder ganz aufzugeben.    <\/p>\n\n<div style=\"height:34px\" aria-hidden=\"true\" class=\"wp-block-spacer\"><\/div>\n\n<h4 class=\"wp-block-heading\">Warum haben sie sich f\u00fcr das Dampfen entschieden?<\/h4>\n\n<p>Auf dem Papier ist das Argument einfach: Die <strong>elektronische Zigarette<\/strong> bietet eine Alternative zum brennbaren <strong>Tabak<\/strong>, der oft teurer und sch\u00e4dlicher ist. <strong>Raucher<\/strong>, die sich f\u00fcr das Dampfen entscheiden, hoffen, ihr <strong>Budget<\/strong> zu reduzieren und gleichzeitig ihre <strong>Gesundheit<\/strong> zu verbessern und die Nebenwirkungen des <strong>Rauchens<\/strong> zu begrenzen.<br\/>Julien fasst zusammen: &#8222;Ich habe Hilfe bekommen, um mit dem Rauchen aufzuh\u00f6ren. Das Dampfen hat mir diese <g id=\"gid_6\">Antwort<\/g> gegeben.&#8220;<br\/>Der Wechsel von der klassischen Zigarette zur elektronischen Zigarette wurde auch durch Studien gef\u00f6rdert, die belegen, dass das Dampfen die Risiken des <strong>Rauchens<\/strong> verringern kann, auch wenn es nicht v\u00f6llig harmlos ist.   <\/p>\n\n<div style=\"height:23px\" aria-hidden=\"true\" class=\"wp-block-spacer\"><\/div>\n\n<figure class=\"wp-block-table\"><table class=\"has-fixed-layout\"><tbody><tr><td>Lesen Sie auch :  <a href=\"https:\/\/www.mylasertabac.comc\"><mark style=\"background-color:rgba(0, 0, 0, 0)\" class=\"has-inline-color has-luminous-vivid-orange-color\">Wenn Sie mit dem Rauchen aufh\u00f6ren m\u00f6chten, haben wir die L\u00f6sung f\u00fcr Sie. Klicken Sie hier <\/mark><\/a><\/td><\/tr><\/tbody><\/table><\/figure>\n\n<div style=\"height:34px\" aria-hidden=\"true\" class=\"wp-block-spacer\"><\/div>\n\n<h4 class=\"wp-block-heading\">Der Markt wird von der Besteuerung ersch\u00fcttert<\/h4>\n\n<p>Der <strong>Markt<\/strong> f\u00fcr das Dampfen hat seine <strong>Jahre<\/strong> des starken Wachstums hinter sich. <strong>Produkte<\/strong> (Kits, <strong>Liquids<\/strong>, <strong>Puffs<\/strong>) eroberten die Regale, Gesch\u00e4fte und Internetseiten. <g id=\"gid_5\">Junge Leute<\/g> wurden angeblich von Einwegformaten<g id=\"gid_6\">(Puffs<\/g>) oder verschiedenen Aromen verf\u00fchrt, was den Staat dazu veranlasste, einzugreifen. <g id=\"gid_7\">Generation NT+1<\/g><br\/>Aber w\u00e4hrend das Dampfen als Alternative zum <g id=\"gid_8\">Tabak<\/g> angesehen wurde, stie\u00df diese <g id=\"gid_9\">neue<\/g> Steuer schnell auf Ablehnung. Die <strong>Dampfer<\/strong> bef\u00fcrchten einen Rebound-Effekt: dass ihr Budget steigt, dass das Dampfen weniger erschwinglich wird und dass einige die E-Zigarette aufgeben&#8230; und wieder zum <strong>Tabak<\/strong> zur\u00fcckkehren.   <\/p>\n\n<div style=\"height:34px\" aria-hidden=\"true\" class=\"wp-block-spacer\"><\/div>\n\n<h4 class=\"wp-block-heading\">Die Herausforderungen f\u00fcr Dampfer<\/h4>\n\n<p>Der <strong>Preis<\/strong> steht im Mittelpunkt: Eine Flasche mit 10 ml<strong>Liquid<\/strong> kostet zwischen 4 \u20ac und 7 \u20ac, aber mit der Steuer k\u00f6nnten diese Mehrkosten 0,30 \u20ac bis 0,50 \u20ac betragen &#8211; was das Jahresbudget eines <strong>Dampfers<\/strong>, der 60 ml pro Monat konsumiert, belastet. <a href=\"https:\/\/www.ladepeche.fr\/2025\/10\/15\/budget-2026-le-liquide-de-la-cigarette-electronique-bientot-taxe-a-quel-prix-devrait-il-etre-vendu-12993845.php?utm_source=chatgpt.com\" target=\"_blank\" rel=\"noreferrer noopener\">ladepeche.fr+1<\/a><br\/>Neben der wirtschaftlichen Dimension gibt es auch die <strong>gesundheitliche<\/strong> Dimension. <g id=\"gid_5\">Dampfen<\/g> ist als Alternative zum <g id=\"gid_6\">Tabak f\u00fcr<\/g>erwachsene <g id=\"gid_7\">Raucher<\/g> anerkannt. Die Besteuerung von <strong>Liquids<\/strong> w\u00fcrde nach Ansicht einiger Fachleute diese Dynamik der Risikoreduzierung bestrafen. <a href=\"https:\/\/www.oliquide.com\/blog\/nouvelle-taxe-sur-le-vapotage-2025-une-menace-pour-les-vapoteurs-et-ex-fumeurs\/?utm_source=chatgpt.com\" target=\"_blank\" rel=\"noreferrer noopener\">oliquide.com+1<\/a><br\/>Schlie\u00dflich werden auch die<strong>Umwelt<\/strong> und die R\u00fcckverfolgbarkeit von <strong>elektronischen Produkten<\/strong> diskutiert: Einwegformate, das Aufkommen von Puffs, parallele <strong>Verkaufsnetze<\/strong> \u00f6ffnen die T\u00fcr f\u00fcr unkontrollierte Praktiken.  <\/p>\n\n<div style=\"height:34px\" aria-hidden=\"true\" class=\"wp-block-spacer\"><\/div>\n\n<h4 class=\"wp-block-heading\">Welche <strong>Antwort<\/strong> gaben die Akteure?<\/h4>\n\n<p>Verb\u00e4nde und Akteure des Dampfen schlagen Alarm: Das Dampfen zu bestrafen bedeutet, den R\u00fcckgriff auf <strong>Tabak<\/strong> zu f\u00f6rdern, was der Logik der \u00f6ffentlichen Gesundheit widerspricht. <a href=\"https:\/\/www.evaps.fr\/actualites.taxe-sur-la-vape.html?utm_source=chatgpt.com\" target=\"_blank\" rel=\"noreferrer noopener\">eVaps<\/a><br\/>Die Debatte befindet sich also an einem Scheideweg: auf der einen Seite die Logik des<strong>Staatshaushalts<\/strong>, auf der anderen Seite die Logik der <strong>Gesundheit<\/strong> und des <strong>Lebens<\/strong> von Millionen von <strong>Rauchern<\/strong> und Dampfern. <\/p>\n\n<div style=\"height:34px\" aria-hidden=\"true\" class=\"wp-block-spacer\"><\/div>\n\n<h4 class=\"wp-block-heading\">Fazit: Raus aus dem Tabak und rein in die Zukunft<\/h4>\n\n<p>F\u00fcr viele war die <strong>elektronische Zigarette<\/strong> nicht nur eine kosteng\u00fcnstige Alternative, sondern auch ein Werkzeug auf dem Weg zur Freiheit von herk\u00f6mmlichen <strong>Zigaretten<\/strong>. Jetzt, wo sich die Rahmenbedingungen \u00e4ndern und die <g id=\"gid_2\">Steuer<\/g> droht, kann es hilfreich sein, sich daran zu erinnern, dass es auch erg\u00e4nzende Methoden gibt, um mit dem <g id=\"gid_3\">Rauchen<\/g> aufzuh\u00f6ren.<br\/>Die <g id=\"gid_4\"><g id=\"gid_5\">Ohrreflexzonenmassage<\/g><\/g>, angeboten von der Firma <g id=\"gid_6\"><g id=\"gid_7\">MyLaserTabac  angeboten wird.<\/g><\/g>Eine dieser Methoden ist die Ohrreflexzonenmassage, die durch die Stimulation bestimmter <g id=\"gid_8\">Punkte<\/g> im Ohr hilft, <g id=\"gid_9\">Nikotin<\/g>, Abh\u00e4ngigkeit und <g id=\"gid_10\">Rauchen<\/g> zu \u00fcberwinden und dabei sowohl <g id=\"gid_11\">gesundheitliche<\/g> als auch wirtschaftliche Vorteile (Reduzierung des <g id=\"gid_12\">Tabakbudgets<\/g> ) zu erzielen. Der Verzicht auf <strong>Zigaretten<\/strong> ist eine Investition in das eigene <strong>Leben<\/strong> und nicht nur ein finanzieller Gewinn.  <\/p>\n\n<div style=\"height:34px\" aria-hidden=\"true\" class=\"wp-block-spacer\"><\/div>\n\n<figure class=\"wp-block-image size-large\"><img decoding=\"async\" src=\"https:\/\/www.mylasertabac.com\/wp-content\/uploads\/\/mlt-verteau.svg\" alt=\"\" class=\"wp-image-13\"\/><\/figure>\n","protected":false},"excerpt":{"rendered":"<p>In den letzten Jahren haben sich viele Erwachsene in Frankreich f\u00fcr das Dampfen entschieden, um dem Tabakkonsum zu entkommen, da sie davon \u00fcberzeugt sind, dass die elektronische Zigarette eine kosteng\u00fcnstigere und ges\u00fcndere Alternative darstellt. Die Einf\u00fchrung einer neuen Steuerauf Dampffl\u00fcssigkeiten k\u00f6nnte diese wirtschaftliche Rechnung jedoch durcheinander bringen. Die Dampfer f\u00fchlen sich zwischen Budget, Gesundheit und [&hellip;]<\/p>\n","protected":false},"author":2,"featured_media":18249,"comment_status":"closed","ping_status":"open","sticky":false,"template":"","format":"standard","meta":{"inline_featured_image":false,"footnotes":""},"categories":[154],"tags":[],"class_list":["post-18618","post","type-post","status-publish","format-standard","has-post-thumbnail","hentry","category-gesundheit"],"yoast_head":"<!-- This site is optimized with the Yoast SEO plugin v27.4 - https:\/\/yoast.com\/product\/yoast-seo-wordpress\/ -->\n<title>&quot;Wir haben mit dem Dampfen angefangen, weil es billiger war... Jetzt sind die Dampfer ver\u00e4rgert \u00fcber die neue Steuer auf E-Liquids&quot;. - My Laser Tabac<\/title>\n<meta name=\"description\" content=\"Franz\u00f6sische Dampfer sind w\u00fctend \u00fcber die neue Steuer auf E-Liquids: Finden Sie heraus, warum Dampfen nicht mehr &quot;billiger&quot; ist.\" \/>\n<meta name=\"robots\" content=\"index, follow, max-snippet:-1, max-image-preview:large, max-video-preview:-1\" \/>\n<link rel=\"canonical\" href=\"https:\/\/www.mylasertabac.com\/de\/wir-haben-mit-dem-dampfen-angefangen-weil-es-billiger-war-jetzt-sind-die-dampfer-veraergert-ueber-die-neue-steuer-auf-e-liquids\/\" \/>\n<meta property=\"og:locale\" content=\"de_DE\" \/>\n<meta property=\"og:type\" content=\"article\" \/>\n<meta property=\"og:title\" content=\"&quot;Wir haben mit dem Dampfen angefangen, weil es billiger war... Jetzt sind die Dampfer ver\u00e4rgert \u00fcber die neue Steuer auf E-Liquids&quot;. - My Laser Tabac\" \/>\n<meta property=\"og:description\" content=\"Franz\u00f6sische Dampfer sind w\u00fctend \u00fcber die neue Steuer auf E-Liquids: Finden Sie heraus, warum Dampfen nicht mehr &quot;billiger&quot; ist.\" \/>\n<meta property=\"og:url\" content=\"https:\/\/www.mylasertabac.com\/de\/wir-haben-mit-dem-dampfen-angefangen-weil-es-billiger-war-jetzt-sind-die-dampfer-veraergert-ueber-die-neue-steuer-auf-e-liquids\/\" \/>\n<meta property=\"og:site_name\" content=\"My Laser Tabac\" \/>\n<meta property=\"article:author\" content=\"https:\/\/www.facebook.com\/profile.php?id=61571554707319\" \/>\n<meta property=\"article:published_time\" content=\"2025-10-21T10:34:04+00:00\" \/>\n<meta property=\"article:modified_time\" content=\"2025-10-21T21:30:32+00:00\" \/>\n<meta property=\"og:image\" content=\"https:\/\/www.mylasertabac.com\/wp-content\/uploads\/2025\/10\/Taxe-2026-liquide-de-cigarette-electronique.jpg\" \/>\n\t<meta property=\"og:image:width\" content=\"864\" \/>\n\t<meta property=\"og:image:height\" content=\"486\" \/>\n\t<meta property=\"og:image:type\" content=\"image\/jpeg\" \/>\n<meta name=\"author\" content=\"Florian Fortes\" \/>\n<meta name=\"twitter:card\" content=\"summary_large_image\" \/>\n<meta name=\"twitter:label1\" content=\"Verfasst von\" \/>\n\t<meta name=\"twitter:data1\" content=\"Florian Fortes\" \/>\n\t<meta name=\"twitter:label2\" content=\"Gesch\u00e4tzte Lesezeit\" \/>\n\t<meta name=\"twitter:data2\" content=\"4\u00a0Minuten\" \/>\n<script type=\"application\/ld+json\" class=\"yoast-schema-graph\">{\"@context\":\"https:\\\/\\\/schema.org\",\"@graph\":[{\"@type\":\"Article\",\"@id\":\"https:\\\/\\\/www.mylasertabac.com\\\/de\\\/wir-haben-mit-dem-dampfen-angefangen-weil-es-billiger-war-jetzt-sind-die-dampfer-veraergert-ueber-die-neue-steuer-auf-e-liquids\\\/#article\",\"isPartOf\":{\"@id\":\"https:\\\/\\\/www.mylasertabac.com\\\/de\\\/wir-haben-mit-dem-dampfen-angefangen-weil-es-billiger-war-jetzt-sind-die-dampfer-veraergert-ueber-die-neue-steuer-auf-e-liquids\\\/\"},\"author\":{\"name\":\"Florian Fortes\",\"@id\":\"https:\\\/\\\/www.mylasertabac.com\\\/de\\\/#\\\/schema\\\/person\\\/02c249cb76d912efb6c315ec23eccdf3\"},\"headline\":\"&#8222;Wir haben mit dem Dampfen angefangen, weil es billiger war&#8230; Jetzt sind die Dampfer ver\u00e4rgert \u00fcber die neue Steuer auf E-Liquids&#8220;.\",\"datePublished\":\"2025-10-21T10:34:04+00:00\",\"dateModified\":\"2025-10-21T21:30:32+00:00\",\"mainEntityOfPage\":{\"@id\":\"https:\\\/\\\/www.mylasertabac.com\\\/de\\\/wir-haben-mit-dem-dampfen-angefangen-weil-es-billiger-war-jetzt-sind-die-dampfer-veraergert-ueber-die-neue-steuer-auf-e-liquids\\\/\"},\"wordCount\":803,\"publisher\":{\"@id\":\"https:\\\/\\\/www.mylasertabac.com\\\/de\\\/#organization\"},\"image\":{\"@id\":\"https:\\\/\\\/www.mylasertabac.com\\\/de\\\/wir-haben-mit-dem-dampfen-angefangen-weil-es-billiger-war-jetzt-sind-die-dampfer-veraergert-ueber-die-neue-steuer-auf-e-liquids\\\/#primaryimage\"},\"thumbnailUrl\":\"https:\\\/\\\/www.mylasertabac.com\\\/wp-content\\\/uploads\\\/2025\\\/10\\\/Taxe-2026-liquide-de-cigarette-electronique.jpg\",\"articleSection\":[\"Gesundheit\"],\"inLanguage\":\"de\"},{\"@type\":\"WebPage\",\"@id\":\"https:\\\/\\\/www.mylasertabac.com\\\/de\\\/wir-haben-mit-dem-dampfen-angefangen-weil-es-billiger-war-jetzt-sind-die-dampfer-veraergert-ueber-die-neue-steuer-auf-e-liquids\\\/\",\"url\":\"https:\\\/\\\/www.mylasertabac.com\\\/de\\\/wir-haben-mit-dem-dampfen-angefangen-weil-es-billiger-war-jetzt-sind-die-dampfer-veraergert-ueber-die-neue-steuer-auf-e-liquids\\\/\",\"name\":\"\\\"Wir haben mit dem Dampfen angefangen, weil es billiger war... Jetzt sind die Dampfer ver\u00e4rgert \u00fcber die neue Steuer auf E-Liquids\\\". - My Laser Tabac\",\"isPartOf\":{\"@id\":\"https:\\\/\\\/www.mylasertabac.com\\\/de\\\/#website\"},\"primaryImageOfPage\":{\"@id\":\"https:\\\/\\\/www.mylasertabac.com\\\/de\\\/wir-haben-mit-dem-dampfen-angefangen-weil-es-billiger-war-jetzt-sind-die-dampfer-veraergert-ueber-die-neue-steuer-auf-e-liquids\\\/#primaryimage\"},\"image\":{\"@id\":\"https:\\\/\\\/www.mylasertabac.com\\\/de\\\/wir-haben-mit-dem-dampfen-angefangen-weil-es-billiger-war-jetzt-sind-die-dampfer-veraergert-ueber-die-neue-steuer-auf-e-liquids\\\/#primaryimage\"},\"thumbnailUrl\":\"https:\\\/\\\/www.mylasertabac.com\\\/wp-content\\\/uploads\\\/2025\\\/10\\\/Taxe-2026-liquide-de-cigarette-electronique.jpg\",\"datePublished\":\"2025-10-21T10:34:04+00:00\",\"dateModified\":\"2025-10-21T21:30:32+00:00\",\"description\":\"Franz\u00f6sische Dampfer sind w\u00fctend \u00fcber die neue Steuer auf E-Liquids: Finden Sie heraus, warum Dampfen nicht mehr \\\"billiger\\\" ist.\",\"breadcrumb\":{\"@id\":\"https:\\\/\\\/www.mylasertabac.com\\\/de\\\/wir-haben-mit-dem-dampfen-angefangen-weil-es-billiger-war-jetzt-sind-die-dampfer-veraergert-ueber-die-neue-steuer-auf-e-liquids\\\/#breadcrumb\"},\"inLanguage\":\"de\",\"potentialAction\":[{\"@type\":\"ReadAction\",\"target\":[\"https:\\\/\\\/www.mylasertabac.com\\\/de\\\/wir-haben-mit-dem-dampfen-angefangen-weil-es-billiger-war-jetzt-sind-die-dampfer-veraergert-ueber-die-neue-steuer-auf-e-liquids\\\/\"]}]},{\"@type\":\"ImageObject\",\"inLanguage\":\"de\",\"@id\":\"https:\\\/\\\/www.mylasertabac.com\\\/de\\\/wir-haben-mit-dem-dampfen-angefangen-weil-es-billiger-war-jetzt-sind-die-dampfer-veraergert-ueber-die-neue-steuer-auf-e-liquids\\\/#primaryimage\",\"url\":\"https:\\\/\\\/www.mylasertabac.com\\\/wp-content\\\/uploads\\\/2025\\\/10\\\/Taxe-2026-liquide-de-cigarette-electronique.jpg\",\"contentUrl\":\"https:\\\/\\\/www.mylasertabac.com\\\/wp-content\\\/uploads\\\/2025\\\/10\\\/Taxe-2026-liquide-de-cigarette-electronique.jpg\",\"width\":864,\"height\":486},{\"@type\":\"BreadcrumbList\",\"@id\":\"https:\\\/\\\/www.mylasertabac.com\\\/de\\\/wir-haben-mit-dem-dampfen-angefangen-weil-es-billiger-war-jetzt-sind-die-dampfer-veraergert-ueber-die-neue-steuer-auf-e-liquids\\\/#breadcrumb\",\"itemListElement\":[{\"@type\":\"ListItem\",\"position\":1,\"name\":\"Accueil\",\"item\":\"https:\\\/\\\/www.mylasertabac.com\\\/de\\\/startseite\\\/\"},{\"@type\":\"ListItem\",\"position\":2,\"name\":\"\u00abWir haben mit dem Dampfen angefangen, weil es billiger war&#8230; Jetzt sind die Dampfer ver\u00e4rgert \u00fcber die neue Steuer auf E-Liquids\u00bb.\"}]},{\"@type\":\"WebSite\",\"@id\":\"https:\\\/\\\/www.mylasertabac.com\\\/de\\\/#website\",\"url\":\"https:\\\/\\\/www.mylasertabac.com\\\/de\\\/\",\"name\":\"My Laser Tabac\",\"description\":\"La solution laser qui transforme les fumeurs en ex-fumeurs\",\"publisher\":{\"@id\":\"https:\\\/\\\/www.mylasertabac.com\\\/de\\\/#organization\"},\"potentialAction\":[{\"@type\":\"SearchAction\",\"target\":{\"@type\":\"EntryPoint\",\"urlTemplate\":\"https:\\\/\\\/www.mylasertabac.com\\\/de\\\/?s={search_term_string}\"},\"query-input\":{\"@type\":\"PropertyValueSpecification\",\"valueRequired\":true,\"valueName\":\"search_term_string\"}}],\"inLanguage\":\"de\"},{\"@type\":\"Organization\",\"@id\":\"https:\\\/\\\/www.mylasertabac.com\\\/de\\\/#organization\",\"name\":\"My Laser Tabac\",\"url\":\"https:\\\/\\\/www.mylasertabac.com\\\/de\\\/\",\"logo\":{\"@type\":\"ImageObject\",\"inLanguage\":\"de\",\"@id\":\"https:\\\/\\\/www.mylasertabac.com\\\/de\\\/#\\\/schema\\\/logo\\\/image\\\/\",\"url\":\"https:\\\/\\\/www.mylasertabac.com\\\/wp-content\\\/uploads\\\/2024\\\/12\\\/mlt-verteau.svg\",\"contentUrl\":\"https:\\\/\\\/www.mylasertabac.com\\\/wp-content\\\/uploads\\\/2024\\\/12\\\/mlt-verteau.svg\",\"caption\":\"My Laser Tabac\"},\"image\":{\"@id\":\"https:\\\/\\\/www.mylasertabac.com\\\/de\\\/#\\\/schema\\\/logo\\\/image\\\/\"}},{\"@type\":\"Person\",\"@id\":\"https:\\\/\\\/www.mylasertabac.com\\\/de\\\/#\\\/schema\\\/person\\\/02c249cb76d912efb6c315ec23eccdf3\",\"name\":\"Florian Fortes\",\"image\":{\"@type\":\"ImageObject\",\"inLanguage\":\"de\",\"@id\":\"https:\\\/\\\/www.mylasertabac.com\\\/wp-content\\\/litespeed\\\/avatar\\\/142101a71d7b9e6490c1120d9c109a67.jpg?ver=1776856306\",\"url\":\"https:\\\/\\\/www.mylasertabac.com\\\/wp-content\\\/litespeed\\\/avatar\\\/142101a71d7b9e6490c1120d9c109a67.jpg?ver=1776856306\",\"contentUrl\":\"https:\\\/\\\/www.mylasertabac.com\\\/wp-content\\\/litespeed\\\/avatar\\\/142101a71d7b9e6490c1120d9c109a67.jpg?ver=1776856306\",\"caption\":\"Florian Fortes\"},\"sameAs\":[\"https:\\\/\\\/www.mylasertabac.com\",\"https:\\\/\\\/www.facebook.com\\\/profile.php?id=61571554707319\"],\"url\":\"https:\\\/\\\/www.mylasertabac.com\\\/de\\\/author\\\/florianfortes5312\\\/\"}]}<\/script>\n<!-- \/ Yoast SEO plugin. -->","yoast_head_json":{"title":"\"Wir haben mit dem Dampfen angefangen, weil es billiger war... Jetzt sind die Dampfer ver\u00e4rgert \u00fcber die neue Steuer auf E-Liquids\". - My Laser Tabac","description":"Franz\u00f6sische Dampfer sind w\u00fctend \u00fcber die neue Steuer auf E-Liquids: Finden Sie heraus, warum Dampfen nicht mehr \"billiger\" ist.","robots":{"index":"index","follow":"follow","max-snippet":"max-snippet:-1","max-image-preview":"max-image-preview:large","max-video-preview":"max-video-preview:-1"},"canonical":"https:\/\/www.mylasertabac.com\/de\/wir-haben-mit-dem-dampfen-angefangen-weil-es-billiger-war-jetzt-sind-die-dampfer-veraergert-ueber-die-neue-steuer-auf-e-liquids\/","og_locale":"de_DE","og_type":"article","og_title":"\"Wir haben mit dem Dampfen angefangen, weil es billiger war... Jetzt sind die Dampfer ver\u00e4rgert \u00fcber die neue Steuer auf E-Liquids\". - My Laser Tabac","og_description":"Franz\u00f6sische Dampfer sind w\u00fctend \u00fcber die neue Steuer auf E-Liquids: Finden Sie heraus, warum Dampfen nicht mehr \"billiger\" ist.","og_url":"https:\/\/www.mylasertabac.com\/de\/wir-haben-mit-dem-dampfen-angefangen-weil-es-billiger-war-jetzt-sind-die-dampfer-veraergert-ueber-die-neue-steuer-auf-e-liquids\/","og_site_name":"My Laser Tabac","article_author":"https:\/\/www.facebook.com\/profile.php?id=61571554707319","article_published_time":"2025-10-21T10:34:04+00:00","article_modified_time":"2025-10-21T21:30:32+00:00","og_image":[{"width":864,"height":486,"url":"https:\/\/www.mylasertabac.com\/wp-content\/uploads\/2025\/10\/Taxe-2026-liquide-de-cigarette-electronique.jpg","type":"image\/jpeg"}],"author":"Florian Fortes","twitter_card":"summary_large_image","twitter_misc":{"Verfasst von":"Florian Fortes","Gesch\u00e4tzte Lesezeit":"4\u00a0Minuten"},"schema":{"@context":"https:\/\/schema.org","@graph":[{"@type":"Article","@id":"https:\/\/www.mylasertabac.com\/de\/wir-haben-mit-dem-dampfen-angefangen-weil-es-billiger-war-jetzt-sind-die-dampfer-veraergert-ueber-die-neue-steuer-auf-e-liquids\/#article","isPartOf":{"@id":"https:\/\/www.mylasertabac.com\/de\/wir-haben-mit-dem-dampfen-angefangen-weil-es-billiger-war-jetzt-sind-die-dampfer-veraergert-ueber-die-neue-steuer-auf-e-liquids\/"},"author":{"name":"Florian Fortes","@id":"https:\/\/www.mylasertabac.com\/de\/#\/schema\/person\/02c249cb76d912efb6c315ec23eccdf3"},"headline":"&#8222;Wir haben mit dem Dampfen angefangen, weil es billiger war&#8230; Jetzt sind die Dampfer ver\u00e4rgert \u00fcber die neue Steuer auf E-Liquids&#8220;.","datePublished":"2025-10-21T10:34:04+00:00","dateModified":"2025-10-21T21:30:32+00:00","mainEntityOfPage":{"@id":"https:\/\/www.mylasertabac.com\/de\/wir-haben-mit-dem-dampfen-angefangen-weil-es-billiger-war-jetzt-sind-die-dampfer-veraergert-ueber-die-neue-steuer-auf-e-liquids\/"},"wordCount":803,"publisher":{"@id":"https:\/\/www.mylasertabac.com\/de\/#organization"},"image":{"@id":"https:\/\/www.mylasertabac.com\/de\/wir-haben-mit-dem-dampfen-angefangen-weil-es-billiger-war-jetzt-sind-die-dampfer-veraergert-ueber-die-neue-steuer-auf-e-liquids\/#primaryimage"},"thumbnailUrl":"https:\/\/www.mylasertabac.com\/wp-content\/uploads\/2025\/10\/Taxe-2026-liquide-de-cigarette-electronique.jpg","articleSection":["Gesundheit"],"inLanguage":"de"},{"@type":"WebPage","@id":"https:\/\/www.mylasertabac.com\/de\/wir-haben-mit-dem-dampfen-angefangen-weil-es-billiger-war-jetzt-sind-die-dampfer-veraergert-ueber-die-neue-steuer-auf-e-liquids\/","url":"https:\/\/www.mylasertabac.com\/de\/wir-haben-mit-dem-dampfen-angefangen-weil-es-billiger-war-jetzt-sind-die-dampfer-veraergert-ueber-die-neue-steuer-auf-e-liquids\/","name":"\"Wir haben mit dem Dampfen angefangen, weil es billiger war... Jetzt sind die Dampfer ver\u00e4rgert \u00fcber die neue Steuer auf E-Liquids\". - My Laser Tabac","isPartOf":{"@id":"https:\/\/www.mylasertabac.com\/de\/#website"},"primaryImageOfPage":{"@id":"https:\/\/www.mylasertabac.com\/de\/wir-haben-mit-dem-dampfen-angefangen-weil-es-billiger-war-jetzt-sind-die-dampfer-veraergert-ueber-die-neue-steuer-auf-e-liquids\/#primaryimage"},"image":{"@id":"https:\/\/www.mylasertabac.com\/de\/wir-haben-mit-dem-dampfen-angefangen-weil-es-billiger-war-jetzt-sind-die-dampfer-veraergert-ueber-die-neue-steuer-auf-e-liquids\/#primaryimage"},"thumbnailUrl":"https:\/\/www.mylasertabac.com\/wp-content\/uploads\/2025\/10\/Taxe-2026-liquide-de-cigarette-electronique.jpg","datePublished":"2025-10-21T10:34:04+00:00","dateModified":"2025-10-21T21:30:32+00:00","description":"Franz\u00f6sische Dampfer sind w\u00fctend \u00fcber die neue Steuer auf E-Liquids: Finden Sie heraus, warum Dampfen nicht mehr \"billiger\" ist.","breadcrumb":{"@id":"https:\/\/www.mylasertabac.com\/de\/wir-haben-mit-dem-dampfen-angefangen-weil-es-billiger-war-jetzt-sind-die-dampfer-veraergert-ueber-die-neue-steuer-auf-e-liquids\/#breadcrumb"},"inLanguage":"de","potentialAction":[{"@type":"ReadAction","target":["https:\/\/www.mylasertabac.com\/de\/wir-haben-mit-dem-dampfen-angefangen-weil-es-billiger-war-jetzt-sind-die-dampfer-veraergert-ueber-die-neue-steuer-auf-e-liquids\/"]}]},{"@type":"ImageObject","inLanguage":"de","@id":"https:\/\/www.mylasertabac.com\/de\/wir-haben-mit-dem-dampfen-angefangen-weil-es-billiger-war-jetzt-sind-die-dampfer-veraergert-ueber-die-neue-steuer-auf-e-liquids\/#primaryimage","url":"https:\/\/www.mylasertabac.com\/wp-content\/uploads\/2025\/10\/Taxe-2026-liquide-de-cigarette-electronique.jpg","contentUrl":"https:\/\/www.mylasertabac.com\/wp-content\/uploads\/2025\/10\/Taxe-2026-liquide-de-cigarette-electronique.jpg","width":864,"height":486},{"@type":"BreadcrumbList","@id":"https:\/\/www.mylasertabac.com\/de\/wir-haben-mit-dem-dampfen-angefangen-weil-es-billiger-war-jetzt-sind-die-dampfer-veraergert-ueber-die-neue-steuer-auf-e-liquids\/#breadcrumb","itemListElement":[{"@type":"ListItem","position":1,"name":"Accueil","item":"https:\/\/www.mylasertabac.com\/de\/startseite\/"},{"@type":"ListItem","position":2,"name":"\u00abWir haben mit dem Dampfen angefangen, weil es billiger war&#8230; Jetzt sind die Dampfer ver\u00e4rgert \u00fcber die neue Steuer auf E-Liquids\u00bb."}]},{"@type":"WebSite","@id":"https:\/\/www.mylasertabac.com\/de\/#website","url":"https:\/\/www.mylasertabac.com\/de\/","name":"My Laser Tabac","description":"La solution laser qui transforme les fumeurs en ex-fumeurs","publisher":{"@id":"https:\/\/www.mylasertabac.com\/de\/#organization"},"potentialAction":[{"@type":"SearchAction","target":{"@type":"EntryPoint","urlTemplate":"https:\/\/www.mylasertabac.com\/de\/?s={search_term_string}"},"query-input":{"@type":"PropertyValueSpecification","valueRequired":true,"valueName":"search_term_string"}}],"inLanguage":"de"},{"@type":"Organization","@id":"https:\/\/www.mylasertabac.com\/de\/#organization","name":"My Laser Tabac","url":"https:\/\/www.mylasertabac.com\/de\/","logo":{"@type":"ImageObject","inLanguage":"de","@id":"https:\/\/www.mylasertabac.com\/de\/#\/schema\/logo\/image\/","url":"https:\/\/www.mylasertabac.com\/wp-content\/uploads\/2024\/12\/mlt-verteau.svg","contentUrl":"https:\/\/www.mylasertabac.com\/wp-content\/uploads\/2024\/12\/mlt-verteau.svg","caption":"My Laser Tabac"},"image":{"@id":"https:\/\/www.mylasertabac.com\/de\/#\/schema\/logo\/image\/"}},{"@type":"Person","@id":"https:\/\/www.mylasertabac.com\/de\/#\/schema\/person\/02c249cb76d912efb6c315ec23eccdf3","name":"Florian Fortes","image":{"@type":"ImageObject","inLanguage":"de","@id":"https:\/\/www.mylasertabac.com\/wp-content\/litespeed\/avatar\/142101a71d7b9e6490c1120d9c109a67.jpg?ver=1776856306","url":"https:\/\/www.mylasertabac.com\/wp-content\/litespeed\/avatar\/142101a71d7b9e6490c1120d9c109a67.jpg?ver=1776856306","contentUrl":"https:\/\/www.mylasertabac.com\/wp-content\/litespeed\/avatar\/142101a71d7b9e6490c1120d9c109a67.jpg?ver=1776856306","caption":"Florian Fortes"},"sameAs":["https:\/\/www.mylasertabac.com","https:\/\/www.facebook.com\/profile.php?id=61571554707319"],"url":"https:\/\/www.mylasertabac.com\/de\/author\/florianfortes5312\/"}]}},"_links":{"self":[{"href":"https:\/\/www.mylasertabac.com\/de\/wp-json\/wp\/v2\/posts\/18618","targetHints":{"allow":["GET"]}}],"collection":[{"href":"https:\/\/www.mylasertabac.com\/de\/wp-json\/wp\/v2\/posts"}],"about":[{"href":"https:\/\/www.mylasertabac.com\/de\/wp-json\/wp\/v2\/types\/post"}],"author":[{"embeddable":true,"href":"https:\/\/www.mylasertabac.com\/de\/wp-json\/wp\/v2\/users\/2"}],"replies":[{"embeddable":true,"href":"https:\/\/www.mylasertabac.com\/de\/wp-json\/wp\/v2\/comments?post=18618"}],"version-history":[{"count":1,"href":"https:\/\/www.mylasertabac.com\/de\/wp-json\/wp\/v2\/posts\/18618\/revisions"}],"predecessor-version":[{"id":18619,"href":"https:\/\/www.mylasertabac.com\/de\/wp-json\/wp\/v2\/posts\/18618\/revisions\/18619"}],"wp:featuredmedia":[{"embeddable":true,"href":"https:\/\/www.mylasertabac.com\/de\/wp-json\/wp\/v2\/media\/18249"}],"wp:attachment":[{"href":"https:\/\/www.mylasertabac.com\/de\/wp-json\/wp\/v2\/media?parent=18618"}],"wp:term":[{"taxonomy":"category","embeddable":true,"href":"https:\/\/www.mylasertabac.com\/de\/wp-json\/wp\/v2\/categories?post=18618"},{"taxonomy":"post_tag","embeddable":true,"href":"https:\/\/www.mylasertabac.com\/de\/wp-json\/wp\/v2\/tags?post=18618"}],"curies":[{"name":"wp","href":"https:\/\/api.w.org\/{rel}","templated":true}]}}