{"id":18805,"date":"2025-10-27T07:47:58","date_gmt":"2025-10-27T06:47:58","guid":{"rendered":"https:\/\/www.mylasertabac.com\/fuehrt-das-aufgeben-des-rauchens-zu-krebs-der-mythos-der-endgueltig-dekonstruiert-werden-muss\/"},"modified":"2025-10-27T07:48:55","modified_gmt":"2025-10-27T06:48:55","slug":"fuehrt-das-aufgeben-des-rauchens-zu-krebs-der-mythos-der-endgueltig-dekonstruiert-werden-muss","status":"publish","type":"post","link":"https:\/\/www.mylasertabac.com\/de\/fuehrt-das-aufgeben-des-rauchens-zu-krebs-der-mythos-der-endgueltig-dekonstruiert-werden-muss\/","title":{"rendered":"F\u00fchrt das Aufgeben des Rauchens zu Krebs? Der Mythos, der endg\u00fcltig dekonstruiert werden muss"},"content":{"rendered":"\n<div style=\"height:25px\" aria-hidden=\"true\" class=\"wp-block-spacer\"><\/div>\n\n<p>Diese Vorstellung beunruhigt immer noch einige <strong>Raucher<\/strong>: <em>&#8222;Was w\u00e4re, wenn der Rauchstopp Krebs ausl\u00f6sen w\u00fcrde?<\/em>&#8222;<br\/>Ein unbegr\u00fcndeter, aber hartn\u00e4ckiger Glaube, der die Angst vieler <strong>Menschen<\/strong> n\u00e4hrt, die sich von ihrer <strong>Tabakabh\u00e4ngigkeit<\/strong> befreien wollen.<br\/>In Wirklichkeit sind die <strong>Vorteile<\/strong> des<strong>Rauchstopps<\/strong> betr\u00e4chtlich, sowohl f\u00fcr die <strong>Lunge<\/strong> als auch f\u00fcr die <strong>allgemeine Gesundheit<\/strong>.<\/p>\n\n<p>Und im Gegensatz zu dem, was die Ger\u00fcchte besagen, <strong>verursacht das Aufgeben des Rauchens keinen Krebs<\/strong> &#8211; es ist sogar der beste Weg, um das <strong>Risiko<\/strong> zu verringern.<\/p>\n\n<div style=\"height:25px\" aria-hidden=\"true\" class=\"wp-block-spacer\"><\/div>\n\n<figure class=\"wp-block-image alignleft size-large is-resized\"><a href=\"https:\/\/www.mylasertabac.com\/de\/unsere-zentren\/\"><img fetchpriority=\"high\" decoding=\"async\" width=\"1024\" height=\"668\" src=\"https:\/\/www.mylasertabac.com\/wp-content\/uploads\/2025\/08\/tu-veux-arreter-de-fumer-Clique-ici--1024x668.jpg\" alt=\"\" class=\"wp-image-13752\" style=\"width:430px;height:auto\" srcset=\"https:\/\/www.mylasertabac.com\/wp-content\/uploads\/2025\/08\/tu-veux-arreter-de-fumer-Clique-ici--1024x668.jpg 1024w, https:\/\/www.mylasertabac.com\/wp-content\/uploads\/2025\/08\/tu-veux-arreter-de-fumer-Clique-ici--300x196.jpg 300w, https:\/\/www.mylasertabac.com\/wp-content\/uploads\/2025\/08\/tu-veux-arreter-de-fumer-Clique-ici--768x501.jpg 768w, https:\/\/www.mylasertabac.com\/wp-content\/uploads\/2025\/08\/tu-veux-arreter-de-fumer-Clique-ici-.jpg 1206w\" sizes=\"(max-width: 1024px) 100vw, 1024px\" \/><\/a><\/figure>\n\n<h2 class=\"wp-block-heading\"><strong>Tabak und Krebs: eine gut belegte Beziehung<\/strong><\/h2>\n\n<p><strong>Tabak<\/strong> ist auch heute noch die Hauptursache f\u00fcr vermeidbaren <strong>Krebs<\/strong> in <strong>Frankreich<\/strong>.<br\/>Jede <strong>Zigarette<\/strong> enth\u00e4lt Tausende von <strong>giftigen Substanzen<\/strong>, von denen viele direkt f\u00fcr Mutationen in den <strong>Lungenzellen<\/strong> <strong>verantwortlich<\/strong> sind.<br\/>Dazu geh\u00f6ren :<\/p>\n\n<ul class=\"wp-block-list\">\n<li><strong>Kohlenmonoxid<\/strong>,<\/li>\n\n\n\n<li>Schwermetalle,<\/li>\n\n\n\n<li>Teer,<\/li>\n\n\n\n<li><strong>Nikotin<\/strong> (das die <strong>Abh\u00e4ngigkeit<\/strong> aufrechterh\u00e4lt),<\/li>\n\n\n\n<li>und <strong>krebserregende Verbindungen<\/strong>, die mit der Verbrennung verbunden sind.<\/li>\n<\/ul>\n\n<p>Diese Elemente sammeln sich in der <strong>Lunge<\/strong> an, st\u00f6ren die Zellregeneration und beeintr\u00e4chtigen die Funktion des <strong>gesamten K\u00f6rpers<\/strong>.<br\/><strong>Raucher<\/strong> setzen nicht nur ihre <strong>Lunge<\/strong>, sondern auch ihr <strong>Herz<\/strong>, ihre <strong>Gef\u00e4\u00dfe<\/strong> und ihr <strong>Immunsystem<\/strong> tiefgreifenden Sch\u00e4den aus.<\/p>\n\n<p>Es muss daran erinnert werden, dass es <strong>das Rauchen<\/strong> ist, das <strong>Krebs<\/strong> verursacht, nicht die <strong>Einstellung<\/strong> des <strong>Rauchens<\/strong>.<\/p>\n\n<div style=\"height:25px\" aria-hidden=\"true\" class=\"wp-block-spacer\"><\/div>\n\n<h2 class=\"wp-block-heading\"><strong>Warum glauben manche Menschen, dass das Aufgeben des Rauchens krank macht?<\/strong><\/h2>\n\n<p>Wenn ein <strong>Raucher<\/strong> beschlie\u00dft, mit dem <strong>Rauchen<\/strong> <strong>aufzuh\u00f6ren<\/strong>, beginnt sein <strong>K\u00f6rper<\/strong> einen <strong>nat\u00fcrlichen Reinigungsprozess<\/strong>.<br\/>Diese <strong>Entw\u00f6hnungsphase<\/strong> ist manchmal unangenehm: Husten, M\u00fcdigkeit, Nervosit\u00e4t, leichte Schmerzen in der Brust.<br\/>Diese vor\u00fcbergehenden <strong>Effekte<\/strong> sind kein Zeichen einer <strong>Krankheit<\/strong>, sondern einer <strong>Regeneration<\/strong>.<\/p>\n\n<p>Der <strong>Nikotinentzug<\/strong> erm\u00f6glicht es der <strong>Lunge<\/strong>, die angesammelten R\u00fcckst\u00e4nde <strong>giftiger Substanzen<\/strong> auszuscheiden.<br\/>Die durch den Rauch eingeschlafenen <strong>Bronchialh\u00e4rchen<\/strong> beginnen wieder zu arbeiten, was zu einem st\u00e4rkeren Husten f\u00fchren kann.<br\/>Dieser Reflex ist in Wirklichkeit ein Zeichen der Heilung.<\/p>\n\n<p>Wenn also manche <strong>Menschen<\/strong> <strong>Krebs<\/strong> entdecken, nachdem sie mit dem <strong>Rauchen<\/strong> aufgeh\u00f6rt haben, ist dies nicht die Folge des<strong>Rauchstopps<\/strong>, sondern die <strong>Enth\u00fcllung<\/strong> <strong>einer bereits vorhandenen Krankheit<\/strong>.<br\/><strong>Rauchen<\/strong> verbirgt die Symptome, die <strong>Entw\u00f6hnung<\/strong> bringt sie ans Licht.<\/p>\n\n<div style=\"height:25px\" aria-hidden=\"true\" class=\"wp-block-spacer\"><\/div>\n\n<figure class=\"wp-block-table\"><table class=\"has-fixed-layout\"><tbody><tr><td>Lesen Sie auch: <a href=\"https:\/\/www.mylasertabac.com\/de\/infos\/lasertraining-fuer-raucher-und-suechtige\/\"><mark style=\"background-color:rgba(0, 0, 0, 0)\" class=\"has-inline-color has-luminous-vivid-orange-color\">Mylasertabac bietet eine Ausbildung zum Experten auf dem Gebiet des Anti-Tabak-Lasers.<\/mark><\/a><\/td><\/tr><\/tbody><\/table><\/figure>\n\n<div style=\"height:25px\" aria-hidden=\"true\" class=\"wp-block-spacer\"><\/div>\n\n<h2 class=\"wp-block-heading\"><strong>Die messbaren gesundheitlichen Vorteile des Rauchstopps<\/strong><\/h2>\n\n<p>Die Daten sind eindeutig: Bereits am <strong>ersten Tag der Raucherentw\u00f6hnung<\/strong> sind die <strong>Vorteile<\/strong> sp\u00fcrbar.<\/p>\n\n<ul class=\"wp-block-list\">\n<li>Nach 24 Stunden ist das <strong>Kohlenmonoxid<\/strong> aus dem Blut verschwunden.<\/li>\n\n\n\n<li>Nach 48 Stunden ist das <strong>Nikotin<\/strong> aus dem K\u00f6rper ausgeschieden.<\/li>\n\n\n\n<li>Nach 2 bis 3 Wochen wird die Atmung fl\u00fcssiger und die <strong>Lunge<\/strong> regeneriert sich.<\/li>\n\n\n\n<li>Nach einem Jahr sinkt das <strong>Risiko<\/strong> eines<strong>Herzinfarkts<\/strong> um die H\u00e4lfte.<\/li>\n\n\n\n<li>Nach 10 Jahren ist das <strong>Risiko f\u00fcr Lungenkrebs<\/strong> halbiert.<\/li>\n<\/ul>\n\n<p>Jeder Tag ohne <strong>Zigarette<\/strong> ist eine <strong>nat\u00fcrliche Behandlung<\/strong>, die der <strong>K\u00f6rper<\/strong> sich selbst g\u00f6nnt, um seine Vitalit\u00e4t wiederzuerlangen.<br\/><strong>Tabakkonsum<\/strong> schw\u00e4cht das Atmungssystem, w\u00e4hrend der <strong>Verzicht<\/strong> darauf es st\u00e4rkt.<\/p>\n\n<div style=\"height:25px\" aria-hidden=\"true\" class=\"wp-block-spacer\"><\/div>\n\n<figure class=\"wp-block-image alignright size-full is-resized\"><img decoding=\"async\" width=\"975\" height=\"982\" src=\"https:\/\/www.mylasertabac.com\/wp-content\/uploads\/2025\/06\/centre.jpeg\" alt=\"\" class=\"wp-image-9265\" style=\"width:419px;height:auto\" srcset=\"https:\/\/www.mylasertabac.com\/wp-content\/uploads\/2025\/06\/centre.jpeg 975w, https:\/\/www.mylasertabac.com\/wp-content\/uploads\/2025\/06\/centre-298x300.jpeg 298w, https:\/\/www.mylasertabac.com\/wp-content\/uploads\/2025\/06\/centre-150x150.jpeg 150w, https:\/\/www.mylasertabac.com\/wp-content\/uploads\/2025\/06\/centre-768x774.jpeg 768w\" sizes=\"(max-width: 975px) 100vw, 975px\" \/><\/figure>\n\n<h2 class=\"wp-block-heading\"><strong>Der Anti-Tabak-Laser: eine sanfte und effektive Methode, um aufzuh\u00f6ren<\/strong><\/h2>\n\n<p>Heute gibt es neue Methoden der<strong>Unterst\u00fctzung<\/strong>, um das Rauchen zu erleichtern. <strong><a href=\"https:\/\/www.mylasertabac.com\/de\/\">Raucherentw\u00f6hnung<\/a><\/strong>ohne Stress und <strong>Gewichtszunahme<\/strong>.<br\/>Dazu geh\u00f6rt die Raucherentw\u00f6hnung. <strong><a href=\"https:\/\/www.mylasertabac.com\/de\/\">Laser-Ohrreflexzonenmassage<\/a><\/strong>Diese Methode, die auch als <strong>Anti-Tabak-Laser<\/strong> bekannt ist, wird von einer wachsenden Zahl von <strong>Patienten<\/strong> bevorzugt.<\/p>\n\n<p>Das Prinzip ist einfach: Es werden bestimmte Punkte im Ohr &#8211; Bereiche, die mit dem <strong>menschlichen Gehirn<\/strong> verbunden sind &#8211; mit einem <strong>weichen<\/strong>, schmerzlosen und nicht invasiven <strong>Laser<\/strong> stimuliert.<br\/>Diese <strong>energetische Stimulation<\/strong> aktiviert die Produktion von Endorphinen, lindert die <strong>Nikotinabh\u00e4ngigkeit<\/strong> und verringert das Verlangen zu <strong>rauchen<\/strong>.<\/p>\n\n<p>Im Gegensatz zu <strong>Nikotinersatzpr\u00e4paraten<\/strong> oder <strong>Pflastern<\/strong> enth\u00e4lt diese <strong>nat\u00fcrliche Methode<\/strong> keine <strong>Chemikalien<\/strong>.<br\/>Sie wirkt auf die tieferen Ursachen der Sucht, sowohl physisch als auch emotional.<\/p>\n\n<p>Die <strong>Patienten<\/strong> berichten von <strong>positiven Meinungen<\/strong>:<\/p>\n\n<blockquote class=\"wp-block-quote is-layout-flow wp-block-quote-is-layout-flow\">\n<p>&#8222;Ich kam zu einer <strong>Sitzung<\/strong>, ohne wirklich daran zu glauben. <strong>Nach<\/strong> zwei Tagen hatte ich kein Verlangen mehr nach einer <strong>Zigarette<\/strong>. Ich habe meinen Atem und meine Gelassenheit wiedergefunden&#8220;.  <\/p>\n<\/blockquote>\n\n<p>Der <strong>Laseransatz gegen<\/strong> das <strong>Rauchen<\/strong> ist nicht auf das <strong>Rauchen<\/strong> beschr\u00e4nkt: Er hilft auch bei der Reduzierung des Alkohol- und <strong>Zuckerkonsums<\/strong> und sogar bei der besseren <strong>Stressbew\u00e4ltigung<\/strong>.<\/p>\n\n<div style=\"height:25px\" aria-hidden=\"true\" class=\"wp-block-spacer\"><\/div>\n\n<h2 class=\"wp-block-heading\"><strong>Warum sollten Sie sich f\u00fcr die Laser-Ohrreflexzonenmassage entscheiden?<\/strong><\/h2>\n\n<p>Diese <strong>Methode<\/strong> der <strong>Raucherentw\u00f6hnung<\/strong> beruht auf einer Logik der <strong>ganzheitlichen Wiederherstellung des Gleichgewichts<\/strong>.<br\/>Sie betrachtet den <strong>Raucher<\/strong> nicht als &#8222;Kranken&#8220;, sondern als eine <strong>Person<\/strong> im \u00dcbergang zu einem besseren <strong>Gesundheitszustand<\/strong>.<\/p>\n\n<p>Der <strong>Laser<\/strong>, der an den Reflexpunkten des Ohrs eingesetzt wird, sendet pr\u00e4zise Signale an das <strong>Gehirn<\/strong>.<br\/>Diese Stimulationen helfen, die <strong>Abh\u00e4ngigkeit<\/strong> zu <strong>l\u00f6sen<\/strong>, reduzieren die nervliche Anspannung und unterst\u00fctzen den <strong>K\u00f6rper<\/strong> in seiner Entgiftungsphase.<\/p>\n\n<p>Der <strong>Behandler<\/strong> passt die <strong>Sitzung<\/strong> an das <strong>Profil des Rauchers<\/strong>, seine <strong>Rauchgewohnheiten<\/strong>, sein <strong>Gewicht<\/strong> und den <strong>Grund f\u00fcr<\/strong> den <strong>Rauchstopp<\/strong> an.<br\/>Jede <strong>Behandlung<\/strong> wird individuell angepasst und mit Ratschl\u00e4gen zum <strong>t\u00e4glichen Leben<\/strong>, zur Atmung und zur <strong>Stressbew\u00e4ltigung<\/strong> erg\u00e4nzt.<\/p>\n\n<p>Diese <strong>professionelle Begleitung<\/strong> ist von entscheidender Bedeutung: Sie kombiniert Fachwissen, Zuh\u00f6ren und Verst\u00e4ndnis f\u00fcr den <strong>Patienten<\/strong>.<br\/>Dies ist die <strong>Qualit\u00e4t<\/strong> des MyLaserTabac-Netzwerks, das in <strong>Frankreich<\/strong> Pionierarbeit f\u00fcr diesen Ansatz geleistet hat.<\/p>\n\n<div style=\"height:25px\" aria-hidden=\"true\" class=\"wp-block-spacer\"><\/div>\n\n<h2 class=\"wp-block-heading\"><strong>Jugendliche und Pr\u00e4vention: eine gro\u00dfe Herausforderung<\/strong><\/h2>\n\n<p><strong>Jugendliche<\/strong> sind eine Risikogeneration.<br\/>Viele beginnen mit dem <strong>Rauchen<\/strong> vor dem 18. Lebensjahr, oft durch Nachahmung oder sozialen Einfluss.<br\/>Ihr <strong>K\u00f6rper<\/strong> ist anf\u00e4lliger f\u00fcr <strong>toxische Substanzen<\/strong> und die <strong>Nikotinabh\u00e4ngigkeit<\/strong> setzt schneller ein.<\/p>\n\n<p>Die Sensibilisierung dieser Bev\u00f6lkerungsgruppe f\u00fcr eine fr\u00fchzeitige <strong>Entw\u00f6hnung<\/strong> ist daher von entscheidender Bedeutung.<br\/>Je fr\u00fcher die<strong>Entw\u00f6hnung<\/strong> erfolgt, desto mehr k\u00f6nnen sich die <strong>Lunge<\/strong> und die <strong>Zellen<\/strong> regenerieren.<br\/><strong>Informationskampagnen<\/strong> und spezialisierte Zentren &#8211; wie der <strong>Tabac Info Service<\/strong> &#8211; spielen eine Schl\u00fcsselrolle bei der \u00dcberweisung von Jugendlichen an geeignete <strong>Behandlungsm\u00f6glichkeiten<\/strong>.<\/p>\n\n<div style=\"height:25px\" aria-hidden=\"true\" class=\"wp-block-spacer\"><\/div>\n\n<h2 class=\"wp-block-heading\"><strong>Rauchen ist keine harmlose Wahl: Es ist eine Abh\u00e4ngigkeit, die man verstehen muss.<\/strong><\/h2>\n\n<p>Man wird nicht zuf\u00e4llig zum <strong>Raucher<\/strong>.<br\/><strong>Tabak<\/strong> wirkt auf das <strong>Gehirn<\/strong> wie eine Droge: Er stimuliert Dopamin und sorgt f\u00fcr ein vor\u00fcbergehendes Gef\u00fchl des Vergn\u00fcgens.<br\/>Aber schon bald <strong>raucht<\/strong> der <strong>Raucher<\/strong> nicht mehr zum Vergn\u00fcgen, sondern um Entzugserscheinungen zu vermeiden.<\/p>\n\n<p><strong>Nikotin<\/strong> und <strong>toxische Substanzen<\/strong> f\u00f6rdern diese <strong>Abh\u00e4ngigkeit<\/strong>.<br\/>Der einzige Weg, um dauerhaft davon loszukommen, besteht darin, <strong>K\u00f6rper<\/strong> und <strong>Geist<\/strong> dabei zu unterst\u00fctzen, sich gemeinsam zu <strong>befreien<\/strong>.<br\/>Dies ist mit der <strong>Laser-Ohrreflexzonenmassage<\/strong> m\u00f6glich, die die physischen und psychischen Aspekte in Einklang bringt.<\/p>\n\n<div style=\"height:25px\" aria-hidden=\"true\" class=\"wp-block-spacer\"><\/div>\n\n<h2 class=\"wp-block-heading\"><strong>Schlussfolgerung: Nein, Raucherentw\u00f6hnung verursacht keinen Krebs &#8211; sie verhindert ihn.<\/strong><\/h2>\n\n<p>Die Idee, dass <strong>das Aufh\u00f6ren<\/strong> mit dem Rauchen <strong>Krebs<\/strong> verursacht, ist ein gef\u00e4hrlicher Mythos.<br\/>Es ist genau umgekehrt: Je fr\u00fcher man aufh\u00f6rt, desto gr\u00f6\u00dfer sind die <strong>gesundheitlichen<\/strong> <strong>Vorteile<\/strong>.<\/p>\n\n<p>Das <strong>Risiko<\/strong> schwerer <strong>Krankheiten<\/strong> <strong>sinkt<\/strong>, die<strong>Sauerstoffaufnahme<\/strong> verbessert sich und der <strong>K\u00f6rper<\/strong> findet zu seinen nat\u00fcrlichen Funktionen zur\u00fcck.<br\/>Jeder <strong>Tag ohne Zigarette<\/strong> verl\u00e4ngert das <strong>Leben<\/strong> und sch\u00fctzt die Menschen in seiner<strong>Umgebung<\/strong>, insbesondere die <strong>Kinder<\/strong>, die dem <strong>Passivrauchen<\/strong> ausgesetzt sind.<\/p>\n\n<p>Der <strong><a href=\"https:\/\/www.mylasertabac.com\/de\/\">Anti-Tabak-Laser<\/a><\/strong>Der auf der <strong>Ohrreflexzonenmassage<\/strong> basierende Laser stellt heute eine <strong>nat\u00fcrliche, professionelle und dauerhafte L\u00f6sung<\/strong> dar, um die <strong>Abh\u00e4ngigkeit vom Rauchen<\/strong> ohne Schmerzen und Stress zu beenden.<\/p>\n\n<p>Also nein, mit <strong>dem Rauchen aufzuh\u00f6ren verursacht keinen Krebs<\/strong>.<br\/>Im Gegenteil, es ist der erste Schritt zu einem <strong>besseren Leben<\/strong>, einem <strong>wiedergewonnenen Atem<\/strong> und einer endlich angenommenen <strong>Freiheit<\/strong>. \ud83c\udf3f<\/p>\n\n<div style=\"height:25px\" aria-hidden=\"true\" class=\"wp-block-spacer\"><\/div>\n\n<figure class=\"wp-block-image size-large\"><img decoding=\"async\" src=\"https:\/\/www.mylasertabac.com\/wp-content\/uploads\/\/mlt-verteau.svg\" alt=\"\" class=\"wp-image-13\"\/><\/figure>\n","protected":false},"excerpt":{"rendered":"<p>Diese Vorstellung beunruhigt immer noch einige Raucher: &#8222;Was w\u00e4re, wenn der Rauchstopp Krebs ausl\u00f6sen w\u00fcrde?&#8222;Ein unbegr\u00fcndeter, aber hartn\u00e4ckiger Glaube, der die Angst vieler Menschen n\u00e4hrt, die sich von ihrer Tabakabh\u00e4ngigkeit befreien wollen.In Wirklichkeit sind die Vorteile desRauchstopps betr\u00e4chtlich, sowohl f\u00fcr die Lunge als auch f\u00fcr die allgemeine Gesundheit. Und im Gegensatz zu dem, was die [&hellip;]<\/p>\n","protected":false},"author":2,"featured_media":18787,"comment_status":"closed","ping_status":"open","sticky":false,"template":"","format":"standard","meta":{"inline_featured_image":false,"footnotes":""},"categories":[166],"tags":[],"class_list":["post-18805","post","type-post","status-publish","format-standard","has-post-thumbnail","hentry","category-gesundheit-und-sucht"],"yoast_head":"<!-- This site is optimized with the Yoast SEO plugin v27.4 - https:\/\/yoast.com\/product\/yoast-seo-wordpress\/ -->\n<title>F\u00fchrt das Aufgeben des Rauchens zu Krebs? Der Mythos, der endg\u00fcltig dekonstruiert werden muss - My Laser Tabac<\/title>\n<meta name=\"description\" content=\"Erfahren Sie, wie der Anti-Tabak-Laser und die Ohrreflexzonenmassage Ihnen dabei helfen, dauerhaft mit dem Rauchen aufzuh\u00f6ren und Ihre Gesundheit zu sch\u00fctzen.\" \/>\n<meta name=\"robots\" content=\"index, follow, max-snippet:-1, max-image-preview:large, max-video-preview:-1\" \/>\n<link rel=\"canonical\" href=\"https:\/\/www.mylasertabac.com\/de\/fuehrt-das-aufgeben-des-rauchens-zu-krebs-der-mythos-der-endgueltig-dekonstruiert-werden-muss\/\" \/>\n<meta property=\"og:locale\" content=\"de_DE\" \/>\n<meta property=\"og:type\" content=\"article\" \/>\n<meta property=\"og:title\" content=\"F\u00fchrt das Aufgeben des Rauchens zu Krebs? Der Mythos, der endg\u00fcltig dekonstruiert werden muss - My Laser Tabac\" \/>\n<meta property=\"og:description\" content=\"Erfahren Sie, wie der Anti-Tabak-Laser und die Ohrreflexzonenmassage Ihnen dabei helfen, dauerhaft mit dem Rauchen aufzuh\u00f6ren und Ihre Gesundheit zu sch\u00fctzen.\" \/>\n<meta property=\"og:url\" content=\"https:\/\/www.mylasertabac.com\/de\/fuehrt-das-aufgeben-des-rauchens-zu-krebs-der-mythos-der-endgueltig-dekonstruiert-werden-muss\/\" \/>\n<meta property=\"og:site_name\" content=\"My Laser Tabac\" \/>\n<meta property=\"article:author\" content=\"https:\/\/www.facebook.com\/profile.php?id=61571554707319\" \/>\n<meta property=\"article:published_time\" content=\"2025-10-27T06:47:58+00:00\" \/>\n<meta property=\"article:modified_time\" content=\"2025-10-27T06:48:55+00:00\" \/>\n<meta property=\"og:image\" content=\"https:\/\/www.mylasertabac.com\/wp-content\/uploads\/2025\/10\/quels-sont-les-risques-darreter-de-fumer--1024x683.png\" \/>\n\t<meta property=\"og:image:width\" content=\"1024\" \/>\n\t<meta property=\"og:image:height\" content=\"683\" \/>\n\t<meta property=\"og:image:type\" content=\"image\/png\" \/>\n<meta name=\"author\" content=\"Florian Fortes\" \/>\n<meta name=\"twitter:card\" content=\"summary_large_image\" \/>\n<meta name=\"twitter:label1\" content=\"Verfasst von\" \/>\n\t<meta name=\"twitter:data1\" content=\"Florian Fortes\" \/>\n\t<meta name=\"twitter:label2\" content=\"Gesch\u00e4tzte Lesezeit\" \/>\n\t<meta name=\"twitter:data2\" content=\"6\u00a0Minuten\" \/>\n<script type=\"application\/ld+json\" class=\"yoast-schema-graph\">{\"@context\":\"https:\\\/\\\/schema.org\",\"@graph\":[{\"@type\":\"Article\",\"@id\":\"https:\\\/\\\/www.mylasertabac.com\\\/de\\\/fuehrt-das-aufgeben-des-rauchens-zu-krebs-der-mythos-der-endgueltig-dekonstruiert-werden-muss\\\/#article\",\"isPartOf\":{\"@id\":\"https:\\\/\\\/www.mylasertabac.com\\\/de\\\/fuehrt-das-aufgeben-des-rauchens-zu-krebs-der-mythos-der-endgueltig-dekonstruiert-werden-muss\\\/\"},\"author\":{\"name\":\"Florian Fortes\",\"@id\":\"https:\\\/\\\/www.mylasertabac.com\\\/de\\\/#\\\/schema\\\/person\\\/02c249cb76d912efb6c315ec23eccdf3\"},\"headline\":\"F\u00fchrt das Aufgeben des Rauchens zu Krebs? Der Mythos, der endg\u00fcltig dekonstruiert werden muss\",\"datePublished\":\"2025-10-27T06:47:58+00:00\",\"dateModified\":\"2025-10-27T06:48:55+00:00\",\"mainEntityOfPage\":{\"@id\":\"https:\\\/\\\/www.mylasertabac.com\\\/de\\\/fuehrt-das-aufgeben-des-rauchens-zu-krebs-der-mythos-der-endgueltig-dekonstruiert-werden-muss\\\/\"},\"wordCount\":1191,\"publisher\":{\"@id\":\"https:\\\/\\\/www.mylasertabac.com\\\/de\\\/#organization\"},\"image\":{\"@id\":\"https:\\\/\\\/www.mylasertabac.com\\\/de\\\/fuehrt-das-aufgeben-des-rauchens-zu-krebs-der-mythos-der-endgueltig-dekonstruiert-werden-muss\\\/#primaryimage\"},\"thumbnailUrl\":\"https:\\\/\\\/www.mylasertabac.com\\\/wp-content\\\/uploads\\\/2025\\\/10\\\/quels-sont-les-risques-darreter-de-fumer-.png\",\"articleSection\":[\"Gesundheit und Sucht\"],\"inLanguage\":\"de\"},{\"@type\":\"WebPage\",\"@id\":\"https:\\\/\\\/www.mylasertabac.com\\\/de\\\/fuehrt-das-aufgeben-des-rauchens-zu-krebs-der-mythos-der-endgueltig-dekonstruiert-werden-muss\\\/\",\"url\":\"https:\\\/\\\/www.mylasertabac.com\\\/de\\\/fuehrt-das-aufgeben-des-rauchens-zu-krebs-der-mythos-der-endgueltig-dekonstruiert-werden-muss\\\/\",\"name\":\"F\u00fchrt das Aufgeben des Rauchens zu Krebs? Der Mythos, der endg\u00fcltig dekonstruiert werden muss - My Laser Tabac\",\"isPartOf\":{\"@id\":\"https:\\\/\\\/www.mylasertabac.com\\\/de\\\/#website\"},\"primaryImageOfPage\":{\"@id\":\"https:\\\/\\\/www.mylasertabac.com\\\/de\\\/fuehrt-das-aufgeben-des-rauchens-zu-krebs-der-mythos-der-endgueltig-dekonstruiert-werden-muss\\\/#primaryimage\"},\"image\":{\"@id\":\"https:\\\/\\\/www.mylasertabac.com\\\/de\\\/fuehrt-das-aufgeben-des-rauchens-zu-krebs-der-mythos-der-endgueltig-dekonstruiert-werden-muss\\\/#primaryimage\"},\"thumbnailUrl\":\"https:\\\/\\\/www.mylasertabac.com\\\/wp-content\\\/uploads\\\/2025\\\/10\\\/quels-sont-les-risques-darreter-de-fumer-.png\",\"datePublished\":\"2025-10-27T06:47:58+00:00\",\"dateModified\":\"2025-10-27T06:48:55+00:00\",\"description\":\"Erfahren Sie, wie der Anti-Tabak-Laser und die Ohrreflexzonenmassage Ihnen dabei helfen, dauerhaft mit dem Rauchen aufzuh\u00f6ren und Ihre Gesundheit zu sch\u00fctzen.\",\"breadcrumb\":{\"@id\":\"https:\\\/\\\/www.mylasertabac.com\\\/de\\\/fuehrt-das-aufgeben-des-rauchens-zu-krebs-der-mythos-der-endgueltig-dekonstruiert-werden-muss\\\/#breadcrumb\"},\"inLanguage\":\"de\",\"potentialAction\":[{\"@type\":\"ReadAction\",\"target\":[\"https:\\\/\\\/www.mylasertabac.com\\\/de\\\/fuehrt-das-aufgeben-des-rauchens-zu-krebs-der-mythos-der-endgueltig-dekonstruiert-werden-muss\\\/\"]}]},{\"@type\":\"ImageObject\",\"inLanguage\":\"de\",\"@id\":\"https:\\\/\\\/www.mylasertabac.com\\\/de\\\/fuehrt-das-aufgeben-des-rauchens-zu-krebs-der-mythos-der-endgueltig-dekonstruiert-werden-muss\\\/#primaryimage\",\"url\":\"https:\\\/\\\/www.mylasertabac.com\\\/wp-content\\\/uploads\\\/2025\\\/10\\\/quels-sont-les-risques-darreter-de-fumer-.png\",\"contentUrl\":\"https:\\\/\\\/www.mylasertabac.com\\\/wp-content\\\/uploads\\\/2025\\\/10\\\/quels-sont-les-risques-darreter-de-fumer-.png\",\"width\":1536,\"height\":1024},{\"@type\":\"BreadcrumbList\",\"@id\":\"https:\\\/\\\/www.mylasertabac.com\\\/de\\\/fuehrt-das-aufgeben-des-rauchens-zu-krebs-der-mythos-der-endgueltig-dekonstruiert-werden-muss\\\/#breadcrumb\",\"itemListElement\":[{\"@type\":\"ListItem\",\"position\":1,\"name\":\"Accueil\",\"item\":\"https:\\\/\\\/www.mylasertabac.com\\\/de\\\/startseite\\\/\"},{\"@type\":\"ListItem\",\"position\":2,\"name\":\"F\u00fchrt das Aufgeben des Rauchens zu Krebs? Der Mythos, der endg\u00fcltig dekonstruiert werden muss\"}]},{\"@type\":\"WebSite\",\"@id\":\"https:\\\/\\\/www.mylasertabac.com\\\/de\\\/#website\",\"url\":\"https:\\\/\\\/www.mylasertabac.com\\\/de\\\/\",\"name\":\"My Laser Tabac\",\"description\":\"La solution laser qui transforme les fumeurs en ex-fumeurs\",\"publisher\":{\"@id\":\"https:\\\/\\\/www.mylasertabac.com\\\/de\\\/#organization\"},\"potentialAction\":[{\"@type\":\"SearchAction\",\"target\":{\"@type\":\"EntryPoint\",\"urlTemplate\":\"https:\\\/\\\/www.mylasertabac.com\\\/de\\\/?s={search_term_string}\"},\"query-input\":{\"@type\":\"PropertyValueSpecification\",\"valueRequired\":true,\"valueName\":\"search_term_string\"}}],\"inLanguage\":\"de\"},{\"@type\":\"Organization\",\"@id\":\"https:\\\/\\\/www.mylasertabac.com\\\/de\\\/#organization\",\"name\":\"My Laser Tabac\",\"url\":\"https:\\\/\\\/www.mylasertabac.com\\\/de\\\/\",\"logo\":{\"@type\":\"ImageObject\",\"inLanguage\":\"de\",\"@id\":\"https:\\\/\\\/www.mylasertabac.com\\\/de\\\/#\\\/schema\\\/logo\\\/image\\\/\",\"url\":\"https:\\\/\\\/www.mylasertabac.com\\\/wp-content\\\/uploads\\\/2024\\\/12\\\/mlt-verteau.svg\",\"contentUrl\":\"https:\\\/\\\/www.mylasertabac.com\\\/wp-content\\\/uploads\\\/2024\\\/12\\\/mlt-verteau.svg\",\"caption\":\"My Laser Tabac\"},\"image\":{\"@id\":\"https:\\\/\\\/www.mylasertabac.com\\\/de\\\/#\\\/schema\\\/logo\\\/image\\\/\"}},{\"@type\":\"Person\",\"@id\":\"https:\\\/\\\/www.mylasertabac.com\\\/de\\\/#\\\/schema\\\/person\\\/02c249cb76d912efb6c315ec23eccdf3\",\"name\":\"Florian Fortes\",\"image\":{\"@type\":\"ImageObject\",\"inLanguage\":\"de\",\"@id\":\"https:\\\/\\\/www.mylasertabac.com\\\/wp-content\\\/litespeed\\\/avatar\\\/142101a71d7b9e6490c1120d9c109a67.jpg?ver=1776856306\",\"url\":\"https:\\\/\\\/www.mylasertabac.com\\\/wp-content\\\/litespeed\\\/avatar\\\/142101a71d7b9e6490c1120d9c109a67.jpg?ver=1776856306\",\"contentUrl\":\"https:\\\/\\\/www.mylasertabac.com\\\/wp-content\\\/litespeed\\\/avatar\\\/142101a71d7b9e6490c1120d9c109a67.jpg?ver=1776856306\",\"caption\":\"Florian Fortes\"},\"sameAs\":[\"https:\\\/\\\/www.mylasertabac.com\",\"https:\\\/\\\/www.facebook.com\\\/profile.php?id=61571554707319\"],\"url\":\"https:\\\/\\\/www.mylasertabac.com\\\/de\\\/author\\\/florianfortes5312\\\/\"}]}<\/script>\n<!-- \/ Yoast SEO plugin. -->","yoast_head_json":{"title":"F\u00fchrt das Aufgeben des Rauchens zu Krebs? Der Mythos, der endg\u00fcltig dekonstruiert werden muss - My Laser Tabac","description":"Erfahren Sie, wie der Anti-Tabak-Laser und die Ohrreflexzonenmassage Ihnen dabei helfen, dauerhaft mit dem Rauchen aufzuh\u00f6ren und Ihre Gesundheit zu sch\u00fctzen.","robots":{"index":"index","follow":"follow","max-snippet":"max-snippet:-1","max-image-preview":"max-image-preview:large","max-video-preview":"max-video-preview:-1"},"canonical":"https:\/\/www.mylasertabac.com\/de\/fuehrt-das-aufgeben-des-rauchens-zu-krebs-der-mythos-der-endgueltig-dekonstruiert-werden-muss\/","og_locale":"de_DE","og_type":"article","og_title":"F\u00fchrt das Aufgeben des Rauchens zu Krebs? Der Mythos, der endg\u00fcltig dekonstruiert werden muss - My Laser Tabac","og_description":"Erfahren Sie, wie der Anti-Tabak-Laser und die Ohrreflexzonenmassage Ihnen dabei helfen, dauerhaft mit dem Rauchen aufzuh\u00f6ren und Ihre Gesundheit zu sch\u00fctzen.","og_url":"https:\/\/www.mylasertabac.com\/de\/fuehrt-das-aufgeben-des-rauchens-zu-krebs-der-mythos-der-endgueltig-dekonstruiert-werden-muss\/","og_site_name":"My Laser Tabac","article_author":"https:\/\/www.facebook.com\/profile.php?id=61571554707319","article_published_time":"2025-10-27T06:47:58+00:00","article_modified_time":"2025-10-27T06:48:55+00:00","og_image":[{"width":1024,"height":683,"url":"https:\/\/www.mylasertabac.com\/wp-content\/uploads\/2025\/10\/quels-sont-les-risques-darreter-de-fumer--1024x683.png","type":"image\/png"}],"author":"Florian Fortes","twitter_card":"summary_large_image","twitter_misc":{"Verfasst von":"Florian Fortes","Gesch\u00e4tzte Lesezeit":"6\u00a0Minuten"},"schema":{"@context":"https:\/\/schema.org","@graph":[{"@type":"Article","@id":"https:\/\/www.mylasertabac.com\/de\/fuehrt-das-aufgeben-des-rauchens-zu-krebs-der-mythos-der-endgueltig-dekonstruiert-werden-muss\/#article","isPartOf":{"@id":"https:\/\/www.mylasertabac.com\/de\/fuehrt-das-aufgeben-des-rauchens-zu-krebs-der-mythos-der-endgueltig-dekonstruiert-werden-muss\/"},"author":{"name":"Florian Fortes","@id":"https:\/\/www.mylasertabac.com\/de\/#\/schema\/person\/02c249cb76d912efb6c315ec23eccdf3"},"headline":"F\u00fchrt das Aufgeben des Rauchens zu Krebs? Der Mythos, der endg\u00fcltig dekonstruiert werden muss","datePublished":"2025-10-27T06:47:58+00:00","dateModified":"2025-10-27T06:48:55+00:00","mainEntityOfPage":{"@id":"https:\/\/www.mylasertabac.com\/de\/fuehrt-das-aufgeben-des-rauchens-zu-krebs-der-mythos-der-endgueltig-dekonstruiert-werden-muss\/"},"wordCount":1191,"publisher":{"@id":"https:\/\/www.mylasertabac.com\/de\/#organization"},"image":{"@id":"https:\/\/www.mylasertabac.com\/de\/fuehrt-das-aufgeben-des-rauchens-zu-krebs-der-mythos-der-endgueltig-dekonstruiert-werden-muss\/#primaryimage"},"thumbnailUrl":"https:\/\/www.mylasertabac.com\/wp-content\/uploads\/2025\/10\/quels-sont-les-risques-darreter-de-fumer-.png","articleSection":["Gesundheit und Sucht"],"inLanguage":"de"},{"@type":"WebPage","@id":"https:\/\/www.mylasertabac.com\/de\/fuehrt-das-aufgeben-des-rauchens-zu-krebs-der-mythos-der-endgueltig-dekonstruiert-werden-muss\/","url":"https:\/\/www.mylasertabac.com\/de\/fuehrt-das-aufgeben-des-rauchens-zu-krebs-der-mythos-der-endgueltig-dekonstruiert-werden-muss\/","name":"F\u00fchrt das Aufgeben des Rauchens zu Krebs? Der Mythos, der endg\u00fcltig dekonstruiert werden muss - My Laser Tabac","isPartOf":{"@id":"https:\/\/www.mylasertabac.com\/de\/#website"},"primaryImageOfPage":{"@id":"https:\/\/www.mylasertabac.com\/de\/fuehrt-das-aufgeben-des-rauchens-zu-krebs-der-mythos-der-endgueltig-dekonstruiert-werden-muss\/#primaryimage"},"image":{"@id":"https:\/\/www.mylasertabac.com\/de\/fuehrt-das-aufgeben-des-rauchens-zu-krebs-der-mythos-der-endgueltig-dekonstruiert-werden-muss\/#primaryimage"},"thumbnailUrl":"https:\/\/www.mylasertabac.com\/wp-content\/uploads\/2025\/10\/quels-sont-les-risques-darreter-de-fumer-.png","datePublished":"2025-10-27T06:47:58+00:00","dateModified":"2025-10-27T06:48:55+00:00","description":"Erfahren Sie, wie der Anti-Tabak-Laser und die Ohrreflexzonenmassage Ihnen dabei helfen, dauerhaft mit dem Rauchen aufzuh\u00f6ren und Ihre Gesundheit zu sch\u00fctzen.","breadcrumb":{"@id":"https:\/\/www.mylasertabac.com\/de\/fuehrt-das-aufgeben-des-rauchens-zu-krebs-der-mythos-der-endgueltig-dekonstruiert-werden-muss\/#breadcrumb"},"inLanguage":"de","potentialAction":[{"@type":"ReadAction","target":["https:\/\/www.mylasertabac.com\/de\/fuehrt-das-aufgeben-des-rauchens-zu-krebs-der-mythos-der-endgueltig-dekonstruiert-werden-muss\/"]}]},{"@type":"ImageObject","inLanguage":"de","@id":"https:\/\/www.mylasertabac.com\/de\/fuehrt-das-aufgeben-des-rauchens-zu-krebs-der-mythos-der-endgueltig-dekonstruiert-werden-muss\/#primaryimage","url":"https:\/\/www.mylasertabac.com\/wp-content\/uploads\/2025\/10\/quels-sont-les-risques-darreter-de-fumer-.png","contentUrl":"https:\/\/www.mylasertabac.com\/wp-content\/uploads\/2025\/10\/quels-sont-les-risques-darreter-de-fumer-.png","width":1536,"height":1024},{"@type":"BreadcrumbList","@id":"https:\/\/www.mylasertabac.com\/de\/fuehrt-das-aufgeben-des-rauchens-zu-krebs-der-mythos-der-endgueltig-dekonstruiert-werden-muss\/#breadcrumb","itemListElement":[{"@type":"ListItem","position":1,"name":"Accueil","item":"https:\/\/www.mylasertabac.com\/de\/startseite\/"},{"@type":"ListItem","position":2,"name":"F\u00fchrt das Aufgeben des Rauchens zu Krebs? Der Mythos, der endg\u00fcltig dekonstruiert werden muss"}]},{"@type":"WebSite","@id":"https:\/\/www.mylasertabac.com\/de\/#website","url":"https:\/\/www.mylasertabac.com\/de\/","name":"My Laser Tabac","description":"La solution laser qui transforme les fumeurs en ex-fumeurs","publisher":{"@id":"https:\/\/www.mylasertabac.com\/de\/#organization"},"potentialAction":[{"@type":"SearchAction","target":{"@type":"EntryPoint","urlTemplate":"https:\/\/www.mylasertabac.com\/de\/?s={search_term_string}"},"query-input":{"@type":"PropertyValueSpecification","valueRequired":true,"valueName":"search_term_string"}}],"inLanguage":"de"},{"@type":"Organization","@id":"https:\/\/www.mylasertabac.com\/de\/#organization","name":"My Laser Tabac","url":"https:\/\/www.mylasertabac.com\/de\/","logo":{"@type":"ImageObject","inLanguage":"de","@id":"https:\/\/www.mylasertabac.com\/de\/#\/schema\/logo\/image\/","url":"https:\/\/www.mylasertabac.com\/wp-content\/uploads\/2024\/12\/mlt-verteau.svg","contentUrl":"https:\/\/www.mylasertabac.com\/wp-content\/uploads\/2024\/12\/mlt-verteau.svg","caption":"My Laser Tabac"},"image":{"@id":"https:\/\/www.mylasertabac.com\/de\/#\/schema\/logo\/image\/"}},{"@type":"Person","@id":"https:\/\/www.mylasertabac.com\/de\/#\/schema\/person\/02c249cb76d912efb6c315ec23eccdf3","name":"Florian Fortes","image":{"@type":"ImageObject","inLanguage":"de","@id":"https:\/\/www.mylasertabac.com\/wp-content\/litespeed\/avatar\/142101a71d7b9e6490c1120d9c109a67.jpg?ver=1776856306","url":"https:\/\/www.mylasertabac.com\/wp-content\/litespeed\/avatar\/142101a71d7b9e6490c1120d9c109a67.jpg?ver=1776856306","contentUrl":"https:\/\/www.mylasertabac.com\/wp-content\/litespeed\/avatar\/142101a71d7b9e6490c1120d9c109a67.jpg?ver=1776856306","caption":"Florian Fortes"},"sameAs":["https:\/\/www.mylasertabac.com","https:\/\/www.facebook.com\/profile.php?id=61571554707319"],"url":"https:\/\/www.mylasertabac.com\/de\/author\/florianfortes5312\/"}]}},"_links":{"self":[{"href":"https:\/\/www.mylasertabac.com\/de\/wp-json\/wp\/v2\/posts\/18805","targetHints":{"allow":["GET"]}}],"collection":[{"href":"https:\/\/www.mylasertabac.com\/de\/wp-json\/wp\/v2\/posts"}],"about":[{"href":"https:\/\/www.mylasertabac.com\/de\/wp-json\/wp\/v2\/types\/post"}],"author":[{"embeddable":true,"href":"https:\/\/www.mylasertabac.com\/de\/wp-json\/wp\/v2\/users\/2"}],"replies":[{"embeddable":true,"href":"https:\/\/www.mylasertabac.com\/de\/wp-json\/wp\/v2\/comments?post=18805"}],"version-history":[{"count":1,"href":"https:\/\/www.mylasertabac.com\/de\/wp-json\/wp\/v2\/posts\/18805\/revisions"}],"predecessor-version":[{"id":18806,"href":"https:\/\/www.mylasertabac.com\/de\/wp-json\/wp\/v2\/posts\/18805\/revisions\/18806"}],"wp:featuredmedia":[{"embeddable":true,"href":"https:\/\/www.mylasertabac.com\/de\/wp-json\/wp\/v2\/media\/18787"}],"wp:attachment":[{"href":"https:\/\/www.mylasertabac.com\/de\/wp-json\/wp\/v2\/media?parent=18805"}],"wp:term":[{"taxonomy":"category","embeddable":true,"href":"https:\/\/www.mylasertabac.com\/de\/wp-json\/wp\/v2\/categories?post=18805"},{"taxonomy":"post_tag","embeddable":true,"href":"https:\/\/www.mylasertabac.com\/de\/wp-json\/wp\/v2\/tags?post=18805"}],"curies":[{"name":"wp","href":"https:\/\/api.w.org\/{rel}","templated":true}]}}