{"id":18910,"date":"2025-10-28T09:22:07","date_gmt":"2025-10-28T08:22:07","guid":{"rendered":"https:\/\/www.mylasertabac.com\/bildschirm-kinder-und-ungleichheiten-wie-sich-der-digitale-konsum-bereits-im-alter-von-3-11-jahren-entscheidet\/"},"modified":"2025-10-28T09:46:00","modified_gmt":"2025-10-28T08:46:00","slug":"bildschirm-kinder-und-ungleichheiten-wie-sich-der-digitale-konsum-bereits-im-alter-von-3-11-jahren-entscheidet","status":"publish","type":"post","link":"https:\/\/www.mylasertabac.com\/de\/bildschirm-kinder-und-ungleichheiten-wie-sich-der-digitale-konsum-bereits-im-alter-von-3-11-jahren-entscheidet\/","title":{"rendered":"Bildschirm, Kinder und Ungleichheiten: Wie sich der digitale Konsum bereits im Alter von 3-11 Jahren entscheidet"},"content":{"rendered":"\n<div style=\"height:24px\" aria-hidden=\"true\" class=\"wp-block-spacer\"><\/div>\n\n<p>In einer Zeit, in der die Bildschirme immer mehr in unser t\u00e4gliches Leben eindringen, ist es wichtig zu wissen, dass ihre Auswirkungen nicht nur Jugendliche betreffen. Schon die J\u00fcngsten &#8211; Kinder zwischen 3 und 11 Jahren &#8211; sind betroffen. Und hinter dieser Feststellung verbergen sich <strong>soziale Ungleichheiten<\/strong>, die unsere Beziehung zur digitalen Bildung in Frage stellen.  <\/p>\n\n<div style=\"height:24px\" aria-hidden=\"true\" class=\"wp-block-spacer\"><\/div>\n\n<h3 class=\"wp-block-heading\">Fr\u00fche, allt\u00e4gliche und oft untersch\u00e4tzte Exposition<\/h3>\n\n<p>Die Kinder von heute wachsen in einer digitalen Welt auf. Fernsehen, Tablets, Konsolen, Smartphones: Die Exposition beginnt fr\u00fch. Der letzte Bericht \u00fcber die Bildschirmgewohnheiten der 3- bis 11-J\u00e4hrigen in Frankreich zeigt, dass fast alle Kinder dieser Altersgruppe t\u00e4glich einen Bildschirm nutzen. Noch \u00fcberraschender ist, dass die Nutzungsdauer mit dem Alter zunimmt &#8211; durchschnittlich etwa 1 Stunde und 15 Minuten pro Tag f\u00fcr 3-5-J\u00e4hrige und bis zu 2 Stunden und 30 Minuten f\u00fcr 9-11-J\u00e4hrige. Eine echte digitale Immersion.    <\/p>\n\n<p>Aber es ist nicht nur eine Frage der Dauer. Das <strong>Familienumfeld<\/strong>, das <strong>Wohnzimmer<\/strong>, die <strong>Pr\u00e4senz eines Bildschirms im Schlafzimmer<\/strong>, alles tr\u00e4gt dazu bei, dieses Ph\u00e4nomen zu verst\u00e4rken. Und es sind die Haushalte, die am wenigsten Ressourcen, Raum und elterliche Zeit zur Verf\u00fcgung haben, die am meisten betroffen sind. Mit anderen Worten: Es ist mehr als eine Gewohnheit, es ist ein <strong>gesellschaftlicher Reflex, der von Ungleichheiten gepr\u00e4gt<\/strong> ist.   <\/p>\n\n<div style=\"height:24px\" aria-hidden=\"true\" class=\"wp-block-spacer\"><\/div>\n\n<figure class=\"wp-block-table\"><table class=\"has-fixed-layout\"><tbody><tr><td>Lesen Sie auch :  <a href=\"https:\/\/www.mylasertabac.com\/de\/infos\/lasertraining-fuer-raucher-und-suechtige\/\"><mark style=\"background-color:rgba(0, 0, 0, 0)\" class=\"has-inline-color has-luminous-vivid-orange-color\">Sie m\u00f6chten ein wachsendes Franchise-Unternehmen im Bereich der Suchtentw\u00f6hnung er\u00f6ffnen? Mylasertabac bietet Ihnen ein schl\u00fcsselfertiges Konzept. Klicken Sie hier, um mehr zu erfahren. <\/mark><\/a><\/td><\/tr><\/tbody><\/table><\/figure>\n\n<div style=\"height:24px\" aria-hidden=\"true\" class=\"wp-block-spacer\"><\/div>\n\n<h3 class=\"wp-block-heading\">Warum ist diese Ausstellung beunruhigend?<\/h3>\n\n<p>Die intensive Nutzung von Bildschirmen bei Kindern kann den Schlaf beeintr\u00e4chtigen, die Sprachentwicklung verz\u00f6gern, die Spielgewohnheiten ver\u00e4ndern und die k\u00f6rperliche Aktivit\u00e4t einschr\u00e4nken. Das Gehirn, das sich noch im Aufbau befindet, ist besonders empf\u00e4nglich f\u00fcr diese h\u00e4ufigen Anforderungen. Es kann zu Reizbarkeit, Konzentrationsschwierigkeiten und mangelndem Interesse an nicht-bildschirmgest\u00fctzten Aktivit\u00e4ten kommen.  <\/p>\n\n<p>Und dann gibt es noch den Langzeiteffekt: weniger Bewegung, mehr Zeit im Sitzen, mehr Exposition gegen\u00fcber ungeeigneten Inhalten. Diese Faktoren k\u00f6nnen zu sitzenden Gewohnheiten, Schlafst\u00f6rungen und sogar zu einem weniger ausgeglichenen Verh\u00e4ltnis zu Selbstbild und sozialen Interaktionen f\u00fchren. <\/p>\n\n<div style=\"height:24px\" aria-hidden=\"true\" class=\"wp-block-spacer\"><\/div>\n\n<h3 class=\"wp-block-heading\">Ungleichheit unterschwellig: Die Umwelt macht den Unterschied<\/h3>\n\n<p>Eine Tatsache ist klar: <strong>Die Bildschirmzeit h\u00e4ngt stark von den Bedingungen des Familienlebens ab<\/strong>. In manchen Haushalten: ein Elternteil ist oft abwesend, der Raum ist eng, der Zugang zu Smartphones und Tablets ist fast st\u00e4ndig gegeben. In anderen L\u00e4ndern gibt es ein strukturierteres Umfeld, explizite Regeln f\u00fcr die Nutzung von Bildschirmen und mehr alternative, nicht digitale Aktivit\u00e4ten.  <\/p>\n\n<p>Diese Unterschiede haben konkrete Auswirkungen. Kinder aus einfachen Verh\u00e4ltnissen haben h\u00e4ufig l\u00e4ngere Bildschirmzeiten, weniger Aufsicht und mehr digitale Einsamkeiten. Dies bedeutet nicht Fatalit\u00e4t, aber es weist auf eine Herausforderung hin: die Frage der Bildungsgerechtigkeit in einer allgegenw\u00e4rtigen digitalen Welt.  <\/p>\n\n<div style=\"height:24px\" aria-hidden=\"true\" class=\"wp-block-spacer\"><\/div>\n\n<h3 class=\"wp-block-heading\">Wie kann man als Elternteil, Lehrer oder Angeh\u00f6riger mit dem Thema umgehen?<\/h3>\n\n<ul class=\"wp-block-list\">\n<li>Bieten <strong>Sie bildschirmfreie Zeiten an<\/strong>, auch wenn sie noch so klein sind: ein Gesellschaftsspiel, ein Spaziergang, ein Gespr\u00e4ch.<\/li>\n\n\n\n<li><strong>Stellen Sie klare und altersgerechte Regeln auf<\/strong>: &#8222;15 Minuten nach der Schule&#8220; oder &#8222;ein Tag ohne Konsole am Wochenende&#8220;.<\/li>\n\n\n\n<li><strong>Wiser \u00fcber die Vorbildfunktion: Ihre eigene Beziehung zum Bildschirm ist ein Vorbild.<\/strong>  Das Kind beobachtet, was Sie tun, genauso wie es beobachtet, was Sie sagen.<\/li>\n\n\n\n<li><strong>Austauschen statt belehren: &#8222;Was siehst du in diesem Spiel?&#8220;, &#8222;Was hat dir an der Anwendung gefallen?&#8220;.<\/strong>  Eine offene Diskussion f\u00f6rdert das kritische Denken.<\/li>\n\n\n\n<li><strong>Alternativen aufwerten: B\u00fccher, Sport, Kochen, Basteln&#8230;<\/strong> Das Vergn\u00fcgen ist nicht den Bildschirmen vorbehalten. Es liegt in der Verbindung, der Bewegung und der Neugier. <\/li>\n<\/ul>\n\n<div style=\"height:24px\" aria-hidden=\"true\" class=\"wp-block-spacer\"><\/div>\n\n<h3 class=\"wp-block-heading\">Handeln in der Schule, im Verein, in der Gemeinde<\/h3>\n\n<p>Auf einer breiteren Ebene ist die Sensibilisierung von Lehrern, Animateuren und Leitern von Freizeitzentren von entscheidender Bedeutung. Es geht darum, die Raumgestaltung zu \u00fcberdenken, Off-Screen-Aktivit\u00e4ten anzubieten und zu bedenken, dass es sich hierbei nicht nur um eine technische, sondern auch um eine <strong>gesellschaftliche<\/strong> Herausforderung handelt. <\/p>\n\n<div style=\"height:24px\" aria-hidden=\"true\" class=\"wp-block-spacer\"><\/div>\n\n<h3 class=\"wp-block-heading\">Zum Schluss<\/h3>\n\n<p>Die Nutzung von Bildschirmen bei Kindern zwischen 3 und 11 Jahren ist nicht nur eine Frage der verbrachten Zeit. Sie betrifft die <strong>Gesundheit<\/strong>, die <strong>Konzentration<\/strong>, den <strong>Lebensrhythmus<\/strong> und vor allem die <strong>soziale Gerechtigkeit<\/strong>.<br\/>Wenn wir \u00fcber Bildschirme sprechen, geht es auch um Lebensbedingungen, Ressourcen und Orientierungspunkte.<br\/>Jedes Kind verdient eine ausgewogene digitale Umgebung, in der es umgeben und gef\u00fchrt wird.<br\/>Und solange wir die Rahmenbedingungen beeinflussen, k\u00f6nnen wir diese Zeit des Eintauchens in eine echte Gelegenheit zum Lernen, zur Verbindung und zur Entdeckung verwandeln. <\/p>\n\n<div style=\"height:24px\" aria-hidden=\"true\" class=\"wp-block-spacer\"><\/div>\n\n<figure class=\"wp-block-image size-large\"><img decoding=\"async\" src=\"https:\/\/www.mylasertabac.com\/wp-content\/uploads\/\/mlt-verteau.svg\" alt=\"\" class=\"wp-image-13\"\/><\/figure>\n","protected":false},"excerpt":{"rendered":"<p>In einer Zeit, in der die Bildschirme immer mehr in unser t\u00e4gliches Leben eindringen, ist es wichtig zu wissen, dass ihre Auswirkungen nicht nur Jugendliche betreffen. Schon die J\u00fcngsten &#8211; Kinder zwischen 3 und 11 Jahren &#8211; sind betroffen. Und hinter dieser Feststellung verbergen sich soziale Ungleichheiten, die unsere Beziehung zur digitalen Bildung in Frage [&hellip;]<\/p>\n","protected":false},"author":2,"featured_media":18898,"comment_status":"closed","ping_status":"open","sticky":false,"template":"","format":"standard","meta":{"inline_featured_image":false,"footnotes":""},"categories":[154],"tags":[],"class_list":["post-18910","post","type-post","status-publish","format-standard","has-post-thumbnail","hentry","category-gesundheit"],"yoast_head":"<!-- This site is optimized with the Yoast SEO plugin v27.4 - https:\/\/yoast.com\/product\/yoast-seo-wordpress\/ -->\n<title>Bildschirm, Kinder und Ungleichheiten: Wie sich der digitale Konsum bereits im Alter von 3-11 Jahren entscheidet - My Laser Tabac<\/title>\n<meta name=\"description\" content=\"Erfahren Sie, wie die Bildschirmzeit Kinder beeinflusst und wie Sie eine gesunde digitale Balance im Alltag herstellen k\u00f6nnen.\" \/>\n<meta name=\"robots\" content=\"index, follow, max-snippet:-1, max-image-preview:large, max-video-preview:-1\" \/>\n<link rel=\"canonical\" href=\"https:\/\/www.mylasertabac.com\/de\/bildschirm-kinder-und-ungleichheiten-wie-sich-der-digitale-konsum-bereits-im-alter-von-3-11-jahren-entscheidet\/\" \/>\n<meta property=\"og:locale\" content=\"de_DE\" \/>\n<meta property=\"og:type\" content=\"article\" \/>\n<meta property=\"og:title\" content=\"Bildschirm, Kinder und Ungleichheiten: Wie sich der digitale Konsum bereits im Alter von 3-11 Jahren entscheidet - My Laser Tabac\" \/>\n<meta property=\"og:description\" content=\"Erfahren Sie, wie die Bildschirmzeit Kinder beeinflusst und wie Sie eine gesunde digitale Balance im Alltag herstellen k\u00f6nnen.\" \/>\n<meta property=\"og:url\" content=\"https:\/\/www.mylasertabac.com\/de\/bildschirm-kinder-und-ungleichheiten-wie-sich-der-digitale-konsum-bereits-im-alter-von-3-11-jahren-entscheidet\/\" \/>\n<meta property=\"og:site_name\" content=\"My Laser Tabac\" \/>\n<meta property=\"article:author\" content=\"https:\/\/www.facebook.com\/profile.php?id=61571554707319\" \/>\n<meta property=\"article:published_time\" content=\"2025-10-28T08:22:07+00:00\" \/>\n<meta property=\"article:modified_time\" content=\"2025-10-28T08:46:00+00:00\" \/>\n<meta property=\"og:image\" content=\"https:\/\/www.mylasertabac.com\/wp-content\/uploads\/2025\/10\/addiction-des-jeunes-au-tablette-et-jeu-video--1024x683.png\" \/>\n\t<meta property=\"og:image:width\" content=\"1024\" \/>\n\t<meta property=\"og:image:height\" content=\"683\" \/>\n\t<meta property=\"og:image:type\" content=\"image\/png\" \/>\n<meta name=\"author\" content=\"Florian Fortes\" \/>\n<meta name=\"twitter:card\" content=\"summary_large_image\" \/>\n<meta name=\"twitter:label1\" content=\"Verfasst von\" \/>\n\t<meta name=\"twitter:data1\" content=\"Florian Fortes\" \/>\n\t<meta name=\"twitter:label2\" content=\"Gesch\u00e4tzte Lesezeit\" \/>\n\t<meta name=\"twitter:data2\" content=\"4\u00a0Minuten\" \/>\n<script type=\"application\/ld+json\" class=\"yoast-schema-graph\">{\"@context\":\"https:\\\/\\\/schema.org\",\"@graph\":[{\"@type\":\"Article\",\"@id\":\"https:\\\/\\\/www.mylasertabac.com\\\/de\\\/bildschirm-kinder-und-ungleichheiten-wie-sich-der-digitale-konsum-bereits-im-alter-von-3-11-jahren-entscheidet\\\/#article\",\"isPartOf\":{\"@id\":\"https:\\\/\\\/www.mylasertabac.com\\\/de\\\/bildschirm-kinder-und-ungleichheiten-wie-sich-der-digitale-konsum-bereits-im-alter-von-3-11-jahren-entscheidet\\\/\"},\"author\":{\"name\":\"Florian Fortes\",\"@id\":\"https:\\\/\\\/www.mylasertabac.com\\\/de\\\/#\\\/schema\\\/person\\\/02c249cb76d912efb6c315ec23eccdf3\"},\"headline\":\"Bildschirm, Kinder und Ungleichheiten: Wie sich der digitale Konsum bereits im Alter von 3-11 Jahren entscheidet\",\"datePublished\":\"2025-10-28T08:22:07+00:00\",\"dateModified\":\"2025-10-28T08:46:00+00:00\",\"mainEntityOfPage\":{\"@id\":\"https:\\\/\\\/www.mylasertabac.com\\\/de\\\/bildschirm-kinder-und-ungleichheiten-wie-sich-der-digitale-konsum-bereits-im-alter-von-3-11-jahren-entscheidet\\\/\"},\"wordCount\":752,\"publisher\":{\"@id\":\"https:\\\/\\\/www.mylasertabac.com\\\/de\\\/#organization\"},\"image\":{\"@id\":\"https:\\\/\\\/www.mylasertabac.com\\\/de\\\/bildschirm-kinder-und-ungleichheiten-wie-sich-der-digitale-konsum-bereits-im-alter-von-3-11-jahren-entscheidet\\\/#primaryimage\"},\"thumbnailUrl\":\"https:\\\/\\\/www.mylasertabac.com\\\/wp-content\\\/uploads\\\/2025\\\/10\\\/addiction-des-jeunes-au-tablette-et-jeu-video-.png\",\"articleSection\":[\"Gesundheit\"],\"inLanguage\":\"de\"},{\"@type\":\"WebPage\",\"@id\":\"https:\\\/\\\/www.mylasertabac.com\\\/de\\\/bildschirm-kinder-und-ungleichheiten-wie-sich-der-digitale-konsum-bereits-im-alter-von-3-11-jahren-entscheidet\\\/\",\"url\":\"https:\\\/\\\/www.mylasertabac.com\\\/de\\\/bildschirm-kinder-und-ungleichheiten-wie-sich-der-digitale-konsum-bereits-im-alter-von-3-11-jahren-entscheidet\\\/\",\"name\":\"Bildschirm, Kinder und Ungleichheiten: Wie sich der digitale Konsum bereits im Alter von 3-11 Jahren entscheidet - My Laser Tabac\",\"isPartOf\":{\"@id\":\"https:\\\/\\\/www.mylasertabac.com\\\/de\\\/#website\"},\"primaryImageOfPage\":{\"@id\":\"https:\\\/\\\/www.mylasertabac.com\\\/de\\\/bildschirm-kinder-und-ungleichheiten-wie-sich-der-digitale-konsum-bereits-im-alter-von-3-11-jahren-entscheidet\\\/#primaryimage\"},\"image\":{\"@id\":\"https:\\\/\\\/www.mylasertabac.com\\\/de\\\/bildschirm-kinder-und-ungleichheiten-wie-sich-der-digitale-konsum-bereits-im-alter-von-3-11-jahren-entscheidet\\\/#primaryimage\"},\"thumbnailUrl\":\"https:\\\/\\\/www.mylasertabac.com\\\/wp-content\\\/uploads\\\/2025\\\/10\\\/addiction-des-jeunes-au-tablette-et-jeu-video-.png\",\"datePublished\":\"2025-10-28T08:22:07+00:00\",\"dateModified\":\"2025-10-28T08:46:00+00:00\",\"description\":\"Erfahren Sie, wie die Bildschirmzeit Kinder beeinflusst und wie Sie eine gesunde digitale Balance im Alltag herstellen k\u00f6nnen.\",\"breadcrumb\":{\"@id\":\"https:\\\/\\\/www.mylasertabac.com\\\/de\\\/bildschirm-kinder-und-ungleichheiten-wie-sich-der-digitale-konsum-bereits-im-alter-von-3-11-jahren-entscheidet\\\/#breadcrumb\"},\"inLanguage\":\"de\",\"potentialAction\":[{\"@type\":\"ReadAction\",\"target\":[\"https:\\\/\\\/www.mylasertabac.com\\\/de\\\/bildschirm-kinder-und-ungleichheiten-wie-sich-der-digitale-konsum-bereits-im-alter-von-3-11-jahren-entscheidet\\\/\"]}]},{\"@type\":\"ImageObject\",\"inLanguage\":\"de\",\"@id\":\"https:\\\/\\\/www.mylasertabac.com\\\/de\\\/bildschirm-kinder-und-ungleichheiten-wie-sich-der-digitale-konsum-bereits-im-alter-von-3-11-jahren-entscheidet\\\/#primaryimage\",\"url\":\"https:\\\/\\\/www.mylasertabac.com\\\/wp-content\\\/uploads\\\/2025\\\/10\\\/addiction-des-jeunes-au-tablette-et-jeu-video-.png\",\"contentUrl\":\"https:\\\/\\\/www.mylasertabac.com\\\/wp-content\\\/uploads\\\/2025\\\/10\\\/addiction-des-jeunes-au-tablette-et-jeu-video-.png\",\"width\":1536,\"height\":1024},{\"@type\":\"BreadcrumbList\",\"@id\":\"https:\\\/\\\/www.mylasertabac.com\\\/de\\\/bildschirm-kinder-und-ungleichheiten-wie-sich-der-digitale-konsum-bereits-im-alter-von-3-11-jahren-entscheidet\\\/#breadcrumb\",\"itemListElement\":[{\"@type\":\"ListItem\",\"position\":1,\"name\":\"Accueil\",\"item\":\"https:\\\/\\\/www.mylasertabac.com\\\/de\\\/startseite\\\/\"},{\"@type\":\"ListItem\",\"position\":2,\"name\":\"Bildschirm, Kinder und Ungleichheiten: Wie sich der digitale Konsum bereits im Alter von 3-11 Jahren entscheidet\"}]},{\"@type\":\"WebSite\",\"@id\":\"https:\\\/\\\/www.mylasertabac.com\\\/de\\\/#website\",\"url\":\"https:\\\/\\\/www.mylasertabac.com\\\/de\\\/\",\"name\":\"My Laser Tabac\",\"description\":\"La solution laser qui transforme les fumeurs en ex-fumeurs\",\"publisher\":{\"@id\":\"https:\\\/\\\/www.mylasertabac.com\\\/de\\\/#organization\"},\"potentialAction\":[{\"@type\":\"SearchAction\",\"target\":{\"@type\":\"EntryPoint\",\"urlTemplate\":\"https:\\\/\\\/www.mylasertabac.com\\\/de\\\/?s={search_term_string}\"},\"query-input\":{\"@type\":\"PropertyValueSpecification\",\"valueRequired\":true,\"valueName\":\"search_term_string\"}}],\"inLanguage\":\"de\"},{\"@type\":\"Organization\",\"@id\":\"https:\\\/\\\/www.mylasertabac.com\\\/de\\\/#organization\",\"name\":\"My Laser Tabac\",\"url\":\"https:\\\/\\\/www.mylasertabac.com\\\/de\\\/\",\"logo\":{\"@type\":\"ImageObject\",\"inLanguage\":\"de\",\"@id\":\"https:\\\/\\\/www.mylasertabac.com\\\/de\\\/#\\\/schema\\\/logo\\\/image\\\/\",\"url\":\"https:\\\/\\\/www.mylasertabac.com\\\/wp-content\\\/uploads\\\/2024\\\/12\\\/mlt-verteau.svg\",\"contentUrl\":\"https:\\\/\\\/www.mylasertabac.com\\\/wp-content\\\/uploads\\\/2024\\\/12\\\/mlt-verteau.svg\",\"caption\":\"My Laser Tabac\"},\"image\":{\"@id\":\"https:\\\/\\\/www.mylasertabac.com\\\/de\\\/#\\\/schema\\\/logo\\\/image\\\/\"}},{\"@type\":\"Person\",\"@id\":\"https:\\\/\\\/www.mylasertabac.com\\\/de\\\/#\\\/schema\\\/person\\\/02c249cb76d912efb6c315ec23eccdf3\",\"name\":\"Florian Fortes\",\"image\":{\"@type\":\"ImageObject\",\"inLanguage\":\"de\",\"@id\":\"https:\\\/\\\/www.mylasertabac.com\\\/wp-content\\\/litespeed\\\/avatar\\\/142101a71d7b9e6490c1120d9c109a67.jpg?ver=1776856306\",\"url\":\"https:\\\/\\\/www.mylasertabac.com\\\/wp-content\\\/litespeed\\\/avatar\\\/142101a71d7b9e6490c1120d9c109a67.jpg?ver=1776856306\",\"contentUrl\":\"https:\\\/\\\/www.mylasertabac.com\\\/wp-content\\\/litespeed\\\/avatar\\\/142101a71d7b9e6490c1120d9c109a67.jpg?ver=1776856306\",\"caption\":\"Florian Fortes\"},\"sameAs\":[\"https:\\\/\\\/www.mylasertabac.com\",\"https:\\\/\\\/www.facebook.com\\\/profile.php?id=61571554707319\"],\"url\":\"https:\\\/\\\/www.mylasertabac.com\\\/de\\\/author\\\/florianfortes5312\\\/\"}]}<\/script>\n<!-- \/ Yoast SEO plugin. -->","yoast_head_json":{"title":"Bildschirm, Kinder und Ungleichheiten: Wie sich der digitale Konsum bereits im Alter von 3-11 Jahren entscheidet - My Laser Tabac","description":"Erfahren Sie, wie die Bildschirmzeit Kinder beeinflusst und wie Sie eine gesunde digitale Balance im Alltag herstellen k\u00f6nnen.","robots":{"index":"index","follow":"follow","max-snippet":"max-snippet:-1","max-image-preview":"max-image-preview:large","max-video-preview":"max-video-preview:-1"},"canonical":"https:\/\/www.mylasertabac.com\/de\/bildschirm-kinder-und-ungleichheiten-wie-sich-der-digitale-konsum-bereits-im-alter-von-3-11-jahren-entscheidet\/","og_locale":"de_DE","og_type":"article","og_title":"Bildschirm, Kinder und Ungleichheiten: Wie sich der digitale Konsum bereits im Alter von 3-11 Jahren entscheidet - My Laser Tabac","og_description":"Erfahren Sie, wie die Bildschirmzeit Kinder beeinflusst und wie Sie eine gesunde digitale Balance im Alltag herstellen k\u00f6nnen.","og_url":"https:\/\/www.mylasertabac.com\/de\/bildschirm-kinder-und-ungleichheiten-wie-sich-der-digitale-konsum-bereits-im-alter-von-3-11-jahren-entscheidet\/","og_site_name":"My Laser Tabac","article_author":"https:\/\/www.facebook.com\/profile.php?id=61571554707319","article_published_time":"2025-10-28T08:22:07+00:00","article_modified_time":"2025-10-28T08:46:00+00:00","og_image":[{"width":1024,"height":683,"url":"https:\/\/www.mylasertabac.com\/wp-content\/uploads\/2025\/10\/addiction-des-jeunes-au-tablette-et-jeu-video--1024x683.png","type":"image\/png"}],"author":"Florian Fortes","twitter_card":"summary_large_image","twitter_misc":{"Verfasst von":"Florian Fortes","Gesch\u00e4tzte Lesezeit":"4\u00a0Minuten"},"schema":{"@context":"https:\/\/schema.org","@graph":[{"@type":"Article","@id":"https:\/\/www.mylasertabac.com\/de\/bildschirm-kinder-und-ungleichheiten-wie-sich-der-digitale-konsum-bereits-im-alter-von-3-11-jahren-entscheidet\/#article","isPartOf":{"@id":"https:\/\/www.mylasertabac.com\/de\/bildschirm-kinder-und-ungleichheiten-wie-sich-der-digitale-konsum-bereits-im-alter-von-3-11-jahren-entscheidet\/"},"author":{"name":"Florian Fortes","@id":"https:\/\/www.mylasertabac.com\/de\/#\/schema\/person\/02c249cb76d912efb6c315ec23eccdf3"},"headline":"Bildschirm, Kinder und Ungleichheiten: Wie sich der digitale Konsum bereits im Alter von 3-11 Jahren entscheidet","datePublished":"2025-10-28T08:22:07+00:00","dateModified":"2025-10-28T08:46:00+00:00","mainEntityOfPage":{"@id":"https:\/\/www.mylasertabac.com\/de\/bildschirm-kinder-und-ungleichheiten-wie-sich-der-digitale-konsum-bereits-im-alter-von-3-11-jahren-entscheidet\/"},"wordCount":752,"publisher":{"@id":"https:\/\/www.mylasertabac.com\/de\/#organization"},"image":{"@id":"https:\/\/www.mylasertabac.com\/de\/bildschirm-kinder-und-ungleichheiten-wie-sich-der-digitale-konsum-bereits-im-alter-von-3-11-jahren-entscheidet\/#primaryimage"},"thumbnailUrl":"https:\/\/www.mylasertabac.com\/wp-content\/uploads\/2025\/10\/addiction-des-jeunes-au-tablette-et-jeu-video-.png","articleSection":["Gesundheit"],"inLanguage":"de"},{"@type":"WebPage","@id":"https:\/\/www.mylasertabac.com\/de\/bildschirm-kinder-und-ungleichheiten-wie-sich-der-digitale-konsum-bereits-im-alter-von-3-11-jahren-entscheidet\/","url":"https:\/\/www.mylasertabac.com\/de\/bildschirm-kinder-und-ungleichheiten-wie-sich-der-digitale-konsum-bereits-im-alter-von-3-11-jahren-entscheidet\/","name":"Bildschirm, Kinder und Ungleichheiten: Wie sich der digitale Konsum bereits im Alter von 3-11 Jahren entscheidet - My Laser Tabac","isPartOf":{"@id":"https:\/\/www.mylasertabac.com\/de\/#website"},"primaryImageOfPage":{"@id":"https:\/\/www.mylasertabac.com\/de\/bildschirm-kinder-und-ungleichheiten-wie-sich-der-digitale-konsum-bereits-im-alter-von-3-11-jahren-entscheidet\/#primaryimage"},"image":{"@id":"https:\/\/www.mylasertabac.com\/de\/bildschirm-kinder-und-ungleichheiten-wie-sich-der-digitale-konsum-bereits-im-alter-von-3-11-jahren-entscheidet\/#primaryimage"},"thumbnailUrl":"https:\/\/www.mylasertabac.com\/wp-content\/uploads\/2025\/10\/addiction-des-jeunes-au-tablette-et-jeu-video-.png","datePublished":"2025-10-28T08:22:07+00:00","dateModified":"2025-10-28T08:46:00+00:00","description":"Erfahren Sie, wie die Bildschirmzeit Kinder beeinflusst und wie Sie eine gesunde digitale Balance im Alltag herstellen k\u00f6nnen.","breadcrumb":{"@id":"https:\/\/www.mylasertabac.com\/de\/bildschirm-kinder-und-ungleichheiten-wie-sich-der-digitale-konsum-bereits-im-alter-von-3-11-jahren-entscheidet\/#breadcrumb"},"inLanguage":"de","potentialAction":[{"@type":"ReadAction","target":["https:\/\/www.mylasertabac.com\/de\/bildschirm-kinder-und-ungleichheiten-wie-sich-der-digitale-konsum-bereits-im-alter-von-3-11-jahren-entscheidet\/"]}]},{"@type":"ImageObject","inLanguage":"de","@id":"https:\/\/www.mylasertabac.com\/de\/bildschirm-kinder-und-ungleichheiten-wie-sich-der-digitale-konsum-bereits-im-alter-von-3-11-jahren-entscheidet\/#primaryimage","url":"https:\/\/www.mylasertabac.com\/wp-content\/uploads\/2025\/10\/addiction-des-jeunes-au-tablette-et-jeu-video-.png","contentUrl":"https:\/\/www.mylasertabac.com\/wp-content\/uploads\/2025\/10\/addiction-des-jeunes-au-tablette-et-jeu-video-.png","width":1536,"height":1024},{"@type":"BreadcrumbList","@id":"https:\/\/www.mylasertabac.com\/de\/bildschirm-kinder-und-ungleichheiten-wie-sich-der-digitale-konsum-bereits-im-alter-von-3-11-jahren-entscheidet\/#breadcrumb","itemListElement":[{"@type":"ListItem","position":1,"name":"Accueil","item":"https:\/\/www.mylasertabac.com\/de\/startseite\/"},{"@type":"ListItem","position":2,"name":"Bildschirm, Kinder und Ungleichheiten: Wie sich der digitale Konsum bereits im Alter von 3-11 Jahren entscheidet"}]},{"@type":"WebSite","@id":"https:\/\/www.mylasertabac.com\/de\/#website","url":"https:\/\/www.mylasertabac.com\/de\/","name":"My Laser Tabac","description":"La solution laser qui transforme les fumeurs en ex-fumeurs","publisher":{"@id":"https:\/\/www.mylasertabac.com\/de\/#organization"},"potentialAction":[{"@type":"SearchAction","target":{"@type":"EntryPoint","urlTemplate":"https:\/\/www.mylasertabac.com\/de\/?s={search_term_string}"},"query-input":{"@type":"PropertyValueSpecification","valueRequired":true,"valueName":"search_term_string"}}],"inLanguage":"de"},{"@type":"Organization","@id":"https:\/\/www.mylasertabac.com\/de\/#organization","name":"My Laser Tabac","url":"https:\/\/www.mylasertabac.com\/de\/","logo":{"@type":"ImageObject","inLanguage":"de","@id":"https:\/\/www.mylasertabac.com\/de\/#\/schema\/logo\/image\/","url":"https:\/\/www.mylasertabac.com\/wp-content\/uploads\/2024\/12\/mlt-verteau.svg","contentUrl":"https:\/\/www.mylasertabac.com\/wp-content\/uploads\/2024\/12\/mlt-verteau.svg","caption":"My Laser Tabac"},"image":{"@id":"https:\/\/www.mylasertabac.com\/de\/#\/schema\/logo\/image\/"}},{"@type":"Person","@id":"https:\/\/www.mylasertabac.com\/de\/#\/schema\/person\/02c249cb76d912efb6c315ec23eccdf3","name":"Florian Fortes","image":{"@type":"ImageObject","inLanguage":"de","@id":"https:\/\/www.mylasertabac.com\/wp-content\/litespeed\/avatar\/142101a71d7b9e6490c1120d9c109a67.jpg?ver=1776856306","url":"https:\/\/www.mylasertabac.com\/wp-content\/litespeed\/avatar\/142101a71d7b9e6490c1120d9c109a67.jpg?ver=1776856306","contentUrl":"https:\/\/www.mylasertabac.com\/wp-content\/litespeed\/avatar\/142101a71d7b9e6490c1120d9c109a67.jpg?ver=1776856306","caption":"Florian Fortes"},"sameAs":["https:\/\/www.mylasertabac.com","https:\/\/www.facebook.com\/profile.php?id=61571554707319"],"url":"https:\/\/www.mylasertabac.com\/de\/author\/florianfortes5312\/"}]}},"_links":{"self":[{"href":"https:\/\/www.mylasertabac.com\/de\/wp-json\/wp\/v2\/posts\/18910","targetHints":{"allow":["GET"]}}],"collection":[{"href":"https:\/\/www.mylasertabac.com\/de\/wp-json\/wp\/v2\/posts"}],"about":[{"href":"https:\/\/www.mylasertabac.com\/de\/wp-json\/wp\/v2\/types\/post"}],"author":[{"embeddable":true,"href":"https:\/\/www.mylasertabac.com\/de\/wp-json\/wp\/v2\/users\/2"}],"replies":[{"embeddable":true,"href":"https:\/\/www.mylasertabac.com\/de\/wp-json\/wp\/v2\/comments?post=18910"}],"version-history":[{"count":7,"href":"https:\/\/www.mylasertabac.com\/de\/wp-json\/wp\/v2\/posts\/18910\/revisions"}],"predecessor-version":[{"id":18952,"href":"https:\/\/www.mylasertabac.com\/de\/wp-json\/wp\/v2\/posts\/18910\/revisions\/18952"}],"wp:featuredmedia":[{"embeddable":true,"href":"https:\/\/www.mylasertabac.com\/de\/wp-json\/wp\/v2\/media\/18898"}],"wp:attachment":[{"href":"https:\/\/www.mylasertabac.com\/de\/wp-json\/wp\/v2\/media?parent=18910"}],"wp:term":[{"taxonomy":"category","embeddable":true,"href":"https:\/\/www.mylasertabac.com\/de\/wp-json\/wp\/v2\/categories?post=18910"},{"taxonomy":"post_tag","embeddable":true,"href":"https:\/\/www.mylasertabac.com\/de\/wp-json\/wp\/v2\/tags?post=18910"}],"curies":[{"name":"wp","href":"https:\/\/api.w.org\/{rel}","templated":true}]}}