{"id":19013,"date":"2025-10-28T15:06:16","date_gmt":"2025-10-28T14:06:16","guid":{"rendered":"https:\/\/www.mylasertabac.com\/alkoholverkauf-an-minderjaehrige-wenn-das-gesetz-die-realitaet-verraet\/"},"modified":"2025-10-28T17:40:03","modified_gmt":"2025-10-28T16:40:03","slug":"alkoholverkauf-an-minderjaehrige-wenn-das-gesetz-die-realitaet-verraet","status":"publish","type":"post","link":"https:\/\/www.mylasertabac.com\/de\/alkoholverkauf-an-minderjaehrige-wenn-das-gesetz-die-realitaet-verraet\/","title":{"rendered":"Alkoholverkauf an Minderj\u00e4hrige: Wenn das Gesetz die Realit\u00e4t verr\u00e4t"},"content":{"rendered":"\n<div style=\"height:21px\" aria-hidden=\"true\" class=\"wp-block-spacer\"><\/div>\n\n<ol start=\"2025\" class=\"wp-block-list\">\n<li>Ein franz\u00f6sisches Gymnasium. Ein Donnerstagabend. Und ein unkontrolliert gekaufter Drink: &#8222;Wurde ich nach meinem Ausweis gefragt? Nein, man sagte mir: &#8218;Das ist f\u00fcr den Geburtstag meines Bruders&#8216;.&#8220; Dieser Ausschnitt, der w\u00e4hrend einer Kontrollma\u00dfnahme aufgenommen wurde, zeigt eine alarmierende Feststellung: Das Verbot des Verkaufs von Alkohol an Minderj\u00e4hrige existiert zwar, aber es bleibt allzu oft toter Buchstabe.  <\/li>\n<\/ol>\n\n<div style=\"height:21px\" aria-hidden=\"true\" class=\"wp-block-spacer\"><\/div>\n\n<h2 class=\"wp-block-heading\">Ein klares Verbot, aber wenig umgesetzt<\/h2>\n\n<p>Die Regel ist unmissverst\u00e4ndlich: Der Verkauf von alkoholischen Getr\u00e4nken an Minderj\u00e4hrige unter 18 Jahren ist verboten. <a href=\"https:\/\/sante.gouv.fr\/IMG\/pdf\/affiche_a4_debits_de_boissons_a_consommer_sur_place.pdf?utm_source=chatgpt.com\" target=\"_blank\" rel=\"noreferrer noopener\">Gesundheit und Autonomie+2Legifrance+2<\/a><br\/>Dennoch l\u00e4sst die Einhaltung dieses Gesetzes in der Praxis zu w\u00fcnschen \u00fcbrig.<br\/>Aufdeckende Umfragen bei gro\u00dfen Einzelhandelsunternehmen zeigen, dass die Mehrheit der Unternehmen immer noch Alkohol an Minderj\u00e4hrige verkauft, ohne einen Altersnachweis zu verlangen. <a href=\"https:\/\/www.economiematin.fr\/alcool-mineurs-vente-interdiction-supermarche-sante?utm_source=chatgpt.com\" target=\"_blank\" rel=\"noreferrer noopener\">Economiematin+2blog.addictions-france.org+2<\/a><br\/>Diese Situation wirft Fragen auf: Wer in den Gesch\u00e4ften oder Bars \u00fcbernimmt wirklich die Verantwortung f\u00fcr die \u00dcberpr\u00fcfung der Vollj\u00e4hrigkeit? Viele lassen es einfach laufen.<\/p>\n\n<div style=\"height:21px\" aria-hidden=\"true\" class=\"wp-block-spacer\"><\/div>\n\n<h2 class=\"wp-block-heading\">Die Rolle der Kassierer und der Druck des Handels<\/h2>\n\n<p>Wenn ein Jugendlicher eine Flasche f\u00fcr 8 \u20ac mit einer Tasche oder einer Dose bezahlt, stellt sich die Frage: Muss der Kassierer systematisch pr\u00fcfen?<br\/>Die rechtliche Antwort ist ja.<br\/>Aber in der Praxis sieht die Realit\u00e4t anders aus. Der Druck des Warenflusses, das Aussehen des Kunden, die Schnelligkeit des Kaufs&#8230; zu viele Elemente beg\u00fcnstigen Unt\u00e4tigkeit.<br\/>Das Gesundheitsgesetzbuch schreibt eine Verpflichtung vor: &#8222;Die Person, die das Getr\u00e4nk ausgibt, verlangt vom Kunden, dass er einen Nachweis seiner Vollj\u00e4hrigkeit vorlegt&#8220;. <a href=\"https:\/\/www.legifrance.gouv.fr\/codes\/id\/LEGISCTA000006171207?utm_source=chatgpt.com\" target=\"_blank\" rel=\"noreferrer noopener\">L\u00e9gifrance<\/a><br\/>Und dennoch: Seltene Kontrollen, begrenzte Sanktionen, geringere Wachsamkeit. <\/p>\n\n<div style=\"height:21px\" aria-hidden=\"true\" class=\"wp-block-spacer\"><\/div>\n\n<h2 class=\"wp-block-heading\">Wenn der Verkauf von Alkohol an Minderj\u00e4hrige zu einem Problem der \u00f6ffentlichen Gesundheit wird<\/h2>\n\n<p>Alkoholkonsum bei Jugendlichen hat, wenn er fr\u00fch beginnt, nachhaltige Auswirkungen: Lernst\u00f6rungen, Beeintr\u00e4chtigung der Gehirnreifung, erh\u00f6htes Risiko der Abh\u00e4ngigkeit. <a href=\"https:\/\/addictions-france.org\/actualites\/des-geants-de-la-grande-distribution-aux-bars-de-quartiers-tous-hors-la-loi-pour-la-vente-dalcool-aux-mineurs-12204\/?utm_source=chatgpt.com\" target=\"_blank\" rel=\"noreferrer noopener\">Addictions France+1<\/a><br\/>Ein 15-j\u00e4hriger Jugendlicher, der frei ein &#8222;Erholungsgetr\u00e4nk&#8220; kauft, ist bereits auf dem Weg zu einem potenziell alkoholabh\u00e4ngigen Erwachsenen.<br\/>Dennoch werden nur wenige Einrichtungen dauerhaft bestraft. Die Zahl der Meldungen bleibt gering, ebenso die Zahl der Strafverfolgungen.<br\/>Daraus ergibt sich die alarmierende Feststellung, dass die Umsetzung des Gesetzes eine Anpassungsvariable bleibt. Und w\u00e4hrenddessen zahlt die Jugend den Preis.<\/p>\n\n<div style=\"height:21px\" aria-hidden=\"true\" class=\"wp-block-spacer\"><\/div>\n\n<h2 class=\"wp-block-heading\">Handeln, bevor es zu sp\u00e4t ist<\/h2>\n\n<p>Wenn Sie Eltern, Lehrer oder Gesch\u00e4ftsleute sind, sollte diese Feststellung nicht l\u00e4hmen, sondern mobilisieren.<br\/>Hier sind einige konkrete M\u00f6glichkeiten:<\/p>\n\n<ul class=\"wp-block-list\">\n<li>Einf\u00fchrung einer systematischen Alters\u00fcberpr\u00fcfung in allen Gesch\u00e4ften.<\/li>\n\n\n\n<li>Schulung der Teams, um riskante Verhaltensweisen zu erkennen: Sp\u00e4ter Kauf, sichtbare Tasche, Gruppenkauf.<\/li>\n\n\n\n<li>Dialog mit den Jugendlichen. Erkl\u00e4ren Sie, dass Alkohol nicht nur &#8222;Party&#8220; ist, sondern ein Produkt, das alles ver\u00e4ndert: den K\u00f6rper, das Gehirn, das Leben. <\/li>\n\n\n\n<li>Alkoholfreie Alternativen anbieten, damit der Genuss erhalten bleibt, aber ohne die Risiken.<\/li>\n<\/ul>\n\n<p>Auch der Einzelhandel muss eine Rolle spielen: an die Regeln erinnern, das Verbot deutlich aush\u00e4ngen, den Verkauf an Jugendliche ohne Altersnachweis verweigern. Dies ist eine Haltung der kollektiven Verantwortung. <\/p>\n\n<div style=\"height:21px\" aria-hidden=\"true\" class=\"wp-block-spacer\"><\/div>\n\n<h2 class=\"wp-block-heading\">Gemeinsame Verantwortung<\/h2>\n\n<p>Der Verkauf von Alkohol an Minderj\u00e4hrige ist nicht nur ein individuelles Vers\u00e4umnis.<br\/>Es ist ein kollektives Versagen: Vertrieb, Gesetzgebung, \u00dcberwachung, Erziehung.<br\/>Jeder Akteur hat eine Rolle: vom Kassierer, der nach seinem Ausweis fragen muss, \u00fcber den Manager, der sein Team schulen muss, bis hin zur Gemeinde, die kontrollieren muss.<br\/>Und bis hin zu den Eltern, die mit ihrem Kind \u00fcber diese Geste sprechen m\u00fcssen, die in die Sucht abgleiten kann.<\/p>\n\n<div style=\"height:21px\" aria-hidden=\"true\" class=\"wp-block-spacer\"><\/div>\n\n<h2 class=\"wp-block-heading\">Schlussfolgerung<\/h2>\n\n<p>Der Handel und das Gesetz sind heute unausgewogen.<br\/>Alkohol an Minderj\u00e4hrige zu verkaufen, sollte nicht mehr die kleinste Verfehlung sein: Es ist ein gro\u00dfes Risiko f\u00fcr die \u00f6ffentliche Gesundheit.<br\/>Handeln Sie, damit das Gesetz nicht nur eine Anzeige bleibt: Es ist unser aller Verantwortung.<br\/>Denn hinter jedem Getr\u00e4nk, das zu fr\u00fch verkauft wird, kann ein Leben aus den Fugen geraten.<\/p>\n\n<div style=\"height:35px\" aria-hidden=\"true\" class=\"wp-block-spacer\"><\/div>\n\n<figure class=\"wp-block-image size-large\"><img decoding=\"async\" src=\"https:\/\/www.mylasertabac.com\/wp-content\/uploads\/\/mlt-verteau.svg\" alt=\"\" class=\"wp-image-13\"\/><\/figure>\n","protected":false},"excerpt":{"rendered":"<p>Ein klares Verbot, aber wenig umgesetzt Die Regel ist unmissverst\u00e4ndlich: Der Verkauf von alkoholischen Getr\u00e4nken an Minderj\u00e4hrige unter 18 Jahren ist verboten. Gesundheit und Autonomie+2Legifrance+2Dennoch l\u00e4sst die Einhaltung dieses Gesetzes in der Praxis zu w\u00fcnschen \u00fcbrig.Aufdeckende Umfragen bei gro\u00dfen Einzelhandelsunternehmen zeigen, dass die Mehrheit der Unternehmen immer noch Alkohol an Minderj\u00e4hrige verkauft, ohne einen Altersnachweis [&hellip;]<\/p>\n","protected":false},"author":2,"featured_media":19025,"comment_status":"closed","ping_status":"open","sticky":false,"template":"","format":"standard","meta":{"inline_featured_image":false,"footnotes":""},"categories":[79],"tags":[],"class_list":["post-19013","post","type-post","status-publish","format-standard","has-post-thumbnail","hentry","category-unkategorisiert"],"yoast_head":"<!-- This site is optimized with the Yoast SEO plugin v27.4 - https:\/\/yoast.com\/product\/yoast-seo-wordpress\/ -->\n<title>Alkoholverkauf an Minderj\u00e4hrige: Wenn das Gesetz die Realit\u00e4t verr\u00e4t - My Laser Tabac<\/title>\n<meta name=\"description\" content=\"Erfahren Sie, warum der Verkauf von Alkohol an Minderj\u00e4hrige trotz des Gesetzes immer noch eine gro\u00dfe Gefahr darstellt und wie Sie effektiv dagegen vorgehen k\u00f6nnen.\" \/>\n<meta name=\"robots\" content=\"index, follow, max-snippet:-1, max-image-preview:large, max-video-preview:-1\" \/>\n<link rel=\"canonical\" href=\"https:\/\/www.mylasertabac.com\/de\/alkoholverkauf-an-minderjaehrige-wenn-das-gesetz-die-realitaet-verraet\/\" \/>\n<meta property=\"og:locale\" content=\"de_DE\" \/>\n<meta property=\"og:type\" content=\"article\" \/>\n<meta property=\"og:title\" content=\"Alkoholverkauf an Minderj\u00e4hrige: Wenn das Gesetz die Realit\u00e4t verr\u00e4t - My Laser Tabac\" \/>\n<meta property=\"og:description\" content=\"Erfahren Sie, warum der Verkauf von Alkohol an Minderj\u00e4hrige trotz des Gesetzes immer noch eine gro\u00dfe Gefahr darstellt und wie Sie effektiv dagegen vorgehen k\u00f6nnen.\" \/>\n<meta property=\"og:url\" content=\"https:\/\/www.mylasertabac.com\/de\/alkoholverkauf-an-minderjaehrige-wenn-das-gesetz-die-realitaet-verraet\/\" \/>\n<meta property=\"og:site_name\" content=\"My Laser Tabac\" \/>\n<meta property=\"article:author\" content=\"https:\/\/www.facebook.com\/profile.php?id=61571554707319\" \/>\n<meta property=\"article:published_time\" content=\"2025-10-28T14:06:16+00:00\" \/>\n<meta property=\"article:modified_time\" content=\"2025-10-28T16:40:03+00:00\" \/>\n<meta property=\"og:image\" content=\"https:\/\/www.mylasertabac.com\/wp-content\/uploads\/2025\/10\/Vente-dalcool-au-mineur-qui-esy-le-responsable-1024x683.png\" \/>\n\t<meta property=\"og:image:width\" content=\"1024\" \/>\n\t<meta property=\"og:image:height\" content=\"683\" \/>\n\t<meta property=\"og:image:type\" content=\"image\/png\" \/>\n<meta name=\"author\" content=\"Florian Fortes\" \/>\n<meta name=\"twitter:card\" content=\"summary_large_image\" \/>\n<meta name=\"twitter:label1\" content=\"Verfasst von\" \/>\n\t<meta name=\"twitter:data1\" content=\"Florian Fortes\" \/>\n\t<meta name=\"twitter:label2\" content=\"Gesch\u00e4tzte Lesezeit\" \/>\n\t<meta name=\"twitter:data2\" content=\"3\u00a0Minuten\" \/>\n<script type=\"application\/ld+json\" class=\"yoast-schema-graph\">{\"@context\":\"https:\\\/\\\/schema.org\",\"@graph\":[{\"@type\":\"Article\",\"@id\":\"https:\\\/\\\/www.mylasertabac.com\\\/de\\\/alkoholverkauf-an-minderjaehrige-wenn-das-gesetz-die-realitaet-verraet\\\/#article\",\"isPartOf\":{\"@id\":\"https:\\\/\\\/www.mylasertabac.com\\\/de\\\/alkoholverkauf-an-minderjaehrige-wenn-das-gesetz-die-realitaet-verraet\\\/\"},\"author\":{\"name\":\"Florian Fortes\",\"@id\":\"https:\\\/\\\/www.mylasertabac.com\\\/de\\\/#\\\/schema\\\/person\\\/02c249cb76d912efb6c315ec23eccdf3\"},\"headline\":\"Alkoholverkauf an Minderj\u00e4hrige: Wenn das Gesetz die Realit\u00e4t verr\u00e4t\",\"datePublished\":\"2025-10-28T14:06:16+00:00\",\"dateModified\":\"2025-10-28T16:40:03+00:00\",\"mainEntityOfPage\":{\"@id\":\"https:\\\/\\\/www.mylasertabac.com\\\/de\\\/alkoholverkauf-an-minderjaehrige-wenn-das-gesetz-die-realitaet-verraet\\\/\"},\"wordCount\":638,\"publisher\":{\"@id\":\"https:\\\/\\\/www.mylasertabac.com\\\/de\\\/#organization\"},\"image\":{\"@id\":\"https:\\\/\\\/www.mylasertabac.com\\\/de\\\/alkoholverkauf-an-minderjaehrige-wenn-das-gesetz-die-realitaet-verraet\\\/#primaryimage\"},\"thumbnailUrl\":\"https:\\\/\\\/www.mylasertabac.com\\\/wp-content\\\/uploads\\\/2025\\\/10\\\/Vente-dalcool-au-mineur-qui-esy-le-responsable.png\",\"articleSection\":[\"Unkategorisiert\"],\"inLanguage\":\"de\"},{\"@type\":\"WebPage\",\"@id\":\"https:\\\/\\\/www.mylasertabac.com\\\/de\\\/alkoholverkauf-an-minderjaehrige-wenn-das-gesetz-die-realitaet-verraet\\\/\",\"url\":\"https:\\\/\\\/www.mylasertabac.com\\\/de\\\/alkoholverkauf-an-minderjaehrige-wenn-das-gesetz-die-realitaet-verraet\\\/\",\"name\":\"Alkoholverkauf an Minderj\u00e4hrige: Wenn das Gesetz die Realit\u00e4t verr\u00e4t - My Laser Tabac\",\"isPartOf\":{\"@id\":\"https:\\\/\\\/www.mylasertabac.com\\\/de\\\/#website\"},\"primaryImageOfPage\":{\"@id\":\"https:\\\/\\\/www.mylasertabac.com\\\/de\\\/alkoholverkauf-an-minderjaehrige-wenn-das-gesetz-die-realitaet-verraet\\\/#primaryimage\"},\"image\":{\"@id\":\"https:\\\/\\\/www.mylasertabac.com\\\/de\\\/alkoholverkauf-an-minderjaehrige-wenn-das-gesetz-die-realitaet-verraet\\\/#primaryimage\"},\"thumbnailUrl\":\"https:\\\/\\\/www.mylasertabac.com\\\/wp-content\\\/uploads\\\/2025\\\/10\\\/Vente-dalcool-au-mineur-qui-esy-le-responsable.png\",\"datePublished\":\"2025-10-28T14:06:16+00:00\",\"dateModified\":\"2025-10-28T16:40:03+00:00\",\"description\":\"Erfahren Sie, warum der Verkauf von Alkohol an Minderj\u00e4hrige trotz des Gesetzes immer noch eine gro\u00dfe Gefahr darstellt und wie Sie effektiv dagegen vorgehen k\u00f6nnen.\",\"breadcrumb\":{\"@id\":\"https:\\\/\\\/www.mylasertabac.com\\\/de\\\/alkoholverkauf-an-minderjaehrige-wenn-das-gesetz-die-realitaet-verraet\\\/#breadcrumb\"},\"inLanguage\":\"de\",\"potentialAction\":[{\"@type\":\"ReadAction\",\"target\":[\"https:\\\/\\\/www.mylasertabac.com\\\/de\\\/alkoholverkauf-an-minderjaehrige-wenn-das-gesetz-die-realitaet-verraet\\\/\"]}]},{\"@type\":\"ImageObject\",\"inLanguage\":\"de\",\"@id\":\"https:\\\/\\\/www.mylasertabac.com\\\/de\\\/alkoholverkauf-an-minderjaehrige-wenn-das-gesetz-die-realitaet-verraet\\\/#primaryimage\",\"url\":\"https:\\\/\\\/www.mylasertabac.com\\\/wp-content\\\/uploads\\\/2025\\\/10\\\/Vente-dalcool-au-mineur-qui-esy-le-responsable.png\",\"contentUrl\":\"https:\\\/\\\/www.mylasertabac.com\\\/wp-content\\\/uploads\\\/2025\\\/10\\\/Vente-dalcool-au-mineur-qui-esy-le-responsable.png\",\"width\":1536,\"height\":1024},{\"@type\":\"BreadcrumbList\",\"@id\":\"https:\\\/\\\/www.mylasertabac.com\\\/de\\\/alkoholverkauf-an-minderjaehrige-wenn-das-gesetz-die-realitaet-verraet\\\/#breadcrumb\",\"itemListElement\":[{\"@type\":\"ListItem\",\"position\":1,\"name\":\"Accueil\",\"item\":\"https:\\\/\\\/www.mylasertabac.com\\\/de\\\/startseite\\\/\"},{\"@type\":\"ListItem\",\"position\":2,\"name\":\"Alkoholverkauf an Minderj\u00e4hrige: Wenn das Gesetz die Realit\u00e4t verr\u00e4t\"}]},{\"@type\":\"WebSite\",\"@id\":\"https:\\\/\\\/www.mylasertabac.com\\\/de\\\/#website\",\"url\":\"https:\\\/\\\/www.mylasertabac.com\\\/de\\\/\",\"name\":\"My Laser Tabac\",\"description\":\"La solution laser qui transforme les fumeurs en ex-fumeurs\",\"publisher\":{\"@id\":\"https:\\\/\\\/www.mylasertabac.com\\\/de\\\/#organization\"},\"potentialAction\":[{\"@type\":\"SearchAction\",\"target\":{\"@type\":\"EntryPoint\",\"urlTemplate\":\"https:\\\/\\\/www.mylasertabac.com\\\/de\\\/?s={search_term_string}\"},\"query-input\":{\"@type\":\"PropertyValueSpecification\",\"valueRequired\":true,\"valueName\":\"search_term_string\"}}],\"inLanguage\":\"de\"},{\"@type\":\"Organization\",\"@id\":\"https:\\\/\\\/www.mylasertabac.com\\\/de\\\/#organization\",\"name\":\"My Laser Tabac\",\"url\":\"https:\\\/\\\/www.mylasertabac.com\\\/de\\\/\",\"logo\":{\"@type\":\"ImageObject\",\"inLanguage\":\"de\",\"@id\":\"https:\\\/\\\/www.mylasertabac.com\\\/de\\\/#\\\/schema\\\/logo\\\/image\\\/\",\"url\":\"https:\\\/\\\/www.mylasertabac.com\\\/wp-content\\\/uploads\\\/2024\\\/12\\\/mlt-verteau.svg\",\"contentUrl\":\"https:\\\/\\\/www.mylasertabac.com\\\/wp-content\\\/uploads\\\/2024\\\/12\\\/mlt-verteau.svg\",\"caption\":\"My Laser Tabac\"},\"image\":{\"@id\":\"https:\\\/\\\/www.mylasertabac.com\\\/de\\\/#\\\/schema\\\/logo\\\/image\\\/\"}},{\"@type\":\"Person\",\"@id\":\"https:\\\/\\\/www.mylasertabac.com\\\/de\\\/#\\\/schema\\\/person\\\/02c249cb76d912efb6c315ec23eccdf3\",\"name\":\"Florian Fortes\",\"image\":{\"@type\":\"ImageObject\",\"inLanguage\":\"de\",\"@id\":\"https:\\\/\\\/www.mylasertabac.com\\\/wp-content\\\/litespeed\\\/avatar\\\/142101a71d7b9e6490c1120d9c109a67.jpg?ver=1776856306\",\"url\":\"https:\\\/\\\/www.mylasertabac.com\\\/wp-content\\\/litespeed\\\/avatar\\\/142101a71d7b9e6490c1120d9c109a67.jpg?ver=1776856306\",\"contentUrl\":\"https:\\\/\\\/www.mylasertabac.com\\\/wp-content\\\/litespeed\\\/avatar\\\/142101a71d7b9e6490c1120d9c109a67.jpg?ver=1776856306\",\"caption\":\"Florian Fortes\"},\"sameAs\":[\"https:\\\/\\\/www.mylasertabac.com\",\"https:\\\/\\\/www.facebook.com\\\/profile.php?id=61571554707319\"],\"url\":\"https:\\\/\\\/www.mylasertabac.com\\\/de\\\/author\\\/florianfortes5312\\\/\"}]}<\/script>\n<!-- \/ Yoast SEO plugin. -->","yoast_head_json":{"title":"Alkoholverkauf an Minderj\u00e4hrige: Wenn das Gesetz die Realit\u00e4t verr\u00e4t - My Laser Tabac","description":"Erfahren Sie, warum der Verkauf von Alkohol an Minderj\u00e4hrige trotz des Gesetzes immer noch eine gro\u00dfe Gefahr darstellt und wie Sie effektiv dagegen vorgehen k\u00f6nnen.","robots":{"index":"index","follow":"follow","max-snippet":"max-snippet:-1","max-image-preview":"max-image-preview:large","max-video-preview":"max-video-preview:-1"},"canonical":"https:\/\/www.mylasertabac.com\/de\/alkoholverkauf-an-minderjaehrige-wenn-das-gesetz-die-realitaet-verraet\/","og_locale":"de_DE","og_type":"article","og_title":"Alkoholverkauf an Minderj\u00e4hrige: Wenn das Gesetz die Realit\u00e4t verr\u00e4t - My Laser Tabac","og_description":"Erfahren Sie, warum der Verkauf von Alkohol an Minderj\u00e4hrige trotz des Gesetzes immer noch eine gro\u00dfe Gefahr darstellt und wie Sie effektiv dagegen vorgehen k\u00f6nnen.","og_url":"https:\/\/www.mylasertabac.com\/de\/alkoholverkauf-an-minderjaehrige-wenn-das-gesetz-die-realitaet-verraet\/","og_site_name":"My Laser Tabac","article_author":"https:\/\/www.facebook.com\/profile.php?id=61571554707319","article_published_time":"2025-10-28T14:06:16+00:00","article_modified_time":"2025-10-28T16:40:03+00:00","og_image":[{"width":1024,"height":683,"url":"https:\/\/www.mylasertabac.com\/wp-content\/uploads\/2025\/10\/Vente-dalcool-au-mineur-qui-esy-le-responsable-1024x683.png","type":"image\/png"}],"author":"Florian Fortes","twitter_card":"summary_large_image","twitter_misc":{"Verfasst von":"Florian Fortes","Gesch\u00e4tzte Lesezeit":"3\u00a0Minuten"},"schema":{"@context":"https:\/\/schema.org","@graph":[{"@type":"Article","@id":"https:\/\/www.mylasertabac.com\/de\/alkoholverkauf-an-minderjaehrige-wenn-das-gesetz-die-realitaet-verraet\/#article","isPartOf":{"@id":"https:\/\/www.mylasertabac.com\/de\/alkoholverkauf-an-minderjaehrige-wenn-das-gesetz-die-realitaet-verraet\/"},"author":{"name":"Florian Fortes","@id":"https:\/\/www.mylasertabac.com\/de\/#\/schema\/person\/02c249cb76d912efb6c315ec23eccdf3"},"headline":"Alkoholverkauf an Minderj\u00e4hrige: Wenn das Gesetz die Realit\u00e4t verr\u00e4t","datePublished":"2025-10-28T14:06:16+00:00","dateModified":"2025-10-28T16:40:03+00:00","mainEntityOfPage":{"@id":"https:\/\/www.mylasertabac.com\/de\/alkoholverkauf-an-minderjaehrige-wenn-das-gesetz-die-realitaet-verraet\/"},"wordCount":638,"publisher":{"@id":"https:\/\/www.mylasertabac.com\/de\/#organization"},"image":{"@id":"https:\/\/www.mylasertabac.com\/de\/alkoholverkauf-an-minderjaehrige-wenn-das-gesetz-die-realitaet-verraet\/#primaryimage"},"thumbnailUrl":"https:\/\/www.mylasertabac.com\/wp-content\/uploads\/2025\/10\/Vente-dalcool-au-mineur-qui-esy-le-responsable.png","articleSection":["Unkategorisiert"],"inLanguage":"de"},{"@type":"WebPage","@id":"https:\/\/www.mylasertabac.com\/de\/alkoholverkauf-an-minderjaehrige-wenn-das-gesetz-die-realitaet-verraet\/","url":"https:\/\/www.mylasertabac.com\/de\/alkoholverkauf-an-minderjaehrige-wenn-das-gesetz-die-realitaet-verraet\/","name":"Alkoholverkauf an Minderj\u00e4hrige: Wenn das Gesetz die Realit\u00e4t verr\u00e4t - My Laser Tabac","isPartOf":{"@id":"https:\/\/www.mylasertabac.com\/de\/#website"},"primaryImageOfPage":{"@id":"https:\/\/www.mylasertabac.com\/de\/alkoholverkauf-an-minderjaehrige-wenn-das-gesetz-die-realitaet-verraet\/#primaryimage"},"image":{"@id":"https:\/\/www.mylasertabac.com\/de\/alkoholverkauf-an-minderjaehrige-wenn-das-gesetz-die-realitaet-verraet\/#primaryimage"},"thumbnailUrl":"https:\/\/www.mylasertabac.com\/wp-content\/uploads\/2025\/10\/Vente-dalcool-au-mineur-qui-esy-le-responsable.png","datePublished":"2025-10-28T14:06:16+00:00","dateModified":"2025-10-28T16:40:03+00:00","description":"Erfahren Sie, warum der Verkauf von Alkohol an Minderj\u00e4hrige trotz des Gesetzes immer noch eine gro\u00dfe Gefahr darstellt und wie Sie effektiv dagegen vorgehen k\u00f6nnen.","breadcrumb":{"@id":"https:\/\/www.mylasertabac.com\/de\/alkoholverkauf-an-minderjaehrige-wenn-das-gesetz-die-realitaet-verraet\/#breadcrumb"},"inLanguage":"de","potentialAction":[{"@type":"ReadAction","target":["https:\/\/www.mylasertabac.com\/de\/alkoholverkauf-an-minderjaehrige-wenn-das-gesetz-die-realitaet-verraet\/"]}]},{"@type":"ImageObject","inLanguage":"de","@id":"https:\/\/www.mylasertabac.com\/de\/alkoholverkauf-an-minderjaehrige-wenn-das-gesetz-die-realitaet-verraet\/#primaryimage","url":"https:\/\/www.mylasertabac.com\/wp-content\/uploads\/2025\/10\/Vente-dalcool-au-mineur-qui-esy-le-responsable.png","contentUrl":"https:\/\/www.mylasertabac.com\/wp-content\/uploads\/2025\/10\/Vente-dalcool-au-mineur-qui-esy-le-responsable.png","width":1536,"height":1024},{"@type":"BreadcrumbList","@id":"https:\/\/www.mylasertabac.com\/de\/alkoholverkauf-an-minderjaehrige-wenn-das-gesetz-die-realitaet-verraet\/#breadcrumb","itemListElement":[{"@type":"ListItem","position":1,"name":"Accueil","item":"https:\/\/www.mylasertabac.com\/de\/startseite\/"},{"@type":"ListItem","position":2,"name":"Alkoholverkauf an Minderj\u00e4hrige: Wenn das Gesetz die Realit\u00e4t verr\u00e4t"}]},{"@type":"WebSite","@id":"https:\/\/www.mylasertabac.com\/de\/#website","url":"https:\/\/www.mylasertabac.com\/de\/","name":"My Laser Tabac","description":"La solution laser qui transforme les fumeurs en ex-fumeurs","publisher":{"@id":"https:\/\/www.mylasertabac.com\/de\/#organization"},"potentialAction":[{"@type":"SearchAction","target":{"@type":"EntryPoint","urlTemplate":"https:\/\/www.mylasertabac.com\/de\/?s={search_term_string}"},"query-input":{"@type":"PropertyValueSpecification","valueRequired":true,"valueName":"search_term_string"}}],"inLanguage":"de"},{"@type":"Organization","@id":"https:\/\/www.mylasertabac.com\/de\/#organization","name":"My Laser Tabac","url":"https:\/\/www.mylasertabac.com\/de\/","logo":{"@type":"ImageObject","inLanguage":"de","@id":"https:\/\/www.mylasertabac.com\/de\/#\/schema\/logo\/image\/","url":"https:\/\/www.mylasertabac.com\/wp-content\/uploads\/2024\/12\/mlt-verteau.svg","contentUrl":"https:\/\/www.mylasertabac.com\/wp-content\/uploads\/2024\/12\/mlt-verteau.svg","caption":"My Laser Tabac"},"image":{"@id":"https:\/\/www.mylasertabac.com\/de\/#\/schema\/logo\/image\/"}},{"@type":"Person","@id":"https:\/\/www.mylasertabac.com\/de\/#\/schema\/person\/02c249cb76d912efb6c315ec23eccdf3","name":"Florian Fortes","image":{"@type":"ImageObject","inLanguage":"de","@id":"https:\/\/www.mylasertabac.com\/wp-content\/litespeed\/avatar\/142101a71d7b9e6490c1120d9c109a67.jpg?ver=1776856306","url":"https:\/\/www.mylasertabac.com\/wp-content\/litespeed\/avatar\/142101a71d7b9e6490c1120d9c109a67.jpg?ver=1776856306","contentUrl":"https:\/\/www.mylasertabac.com\/wp-content\/litespeed\/avatar\/142101a71d7b9e6490c1120d9c109a67.jpg?ver=1776856306","caption":"Florian Fortes"},"sameAs":["https:\/\/www.mylasertabac.com","https:\/\/www.facebook.com\/profile.php?id=61571554707319"],"url":"https:\/\/www.mylasertabac.com\/de\/author\/florianfortes5312\/"}]}},"_links":{"self":[{"href":"https:\/\/www.mylasertabac.com\/de\/wp-json\/wp\/v2\/posts\/19013","targetHints":{"allow":["GET"]}}],"collection":[{"href":"https:\/\/www.mylasertabac.com\/de\/wp-json\/wp\/v2\/posts"}],"about":[{"href":"https:\/\/www.mylasertabac.com\/de\/wp-json\/wp\/v2\/types\/post"}],"author":[{"embeddable":true,"href":"https:\/\/www.mylasertabac.com\/de\/wp-json\/wp\/v2\/users\/2"}],"replies":[{"embeddable":true,"href":"https:\/\/www.mylasertabac.com\/de\/wp-json\/wp\/v2\/comments?post=19013"}],"version-history":[{"count":3,"href":"https:\/\/www.mylasertabac.com\/de\/wp-json\/wp\/v2\/posts\/19013\/revisions"}],"predecessor-version":[{"id":19040,"href":"https:\/\/www.mylasertabac.com\/de\/wp-json\/wp\/v2\/posts\/19013\/revisions\/19040"}],"wp:featuredmedia":[{"embeddable":true,"href":"https:\/\/www.mylasertabac.com\/de\/wp-json\/wp\/v2\/media\/19025"}],"wp:attachment":[{"href":"https:\/\/www.mylasertabac.com\/de\/wp-json\/wp\/v2\/media?parent=19013"}],"wp:term":[{"taxonomy":"category","embeddable":true,"href":"https:\/\/www.mylasertabac.com\/de\/wp-json\/wp\/v2\/categories?post=19013"},{"taxonomy":"post_tag","embeddable":true,"href":"https:\/\/www.mylasertabac.com\/de\/wp-json\/wp\/v2\/tags?post=19013"}],"curies":[{"name":"wp","href":"https:\/\/api.w.org\/{rel}","templated":true}]}}