{"id":7764,"date":"2025-05-06T15:16:52","date_gmt":"2025-05-06T13:16:52","guid":{"rendered":"https:\/\/www.mylasertabac.com\/mundkrebs-und-tabak-alles-ueber-die-risiken-des-rauchens\/"},"modified":"2025-05-06T15:25:48","modified_gmt":"2025-05-06T13:25:48","slug":"mundkrebs-und-tabak-alles-ueber-die-risiken-des-rauchens","status":"publish","type":"post","link":"https:\/\/www.mylasertabac.com\/de\/mundkrebs-und-tabak-alles-ueber-die-risiken-des-rauchens\/","title":{"rendered":"Mundkrebs und Tabak: Alles \u00fcber die Risiken des Rauchens"},"content":{"rendered":"\n<p><\/p>\n\n<p>Tabak ist einer der wichtigsten Risikofaktoren f\u00fcr die Entstehung vieler Krebsarten, und Mundkrebs ist keine Ausnahme. Jedes Jahr werden in Frankreich mehr als 2.000 neue F\u00e4lle von Mundkrebs diagnostiziert. Diese Erkrankungen stehen h\u00e4ufig in Zusammenhang mit einem langj\u00e4hrigen Tabakkonsum und Faktoren wie Alkohol. Dieser Artikel erl\u00e4utert die Mechanismen, die das Rauchen mit Mundkrebs in Verbindung bringen, die Warnsignale und die wichtigsten Pr\u00e4ventionsstrategien, um sich zu sch\u00fctzen.   <\/p>\n\n<div style=\"height:24px\" aria-hidden=\"true\" class=\"wp-block-spacer\"><\/div>\n\n<figure class=\"wp-block-image alignleft size-full is-resized\"><img fetchpriority=\"high\" decoding=\"async\" width=\"1024\" height=\"1024\" src=\"https:\/\/www.mylasertabac.com\/wp-content\/uploads\/2025\/05\/cann.png\" alt=\"\" class=\"wp-image-7736\" style=\"width:376px;height:auto\" srcset=\"https:\/\/www.mylasertabac.com\/wp-content\/uploads\/2025\/05\/cann.png 1024w, https:\/\/www.mylasertabac.com\/wp-content\/uploads\/2025\/05\/cann-300x300.png 300w, https:\/\/www.mylasertabac.com\/wp-content\/uploads\/2025\/05\/cann-150x150.png 150w, https:\/\/www.mylasertabac.com\/wp-content\/uploads\/2025\/05\/cann-768x768.png 768w\" sizes=\"(max-width: 1024px) 100vw, 1024px\" \/><\/figure>\n\n<h2 class=\"wp-block-heading\"><strong>Der Zusammenhang zwischen Tabak und Mundkrebs<\/strong><\/h2>\n\n<p>Um die Auswirkungen des Tabaks auf die Mundgesundheit zu verstehen, ist es notwendig, die im Tabak enthaltenen Giftstoffe und ihre kumulative Wirkung auf die Gewebe der Mundh\u00f6hle zu analysieren.<\/p>\n\n<h3 class=\"wp-block-heading\"><strong>1. Die giftigen Chemikalien in Zigaretten<\/strong><\/h3>\n\n<p>Jede Zigarette enth\u00e4lt mehr als 7.000 chemische Verbindungen, von denen 69 als krebserregend bekannt sind. Teer, Nikotin und polyzyklische aromatische Kohlenwasserstoffe (PAK) spielen eine wichtige Rolle bei der Sch\u00e4digung der Zellen im Mund und Rachenraum. <\/p>\n\n<p>Diese Verbindungen schw\u00e4chen das Mundgewebe und beeintr\u00e4chtigen seine Regenerationsf\u00e4higkeit. Sie schaffen ein Umfeld, das die Entwicklung von genetischen Mutationen beg\u00fcnstigt, die zu pr\u00e4kanzer\u00f6sen oder krebsartigen L\u00e4sionen f\u00fchren. Die sch\u00e4dlichen Auswirkungen des Rauchens betreffen auch den Kehlkopf, die Kehle und die Lunge und erh\u00f6hen das Risiko, an Atemwegserkrankungen zu sterben.  <\/p>\n\n<div style=\"height:53px\" aria-hidden=\"true\" class=\"wp-block-spacer\"><\/div>\n\n<h3 class=\"wp-block-heading\"><strong>2. Die Rolle des Tabakkonsums bei der Entstehung von Krebs<\/strong><\/h3>\n\n<div style=\"height:24px\" aria-hidden=\"true\" class=\"wp-block-spacer\"><\/div>\n\n<p>Der Zusammenhang zwischen Tabak und Mundkrebs ist gut belegt. In Frankreich werden 75% der Mundkrebsf\u00e4lle mit dem Rauchen in Verbindung gebracht. Langj\u00e4hrige Raucher haben ein f\u00fcnf- bis zehnfach erh\u00f6htes Risiko im Vergleich zu Nichtrauchern.  <\/p>\n\n<p>Bei jeder Inhalation wird das Gewebe in der Mundh\u00f6hle und im Rachenraum hohen Toxizit\u00e4tswerten ausgesetzt. Diese Sch\u00e4den betreffen auch Personen, die dem Passivrauchen ausgesetzt sind, und erh\u00f6hen das Risiko schwerer Krankheiten auch bei Personen, die nicht direkt rauchen. <\/p>\n\n<div style=\"height:24px\" aria-hidden=\"true\" class=\"wp-block-spacer\"><\/div>\n\n<h3 class=\"wp-block-heading\"><strong>3. Die Auswirkungen anderer Formen des Rauchens<\/strong><\/h3>\n\n<div style=\"height:24px\" aria-hidden=\"true\" class=\"wp-block-spacer\"><\/div>\n\n<p>Zigaretten werden oft als Ursache f\u00fcr das Rauchen genannt, aber andere Raucherpraktiken wie Pfeifen, Zigarren oder Kautabak sind nicht weniger sch\u00e4dlich. Diese Formen setzen das Mundgewebe und den Rachenraum direkt hochgradig krebserregenden Substanzen aus. In Frankreich verdoppelt die Kombination von Tabak und Alkohol das Risiko, an Mundkrebs zu erkranken, da der Alkohol die Wirkung der toxischen Substanzen verst\u00e4rkt.  <\/p>\n\n<div style=\"height:24px\" aria-hidden=\"true\" class=\"wp-block-spacer\"><\/div>\n\n<h2 class=\"wp-block-heading\"><strong>Warnsignale, die Sie nicht ignorieren sollten<\/strong><\/h2>\n\n<div style=\"height:24px\" aria-hidden=\"true\" class=\"wp-block-spacer\"><\/div>\n\n<p>Die fr\u00fchzeitige Erkennung von Warnzeichen kann bei der Behandlung von Mundkrebs entscheidend sein. Hier sind die wichtigsten Indikatoren, auf die Sie achten sollten. <\/p>\n\n<div style=\"height:24px\" aria-hidden=\"true\" class=\"wp-block-spacer\"><\/div>\n\n<h3 class=\"wp-block-heading\"><strong>1. Sichtbare L\u00e4sionen im Mund<\/strong><\/h3>\n\n<div style=\"height:24px\" aria-hidden=\"true\" class=\"wp-block-spacer\"><\/div>\n\n<p>Zu den ersten Anzeichen geh\u00f6ren :<\/p>\n\n<ul class=\"wp-block-list\">\n<li>Wei\u00dfe (Leukoplakie) oder rote (Erythroplasie) Flecken auf dem Zahnfleisch, der Zunge oder der Innenseite der Wangen.<\/li>\n\n\n\n<li>Ulzerationen, die auch nach zwei Wochen nicht abheilten.<\/li>\n\n\n\n<li>Eine erh\u00f6hte Empfindlichkeit oder ungew\u00f6hnliche Schmerzen in der Mundh\u00f6hle oder im Rachen.<\/li>\n<\/ul>\n\n<p>Diese Erscheinungen k\u00f6nnen unbemerkt bleiben oder ignoriert werden. Sie erfordern jedoch einen schnellen Arztbesuch, um jedes Risiko auszuschlie\u00dfen. <\/p>\n\n<div style=\"height:24px\" aria-hidden=\"true\" class=\"wp-block-spacer\"><\/div>\n\n<h3 class=\"wp-block-heading\"><strong>2. Funktionelle \u00c4nderungen<\/strong><\/h3>\n\n<div style=\"height:24px\" aria-hidden=\"true\" class=\"wp-block-spacer\"><\/div>\n\n<p>Mit dem Fortschreiten der Krankheit treten Ver\u00e4nderungen auf. Die Patienten k\u00f6nnen Schwierigkeiten beim Schlucken, Sprechen oder Kauen haben. Diese Symptome betreffen oft den Hals und den Rachen, was auf eine m\u00f6gliche Ausbreitung der L\u00e4sionen hinweist.  <\/p>\n\n<div style=\"height:24px\" aria-hidden=\"true\" class=\"wp-block-spacer\"><\/div>\n\n<h3 class=\"wp-block-heading\"><strong>3. Geschwollene Lymphknoten<\/strong><\/h3>\n\n<div style=\"height:24px\" aria-hidden=\"true\" class=\"wp-block-spacer\"><\/div>\n\n<p>Eine anhaltende Schwellung im Halsbereich ist ein h\u00e4ufiges Symptom von fortgeschrittenem Mundkrebs. Dieses Zeichen kann auf eine Ausbreitung der Krebszellen \u00fcber die Mundh\u00f6hle hinaus hinweisen. <\/p>\n\n<div style=\"height:24px\" aria-hidden=\"true\" class=\"wp-block-spacer\"><\/div>\n\n<h2 class=\"wp-block-heading\"><strong>Warum wird Mundkrebs oft sp\u00e4t erkannt?<\/strong><\/h2>\n\n<div style=\"height:24px\" aria-hidden=\"true\" class=\"wp-block-spacer\"><\/div>\n\n<p>Leider ist die Fr\u00fchdiagnose von Mundkrebs immer noch selten. Die Gr\u00fcnde daf\u00fcr m\u00fcssen untersucht werden, um das Bewusstsein der Risikogruppen zu sch\u00e4rfen. <\/p>\n\n<div style=\"height:24px\" aria-hidden=\"true\" class=\"wp-block-spacer\"><\/div>\n\n<h3 class=\"wp-block-heading\"><strong>1. Das Fehlen von anf\u00e4nglichen Schmerzen<\/strong><\/h3>\n\n<div style=\"height:24px\" aria-hidden=\"true\" class=\"wp-block-spacer\"><\/div>\n\n<p>In den fr\u00fchen Stadien ist Mundkrebs oft schmerzlos. Diese Eigenschaft f\u00fchrt dazu, dass viele Menschen die fr\u00fchen Anzeichen ignorieren und so die Diagnose verz\u00f6gern. Die L\u00e4sionen, obwohl sie bereits vorhanden sind, verursachen in der Regel keine unmittelbaren Beschwerden. Dies f\u00fchrt zu einer sp\u00e4ten Diagnose, oft wenn sich die Krankheit bereits in einem fortgeschrittenen Stadium befindet.   <\/p>\n\n<p>Das Gewebe in Mund und Rachen, das regelm\u00e4\u00dfigen Angriffen durch Tabak und Alkohol ausgesetzt ist, wird unempfindlich gegen\u00fcber zahlreichen Reizungen. Diese Unempfindlichkeit verschleiert die ersten Symptome und verz\u00f6gert den Arztbesuch. <\/p>\n\n<div style=\"height:24px\" aria-hidden=\"true\" class=\"wp-block-spacer\"><\/div>\n\n<h3 class=\"wp-block-heading\"><strong>2. Mangel an Bewusstsein<\/strong><\/h3>\n\n<div style=\"height:24px\" aria-hidden=\"true\" class=\"wp-block-spacer\"><\/div>\n\n<p>In Frankreich untersch\u00e4tzen viele Raucher die mit dem Rauchen verbundenen Risiken. Der Mangel an Informationen \u00fcber die Symptome oder Krankheiten, die mit dem Passivrauchen verbunden sind, tr\u00e4gt ebenfalls zu dieser Unkenntnis bei. Die allgemeine Bev\u00f6lkerung assoziiert orale Anomalien nicht immer mit Warnsignalen f\u00fcr m\u00f6gliche Krebserkrankungen.  <\/p>\n\n<p>Eine unzureichende Aufkl\u00e4rungskampagne und die Verharmlosung der ersten Symptome bremsen die Pr\u00e4ventionsma\u00dfnahmen. Sp\u00e4te R\u00fcckmeldungen von Patienten an das Gesundheitspersonal sind weiterhin \u00fcblich. <\/p>\n\n<div style=\"height:24px\" aria-hidden=\"true\" class=\"wp-block-spacer\"><\/div>\n\n<h3 class=\"wp-block-heading\"><strong>3. Unzureichende medizinische Untersuchungen<\/strong><\/h3>\n\n<div style=\"height:24px\" aria-hidden=\"true\" class=\"wp-block-spacer\"><\/div>\n\n<p>Der Mangel an systematischen Vorsorgeuntersuchungen f\u00fcr Mundkrebs versch\u00e4rft auch die Verz\u00f6gerung bei der Diagnose. Im Gegensatz zu anderen Krebsarten wie Brust- oder Darmkrebs ist die Fr\u00fcherkennung von Mundkrebs noch keine g\u00e4ngige Praxis, was die Chancen auf eine Fr\u00fcherkennung der Krankheit verringert. <\/p>\n\n<div style=\"height:24px\" aria-hidden=\"true\" class=\"wp-block-spacer\"><\/div>\n\n<h2 class=\"wp-block-heading\"><strong>Pr\u00e4vention und Risikominderung<\/strong><\/h2>\n\n<div style=\"height:24px\" aria-hidden=\"true\" class=\"wp-block-spacer\"><\/div>\n\n<p>Um das Risiko, an Mundkrebs zu erkranken, zu verringern, k\u00f6nnen verschiedene vorbeugende Ma\u00dfnahmen ergriffen werden.<\/p>\n\n<div style=\"height:24px\" aria-hidden=\"true\" class=\"wp-block-spacer\"><\/div>\n\n<h3 class=\"wp-block-heading\"><strong>1. Mit dem Rauchen aufh\u00f6ren<\/strong><\/h3>\n\n<div style=\"height:24px\" aria-hidden=\"true\" class=\"wp-block-spacer\"><\/div>\n\n<p>Der Rauchstopp ist die wirksamste Ma\u00dfnahme, um das Risiko zu verringern. Wenn Sie mit dem Rauchen aufh\u00f6ren, beginnt die R\u00fcckkehr zu einer besseren Mundgesundheit schnell: <\/p>\n\n<div style=\"height:24px\" aria-hidden=\"true\" class=\"wp-block-spacer\"><\/div>\n\n<ul class=\"wp-block-list\">\n<li>Das Gewebe der Mundh\u00f6hle erlangt seine F\u00e4higkeit zur Regeneration zur\u00fcck.<\/li>\n\n\n\n<li>Das Krebsrisiko nimmt nach f\u00fcnf Jahren ohne Tabak signifikant ab.<\/li>\n\n\n\n<li>Jede Informationsseite, die auf spezialisierten Plattformen aufgerufen wird, kann praktische Ratschl\u00e4ge zur Unterst\u00fctzung Ihrer Raucherentw\u00f6hnung bieten.<\/li>\n<\/ul>\n\n<div style=\"height:35px\" aria-hidden=\"true\" class=\"wp-block-spacer\"><\/div>\n\n<figure class=\"wp-block-image alignleft size-large is-resized\"><img decoding=\"async\" width=\"683\" height=\"1024\" src=\"https:\/\/www.mylasertabac.com\/wp-content\/uploads\/2025\/05\/den-683x1024.png\" alt=\"\" class=\"wp-image-7744\" style=\"width:353px;height:auto\" srcset=\"https:\/\/www.mylasertabac.com\/wp-content\/uploads\/2025\/05\/den-683x1024.png 683w, https:\/\/www.mylasertabac.com\/wp-content\/uploads\/2025\/05\/den-200x300.png 200w, https:\/\/www.mylasertabac.com\/wp-content\/uploads\/2025\/05\/den-768x1152.png 768w, https:\/\/www.mylasertabac.com\/wp-content\/uploads\/2025\/05\/den.png 1024w\" sizes=\"(max-width: 683px) 100vw, 683px\" \/><\/figure>\n\n<h3 class=\"wp-block-heading\"><strong>2. Regelm\u00e4\u00dfiger Besuch beim Zahnarzt<\/strong><\/h3>\n\n<p>Regelm\u00e4\u00dfige Untersuchungen erm\u00f6glichen die Fr\u00fcherkennung von Anomalien. Zahn\u00e4rzte spielen in Frankreich eine Schl\u00fcsselrolle bei der Pr\u00e4vention und Fr\u00fcherkennung von Krebsvorstufen. Sie k\u00f6nnen Sie auch \u00fcber geeignete Produkte f\u00fcr die Mundhygiene informieren.  <\/p>\n\n<p><\/p>\n\n<h3 class=\"wp-block-heading\"><strong>3. Strenge Mundhygiene.<\/strong><\/h3>\n\n<p>T\u00e4gliches effektives Putzen, erg\u00e4nzt durch die Verwendung von Zahnseide, hilft, Infektionen und Entz\u00fcndungen zu begrenzen, die die Auswirkungen des Rauchens verschlimmern k\u00f6nnten. Menschen, die sich diese Gewohnheiten zu eigen machen, reduzieren das Risiko von Mundkomplikationen, die mit dem Rauchen in Verbindung stehen. <\/p>\n\n<div style=\"height:31px\" aria-hidden=\"true\" class=\"wp-block-spacer\"><\/div>\n\n<h3 class=\"wp-block-heading\"><strong>4. Beschr\u00e4nken Sie den Alkoholkonsum<\/strong><\/h3>\n\n<div style=\"height:24px\" aria-hidden=\"true\" class=\"wp-block-spacer\"><\/div>\n\n<p>Die Reduzierung oder der Verzicht auf Alkohol in Ihrem t\u00e4glichen Konsum hilft, die verst\u00e4rkende Wirkung von Alkohol auf die Giftstoffe des Tabaks zu verringern. Beachten Sie, dass Alkohol in Kombination mit Tabak das Risiko von Rachen- und Kehlkopfkrebs vervielfacht. <\/p>\n\n<div style=\"height:24px\" aria-hidden=\"true\" class=\"wp-block-spacer\"><\/div>\n\n<h3 class=\"wp-block-heading\"><strong>5. Verwendung von Nikotinersatzprodukten<\/strong><\/h3>\n\n<div style=\"height:24px\" aria-hidden=\"true\" class=\"wp-block-spacer\"><\/div>\n\n<p>Nikotinersatzpr\u00e4parate, die in Apotheken erh\u00e4ltlich sind, sind eine wirksame Unterst\u00fctzung bei der Entw\u00f6hnung. Sie reduzieren die Abh\u00e4ngigkeit und vermeiden gleichzeitig die Nebenwirkungen, die mit einem pl\u00f6tzlichen Absetzen verbunden sind. Wenden Sie sich an einen Arzt, um die richtigen Produkte f\u00fcr Ihre Situation zu finden.  <\/p>\n\n<div style=\"height:24px\" aria-hidden=\"true\" class=\"wp-block-spacer\"><\/div>\n\n<p class=\"has-cyan-bluish-gray-background-color has-background\">Dieser Artikel k\u00f6nnte f\u00fcr Sie von Interesse sein: <a href=\"https:\/\/www.mylasertabac.com\/de\/infos\/lasertraining-fuer-raucher-und-suechtige\/\"><mark style=\"background-color:rgba(0, 0, 0, 0)\" class=\"has-inline-color has-luminous-vivid-orange-color\">Lasertraining f\u00fcr Raucher und S\u00fcchtige<\/mark><\/a><\/p>\n\n<div style=\"height:24px\" aria-hidden=\"true\" class=\"wp-block-spacer\"><\/div>\n\n<h2 class=\"wp-block-heading\"><strong>Verf\u00fcgbare Behandlungen<\/strong><\/h2>\n\n<div style=\"height:24px\" aria-hidden=\"true\" class=\"wp-block-spacer\"><\/div>\n\n<p>Die Behandlung von Mundkrebs h\u00e4ngt vom Stadium der Krankheit ab und kann Folgendes umfassen :<\/p>\n\n<div style=\"height:24px\" aria-hidden=\"true\" class=\"wp-block-spacer\"><\/div>\n\n<h3 class=\"wp-block-heading\"><strong>1. Chirurgie<\/strong><\/h3>\n\n<div style=\"height:24px\" aria-hidden=\"true\" class=\"wp-block-spacer\"><\/div>\n\n<p>Eine Operation ist oft die erste Wahl bei der Behandlung von Mundkrebs. Dabei wird der Tumor und in einigen F\u00e4llen auch das angrenzende Gewebe entfernt. Wenn sich der Krebs in einem fortgeschrittenen Stadium befindet, kann eine teilweise oder vollst\u00e4ndige Entfernung von Strukturen wie der Zunge, des Zahnfleisches oder des Rachens erforderlich sein.  <\/p>\n\n<p>Rekonstruktive Techniken wie Hauttransplantationen oder Knochenrekonstruktionen erm\u00f6glichen die Wiederherstellung der \u00e4sthetischen und funktionellen Funktionen. Diese komplexen Eingriffe erfordern eine Betreuung durch spezialisierte multidisziplin\u00e4re Teams. <\/p>\n\n<div style=\"height:24px\" aria-hidden=\"true\" class=\"wp-block-spacer\"><\/div>\n\n<h3 class=\"wp-block-heading\"><strong>2. Strahlentherapie<\/strong><\/h3>\n\n<div style=\"height:24px\" aria-hidden=\"true\" class=\"wp-block-spacer\"><\/div>\n\n<p>Die Strahlentherapie nutzt ionisierende Strahlung zur Zerst\u00f6rung von Krebszellen. Diese Behandlung wird h\u00e4ufig nach der Operation eingesetzt, um verbleibende Zellen zu entfernen, oder als erste Ma\u00dfnahme bei lokal begrenzten Krebserkrankungen. Obwohl sie sehr wirksam ist, kann sie Nebenwirkungen wie Mundtrockenheit, Halsschmerzen und Geschmacksver\u00e4nderungen verursachen.  <\/p>\n\n<p>Eine sorgf\u00e4ltige \u00dcberwachung ist erforderlich, um diese Unannehmlichkeiten zu begrenzen und die Behandlung an diese Auswirkungen anzupassen.<\/p>\n\n<div style=\"height:24px\" aria-hidden=\"true\" class=\"wp-block-spacer\"><\/div>\n\n<h3 class=\"wp-block-heading\"><strong>3. Chemotherapie und Immuntherapie<\/strong><\/h3>\n\n<div style=\"height:24px\" aria-hidden=\"true\" class=\"wp-block-spacer\"><\/div>\n\n<p>Die Chemotherapie wird h\u00e4ufig bei fortgeschrittenem oder metastasierendem Mundkrebs eingesetzt. Sie wirkt, indem sie das Wachstum der Krebszellen verlangsamt und kann mit einer Operation oder Strahlentherapie kombiniert werden, um die Erfolgschancen zu maximieren. Diese Behandlung kann jedoch Nebenwirkungen wie \u00dcbelkeit, Gewichtsverlust oder starke M\u00fcdigkeit verursachen.  <\/p>\n\n<p>Die Immuntherapie hingegen ist eine neuere und vielversprechende Methode. Sie stimuliert das Immunsystem des Patienten, um die Krebszellen anzugreifen und zu zerst\u00f6ren. Diese Behandlung ist besonders n\u00fctzlich bei Krebserkrankungen, die gegen herk\u00f6mmliche Therapien resistent sind.  <\/p>\n\n<div style=\"height:24px\" aria-hidden=\"true\" class=\"wp-block-spacer\"><\/div>\n\n<h3 class=\"wp-block-heading\"><strong>4. Palliative Pflege<\/strong><\/h3>\n\n<div style=\"height:24px\" aria-hidden=\"true\" class=\"wp-block-spacer\"><\/div>\n\n<p>In F\u00e4llen, in denen sich der Krebs in einem sehr fortgeschrittenen Stadium befindet, ist die Palliativmedizin von entscheidender Bedeutung. Sie zielt darauf ab, die Lebensqualit\u00e4t des Patienten zu verbessern, indem sie Schmerzen reduziert und emotionale und medizinische Unterst\u00fctzung bietet. Die spezialisierten Teams stellen au\u00dferdem sicher, dass die Patienten die richtige Pflege erhalten, um mit den Nebenwirkungen der Behandlung fertig zu werden.  <\/p>\n\n<div style=\"height:29px\" aria-hidden=\"true\" class=\"wp-block-spacer\"><\/div>\n\n<h2 class=\"wp-block-heading\"><strong>Schlussfolgerung<\/strong><\/h2>\n\n<p>Rauchen ist ein Schl\u00fcsselfaktor bei der Entstehung von Mundkrebs, aber auch bei anderen schweren Erkrankungen, die den Hals und die Lungen betreffen. Ein besseres Bewusstsein f\u00fcr die Risiken ist in Kombination mit vorbeugenden Ma\u00dfnahmen wie Raucherentw\u00f6hnung, regelm\u00e4\u00dfigen zahn\u00e4rztlichen Untersuchungen und strenger Mundhygiene entscheidend f\u00fcr die Reduzierung dieser Gefahren. <\/p>\n\n<p>Denken Sie daran, dass es nie zu sp\u00e4t ist, etwas zu tun. Suchen Sie einen Gesundheitsexperten auf, um Ihre Situation zu beurteilen und eine pers\u00f6nliche Beratung zu erhalten. Jeder Schritt hin zu einem rauchfreien Lebensstil ist ein Schritt zu einer besseren Gesundheit f\u00fcr Sie und die Menschen in Ihrer Umgebung. Achten Sie heute auf sich   <\/p>\n\n<p>Wenn Sie mit <a href=\"https:\/\/www.mylasertabac.com\/de\/\">dem Rauchen aufh\u00f6ren<\/a> m\u00f6chten, besuchen Sie eines unserer <a href=\"https:\/\/www.mylasertabac.com\/de\/unsere-zentren\/\">Laserzentren<\/a> in Ihrer N\u00e4he.<\/p>\n\n<div style=\"height:50px\" aria-hidden=\"true\" class=\"wp-block-spacer\"><\/div>\n\n<figure class=\"wp-block-image alignfull size-large\"><img decoding=\"async\" src=\"https:\/\/www.mylasertabac.com\/wp-content\/uploads\/\/mlt-verteau.svg\" alt=\"\" class=\"wp-image-13\"\/><\/figure>\n","protected":false},"excerpt":{"rendered":"<p>Tabak ist einer der wichtigsten Risikofaktoren f\u00fcr die Entstehung vieler Krebsarten, und Mundkrebs ist keine Ausnahme. Jedes Jahr werden in Frankreich mehr als 2.000 neue F\u00e4lle von Mundkrebs diagnostiziert. Diese Erkrankungen stehen h\u00e4ufig in Zusammenhang mit einem langj\u00e4hrigen Tabakkonsum und Faktoren wie Alkohol. Dieser Artikel erl\u00e4utert die Mechanismen, die das Rauchen mit Mundkrebs in Verbindung [&hellip;]<\/p>\n","protected":false},"author":2,"featured_media":7732,"comment_status":"closed","ping_status":"open","sticky":false,"template":"","format":"standard","meta":{"inline_featured_image":false,"footnotes":""},"categories":[154],"tags":[],"class_list":["post-7764","post","type-post","status-publish","format-standard","has-post-thumbnail","hentry","category-gesundheit"],"yoast_head":"<!-- This site is optimized with the Yoast SEO plugin v27.5 - https:\/\/yoast.com\/product\/yoast-seo-wordpress\/ -->\n<title>Mundkrebs und Tabak: Alles \u00fcber die Risiken des Rauchens - My Laser Tabac<\/title>\n<meta name=\"description\" content=\"Sie m\u00f6chten wissen, wie hoch das Risiko ist, als Folge des Zigarettenkonsums an Mundkrebs zu erkranken.\" \/>\n<meta name=\"robots\" content=\"index, follow, max-snippet:-1, max-image-preview:large, max-video-preview:-1\" \/>\n<link rel=\"canonical\" href=\"https:\/\/www.mylasertabac.com\/de\/mundkrebs-und-tabak-alles-ueber-die-risiken-des-rauchens\/\" \/>\n<meta property=\"og:locale\" content=\"de_DE\" \/>\n<meta property=\"og:type\" content=\"article\" \/>\n<meta property=\"og:title\" content=\"Mundkrebs und Tabak: Alles \u00fcber die Risiken des Rauchens - My Laser Tabac\" \/>\n<meta property=\"og:description\" content=\"Sie m\u00f6chten wissen, wie hoch das Risiko ist, als Folge des Zigarettenkonsums an Mundkrebs zu erkranken.\" \/>\n<meta property=\"og:url\" content=\"https:\/\/www.mylasertabac.com\/de\/mundkrebs-und-tabak-alles-ueber-die-risiken-des-rauchens\/\" \/>\n<meta property=\"og:site_name\" content=\"My Laser Tabac\" \/>\n<meta property=\"article:author\" content=\"https:\/\/www.facebook.com\/profile.php?id=61571554707319\" \/>\n<meta property=\"article:published_time\" content=\"2025-05-06T13:16:52+00:00\" \/>\n<meta property=\"article:modified_time\" content=\"2025-05-06T13:25:48+00:00\" \/>\n<meta property=\"og:image\" content=\"https:\/\/www.mylasertabac.com\/wp-content\/uploads\/2025\/05\/can-1024x683.png\" \/>\n\t<meta property=\"og:image:width\" content=\"1024\" \/>\n\t<meta property=\"og:image:height\" content=\"683\" \/>\n\t<meta property=\"og:image:type\" content=\"image\/png\" \/>\n<meta name=\"author\" content=\"Florian Fortes\" \/>\n<meta name=\"twitter:card\" content=\"summary_large_image\" \/>\n<meta name=\"twitter:label1\" content=\"Verfasst von\" \/>\n\t<meta name=\"twitter:data1\" content=\"Florian Fortes\" \/>\n\t<meta name=\"twitter:label2\" content=\"Gesch\u00e4tzte Lesezeit\" \/>\n\t<meta name=\"twitter:data2\" content=\"8\u00a0Minuten\" \/>\n<script type=\"application\/ld+json\" class=\"yoast-schema-graph\">{\"@context\":\"https:\\\/\\\/schema.org\",\"@graph\":[{\"@type\":\"Article\",\"@id\":\"https:\\\/\\\/www.mylasertabac.com\\\/de\\\/mundkrebs-und-tabak-alles-ueber-die-risiken-des-rauchens\\\/#article\",\"isPartOf\":{\"@id\":\"https:\\\/\\\/www.mylasertabac.com\\\/de\\\/mundkrebs-und-tabak-alles-ueber-die-risiken-des-rauchens\\\/\"},\"author\":{\"name\":\"Florian Fortes\",\"@id\":\"https:\\\/\\\/www.mylasertabac.com\\\/de\\\/#\\\/schema\\\/person\\\/02c249cb76d912efb6c315ec23eccdf3\"},\"headline\":\"Mundkrebs und Tabak: Alles \u00fcber die Risiken des Rauchens\",\"datePublished\":\"2025-05-06T13:16:52+00:00\",\"dateModified\":\"2025-05-06T13:25:48+00:00\",\"mainEntityOfPage\":{\"@id\":\"https:\\\/\\\/www.mylasertabac.com\\\/de\\\/mundkrebs-und-tabak-alles-ueber-die-risiken-des-rauchens\\\/\"},\"wordCount\":1567,\"publisher\":{\"@id\":\"https:\\\/\\\/www.mylasertabac.com\\\/de\\\/#organization\"},\"image\":{\"@id\":\"https:\\\/\\\/www.mylasertabac.com\\\/de\\\/mundkrebs-und-tabak-alles-ueber-die-risiken-des-rauchens\\\/#primaryimage\"},\"thumbnailUrl\":\"https:\\\/\\\/www.mylasertabac.com\\\/wp-content\\\/uploads\\\/2025\\\/05\\\/can.png\",\"articleSection\":[\"Gesundheit\"],\"inLanguage\":\"de\"},{\"@type\":\"WebPage\",\"@id\":\"https:\\\/\\\/www.mylasertabac.com\\\/de\\\/mundkrebs-und-tabak-alles-ueber-die-risiken-des-rauchens\\\/\",\"url\":\"https:\\\/\\\/www.mylasertabac.com\\\/de\\\/mundkrebs-und-tabak-alles-ueber-die-risiken-des-rauchens\\\/\",\"name\":\"Mundkrebs und Tabak: Alles \u00fcber die Risiken des Rauchens - My Laser Tabac\",\"isPartOf\":{\"@id\":\"https:\\\/\\\/www.mylasertabac.com\\\/de\\\/#website\"},\"primaryImageOfPage\":{\"@id\":\"https:\\\/\\\/www.mylasertabac.com\\\/de\\\/mundkrebs-und-tabak-alles-ueber-die-risiken-des-rauchens\\\/#primaryimage\"},\"image\":{\"@id\":\"https:\\\/\\\/www.mylasertabac.com\\\/de\\\/mundkrebs-und-tabak-alles-ueber-die-risiken-des-rauchens\\\/#primaryimage\"},\"thumbnailUrl\":\"https:\\\/\\\/www.mylasertabac.com\\\/wp-content\\\/uploads\\\/2025\\\/05\\\/can.png\",\"datePublished\":\"2025-05-06T13:16:52+00:00\",\"dateModified\":\"2025-05-06T13:25:48+00:00\",\"description\":\"Sie m\u00f6chten wissen, wie hoch das Risiko ist, als Folge des Zigarettenkonsums an Mundkrebs zu erkranken.\",\"breadcrumb\":{\"@id\":\"https:\\\/\\\/www.mylasertabac.com\\\/de\\\/mundkrebs-und-tabak-alles-ueber-die-risiken-des-rauchens\\\/#breadcrumb\"},\"inLanguage\":\"de\",\"potentialAction\":[{\"@type\":\"ReadAction\",\"target\":[\"https:\\\/\\\/www.mylasertabac.com\\\/de\\\/mundkrebs-und-tabak-alles-ueber-die-risiken-des-rauchens\\\/\"]}]},{\"@type\":\"ImageObject\",\"inLanguage\":\"de\",\"@id\":\"https:\\\/\\\/www.mylasertabac.com\\\/de\\\/mundkrebs-und-tabak-alles-ueber-die-risiken-des-rauchens\\\/#primaryimage\",\"url\":\"https:\\\/\\\/www.mylasertabac.com\\\/wp-content\\\/uploads\\\/2025\\\/05\\\/can.png\",\"contentUrl\":\"https:\\\/\\\/www.mylasertabac.com\\\/wp-content\\\/uploads\\\/2025\\\/05\\\/can.png\",\"width\":1536,\"height\":1024},{\"@type\":\"BreadcrumbList\",\"@id\":\"https:\\\/\\\/www.mylasertabac.com\\\/de\\\/mundkrebs-und-tabak-alles-ueber-die-risiken-des-rauchens\\\/#breadcrumb\",\"itemListElement\":[{\"@type\":\"ListItem\",\"position\":1,\"name\":\"Accueil\",\"item\":\"https:\\\/\\\/www.mylasertabac.com\\\/de\\\/startseite\\\/\"},{\"@type\":\"ListItem\",\"position\":2,\"name\":\"Mundkrebs und Tabak: Alles \u00fcber die Risiken des Rauchens\"}]},{\"@type\":\"WebSite\",\"@id\":\"https:\\\/\\\/www.mylasertabac.com\\\/de\\\/#website\",\"url\":\"https:\\\/\\\/www.mylasertabac.com\\\/de\\\/\",\"name\":\"My Laser Tabac\",\"description\":\"La solution laser qui transforme les fumeurs en ex-fumeurs\",\"publisher\":{\"@id\":\"https:\\\/\\\/www.mylasertabac.com\\\/de\\\/#organization\"},\"potentialAction\":[{\"@type\":\"SearchAction\",\"target\":{\"@type\":\"EntryPoint\",\"urlTemplate\":\"https:\\\/\\\/www.mylasertabac.com\\\/de\\\/?s={search_term_string}\"},\"query-input\":{\"@type\":\"PropertyValueSpecification\",\"valueRequired\":true,\"valueName\":\"search_term_string\"}}],\"inLanguage\":\"de\"},{\"@type\":\"Organization\",\"@id\":\"https:\\\/\\\/www.mylasertabac.com\\\/de\\\/#organization\",\"name\":\"My Laser Tabac\",\"url\":\"https:\\\/\\\/www.mylasertabac.com\\\/de\\\/\",\"logo\":{\"@type\":\"ImageObject\",\"inLanguage\":\"de\",\"@id\":\"https:\\\/\\\/www.mylasertabac.com\\\/de\\\/#\\\/schema\\\/logo\\\/image\\\/\",\"url\":\"https:\\\/\\\/www.mylasertabac.com\\\/wp-content\\\/uploads\\\/2024\\\/12\\\/mlt-verteau.svg\",\"contentUrl\":\"https:\\\/\\\/www.mylasertabac.com\\\/wp-content\\\/uploads\\\/2024\\\/12\\\/mlt-verteau.svg\",\"caption\":\"My Laser Tabac\"},\"image\":{\"@id\":\"https:\\\/\\\/www.mylasertabac.com\\\/de\\\/#\\\/schema\\\/logo\\\/image\\\/\"}},{\"@type\":\"Person\",\"@id\":\"https:\\\/\\\/www.mylasertabac.com\\\/de\\\/#\\\/schema\\\/person\\\/02c249cb76d912efb6c315ec23eccdf3\",\"name\":\"Florian Fortes\",\"image\":{\"@type\":\"ImageObject\",\"inLanguage\":\"de\",\"@id\":\"https:\\\/\\\/www.mylasertabac.com\\\/wp-content\\\/litespeed\\\/avatar\\\/142101a71d7b9e6490c1120d9c109a67.jpg?ver=1777461116\",\"url\":\"https:\\\/\\\/www.mylasertabac.com\\\/wp-content\\\/litespeed\\\/avatar\\\/142101a71d7b9e6490c1120d9c109a67.jpg?ver=1777461116\",\"contentUrl\":\"https:\\\/\\\/www.mylasertabac.com\\\/wp-content\\\/litespeed\\\/avatar\\\/142101a71d7b9e6490c1120d9c109a67.jpg?ver=1777461116\",\"caption\":\"Florian Fortes\"},\"sameAs\":[\"https:\\\/\\\/www.mylasertabac.com\",\"https:\\\/\\\/www.facebook.com\\\/profile.php?id=61571554707319\"],\"url\":\"https:\\\/\\\/www.mylasertabac.com\\\/de\\\/author\\\/florianfortes5312\\\/\"}]}<\/script>\n<!-- \/ Yoast SEO plugin. -->","yoast_head_json":{"title":"Mundkrebs und Tabak: Alles \u00fcber die Risiken des Rauchens - My Laser Tabac","description":"Sie m\u00f6chten wissen, wie hoch das Risiko ist, als Folge des Zigarettenkonsums an Mundkrebs zu erkranken.","robots":{"index":"index","follow":"follow","max-snippet":"max-snippet:-1","max-image-preview":"max-image-preview:large","max-video-preview":"max-video-preview:-1"},"canonical":"https:\/\/www.mylasertabac.com\/de\/mundkrebs-und-tabak-alles-ueber-die-risiken-des-rauchens\/","og_locale":"de_DE","og_type":"article","og_title":"Mundkrebs und Tabak: Alles \u00fcber die Risiken des Rauchens - My Laser Tabac","og_description":"Sie m\u00f6chten wissen, wie hoch das Risiko ist, als Folge des Zigarettenkonsums an Mundkrebs zu erkranken.","og_url":"https:\/\/www.mylasertabac.com\/de\/mundkrebs-und-tabak-alles-ueber-die-risiken-des-rauchens\/","og_site_name":"My Laser Tabac","article_author":"https:\/\/www.facebook.com\/profile.php?id=61571554707319","article_published_time":"2025-05-06T13:16:52+00:00","article_modified_time":"2025-05-06T13:25:48+00:00","og_image":[{"width":1024,"height":683,"url":"https:\/\/www.mylasertabac.com\/wp-content\/uploads\/2025\/05\/can-1024x683.png","type":"image\/png"}],"author":"Florian Fortes","twitter_card":"summary_large_image","twitter_misc":{"Verfasst von":"Florian Fortes","Gesch\u00e4tzte Lesezeit":"8\u00a0Minuten"},"schema":{"@context":"https:\/\/schema.org","@graph":[{"@type":"Article","@id":"https:\/\/www.mylasertabac.com\/de\/mundkrebs-und-tabak-alles-ueber-die-risiken-des-rauchens\/#article","isPartOf":{"@id":"https:\/\/www.mylasertabac.com\/de\/mundkrebs-und-tabak-alles-ueber-die-risiken-des-rauchens\/"},"author":{"name":"Florian Fortes","@id":"https:\/\/www.mylasertabac.com\/de\/#\/schema\/person\/02c249cb76d912efb6c315ec23eccdf3"},"headline":"Mundkrebs und Tabak: Alles \u00fcber die Risiken des Rauchens","datePublished":"2025-05-06T13:16:52+00:00","dateModified":"2025-05-06T13:25:48+00:00","mainEntityOfPage":{"@id":"https:\/\/www.mylasertabac.com\/de\/mundkrebs-und-tabak-alles-ueber-die-risiken-des-rauchens\/"},"wordCount":1567,"publisher":{"@id":"https:\/\/www.mylasertabac.com\/de\/#organization"},"image":{"@id":"https:\/\/www.mylasertabac.com\/de\/mundkrebs-und-tabak-alles-ueber-die-risiken-des-rauchens\/#primaryimage"},"thumbnailUrl":"https:\/\/www.mylasertabac.com\/wp-content\/uploads\/2025\/05\/can.png","articleSection":["Gesundheit"],"inLanguage":"de"},{"@type":"WebPage","@id":"https:\/\/www.mylasertabac.com\/de\/mundkrebs-und-tabak-alles-ueber-die-risiken-des-rauchens\/","url":"https:\/\/www.mylasertabac.com\/de\/mundkrebs-und-tabak-alles-ueber-die-risiken-des-rauchens\/","name":"Mundkrebs und Tabak: Alles \u00fcber die Risiken des Rauchens - My Laser Tabac","isPartOf":{"@id":"https:\/\/www.mylasertabac.com\/de\/#website"},"primaryImageOfPage":{"@id":"https:\/\/www.mylasertabac.com\/de\/mundkrebs-und-tabak-alles-ueber-die-risiken-des-rauchens\/#primaryimage"},"image":{"@id":"https:\/\/www.mylasertabac.com\/de\/mundkrebs-und-tabak-alles-ueber-die-risiken-des-rauchens\/#primaryimage"},"thumbnailUrl":"https:\/\/www.mylasertabac.com\/wp-content\/uploads\/2025\/05\/can.png","datePublished":"2025-05-06T13:16:52+00:00","dateModified":"2025-05-06T13:25:48+00:00","description":"Sie m\u00f6chten wissen, wie hoch das Risiko ist, als Folge des Zigarettenkonsums an Mundkrebs zu erkranken.","breadcrumb":{"@id":"https:\/\/www.mylasertabac.com\/de\/mundkrebs-und-tabak-alles-ueber-die-risiken-des-rauchens\/#breadcrumb"},"inLanguage":"de","potentialAction":[{"@type":"ReadAction","target":["https:\/\/www.mylasertabac.com\/de\/mundkrebs-und-tabak-alles-ueber-die-risiken-des-rauchens\/"]}]},{"@type":"ImageObject","inLanguage":"de","@id":"https:\/\/www.mylasertabac.com\/de\/mundkrebs-und-tabak-alles-ueber-die-risiken-des-rauchens\/#primaryimage","url":"https:\/\/www.mylasertabac.com\/wp-content\/uploads\/2025\/05\/can.png","contentUrl":"https:\/\/www.mylasertabac.com\/wp-content\/uploads\/2025\/05\/can.png","width":1536,"height":1024},{"@type":"BreadcrumbList","@id":"https:\/\/www.mylasertabac.com\/de\/mundkrebs-und-tabak-alles-ueber-die-risiken-des-rauchens\/#breadcrumb","itemListElement":[{"@type":"ListItem","position":1,"name":"Accueil","item":"https:\/\/www.mylasertabac.com\/de\/startseite\/"},{"@type":"ListItem","position":2,"name":"Mundkrebs und Tabak: Alles \u00fcber die Risiken des Rauchens"}]},{"@type":"WebSite","@id":"https:\/\/www.mylasertabac.com\/de\/#website","url":"https:\/\/www.mylasertabac.com\/de\/","name":"My Laser Tabac","description":"La solution laser qui transforme les fumeurs en ex-fumeurs","publisher":{"@id":"https:\/\/www.mylasertabac.com\/de\/#organization"},"potentialAction":[{"@type":"SearchAction","target":{"@type":"EntryPoint","urlTemplate":"https:\/\/www.mylasertabac.com\/de\/?s={search_term_string}"},"query-input":{"@type":"PropertyValueSpecification","valueRequired":true,"valueName":"search_term_string"}}],"inLanguage":"de"},{"@type":"Organization","@id":"https:\/\/www.mylasertabac.com\/de\/#organization","name":"My Laser Tabac","url":"https:\/\/www.mylasertabac.com\/de\/","logo":{"@type":"ImageObject","inLanguage":"de","@id":"https:\/\/www.mylasertabac.com\/de\/#\/schema\/logo\/image\/","url":"https:\/\/www.mylasertabac.com\/wp-content\/uploads\/2024\/12\/mlt-verteau.svg","contentUrl":"https:\/\/www.mylasertabac.com\/wp-content\/uploads\/2024\/12\/mlt-verteau.svg","caption":"My Laser Tabac"},"image":{"@id":"https:\/\/www.mylasertabac.com\/de\/#\/schema\/logo\/image\/"}},{"@type":"Person","@id":"https:\/\/www.mylasertabac.com\/de\/#\/schema\/person\/02c249cb76d912efb6c315ec23eccdf3","name":"Florian Fortes","image":{"@type":"ImageObject","inLanguage":"de","@id":"https:\/\/www.mylasertabac.com\/wp-content\/litespeed\/avatar\/142101a71d7b9e6490c1120d9c109a67.jpg?ver=1777461116","url":"https:\/\/www.mylasertabac.com\/wp-content\/litespeed\/avatar\/142101a71d7b9e6490c1120d9c109a67.jpg?ver=1777461116","contentUrl":"https:\/\/www.mylasertabac.com\/wp-content\/litespeed\/avatar\/142101a71d7b9e6490c1120d9c109a67.jpg?ver=1777461116","caption":"Florian Fortes"},"sameAs":["https:\/\/www.mylasertabac.com","https:\/\/www.facebook.com\/profile.php?id=61571554707319"],"url":"https:\/\/www.mylasertabac.com\/de\/author\/florianfortes5312\/"}]}},"_links":{"self":[{"href":"https:\/\/www.mylasertabac.com\/de\/wp-json\/wp\/v2\/posts\/7764","targetHints":{"allow":["GET"]}}],"collection":[{"href":"https:\/\/www.mylasertabac.com\/de\/wp-json\/wp\/v2\/posts"}],"about":[{"href":"https:\/\/www.mylasertabac.com\/de\/wp-json\/wp\/v2\/types\/post"}],"author":[{"embeddable":true,"href":"https:\/\/www.mylasertabac.com\/de\/wp-json\/wp\/v2\/users\/2"}],"replies":[{"embeddable":true,"href":"https:\/\/www.mylasertabac.com\/de\/wp-json\/wp\/v2\/comments?post=7764"}],"version-history":[{"count":1,"href":"https:\/\/www.mylasertabac.com\/de\/wp-json\/wp\/v2\/posts\/7764\/revisions"}],"predecessor-version":[{"id":7765,"href":"https:\/\/www.mylasertabac.com\/de\/wp-json\/wp\/v2\/posts\/7764\/revisions\/7765"}],"wp:featuredmedia":[{"embeddable":true,"href":"https:\/\/www.mylasertabac.com\/de\/wp-json\/wp\/v2\/media\/7732"}],"wp:attachment":[{"href":"https:\/\/www.mylasertabac.com\/de\/wp-json\/wp\/v2\/media?parent=7764"}],"wp:term":[{"taxonomy":"category","embeddable":true,"href":"https:\/\/www.mylasertabac.com\/de\/wp-json\/wp\/v2\/categories?post=7764"},{"taxonomy":"post_tag","embeddable":true,"href":"https:\/\/www.mylasertabac.com\/de\/wp-json\/wp\/v2\/tags?post=7764"}],"curies":[{"name":"wp","href":"https:\/\/api.w.org\/{rel}","templated":true}]}}