{"id":8840,"date":"2025-05-30T14:27:58","date_gmt":"2025-05-30T12:27:58","guid":{"rendered":"https:\/\/www.mylasertabac.com\/rauchen-bald-an-straenden-in-oeffentlichen-gaerten-und-in-der-naehe-von-schulen-verboten-was-sich-ab-dem-1-juli-aendern-wird\/"},"modified":"2025-06-03T15:31:16","modified_gmt":"2025-06-03T13:31:16","slug":"rauchen-bald-an-straenden-in-oeffentlichen-gaerten-und-in-der-naehe-von-schulen-verboten-was-sich-ab-dem-1-juli-aendern-wird","status":"publish","type":"post","link":"https:\/\/www.mylasertabac.com\/de\/rauchen-bald-an-straenden-in-oeffentlichen-gaerten-und-in-der-naehe-von-schulen-verboten-was-sich-ab-dem-1-juli-aendern-wird\/","title":{"rendered":"Rauchen bald an Str\u00e4nden, in \u00f6ffentlichen G\u00e4rten und in der N\u00e4he von Schulen verboten: Was sich ab dem 1. Juli \u00e4ndern wird"},"content":{"rendered":"\n<div style=\"height:20px\" aria-hidden=\"true\" class=\"wp-block-spacer\"><\/div>\n\n<h2 class=\"wp-block-heading\">Ein neuer Schritt im Kampf gegen das Rauchen<\/h2>\n\n<p>Ab dem <strong>1. Juli 2025<\/strong> <strong>wird<\/strong> eine neue Ma\u00dfnahme unseren Alltag ver\u00e4ndern: <strong>Rauchen wird an Str\u00e4nden, in \u00f6ffentlichen G\u00e4rten, in st\u00e4dtischen W\u00e4ldern und in unmittelbarer N\u00e4he von Schulen verboten sein<\/strong>. Eine starke Entscheidung, die von der Regierung im Rahmen des zuk\u00fcnftigen Gesetzes \u00fcber die \u00f6ffentliche Gesundheit getroffen wurde. Diese Regelung, die in einigen Vorreitergemeinden bereits umgesetzt wurde, wird nun <strong>zur landesweiten Norm<\/strong>.  <\/p>\n\n<p>Diese Initiative ist Teil einer ehrgeizigen \u00f6ffentlichen Gesundheitspolitik, die darauf abzielt, die Pr\u00e4valenz des Rauchens in Frankreich zu reduzieren, die immer noch eine der h\u00f6chsten in Westeuropa ist.<\/p>\n\n<div style=\"height:20px\" aria-hidden=\"true\" class=\"wp-block-spacer\"><\/div>\n\n<h2 class=\"wp-block-heading\">Warum wurde dieses Verbot erlassen? Ein Wille zum Schutz der Gesundheit und der Umwelt <\/h2>\n\n<div style=\"height:20px\" aria-hidden=\"true\" class=\"wp-block-spacer\"><\/div>\n\n<h3 class=\"wp-block-heading\">Schutz von Nichtrauchern<\/h3>\n\n<div style=\"height:20px\" aria-hidden=\"true\" class=\"wp-block-spacer\"><\/div>\n\n<p>Das Rauchverbot in offenen \u00f6ffentlichen R\u00e4umen dient in erster Linie dem <strong>Schutz von Nichtrauchern<\/strong> &#8211; insbesondere Kindern &#8211; vor dem <strong>Passivrauchen<\/strong>. Auf dem Schulhof oder vor der Schule sind Kinder oft dem Zigarettenrauch ausgesetzt. Das Gesetz zielt darauf ab, ihre Gesundheit und ihr Lebensumfeld zu sch\u00fctzen und ihnen ein Beispiel zu geben, das mit den Pr\u00e4ventionsbotschaften, die in der Schule vermittelt werden, \u00fcbereinstimmt.  <\/p>\n\n<div style=\"height:20px\" aria-hidden=\"true\" class=\"wp-block-spacer\"><\/div>\n\n<h3 class=\"wp-block-heading\">Bek\u00e4mpfung der Banalisierung der Geste<\/h3>\n\n<div style=\"height:20px\" aria-hidden=\"true\" class=\"wp-block-spacer\"><\/div>\n\n<p>Es geht auch darum,<strong>die Banalisierung des Rauchens<\/strong> im \u00f6ffentlichen Raum<strong>zu verhindern<\/strong>. Der Anblick eines Erwachsenen, der auf einer Parkbank oder im Sand raucht, kann dazu beitragen, dieses Verhalten bei j\u00fcngeren Kindern zu <strong>normalisieren<\/strong>. Das Ziel ist klar: <strong>Der Einstieg in das Rauchen im Jugendalter<\/strong> soll <strong>verhindert werden<\/strong>, da dies ein Wendepunkt ist, an dem die meisten Raucher mit dem Rauchen beginnen.  <\/p>\n\n<div style=\"height:20px\" aria-hidden=\"true\" class=\"wp-block-spacer\"><\/div>\n\n<h3 class=\"wp-block-heading\">Eine starke \u00f6kologische Herausforderung<\/h3>\n\n<div style=\"height:20px\" aria-hidden=\"true\" class=\"wp-block-spacer\"><\/div>\n\n<p>Neben der Gesundheit ist diese Ma\u00dfnahme auch eine Antwort auf eine <strong>\u00f6kologische Notlage<\/strong>. Jedes Jahr werden Zigarettenkippen in die Luft geblasen. <strong><a href=\"https:\/\/www.mylasertabac.com\/de\/warum-werden-zigarettenstummel-als-einer-der-am-weitesten-verbreiteten-abfaelle-der-welt-angesehen\/\">mehr als 23 Milliarden Zigarettenstummel.<\/a><\/strong> die in Frankreich auf den Boden geworfen werden. Diese Abf\u00e4lle brauchen bis zu <strong>15 Jahre, um sich zu zersetzen<\/strong>, wobei giftige Substanzen freigesetzt werden, die B\u00f6den und Wasserl\u00e4ufe verschmutzen. An den Str\u00e4nden kann eine einzige Zigarettenkippe <strong>bis zu 500 Liter Wasser<\/strong> kontaminieren.   <\/p>\n\n<p>Durch die Einf\u00fchrung des Rauchverbots an Str\u00e4nden und in Gr\u00fcnanlagen will der Staat auch <strong>diese Naturgebiete sch\u00fctzen<\/strong> und <strong>die Umweltverschmutzung<\/strong> durch Tabak <strong>reduzieren<\/strong>.<\/p>\n\n<div style=\"height:20px\" aria-hidden=\"true\" class=\"wp-block-spacer\"><\/div>\n\n<h2 class=\"wp-block-heading\">Eine nationale Regelung, die sich auf lokale Erfahrungen st\u00fctzt<\/h2>\n\n<div style=\"height:20px\" aria-hidden=\"true\" class=\"wp-block-spacer\"><\/div>\n\n<p>Einige franz\u00f6sische St\u00e4dte wie <strong>Nizza, Marseille, Biarritz und Stra\u00dfburg<\/strong> hatten bereits die Initiative ergriffen. In Stra\u00dfburg war die Umgebung von Schulen seit 2022 rauchfrei. In Biarritz ist der Strand an der C\u00f4te des Basques seit 2019 rauchfrei. Diese Beispiele zeigten <strong>die Wirksamkeit und die allm\u00e4hliche Akzeptanz der \u00d6ffentlichkeit<\/strong> f\u00fcr diese Art von Ma\u00dfnahmen.   <\/p>\n\n<p>Diese landesweite Einf\u00fchrung wird daher <strong>die Regeln vereinheitlichen<\/strong> und sie f\u00fcr alle sichtbarer und verst\u00e4ndlicher machen.<\/p>\n\n<div style=\"height:34px\" aria-hidden=\"true\" class=\"wp-block-spacer\"><\/div>\n\n<figure class=\"wp-block-image alignfull size-large\"><img fetchpriority=\"high\" decoding=\"async\" width=\"683\" height=\"1024\" src=\"https:\/\/www.mylasertabac.com\/wp-content\/uploads\/2025\/05\/smo-683x1024.png\" alt=\"\" class=\"wp-image-8821\" srcset=\"https:\/\/www.mylasertabac.com\/wp-content\/uploads\/2025\/05\/smo-683x1024.png 683w, https:\/\/www.mylasertabac.com\/wp-content\/uploads\/2025\/05\/smo-200x300.png 200w, https:\/\/www.mylasertabac.com\/wp-content\/uploads\/2025\/05\/smo-768x1152.png 768w, https:\/\/www.mylasertabac.com\/wp-content\/uploads\/2025\/05\/smo.png 1024w\" sizes=\"(max-width: 683px) 100vw, 683px\" \/><\/figure>\n\n<h2 class=\"wp-block-heading\">Welche Gebiete sind betroffen?<\/h2>\n\n<p>Ab dem 1. Juli ist <strong>das Rauchen strengstens verboten<\/strong>:<\/p>\n\n<ul class=\"wp-block-list\">\n<li>an \u00f6ffentlichen Str\u00e4nden,<\/li>\n\n\n\n<li>in <strong>\u00f6ffentlichen G\u00e4rten und Stadtparks<\/strong>,<\/li>\n\n\n\n<li>in <strong>st\u00e4dtischen W\u00e4ldern<\/strong>,<\/li>\n\n\n\n<li><strong>weniger als 10 Meter von Schulen<\/strong>, einschlie\u00dflich Kinderg\u00e4rten, <strong>entfernt<\/strong>.<\/li>\n<\/ul>\n\n<p>Die Kommunen werden f\u00fcr die Durchsetzung des Gesetzes verantwortlich sein. Die <strong>Beschilderung<\/strong> wird verst\u00e4rkt und bei Nichteinhaltung sind <strong>Bu\u00dfgelder<\/strong> vorgesehen. <\/p>\n\n<div style=\"height:42px\" aria-hidden=\"true\" class=\"wp-block-spacer\"><\/div>\n\n<h2 class=\"wp-block-heading\">Eine von den Angeh\u00f6rigen der Gesundheitsberufe begr\u00fc\u00dfte Ma\u00dfnahme<\/h2>\n\n<div style=\"height:20px\" aria-hidden=\"true\" class=\"wp-block-spacer\"><\/div>\n\n<p>\u00c4rzte, Krebsverb\u00e4nde und Fachleute des \u00f6ffentlichen Gesundheitswesens begr\u00fc\u00dfen diese Ma\u00dfnahme. F\u00fcr <strong>Prof. Lo\u00efc Josseran<\/strong>, Pr\u00e4sident der Allianz gegen den Tabak, ist dies ein <strong>starkes politisches Signal<\/strong>: \u201eFrankreich gibt sich endlich die Mittel, um bis 2032 eine tabakfreie Gesellschaft aufzubauen\u201c. <\/p>\n\n<p>Dieses Verbot wird als <strong>ein entscheidender Schritt<\/strong> angesehen, dem in Zukunft weitere Einschr\u00e4nkungen folgen k\u00f6nnten, insbesondere auf Restaurantterrassen oder an bestimmten Orten des gemeinschaftlichen Lebens.<\/p>\n\n<div style=\"height:20px\" aria-hidden=\"true\" class=\"wp-block-spacer\"><\/div>\n\n<p class=\"has-cyan-bluish-gray-background-color has-background\">Auch zu lesen : <a href=\"https:\/\/www.mylasertabac.com\/de\/mylasertabac-franchise-nr-1-in-2025-aendern-sie-ihr-leben-und-werden-sie-ihr-eigener-chef-im-wellnessbereich\/\"><mark style=\"background-color:rgba(0, 0, 0, 0)\" class=\"has-inline-color has-luminous-vivid-orange-color\">MyLaserTabac, Franchise Nr. 1 im Jahr 2025: \u00c4ndern Sie Ihr Leben und werden Sie Ihr eigener Chef im Wellness-Bereich<\/mark><\/a><\/p>\n\n<div style=\"height:39px\" aria-hidden=\"true\" class=\"wp-block-spacer\"><\/div>\n\n<figure class=\"wp-block-image alignright size-full is-resized\"><img decoding=\"async\" width=\"1024\" height=\"683\" src=\"https:\/\/www.mylasertabac.com\/wp-content\/uploads\/2025\/03\/interdiction-de-fumer.jpg\" alt=\"\" class=\"wp-image-5335\" style=\"width:373px;height:auto\" srcset=\"https:\/\/www.mylasertabac.com\/wp-content\/uploads\/2025\/03\/interdiction-de-fumer.jpg 1024w, https:\/\/www.mylasertabac.com\/wp-content\/uploads\/2025\/03\/interdiction-de-fumer-300x200.jpg 300w, https:\/\/www.mylasertabac.com\/wp-content\/uploads\/2025\/03\/interdiction-de-fumer-768x512.jpg 768w\" sizes=\"(max-width: 1024px) 100vw, 1024px\" \/><\/figure>\n\n<h2 class=\"wp-block-heading\">Eine Gelegenheit, mit dem Rauchen aufzuh\u00f6ren<\/h2>\n\n<h3 class=\"wp-block-heading\">Der richtige Zeitpunkt, um das Rauchen aufzugeben<\/h3>\n\n<p>Angesichts der zunehmenden Anzahl von Nichtraucherzonen <strong>denken immer mehr Raucher dar\u00fcber nach, das Rauchen endg\u00fcltig aufzugeben<\/strong>. Die neue Regelung schafft <strong>ein Umfeld, das den Wechsel beg\u00fcnstigt<\/strong>, indem sie die Orte und Zeiten, an denen geraucht werden darf, reduziert. <\/p>\n\n<p>Zu den wirksamsten Methoden geh\u00f6rt heute <strong>der<\/strong> <strong>Anti-Raucher-Laser<\/strong>.<\/p>\n\n<div style=\"height:44px\" aria-hidden=\"true\" class=\"wp-block-spacer\"><\/div>\n\n<h3 class=\"wp-block-heading\">Anti-Tabak-Laser: eine sanfte und effektive Methode<\/h3>\n\n<div style=\"height:20px\" aria-hidden=\"true\" class=\"wp-block-spacer\"><\/div>\n\n<p>Die <a href=\"https:\/\/www.mylasertabac.com\/de\/\"><strong>Raucherentw\u00f6hnung mit Laser<\/strong> <\/a>ist eine Methode, die aus der Aurikulotherapie hervorgegangen ist. Sie beruht auf einer <strong>schmerzlosen Stimulation von Reflexpunkten im Ohr<\/strong>. Was ist das Ziel? <strong>Das Verlangen nach einer Zigarette zu reduzieren<\/strong>, den mit dem Entzug verbundenen Stress zu lindern und dem K\u00f6rper zu helfen, ein nikotinfreies Gleichgewicht zu finden.  <\/p>\n\n<p>Im Gegensatz zu Nikotinersatzpr\u00e4paraten <strong>enth\u00e4lt<\/strong> der <strong><a href=\"https:\/\/www.mylasertabac.com\/de\/\">Anti-Tabak-Laser<\/a> keine chemischen Substanzen<\/strong>. Er wirkt tiefgreifend, von der ersten Sitzung an, mit <strong>einer hohen Erfolgsquote beim ersten Versuch.<\/strong> Viele spezialisierte Zentren bieten heute ma\u00dfgeschneiderte Programme an, die <strong>Ern\u00e4hrungsberatung, Stressbew\u00e4ltigung<\/strong> und pers\u00f6nliche Betreuung umfassen.  <\/p>\n\n<div style=\"height:20px\" aria-hidden=\"true\" class=\"wp-block-spacer\"><\/div>\n\n<h3 class=\"wp-block-heading\">Dauerhafte und nat\u00fcrliche Raucherentw\u00f6hnung<\/h3>\n\n<div style=\"height:20px\" aria-hidden=\"true\" class=\"wp-block-spacer\"><\/div>\n\n<p>Die <strong>Raucherentw\u00f6hnung mit Laser<\/strong> ist f\u00fcr alle geeignet, sowohl f\u00fcr Gelegenheitsraucher als auch f\u00fcr langj\u00e4hrige Raucher. Sie ist besonders f\u00fcr diejenigen geeignet, die eine <strong>nat\u00fcrliche L\u00f6sung ohne Nebenwirkungen<\/strong> suchen, die sich schnell umsetzen l\u00e4sst. Meistens <strong>reicht eine einzige Sitzung aus<\/strong>, um eine dauerhafte Ver\u00e4nderung einzuleiten, wobei Sie in den folgenden Wochen bei Bedarf Unterst\u00fctzung erhalten.  <\/p>\n\n<p>Dank dieser innovativen Methode <strong>finden viele Ex-Raucher schnell zu einer besseren Lebensqualit\u00e4t<\/strong>, freierem Atmen, reinerer Haut und vor allem zu <strong>dem Stolz<\/strong>, ein neues Kapitel aufgeschlagen zu <strong>haben<\/strong>.<\/p>\n\n<div style=\"height:20px\" aria-hidden=\"true\" class=\"wp-block-spacer\"><\/div>\n\n<h2 class=\"wp-block-heading\">Zum Schluss<\/h2>\n\n<div style=\"height:32px\" aria-hidden=\"true\" class=\"wp-block-spacer\"><\/div>\n\n<p>Das Rauchverbot in \u00f6ffentlichen R\u00e4umen ab dem 1. Juli stellt <strong>einen wichtigen Wendepunkt in der Gesundheitspolitik in Frankreich<\/strong> dar. Durch den Schutz der Schw\u00e4chsten, den Schutz der Umwelt und die Verringerung der Sichtbarkeit des Tabaks leitet diese Ma\u00dfnahme eine neue \u00c4ra ein. <\/p>\n\n<p>Sie bietet aber auch <strong>eine wertvolle Gelegenheit f\u00fcr diejenigen, die mit dem Rauchen aufh\u00f6ren wollen<\/strong>. Der <strong>Anti-Tabak-Laser<\/strong> hat sich als moderne, nat\u00fcrliche und effektive L\u00f6sung zur Raucherentw\u00f6hnung etabliert. Warum also nicht die neuen M\u00f6glichkeiten nutzen, um den Schritt <strong>zur\u00fcck in ein Leben ohne Zigaretten zu<\/strong> wagen?  <\/p>\n\n<div style=\"height:28px\" aria-hidden=\"true\" class=\"wp-block-spacer\"><\/div>\n\n<figure class=\"wp-block-image size-large\"><img decoding=\"async\" src=\"https:\/\/www.mylasertabac.com\/wp-content\/uploads\/\/mlt-verteau.svg\" alt=\"\" class=\"wp-image-13\"\/><\/figure>\n\n<p><\/p>\n","protected":false},"excerpt":{"rendered":"<p>Ein neuer Schritt im Kampf gegen das Rauchen Ab dem 1. Juli 2025 wird eine neue Ma\u00dfnahme unseren Alltag ver\u00e4ndern: Rauchen wird an Str\u00e4nden, in \u00f6ffentlichen G\u00e4rten, in st\u00e4dtischen W\u00e4ldern und in unmittelbarer N\u00e4he von Schulen verboten sein. Eine starke Entscheidung, die von der Regierung im Rahmen des zuk\u00fcnftigen Gesetzes \u00fcber die \u00f6ffentliche Gesundheit getroffen [&hellip;]<\/p>\n","protected":false},"author":2,"featured_media":8879,"comment_status":"closed","ping_status":"open","sticky":false,"template":"","format":"standard","meta":{"inline_featured_image":false,"footnotes":""},"categories":[581],"tags":[],"class_list":["post-8840","post","type-post","status-publish","format-standard","has-post-thumbnail","hentry","category-gesetz"],"yoast_head":"<!-- This site is optimized with the Yoast SEO plugin v27.4 - https:\/\/yoast.com\/product\/yoast-seo-wordpress\/ -->\n<title>Rauchen bald an Str\u00e4nden, in \u00f6ffentlichen G\u00e4rten und in der N\u00e4he von Schulen verboten: Was sich ab dem 1. Juli \u00e4ndern wird - My Laser Tabac<\/title>\n<meta name=\"description\" content=\"In Frankreich wurde ein neues Gesetz zur Bek\u00e4mpfung des Tabakkonsums verabschiedet.\" \/>\n<meta name=\"robots\" content=\"index, follow, max-snippet:-1, max-image-preview:large, max-video-preview:-1\" \/>\n<link rel=\"canonical\" href=\"https:\/\/www.mylasertabac.com\/de\/rauchen-bald-an-straenden-in-oeffentlichen-gaerten-und-in-der-naehe-von-schulen-verboten-was-sich-ab-dem-1-juli-aendern-wird\/\" \/>\n<meta property=\"og:locale\" content=\"de_DE\" \/>\n<meta property=\"og:type\" content=\"article\" \/>\n<meta property=\"og:title\" content=\"Rauchen bald an Str\u00e4nden, in \u00f6ffentlichen G\u00e4rten und in der N\u00e4he von Schulen verboten: Was sich ab dem 1. Juli \u00e4ndern wird - My Laser Tabac\" \/>\n<meta property=\"og:description\" content=\"In Frankreich wurde ein neues Gesetz zur Bek\u00e4mpfung des Tabakkonsums verabschiedet.\" \/>\n<meta property=\"og:url\" content=\"https:\/\/www.mylasertabac.com\/de\/rauchen-bald-an-straenden-in-oeffentlichen-gaerten-und-in-der-naehe-von-schulen-verboten-was-sich-ab-dem-1-juli-aendern-wird\/\" \/>\n<meta property=\"og:site_name\" content=\"My Laser Tabac\" \/>\n<meta property=\"article:author\" content=\"https:\/\/www.facebook.com\/profile.php?id=61571554707319\" \/>\n<meta property=\"article:published_time\" content=\"2025-05-30T12:27:58+00:00\" \/>\n<meta property=\"article:modified_time\" content=\"2025-06-03T13:31:16+00:00\" \/>\n<meta property=\"og:image\" content=\"https:\/\/www.mylasertabac.com\/wp-content\/uploads\/2025\/05\/smoo-1024x683.png\" \/>\n\t<meta property=\"og:image:width\" content=\"1024\" \/>\n\t<meta property=\"og:image:height\" content=\"683\" \/>\n\t<meta property=\"og:image:type\" content=\"image\/png\" \/>\n<meta name=\"author\" content=\"Florian Fortes\" \/>\n<meta name=\"twitter:card\" content=\"summary_large_image\" \/>\n<meta name=\"twitter:label1\" content=\"Verfasst von\" \/>\n\t<meta name=\"twitter:data1\" content=\"Florian Fortes\" \/>\n\t<meta name=\"twitter:label2\" content=\"Gesch\u00e4tzte Lesezeit\" \/>\n\t<meta name=\"twitter:data2\" content=\"5\u00a0Minuten\" \/>\n<script type=\"application\/ld+json\" class=\"yoast-schema-graph\">{\"@context\":\"https:\\\/\\\/schema.org\",\"@graph\":[{\"@type\":\"Article\",\"@id\":\"https:\\\/\\\/www.mylasertabac.com\\\/de\\\/rauchen-bald-an-straenden-in-oeffentlichen-gaerten-und-in-der-naehe-von-schulen-verboten-was-sich-ab-dem-1-juli-aendern-wird\\\/#article\",\"isPartOf\":{\"@id\":\"https:\\\/\\\/www.mylasertabac.com\\\/de\\\/rauchen-bald-an-straenden-in-oeffentlichen-gaerten-und-in-der-naehe-von-schulen-verboten-was-sich-ab-dem-1-juli-aendern-wird\\\/\"},\"author\":{\"name\":\"Florian Fortes\",\"@id\":\"https:\\\/\\\/www.mylasertabac.com\\\/de\\\/#\\\/schema\\\/person\\\/02c249cb76d912efb6c315ec23eccdf3\"},\"headline\":\"Rauchen bald an Str\u00e4nden, in \u00f6ffentlichen G\u00e4rten und in der N\u00e4he von Schulen verboten: Was sich ab dem 1. Juli \u00e4ndern wird\",\"datePublished\":\"2025-05-30T12:27:58+00:00\",\"dateModified\":\"2025-06-03T13:31:16+00:00\",\"mainEntityOfPage\":{\"@id\":\"https:\\\/\\\/www.mylasertabac.com\\\/de\\\/rauchen-bald-an-straenden-in-oeffentlichen-gaerten-und-in-der-naehe-von-schulen-verboten-was-sich-ab-dem-1-juli-aendern-wird\\\/\"},\"wordCount\":1003,\"publisher\":{\"@id\":\"https:\\\/\\\/www.mylasertabac.com\\\/de\\\/#organization\"},\"image\":{\"@id\":\"https:\\\/\\\/www.mylasertabac.com\\\/de\\\/rauchen-bald-an-straenden-in-oeffentlichen-gaerten-und-in-der-naehe-von-schulen-verboten-was-sich-ab-dem-1-juli-aendern-wird\\\/#primaryimage\"},\"thumbnailUrl\":\"https:\\\/\\\/www.mylasertabac.com\\\/wp-content\\\/uploads\\\/2025\\\/05\\\/smoo.png\",\"articleSection\":[\"Gesetz\"],\"inLanguage\":\"de\"},{\"@type\":\"WebPage\",\"@id\":\"https:\\\/\\\/www.mylasertabac.com\\\/de\\\/rauchen-bald-an-straenden-in-oeffentlichen-gaerten-und-in-der-naehe-von-schulen-verboten-was-sich-ab-dem-1-juli-aendern-wird\\\/\",\"url\":\"https:\\\/\\\/www.mylasertabac.com\\\/de\\\/rauchen-bald-an-straenden-in-oeffentlichen-gaerten-und-in-der-naehe-von-schulen-verboten-was-sich-ab-dem-1-juli-aendern-wird\\\/\",\"name\":\"Rauchen bald an Str\u00e4nden, in \u00f6ffentlichen G\u00e4rten und in der N\u00e4he von Schulen verboten: Was sich ab dem 1. Juli \u00e4ndern wird - My Laser Tabac\",\"isPartOf\":{\"@id\":\"https:\\\/\\\/www.mylasertabac.com\\\/de\\\/#website\"},\"primaryImageOfPage\":{\"@id\":\"https:\\\/\\\/www.mylasertabac.com\\\/de\\\/rauchen-bald-an-straenden-in-oeffentlichen-gaerten-und-in-der-naehe-von-schulen-verboten-was-sich-ab-dem-1-juli-aendern-wird\\\/#primaryimage\"},\"image\":{\"@id\":\"https:\\\/\\\/www.mylasertabac.com\\\/de\\\/rauchen-bald-an-straenden-in-oeffentlichen-gaerten-und-in-der-naehe-von-schulen-verboten-was-sich-ab-dem-1-juli-aendern-wird\\\/#primaryimage\"},\"thumbnailUrl\":\"https:\\\/\\\/www.mylasertabac.com\\\/wp-content\\\/uploads\\\/2025\\\/05\\\/smoo.png\",\"datePublished\":\"2025-05-30T12:27:58+00:00\",\"dateModified\":\"2025-06-03T13:31:16+00:00\",\"description\":\"In Frankreich wurde ein neues Gesetz zur Bek\u00e4mpfung des Tabakkonsums verabschiedet.\",\"breadcrumb\":{\"@id\":\"https:\\\/\\\/www.mylasertabac.com\\\/de\\\/rauchen-bald-an-straenden-in-oeffentlichen-gaerten-und-in-der-naehe-von-schulen-verboten-was-sich-ab-dem-1-juli-aendern-wird\\\/#breadcrumb\"},\"inLanguage\":\"de\",\"potentialAction\":[{\"@type\":\"ReadAction\",\"target\":[\"https:\\\/\\\/www.mylasertabac.com\\\/de\\\/rauchen-bald-an-straenden-in-oeffentlichen-gaerten-und-in-der-naehe-von-schulen-verboten-was-sich-ab-dem-1-juli-aendern-wird\\\/\"]}]},{\"@type\":\"ImageObject\",\"inLanguage\":\"de\",\"@id\":\"https:\\\/\\\/www.mylasertabac.com\\\/de\\\/rauchen-bald-an-straenden-in-oeffentlichen-gaerten-und-in-der-naehe-von-schulen-verboten-was-sich-ab-dem-1-juli-aendern-wird\\\/#primaryimage\",\"url\":\"https:\\\/\\\/www.mylasertabac.com\\\/wp-content\\\/uploads\\\/2025\\\/05\\\/smoo.png\",\"contentUrl\":\"https:\\\/\\\/www.mylasertabac.com\\\/wp-content\\\/uploads\\\/2025\\\/05\\\/smoo.png\",\"width\":1536,\"height\":1024},{\"@type\":\"BreadcrumbList\",\"@id\":\"https:\\\/\\\/www.mylasertabac.com\\\/de\\\/rauchen-bald-an-straenden-in-oeffentlichen-gaerten-und-in-der-naehe-von-schulen-verboten-was-sich-ab-dem-1-juli-aendern-wird\\\/#breadcrumb\",\"itemListElement\":[{\"@type\":\"ListItem\",\"position\":1,\"name\":\"Accueil\",\"item\":\"https:\\\/\\\/www.mylasertabac.com\\\/de\\\/startseite\\\/\"},{\"@type\":\"ListItem\",\"position\":2,\"name\":\"Rauchen bald an Str\u00e4nden, in \u00f6ffentlichen G\u00e4rten und in der N\u00e4he von Schulen verboten: Was sich ab dem 1. Juli \u00e4ndern wird\"}]},{\"@type\":\"WebSite\",\"@id\":\"https:\\\/\\\/www.mylasertabac.com\\\/de\\\/#website\",\"url\":\"https:\\\/\\\/www.mylasertabac.com\\\/de\\\/\",\"name\":\"My Laser Tabac\",\"description\":\"La solution laser qui transforme les fumeurs en ex-fumeurs\",\"publisher\":{\"@id\":\"https:\\\/\\\/www.mylasertabac.com\\\/de\\\/#organization\"},\"potentialAction\":[{\"@type\":\"SearchAction\",\"target\":{\"@type\":\"EntryPoint\",\"urlTemplate\":\"https:\\\/\\\/www.mylasertabac.com\\\/de\\\/?s={search_term_string}\"},\"query-input\":{\"@type\":\"PropertyValueSpecification\",\"valueRequired\":true,\"valueName\":\"search_term_string\"}}],\"inLanguage\":\"de\"},{\"@type\":\"Organization\",\"@id\":\"https:\\\/\\\/www.mylasertabac.com\\\/de\\\/#organization\",\"name\":\"My Laser Tabac\",\"url\":\"https:\\\/\\\/www.mylasertabac.com\\\/de\\\/\",\"logo\":{\"@type\":\"ImageObject\",\"inLanguage\":\"de\",\"@id\":\"https:\\\/\\\/www.mylasertabac.com\\\/de\\\/#\\\/schema\\\/logo\\\/image\\\/\",\"url\":\"https:\\\/\\\/www.mylasertabac.com\\\/wp-content\\\/uploads\\\/2024\\\/12\\\/mlt-verteau.svg\",\"contentUrl\":\"https:\\\/\\\/www.mylasertabac.com\\\/wp-content\\\/uploads\\\/2024\\\/12\\\/mlt-verteau.svg\",\"caption\":\"My Laser Tabac\"},\"image\":{\"@id\":\"https:\\\/\\\/www.mylasertabac.com\\\/de\\\/#\\\/schema\\\/logo\\\/image\\\/\"}},{\"@type\":\"Person\",\"@id\":\"https:\\\/\\\/www.mylasertabac.com\\\/de\\\/#\\\/schema\\\/person\\\/02c249cb76d912efb6c315ec23eccdf3\",\"name\":\"Florian Fortes\",\"image\":{\"@type\":\"ImageObject\",\"inLanguage\":\"de\",\"@id\":\"https:\\\/\\\/www.mylasertabac.com\\\/wp-content\\\/litespeed\\\/avatar\\\/142101a71d7b9e6490c1120d9c109a67.jpg?ver=1776856306\",\"url\":\"https:\\\/\\\/www.mylasertabac.com\\\/wp-content\\\/litespeed\\\/avatar\\\/142101a71d7b9e6490c1120d9c109a67.jpg?ver=1776856306\",\"contentUrl\":\"https:\\\/\\\/www.mylasertabac.com\\\/wp-content\\\/litespeed\\\/avatar\\\/142101a71d7b9e6490c1120d9c109a67.jpg?ver=1776856306\",\"caption\":\"Florian Fortes\"},\"sameAs\":[\"https:\\\/\\\/www.mylasertabac.com\",\"https:\\\/\\\/www.facebook.com\\\/profile.php?id=61571554707319\"],\"url\":\"https:\\\/\\\/www.mylasertabac.com\\\/de\\\/author\\\/florianfortes5312\\\/\"}]}<\/script>\n<!-- \/ Yoast SEO plugin. -->","yoast_head_json":{"title":"Rauchen bald an Str\u00e4nden, in \u00f6ffentlichen G\u00e4rten und in der N\u00e4he von Schulen verboten: Was sich ab dem 1. Juli \u00e4ndern wird - My Laser Tabac","description":"In Frankreich wurde ein neues Gesetz zur Bek\u00e4mpfung des Tabakkonsums verabschiedet.","robots":{"index":"index","follow":"follow","max-snippet":"max-snippet:-1","max-image-preview":"max-image-preview:large","max-video-preview":"max-video-preview:-1"},"canonical":"https:\/\/www.mylasertabac.com\/de\/rauchen-bald-an-straenden-in-oeffentlichen-gaerten-und-in-der-naehe-von-schulen-verboten-was-sich-ab-dem-1-juli-aendern-wird\/","og_locale":"de_DE","og_type":"article","og_title":"Rauchen bald an Str\u00e4nden, in \u00f6ffentlichen G\u00e4rten und in der N\u00e4he von Schulen verboten: Was sich ab dem 1. Juli \u00e4ndern wird - My Laser Tabac","og_description":"In Frankreich wurde ein neues Gesetz zur Bek\u00e4mpfung des Tabakkonsums verabschiedet.","og_url":"https:\/\/www.mylasertabac.com\/de\/rauchen-bald-an-straenden-in-oeffentlichen-gaerten-und-in-der-naehe-von-schulen-verboten-was-sich-ab-dem-1-juli-aendern-wird\/","og_site_name":"My Laser Tabac","article_author":"https:\/\/www.facebook.com\/profile.php?id=61571554707319","article_published_time":"2025-05-30T12:27:58+00:00","article_modified_time":"2025-06-03T13:31:16+00:00","og_image":[{"width":1024,"height":683,"url":"https:\/\/www.mylasertabac.com\/wp-content\/uploads\/2025\/05\/smoo-1024x683.png","type":"image\/png"}],"author":"Florian Fortes","twitter_card":"summary_large_image","twitter_misc":{"Verfasst von":"Florian Fortes","Gesch\u00e4tzte Lesezeit":"5\u00a0Minuten"},"schema":{"@context":"https:\/\/schema.org","@graph":[{"@type":"Article","@id":"https:\/\/www.mylasertabac.com\/de\/rauchen-bald-an-straenden-in-oeffentlichen-gaerten-und-in-der-naehe-von-schulen-verboten-was-sich-ab-dem-1-juli-aendern-wird\/#article","isPartOf":{"@id":"https:\/\/www.mylasertabac.com\/de\/rauchen-bald-an-straenden-in-oeffentlichen-gaerten-und-in-der-naehe-von-schulen-verboten-was-sich-ab-dem-1-juli-aendern-wird\/"},"author":{"name":"Florian Fortes","@id":"https:\/\/www.mylasertabac.com\/de\/#\/schema\/person\/02c249cb76d912efb6c315ec23eccdf3"},"headline":"Rauchen bald an Str\u00e4nden, in \u00f6ffentlichen G\u00e4rten und in der N\u00e4he von Schulen verboten: Was sich ab dem 1. Juli \u00e4ndern wird","datePublished":"2025-05-30T12:27:58+00:00","dateModified":"2025-06-03T13:31:16+00:00","mainEntityOfPage":{"@id":"https:\/\/www.mylasertabac.com\/de\/rauchen-bald-an-straenden-in-oeffentlichen-gaerten-und-in-der-naehe-von-schulen-verboten-was-sich-ab-dem-1-juli-aendern-wird\/"},"wordCount":1003,"publisher":{"@id":"https:\/\/www.mylasertabac.com\/de\/#organization"},"image":{"@id":"https:\/\/www.mylasertabac.com\/de\/rauchen-bald-an-straenden-in-oeffentlichen-gaerten-und-in-der-naehe-von-schulen-verboten-was-sich-ab-dem-1-juli-aendern-wird\/#primaryimage"},"thumbnailUrl":"https:\/\/www.mylasertabac.com\/wp-content\/uploads\/2025\/05\/smoo.png","articleSection":["Gesetz"],"inLanguage":"de"},{"@type":"WebPage","@id":"https:\/\/www.mylasertabac.com\/de\/rauchen-bald-an-straenden-in-oeffentlichen-gaerten-und-in-der-naehe-von-schulen-verboten-was-sich-ab-dem-1-juli-aendern-wird\/","url":"https:\/\/www.mylasertabac.com\/de\/rauchen-bald-an-straenden-in-oeffentlichen-gaerten-und-in-der-naehe-von-schulen-verboten-was-sich-ab-dem-1-juli-aendern-wird\/","name":"Rauchen bald an Str\u00e4nden, in \u00f6ffentlichen G\u00e4rten und in der N\u00e4he von Schulen verboten: Was sich ab dem 1. Juli \u00e4ndern wird - My Laser Tabac","isPartOf":{"@id":"https:\/\/www.mylasertabac.com\/de\/#website"},"primaryImageOfPage":{"@id":"https:\/\/www.mylasertabac.com\/de\/rauchen-bald-an-straenden-in-oeffentlichen-gaerten-und-in-der-naehe-von-schulen-verboten-was-sich-ab-dem-1-juli-aendern-wird\/#primaryimage"},"image":{"@id":"https:\/\/www.mylasertabac.com\/de\/rauchen-bald-an-straenden-in-oeffentlichen-gaerten-und-in-der-naehe-von-schulen-verboten-was-sich-ab-dem-1-juli-aendern-wird\/#primaryimage"},"thumbnailUrl":"https:\/\/www.mylasertabac.com\/wp-content\/uploads\/2025\/05\/smoo.png","datePublished":"2025-05-30T12:27:58+00:00","dateModified":"2025-06-03T13:31:16+00:00","description":"In Frankreich wurde ein neues Gesetz zur Bek\u00e4mpfung des Tabakkonsums verabschiedet.","breadcrumb":{"@id":"https:\/\/www.mylasertabac.com\/de\/rauchen-bald-an-straenden-in-oeffentlichen-gaerten-und-in-der-naehe-von-schulen-verboten-was-sich-ab-dem-1-juli-aendern-wird\/#breadcrumb"},"inLanguage":"de","potentialAction":[{"@type":"ReadAction","target":["https:\/\/www.mylasertabac.com\/de\/rauchen-bald-an-straenden-in-oeffentlichen-gaerten-und-in-der-naehe-von-schulen-verboten-was-sich-ab-dem-1-juli-aendern-wird\/"]}]},{"@type":"ImageObject","inLanguage":"de","@id":"https:\/\/www.mylasertabac.com\/de\/rauchen-bald-an-straenden-in-oeffentlichen-gaerten-und-in-der-naehe-von-schulen-verboten-was-sich-ab-dem-1-juli-aendern-wird\/#primaryimage","url":"https:\/\/www.mylasertabac.com\/wp-content\/uploads\/2025\/05\/smoo.png","contentUrl":"https:\/\/www.mylasertabac.com\/wp-content\/uploads\/2025\/05\/smoo.png","width":1536,"height":1024},{"@type":"BreadcrumbList","@id":"https:\/\/www.mylasertabac.com\/de\/rauchen-bald-an-straenden-in-oeffentlichen-gaerten-und-in-der-naehe-von-schulen-verboten-was-sich-ab-dem-1-juli-aendern-wird\/#breadcrumb","itemListElement":[{"@type":"ListItem","position":1,"name":"Accueil","item":"https:\/\/www.mylasertabac.com\/de\/startseite\/"},{"@type":"ListItem","position":2,"name":"Rauchen bald an Str\u00e4nden, in \u00f6ffentlichen G\u00e4rten und in der N\u00e4he von Schulen verboten: Was sich ab dem 1. Juli \u00e4ndern wird"}]},{"@type":"WebSite","@id":"https:\/\/www.mylasertabac.com\/de\/#website","url":"https:\/\/www.mylasertabac.com\/de\/","name":"My Laser Tabac","description":"La solution laser qui transforme les fumeurs en ex-fumeurs","publisher":{"@id":"https:\/\/www.mylasertabac.com\/de\/#organization"},"potentialAction":[{"@type":"SearchAction","target":{"@type":"EntryPoint","urlTemplate":"https:\/\/www.mylasertabac.com\/de\/?s={search_term_string}"},"query-input":{"@type":"PropertyValueSpecification","valueRequired":true,"valueName":"search_term_string"}}],"inLanguage":"de"},{"@type":"Organization","@id":"https:\/\/www.mylasertabac.com\/de\/#organization","name":"My Laser Tabac","url":"https:\/\/www.mylasertabac.com\/de\/","logo":{"@type":"ImageObject","inLanguage":"de","@id":"https:\/\/www.mylasertabac.com\/de\/#\/schema\/logo\/image\/","url":"https:\/\/www.mylasertabac.com\/wp-content\/uploads\/2024\/12\/mlt-verteau.svg","contentUrl":"https:\/\/www.mylasertabac.com\/wp-content\/uploads\/2024\/12\/mlt-verteau.svg","caption":"My Laser Tabac"},"image":{"@id":"https:\/\/www.mylasertabac.com\/de\/#\/schema\/logo\/image\/"}},{"@type":"Person","@id":"https:\/\/www.mylasertabac.com\/de\/#\/schema\/person\/02c249cb76d912efb6c315ec23eccdf3","name":"Florian Fortes","image":{"@type":"ImageObject","inLanguage":"de","@id":"https:\/\/www.mylasertabac.com\/wp-content\/litespeed\/avatar\/142101a71d7b9e6490c1120d9c109a67.jpg?ver=1776856306","url":"https:\/\/www.mylasertabac.com\/wp-content\/litespeed\/avatar\/142101a71d7b9e6490c1120d9c109a67.jpg?ver=1776856306","contentUrl":"https:\/\/www.mylasertabac.com\/wp-content\/litespeed\/avatar\/142101a71d7b9e6490c1120d9c109a67.jpg?ver=1776856306","caption":"Florian Fortes"},"sameAs":["https:\/\/www.mylasertabac.com","https:\/\/www.facebook.com\/profile.php?id=61571554707319"],"url":"https:\/\/www.mylasertabac.com\/de\/author\/florianfortes5312\/"}]}},"_links":{"self":[{"href":"https:\/\/www.mylasertabac.com\/de\/wp-json\/wp\/v2\/posts\/8840","targetHints":{"allow":["GET"]}}],"collection":[{"href":"https:\/\/www.mylasertabac.com\/de\/wp-json\/wp\/v2\/posts"}],"about":[{"href":"https:\/\/www.mylasertabac.com\/de\/wp-json\/wp\/v2\/types\/post"}],"author":[{"embeddable":true,"href":"https:\/\/www.mylasertabac.com\/de\/wp-json\/wp\/v2\/users\/2"}],"replies":[{"embeddable":true,"href":"https:\/\/www.mylasertabac.com\/de\/wp-json\/wp\/v2\/comments?post=8840"}],"version-history":[{"count":11,"href":"https:\/\/www.mylasertabac.com\/de\/wp-json\/wp\/v2\/posts\/8840\/revisions"}],"predecessor-version":[{"id":9158,"href":"https:\/\/www.mylasertabac.com\/de\/wp-json\/wp\/v2\/posts\/8840\/revisions\/9158"}],"wp:featuredmedia":[{"embeddable":true,"href":"https:\/\/www.mylasertabac.com\/de\/wp-json\/wp\/v2\/media\/8879"}],"wp:attachment":[{"href":"https:\/\/www.mylasertabac.com\/de\/wp-json\/wp\/v2\/media?parent=8840"}],"wp:term":[{"taxonomy":"category","embeddable":true,"href":"https:\/\/www.mylasertabac.com\/de\/wp-json\/wp\/v2\/categories?post=8840"},{"taxonomy":"post_tag","embeddable":true,"href":"https:\/\/www.mylasertabac.com\/de\/wp-json\/wp\/v2\/tags?post=8840"}],"curies":[{"name":"wp","href":"https:\/\/api.w.org\/{rel}","templated":true}]}}