{"id":8952,"date":"2025-05-30T18:58:00","date_gmt":"2025-05-30T16:58:00","guid":{"rendered":"https:\/\/www.mylasertabac.com\/31-mai-weltnichtrauchertag-was-waere-wenn-dieses-jahr-das-richtige-jahr-waere-um-endgueltig-mit-dem-rauchen-aufzuhoeren\/"},"modified":"2025-05-31T07:46:25","modified_gmt":"2025-05-31T05:46:25","slug":"31-mai-weltnichtrauchertag-was-waere-wenn-dieses-jahr-das-richtige-jahr-waere-um-endgueltig-mit-dem-rauchen-aufzuhoeren","status":"publish","type":"post","link":"https:\/\/www.mylasertabac.com\/de\/31-mai-weltnichtrauchertag-was-waere-wenn-dieses-jahr-das-richtige-jahr-waere-um-endgueltig-mit-dem-rauchen-aufzuhoeren\/","title":{"rendered":"31. Mai: Weltnichtrauchertag: Was w\u00e4re, wenn dieses Jahr das richtige Jahr w\u00e4re, um endg\u00fcltig mit dem Rauchen aufzuh\u00f6ren?"},"content":{"rendered":"\n<div style=\"height:22px\" aria-hidden=\"true\" class=\"wp-block-spacer\"><\/div>\n\n<p>Jedes Jahr am <strong>31. Mai<\/strong> begeht die Welt den <strong>Weltnichtrauchertag<\/strong>, ein von der Weltgesundheitsorganisation initiiertes Ereignis, das <strong>auf die Gefahren des Rauchens aufmerksam machen<\/strong> und <strong>zum Aufh\u00f6ren ermutigen<\/strong> soll. In Frankreich hat dieser Tag eine ganz besondere Bedeutung: Nach den j\u00fcngsten Zahlen von <strong>Sant\u00e9 publique France<\/strong> verursacht das Rauchen immer noch <strong>75.000 Todesf\u00e4lle pro Jahr<\/strong> und ist damit die <strong>h\u00e4ufigste vermeidbare Todesursache in<\/strong> diesem Land. <\/p>\n\n<p>Doch neben den alarmierenden Statistiken ist dieser Tag vor allem eine <strong>Einladung zur Hoffnung<\/strong>. Die Hoffnung, dass jeder Versuch, mit dem Rauchen aufzuh\u00f6ren, z\u00e4hlt und dass es moderne und effektive L\u00f6sungen gibt, um die <strong>Kontrolle \u00fcber das eigene Leben zur\u00fcckzugewinnen<\/strong>. Eine davon ist <strong>die Raucherentw\u00f6hnung mit Laser<\/strong> als sanfte, innovative und \u00e4u\u00dferst wirksame Alternative.  <\/p>\n\n<div style=\"height:33px\" aria-hidden=\"true\" class=\"wp-block-spacer\"><\/div>\n\n<hr class=\"wp-block-separator has-alpha-channel-opacity\"\/>\n\n<figure class=\"wp-block-image alignleft size-large is-resized\"><img fetchpriority=\"high\" decoding=\"async\" width=\"1024\" height=\"683\" src=\"https:\/\/www.mylasertabac.com\/wp-content\/uploads\/2025\/05\/0FA0041E-A9B6-41BD-A19A-189ED6794684-1024x683.png\" alt=\"\" class=\"wp-image-8913\" style=\"width:406px;height:auto\" srcset=\"https:\/\/www.mylasertabac.com\/wp-content\/uploads\/2025\/05\/0FA0041E-A9B6-41BD-A19A-189ED6794684-1024x683.png 1024w, https:\/\/www.mylasertabac.com\/wp-content\/uploads\/2025\/05\/0FA0041E-A9B6-41BD-A19A-189ED6794684-300x200.png 300w, https:\/\/www.mylasertabac.com\/wp-content\/uploads\/2025\/05\/0FA0041E-A9B6-41BD-A19A-189ED6794684-768x512.png 768w, https:\/\/www.mylasertabac.com\/wp-content\/uploads\/2025\/05\/0FA0041E-A9B6-41BD-A19A-189ED6794684.png 1536w\" sizes=\"(max-width: 1024px) 100vw, 1024px\" \/><\/figure>\n\n<h2 class=\"wp-block-heading\">Warum den Weltnichtrauchertag begehen?<\/h2>\n\n<p>Der Weltnichtrauchertag ist mehr als nur eine Erinnerung an die verheerenden Auswirkungen des Rauchens. Er soll vor allem auf <strong>die verf\u00fcgbaren Hilfen<\/strong>, die therapeutischen Fortschritte und die Berichte derjenigen, die erfolgreich aufgeh\u00f6rt haben, hinweisen. <\/p>\n\n<div style=\"height:31px\" aria-hidden=\"true\" class=\"wp-block-spacer\"><\/div>\n\n<h3 class=\"wp-block-heading\">Eine Kampagne 2025 mit Schwerpunkt auf Ermutigung<\/h3>\n\n<div style=\"height:22px\" aria-hidden=\"true\" class=\"wp-block-spacer\"><\/div>\n\n<p>In diesem Jahr konzentriert sich Public Health Frankreich auf eine einfache, aber wirkungsvolle Idee: <strong>\u201eErmutigen Sie jeden Versuch\u201c.<\/strong> Denn wie wir wissen, <strong>ist die Aufgabe des Rauchens ein Weg<\/strong> und keine gerade Linie. Oft sind mehrere Versuche n\u00f6tig, bevor man es endg\u00fcltig schafft. Aber jeder Versuch ist ein Sieg \u00fcber sich selbst, ein Schritt in Richtung Freiheit.   <\/p>\n\n<p>Nach Angaben der Agentur <strong>geben<\/strong> mehr als <strong>50% der Raucher an, dass sie aufh\u00f6ren wollen,<\/strong> und <strong>fast jeder Dritte hat<\/strong> innerhalb eines Jahres <strong>einen Versuch unternommen,<\/strong> mit dem Rauchen <strong>aufzuh\u00f6ren<\/strong>. Die Rolle der Gesundheitsexperten, der Angeh\u00f6rigen, aber auch moderner Unterst\u00fctzungsl\u00f6sungen ist daher von entscheidender Bedeutung. <\/p>\n\n<div style=\"height:26px\" aria-hidden=\"true\" class=\"wp-block-spacer\"><\/div>\n\n<hr class=\"wp-block-separator has-alpha-channel-opacity\"\/>\n\n<figure class=\"wp-block-image alignright size-full\"><img decoding=\"async\" width=\"1024\" height=\"1024\" src=\"https:\/\/www.mylasertabac.com\/wp-content\/uploads\/2025\/05\/journee-mondiale-contre-le-tabac-.png\" alt=\"\" class=\"wp-image-8921\" srcset=\"https:\/\/www.mylasertabac.com\/wp-content\/uploads\/2025\/05\/journee-mondiale-contre-le-tabac-.png 1024w, https:\/\/www.mylasertabac.com\/wp-content\/uploads\/2025\/05\/journee-mondiale-contre-le-tabac--300x300.png 300w, https:\/\/www.mylasertabac.com\/wp-content\/uploads\/2025\/05\/journee-mondiale-contre-le-tabac--150x150.png 150w, https:\/\/www.mylasertabac.com\/wp-content\/uploads\/2025\/05\/journee-mondiale-contre-le-tabac--768x768.png 768w\" sizes=\"(max-width: 1024px) 100vw, 1024px\" \/><\/figure>\n\n<h2 class=\"wp-block-heading\">Die Gefahren des Rauchens nehmen nicht ab<\/h2>\n\n<h3 class=\"wp-block-heading\">Schwere gesundheitliche Folgen<\/h3>\n\n<p>Tabak ist nach wie vor ein Hauptfaktor f\u00fcr <strong>Herz-Kreislauf-, Atemwegs- und Krebserkrankungen<\/strong>. Rauchen verk\u00fcrzt die Lebenserwartung erheblich und verschlechtert die Lebensqualit\u00e4t bereits in den ersten Jahren der Abh\u00e4ngigkeit. <\/p>\n\n<div style=\"height:40px\" aria-hidden=\"true\" class=\"wp-block-spacer\"><\/div>\n\n<h3 class=\"wp-block-heading\">Eine oft ignorierte Umweltplage<\/h3>\n\n<div style=\"height:22px\" aria-hidden=\"true\" class=\"wp-block-spacer\"><\/div>\n\n<p>Neben den gesundheitlichen Auswirkungen hat das Rauchen auch <strong>massive \u00f6kologische Kosten<\/strong>. Die Zigarettenproduktion zerst\u00f6rt ganze W\u00e4lder, verschmutzt Gew\u00e4sser mit Pestiziden und die weggeworfenen Zigarettenstummel sind einer der giftigsten und am weitesten verbreiteten Abf\u00e4lle der Welt. <\/p>\n\n<div style=\"height:22px\" aria-hidden=\"true\" class=\"wp-block-spacer\"><\/div>\n\n<hr class=\"wp-block-separator has-alpha-channel-opacity\"\/>\n\n<h2 class=\"wp-block-heading\">Laser gegen das Rauchen: eine innovative L\u00f6sung f\u00fcr eine sanfte Entw\u00f6hnung<\/h2>\n\n<div style=\"height:22px\" aria-hidden=\"true\" class=\"wp-block-spacer\"><\/div>\n\n<h3 class=\"wp-block-heading\">Was ist die Raucherentw\u00f6hnung mit Laser?<\/h3>\n\n<div style=\"height:22px\" aria-hidden=\"true\" class=\"wp-block-spacer\"><\/div>\n\n<p>Der <strong>Anti-Raucher-Laser<\/strong> ist eine <strong>alternativmedizinische<\/strong> Entw\u00f6hnungsmethode, die von der Aurikulotherapie (Stimulation von Reflexpunkten im Ohr) inspiriert ist. Mit einem <strong>schmerzlosen Laserstrahl<\/strong> werden bestimmte Bereiche stimuliert, um <strong>das Verlangen nach dem Rauchen sofort zu reduzieren<\/strong>, Stress abzubauen und <strong>die Produktion nat\u00fcrlicher Endorphine zu f\u00f6rdern<\/strong>, die dabei helfen, den Entzug ohne Schmerzen zu bew\u00e4ltigen. <\/p>\n\n<div style=\"height:22px\" aria-hidden=\"true\" class=\"wp-block-spacer\"><\/div>\n\n<h3 class=\"wp-block-heading\">Warum wird diese Methode immer beliebter?<\/h3>\n\n<div style=\"height:22px\" aria-hidden=\"true\" class=\"wp-block-spacer\"><\/div>\n\n<p>Im Gegensatz zu Nikotinpflastern oder Nikotinersatzstoffen <strong>f\u00fchrt<\/strong> der <strong>Anti-Tabak-Laser keine Substanzen in den K\u00f6rper ein<\/strong>. Er wirkt direkt auf die Nerven- und Gef\u00fchlskreisl\u00e4ufe. Dar\u00fcber hinaus :  <\/p>\n\n<ul class=\"wp-block-list\">\n<li>Sie ist <strong>nicht invasiv<\/strong> und <strong>hat keine Nebenwirkungen<\/strong>.<\/li>\n\n\n\n<li><strong>Oft reicht<\/strong> eine <strong>einzige Sitzung aus<\/strong>, um den Konsum zu beenden.<\/li>\n\n\n\n<li>Sie <strong>verhindert die Gewichtszunahme<\/strong>, die einer der Hauptgr\u00fcnde f\u00fcr die Einstellung des Rauchens ist.<\/li>\n\n\n\n<li>Sie kann als Erg\u00e4nzung zu einer Ern\u00e4hrungs- oder Verhaltensberatung eingesetzt werden.<\/li>\n<\/ul>\n\n<p>Das Ergebnis ist eine <strong>beeindruckende Erfolgsquote<\/strong> und eine hohe Zufriedenheit bei denjenigen, die es getestet haben.<\/p>\n\n<div style=\"height:27px\" aria-hidden=\"true\" class=\"wp-block-spacer\"><\/div>\n\n<p class=\"has-cyan-bluish-gray-background-color has-background\">Lesen Sie auch : <a href=\"https:\/\/www.mylasertabac.com\/de\/infos\/lasertraining-fuer-raucher-und-suechtige\/\"><mark style=\"background-color:rgba(0, 0, 0, 0)\" class=\"has-inline-color has-luminous-vivid-orange-color\">Lasertraining gegen Rauchen und S\u00fcchte<\/mark><\/a><\/p>\n\n<div style=\"height:22px\" aria-hidden=\"true\" class=\"wp-block-spacer\"><\/div>\n\n<hr class=\"wp-block-separator has-alpha-channel-opacity\"\/>\n\n<h2 class=\"wp-block-heading\">Wer mit dem Rauchen aufh\u00f6rt, gewinnt an allen Fronten<\/h2>\n\n<div style=\"height:22px\" aria-hidden=\"true\" class=\"wp-block-spacer\"><\/div>\n\n<h3 class=\"wp-block-heading\">Sofortiger Gewinn f\u00fcr die Gesundheit<\/h3>\n\n<div style=\"height:22px\" aria-hidden=\"true\" class=\"wp-block-spacer\"><\/div>\n\n<p>Innerhalb der ersten 24 Stunden nach der letzten Zigarette sind die Vorteile sp\u00fcrbar:<\/p>\n\n<ul class=\"wp-block-list\">\n<li>Der Blutdruck sinkt.<\/li>\n\n\n\n<li>Der Geschmacks- und Geruchssinn verbessert sich.<\/li>\n\n\n\n<li>Der Atem kehrt allm\u00e4hlich zur\u00fcck.<\/li>\n<\/ul>\n\n<p>Mittelfristig sinkt das Risiko eines Herzinfarkts, Schlaganfalls oder Krebses drastisch. Mit dem Rauchen aufzuh\u00f6ren bedeutet, <strong>dem K\u00f6rper eine zweite Chance<\/strong> zu geben. <\/p>\n\n<div style=\"height:22px\" aria-hidden=\"true\" class=\"wp-block-spacer\"><\/div>\n\n<h3 class=\"wp-block-heading\">Eine Erleichterung f\u00fcr die Brieftasche<\/h3>\n\n<div style=\"height:22px\" aria-hidden=\"true\" class=\"wp-block-spacer\"><\/div>\n\n<p>Die Kosten f\u00fcr eine Schachtel Zigaretten belaufen sich nun auf <strong>12 Euro<\/strong>. Bei einer Schachtel pro Tag sind das <strong>mehr als 4.000 Euro<\/strong> pro <strong>Jahr<\/strong>. Eine betr\u00e4chtliche Summe, mit der eine Reise, ein Projekt oder einfach nur das Familienbudget entlastet werden k\u00f6nnte.  <\/p>\n\n<p>Mit dem <strong>Anti-Raucher-Laser<\/strong> ist die Investition schnell amortisiert. Mit einer einzigen Sitzung, die oft 150 bis 200 Euro kostet, k\u00f6nnen Sie in den kommenden Monaten Tausende von Euro sparen. <\/p>\n\n<div style=\"height:22px\" aria-hidden=\"true\" class=\"wp-block-spacer\"><\/div>\n\n<hr class=\"wp-block-separator has-alpha-channel-opacity\"\/>\n\n<h2 class=\"wp-block-heading\">Die Bedeutung einer ma\u00dfgeschneiderten Begleitung<\/h2>\n\n<div style=\"height:22px\" aria-hidden=\"true\" class=\"wp-block-spacer\"><\/div>\n\n<p>Die <strong>Raucherentw\u00f6hnung mit dem Laser<\/strong> ist zwar \u00e4u\u00dferst wirksam, aber sie gewinnt an St\u00e4rke, wenn sie <strong>von einer pers\u00f6nlichen Betreuung begleitet<\/strong> wird. Spezialisierte Zentren bieten h\u00e4ufig : <\/p>\n\n<ul class=\"wp-block-list\">\n<li>eine Vorabpr\u00fcfung mit einem Experten,<\/li>\n\n\n\n<li>einen Ern\u00e4hrungsplan zur Vermeidung von Gewichtszunahme,<\/li>\n\n\n\n<li>Ratschl\u00e4ge zur <strong>Bew\u00e4ltigung von Stress und Versuchungen<\/strong>,<\/li>\n\n\n\n<li>und eine <strong>Nachbereitung nach der Sitzung<\/strong>, um den Erfolg sicherzustellen.<\/li>\n<\/ul>\n\n<div style=\"height:22px\" aria-hidden=\"true\" class=\"wp-block-spacer\"><\/div>\n\n<hr class=\"wp-block-separator has-alpha-channel-opacity\"\/>\n\n<h2 class=\"wp-block-heading\">Erfahrungsbericht: \u201eIch habe mit dem Laser aufgeh\u00f6rt und bin nie r\u00fcckf\u00e4llig geworden\u201c.<\/h2>\n\n<div style=\"height:22px\" aria-hidden=\"true\" class=\"wp-block-spacer\"><\/div>\n\n<figure class=\"wp-block-image alignleft size-full is-resized\"><img decoding=\"async\" width=\"1024\" height=\"1024\" src=\"https:\/\/www.mylasertabac.com\/wp-content\/uploads\/2025\/05\/drogue2.png\" alt=\"\" class=\"wp-image-8199\" style=\"width:328px;height:auto\" srcset=\"https:\/\/www.mylasertabac.com\/wp-content\/uploads\/2025\/05\/drogue2.png 1024w, https:\/\/www.mylasertabac.com\/wp-content\/uploads\/2025\/05\/drogue2-300x300.png 300w, https:\/\/www.mylasertabac.com\/wp-content\/uploads\/2025\/05\/drogue2-150x150.png 150w, https:\/\/www.mylasertabac.com\/wp-content\/uploads\/2025\/05\/drogue2-768x768.png 768w\" sizes=\"(max-width: 1024px) 100vw, 1024px\" \/><\/figure>\n\n<p>Julie, 38 Jahre alt, Raucherin seit ihrem 16:<\/p>\n\n<blockquote class=\"wp-block-quote is-layout-flow wp-block-quote-is-layout-flow\">\n<p>\u201eIch hatte alles versucht: Pflaster, Kaugummis, Hypnose&#8230;. Nichts hat funktioniert. Mein Arzt hat mir den <a href=\"https:\/\/www.mylasertabac.com\/de\/\">Anti-Raucher-Laser<\/a> empfohlen. Ich war skeptisch, aber sobald die Sitzung beendet war, hatte ich kein Verlangen mehr. Keine Nervosit\u00e4t, keine Hei\u00dfhungerattacken, nur innerer Frieden. Heute habe ich seit 8 Monaten keine Zigarette mehr anger\u00fchrt\u201c.  <\/p>\n<\/blockquote>\n\n<p>Dieser Bericht spiegelt die Erfahrungen <strong>vieler ehemaliger Raucher<\/strong> wider, die diese sanfte und effektive Methode durchlaufen haben.<\/p>\n\n<div style=\"height:22px\" aria-hidden=\"true\" class=\"wp-block-spacer\"><\/div>\n\n<hr class=\"wp-block-separator has-alpha-channel-opacity\"\/>\n\n<h2 class=\"wp-block-heading\">Fazit: Wie w\u00e4re es, wenn Sie den Weltnichtrauchertag zum Anlass n\u00e4hmen, sich zu befreien?<\/h2>\n\n<div style=\"height:24px\" aria-hidden=\"true\" class=\"wp-block-spacer\"><\/div>\n\n<p>Der Weltnichtrauchertag ist nicht nur ein Symbol. Er kann <strong>der Ausl\u00f6ser<\/strong> sein, den Sie brauchen. Mit dem Rauchen aufzuh\u00f6ren ist heute nicht mehr gleichbedeutend mit Schmerzen oder Entbehrungen. Mit dem <strong>Anti-Tabak-Laser<\/strong> wird die Entw\u00f6hnung <strong>zug\u00e4nglich, bequem und dauerhaft<\/strong>.   <\/p>\n\n<p>Warum also nicht diese Gelegenheit nutzen? Wie w\u00e4re es, wenn der diesj\u00e4hrige <strong>31. Mai Ihr Startpunkt f\u00fcr ein ges\u00fcnderes, freieres und gelasseneres Leben<\/strong> w\u00e4re? <\/p>\n\n<div style=\"height:34px\" aria-hidden=\"true\" class=\"wp-block-spacer\"><\/div>\n\n<figure class=\"wp-block-image alignfull size-large\"><img decoding=\"async\" src=\"https:\/\/www.mylasertabac.com\/wp-content\/uploads\/\/mlt-verteau.svg\" alt=\"\" class=\"wp-image-13\"\/><\/figure>\n","protected":false},"excerpt":{"rendered":"<p>Jedes Jahr am 31. Mai begeht die Welt den Weltnichtrauchertag, ein von der Weltgesundheitsorganisation initiiertes Ereignis, das auf die Gefahren des Rauchens aufmerksam machen und zum Aufh\u00f6ren ermutigen soll. In Frankreich hat dieser Tag eine ganz besondere Bedeutung: Nach den j\u00fcngsten Zahlen von Sant\u00e9 publique France verursacht das Rauchen immer noch 75.000 Todesf\u00e4lle pro Jahr [&hellip;]<\/p>\n","protected":false},"author":2,"featured_media":8933,"comment_status":"closed","ping_status":"open","sticky":false,"template":"","format":"standard","meta":{"inline_featured_image":false,"footnotes":""},"categories":[581],"tags":[],"class_list":["post-8952","post","type-post","status-publish","format-standard","has-post-thumbnail","hentry","category-gesetz"],"yoast_head":"<!-- This site is optimized with the Yoast SEO plugin v27.4 - https:\/\/yoast.com\/product\/yoast-seo-wordpress\/ -->\n<title>31. Mai: Weltnichtrauchertag: Was w\u00e4re, wenn dieses Jahr das richtige Jahr w\u00e4re, um endg\u00fcltig mit dem Rauchen aufzuh\u00f6ren? - My Laser Tabac<\/title>\n<meta name=\"description\" content=\"Am 31. Mai 2025 ist der Welttag gegen das Rauchen, und wir erkl\u00e4ren Ihnen, wie Sie dieses \u00dcbel bek\u00e4mpfen k\u00f6nnen.\" \/>\n<meta name=\"robots\" content=\"index, follow, max-snippet:-1, max-image-preview:large, max-video-preview:-1\" \/>\n<link rel=\"canonical\" href=\"https:\/\/www.mylasertabac.com\/de\/31-mai-weltnichtrauchertag-was-waere-wenn-dieses-jahr-das-richtige-jahr-waere-um-endgueltig-mit-dem-rauchen-aufzuhoeren\/\" \/>\n<meta property=\"og:locale\" content=\"de_DE\" \/>\n<meta property=\"og:type\" content=\"article\" \/>\n<meta property=\"og:title\" content=\"31. Mai: Weltnichtrauchertag: Was w\u00e4re, wenn dieses Jahr das richtige Jahr w\u00e4re, um endg\u00fcltig mit dem Rauchen aufzuh\u00f6ren? - My Laser Tabac\" \/>\n<meta property=\"og:description\" content=\"Am 31. Mai 2025 ist der Welttag gegen das Rauchen, und wir erkl\u00e4ren Ihnen, wie Sie dieses \u00dcbel bek\u00e4mpfen k\u00f6nnen.\" \/>\n<meta property=\"og:url\" content=\"https:\/\/www.mylasertabac.com\/de\/31-mai-weltnichtrauchertag-was-waere-wenn-dieses-jahr-das-richtige-jahr-waere-um-endgueltig-mit-dem-rauchen-aufzuhoeren\/\" \/>\n<meta property=\"og:site_name\" content=\"My Laser Tabac\" \/>\n<meta property=\"article:author\" content=\"https:\/\/www.facebook.com\/profile.php?id=61571554707319\" \/>\n<meta property=\"article:published_time\" content=\"2025-05-30T16:58:00+00:00\" \/>\n<meta property=\"article:modified_time\" content=\"2025-05-31T05:46:25+00:00\" \/>\n<meta property=\"og:image\" content=\"https:\/\/www.mylasertabac.com\/wp-content\/uploads\/2025\/05\/A8E5241B-0E88-4EBF-9AF3-53C738BAE792-1024x683.png\" \/>\n\t<meta property=\"og:image:width\" content=\"1024\" \/>\n\t<meta property=\"og:image:height\" content=\"683\" \/>\n\t<meta property=\"og:image:type\" content=\"image\/png\" \/>\n<meta name=\"author\" content=\"Florian Fortes\" \/>\n<meta name=\"twitter:card\" content=\"summary_large_image\" \/>\n<meta name=\"twitter:label1\" content=\"Verfasst von\" \/>\n\t<meta name=\"twitter:data1\" content=\"Florian Fortes\" \/>\n\t<meta name=\"twitter:label2\" content=\"Gesch\u00e4tzte Lesezeit\" \/>\n\t<meta name=\"twitter:data2\" content=\"5\u00a0Minuten\" \/>\n<script type=\"application\/ld+json\" class=\"yoast-schema-graph\">{\"@context\":\"https:\\\/\\\/schema.org\",\"@graph\":[{\"@type\":\"Article\",\"@id\":\"https:\\\/\\\/www.mylasertabac.com\\\/de\\\/31-mai-weltnichtrauchertag-was-waere-wenn-dieses-jahr-das-richtige-jahr-waere-um-endgueltig-mit-dem-rauchen-aufzuhoeren\\\/#article\",\"isPartOf\":{\"@id\":\"https:\\\/\\\/www.mylasertabac.com\\\/de\\\/31-mai-weltnichtrauchertag-was-waere-wenn-dieses-jahr-das-richtige-jahr-waere-um-endgueltig-mit-dem-rauchen-aufzuhoeren\\\/\"},\"author\":{\"name\":\"Florian Fortes\",\"@id\":\"https:\\\/\\\/www.mylasertabac.com\\\/de\\\/#\\\/schema\\\/person\\\/02c249cb76d912efb6c315ec23eccdf3\"},\"headline\":\"31. Mai: Weltnichtrauchertag: Was w\u00e4re, wenn dieses Jahr das richtige Jahr w\u00e4re, um endg\u00fcltig mit dem Rauchen aufzuh\u00f6ren?\",\"datePublished\":\"2025-05-30T16:58:00+00:00\",\"dateModified\":\"2025-05-31T05:46:25+00:00\",\"mainEntityOfPage\":{\"@id\":\"https:\\\/\\\/www.mylasertabac.com\\\/de\\\/31-mai-weltnichtrauchertag-was-waere-wenn-dieses-jahr-das-richtige-jahr-waere-um-endgueltig-mit-dem-rauchen-aufzuhoeren\\\/\"},\"wordCount\":962,\"publisher\":{\"@id\":\"https:\\\/\\\/www.mylasertabac.com\\\/de\\\/#organization\"},\"image\":{\"@id\":\"https:\\\/\\\/www.mylasertabac.com\\\/de\\\/31-mai-weltnichtrauchertag-was-waere-wenn-dieses-jahr-das-richtige-jahr-waere-um-endgueltig-mit-dem-rauchen-aufzuhoeren\\\/#primaryimage\"},\"thumbnailUrl\":\"https:\\\/\\\/www.mylasertabac.com\\\/wp-content\\\/uploads\\\/2025\\\/05\\\/A8E5241B-0E88-4EBF-9AF3-53C738BAE792.png\",\"articleSection\":[\"Gesetz\"],\"inLanguage\":\"de\"},{\"@type\":\"WebPage\",\"@id\":\"https:\\\/\\\/www.mylasertabac.com\\\/de\\\/31-mai-weltnichtrauchertag-was-waere-wenn-dieses-jahr-das-richtige-jahr-waere-um-endgueltig-mit-dem-rauchen-aufzuhoeren\\\/\",\"url\":\"https:\\\/\\\/www.mylasertabac.com\\\/de\\\/31-mai-weltnichtrauchertag-was-waere-wenn-dieses-jahr-das-richtige-jahr-waere-um-endgueltig-mit-dem-rauchen-aufzuhoeren\\\/\",\"name\":\"31. Mai: Weltnichtrauchertag: Was w\u00e4re, wenn dieses Jahr das richtige Jahr w\u00e4re, um endg\u00fcltig mit dem Rauchen aufzuh\u00f6ren? - My Laser Tabac\",\"isPartOf\":{\"@id\":\"https:\\\/\\\/www.mylasertabac.com\\\/de\\\/#website\"},\"primaryImageOfPage\":{\"@id\":\"https:\\\/\\\/www.mylasertabac.com\\\/de\\\/31-mai-weltnichtrauchertag-was-waere-wenn-dieses-jahr-das-richtige-jahr-waere-um-endgueltig-mit-dem-rauchen-aufzuhoeren\\\/#primaryimage\"},\"image\":{\"@id\":\"https:\\\/\\\/www.mylasertabac.com\\\/de\\\/31-mai-weltnichtrauchertag-was-waere-wenn-dieses-jahr-das-richtige-jahr-waere-um-endgueltig-mit-dem-rauchen-aufzuhoeren\\\/#primaryimage\"},\"thumbnailUrl\":\"https:\\\/\\\/www.mylasertabac.com\\\/wp-content\\\/uploads\\\/2025\\\/05\\\/A8E5241B-0E88-4EBF-9AF3-53C738BAE792.png\",\"datePublished\":\"2025-05-30T16:58:00+00:00\",\"dateModified\":\"2025-05-31T05:46:25+00:00\",\"description\":\"Am 31. Mai 2025 ist der Welttag gegen das Rauchen, und wir erkl\u00e4ren Ihnen, wie Sie dieses \u00dcbel bek\u00e4mpfen k\u00f6nnen.\",\"breadcrumb\":{\"@id\":\"https:\\\/\\\/www.mylasertabac.com\\\/de\\\/31-mai-weltnichtrauchertag-was-waere-wenn-dieses-jahr-das-richtige-jahr-waere-um-endgueltig-mit-dem-rauchen-aufzuhoeren\\\/#breadcrumb\"},\"inLanguage\":\"de\",\"potentialAction\":[{\"@type\":\"ReadAction\",\"target\":[\"https:\\\/\\\/www.mylasertabac.com\\\/de\\\/31-mai-weltnichtrauchertag-was-waere-wenn-dieses-jahr-das-richtige-jahr-waere-um-endgueltig-mit-dem-rauchen-aufzuhoeren\\\/\"]}]},{\"@type\":\"ImageObject\",\"inLanguage\":\"de\",\"@id\":\"https:\\\/\\\/www.mylasertabac.com\\\/de\\\/31-mai-weltnichtrauchertag-was-waere-wenn-dieses-jahr-das-richtige-jahr-waere-um-endgueltig-mit-dem-rauchen-aufzuhoeren\\\/#primaryimage\",\"url\":\"https:\\\/\\\/www.mylasertabac.com\\\/wp-content\\\/uploads\\\/2025\\\/05\\\/A8E5241B-0E88-4EBF-9AF3-53C738BAE792.png\",\"contentUrl\":\"https:\\\/\\\/www.mylasertabac.com\\\/wp-content\\\/uploads\\\/2025\\\/05\\\/A8E5241B-0E88-4EBF-9AF3-53C738BAE792.png\",\"width\":1536,\"height\":1024},{\"@type\":\"BreadcrumbList\",\"@id\":\"https:\\\/\\\/www.mylasertabac.com\\\/de\\\/31-mai-weltnichtrauchertag-was-waere-wenn-dieses-jahr-das-richtige-jahr-waere-um-endgueltig-mit-dem-rauchen-aufzuhoeren\\\/#breadcrumb\",\"itemListElement\":[{\"@type\":\"ListItem\",\"position\":1,\"name\":\"Accueil\",\"item\":\"https:\\\/\\\/www.mylasertabac.com\\\/de\\\/startseite\\\/\"},{\"@type\":\"ListItem\",\"position\":2,\"name\":\"31. Mai: Weltnichtrauchertag: Was w\u00e4re, wenn dieses Jahr das richtige Jahr w\u00e4re, um endg\u00fcltig mit dem Rauchen aufzuh\u00f6ren?\"}]},{\"@type\":\"WebSite\",\"@id\":\"https:\\\/\\\/www.mylasertabac.com\\\/de\\\/#website\",\"url\":\"https:\\\/\\\/www.mylasertabac.com\\\/de\\\/\",\"name\":\"My Laser Tabac\",\"description\":\"La solution laser qui transforme les fumeurs en ex-fumeurs\",\"publisher\":{\"@id\":\"https:\\\/\\\/www.mylasertabac.com\\\/de\\\/#organization\"},\"potentialAction\":[{\"@type\":\"SearchAction\",\"target\":{\"@type\":\"EntryPoint\",\"urlTemplate\":\"https:\\\/\\\/www.mylasertabac.com\\\/de\\\/?s={search_term_string}\"},\"query-input\":{\"@type\":\"PropertyValueSpecification\",\"valueRequired\":true,\"valueName\":\"search_term_string\"}}],\"inLanguage\":\"de\"},{\"@type\":\"Organization\",\"@id\":\"https:\\\/\\\/www.mylasertabac.com\\\/de\\\/#organization\",\"name\":\"My Laser Tabac\",\"url\":\"https:\\\/\\\/www.mylasertabac.com\\\/de\\\/\",\"logo\":{\"@type\":\"ImageObject\",\"inLanguage\":\"de\",\"@id\":\"https:\\\/\\\/www.mylasertabac.com\\\/de\\\/#\\\/schema\\\/logo\\\/image\\\/\",\"url\":\"https:\\\/\\\/www.mylasertabac.com\\\/wp-content\\\/uploads\\\/2024\\\/12\\\/mlt-verteau.svg\",\"contentUrl\":\"https:\\\/\\\/www.mylasertabac.com\\\/wp-content\\\/uploads\\\/2024\\\/12\\\/mlt-verteau.svg\",\"caption\":\"My Laser Tabac\"},\"image\":{\"@id\":\"https:\\\/\\\/www.mylasertabac.com\\\/de\\\/#\\\/schema\\\/logo\\\/image\\\/\"}},{\"@type\":\"Person\",\"@id\":\"https:\\\/\\\/www.mylasertabac.com\\\/de\\\/#\\\/schema\\\/person\\\/02c249cb76d912efb6c315ec23eccdf3\",\"name\":\"Florian Fortes\",\"image\":{\"@type\":\"ImageObject\",\"inLanguage\":\"de\",\"@id\":\"https:\\\/\\\/www.mylasertabac.com\\\/wp-content\\\/litespeed\\\/avatar\\\/142101a71d7b9e6490c1120d9c109a67.jpg?ver=1776856306\",\"url\":\"https:\\\/\\\/www.mylasertabac.com\\\/wp-content\\\/litespeed\\\/avatar\\\/142101a71d7b9e6490c1120d9c109a67.jpg?ver=1776856306\",\"contentUrl\":\"https:\\\/\\\/www.mylasertabac.com\\\/wp-content\\\/litespeed\\\/avatar\\\/142101a71d7b9e6490c1120d9c109a67.jpg?ver=1776856306\",\"caption\":\"Florian Fortes\"},\"sameAs\":[\"https:\\\/\\\/www.mylasertabac.com\",\"https:\\\/\\\/www.facebook.com\\\/profile.php?id=61571554707319\"],\"url\":\"https:\\\/\\\/www.mylasertabac.com\\\/de\\\/author\\\/florianfortes5312\\\/\"}]}<\/script>\n<!-- \/ Yoast SEO plugin. -->","yoast_head_json":{"title":"31. Mai: Weltnichtrauchertag: Was w\u00e4re, wenn dieses Jahr das richtige Jahr w\u00e4re, um endg\u00fcltig mit dem Rauchen aufzuh\u00f6ren? - My Laser Tabac","description":"Am 31. Mai 2025 ist der Welttag gegen das Rauchen, und wir erkl\u00e4ren Ihnen, wie Sie dieses \u00dcbel bek\u00e4mpfen k\u00f6nnen.","robots":{"index":"index","follow":"follow","max-snippet":"max-snippet:-1","max-image-preview":"max-image-preview:large","max-video-preview":"max-video-preview:-1"},"canonical":"https:\/\/www.mylasertabac.com\/de\/31-mai-weltnichtrauchertag-was-waere-wenn-dieses-jahr-das-richtige-jahr-waere-um-endgueltig-mit-dem-rauchen-aufzuhoeren\/","og_locale":"de_DE","og_type":"article","og_title":"31. Mai: Weltnichtrauchertag: Was w\u00e4re, wenn dieses Jahr das richtige Jahr w\u00e4re, um endg\u00fcltig mit dem Rauchen aufzuh\u00f6ren? - My Laser Tabac","og_description":"Am 31. Mai 2025 ist der Welttag gegen das Rauchen, und wir erkl\u00e4ren Ihnen, wie Sie dieses \u00dcbel bek\u00e4mpfen k\u00f6nnen.","og_url":"https:\/\/www.mylasertabac.com\/de\/31-mai-weltnichtrauchertag-was-waere-wenn-dieses-jahr-das-richtige-jahr-waere-um-endgueltig-mit-dem-rauchen-aufzuhoeren\/","og_site_name":"My Laser Tabac","article_author":"https:\/\/www.facebook.com\/profile.php?id=61571554707319","article_published_time":"2025-05-30T16:58:00+00:00","article_modified_time":"2025-05-31T05:46:25+00:00","og_image":[{"width":1024,"height":683,"url":"https:\/\/www.mylasertabac.com\/wp-content\/uploads\/2025\/05\/A8E5241B-0E88-4EBF-9AF3-53C738BAE792-1024x683.png","type":"image\/png"}],"author":"Florian Fortes","twitter_card":"summary_large_image","twitter_misc":{"Verfasst von":"Florian Fortes","Gesch\u00e4tzte Lesezeit":"5\u00a0Minuten"},"schema":{"@context":"https:\/\/schema.org","@graph":[{"@type":"Article","@id":"https:\/\/www.mylasertabac.com\/de\/31-mai-weltnichtrauchertag-was-waere-wenn-dieses-jahr-das-richtige-jahr-waere-um-endgueltig-mit-dem-rauchen-aufzuhoeren\/#article","isPartOf":{"@id":"https:\/\/www.mylasertabac.com\/de\/31-mai-weltnichtrauchertag-was-waere-wenn-dieses-jahr-das-richtige-jahr-waere-um-endgueltig-mit-dem-rauchen-aufzuhoeren\/"},"author":{"name":"Florian Fortes","@id":"https:\/\/www.mylasertabac.com\/de\/#\/schema\/person\/02c249cb76d912efb6c315ec23eccdf3"},"headline":"31. Mai: Weltnichtrauchertag: Was w\u00e4re, wenn dieses Jahr das richtige Jahr w\u00e4re, um endg\u00fcltig mit dem Rauchen aufzuh\u00f6ren?","datePublished":"2025-05-30T16:58:00+00:00","dateModified":"2025-05-31T05:46:25+00:00","mainEntityOfPage":{"@id":"https:\/\/www.mylasertabac.com\/de\/31-mai-weltnichtrauchertag-was-waere-wenn-dieses-jahr-das-richtige-jahr-waere-um-endgueltig-mit-dem-rauchen-aufzuhoeren\/"},"wordCount":962,"publisher":{"@id":"https:\/\/www.mylasertabac.com\/de\/#organization"},"image":{"@id":"https:\/\/www.mylasertabac.com\/de\/31-mai-weltnichtrauchertag-was-waere-wenn-dieses-jahr-das-richtige-jahr-waere-um-endgueltig-mit-dem-rauchen-aufzuhoeren\/#primaryimage"},"thumbnailUrl":"https:\/\/www.mylasertabac.com\/wp-content\/uploads\/2025\/05\/A8E5241B-0E88-4EBF-9AF3-53C738BAE792.png","articleSection":["Gesetz"],"inLanguage":"de"},{"@type":"WebPage","@id":"https:\/\/www.mylasertabac.com\/de\/31-mai-weltnichtrauchertag-was-waere-wenn-dieses-jahr-das-richtige-jahr-waere-um-endgueltig-mit-dem-rauchen-aufzuhoeren\/","url":"https:\/\/www.mylasertabac.com\/de\/31-mai-weltnichtrauchertag-was-waere-wenn-dieses-jahr-das-richtige-jahr-waere-um-endgueltig-mit-dem-rauchen-aufzuhoeren\/","name":"31. Mai: Weltnichtrauchertag: Was w\u00e4re, wenn dieses Jahr das richtige Jahr w\u00e4re, um endg\u00fcltig mit dem Rauchen aufzuh\u00f6ren? - My Laser Tabac","isPartOf":{"@id":"https:\/\/www.mylasertabac.com\/de\/#website"},"primaryImageOfPage":{"@id":"https:\/\/www.mylasertabac.com\/de\/31-mai-weltnichtrauchertag-was-waere-wenn-dieses-jahr-das-richtige-jahr-waere-um-endgueltig-mit-dem-rauchen-aufzuhoeren\/#primaryimage"},"image":{"@id":"https:\/\/www.mylasertabac.com\/de\/31-mai-weltnichtrauchertag-was-waere-wenn-dieses-jahr-das-richtige-jahr-waere-um-endgueltig-mit-dem-rauchen-aufzuhoeren\/#primaryimage"},"thumbnailUrl":"https:\/\/www.mylasertabac.com\/wp-content\/uploads\/2025\/05\/A8E5241B-0E88-4EBF-9AF3-53C738BAE792.png","datePublished":"2025-05-30T16:58:00+00:00","dateModified":"2025-05-31T05:46:25+00:00","description":"Am 31. Mai 2025 ist der Welttag gegen das Rauchen, und wir erkl\u00e4ren Ihnen, wie Sie dieses \u00dcbel bek\u00e4mpfen k\u00f6nnen.","breadcrumb":{"@id":"https:\/\/www.mylasertabac.com\/de\/31-mai-weltnichtrauchertag-was-waere-wenn-dieses-jahr-das-richtige-jahr-waere-um-endgueltig-mit-dem-rauchen-aufzuhoeren\/#breadcrumb"},"inLanguage":"de","potentialAction":[{"@type":"ReadAction","target":["https:\/\/www.mylasertabac.com\/de\/31-mai-weltnichtrauchertag-was-waere-wenn-dieses-jahr-das-richtige-jahr-waere-um-endgueltig-mit-dem-rauchen-aufzuhoeren\/"]}]},{"@type":"ImageObject","inLanguage":"de","@id":"https:\/\/www.mylasertabac.com\/de\/31-mai-weltnichtrauchertag-was-waere-wenn-dieses-jahr-das-richtige-jahr-waere-um-endgueltig-mit-dem-rauchen-aufzuhoeren\/#primaryimage","url":"https:\/\/www.mylasertabac.com\/wp-content\/uploads\/2025\/05\/A8E5241B-0E88-4EBF-9AF3-53C738BAE792.png","contentUrl":"https:\/\/www.mylasertabac.com\/wp-content\/uploads\/2025\/05\/A8E5241B-0E88-4EBF-9AF3-53C738BAE792.png","width":1536,"height":1024},{"@type":"BreadcrumbList","@id":"https:\/\/www.mylasertabac.com\/de\/31-mai-weltnichtrauchertag-was-waere-wenn-dieses-jahr-das-richtige-jahr-waere-um-endgueltig-mit-dem-rauchen-aufzuhoeren\/#breadcrumb","itemListElement":[{"@type":"ListItem","position":1,"name":"Accueil","item":"https:\/\/www.mylasertabac.com\/de\/startseite\/"},{"@type":"ListItem","position":2,"name":"31. Mai: Weltnichtrauchertag: Was w\u00e4re, wenn dieses Jahr das richtige Jahr w\u00e4re, um endg\u00fcltig mit dem Rauchen aufzuh\u00f6ren?"}]},{"@type":"WebSite","@id":"https:\/\/www.mylasertabac.com\/de\/#website","url":"https:\/\/www.mylasertabac.com\/de\/","name":"My Laser Tabac","description":"La solution laser qui transforme les fumeurs en ex-fumeurs","publisher":{"@id":"https:\/\/www.mylasertabac.com\/de\/#organization"},"potentialAction":[{"@type":"SearchAction","target":{"@type":"EntryPoint","urlTemplate":"https:\/\/www.mylasertabac.com\/de\/?s={search_term_string}"},"query-input":{"@type":"PropertyValueSpecification","valueRequired":true,"valueName":"search_term_string"}}],"inLanguage":"de"},{"@type":"Organization","@id":"https:\/\/www.mylasertabac.com\/de\/#organization","name":"My Laser Tabac","url":"https:\/\/www.mylasertabac.com\/de\/","logo":{"@type":"ImageObject","inLanguage":"de","@id":"https:\/\/www.mylasertabac.com\/de\/#\/schema\/logo\/image\/","url":"https:\/\/www.mylasertabac.com\/wp-content\/uploads\/2024\/12\/mlt-verteau.svg","contentUrl":"https:\/\/www.mylasertabac.com\/wp-content\/uploads\/2024\/12\/mlt-verteau.svg","caption":"My Laser Tabac"},"image":{"@id":"https:\/\/www.mylasertabac.com\/de\/#\/schema\/logo\/image\/"}},{"@type":"Person","@id":"https:\/\/www.mylasertabac.com\/de\/#\/schema\/person\/02c249cb76d912efb6c315ec23eccdf3","name":"Florian Fortes","image":{"@type":"ImageObject","inLanguage":"de","@id":"https:\/\/www.mylasertabac.com\/wp-content\/litespeed\/avatar\/142101a71d7b9e6490c1120d9c109a67.jpg?ver=1776856306","url":"https:\/\/www.mylasertabac.com\/wp-content\/litespeed\/avatar\/142101a71d7b9e6490c1120d9c109a67.jpg?ver=1776856306","contentUrl":"https:\/\/www.mylasertabac.com\/wp-content\/litespeed\/avatar\/142101a71d7b9e6490c1120d9c109a67.jpg?ver=1776856306","caption":"Florian Fortes"},"sameAs":["https:\/\/www.mylasertabac.com","https:\/\/www.facebook.com\/profile.php?id=61571554707319"],"url":"https:\/\/www.mylasertabac.com\/de\/author\/florianfortes5312\/"}]}},"_links":{"self":[{"href":"https:\/\/www.mylasertabac.com\/de\/wp-json\/wp\/v2\/posts\/8952","targetHints":{"allow":["GET"]}}],"collection":[{"href":"https:\/\/www.mylasertabac.com\/de\/wp-json\/wp\/v2\/posts"}],"about":[{"href":"https:\/\/www.mylasertabac.com\/de\/wp-json\/wp\/v2\/types\/post"}],"author":[{"embeddable":true,"href":"https:\/\/www.mylasertabac.com\/de\/wp-json\/wp\/v2\/users\/2"}],"replies":[{"embeddable":true,"href":"https:\/\/www.mylasertabac.com\/de\/wp-json\/wp\/v2\/comments?post=8952"}],"version-history":[{"count":3,"href":"https:\/\/www.mylasertabac.com\/de\/wp-json\/wp\/v2\/posts\/8952\/revisions"}],"predecessor-version":[{"id":8975,"href":"https:\/\/www.mylasertabac.com\/de\/wp-json\/wp\/v2\/posts\/8952\/revisions\/8975"}],"wp:featuredmedia":[{"embeddable":true,"href":"https:\/\/www.mylasertabac.com\/de\/wp-json\/wp\/v2\/media\/8933"}],"wp:attachment":[{"href":"https:\/\/www.mylasertabac.com\/de\/wp-json\/wp\/v2\/media?parent=8952"}],"wp:term":[{"taxonomy":"category","embeddable":true,"href":"https:\/\/www.mylasertabac.com\/de\/wp-json\/wp\/v2\/categories?post=8952"},{"taxonomy":"post_tag","embeddable":true,"href":"https:\/\/www.mylasertabac.com\/de\/wp-json\/wp\/v2\/tags?post=8952"}],"curies":[{"name":"wp","href":"https:\/\/api.w.org\/{rel}","templated":true}]}}