{"id":8988,"date":"2025-05-31T07:46:19","date_gmt":"2025-05-31T05:46:19","guid":{"rendered":"https:\/\/www.mylasertabac.com\/was-ist-wenn-der-rueckgang-des-tabakkonsums-in-den-letzten-jahren-auf-den-anti-tabak-laser-zurueckzufuehren-ist\/"},"modified":"2025-05-31T07:46:54","modified_gmt":"2025-05-31T05:46:54","slug":"was-ist-wenn-der-rueckgang-des-tabakkonsums-in-den-letzten-jahren-auf-den-anti-tabak-laser-zurueckzufuehren-ist","status":"publish","type":"post","link":"https:\/\/www.mylasertabac.com\/de\/was-ist-wenn-der-rueckgang-des-tabakkonsums-in-den-letzten-jahren-auf-den-anti-tabak-laser-zurueckzufuehren-ist\/","title":{"rendered":"Was ist, wenn der R\u00fcckgang des Tabakkonsums in den letzten Jahren auf den Anti-Tabak-Laser zur\u00fcckzuf\u00fchren ist?"},"content":{"rendered":"\n<div style=\"height:19px\" aria-hidden=\"true\" class=\"wp-block-spacer\"><\/div>\n\n<p>W\u00e4hrend die gro\u00dfen franz\u00f6sischen Medien am 30. Mai \u00fcber einen <strong>deutlichen R\u00fcckgang des Tabakkonsums<\/strong> in Frankreich berichten, sollte eine beunruhigende Frage gestellt werden: <strong>Was, wenn dieser positive Trend mit einer Methode zusammenh\u00e4ngt, \u00fcber die niemand offiziell spricht?<\/strong><\/p>\n\n<div style=\"height:19px\" aria-hidden=\"true\" class=\"wp-block-spacer\"><\/div>\n\n<p><strong>Was w\u00e4re, wenn dieser R\u00fcckgang des Rauchens in Wirklichkeit gr\u00f6\u00dftenteils durch den wachsenden Erfolg des Anti-Tabak-Lasers getragen wird?<\/strong><\/p>\n\n<div style=\"height:19px\" aria-hidden=\"true\" class=\"wp-block-spacer\"><\/div>\n\n<hr class=\"wp-block-separator has-alpha-channel-opacity\"\/>\n\n<h2 class=\"wp-block-heading\">\ud83d\udcc9 R\u00fcckgang des Rauchens in Frankreich: eine gute Nachricht&#8230; aber ein aufschlussreiches Schweigen<\/h2>\n\n<div style=\"height:19px\" aria-hidden=\"true\" class=\"wp-block-spacer\"><\/div>\n\n<p>Nach den neuesten Zahlen, die von den gro\u00dfen Medien wie <em>Le Monde<\/em>, <em>France Info<\/em> oder <em>Le Figaro<\/em> berichtet wurden, <strong>ist die Zahl der regelm\u00e4\u00dfigen Raucher<\/strong> seit 2019 <strong>deutlich zur\u00fcckgegangen<\/strong>. Diese Bewegung scheint auf den ersten Blick das Ergebnis von Regierungskampagnen, h\u00f6heren Tabakpreisen und Pr\u00e4ventionsma\u00dfnahmen in Schulen zu sein. <\/p>\n\n<p>Aber ein wichtiger Akteur in diesem Wandel <strong>wird systematisch \u00fcbersehen<\/strong>: <strong>der Anti-Tabak-Laser<\/strong>.<\/p>\n\n<div style=\"height:19px\" aria-hidden=\"true\" class=\"wp-block-spacer\"><\/div>\n\n<h3 class=\"wp-block-heading\">Warum ist es so still? Weil diese Methode st\u00f6rt <\/h3>\n\n<div style=\"height:19px\" aria-hidden=\"true\" class=\"wp-block-spacer\"><\/div>\n\n<p>Und wenn <strong>der franz\u00f6sische Staat und die Medien nicht dar\u00fcber berichten wollen<\/strong>, dann vielleicht deshalb, weil sie einfach nicht <strong>in<\/strong> der Lage sind, <strong>eine Praxis zu \u00fcberwachen, die nicht in ihre konventionellen medizinischen Kreisl\u00e4ufe<\/strong> passt.<\/p>\n\n<p>Dennoch sind <strong>90% der Personen, die eine Laserbehandlung zur <a href=\"https:\/\/www.mylasertabac.com\/de\/\">Raucherentw\u00f6hnung<\/a><\/strong> durchf\u00fchren, <strong>bereits nach der ersten Sitzung erfolgreich.<\/strong> Dies ist eine beeindruckende Statistik, die weit \u00fcber der von Pflastern, Kaugummis oder anderen Nikotinersatzprodukten liegt. <\/p>\n\n<div style=\"height:43px\" aria-hidden=\"true\" class=\"wp-block-spacer\"><\/div>\n\n<hr class=\"wp-block-separator has-alpha-channel-opacity\"\/>\n\n<figure class=\"wp-block-image alignleft size-large is-resized\"><img fetchpriority=\"high\" decoding=\"async\" width=\"1024\" height=\"662\" src=\"https:\/\/www.mylasertabac.com\/wp-content\/uploads\/2025\/04\/vitrine-1024x662.jpg\" alt=\"\" class=\"wp-image-7466\" style=\"width:488px;height:auto\" srcset=\"https:\/\/www.mylasertabac.com\/wp-content\/uploads\/2025\/04\/vitrine-1024x662.jpg 1024w, https:\/\/www.mylasertabac.com\/wp-content\/uploads\/2025\/04\/vitrine-300x194.jpg 300w, https:\/\/www.mylasertabac.com\/wp-content\/uploads\/2025\/04\/vitrine-768x496.jpg 768w, https:\/\/www.mylasertabac.com\/wp-content\/uploads\/2025\/04\/vitrine.jpg 1179w\" sizes=\"(max-width: 1024px) 100vw, 1024px\" \/><\/figure>\n\n<h2 class=\"wp-block-heading\">\ud83d\udd2c Anti-Tabak-Laser: eine nat\u00fcrliche und effektive Methode, um mit dem Rauchen aufzuh\u00f6ren<\/h2>\n\n<h3 class=\"wp-block-heading\">Was ist Raucherentw\u00f6hnung mit Laser?<\/h3>\n\n<p>Die <strong>Laserbehandlung gegen das Rauchen<\/strong> ist eine sanfte, nicht invasive Technik, die von der Aurikulotherapie inspiriert ist. Sie besteht in der <strong>Stimulation bestimmter Punkte am Ohr mit einem schmerzlosen Laserstrahl<\/strong>. Diese Stimulation l\u00f6st die Produktion von Endorphinen aus, wodurch :  <\/p>\n\n<ul class=\"wp-block-list\">\n<li><strong>das Verlangen nach einer Zigarette stark zu reduzieren<\/strong>,<\/li>\n\n\n\n<li><strong>den mit dem Entzug verbundenen Stress und die Angst zu reduzieren<\/strong>,<\/li>\n\n\n\n<li>und <strong>die Raucherentw\u00f6hnung ohne Gewichtszunahme zu erleichtern<\/strong>.<\/li>\n<\/ul>\n\n<div style=\"height:51px\" aria-hidden=\"true\" class=\"wp-block-spacer\"><\/div>\n\n<h3 class=\"wp-block-heading\">Warum ist diese Methode so beliebt?<\/h3>\n\n<div style=\"height:19px\" aria-hidden=\"true\" class=\"wp-block-spacer\"><\/div>\n\n<p>Weil sie funktioniert. Weil sie <strong>nat\u00fcrlich<\/strong> ist, <strong>ohne Nebenwirkungen<\/strong>, <strong>ohne Nikotin<\/strong>, <strong>ohne Medikamente<\/strong>, <strong>ohne Leiden<\/strong>. <\/p>\n\n<p>Und vor allem, weil <strong>die Ergebnisse bereits nach der ersten Sitzung sichtbar sind<\/strong> und eine lang anhaltende Wirkung zeigen.<\/p>\n\n<div style=\"height:19px\" aria-hidden=\"true\" class=\"wp-block-spacer\"><\/div>\n\n<hr class=\"wp-block-separator has-alpha-channel-opacity\"\/>\n\n<h2 class=\"wp-block-heading\">\ud83d\udcca Zahlen, die niemand ver\u00f6ffentlichen will<\/h2>\n\n<p>Eine einfache Rechnung: Es gibt heute <strong>Hunderte von Zentren, die sich auf die Raucherentw\u00f6hnung mit Laser spezialisiert<\/strong>haben und \u00fcber ganz Frankreich <strong>verteilt<\/strong>sind. Einige Zentren behandeln <strong>bis zu 10 Personen pro <\/strong>Tag, d.h. <strong>mehr als 3000 pro Jahr<\/strong>. <\/p>\n\n<p>Wenn man diese Zahl mit <strong>der Erfolgsquote von 90%<\/strong> multipliziert, wird schnell klar, dass <strong>Zehntausende von Menschen jedes Jahr tats\u00e4chlich mit dem Rauchen aufh\u00f6ren, weil sie mit Laser behandelt werden<\/strong>.<\/p>\n\n<p>Diese Zahl ist kolossal. Sie <strong>allein erkl\u00e4rt einen gro\u00dfen Teil des R\u00fcckgangs des Tabakkonsums in Frankreich<\/strong>. <\/p>\n\n<p>Aber niemand spricht dar\u00fcber. Denn der Laser, der <strong>nicht erstattet<\/strong> und <strong>von den Gesundheitsbeh\u00f6rden nicht anerkannt<\/strong> wird, bringt weder den Tabaklobbies noch dem konventionellen Gesundheitssystem etwas ein. <\/p>\n\n<div style=\"height:35px\" aria-hidden=\"true\" class=\"wp-block-spacer\"><\/div>\n\n<hr class=\"wp-block-separator has-alpha-channel-opacity\"\/>\n\n<figure class=\"wp-block-image alignright size-large is-resized\"><img decoding=\"async\" width=\"1024\" height=\"683\" src=\"https:\/\/www.mylasertabac.com\/wp-content\/uploads\/2025\/05\/de-1024x683.png\" alt=\"\" class=\"wp-image-8207\" style=\"width:359px;height:auto\" srcset=\"https:\/\/www.mylasertabac.com\/wp-content\/uploads\/2025\/05\/de-1024x683.png 1024w, https:\/\/www.mylasertabac.com\/wp-content\/uploads\/2025\/05\/de-300x200.png 300w, https:\/\/www.mylasertabac.com\/wp-content\/uploads\/2025\/05\/de-768x512.png 768w, https:\/\/www.mylasertabac.com\/wp-content\/uploads\/2025\/05\/de.png 1536w\" sizes=\"(max-width: 1024px) 100vw, 1024px\" \/><\/figure>\n\n<h2 class=\"wp-block-heading\">\ud83d\udca5 Warum ist der Laser gegen das Rauchen so st\u00f6rend?<\/h2>\n\n<p>Der Erfolg des Anti-Tabak-Lasers beruht auf drei S\u00e4ulen, die der Staat nicht kontrollieren kann:<\/p>\n\n<ol class=\"wp-block-list\">\n<li>Es handelt sich <strong>um eine nat\u00fcrliche Methode<\/strong>, die keine Medikamente oder Verschreibungen erfordert.<\/li>\n\n\n\n<li><strong>Sie ist schnell<\/strong>: In den meisten F\u00e4llen reicht eine einzige Sitzung aus.<\/li>\n\n\n\n<li>Sie <strong>ist unabh\u00e4ngig<\/strong>: Sie entzieht sich der Pharmaindustrie und den \u00fcblichen medizinischen Behandlungspfaden.<\/li>\n<\/ol>\n\n<p>Mit anderen Worten, der Anti-Tabak-Laser erm\u00f6glicht es Rauchern, <strong>ohne Abh\u00e4ngigkeit von einem System<\/strong> auszukommen.<\/p>\n\n<p>Und das st\u00f6rt.<\/p>\n\n<div style=\"height:33px\" aria-hidden=\"true\" class=\"wp-block-spacer\"><\/div>\n\n<hr class=\"wp-block-separator has-alpha-channel-opacity\"\/>\n\n<h2 class=\"wp-block-heading\">\ud83e\udde0 Raucherentw\u00f6hnung mit Laser: eine stille, aber m\u00e4chtige Revolution<\/h2>\n\n<div style=\"height:19px\" aria-hidden=\"true\" class=\"wp-block-spacer\"><\/div>\n\n<h3 class=\"wp-block-heading\">Tausende von Zeugenaussagen<\/h3>\n\n<div style=\"height:19px\" aria-hidden=\"true\" class=\"wp-block-spacer\"><\/div>\n\n<p>Foren, Facebook-Gruppen, spezialisierte Zentren und Wellness-Fachleute sind sich einig: Es <strong>gibt immer mehr Erfolgsgeschichten mit dem Laser<\/strong>.<\/p>\n\n<blockquote class=\"wp-block-quote is-layout-flow wp-block-quote-is-layout-flow\">\n<p>\u201eIch habe in einer Sitzung aufgeh\u00f6rt, nachdem ich 20 Jahre lang geraucht hatte. Kein Verlangen, keine Angst.\u201c<br\/>\u201eIch habe endlich eine sanfte und effektive Methode gefunden. Nie wieder eine Zigarette\u201c<br\/>\u201eWarum wird diese Methode nicht im Fernsehen erw\u00e4hnt?\u201c<\/p>\n<\/blockquote>\n\n<p>Authentische Berichte, die weitaus \u00fcberzeugender sind als Schockkampagnen oder absto\u00dfende Fotos auf den Packungen.<\/p>\n\n<div style=\"height:19px\" aria-hidden=\"true\" class=\"wp-block-spacer\"><\/div>\n\n<h3 class=\"wp-block-heading\">Eine L\u00f6sung f\u00fcr alle Profile<\/h3>\n\n<div style=\"height:19px\" aria-hidden=\"true\" class=\"wp-block-spacer\"><\/div>\n\n<p>Ob Sie <strong>Gelegenheitsraucher, t\u00e4glicher Raucher oder starker Raucher<\/strong> sind, der <strong>Anti-Tabak-Laser<\/strong> passt sich jedem Bedarf an:<\/p>\n\n<ul class=\"wp-block-list\">\n<li>Es ist f\u00fcr schwangere Frauen geeignet (nach \u00e4rztlichem Rat).<\/li>\n\n\n\n<li>Es wird zur Vorbeugung von R\u00fcckf\u00e4llen eingesetzt.<\/li>\n\n\n\n<li>Sie ist sogar f\u00fcr diejenigen wirksam, die mit anderen Methoden gescheitert sind.<\/li>\n<\/ul>\n\n<div style=\"height:19px\" aria-hidden=\"true\" class=\"wp-block-spacer\"><\/div>\n\n<p class=\"has-cyan-bluish-gray-background-color has-background\">Lesen Sie auch : <a href=\"https:\/\/www.mylasertabac.com\/de\/infos\/lasertraining-fuer-raucher-und-suechtige\/\"><mark style=\"background-color:rgba(0, 0, 0, 0)\" class=\"has-inline-color has-luminous-vivid-orange-color\">Warum ein Franchise im Bereich Gesundheit und Tabakabh\u00e4ngigkeit er\u00f6ffnen? <\/mark><\/a> <\/p>\n\n<div style=\"height:19px\" aria-hidden=\"true\" class=\"wp-block-spacer\"><\/div>\n\n<hr class=\"wp-block-separator has-alpha-channel-opacity\"\/>\n\n<h2 class=\"wp-block-heading\">\ud83d\ude80 Was w\u00e4re, wenn die Zukunft der Raucherentw\u00f6hnung bereits jetzt w\u00e4re?<\/h2>\n\n<div style=\"height:19px\" aria-hidden=\"true\" class=\"wp-block-spacer\"><\/div>\n\n<p>W\u00e4hrend der Staat M\u00fche hat, die Zahl der Raucher dauerhaft zu senken, <strong>\u00fcberzeugen konkrete und bew\u00e4hrte L\u00f6sungen wie der Anti-Tabak-Laser weiterhin Tausende von Franzosen<\/strong>.<\/p>\n\n<div style=\"height:19px\" aria-hidden=\"true\" class=\"wp-block-spacer\"><\/div>\n\n<p>Und wenn die Beh\u00f6rden dies nicht anerkennen wollen, <strong>sind die Ergebnisse da<\/strong>.<\/p>\n\n<div style=\"height:19px\" aria-hidden=\"true\" class=\"wp-block-spacer\"><\/div>\n\n<p>Wenn es um die <strong>Raucherentw\u00f6hnung<\/strong> geht, ist es an der Zeit, der Wahrheit ins Auge zu sehen:<br\/>\u2705 Die Franzosen wollen nat\u00fcrliche L\u00f6sungen,<br\/>\u2705 sie wollen mit dem Rauchen aufh\u00f6ren, ohne zu leiden,<br\/>\u2705 sie wollen schnelle und dauerhafte Ergebnisse.<\/p>\n\n<p>Und heute <strong>erf\u00fcllt der Anti-Tabak-Laser alle diese Erwartungen<\/strong>.<\/p>\n\n<div style=\"height:19px\" aria-hidden=\"true\" class=\"wp-block-spacer\"><\/div>\n\n<h2 class=\"wp-block-heading\">\ud83d\udcdd Fazit: Schlie\u00dfen Sie sich den Tausenden von Franzosen an, die mit dem Rauchen aufgeh\u00f6rt haben&#8230; und noch viel mehr.<\/h2>\n\n<div style=\"height:19px\" aria-hidden=\"true\" class=\"wp-block-spacer\"><\/div>\n\n<p>Der R\u00fcckgang des Tabakkonsums in Frankreich ist real, aber es ist an der Zeit, die Augen zu \u00f6ffnen: <strong>Der Anti-Tabak-Laser spielt dabei eine zentrale Rolle<\/strong>. Diese sanfte, nat\u00fcrliche und effektive Methode ver\u00e4ndert jeden Tag still und leise das Leben von Menschen in ganz Frankreich. <\/p>\n\n<p>Aber <strong>der Laser ist nicht auf die Raucherentw\u00f6hnung beschr\u00e4nkt<\/strong>. Bei <strong>MyLaserTabac<\/strong> unterst\u00fctzen wir unsere Kunden nun auch bei <strong>anderen wichtigen Abh\u00e4ngigkeiten<\/strong>, die Millionen von Menschen betreffen: <\/p>\n\n<div style=\"height:19px\" aria-hidden=\"true\" class=\"wp-block-spacer\"><\/div>\n\n<ul class=\"wp-block-list\">\n<li><strong>Alkoholabh\u00e4ngigkeit<\/strong>,<\/li>\n\n\n\n<li><strong>Cannabisabh\u00e4ngigkeit<\/strong>,<\/li>\n\n\n\n<li><strong>\u00fcberm\u00e4\u00dfiger Zuckerkonsum<\/strong>,<\/li>\n\n\n\n<li><strong>die Bew\u00e4ltigung von chronischem Stress<\/strong>,<\/li>\n\n\n\n<li>und nat\u00fcrlich die <strong>Aufgabe des Rauchens<\/strong>.<\/li>\n<\/ul>\n\n<div style=\"height:19px\" aria-hidden=\"true\" class=\"wp-block-spacer\"><\/div>\n\n<p>Unser ganzheitlicher Ansatz f\u00fcr Wohlbefinden und Gesundheit erm\u00f6glicht es jedem, sein <strong>Gleichgewicht und seine Freiheit wiederzufinden<\/strong>, ohne chemische Produkte oder invasive Behandlungen.<\/p>\n\n<p>Und wenn Sie noch einen Schritt weiter gehen m\u00f6chten, <strong>k\u00f6nnen auch Sie ein engagierter Akteur im Bereich Gesundheit und Suchtbek\u00e4mpfung werden<\/strong>.<br\/>In unserem <strong>umfassenden<a href=\"https:\/\/www.mylasertabac.com\/de\/infos\/lasertraining-fuer-raucher-und-suechtige\/\">Anti-Tabak-Lasertraining <\/a><\/strong> lernen Sie alle Techniken, die in unseren Zentren angewendet werden: von der Raucherentw\u00f6hnung bis zur Behandlung von Verhaltenss\u00fcchten.<\/p>\n\n<div style=\"height:19px\" aria-hidden=\"true\" class=\"wp-block-spacer\"><\/div>\n\n<p>\ud83d\udc49 <strong>Er\u00f6ffnen Sie Ihr eigenes <a href=\"https:\/\/www.mylasertabac.com\/de\/unsere-zentren\/\">MyLaserTabac-Zentrum<\/a><\/strong> in Ihrer Stadt oder Region und <strong>helfen Sie anderen, ihr Leben zu ver\u00e4ndern, w\u00e4hrend Sie Ihr eigenes Leben ver\u00e4ndern.<\/strong><\/p>\n\n<div style=\"height:28px\" aria-hidden=\"true\" class=\"wp-block-spacer\"><\/div>\n\n<p><strong>Die Zukunft der sanften und nat\u00fcrlichen Gesundheit beginnt heute.<\/strong><br\/>Schlie\u00dfen Sie sich der Bewegung an.<\/p>\n\n<div style=\"height:29px\" aria-hidden=\"true\" class=\"wp-block-spacer\"><\/div>\n\n<figure class=\"wp-block-image size-large\"><img decoding=\"async\" src=\"https:\/\/www.mylasertabac.com\/wp-content\/uploads\/\/mlt-verteau.svg\" alt=\"\" class=\"wp-image-13\"\/><\/figure>\n\n<p><\/p>\n","protected":false},"excerpt":{"rendered":"<p>W\u00e4hrend die gro\u00dfen franz\u00f6sischen Medien am 30. Mai \u00fcber einen deutlichen R\u00fcckgang des Tabakkonsums in Frankreich berichten, sollte eine beunruhigende Frage gestellt werden: Was, wenn dieser positive Trend mit einer Methode zusammenh\u00e4ngt, \u00fcber die niemand offiziell spricht? Was w\u00e4re, wenn dieser R\u00fcckgang des Rauchens in Wirklichkeit gr\u00f6\u00dftenteils durch den wachsenden Erfolg des Anti-Tabak-Lasers getragen wird? [&hellip;]<\/p>\n","protected":false},"author":2,"featured_media":8943,"comment_status":"closed","ping_status":"open","sticky":false,"template":"","format":"standard","meta":{"inline_featured_image":false,"footnotes":""},"categories":[154],"tags":[],"class_list":["post-8988","post","type-post","status-publish","format-standard","has-post-thumbnail","hentry","category-gesundheit"],"yoast_head":"<!-- This site is optimized with the Yoast SEO plugin v27.4 - https:\/\/yoast.com\/product\/yoast-seo-wordpress\/ -->\n<title>Was ist, wenn der R\u00fcckgang des Tabakkonsums in den letzten Jahren auf den Anti-Tabak-Laser zur\u00fcckzuf\u00fchren ist? - My Laser Tabac<\/title>\n<meta name=\"description\" content=\"Es gibt viele Artikel, die erkl\u00e4ren, dass es in Frankreich einen signifikanten R\u00fcckgang des Tabakkonsums gibt, und wir erkl\u00e4ren Ihnen alles, was Sie wissen m\u00fcssen.\" \/>\n<meta name=\"robots\" content=\"index, follow, max-snippet:-1, max-image-preview:large, max-video-preview:-1\" \/>\n<link rel=\"canonical\" href=\"https:\/\/www.mylasertabac.com\/de\/was-ist-wenn-der-rueckgang-des-tabakkonsums-in-den-letzten-jahren-auf-den-anti-tabak-laser-zurueckzufuehren-ist\/\" \/>\n<meta property=\"og:locale\" content=\"de_DE\" \/>\n<meta property=\"og:type\" content=\"article\" \/>\n<meta property=\"og:title\" content=\"Was ist, wenn der R\u00fcckgang des Tabakkonsums in den letzten Jahren auf den Anti-Tabak-Laser zur\u00fcckzuf\u00fchren ist? - My Laser Tabac\" \/>\n<meta property=\"og:description\" content=\"Es gibt viele Artikel, die erkl\u00e4ren, dass es in Frankreich einen signifikanten R\u00fcckgang des Tabakkonsums gibt, und wir erkl\u00e4ren Ihnen alles, was Sie wissen m\u00fcssen.\" \/>\n<meta property=\"og:url\" content=\"https:\/\/www.mylasertabac.com\/de\/was-ist-wenn-der-rueckgang-des-tabakkonsums-in-den-letzten-jahren-auf-den-anti-tabak-laser-zurueckzufuehren-ist\/\" \/>\n<meta property=\"og:site_name\" content=\"My Laser Tabac\" \/>\n<meta property=\"article:author\" content=\"https:\/\/www.facebook.com\/profile.php?id=61571554707319\" \/>\n<meta property=\"article:published_time\" content=\"2025-05-31T05:46:19+00:00\" \/>\n<meta property=\"article:modified_time\" content=\"2025-05-31T05:46:54+00:00\" \/>\n<meta property=\"og:image\" content=\"https:\/\/www.mylasertabac.com\/wp-content\/uploads\/2025\/05\/mp-1024x683.png\" \/>\n\t<meta property=\"og:image:width\" content=\"1024\" \/>\n\t<meta property=\"og:image:height\" content=\"683\" \/>\n\t<meta property=\"og:image:type\" content=\"image\/png\" \/>\n<meta name=\"author\" content=\"Florian Fortes\" \/>\n<meta name=\"twitter:card\" content=\"summary_large_image\" \/>\n<meta name=\"twitter:label1\" content=\"Verfasst von\" \/>\n\t<meta name=\"twitter:data1\" content=\"Florian Fortes\" \/>\n\t<meta name=\"twitter:label2\" content=\"Gesch\u00e4tzte Lesezeit\" \/>\n\t<meta name=\"twitter:data2\" content=\"5\u00a0Minuten\" \/>\n<script type=\"application\/ld+json\" class=\"yoast-schema-graph\">{\"@context\":\"https:\\\/\\\/schema.org\",\"@graph\":[{\"@type\":\"Article\",\"@id\":\"https:\\\/\\\/www.mylasertabac.com\\\/de\\\/was-ist-wenn-der-rueckgang-des-tabakkonsums-in-den-letzten-jahren-auf-den-anti-tabak-laser-zurueckzufuehren-ist\\\/#article\",\"isPartOf\":{\"@id\":\"https:\\\/\\\/www.mylasertabac.com\\\/de\\\/was-ist-wenn-der-rueckgang-des-tabakkonsums-in-den-letzten-jahren-auf-den-anti-tabak-laser-zurueckzufuehren-ist\\\/\"},\"author\":{\"name\":\"Florian Fortes\",\"@id\":\"https:\\\/\\\/www.mylasertabac.com\\\/de\\\/#\\\/schema\\\/person\\\/02c249cb76d912efb6c315ec23eccdf3\"},\"headline\":\"Was ist, wenn der R\u00fcckgang des Tabakkonsums in den letzten Jahren auf den Anti-Tabak-Laser zur\u00fcckzuf\u00fchren ist?\",\"datePublished\":\"2025-05-31T05:46:19+00:00\",\"dateModified\":\"2025-05-31T05:46:54+00:00\",\"mainEntityOfPage\":{\"@id\":\"https:\\\/\\\/www.mylasertabac.com\\\/de\\\/was-ist-wenn-der-rueckgang-des-tabakkonsums-in-den-letzten-jahren-auf-den-anti-tabak-laser-zurueckzufuehren-ist\\\/\"},\"wordCount\":1068,\"publisher\":{\"@id\":\"https:\\\/\\\/www.mylasertabac.com\\\/de\\\/#organization\"},\"image\":{\"@id\":\"https:\\\/\\\/www.mylasertabac.com\\\/de\\\/was-ist-wenn-der-rueckgang-des-tabakkonsums-in-den-letzten-jahren-auf-den-anti-tabak-laser-zurueckzufuehren-ist\\\/#primaryimage\"},\"thumbnailUrl\":\"https:\\\/\\\/www.mylasertabac.com\\\/wp-content\\\/uploads\\\/2025\\\/05\\\/mp.png\",\"articleSection\":[\"Gesundheit\"],\"inLanguage\":\"de\"},{\"@type\":\"WebPage\",\"@id\":\"https:\\\/\\\/www.mylasertabac.com\\\/de\\\/was-ist-wenn-der-rueckgang-des-tabakkonsums-in-den-letzten-jahren-auf-den-anti-tabak-laser-zurueckzufuehren-ist\\\/\",\"url\":\"https:\\\/\\\/www.mylasertabac.com\\\/de\\\/was-ist-wenn-der-rueckgang-des-tabakkonsums-in-den-letzten-jahren-auf-den-anti-tabak-laser-zurueckzufuehren-ist\\\/\",\"name\":\"Was ist, wenn der R\u00fcckgang des Tabakkonsums in den letzten Jahren auf den Anti-Tabak-Laser zur\u00fcckzuf\u00fchren ist? - My Laser Tabac\",\"isPartOf\":{\"@id\":\"https:\\\/\\\/www.mylasertabac.com\\\/de\\\/#website\"},\"primaryImageOfPage\":{\"@id\":\"https:\\\/\\\/www.mylasertabac.com\\\/de\\\/was-ist-wenn-der-rueckgang-des-tabakkonsums-in-den-letzten-jahren-auf-den-anti-tabak-laser-zurueckzufuehren-ist\\\/#primaryimage\"},\"image\":{\"@id\":\"https:\\\/\\\/www.mylasertabac.com\\\/de\\\/was-ist-wenn-der-rueckgang-des-tabakkonsums-in-den-letzten-jahren-auf-den-anti-tabak-laser-zurueckzufuehren-ist\\\/#primaryimage\"},\"thumbnailUrl\":\"https:\\\/\\\/www.mylasertabac.com\\\/wp-content\\\/uploads\\\/2025\\\/05\\\/mp.png\",\"datePublished\":\"2025-05-31T05:46:19+00:00\",\"dateModified\":\"2025-05-31T05:46:54+00:00\",\"description\":\"Es gibt viele Artikel, die erkl\u00e4ren, dass es in Frankreich einen signifikanten R\u00fcckgang des Tabakkonsums gibt, und wir erkl\u00e4ren Ihnen alles, was Sie wissen m\u00fcssen.\",\"breadcrumb\":{\"@id\":\"https:\\\/\\\/www.mylasertabac.com\\\/de\\\/was-ist-wenn-der-rueckgang-des-tabakkonsums-in-den-letzten-jahren-auf-den-anti-tabak-laser-zurueckzufuehren-ist\\\/#breadcrumb\"},\"inLanguage\":\"de\",\"potentialAction\":[{\"@type\":\"ReadAction\",\"target\":[\"https:\\\/\\\/www.mylasertabac.com\\\/de\\\/was-ist-wenn-der-rueckgang-des-tabakkonsums-in-den-letzten-jahren-auf-den-anti-tabak-laser-zurueckzufuehren-ist\\\/\"]}]},{\"@type\":\"ImageObject\",\"inLanguage\":\"de\",\"@id\":\"https:\\\/\\\/www.mylasertabac.com\\\/de\\\/was-ist-wenn-der-rueckgang-des-tabakkonsums-in-den-letzten-jahren-auf-den-anti-tabak-laser-zurueckzufuehren-ist\\\/#primaryimage\",\"url\":\"https:\\\/\\\/www.mylasertabac.com\\\/wp-content\\\/uploads\\\/2025\\\/05\\\/mp.png\",\"contentUrl\":\"https:\\\/\\\/www.mylasertabac.com\\\/wp-content\\\/uploads\\\/2025\\\/05\\\/mp.png\",\"width\":1536,\"height\":1024},{\"@type\":\"BreadcrumbList\",\"@id\":\"https:\\\/\\\/www.mylasertabac.com\\\/de\\\/was-ist-wenn-der-rueckgang-des-tabakkonsums-in-den-letzten-jahren-auf-den-anti-tabak-laser-zurueckzufuehren-ist\\\/#breadcrumb\",\"itemListElement\":[{\"@type\":\"ListItem\",\"position\":1,\"name\":\"Accueil\",\"item\":\"https:\\\/\\\/www.mylasertabac.com\\\/de\\\/startseite\\\/\"},{\"@type\":\"ListItem\",\"position\":2,\"name\":\"Was ist, wenn der R\u00fcckgang des Tabakkonsums in den letzten Jahren auf den Anti-Tabak-Laser zur\u00fcckzuf\u00fchren ist?\"}]},{\"@type\":\"WebSite\",\"@id\":\"https:\\\/\\\/www.mylasertabac.com\\\/de\\\/#website\",\"url\":\"https:\\\/\\\/www.mylasertabac.com\\\/de\\\/\",\"name\":\"My Laser Tabac\",\"description\":\"La solution laser qui transforme les fumeurs en ex-fumeurs\",\"publisher\":{\"@id\":\"https:\\\/\\\/www.mylasertabac.com\\\/de\\\/#organization\"},\"potentialAction\":[{\"@type\":\"SearchAction\",\"target\":{\"@type\":\"EntryPoint\",\"urlTemplate\":\"https:\\\/\\\/www.mylasertabac.com\\\/de\\\/?s={search_term_string}\"},\"query-input\":{\"@type\":\"PropertyValueSpecification\",\"valueRequired\":true,\"valueName\":\"search_term_string\"}}],\"inLanguage\":\"de\"},{\"@type\":\"Organization\",\"@id\":\"https:\\\/\\\/www.mylasertabac.com\\\/de\\\/#organization\",\"name\":\"My Laser Tabac\",\"url\":\"https:\\\/\\\/www.mylasertabac.com\\\/de\\\/\",\"logo\":{\"@type\":\"ImageObject\",\"inLanguage\":\"de\",\"@id\":\"https:\\\/\\\/www.mylasertabac.com\\\/de\\\/#\\\/schema\\\/logo\\\/image\\\/\",\"url\":\"https:\\\/\\\/www.mylasertabac.com\\\/wp-content\\\/uploads\\\/2024\\\/12\\\/mlt-verteau.svg\",\"contentUrl\":\"https:\\\/\\\/www.mylasertabac.com\\\/wp-content\\\/uploads\\\/2024\\\/12\\\/mlt-verteau.svg\",\"caption\":\"My Laser Tabac\"},\"image\":{\"@id\":\"https:\\\/\\\/www.mylasertabac.com\\\/de\\\/#\\\/schema\\\/logo\\\/image\\\/\"}},{\"@type\":\"Person\",\"@id\":\"https:\\\/\\\/www.mylasertabac.com\\\/de\\\/#\\\/schema\\\/person\\\/02c249cb76d912efb6c315ec23eccdf3\",\"name\":\"Florian Fortes\",\"image\":{\"@type\":\"ImageObject\",\"inLanguage\":\"de\",\"@id\":\"https:\\\/\\\/www.mylasertabac.com\\\/wp-content\\\/litespeed\\\/avatar\\\/142101a71d7b9e6490c1120d9c109a67.jpg?ver=1776856306\",\"url\":\"https:\\\/\\\/www.mylasertabac.com\\\/wp-content\\\/litespeed\\\/avatar\\\/142101a71d7b9e6490c1120d9c109a67.jpg?ver=1776856306\",\"contentUrl\":\"https:\\\/\\\/www.mylasertabac.com\\\/wp-content\\\/litespeed\\\/avatar\\\/142101a71d7b9e6490c1120d9c109a67.jpg?ver=1776856306\",\"caption\":\"Florian Fortes\"},\"sameAs\":[\"https:\\\/\\\/www.mylasertabac.com\",\"https:\\\/\\\/www.facebook.com\\\/profile.php?id=61571554707319\"],\"url\":\"https:\\\/\\\/www.mylasertabac.com\\\/de\\\/author\\\/florianfortes5312\\\/\"}]}<\/script>\n<!-- \/ Yoast SEO plugin. -->","yoast_head_json":{"title":"Was ist, wenn der R\u00fcckgang des Tabakkonsums in den letzten Jahren auf den Anti-Tabak-Laser zur\u00fcckzuf\u00fchren ist? - My Laser Tabac","description":"Es gibt viele Artikel, die erkl\u00e4ren, dass es in Frankreich einen signifikanten R\u00fcckgang des Tabakkonsums gibt, und wir erkl\u00e4ren Ihnen alles, was Sie wissen m\u00fcssen.","robots":{"index":"index","follow":"follow","max-snippet":"max-snippet:-1","max-image-preview":"max-image-preview:large","max-video-preview":"max-video-preview:-1"},"canonical":"https:\/\/www.mylasertabac.com\/de\/was-ist-wenn-der-rueckgang-des-tabakkonsums-in-den-letzten-jahren-auf-den-anti-tabak-laser-zurueckzufuehren-ist\/","og_locale":"de_DE","og_type":"article","og_title":"Was ist, wenn der R\u00fcckgang des Tabakkonsums in den letzten Jahren auf den Anti-Tabak-Laser zur\u00fcckzuf\u00fchren ist? - My Laser Tabac","og_description":"Es gibt viele Artikel, die erkl\u00e4ren, dass es in Frankreich einen signifikanten R\u00fcckgang des Tabakkonsums gibt, und wir erkl\u00e4ren Ihnen alles, was Sie wissen m\u00fcssen.","og_url":"https:\/\/www.mylasertabac.com\/de\/was-ist-wenn-der-rueckgang-des-tabakkonsums-in-den-letzten-jahren-auf-den-anti-tabak-laser-zurueckzufuehren-ist\/","og_site_name":"My Laser Tabac","article_author":"https:\/\/www.facebook.com\/profile.php?id=61571554707319","article_published_time":"2025-05-31T05:46:19+00:00","article_modified_time":"2025-05-31T05:46:54+00:00","og_image":[{"width":1024,"height":683,"url":"https:\/\/www.mylasertabac.com\/wp-content\/uploads\/2025\/05\/mp-1024x683.png","type":"image\/png"}],"author":"Florian Fortes","twitter_card":"summary_large_image","twitter_misc":{"Verfasst von":"Florian Fortes","Gesch\u00e4tzte Lesezeit":"5\u00a0Minuten"},"schema":{"@context":"https:\/\/schema.org","@graph":[{"@type":"Article","@id":"https:\/\/www.mylasertabac.com\/de\/was-ist-wenn-der-rueckgang-des-tabakkonsums-in-den-letzten-jahren-auf-den-anti-tabak-laser-zurueckzufuehren-ist\/#article","isPartOf":{"@id":"https:\/\/www.mylasertabac.com\/de\/was-ist-wenn-der-rueckgang-des-tabakkonsums-in-den-letzten-jahren-auf-den-anti-tabak-laser-zurueckzufuehren-ist\/"},"author":{"name":"Florian Fortes","@id":"https:\/\/www.mylasertabac.com\/de\/#\/schema\/person\/02c249cb76d912efb6c315ec23eccdf3"},"headline":"Was ist, wenn der R\u00fcckgang des Tabakkonsums in den letzten Jahren auf den Anti-Tabak-Laser zur\u00fcckzuf\u00fchren ist?","datePublished":"2025-05-31T05:46:19+00:00","dateModified":"2025-05-31T05:46:54+00:00","mainEntityOfPage":{"@id":"https:\/\/www.mylasertabac.com\/de\/was-ist-wenn-der-rueckgang-des-tabakkonsums-in-den-letzten-jahren-auf-den-anti-tabak-laser-zurueckzufuehren-ist\/"},"wordCount":1068,"publisher":{"@id":"https:\/\/www.mylasertabac.com\/de\/#organization"},"image":{"@id":"https:\/\/www.mylasertabac.com\/de\/was-ist-wenn-der-rueckgang-des-tabakkonsums-in-den-letzten-jahren-auf-den-anti-tabak-laser-zurueckzufuehren-ist\/#primaryimage"},"thumbnailUrl":"https:\/\/www.mylasertabac.com\/wp-content\/uploads\/2025\/05\/mp.png","articleSection":["Gesundheit"],"inLanguage":"de"},{"@type":"WebPage","@id":"https:\/\/www.mylasertabac.com\/de\/was-ist-wenn-der-rueckgang-des-tabakkonsums-in-den-letzten-jahren-auf-den-anti-tabak-laser-zurueckzufuehren-ist\/","url":"https:\/\/www.mylasertabac.com\/de\/was-ist-wenn-der-rueckgang-des-tabakkonsums-in-den-letzten-jahren-auf-den-anti-tabak-laser-zurueckzufuehren-ist\/","name":"Was ist, wenn der R\u00fcckgang des Tabakkonsums in den letzten Jahren auf den Anti-Tabak-Laser zur\u00fcckzuf\u00fchren ist? - My Laser Tabac","isPartOf":{"@id":"https:\/\/www.mylasertabac.com\/de\/#website"},"primaryImageOfPage":{"@id":"https:\/\/www.mylasertabac.com\/de\/was-ist-wenn-der-rueckgang-des-tabakkonsums-in-den-letzten-jahren-auf-den-anti-tabak-laser-zurueckzufuehren-ist\/#primaryimage"},"image":{"@id":"https:\/\/www.mylasertabac.com\/de\/was-ist-wenn-der-rueckgang-des-tabakkonsums-in-den-letzten-jahren-auf-den-anti-tabak-laser-zurueckzufuehren-ist\/#primaryimage"},"thumbnailUrl":"https:\/\/www.mylasertabac.com\/wp-content\/uploads\/2025\/05\/mp.png","datePublished":"2025-05-31T05:46:19+00:00","dateModified":"2025-05-31T05:46:54+00:00","description":"Es gibt viele Artikel, die erkl\u00e4ren, dass es in Frankreich einen signifikanten R\u00fcckgang des Tabakkonsums gibt, und wir erkl\u00e4ren Ihnen alles, was Sie wissen m\u00fcssen.","breadcrumb":{"@id":"https:\/\/www.mylasertabac.com\/de\/was-ist-wenn-der-rueckgang-des-tabakkonsums-in-den-letzten-jahren-auf-den-anti-tabak-laser-zurueckzufuehren-ist\/#breadcrumb"},"inLanguage":"de","potentialAction":[{"@type":"ReadAction","target":["https:\/\/www.mylasertabac.com\/de\/was-ist-wenn-der-rueckgang-des-tabakkonsums-in-den-letzten-jahren-auf-den-anti-tabak-laser-zurueckzufuehren-ist\/"]}]},{"@type":"ImageObject","inLanguage":"de","@id":"https:\/\/www.mylasertabac.com\/de\/was-ist-wenn-der-rueckgang-des-tabakkonsums-in-den-letzten-jahren-auf-den-anti-tabak-laser-zurueckzufuehren-ist\/#primaryimage","url":"https:\/\/www.mylasertabac.com\/wp-content\/uploads\/2025\/05\/mp.png","contentUrl":"https:\/\/www.mylasertabac.com\/wp-content\/uploads\/2025\/05\/mp.png","width":1536,"height":1024},{"@type":"BreadcrumbList","@id":"https:\/\/www.mylasertabac.com\/de\/was-ist-wenn-der-rueckgang-des-tabakkonsums-in-den-letzten-jahren-auf-den-anti-tabak-laser-zurueckzufuehren-ist\/#breadcrumb","itemListElement":[{"@type":"ListItem","position":1,"name":"Accueil","item":"https:\/\/www.mylasertabac.com\/de\/startseite\/"},{"@type":"ListItem","position":2,"name":"Was ist, wenn der R\u00fcckgang des Tabakkonsums in den letzten Jahren auf den Anti-Tabak-Laser zur\u00fcckzuf\u00fchren ist?"}]},{"@type":"WebSite","@id":"https:\/\/www.mylasertabac.com\/de\/#website","url":"https:\/\/www.mylasertabac.com\/de\/","name":"My Laser Tabac","description":"La solution laser qui transforme les fumeurs en ex-fumeurs","publisher":{"@id":"https:\/\/www.mylasertabac.com\/de\/#organization"},"potentialAction":[{"@type":"SearchAction","target":{"@type":"EntryPoint","urlTemplate":"https:\/\/www.mylasertabac.com\/de\/?s={search_term_string}"},"query-input":{"@type":"PropertyValueSpecification","valueRequired":true,"valueName":"search_term_string"}}],"inLanguage":"de"},{"@type":"Organization","@id":"https:\/\/www.mylasertabac.com\/de\/#organization","name":"My Laser Tabac","url":"https:\/\/www.mylasertabac.com\/de\/","logo":{"@type":"ImageObject","inLanguage":"de","@id":"https:\/\/www.mylasertabac.com\/de\/#\/schema\/logo\/image\/","url":"https:\/\/www.mylasertabac.com\/wp-content\/uploads\/2024\/12\/mlt-verteau.svg","contentUrl":"https:\/\/www.mylasertabac.com\/wp-content\/uploads\/2024\/12\/mlt-verteau.svg","caption":"My Laser Tabac"},"image":{"@id":"https:\/\/www.mylasertabac.com\/de\/#\/schema\/logo\/image\/"}},{"@type":"Person","@id":"https:\/\/www.mylasertabac.com\/de\/#\/schema\/person\/02c249cb76d912efb6c315ec23eccdf3","name":"Florian Fortes","image":{"@type":"ImageObject","inLanguage":"de","@id":"https:\/\/www.mylasertabac.com\/wp-content\/litespeed\/avatar\/142101a71d7b9e6490c1120d9c109a67.jpg?ver=1776856306","url":"https:\/\/www.mylasertabac.com\/wp-content\/litespeed\/avatar\/142101a71d7b9e6490c1120d9c109a67.jpg?ver=1776856306","contentUrl":"https:\/\/www.mylasertabac.com\/wp-content\/litespeed\/avatar\/142101a71d7b9e6490c1120d9c109a67.jpg?ver=1776856306","caption":"Florian Fortes"},"sameAs":["https:\/\/www.mylasertabac.com","https:\/\/www.facebook.com\/profile.php?id=61571554707319"],"url":"https:\/\/www.mylasertabac.com\/de\/author\/florianfortes5312\/"}]}},"_links":{"self":[{"href":"https:\/\/www.mylasertabac.com\/de\/wp-json\/wp\/v2\/posts\/8988","targetHints":{"allow":["GET"]}}],"collection":[{"href":"https:\/\/www.mylasertabac.com\/de\/wp-json\/wp\/v2\/posts"}],"about":[{"href":"https:\/\/www.mylasertabac.com\/de\/wp-json\/wp\/v2\/types\/post"}],"author":[{"embeddable":true,"href":"https:\/\/www.mylasertabac.com\/de\/wp-json\/wp\/v2\/users\/2"}],"replies":[{"embeddable":true,"href":"https:\/\/www.mylasertabac.com\/de\/wp-json\/wp\/v2\/comments?post=8988"}],"version-history":[{"count":1,"href":"https:\/\/www.mylasertabac.com\/de\/wp-json\/wp\/v2\/posts\/8988\/revisions"}],"predecessor-version":[{"id":8989,"href":"https:\/\/www.mylasertabac.com\/de\/wp-json\/wp\/v2\/posts\/8988\/revisions\/8989"}],"wp:featuredmedia":[{"embeddable":true,"href":"https:\/\/www.mylasertabac.com\/de\/wp-json\/wp\/v2\/media\/8943"}],"wp:attachment":[{"href":"https:\/\/www.mylasertabac.com\/de\/wp-json\/wp\/v2\/media?parent=8988"}],"wp:term":[{"taxonomy":"category","embeddable":true,"href":"https:\/\/www.mylasertabac.com\/de\/wp-json\/wp\/v2\/categories?post=8988"},{"taxonomy":"post_tag","embeddable":true,"href":"https:\/\/www.mylasertabac.com\/de\/wp-json\/wp\/v2\/tags?post=8988"}],"curies":[{"name":"wp","href":"https:\/\/api.w.org\/{rel}","templated":true}]}}