{"id":9439,"date":"2025-06-11T16:06:26","date_gmt":"2025-06-11T14:06:26","guid":{"rendered":"https:\/\/www.mylasertabac.com\/die-akteure-die-sich-fuer-eine-rauchfreie-welt-einsetzen-ehrung-derer-die-den-unterschied-machen\/"},"modified":"2025-06-11T16:32:58","modified_gmt":"2025-06-11T14:32:58","slug":"die-akteure-die-sich-fuer-eine-rauchfreie-welt-einsetzen-ehrung-derer-die-den-unterschied-machen","status":"publish","type":"post","link":"https:\/\/www.mylasertabac.com\/de\/die-akteure-die-sich-fuer-eine-rauchfreie-welt-einsetzen-ehrung-derer-die-den-unterschied-machen\/","title":{"rendered":"Die Akteure, die sich f\u00fcr eine rauchfreie Welt einsetzen: Ehrung derer, die den Unterschied machen"},"content":{"rendered":"\n<div style=\"height:19px\" aria-hidden=\"true\" class=\"wp-block-spacer\"><\/div>\n\n<p>Jedes Jahr werden am <strong>Weltnichtrauchertag<\/strong> Dutzende von Pers\u00f6nlichkeiten, Organisationen und Institutionen f\u00fcr ihr <strong>Engagement im Kampf gegen das Rauchen<\/strong> ausgezeichnet. Hinter diesen symbolischen Auszeichnungen verbirgt sich eine sehr konkrete Realit\u00e4t: ein langwieriger Kampf zum Schutz der \u00f6ffentlichen Gesundheit und zur Rettung von Millionen von Leben. <\/p>\n\n<p>In einer Welt, in der die Tabakindustrie sich st\u00e4ndig erneuert, um die j\u00fcngeren Generationen anzusprechen, ist es wichtiger denn je, die Arbeit derer zu w\u00fcrdigen, die <strong>dem Druck standhalten, informieren, Gesetze erlassen und heilen<\/strong>.<\/p>\n\n<div style=\"height:28px\" aria-hidden=\"true\" class=\"wp-block-spacer\"><\/div>\n\n<hr class=\"wp-block-separator has-alpha-channel-opacity\"\/>\n\n<figure class=\"wp-block-image alignleft size-full is-resized\"><img fetchpriority=\"high\" decoding=\"async\" width=\"1024\" height=\"1024\" src=\"https:\/\/www.mylasertabac.com\/wp-content\/uploads\/2025\/06\/1F3234A4-3024-4BAE-8B7D-65C12C9D2778.png\" alt=\"\" class=\"wp-image-9446\" style=\"width:421px;height:auto\" srcset=\"https:\/\/www.mylasertabac.com\/wp-content\/uploads\/2025\/06\/1F3234A4-3024-4BAE-8B7D-65C12C9D2778.png 1024w, https:\/\/www.mylasertabac.com\/wp-content\/uploads\/2025\/06\/1F3234A4-3024-4BAE-8B7D-65C12C9D2778-300x300.png 300w, https:\/\/www.mylasertabac.com\/wp-content\/uploads\/2025\/06\/1F3234A4-3024-4BAE-8B7D-65C12C9D2778-150x150.png 150w, https:\/\/www.mylasertabac.com\/wp-content\/uploads\/2025\/06\/1F3234A4-3024-4BAE-8B7D-65C12C9D2778-768x768.png 768w\" sizes=\"(max-width: 1024px) 100vw, 1024px\" \/><\/figure>\n\n<h2 class=\"wp-block-heading\">\ud83d\udead Tabak ist auch heute noch eine der gr\u00f6\u00dften Gei\u00dfeln der \u00f6ffentlichen Gesundheit.<\/h2>\n\n<p>Mit fast <strong>8 Millionen Todesf\u00e4llen weltweit pro Jahr<\/strong> bleibt Tabak die <strong>h\u00e4ufigste vermeidbare Todesursache<\/strong>. Seine Auswirkungen sind verheerend: Krebs, Herz-Kreislauf-Erkrankungen, chronische Atemwegserkrankungen, Fruchtbarkeitsst\u00f6rungen&#8230;. <\/p>\n\n<p>Aber abgesehen von den Zahlen ist es ein ganzes <strong>wirtschaftliches, kulturelles und soziales System<\/strong>, das dekonstruiert werden muss. Tabak ist nicht nur eine Substanz, sondern auch ein <strong>Markt<\/strong>, eine <strong>gef\u00f6rderte Sucht<\/strong> und oftmals ein <strong>Ziel, das auf die Schw\u00e4chsten abzielt<\/strong>: Jugendliche, Menschen in prek\u00e4ren Verh\u00e4ltnissen, wenig informierte Bev\u00f6lkerungsgruppen. <\/p>\n\n<div style=\"height:31px\" aria-hidden=\"true\" class=\"wp-block-spacer\"><\/div>\n\n<hr class=\"wp-block-separator has-alpha-channel-opacity\"\/>\n\n<h2 class=\"wp-block-heading\">\ud83c\udf0d Ein Welttag, um das Bewusstsein zu sch\u00e4rfen<\/h2>\n\n<div style=\"height:19px\" aria-hidden=\"true\" class=\"wp-block-spacer\"><\/div>\n\n<p>Der <strong>Weltnichtrauchertag<\/strong>, der an jedem <strong>31. Mai<\/strong> begangen wird, ist f\u00fcr die WHO und ihre Partner eine Gelegenheit, auf die :<\/p>\n\n<div style=\"height:19px\" aria-hidden=\"true\" class=\"wp-block-spacer\"><\/div>\n\n<ul class=\"wp-block-list\">\n<li>die <strong>erzielten Fortschritte<\/strong>,<\/li>\n\n\n\n<li>die <strong>fortbestehenden Herausforderungen<\/strong>,<\/li>\n\n\n\n<li>und vor allem die <strong>Akteure des Wandels<\/strong>.<\/li>\n<\/ul>\n\n<div style=\"height:19px\" aria-hidden=\"true\" class=\"wp-block-spacer\"><\/div>\n\n<p>Das Thema 2025 konzentriert sich auf <strong>die Enth\u00fcllung der Verf\u00fchrungsstrategien<\/strong> der Tabakindustrie, insbesondere durch verdeckte Werbung, attraktive Aromen und gezieltes Marketing an Jugendliche.<\/p>\n\n<div style=\"height:19px\" aria-hidden=\"true\" class=\"wp-block-spacer\"><\/div>\n\n<hr class=\"wp-block-separator has-alpha-channel-opacity\"\/>\n\n<p class=\"has-cyan-bluish-gray-background-color has-background\">Lesen Sie auch : <a href=\"https:\/\/www.mylasertabac.com\/de\/infos\/lasertraining-fuer-raucher-und-suechtige\/\"> <mark style=\"background-color:rgba(0, 0, 0, 0)\" class=\"has-inline-color has-luminous-vivid-orange-color\">Werden Sie Experte auf dem Gebiet der Ohrreflexzonenmassage. Wir bieten Schulungen f\u00fcr die Anwendung des Lasers und die Kenntnis aller Akupunkturpunkte an. <\/mark><\/a> <\/p>\n\n<div style=\"height:19px\" aria-hidden=\"true\" class=\"wp-block-spacer\"><\/div>\n\n<h2 class=\"wp-block-heading\">\ud83c\udfc6 Die Preistr\u00e4ger 2025: inspirierende Profile aus der ganzen Welt<\/h2>\n\n<div style=\"height:19px\" aria-hidden=\"true\" class=\"wp-block-spacer\"><\/div>\n\n<p>Zu den diesj\u00e4hrigen Preistr\u00e4gern geh\u00f6ren :<\/p>\n\n<div style=\"height:19px\" aria-hidden=\"true\" class=\"wp-block-spacer\"><\/div>\n\n<ul class=\"wp-block-list\">\n<li><strong>engagierte \u00c4rzte<\/strong>, die gro\u00df angelegte Aufkl\u00e4rungskampagnen durchf\u00fchren,<\/li>\n\n\n\n<li><strong>politische Entscheidungstr\u00e4ger<\/strong>, die Gesetze zum Verbot des Rauchens an \u00f6ffentlichen Orten verabschiedet haben,<\/li>\n\n\n\n<li><strong>lokale NROs<\/strong>, die in den am st\u00e4rksten gef\u00e4hrdeten Stadtteilen t\u00e4tig sind,<\/li>\n\n\n\n<li>und <strong>Forscher<\/strong>, die die Praktiken der Industrie dokumentieren und die Auswirkungen von Pr\u00e4ventionsma\u00dfnahmen analysieren.<\/li>\n<\/ul>\n\n<div style=\"height:19px\" aria-hidden=\"true\" class=\"wp-block-spacer\"><\/div>\n\n<p>Es sind diese Menschen, die <strong>t\u00e4glich an einer rauchfreien Zukunft bauen<\/strong>.<\/p>\n\n<div style=\"height:19px\" aria-hidden=\"true\" class=\"wp-block-spacer\"><\/div>\n\n<hr class=\"wp-block-separator has-alpha-channel-opacity\"\/>\n\n<h2 class=\"wp-block-heading\">\ud83d\udcac Konkrete Verpflichtungen, die Leben retten<\/h2>\n\n<div style=\"height:19px\" aria-hidden=\"true\" class=\"wp-block-spacer\"><\/div>\n\n<p>Die Aktionen dieser Akteure haben einen <strong>direkten Einfluss<\/strong> auf die \u00f6ffentliche Gesundheit:<\/p>\n\n<div style=\"height:19px\" aria-hidden=\"true\" class=\"wp-block-spacer\"><\/div>\n\n<ul class=\"wp-block-list\">\n<li>die Einrichtung von<strong>rauchfreien Zonen<\/strong> (Str\u00e4nde, Schulen, Bushaltestellen),<\/li>\n\n\n\n<li>das Verbot von <strong>aromatisierten Dampfprodukten<\/strong> bei Jugendlichen,<\/li>\n\n\n\n<li>die schrittweise Erh\u00f6hung des <strong>Preises f\u00fcr Zigaretten<\/strong>,<\/li>\n\n\n\n<li>oder die Unterst\u00fctzung von Personen, die sich in einem <strong>Entw\u00f6hnungsprozess<\/strong> befinden.<\/li>\n<\/ul>\n\n<div style=\"height:19px\" aria-hidden=\"true\" class=\"wp-block-spacer\"><\/div>\n\n<p>Mit jedem regulatorischen oder gesundheitlichen Fortschritt w\u00e4chst eine neue Generation <strong>ohne die Norm der Zigarette<\/strong> auf.<\/p>\n\n<div style=\"height:19px\" aria-hidden=\"true\" class=\"wp-block-spacer\"><\/div>\n\n<hr class=\"wp-block-separator has-alpha-channel-opacity\"\/>\n\n<h2 class=\"wp-block-heading\">\ud83d\udcc8 Rauchen geht zur\u00fcck, aber Wachsamkeit ist weiterhin erforderlich<\/h2>\n\n<div style=\"height:19px\" aria-hidden=\"true\" class=\"wp-block-spacer\"><\/div>\n\n<p>In Frankreich ist der Verkauf von Zigaretten stark r\u00fcckl\u00e4ufig und der Anteil der regelm\u00e4\u00dfigen Raucher sinkt, insbesondere bei jungen Erwachsenen. Ein ermutigender Trend, der jedoch nicht \u00fcbersehen werden darf: <\/p>\n\n<div style=\"height:19px\" aria-hidden=\"true\" class=\"wp-block-spacer\"><\/div>\n\n<ul class=\"wp-block-list\">\n<li>anhaltende Ungleichheiten (Tabakkonsum trifft benachteiligte Bev\u00f6lkerungsgruppen am h\u00e4rtesten),<\/li>\n\n\n\n<li>der Aufstieg der <strong>elektronischen Zigarette<\/strong> als umstrittener Ersatz,<\/li>\n\n\n\n<li>und die <strong>Versuche<\/strong> der Industrie, die Vorschriften zu <strong>umgehen<\/strong>.<\/li>\n<\/ul>\n\n<div style=\"height:19px\" aria-hidden=\"true\" class=\"wp-block-spacer\"><\/div>\n\n<hr class=\"wp-block-separator has-alpha-channel-opacity\"\/>\n\n<h2 class=\"wp-block-heading\">\ud83d\udc65 Werden Sie selbst zum Akteur des Wandels<\/h2>\n\n<div style=\"height:19px\" aria-hidden=\"true\" class=\"wp-block-spacer\"><\/div>\n\n<p>Der Erfolg des Kampfes gegen das Rauchen h\u00e4ngt auch vom Engagement der B\u00fcrger, des Gesundheitspersonals und der Erzieher ab. Immer mehr Menschen entscheiden sich f\u00fcr : <\/p>\n\n<div style=\"height:19px\" aria-hidden=\"true\" class=\"wp-block-spacer\"><\/div>\n\n<ul class=\"wp-block-list\">\n<li>sich in der<strong>Begleitung der Entw\u00f6hnung<\/strong> ausbilden zu lassen (insbesondere durch Ans\u00e4tze wie <strong>Anti-Tabak-Laser<\/strong>, <strong><a href=\"https:\/\/www.mylasertabac.com\/de\/\">Ohrreflexzonenmassage).<\/a><\/strong>oder <strong>Aurikulotherapie<\/strong>),<\/li>\n\n\n\n<li>Weiterleitung von <strong>Pr\u00e4ventionsbotschaften<\/strong>,<\/li>\n\n\n\n<li>oder einfach nur <strong>ihre Angeh\u00f6rigen<\/strong> bei der Aufgabe des Rauchens <strong>unterst\u00fctzen<\/strong>.<\/li>\n<\/ul>\n\n<div style=\"height:19px\" aria-hidden=\"true\" class=\"wp-block-spacer\"><\/div>\n\n<hr class=\"wp-block-separator has-alpha-channel-opacity\"\/>\n\n<h2 class=\"wp-block-heading\">\ud83d\udca1 Fazit: Jede Geste z\u00e4hlt im Kampf gegen den Tabak.<\/h2>\n\n<div style=\"height:19px\" aria-hidden=\"true\" class=\"wp-block-spacer\"><\/div>\n\n<p>Der Weltnichtrauchertag ist nicht nur ein Symbol. Er ist eine <strong>j\u00e4hrliche Erinnerung<\/strong>, die uns auffordert, diejenigen zu erkennen, die oft im Verborgenen handeln, um <strong>Leben zu retten<\/strong>. <\/p>\n\n<p>In einer Welt, in der wirtschaftliche Interessen nur allzu oft \u00fcber die kollektive Gesundheit gestellt werden, <strong>ist es wichtig, diese mutigen Stimmen zu w\u00fcrdigen<\/strong>. Denn dank dieser Stimmen ist eine rauchfreie Welt keine Utopie mehr, sondern ein kollektives Projekt&#8230; auf dem Weg. <\/p>\n\n<div style=\"height:39px\" aria-hidden=\"true\" class=\"wp-block-spacer\"><\/div>\n\n<figure class=\"wp-block-image size-large\"><img decoding=\"async\" src=\"https:\/\/www.mylasertabac.com\/wp-content\/uploads\/\/mlt-verteau.svg\" alt=\"\" class=\"wp-image-13\"\/><\/figure>\n","protected":false},"excerpt":{"rendered":"<p>Jedes Jahr werden am Weltnichtrauchertag Dutzende von Pers\u00f6nlichkeiten, Organisationen und Institutionen f\u00fcr ihr Engagement im Kampf gegen das Rauchen ausgezeichnet. Hinter diesen symbolischen Auszeichnungen verbirgt sich eine sehr konkrete Realit\u00e4t: ein langwieriger Kampf zum Schutz der \u00f6ffentlichen Gesundheit und zur Rettung von Millionen von Leben. In einer Welt, in der die Tabakindustrie sich st\u00e4ndig erneuert, [&hellip;]<\/p>\n","protected":false},"author":2,"featured_media":9426,"comment_status":"closed","ping_status":"open","sticky":false,"template":"","format":"standard","meta":{"inline_featured_image":false,"footnotes":""},"categories":[581],"tags":[],"class_list":["post-9439","post","type-post","status-publish","format-standard","has-post-thumbnail","hentry","category-gesetz"],"yoast_head":"<!-- This site is optimized with the Yoast SEO plugin v27.4 - https:\/\/yoast.com\/product\/yoast-seo-wordpress\/ -->\n<title>Die Akteure, die sich f\u00fcr eine rauchfreie Welt einsetzen: Ehrung derer, die den Unterschied machen - My Laser Tabac<\/title>\n<meta name=\"description\" content=\"Entdecken Sie die Schauspieler, die am Weltnichtrauchertag 2025 f\u00fcr ihr Engagement gegen das Rauchen ausgezeichnet wurden.\" \/>\n<meta name=\"robots\" content=\"index, follow, max-snippet:-1, max-image-preview:large, max-video-preview:-1\" \/>\n<link rel=\"canonical\" href=\"https:\/\/www.mylasertabac.com\/de\/die-akteure-die-sich-fuer-eine-rauchfreie-welt-einsetzen-ehrung-derer-die-den-unterschied-machen\/\" \/>\n<meta property=\"og:locale\" content=\"de_DE\" \/>\n<meta property=\"og:type\" content=\"article\" \/>\n<meta property=\"og:title\" content=\"Die Akteure, die sich f\u00fcr eine rauchfreie Welt einsetzen: Ehrung derer, die den Unterschied machen - My Laser Tabac\" \/>\n<meta property=\"og:description\" content=\"Entdecken Sie die Schauspieler, die am Weltnichtrauchertag 2025 f\u00fcr ihr Engagement gegen das Rauchen ausgezeichnet wurden.\" \/>\n<meta property=\"og:url\" content=\"https:\/\/www.mylasertabac.com\/de\/die-akteure-die-sich-fuer-eine-rauchfreie-welt-einsetzen-ehrung-derer-die-den-unterschied-machen\/\" \/>\n<meta property=\"og:site_name\" content=\"My Laser Tabac\" \/>\n<meta property=\"article:author\" content=\"https:\/\/www.facebook.com\/profile.php?id=61571554707319\" \/>\n<meta property=\"article:published_time\" content=\"2025-06-11T14:06:26+00:00\" \/>\n<meta property=\"article:modified_time\" content=\"2025-06-11T14:32:58+00:00\" \/>\n<meta property=\"og:image\" content=\"https:\/\/www.mylasertabac.com\/wp-content\/uploads\/2025\/06\/journ-1.png\" \/>\n\t<meta property=\"og:image:width\" content=\"1536\" \/>\n\t<meta property=\"og:image:height\" content=\"1024\" \/>\n\t<meta property=\"og:image:type\" content=\"image\/png\" \/>\n<meta name=\"author\" content=\"Florian Fortes\" \/>\n<meta name=\"twitter:card\" content=\"summary_large_image\" \/>\n<meta name=\"twitter:label1\" content=\"Verfasst von\" \/>\n\t<meta name=\"twitter:data1\" content=\"Florian Fortes\" \/>\n\t<meta name=\"twitter:label2\" content=\"Gesch\u00e4tzte Lesezeit\" \/>\n\t<meta name=\"twitter:data2\" content=\"3\u00a0Minuten\" \/>\n<script type=\"application\/ld+json\" class=\"yoast-schema-graph\">{\"@context\":\"https:\\\/\\\/schema.org\",\"@graph\":[{\"@type\":\"Article\",\"@id\":\"https:\\\/\\\/www.mylasertabac.com\\\/de\\\/die-akteure-die-sich-fuer-eine-rauchfreie-welt-einsetzen-ehrung-derer-die-den-unterschied-machen\\\/#article\",\"isPartOf\":{\"@id\":\"https:\\\/\\\/www.mylasertabac.com\\\/de\\\/die-akteure-die-sich-fuer-eine-rauchfreie-welt-einsetzen-ehrung-derer-die-den-unterschied-machen\\\/\"},\"author\":{\"name\":\"Florian Fortes\",\"@id\":\"https:\\\/\\\/www.mylasertabac.com\\\/de\\\/#\\\/schema\\\/person\\\/02c249cb76d912efb6c315ec23eccdf3\"},\"headline\":\"Die Akteure, die sich f\u00fcr eine rauchfreie Welt einsetzen: Ehrung derer, die den Unterschied machen\",\"datePublished\":\"2025-06-11T14:06:26+00:00\",\"dateModified\":\"2025-06-11T14:32:58+00:00\",\"mainEntityOfPage\":{\"@id\":\"https:\\\/\\\/www.mylasertabac.com\\\/de\\\/die-akteure-die-sich-fuer-eine-rauchfreie-welt-einsetzen-ehrung-derer-die-den-unterschied-machen\\\/\"},\"wordCount\":656,\"publisher\":{\"@id\":\"https:\\\/\\\/www.mylasertabac.com\\\/de\\\/#organization\"},\"image\":{\"@id\":\"https:\\\/\\\/www.mylasertabac.com\\\/de\\\/die-akteure-die-sich-fuer-eine-rauchfreie-welt-einsetzen-ehrung-derer-die-den-unterschied-machen\\\/#primaryimage\"},\"thumbnailUrl\":\"https:\\\/\\\/www.mylasertabac.com\\\/wp-content\\\/uploads\\\/2025\\\/06\\\/journ-1.png\",\"articleSection\":[\"Gesetz\"],\"inLanguage\":\"de\"},{\"@type\":\"WebPage\",\"@id\":\"https:\\\/\\\/www.mylasertabac.com\\\/de\\\/die-akteure-die-sich-fuer-eine-rauchfreie-welt-einsetzen-ehrung-derer-die-den-unterschied-machen\\\/\",\"url\":\"https:\\\/\\\/www.mylasertabac.com\\\/de\\\/die-akteure-die-sich-fuer-eine-rauchfreie-welt-einsetzen-ehrung-derer-die-den-unterschied-machen\\\/\",\"name\":\"Die Akteure, die sich f\u00fcr eine rauchfreie Welt einsetzen: Ehrung derer, die den Unterschied machen - My Laser Tabac\",\"isPartOf\":{\"@id\":\"https:\\\/\\\/www.mylasertabac.com\\\/de\\\/#website\"},\"primaryImageOfPage\":{\"@id\":\"https:\\\/\\\/www.mylasertabac.com\\\/de\\\/die-akteure-die-sich-fuer-eine-rauchfreie-welt-einsetzen-ehrung-derer-die-den-unterschied-machen\\\/#primaryimage\"},\"image\":{\"@id\":\"https:\\\/\\\/www.mylasertabac.com\\\/de\\\/die-akteure-die-sich-fuer-eine-rauchfreie-welt-einsetzen-ehrung-derer-die-den-unterschied-machen\\\/#primaryimage\"},\"thumbnailUrl\":\"https:\\\/\\\/www.mylasertabac.com\\\/wp-content\\\/uploads\\\/2025\\\/06\\\/journ-1.png\",\"datePublished\":\"2025-06-11T14:06:26+00:00\",\"dateModified\":\"2025-06-11T14:32:58+00:00\",\"description\":\"Entdecken Sie die Schauspieler, die am Weltnichtrauchertag 2025 f\u00fcr ihr Engagement gegen das Rauchen ausgezeichnet wurden.\",\"breadcrumb\":{\"@id\":\"https:\\\/\\\/www.mylasertabac.com\\\/de\\\/die-akteure-die-sich-fuer-eine-rauchfreie-welt-einsetzen-ehrung-derer-die-den-unterschied-machen\\\/#breadcrumb\"},\"inLanguage\":\"de\",\"potentialAction\":[{\"@type\":\"ReadAction\",\"target\":[\"https:\\\/\\\/www.mylasertabac.com\\\/de\\\/die-akteure-die-sich-fuer-eine-rauchfreie-welt-einsetzen-ehrung-derer-die-den-unterschied-machen\\\/\"]}]},{\"@type\":\"ImageObject\",\"inLanguage\":\"de\",\"@id\":\"https:\\\/\\\/www.mylasertabac.com\\\/de\\\/die-akteure-die-sich-fuer-eine-rauchfreie-welt-einsetzen-ehrung-derer-die-den-unterschied-machen\\\/#primaryimage\",\"url\":\"https:\\\/\\\/www.mylasertabac.com\\\/wp-content\\\/uploads\\\/2025\\\/06\\\/journ-1.png\",\"contentUrl\":\"https:\\\/\\\/www.mylasertabac.com\\\/wp-content\\\/uploads\\\/2025\\\/06\\\/journ-1.png\",\"width\":1536,\"height\":1024},{\"@type\":\"BreadcrumbList\",\"@id\":\"https:\\\/\\\/www.mylasertabac.com\\\/de\\\/die-akteure-die-sich-fuer-eine-rauchfreie-welt-einsetzen-ehrung-derer-die-den-unterschied-machen\\\/#breadcrumb\",\"itemListElement\":[{\"@type\":\"ListItem\",\"position\":1,\"name\":\"Accueil\",\"item\":\"https:\\\/\\\/www.mylasertabac.com\\\/de\\\/startseite\\\/\"},{\"@type\":\"ListItem\",\"position\":2,\"name\":\"Die Akteure, die sich f\u00fcr eine rauchfreie Welt einsetzen: Ehrung derer, die den Unterschied machen\"}]},{\"@type\":\"WebSite\",\"@id\":\"https:\\\/\\\/www.mylasertabac.com\\\/de\\\/#website\",\"url\":\"https:\\\/\\\/www.mylasertabac.com\\\/de\\\/\",\"name\":\"My Laser Tabac\",\"description\":\"La solution laser qui transforme les fumeurs en ex-fumeurs\",\"publisher\":{\"@id\":\"https:\\\/\\\/www.mylasertabac.com\\\/de\\\/#organization\"},\"potentialAction\":[{\"@type\":\"SearchAction\",\"target\":{\"@type\":\"EntryPoint\",\"urlTemplate\":\"https:\\\/\\\/www.mylasertabac.com\\\/de\\\/?s={search_term_string}\"},\"query-input\":{\"@type\":\"PropertyValueSpecification\",\"valueRequired\":true,\"valueName\":\"search_term_string\"}}],\"inLanguage\":\"de\"},{\"@type\":\"Organization\",\"@id\":\"https:\\\/\\\/www.mylasertabac.com\\\/de\\\/#organization\",\"name\":\"My Laser Tabac\",\"url\":\"https:\\\/\\\/www.mylasertabac.com\\\/de\\\/\",\"logo\":{\"@type\":\"ImageObject\",\"inLanguage\":\"de\",\"@id\":\"https:\\\/\\\/www.mylasertabac.com\\\/de\\\/#\\\/schema\\\/logo\\\/image\\\/\",\"url\":\"https:\\\/\\\/www.mylasertabac.com\\\/wp-content\\\/uploads\\\/2024\\\/12\\\/mlt-verteau.svg\",\"contentUrl\":\"https:\\\/\\\/www.mylasertabac.com\\\/wp-content\\\/uploads\\\/2024\\\/12\\\/mlt-verteau.svg\",\"caption\":\"My Laser Tabac\"},\"image\":{\"@id\":\"https:\\\/\\\/www.mylasertabac.com\\\/de\\\/#\\\/schema\\\/logo\\\/image\\\/\"}},{\"@type\":\"Person\",\"@id\":\"https:\\\/\\\/www.mylasertabac.com\\\/de\\\/#\\\/schema\\\/person\\\/02c249cb76d912efb6c315ec23eccdf3\",\"name\":\"Florian Fortes\",\"image\":{\"@type\":\"ImageObject\",\"inLanguage\":\"de\",\"@id\":\"https:\\\/\\\/www.mylasertabac.com\\\/wp-content\\\/litespeed\\\/avatar\\\/142101a71d7b9e6490c1120d9c109a67.jpg?ver=1776856306\",\"url\":\"https:\\\/\\\/www.mylasertabac.com\\\/wp-content\\\/litespeed\\\/avatar\\\/142101a71d7b9e6490c1120d9c109a67.jpg?ver=1776856306\",\"contentUrl\":\"https:\\\/\\\/www.mylasertabac.com\\\/wp-content\\\/litespeed\\\/avatar\\\/142101a71d7b9e6490c1120d9c109a67.jpg?ver=1776856306\",\"caption\":\"Florian Fortes\"},\"sameAs\":[\"https:\\\/\\\/www.mylasertabac.com\",\"https:\\\/\\\/www.facebook.com\\\/profile.php?id=61571554707319\"],\"url\":\"https:\\\/\\\/www.mylasertabac.com\\\/de\\\/author\\\/florianfortes5312\\\/\"}]}<\/script>\n<!-- \/ Yoast SEO plugin. -->","yoast_head_json":{"title":"Die Akteure, die sich f\u00fcr eine rauchfreie Welt einsetzen: Ehrung derer, die den Unterschied machen - My Laser Tabac","description":"Entdecken Sie die Schauspieler, die am Weltnichtrauchertag 2025 f\u00fcr ihr Engagement gegen das Rauchen ausgezeichnet wurden.","robots":{"index":"index","follow":"follow","max-snippet":"max-snippet:-1","max-image-preview":"max-image-preview:large","max-video-preview":"max-video-preview:-1"},"canonical":"https:\/\/www.mylasertabac.com\/de\/die-akteure-die-sich-fuer-eine-rauchfreie-welt-einsetzen-ehrung-derer-die-den-unterschied-machen\/","og_locale":"de_DE","og_type":"article","og_title":"Die Akteure, die sich f\u00fcr eine rauchfreie Welt einsetzen: Ehrung derer, die den Unterschied machen - My Laser Tabac","og_description":"Entdecken Sie die Schauspieler, die am Weltnichtrauchertag 2025 f\u00fcr ihr Engagement gegen das Rauchen ausgezeichnet wurden.","og_url":"https:\/\/www.mylasertabac.com\/de\/die-akteure-die-sich-fuer-eine-rauchfreie-welt-einsetzen-ehrung-derer-die-den-unterschied-machen\/","og_site_name":"My Laser Tabac","article_author":"https:\/\/www.facebook.com\/profile.php?id=61571554707319","article_published_time":"2025-06-11T14:06:26+00:00","article_modified_time":"2025-06-11T14:32:58+00:00","og_image":[{"width":1536,"height":1024,"url":"https:\/\/www.mylasertabac.com\/wp-content\/uploads\/2025\/06\/journ-1.png","type":"image\/png"}],"author":"Florian Fortes","twitter_card":"summary_large_image","twitter_misc":{"Verfasst von":"Florian Fortes","Gesch\u00e4tzte Lesezeit":"3\u00a0Minuten"},"schema":{"@context":"https:\/\/schema.org","@graph":[{"@type":"Article","@id":"https:\/\/www.mylasertabac.com\/de\/die-akteure-die-sich-fuer-eine-rauchfreie-welt-einsetzen-ehrung-derer-die-den-unterschied-machen\/#article","isPartOf":{"@id":"https:\/\/www.mylasertabac.com\/de\/die-akteure-die-sich-fuer-eine-rauchfreie-welt-einsetzen-ehrung-derer-die-den-unterschied-machen\/"},"author":{"name":"Florian Fortes","@id":"https:\/\/www.mylasertabac.com\/de\/#\/schema\/person\/02c249cb76d912efb6c315ec23eccdf3"},"headline":"Die Akteure, die sich f\u00fcr eine rauchfreie Welt einsetzen: Ehrung derer, die den Unterschied machen","datePublished":"2025-06-11T14:06:26+00:00","dateModified":"2025-06-11T14:32:58+00:00","mainEntityOfPage":{"@id":"https:\/\/www.mylasertabac.com\/de\/die-akteure-die-sich-fuer-eine-rauchfreie-welt-einsetzen-ehrung-derer-die-den-unterschied-machen\/"},"wordCount":656,"publisher":{"@id":"https:\/\/www.mylasertabac.com\/de\/#organization"},"image":{"@id":"https:\/\/www.mylasertabac.com\/de\/die-akteure-die-sich-fuer-eine-rauchfreie-welt-einsetzen-ehrung-derer-die-den-unterschied-machen\/#primaryimage"},"thumbnailUrl":"https:\/\/www.mylasertabac.com\/wp-content\/uploads\/2025\/06\/journ-1.png","articleSection":["Gesetz"],"inLanguage":"de"},{"@type":"WebPage","@id":"https:\/\/www.mylasertabac.com\/de\/die-akteure-die-sich-fuer-eine-rauchfreie-welt-einsetzen-ehrung-derer-die-den-unterschied-machen\/","url":"https:\/\/www.mylasertabac.com\/de\/die-akteure-die-sich-fuer-eine-rauchfreie-welt-einsetzen-ehrung-derer-die-den-unterschied-machen\/","name":"Die Akteure, die sich f\u00fcr eine rauchfreie Welt einsetzen: Ehrung derer, die den Unterschied machen - My Laser Tabac","isPartOf":{"@id":"https:\/\/www.mylasertabac.com\/de\/#website"},"primaryImageOfPage":{"@id":"https:\/\/www.mylasertabac.com\/de\/die-akteure-die-sich-fuer-eine-rauchfreie-welt-einsetzen-ehrung-derer-die-den-unterschied-machen\/#primaryimage"},"image":{"@id":"https:\/\/www.mylasertabac.com\/de\/die-akteure-die-sich-fuer-eine-rauchfreie-welt-einsetzen-ehrung-derer-die-den-unterschied-machen\/#primaryimage"},"thumbnailUrl":"https:\/\/www.mylasertabac.com\/wp-content\/uploads\/2025\/06\/journ-1.png","datePublished":"2025-06-11T14:06:26+00:00","dateModified":"2025-06-11T14:32:58+00:00","description":"Entdecken Sie die Schauspieler, die am Weltnichtrauchertag 2025 f\u00fcr ihr Engagement gegen das Rauchen ausgezeichnet wurden.","breadcrumb":{"@id":"https:\/\/www.mylasertabac.com\/de\/die-akteure-die-sich-fuer-eine-rauchfreie-welt-einsetzen-ehrung-derer-die-den-unterschied-machen\/#breadcrumb"},"inLanguage":"de","potentialAction":[{"@type":"ReadAction","target":["https:\/\/www.mylasertabac.com\/de\/die-akteure-die-sich-fuer-eine-rauchfreie-welt-einsetzen-ehrung-derer-die-den-unterschied-machen\/"]}]},{"@type":"ImageObject","inLanguage":"de","@id":"https:\/\/www.mylasertabac.com\/de\/die-akteure-die-sich-fuer-eine-rauchfreie-welt-einsetzen-ehrung-derer-die-den-unterschied-machen\/#primaryimage","url":"https:\/\/www.mylasertabac.com\/wp-content\/uploads\/2025\/06\/journ-1.png","contentUrl":"https:\/\/www.mylasertabac.com\/wp-content\/uploads\/2025\/06\/journ-1.png","width":1536,"height":1024},{"@type":"BreadcrumbList","@id":"https:\/\/www.mylasertabac.com\/de\/die-akteure-die-sich-fuer-eine-rauchfreie-welt-einsetzen-ehrung-derer-die-den-unterschied-machen\/#breadcrumb","itemListElement":[{"@type":"ListItem","position":1,"name":"Accueil","item":"https:\/\/www.mylasertabac.com\/de\/startseite\/"},{"@type":"ListItem","position":2,"name":"Die Akteure, die sich f\u00fcr eine rauchfreie Welt einsetzen: Ehrung derer, die den Unterschied machen"}]},{"@type":"WebSite","@id":"https:\/\/www.mylasertabac.com\/de\/#website","url":"https:\/\/www.mylasertabac.com\/de\/","name":"My Laser Tabac","description":"La solution laser qui transforme les fumeurs en ex-fumeurs","publisher":{"@id":"https:\/\/www.mylasertabac.com\/de\/#organization"},"potentialAction":[{"@type":"SearchAction","target":{"@type":"EntryPoint","urlTemplate":"https:\/\/www.mylasertabac.com\/de\/?s={search_term_string}"},"query-input":{"@type":"PropertyValueSpecification","valueRequired":true,"valueName":"search_term_string"}}],"inLanguage":"de"},{"@type":"Organization","@id":"https:\/\/www.mylasertabac.com\/de\/#organization","name":"My Laser Tabac","url":"https:\/\/www.mylasertabac.com\/de\/","logo":{"@type":"ImageObject","inLanguage":"de","@id":"https:\/\/www.mylasertabac.com\/de\/#\/schema\/logo\/image\/","url":"https:\/\/www.mylasertabac.com\/wp-content\/uploads\/2024\/12\/mlt-verteau.svg","contentUrl":"https:\/\/www.mylasertabac.com\/wp-content\/uploads\/2024\/12\/mlt-verteau.svg","caption":"My Laser Tabac"},"image":{"@id":"https:\/\/www.mylasertabac.com\/de\/#\/schema\/logo\/image\/"}},{"@type":"Person","@id":"https:\/\/www.mylasertabac.com\/de\/#\/schema\/person\/02c249cb76d912efb6c315ec23eccdf3","name":"Florian Fortes","image":{"@type":"ImageObject","inLanguage":"de","@id":"https:\/\/www.mylasertabac.com\/wp-content\/litespeed\/avatar\/142101a71d7b9e6490c1120d9c109a67.jpg?ver=1776856306","url":"https:\/\/www.mylasertabac.com\/wp-content\/litespeed\/avatar\/142101a71d7b9e6490c1120d9c109a67.jpg?ver=1776856306","contentUrl":"https:\/\/www.mylasertabac.com\/wp-content\/litespeed\/avatar\/142101a71d7b9e6490c1120d9c109a67.jpg?ver=1776856306","caption":"Florian Fortes"},"sameAs":["https:\/\/www.mylasertabac.com","https:\/\/www.facebook.com\/profile.php?id=61571554707319"],"url":"https:\/\/www.mylasertabac.com\/de\/author\/florianfortes5312\/"}]}},"_links":{"self":[{"href":"https:\/\/www.mylasertabac.com\/de\/wp-json\/wp\/v2\/posts\/9439","targetHints":{"allow":["GET"]}}],"collection":[{"href":"https:\/\/www.mylasertabac.com\/de\/wp-json\/wp\/v2\/posts"}],"about":[{"href":"https:\/\/www.mylasertabac.com\/de\/wp-json\/wp\/v2\/types\/post"}],"author":[{"embeddable":true,"href":"https:\/\/www.mylasertabac.com\/de\/wp-json\/wp\/v2\/users\/2"}],"replies":[{"embeddable":true,"href":"https:\/\/www.mylasertabac.com\/de\/wp-json\/wp\/v2\/comments?post=9439"}],"version-history":[{"count":3,"href":"https:\/\/www.mylasertabac.com\/de\/wp-json\/wp\/v2\/posts\/9439\/revisions"}],"predecessor-version":[{"id":9456,"href":"https:\/\/www.mylasertabac.com\/de\/wp-json\/wp\/v2\/posts\/9439\/revisions\/9456"}],"wp:featuredmedia":[{"embeddable":true,"href":"https:\/\/www.mylasertabac.com\/de\/wp-json\/wp\/v2\/media\/9426"}],"wp:attachment":[{"href":"https:\/\/www.mylasertabac.com\/de\/wp-json\/wp\/v2\/media?parent=9439"}],"wp:term":[{"taxonomy":"category","embeddable":true,"href":"https:\/\/www.mylasertabac.com\/de\/wp-json\/wp\/v2\/categories?post=9439"},{"taxonomy":"post_tag","embeddable":true,"href":"https:\/\/www.mylasertabac.com\/de\/wp-json\/wp\/v2\/tags?post=9439"}],"curies":[{"name":"wp","href":"https:\/\/api.w.org\/{rel}","templated":true}]}}