{"id":2549,"date":"2024-12-16T10:00:19","date_gmt":"2024-12-16T09:00:19","guid":{"rendered":"https:\/\/www.mylasertabac.com\/taxation-of-electronic-cigarettes-in-2025-what-impact-for-consumers\/"},"modified":"2025-01-28T15:55:29","modified_gmt":"2025-01-28T14:55:29","slug":"taxation-of-electronic-cigarettes-in-2025-what-impact-for-consumers","status":"publish","type":"post","link":"https:\/\/www.mylasertabac.com\/en\/taxation-of-electronic-cigarettes-in-2025-what-impact-for-consumers\/","title":{"rendered":"Taxation of Electronic Cigarettes in 2025: What Impact for Consumers?"},"content":{"rendered":"\n<h2 class=\"wp-block-heading\"><strong>A controversial new measure<\/strong><\/h2>\n\n<div style=\"height:36px\" aria-hidden=\"true\" class=\"wp-block-spacer\"><\/div>\n\n<p>From <strong>2025<\/strong>, the French government plans to <strong>tax e-cigarette liquids<\/strong> at <strong>15 cents per milliliter<\/strong>. This decision, which stems from an amendment to the 2025 budget, has provoked numerous reactions. While some see it as a means of regulating <strong>vape<\/strong> use, others believe the measure is counterproductive and risks diverting smokers to more dangerous products. In this article, we&#8217;ll look at the details of this new taxation and explain why it would be more advantageous to opt for natural alternatives like the <strong>laser therapy<\/strong> proposed by <strong>MyLaserTabac to<\/strong>quit smoking for good.   <\/p>\n\n<div style=\"height:41px\" aria-hidden=\"true\" class=\"wp-block-spacer\"><\/div>\n\n<figure class=\"wp-block-image size-large\"><img fetchpriority=\"high\" decoding=\"async\" width=\"1024\" height=\"515\" src=\"https:\/\/www.mylasertabac.com\/wp-content\/uploads\/2024\/12\/IMG_9223-1024x515.jpg\" alt=\"\" class=\"wp-image-693\" srcset=\"https:\/\/www.mylasertabac.com\/wp-content\/uploads\/2024\/12\/IMG_9223-1024x515.jpg 1024w, https:\/\/www.mylasertabac.com\/wp-content\/uploads\/2024\/12\/IMG_9223-300x151.jpg 300w, https:\/\/www.mylasertabac.com\/wp-content\/uploads\/2024\/12\/IMG_9223-768x386.jpg 768w, https:\/\/www.mylasertabac.com\/wp-content\/uploads\/2024\/12\/IMG_9223.jpg 1129w\" sizes=\"(max-width: 1024px) 100vw, 1024px\" \/><\/figure>\n\n<div style=\"height:36px\" aria-hidden=\"true\" class=\"wp-block-spacer\"><\/div>\n\n<h2 class=\"wp-block-heading\"><strong>Taxation Details: An Increase for Consumers<\/strong><\/h2>\n\n<div style=\"height:36px\" aria-hidden=\"true\" class=\"wp-block-spacer\"><\/div>\n\n<h2 class=\"wp-block-heading\"><strong>An Amendment to Budget 2025<\/strong><\/h2>\n\n<div style=\"height:36px\" aria-hidden=\"true\" class=\"wp-block-spacer\"><\/div>\n\n<p>The amendment introduced by the deputies provides for <strong>e-liquids<\/strong> to be taxed at <strong>15 cents per milliliter<\/strong>. According to estimates, this measure aims to bring the taxation of <strong>vape<\/strong> products into line with that of <strong>traditional cigarettes<\/strong>. The stated aim is to dissuade <strong>young people<\/strong> and <strong>smokers<\/strong> from using e-cigarettes as an alternative to <strong>tobacco<\/strong>products.  <\/p>\n\n<div style=\"height:36px\" aria-hidden=\"true\" class=\"wp-block-spacer\"><\/div>\n\n<h3 class=\"wp-block-heading\">Justifications for the Measure<\/h3>\n\n<div style=\"height:36px\" aria-hidden=\"true\" class=\"wp-block-spacer\"><\/div>\n\n<p>The government is justifying this increase with a desire for <strong>prevention<\/strong>, arguing that vape products contain <strong>nicotine<\/strong>, an addictive substance. The idea is to limit the appeal of these products, particularly for younger people, who might be tempted by <strong>e-cigarettes<\/strong> in the belief that they are a less harmful option than conventional <strong>cigarettes<\/strong>. <\/p>\n\n<div style=\"height:36px\" aria-hidden=\"true\" class=\"wp-block-spacer\"><\/div>\n\n<p>However, many <strong>public health experts<\/strong> and <strong>tobaccologists<\/strong> believe that this measure could have unexpected negative effects. Recent testimony has highlighted the risks of this strategy, including that of <strong>smokers<\/strong> turning to <strong>traditional cigarettes<\/strong> rather than paying more for vape <strong>liquids<\/strong>. <\/p>\n\n<div style=\"height:36px\" aria-hidden=\"true\" class=\"wp-block-spacer\"><\/div>\n\n<h2 class=\"wp-block-heading\"><strong>Is it counterproductive?<\/strong><\/h2>\n\n<div style=\"height:36px\" aria-hidden=\"true\" class=\"wp-block-spacer\"><\/div>\n\n<h2 class=\"wp-block-heading\"><strong>The risk of a return to traditional smoking<\/strong><\/h2>\n\n<div style=\"height:36px\" aria-hidden=\"true\" class=\"wp-block-spacer\"><\/div>\n\n<p>One of the main criticisms of this new taxation is that it could drive <strong>smokers<\/strong> back to conventional <strong>cigarettes<\/strong>. For many <strong>users<\/strong>, the electronic cigarette is perceived as a less dangerous <strong>alternative<\/strong> to tobacco. If the cost of <strong>e-liquids<\/strong> rises significantly, some consumers may switch back to conventional <strong><a href=\"https:\/\/www.mylasertabac.com\/quest-ce-que-le-tabac\/\">tobacco<\/a><\/strong> increasing their exposure to the <strong>risks of<\/strong> <strong>cancer<\/strong>, lung disease and cardiovascular disease.  <\/p>\n\n<div style=\"height:36px\" aria-hidden=\"true\" class=\"wp-block-spacer\"><\/div>\n\n<figure class=\"wp-block-image alignleft size-full is-resized\"><img decoding=\"async\" width=\"225\" height=\"225\" src=\"https:\/\/www.mylasertabac.com\/wp-content\/uploads\/2024\/12\/IMG_9222.jpg\" alt=\"\" class=\"wp-image-692\" style=\"width:393px;height:auto\" srcset=\"https:\/\/www.mylasertabac.com\/wp-content\/uploads\/2024\/12\/IMG_9222.jpg 225w, https:\/\/www.mylasertabac.com\/wp-content\/uploads\/2024\/12\/IMG_9222-150x150.jpg 150w\" sizes=\"(max-width: 225px) 100vw, 225px\" \/><\/figure>\n\n<h3 class=\"wp-block-heading\"><strong>Testimonials from healthcare professionals<\/strong><\/h3>\n\n<p>Visit  <strong>Dr. G\u00e9rard Audureau <\/strong>a tobaccologist in Paris, expressed his concerns: &#8220;Taxing <strong>e-cigarettes<\/strong>sends the wrong message to <strong>smokers<\/strong>. For those trying to reduce or quit <strong>smoking<\/strong>, <strong>vape<\/strong> remains a less risky option. Taxing them in the same way as conventional cigarettes risks discouraging many <strong>smokers<\/strong> who are looking to switch to a less harmful product.  <\/p>\n\n<div style=\"height:36px\" aria-hidden=\"true\" class=\"wp-block-spacer\"><\/div>\n\n<p>Other healthcare professionals share this opinion. Visit   <strong>Dr. Fran\u00e7ois Bachelot <\/strong>E-cigarettes have helped thousands of <strong>smokers<\/strong> quit or reduce their <strong>tobacco<\/strong> consumption. Raising taxes could lose this advantage and increase the number of <strong>cancers<\/strong> and <strong>smoking-related<\/strong> diseases.&#8221;  <\/p>\n\n<div style=\"height:36px\" aria-hidden=\"true\" class=\"wp-block-spacer\"><\/div>\n\n<h2 class=\"wp-block-heading\"><strong>A Safer Alternative: Laser Therapy for Quitting Smoking<\/strong><\/h2>\n\n<div style=\"height:36px\" aria-hidden=\"true\" class=\"wp-block-spacer\"><\/div>\n\n<h2 class=\"wp-block-heading\"><strong>The Anti-Smoking Laser, a Gentle and Effective Solution<\/strong><\/h2>\n\n<div style=\"height:36px\" aria-hidden=\"true\" class=\"wp-block-spacer\"><\/div>\n\n<p>Faced with this situation, it&#8217;s more relevant than ever to look for natural alternatives to stop <strong>smoking<\/strong>. Among these, <strong>laser therapy<\/strong> stands out as a <strong>gentle and effective method<\/strong>. This technique, offered by <strong>MyLaserTabac<\/strong>, is based on the stimulation of <strong>auricular points<\/strong> with a <strong>gentle laser<\/strong>, helping to reduce <strong>nicotine<\/strong> cravings and promote successful <strong>withdrawal<\/strong>.  <\/p>\n\n<div style=\"height:36px\" aria-hidden=\"true\" class=\"wp-block-spacer\"><\/div>\n\n<p class=\"has-cyan-bluish-gray-background-color has-background\">You might also be interested in: <a href=\"https:\/\/www.mylasertabac.com\/pourquoi-la-cigarette-accelere-t-elle-le-vieillissement-de-la-peau\/\"><mark style=\"background-color:#abb8c3\" class=\"has-inline-color has-vivid-cyan-blue-color\">Why do cigarettes accelerate skin aging?<\/mark><\/a><\/p>\n\n<div style=\"height:36px\" aria-hidden=\"true\" class=\"wp-block-spacer\"><\/div>\n\n<h3 class=\"wp-block-heading\"><strong>The benefits of laser therapy<\/strong><\/h3>\n\n<div style=\"height:36px\" aria-hidden=\"true\" class=\"wp-block-spacer\"><\/div>\n\n<ul class=\"wp-block-list\">\n<li><strong>Non-invasive method<\/strong>: Unlike <strong>patches<\/strong> or <strong>e-cigarettes<\/strong>, <strong>laser therapy<\/strong>does not use <strong>nicotine<\/strong>. It simply stimulates specific points to reduce cravings <strong>.<\/strong> <\/li>\n\n\n\n<li><strong>No side effects<\/strong>: No chemicals, no addictive substances. It&#8217;s a natural solution for getting rid of <strong>addiction<\/strong>. <\/li>\n\n\n\n<li><strong>Fast, lasting results<\/strong>: Many <strong>smokers<\/strong> report a significant reduction in their desire to <strong>smoke<\/strong> from the very first <strong>sessions<\/strong>.<\/li>\n<\/ul>\n\n<div style=\"height:36px\" aria-hidden=\"true\" class=\"wp-block-spacer\"><\/div>\n\n<p>At <strong><a href=\"https:\/\/www.mylasertabac.com\/en\/\">MyLaserTabac<\/a><\/strong>we support our <strong>customers<\/strong> throughout their journey towards a <strong>tobacco-free<\/strong> life, offering personalized follow-up and sessions tailored to each individual.<\/p>\n\n<figure class=\"wp-block-image aligncenter size-full is-resized\"><img decoding=\"async\" width=\"320\" height=\"205\" src=\"https:\/\/www.mylasertabac.com\/wp-content\/uploads\/2024\/12\/vignette-map.png\" alt=\"\" class=\"wp-image-591\" style=\"width:840px;height:auto\" srcset=\"https:\/\/www.mylasertabac.com\/wp-content\/uploads\/2024\/12\/vignette-map.png 320w, https:\/\/www.mylasertabac.com\/wp-content\/uploads\/2024\/12\/vignette-map-300x192.png 300w\" sizes=\"(max-width: 320px) 100vw, 320px\" \/><\/figure>\n\n<div style=\"height:36px\" aria-hidden=\"true\" class=\"wp-block-spacer\"><\/div>\n\n<h2 class=\"wp-block-heading\"><strong>What are the risks for consumers?<\/strong><\/h2>\n\n<div style=\"height:36px\" aria-hidden=\"true\" class=\"wp-block-spacer\"><\/div>\n\n<h2 class=\"wp-block-heading\"><strong>Economic and health impact<\/strong><\/h2>\n\n<div style=\"height:36px\" aria-hidden=\"true\" class=\"wp-block-spacer\"><\/div>\n\n<p>This taxation could have an impact not only on <strong>smokers<\/strong>&#8216; wallets, but also on their <strong>health<\/strong>. By making <strong>vape<\/strong> <strong>liquids<\/strong> more expensive, the government risks creating a deterrent effect against an effective <strong>withdrawal<\/strong> product. This could lead to an increase in the <strong>consumption of<\/strong> conventional <strong>cigarettes<\/strong>, which remain, according to experts, far more dangerous.  <\/p>\n\n<div style=\"height:36px\" aria-hidden=\"true\" class=\"wp-block-spacer\"><\/div>\n\n<h3 class=\"wp-block-heading\"><strong>The Smokers&#8217; Dilemma<\/strong><\/h3>\n\n<div style=\"height:36px\" aria-hidden=\"true\" class=\"wp-block-spacer\"><\/div>\n\n<p>With rising prices, <strong>smokers<\/strong> are faced with a dilemma: continue <strong>vaping<\/strong> despite the high cost, or switch back to cheaper but much more harmful <strong>cigarettes<\/strong>. To avoid this difficult choice, it&#8217;s essential to promote <strong>solutions<\/strong> that stop <strong>addiction<\/strong> naturally and effectively, such as <strong>laser therapy<\/strong>. <\/p>\n\n<div style=\"height:38px\" aria-hidden=\"true\" class=\"wp-block-spacer\"><\/div>\n\n<p class=\"has-cyan-bluish-gray-background-color has-background\">You might also be interested in: <a href=\"https:\/\/www.mylasertabac.com\/comment-le-laser-agit-sur-les-addictions\/\"><mark style=\"background-color:#abb8c3\" class=\"has-inline-color has-vivid-cyan-blue-color\">How do lasers work on addictions?<\/mark><\/a><\/p>\n\n<div style=\"height:36px\" aria-hidden=\"true\" class=\"wp-block-spacer\"><\/div>\n\n<h2 class=\"wp-block-heading\"><strong>Why Choose MyLaserTabac to Stop Smoking?<\/strong><\/h2>\n\n<div style=\"height:36px\" aria-hidden=\"true\" class=\"wp-block-spacer\"><\/div>\n\n<p>The decision to tax <strong>e-cigarettes<\/strong> in <strong>2025<\/strong> raises many questions about the effectiveness of public <strong>smoking cessation<\/strong> policies. For <strong>smokers<\/strong> who really want to quit, it&#8217;s important to find <strong>alternatives<\/strong> that work and aren&#8217;t impacted by unexpected price increases. <\/p>\n\n<p>At <strong>MyLaserTabac<\/strong>, we offer a <strong>natural<\/strong> and proven <strong>solution<\/strong> to help you kick your <strong>smoking<\/strong> <strong>habit<\/strong> with our <strong>laser therapy<\/strong> method. With personalized follow-up and a non-invasive method, we guarantee support throughout your <strong>withdrawal<\/strong>. <\/p>\n\n<p><strong>Contact us today<\/strong> to find out more about our <strong>services<\/strong> and start your journey towards a <strong>tobacco-free<\/strong> <strong>life<\/strong>. Don&#8217;t wait any longer, and take advantage of our <strong>laser therapy<\/strong> to say goodbye to <strong>cigarettes<\/strong> and avoid the pitfalls of the new taxes on <strong>electronic cigarettes<\/strong>! <\/p>\n\n<div style=\"height:36px\" aria-hidden=\"true\" class=\"wp-block-spacer\"><\/div>\n\n<p><strong>References<\/strong><\/p>\n\n<ol start=\"1\" class=\"wp-block-list\">\n<li><a href=\"https:\/\/www.lesechos.fr\/economie-france\/social\/impots-les-deputes-prets-a-un-tour-de-vis-fiscal-sur-les-cigarettes-electroniques-2127402\">Les Echos &#8211; Imp\u00f4ts : Les d\u00e9put\u00e9s pr\u00eats \u00e0 un tour de vis fiscal sur les cigarettes \u00e9lectroniques (in French)<\/a><\/li>\n\n\n\n<li><a href=\"https:\/\/www.bfmtv.com\/amp\/economie\/economie-social\/finances-publiques\/15-centimes-par-millilitre-les-liquides-pour-cigarette-electronique-bientot-davantage-taxes_AV-202410230326.html\">BFMTV &#8211; 15 cents per milliliter: E-cigarette liquids soon to be taxed more heavily<\/a><\/li>\n<\/ol>\n","protected":false},"excerpt":{"rendered":"<p>A controversial new measure From 2025, the French government plans to tax e-cigarette liquids at 15 cents per milliliter. This decision, which stems from an amendment to the 2025 budget, has provoked numerous reactions. While some see it as a means of regulating vape use, others believe the measure is counterproductive and risks diverting smokers [&hellip;]<\/p>\n","protected":false},"author":2,"featured_media":1897,"comment_status":"closed","ping_status":"open","sticky":false,"template":"","format":"standard","meta":{"inline_featured_image":false,"footnotes":""},"categories":[117],"tags":[118,119],"class_list":["post-2549","post","type-post","status-publish","format-standard","has-post-thumbnail","hentry","category-electronic-cigarette-tax","tag-anti-smoking-laser","tag-tax-2025-electronic-cigarette"],"yoast_head":"<!-- This site is optimized with the Yoast SEO plugin v27.4 - https:\/\/yoast.com\/product\/yoast-seo-wordpress\/ -->\n<title>Taxation of Electronic Cigarettes in 2025: What Impact for Consumers? - My Laser Tabac<\/title>\n<meta name=\"description\" content=\"If you&#039;d like to know what the new taxes on electronic cigarettes will be in 2025, this article will answer all your questions.\" \/>\n<meta name=\"robots\" content=\"index, follow, max-snippet:-1, max-image-preview:large, max-video-preview:-1\" \/>\n<link rel=\"canonical\" href=\"https:\/\/www.mylasertabac.com\/en\/taxation-of-electronic-cigarettes-in-2025-what-impact-for-consumers\/\" \/>\n<meta property=\"og:locale\" content=\"en_US\" \/>\n<meta property=\"og:type\" content=\"article\" \/>\n<meta property=\"og:title\" content=\"Taxation of Electronic Cigarettes in 2025: What Impact for Consumers? - My Laser Tabac\" \/>\n<meta property=\"og:description\" content=\"If you&#039;d like to know what the new taxes on electronic cigarettes will be in 2025, this article will answer all your questions.\" \/>\n<meta property=\"og:url\" content=\"https:\/\/www.mylasertabac.com\/en\/taxation-of-electronic-cigarettes-in-2025-what-impact-for-consumers\/\" \/>\n<meta property=\"og:site_name\" content=\"My Laser Tabac\" \/>\n<meta property=\"article:author\" content=\"https:\/\/www.facebook.com\/profile.php?id=61571554707319\" \/>\n<meta property=\"article:published_time\" content=\"2024-12-16T09:00:19+00:00\" \/>\n<meta property=\"article:modified_time\" content=\"2025-01-28T14:55:29+00:00\" \/>\n<meta property=\"og:image\" content=\"https:\/\/www.mylasertabac.com\/wp-content\/uploads\/2024\/12\/IMG_9226.jpg\" \/>\n\t<meta property=\"og:image:width\" content=\"979\" \/>\n\t<meta property=\"og:image:height\" content=\"900\" \/>\n\t<meta property=\"og:image:type\" content=\"image\/jpeg\" \/>\n<meta name=\"author\" content=\"Florian Fortes\" \/>\n<meta name=\"twitter:card\" content=\"summary_large_image\" \/>\n<meta name=\"twitter:label1\" content=\"Written by\" \/>\n\t<meta name=\"twitter:data1\" content=\"Florian Fortes\" \/>\n\t<meta name=\"twitter:label2\" content=\"Est. reading time\" \/>\n\t<meta name=\"twitter:data2\" content=\"4 minutes\" \/>\n<script type=\"application\/ld+json\" class=\"yoast-schema-graph\">{\"@context\":\"https:\\\/\\\/schema.org\",\"@graph\":[{\"@type\":\"Article\",\"@id\":\"https:\\\/\\\/www.mylasertabac.com\\\/en\\\/taxation-of-electronic-cigarettes-in-2025-what-impact-for-consumers\\\/#article\",\"isPartOf\":{\"@id\":\"https:\\\/\\\/www.mylasertabac.com\\\/en\\\/taxation-of-electronic-cigarettes-in-2025-what-impact-for-consumers\\\/\"},\"author\":{\"name\":\"Florian Fortes\",\"@id\":\"https:\\\/\\\/www.mylasertabac.com\\\/en\\\/#\\\/schema\\\/person\\\/02c249cb76d912efb6c315ec23eccdf3\"},\"headline\":\"Taxation of Electronic Cigarettes in 2025: What Impact for Consumers?\",\"datePublished\":\"2024-12-16T09:00:19+00:00\",\"dateModified\":\"2025-01-28T14:55:29+00:00\",\"mainEntityOfPage\":{\"@id\":\"https:\\\/\\\/www.mylasertabac.com\\\/en\\\/taxation-of-electronic-cigarettes-in-2025-what-impact-for-consumers\\\/\"},\"wordCount\":888,\"publisher\":{\"@id\":\"https:\\\/\\\/www.mylasertabac.com\\\/en\\\/#organization\"},\"image\":{\"@id\":\"https:\\\/\\\/www.mylasertabac.com\\\/en\\\/taxation-of-electronic-cigarettes-in-2025-what-impact-for-consumers\\\/#primaryimage\"},\"thumbnailUrl\":\"https:\\\/\\\/www.mylasertabac.com\\\/wp-content\\\/uploads\\\/2024\\\/12\\\/IMG_9226.jpg\",\"keywords\":[\"Anti-smoking laser\",\"tax 2025 electronic cigarette\"],\"articleSection\":[\"electronic cigarette tax\"],\"inLanguage\":\"en-US\"},{\"@type\":\"WebPage\",\"@id\":\"https:\\\/\\\/www.mylasertabac.com\\\/en\\\/taxation-of-electronic-cigarettes-in-2025-what-impact-for-consumers\\\/\",\"url\":\"https:\\\/\\\/www.mylasertabac.com\\\/en\\\/taxation-of-electronic-cigarettes-in-2025-what-impact-for-consumers\\\/\",\"name\":\"Taxation of Electronic Cigarettes in 2025: What Impact for Consumers? - My Laser Tabac\",\"isPartOf\":{\"@id\":\"https:\\\/\\\/www.mylasertabac.com\\\/en\\\/#website\"},\"primaryImageOfPage\":{\"@id\":\"https:\\\/\\\/www.mylasertabac.com\\\/en\\\/taxation-of-electronic-cigarettes-in-2025-what-impact-for-consumers\\\/#primaryimage\"},\"image\":{\"@id\":\"https:\\\/\\\/www.mylasertabac.com\\\/en\\\/taxation-of-electronic-cigarettes-in-2025-what-impact-for-consumers\\\/#primaryimage\"},\"thumbnailUrl\":\"https:\\\/\\\/www.mylasertabac.com\\\/wp-content\\\/uploads\\\/2024\\\/12\\\/IMG_9226.jpg\",\"datePublished\":\"2024-12-16T09:00:19+00:00\",\"dateModified\":\"2025-01-28T14:55:29+00:00\",\"description\":\"If you'd like to know what the new taxes on electronic cigarettes will be in 2025, this article will answer all your questions.\",\"breadcrumb\":{\"@id\":\"https:\\\/\\\/www.mylasertabac.com\\\/en\\\/taxation-of-electronic-cigarettes-in-2025-what-impact-for-consumers\\\/#breadcrumb\"},\"inLanguage\":\"en-US\",\"potentialAction\":[{\"@type\":\"ReadAction\",\"target\":[\"https:\\\/\\\/www.mylasertabac.com\\\/en\\\/taxation-of-electronic-cigarettes-in-2025-what-impact-for-consumers\\\/\"]}]},{\"@type\":\"ImageObject\",\"inLanguage\":\"en-US\",\"@id\":\"https:\\\/\\\/www.mylasertabac.com\\\/en\\\/taxation-of-electronic-cigarettes-in-2025-what-impact-for-consumers\\\/#primaryimage\",\"url\":\"https:\\\/\\\/www.mylasertabac.com\\\/wp-content\\\/uploads\\\/2024\\\/12\\\/IMG_9226.jpg\",\"contentUrl\":\"https:\\\/\\\/www.mylasertabac.com\\\/wp-content\\\/uploads\\\/2024\\\/12\\\/IMG_9226.jpg\",\"width\":979,\"height\":900},{\"@type\":\"BreadcrumbList\",\"@id\":\"https:\\\/\\\/www.mylasertabac.com\\\/en\\\/taxation-of-electronic-cigarettes-in-2025-what-impact-for-consumers\\\/#breadcrumb\",\"itemListElement\":[{\"@type\":\"ListItem\",\"position\":1,\"name\":\"Accueil\",\"item\":\"https:\\\/\\\/www.mylasertabac.com\\\/en\\\/home\\\/\"},{\"@type\":\"ListItem\",\"position\":2,\"name\":\"Taxation of Electronic Cigarettes in 2025: What Impact for Consumers?\"}]},{\"@type\":\"WebSite\",\"@id\":\"https:\\\/\\\/www.mylasertabac.com\\\/en\\\/#website\",\"url\":\"https:\\\/\\\/www.mylasertabac.com\\\/en\\\/\",\"name\":\"My Laser Tabac\",\"description\":\"La solution laser qui transforme les fumeurs en ex-fumeurs\",\"publisher\":{\"@id\":\"https:\\\/\\\/www.mylasertabac.com\\\/en\\\/#organization\"},\"potentialAction\":[{\"@type\":\"SearchAction\",\"target\":{\"@type\":\"EntryPoint\",\"urlTemplate\":\"https:\\\/\\\/www.mylasertabac.com\\\/en\\\/?s={search_term_string}\"},\"query-input\":{\"@type\":\"PropertyValueSpecification\",\"valueRequired\":true,\"valueName\":\"search_term_string\"}}],\"inLanguage\":\"en-US\"},{\"@type\":\"Organization\",\"@id\":\"https:\\\/\\\/www.mylasertabac.com\\\/en\\\/#organization\",\"name\":\"My Laser Tabac\",\"url\":\"https:\\\/\\\/www.mylasertabac.com\\\/en\\\/\",\"logo\":{\"@type\":\"ImageObject\",\"inLanguage\":\"en-US\",\"@id\":\"https:\\\/\\\/www.mylasertabac.com\\\/en\\\/#\\\/schema\\\/logo\\\/image\\\/\",\"url\":\"https:\\\/\\\/www.mylasertabac.com\\\/wp-content\\\/uploads\\\/2024\\\/12\\\/mlt-verteau.svg\",\"contentUrl\":\"https:\\\/\\\/www.mylasertabac.com\\\/wp-content\\\/uploads\\\/2024\\\/12\\\/mlt-verteau.svg\",\"caption\":\"My Laser Tabac\"},\"image\":{\"@id\":\"https:\\\/\\\/www.mylasertabac.com\\\/en\\\/#\\\/schema\\\/logo\\\/image\\\/\"}},{\"@type\":\"Person\",\"@id\":\"https:\\\/\\\/www.mylasertabac.com\\\/en\\\/#\\\/schema\\\/person\\\/02c249cb76d912efb6c315ec23eccdf3\",\"name\":\"Florian Fortes\",\"image\":{\"@type\":\"ImageObject\",\"inLanguage\":\"en-US\",\"@id\":\"https:\\\/\\\/www.mylasertabac.com\\\/wp-content\\\/litespeed\\\/avatar\\\/142101a71d7b9e6490c1120d9c109a67.jpg?ver=1776856306\",\"url\":\"https:\\\/\\\/www.mylasertabac.com\\\/wp-content\\\/litespeed\\\/avatar\\\/142101a71d7b9e6490c1120d9c109a67.jpg?ver=1776856306\",\"contentUrl\":\"https:\\\/\\\/www.mylasertabac.com\\\/wp-content\\\/litespeed\\\/avatar\\\/142101a71d7b9e6490c1120d9c109a67.jpg?ver=1776856306\",\"caption\":\"Florian Fortes\"},\"sameAs\":[\"https:\\\/\\\/www.mylasertabac.com\",\"https:\\\/\\\/www.facebook.com\\\/profile.php?id=61571554707319\"],\"url\":\"https:\\\/\\\/www.mylasertabac.com\\\/en\\\/author\\\/florianfortes5312\\\/\"}]}<\/script>\n<!-- \/ Yoast SEO plugin. -->","yoast_head_json":{"title":"Taxation of Electronic Cigarettes in 2025: What Impact for Consumers? - My Laser Tabac","description":"If you'd like to know what the new taxes on electronic cigarettes will be in 2025, this article will answer all your questions.","robots":{"index":"index","follow":"follow","max-snippet":"max-snippet:-1","max-image-preview":"max-image-preview:large","max-video-preview":"max-video-preview:-1"},"canonical":"https:\/\/www.mylasertabac.com\/en\/taxation-of-electronic-cigarettes-in-2025-what-impact-for-consumers\/","og_locale":"en_US","og_type":"article","og_title":"Taxation of Electronic Cigarettes in 2025: What Impact for Consumers? - My Laser Tabac","og_description":"If you'd like to know what the new taxes on electronic cigarettes will be in 2025, this article will answer all your questions.","og_url":"https:\/\/www.mylasertabac.com\/en\/taxation-of-electronic-cigarettes-in-2025-what-impact-for-consumers\/","og_site_name":"My Laser Tabac","article_author":"https:\/\/www.facebook.com\/profile.php?id=61571554707319","article_published_time":"2024-12-16T09:00:19+00:00","article_modified_time":"2025-01-28T14:55:29+00:00","og_image":[{"width":979,"height":900,"url":"https:\/\/www.mylasertabac.com\/wp-content\/uploads\/2024\/12\/IMG_9226.jpg","type":"image\/jpeg"}],"author":"Florian Fortes","twitter_card":"summary_large_image","twitter_misc":{"Written by":"Florian Fortes","Est. reading time":"4 minutes"},"schema":{"@context":"https:\/\/schema.org","@graph":[{"@type":"Article","@id":"https:\/\/www.mylasertabac.com\/en\/taxation-of-electronic-cigarettes-in-2025-what-impact-for-consumers\/#article","isPartOf":{"@id":"https:\/\/www.mylasertabac.com\/en\/taxation-of-electronic-cigarettes-in-2025-what-impact-for-consumers\/"},"author":{"name":"Florian Fortes","@id":"https:\/\/www.mylasertabac.com\/en\/#\/schema\/person\/02c249cb76d912efb6c315ec23eccdf3"},"headline":"Taxation of Electronic Cigarettes in 2025: What Impact for Consumers?","datePublished":"2024-12-16T09:00:19+00:00","dateModified":"2025-01-28T14:55:29+00:00","mainEntityOfPage":{"@id":"https:\/\/www.mylasertabac.com\/en\/taxation-of-electronic-cigarettes-in-2025-what-impact-for-consumers\/"},"wordCount":888,"publisher":{"@id":"https:\/\/www.mylasertabac.com\/en\/#organization"},"image":{"@id":"https:\/\/www.mylasertabac.com\/en\/taxation-of-electronic-cigarettes-in-2025-what-impact-for-consumers\/#primaryimage"},"thumbnailUrl":"https:\/\/www.mylasertabac.com\/wp-content\/uploads\/2024\/12\/IMG_9226.jpg","keywords":["Anti-smoking laser","tax 2025 electronic cigarette"],"articleSection":["electronic cigarette tax"],"inLanguage":"en-US"},{"@type":"WebPage","@id":"https:\/\/www.mylasertabac.com\/en\/taxation-of-electronic-cigarettes-in-2025-what-impact-for-consumers\/","url":"https:\/\/www.mylasertabac.com\/en\/taxation-of-electronic-cigarettes-in-2025-what-impact-for-consumers\/","name":"Taxation of Electronic Cigarettes in 2025: What Impact for Consumers? - My Laser Tabac","isPartOf":{"@id":"https:\/\/www.mylasertabac.com\/en\/#website"},"primaryImageOfPage":{"@id":"https:\/\/www.mylasertabac.com\/en\/taxation-of-electronic-cigarettes-in-2025-what-impact-for-consumers\/#primaryimage"},"image":{"@id":"https:\/\/www.mylasertabac.com\/en\/taxation-of-electronic-cigarettes-in-2025-what-impact-for-consumers\/#primaryimage"},"thumbnailUrl":"https:\/\/www.mylasertabac.com\/wp-content\/uploads\/2024\/12\/IMG_9226.jpg","datePublished":"2024-12-16T09:00:19+00:00","dateModified":"2025-01-28T14:55:29+00:00","description":"If you'd like to know what the new taxes on electronic cigarettes will be in 2025, this article will answer all your questions.","breadcrumb":{"@id":"https:\/\/www.mylasertabac.com\/en\/taxation-of-electronic-cigarettes-in-2025-what-impact-for-consumers\/#breadcrumb"},"inLanguage":"en-US","potentialAction":[{"@type":"ReadAction","target":["https:\/\/www.mylasertabac.com\/en\/taxation-of-electronic-cigarettes-in-2025-what-impact-for-consumers\/"]}]},{"@type":"ImageObject","inLanguage":"en-US","@id":"https:\/\/www.mylasertabac.com\/en\/taxation-of-electronic-cigarettes-in-2025-what-impact-for-consumers\/#primaryimage","url":"https:\/\/www.mylasertabac.com\/wp-content\/uploads\/2024\/12\/IMG_9226.jpg","contentUrl":"https:\/\/www.mylasertabac.com\/wp-content\/uploads\/2024\/12\/IMG_9226.jpg","width":979,"height":900},{"@type":"BreadcrumbList","@id":"https:\/\/www.mylasertabac.com\/en\/taxation-of-electronic-cigarettes-in-2025-what-impact-for-consumers\/#breadcrumb","itemListElement":[{"@type":"ListItem","position":1,"name":"Accueil","item":"https:\/\/www.mylasertabac.com\/en\/home\/"},{"@type":"ListItem","position":2,"name":"Taxation of Electronic Cigarettes in 2025: What Impact for Consumers?"}]},{"@type":"WebSite","@id":"https:\/\/www.mylasertabac.com\/en\/#website","url":"https:\/\/www.mylasertabac.com\/en\/","name":"My Laser Tabac","description":"La solution laser qui transforme les fumeurs en ex-fumeurs","publisher":{"@id":"https:\/\/www.mylasertabac.com\/en\/#organization"},"potentialAction":[{"@type":"SearchAction","target":{"@type":"EntryPoint","urlTemplate":"https:\/\/www.mylasertabac.com\/en\/?s={search_term_string}"},"query-input":{"@type":"PropertyValueSpecification","valueRequired":true,"valueName":"search_term_string"}}],"inLanguage":"en-US"},{"@type":"Organization","@id":"https:\/\/www.mylasertabac.com\/en\/#organization","name":"My Laser Tabac","url":"https:\/\/www.mylasertabac.com\/en\/","logo":{"@type":"ImageObject","inLanguage":"en-US","@id":"https:\/\/www.mylasertabac.com\/en\/#\/schema\/logo\/image\/","url":"https:\/\/www.mylasertabac.com\/wp-content\/uploads\/2024\/12\/mlt-verteau.svg","contentUrl":"https:\/\/www.mylasertabac.com\/wp-content\/uploads\/2024\/12\/mlt-verteau.svg","caption":"My Laser Tabac"},"image":{"@id":"https:\/\/www.mylasertabac.com\/en\/#\/schema\/logo\/image\/"}},{"@type":"Person","@id":"https:\/\/www.mylasertabac.com\/en\/#\/schema\/person\/02c249cb76d912efb6c315ec23eccdf3","name":"Florian Fortes","image":{"@type":"ImageObject","inLanguage":"en-US","@id":"https:\/\/www.mylasertabac.com\/wp-content\/litespeed\/avatar\/142101a71d7b9e6490c1120d9c109a67.jpg?ver=1776856306","url":"https:\/\/www.mylasertabac.com\/wp-content\/litespeed\/avatar\/142101a71d7b9e6490c1120d9c109a67.jpg?ver=1776856306","contentUrl":"https:\/\/www.mylasertabac.com\/wp-content\/litespeed\/avatar\/142101a71d7b9e6490c1120d9c109a67.jpg?ver=1776856306","caption":"Florian Fortes"},"sameAs":["https:\/\/www.mylasertabac.com","https:\/\/www.facebook.com\/profile.php?id=61571554707319"],"url":"https:\/\/www.mylasertabac.com\/en\/author\/florianfortes5312\/"}]}},"_links":{"self":[{"href":"https:\/\/www.mylasertabac.com\/en\/wp-json\/wp\/v2\/posts\/2549","targetHints":{"allow":["GET"]}}],"collection":[{"href":"https:\/\/www.mylasertabac.com\/en\/wp-json\/wp\/v2\/posts"}],"about":[{"href":"https:\/\/www.mylasertabac.com\/en\/wp-json\/wp\/v2\/types\/post"}],"author":[{"embeddable":true,"href":"https:\/\/www.mylasertabac.com\/en\/wp-json\/wp\/v2\/users\/2"}],"replies":[{"embeddable":true,"href":"https:\/\/www.mylasertabac.com\/en\/wp-json\/wp\/v2\/comments?post=2549"}],"version-history":[{"count":1,"href":"https:\/\/www.mylasertabac.com\/en\/wp-json\/wp\/v2\/posts\/2549\/revisions"}],"predecessor-version":[{"id":2551,"href":"https:\/\/www.mylasertabac.com\/en\/wp-json\/wp\/v2\/posts\/2549\/revisions\/2551"}],"wp:featuredmedia":[{"embeddable":true,"href":"https:\/\/www.mylasertabac.com\/en\/wp-json\/wp\/v2\/media\/1897"}],"wp:attachment":[{"href":"https:\/\/www.mylasertabac.com\/en\/wp-json\/wp\/v2\/media?parent=2549"}],"wp:term":[{"taxonomy":"category","embeddable":true,"href":"https:\/\/www.mylasertabac.com\/en\/wp-json\/wp\/v2\/categories?post=2549"},{"taxonomy":"post_tag","embeddable":true,"href":"https:\/\/www.mylasertabac.com\/en\/wp-json\/wp\/v2\/tags?post=2549"}],"curies":[{"name":"wp","href":"https:\/\/api.w.org\/{rel}","templated":true}]}}