{"id":6292,"date":"2025-03-18T13:52:49","date_gmt":"2025-03-18T12:52:49","guid":{"rendered":"https:\/\/www.mylasertabac.com\/does-smoking-alter-the-perception-of-fragrances-and-aromas\/"},"modified":"2025-04-08T14:07:36","modified_gmt":"2025-04-08T12:07:36","slug":"does-smoking-alter-the-perception-of-fragrances-and-aromas","status":"publish","type":"post","link":"https:\/\/www.mylasertabac.com\/en\/does-smoking-alter-the-perception-of-fragrances-and-aromas\/","title":{"rendered":"Does smoking alter the perception of fragrances and aromas?"},"content":{"rendered":"\n<p><\/p>\n\n<p>Tobacco has long been associated with sensory pleasures, especially for those who enjoy the aroma of blond or dark tobacco. However, beyond this misleading perception, tobacco profoundly alters olfactory and gustatory sensitivity. Many smokers find that their ability to detect fragrances and aromas diminishes over time, making their sensory experience far poorer than they imagine.  <\/p>\n\n<p>Smoking exposes the body to thousands of chemical substances that attack sensory receptors and impair their function. This gradual deterioration not only affects the sense of smell, but also taste, which is directly linked to olfactory perception. For some, this means diminished pleasure when eating or drinking; for others, a total loss of certain tastes and smells they used to be able to distinguish.  <\/p>\n\n<p>With the rise of <strong>vaping<\/strong>, many smokers are turning to <strong>electronic cigarettes<\/strong> and <strong>eliquids<\/strong> to reduce their <strong>tobacco<\/strong> consumption. However, these <strong>products<\/strong> containing <strong>nicotine<\/strong>, <strong>propylene glycol<\/strong> and <strong>aromas<\/strong> can also influence the perception of <strong>flavors<\/strong> and <strong>fragrances<\/strong>.  <strong>Vapers<\/strong> often notice varying <strong>effects<\/strong> depending on the <strong>nicotine<\/strong> <strong>level<\/strong> and aromatic <strong>molecules<\/strong> present in <strong>vape<\/strong> <strong>liquids<\/strong>. So what&#8217;s the difference between <strong>smoking<\/strong> and <strong>vaping<\/strong> in terms of sensory perception? <strong>Scientific studies provide<\/strong>some answers to these <strong>risks<\/strong> and perceptual changes.  <\/p>\n\n<div style=\"height:29px\" aria-hidden=\"true\" class=\"wp-block-spacer\"><\/div>\n\n<h2 class=\"wp-block-heading\"><strong>The impact of tobacco and vaping on smell and taste<\/strong><\/h2>\n\n<div style=\"height:19px\" aria-hidden=\"true\" class=\"wp-block-spacer\"><\/div>\n\n<h3 class=\"wp-block-heading\"><strong>\ud83d\udd2c Alteration of olfactory receptors<\/strong><\/h3>\n\n<div style=\"height:19px\" aria-hidden=\"true\" class=\"wp-block-spacer\"><\/div>\n\n<p>Tobacco contains thousands of chemicals that attack the nasal mucosa and olfactory receptors. <strong>Cigarette<\/strong> smoke alters these sensory cells, reducing their sensitivity to odorant <strong>molecules<\/strong>. Over time, <strong>smokers<\/strong> experience a progressive decline in their ability to perceive <strong>fragrances<\/strong> and <strong>subtle aromas<\/strong>.  <\/p>\n\n<p>This alteration is particularly noticeable with <strong>aromatic fragrances<\/strong> and light odors, which require fine olfactory perception. In addition, prolonged exposure to <strong>tobacco<\/strong> toxins can lead to partial or total <strong>loss of<\/strong> the<strong>sense of smell<\/strong> (hyposmia or anosmia), directly affecting the appreciation of food and beverage <strong>flavors<\/strong>. Some <strong>vape<\/strong> <strong>products<\/strong> also contain <strong>molecules<\/strong> that influence olfactory perception, albeit less aggressively than <strong>tobacco<\/strong> smoke.  <\/p>\n\n<p>A recent <strong>study<\/strong> has shown that <strong>vapers<\/strong> using <strong>liquids<\/strong> containing high levels of <strong>nicotine<\/strong> or <strong>artificial flavours<\/strong> may also experience temporary changes in their <strong>sense of smell<\/strong> and their ability to distinguish certain complex <strong>flavours<\/strong>. The<strong>effect of<\/strong> these <strong>products<\/strong> varies according to <strong>nicotine<\/strong> <strong>level<\/strong>, type of<strong>eliquid used<\/strong>and frequency of consumption. <\/p>\n\n<div style=\"height:19px\" aria-hidden=\"true\" class=\"wp-block-spacer\"><\/div>\n\n<h3 class=\"wp-block-heading\"><strong>\ud83e\ude78 Reduced blood circulation<\/strong><\/h3>\n\n<div style=\"height:25px\" aria-hidden=\"true\" class=\"wp-block-spacer\"><\/div>\n\n<p><strong>Tobacco<\/strong> causes <strong>vasoconstriction<\/strong>, i.e. a narrowing of the blood vessels, which limits the supply of oxygen and nutrients to the cells of the nose and tongue. This reduction in blood flow slows down the regeneration of sensory receptors, and contributes to an attenuation in the perception of <strong>odors<\/strong> and <strong>flavors<\/strong>. <\/p>\n\n<p>Poor irrigation of the taste buds results in reduced sensitivity to sweet, salty, sour and bitter <strong>aromas<\/strong>. This explains why some <strong>smokers<\/strong> experience less <strong>taste<\/strong> in food, and tend to add more salt or sugar to compensate for this sensory <strong>loss<\/strong>. <\/p>\n\n<p>Although <strong>vapers<\/strong> are less exposed to <strong>tobacco<\/strong> toxins, they may also be subject to reduced <strong>blood circulation<\/strong>, particularly when their <strong>eliquids<\/strong> contain high doses of <strong>nicotine<\/strong>. A <strong>scientific study<\/strong> conducted over several <strong>years<\/strong> has shown that excessive consumption of <strong>e-cigarettes with<\/strong>high <strong>levels of<\/strong> <strong>nicotine<\/strong> can cause a slight reduction in the vascularization of olfactory mucous membranes, influencing the perception of <strong>fragrances<\/strong> and <strong>flavors<\/strong>. <\/p>\n\n<div style=\"height:32px\" aria-hidden=\"true\" class=\"wp-block-spacer\"><\/div>\n\n<figure class=\"wp-block-image alignleft size-full is-resized\"><img fetchpriority=\"high\" decoding=\"async\" width=\"1024\" height=\"1024\" src=\"https:\/\/www.mylasertabac.com\/wp-content\/uploads\/2025\/03\/risque-dinflamation-des-muqeuse-pour-les-fumeurs.png\" alt=\"\" class=\"wp-image-5204\" style=\"width:462px;height:auto\" srcset=\"https:\/\/www.mylasertabac.com\/wp-content\/uploads\/2025\/03\/risque-dinflamation-des-muqeuse-pour-les-fumeurs.png 1024w, https:\/\/www.mylasertabac.com\/wp-content\/uploads\/2025\/03\/risque-dinflamation-des-muqeuse-pour-les-fumeurs-300x300.png 300w, https:\/\/www.mylasertabac.com\/wp-content\/uploads\/2025\/03\/risque-dinflamation-des-muqeuse-pour-les-fumeurs-150x150.png 150w, https:\/\/www.mylasertabac.com\/wp-content\/uploads\/2025\/03\/risque-dinflamation-des-muqeuse-pour-les-fumeurs-768x768.png 768w\" sizes=\"(max-width: 1024px) 100vw, 1024px\" \/><\/figure>\n\n<h3 class=\"wp-block-heading\"><strong>\ud83e\udd27 Inflammation of mucous membranes and nasal congestion<\/strong><\/h3>\n\n<p><strong>Smokers<\/strong> frequently suffer from chronic inflammation of the nasal mucosa, caused by continuous exposure to toxic smoke. This inflammation leads to nasal congestion, partially or totally blocking the perception of <strong>fragrances<\/strong> and <strong>aromas<\/strong>. <\/p>\n\n<p>As <strong>taste<\/strong> is closely linked to the<strong>sense of smell<\/strong>, this congestion also affects the perception of <strong>flavors<\/strong> in food and beverages. For example, <strong>smokers<\/strong> may find their coffee bland or their wine less aromatic, due to a reduced ability to capture the odor <strong>molecules<\/strong> that contribute to the taste experience. <\/p>\n\n<p><strong>Vapers<\/strong>, although less affected by this problem than <strong>smokers<\/strong>, may experience <strong>mild irritation of<\/strong> the nasal mucosa due to frequent inhalation of <strong>propylene glycol<\/strong> and other <strong>eliquid<\/strong> components. <strong>Studies<\/strong> indicate that <strong>vapers<\/strong> using <strong>liquids<\/strong> with a high concentration of <strong>aromas<\/strong> may experience nasal dryness, temporarily reducing their ability to detect certain <strong>aromatic fragrances and<\/strong>delicate <strong>flavors<\/strong>. <\/p>\n\n<div style=\"height:45px\" aria-hidden=\"true\" class=\"wp-block-spacer\"><\/div>\n\n<h2 class=\"wp-block-heading\"><strong>Comparison between smoking and vaping on sensory perception<\/strong><\/h2>\n\n<div style=\"height:19px\" aria-hidden=\"true\" class=\"wp-block-spacer\"><\/div>\n\n<figure class=\"wp-block-image alignright size-full is-resized\"><img decoding=\"async\" width=\"600\" height=\"600\" src=\"https:\/\/www.mylasertabac.com\/wp-content\/uploads\/2025\/03\/eliquide-cigarette-electronique.webp\" alt=\"\" class=\"wp-image-5212\" style=\"width:361px;height:auto\" srcset=\"https:\/\/www.mylasertabac.com\/wp-content\/uploads\/2025\/03\/eliquide-cigarette-electronique.webp 600w, https:\/\/www.mylasertabac.com\/wp-content\/uploads\/2025\/03\/eliquide-cigarette-electronique-300x300.webp 300w, https:\/\/www.mylasertabac.com\/wp-content\/uploads\/2025\/03\/eliquide-cigarette-electronique-150x150.webp 150w\" sizes=\"(max-width: 600px) 100vw, 600px\" \/><\/figure>\n\n<h3 class=\"wp-block-heading\"><strong>\ud83c\udf77 The effect of e-liquids on taste<\/strong> <\/h3>\n\n<p>The <strong>eliquids<\/strong> used in <strong>electronic cigarettes<\/strong> contain food <strong>flavoring<\/strong> and <strong>propylene glycol<\/strong>, an additive that helps produce the <strong>vapor<\/strong>. Unlike traditional <strong>cigarettes<\/strong>, the <strong>vapoteur<\/strong> does not burn <strong>tobacco<\/strong>, but inhales a heated <strong>liquid<\/strong>. <\/p>\n\n<p><strong>Scientific studies<\/strong> have shown that some <strong>eliquid<\/strong> <strong>aromas<\/strong> can temporarily alter <strong>taste<\/strong> perception, particularly <strong>sweet aromas<\/strong> which influence the <strong>taste<\/strong> of food. However, these <strong>effects<\/strong> are less marked than those of <strong>tobacco<\/strong>, and <strong>vapers<\/strong> often report faster sensory recovery after stopping <strong>vaping<\/strong>. <\/p>\n\n<p>On the other hand, some <strong>eliquid<\/strong> components can interact with taste receptors, causing variations in the perception of <strong>fragrances<\/strong> and <strong>flavors<\/strong>. For example, prolonged exposure to <strong>sweet aromas<\/strong> in an <strong>eliquid<\/strong> can lead to a temporary reduction in the ability to perceive the nuances of <strong>food products<\/strong>, particularly bitter and acidic tastes. This is why some <strong>vapers<\/strong> experience fluctuations in their taste sensations, depending on the <strong>nicotine<\/strong> <strong>levels<\/strong> and <strong>molecules<\/strong> present in the <strong>liquids<\/strong> they consume.  <\/p>\n\n<div style=\"height:25px\" aria-hidden=\"true\" class=\"wp-block-spacer\"><\/div>\n\n<p class=\"has-cyan-bluish-gray-background-color has-background\">You may also be interested in this article:<a href=\"https:\/\/www.mylasertabac.com\/en\/join-the-laser-anti-tabac-franchise-and-benefit-from-a-profitable-turnkey-concept\/\"> <mark style=\"background-color:rgba(0, 0, 0, 0)\" class=\"has-inline-color has-luminous-vivid-orange-color\">Join the laser Anti-Tabac franchise and benefit from a profitable turnkey concept<\/mark><\/a><\/p>\n\n<div style=\"height:35px\" aria-hidden=\"true\" class=\"wp-block-spacer\"><\/div>\n\n<h3 class=\"wp-block-heading\"><strong>\ud83c\udf3f The difference between tobacco smoke and e-liquid vapour<\/strong><\/h3>\n\n<div style=\"height:24px\" aria-hidden=\"true\" class=\"wp-block-spacer\"><\/div>\n\n<p><strong>Tobacco<\/strong> smoke contains a multitude of toxic <strong>molecules<\/strong> that gradually destroy sensory receptors. In comparison, <strong>eliquid<\/strong> <strong>vapor<\/strong> contains no tar, but may cause mild irritation of the mucous membranes due to <strong>propylene glycol<\/strong> and <strong>nicotine<\/strong>. <\/p>\n\n<p>A recent <strong>English study<\/strong> revealed that <strong>vapers<\/strong> experience an improvement in their <strong>sense of smell<\/strong> after just a few <strong>weeks<\/strong>, whereas <strong>smokers<\/strong> take several <strong>years<\/strong> to regain full sensory ability after quitting <strong>.<\/strong><\/p>\n\n<p>However, although <strong>vapor<\/strong> is less harmful than <strong>tobacco<\/strong> smoke, it is not without impact. Certain <strong>products used<\/strong>in <strong>e-liquids<\/strong>, such as <strong>cannabinoids<\/strong> (CBD) and certain <strong>artificial flavors<\/strong>, can alter <strong>flavor<\/strong> perception over the long term. A <strong>study<\/strong> carried out on <strong>vapers<\/strong> showed that excessive use of certain <strong>liquids<\/strong> could alter the sensitivity of the taste buds, reducing the ability to detect even the most subtle <strong>aromatic fragrances<\/strong>.  <\/p>\n\n<div style=\"height:42px\" aria-hidden=\"true\" class=\"wp-block-spacer\"><\/div>\n\n<h3 class=\"wp-block-heading\"><\/h3>\n\n<figure class=\"wp-block-image alignleft size-full is-resized\"><img decoding=\"async\" width=\"1024\" height=\"1024\" src=\"https:\/\/www.mylasertabac.com\/wp-content\/uploads\/2025\/03\/le-cerveau-dun-fumeur.png\" alt=\"\" class=\"wp-image-5220\" style=\"width:420px;height:auto\" srcset=\"https:\/\/www.mylasertabac.com\/wp-content\/uploads\/2025\/03\/le-cerveau-dun-fumeur.png 1024w, https:\/\/www.mylasertabac.com\/wp-content\/uploads\/2025\/03\/le-cerveau-dun-fumeur-300x300.png 300w, https:\/\/www.mylasertabac.com\/wp-content\/uploads\/2025\/03\/le-cerveau-dun-fumeur-150x150.png 150w, https:\/\/www.mylasertabac.com\/wp-content\/uploads\/2025\/03\/le-cerveau-dun-fumeur-768x768.png 768w\" sizes=\"(max-width: 1024px) 100vw, 1024px\" \/><\/figure>\n\n<h3 class=\"wp-block-heading\"><strong>Influence on the brain and sensory memories<\/strong><\/h3>\n\n<p>The<strong>sense of smell<\/strong> plays an essential role in recalling memories and emotions. A familiar <strong>scent<\/strong> can immediately transport someone to their past, awakening childhood memories or significant moments in their life. However, by attenuating olfactory perception, <strong>tobacco<\/strong> limits this sensory and emotional connection, reducing the evocative power of <strong>fragrances<\/strong> and <strong>aromas<\/strong>.  <\/p>\n\n<p><strong>Scientific studies<\/strong> have shown that the substances contained in <strong>tobacco<\/strong> and <strong>e-cigarettes can<\/strong>affect the neurotransmitters involved in the perception of <strong>flavors<\/strong> and <strong>aromas<\/strong>. By disrupting brain function, these <strong>products<\/strong> modify the way sensory <strong>messages<\/strong> are interpreted. As a result, some <strong>smokers<\/strong> and <strong>vapers<\/strong> report changes in their perception of <strong>odors<\/strong> and <strong>flavors<\/strong>, sometimes resulting in totally <strong>blurred<\/strong> or attenuated sensations.  <\/p>\n\n<p>Recovery of full sensory sensitivity depends on many factors, including the <strong>level of<\/strong> exposure to the <strong>molecules<\/strong> in <strong>tobacco<\/strong> or <strong>vape<\/strong> <strong>liquids<\/strong>, and the duration of withdrawal. In some cases, it takes several <strong>years for<\/strong>the brain to relearn how to correctly process olfactory and gustatory <strong>messages<\/strong>. <\/p>\n\n<div style=\"height:59px\" aria-hidden=\"true\" class=\"wp-block-spacer\"><\/div>\n\n<figure class=\"wp-block-embed alignfull is-type-video is-provider-youtube wp-block-embed-youtube wp-embed-aspect-16-9 wp-has-aspect-ratio\"><div class=\"wp-block-embed__wrapper\">\n<iframe title=\"Tu veux arr\u00eater de fumer gr\u00e2ce au Laser de Star Wars ? #tabac #sant\u00e9 #arr\u00eatdutabac #sevragetabagique\" width=\"800\" height=\"450\" src=\"https:\/\/www.youtube.com\/embed\/POa3Whfz2bo?feature=oembed\" frameborder=\"0\" allow=\"accelerometer; autoplay; clipboard-write; encrypted-media; gyroscope; picture-in-picture; web-share\" referrerpolicy=\"strict-origin-when-cross-origin\" allowfullscreen><\/iframe>\n<\/div><\/figure>\n\n<div style=\"height:29px\" aria-hidden=\"true\" class=\"wp-block-spacer\"><\/div>\n\n<p><strong>Conclusion<\/strong><\/p>\n\n<p>Smoking significantly alters the perception of <strong>fragrances<\/strong> and <strong>aromas<\/strong> by damaging sensory receptors, reducing blood flow and causing chronic inflammation of the nasal mucosa. This sensory diminution affects the pleasure of smelling and tasting, impoverishing <strong>smokers<\/strong> &#8216; olfactory and gustatory experiences without them always realizing it. <\/p>\n\n<p>Although less damaging to the<strong>sense of smell<\/strong>, <strong>vaping<\/strong> can also temporarily influence the perception of <strong>flavours<\/strong>, depending on the <strong>aromas<\/strong> and <strong>nicotine<\/strong> <strong>content<\/strong> of <strong>eliquids<\/strong>. By adopting a balanced diet, avoiding irritants and stimulating <strong>the sense of smell<\/strong> with <strong>aromatic fragrances<\/strong>, it is possible to accelerate this sensory recovery.  So freeing yourself from <strong>tobacco<\/strong> and <strong>vaping<\/strong> allows you to fully rediscover a world of <strong>flavors<\/strong> and<strong>aromas<\/strong>, enriching everyday life and improving overall <strong>health<\/strong>.<\/p>\n\n<p>If you want to <a href=\"https:\/\/www.mylasertabac.com\/en\/\">stop smoking<\/a>, visit our website <a href=\"https:\/\/www.mylasertabac.com\/en\/\">https:\/\/www.mylasertabac.com<\/a> and contact one of <a href=\"https:\/\/www.mylasertabac.com\/en\/our-centers\/\">our anti-smoking laser centers<\/a> near you &#8230;<\/p>\n\n<div style=\"height:23px\" aria-hidden=\"true\" class=\"wp-block-spacer\"><\/div>\n\n<h3 class=\"wp-block-heading\">\u2705 The media are talking about Mylasertabac :<\/h3>\n\n<p><a href=\"https:\/\/sinactiv.fr\/blogs\/divers\/arret-tabac-laser\">sinactiv.fr<\/a>, <a href=\"https:\/\/www.naturopat.fr\/comment-arreter-de-fumer-facilement-grace-au-laser\/\">naturopat.fr<\/a>, <a href=\"https:\/\/sante-et-beaute.fr\/pourquoi-arreter-de-fumer-en-2025\/\">sante-et-beaute.fr<\/a>, <a href=\"https:\/\/monparrainsante.com\/pourquoi-arreter-de-fumer-en-2025\/\">monparrainsante.com<\/a><a href=\"https:\/\/www.hypnoandco.com\/arreter-de-fumer-laser\/\">,hypnoandco.com,<\/a><a href=\"https:\/\/l-hexagone.fr\/bien-etre-sante\/pourquoi-arreter-de-fumer-en-2025-est-une-decision-essentielle\/\">l-hexagone.fr<\/a>, <a href=\"https:\/\/www.mondentistechampigny.fr\/soins-dentaires\/effets-tabagisme-dents\/\">mondentistechampigny.fr<\/a>, <a href=\"https:\/\/france-pharmacies.fr\/pourquoi-il-est-important-darreter-de-fumer-en-2025\/\">france-pharmacies.fr<\/a>, <a href=\"https:\/\/www.santeplusmag.com\/111129505-pourquoi-arreter-de-fumer-en-2025-articles-partenaires\/\">santeplusmag.com<\/a>, <a href=\"https:\/\/relaxyo.fr\/pourquoi-arreter-fumer\/\">relaxyo.fr<\/a>, <a href=\"https:\/\/matthieubrillard.fr\/2025\/03\/13\/le-laser-anti-tabac-une-methode-efficace-pour-dire-adieu-a-la-cigarette\/\">matthieubrillard.fr<\/a><\/p>\n\n<div style=\"height:32px\" aria-hidden=\"true\" class=\"wp-block-spacer\"><\/div>\n\n<figure class=\"wp-block-image size-large\"><img decoding=\"async\" src=\"https:\/\/www.mylasertabac.com\/wp-content\/uploads\/\/mlt-verteau.svg\" alt=\"\" class=\"wp-image-13\"\/><\/figure>\n","protected":false},"excerpt":{"rendered":"<p>Tobacco has long been associated with sensory pleasures, especially for those who enjoy the aroma of blond or dark tobacco. However, beyond this misleading perception, tobacco profoundly alters olfactory and gustatory sensitivity. Many smokers find that their ability to detect fragrances and aromas diminishes over time, making their sensory experience far poorer than they imagine. [&hellip;]<\/p>\n","protected":false},"author":2,"featured_media":5232,"comment_status":"closed","ping_status":"open","sticky":false,"template":"","format":"standard","meta":{"inline_featured_image":false,"footnotes":""},"categories":[150],"tags":[],"class_list":["post-6292","post","type-post","status-publish","format-standard","has-post-thumbnail","hentry","category-health"],"yoast_head":"<!-- This site is optimized with the Yoast SEO plugin v27.5 - https:\/\/yoast.com\/product\/yoast-seo-wordpress\/ -->\n<title>Does smoking alter the perception of fragrances and aromas? - My Laser Tabac<\/title>\n<meta name=\"description\" content=\"Discover how tobacco alters your perception of fragrances and aromas, and why smokers experience flavors differently.\" \/>\n<meta name=\"robots\" content=\"index, follow, max-snippet:-1, max-image-preview:large, max-video-preview:-1\" \/>\n<link rel=\"canonical\" href=\"https:\/\/www.mylasertabac.com\/en\/does-smoking-alter-the-perception-of-fragrances-and-aromas\/\" \/>\n<meta property=\"og:locale\" content=\"en_US\" \/>\n<meta property=\"og:type\" content=\"article\" \/>\n<meta property=\"og:title\" content=\"Does smoking alter the perception of fragrances and aromas? - My Laser Tabac\" \/>\n<meta property=\"og:description\" content=\"Discover how tobacco alters your perception of fragrances and aromas, and why smokers experience flavors differently.\" \/>\n<meta property=\"og:url\" content=\"https:\/\/www.mylasertabac.com\/en\/does-smoking-alter-the-perception-of-fragrances-and-aromas\/\" \/>\n<meta property=\"og:site_name\" content=\"My Laser Tabac\" \/>\n<meta property=\"article:author\" content=\"https:\/\/www.facebook.com\/profile.php?id=61571554707319\" \/>\n<meta property=\"article:published_time\" content=\"2025-03-18T12:52:49+00:00\" \/>\n<meta property=\"article:modified_time\" content=\"2025-04-08T12:07:36+00:00\" \/>\n<meta property=\"og:image\" content=\"https:\/\/www.mylasertabac.com\/wp-content\/uploads\/2025\/03\/perte-dodorat-pour-les-fumeurs.png\" \/>\n\t<meta property=\"og:image:width\" content=\"800\" \/>\n\t<meta property=\"og:image:height\" content=\"800\" \/>\n\t<meta property=\"og:image:type\" content=\"image\/png\" \/>\n<meta name=\"author\" content=\"Florian Fortes\" \/>\n<meta name=\"twitter:card\" content=\"summary_large_image\" \/>\n<meta name=\"twitter:label1\" content=\"Written by\" \/>\n\t<meta name=\"twitter:data1\" content=\"Florian Fortes\" \/>\n\t<meta name=\"twitter:label2\" content=\"Est. reading time\" \/>\n\t<meta name=\"twitter:data2\" content=\"7 minutes\" \/>\n<script type=\"application\/ld+json\" class=\"yoast-schema-graph\">{\"@context\":\"https:\\\/\\\/schema.org\",\"@graph\":[{\"@type\":\"Article\",\"@id\":\"https:\\\/\\\/www.mylasertabac.com\\\/en\\\/does-smoking-alter-the-perception-of-fragrances-and-aromas\\\/#article\",\"isPartOf\":{\"@id\":\"https:\\\/\\\/www.mylasertabac.com\\\/en\\\/does-smoking-alter-the-perception-of-fragrances-and-aromas\\\/\"},\"author\":{\"name\":\"Florian Fortes\",\"@id\":\"https:\\\/\\\/www.mylasertabac.com\\\/en\\\/#\\\/schema\\\/person\\\/02c249cb76d912efb6c315ec23eccdf3\"},\"headline\":\"Does smoking alter the perception of fragrances and aromas?\",\"datePublished\":\"2025-03-18T12:52:49+00:00\",\"dateModified\":\"2025-04-08T12:07:36+00:00\",\"mainEntityOfPage\":{\"@id\":\"https:\\\/\\\/www.mylasertabac.com\\\/en\\\/does-smoking-alter-the-perception-of-fragrances-and-aromas\\\/\"},\"wordCount\":1346,\"publisher\":{\"@id\":\"https:\\\/\\\/www.mylasertabac.com\\\/en\\\/#organization\"},\"image\":{\"@id\":\"https:\\\/\\\/www.mylasertabac.com\\\/en\\\/does-smoking-alter-the-perception-of-fragrances-and-aromas\\\/#primaryimage\"},\"thumbnailUrl\":\"https:\\\/\\\/www.mylasertabac.com\\\/wp-content\\\/uploads\\\/2025\\\/03\\\/perte-dodorat-pour-les-fumeurs.png\",\"articleSection\":[\"Health\"],\"inLanguage\":\"en-US\"},{\"@type\":\"WebPage\",\"@id\":\"https:\\\/\\\/www.mylasertabac.com\\\/en\\\/does-smoking-alter-the-perception-of-fragrances-and-aromas\\\/\",\"url\":\"https:\\\/\\\/www.mylasertabac.com\\\/en\\\/does-smoking-alter-the-perception-of-fragrances-and-aromas\\\/\",\"name\":\"Does smoking alter the perception of fragrances and aromas? - My Laser Tabac\",\"isPartOf\":{\"@id\":\"https:\\\/\\\/www.mylasertabac.com\\\/en\\\/#website\"},\"primaryImageOfPage\":{\"@id\":\"https:\\\/\\\/www.mylasertabac.com\\\/en\\\/does-smoking-alter-the-perception-of-fragrances-and-aromas\\\/#primaryimage\"},\"image\":{\"@id\":\"https:\\\/\\\/www.mylasertabac.com\\\/en\\\/does-smoking-alter-the-perception-of-fragrances-and-aromas\\\/#primaryimage\"},\"thumbnailUrl\":\"https:\\\/\\\/www.mylasertabac.com\\\/wp-content\\\/uploads\\\/2025\\\/03\\\/perte-dodorat-pour-les-fumeurs.png\",\"datePublished\":\"2025-03-18T12:52:49+00:00\",\"dateModified\":\"2025-04-08T12:07:36+00:00\",\"description\":\"Discover how tobacco alters your perception of fragrances and aromas, and why smokers experience flavors differently.\",\"breadcrumb\":{\"@id\":\"https:\\\/\\\/www.mylasertabac.com\\\/en\\\/does-smoking-alter-the-perception-of-fragrances-and-aromas\\\/#breadcrumb\"},\"inLanguage\":\"en-US\",\"potentialAction\":[{\"@type\":\"ReadAction\",\"target\":[\"https:\\\/\\\/www.mylasertabac.com\\\/en\\\/does-smoking-alter-the-perception-of-fragrances-and-aromas\\\/\"]}]},{\"@type\":\"ImageObject\",\"inLanguage\":\"en-US\",\"@id\":\"https:\\\/\\\/www.mylasertabac.com\\\/en\\\/does-smoking-alter-the-perception-of-fragrances-and-aromas\\\/#primaryimage\",\"url\":\"https:\\\/\\\/www.mylasertabac.com\\\/wp-content\\\/uploads\\\/2025\\\/03\\\/perte-dodorat-pour-les-fumeurs.png\",\"contentUrl\":\"https:\\\/\\\/www.mylasertabac.com\\\/wp-content\\\/uploads\\\/2025\\\/03\\\/perte-dodorat-pour-les-fumeurs.png\",\"width\":1024,\"height\":1024},{\"@type\":\"BreadcrumbList\",\"@id\":\"https:\\\/\\\/www.mylasertabac.com\\\/en\\\/does-smoking-alter-the-perception-of-fragrances-and-aromas\\\/#breadcrumb\",\"itemListElement\":[{\"@type\":\"ListItem\",\"position\":1,\"name\":\"Accueil\",\"item\":\"https:\\\/\\\/www.mylasertabac.com\\\/en\\\/home\\\/\"},{\"@type\":\"ListItem\",\"position\":2,\"name\":\"Does smoking alter the perception of fragrances and aromas?\"}]},{\"@type\":\"WebSite\",\"@id\":\"https:\\\/\\\/www.mylasertabac.com\\\/en\\\/#website\",\"url\":\"https:\\\/\\\/www.mylasertabac.com\\\/en\\\/\",\"name\":\"My Laser Tabac\",\"description\":\"La solution laser qui transforme les fumeurs en ex-fumeurs\",\"publisher\":{\"@id\":\"https:\\\/\\\/www.mylasertabac.com\\\/en\\\/#organization\"},\"potentialAction\":[{\"@type\":\"SearchAction\",\"target\":{\"@type\":\"EntryPoint\",\"urlTemplate\":\"https:\\\/\\\/www.mylasertabac.com\\\/en\\\/?s={search_term_string}\"},\"query-input\":{\"@type\":\"PropertyValueSpecification\",\"valueRequired\":true,\"valueName\":\"search_term_string\"}}],\"inLanguage\":\"en-US\"},{\"@type\":\"Organization\",\"@id\":\"https:\\\/\\\/www.mylasertabac.com\\\/en\\\/#organization\",\"name\":\"My Laser Tabac\",\"url\":\"https:\\\/\\\/www.mylasertabac.com\\\/en\\\/\",\"logo\":{\"@type\":\"ImageObject\",\"inLanguage\":\"en-US\",\"@id\":\"https:\\\/\\\/www.mylasertabac.com\\\/en\\\/#\\\/schema\\\/logo\\\/image\\\/\",\"url\":\"https:\\\/\\\/www.mylasertabac.com\\\/wp-content\\\/uploads\\\/2024\\\/12\\\/mlt-verteau.svg\",\"contentUrl\":\"https:\\\/\\\/www.mylasertabac.com\\\/wp-content\\\/uploads\\\/2024\\\/12\\\/mlt-verteau.svg\",\"caption\":\"My Laser Tabac\"},\"image\":{\"@id\":\"https:\\\/\\\/www.mylasertabac.com\\\/en\\\/#\\\/schema\\\/logo\\\/image\\\/\"}},{\"@type\":\"Person\",\"@id\":\"https:\\\/\\\/www.mylasertabac.com\\\/en\\\/#\\\/schema\\\/person\\\/02c249cb76d912efb6c315ec23eccdf3\",\"name\":\"Florian Fortes\",\"image\":{\"@type\":\"ImageObject\",\"inLanguage\":\"en-US\",\"@id\":\"https:\\\/\\\/www.mylasertabac.com\\\/wp-content\\\/litespeed\\\/avatar\\\/142101a71d7b9e6490c1120d9c109a67.jpg?ver=1777461116\",\"url\":\"https:\\\/\\\/www.mylasertabac.com\\\/wp-content\\\/litespeed\\\/avatar\\\/142101a71d7b9e6490c1120d9c109a67.jpg?ver=1777461116\",\"contentUrl\":\"https:\\\/\\\/www.mylasertabac.com\\\/wp-content\\\/litespeed\\\/avatar\\\/142101a71d7b9e6490c1120d9c109a67.jpg?ver=1777461116\",\"caption\":\"Florian Fortes\"},\"sameAs\":[\"https:\\\/\\\/www.mylasertabac.com\",\"https:\\\/\\\/www.facebook.com\\\/profile.php?id=61571554707319\"],\"url\":\"https:\\\/\\\/www.mylasertabac.com\\\/en\\\/author\\\/florianfortes5312\\\/\"}]}<\/script>\n<!-- \/ Yoast SEO plugin. -->","yoast_head_json":{"title":"Does smoking alter the perception of fragrances and aromas? - My Laser Tabac","description":"Discover how tobacco alters your perception of fragrances and aromas, and why smokers experience flavors differently.","robots":{"index":"index","follow":"follow","max-snippet":"max-snippet:-1","max-image-preview":"max-image-preview:large","max-video-preview":"max-video-preview:-1"},"canonical":"https:\/\/www.mylasertabac.com\/en\/does-smoking-alter-the-perception-of-fragrances-and-aromas\/","og_locale":"en_US","og_type":"article","og_title":"Does smoking alter the perception of fragrances and aromas? - My Laser Tabac","og_description":"Discover how tobacco alters your perception of fragrances and aromas, and why smokers experience flavors differently.","og_url":"https:\/\/www.mylasertabac.com\/en\/does-smoking-alter-the-perception-of-fragrances-and-aromas\/","og_site_name":"My Laser Tabac","article_author":"https:\/\/www.facebook.com\/profile.php?id=61571554707319","article_published_time":"2025-03-18T12:52:49+00:00","article_modified_time":"2025-04-08T12:07:36+00:00","og_image":[{"url":"https:\/\/www.mylasertabac.com\/wp-content\/uploads\/2025\/03\/perte-dodorat-pour-les-fumeurs.png","width":800,"height":800,"type":"image\/png"}],"author":"Florian Fortes","twitter_card":"summary_large_image","twitter_misc":{"Written by":"Florian Fortes","Est. reading time":"7 minutes"},"schema":{"@context":"https:\/\/schema.org","@graph":[{"@type":"Article","@id":"https:\/\/www.mylasertabac.com\/en\/does-smoking-alter-the-perception-of-fragrances-and-aromas\/#article","isPartOf":{"@id":"https:\/\/www.mylasertabac.com\/en\/does-smoking-alter-the-perception-of-fragrances-and-aromas\/"},"author":{"name":"Florian Fortes","@id":"https:\/\/www.mylasertabac.com\/en\/#\/schema\/person\/02c249cb76d912efb6c315ec23eccdf3"},"headline":"Does smoking alter the perception of fragrances and aromas?","datePublished":"2025-03-18T12:52:49+00:00","dateModified":"2025-04-08T12:07:36+00:00","mainEntityOfPage":{"@id":"https:\/\/www.mylasertabac.com\/en\/does-smoking-alter-the-perception-of-fragrances-and-aromas\/"},"wordCount":1346,"publisher":{"@id":"https:\/\/www.mylasertabac.com\/en\/#organization"},"image":{"@id":"https:\/\/www.mylasertabac.com\/en\/does-smoking-alter-the-perception-of-fragrances-and-aromas\/#primaryimage"},"thumbnailUrl":"https:\/\/www.mylasertabac.com\/wp-content\/uploads\/2025\/03\/perte-dodorat-pour-les-fumeurs.png","articleSection":["Health"],"inLanguage":"en-US"},{"@type":"WebPage","@id":"https:\/\/www.mylasertabac.com\/en\/does-smoking-alter-the-perception-of-fragrances-and-aromas\/","url":"https:\/\/www.mylasertabac.com\/en\/does-smoking-alter-the-perception-of-fragrances-and-aromas\/","name":"Does smoking alter the perception of fragrances and aromas? - My Laser Tabac","isPartOf":{"@id":"https:\/\/www.mylasertabac.com\/en\/#website"},"primaryImageOfPage":{"@id":"https:\/\/www.mylasertabac.com\/en\/does-smoking-alter-the-perception-of-fragrances-and-aromas\/#primaryimage"},"image":{"@id":"https:\/\/www.mylasertabac.com\/en\/does-smoking-alter-the-perception-of-fragrances-and-aromas\/#primaryimage"},"thumbnailUrl":"https:\/\/www.mylasertabac.com\/wp-content\/uploads\/2025\/03\/perte-dodorat-pour-les-fumeurs.png","datePublished":"2025-03-18T12:52:49+00:00","dateModified":"2025-04-08T12:07:36+00:00","description":"Discover how tobacco alters your perception of fragrances and aromas, and why smokers experience flavors differently.","breadcrumb":{"@id":"https:\/\/www.mylasertabac.com\/en\/does-smoking-alter-the-perception-of-fragrances-and-aromas\/#breadcrumb"},"inLanguage":"en-US","potentialAction":[{"@type":"ReadAction","target":["https:\/\/www.mylasertabac.com\/en\/does-smoking-alter-the-perception-of-fragrances-and-aromas\/"]}]},{"@type":"ImageObject","inLanguage":"en-US","@id":"https:\/\/www.mylasertabac.com\/en\/does-smoking-alter-the-perception-of-fragrances-and-aromas\/#primaryimage","url":"https:\/\/www.mylasertabac.com\/wp-content\/uploads\/2025\/03\/perte-dodorat-pour-les-fumeurs.png","contentUrl":"https:\/\/www.mylasertabac.com\/wp-content\/uploads\/2025\/03\/perte-dodorat-pour-les-fumeurs.png","width":1024,"height":1024},{"@type":"BreadcrumbList","@id":"https:\/\/www.mylasertabac.com\/en\/does-smoking-alter-the-perception-of-fragrances-and-aromas\/#breadcrumb","itemListElement":[{"@type":"ListItem","position":1,"name":"Accueil","item":"https:\/\/www.mylasertabac.com\/en\/home\/"},{"@type":"ListItem","position":2,"name":"Does smoking alter the perception of fragrances and aromas?"}]},{"@type":"WebSite","@id":"https:\/\/www.mylasertabac.com\/en\/#website","url":"https:\/\/www.mylasertabac.com\/en\/","name":"My Laser Tabac","description":"La solution laser qui transforme les fumeurs en ex-fumeurs","publisher":{"@id":"https:\/\/www.mylasertabac.com\/en\/#organization"},"potentialAction":[{"@type":"SearchAction","target":{"@type":"EntryPoint","urlTemplate":"https:\/\/www.mylasertabac.com\/en\/?s={search_term_string}"},"query-input":{"@type":"PropertyValueSpecification","valueRequired":true,"valueName":"search_term_string"}}],"inLanguage":"en-US"},{"@type":"Organization","@id":"https:\/\/www.mylasertabac.com\/en\/#organization","name":"My Laser Tabac","url":"https:\/\/www.mylasertabac.com\/en\/","logo":{"@type":"ImageObject","inLanguage":"en-US","@id":"https:\/\/www.mylasertabac.com\/en\/#\/schema\/logo\/image\/","url":"https:\/\/www.mylasertabac.com\/wp-content\/uploads\/2024\/12\/mlt-verteau.svg","contentUrl":"https:\/\/www.mylasertabac.com\/wp-content\/uploads\/2024\/12\/mlt-verteau.svg","caption":"My Laser Tabac"},"image":{"@id":"https:\/\/www.mylasertabac.com\/en\/#\/schema\/logo\/image\/"}},{"@type":"Person","@id":"https:\/\/www.mylasertabac.com\/en\/#\/schema\/person\/02c249cb76d912efb6c315ec23eccdf3","name":"Florian Fortes","image":{"@type":"ImageObject","inLanguage":"en-US","@id":"https:\/\/www.mylasertabac.com\/wp-content\/litespeed\/avatar\/142101a71d7b9e6490c1120d9c109a67.jpg?ver=1777461116","url":"https:\/\/www.mylasertabac.com\/wp-content\/litespeed\/avatar\/142101a71d7b9e6490c1120d9c109a67.jpg?ver=1777461116","contentUrl":"https:\/\/www.mylasertabac.com\/wp-content\/litespeed\/avatar\/142101a71d7b9e6490c1120d9c109a67.jpg?ver=1777461116","caption":"Florian Fortes"},"sameAs":["https:\/\/www.mylasertabac.com","https:\/\/www.facebook.com\/profile.php?id=61571554707319"],"url":"https:\/\/www.mylasertabac.com\/en\/author\/florianfortes5312\/"}]}},"_links":{"self":[{"href":"https:\/\/www.mylasertabac.com\/en\/wp-json\/wp\/v2\/posts\/6292","targetHints":{"allow":["GET"]}}],"collection":[{"href":"https:\/\/www.mylasertabac.com\/en\/wp-json\/wp\/v2\/posts"}],"about":[{"href":"https:\/\/www.mylasertabac.com\/en\/wp-json\/wp\/v2\/types\/post"}],"author":[{"embeddable":true,"href":"https:\/\/www.mylasertabac.com\/en\/wp-json\/wp\/v2\/users\/2"}],"replies":[{"embeddable":true,"href":"https:\/\/www.mylasertabac.com\/en\/wp-json\/wp\/v2\/comments?post=6292"}],"version-history":[{"count":3,"href":"https:\/\/www.mylasertabac.com\/en\/wp-json\/wp\/v2\/posts\/6292\/revisions"}],"predecessor-version":[{"id":6812,"href":"https:\/\/www.mylasertabac.com\/en\/wp-json\/wp\/v2\/posts\/6292\/revisions\/6812"}],"wp:featuredmedia":[{"embeddable":true,"href":"https:\/\/www.mylasertabac.com\/en\/wp-json\/wp\/v2\/media\/5232"}],"wp:attachment":[{"href":"https:\/\/www.mylasertabac.com\/en\/wp-json\/wp\/v2\/media?parent=6292"}],"wp:term":[{"taxonomy":"category","embeddable":true,"href":"https:\/\/www.mylasertabac.com\/en\/wp-json\/wp\/v2\/categories?post=6292"},{"taxonomy":"post_tag","embeddable":true,"href":"https:\/\/www.mylasertabac.com\/en\/wp-json\/wp\/v2\/tags?post=6292"}],"curies":[{"name":"wp","href":"https:\/\/api.w.org\/{rel}","templated":true}]}}