{"id":11346,"date":"2025-07-20T18:22:52","date_gmt":"2025-07-20T16:22:52","guid":{"rendered":"https:\/\/www.mylasertabac.com\/%f0%9f%92%b8-precios-de-los-paquetes-de-cigarrillos-en-europa-en-julio-de-2025-una-comparacion-pais-por-pais\/"},"modified":"2025-10-09T12:38:50","modified_gmt":"2025-10-09T10:38:50","slug":"%f0%9f%92%b8-precios-de-los-paquetes-de-cigarrillos-en-europa-en-julio-de-2025-una-comparacion-pais-por-pais","status":"publish","type":"post","link":"https:\/\/www.mylasertabac.com\/es\/%f0%9f%92%b8-precios-de-los-paquetes-de-cigarrillos-en-europa-en-julio-de-2025-una-comparacion-pais-por-pais\/","title":{"rendered":"\ud83d\udcb8 Precios de los paquetes de cigarrillos en Europa en noviembre de 2025: la gran comparaci\u00f3n por pa\u00edses"},"content":{"rendered":"\n<div style=\"height:20px\" aria-hidden=\"true\" class=\"wp-block-spacer\"><\/div>\n\n<p><strong>Fumar es caro. Muy caro. <\/strong>  Pero el precio de un paquete var\u00eda mucho de un pa\u00eds europeo a otro. En julio de 2025, \u00a1las diferencias de precio entre Europa Occidental y Oriental eran a veces de hasta <strong>10 euros<\/strong> por la misma marca! Aqu\u00ed tienes un estudio completo, <strong>marca por marca y pa\u00eds por pa\u00eds<\/strong>, para responder a la pregunta:  <\/p>\n\n<blockquote class=\"wp-block-quote is-layout-flow wp-block-quote-is-layout-flow\">\n<p><strong>\ud83d\udd0d \u00ab\u00bfCu\u00e1nto cuesta un paquete de cigarrillos Marlboro, Lucky Strike, Winston, Gitanes o Camel seg\u00fan el pa\u00eds de Europa?\u00bb<\/strong><\/p>\n\n\n\n<div style=\"height:30px\" aria-hidden=\"true\" class=\"wp-block-spacer\"><\/div>\n<\/blockquote>\n\n<figure class=\"wp-block-image alignleft size-large is-resized\"><a href=\"https:\/\/www.mylasertabac.com\/es\/nuestros-centros\/\"><img fetchpriority=\"high\" decoding=\"async\" width=\"1024\" height=\"668\" src=\"https:\/\/www.mylasertabac.com\/wp-content\/uploads\/2025\/08\/tu-veux-arreter-de-fumer-Clique-ici--1024x668.jpg\" alt=\"\" class=\"wp-image-13752\" style=\"width:458px;height:auto\" srcset=\"https:\/\/www.mylasertabac.com\/wp-content\/uploads\/2025\/08\/tu-veux-arreter-de-fumer-Clique-ici--1024x668.jpg 1024w, https:\/\/www.mylasertabac.com\/wp-content\/uploads\/2025\/08\/tu-veux-arreter-de-fumer-Clique-ici--300x196.jpg 300w, https:\/\/www.mylasertabac.com\/wp-content\/uploads\/2025\/08\/tu-veux-arreter-de-fumer-Clique-ici--768x501.jpg 768w, https:\/\/www.mylasertabac.com\/wp-content\/uploads\/2025\/08\/tu-veux-arreter-de-fumer-Clique-ici-.jpg 1206w\" sizes=\"(max-width: 1024px) 100vw, 1024px\" \/><\/a><\/figure>\n\n<h2 class=\"wp-block-heading\">\ud83d\udeac Un recordatorio r\u00e1pido sobre la salud p\u00fablica<\/h2>\n\n<blockquote class=\"wp-block-quote is-layout-flow wp-block-quote-is-layout-flow\">\n<p>\u26a0\ufe0f <strong>El consumo de tabaco es peligroso para tu salud.<\/strong><br\/>Es la <strong>primera causa de muerte evitable<\/strong> en el mundo, y es responsable de enfermedades cardiovasculares, respiratorias y c\u00e1ncer.<\/p>\n\n\n\n<div style=\"height:35px\" aria-hidden=\"true\" class=\"wp-block-spacer\"><\/div>\n<\/blockquote>\n\n<h2 class=\"wp-block-heading\">\ud83e\udde0 \u00bfPor qu\u00e9 somos tan adictos a los cigarrillos?<\/h2>\n\n<div style=\"height:20px\" aria-hidden=\"true\" class=\"wp-block-spacer\"><\/div>\n\n<p>La adicci\u00f3n al tabaco procede principalmente de la <strong>nicotina<\/strong>, una sustancia psicotr\u00f3pica que act\u00faa en el cerebro <strong>generando un r\u00e1pido efecto de recompensa<\/strong>. Act\u00faa en cuesti\u00f3n de segundos, aliviando el estr\u00e9s, el aburrimiento o la tensi\u00f3n&#8230; pero creando una fuerte dependencia f\u00edsica y psicol\u00f3gica. La repetici\u00f3n del acto y las rutinas sociales (pausas, caf\u00e9, aperitivos) refuerzan este c\u00edrculo vicioso.  <\/p>\n\n<div style=\"height:20px\" aria-hidden=\"true\" class=\"wp-block-spacer\"><\/div>\n\n<h2 class=\"wp-block-heading\">\ud83c\udf0d La tabla completa de precios de los cigarrillos m\u00e1s vendidos en noviembre de 2025 (por paquete de 20)<\/h2>\n\n<div style=\"height:20px\" aria-hidden=\"true\" class=\"wp-block-spacer\"><\/div>\n\n<figure class=\"wp-block-table\"><table class=\"has-fixed-layout\"><thead><tr><th>Pa\u00eds<\/th><th>Marlboro (\u20ac)<\/th><th>Lucky Strike (\u20ac)<\/th><th>Winston (\u20ac)<\/th><th>Gitanes\/Gauloises (\u20ac)<\/th><th>Kamen (\u20ac)<\/th><\/tr><\/thead><tbody><tr><td>Francia<\/td><td>12,50<\/td><td>11,80<\/td><td>11,90<\/td><td>11,70<\/td><td>10,60<\/td><\/tr><tr><td>Alemania<\/td><td>8,20<\/td><td>7,90<\/td><td>7,80<\/td><td>7,50<\/td><td>6,90<\/td><\/tr><tr><td>Espa\u00f1a<\/td><td>5,30<\/td><td>4,95<\/td><td>5,00<\/td><td>4,80<\/td><td>4,60<\/td><\/tr><tr><td>Italia<\/td><td>6,20<\/td><td>5,90<\/td><td>5,85<\/td><td>5,70<\/td><td>5,50<\/td><\/tr><tr><td>B\u00e9lgica<\/td><td>9,90<\/td><td>9,50<\/td><td>9,40<\/td><td>9,20<\/td><td>8,80<\/td><\/tr><tr><td>Pa\u00edses Bajos<\/td><td>11,00<\/td><td>10,40<\/td><td>10,30<\/td><td>10,10<\/td><td>9,60<\/td><\/tr><tr><td>Portugal<\/td><td>6,00<\/td><td>5,60<\/td><td>5,55<\/td><td>5,40<\/td><td>5,10<\/td><\/tr><tr><td>Suiza<\/td><td>9,30<\/td><td>8,90<\/td><td>8,70<\/td><td>8,50<\/td><td>8,10<\/td><\/tr><tr><td>Austria<\/td><td>7,90<\/td><td>7,50<\/td><td>7,40<\/td><td>7,30<\/td><td>7,00<\/td><\/tr><tr><td>Irlanda<\/td><td><strong>15,60<\/strong><\/td><td>14,90<\/td><td>14,80<\/td><td>14,60<\/td><td>13,90<\/td><\/tr><tr><td>Reino Unido<\/td><td><strong>17,80<\/strong><\/td><td>16,90<\/td><td>16,80<\/td><td>16,50<\/td><td>15,90<\/td><\/tr><tr><td>Luxemburgo<\/td><td>5,80<\/td><td>5,40<\/td><td>5,35<\/td><td>5,20<\/td><td>4,90<\/td><\/tr><tr><td>Suecia<\/td><td>7,20<\/td><td>6,80<\/td><td>6,70<\/td><td>6,60<\/td><td>6,20<\/td><\/tr><tr><td>Noruega<\/td><td>13,90<\/td><td>13,10<\/td><td>13,00<\/td><td>12,80<\/td><td>12,00<\/td><\/tr><tr><td>Dinamarca<\/td><td>10,70<\/td><td>10,10<\/td><td>9,95<\/td><td>9,80<\/td><td>9,20<\/td><\/tr><tr><td>Finlandia<\/td><td>10,30<\/td><td>9,80<\/td><td>9,70<\/td><td>9,60<\/td><td>9,00<\/td><\/tr><tr><td>Grecia<\/td><td>5,40<\/td><td>5,10<\/td><td>5,00<\/td><td>4,90<\/td><td>4,70<\/td><\/tr><tr><td>Polonia<\/td><td>4,60<\/td><td>4,30<\/td><td>4,20<\/td><td>4,10<\/td><td>3,90<\/td><\/tr><tr><td>Ruman\u00eda<\/td><td>4,70<\/td><td>4,30<\/td><td>4,25<\/td><td>4,10<\/td><td>3,95<\/td><\/tr><tr><td>Bulgaria<\/td><td>3,80<\/td><td>3,50<\/td><td>3,45<\/td><td>3,30<\/td><td>3,10<\/td><\/tr><tr><td>Hungr\u00eda<\/td><td>5,10<\/td><td>4,80<\/td><td>4,75<\/td><td>4,60<\/td><td>4,40<\/td><\/tr><tr><td>Eslovaquia<\/td><td>4,90<\/td><td>4,60<\/td><td>4,50<\/td><td>4,40<\/td><td>4,20<\/td><\/tr><tr><td>Eslovenia<\/td><td>5,30<\/td><td>5,00<\/td><td>4,95<\/td><td>4,80<\/td><td>4,60<\/td><\/tr><tr><td>Croacia<\/td><td>4,80<\/td><td>4,50<\/td><td>4,40<\/td><td>4,30<\/td><td>4,10<\/td><\/tr><tr><td>Rep\u00fablica Checa<\/td><td>4,70<\/td><td>4,40<\/td><td>4,30<\/td><td>4,20<\/td><td>4,00<\/td><\/tr><tr><td>Estonia<\/td><td>5,20<\/td><td>4,80<\/td><td>4,70<\/td><td>4,60<\/td><td>4,30<\/td><\/tr><tr><td>Letonia<\/td><td>4,90<\/td><td>4,60<\/td><td>4,50<\/td><td>4,40<\/td><td>4,10<\/td><\/tr><tr><td>Lituania<\/td><td>4,80<\/td><td>4,50<\/td><td>4,40<\/td><td>4,30<\/td><td>4,00<\/td><\/tr><\/tbody><\/table><\/figure>\n\n<blockquote class=\"wp-block-quote is-layout-flow wp-block-quote-is-layout-flow\">\n<p>\ud83d\udcca <strong>Media europea para todas las marcas: unos 7,30 euros\/paquete<\/strong><\/p>\n<\/blockquote>\n\n<div style=\"height:43px\" aria-hidden=\"true\" class=\"wp-block-spacer\"><\/div>\n\n<blockquote class=\"wp-block-quote is-layout-flow wp-block-quote-is-layout-flow\">\n<p><\/p>\n<\/blockquote>\n\n<figure class=\"wp-block-image alignleft size-large is-resized\"><img decoding=\"async\" width=\"1024\" height=\"683\" src=\"https:\/\/www.mylasertabac.com\/wp-content\/uploads\/2025\/07\/quel-est-le-prix-dun-paquet-de-cigarette-en-fonction-des-pays-deurope-1024x683.png\" alt=\"\" class=\"wp-image-11328\" style=\"width:352px;height:auto\" srcset=\"https:\/\/www.mylasertabac.com\/wp-content\/uploads\/2025\/07\/quel-est-le-prix-dun-paquet-de-cigarette-en-fonction-des-pays-deurope-1024x683.png 1024w, https:\/\/www.mylasertabac.com\/wp-content\/uploads\/2025\/07\/quel-est-le-prix-dun-paquet-de-cigarette-en-fonction-des-pays-deurope-300x200.png 300w, https:\/\/www.mylasertabac.com\/wp-content\/uploads\/2025\/07\/quel-est-le-prix-dun-paquet-de-cigarette-en-fonction-des-pays-deurope-768x512.png 768w, https:\/\/www.mylasertabac.com\/wp-content\/uploads\/2025\/07\/quel-est-le-prix-dun-paquet-de-cigarette-en-fonction-des-pays-deurope-1536x1024.png 1536w, https:\/\/www.mylasertabac.com\/wp-content\/uploads\/2025\/07\/quel-est-le-prix-dun-paquet-de-cigarette-en-fonction-des-pays-deurope-2048x1366.png 2048w\" sizes=\"(max-width: 1024px) 100vw, 1024px\" \/><\/figure>\n\n<h2 class=\"wp-block-heading\">\ud83d\udd25 Los 5 pa\u00edses donde fumar costar\u00e1 m\u00e1s en Europa en 2025<\/h2>\n\n<ol class=\"wp-block-list\">\n<li>\ud83c\uddec\ud83c\udde7 <strong>Reino Unido<\/strong> &#8211; \u00a1Hasta 17,80 \u20ac el paquete!<\/li>\n\n\n\n<li>\ud83c\uddee\ud83c\uddea <strong>Irlanda<\/strong> &#8211; M\u00e1s de 15<\/li>\n\n\n\n<li>\ud83c\uddeb\ud83c\uddf7 <strong>Francia<\/strong> &#8211; Hasta 12,50<\/li>\n\n\n\n<li>\ud83c\uddf3\ud83c\uddf4 <strong>Noruega<\/strong> &#8211; 13,90 \u20ac (no UE)<\/li>\n\n\n\n<li>\ud83c\uddf3\ud83c\uddf1 <strong>Pa\u00edses Bajos<\/strong> &#8211; Aprox. 11<\/li>\n<\/ol>\n\n<div style=\"height:43px\" aria-hidden=\"true\" class=\"wp-block-spacer\"><\/div>\n\n<hr class=\"wp-block-separator has-alpha-channel-opacity\"\/>\n\n<h2 class=\"wp-block-heading\">\ud83d\udcb0 Y aquellos en los que sigue siendo \u00abasequible\u00bb (pero perjudicial)&#8230;<\/h2>\n\n<div style=\"height:20px\" aria-hidden=\"true\" class=\"wp-block-spacer\"><\/div>\n\n<ul class=\"wp-block-list\">\n<li>\ud83c\udde7\ud83c\uddec <strong>Bulgaria<\/strong>: ~3,80<\/li>\n\n\n\n<li>\ud83c\uddf7\ud83c\uddf4 <strong>Ruman\u00eda<\/strong>: ~4,30<\/li>\n\n\n\n<li>\ud83c\uddf5\ud83c\uddf1 <strong>Polonia<\/strong>: ~4,60<\/li>\n\n\n\n<li>\ud83c\udde8\ud83c\uddff <strong>Rep\u00fablica Checa<\/strong>: ~4,30<\/li>\n\n\n\n<li>\ud83c\udded\ud83c\uddfa <strong>Hungr\u00eda<\/strong>: ~4,75<\/li>\n<\/ul>\n\n<div style=\"height:26px\" aria-hidden=\"true\" class=\"wp-block-spacer\"><\/div>\n\n<p class=\"has-cyan-bluish-gray-background-color has-background\">Lee tambi\u00e9n : <a href=\"https:\/\/www.mylasertabac.com\/es\/\">\n  <mark style=\"background-color:rgba(0, 0, 0, 0)\" class=\"has-inline-color has-luminous-vivid-orange-color\">Si quieres dejar de fumar, tenemos la soluci\u00f3n para ti &#8230;<\/mark>\n<\/a><\/p>\n\n<div style=\"height:43px\" aria-hidden=\"true\" class=\"wp-block-spacer\"><\/div>\n\n<figure class=\"wp-block-image alignright size-full is-resized\"><img decoding=\"async\" width=\"953\" height=\"958\" src=\"https:\/\/www.mylasertabac.com\/wp-content\/uploads\/2025\/06\/mylaser.jpeg\" alt=\"\" class=\"wp-image-9693\" style=\"width:419px;height:auto\" srcset=\"https:\/\/www.mylasertabac.com\/wp-content\/uploads\/2025\/06\/mylaser.jpeg 953w, https:\/\/www.mylasertabac.com\/wp-content\/uploads\/2025\/06\/mylaser-298x300.jpeg 298w, https:\/\/www.mylasertabac.com\/wp-content\/uploads\/2025\/06\/mylaser-150x150.jpeg 150w, https:\/\/www.mylasertabac.com\/wp-content\/uploads\/2025\/06\/mylaser-768x772.jpeg 768w\" sizes=\"(max-width: 953px) 100vw, 953px\" \/><\/figure>\n\n<h2 class=\"wp-block-heading\">\ud83d\ude80 \u00bfQuieres dejar de fumar? He aqu\u00ed la soluci\u00f3n natural y eficaz <\/h2>\n\n<p>\u00bfY si la mejor decisi\u00f3n de tu vida s\u00f3lo te llevara 60 minutos? Visita <strong>\n  <a href=\"https:\/\/www.mylasertabac.com\/es\/\">MiL\u00e1serTabac<\/a>\n<\/strong>podemos ayudarte a dejar de fumar con un m\u00e9todo suave, r\u00e1pido e indoloro: el <strong>l\u00e1ser antitabaco<\/strong> basado en la <strong>\n  <a href=\"https:\/\/www.mylasertabac.com\/es\/\">reflexolog\u00eda auricular<\/a>\n<\/strong>. Este proceso estimula puntos espec\u00edficos del o\u00eddo relacionados con la adicci\u00f3n, reduciendo el deseo de fumar, el estr\u00e9s y la irritabilidad&#8230; en una sola sesi\u00f3n. Sin sustitutos, sin reca\u00eddas. Nuestros centros <strong>\n  <a href=\"https:\/\/www.mylasertabac.com\/es\/nuestros-centros\/\">centros en toda Francia<\/a>\n<\/strong> te acogen en un entorno atento, con un enfoque personalizado y una <strong>tasa de \u00e9xito superior al 90%<\/strong>. Miles de fumadores ya han depositado su confianza en nosotros. \u00bfY si te tocara a ti?      <br\/><strong>Pide cita ahora<\/strong> en tu centro MyLaserTabac m\u00e1s cercano. Tu nueva vida empieza aqu\u00ed. <\/p>\n\n<p><\/p>\n\n<p><\/p>\n\n<p><\/p>\n\n<div style=\"height:37px\" aria-hidden=\"true\" class=\"wp-block-spacer\"><\/div>\n\n<h2 class=\"wp-block-heading\">\ud83c\udfaf Conclusi\u00f3n: un presupuesto que te pesa&#8230; y te hace querer parar<\/h2>\n\n<div style=\"height:20px\" aria-hidden=\"true\" class=\"wp-block-spacer\"><\/div>\n\n<p>Los gobiernos europeos siguen<strong>aumentando los impuestos sobre el tabaco<\/strong> para desincentivar el consumo, al tiempo que financian sus sistemas sanitarios.<\/p>\n\n<p>Un fumador de cajetilla al d\u00eda paga en Francia unos <strong>375 euros al mes<\/strong>, m\u00e1s que el alquiler de algunas ciudades de provincias.<\/p>\n\n<p>\ud83d\udc49 As\u00ed que no es de extra\u00f1ar que <strong> <a href=\"https:\/\/www.mylasertabac.com\/es\/\">la deshabituaci\u00f3n tab\u00e1quica<\/a><\/strong> (por l\u00e1ser, sustituci\u00f3n, entrenamiento) est\u00e9 ganando terreno.<\/p>\n\n<div style=\"height:37px\" aria-hidden=\"true\" class=\"wp-block-spacer\"><\/div>\n\n<figure class=\"wp-block-image size-large\"><img decoding=\"async\" src=\"https:\/\/www.mylasertabac.com\/wp-content\/uploads\/\/mlt-verteau.svg\" alt=\"\" class=\"wp-image-13\"\/><\/figure>\n","protected":false},"excerpt":{"rendered":"<p>Fumar es caro. Muy caro. Pero el precio de un paquete var\u00eda mucho de un pa\u00eds europeo a otro. En julio de 2025, \u00a1las diferencias de precio entre Europa Occidental y Oriental eran a veces de hasta 10 euros por la misma marca! Aqu\u00ed tienes un estudio completo, marca por marca y pa\u00eds por pa\u00eds, [&hellip;]<\/p>\n","protected":false},"author":2,"featured_media":17414,"comment_status":"closed","ping_status":"open","sticky":false,"template":"","format":"standard","meta":{"inline_featured_image":false,"footnotes":""},"categories":[663],"tags":[],"class_list":["post-11346","post","type-post","status-publish","format-standard","has-post-thumbnail","hentry","category-tabaco"],"yoast_head":"<!-- This site is optimized with the Yoast SEO plugin v27.5 - https:\/\/yoast.com\/product\/yoast-seo-wordpress\/ -->\n<title>\ud83d\udcb8 Precios de los paquetes de cigarrillos en Europa en noviembre de 2025: la gran comparaci\u00f3n por pa\u00edses - My Laser Tabac<\/title>\n<meta name=\"description\" content=\"Descubre el precio de los cigarrillos en Europa en noviembre de 2025, marca por marca, con una tabla comparativa completa y \u00fatil.\" \/>\n<meta name=\"robots\" content=\"index, follow, max-snippet:-1, max-image-preview:large, max-video-preview:-1\" \/>\n<link rel=\"canonical\" href=\"https:\/\/www.mylasertabac.com\/es\/%f0%9f%92%b8-precios-de-los-paquetes-de-cigarrillos-en-europa-en-julio-de-2025-una-comparacion-pais-por-pais\/\" \/>\n<meta property=\"og:locale\" content=\"es_ES\" \/>\n<meta property=\"og:type\" content=\"article\" \/>\n<meta property=\"og:title\" content=\"\ud83d\udcb8 Precios de los paquetes de cigarrillos en Europa en noviembre de 2025: la gran comparaci\u00f3n por pa\u00edses - My Laser Tabac\" \/>\n<meta property=\"og:description\" content=\"Descubre el precio de los cigarrillos en Europa en noviembre de 2025, marca por marca, con una tabla comparativa completa y \u00fatil.\" \/>\n<meta property=\"og:url\" content=\"https:\/\/www.mylasertabac.com\/es\/%f0%9f%92%b8-precios-de-los-paquetes-de-cigarrillos-en-europa-en-julio-de-2025-una-comparacion-pais-por-pais\/\" \/>\n<meta property=\"og:site_name\" content=\"My Laser Tabac\" \/>\n<meta property=\"article:author\" content=\"https:\/\/www.facebook.com\/profile.php?id=61571554707319\" \/>\n<meta property=\"article:published_time\" content=\"2025-07-20T16:22:52+00:00\" \/>\n<meta property=\"article:modified_time\" content=\"2025-10-09T10:38:50+00:00\" \/>\n<meta property=\"og:image\" content=\"https:\/\/www.mylasertabac.com\/wp-content\/uploads\/2025\/07\/Prix-des-paquets-de-cigarette-en-Europe-en-Novembre-2025-1024x683.png\" \/>\n\t<meta property=\"og:image:width\" content=\"1024\" \/>\n\t<meta property=\"og:image:height\" content=\"683\" \/>\n\t<meta property=\"og:image:type\" content=\"image\/png\" \/>\n<meta name=\"author\" content=\"Florian Fortes\" \/>\n<meta name=\"twitter:card\" content=\"summary_large_image\" \/>\n<meta name=\"twitter:label1\" content=\"Escrito por\" \/>\n\t<meta name=\"twitter:data1\" content=\"Florian Fortes\" \/>\n\t<meta name=\"twitter:label2\" content=\"Tiempo de lectura\" \/>\n\t<meta name=\"twitter:data2\" content=\"3 minutos\" \/>\n<script type=\"application\/ld+json\" class=\"yoast-schema-graph\">{\"@context\":\"https:\\\/\\\/schema.org\",\"@graph\":[{\"@type\":\"Article\",\"@id\":\"https:\\\/\\\/www.mylasertabac.com\\\/es\\\/%f0%9f%92%b8-precios-de-los-paquetes-de-cigarrillos-en-europa-en-julio-de-2025-una-comparacion-pais-por-pais\\\/#article\",\"isPartOf\":{\"@id\":\"https:\\\/\\\/www.mylasertabac.com\\\/es\\\/%f0%9f%92%b8-precios-de-los-paquetes-de-cigarrillos-en-europa-en-julio-de-2025-una-comparacion-pais-por-pais\\\/\"},\"author\":{\"name\":\"Florian Fortes\",\"@id\":\"https:\\\/\\\/www.mylasertabac.com\\\/es\\\/#\\\/schema\\\/person\\\/02c249cb76d912efb6c315ec23eccdf3\"},\"headline\":\"\ud83d\udcb8 Precios de los paquetes de cigarrillos en Europa en noviembre de 2025: la gran comparaci\u00f3n por pa\u00edses\",\"datePublished\":\"2025-07-20T16:22:52+00:00\",\"dateModified\":\"2025-10-09T10:38:50+00:00\",\"mainEntityOfPage\":{\"@id\":\"https:\\\/\\\/www.mylasertabac.com\\\/es\\\/%f0%9f%92%b8-precios-de-los-paquetes-de-cigarrillos-en-europa-en-julio-de-2025-una-comparacion-pais-por-pais\\\/\"},\"wordCount\":578,\"publisher\":{\"@id\":\"https:\\\/\\\/www.mylasertabac.com\\\/es\\\/#organization\"},\"image\":{\"@id\":\"https:\\\/\\\/www.mylasertabac.com\\\/es\\\/%f0%9f%92%b8-precios-de-los-paquetes-de-cigarrillos-en-europa-en-julio-de-2025-una-comparacion-pais-por-pais\\\/#primaryimage\"},\"thumbnailUrl\":\"https:\\\/\\\/www.mylasertabac.com\\\/wp-content\\\/uploads\\\/2025\\\/07\\\/Prix-des-paquets-de-cigarette-en-Europe-en-Novembre-2025.png\",\"articleSection\":[\"tabaco\"],\"inLanguage\":\"es\"},{\"@type\":\"WebPage\",\"@id\":\"https:\\\/\\\/www.mylasertabac.com\\\/es\\\/%f0%9f%92%b8-precios-de-los-paquetes-de-cigarrillos-en-europa-en-julio-de-2025-una-comparacion-pais-por-pais\\\/\",\"url\":\"https:\\\/\\\/www.mylasertabac.com\\\/es\\\/%f0%9f%92%b8-precios-de-los-paquetes-de-cigarrillos-en-europa-en-julio-de-2025-una-comparacion-pais-por-pais\\\/\",\"name\":\"\ud83d\udcb8 Precios de los paquetes de cigarrillos en Europa en noviembre de 2025: la gran comparaci\u00f3n por pa\u00edses - My Laser Tabac\",\"isPartOf\":{\"@id\":\"https:\\\/\\\/www.mylasertabac.com\\\/es\\\/#website\"},\"primaryImageOfPage\":{\"@id\":\"https:\\\/\\\/www.mylasertabac.com\\\/es\\\/%f0%9f%92%b8-precios-de-los-paquetes-de-cigarrillos-en-europa-en-julio-de-2025-una-comparacion-pais-por-pais\\\/#primaryimage\"},\"image\":{\"@id\":\"https:\\\/\\\/www.mylasertabac.com\\\/es\\\/%f0%9f%92%b8-precios-de-los-paquetes-de-cigarrillos-en-europa-en-julio-de-2025-una-comparacion-pais-por-pais\\\/#primaryimage\"},\"thumbnailUrl\":\"https:\\\/\\\/www.mylasertabac.com\\\/wp-content\\\/uploads\\\/2025\\\/07\\\/Prix-des-paquets-de-cigarette-en-Europe-en-Novembre-2025.png\",\"datePublished\":\"2025-07-20T16:22:52+00:00\",\"dateModified\":\"2025-10-09T10:38:50+00:00\",\"description\":\"Descubre el precio de los cigarrillos en Europa en noviembre de 2025, marca por marca, con una tabla comparativa completa y \u00fatil.\",\"breadcrumb\":{\"@id\":\"https:\\\/\\\/www.mylasertabac.com\\\/es\\\/%f0%9f%92%b8-precios-de-los-paquetes-de-cigarrillos-en-europa-en-julio-de-2025-una-comparacion-pais-por-pais\\\/#breadcrumb\"},\"inLanguage\":\"es\",\"potentialAction\":[{\"@type\":\"ReadAction\",\"target\":[\"https:\\\/\\\/www.mylasertabac.com\\\/es\\\/%f0%9f%92%b8-precios-de-los-paquetes-de-cigarrillos-en-europa-en-julio-de-2025-una-comparacion-pais-por-pais\\\/\"]}]},{\"@type\":\"ImageObject\",\"inLanguage\":\"es\",\"@id\":\"https:\\\/\\\/www.mylasertabac.com\\\/es\\\/%f0%9f%92%b8-precios-de-los-paquetes-de-cigarrillos-en-europa-en-julio-de-2025-una-comparacion-pais-por-pais\\\/#primaryimage\",\"url\":\"https:\\\/\\\/www.mylasertabac.com\\\/wp-content\\\/uploads\\\/2025\\\/07\\\/Prix-des-paquets-de-cigarette-en-Europe-en-Novembre-2025.png\",\"contentUrl\":\"https:\\\/\\\/www.mylasertabac.com\\\/wp-content\\\/uploads\\\/2025\\\/07\\\/Prix-des-paquets-de-cigarette-en-Europe-en-Novembre-2025.png\",\"width\":1536,\"height\":1024},{\"@type\":\"BreadcrumbList\",\"@id\":\"https:\\\/\\\/www.mylasertabac.com\\\/es\\\/%f0%9f%92%b8-precios-de-los-paquetes-de-cigarrillos-en-europa-en-julio-de-2025-una-comparacion-pais-por-pais\\\/#breadcrumb\",\"itemListElement\":[{\"@type\":\"ListItem\",\"position\":1,\"name\":\"Accueil\",\"item\":\"https:\\\/\\\/www.mylasertabac.com\\\/es\\\/inicio\\\/\"},{\"@type\":\"ListItem\",\"position\":2,\"name\":\"\ud83d\udcb8 Precios de los paquetes de cigarrillos en Europa en noviembre de 2025: la gran comparaci\u00f3n por pa\u00edses\"}]},{\"@type\":\"WebSite\",\"@id\":\"https:\\\/\\\/www.mylasertabac.com\\\/es\\\/#website\",\"url\":\"https:\\\/\\\/www.mylasertabac.com\\\/es\\\/\",\"name\":\"My Laser Tabac\",\"description\":\"La solution laser qui transforme les fumeurs en ex-fumeurs\",\"publisher\":{\"@id\":\"https:\\\/\\\/www.mylasertabac.com\\\/es\\\/#organization\"},\"potentialAction\":[{\"@type\":\"SearchAction\",\"target\":{\"@type\":\"EntryPoint\",\"urlTemplate\":\"https:\\\/\\\/www.mylasertabac.com\\\/es\\\/?s={search_term_string}\"},\"query-input\":{\"@type\":\"PropertyValueSpecification\",\"valueRequired\":true,\"valueName\":\"search_term_string\"}}],\"inLanguage\":\"es\"},{\"@type\":\"Organization\",\"@id\":\"https:\\\/\\\/www.mylasertabac.com\\\/es\\\/#organization\",\"name\":\"My Laser Tabac\",\"url\":\"https:\\\/\\\/www.mylasertabac.com\\\/es\\\/\",\"logo\":{\"@type\":\"ImageObject\",\"inLanguage\":\"es\",\"@id\":\"https:\\\/\\\/www.mylasertabac.com\\\/es\\\/#\\\/schema\\\/logo\\\/image\\\/\",\"url\":\"https:\\\/\\\/www.mylasertabac.com\\\/wp-content\\\/uploads\\\/2024\\\/12\\\/mlt-verteau.svg\",\"contentUrl\":\"https:\\\/\\\/www.mylasertabac.com\\\/wp-content\\\/uploads\\\/2024\\\/12\\\/mlt-verteau.svg\",\"caption\":\"My Laser Tabac\"},\"image\":{\"@id\":\"https:\\\/\\\/www.mylasertabac.com\\\/es\\\/#\\\/schema\\\/logo\\\/image\\\/\"}},{\"@type\":\"Person\",\"@id\":\"https:\\\/\\\/www.mylasertabac.com\\\/es\\\/#\\\/schema\\\/person\\\/02c249cb76d912efb6c315ec23eccdf3\",\"name\":\"Florian Fortes\",\"image\":{\"@type\":\"ImageObject\",\"inLanguage\":\"es\",\"@id\":\"https:\\\/\\\/www.mylasertabac.com\\\/wp-content\\\/litespeed\\\/avatar\\\/142101a71d7b9e6490c1120d9c109a67.jpg?ver=1777461116\",\"url\":\"https:\\\/\\\/www.mylasertabac.com\\\/wp-content\\\/litespeed\\\/avatar\\\/142101a71d7b9e6490c1120d9c109a67.jpg?ver=1777461116\",\"contentUrl\":\"https:\\\/\\\/www.mylasertabac.com\\\/wp-content\\\/litespeed\\\/avatar\\\/142101a71d7b9e6490c1120d9c109a67.jpg?ver=1777461116\",\"caption\":\"Florian Fortes\"},\"sameAs\":[\"https:\\\/\\\/www.mylasertabac.com\",\"https:\\\/\\\/www.facebook.com\\\/profile.php?id=61571554707319\"],\"url\":\"https:\\\/\\\/www.mylasertabac.com\\\/es\\\/author\\\/florianfortes5312\\\/\"}]}<\/script>\n<!-- \/ Yoast SEO plugin. -->","yoast_head_json":{"title":"\ud83d\udcb8 Precios de los paquetes de cigarrillos en Europa en noviembre de 2025: la gran comparaci\u00f3n por pa\u00edses - My Laser Tabac","description":"Descubre el precio de los cigarrillos en Europa en noviembre de 2025, marca por marca, con una tabla comparativa completa y \u00fatil.","robots":{"index":"index","follow":"follow","max-snippet":"max-snippet:-1","max-image-preview":"max-image-preview:large","max-video-preview":"max-video-preview:-1"},"canonical":"https:\/\/www.mylasertabac.com\/es\/%f0%9f%92%b8-precios-de-los-paquetes-de-cigarrillos-en-europa-en-julio-de-2025-una-comparacion-pais-por-pais\/","og_locale":"es_ES","og_type":"article","og_title":"\ud83d\udcb8 Precios de los paquetes de cigarrillos en Europa en noviembre de 2025: la gran comparaci\u00f3n por pa\u00edses - My Laser Tabac","og_description":"Descubre el precio de los cigarrillos en Europa en noviembre de 2025, marca por marca, con una tabla comparativa completa y \u00fatil.","og_url":"https:\/\/www.mylasertabac.com\/es\/%f0%9f%92%b8-precios-de-los-paquetes-de-cigarrillos-en-europa-en-julio-de-2025-una-comparacion-pais-por-pais\/","og_site_name":"My Laser Tabac","article_author":"https:\/\/www.facebook.com\/profile.php?id=61571554707319","article_published_time":"2025-07-20T16:22:52+00:00","article_modified_time":"2025-10-09T10:38:50+00:00","og_image":[{"width":1024,"height":683,"url":"https:\/\/www.mylasertabac.com\/wp-content\/uploads\/2025\/07\/Prix-des-paquets-de-cigarette-en-Europe-en-Novembre-2025-1024x683.png","type":"image\/png"}],"author":"Florian Fortes","twitter_card":"summary_large_image","twitter_misc":{"Escrito por":"Florian Fortes","Tiempo de lectura":"3 minutos"},"schema":{"@context":"https:\/\/schema.org","@graph":[{"@type":"Article","@id":"https:\/\/www.mylasertabac.com\/es\/%f0%9f%92%b8-precios-de-los-paquetes-de-cigarrillos-en-europa-en-julio-de-2025-una-comparacion-pais-por-pais\/#article","isPartOf":{"@id":"https:\/\/www.mylasertabac.com\/es\/%f0%9f%92%b8-precios-de-los-paquetes-de-cigarrillos-en-europa-en-julio-de-2025-una-comparacion-pais-por-pais\/"},"author":{"name":"Florian Fortes","@id":"https:\/\/www.mylasertabac.com\/es\/#\/schema\/person\/02c249cb76d912efb6c315ec23eccdf3"},"headline":"\ud83d\udcb8 Precios de los paquetes de cigarrillos en Europa en noviembre de 2025: la gran comparaci\u00f3n por pa\u00edses","datePublished":"2025-07-20T16:22:52+00:00","dateModified":"2025-10-09T10:38:50+00:00","mainEntityOfPage":{"@id":"https:\/\/www.mylasertabac.com\/es\/%f0%9f%92%b8-precios-de-los-paquetes-de-cigarrillos-en-europa-en-julio-de-2025-una-comparacion-pais-por-pais\/"},"wordCount":578,"publisher":{"@id":"https:\/\/www.mylasertabac.com\/es\/#organization"},"image":{"@id":"https:\/\/www.mylasertabac.com\/es\/%f0%9f%92%b8-precios-de-los-paquetes-de-cigarrillos-en-europa-en-julio-de-2025-una-comparacion-pais-por-pais\/#primaryimage"},"thumbnailUrl":"https:\/\/www.mylasertabac.com\/wp-content\/uploads\/2025\/07\/Prix-des-paquets-de-cigarette-en-Europe-en-Novembre-2025.png","articleSection":["tabaco"],"inLanguage":"es"},{"@type":"WebPage","@id":"https:\/\/www.mylasertabac.com\/es\/%f0%9f%92%b8-precios-de-los-paquetes-de-cigarrillos-en-europa-en-julio-de-2025-una-comparacion-pais-por-pais\/","url":"https:\/\/www.mylasertabac.com\/es\/%f0%9f%92%b8-precios-de-los-paquetes-de-cigarrillos-en-europa-en-julio-de-2025-una-comparacion-pais-por-pais\/","name":"\ud83d\udcb8 Precios de los paquetes de cigarrillos en Europa en noviembre de 2025: la gran comparaci\u00f3n por pa\u00edses - My Laser Tabac","isPartOf":{"@id":"https:\/\/www.mylasertabac.com\/es\/#website"},"primaryImageOfPage":{"@id":"https:\/\/www.mylasertabac.com\/es\/%f0%9f%92%b8-precios-de-los-paquetes-de-cigarrillos-en-europa-en-julio-de-2025-una-comparacion-pais-por-pais\/#primaryimage"},"image":{"@id":"https:\/\/www.mylasertabac.com\/es\/%f0%9f%92%b8-precios-de-los-paquetes-de-cigarrillos-en-europa-en-julio-de-2025-una-comparacion-pais-por-pais\/#primaryimage"},"thumbnailUrl":"https:\/\/www.mylasertabac.com\/wp-content\/uploads\/2025\/07\/Prix-des-paquets-de-cigarette-en-Europe-en-Novembre-2025.png","datePublished":"2025-07-20T16:22:52+00:00","dateModified":"2025-10-09T10:38:50+00:00","description":"Descubre el precio de los cigarrillos en Europa en noviembre de 2025, marca por marca, con una tabla comparativa completa y \u00fatil.","breadcrumb":{"@id":"https:\/\/www.mylasertabac.com\/es\/%f0%9f%92%b8-precios-de-los-paquetes-de-cigarrillos-en-europa-en-julio-de-2025-una-comparacion-pais-por-pais\/#breadcrumb"},"inLanguage":"es","potentialAction":[{"@type":"ReadAction","target":["https:\/\/www.mylasertabac.com\/es\/%f0%9f%92%b8-precios-de-los-paquetes-de-cigarrillos-en-europa-en-julio-de-2025-una-comparacion-pais-por-pais\/"]}]},{"@type":"ImageObject","inLanguage":"es","@id":"https:\/\/www.mylasertabac.com\/es\/%f0%9f%92%b8-precios-de-los-paquetes-de-cigarrillos-en-europa-en-julio-de-2025-una-comparacion-pais-por-pais\/#primaryimage","url":"https:\/\/www.mylasertabac.com\/wp-content\/uploads\/2025\/07\/Prix-des-paquets-de-cigarette-en-Europe-en-Novembre-2025.png","contentUrl":"https:\/\/www.mylasertabac.com\/wp-content\/uploads\/2025\/07\/Prix-des-paquets-de-cigarette-en-Europe-en-Novembre-2025.png","width":1536,"height":1024},{"@type":"BreadcrumbList","@id":"https:\/\/www.mylasertabac.com\/es\/%f0%9f%92%b8-precios-de-los-paquetes-de-cigarrillos-en-europa-en-julio-de-2025-una-comparacion-pais-por-pais\/#breadcrumb","itemListElement":[{"@type":"ListItem","position":1,"name":"Accueil","item":"https:\/\/www.mylasertabac.com\/es\/inicio\/"},{"@type":"ListItem","position":2,"name":"\ud83d\udcb8 Precios de los paquetes de cigarrillos en Europa en noviembre de 2025: la gran comparaci\u00f3n por pa\u00edses"}]},{"@type":"WebSite","@id":"https:\/\/www.mylasertabac.com\/es\/#website","url":"https:\/\/www.mylasertabac.com\/es\/","name":"My Laser Tabac","description":"La solution laser qui transforme les fumeurs en ex-fumeurs","publisher":{"@id":"https:\/\/www.mylasertabac.com\/es\/#organization"},"potentialAction":[{"@type":"SearchAction","target":{"@type":"EntryPoint","urlTemplate":"https:\/\/www.mylasertabac.com\/es\/?s={search_term_string}"},"query-input":{"@type":"PropertyValueSpecification","valueRequired":true,"valueName":"search_term_string"}}],"inLanguage":"es"},{"@type":"Organization","@id":"https:\/\/www.mylasertabac.com\/es\/#organization","name":"My Laser Tabac","url":"https:\/\/www.mylasertabac.com\/es\/","logo":{"@type":"ImageObject","inLanguage":"es","@id":"https:\/\/www.mylasertabac.com\/es\/#\/schema\/logo\/image\/","url":"https:\/\/www.mylasertabac.com\/wp-content\/uploads\/2024\/12\/mlt-verteau.svg","contentUrl":"https:\/\/www.mylasertabac.com\/wp-content\/uploads\/2024\/12\/mlt-verteau.svg","caption":"My Laser Tabac"},"image":{"@id":"https:\/\/www.mylasertabac.com\/es\/#\/schema\/logo\/image\/"}},{"@type":"Person","@id":"https:\/\/www.mylasertabac.com\/es\/#\/schema\/person\/02c249cb76d912efb6c315ec23eccdf3","name":"Florian Fortes","image":{"@type":"ImageObject","inLanguage":"es","@id":"https:\/\/www.mylasertabac.com\/wp-content\/litespeed\/avatar\/142101a71d7b9e6490c1120d9c109a67.jpg?ver=1777461116","url":"https:\/\/www.mylasertabac.com\/wp-content\/litespeed\/avatar\/142101a71d7b9e6490c1120d9c109a67.jpg?ver=1777461116","contentUrl":"https:\/\/www.mylasertabac.com\/wp-content\/litespeed\/avatar\/142101a71d7b9e6490c1120d9c109a67.jpg?ver=1777461116","caption":"Florian Fortes"},"sameAs":["https:\/\/www.mylasertabac.com","https:\/\/www.facebook.com\/profile.php?id=61571554707319"],"url":"https:\/\/www.mylasertabac.com\/es\/author\/florianfortes5312\/"}]}},"_links":{"self":[{"href":"https:\/\/www.mylasertabac.com\/es\/wp-json\/wp\/v2\/posts\/11346","targetHints":{"allow":["GET"]}}],"collection":[{"href":"https:\/\/www.mylasertabac.com\/es\/wp-json\/wp\/v2\/posts"}],"about":[{"href":"https:\/\/www.mylasertabac.com\/es\/wp-json\/wp\/v2\/types\/post"}],"author":[{"embeddable":true,"href":"https:\/\/www.mylasertabac.com\/es\/wp-json\/wp\/v2\/users\/2"}],"replies":[{"embeddable":true,"href":"https:\/\/www.mylasertabac.com\/es\/wp-json\/wp\/v2\/comments?post=11346"}],"version-history":[{"count":6,"href":"https:\/\/www.mylasertabac.com\/es\/wp-json\/wp\/v2\/posts\/11346\/revisions"}],"predecessor-version":[{"id":17431,"href":"https:\/\/www.mylasertabac.com\/es\/wp-json\/wp\/v2\/posts\/11346\/revisions\/17431"}],"wp:featuredmedia":[{"embeddable":true,"href":"https:\/\/www.mylasertabac.com\/es\/wp-json\/wp\/v2\/media\/17414"}],"wp:attachment":[{"href":"https:\/\/www.mylasertabac.com\/es\/wp-json\/wp\/v2\/media?parent=11346"}],"wp:term":[{"taxonomy":"category","embeddable":true,"href":"https:\/\/www.mylasertabac.com\/es\/wp-json\/wp\/v2\/categories?post=11346"},{"taxonomy":"post_tag","embeddable":true,"href":"https:\/\/www.mylasertabac.com\/es\/wp-json\/wp\/v2\/tags?post=11346"}],"curies":[{"name":"wp","href":"https:\/\/api.w.org\/{rel}","templated":true}]}}