{"id":11866,"date":"2025-07-30T14:17:30","date_gmt":"2025-07-30T12:17:30","guid":{"rendered":"https:\/\/www.mylasertabac.com\/fumar-o-respirar-la-eleccion-de-estilo-de-vida-que-lo-cambia-todo\/"},"modified":"2025-07-20T14:18:07","modified_gmt":"2025-07-20T12:18:07","slug":"fumar-o-respirar-la-eleccion-de-estilo-de-vida-que-lo-cambia-todo","status":"publish","type":"post","link":"https:\/\/www.mylasertabac.com\/es\/fumar-o-respirar-la-eleccion-de-estilo-de-vida-que-lo-cambia-todo\/","title":{"rendered":"Fumar o respirar: la elecci\u00f3n de estilo de vida que lo cambia todo"},"content":{"rendered":"\n<div style=\"height:18px\" aria-hidden=\"true\" class=\"wp-block-spacer\"><\/div>\n\n<h2 class=\"wp-block-heading\">Fumar, un acto que destruye silenciosamente<\/h2>\n\n<div style=\"height:18px\" aria-hidden=\"true\" class=\"wp-block-spacer\"><\/div>\n\n<p>Fumar es mucho m\u00e1s que un h\u00e1bito. Es una adicci\u00f3n furtiva que, con cada calada, inflama tus bronquios, irrita tus v\u00edas respiratorias y destruye lentamente tu salud. <\/p>\n\n<p>Desde las primeras inhalaciones, las consecuencias son visibles: los cilios vibratorios de tus pulmones, los barredores naturales que limpian tu sistema respiratorio, dejan de funcionar. La mucosidad se acumula. Las toxinas se afianzan. Aparecen las infecciones.   <\/p>\n\n<p>El tabaco no es s\u00f3lo un riesgo a largo plazo. Act\u00faa aqu\u00ed y ahora. Y cuanto m\u00e1s pasan los a\u00f1os, m\u00e1s se agota el organismo: bronquitis cr\u00f3nica, insuficiencia respiratoria, EPOC, c\u00e1ncer de pulm\u00f3n, accidentes cerebrovasculares, infartos de miocardio&#8230; Las estad\u00edsticas son crueles: el tabaco mata a casi 75.000 personas cada a\u00f1o en Francia.   <\/p>\n\n<p>Y este veneno no afecta s\u00f3lo a los fumadores. El humo de segunda mano es igual de peligroso. Alrededor de 1,6 millones de personas mueren cada a\u00f1o en todo el mundo a causa del tabaquismo pasivo. Tu familia, tus hijos, tus compa\u00f1eros&#8230; todos est\u00e1n expuestos.   <\/p>\n\n<div style=\"height:18px\" aria-hidden=\"true\" class=\"wp-block-spacer\"><\/div>\n\n<hr class=\"wp-block-separator has-alpha-channel-opacity\"\/>\n\n<h2 class=\"wp-block-heading\">Respirar es volver a vivir: lo que tu cuerpo gana al dejar de fumar<\/h2>\n\n<div style=\"height:18px\" aria-hidden=\"true\" class=\"wp-block-spacer\"><\/div>\n\n<p>La buena noticia es que nunca es demasiado tarde para invertir la tendencia. En cuanto apagas el \u00faltimo cigarrillo, el cuerpo pone en marcha un proceso de reparaci\u00f3n absolutamente espectacular. <\/p>\n\n<div style=\"height:18px\" aria-hidden=\"true\" class=\"wp-block-spacer\"><\/div>\n\n<ul class=\"wp-block-list\">\n<li><strong>En 20 minutos<\/strong>: la tensi\u00f3n arterial y la frecuencia cardiaca empiezan a normalizarse.<\/li>\n\n\n\n<li><strong>En 48 horas<\/strong>: se elimina el mon\u00f3xido de carbono, los niveles de ox\u00edgeno vuelven a ser \u00f3ptimos y mejora el sentido del olfato y del gusto.<\/li>\n\n\n\n<li><strong>En pocas semanas<\/strong>: la respiraci\u00f3n se vuelve m\u00e1s fluida, la disnea disminuye y la piel se aclara.<\/li>\n\n\n\n<li><strong>En 1 a\u00f1o<\/strong>: el riesgo de enfermedad cardiovascular se reduce a la mitad.<\/li>\n\n\n\n<li><strong>En 5 a\u00f1os<\/strong>: el riesgo de c\u00e1ncer de pulm\u00f3n se reduce a la mitad.<\/li>\n<\/ul>\n\n<div style=\"height:18px\" aria-hidden=\"true\" class=\"wp-block-spacer\"><\/div>\n\n<p>Cada d\u00eda sin tabaco es una victoria. Se recupera el aliento, se reduce la fatiga y se refuerza la inmunidad. <\/p>\n\n<div style=\"height:18px\" aria-hidden=\"true\" class=\"wp-block-spacer\"><\/div>\n\n<h2 class=\"wp-block-heading\">Superar los conceptos err\u00f3neos: no, fumar ligero no es inofensivo<\/h2>\n\n<div style=\"height:18px\" aria-hidden=\"true\" class=\"wp-block-spacer\"><\/div>\n\n<p>Muchas personas se tranquilizan: \u00abS\u00f3lo fumo unos cigarrillos al d\u00eda, no es tan grave\u00bb. Esto es un grave error. Un solo cigarrillo al d\u00eda es suficiente para da\u00f1ar tus arterias, cargar tu cuerpo de toxinas y mantener tu dependencia de la nicotina.  <\/p>\n\n<p>La adicci\u00f3n al tabaco es poderosa, comparable a la adicci\u00f3n a la hero\u00edna. No es s\u00f3lo una cuesti\u00f3n de fuerza de voluntad, es una batalla neuroqu\u00edmica. El tabaco secuestra los circuitos de recompensa de tu cerebro. Establece un ciclo de ansia, compulsi\u00f3n y culpabilidad. Es una aut\u00e9ntica trampa.    <\/p>\n\n<div style=\"height:18px\" aria-hidden=\"true\" class=\"wp-block-spacer\"><\/div>\n\n<h2 class=\"wp-block-heading\">Dejar de fumar: un viaje, no un sacrificio<\/h2>\n\n<div style=\"height:18px\" aria-hidden=\"true\" class=\"wp-block-spacer\"><\/div>\n\n<p>Dejar de fumar es duro. No se puede negar. Los primeros d\u00edas suelen estar marcados por s\u00edntomas de abstinencia: nerviosismo, cansancio, problemas para dormir, ansias de comer. Pero estos efectos son temporales. Son una se\u00f1al de que tu cuerpo se est\u00e1 soltando.    <\/p>\n\n<p>\u00bfCu\u00e1l es la clave? El apoyo. Ahora existen soluciones naturales, eficaces y no invasivas para ayudarte a dejar de fumar sin sufrir.  <\/p>\n\n<div style=\"height:18px\" aria-hidden=\"true\" class=\"wp-block-spacer\"><\/div>\n\n<h2 class=\"wp-block-heading\">L\u00e1ser antitabaco: una soluci\u00f3n innovadora y natural<\/h2>\n\n<div style=\"height:18px\" aria-hidden=\"true\" class=\"wp-block-spacer\"><\/div>\n\n<p>Uno de los m\u00e9todos m\u00e1s prometedores es el <strong>l\u00e1ser antitabaco<\/strong>, una t\u00e9cnica inspirada en la reflexolog\u00eda auricular. Este enfoque suave consiste en estimular puntos espec\u00edficos de la oreja con un l\u00e1ser fr\u00edo. <\/p>\n\n<p>Este tratamiento act\u00faa directamente sobre las zonas nerviosas relacionadas con la adicci\u00f3n, el estr\u00e9s y la necesidad de compensar. En s\u00f3lo una o dos sesiones, muchos pacientes experimentan una clara reducci\u00f3n de los antojos, sin efectos secundarios. <\/p>\n\n<p>El l\u00e1ser antitabaco no introduce ninguna sustancia en el organismo. No se basa en la sustituci\u00f3n por nicotina, sino en la estimulaci\u00f3n natural de los circuitos de relajaci\u00f3n y dependencia. Es un m\u00e9todo seguro y r\u00e1pido, famoso por su alt\u00edsimo porcentaje de \u00e9xito.  <\/p>\n\n<div style=\"height:18px\" aria-hidden=\"true\" class=\"wp-block-spacer\"><\/div>\n\n<h2 class=\"wp-block-heading\">MyLaserTabac: centros en toda Francia y Europa<\/h2>\n\n<div style=\"height:18px\" aria-hidden=\"true\" class=\"wp-block-spacer\"><\/div>\n\n<p>\u00bfQuieres dejar de fumar? <strong>MyLaserTabac<\/strong> est\u00e1 aqu\u00ed para ayudarte. Hemos creado una red de centros especializados en dejar de fumar con l\u00e1ser en toda Francia. <\/p>\n\n<p>Nuestros profesionales tienen formaci\u00f3n y experiencia, y te ofrecen una atenci\u00f3n personalizada y sin prejuicios. El objetivo es sencillo: liberarte del tabaco para siempre, en las mejores condiciones posibles. <\/p>\n\n<p>Y esto es s\u00f3lo el principio. <strong>MyLaserTabac est\u00e1 empezando a desplegarse por toda Europa<\/strong>, para que cualquiera que busque la libertad pueda disfrutar de una vida sin humo.<\/p>\n\n<div style=\"height:18px\" aria-hidden=\"true\" class=\"wp-block-spacer\"><\/div>\n\n<h2 class=\"wp-block-heading\">Conclusi\u00f3n: \u00bfy si llegara el momento de respirar para siempre?<\/h2>\n\n<div style=\"height:18px\" aria-hidden=\"true\" class=\"wp-block-spacer\"><\/div>\n\n<p>Fumar o respirar, \u00e9sa es la verdadera cuesti\u00f3n. No es s\u00f3lo una decisi\u00f3n de salud. Se trata de recuperarte a ti mismo, tu respiraci\u00f3n, tu cuerpo y tu libertad.  <\/p>\n\n<p>Si est\u00e1s leyendo estas l\u00edneas, puede que est\u00e9s dudando. Pues debes saber esto: <strong>cada d\u00eda sin tabaco es un renacimiento<\/strong>. Con MyLaserTabac, no est\u00e1s solo.  <\/p>\n\n<p>Pide cita. Prueba un m\u00e9todo natural, r\u00e1pido y potente. Y respira, por fin, para siempre.  <\/p>\n\n<div style=\"height:27px\" aria-hidden=\"true\" class=\"wp-block-spacer\"><\/div>\n\n<p><\/p>\n","protected":false},"excerpt":{"rendered":"<p>Fumar, un acto que destruye silenciosamente Fumar es mucho m\u00e1s que un h\u00e1bito. Es una adicci\u00f3n furtiva que, con cada calada, inflama tus bronquios, irrita tus v\u00edas respiratorias y destruye lentamente tu salud. Desde las primeras inhalaciones, las consecuencias son visibles: los cilios vibratorios de tus pulmones, los barredores naturales que limpian tu sistema respiratorio, [&hellip;]<\/p>\n","protected":false},"author":2,"featured_media":11864,"comment_status":"closed","ping_status":"open","sticky":false,"template":"","format":"standard","meta":{"inline_featured_image":false,"footnotes":""},"categories":[186,76],"tags":[],"class_list":["post-11866","post","type-post","status-publish","format-standard","has-post-thumbnail","hentry","category-salud-y-adiccion","category-sin-categorizar"],"yoast_head":"<!-- This site is optimized with the Yoast SEO plugin v27.5 - https:\/\/yoast.com\/product\/yoast-seo-wordpress\/ -->\n<title>Fumar o respirar: la elecci\u00f3n de estilo de vida que lo cambia todo - My Laser Tabac<\/title>\n<meta name=\"robots\" content=\"index, follow, max-snippet:-1, max-image-preview:large, max-video-preview:-1\" \/>\n<link rel=\"canonical\" href=\"https:\/\/www.mylasertabac.com\/es\/fumar-o-respirar-la-eleccion-de-estilo-de-vida-que-lo-cambia-todo\/\" \/>\n<meta property=\"og:locale\" content=\"es_ES\" \/>\n<meta property=\"og:type\" content=\"article\" \/>\n<meta property=\"og:title\" content=\"Fumar o respirar: la elecci\u00f3n de estilo de vida que lo cambia todo - My Laser Tabac\" \/>\n<meta property=\"og:description\" content=\"Fumar, un acto que destruye silenciosamente Fumar es mucho m\u00e1s que un h\u00e1bito. Es una adicci\u00f3n furtiva que, con cada calada, inflama tus bronquios, irrita tus v\u00edas respiratorias y destruye lentamente tu salud. Desde las primeras inhalaciones, las consecuencias son visibles: los cilios vibratorios de tus pulmones, los barredores naturales que limpian tu sistema respiratorio, [&hellip;]\" \/>\n<meta property=\"og:url\" content=\"https:\/\/www.mylasertabac.com\/es\/fumar-o-respirar-la-eleccion-de-estilo-de-vida-que-lo-cambia-todo\/\" \/>\n<meta property=\"og:site_name\" content=\"My Laser Tabac\" \/>\n<meta property=\"article:author\" content=\"https:\/\/www.facebook.com\/profile.php?id=61571554707319\" \/>\n<meta property=\"article:published_time\" content=\"2025-07-30T12:17:30+00:00\" \/>\n<meta property=\"og:image\" content=\"https:\/\/www.mylasertabac.com\/wp-content\/uploads\/2025\/07\/Fumer-ou-respirer-le-choix-qui-peut-tout-changer.png\" \/>\n\t<meta property=\"og:image:width\" content=\"1536\" \/>\n\t<meta property=\"og:image:height\" content=\"1024\" \/>\n\t<meta property=\"og:image:type\" content=\"image\/png\" \/>\n<meta name=\"author\" content=\"Florian Fortes\" \/>\n<meta name=\"twitter:card\" content=\"summary_large_image\" \/>\n<meta name=\"twitter:label1\" content=\"Escrito por\" \/>\n\t<meta name=\"twitter:data1\" content=\"Florian Fortes\" \/>\n\t<meta name=\"twitter:label2\" content=\"Tiempo de lectura\" \/>\n\t<meta name=\"twitter:data2\" content=\"4 minutos\" \/>\n<script type=\"application\/ld+json\" class=\"yoast-schema-graph\">{\"@context\":\"https:\\\/\\\/schema.org\",\"@graph\":[{\"@type\":\"Article\",\"@id\":\"https:\\\/\\\/www.mylasertabac.com\\\/es\\\/fumar-o-respirar-la-eleccion-de-estilo-de-vida-que-lo-cambia-todo\\\/#article\",\"isPartOf\":{\"@id\":\"https:\\\/\\\/www.mylasertabac.com\\\/es\\\/fumar-o-respirar-la-eleccion-de-estilo-de-vida-que-lo-cambia-todo\\\/\"},\"author\":{\"name\":\"Florian Fortes\",\"@id\":\"https:\\\/\\\/www.mylasertabac.com\\\/es\\\/#\\\/schema\\\/person\\\/02c249cb76d912efb6c315ec23eccdf3\"},\"headline\":\"Fumar o respirar: la elecci\u00f3n de estilo de vida que lo cambia todo\",\"datePublished\":\"2025-07-30T12:17:30+00:00\",\"mainEntityOfPage\":{\"@id\":\"https:\\\/\\\/www.mylasertabac.com\\\/es\\\/fumar-o-respirar-la-eleccion-de-estilo-de-vida-que-lo-cambia-todo\\\/\"},\"wordCount\":865,\"publisher\":{\"@id\":\"https:\\\/\\\/www.mylasertabac.com\\\/es\\\/#organization\"},\"image\":{\"@id\":\"https:\\\/\\\/www.mylasertabac.com\\\/es\\\/fumar-o-respirar-la-eleccion-de-estilo-de-vida-que-lo-cambia-todo\\\/#primaryimage\"},\"thumbnailUrl\":\"https:\\\/\\\/www.mylasertabac.com\\\/wp-content\\\/uploads\\\/2025\\\/07\\\/Fumer-ou-respirer-le-choix-qui-peut-tout-changer.png\",\"articleSection\":[\"Salud y adicci\u00f3n\",\"Sin categorizar\"],\"inLanguage\":\"es\"},{\"@type\":\"WebPage\",\"@id\":\"https:\\\/\\\/www.mylasertabac.com\\\/es\\\/fumar-o-respirar-la-eleccion-de-estilo-de-vida-que-lo-cambia-todo\\\/\",\"url\":\"https:\\\/\\\/www.mylasertabac.com\\\/es\\\/fumar-o-respirar-la-eleccion-de-estilo-de-vida-que-lo-cambia-todo\\\/\",\"name\":\"Fumar o respirar: la elecci\u00f3n de estilo de vida que lo cambia todo - My Laser Tabac\",\"isPartOf\":{\"@id\":\"https:\\\/\\\/www.mylasertabac.com\\\/es\\\/#website\"},\"primaryImageOfPage\":{\"@id\":\"https:\\\/\\\/www.mylasertabac.com\\\/es\\\/fumar-o-respirar-la-eleccion-de-estilo-de-vida-que-lo-cambia-todo\\\/#primaryimage\"},\"image\":{\"@id\":\"https:\\\/\\\/www.mylasertabac.com\\\/es\\\/fumar-o-respirar-la-eleccion-de-estilo-de-vida-que-lo-cambia-todo\\\/#primaryimage\"},\"thumbnailUrl\":\"https:\\\/\\\/www.mylasertabac.com\\\/wp-content\\\/uploads\\\/2025\\\/07\\\/Fumer-ou-respirer-le-choix-qui-peut-tout-changer.png\",\"datePublished\":\"2025-07-30T12:17:30+00:00\",\"breadcrumb\":{\"@id\":\"https:\\\/\\\/www.mylasertabac.com\\\/es\\\/fumar-o-respirar-la-eleccion-de-estilo-de-vida-que-lo-cambia-todo\\\/#breadcrumb\"},\"inLanguage\":\"es\",\"potentialAction\":[{\"@type\":\"ReadAction\",\"target\":[\"https:\\\/\\\/www.mylasertabac.com\\\/es\\\/fumar-o-respirar-la-eleccion-de-estilo-de-vida-que-lo-cambia-todo\\\/\"]}]},{\"@type\":\"ImageObject\",\"inLanguage\":\"es\",\"@id\":\"https:\\\/\\\/www.mylasertabac.com\\\/es\\\/fumar-o-respirar-la-eleccion-de-estilo-de-vida-que-lo-cambia-todo\\\/#primaryimage\",\"url\":\"https:\\\/\\\/www.mylasertabac.com\\\/wp-content\\\/uploads\\\/2025\\\/07\\\/Fumer-ou-respirer-le-choix-qui-peut-tout-changer.png\",\"contentUrl\":\"https:\\\/\\\/www.mylasertabac.com\\\/wp-content\\\/uploads\\\/2025\\\/07\\\/Fumer-ou-respirer-le-choix-qui-peut-tout-changer.png\",\"width\":1536,\"height\":1024},{\"@type\":\"BreadcrumbList\",\"@id\":\"https:\\\/\\\/www.mylasertabac.com\\\/es\\\/fumar-o-respirar-la-eleccion-de-estilo-de-vida-que-lo-cambia-todo\\\/#breadcrumb\",\"itemListElement\":[{\"@type\":\"ListItem\",\"position\":1,\"name\":\"Accueil\",\"item\":\"https:\\\/\\\/www.mylasertabac.com\\\/es\\\/inicio\\\/\"},{\"@type\":\"ListItem\",\"position\":2,\"name\":\"Fumar o respirar: la elecci\u00f3n de estilo de vida que lo cambia todo\"}]},{\"@type\":\"WebSite\",\"@id\":\"https:\\\/\\\/www.mylasertabac.com\\\/es\\\/#website\",\"url\":\"https:\\\/\\\/www.mylasertabac.com\\\/es\\\/\",\"name\":\"My Laser Tabac\",\"description\":\"La solution laser qui transforme les fumeurs en ex-fumeurs\",\"publisher\":{\"@id\":\"https:\\\/\\\/www.mylasertabac.com\\\/es\\\/#organization\"},\"potentialAction\":[{\"@type\":\"SearchAction\",\"target\":{\"@type\":\"EntryPoint\",\"urlTemplate\":\"https:\\\/\\\/www.mylasertabac.com\\\/es\\\/?s={search_term_string}\"},\"query-input\":{\"@type\":\"PropertyValueSpecification\",\"valueRequired\":true,\"valueName\":\"search_term_string\"}}],\"inLanguage\":\"es\"},{\"@type\":\"Organization\",\"@id\":\"https:\\\/\\\/www.mylasertabac.com\\\/es\\\/#organization\",\"name\":\"My Laser Tabac\",\"url\":\"https:\\\/\\\/www.mylasertabac.com\\\/es\\\/\",\"logo\":{\"@type\":\"ImageObject\",\"inLanguage\":\"es\",\"@id\":\"https:\\\/\\\/www.mylasertabac.com\\\/es\\\/#\\\/schema\\\/logo\\\/image\\\/\",\"url\":\"https:\\\/\\\/www.mylasertabac.com\\\/wp-content\\\/uploads\\\/2024\\\/12\\\/mlt-verteau.svg\",\"contentUrl\":\"https:\\\/\\\/www.mylasertabac.com\\\/wp-content\\\/uploads\\\/2024\\\/12\\\/mlt-verteau.svg\",\"caption\":\"My Laser Tabac\"},\"image\":{\"@id\":\"https:\\\/\\\/www.mylasertabac.com\\\/es\\\/#\\\/schema\\\/logo\\\/image\\\/\"}},{\"@type\":\"Person\",\"@id\":\"https:\\\/\\\/www.mylasertabac.com\\\/es\\\/#\\\/schema\\\/person\\\/02c249cb76d912efb6c315ec23eccdf3\",\"name\":\"Florian Fortes\",\"image\":{\"@type\":\"ImageObject\",\"inLanguage\":\"es\",\"@id\":\"https:\\\/\\\/www.mylasertabac.com\\\/wp-content\\\/litespeed\\\/avatar\\\/142101a71d7b9e6490c1120d9c109a67.jpg?ver=1777461116\",\"url\":\"https:\\\/\\\/www.mylasertabac.com\\\/wp-content\\\/litespeed\\\/avatar\\\/142101a71d7b9e6490c1120d9c109a67.jpg?ver=1777461116\",\"contentUrl\":\"https:\\\/\\\/www.mylasertabac.com\\\/wp-content\\\/litespeed\\\/avatar\\\/142101a71d7b9e6490c1120d9c109a67.jpg?ver=1777461116\",\"caption\":\"Florian Fortes\"},\"sameAs\":[\"https:\\\/\\\/www.mylasertabac.com\",\"https:\\\/\\\/www.facebook.com\\\/profile.php?id=61571554707319\"],\"url\":\"https:\\\/\\\/www.mylasertabac.com\\\/es\\\/author\\\/florianfortes5312\\\/\"}]}<\/script>\n<!-- \/ Yoast SEO plugin. -->","yoast_head_json":{"title":"Fumar o respirar: la elecci\u00f3n de estilo de vida que lo cambia todo - My Laser Tabac","robots":{"index":"index","follow":"follow","max-snippet":"max-snippet:-1","max-image-preview":"max-image-preview:large","max-video-preview":"max-video-preview:-1"},"canonical":"https:\/\/www.mylasertabac.com\/es\/fumar-o-respirar-la-eleccion-de-estilo-de-vida-que-lo-cambia-todo\/","og_locale":"es_ES","og_type":"article","og_title":"Fumar o respirar: la elecci\u00f3n de estilo de vida que lo cambia todo - My Laser Tabac","og_description":"Fumar, un acto que destruye silenciosamente Fumar es mucho m\u00e1s que un h\u00e1bito. Es una adicci\u00f3n furtiva que, con cada calada, inflama tus bronquios, irrita tus v\u00edas respiratorias y destruye lentamente tu salud. Desde las primeras inhalaciones, las consecuencias son visibles: los cilios vibratorios de tus pulmones, los barredores naturales que limpian tu sistema respiratorio, [&hellip;]","og_url":"https:\/\/www.mylasertabac.com\/es\/fumar-o-respirar-la-eleccion-de-estilo-de-vida-que-lo-cambia-todo\/","og_site_name":"My Laser Tabac","article_author":"https:\/\/www.facebook.com\/profile.php?id=61571554707319","article_published_time":"2025-07-30T12:17:30+00:00","og_image":[{"width":1536,"height":1024,"url":"https:\/\/www.mylasertabac.com\/wp-content\/uploads\/2025\/07\/Fumer-ou-respirer-le-choix-qui-peut-tout-changer.png","type":"image\/png"}],"author":"Florian Fortes","twitter_card":"summary_large_image","twitter_misc":{"Escrito por":"Florian Fortes","Tiempo de lectura":"4 minutos"},"schema":{"@context":"https:\/\/schema.org","@graph":[{"@type":"Article","@id":"https:\/\/www.mylasertabac.com\/es\/fumar-o-respirar-la-eleccion-de-estilo-de-vida-que-lo-cambia-todo\/#article","isPartOf":{"@id":"https:\/\/www.mylasertabac.com\/es\/fumar-o-respirar-la-eleccion-de-estilo-de-vida-que-lo-cambia-todo\/"},"author":{"name":"Florian Fortes","@id":"https:\/\/www.mylasertabac.com\/es\/#\/schema\/person\/02c249cb76d912efb6c315ec23eccdf3"},"headline":"Fumar o respirar: la elecci\u00f3n de estilo de vida que lo cambia todo","datePublished":"2025-07-30T12:17:30+00:00","mainEntityOfPage":{"@id":"https:\/\/www.mylasertabac.com\/es\/fumar-o-respirar-la-eleccion-de-estilo-de-vida-que-lo-cambia-todo\/"},"wordCount":865,"publisher":{"@id":"https:\/\/www.mylasertabac.com\/es\/#organization"},"image":{"@id":"https:\/\/www.mylasertabac.com\/es\/fumar-o-respirar-la-eleccion-de-estilo-de-vida-que-lo-cambia-todo\/#primaryimage"},"thumbnailUrl":"https:\/\/www.mylasertabac.com\/wp-content\/uploads\/2025\/07\/Fumer-ou-respirer-le-choix-qui-peut-tout-changer.png","articleSection":["Salud y adicci\u00f3n","Sin categorizar"],"inLanguage":"es"},{"@type":"WebPage","@id":"https:\/\/www.mylasertabac.com\/es\/fumar-o-respirar-la-eleccion-de-estilo-de-vida-que-lo-cambia-todo\/","url":"https:\/\/www.mylasertabac.com\/es\/fumar-o-respirar-la-eleccion-de-estilo-de-vida-que-lo-cambia-todo\/","name":"Fumar o respirar: la elecci\u00f3n de estilo de vida que lo cambia todo - My Laser Tabac","isPartOf":{"@id":"https:\/\/www.mylasertabac.com\/es\/#website"},"primaryImageOfPage":{"@id":"https:\/\/www.mylasertabac.com\/es\/fumar-o-respirar-la-eleccion-de-estilo-de-vida-que-lo-cambia-todo\/#primaryimage"},"image":{"@id":"https:\/\/www.mylasertabac.com\/es\/fumar-o-respirar-la-eleccion-de-estilo-de-vida-que-lo-cambia-todo\/#primaryimage"},"thumbnailUrl":"https:\/\/www.mylasertabac.com\/wp-content\/uploads\/2025\/07\/Fumer-ou-respirer-le-choix-qui-peut-tout-changer.png","datePublished":"2025-07-30T12:17:30+00:00","breadcrumb":{"@id":"https:\/\/www.mylasertabac.com\/es\/fumar-o-respirar-la-eleccion-de-estilo-de-vida-que-lo-cambia-todo\/#breadcrumb"},"inLanguage":"es","potentialAction":[{"@type":"ReadAction","target":["https:\/\/www.mylasertabac.com\/es\/fumar-o-respirar-la-eleccion-de-estilo-de-vida-que-lo-cambia-todo\/"]}]},{"@type":"ImageObject","inLanguage":"es","@id":"https:\/\/www.mylasertabac.com\/es\/fumar-o-respirar-la-eleccion-de-estilo-de-vida-que-lo-cambia-todo\/#primaryimage","url":"https:\/\/www.mylasertabac.com\/wp-content\/uploads\/2025\/07\/Fumer-ou-respirer-le-choix-qui-peut-tout-changer.png","contentUrl":"https:\/\/www.mylasertabac.com\/wp-content\/uploads\/2025\/07\/Fumer-ou-respirer-le-choix-qui-peut-tout-changer.png","width":1536,"height":1024},{"@type":"BreadcrumbList","@id":"https:\/\/www.mylasertabac.com\/es\/fumar-o-respirar-la-eleccion-de-estilo-de-vida-que-lo-cambia-todo\/#breadcrumb","itemListElement":[{"@type":"ListItem","position":1,"name":"Accueil","item":"https:\/\/www.mylasertabac.com\/es\/inicio\/"},{"@type":"ListItem","position":2,"name":"Fumar o respirar: la elecci\u00f3n de estilo de vida que lo cambia todo"}]},{"@type":"WebSite","@id":"https:\/\/www.mylasertabac.com\/es\/#website","url":"https:\/\/www.mylasertabac.com\/es\/","name":"My Laser Tabac","description":"La solution laser qui transforme les fumeurs en ex-fumeurs","publisher":{"@id":"https:\/\/www.mylasertabac.com\/es\/#organization"},"potentialAction":[{"@type":"SearchAction","target":{"@type":"EntryPoint","urlTemplate":"https:\/\/www.mylasertabac.com\/es\/?s={search_term_string}"},"query-input":{"@type":"PropertyValueSpecification","valueRequired":true,"valueName":"search_term_string"}}],"inLanguage":"es"},{"@type":"Organization","@id":"https:\/\/www.mylasertabac.com\/es\/#organization","name":"My Laser Tabac","url":"https:\/\/www.mylasertabac.com\/es\/","logo":{"@type":"ImageObject","inLanguage":"es","@id":"https:\/\/www.mylasertabac.com\/es\/#\/schema\/logo\/image\/","url":"https:\/\/www.mylasertabac.com\/wp-content\/uploads\/2024\/12\/mlt-verteau.svg","contentUrl":"https:\/\/www.mylasertabac.com\/wp-content\/uploads\/2024\/12\/mlt-verteau.svg","caption":"My Laser Tabac"},"image":{"@id":"https:\/\/www.mylasertabac.com\/es\/#\/schema\/logo\/image\/"}},{"@type":"Person","@id":"https:\/\/www.mylasertabac.com\/es\/#\/schema\/person\/02c249cb76d912efb6c315ec23eccdf3","name":"Florian Fortes","image":{"@type":"ImageObject","inLanguage":"es","@id":"https:\/\/www.mylasertabac.com\/wp-content\/litespeed\/avatar\/142101a71d7b9e6490c1120d9c109a67.jpg?ver=1777461116","url":"https:\/\/www.mylasertabac.com\/wp-content\/litespeed\/avatar\/142101a71d7b9e6490c1120d9c109a67.jpg?ver=1777461116","contentUrl":"https:\/\/www.mylasertabac.com\/wp-content\/litespeed\/avatar\/142101a71d7b9e6490c1120d9c109a67.jpg?ver=1777461116","caption":"Florian Fortes"},"sameAs":["https:\/\/www.mylasertabac.com","https:\/\/www.facebook.com\/profile.php?id=61571554707319"],"url":"https:\/\/www.mylasertabac.com\/es\/author\/florianfortes5312\/"}]}},"_links":{"self":[{"href":"https:\/\/www.mylasertabac.com\/es\/wp-json\/wp\/v2\/posts\/11866","targetHints":{"allow":["GET"]}}],"collection":[{"href":"https:\/\/www.mylasertabac.com\/es\/wp-json\/wp\/v2\/posts"}],"about":[{"href":"https:\/\/www.mylasertabac.com\/es\/wp-json\/wp\/v2\/types\/post"}],"author":[{"embeddable":true,"href":"https:\/\/www.mylasertabac.com\/es\/wp-json\/wp\/v2\/users\/2"}],"replies":[{"embeddable":true,"href":"https:\/\/www.mylasertabac.com\/es\/wp-json\/wp\/v2\/comments?post=11866"}],"version-history":[{"count":1,"href":"https:\/\/www.mylasertabac.com\/es\/wp-json\/wp\/v2\/posts\/11866\/revisions"}],"predecessor-version":[{"id":11868,"href":"https:\/\/www.mylasertabac.com\/es\/wp-json\/wp\/v2\/posts\/11866\/revisions\/11868"}],"wp:featuredmedia":[{"embeddable":true,"href":"https:\/\/www.mylasertabac.com\/es\/wp-json\/wp\/v2\/media\/11864"}],"wp:attachment":[{"href":"https:\/\/www.mylasertabac.com\/es\/wp-json\/wp\/v2\/media?parent=11866"}],"wp:term":[{"taxonomy":"category","embeddable":true,"href":"https:\/\/www.mylasertabac.com\/es\/wp-json\/wp\/v2\/categories?post=11866"},{"taxonomy":"post_tag","embeddable":true,"href":"https:\/\/www.mylasertabac.com\/es\/wp-json\/wp\/v2\/tags?post=11866"}],"curies":[{"name":"wp","href":"https:\/\/api.w.org\/{rel}","templated":true}]}}