{"id":12273,"date":"2025-07-30T00:41:43","date_gmt":"2025-07-29T22:41:43","guid":{"rendered":"https:\/\/www.mylasertabac.com\/se-esta-volviendo-adicta-la-generacion-z-sin-darse-cuenta\/"},"modified":"2025-07-30T13:35:45","modified_gmt":"2025-07-30T11:35:45","slug":"se-esta-volviendo-adicta-la-generacion-z-sin-darse-cuenta","status":"publish","type":"post","link":"https:\/\/www.mylasertabac.com\/es\/se-esta-volviendo-adicta-la-generacion-z-sin-darse-cuenta\/","title":{"rendered":"\u00bfSe est\u00e1 volviendo adicta la Generaci\u00f3n Z sin darse cuenta?"},"content":{"rendered":"\n<div style=\"height:15px\" aria-hidden=\"true\" class=\"wp-block-spacer\"><\/div>\n\n<p>Tienen entre 12 y 27 a\u00f1os. Han crecido con Internet, las redes sociales, la vida r\u00e1pida y la instantaneidad. Pero, sobre todo, son el blanco ideal de una nueva forma de adicci\u00f3n: m\u00e1s insidiosa, m\u00e1s aceptada socialmente, pero igual de peligrosa. \u00bfEst\u00e1 cayendo la generaci\u00f3n Z en la trampa invisible de las nuevas adicciones? \u00bfY si ahora sonaran las alarmas?    <\/p>\n\n<div style=\"height:15px\" aria-hidden=\"true\" class=\"wp-block-spacer\"><\/div>\n\n<h2 class=\"wp-block-heading\">Adicciones que no dicen su nombre<\/h2>\n\n<div style=\"height:15px\" aria-hidden=\"true\" class=\"wp-block-spacer\"><\/div>\n\n<h3 class=\"wp-block-heading\">La PEUF: el cigarrillo electr\u00f3nico \u00abinvisible\u00bb pero peligroso<\/h3>\n\n<div style=\"height:23px\" aria-hidden=\"true\" class=\"wp-block-spacer\"><\/div>\n\n<p>El <strong>PEUF<\/strong>, un cigarrillo electr\u00f3nico desechable de aspecto colorido y sabor dulce, atrae cada vez m\u00e1s a los adolescentes. Promocionados como una alternativa \u00abmenos nociva\u00bb a los cigarrillos convencionales, son en realidad una <strong>formidable trampa de marketing<\/strong>. Detr\u00e1s de su apariencia inofensiva, a menudo se esconde un <strong>contenido muy alto de nicotina<\/strong>, equivalente al de un paquete de cigarrillos.  <\/p>\n\n<div style=\"height:15px\" aria-hidden=\"true\" class=\"wp-block-spacer\"><\/div>\n\n<p>\u00bfQu\u00e9 es lo m\u00e1s preocupante? El hecho de que se haya convertido en algo habitual. Las caladas se intercambian en los patios de los colegios como si fueran un accesorio de moda. Sin embargo, seg\u00fan una encuesta reciente, <strong>1 de cada 2 adolescentes ha probado una calada antes de los 15 a\u00f1os<\/strong>. \u00bfEl peligro? Una adicci\u00f3n precoz, trivializada y a menudo <strong>ignorada por los adultos<\/strong>.     <\/p>\n\n<div style=\"height:21px\" aria-hidden=\"true\" class=\"wp-block-spacer\"><\/div>\n\n<figure class=\"wp-block-image aligncenter size-full\"><img fetchpriority=\"high\" decoding=\"async\" width=\"1024\" height=\"1024\" src=\"https:\/\/www.mylasertabac.com\/wp-content\/uploads\/2025\/07\/addiction-au-reseau-sociaux.png\" alt=\"\" class=\"wp-image-12308\" srcset=\"https:\/\/www.mylasertabac.com\/wp-content\/uploads\/2025\/07\/addiction-au-reseau-sociaux.png 1024w, https:\/\/www.mylasertabac.com\/wp-content\/uploads\/2025\/07\/addiction-au-reseau-sociaux-300x300.png 300w, https:\/\/www.mylasertabac.com\/wp-content\/uploads\/2025\/07\/addiction-au-reseau-sociaux-150x150.png 150w, https:\/\/www.mylasertabac.com\/wp-content\/uploads\/2025\/07\/addiction-au-reseau-sociaux-768x768.png 768w\" sizes=\"(max-width: 1024px) 100vw, 1024px\" \/><\/figure>\n\n<h3 class=\"wp-block-heading\">Az\u00facar, pantallas, dopamina: los nuevos narcotraficantes de la vida cotidiana<\/h3>\n\n<p>Lejos del t\u00f3pico de las drogas il\u00edcitas, la generaci\u00f3n Z est\u00e1 expuesta cada d\u00eda a <strong>sustancias adictivas legales<\/strong>&#8230; pero son igual de preocupantes. El az\u00facar, omnipresente en bebidas, aperitivos, cereales y comidas preparadas, act\u00faa como una <strong>droga blanda<\/strong> en el cerebro. Provoca picos de <strong>dopamina<\/strong> que crean una dependencia insidiosa dif\u00edcil de romper.  <\/p>\n\n<p><strong>Las pantallas<\/strong> y las <strong>redes sociales<\/strong> funcionan seg\u00fan el mismo principio: recompensas instant\u00e1neas, desplazamiento sin fin, p\u00e9rdida de puntos de referencia temporales. \u00bfEl resultado? Una <strong>adicci\u00f3n conductual<\/strong> con efectos comparables a los de las drogas, con alteraciones del sue\u00f1o, ansiedad, disminuci\u00f3n de la concentraci\u00f3n&#8230; y una incapacidad para abandonar.<\/p>\n\n<div style=\"height:31px\" aria-hidden=\"true\" class=\"wp-block-spacer\"><\/div>\n\n<h3 class=\"wp-block-heading\">Cannabis light y ansiol\u00edticos en libre circulaci\u00f3n: falsa seguridad, riesgo real<\/h3>\n\n<div style=\"height:16px\" aria-hidden=\"true\" class=\"wp-block-spacer\"><\/div>\n\n<p>Otra deriva masiva es el consumo de <strong>cannabis \u00ablight\u00bb<\/strong> (CBD) y ansiol\u00edticos. Promocionados como productos relajantes, naturales o \u00ablegales\u00bb, son utilizados por una parte de la generaci\u00f3n Z para hacer frente al estr\u00e9s, el malestar o el aburrimiento. \u00bfY el problema? <strong>La automedicaci\u00f3n se convierte en algo habitual<\/strong> a partir de la adolescencia, y en una <strong>puerta de entrada a adicciones m\u00e1s graves<\/strong>.   <\/p>\n\n<p>Estos productos, incluso los de venta libre, <strong>no est\u00e1n exentos de peligro<\/strong>. Crean h\u00e1bitos de evasi\u00f3n y compensaci\u00f3n, y crean un caldo de cultivo para el malestar cr\u00f3nico. <\/p>\n\n<div style=\"height:16px\" aria-hidden=\"true\" class=\"wp-block-spacer\"><\/div>\n\n<h2 class=\"wp-block-heading\">Por qu\u00e9 la generaci\u00f3n Z es la m\u00e1s vulnerable<\/h2>\n\n<div style=\"height:16px\" aria-hidden=\"true\" class=\"wp-block-spacer\"><\/div>\n\n<h3 class=\"wp-block-heading\">Una cultura del \u00abplacer inmediato<\/h3>\n\n<div style=\"height:16px\" aria-hidden=\"true\" class=\"wp-block-spacer\"><\/div>\n\n<p>El mundo digital ha cambiado nuestra relaci\u00f3n con el tiempo. Para la generaci\u00f3n Z, todo est\u00e1 <strong>disponible inmediatamente<\/strong>: series, likes, juegos, productos. Esta cultura de la instantaneidad dificulta la <strong>gesti\u00f3n de la frustraci\u00f3n<\/strong> y conduce a una b\u00fasqueda constante de nuevas fuentes de placer r\u00e1pido. Una din\u00e1mica que <strong>predispone fuertemente a la adicci\u00f3n<\/strong>, en todas sus formas.   <\/p>\n\n<div style=\"height:16px\" aria-hidden=\"true\" class=\"wp-block-spacer\"><\/div>\n\n<figure class=\"wp-block-image aligncenter size-large\"><img decoding=\"async\" width=\"1024\" height=\"1024\" src=\"https:\/\/www.mylasertabac.com\/wp-content\/uploads\/2025\/07\/tiktok-1024x1024.png\" alt=\"\" class=\"wp-image-12254\" srcset=\"https:\/\/www.mylasertabac.com\/wp-content\/uploads\/2025\/07\/tiktok-1024x1024.png 1024w, https:\/\/www.mylasertabac.com\/wp-content\/uploads\/2025\/07\/tiktok-300x300.png 300w, https:\/\/www.mylasertabac.com\/wp-content\/uploads\/2025\/07\/tiktok-150x150.png 150w, https:\/\/www.mylasertabac.com\/wp-content\/uploads\/2025\/07\/tiktok-768x768.png 768w, https:\/\/www.mylasertabac.com\/wp-content\/uploads\/2025\/07\/tiktok-1536x1536.png 1536w, https:\/\/www.mylasertabac.com\/wp-content\/uploads\/2025\/07\/tiktok-2048x2048.png 2048w\" sizes=\"(max-width: 1024px) 100vw, 1024px\" \/><\/figure>\n\n<h3 class=\"wp-block-heading\">Herramientas de marketing ultra selectivo (TikTok, influencers, juegos online)<\/h3>\n\n<p>Las marcas han comprendido claramente el funcionamiento psicol\u00f3gico de los j\u00f3venes. Los <strong>algoritmos de TikTok<\/strong>, las colocaciones de productos de los influencers o los videojuegos con compras integradas est\u00e1n dise\u00f1ados para <strong>crear apego<\/strong>, incluso dependencia. Ya no hablamos simplemente de consumo, sino de <strong>captar la atenci\u00f3n y las emociones<\/strong>.  <\/p>\n\n<p>Detr\u00e1s de esta estrategia hay un \u00fanico objetivo: mantener a los j\u00f3venes \u00abdentro\u00bb, conectados e inclinados a consumir m\u00e1s. Es una forma de adicci\u00f3n <strong>invisible, pero terriblemente eficaz<\/strong>. <\/p>\n\n<div style=\"height:18px\" aria-hidden=\"true\" class=\"wp-block-spacer\"><\/div>\n\n<h3 class=\"wp-block-heading\">Falta de directrices educativas sobre las adicciones reales<\/h3>\n\n<div style=\"height:16px\" aria-hidden=\"true\" class=\"wp-block-spacer\"><\/div>\n\n<p>Los j\u00f3venes est\u00e1n mal informados sobre la <strong>verdadera naturaleza de las adicciones modernas<\/strong>. Mientras que los peligros del tabaco y el alcohol son bien conocidos, los del az\u00facar, el PEUF y las redes sociales siguen siendo poco ense\u00f1ados en casa o en la escuela. El resultado es un <strong>comportamiento de riesgo que<\/strong> el entorno social <strong>ignora<\/strong>, normaliza y a veces incluso fomenta.  <\/p>\n\n<p>Los propios adultos carecen a menudo de <strong>una orientaci\u00f3n clara<\/strong> sobre estas nuevas formas de adicci\u00f3n, lo que <strong>dificulta prevenir o reaccionar adecuadamente<\/strong>.<\/p>\n\n<div style=\"height:16px\" aria-hidden=\"true\" class=\"wp-block-spacer\"><\/div>\n\n<h2 class=\"wp-block-heading\">\u00bfQu\u00e9 puedes hacer antes de que las cosas se te vayan de las manos?<\/h2>\n\n<div style=\"height:16px\" aria-hidden=\"true\" class=\"wp-block-spacer\"><\/div>\n\n<h3 class=\"wp-block-heading\">Se\u00f1ales que deben observarse en los j\u00f3venes<\/h3>\n\n<div style=\"height:16px\" aria-hidden=\"true\" class=\"wp-block-spacer\"><\/div>\n\n<p>La vigilancia comienza con la observaci\u00f3n. Un joven adicto no se identificar\u00e1 como tal, pero hay se\u00f1ales de advertencia: <\/p>\n\n<ul class=\"wp-block-list\">\n<li>Irritabilidad excesiva al apagar pantallas o PEUF<\/li>\n\n\n\n<li>Consumo compulsivo de bebidas o aperitivos azucarados<\/li>\n\n\n\n<li>Aislamiento, p\u00e9rdida gradual de inter\u00e9s por las actividades de ocio \u00abfuera de la pantalla\u00bb.<\/li>\n\n\n\n<li>Problemas para dormir, inquietud, fatiga constante<\/li>\n\n\n\n<li>Consumo \u00abdirigido\u00bb: para aliviar el estr\u00e9s, relajarse, seguir el ritmo escolar&#8230;<\/li>\n<\/ul>\n\n<p>Estas se\u00f1ales no deben ignorarse. <strong>Suelen indicar el inicio de una dependencia<\/strong>, aunque est\u00e9 disimulada. <\/p>\n\n<div style=\"height:16px\" aria-hidden=\"true\" class=\"wp-block-spacer\"><\/div>\n\n<h3 class=\"wp-block-heading\">Romper tab\u00faes y abrir el di\u00e1logo<\/h3>\n\n<div style=\"height:16px\" aria-hidden=\"true\" class=\"wp-block-spacer\"><\/div>\n\n<p>El primer paso es <strong>hablar sin juzgar<\/strong>. Evita los discursos moralizantes o culpabilizadores, y opta por una postura de comprensi\u00f3n. Hacer preguntas, escuchar y compartir tus propias experiencias suele ser m\u00e1s eficaz que un serm\u00f3n.  <\/p>\n\n<p>Poner palabras a lo que se vive permite a los j\u00f3venes <strong>tomar conciencia de<\/strong> su comportamiento sin avergonzarse. Tambi\u00e9n es una forma de <strong>volver a conectar con la realidad<\/strong> en un mundo digital a veces demasiado suave. <\/p>\n\n<div style=\"height:16px\" aria-hidden=\"true\" class=\"wp-block-spacer\"><\/div>\n\n<figure class=\"wp-block-image aligncenter size-full\"><img decoding=\"async\" width=\"975\" height=\"982\" src=\"https:\/\/www.mylasertabac.com\/wp-content\/uploads\/2025\/06\/centre.jpeg\" alt=\"\" class=\"wp-image-9265\" srcset=\"https:\/\/www.mylasertabac.com\/wp-content\/uploads\/2025\/06\/centre.jpeg 975w, https:\/\/www.mylasertabac.com\/wp-content\/uploads\/2025\/06\/centre-298x300.jpeg 298w, https:\/\/www.mylasertabac.com\/wp-content\/uploads\/2025\/06\/centre-150x150.jpeg 150w, https:\/\/www.mylasertabac.com\/wp-content\/uploads\/2025\/06\/centre-768x774.jpeg 768w\" sizes=\"(max-width: 975px) 100vw, 975px\" \/><\/figure>\n\n<h3 class=\"wp-block-heading\">El l\u00e1ser antiadicci\u00f3n: una alternativa natural que conquista cada vez a m\u00e1s j\u00f3venes<\/h3>\n\n<p>Existen soluciones innovadoras, naturales y eficaces para estas nuevas adicciones. El <strong>l\u00e1ser antiadicciones<\/strong>, un m\u00e9todo suave derivado de la reflexolog\u00eda auricular, se utiliza cada vez m\u00e1s para tratar a los j\u00f3venes que sufren adicciones: <strong>tabaco, az\u00facar, cannabis, estr\u00e9s, pantallas,<\/strong>etc. <\/p>\n\n<p>Esta t\u00e9cnica indolora act\u00faa en <strong>zonas reflejas del o\u00eddo<\/strong>, estimulando los circuitos de descarga del cerebro y reduciendo las ansias. Est\u00e1 especialmente indicada para <strong>la Generaci\u00f3n Z<\/strong>, reacia al consumo de drogas y que busca m\u00e9todos r\u00e1pidos, eficaces y naturales. <\/p>\n\n<p>Cada vez m\u00e1s j\u00f3venes acuden a <strong>MyLaserTabac<\/strong> <strong>con sus padres<\/strong>, buscando equilibrio, confianza y liberarse de comportamientos compulsivos.<\/p>\n\n<div style=\"height:16px\" aria-hidden=\"true\" class=\"wp-block-spacer\"><\/div>\n\n<hr class=\"wp-block-separator has-alpha-channel-opacity\"\/>\n\n<h2 class=\"wp-block-heading\">En conclusi\u00f3n<\/h2>\n\n<p>Puede que la Generaci\u00f3n Z no fume como las generaciones anteriores, pero <strong>inhala otras formas de adicci\u00f3n<\/strong>, m\u00e1s modernas, m\u00e1s enrevesadas, pero igual de poderosas. El PEUF, las pantallas, el az\u00facar y los ansiol\u00edticos no son detalles insignificantes. Est\u00e1n configurando un <strong>nuevo paisaje de la adicci\u00f3n<\/strong>, al que tenemos que responder r\u00e1pidamente, con las herramientas adecuadas.  <\/p>\n\n<p>El <strong><a href=\"https:\/\/www.mylasertabac.com\/es\/\">l\u00e1ser antiadicci\u00f3n<\/a><\/strong>ofrecido en <strong><a href=\"https:\/\/www.mylasertabac.com\/es\/\">MiL\u00e1serTabac<\/a><\/strong>es una respuesta pr\u00e1ctica, suave y eficaz a estos nuevos retos. Actuemos antes de que estas adicciones silenciosas se conviertan en prisiones invisibles para toda una generaci\u00f3n. <\/p>\n\n<div style=\"height:39px\" aria-hidden=\"true\" class=\"wp-block-spacer\"><\/div>\n\n<figure class=\"wp-block-image size-large\"><img decoding=\"async\" src=\"https:\/\/www.mylasertabac.com\/wp-content\/uploads\/\/mlt-verteau.svg\" alt=\"\" class=\"wp-image-13\"\/><\/figure>\n","protected":false},"excerpt":{"rendered":"<p>Tienen entre 12 y 27 a\u00f1os. Han crecido con Internet, las redes sociales, la vida r\u00e1pida y la instantaneidad. Pero, sobre todo, son el blanco ideal de una nueva forma de adicci\u00f3n: m\u00e1s insidiosa, m\u00e1s aceptada socialmente, pero igual de peligrosa. \u00bfEst\u00e1 cayendo la generaci\u00f3n Z en la trampa invisible de las nuevas adicciones? \u00bfY [&hellip;]<\/p>\n","protected":false},"author":2,"featured_media":12292,"comment_status":"closed","ping_status":"open","sticky":false,"template":"","format":"standard","meta":{"inline_featured_image":false,"footnotes":""},"categories":[186],"tags":[],"class_list":["post-12273","post","type-post","status-publish","format-standard","has-post-thumbnail","hentry","category-salud-y-adiccion"],"yoast_head":"<!-- This site is optimized with the Yoast SEO plugin v27.5 - https:\/\/yoast.com\/product\/yoast-seo-wordpress\/ -->\n<title>\u00bfSe est\u00e1 volviendo adicta la Generaci\u00f3n Z sin darse cuenta? - My Laser Tabac<\/title>\n<meta name=\"description\" content=\"La Generaci\u00f3n Z est\u00e1 desarrollando nuevas adicciones invisibles. Descubre c\u00f3mo afrontar las trampas del az\u00facar, el vapor, las pantallas y el cannabis.\" \/>\n<meta name=\"robots\" content=\"index, follow, max-snippet:-1, max-image-preview:large, max-video-preview:-1\" \/>\n<link rel=\"canonical\" href=\"https:\/\/www.mylasertabac.com\/es\/se-esta-volviendo-adicta-la-generacion-z-sin-darse-cuenta\/\" \/>\n<meta property=\"og:locale\" content=\"es_ES\" \/>\n<meta property=\"og:type\" content=\"article\" \/>\n<meta property=\"og:title\" content=\"\u00bfSe est\u00e1 volviendo adicta la Generaci\u00f3n Z sin darse cuenta? - My Laser Tabac\" \/>\n<meta property=\"og:description\" content=\"La Generaci\u00f3n Z est\u00e1 desarrollando nuevas adicciones invisibles. Descubre c\u00f3mo afrontar las trampas del az\u00facar, el vapor, las pantallas y el cannabis.\" \/>\n<meta property=\"og:url\" content=\"https:\/\/www.mylasertabac.com\/es\/se-esta-volviendo-adicta-la-generacion-z-sin-darse-cuenta\/\" \/>\n<meta property=\"og:site_name\" content=\"My Laser Tabac\" \/>\n<meta property=\"article:author\" content=\"https:\/\/www.facebook.com\/profile.php?id=61571554707319\" \/>\n<meta property=\"article:published_time\" content=\"2025-07-29T22:41:43+00:00\" \/>\n<meta property=\"article:modified_time\" content=\"2025-07-30T11:35:45+00:00\" \/>\n<meta property=\"og:image\" content=\"https:\/\/www.mylasertabac.com\/wp-content\/uploads\/2025\/07\/generation-z-.jpeg\" \/>\n\t<meta property=\"og:image:width\" content=\"1206\" \/>\n\t<meta property=\"og:image:height\" content=\"793\" \/>\n\t<meta property=\"og:image:type\" content=\"image\/jpeg\" \/>\n<meta name=\"author\" content=\"Florian Fortes\" \/>\n<meta name=\"twitter:card\" content=\"summary_large_image\" \/>\n<meta name=\"twitter:label1\" content=\"Escrito por\" \/>\n\t<meta name=\"twitter:data1\" content=\"Florian Fortes\" \/>\n\t<meta name=\"twitter:label2\" content=\"Tiempo de lectura\" \/>\n\t<meta name=\"twitter:data2\" content=\"6 minutos\" \/>\n<script type=\"application\/ld+json\" class=\"yoast-schema-graph\">{\"@context\":\"https:\\\/\\\/schema.org\",\"@graph\":[{\"@type\":\"Article\",\"@id\":\"https:\\\/\\\/www.mylasertabac.com\\\/es\\\/se-esta-volviendo-adicta-la-generacion-z-sin-darse-cuenta\\\/#article\",\"isPartOf\":{\"@id\":\"https:\\\/\\\/www.mylasertabac.com\\\/es\\\/se-esta-volviendo-adicta-la-generacion-z-sin-darse-cuenta\\\/\"},\"author\":{\"name\":\"Florian Fortes\",\"@id\":\"https:\\\/\\\/www.mylasertabac.com\\\/es\\\/#\\\/schema\\\/person\\\/02c249cb76d912efb6c315ec23eccdf3\"},\"headline\":\"\u00bfSe est\u00e1 volviendo adicta la Generaci\u00f3n Z sin darse cuenta?\",\"datePublished\":\"2025-07-29T22:41:43+00:00\",\"dateModified\":\"2025-07-30T11:35:45+00:00\",\"mainEntityOfPage\":{\"@id\":\"https:\\\/\\\/www.mylasertabac.com\\\/es\\\/se-esta-volviendo-adicta-la-generacion-z-sin-darse-cuenta\\\/\"},\"wordCount\":1163,\"publisher\":{\"@id\":\"https:\\\/\\\/www.mylasertabac.com\\\/es\\\/#organization\"},\"image\":{\"@id\":\"https:\\\/\\\/www.mylasertabac.com\\\/es\\\/se-esta-volviendo-adicta-la-generacion-z-sin-darse-cuenta\\\/#primaryimage\"},\"thumbnailUrl\":\"https:\\\/\\\/www.mylasertabac.com\\\/wp-content\\\/uploads\\\/2025\\\/07\\\/generation-z-.jpeg\",\"articleSection\":[\"Salud y adicci\u00f3n\"],\"inLanguage\":\"es\"},{\"@type\":\"WebPage\",\"@id\":\"https:\\\/\\\/www.mylasertabac.com\\\/es\\\/se-esta-volviendo-adicta-la-generacion-z-sin-darse-cuenta\\\/\",\"url\":\"https:\\\/\\\/www.mylasertabac.com\\\/es\\\/se-esta-volviendo-adicta-la-generacion-z-sin-darse-cuenta\\\/\",\"name\":\"\u00bfSe est\u00e1 volviendo adicta la Generaci\u00f3n Z sin darse cuenta? - My Laser Tabac\",\"isPartOf\":{\"@id\":\"https:\\\/\\\/www.mylasertabac.com\\\/es\\\/#website\"},\"primaryImageOfPage\":{\"@id\":\"https:\\\/\\\/www.mylasertabac.com\\\/es\\\/se-esta-volviendo-adicta-la-generacion-z-sin-darse-cuenta\\\/#primaryimage\"},\"image\":{\"@id\":\"https:\\\/\\\/www.mylasertabac.com\\\/es\\\/se-esta-volviendo-adicta-la-generacion-z-sin-darse-cuenta\\\/#primaryimage\"},\"thumbnailUrl\":\"https:\\\/\\\/www.mylasertabac.com\\\/wp-content\\\/uploads\\\/2025\\\/07\\\/generation-z-.jpeg\",\"datePublished\":\"2025-07-29T22:41:43+00:00\",\"dateModified\":\"2025-07-30T11:35:45+00:00\",\"description\":\"La Generaci\u00f3n Z est\u00e1 desarrollando nuevas adicciones invisibles. Descubre c\u00f3mo afrontar las trampas del az\u00facar, el vapor, las pantallas y el cannabis.\",\"breadcrumb\":{\"@id\":\"https:\\\/\\\/www.mylasertabac.com\\\/es\\\/se-esta-volviendo-adicta-la-generacion-z-sin-darse-cuenta\\\/#breadcrumb\"},\"inLanguage\":\"es\",\"potentialAction\":[{\"@type\":\"ReadAction\",\"target\":[\"https:\\\/\\\/www.mylasertabac.com\\\/es\\\/se-esta-volviendo-adicta-la-generacion-z-sin-darse-cuenta\\\/\"]}]},{\"@type\":\"ImageObject\",\"inLanguage\":\"es\",\"@id\":\"https:\\\/\\\/www.mylasertabac.com\\\/es\\\/se-esta-volviendo-adicta-la-generacion-z-sin-darse-cuenta\\\/#primaryimage\",\"url\":\"https:\\\/\\\/www.mylasertabac.com\\\/wp-content\\\/uploads\\\/2025\\\/07\\\/generation-z-.jpeg\",\"contentUrl\":\"https:\\\/\\\/www.mylasertabac.com\\\/wp-content\\\/uploads\\\/2025\\\/07\\\/generation-z-.jpeg\",\"width\":1206,\"height\":793},{\"@type\":\"BreadcrumbList\",\"@id\":\"https:\\\/\\\/www.mylasertabac.com\\\/es\\\/se-esta-volviendo-adicta-la-generacion-z-sin-darse-cuenta\\\/#breadcrumb\",\"itemListElement\":[{\"@type\":\"ListItem\",\"position\":1,\"name\":\"Accueil\",\"item\":\"https:\\\/\\\/www.mylasertabac.com\\\/es\\\/inicio\\\/\"},{\"@type\":\"ListItem\",\"position\":2,\"name\":\"\u00bfSe est\u00e1 volviendo adicta la Generaci\u00f3n Z sin darse cuenta?\"}]},{\"@type\":\"WebSite\",\"@id\":\"https:\\\/\\\/www.mylasertabac.com\\\/es\\\/#website\",\"url\":\"https:\\\/\\\/www.mylasertabac.com\\\/es\\\/\",\"name\":\"My Laser Tabac\",\"description\":\"La solution laser qui transforme les fumeurs en ex-fumeurs\",\"publisher\":{\"@id\":\"https:\\\/\\\/www.mylasertabac.com\\\/es\\\/#organization\"},\"potentialAction\":[{\"@type\":\"SearchAction\",\"target\":{\"@type\":\"EntryPoint\",\"urlTemplate\":\"https:\\\/\\\/www.mylasertabac.com\\\/es\\\/?s={search_term_string}\"},\"query-input\":{\"@type\":\"PropertyValueSpecification\",\"valueRequired\":true,\"valueName\":\"search_term_string\"}}],\"inLanguage\":\"es\"},{\"@type\":\"Organization\",\"@id\":\"https:\\\/\\\/www.mylasertabac.com\\\/es\\\/#organization\",\"name\":\"My Laser Tabac\",\"url\":\"https:\\\/\\\/www.mylasertabac.com\\\/es\\\/\",\"logo\":{\"@type\":\"ImageObject\",\"inLanguage\":\"es\",\"@id\":\"https:\\\/\\\/www.mylasertabac.com\\\/es\\\/#\\\/schema\\\/logo\\\/image\\\/\",\"url\":\"https:\\\/\\\/www.mylasertabac.com\\\/wp-content\\\/uploads\\\/2024\\\/12\\\/mlt-verteau.svg\",\"contentUrl\":\"https:\\\/\\\/www.mylasertabac.com\\\/wp-content\\\/uploads\\\/2024\\\/12\\\/mlt-verteau.svg\",\"caption\":\"My Laser Tabac\"},\"image\":{\"@id\":\"https:\\\/\\\/www.mylasertabac.com\\\/es\\\/#\\\/schema\\\/logo\\\/image\\\/\"}},{\"@type\":\"Person\",\"@id\":\"https:\\\/\\\/www.mylasertabac.com\\\/es\\\/#\\\/schema\\\/person\\\/02c249cb76d912efb6c315ec23eccdf3\",\"name\":\"Florian Fortes\",\"image\":{\"@type\":\"ImageObject\",\"inLanguage\":\"es\",\"@id\":\"https:\\\/\\\/www.mylasertabac.com\\\/wp-content\\\/litespeed\\\/avatar\\\/142101a71d7b9e6490c1120d9c109a67.jpg?ver=1777461116\",\"url\":\"https:\\\/\\\/www.mylasertabac.com\\\/wp-content\\\/litespeed\\\/avatar\\\/142101a71d7b9e6490c1120d9c109a67.jpg?ver=1777461116\",\"contentUrl\":\"https:\\\/\\\/www.mylasertabac.com\\\/wp-content\\\/litespeed\\\/avatar\\\/142101a71d7b9e6490c1120d9c109a67.jpg?ver=1777461116\",\"caption\":\"Florian Fortes\"},\"sameAs\":[\"https:\\\/\\\/www.mylasertabac.com\",\"https:\\\/\\\/www.facebook.com\\\/profile.php?id=61571554707319\"],\"url\":\"https:\\\/\\\/www.mylasertabac.com\\\/es\\\/author\\\/florianfortes5312\\\/\"}]}<\/script>\n<!-- \/ Yoast SEO plugin. -->","yoast_head_json":{"title":"\u00bfSe est\u00e1 volviendo adicta la Generaci\u00f3n Z sin darse cuenta? - My Laser Tabac","description":"La Generaci\u00f3n Z est\u00e1 desarrollando nuevas adicciones invisibles. Descubre c\u00f3mo afrontar las trampas del az\u00facar, el vapor, las pantallas y el cannabis.","robots":{"index":"index","follow":"follow","max-snippet":"max-snippet:-1","max-image-preview":"max-image-preview:large","max-video-preview":"max-video-preview:-1"},"canonical":"https:\/\/www.mylasertabac.com\/es\/se-esta-volviendo-adicta-la-generacion-z-sin-darse-cuenta\/","og_locale":"es_ES","og_type":"article","og_title":"\u00bfSe est\u00e1 volviendo adicta la Generaci\u00f3n Z sin darse cuenta? - My Laser Tabac","og_description":"La Generaci\u00f3n Z est\u00e1 desarrollando nuevas adicciones invisibles. Descubre c\u00f3mo afrontar las trampas del az\u00facar, el vapor, las pantallas y el cannabis.","og_url":"https:\/\/www.mylasertabac.com\/es\/se-esta-volviendo-adicta-la-generacion-z-sin-darse-cuenta\/","og_site_name":"My Laser Tabac","article_author":"https:\/\/www.facebook.com\/profile.php?id=61571554707319","article_published_time":"2025-07-29T22:41:43+00:00","article_modified_time":"2025-07-30T11:35:45+00:00","og_image":[{"width":1206,"height":793,"url":"https:\/\/www.mylasertabac.com\/wp-content\/uploads\/2025\/07\/generation-z-.jpeg","type":"image\/jpeg"}],"author":"Florian Fortes","twitter_card":"summary_large_image","twitter_misc":{"Escrito por":"Florian Fortes","Tiempo de lectura":"6 minutos"},"schema":{"@context":"https:\/\/schema.org","@graph":[{"@type":"Article","@id":"https:\/\/www.mylasertabac.com\/es\/se-esta-volviendo-adicta-la-generacion-z-sin-darse-cuenta\/#article","isPartOf":{"@id":"https:\/\/www.mylasertabac.com\/es\/se-esta-volviendo-adicta-la-generacion-z-sin-darse-cuenta\/"},"author":{"name":"Florian Fortes","@id":"https:\/\/www.mylasertabac.com\/es\/#\/schema\/person\/02c249cb76d912efb6c315ec23eccdf3"},"headline":"\u00bfSe est\u00e1 volviendo adicta la Generaci\u00f3n Z sin darse cuenta?","datePublished":"2025-07-29T22:41:43+00:00","dateModified":"2025-07-30T11:35:45+00:00","mainEntityOfPage":{"@id":"https:\/\/www.mylasertabac.com\/es\/se-esta-volviendo-adicta-la-generacion-z-sin-darse-cuenta\/"},"wordCount":1163,"publisher":{"@id":"https:\/\/www.mylasertabac.com\/es\/#organization"},"image":{"@id":"https:\/\/www.mylasertabac.com\/es\/se-esta-volviendo-adicta-la-generacion-z-sin-darse-cuenta\/#primaryimage"},"thumbnailUrl":"https:\/\/www.mylasertabac.com\/wp-content\/uploads\/2025\/07\/generation-z-.jpeg","articleSection":["Salud y adicci\u00f3n"],"inLanguage":"es"},{"@type":"WebPage","@id":"https:\/\/www.mylasertabac.com\/es\/se-esta-volviendo-adicta-la-generacion-z-sin-darse-cuenta\/","url":"https:\/\/www.mylasertabac.com\/es\/se-esta-volviendo-adicta-la-generacion-z-sin-darse-cuenta\/","name":"\u00bfSe est\u00e1 volviendo adicta la Generaci\u00f3n Z sin darse cuenta? - My Laser Tabac","isPartOf":{"@id":"https:\/\/www.mylasertabac.com\/es\/#website"},"primaryImageOfPage":{"@id":"https:\/\/www.mylasertabac.com\/es\/se-esta-volviendo-adicta-la-generacion-z-sin-darse-cuenta\/#primaryimage"},"image":{"@id":"https:\/\/www.mylasertabac.com\/es\/se-esta-volviendo-adicta-la-generacion-z-sin-darse-cuenta\/#primaryimage"},"thumbnailUrl":"https:\/\/www.mylasertabac.com\/wp-content\/uploads\/2025\/07\/generation-z-.jpeg","datePublished":"2025-07-29T22:41:43+00:00","dateModified":"2025-07-30T11:35:45+00:00","description":"La Generaci\u00f3n Z est\u00e1 desarrollando nuevas adicciones invisibles. Descubre c\u00f3mo afrontar las trampas del az\u00facar, el vapor, las pantallas y el cannabis.","breadcrumb":{"@id":"https:\/\/www.mylasertabac.com\/es\/se-esta-volviendo-adicta-la-generacion-z-sin-darse-cuenta\/#breadcrumb"},"inLanguage":"es","potentialAction":[{"@type":"ReadAction","target":["https:\/\/www.mylasertabac.com\/es\/se-esta-volviendo-adicta-la-generacion-z-sin-darse-cuenta\/"]}]},{"@type":"ImageObject","inLanguage":"es","@id":"https:\/\/www.mylasertabac.com\/es\/se-esta-volviendo-adicta-la-generacion-z-sin-darse-cuenta\/#primaryimage","url":"https:\/\/www.mylasertabac.com\/wp-content\/uploads\/2025\/07\/generation-z-.jpeg","contentUrl":"https:\/\/www.mylasertabac.com\/wp-content\/uploads\/2025\/07\/generation-z-.jpeg","width":1206,"height":793},{"@type":"BreadcrumbList","@id":"https:\/\/www.mylasertabac.com\/es\/se-esta-volviendo-adicta-la-generacion-z-sin-darse-cuenta\/#breadcrumb","itemListElement":[{"@type":"ListItem","position":1,"name":"Accueil","item":"https:\/\/www.mylasertabac.com\/es\/inicio\/"},{"@type":"ListItem","position":2,"name":"\u00bfSe est\u00e1 volviendo adicta la Generaci\u00f3n Z sin darse cuenta?"}]},{"@type":"WebSite","@id":"https:\/\/www.mylasertabac.com\/es\/#website","url":"https:\/\/www.mylasertabac.com\/es\/","name":"My Laser Tabac","description":"La solution laser qui transforme les fumeurs en ex-fumeurs","publisher":{"@id":"https:\/\/www.mylasertabac.com\/es\/#organization"},"potentialAction":[{"@type":"SearchAction","target":{"@type":"EntryPoint","urlTemplate":"https:\/\/www.mylasertabac.com\/es\/?s={search_term_string}"},"query-input":{"@type":"PropertyValueSpecification","valueRequired":true,"valueName":"search_term_string"}}],"inLanguage":"es"},{"@type":"Organization","@id":"https:\/\/www.mylasertabac.com\/es\/#organization","name":"My Laser Tabac","url":"https:\/\/www.mylasertabac.com\/es\/","logo":{"@type":"ImageObject","inLanguage":"es","@id":"https:\/\/www.mylasertabac.com\/es\/#\/schema\/logo\/image\/","url":"https:\/\/www.mylasertabac.com\/wp-content\/uploads\/2024\/12\/mlt-verteau.svg","contentUrl":"https:\/\/www.mylasertabac.com\/wp-content\/uploads\/2024\/12\/mlt-verteau.svg","caption":"My Laser Tabac"},"image":{"@id":"https:\/\/www.mylasertabac.com\/es\/#\/schema\/logo\/image\/"}},{"@type":"Person","@id":"https:\/\/www.mylasertabac.com\/es\/#\/schema\/person\/02c249cb76d912efb6c315ec23eccdf3","name":"Florian Fortes","image":{"@type":"ImageObject","inLanguage":"es","@id":"https:\/\/www.mylasertabac.com\/wp-content\/litespeed\/avatar\/142101a71d7b9e6490c1120d9c109a67.jpg?ver=1777461116","url":"https:\/\/www.mylasertabac.com\/wp-content\/litespeed\/avatar\/142101a71d7b9e6490c1120d9c109a67.jpg?ver=1777461116","contentUrl":"https:\/\/www.mylasertabac.com\/wp-content\/litespeed\/avatar\/142101a71d7b9e6490c1120d9c109a67.jpg?ver=1777461116","caption":"Florian Fortes"},"sameAs":["https:\/\/www.mylasertabac.com","https:\/\/www.facebook.com\/profile.php?id=61571554707319"],"url":"https:\/\/www.mylasertabac.com\/es\/author\/florianfortes5312\/"}]}},"_links":{"self":[{"href":"https:\/\/www.mylasertabac.com\/es\/wp-json\/wp\/v2\/posts\/12273","targetHints":{"allow":["GET"]}}],"collection":[{"href":"https:\/\/www.mylasertabac.com\/es\/wp-json\/wp\/v2\/posts"}],"about":[{"href":"https:\/\/www.mylasertabac.com\/es\/wp-json\/wp\/v2\/types\/post"}],"author":[{"embeddable":true,"href":"https:\/\/www.mylasertabac.com\/es\/wp-json\/wp\/v2\/users\/2"}],"replies":[{"embeddable":true,"href":"https:\/\/www.mylasertabac.com\/es\/wp-json\/wp\/v2\/comments?post=12273"}],"version-history":[{"count":7,"href":"https:\/\/www.mylasertabac.com\/es\/wp-json\/wp\/v2\/posts\/12273\/revisions"}],"predecessor-version":[{"id":12344,"href":"https:\/\/www.mylasertabac.com\/es\/wp-json\/wp\/v2\/posts\/12273\/revisions\/12344"}],"wp:featuredmedia":[{"embeddable":true,"href":"https:\/\/www.mylasertabac.com\/es\/wp-json\/wp\/v2\/media\/12292"}],"wp:attachment":[{"href":"https:\/\/www.mylasertabac.com\/es\/wp-json\/wp\/v2\/media?parent=12273"}],"wp:term":[{"taxonomy":"category","embeddable":true,"href":"https:\/\/www.mylasertabac.com\/es\/wp-json\/wp\/v2\/categories?post=12273"},{"taxonomy":"post_tag","embeddable":true,"href":"https:\/\/www.mylasertabac.com\/es\/wp-json\/wp\/v2\/tags?post=12273"}],"curies":[{"name":"wp","href":"https:\/\/api.w.org\/{rel}","templated":true}]}}