{"id":15569,"date":"2025-09-06T09:12:49","date_gmt":"2025-09-06T07:12:49","guid":{"rendered":"https:\/\/www.mylasertabac.com\/2026-prohibicion-de-los-sobres-de-nicotina-en-francia-que-significa-para-ti\/"},"modified":"2025-09-08T09:13:46","modified_gmt":"2025-09-08T07:13:46","slug":"2026-prohibicion-de-los-sobres-de-nicotina-en-francia-que-significa-para-ti","status":"publish","type":"post","link":"https:\/\/www.mylasertabac.com\/es\/2026-prohibicion-de-los-sobres-de-nicotina-en-francia-que-significa-para-ti\/","title":{"rendered":"2026: prohibici\u00f3n de los sobres de nicotina en Francia &#8211; qu\u00e9 significa para ti"},"content":{"rendered":"\n<h2 class=\"wp-block-heading\">Un producto en el blanco&#8230; y bajo el fuego de los reguladores<\/h2>\n\n<p>En febrero de 2025, Francia inform\u00f3 oficialmente a la Comisi\u00f3n Europea de su intenci\u00f3n de prohibir los sobres de nicotina -tambi\u00e9n conocidos como bolsitas- debido a su peligroso atractivo, sobre todo para los j\u00f3venes . Con el respaldo impl\u00edcito de Bruselas a principios de septiembre, esta medida ya puede aplicarse. <\/p>\n\n<div style=\"height:18px\" aria-hidden=\"true\" class=\"wp-block-spacer\"><\/div>\n\n<h2 class=\"wp-block-heading\">\u00bfA qu\u00e9 viene tanto alboroto con estas bolsitas de nicotina?<\/h2>\n\n<ul class=\"wp-block-list\">\n<li><strong>Marketing dirigido a los j\u00f3venes<\/strong>: sabores afrutados o mentolados, comunicaci\u00f3n insidiosa en las redes sociales a trav\u00e9s de TikTok e influencers&#8230; todas ellas estrategias dise\u00f1adas para atraer y retener a nuevos consumidores.<\/li>\n\n\n\n<li><strong>Altos niveles de nicotina y r\u00e1pida adicci\u00f3n<\/strong>: algunos de estos productos suministran hasta 100 mg por dosis, una concentraci\u00f3n altamente adictiva comparable o incluso superior a la de los cigarrillos.<\/li>\n\n\n\n<li>Los <strong>casos de intoxicaci\u00f3n son motivo de preocupaci\u00f3n<\/strong>: los centros de control de intoxicaciones est\u00e1n registrando un aumento del n\u00famero de alertas entre adolescentes, sintom\u00e1ticas de sobredosis aguda.<\/li>\n<\/ul>\n\n<div style=\"height:18px\" aria-hidden=\"true\" class=\"wp-block-spacer\"><\/div>\n\n<h2 class=\"wp-block-heading\">Una medida justificada&#8230; pero controvertida<\/h2>\n\n<p>Para proteger a los j\u00f3venes, el ministro franc\u00e9s de Sanidad ha anunciado que todos estos productos estar\u00e1n prohibidos en 2026.<br\/>Sin embargo, algunos expertos advierten de que la prohibici\u00f3n priva a los fumadores adultos de una alternativa potencialmente menos nociva al tabaco fumado, como ha demostrado el modelo sueco del snus. Una medida radical, pero coherente con una pol\u00edtica de reducci\u00f3n masiva de la adicci\u00f3n. <\/p>\n\n<div style=\"height:18px\" aria-hidden=\"true\" class=\"wp-block-spacer\"><\/div>\n\n<h2 class=\"wp-block-heading\">Lo que esto significa para ti: claridad y mayor protecci\u00f3n<\/h2>\n\n<ul class=\"wp-block-list\">\n<li><strong>Menos confusi\u00f3n, m\u00e1s prevenci\u00f3n<\/strong>: los j\u00f3venes ya no estar\u00e1n expuestos a productos de nicotina ocultos tras envases atractivos.<\/li>\n\n\n\n<li><strong>Prevenir la adicci\u00f3n precoz<\/strong>: un paso importante para garantizar que la nicotina no se instale en la vida de los adolescentes.<\/li>\n\n\n\n<li><strong>Un mensaje claro: la salud es la prioridad.<\/strong>  Es una decisi\u00f3n audaz, pensada para controlar los efectos perjudiciales del marketing agresivo y las alternativas demasiado seductoras.<\/li>\n<\/ul>\n\n<div style=\"height:37px\" aria-hidden=\"true\" class=\"wp-block-spacer\"><\/div>\n\n<figure class=\"wp-block-image alignright size-large is-resized\"><a href=\"https:\/\/www.mylasertabac.com\/es\/nuestros-centros\/\"><img fetchpriority=\"high\" decoding=\"async\" width=\"1024\" height=\"668\" src=\"https:\/\/www.mylasertabac.com\/wp-content\/uploads\/2025\/08\/tu-veux-arreter-de-fumer-Clique-ici--1024x668.jpg\" alt=\"\" class=\"wp-image-13752\" style=\"width:426px;height:auto\" srcset=\"https:\/\/www.mylasertabac.com\/wp-content\/uploads\/2025\/08\/tu-veux-arreter-de-fumer-Clique-ici--1024x668.jpg 1024w, https:\/\/www.mylasertabac.com\/wp-content\/uploads\/2025\/08\/tu-veux-arreter-de-fumer-Clique-ici--300x196.jpg 300w, https:\/\/www.mylasertabac.com\/wp-content\/uploads\/2025\/08\/tu-veux-arreter-de-fumer-Clique-ici--768x501.jpg 768w, https:\/\/www.mylasertabac.com\/wp-content\/uploads\/2025\/08\/tu-veux-arreter-de-fumer-Clique-ici-.jpg 1206w\" sizes=\"(max-width: 1024px) 100vw, 1024px\" \/><\/a><\/figure>\n\n<h2 class=\"wp-block-heading\">\u00bfEst\u00e1s preparado para pasar a la acci\u00f3n?<\/h2>\n\n<p>La prohibici\u00f3n de estas bolsas deber\u00eda facilitar la vida a los fumadores que se enfrentan a esta discreta tentaci\u00f3n, al tiempo que allana el camino a otros m\u00e9todos m\u00e1s respetuosos con la salud para dejar de fumar.<\/p>\n\n<div style=\"height:31px\" aria-hidden=\"true\" class=\"wp-block-spacer\"><\/div>\n\n<h3 class=\"wp-block-heading\">Pasa a la siguiente etapa: lib\u00e9rate de toda dependencia<\/h3>\n\n<p>En <strong>MyLaserTabac<\/strong> ofrecemos un m\u00e9todo natural y eficaz: la reflexolog\u00eda auditiva l\u00e1ser. <strong><a href=\"https:\/\/www.mylasertabac.com\/es\/\">reflexolog\u00eda auditiva l\u00e1ser<\/a><\/strong> &#8211; para ayudarte a dejar de fumar y otras adicciones (az\u00facar, cannabis, alcohol).<\/p>\n\n<ul class=\"wp-block-list\">\n<li>Un enfoque suave y sin productos qu\u00edmicos<\/li>\n\n\n\n<li>Atenci\u00f3n individualizada, ya aclamada por miles de personas<\/li>\n\n\n\n<li>Un m\u00e9todo que trabaja sobre el cuerpo y la mente: estr\u00e9s, deseos, motivaci\u00f3n, equilibrio, etc.<\/li>\n<\/ul>\n\n<div style=\"height:18px\" aria-hidden=\"true\" class=\"wp-block-spacer\"><\/div>\n\n<p><strong>Act\u00faa ya<\/strong>. Aprovecha un momento clave en la legislaci\u00f3n para decir por fin STOP a la nicotina. <strong>Pide cita en uno de nuestros centros <a href=\"https:\/\/www.mylasertabac.com\/es\/\">MyLaserTabac<\/a><\/strong> y empieza tu nueva vida sin tabaco ni sustitutos adictivos, de forma sencilla, natural y para siempre. <\/p>\n\n<div style=\"height:36px\" aria-hidden=\"true\" class=\"wp-block-spacer\"><\/div>\n\n<figure class=\"wp-block-image size-large\"><img decoding=\"async\" src=\"https:\/\/www.mylasertabac.com\/wp-content\/uploads\/\/mlt-verteau.svg\" alt=\"\" class=\"wp-image-13\"\/><\/figure>\n","protected":false},"excerpt":{"rendered":"<p>Un producto en el blanco&#8230; y bajo el fuego de los reguladores En febrero de 2025, Francia inform\u00f3 oficialmente a la Comisi\u00f3n Europea de su intenci\u00f3n de prohibir los sobres de nicotina -tambi\u00e9n conocidos como bolsitas- debido a su peligroso atractivo, sobre todo para los j\u00f3venes . Con el respaldo impl\u00edcito de Bruselas a principios [&hellip;]<\/p>\n","protected":false},"author":2,"featured_media":15566,"comment_status":"closed","ping_status":"open","sticky":false,"template":"","format":"standard","meta":{"inline_featured_image":false,"footnotes":""},"categories":[582],"tags":[],"class_list":["post-15569","post","type-post","status-publish","format-standard","has-post-thumbnail","hentry","category-ley"],"yoast_head":"<!-- This site is optimized with the Yoast SEO plugin v27.4 - https:\/\/yoast.com\/product\/yoast-seo-wordpress\/ -->\n<title>Francia 2026: prohibici\u00f3n total de los sobres de nicotina<\/title>\n<meta name=\"description\" content=\"En enero de 2026, Francia prohibir\u00e1 los sobres de nicotina para proteger a los j\u00f3venes y luchar contra la adicci\u00f3n.\" \/>\n<meta name=\"robots\" content=\"index, follow, max-snippet:-1, max-image-preview:large, max-video-preview:-1\" \/>\n<link rel=\"canonical\" href=\"https:\/\/www.mylasertabac.com\/es\/2026-prohibicion-de-los-sobres-de-nicotina-en-francia-que-significa-para-ti\/\" \/>\n<meta property=\"og:locale\" content=\"es_ES\" \/>\n<meta property=\"og:type\" content=\"article\" \/>\n<meta property=\"og:title\" content=\"Francia 2026: prohibici\u00f3n total de los sobres de nicotina\" \/>\n<meta property=\"og:description\" content=\"En enero de 2026, Francia prohibir\u00e1 los sobres de nicotina para proteger a los j\u00f3venes y luchar contra la adicci\u00f3n.\" \/>\n<meta property=\"og:url\" content=\"https:\/\/www.mylasertabac.com\/es\/2026-prohibicion-de-los-sobres-de-nicotina-en-francia-que-significa-para-ti\/\" \/>\n<meta property=\"og:site_name\" content=\"My Laser Tabac\" \/>\n<meta property=\"article:author\" content=\"https:\/\/www.facebook.com\/profile.php?id=61571554707319\" \/>\n<meta property=\"article:published_time\" content=\"2025-09-06T07:12:49+00:00\" \/>\n<meta property=\"article:modified_time\" content=\"2025-09-08T07:13:46+00:00\" \/>\n<meta property=\"og:image\" content=\"https:\/\/www.mylasertabac.com\/wp-content\/uploads\/2025\/09\/Sachet-de-nicotine-interdit-en-France.jpg\" \/>\n\t<meta property=\"og:image:width\" content=\"1536\" \/>\n\t<meta property=\"og:image:height\" content=\"864\" \/>\n\t<meta property=\"og:image:type\" content=\"image\/jpeg\" \/>\n<meta name=\"author\" content=\"Florian Fortes\" \/>\n<meta name=\"twitter:card\" content=\"summary_large_image\" \/>\n<meta name=\"twitter:label1\" content=\"Escrito por\" \/>\n\t<meta name=\"twitter:data1\" content=\"Florian Fortes\" \/>\n\t<meta name=\"twitter:label2\" content=\"Tiempo de lectura\" \/>\n\t<meta name=\"twitter:data2\" content=\"3 minutos\" \/>\n<script type=\"application\/ld+json\" class=\"yoast-schema-graph\">{\"@context\":\"https:\\\/\\\/schema.org\",\"@graph\":[{\"@type\":\"Article\",\"@id\":\"https:\\\/\\\/www.mylasertabac.com\\\/es\\\/2026-prohibicion-de-los-sobres-de-nicotina-en-francia-que-significa-para-ti\\\/#article\",\"isPartOf\":{\"@id\":\"https:\\\/\\\/www.mylasertabac.com\\\/es\\\/2026-prohibicion-de-los-sobres-de-nicotina-en-francia-que-significa-para-ti\\\/\"},\"author\":{\"name\":\"Florian Fortes\",\"@id\":\"https:\\\/\\\/www.mylasertabac.com\\\/es\\\/#\\\/schema\\\/person\\\/02c249cb76d912efb6c315ec23eccdf3\"},\"headline\":\"2026: prohibici\u00f3n de los sobres de nicotina en Francia &#8211; qu\u00e9 significa para ti\",\"datePublished\":\"2025-09-06T07:12:49+00:00\",\"dateModified\":\"2025-09-08T07:13:46+00:00\",\"mainEntityOfPage\":{\"@id\":\"https:\\\/\\\/www.mylasertabac.com\\\/es\\\/2026-prohibicion-de-los-sobres-de-nicotina-en-francia-que-significa-para-ti\\\/\"},\"wordCount\":523,\"publisher\":{\"@id\":\"https:\\\/\\\/www.mylasertabac.com\\\/es\\\/#organization\"},\"image\":{\"@id\":\"https:\\\/\\\/www.mylasertabac.com\\\/es\\\/2026-prohibicion-de-los-sobres-de-nicotina-en-francia-que-significa-para-ti\\\/#primaryimage\"},\"thumbnailUrl\":\"https:\\\/\\\/www.mylasertabac.com\\\/wp-content\\\/uploads\\\/2025\\\/09\\\/Sachet-de-nicotine-interdit-en-France.jpg\",\"articleSection\":[\"ley\"],\"inLanguage\":\"es\"},{\"@type\":\"WebPage\",\"@id\":\"https:\\\/\\\/www.mylasertabac.com\\\/es\\\/2026-prohibicion-de-los-sobres-de-nicotina-en-francia-que-significa-para-ti\\\/\",\"url\":\"https:\\\/\\\/www.mylasertabac.com\\\/es\\\/2026-prohibicion-de-los-sobres-de-nicotina-en-francia-que-significa-para-ti\\\/\",\"name\":\"Francia 2026: prohibici\u00f3n total de los sobres de nicotina\",\"isPartOf\":{\"@id\":\"https:\\\/\\\/www.mylasertabac.com\\\/es\\\/#website\"},\"primaryImageOfPage\":{\"@id\":\"https:\\\/\\\/www.mylasertabac.com\\\/es\\\/2026-prohibicion-de-los-sobres-de-nicotina-en-francia-que-significa-para-ti\\\/#primaryimage\"},\"image\":{\"@id\":\"https:\\\/\\\/www.mylasertabac.com\\\/es\\\/2026-prohibicion-de-los-sobres-de-nicotina-en-francia-que-significa-para-ti\\\/#primaryimage\"},\"thumbnailUrl\":\"https:\\\/\\\/www.mylasertabac.com\\\/wp-content\\\/uploads\\\/2025\\\/09\\\/Sachet-de-nicotine-interdit-en-France.jpg\",\"datePublished\":\"2025-09-06T07:12:49+00:00\",\"dateModified\":\"2025-09-08T07:13:46+00:00\",\"description\":\"En enero de 2026, Francia prohibir\u00e1 los sobres de nicotina para proteger a los j\u00f3venes y luchar contra la adicci\u00f3n.\",\"breadcrumb\":{\"@id\":\"https:\\\/\\\/www.mylasertabac.com\\\/es\\\/2026-prohibicion-de-los-sobres-de-nicotina-en-francia-que-significa-para-ti\\\/#breadcrumb\"},\"inLanguage\":\"es\",\"potentialAction\":[{\"@type\":\"ReadAction\",\"target\":[\"https:\\\/\\\/www.mylasertabac.com\\\/es\\\/2026-prohibicion-de-los-sobres-de-nicotina-en-francia-que-significa-para-ti\\\/\"]}]},{\"@type\":\"ImageObject\",\"inLanguage\":\"es\",\"@id\":\"https:\\\/\\\/www.mylasertabac.com\\\/es\\\/2026-prohibicion-de-los-sobres-de-nicotina-en-francia-que-significa-para-ti\\\/#primaryimage\",\"url\":\"https:\\\/\\\/www.mylasertabac.com\\\/wp-content\\\/uploads\\\/2025\\\/09\\\/Sachet-de-nicotine-interdit-en-France.jpg\",\"contentUrl\":\"https:\\\/\\\/www.mylasertabac.com\\\/wp-content\\\/uploads\\\/2025\\\/09\\\/Sachet-de-nicotine-interdit-en-France.jpg\",\"width\":1536,\"height\":864},{\"@type\":\"BreadcrumbList\",\"@id\":\"https:\\\/\\\/www.mylasertabac.com\\\/es\\\/2026-prohibicion-de-los-sobres-de-nicotina-en-francia-que-significa-para-ti\\\/#breadcrumb\",\"itemListElement\":[{\"@type\":\"ListItem\",\"position\":1,\"name\":\"Accueil\",\"item\":\"https:\\\/\\\/www.mylasertabac.com\\\/es\\\/inicio\\\/\"},{\"@type\":\"ListItem\",\"position\":2,\"name\":\"2026: prohibici\u00f3n de los sobres de nicotina en Francia &#8211; qu\u00e9 significa para ti\"}]},{\"@type\":\"WebSite\",\"@id\":\"https:\\\/\\\/www.mylasertabac.com\\\/es\\\/#website\",\"url\":\"https:\\\/\\\/www.mylasertabac.com\\\/es\\\/\",\"name\":\"My Laser Tabac\",\"description\":\"La solution laser qui transforme les fumeurs en ex-fumeurs\",\"publisher\":{\"@id\":\"https:\\\/\\\/www.mylasertabac.com\\\/es\\\/#organization\"},\"potentialAction\":[{\"@type\":\"SearchAction\",\"target\":{\"@type\":\"EntryPoint\",\"urlTemplate\":\"https:\\\/\\\/www.mylasertabac.com\\\/es\\\/?s={search_term_string}\"},\"query-input\":{\"@type\":\"PropertyValueSpecification\",\"valueRequired\":true,\"valueName\":\"search_term_string\"}}],\"inLanguage\":\"es\"},{\"@type\":\"Organization\",\"@id\":\"https:\\\/\\\/www.mylasertabac.com\\\/es\\\/#organization\",\"name\":\"My Laser Tabac\",\"url\":\"https:\\\/\\\/www.mylasertabac.com\\\/es\\\/\",\"logo\":{\"@type\":\"ImageObject\",\"inLanguage\":\"es\",\"@id\":\"https:\\\/\\\/www.mylasertabac.com\\\/es\\\/#\\\/schema\\\/logo\\\/image\\\/\",\"url\":\"https:\\\/\\\/www.mylasertabac.com\\\/wp-content\\\/uploads\\\/2024\\\/12\\\/mlt-verteau.svg\",\"contentUrl\":\"https:\\\/\\\/www.mylasertabac.com\\\/wp-content\\\/uploads\\\/2024\\\/12\\\/mlt-verteau.svg\",\"caption\":\"My Laser Tabac\"},\"image\":{\"@id\":\"https:\\\/\\\/www.mylasertabac.com\\\/es\\\/#\\\/schema\\\/logo\\\/image\\\/\"}},{\"@type\":\"Person\",\"@id\":\"https:\\\/\\\/www.mylasertabac.com\\\/es\\\/#\\\/schema\\\/person\\\/02c249cb76d912efb6c315ec23eccdf3\",\"name\":\"Florian Fortes\",\"image\":{\"@type\":\"ImageObject\",\"inLanguage\":\"es\",\"@id\":\"https:\\\/\\\/www.mylasertabac.com\\\/wp-content\\\/litespeed\\\/avatar\\\/142101a71d7b9e6490c1120d9c109a67.jpg?ver=1776856306\",\"url\":\"https:\\\/\\\/www.mylasertabac.com\\\/wp-content\\\/litespeed\\\/avatar\\\/142101a71d7b9e6490c1120d9c109a67.jpg?ver=1776856306\",\"contentUrl\":\"https:\\\/\\\/www.mylasertabac.com\\\/wp-content\\\/litespeed\\\/avatar\\\/142101a71d7b9e6490c1120d9c109a67.jpg?ver=1776856306\",\"caption\":\"Florian Fortes\"},\"sameAs\":[\"https:\\\/\\\/www.mylasertabac.com\",\"https:\\\/\\\/www.facebook.com\\\/profile.php?id=61571554707319\"],\"url\":\"https:\\\/\\\/www.mylasertabac.com\\\/es\\\/author\\\/florianfortes5312\\\/\"}]}<\/script>\n<!-- \/ Yoast SEO plugin. -->","yoast_head_json":{"title":"Francia 2026: prohibici\u00f3n total de los sobres de nicotina","description":"En enero de 2026, Francia prohibir\u00e1 los sobres de nicotina para proteger a los j\u00f3venes y luchar contra la adicci\u00f3n.","robots":{"index":"index","follow":"follow","max-snippet":"max-snippet:-1","max-image-preview":"max-image-preview:large","max-video-preview":"max-video-preview:-1"},"canonical":"https:\/\/www.mylasertabac.com\/es\/2026-prohibicion-de-los-sobres-de-nicotina-en-francia-que-significa-para-ti\/","og_locale":"es_ES","og_type":"article","og_title":"Francia 2026: prohibici\u00f3n total de los sobres de nicotina","og_description":"En enero de 2026, Francia prohibir\u00e1 los sobres de nicotina para proteger a los j\u00f3venes y luchar contra la adicci\u00f3n.","og_url":"https:\/\/www.mylasertabac.com\/es\/2026-prohibicion-de-los-sobres-de-nicotina-en-francia-que-significa-para-ti\/","og_site_name":"My Laser Tabac","article_author":"https:\/\/www.facebook.com\/profile.php?id=61571554707319","article_published_time":"2025-09-06T07:12:49+00:00","article_modified_time":"2025-09-08T07:13:46+00:00","og_image":[{"width":1536,"height":864,"url":"https:\/\/www.mylasertabac.com\/wp-content\/uploads\/2025\/09\/Sachet-de-nicotine-interdit-en-France.jpg","type":"image\/jpeg"}],"author":"Florian Fortes","twitter_card":"summary_large_image","twitter_misc":{"Escrito por":"Florian Fortes","Tiempo de lectura":"3 minutos"},"schema":{"@context":"https:\/\/schema.org","@graph":[{"@type":"Article","@id":"https:\/\/www.mylasertabac.com\/es\/2026-prohibicion-de-los-sobres-de-nicotina-en-francia-que-significa-para-ti\/#article","isPartOf":{"@id":"https:\/\/www.mylasertabac.com\/es\/2026-prohibicion-de-los-sobres-de-nicotina-en-francia-que-significa-para-ti\/"},"author":{"name":"Florian Fortes","@id":"https:\/\/www.mylasertabac.com\/es\/#\/schema\/person\/02c249cb76d912efb6c315ec23eccdf3"},"headline":"2026: prohibici\u00f3n de los sobres de nicotina en Francia &#8211; qu\u00e9 significa para ti","datePublished":"2025-09-06T07:12:49+00:00","dateModified":"2025-09-08T07:13:46+00:00","mainEntityOfPage":{"@id":"https:\/\/www.mylasertabac.com\/es\/2026-prohibicion-de-los-sobres-de-nicotina-en-francia-que-significa-para-ti\/"},"wordCount":523,"publisher":{"@id":"https:\/\/www.mylasertabac.com\/es\/#organization"},"image":{"@id":"https:\/\/www.mylasertabac.com\/es\/2026-prohibicion-de-los-sobres-de-nicotina-en-francia-que-significa-para-ti\/#primaryimage"},"thumbnailUrl":"https:\/\/www.mylasertabac.com\/wp-content\/uploads\/2025\/09\/Sachet-de-nicotine-interdit-en-France.jpg","articleSection":["ley"],"inLanguage":"es"},{"@type":"WebPage","@id":"https:\/\/www.mylasertabac.com\/es\/2026-prohibicion-de-los-sobres-de-nicotina-en-francia-que-significa-para-ti\/","url":"https:\/\/www.mylasertabac.com\/es\/2026-prohibicion-de-los-sobres-de-nicotina-en-francia-que-significa-para-ti\/","name":"Francia 2026: prohibici\u00f3n total de los sobres de nicotina","isPartOf":{"@id":"https:\/\/www.mylasertabac.com\/es\/#website"},"primaryImageOfPage":{"@id":"https:\/\/www.mylasertabac.com\/es\/2026-prohibicion-de-los-sobres-de-nicotina-en-francia-que-significa-para-ti\/#primaryimage"},"image":{"@id":"https:\/\/www.mylasertabac.com\/es\/2026-prohibicion-de-los-sobres-de-nicotina-en-francia-que-significa-para-ti\/#primaryimage"},"thumbnailUrl":"https:\/\/www.mylasertabac.com\/wp-content\/uploads\/2025\/09\/Sachet-de-nicotine-interdit-en-France.jpg","datePublished":"2025-09-06T07:12:49+00:00","dateModified":"2025-09-08T07:13:46+00:00","description":"En enero de 2026, Francia prohibir\u00e1 los sobres de nicotina para proteger a los j\u00f3venes y luchar contra la adicci\u00f3n.","breadcrumb":{"@id":"https:\/\/www.mylasertabac.com\/es\/2026-prohibicion-de-los-sobres-de-nicotina-en-francia-que-significa-para-ti\/#breadcrumb"},"inLanguage":"es","potentialAction":[{"@type":"ReadAction","target":["https:\/\/www.mylasertabac.com\/es\/2026-prohibicion-de-los-sobres-de-nicotina-en-francia-que-significa-para-ti\/"]}]},{"@type":"ImageObject","inLanguage":"es","@id":"https:\/\/www.mylasertabac.com\/es\/2026-prohibicion-de-los-sobres-de-nicotina-en-francia-que-significa-para-ti\/#primaryimage","url":"https:\/\/www.mylasertabac.com\/wp-content\/uploads\/2025\/09\/Sachet-de-nicotine-interdit-en-France.jpg","contentUrl":"https:\/\/www.mylasertabac.com\/wp-content\/uploads\/2025\/09\/Sachet-de-nicotine-interdit-en-France.jpg","width":1536,"height":864},{"@type":"BreadcrumbList","@id":"https:\/\/www.mylasertabac.com\/es\/2026-prohibicion-de-los-sobres-de-nicotina-en-francia-que-significa-para-ti\/#breadcrumb","itemListElement":[{"@type":"ListItem","position":1,"name":"Accueil","item":"https:\/\/www.mylasertabac.com\/es\/inicio\/"},{"@type":"ListItem","position":2,"name":"2026: prohibici\u00f3n de los sobres de nicotina en Francia &#8211; qu\u00e9 significa para ti"}]},{"@type":"WebSite","@id":"https:\/\/www.mylasertabac.com\/es\/#website","url":"https:\/\/www.mylasertabac.com\/es\/","name":"My Laser Tabac","description":"La solution laser qui transforme les fumeurs en ex-fumeurs","publisher":{"@id":"https:\/\/www.mylasertabac.com\/es\/#organization"},"potentialAction":[{"@type":"SearchAction","target":{"@type":"EntryPoint","urlTemplate":"https:\/\/www.mylasertabac.com\/es\/?s={search_term_string}"},"query-input":{"@type":"PropertyValueSpecification","valueRequired":true,"valueName":"search_term_string"}}],"inLanguage":"es"},{"@type":"Organization","@id":"https:\/\/www.mylasertabac.com\/es\/#organization","name":"My Laser Tabac","url":"https:\/\/www.mylasertabac.com\/es\/","logo":{"@type":"ImageObject","inLanguage":"es","@id":"https:\/\/www.mylasertabac.com\/es\/#\/schema\/logo\/image\/","url":"https:\/\/www.mylasertabac.com\/wp-content\/uploads\/2024\/12\/mlt-verteau.svg","contentUrl":"https:\/\/www.mylasertabac.com\/wp-content\/uploads\/2024\/12\/mlt-verteau.svg","caption":"My Laser Tabac"},"image":{"@id":"https:\/\/www.mylasertabac.com\/es\/#\/schema\/logo\/image\/"}},{"@type":"Person","@id":"https:\/\/www.mylasertabac.com\/es\/#\/schema\/person\/02c249cb76d912efb6c315ec23eccdf3","name":"Florian Fortes","image":{"@type":"ImageObject","inLanguage":"es","@id":"https:\/\/www.mylasertabac.com\/wp-content\/litespeed\/avatar\/142101a71d7b9e6490c1120d9c109a67.jpg?ver=1776856306","url":"https:\/\/www.mylasertabac.com\/wp-content\/litespeed\/avatar\/142101a71d7b9e6490c1120d9c109a67.jpg?ver=1776856306","contentUrl":"https:\/\/www.mylasertabac.com\/wp-content\/litespeed\/avatar\/142101a71d7b9e6490c1120d9c109a67.jpg?ver=1776856306","caption":"Florian Fortes"},"sameAs":["https:\/\/www.mylasertabac.com","https:\/\/www.facebook.com\/profile.php?id=61571554707319"],"url":"https:\/\/www.mylasertabac.com\/es\/author\/florianfortes5312\/"}]}},"_links":{"self":[{"href":"https:\/\/www.mylasertabac.com\/es\/wp-json\/wp\/v2\/posts\/15569","targetHints":{"allow":["GET"]}}],"collection":[{"href":"https:\/\/www.mylasertabac.com\/es\/wp-json\/wp\/v2\/posts"}],"about":[{"href":"https:\/\/www.mylasertabac.com\/es\/wp-json\/wp\/v2\/types\/post"}],"author":[{"embeddable":true,"href":"https:\/\/www.mylasertabac.com\/es\/wp-json\/wp\/v2\/users\/2"}],"replies":[{"embeddable":true,"href":"https:\/\/www.mylasertabac.com\/es\/wp-json\/wp\/v2\/comments?post=15569"}],"version-history":[{"count":1,"href":"https:\/\/www.mylasertabac.com\/es\/wp-json\/wp\/v2\/posts\/15569\/revisions"}],"predecessor-version":[{"id":15571,"href":"https:\/\/www.mylasertabac.com\/es\/wp-json\/wp\/v2\/posts\/15569\/revisions\/15571"}],"wp:featuredmedia":[{"embeddable":true,"href":"https:\/\/www.mylasertabac.com\/es\/wp-json\/wp\/v2\/media\/15566"}],"wp:attachment":[{"href":"https:\/\/www.mylasertabac.com\/es\/wp-json\/wp\/v2\/media?parent=15569"}],"wp:term":[{"taxonomy":"category","embeddable":true,"href":"https:\/\/www.mylasertabac.com\/es\/wp-json\/wp\/v2\/categories?post=15569"},{"taxonomy":"post_tag","embeddable":true,"href":"https:\/\/www.mylasertabac.com\/es\/wp-json\/wp\/v2\/tags?post=15569"}],"curies":[{"name":"wp","href":"https:\/\/api.w.org\/{rel}","templated":true}]}}