{"id":15600,"date":"2025-09-08T09:31:29","date_gmt":"2025-09-08T07:31:29","guid":{"rendered":"https:\/\/www.mylasertabac.com\/un-simple-gesto-cotidiano-podria-acelerar-el-envejecimiento-de-tu-cerebro-un-ano-y-medio-descubre-por-que\/"},"modified":"2025-09-08T10:53:16","modified_gmt":"2025-09-08T08:53:16","slug":"un-simple-gesto-cotidiano-podria-acelerar-el-envejecimiento-de-tu-cerebro-un-ano-y-medio-descubre-por-que","status":"publish","type":"post","link":"https:\/\/www.mylasertabac.com\/es\/un-simple-gesto-cotidiano-podria-acelerar-el-envejecimiento-de-tu-cerebro-un-ano-y-medio-descubre-por-que\/","title":{"rendered":"Un simple gesto cotidiano podr\u00eda acelerar el envejecimiento de tu cerebro un a\u00f1o y medio. Descubre por qu\u00e9."},"content":{"rendered":"\n<div style=\"height:21px\" aria-hidden=\"true\" class=\"wp-block-spacer\"><\/div>\n\n<p>Imagina que tomas un yogur \u00abdesnatado\u00bb o una bebida gaseosa \u00ablight\u00bb, pensando que est\u00e1s haciendo una elecci\u00f3n saludable. Y sin embargo, d\u00eda tras d\u00eda, podr\u00edas estar contribuyendo al debilitamiento de tus capacidades cognitivas. Un s\u00f3lido estudio de ocho a\u00f1os revela que los edulcorantes artificiales -a menudo considerados la alternativa \u00abresponsable\u00bb al az\u00facar- distan mucho de ser inocuos.  <\/p>\n\n<p>Una investigaci\u00f3n realizada en Brasil y publicada en la revista <em>Neurology<\/em> sigui\u00f3 a m\u00e1s de 12.000 participantes, de 52 a\u00f1os de edad de media, durante un periodo de ocho a\u00f1os. Los que consum\u00edan cantidades elevadas de edulcorantes como aspartamo, sacarina, acesulfamo-K, eritritol, sorbitol o xilitol vieron progresar su deterioro cognitivo un 62% m\u00e1s r\u00e1pidamente que los que consum\u00edan cantidades bajas. <\/p>\n\n<p>Esta aceleraci\u00f3n provoca un envejecimiento cerebral equivalente a unos 1,6 a\u00f1os m\u00e1s <a href=\"https:\/\/www.theguardian.com\/food\/2025\/sep\/03\/sweeteners-can-harm-cognitive-health-equivalent-to-16-years-of-ageing-study-finds?utm_source=chatgpt.com\" target=\"_blank\" rel=\"noreferrer noopener\">The GuardianWhy<\/a><a href=\"https:\/\/www.pourquoidocteur.fr\/Articles\/Question-d-actu\/52474-Declin-cognitif-lien-consommation-d-edulcorants?utm_source=chatgpt.com\" target=\"_blank\" rel=\"noreferrer noopener\">Doctor<\/a>. El impacto es especialmente notable en las personas menores de 60 a\u00f1os y en los diab\u00e9ticos. <\/p>\n\n<p>Entonces, \u00bfqu\u00e9 esperabas: placer sin consecuencias? Esto es lo que a veces deja la \u00abluz\u00bb: informar, animar a la acci\u00f3n, escapar al efecto acumulativo de estos aditivos. <\/p>\n\n<div style=\"height:21px\" aria-hidden=\"true\" class=\"wp-block-spacer\"><\/div>\n\n<p><strong>Lo que esto significa para ti en t\u00e9rminos pr\u00e1cticos<\/strong><\/p>\n\n<ul class=\"wp-block-list\">\n<li>El consumo regular de edulcorantes artificiales, incluso los invisibles en los alimentos \u00abbajos en grasa\u00bb, puede acelerar la p\u00e9rdida de funciones cerebrales esenciales: memoria, fluidez verbal, reflejos.<\/li>\n\n\n\n<li>El desencanto no es simplemente el resultado de una estad\u00edstica aislada, sino de un riesgo tangible durante un largo periodo de tiempo.<\/li>\n\n\n\n<li>La relaci\u00f3n establecida por este estudio, aunque observada (y no demostrada causalmente), es lo bastante grave como para hacernos replantear nuestra relaci\u00f3n con estos sustitutos del az\u00facar.<\/li>\n<\/ul>\n\n<p>Las voces de la industria alimentaria y las asociaciones comerciales se\u00f1alan que el estudio es observacional y no prueba una relaci\u00f3n causal. Se\u00f1alan que los estudios reguladores actuales consideran que los edulcorantes son seguros en las dosis recomendadas. Pero cuando un hallazgo de este tipo promete un deterioro mental m\u00e1s r\u00e1pido, se impone la precauci\u00f3n.  <\/p>\n\n<div style=\"height:21px\" aria-hidden=\"true\" class=\"wp-block-spacer\"><\/div>\n\n<p><strong>Qu\u00e9 puedes hacer ahora<\/strong><\/p>\n\n<ol class=\"wp-block-list\">\n<li>replant\u00e9ate tus h\u00e1bitos alimentarios. la etiqueta \u00absin az\u00facar\u00bb no es garant\u00eda de una mejor salud cognitiva. <\/li>\n\n\n\n<li>Privilegia las alternativas naturales, como la miel, el jarabe de arce o incluso la tagatosa &#8211; esta \u00faltima no se ha asociado a un deterioro cognitivo acelerado.<\/li>\n\n\n\n<li>considera h\u00e1bitos m\u00e1s saludables: opta por la fruta entera, cocina tu propia comida, limita los productos ultraprocesados.<\/li>\n\n\n\n<li>Ten en cuenta que para proteger tu cerebro, son las acciones cotidianas y repetidas las que marcan la diferencia.<\/li>\n<\/ol>\n\n<div style=\"height:29px\" aria-hidden=\"true\" class=\"wp-block-spacer\"><\/div>\n\n<p><strong>Una elecci\u00f3n puede cambiarlo todo<\/strong><\/p>\n\n<p>Siempre has controlado lo que entra en tu cuerpo. Hoy, estas cifras te ofrecen una nueva oportunidad: reducir una amenaza invisible pero real. Y para reconstruir tu equilibrio alimentario con mayor intenci\u00f3n. Cuidarte bien, sin artificios, se convierte no s\u00f3lo en un acto de bondad, sino en una inversi\u00f3n a largo plazo.   <\/p>\n\n<div style=\"height:48px\" aria-hidden=\"true\" class=\"wp-block-spacer\"><\/div>\n\n<figure class=\"wp-block-image size-large\"><img decoding=\"async\" src=\"https:\/\/www.mylasertabac.com\/wp-content\/uploads\/\/mlt-verteau.svg\" alt=\"\" class=\"wp-image-13\"\/><\/figure>\n","protected":false},"excerpt":{"rendered":"<p>Imagina que tomas un yogur \u00abdesnatado\u00bb o una bebida gaseosa \u00ablight\u00bb, pensando que est\u00e1s haciendo una elecci\u00f3n saludable. Y sin embargo, d\u00eda tras d\u00eda, podr\u00edas estar contribuyendo al debilitamiento de tus capacidades cognitivas. Un s\u00f3lido estudio de ocho a\u00f1os revela que los edulcorantes artificiales -a menudo considerados la alternativa \u00abresponsable\u00bb al az\u00facar- distan mucho de [&hellip;]<\/p>\n","protected":false},"author":2,"featured_media":15598,"comment_status":"closed","ping_status":"open","sticky":false,"template":"","format":"standard","meta":{"inline_featured_image":false,"footnotes":""},"categories":[120],"tags":[],"class_list":["post-15600","post","type-post","status-publish","format-standard","has-post-thumbnail","hentry","category-salud"],"yoast_head":"<!-- This site is optimized with the Yoast SEO plugin v27.4 - https:\/\/yoast.com\/product\/yoast-seo-wordpress\/ -->\n<title>Un simple gesto cotidiano podr\u00eda acelerar el envejecimiento de tu cerebro un a\u00f1o y medio. Descubre por qu\u00e9. - My Laser Tabac<\/title>\n<meta name=\"description\" content=\"Un estudio revela que los edulcorantes artificiales aceleran el envejecimiento cerebral, aumentando significativamente el deterioro cognitivo.\" \/>\n<meta name=\"robots\" content=\"index, follow, max-snippet:-1, max-image-preview:large, max-video-preview:-1\" \/>\n<link rel=\"canonical\" href=\"https:\/\/www.mylasertabac.com\/es\/un-simple-gesto-cotidiano-podria-acelerar-el-envejecimiento-de-tu-cerebro-un-ano-y-medio-descubre-por-que\/\" \/>\n<meta property=\"og:locale\" content=\"es_ES\" \/>\n<meta property=\"og:type\" content=\"article\" \/>\n<meta property=\"og:title\" content=\"Un simple gesto cotidiano podr\u00eda acelerar el envejecimiento de tu cerebro un a\u00f1o y medio. Descubre por qu\u00e9. - My Laser Tabac\" \/>\n<meta property=\"og:description\" content=\"Un estudio revela que los edulcorantes artificiales aceleran el envejecimiento cerebral, aumentando significativamente el deterioro cognitivo.\" \/>\n<meta property=\"og:url\" content=\"https:\/\/www.mylasertabac.com\/es\/un-simple-gesto-cotidiano-podria-acelerar-el-envejecimiento-de-tu-cerebro-un-ano-y-medio-descubre-por-que\/\" \/>\n<meta property=\"og:site_name\" content=\"My Laser Tabac\" \/>\n<meta property=\"article:author\" content=\"https:\/\/www.facebook.com\/profile.php?id=61571554707319\" \/>\n<meta property=\"article:published_time\" content=\"2025-09-08T07:31:29+00:00\" \/>\n<meta property=\"article:modified_time\" content=\"2025-09-08T08:53:16+00:00\" \/>\n<meta property=\"og:image\" content=\"https:\/\/www.mylasertabac.com\/wp-content\/uploads\/2025\/09\/ChatGPT-Image-8-sept.-2025-a-09_27_52-1024x683.png\" \/>\n\t<meta property=\"og:image:width\" content=\"1024\" \/>\n\t<meta property=\"og:image:height\" content=\"683\" \/>\n\t<meta property=\"og:image:type\" content=\"image\/png\" \/>\n<meta name=\"author\" content=\"Florian Fortes\" \/>\n<meta name=\"twitter:card\" content=\"summary_large_image\" \/>\n<meta name=\"twitter:label1\" content=\"Escrito por\" \/>\n\t<meta name=\"twitter:data1\" content=\"Florian Fortes\" \/>\n\t<meta name=\"twitter:label2\" content=\"Tiempo de lectura\" \/>\n\t<meta name=\"twitter:data2\" content=\"2 minutos\" \/>\n<script type=\"application\/ld+json\" class=\"yoast-schema-graph\">{\"@context\":\"https:\\\/\\\/schema.org\",\"@graph\":[{\"@type\":\"Article\",\"@id\":\"https:\\\/\\\/www.mylasertabac.com\\\/es\\\/un-simple-gesto-cotidiano-podria-acelerar-el-envejecimiento-de-tu-cerebro-un-ano-y-medio-descubre-por-que\\\/#article\",\"isPartOf\":{\"@id\":\"https:\\\/\\\/www.mylasertabac.com\\\/es\\\/un-simple-gesto-cotidiano-podria-acelerar-el-envejecimiento-de-tu-cerebro-un-ano-y-medio-descubre-por-que\\\/\"},\"author\":{\"name\":\"Florian Fortes\",\"@id\":\"https:\\\/\\\/www.mylasertabac.com\\\/es\\\/#\\\/schema\\\/person\\\/02c249cb76d912efb6c315ec23eccdf3\"},\"headline\":\"Un simple gesto cotidiano podr\u00eda acelerar el envejecimiento de tu cerebro un a\u00f1o y medio. Descubre por qu\u00e9.\",\"datePublished\":\"2025-09-08T07:31:29+00:00\",\"dateModified\":\"2025-09-08T08:53:16+00:00\",\"mainEntityOfPage\":{\"@id\":\"https:\\\/\\\/www.mylasertabac.com\\\/es\\\/un-simple-gesto-cotidiano-podria-acelerar-el-envejecimiento-de-tu-cerebro-un-ano-y-medio-descubre-por-que\\\/\"},\"wordCount\":515,\"publisher\":{\"@id\":\"https:\\\/\\\/www.mylasertabac.com\\\/es\\\/#organization\"},\"image\":{\"@id\":\"https:\\\/\\\/www.mylasertabac.com\\\/es\\\/un-simple-gesto-cotidiano-podria-acelerar-el-envejecimiento-de-tu-cerebro-un-ano-y-medio-descubre-por-que\\\/#primaryimage\"},\"thumbnailUrl\":\"https:\\\/\\\/www.mylasertabac.com\\\/wp-content\\\/uploads\\\/2025\\\/09\\\/ChatGPT-Image-8-sept.-2025-a-09_27_52.png\",\"articleSection\":[\"Salud\"],\"inLanguage\":\"es\"},{\"@type\":\"WebPage\",\"@id\":\"https:\\\/\\\/www.mylasertabac.com\\\/es\\\/un-simple-gesto-cotidiano-podria-acelerar-el-envejecimiento-de-tu-cerebro-un-ano-y-medio-descubre-por-que\\\/\",\"url\":\"https:\\\/\\\/www.mylasertabac.com\\\/es\\\/un-simple-gesto-cotidiano-podria-acelerar-el-envejecimiento-de-tu-cerebro-un-ano-y-medio-descubre-por-que\\\/\",\"name\":\"Un simple gesto cotidiano podr\u00eda acelerar el envejecimiento de tu cerebro un a\u00f1o y medio. Descubre por qu\u00e9. - My Laser Tabac\",\"isPartOf\":{\"@id\":\"https:\\\/\\\/www.mylasertabac.com\\\/es\\\/#website\"},\"primaryImageOfPage\":{\"@id\":\"https:\\\/\\\/www.mylasertabac.com\\\/es\\\/un-simple-gesto-cotidiano-podria-acelerar-el-envejecimiento-de-tu-cerebro-un-ano-y-medio-descubre-por-que\\\/#primaryimage\"},\"image\":{\"@id\":\"https:\\\/\\\/www.mylasertabac.com\\\/es\\\/un-simple-gesto-cotidiano-podria-acelerar-el-envejecimiento-de-tu-cerebro-un-ano-y-medio-descubre-por-que\\\/#primaryimage\"},\"thumbnailUrl\":\"https:\\\/\\\/www.mylasertabac.com\\\/wp-content\\\/uploads\\\/2025\\\/09\\\/ChatGPT-Image-8-sept.-2025-a-09_27_52.png\",\"datePublished\":\"2025-09-08T07:31:29+00:00\",\"dateModified\":\"2025-09-08T08:53:16+00:00\",\"description\":\"Un estudio revela que los edulcorantes artificiales aceleran el envejecimiento cerebral, aumentando significativamente el deterioro cognitivo.\",\"breadcrumb\":{\"@id\":\"https:\\\/\\\/www.mylasertabac.com\\\/es\\\/un-simple-gesto-cotidiano-podria-acelerar-el-envejecimiento-de-tu-cerebro-un-ano-y-medio-descubre-por-que\\\/#breadcrumb\"},\"inLanguage\":\"es\",\"potentialAction\":[{\"@type\":\"ReadAction\",\"target\":[\"https:\\\/\\\/www.mylasertabac.com\\\/es\\\/un-simple-gesto-cotidiano-podria-acelerar-el-envejecimiento-de-tu-cerebro-un-ano-y-medio-descubre-por-que\\\/\"]}]},{\"@type\":\"ImageObject\",\"inLanguage\":\"es\",\"@id\":\"https:\\\/\\\/www.mylasertabac.com\\\/es\\\/un-simple-gesto-cotidiano-podria-acelerar-el-envejecimiento-de-tu-cerebro-un-ano-y-medio-descubre-por-que\\\/#primaryimage\",\"url\":\"https:\\\/\\\/www.mylasertabac.com\\\/wp-content\\\/uploads\\\/2025\\\/09\\\/ChatGPT-Image-8-sept.-2025-a-09_27_52.png\",\"contentUrl\":\"https:\\\/\\\/www.mylasertabac.com\\\/wp-content\\\/uploads\\\/2025\\\/09\\\/ChatGPT-Image-8-sept.-2025-a-09_27_52.png\",\"width\":1536,\"height\":1024},{\"@type\":\"BreadcrumbList\",\"@id\":\"https:\\\/\\\/www.mylasertabac.com\\\/es\\\/un-simple-gesto-cotidiano-podria-acelerar-el-envejecimiento-de-tu-cerebro-un-ano-y-medio-descubre-por-que\\\/#breadcrumb\",\"itemListElement\":[{\"@type\":\"ListItem\",\"position\":1,\"name\":\"Accueil\",\"item\":\"https:\\\/\\\/www.mylasertabac.com\\\/es\\\/inicio\\\/\"},{\"@type\":\"ListItem\",\"position\":2,\"name\":\"Un simple gesto cotidiano podr\u00eda acelerar el envejecimiento de tu cerebro un a\u00f1o y medio. Descubre por qu\u00e9.\"}]},{\"@type\":\"WebSite\",\"@id\":\"https:\\\/\\\/www.mylasertabac.com\\\/es\\\/#website\",\"url\":\"https:\\\/\\\/www.mylasertabac.com\\\/es\\\/\",\"name\":\"My Laser Tabac\",\"description\":\"La solution laser qui transforme les fumeurs en ex-fumeurs\",\"publisher\":{\"@id\":\"https:\\\/\\\/www.mylasertabac.com\\\/es\\\/#organization\"},\"potentialAction\":[{\"@type\":\"SearchAction\",\"target\":{\"@type\":\"EntryPoint\",\"urlTemplate\":\"https:\\\/\\\/www.mylasertabac.com\\\/es\\\/?s={search_term_string}\"},\"query-input\":{\"@type\":\"PropertyValueSpecification\",\"valueRequired\":true,\"valueName\":\"search_term_string\"}}],\"inLanguage\":\"es\"},{\"@type\":\"Organization\",\"@id\":\"https:\\\/\\\/www.mylasertabac.com\\\/es\\\/#organization\",\"name\":\"My Laser Tabac\",\"url\":\"https:\\\/\\\/www.mylasertabac.com\\\/es\\\/\",\"logo\":{\"@type\":\"ImageObject\",\"inLanguage\":\"es\",\"@id\":\"https:\\\/\\\/www.mylasertabac.com\\\/es\\\/#\\\/schema\\\/logo\\\/image\\\/\",\"url\":\"https:\\\/\\\/www.mylasertabac.com\\\/wp-content\\\/uploads\\\/2024\\\/12\\\/mlt-verteau.svg\",\"contentUrl\":\"https:\\\/\\\/www.mylasertabac.com\\\/wp-content\\\/uploads\\\/2024\\\/12\\\/mlt-verteau.svg\",\"caption\":\"My Laser Tabac\"},\"image\":{\"@id\":\"https:\\\/\\\/www.mylasertabac.com\\\/es\\\/#\\\/schema\\\/logo\\\/image\\\/\"}},{\"@type\":\"Person\",\"@id\":\"https:\\\/\\\/www.mylasertabac.com\\\/es\\\/#\\\/schema\\\/person\\\/02c249cb76d912efb6c315ec23eccdf3\",\"name\":\"Florian Fortes\",\"image\":{\"@type\":\"ImageObject\",\"inLanguage\":\"es\",\"@id\":\"https:\\\/\\\/www.mylasertabac.com\\\/wp-content\\\/litespeed\\\/avatar\\\/142101a71d7b9e6490c1120d9c109a67.jpg?ver=1776856306\",\"url\":\"https:\\\/\\\/www.mylasertabac.com\\\/wp-content\\\/litespeed\\\/avatar\\\/142101a71d7b9e6490c1120d9c109a67.jpg?ver=1776856306\",\"contentUrl\":\"https:\\\/\\\/www.mylasertabac.com\\\/wp-content\\\/litespeed\\\/avatar\\\/142101a71d7b9e6490c1120d9c109a67.jpg?ver=1776856306\",\"caption\":\"Florian Fortes\"},\"sameAs\":[\"https:\\\/\\\/www.mylasertabac.com\",\"https:\\\/\\\/www.facebook.com\\\/profile.php?id=61571554707319\"],\"url\":\"https:\\\/\\\/www.mylasertabac.com\\\/es\\\/author\\\/florianfortes5312\\\/\"}]}<\/script>\n<!-- \/ Yoast SEO plugin. -->","yoast_head_json":{"title":"Un simple gesto cotidiano podr\u00eda acelerar el envejecimiento de tu cerebro un a\u00f1o y medio. Descubre por qu\u00e9. - My Laser Tabac","description":"Un estudio revela que los edulcorantes artificiales aceleran el envejecimiento cerebral, aumentando significativamente el deterioro cognitivo.","robots":{"index":"index","follow":"follow","max-snippet":"max-snippet:-1","max-image-preview":"max-image-preview:large","max-video-preview":"max-video-preview:-1"},"canonical":"https:\/\/www.mylasertabac.com\/es\/un-simple-gesto-cotidiano-podria-acelerar-el-envejecimiento-de-tu-cerebro-un-ano-y-medio-descubre-por-que\/","og_locale":"es_ES","og_type":"article","og_title":"Un simple gesto cotidiano podr\u00eda acelerar el envejecimiento de tu cerebro un a\u00f1o y medio. Descubre por qu\u00e9. - My Laser Tabac","og_description":"Un estudio revela que los edulcorantes artificiales aceleran el envejecimiento cerebral, aumentando significativamente el deterioro cognitivo.","og_url":"https:\/\/www.mylasertabac.com\/es\/un-simple-gesto-cotidiano-podria-acelerar-el-envejecimiento-de-tu-cerebro-un-ano-y-medio-descubre-por-que\/","og_site_name":"My Laser Tabac","article_author":"https:\/\/www.facebook.com\/profile.php?id=61571554707319","article_published_time":"2025-09-08T07:31:29+00:00","article_modified_time":"2025-09-08T08:53:16+00:00","og_image":[{"width":1024,"height":683,"url":"https:\/\/www.mylasertabac.com\/wp-content\/uploads\/2025\/09\/ChatGPT-Image-8-sept.-2025-a-09_27_52-1024x683.png","type":"image\/png"}],"author":"Florian Fortes","twitter_card":"summary_large_image","twitter_misc":{"Escrito por":"Florian Fortes","Tiempo de lectura":"2 minutos"},"schema":{"@context":"https:\/\/schema.org","@graph":[{"@type":"Article","@id":"https:\/\/www.mylasertabac.com\/es\/un-simple-gesto-cotidiano-podria-acelerar-el-envejecimiento-de-tu-cerebro-un-ano-y-medio-descubre-por-que\/#article","isPartOf":{"@id":"https:\/\/www.mylasertabac.com\/es\/un-simple-gesto-cotidiano-podria-acelerar-el-envejecimiento-de-tu-cerebro-un-ano-y-medio-descubre-por-que\/"},"author":{"name":"Florian Fortes","@id":"https:\/\/www.mylasertabac.com\/es\/#\/schema\/person\/02c249cb76d912efb6c315ec23eccdf3"},"headline":"Un simple gesto cotidiano podr\u00eda acelerar el envejecimiento de tu cerebro un a\u00f1o y medio. Descubre por qu\u00e9.","datePublished":"2025-09-08T07:31:29+00:00","dateModified":"2025-09-08T08:53:16+00:00","mainEntityOfPage":{"@id":"https:\/\/www.mylasertabac.com\/es\/un-simple-gesto-cotidiano-podria-acelerar-el-envejecimiento-de-tu-cerebro-un-ano-y-medio-descubre-por-que\/"},"wordCount":515,"publisher":{"@id":"https:\/\/www.mylasertabac.com\/es\/#organization"},"image":{"@id":"https:\/\/www.mylasertabac.com\/es\/un-simple-gesto-cotidiano-podria-acelerar-el-envejecimiento-de-tu-cerebro-un-ano-y-medio-descubre-por-que\/#primaryimage"},"thumbnailUrl":"https:\/\/www.mylasertabac.com\/wp-content\/uploads\/2025\/09\/ChatGPT-Image-8-sept.-2025-a-09_27_52.png","articleSection":["Salud"],"inLanguage":"es"},{"@type":"WebPage","@id":"https:\/\/www.mylasertabac.com\/es\/un-simple-gesto-cotidiano-podria-acelerar-el-envejecimiento-de-tu-cerebro-un-ano-y-medio-descubre-por-que\/","url":"https:\/\/www.mylasertabac.com\/es\/un-simple-gesto-cotidiano-podria-acelerar-el-envejecimiento-de-tu-cerebro-un-ano-y-medio-descubre-por-que\/","name":"Un simple gesto cotidiano podr\u00eda acelerar el envejecimiento de tu cerebro un a\u00f1o y medio. Descubre por qu\u00e9. - My Laser Tabac","isPartOf":{"@id":"https:\/\/www.mylasertabac.com\/es\/#website"},"primaryImageOfPage":{"@id":"https:\/\/www.mylasertabac.com\/es\/un-simple-gesto-cotidiano-podria-acelerar-el-envejecimiento-de-tu-cerebro-un-ano-y-medio-descubre-por-que\/#primaryimage"},"image":{"@id":"https:\/\/www.mylasertabac.com\/es\/un-simple-gesto-cotidiano-podria-acelerar-el-envejecimiento-de-tu-cerebro-un-ano-y-medio-descubre-por-que\/#primaryimage"},"thumbnailUrl":"https:\/\/www.mylasertabac.com\/wp-content\/uploads\/2025\/09\/ChatGPT-Image-8-sept.-2025-a-09_27_52.png","datePublished":"2025-09-08T07:31:29+00:00","dateModified":"2025-09-08T08:53:16+00:00","description":"Un estudio revela que los edulcorantes artificiales aceleran el envejecimiento cerebral, aumentando significativamente el deterioro cognitivo.","breadcrumb":{"@id":"https:\/\/www.mylasertabac.com\/es\/un-simple-gesto-cotidiano-podria-acelerar-el-envejecimiento-de-tu-cerebro-un-ano-y-medio-descubre-por-que\/#breadcrumb"},"inLanguage":"es","potentialAction":[{"@type":"ReadAction","target":["https:\/\/www.mylasertabac.com\/es\/un-simple-gesto-cotidiano-podria-acelerar-el-envejecimiento-de-tu-cerebro-un-ano-y-medio-descubre-por-que\/"]}]},{"@type":"ImageObject","inLanguage":"es","@id":"https:\/\/www.mylasertabac.com\/es\/un-simple-gesto-cotidiano-podria-acelerar-el-envejecimiento-de-tu-cerebro-un-ano-y-medio-descubre-por-que\/#primaryimage","url":"https:\/\/www.mylasertabac.com\/wp-content\/uploads\/2025\/09\/ChatGPT-Image-8-sept.-2025-a-09_27_52.png","contentUrl":"https:\/\/www.mylasertabac.com\/wp-content\/uploads\/2025\/09\/ChatGPT-Image-8-sept.-2025-a-09_27_52.png","width":1536,"height":1024},{"@type":"BreadcrumbList","@id":"https:\/\/www.mylasertabac.com\/es\/un-simple-gesto-cotidiano-podria-acelerar-el-envejecimiento-de-tu-cerebro-un-ano-y-medio-descubre-por-que\/#breadcrumb","itemListElement":[{"@type":"ListItem","position":1,"name":"Accueil","item":"https:\/\/www.mylasertabac.com\/es\/inicio\/"},{"@type":"ListItem","position":2,"name":"Un simple gesto cotidiano podr\u00eda acelerar el envejecimiento de tu cerebro un a\u00f1o y medio. Descubre por qu\u00e9."}]},{"@type":"WebSite","@id":"https:\/\/www.mylasertabac.com\/es\/#website","url":"https:\/\/www.mylasertabac.com\/es\/","name":"My Laser Tabac","description":"La solution laser qui transforme les fumeurs en ex-fumeurs","publisher":{"@id":"https:\/\/www.mylasertabac.com\/es\/#organization"},"potentialAction":[{"@type":"SearchAction","target":{"@type":"EntryPoint","urlTemplate":"https:\/\/www.mylasertabac.com\/es\/?s={search_term_string}"},"query-input":{"@type":"PropertyValueSpecification","valueRequired":true,"valueName":"search_term_string"}}],"inLanguage":"es"},{"@type":"Organization","@id":"https:\/\/www.mylasertabac.com\/es\/#organization","name":"My Laser Tabac","url":"https:\/\/www.mylasertabac.com\/es\/","logo":{"@type":"ImageObject","inLanguage":"es","@id":"https:\/\/www.mylasertabac.com\/es\/#\/schema\/logo\/image\/","url":"https:\/\/www.mylasertabac.com\/wp-content\/uploads\/2024\/12\/mlt-verteau.svg","contentUrl":"https:\/\/www.mylasertabac.com\/wp-content\/uploads\/2024\/12\/mlt-verteau.svg","caption":"My Laser Tabac"},"image":{"@id":"https:\/\/www.mylasertabac.com\/es\/#\/schema\/logo\/image\/"}},{"@type":"Person","@id":"https:\/\/www.mylasertabac.com\/es\/#\/schema\/person\/02c249cb76d912efb6c315ec23eccdf3","name":"Florian Fortes","image":{"@type":"ImageObject","inLanguage":"es","@id":"https:\/\/www.mylasertabac.com\/wp-content\/litespeed\/avatar\/142101a71d7b9e6490c1120d9c109a67.jpg?ver=1776856306","url":"https:\/\/www.mylasertabac.com\/wp-content\/litespeed\/avatar\/142101a71d7b9e6490c1120d9c109a67.jpg?ver=1776856306","contentUrl":"https:\/\/www.mylasertabac.com\/wp-content\/litespeed\/avatar\/142101a71d7b9e6490c1120d9c109a67.jpg?ver=1776856306","caption":"Florian Fortes"},"sameAs":["https:\/\/www.mylasertabac.com","https:\/\/www.facebook.com\/profile.php?id=61571554707319"],"url":"https:\/\/www.mylasertabac.com\/es\/author\/florianfortes5312\/"}]}},"_links":{"self":[{"href":"https:\/\/www.mylasertabac.com\/es\/wp-json\/wp\/v2\/posts\/15600","targetHints":{"allow":["GET"]}}],"collection":[{"href":"https:\/\/www.mylasertabac.com\/es\/wp-json\/wp\/v2\/posts"}],"about":[{"href":"https:\/\/www.mylasertabac.com\/es\/wp-json\/wp\/v2\/types\/post"}],"author":[{"embeddable":true,"href":"https:\/\/www.mylasertabac.com\/es\/wp-json\/wp\/v2\/users\/2"}],"replies":[{"embeddable":true,"href":"https:\/\/www.mylasertabac.com\/es\/wp-json\/wp\/v2\/comments?post=15600"}],"version-history":[{"count":3,"href":"https:\/\/www.mylasertabac.com\/es\/wp-json\/wp\/v2\/posts\/15600\/revisions"}],"predecessor-version":[{"id":15617,"href":"https:\/\/www.mylasertabac.com\/es\/wp-json\/wp\/v2\/posts\/15600\/revisions\/15617"}],"wp:featuredmedia":[{"embeddable":true,"href":"https:\/\/www.mylasertabac.com\/es\/wp-json\/wp\/v2\/media\/15598"}],"wp:attachment":[{"href":"https:\/\/www.mylasertabac.com\/es\/wp-json\/wp\/v2\/media?parent=15600"}],"wp:term":[{"taxonomy":"category","embeddable":true,"href":"https:\/\/www.mylasertabac.com\/es\/wp-json\/wp\/v2\/categories?post=15600"},{"taxonomy":"post_tag","embeddable":true,"href":"https:\/\/www.mylasertabac.com\/es\/wp-json\/wp\/v2\/tags?post=15600"}],"curies":[{"name":"wp","href":"https:\/\/api.w.org\/{rel}","templated":true}]}}