{"id":15844,"date":"2025-09-10T08:09:11","date_gmt":"2025-09-10T06:09:11","guid":{"rendered":"https:\/\/www.mylasertabac.com\/programa-mylasertabac-de-20-dias-dia-3\/"},"modified":"2025-09-10T08:10:04","modified_gmt":"2025-09-10T06:10:04","slug":"programa-mylasertabac-de-20-dias-dia-3","status":"publish","type":"post","link":"https:\/\/www.mylasertabac.com\/es\/programa-mylasertabac-de-20-dias-dia-3\/","title":{"rendered":"Programa MyLaserTabac de 20 d\u00edas &#8211; D\u00eda 3"},"content":{"rendered":"\n<div style=\"height:21px\" aria-hidden=\"true\" class=\"wp-block-spacer\"><\/div>\n\n<p>Recetas equilibradas para no engordar despu\u00e9s de dejar de fumar<\/p>\n\n<p>Has dejado de fumar gracias al m\u00e9todo <strong>MyLaserTabac<\/strong>, y eso es una victoria que te cambia la vida. Pero, como muchos ex fumadores, hay una preocupaci\u00f3n que no deja de aparecer: \u00bfvoy <em>a engordar?<\/em> Este temor es leg\u00edtimo, porque la nicotina estimula el metabolismo y reduce el apetito. Cuando dejas de fumar, tu cuerpo vuelve a su ritmo normal, y pueden aparecer los antojos.  <\/p>\n\n<p>Ah\u00ed es donde entramos nosotros. MyLaserTabac no s\u00f3lo te libera de los cigarrillos: te apoyamos <strong>despu\u00e9s de dejar de fumar<\/strong>, ofreci\u00e9ndote cada d\u00eda men\u00fas sencillos, equilibrados y satisfactorios que te ayudar\u00e1n a mantener tu figura mientras consolidas tu nueva vida sin tabaco. <\/p>\n\n<p>Hoy, <strong>D\u00eda 3<\/strong>, descubre un men\u00fa sabroso y f\u00e1cil de preparar, dise\u00f1ado para ayudarte en cada comida.<\/p>\n\n<div style=\"height:21px\" aria-hidden=\"true\" class=\"wp-block-spacer\"><\/div>\n\n<h2 class=\"wp-block-heading\">El m\u00e9todo antitabaco expr\u00e9s MyLaserTabac<\/h2>\n\n<p>Antes de cocinar o al menor momento de debilidad, aplica nuestro ritual:<\/p>\n\n<div style=\"height:21px\" aria-hidden=\"true\" class=\"wp-block-spacer\"><\/div>\n\n<div style=\"height:0px\" aria-hidden=\"true\" class=\"wp-block-spacer\"><\/div>\n\n<ol class=\"wp-block-list\">\n<li><strong>Bebe un gran vaso de agua fresca<\/strong> para calmar la sed e hidratar el cuerpo.<\/li>\n\n\n\n<li><strong>Inspira 4-4<\/strong>: inspira durante 4 segundos, espira durante 4 segundos, repite durante 1 minuto.<\/li>\n\n\n\n<li><strong>Mu\u00e9vete durante 90 segundos<\/strong>: camina a paso ligero, haz algunas sentadillas o estiramientos.<\/li>\n\n\n\n<li><strong>Cambia el sabor de tu boca<\/strong>: muerde una manzana, mastica chicle sin az\u00facar.<\/li>\n<\/ol>\n\n<p>En 3 minutos, el ansia desaparece.<\/p>\n\n<div style=\"height:30px\" aria-hidden=\"true\" class=\"wp-block-spacer\"><\/div>\n\n<figure class=\"wp-block-table\"><table class=\"has-fixed-layout\"><tbody><tr><td>Lee tambi\u00e9n  <a href=\"https:\/\/www.mylasertabac.com\/es\/informacion\/formacion-laser-antitabaco-y-contra-la-adiccion\/\"><mark style=\"background-color:rgba(0, 0, 0, 0)\" class=\"has-inline-color has-luminous-vivid-orange-color\">\u00bfQuieres montar un negocio en auge? Podemos formarte en reflexolog\u00eda auricular &#8230; <\/mark><\/a><\/td><\/tr><\/tbody><\/table><\/figure>\n\n<div style=\"height:32px\" aria-hidden=\"true\" class=\"wp-block-spacer\"><\/div>\n\n<figure class=\"wp-block-image alignleft size-large is-resized\"><img fetchpriority=\"high\" decoding=\"async\" width=\"1024\" height=\"683\" src=\"https:\/\/www.mylasertabac.com\/wp-content\/uploads\/2025\/09\/Bol-de-smoothie-aux-fruits-frais-1024x683.png\" alt=\"\" class=\"wp-image-15880\" style=\"width:504px;height:auto\" srcset=\"https:\/\/www.mylasertabac.com\/wp-content\/uploads\/2025\/09\/Bol-de-smoothie-aux-fruits-frais-1024x683.png 1024w, https:\/\/www.mylasertabac.com\/wp-content\/uploads\/2025\/09\/Bol-de-smoothie-aux-fruits-frais-300x200.png 300w, https:\/\/www.mylasertabac.com\/wp-content\/uploads\/2025\/09\/Bol-de-smoothie-aux-fruits-frais-768x512.png 768w, https:\/\/www.mylasertabac.com\/wp-content\/uploads\/2025\/09\/Bol-de-smoothie-aux-fruits-frais.png 1536w\" sizes=\"(max-width: 1024px) 100vw, 1024px\" \/><\/figure>\n\n<h2 class=\"wp-block-heading\">Desayuno &#8211; Batido energ\u00e9tico con frutos rojos y semillas de ch\u00eda<\/h2>\n\n<p>Un despertar repleto de vitaminas que frena tu apetito sin exceso de calor\u00edas.<\/p>\n\n<p><strong>Ingredientes (para 1 persona)<\/strong><\/p>\n\n<ul class=\"wp-block-list\">\n<li>150 g de yogur natural (o skyr)<\/li>\n\n\n\n<li>100 g de frutos rojos (frescos o congelados)<\/li>\n\n\n\n<li>\u00bd pl\u00e1tano<\/li>\n\n\n\n<li>1 cucharada de copos de avena <\/li>\n\n\n\n<li>1 cucharadita de semillas de ch\u00eda <\/li>\n\n\n\n<li>Un poco de fruta fresca para la cobertura (kiwi, ar\u00e1ndanos, fresas)<\/li>\n<\/ul>\n\n<div style=\"height:38px\" aria-hidden=\"true\" class=\"wp-block-spacer\"><\/div>\n\n<p><strong>Preparaci\u00f3n<\/strong><\/p>\n\n<ol class=\"wp-block-list\">\n<li>Tritura el yogur, los frutos rojos, medio pl\u00e1tano y los copos de avena.<\/li>\n\n\n\n<li>Vi\u00e9rtelo en un cuenco.<\/li>\n\n\n\n<li>A\u00f1ade el resto de la fruta fresca por encima y espolvorea con semillas de ch\u00eda.<\/li>\n<\/ol>\n\n<div style=\"height:17px\" aria-hidden=\"true\" class=\"wp-block-spacer\"><\/div>\n\n<p><strong>\u00bfPor qu\u00e9 funciona?<\/strong><br\/>Una mezcla de fibra, antioxidantes y prote\u00ednas para empezar el d\u00eda sin picos de az\u00facar ni antojos.<\/p>\n\n<div style=\"height:33px\" aria-hidden=\"true\" class=\"wp-block-spacer\"><\/div>\n\n<figure class=\"wp-block-image alignleft size-large is-resized\"><img decoding=\"async\" width=\"1024\" height=\"683\" src=\"https:\/\/www.mylasertabac.com\/wp-content\/uploads\/2025\/09\/repas-equilibrer-pour-ne-pas-grossir-quand-ont-arrete-de-fumer-1024x683.png\" alt=\"\" class=\"wp-image-15889\" style=\"width:491px;height:auto\" srcset=\"https:\/\/www.mylasertabac.com\/wp-content\/uploads\/2025\/09\/repas-equilibrer-pour-ne-pas-grossir-quand-ont-arrete-de-fumer-1024x683.png 1024w, https:\/\/www.mylasertabac.com\/wp-content\/uploads\/2025\/09\/repas-equilibrer-pour-ne-pas-grossir-quand-ont-arrete-de-fumer-300x200.png 300w, https:\/\/www.mylasertabac.com\/wp-content\/uploads\/2025\/09\/repas-equilibrer-pour-ne-pas-grossir-quand-ont-arrete-de-fumer-768x512.png 768w, https:\/\/www.mylasertabac.com\/wp-content\/uploads\/2025\/09\/repas-equilibrer-pour-ne-pas-grossir-quand-ont-arrete-de-fumer.png 1536w\" sizes=\"(max-width: 1024px) 100vw, 1024px\" \/><\/figure>\n\n<h2 class=\"wp-block-heading\">Almuerzo &#8211; Wrap de at\u00fan, verduras crujientes y queso fresco ligero<\/h2>\n\n<p>Una comida r\u00e1pida, fresca y saciante, perfecta para llevar a la oficina.<\/p>\n\n<p><strong>Ingredientes (para 1 envoltorio)<\/strong><\/p>\n\n<ul class=\"wp-block-list\">\n<li>1 tortilla integral grande<\/li>\n\n\n\n<li>1 lata de at\u00fan normal (120 g)<\/li>\n\n\n\n<li>2 cucharadas de queso fresco bajo en grasa <\/li>\n\n\n\n<li>\u00bd zanahoria rallada<\/li>\n\n\n\n<li>\u00bd barrita de pepino<\/li>\n\n\n\n<li>Unas hojas de ensalada<\/li>\n\n\n\n<li>Zumo de lim\u00f3n, sal, pimienta<\/li>\n<\/ul>\n\n<div style=\"height:30px\" aria-hidden=\"true\" class=\"wp-block-spacer\"><\/div>\n\n<p><strong>Preparaci\u00f3n<\/strong><\/p>\n\n<ol class=\"wp-block-list\">\n<li>Mezcla el at\u00fan escurrido con el queso fresco, un poco de zumo de lim\u00f3n, sal y pimienta.<\/li>\n\n\n\n<li>Extiende esta mezcla sobre la tortilla.<\/li>\n\n\n\n<li>A\u00f1ade las verduras crudas y las hojas de ensalada.<\/li>\n\n\n\n<li>Enrolla bien el envoltorio y c\u00f3rtalo por la mitad.<\/li>\n<\/ol>\n\n<div style=\"height:17px\" aria-hidden=\"true\" class=\"wp-block-spacer\"><\/div>\n\n<p><strong>\u00bfPor qu\u00e9 funciona?<\/strong><br\/>El at\u00fan aporta prote\u00ednas magras, las verduras fibra y crujiente, todo en un formato pr\u00e1ctico y saciante.<\/p>\n\n<div style=\"height:21px\" aria-hidden=\"true\" class=\"wp-block-spacer\"><\/div>\n\n<figure class=\"wp-block-image alignleft size-large is-resized\"><img decoding=\"async\" width=\"1024\" height=\"683\" src=\"https:\/\/www.mylasertabac.com\/wp-content\/uploads\/2025\/09\/ChatGPT-Image-8-sept.-2025-a-23_02_40-1024x683.png\" alt=\"\" class=\"wp-image-15897\" style=\"width:467px;height:auto\" srcset=\"https:\/\/www.mylasertabac.com\/wp-content\/uploads\/2025\/09\/ChatGPT-Image-8-sept.-2025-a-23_02_40-1024x683.png 1024w, https:\/\/www.mylasertabac.com\/wp-content\/uploads\/2025\/09\/ChatGPT-Image-8-sept.-2025-a-23_02_40-300x200.png 300w, https:\/\/www.mylasertabac.com\/wp-content\/uploads\/2025\/09\/ChatGPT-Image-8-sept.-2025-a-23_02_40-768x512.png 768w, https:\/\/www.mylasertabac.com\/wp-content\/uploads\/2025\/09\/ChatGPT-Image-8-sept.-2025-a-23_02_40.png 1536w\" sizes=\"(max-width: 1024px) 100vw, 1024px\" \/><\/figure>\n\n<h2 class=\"wp-block-heading\">Cena &#8211; Gratinado ligero de calabacines y tomates con queso parmesano<\/h2>\n\n<p>Una cena caliente y sabrosa, ligera en grasa pero rica en sabor.<\/p>\n\n<p><strong>Ingredientes (para 1 persona)<\/strong><\/p>\n\n<ul class=\"wp-block-list\">\n<li>1 calabac\u00edn<\/li>\n\n\n\n<li>2 tomates<\/li>\n\n\n\n<li>1 cebolla peque\u00f1a<\/li>\n\n\n\n<li>1 cucharada de aceite de oliva <\/li>\n\n\n\n<li>20 g de queso parmesano rallado<\/li>\n\n\n\n<li>Sal, pimienta, hierbas de Provenza<\/li>\n<\/ul>\n\n<div style=\"height:24px\" aria-hidden=\"true\" class=\"wp-block-spacer\"><\/div>\n\n<p><strong>Preparaci\u00f3n<\/strong><\/p>\n\n<ol class=\"wp-block-list\">\n<li>Precalienta el horno a 180\u00b0C.<\/li>\n\n\n\n<li>Pica la cebolla y fr\u00edela en el aceite de oliva durante 2 minutos.<\/li>\n\n\n\n<li>Corta el calabac\u00edn y los tomates en rodajas.<\/li>\n\n\n\n<li>Alternar los calabacines y los tomates en una fuente para gratinar, a\u00f1adir la cebolla, salpimentar y espolvorear con las hierbas.<\/li>\n\n\n\n<li>Espolvorea con parmesano y hornea durante 20 minutos.<\/li>\n<\/ol>\n\n<p><strong>\u00bfPor qu\u00e9 funciona?<\/strong><br\/>Un plato caliente rico en fibra y saciante sin exceso de calor\u00edas, perfecto para un final ligero del d\u00eda.<\/p>\n\n<div style=\"height:17px\" aria-hidden=\"true\" class=\"wp-block-spacer\"><\/div>\n\n<h2 class=\"wp-block-heading\">Merienda opcional<\/h2>\n\n<p>Un pu\u00f1ado de frutos secos (20 g) o una manzana. Elige siempre fruta fresca en lugar de galletas o dulces. <\/p>\n\n<p><\/p>\n\n<div style=\"height:21px\" aria-hidden=\"true\" class=\"wp-block-spacer\"><\/div>\n\n<h2 class=\"wp-block-heading\">Conclusi\u00f3n<\/h2>\n\n<p>Has dejado de fumar gracias a <strong><a href=\"https:\/\/www.mylasertabac.com\/es\/\">MiL\u00e1serTabac<\/a><\/strong>y ahora te preocupa engordar. Tenemos la soluci\u00f3n: cada d\u00eda, un men\u00fa dise\u00f1ado s\u00f3lo para ti, para que te mantengas motivado y conserves tu figura. <\/p>\n\n<p><strong>Enhorabuena por haber <a href=\"https:\/\/www.mylasertabac.com\/es\/\">dejado de fumar<\/a>.<\/strong> Sigue adelante, no te rindas. Cada d\u00eda sin un cigarrillo es una victoria. Est\u00e1s ganando en todos los sentidos: salud, energ\u00eda, confianza. MyLaserTabac est\u00e1 a tu lado para ayudarte a seguir adelante, paso a paso, comida a comida.   <\/p>\n\n<div style=\"height:43px\" aria-hidden=\"true\" class=\"wp-block-spacer\"><\/div>\n\n<figure class=\"wp-block-image size-large\"><img decoding=\"async\" src=\"https:\/\/www.mylasertabac.com\/wp-content\/uploads\/\/mlt-verteau.svg\" alt=\"\" class=\"wp-image-13\"\/><\/figure>\n","protected":false},"excerpt":{"rendered":"<p>Recetas equilibradas para no engordar despu\u00e9s de dejar de fumar Has dejado de fumar gracias al m\u00e9todo MyLaserTabac, y eso es una victoria que te cambia la vida. Pero, como muchos ex fumadores, hay una preocupaci\u00f3n que no deja de aparecer: \u00bfvoy a engordar? Este temor es leg\u00edtimo, porque la nicotina estimula el metabolismo y [&hellip;]<\/p>\n","protected":false},"author":2,"featured_media":15842,"comment_status":"closed","ping_status":"open","sticky":false,"template":"","format":"standard","meta":{"inline_featured_image":false,"footnotes":""},"categories":[120],"tags":[],"class_list":["post-15844","post","type-post","status-publish","format-standard","has-post-thumbnail","hentry","category-salud"],"yoast_head":"<!-- This site is optimized with the Yoast SEO plugin v27.4 - https:\/\/yoast.com\/product\/yoast-seo-wordpress\/ -->\n<title>Programa MyLaserTabac de 20 d\u00edas - D\u00eda 3 - My Laser Tabac<\/title>\n<meta name=\"description\" content=\"Descubre el men\u00fa MyLaserTabac D\u00eda 3: recetas equilibradas para evitar el aumento de peso despu\u00e9s de dejar de fumar.\" \/>\n<meta name=\"robots\" content=\"index, follow, max-snippet:-1, max-image-preview:large, max-video-preview:-1\" \/>\n<link rel=\"canonical\" href=\"https:\/\/www.mylasertabac.com\/es\/programa-mylasertabac-de-20-dias-dia-3\/\" \/>\n<meta property=\"og:locale\" content=\"es_ES\" \/>\n<meta property=\"og:type\" content=\"article\" \/>\n<meta property=\"og:title\" content=\"Programa MyLaserTabac de 20 d\u00edas - D\u00eda 3 - My Laser Tabac\" \/>\n<meta property=\"og:description\" content=\"Descubre el men\u00fa MyLaserTabac D\u00eda 3: recetas equilibradas para evitar el aumento de peso despu\u00e9s de dejar de fumar.\" \/>\n<meta property=\"og:url\" content=\"https:\/\/www.mylasertabac.com\/es\/programa-mylasertabac-de-20-dias-dia-3\/\" \/>\n<meta property=\"og:site_name\" content=\"My Laser Tabac\" \/>\n<meta property=\"article:author\" content=\"https:\/\/www.facebook.com\/profile.php?id=61571554707319\" \/>\n<meta property=\"article:published_time\" content=\"2025-09-10T06:09:11+00:00\" \/>\n<meta property=\"article:modified_time\" content=\"2025-09-10T06:10:04+00:00\" \/>\n<meta property=\"og:image\" content=\"https:\/\/www.mylasertabac.com\/wp-content\/uploads\/2025\/09\/ChatGPT-Image-8-sept.-2025-a-22_45_21-1024x683.png\" \/>\n\t<meta property=\"og:image:width\" content=\"1024\" \/>\n\t<meta property=\"og:image:height\" content=\"683\" \/>\n\t<meta property=\"og:image:type\" content=\"image\/png\" \/>\n<meta name=\"author\" content=\"Florian Fortes\" \/>\n<meta name=\"twitter:card\" content=\"summary_large_image\" \/>\n<meta name=\"twitter:label1\" content=\"Escrito por\" \/>\n\t<meta name=\"twitter:data1\" content=\"Florian Fortes\" \/>\n\t<meta name=\"twitter:label2\" content=\"Tiempo de lectura\" \/>\n\t<meta name=\"twitter:data2\" content=\"4 minutos\" \/>\n<script type=\"application\/ld+json\" class=\"yoast-schema-graph\">{\"@context\":\"https:\\\/\\\/schema.org\",\"@graph\":[{\"@type\":\"Article\",\"@id\":\"https:\\\/\\\/www.mylasertabac.com\\\/es\\\/programa-mylasertabac-de-20-dias-dia-3\\\/#article\",\"isPartOf\":{\"@id\":\"https:\\\/\\\/www.mylasertabac.com\\\/es\\\/programa-mylasertabac-de-20-dias-dia-3\\\/\"},\"author\":{\"name\":\"Florian Fortes\",\"@id\":\"https:\\\/\\\/www.mylasertabac.com\\\/es\\\/#\\\/schema\\\/person\\\/02c249cb76d912efb6c315ec23eccdf3\"},\"headline\":\"Programa MyLaserTabac de 20 d\u00edas &#8211; D\u00eda 3\",\"datePublished\":\"2025-09-10T06:09:11+00:00\",\"dateModified\":\"2025-09-10T06:10:04+00:00\",\"mainEntityOfPage\":{\"@id\":\"https:\\\/\\\/www.mylasertabac.com\\\/es\\\/programa-mylasertabac-de-20-dias-dia-3\\\/\"},\"wordCount\":739,\"publisher\":{\"@id\":\"https:\\\/\\\/www.mylasertabac.com\\\/es\\\/#organization\"},\"image\":{\"@id\":\"https:\\\/\\\/www.mylasertabac.com\\\/es\\\/programa-mylasertabac-de-20-dias-dia-3\\\/#primaryimage\"},\"thumbnailUrl\":\"https:\\\/\\\/www.mylasertabac.com\\\/wp-content\\\/uploads\\\/2025\\\/09\\\/ChatGPT-Image-8-sept.-2025-a-22_45_21.png\",\"articleSection\":[\"Salud\"],\"inLanguage\":\"es\"},{\"@type\":\"WebPage\",\"@id\":\"https:\\\/\\\/www.mylasertabac.com\\\/es\\\/programa-mylasertabac-de-20-dias-dia-3\\\/\",\"url\":\"https:\\\/\\\/www.mylasertabac.com\\\/es\\\/programa-mylasertabac-de-20-dias-dia-3\\\/\",\"name\":\"Programa MyLaserTabac de 20 d\u00edas - D\u00eda 3 - My Laser Tabac\",\"isPartOf\":{\"@id\":\"https:\\\/\\\/www.mylasertabac.com\\\/es\\\/#website\"},\"primaryImageOfPage\":{\"@id\":\"https:\\\/\\\/www.mylasertabac.com\\\/es\\\/programa-mylasertabac-de-20-dias-dia-3\\\/#primaryimage\"},\"image\":{\"@id\":\"https:\\\/\\\/www.mylasertabac.com\\\/es\\\/programa-mylasertabac-de-20-dias-dia-3\\\/#primaryimage\"},\"thumbnailUrl\":\"https:\\\/\\\/www.mylasertabac.com\\\/wp-content\\\/uploads\\\/2025\\\/09\\\/ChatGPT-Image-8-sept.-2025-a-22_45_21.png\",\"datePublished\":\"2025-09-10T06:09:11+00:00\",\"dateModified\":\"2025-09-10T06:10:04+00:00\",\"description\":\"Descubre el men\u00fa MyLaserTabac D\u00eda 3: recetas equilibradas para evitar el aumento de peso despu\u00e9s de dejar de fumar.\",\"breadcrumb\":{\"@id\":\"https:\\\/\\\/www.mylasertabac.com\\\/es\\\/programa-mylasertabac-de-20-dias-dia-3\\\/#breadcrumb\"},\"inLanguage\":\"es\",\"potentialAction\":[{\"@type\":\"ReadAction\",\"target\":[\"https:\\\/\\\/www.mylasertabac.com\\\/es\\\/programa-mylasertabac-de-20-dias-dia-3\\\/\"]}]},{\"@type\":\"ImageObject\",\"inLanguage\":\"es\",\"@id\":\"https:\\\/\\\/www.mylasertabac.com\\\/es\\\/programa-mylasertabac-de-20-dias-dia-3\\\/#primaryimage\",\"url\":\"https:\\\/\\\/www.mylasertabac.com\\\/wp-content\\\/uploads\\\/2025\\\/09\\\/ChatGPT-Image-8-sept.-2025-a-22_45_21.png\",\"contentUrl\":\"https:\\\/\\\/www.mylasertabac.com\\\/wp-content\\\/uploads\\\/2025\\\/09\\\/ChatGPT-Image-8-sept.-2025-a-22_45_21.png\",\"width\":1536,\"height\":1024},{\"@type\":\"BreadcrumbList\",\"@id\":\"https:\\\/\\\/www.mylasertabac.com\\\/es\\\/programa-mylasertabac-de-20-dias-dia-3\\\/#breadcrumb\",\"itemListElement\":[{\"@type\":\"ListItem\",\"position\":1,\"name\":\"Accueil\",\"item\":\"https:\\\/\\\/www.mylasertabac.com\\\/es\\\/inicio\\\/\"},{\"@type\":\"ListItem\",\"position\":2,\"name\":\"Programa MyLaserTabac de 20 d\u00edas &#8211; D\u00eda 3\"}]},{\"@type\":\"WebSite\",\"@id\":\"https:\\\/\\\/www.mylasertabac.com\\\/es\\\/#website\",\"url\":\"https:\\\/\\\/www.mylasertabac.com\\\/es\\\/\",\"name\":\"My Laser Tabac\",\"description\":\"La solution laser qui transforme les fumeurs en ex-fumeurs\",\"publisher\":{\"@id\":\"https:\\\/\\\/www.mylasertabac.com\\\/es\\\/#organization\"},\"potentialAction\":[{\"@type\":\"SearchAction\",\"target\":{\"@type\":\"EntryPoint\",\"urlTemplate\":\"https:\\\/\\\/www.mylasertabac.com\\\/es\\\/?s={search_term_string}\"},\"query-input\":{\"@type\":\"PropertyValueSpecification\",\"valueRequired\":true,\"valueName\":\"search_term_string\"}}],\"inLanguage\":\"es\"},{\"@type\":\"Organization\",\"@id\":\"https:\\\/\\\/www.mylasertabac.com\\\/es\\\/#organization\",\"name\":\"My Laser Tabac\",\"url\":\"https:\\\/\\\/www.mylasertabac.com\\\/es\\\/\",\"logo\":{\"@type\":\"ImageObject\",\"inLanguage\":\"es\",\"@id\":\"https:\\\/\\\/www.mylasertabac.com\\\/es\\\/#\\\/schema\\\/logo\\\/image\\\/\",\"url\":\"https:\\\/\\\/www.mylasertabac.com\\\/wp-content\\\/uploads\\\/2024\\\/12\\\/mlt-verteau.svg\",\"contentUrl\":\"https:\\\/\\\/www.mylasertabac.com\\\/wp-content\\\/uploads\\\/2024\\\/12\\\/mlt-verteau.svg\",\"caption\":\"My Laser Tabac\"},\"image\":{\"@id\":\"https:\\\/\\\/www.mylasertabac.com\\\/es\\\/#\\\/schema\\\/logo\\\/image\\\/\"}},{\"@type\":\"Person\",\"@id\":\"https:\\\/\\\/www.mylasertabac.com\\\/es\\\/#\\\/schema\\\/person\\\/02c249cb76d912efb6c315ec23eccdf3\",\"name\":\"Florian Fortes\",\"image\":{\"@type\":\"ImageObject\",\"inLanguage\":\"es\",\"@id\":\"https:\\\/\\\/www.mylasertabac.com\\\/wp-content\\\/litespeed\\\/avatar\\\/142101a71d7b9e6490c1120d9c109a67.jpg?ver=1776856306\",\"url\":\"https:\\\/\\\/www.mylasertabac.com\\\/wp-content\\\/litespeed\\\/avatar\\\/142101a71d7b9e6490c1120d9c109a67.jpg?ver=1776856306\",\"contentUrl\":\"https:\\\/\\\/www.mylasertabac.com\\\/wp-content\\\/litespeed\\\/avatar\\\/142101a71d7b9e6490c1120d9c109a67.jpg?ver=1776856306\",\"caption\":\"Florian Fortes\"},\"sameAs\":[\"https:\\\/\\\/www.mylasertabac.com\",\"https:\\\/\\\/www.facebook.com\\\/profile.php?id=61571554707319\"],\"url\":\"https:\\\/\\\/www.mylasertabac.com\\\/es\\\/author\\\/florianfortes5312\\\/\"}]}<\/script>\n<!-- \/ Yoast SEO plugin. -->","yoast_head_json":{"title":"Programa MyLaserTabac de 20 d\u00edas - D\u00eda 3 - My Laser Tabac","description":"Descubre el men\u00fa MyLaserTabac D\u00eda 3: recetas equilibradas para evitar el aumento de peso despu\u00e9s de dejar de fumar.","robots":{"index":"index","follow":"follow","max-snippet":"max-snippet:-1","max-image-preview":"max-image-preview:large","max-video-preview":"max-video-preview:-1"},"canonical":"https:\/\/www.mylasertabac.com\/es\/programa-mylasertabac-de-20-dias-dia-3\/","og_locale":"es_ES","og_type":"article","og_title":"Programa MyLaserTabac de 20 d\u00edas - D\u00eda 3 - My Laser Tabac","og_description":"Descubre el men\u00fa MyLaserTabac D\u00eda 3: recetas equilibradas para evitar el aumento de peso despu\u00e9s de dejar de fumar.","og_url":"https:\/\/www.mylasertabac.com\/es\/programa-mylasertabac-de-20-dias-dia-3\/","og_site_name":"My Laser Tabac","article_author":"https:\/\/www.facebook.com\/profile.php?id=61571554707319","article_published_time":"2025-09-10T06:09:11+00:00","article_modified_time":"2025-09-10T06:10:04+00:00","og_image":[{"width":1024,"height":683,"url":"https:\/\/www.mylasertabac.com\/wp-content\/uploads\/2025\/09\/ChatGPT-Image-8-sept.-2025-a-22_45_21-1024x683.png","type":"image\/png"}],"author":"Florian Fortes","twitter_card":"summary_large_image","twitter_misc":{"Escrito por":"Florian Fortes","Tiempo de lectura":"4 minutos"},"schema":{"@context":"https:\/\/schema.org","@graph":[{"@type":"Article","@id":"https:\/\/www.mylasertabac.com\/es\/programa-mylasertabac-de-20-dias-dia-3\/#article","isPartOf":{"@id":"https:\/\/www.mylasertabac.com\/es\/programa-mylasertabac-de-20-dias-dia-3\/"},"author":{"name":"Florian Fortes","@id":"https:\/\/www.mylasertabac.com\/es\/#\/schema\/person\/02c249cb76d912efb6c315ec23eccdf3"},"headline":"Programa MyLaserTabac de 20 d\u00edas &#8211; D\u00eda 3","datePublished":"2025-09-10T06:09:11+00:00","dateModified":"2025-09-10T06:10:04+00:00","mainEntityOfPage":{"@id":"https:\/\/www.mylasertabac.com\/es\/programa-mylasertabac-de-20-dias-dia-3\/"},"wordCount":739,"publisher":{"@id":"https:\/\/www.mylasertabac.com\/es\/#organization"},"image":{"@id":"https:\/\/www.mylasertabac.com\/es\/programa-mylasertabac-de-20-dias-dia-3\/#primaryimage"},"thumbnailUrl":"https:\/\/www.mylasertabac.com\/wp-content\/uploads\/2025\/09\/ChatGPT-Image-8-sept.-2025-a-22_45_21.png","articleSection":["Salud"],"inLanguage":"es"},{"@type":"WebPage","@id":"https:\/\/www.mylasertabac.com\/es\/programa-mylasertabac-de-20-dias-dia-3\/","url":"https:\/\/www.mylasertabac.com\/es\/programa-mylasertabac-de-20-dias-dia-3\/","name":"Programa MyLaserTabac de 20 d\u00edas - D\u00eda 3 - My Laser Tabac","isPartOf":{"@id":"https:\/\/www.mylasertabac.com\/es\/#website"},"primaryImageOfPage":{"@id":"https:\/\/www.mylasertabac.com\/es\/programa-mylasertabac-de-20-dias-dia-3\/#primaryimage"},"image":{"@id":"https:\/\/www.mylasertabac.com\/es\/programa-mylasertabac-de-20-dias-dia-3\/#primaryimage"},"thumbnailUrl":"https:\/\/www.mylasertabac.com\/wp-content\/uploads\/2025\/09\/ChatGPT-Image-8-sept.-2025-a-22_45_21.png","datePublished":"2025-09-10T06:09:11+00:00","dateModified":"2025-09-10T06:10:04+00:00","description":"Descubre el men\u00fa MyLaserTabac D\u00eda 3: recetas equilibradas para evitar el aumento de peso despu\u00e9s de dejar de fumar.","breadcrumb":{"@id":"https:\/\/www.mylasertabac.com\/es\/programa-mylasertabac-de-20-dias-dia-3\/#breadcrumb"},"inLanguage":"es","potentialAction":[{"@type":"ReadAction","target":["https:\/\/www.mylasertabac.com\/es\/programa-mylasertabac-de-20-dias-dia-3\/"]}]},{"@type":"ImageObject","inLanguage":"es","@id":"https:\/\/www.mylasertabac.com\/es\/programa-mylasertabac-de-20-dias-dia-3\/#primaryimage","url":"https:\/\/www.mylasertabac.com\/wp-content\/uploads\/2025\/09\/ChatGPT-Image-8-sept.-2025-a-22_45_21.png","contentUrl":"https:\/\/www.mylasertabac.com\/wp-content\/uploads\/2025\/09\/ChatGPT-Image-8-sept.-2025-a-22_45_21.png","width":1536,"height":1024},{"@type":"BreadcrumbList","@id":"https:\/\/www.mylasertabac.com\/es\/programa-mylasertabac-de-20-dias-dia-3\/#breadcrumb","itemListElement":[{"@type":"ListItem","position":1,"name":"Accueil","item":"https:\/\/www.mylasertabac.com\/es\/inicio\/"},{"@type":"ListItem","position":2,"name":"Programa MyLaserTabac de 20 d\u00edas &#8211; D\u00eda 3"}]},{"@type":"WebSite","@id":"https:\/\/www.mylasertabac.com\/es\/#website","url":"https:\/\/www.mylasertabac.com\/es\/","name":"My Laser Tabac","description":"La solution laser qui transforme les fumeurs en ex-fumeurs","publisher":{"@id":"https:\/\/www.mylasertabac.com\/es\/#organization"},"potentialAction":[{"@type":"SearchAction","target":{"@type":"EntryPoint","urlTemplate":"https:\/\/www.mylasertabac.com\/es\/?s={search_term_string}"},"query-input":{"@type":"PropertyValueSpecification","valueRequired":true,"valueName":"search_term_string"}}],"inLanguage":"es"},{"@type":"Organization","@id":"https:\/\/www.mylasertabac.com\/es\/#organization","name":"My Laser Tabac","url":"https:\/\/www.mylasertabac.com\/es\/","logo":{"@type":"ImageObject","inLanguage":"es","@id":"https:\/\/www.mylasertabac.com\/es\/#\/schema\/logo\/image\/","url":"https:\/\/www.mylasertabac.com\/wp-content\/uploads\/2024\/12\/mlt-verteau.svg","contentUrl":"https:\/\/www.mylasertabac.com\/wp-content\/uploads\/2024\/12\/mlt-verteau.svg","caption":"My Laser Tabac"},"image":{"@id":"https:\/\/www.mylasertabac.com\/es\/#\/schema\/logo\/image\/"}},{"@type":"Person","@id":"https:\/\/www.mylasertabac.com\/es\/#\/schema\/person\/02c249cb76d912efb6c315ec23eccdf3","name":"Florian Fortes","image":{"@type":"ImageObject","inLanguage":"es","@id":"https:\/\/www.mylasertabac.com\/wp-content\/litespeed\/avatar\/142101a71d7b9e6490c1120d9c109a67.jpg?ver=1776856306","url":"https:\/\/www.mylasertabac.com\/wp-content\/litespeed\/avatar\/142101a71d7b9e6490c1120d9c109a67.jpg?ver=1776856306","contentUrl":"https:\/\/www.mylasertabac.com\/wp-content\/litespeed\/avatar\/142101a71d7b9e6490c1120d9c109a67.jpg?ver=1776856306","caption":"Florian Fortes"},"sameAs":["https:\/\/www.mylasertabac.com","https:\/\/www.facebook.com\/profile.php?id=61571554707319"],"url":"https:\/\/www.mylasertabac.com\/es\/author\/florianfortes5312\/"}]}},"_links":{"self":[{"href":"https:\/\/www.mylasertabac.com\/es\/wp-json\/wp\/v2\/posts\/15844","targetHints":{"allow":["GET"]}}],"collection":[{"href":"https:\/\/www.mylasertabac.com\/es\/wp-json\/wp\/v2\/posts"}],"about":[{"href":"https:\/\/www.mylasertabac.com\/es\/wp-json\/wp\/v2\/types\/post"}],"author":[{"embeddable":true,"href":"https:\/\/www.mylasertabac.com\/es\/wp-json\/wp\/v2\/users\/2"}],"replies":[{"embeddable":true,"href":"https:\/\/www.mylasertabac.com\/es\/wp-json\/wp\/v2\/comments?post=15844"}],"version-history":[{"count":6,"href":"https:\/\/www.mylasertabac.com\/es\/wp-json\/wp\/v2\/posts\/15844\/revisions"}],"predecessor-version":[{"id":16099,"href":"https:\/\/www.mylasertabac.com\/es\/wp-json\/wp\/v2\/posts\/15844\/revisions\/16099"}],"wp:featuredmedia":[{"embeddable":true,"href":"https:\/\/www.mylasertabac.com\/es\/wp-json\/wp\/v2\/media\/15842"}],"wp:attachment":[{"href":"https:\/\/www.mylasertabac.com\/es\/wp-json\/wp\/v2\/media?parent=15844"}],"wp:term":[{"taxonomy":"category","embeddable":true,"href":"https:\/\/www.mylasertabac.com\/es\/wp-json\/wp\/v2\/categories?post=15844"},{"taxonomy":"post_tag","embeddable":true,"href":"https:\/\/www.mylasertabac.com\/es\/wp-json\/wp\/v2\/tags?post=15844"}],"curies":[{"name":"wp","href":"https:\/\/api.w.org\/{rel}","templated":true}]}}