{"id":16203,"date":"2025-09-10T17:27:19","date_gmt":"2025-09-10T15:27:19","guid":{"rendered":"https:\/\/www.mylasertabac.com\/los-efectos-transgeneracionales-del-tabaquismo-pasivo-un-legado-silencioso-que-hay-que-romper\/"},"modified":"2025-09-10T18:03:47","modified_gmt":"2025-09-10T16:03:47","slug":"los-efectos-transgeneracionales-del-tabaquismo-pasivo-un-legado-silencioso-que-hay-que-romper","status":"publish","type":"post","link":"https:\/\/www.mylasertabac.com\/es\/los-efectos-transgeneracionales-del-tabaquismo-pasivo-un-legado-silencioso-que-hay-que-romper\/","title":{"rendered":"TU TABAQUISMO PODR\u00cdA AFECTAR A LA SALUD PULMONAR DE TUS NIETOS, SEG\u00daN UN NUEVO ESTUDIO"},"content":{"rendered":"\n<p><\/p>\n\n<p>Fumar no s\u00f3lo afecta a la salud de los propios fumadores. Numerosos estudios cient\u00edficos han demostrado que el humo del cigarrillo, incluso cuando se sufre de forma pasiva, puede dejar huellas duraderas. Peor a\u00fan, estudios recientes revelan que estos efectos podr\u00edan transmitirse a las generaciones siguientes, afectando a la salud pulmonar de los hijos&#8230; e incluso de los nietos.  <\/p>\n\n<div style=\"height:20px\" aria-hidden=\"true\" class=\"wp-block-spacer\"><\/div>\n\n<h2 class=\"wp-block-heading\">Un estudio australiano: cuando la exposici\u00f3n pasiva afecta a las generaciones futuras<\/h2>\n\n<p>Un reciente estudio australiano publicado en la revista <em>Thorax<\/em> revela que los hombres que estuvieron expuestos al tabaquismo pasivo de ni\u00f1os tienen m\u00e1s probabilidades de tener hijos con una funci\u00f3n pulmonar alterada en la edad adulta. A la edad de 53 a\u00f1os, estos hijos ten\u00edan un <strong>FEV1<\/strong> (volumen espiratorio forzado en un segundo) un 56% inferior al de los hijos de padres no expuestos. <\/p>\n\n<p>Los investigadores se\u00f1alan que posibles cambios gen\u00e9ticos -sobre todo durante la prepubertad en los varones- podr\u00edan explicar esta transmisi\u00f3n de la disfunci\u00f3n respiratoria a la descendencia.<\/p>\n\n<div style=\"height:20px\" aria-hidden=\"true\" class=\"wp-block-spacer\"><\/div>\n\n<h2 class=\"wp-block-heading\">Consecuencias que ya sufren los ni\u00f1os<\/h2>\n\n<p>La exposici\u00f3n al tabaquismo pasivo ya afecta a los m\u00e1s peque\u00f1os a trav\u00e9s de infecciones respiratorias frecuentes, asma, infecciones de o\u00eddo y bronquitis. A largo plazo, estas afecciones aumentan el riesgo de enfermedades cardiovasculares y c\u00e1ncer de pulm\u00f3n. <\/p>\n\n<p>Tambi\u00e9n hay pruebas de que el tabaquismo pasivo provoca cambios epigen\u00e9ticos -incluida la metilaci\u00f3n del ADN- en los ni\u00f1os, a veces tan intensos como en los fumadores activos. Todav\u00eda hoy, alrededor <strong>del 40% de los ni\u00f1os del mundo<\/strong> est\u00e1n sometidos a esta peligrosa exposici\u00f3n. <\/p>\n\n<div style=\"height:20px\" aria-hidden=\"true\" class=\"wp-block-spacer\"><\/div>\n\n<h2 class=\"wp-block-heading\">Romper la cadena: por qu\u00e9 es esencial parar<\/h2>\n\n<div style=\"height:20px\" aria-hidden=\"true\" class=\"wp-block-spacer\"><\/div>\n\n<p>Has <a href=\"https:\/\/www.mylasertabac.com\/es\/\">dejado de fumar<\/a> con <strong><a href=\"https:\/\/www.mylasertabac.com\/es\/\">MiL\u00e1serTabac<\/a><\/strong>y \u00e9se es el primer paso hacia un futuro liberado. Pero al dejar de fumar, no s\u00f3lo proteges tu salud: rompes el ciclo transgeneracional de la adicci\u00f3n y la enfermedad. <\/p>\n\n<p>Dejar de fumar reduce el riesgo de muerte prematura (millones de muertes son evitables cada a\u00f1o) y protege no s\u00f3lo tu aliento, sino tambi\u00e9n el patrimonio respiratorio de tus hijos.<\/p>\n\n<div style=\"height:27px\" aria-hidden=\"true\" class=\"wp-block-spacer\"><\/div>\n\n<figure class=\"wp-block-table\"><table class=\"has-fixed-layout\"><tbody><tr><td>Tambi\u00e9n merece la pena leer: <a href=\"https:\/\/www.mylasertabac.com\/es\/informacion\/formacion-laser-antitabaco-y-contra-la-adiccion\/\"><mark style=\"background-color:rgba(0, 0, 0, 0)\" class=\"has-inline-color has-luminous-vivid-orange-color\">Si quieres poner en marcha un nuevo negocio en auge en el \u00e1mbito del tratamiento de adicciones, nos gustar\u00eda saber de ti &#8230;<\/mark><\/a><\/td><\/tr><\/tbody><\/table><\/figure>\n\n<p><\/p>\n\n<div style=\"height:27px\" aria-hidden=\"true\" class=\"wp-block-spacer\"><\/div>\n\n<figure class=\"wp-block-image alignleft size-large is-resized\"><a href=\"https:\/\/www.mylasertabac.com\/es\/nuestros-centros\/\"><img fetchpriority=\"high\" decoding=\"async\" width=\"1024\" height=\"668\" src=\"https:\/\/www.mylasertabac.com\/wp-content\/uploads\/2025\/08\/tu-veux-arreter-de-fumer-Clique-ici--1024x668.jpg\" alt=\"\" class=\"wp-image-13752\" style=\"width:536px;height:auto\" srcset=\"https:\/\/www.mylasertabac.com\/wp-content\/uploads\/2025\/08\/tu-veux-arreter-de-fumer-Clique-ici--1024x668.jpg 1024w, https:\/\/www.mylasertabac.com\/wp-content\/uploads\/2025\/08\/tu-veux-arreter-de-fumer-Clique-ici--300x196.jpg 300w, https:\/\/www.mylasertabac.com\/wp-content\/uploads\/2025\/08\/tu-veux-arreter-de-fumer-Clique-ici--768x501.jpg 768w, https:\/\/www.mylasertabac.com\/wp-content\/uploads\/2025\/08\/tu-veux-arreter-de-fumer-Clique-ici-.jpg 1206w\" sizes=\"(max-width: 1024px) 100vw, 1024px\" \/><\/a><\/figure>\n\n<h2 class=\"wp-block-heading\">MyLaserTabac, un m\u00e9todo eficaz y respetuoso<\/h2>\n\n<p>Nuestro enfoque \u00fanico se basa en <strong><a href=\"https:\/\/www.mylasertabac.com\/es\/\">reflexolog\u00eda auricular<\/a><\/strong>una estimulaci\u00f3n dirigida de los puntos de adicci\u00f3n situados en la oreja. Act\u00faa con suavidad y eficacia para ayudarte a abandonar el h\u00e1bito para siempre: <\/p>\n\n<ul class=\"wp-block-list\">\n<li>fumar,<\/li>\n\n\n\n<li>az\u00facar,<\/li>\n\n\n\n<li>alcohol,<\/li>\n\n\n\n<li>cannabis.<\/li>\n<\/ul>\n\n<p>Estamos presentes en muchos departamentos de Francia y en varios otros pa\u00edses. Podemos ayudarte no s\u00f3lo a dejar de fumar, sino tambi\u00e9n a proteger a las generaciones futuras, porque la verdadera libertad s\u00f3lo se transmite una vez. <\/p>\n\n<div style=\"height:35px\" aria-hidden=\"true\" class=\"wp-block-spacer\"><\/div>\n\n<h2 class=\"wp-block-heading\">Conclusi\u00f3n: por ti, por tus hijos y por el ma\u00f1ana<\/h2>\n\n<p>El estudio australiano demuestra que el impacto del tabaquismo pasivo puede transmitirse a tus hijos, a trav\u00e9s de da\u00f1os pulmonares duraderos y efectos gen\u00e9ticos invisibles. Para acabar con esta amenaza silenciosa, dejar de fumar por completo es m\u00e1s que un acto personal: es un gesto hacia todo tu linaje. <\/p>\n\n<p>Con <strong>MyLaserTabac<\/strong>, eliges una vida sin tabaco, sin adicci\u00f3n: para ti, para tus hijos, para el futuro. T\u00fa tienes este poder. Convi\u00e9rtelo en tu fuerza.  <\/p>\n\n<div style=\"height:53px\" aria-hidden=\"true\" class=\"wp-block-spacer\"><\/div>\n\n<figure class=\"wp-block-image size-large\"><img decoding=\"async\" src=\"https:\/\/www.mylasertabac.com\/wp-content\/uploads\/\/mlt-verteau.svg\" alt=\"\" class=\"wp-image-13\"\/><\/figure>\n","protected":false},"excerpt":{"rendered":"<p>Fumar no s\u00f3lo afecta a la salud de los propios fumadores. Numerosos estudios cient\u00edficos han demostrado que el humo del cigarrillo, incluso cuando se sufre de forma pasiva, puede dejar huellas duraderas. Peor a\u00fan, estudios recientes revelan que estos efectos podr\u00edan transmitirse a las generaciones siguientes, afectando a la salud pulmonar de los hijos&#8230; e [&hellip;]<\/p>\n","protected":false},"author":2,"featured_media":16200,"comment_status":"closed","ping_status":"open","sticky":false,"template":"","format":"standard","meta":{"inline_featured_image":false,"footnotes":""},"categories":[120],"tags":[],"class_list":["post-16203","post","type-post","status-publish","format-standard","has-post-thumbnail","hentry","category-salud"],"yoast_head":"<!-- This site is optimized with the Yoast SEO plugin v27.4 - https:\/\/yoast.com\/product\/yoast-seo-wordpress\/ -->\n<title>TU TABAQUISMO PODR\u00cdA AFECTAR A LA SALUD PULMONAR DE TUS NIETOS, SEG\u00daN UN NUEVO ESTUDIO - My Laser Tabac<\/title>\n<meta name=\"description\" content=\"Averigua c\u00f3mo puede afectar el tabaquismo pasivo a tus hijos y nietos, y por qu\u00e9 es urgente actuar.\" \/>\n<meta name=\"robots\" content=\"index, follow, max-snippet:-1, max-image-preview:large, max-video-preview:-1\" \/>\n<link rel=\"canonical\" href=\"https:\/\/www.mylasertabac.com\/es\/los-efectos-transgeneracionales-del-tabaquismo-pasivo-un-legado-silencioso-que-hay-que-romper\/\" \/>\n<meta property=\"og:locale\" content=\"es_ES\" \/>\n<meta property=\"og:type\" content=\"article\" \/>\n<meta property=\"og:title\" content=\"TU TABAQUISMO PODR\u00cdA AFECTAR A LA SALUD PULMONAR DE TUS NIETOS, SEG\u00daN UN NUEVO ESTUDIO - My Laser Tabac\" \/>\n<meta property=\"og:description\" content=\"Averigua c\u00f3mo puede afectar el tabaquismo pasivo a tus hijos y nietos, y por qu\u00e9 es urgente actuar.\" \/>\n<meta property=\"og:url\" content=\"https:\/\/www.mylasertabac.com\/es\/los-efectos-transgeneracionales-del-tabaquismo-pasivo-un-legado-silencioso-que-hay-que-romper\/\" \/>\n<meta property=\"og:site_name\" content=\"My Laser Tabac\" \/>\n<meta property=\"article:author\" content=\"https:\/\/www.facebook.com\/profile.php?id=61571554707319\" \/>\n<meta property=\"article:published_time\" content=\"2025-09-10T15:27:19+00:00\" \/>\n<meta property=\"article:modified_time\" content=\"2025-09-10T16:03:47+00:00\" \/>\n<meta property=\"og:image\" content=\"https:\/\/www.mylasertabac.com\/wp-content\/uploads\/2025\/09\/Les-effets-de-la-cigarette-sur-nos-petit-enfants-1024x683.png\" \/>\n\t<meta property=\"og:image:width\" content=\"1024\" \/>\n\t<meta property=\"og:image:height\" content=\"683\" \/>\n\t<meta property=\"og:image:type\" content=\"image\/png\" \/>\n<meta name=\"author\" content=\"Florian Fortes\" \/>\n<meta name=\"twitter:card\" content=\"summary_large_image\" \/>\n<meta name=\"twitter:label1\" content=\"Escrito por\" \/>\n\t<meta name=\"twitter:data1\" content=\"Florian Fortes\" \/>\n\t<meta name=\"twitter:label2\" content=\"Tiempo de lectura\" \/>\n\t<meta name=\"twitter:data2\" content=\"3 minutos\" \/>\n<script type=\"application\/ld+json\" class=\"yoast-schema-graph\">{\"@context\":\"https:\\\/\\\/schema.org\",\"@graph\":[{\"@type\":\"Article\",\"@id\":\"https:\\\/\\\/www.mylasertabac.com\\\/es\\\/los-efectos-transgeneracionales-del-tabaquismo-pasivo-un-legado-silencioso-que-hay-que-romper\\\/#article\",\"isPartOf\":{\"@id\":\"https:\\\/\\\/www.mylasertabac.com\\\/es\\\/los-efectos-transgeneracionales-del-tabaquismo-pasivo-un-legado-silencioso-que-hay-que-romper\\\/\"},\"author\":{\"name\":\"Florian Fortes\",\"@id\":\"https:\\\/\\\/www.mylasertabac.com\\\/es\\\/#\\\/schema\\\/person\\\/02c249cb76d912efb6c315ec23eccdf3\"},\"headline\":\"TU TABAQUISMO PODR\u00cdA AFECTAR A LA SALUD PULMONAR DE TUS NIETOS, SEG\u00daN UN NUEVO ESTUDIO\",\"datePublished\":\"2025-09-10T15:27:19+00:00\",\"dateModified\":\"2025-09-10T16:03:47+00:00\",\"mainEntityOfPage\":{\"@id\":\"https:\\\/\\\/www.mylasertabac.com\\\/es\\\/los-efectos-transgeneracionales-del-tabaquismo-pasivo-un-legado-silencioso-que-hay-que-romper\\\/\"},\"wordCount\":586,\"publisher\":{\"@id\":\"https:\\\/\\\/www.mylasertabac.com\\\/es\\\/#organization\"},\"image\":{\"@id\":\"https:\\\/\\\/www.mylasertabac.com\\\/es\\\/los-efectos-transgeneracionales-del-tabaquismo-pasivo-un-legado-silencioso-que-hay-que-romper\\\/#primaryimage\"},\"thumbnailUrl\":\"https:\\\/\\\/www.mylasertabac.com\\\/wp-content\\\/uploads\\\/2025\\\/09\\\/Les-effets-de-la-cigarette-sur-nos-petit-enfants.png\",\"articleSection\":[\"Salud\"],\"inLanguage\":\"es\"},{\"@type\":\"WebPage\",\"@id\":\"https:\\\/\\\/www.mylasertabac.com\\\/es\\\/los-efectos-transgeneracionales-del-tabaquismo-pasivo-un-legado-silencioso-que-hay-que-romper\\\/\",\"url\":\"https:\\\/\\\/www.mylasertabac.com\\\/es\\\/los-efectos-transgeneracionales-del-tabaquismo-pasivo-un-legado-silencioso-que-hay-que-romper\\\/\",\"name\":\"TU TABAQUISMO PODR\u00cdA AFECTAR A LA SALUD PULMONAR DE TUS NIETOS, SEG\u00daN UN NUEVO ESTUDIO - My Laser Tabac\",\"isPartOf\":{\"@id\":\"https:\\\/\\\/www.mylasertabac.com\\\/es\\\/#website\"},\"primaryImageOfPage\":{\"@id\":\"https:\\\/\\\/www.mylasertabac.com\\\/es\\\/los-efectos-transgeneracionales-del-tabaquismo-pasivo-un-legado-silencioso-que-hay-que-romper\\\/#primaryimage\"},\"image\":{\"@id\":\"https:\\\/\\\/www.mylasertabac.com\\\/es\\\/los-efectos-transgeneracionales-del-tabaquismo-pasivo-un-legado-silencioso-que-hay-que-romper\\\/#primaryimage\"},\"thumbnailUrl\":\"https:\\\/\\\/www.mylasertabac.com\\\/wp-content\\\/uploads\\\/2025\\\/09\\\/Les-effets-de-la-cigarette-sur-nos-petit-enfants.png\",\"datePublished\":\"2025-09-10T15:27:19+00:00\",\"dateModified\":\"2025-09-10T16:03:47+00:00\",\"description\":\"Averigua c\u00f3mo puede afectar el tabaquismo pasivo a tus hijos y nietos, y por qu\u00e9 es urgente actuar.\",\"breadcrumb\":{\"@id\":\"https:\\\/\\\/www.mylasertabac.com\\\/es\\\/los-efectos-transgeneracionales-del-tabaquismo-pasivo-un-legado-silencioso-que-hay-que-romper\\\/#breadcrumb\"},\"inLanguage\":\"es\",\"potentialAction\":[{\"@type\":\"ReadAction\",\"target\":[\"https:\\\/\\\/www.mylasertabac.com\\\/es\\\/los-efectos-transgeneracionales-del-tabaquismo-pasivo-un-legado-silencioso-que-hay-que-romper\\\/\"]}]},{\"@type\":\"ImageObject\",\"inLanguage\":\"es\",\"@id\":\"https:\\\/\\\/www.mylasertabac.com\\\/es\\\/los-efectos-transgeneracionales-del-tabaquismo-pasivo-un-legado-silencioso-que-hay-que-romper\\\/#primaryimage\",\"url\":\"https:\\\/\\\/www.mylasertabac.com\\\/wp-content\\\/uploads\\\/2025\\\/09\\\/Les-effets-de-la-cigarette-sur-nos-petit-enfants.png\",\"contentUrl\":\"https:\\\/\\\/www.mylasertabac.com\\\/wp-content\\\/uploads\\\/2025\\\/09\\\/Les-effets-de-la-cigarette-sur-nos-petit-enfants.png\",\"width\":1536,\"height\":1024},{\"@type\":\"BreadcrumbList\",\"@id\":\"https:\\\/\\\/www.mylasertabac.com\\\/es\\\/los-efectos-transgeneracionales-del-tabaquismo-pasivo-un-legado-silencioso-que-hay-que-romper\\\/#breadcrumb\",\"itemListElement\":[{\"@type\":\"ListItem\",\"position\":1,\"name\":\"Accueil\",\"item\":\"https:\\\/\\\/www.mylasertabac.com\\\/es\\\/inicio\\\/\"},{\"@type\":\"ListItem\",\"position\":2,\"name\":\"TU TABAQUISMO PODR\u00cdA AFECTAR A LA SALUD PULMONAR DE TUS NIETOS, SEG\u00daN UN NUEVO ESTUDIO\"}]},{\"@type\":\"WebSite\",\"@id\":\"https:\\\/\\\/www.mylasertabac.com\\\/es\\\/#website\",\"url\":\"https:\\\/\\\/www.mylasertabac.com\\\/es\\\/\",\"name\":\"My Laser Tabac\",\"description\":\"La solution laser qui transforme les fumeurs en ex-fumeurs\",\"publisher\":{\"@id\":\"https:\\\/\\\/www.mylasertabac.com\\\/es\\\/#organization\"},\"potentialAction\":[{\"@type\":\"SearchAction\",\"target\":{\"@type\":\"EntryPoint\",\"urlTemplate\":\"https:\\\/\\\/www.mylasertabac.com\\\/es\\\/?s={search_term_string}\"},\"query-input\":{\"@type\":\"PropertyValueSpecification\",\"valueRequired\":true,\"valueName\":\"search_term_string\"}}],\"inLanguage\":\"es\"},{\"@type\":\"Organization\",\"@id\":\"https:\\\/\\\/www.mylasertabac.com\\\/es\\\/#organization\",\"name\":\"My Laser Tabac\",\"url\":\"https:\\\/\\\/www.mylasertabac.com\\\/es\\\/\",\"logo\":{\"@type\":\"ImageObject\",\"inLanguage\":\"es\",\"@id\":\"https:\\\/\\\/www.mylasertabac.com\\\/es\\\/#\\\/schema\\\/logo\\\/image\\\/\",\"url\":\"https:\\\/\\\/www.mylasertabac.com\\\/wp-content\\\/uploads\\\/2024\\\/12\\\/mlt-verteau.svg\",\"contentUrl\":\"https:\\\/\\\/www.mylasertabac.com\\\/wp-content\\\/uploads\\\/2024\\\/12\\\/mlt-verteau.svg\",\"caption\":\"My Laser Tabac\"},\"image\":{\"@id\":\"https:\\\/\\\/www.mylasertabac.com\\\/es\\\/#\\\/schema\\\/logo\\\/image\\\/\"}},{\"@type\":\"Person\",\"@id\":\"https:\\\/\\\/www.mylasertabac.com\\\/es\\\/#\\\/schema\\\/person\\\/02c249cb76d912efb6c315ec23eccdf3\",\"name\":\"Florian Fortes\",\"image\":{\"@type\":\"ImageObject\",\"inLanguage\":\"es\",\"@id\":\"https:\\\/\\\/www.mylasertabac.com\\\/wp-content\\\/litespeed\\\/avatar\\\/142101a71d7b9e6490c1120d9c109a67.jpg?ver=1776856306\",\"url\":\"https:\\\/\\\/www.mylasertabac.com\\\/wp-content\\\/litespeed\\\/avatar\\\/142101a71d7b9e6490c1120d9c109a67.jpg?ver=1776856306\",\"contentUrl\":\"https:\\\/\\\/www.mylasertabac.com\\\/wp-content\\\/litespeed\\\/avatar\\\/142101a71d7b9e6490c1120d9c109a67.jpg?ver=1776856306\",\"caption\":\"Florian Fortes\"},\"sameAs\":[\"https:\\\/\\\/www.mylasertabac.com\",\"https:\\\/\\\/www.facebook.com\\\/profile.php?id=61571554707319\"],\"url\":\"https:\\\/\\\/www.mylasertabac.com\\\/es\\\/author\\\/florianfortes5312\\\/\"}]}<\/script>\n<!-- \/ Yoast SEO plugin. -->","yoast_head_json":{"title":"TU TABAQUISMO PODR\u00cdA AFECTAR A LA SALUD PULMONAR DE TUS NIETOS, SEG\u00daN UN NUEVO ESTUDIO - My Laser Tabac","description":"Averigua c\u00f3mo puede afectar el tabaquismo pasivo a tus hijos y nietos, y por qu\u00e9 es urgente actuar.","robots":{"index":"index","follow":"follow","max-snippet":"max-snippet:-1","max-image-preview":"max-image-preview:large","max-video-preview":"max-video-preview:-1"},"canonical":"https:\/\/www.mylasertabac.com\/es\/los-efectos-transgeneracionales-del-tabaquismo-pasivo-un-legado-silencioso-que-hay-que-romper\/","og_locale":"es_ES","og_type":"article","og_title":"TU TABAQUISMO PODR\u00cdA AFECTAR A LA SALUD PULMONAR DE TUS NIETOS, SEG\u00daN UN NUEVO ESTUDIO - My Laser Tabac","og_description":"Averigua c\u00f3mo puede afectar el tabaquismo pasivo a tus hijos y nietos, y por qu\u00e9 es urgente actuar.","og_url":"https:\/\/www.mylasertabac.com\/es\/los-efectos-transgeneracionales-del-tabaquismo-pasivo-un-legado-silencioso-que-hay-que-romper\/","og_site_name":"My Laser Tabac","article_author":"https:\/\/www.facebook.com\/profile.php?id=61571554707319","article_published_time":"2025-09-10T15:27:19+00:00","article_modified_time":"2025-09-10T16:03:47+00:00","og_image":[{"width":1024,"height":683,"url":"https:\/\/www.mylasertabac.com\/wp-content\/uploads\/2025\/09\/Les-effets-de-la-cigarette-sur-nos-petit-enfants-1024x683.png","type":"image\/png"}],"author":"Florian Fortes","twitter_card":"summary_large_image","twitter_misc":{"Escrito por":"Florian Fortes","Tiempo de lectura":"3 minutos"},"schema":{"@context":"https:\/\/schema.org","@graph":[{"@type":"Article","@id":"https:\/\/www.mylasertabac.com\/es\/los-efectos-transgeneracionales-del-tabaquismo-pasivo-un-legado-silencioso-que-hay-que-romper\/#article","isPartOf":{"@id":"https:\/\/www.mylasertabac.com\/es\/los-efectos-transgeneracionales-del-tabaquismo-pasivo-un-legado-silencioso-que-hay-que-romper\/"},"author":{"name":"Florian Fortes","@id":"https:\/\/www.mylasertabac.com\/es\/#\/schema\/person\/02c249cb76d912efb6c315ec23eccdf3"},"headline":"TU TABAQUISMO PODR\u00cdA AFECTAR A LA SALUD PULMONAR DE TUS NIETOS, SEG\u00daN UN NUEVO ESTUDIO","datePublished":"2025-09-10T15:27:19+00:00","dateModified":"2025-09-10T16:03:47+00:00","mainEntityOfPage":{"@id":"https:\/\/www.mylasertabac.com\/es\/los-efectos-transgeneracionales-del-tabaquismo-pasivo-un-legado-silencioso-que-hay-que-romper\/"},"wordCount":586,"publisher":{"@id":"https:\/\/www.mylasertabac.com\/es\/#organization"},"image":{"@id":"https:\/\/www.mylasertabac.com\/es\/los-efectos-transgeneracionales-del-tabaquismo-pasivo-un-legado-silencioso-que-hay-que-romper\/#primaryimage"},"thumbnailUrl":"https:\/\/www.mylasertabac.com\/wp-content\/uploads\/2025\/09\/Les-effets-de-la-cigarette-sur-nos-petit-enfants.png","articleSection":["Salud"],"inLanguage":"es"},{"@type":"WebPage","@id":"https:\/\/www.mylasertabac.com\/es\/los-efectos-transgeneracionales-del-tabaquismo-pasivo-un-legado-silencioso-que-hay-que-romper\/","url":"https:\/\/www.mylasertabac.com\/es\/los-efectos-transgeneracionales-del-tabaquismo-pasivo-un-legado-silencioso-que-hay-que-romper\/","name":"TU TABAQUISMO PODR\u00cdA AFECTAR A LA SALUD PULMONAR DE TUS NIETOS, SEG\u00daN UN NUEVO ESTUDIO - My Laser Tabac","isPartOf":{"@id":"https:\/\/www.mylasertabac.com\/es\/#website"},"primaryImageOfPage":{"@id":"https:\/\/www.mylasertabac.com\/es\/los-efectos-transgeneracionales-del-tabaquismo-pasivo-un-legado-silencioso-que-hay-que-romper\/#primaryimage"},"image":{"@id":"https:\/\/www.mylasertabac.com\/es\/los-efectos-transgeneracionales-del-tabaquismo-pasivo-un-legado-silencioso-que-hay-que-romper\/#primaryimage"},"thumbnailUrl":"https:\/\/www.mylasertabac.com\/wp-content\/uploads\/2025\/09\/Les-effets-de-la-cigarette-sur-nos-petit-enfants.png","datePublished":"2025-09-10T15:27:19+00:00","dateModified":"2025-09-10T16:03:47+00:00","description":"Averigua c\u00f3mo puede afectar el tabaquismo pasivo a tus hijos y nietos, y por qu\u00e9 es urgente actuar.","breadcrumb":{"@id":"https:\/\/www.mylasertabac.com\/es\/los-efectos-transgeneracionales-del-tabaquismo-pasivo-un-legado-silencioso-que-hay-que-romper\/#breadcrumb"},"inLanguage":"es","potentialAction":[{"@type":"ReadAction","target":["https:\/\/www.mylasertabac.com\/es\/los-efectos-transgeneracionales-del-tabaquismo-pasivo-un-legado-silencioso-que-hay-que-romper\/"]}]},{"@type":"ImageObject","inLanguage":"es","@id":"https:\/\/www.mylasertabac.com\/es\/los-efectos-transgeneracionales-del-tabaquismo-pasivo-un-legado-silencioso-que-hay-que-romper\/#primaryimage","url":"https:\/\/www.mylasertabac.com\/wp-content\/uploads\/2025\/09\/Les-effets-de-la-cigarette-sur-nos-petit-enfants.png","contentUrl":"https:\/\/www.mylasertabac.com\/wp-content\/uploads\/2025\/09\/Les-effets-de-la-cigarette-sur-nos-petit-enfants.png","width":1536,"height":1024},{"@type":"BreadcrumbList","@id":"https:\/\/www.mylasertabac.com\/es\/los-efectos-transgeneracionales-del-tabaquismo-pasivo-un-legado-silencioso-que-hay-que-romper\/#breadcrumb","itemListElement":[{"@type":"ListItem","position":1,"name":"Accueil","item":"https:\/\/www.mylasertabac.com\/es\/inicio\/"},{"@type":"ListItem","position":2,"name":"TU TABAQUISMO PODR\u00cdA AFECTAR A LA SALUD PULMONAR DE TUS NIETOS, SEG\u00daN UN NUEVO ESTUDIO"}]},{"@type":"WebSite","@id":"https:\/\/www.mylasertabac.com\/es\/#website","url":"https:\/\/www.mylasertabac.com\/es\/","name":"My Laser Tabac","description":"La solution laser qui transforme les fumeurs en ex-fumeurs","publisher":{"@id":"https:\/\/www.mylasertabac.com\/es\/#organization"},"potentialAction":[{"@type":"SearchAction","target":{"@type":"EntryPoint","urlTemplate":"https:\/\/www.mylasertabac.com\/es\/?s={search_term_string}"},"query-input":{"@type":"PropertyValueSpecification","valueRequired":true,"valueName":"search_term_string"}}],"inLanguage":"es"},{"@type":"Organization","@id":"https:\/\/www.mylasertabac.com\/es\/#organization","name":"My Laser Tabac","url":"https:\/\/www.mylasertabac.com\/es\/","logo":{"@type":"ImageObject","inLanguage":"es","@id":"https:\/\/www.mylasertabac.com\/es\/#\/schema\/logo\/image\/","url":"https:\/\/www.mylasertabac.com\/wp-content\/uploads\/2024\/12\/mlt-verteau.svg","contentUrl":"https:\/\/www.mylasertabac.com\/wp-content\/uploads\/2024\/12\/mlt-verteau.svg","caption":"My Laser Tabac"},"image":{"@id":"https:\/\/www.mylasertabac.com\/es\/#\/schema\/logo\/image\/"}},{"@type":"Person","@id":"https:\/\/www.mylasertabac.com\/es\/#\/schema\/person\/02c249cb76d912efb6c315ec23eccdf3","name":"Florian Fortes","image":{"@type":"ImageObject","inLanguage":"es","@id":"https:\/\/www.mylasertabac.com\/wp-content\/litespeed\/avatar\/142101a71d7b9e6490c1120d9c109a67.jpg?ver=1776856306","url":"https:\/\/www.mylasertabac.com\/wp-content\/litespeed\/avatar\/142101a71d7b9e6490c1120d9c109a67.jpg?ver=1776856306","contentUrl":"https:\/\/www.mylasertabac.com\/wp-content\/litespeed\/avatar\/142101a71d7b9e6490c1120d9c109a67.jpg?ver=1776856306","caption":"Florian Fortes"},"sameAs":["https:\/\/www.mylasertabac.com","https:\/\/www.facebook.com\/profile.php?id=61571554707319"],"url":"https:\/\/www.mylasertabac.com\/es\/author\/florianfortes5312\/"}]}},"_links":{"self":[{"href":"https:\/\/www.mylasertabac.com\/es\/wp-json\/wp\/v2\/posts\/16203","targetHints":{"allow":["GET"]}}],"collection":[{"href":"https:\/\/www.mylasertabac.com\/es\/wp-json\/wp\/v2\/posts"}],"about":[{"href":"https:\/\/www.mylasertabac.com\/es\/wp-json\/wp\/v2\/types\/post"}],"author":[{"embeddable":true,"href":"https:\/\/www.mylasertabac.com\/es\/wp-json\/wp\/v2\/users\/2"}],"replies":[{"embeddable":true,"href":"https:\/\/www.mylasertabac.com\/es\/wp-json\/wp\/v2\/comments?post=16203"}],"version-history":[{"count":5,"href":"https:\/\/www.mylasertabac.com\/es\/wp-json\/wp\/v2\/posts\/16203\/revisions"}],"predecessor-version":[{"id":16238,"href":"https:\/\/www.mylasertabac.com\/es\/wp-json\/wp\/v2\/posts\/16203\/revisions\/16238"}],"wp:featuredmedia":[{"embeddable":true,"href":"https:\/\/www.mylasertabac.com\/es\/wp-json\/wp\/v2\/media\/16200"}],"wp:attachment":[{"href":"https:\/\/www.mylasertabac.com\/es\/wp-json\/wp\/v2\/media?parent=16203"}],"wp:term":[{"taxonomy":"category","embeddable":true,"href":"https:\/\/www.mylasertabac.com\/es\/wp-json\/wp\/v2\/categories?post=16203"},{"taxonomy":"post_tag","embeddable":true,"href":"https:\/\/www.mylasertabac.com\/es\/wp-json\/wp\/v2\/tags?post=16203"}],"curies":[{"name":"wp","href":"https:\/\/api.w.org\/{rel}","templated":true}]}}