{"id":16251,"date":"2025-09-10T18:19:53","date_gmt":"2025-09-10T16:19:53","guid":{"rendered":"https:\/\/www.mylasertabac.com\/dos-alumnos-de-secundaria-hospitalizados-tras-fumar-pete-ton-crane-alerta-escolar\/"},"modified":"2025-09-10T20:42:37","modified_gmt":"2025-09-10T18:42:37","slug":"dos-alumnos-de-secundaria-hospitalizados-tras-fumar-pete-ton-crane-alerta-escolar","status":"publish","type":"post","link":"https:\/\/www.mylasertabac.com\/es\/dos-alumnos-de-secundaria-hospitalizados-tras-fumar-pete-ton-crane-alerta-escolar\/","title":{"rendered":"Dos alumnos de secundaria hospitalizados tras fumar \u00abP\u00e8te ton cr\u00e2ne\u00bb: alerta escolar"},"content":{"rendered":"\n<p>Una noticia escalofriante est\u00e1 sacudiendo los centros de ense\u00f1anza secundaria de la regi\u00f3n de Oise: dos alumnos se desmayaron tras consumir <strong>PTC<\/strong>, apodada <em>\u00abp\u00e8te ton cr\u00e2ne\u00bb<\/em>, una droga sint\u00e9tica capaz de producir efectos inmediatos tan violentos como imprevisibles <em>.<\/em> Una droga sint\u00e9tica capaz de producir efectos inmediatos tan violentos como imprevisibles. Lo que podr\u00eda haber sido un incidente aislado se ha convertido ahora en una advertencia de una peligrosa tendencia que exige una mayor vigilancia, en las aulas y entre los propios adolescentes.  <\/p>\n\n<div style=\"height:23px\" aria-hidden=\"true\" class=\"wp-block-spacer\"><\/div>\n\n<h2 class=\"wp-block-heading\">\u00bfQu\u00e9 es la PTC (o <em>Buda Azul<\/em>)?<\/h2>\n\n<p><strong>El PTC<\/strong>, o <em>Buddha Blue<\/em>, es un <strong>cannabinoide sint\u00e9tico<\/strong> que se vende en forma de l\u00edquido para vaporizar o de polvo para espolvorear sobre mezclas de plantas. A diferencia del cannabis natural, no contiene THC, sino mol\u00e9culas sint\u00e9ticas que imitan sus efectos, a menudo con una potencia alarmante, a veces equivalente al 95% de concentraci\u00f3n de THC puro <a href=\"https:\/\/sante.journaldesfemmes.fr\/fiches-sante-du-quotidien\/2580000-buddha-blue-ptc-drogue-effet-composition\/?utm_source=chatgpt.com\" target=\"_blank\" rel=\"noreferrer noopener\">Journal des Femmes Sant\u00e9Le<\/a><a href=\"https:\/\/www.mondedemain.org\/revues\/2025\/mars-avril\/du-ptc-dans-les-ecoles?utm_source=chatgpt.com\" target=\"_blank\" rel=\"noreferrer noopener\">Monde de Demain<\/a>. <\/p>\n\n<p>Su coste, asequible para los j\u00f3venes, el car\u00e1cter discreto del vapeo y su accesibilidad (principalmente en l\u00ednea o en las proximidades de los centros escolares) han facilitado su difusi\u00f3n en los centros de ense\u00f1anza secundaria.<\/p>\n\n<div style=\"height:23px\" aria-hidden=\"true\" class=\"wp-block-spacer\"><\/div>\n\n<figure class=\"wp-block-image alignleft size-large is-resized\"><a href=\"https:\/\/www.mylasertabac.com\/es\/nuestros-centros\/\"><img fetchpriority=\"high\" decoding=\"async\" width=\"1024\" height=\"668\" src=\"https:\/\/www.mylasertabac.com\/wp-content\/uploads\/2025\/08\/tu-veux-arreter-de-fumer-Clique-ici--1024x668.jpg\" alt=\"\" class=\"wp-image-13752\" style=\"width:446px;height:auto\" srcset=\"https:\/\/www.mylasertabac.com\/wp-content\/uploads\/2025\/08\/tu-veux-arreter-de-fumer-Clique-ici--1024x668.jpg 1024w, https:\/\/www.mylasertabac.com\/wp-content\/uploads\/2025\/08\/tu-veux-arreter-de-fumer-Clique-ici--300x196.jpg 300w, https:\/\/www.mylasertabac.com\/wp-content\/uploads\/2025\/08\/tu-veux-arreter-de-fumer-Clique-ici--768x501.jpg 768w, https:\/\/www.mylasertabac.com\/wp-content\/uploads\/2025\/08\/tu-veux-arreter-de-fumer-Clique-ici-.jpg 1206w\" sizes=\"(max-width: 1024px) 100vw, 1024px\" \/><\/a><\/figure>\n\n<h2 class=\"wp-block-heading\">Efectos dram\u00e1ticos y peligrosos<\/h2>\n\n<p>Los j\u00f3venes consumidores relatan experiencias traum\u00e1ticas: alucinaciones, p\u00e9rdida de realidad, convulsiones, malestar, incluso p\u00e9rdida de conciencia. Algunos incluso describen ataques de ansiedad extrema, pensamientos suicidas, problemas card\u00edacos o renales y un efecto adictivo muy r\u00e1pido. <\/p>\n\n<p>Un reciente anuncio de prevenci\u00f3n difundido por la Polic\u00eda Nacional francesa advierte contra estas sustancias especialmente peligrosas, que consumen discretamente los adolescentes.<\/p>\n\n<div style=\"height:23px\" aria-hidden=\"true\" class=\"wp-block-spacer\"><\/div>\n\n<p><\/p>\n\n<h2 class=\"wp-block-heading\">Testimonios indignados o desorientados<\/h2>\n\n<blockquote class=\"wp-block-quote is-layout-flow wp-block-quote-is-layout-flow\">\n<p>\u00abEn cinco segundos, supe que algo iba mal. Vomit\u00e9, me convulsion\u00e9&#8230; No pod\u00eda respirar ni ver lo que pasaba a mi alrededor\u00bb<br\/>&#8211; Una escolar hospitalizada tras vapear PTC en el patio de su colegio. Estas experiencias no son raras. Muchos j\u00f3venes informan de un \u00abmal viaje\u00bb retroactivo, con disnea y ansiedad persistentes durante varios d\u00edas.  <\/p>\n\n\n\n<div style=\"height:28px\" aria-hidden=\"true\" class=\"wp-block-spacer\"><\/div>\n<\/blockquote>\n\n<h2 class=\"wp-block-heading\">Actuar para prevenir: las escuelas deben intervenir<\/h2>\n\n<p>Es urgente actuar en las escuelas:<\/p>\n\n<ul class=\"wp-block-list\">\n<li>Incluir <strong>cursos de prevenci\u00f3n<\/strong> desde la escuela secundaria sobre los peligros del vapeo, los cannabinoides sint\u00e9ticos y las drogas sint\u00e9ticas en general.<\/li>\n\n\n\n<li>Forma a profesores y padres para que <strong>reconozcan los signos de intoxicaci\u00f3n<\/strong> (malestar, confusi\u00f3n, comportamiento extra\u00f1o).<\/li>\n\n\n\n<li>Implicar a los propios j\u00f3venes en iniciativas <strong>participativas de sensibilizaci\u00f3n<\/strong>, para animarles a asumir responsabilidades y apoyar a sus compa\u00f1eros.<\/li>\n<\/ul>\n\n<div style=\"height:34px\" aria-hidden=\"true\" class=\"wp-block-spacer\"><\/div>\n\n<h2 class=\"wp-block-heading\">Conclusi\u00f3n: informar para proteger hoy y ma\u00f1ana<\/h2>\n\n<p>El malestar que sintieron estos dos alumnos de secundaria tras fumar <em>P\u00e8te ton cr\u00e2ne<\/em> deber\u00eda ser un detonante: un motivo para abrir un di\u00e1logo, para vigilar ferozmente estos nuevos usos peligrosos y para intensificar la educaci\u00f3n sanitaria desde la adolescencia.<\/p>\n\n<p>El camino a seguir est\u00e1 claro: <strong>ya no basta con informar<\/strong>, hay que educar, prevenir e implicar a las personas. Y, por supuesto, para todos aquellos que quieran liberarse de la adicci\u00f3n -tabaco, vapeo u otras sustancias-, nuestro m\u00e9todo <strong>de reflexolog\u00eda auditiva<\/strong>, desarrollado por <strong>MyLaserTabac<\/strong>, ofrece una ayuda suave, natural y eficaz. <\/p>\n\n<p>Juntos, eduquemos, informemos y construyamos un futuro sin humo ni drogas.<\/p>\n\n<div style=\"height:40px\" aria-hidden=\"true\" class=\"wp-block-spacer\"><\/div>\n\n<figure class=\"wp-block-image size-large\"><img decoding=\"async\" src=\"https:\/\/www.mylasertabac.com\/wp-content\/uploads\/\/mlt-verteau.svg\" alt=\"\" class=\"wp-image-13\"\/><\/figure>\n","protected":false},"excerpt":{"rendered":"<p>Una noticia escalofriante est\u00e1 sacudiendo los centros de ense\u00f1anza secundaria de la regi\u00f3n de Oise: dos alumnos se desmayaron tras consumir PTC, apodada \u00abp\u00e8te ton cr\u00e2ne\u00bb, una droga sint\u00e9tica capaz de producir efectos inmediatos tan violentos como imprevisibles . Una droga sint\u00e9tica capaz de producir efectos inmediatos tan violentos como imprevisibles. Lo que podr\u00eda haber [&hellip;]<\/p>\n","protected":false},"author":2,"featured_media":16280,"comment_status":"closed","ping_status":"open","sticky":false,"template":"","format":"standard","meta":{"inline_featured_image":false,"footnotes":""},"categories":[678],"tags":[],"class_list":["post-16251","post","type-post","status-publish","format-standard","has-post-thumbnail","hentry","category-noticias"],"yoast_head":"<!-- This site is optimized with the Yoast SEO plugin v27.4 - https:\/\/yoast.com\/product\/yoast-seo-wordpress\/ -->\n<title>Dos alumnos de secundaria hospitalizados tras fumar &quot;P\u00e8te ton cr\u00e2ne&quot;: alerta escolar - My Laser Tabac<\/title>\n<meta name=\"description\" content=\"Dos alumnos de secundaria que han sido v\u00edctimas de la trama &quot;P\u00e8te ton cr\u00e2ne&quot; vuelven a dar la voz de alarma: los peligros, el malestar y la necesidad de informar a los j\u00f3venes en la escuela.\" \/>\n<meta name=\"robots\" content=\"index, follow, max-snippet:-1, max-image-preview:large, max-video-preview:-1\" \/>\n<link rel=\"canonical\" href=\"https:\/\/www.mylasertabac.com\/es\/dos-alumnos-de-secundaria-hospitalizados-tras-fumar-pete-ton-crane-alerta-escolar\/\" \/>\n<meta property=\"og:locale\" content=\"es_ES\" \/>\n<meta property=\"og:type\" content=\"article\" \/>\n<meta property=\"og:title\" content=\"Dos alumnos de secundaria hospitalizados tras fumar &quot;P\u00e8te ton cr\u00e2ne&quot;: alerta escolar - My Laser Tabac\" \/>\n<meta property=\"og:description\" content=\"Dos alumnos de secundaria que han sido v\u00edctimas de la trama &quot;P\u00e8te ton cr\u00e2ne&quot; vuelven a dar la voz de alarma: los peligros, el malestar y la necesidad de informar a los j\u00f3venes en la escuela.\" \/>\n<meta property=\"og:url\" content=\"https:\/\/www.mylasertabac.com\/es\/dos-alumnos-de-secundaria-hospitalizados-tras-fumar-pete-ton-crane-alerta-escolar\/\" \/>\n<meta property=\"og:site_name\" content=\"My Laser Tabac\" \/>\n<meta property=\"article:author\" content=\"https:\/\/www.facebook.com\/profile.php?id=61571554707319\" \/>\n<meta property=\"article:published_time\" content=\"2025-09-10T16:19:53+00:00\" \/>\n<meta property=\"article:modified_time\" content=\"2025-09-10T18:42:37+00:00\" \/>\n<meta property=\"og:image\" content=\"https:\/\/www.mylasertabac.com\/wp-content\/uploads\/2025\/09\/malaise-dans-un-lycee-suite-a-la-consommation-de-la-drogue-pete-ton-crane-1024x683.png\" \/>\n\t<meta property=\"og:image:width\" content=\"1024\" \/>\n\t<meta property=\"og:image:height\" content=\"683\" \/>\n\t<meta property=\"og:image:type\" content=\"image\/png\" \/>\n<meta name=\"author\" content=\"Florian Fortes\" \/>\n<meta name=\"twitter:card\" content=\"summary_large_image\" \/>\n<meta name=\"twitter:label1\" content=\"Escrito por\" \/>\n\t<meta name=\"twitter:data1\" content=\"Florian Fortes\" \/>\n\t<meta name=\"twitter:label2\" content=\"Tiempo de lectura\" \/>\n\t<meta name=\"twitter:data2\" content=\"3 minutos\" \/>\n<script type=\"application\/ld+json\" class=\"yoast-schema-graph\">{\"@context\":\"https:\\\/\\\/schema.org\",\"@graph\":[{\"@type\":\"Article\",\"@id\":\"https:\\\/\\\/www.mylasertabac.com\\\/es\\\/dos-alumnos-de-secundaria-hospitalizados-tras-fumar-pete-ton-crane-alerta-escolar\\\/#article\",\"isPartOf\":{\"@id\":\"https:\\\/\\\/www.mylasertabac.com\\\/es\\\/dos-alumnos-de-secundaria-hospitalizados-tras-fumar-pete-ton-crane-alerta-escolar\\\/\"},\"author\":{\"name\":\"Florian Fortes\",\"@id\":\"https:\\\/\\\/www.mylasertabac.com\\\/es\\\/#\\\/schema\\\/person\\\/02c249cb76d912efb6c315ec23eccdf3\"},\"headline\":\"Dos alumnos de secundaria hospitalizados tras fumar \u00abP\u00e8te ton cr\u00e2ne\u00bb: alerta escolar\",\"datePublished\":\"2025-09-10T16:19:53+00:00\",\"dateModified\":\"2025-09-10T18:42:37+00:00\",\"mainEntityOfPage\":{\"@id\":\"https:\\\/\\\/www.mylasertabac.com\\\/es\\\/dos-alumnos-de-secundaria-hospitalizados-tras-fumar-pete-ton-crane-alerta-escolar\\\/\"},\"wordCount\":553,\"publisher\":{\"@id\":\"https:\\\/\\\/www.mylasertabac.com\\\/es\\\/#organization\"},\"image\":{\"@id\":\"https:\\\/\\\/www.mylasertabac.com\\\/es\\\/dos-alumnos-de-secundaria-hospitalizados-tras-fumar-pete-ton-crane-alerta-escolar\\\/#primaryimage\"},\"thumbnailUrl\":\"https:\\\/\\\/www.mylasertabac.com\\\/wp-content\\\/uploads\\\/2025\\\/09\\\/malaise-dans-un-lycee-suite-a-la-consommation-de-la-drogue-pete-ton-crane.png\",\"articleSection\":[\"noticias\"],\"inLanguage\":\"es\"},{\"@type\":\"WebPage\",\"@id\":\"https:\\\/\\\/www.mylasertabac.com\\\/es\\\/dos-alumnos-de-secundaria-hospitalizados-tras-fumar-pete-ton-crane-alerta-escolar\\\/\",\"url\":\"https:\\\/\\\/www.mylasertabac.com\\\/es\\\/dos-alumnos-de-secundaria-hospitalizados-tras-fumar-pete-ton-crane-alerta-escolar\\\/\",\"name\":\"Dos alumnos de secundaria hospitalizados tras fumar \\\"P\u00e8te ton cr\u00e2ne\\\": alerta escolar - My Laser Tabac\",\"isPartOf\":{\"@id\":\"https:\\\/\\\/www.mylasertabac.com\\\/es\\\/#website\"},\"primaryImageOfPage\":{\"@id\":\"https:\\\/\\\/www.mylasertabac.com\\\/es\\\/dos-alumnos-de-secundaria-hospitalizados-tras-fumar-pete-ton-crane-alerta-escolar\\\/#primaryimage\"},\"image\":{\"@id\":\"https:\\\/\\\/www.mylasertabac.com\\\/es\\\/dos-alumnos-de-secundaria-hospitalizados-tras-fumar-pete-ton-crane-alerta-escolar\\\/#primaryimage\"},\"thumbnailUrl\":\"https:\\\/\\\/www.mylasertabac.com\\\/wp-content\\\/uploads\\\/2025\\\/09\\\/malaise-dans-un-lycee-suite-a-la-consommation-de-la-drogue-pete-ton-crane.png\",\"datePublished\":\"2025-09-10T16:19:53+00:00\",\"dateModified\":\"2025-09-10T18:42:37+00:00\",\"description\":\"Dos alumnos de secundaria que han sido v\u00edctimas de la trama \\\"P\u00e8te ton cr\u00e2ne\\\" vuelven a dar la voz de alarma: los peligros, el malestar y la necesidad de informar a los j\u00f3venes en la escuela.\",\"breadcrumb\":{\"@id\":\"https:\\\/\\\/www.mylasertabac.com\\\/es\\\/dos-alumnos-de-secundaria-hospitalizados-tras-fumar-pete-ton-crane-alerta-escolar\\\/#breadcrumb\"},\"inLanguage\":\"es\",\"potentialAction\":[{\"@type\":\"ReadAction\",\"target\":[\"https:\\\/\\\/www.mylasertabac.com\\\/es\\\/dos-alumnos-de-secundaria-hospitalizados-tras-fumar-pete-ton-crane-alerta-escolar\\\/\"]}]},{\"@type\":\"ImageObject\",\"inLanguage\":\"es\",\"@id\":\"https:\\\/\\\/www.mylasertabac.com\\\/es\\\/dos-alumnos-de-secundaria-hospitalizados-tras-fumar-pete-ton-crane-alerta-escolar\\\/#primaryimage\",\"url\":\"https:\\\/\\\/www.mylasertabac.com\\\/wp-content\\\/uploads\\\/2025\\\/09\\\/malaise-dans-un-lycee-suite-a-la-consommation-de-la-drogue-pete-ton-crane.png\",\"contentUrl\":\"https:\\\/\\\/www.mylasertabac.com\\\/wp-content\\\/uploads\\\/2025\\\/09\\\/malaise-dans-un-lycee-suite-a-la-consommation-de-la-drogue-pete-ton-crane.png\",\"width\":1536,\"height\":1024},{\"@type\":\"BreadcrumbList\",\"@id\":\"https:\\\/\\\/www.mylasertabac.com\\\/es\\\/dos-alumnos-de-secundaria-hospitalizados-tras-fumar-pete-ton-crane-alerta-escolar\\\/#breadcrumb\",\"itemListElement\":[{\"@type\":\"ListItem\",\"position\":1,\"name\":\"Accueil\",\"item\":\"https:\\\/\\\/www.mylasertabac.com\\\/es\\\/inicio\\\/\"},{\"@type\":\"ListItem\",\"position\":2,\"name\":\"Dos alumnos de secundaria hospitalizados tras fumar \u00abP\u00e8te ton cr\u00e2ne\u00bb: alerta escolar\"}]},{\"@type\":\"WebSite\",\"@id\":\"https:\\\/\\\/www.mylasertabac.com\\\/es\\\/#website\",\"url\":\"https:\\\/\\\/www.mylasertabac.com\\\/es\\\/\",\"name\":\"My Laser Tabac\",\"description\":\"La solution laser qui transforme les fumeurs en ex-fumeurs\",\"publisher\":{\"@id\":\"https:\\\/\\\/www.mylasertabac.com\\\/es\\\/#organization\"},\"potentialAction\":[{\"@type\":\"SearchAction\",\"target\":{\"@type\":\"EntryPoint\",\"urlTemplate\":\"https:\\\/\\\/www.mylasertabac.com\\\/es\\\/?s={search_term_string}\"},\"query-input\":{\"@type\":\"PropertyValueSpecification\",\"valueRequired\":true,\"valueName\":\"search_term_string\"}}],\"inLanguage\":\"es\"},{\"@type\":\"Organization\",\"@id\":\"https:\\\/\\\/www.mylasertabac.com\\\/es\\\/#organization\",\"name\":\"My Laser Tabac\",\"url\":\"https:\\\/\\\/www.mylasertabac.com\\\/es\\\/\",\"logo\":{\"@type\":\"ImageObject\",\"inLanguage\":\"es\",\"@id\":\"https:\\\/\\\/www.mylasertabac.com\\\/es\\\/#\\\/schema\\\/logo\\\/image\\\/\",\"url\":\"https:\\\/\\\/www.mylasertabac.com\\\/wp-content\\\/uploads\\\/2024\\\/12\\\/mlt-verteau.svg\",\"contentUrl\":\"https:\\\/\\\/www.mylasertabac.com\\\/wp-content\\\/uploads\\\/2024\\\/12\\\/mlt-verteau.svg\",\"caption\":\"My Laser Tabac\"},\"image\":{\"@id\":\"https:\\\/\\\/www.mylasertabac.com\\\/es\\\/#\\\/schema\\\/logo\\\/image\\\/\"}},{\"@type\":\"Person\",\"@id\":\"https:\\\/\\\/www.mylasertabac.com\\\/es\\\/#\\\/schema\\\/person\\\/02c249cb76d912efb6c315ec23eccdf3\",\"name\":\"Florian Fortes\",\"image\":{\"@type\":\"ImageObject\",\"inLanguage\":\"es\",\"@id\":\"https:\\\/\\\/www.mylasertabac.com\\\/wp-content\\\/litespeed\\\/avatar\\\/142101a71d7b9e6490c1120d9c109a67.jpg?ver=1776856306\",\"url\":\"https:\\\/\\\/www.mylasertabac.com\\\/wp-content\\\/litespeed\\\/avatar\\\/142101a71d7b9e6490c1120d9c109a67.jpg?ver=1776856306\",\"contentUrl\":\"https:\\\/\\\/www.mylasertabac.com\\\/wp-content\\\/litespeed\\\/avatar\\\/142101a71d7b9e6490c1120d9c109a67.jpg?ver=1776856306\",\"caption\":\"Florian Fortes\"},\"sameAs\":[\"https:\\\/\\\/www.mylasertabac.com\",\"https:\\\/\\\/www.facebook.com\\\/profile.php?id=61571554707319\"],\"url\":\"https:\\\/\\\/www.mylasertabac.com\\\/es\\\/author\\\/florianfortes5312\\\/\"}]}<\/script>\n<!-- \/ Yoast SEO plugin. -->","yoast_head_json":{"title":"Dos alumnos de secundaria hospitalizados tras fumar \"P\u00e8te ton cr\u00e2ne\": alerta escolar - My Laser Tabac","description":"Dos alumnos de secundaria que han sido v\u00edctimas de la trama \"P\u00e8te ton cr\u00e2ne\" vuelven a dar la voz de alarma: los peligros, el malestar y la necesidad de informar a los j\u00f3venes en la escuela.","robots":{"index":"index","follow":"follow","max-snippet":"max-snippet:-1","max-image-preview":"max-image-preview:large","max-video-preview":"max-video-preview:-1"},"canonical":"https:\/\/www.mylasertabac.com\/es\/dos-alumnos-de-secundaria-hospitalizados-tras-fumar-pete-ton-crane-alerta-escolar\/","og_locale":"es_ES","og_type":"article","og_title":"Dos alumnos de secundaria hospitalizados tras fumar \"P\u00e8te ton cr\u00e2ne\": alerta escolar - My Laser Tabac","og_description":"Dos alumnos de secundaria que han sido v\u00edctimas de la trama \"P\u00e8te ton cr\u00e2ne\" vuelven a dar la voz de alarma: los peligros, el malestar y la necesidad de informar a los j\u00f3venes en la escuela.","og_url":"https:\/\/www.mylasertabac.com\/es\/dos-alumnos-de-secundaria-hospitalizados-tras-fumar-pete-ton-crane-alerta-escolar\/","og_site_name":"My Laser Tabac","article_author":"https:\/\/www.facebook.com\/profile.php?id=61571554707319","article_published_time":"2025-09-10T16:19:53+00:00","article_modified_time":"2025-09-10T18:42:37+00:00","og_image":[{"width":1024,"height":683,"url":"https:\/\/www.mylasertabac.com\/wp-content\/uploads\/2025\/09\/malaise-dans-un-lycee-suite-a-la-consommation-de-la-drogue-pete-ton-crane-1024x683.png","type":"image\/png"}],"author":"Florian Fortes","twitter_card":"summary_large_image","twitter_misc":{"Escrito por":"Florian Fortes","Tiempo de lectura":"3 minutos"},"schema":{"@context":"https:\/\/schema.org","@graph":[{"@type":"Article","@id":"https:\/\/www.mylasertabac.com\/es\/dos-alumnos-de-secundaria-hospitalizados-tras-fumar-pete-ton-crane-alerta-escolar\/#article","isPartOf":{"@id":"https:\/\/www.mylasertabac.com\/es\/dos-alumnos-de-secundaria-hospitalizados-tras-fumar-pete-ton-crane-alerta-escolar\/"},"author":{"name":"Florian Fortes","@id":"https:\/\/www.mylasertabac.com\/es\/#\/schema\/person\/02c249cb76d912efb6c315ec23eccdf3"},"headline":"Dos alumnos de secundaria hospitalizados tras fumar \u00abP\u00e8te ton cr\u00e2ne\u00bb: alerta escolar","datePublished":"2025-09-10T16:19:53+00:00","dateModified":"2025-09-10T18:42:37+00:00","mainEntityOfPage":{"@id":"https:\/\/www.mylasertabac.com\/es\/dos-alumnos-de-secundaria-hospitalizados-tras-fumar-pete-ton-crane-alerta-escolar\/"},"wordCount":553,"publisher":{"@id":"https:\/\/www.mylasertabac.com\/es\/#organization"},"image":{"@id":"https:\/\/www.mylasertabac.com\/es\/dos-alumnos-de-secundaria-hospitalizados-tras-fumar-pete-ton-crane-alerta-escolar\/#primaryimage"},"thumbnailUrl":"https:\/\/www.mylasertabac.com\/wp-content\/uploads\/2025\/09\/malaise-dans-un-lycee-suite-a-la-consommation-de-la-drogue-pete-ton-crane.png","articleSection":["noticias"],"inLanguage":"es"},{"@type":"WebPage","@id":"https:\/\/www.mylasertabac.com\/es\/dos-alumnos-de-secundaria-hospitalizados-tras-fumar-pete-ton-crane-alerta-escolar\/","url":"https:\/\/www.mylasertabac.com\/es\/dos-alumnos-de-secundaria-hospitalizados-tras-fumar-pete-ton-crane-alerta-escolar\/","name":"Dos alumnos de secundaria hospitalizados tras fumar \"P\u00e8te ton cr\u00e2ne\": alerta escolar - My Laser Tabac","isPartOf":{"@id":"https:\/\/www.mylasertabac.com\/es\/#website"},"primaryImageOfPage":{"@id":"https:\/\/www.mylasertabac.com\/es\/dos-alumnos-de-secundaria-hospitalizados-tras-fumar-pete-ton-crane-alerta-escolar\/#primaryimage"},"image":{"@id":"https:\/\/www.mylasertabac.com\/es\/dos-alumnos-de-secundaria-hospitalizados-tras-fumar-pete-ton-crane-alerta-escolar\/#primaryimage"},"thumbnailUrl":"https:\/\/www.mylasertabac.com\/wp-content\/uploads\/2025\/09\/malaise-dans-un-lycee-suite-a-la-consommation-de-la-drogue-pete-ton-crane.png","datePublished":"2025-09-10T16:19:53+00:00","dateModified":"2025-09-10T18:42:37+00:00","description":"Dos alumnos de secundaria que han sido v\u00edctimas de la trama \"P\u00e8te ton cr\u00e2ne\" vuelven a dar la voz de alarma: los peligros, el malestar y la necesidad de informar a los j\u00f3venes en la escuela.","breadcrumb":{"@id":"https:\/\/www.mylasertabac.com\/es\/dos-alumnos-de-secundaria-hospitalizados-tras-fumar-pete-ton-crane-alerta-escolar\/#breadcrumb"},"inLanguage":"es","potentialAction":[{"@type":"ReadAction","target":["https:\/\/www.mylasertabac.com\/es\/dos-alumnos-de-secundaria-hospitalizados-tras-fumar-pete-ton-crane-alerta-escolar\/"]}]},{"@type":"ImageObject","inLanguage":"es","@id":"https:\/\/www.mylasertabac.com\/es\/dos-alumnos-de-secundaria-hospitalizados-tras-fumar-pete-ton-crane-alerta-escolar\/#primaryimage","url":"https:\/\/www.mylasertabac.com\/wp-content\/uploads\/2025\/09\/malaise-dans-un-lycee-suite-a-la-consommation-de-la-drogue-pete-ton-crane.png","contentUrl":"https:\/\/www.mylasertabac.com\/wp-content\/uploads\/2025\/09\/malaise-dans-un-lycee-suite-a-la-consommation-de-la-drogue-pete-ton-crane.png","width":1536,"height":1024},{"@type":"BreadcrumbList","@id":"https:\/\/www.mylasertabac.com\/es\/dos-alumnos-de-secundaria-hospitalizados-tras-fumar-pete-ton-crane-alerta-escolar\/#breadcrumb","itemListElement":[{"@type":"ListItem","position":1,"name":"Accueil","item":"https:\/\/www.mylasertabac.com\/es\/inicio\/"},{"@type":"ListItem","position":2,"name":"Dos alumnos de secundaria hospitalizados tras fumar \u00abP\u00e8te ton cr\u00e2ne\u00bb: alerta escolar"}]},{"@type":"WebSite","@id":"https:\/\/www.mylasertabac.com\/es\/#website","url":"https:\/\/www.mylasertabac.com\/es\/","name":"My Laser Tabac","description":"La solution laser qui transforme les fumeurs en ex-fumeurs","publisher":{"@id":"https:\/\/www.mylasertabac.com\/es\/#organization"},"potentialAction":[{"@type":"SearchAction","target":{"@type":"EntryPoint","urlTemplate":"https:\/\/www.mylasertabac.com\/es\/?s={search_term_string}"},"query-input":{"@type":"PropertyValueSpecification","valueRequired":true,"valueName":"search_term_string"}}],"inLanguage":"es"},{"@type":"Organization","@id":"https:\/\/www.mylasertabac.com\/es\/#organization","name":"My Laser Tabac","url":"https:\/\/www.mylasertabac.com\/es\/","logo":{"@type":"ImageObject","inLanguage":"es","@id":"https:\/\/www.mylasertabac.com\/es\/#\/schema\/logo\/image\/","url":"https:\/\/www.mylasertabac.com\/wp-content\/uploads\/2024\/12\/mlt-verteau.svg","contentUrl":"https:\/\/www.mylasertabac.com\/wp-content\/uploads\/2024\/12\/mlt-verteau.svg","caption":"My Laser Tabac"},"image":{"@id":"https:\/\/www.mylasertabac.com\/es\/#\/schema\/logo\/image\/"}},{"@type":"Person","@id":"https:\/\/www.mylasertabac.com\/es\/#\/schema\/person\/02c249cb76d912efb6c315ec23eccdf3","name":"Florian Fortes","image":{"@type":"ImageObject","inLanguage":"es","@id":"https:\/\/www.mylasertabac.com\/wp-content\/litespeed\/avatar\/142101a71d7b9e6490c1120d9c109a67.jpg?ver=1776856306","url":"https:\/\/www.mylasertabac.com\/wp-content\/litespeed\/avatar\/142101a71d7b9e6490c1120d9c109a67.jpg?ver=1776856306","contentUrl":"https:\/\/www.mylasertabac.com\/wp-content\/litespeed\/avatar\/142101a71d7b9e6490c1120d9c109a67.jpg?ver=1776856306","caption":"Florian Fortes"},"sameAs":["https:\/\/www.mylasertabac.com","https:\/\/www.facebook.com\/profile.php?id=61571554707319"],"url":"https:\/\/www.mylasertabac.com\/es\/author\/florianfortes5312\/"}]}},"_links":{"self":[{"href":"https:\/\/www.mylasertabac.com\/es\/wp-json\/wp\/v2\/posts\/16251","targetHints":{"allow":["GET"]}}],"collection":[{"href":"https:\/\/www.mylasertabac.com\/es\/wp-json\/wp\/v2\/posts"}],"about":[{"href":"https:\/\/www.mylasertabac.com\/es\/wp-json\/wp\/v2\/types\/post"}],"author":[{"embeddable":true,"href":"https:\/\/www.mylasertabac.com\/es\/wp-json\/wp\/v2\/users\/2"}],"replies":[{"embeddable":true,"href":"https:\/\/www.mylasertabac.com\/es\/wp-json\/wp\/v2\/comments?post=16251"}],"version-history":[{"count":3,"href":"https:\/\/www.mylasertabac.com\/es\/wp-json\/wp\/v2\/posts\/16251\/revisions"}],"predecessor-version":[{"id":16285,"href":"https:\/\/www.mylasertabac.com\/es\/wp-json\/wp\/v2\/posts\/16251\/revisions\/16285"}],"wp:featuredmedia":[{"embeddable":true,"href":"https:\/\/www.mylasertabac.com\/es\/wp-json\/wp\/v2\/media\/16280"}],"wp:attachment":[{"href":"https:\/\/www.mylasertabac.com\/es\/wp-json\/wp\/v2\/media?parent=16251"}],"wp:term":[{"taxonomy":"category","embeddable":true,"href":"https:\/\/www.mylasertabac.com\/es\/wp-json\/wp\/v2\/categories?post=16251"},{"taxonomy":"post_tag","embeddable":true,"href":"https:\/\/www.mylasertabac.com\/es\/wp-json\/wp\/v2\/tags?post=16251"}],"curies":[{"name":"wp","href":"https:\/\/api.w.org\/{rel}","templated":true}]}}