{"id":18502,"date":"2025-10-21T10:28:56","date_gmt":"2025-10-21T08:28:56","guid":{"rendered":"https:\/\/www.mylasertabac.com\/precios-de-los-cigarrillos-en-marruecos-en-2025-aumento-confirmado-y-nuevas-tarifas-oficiales\/"},"modified":"2025-10-21T11:49:45","modified_gmt":"2025-10-21T09:49:45","slug":"precios-de-los-cigarrillos-en-marruecos-en-2025-aumento-confirmado-y-nuevas-tarifas-oficiales","status":"publish","type":"post","link":"https:\/\/www.mylasertabac.com\/es\/precios-de-los-cigarrillos-en-marruecos-en-2025-aumento-confirmado-y-nuevas-tarifas-oficiales\/","title":{"rendered":"Precios de los cigarrillos en Marruecos en 2025: aumento confirmado y nuevas tarifas oficiales"},"content":{"rendered":"\n<div style=\"height:37px\" aria-hidden=\"true\" class=\"wp-block-spacer\"><\/div>\n\n<figure class=\"wp-block-image alignleft size-large is-resized\"><a href=\"https:\/\/www.mylasertabac.com\/es\/nuestros-centros\/\"><img fetchpriority=\"high\" decoding=\"async\" width=\"1024\" height=\"668\" src=\"https:\/\/www.mylasertabac.com\/wp-content\/uploads\/2025\/08\/tu-veux-arreter-de-fumer-Clique-ici--1024x668.jpg\" alt=\"\" class=\"wp-image-13752\" style=\"width:435px;height:auto\" srcset=\"https:\/\/www.mylasertabac.com\/wp-content\/uploads\/2025\/08\/tu-veux-arreter-de-fumer-Clique-ici--1024x668.jpg 1024w, https:\/\/www.mylasertabac.com\/wp-content\/uploads\/2025\/08\/tu-veux-arreter-de-fumer-Clique-ici--300x196.jpg 300w, https:\/\/www.mylasertabac.com\/wp-content\/uploads\/2025\/08\/tu-veux-arreter-de-fumer-Clique-ici--768x501.jpg 768w, https:\/\/www.mylasertabac.com\/wp-content\/uploads\/2025\/08\/tu-veux-arreter-de-fumer-Clique-ici-.jpg 1206w\" sizes=\"(max-width: 1024px) 100vw, 1024px\" \/><\/a><\/figure>\n\n<h3 class=\"wp-block-heading\">Los nuevos precios del tabaco suscitan un debate sobre el consumo y el abandono<\/h3>\n\n<p>Desde principios de 2025, <strong>los precios de<\/strong> <strong>los cigarrillos<\/strong> en <strong>Marruecos<\/strong> han vuelto a <strong>subir<\/strong>, como consecuencia directa de los ajustes del impuesto nacional sobre el consumo (<strong>ITC<\/strong>) de <strong>los productos del<\/strong> <strong>tabaco<\/strong>. El objetivo de esta medida es adecuar <strong>los precios nacionales<\/strong>a las normas regionales, apoyando al mismo tiempo los objetivos de salud p\u00fablica.<br\/>Estas revisiones de <strong>precios<\/strong> afectan a casi todas las <strong>marcas<\/strong> disponibles en el mercado, desde las de <strong>gama alta<\/strong>, como <strong>Marlboro<\/strong>, hasta el segmento medio representado por <strong>Gauloises<\/strong> y <strong>Marquise<\/strong>. <\/p>\n\n<div style=\"height:39px\" aria-hidden=\"true\" class=\"wp-block-spacer\"><\/div>\n\n<figure class=\"wp-block-table\"><table class=\"has-fixed-layout\"><thead><tr><th>N\u00b0<\/th><th>Marca \/ Modelo<\/th><th>Precio (MAD)<\/th><th>Equivalente (\u20ac)<\/th><th>Cambio 2024-2025<\/th><th>Segmento<\/th><\/tr><\/thead><tbody><tr><td>1<\/td><td>Marlboro Rojo M\u00e1s All\u00e1<\/td><td>41 MAD<\/td><td>~3,75 \u20ac<\/td><td>+1 MAD<\/td><td>Premium<\/td><\/tr><tr><td>2<\/td><td>Marlboro Oro<\/td><td>40 MAD<\/td><td>~3,65 \u20ac<\/td><td>+1 MAD<\/td><td>Premium<\/td><\/tr><tr><td>3<\/td><td>Azul Camel<\/td><td>35 MAD<\/td><td>~3,20 \u20ac<\/td><td>+0,5 MAD<\/td><td>Media<\/td><\/tr><tr><td>4<\/td><td>Camello Plata<\/td><td>34 MAD<\/td><td>~3,10 \u20ac<\/td><td>+1 MAD<\/td><td>Media<\/td><\/tr><tr><td>5<\/td><td>Gauloises Cl\u00e1sico<\/td><td>26 MAD<\/td><td>~2,40 \u20ac<\/td><td>+1 MAD<\/td><td>Media<\/td><\/tr><tr><td>6<\/td><td>Luces de Gauloises<\/td><td>27 MAD<\/td><td>~2,45 \u20ac<\/td><td>+1 MAD<\/td><td>Media<\/td><\/tr><tr><td>7<\/td><td>Chesterfield Rojo<\/td><td>27 MAD<\/td><td>~2,50 \u20ac<\/td><td>+1 MAD<\/td><td>Media<\/td><\/tr><tr><td>8<\/td><td>Chesterfield Azul<\/td><td>28 MAD<\/td><td>~2,55 \u20ac<\/td><td>+1 MAD<\/td><td>Media<\/td><\/tr><tr><td>9<\/td><td>Marquesa Mediana<\/td><td>27 MAD<\/td><td>~2,50 \u20ac<\/td><td>+1 MAD<\/td><td>Media<\/td><\/tr><tr><td>10<\/td><td>Luces de marquesa<\/td><td>28 MAD<\/td><td>~2,55 \u20ac<\/td><td>+1 MAD<\/td><td>Media<\/td><\/tr><tr><td>11<\/td><td>L&amp;M Intenso<\/td><td>27 MAD<\/td><td>~2,50 \u20ac<\/td><td>+2 MAD<\/td><td>Media<\/td><\/tr><tr><td>12<\/td><td>L&amp;M Etiqueta Azul<\/td><td>28 MAD<\/td><td>~2,60 \u20ac<\/td><td>+1 MAD<\/td><td>Media<\/td><\/tr><tr><td>13<\/td><td>Philip Morris Club Azul<\/td><td>30 MAD<\/td><td>~2,75 \u20ac<\/td><td>+1 MAD<\/td><td>Premium<\/td><\/tr><tr><td>14<\/td><td>Philip Morris Club Rojo<\/td><td>31 MAD<\/td><td>~2,85 \u20ac<\/td><td>+1 MAD<\/td><td>Premium<\/td><\/tr><tr><td>15<\/td><td>Lucky Strike Rojo<\/td><td>33 MAD<\/td><td>~3,00 \u20ac<\/td><td>+0,5 MAD<\/td><td>Premium<\/td><\/tr><tr><td>16<\/td><td>Lucky Strike Azul<\/td><td>34 MAD<\/td><td>~3,10 \u20ac<\/td><td>+1 MAD<\/td><td>Premium<\/td><\/tr><tr><td>17<\/td><td>Winston Cl\u00e1sico<\/td><td>32 MAD<\/td><td>~2,95 \u20ac<\/td><td>+1 MAD<\/td><td>Media<\/td><\/tr><tr><td>18<\/td><td>Filtros Monte Carlo<\/td><td>28 MAD<\/td><td>~2,60 \u20ac<\/td><td>+1 MAD<\/td><td>Media<\/td><\/tr><tr><td>19<\/td><td>Casa<\/td><td>29 MAD<\/td><td>~2,65 \u20ac<\/td><td>+1 MAD<\/td><td>Media<\/td><\/tr><tr><td>20<\/td><td>Rojo Costa Dorada<\/td><td>25 MAD<\/td><td>~2,30 \u20ac<\/td><td>+1 MAD<\/td><td>Econ\u00f3mico<\/td><\/tr><\/tbody><\/table><\/figure>\n\n<blockquote class=\"wp-block-quote is-layout-flow wp-block-quote-is-layout-flow\">\n<p>\ud83d\udca1 Tipo de conversi\u00f3n indicativo: 1 euro \u2248 10,9 dirhams (tipo medio oto\u00f1o 2025).<\/p>\n<\/blockquote>\n\n<p>Esta tabla se basa en las circulares de la Administration des Douanes et Imp\u00f4ts Indirects (ADII) y en las publicaciones<strong>de H24Info<\/strong>. Refleja las tarifas oficiales vigentes en todas las <strong>ciudades<\/strong> marroqu\u00edes (Casablanca, Marrakech, Essaouira, Ouarzazate, Rabat, T\u00e1nger, etc.). <\/p>\n\n<div style=\"height:31px\" aria-hidden=\"true\" class=\"wp-block-spacer\"><\/div>\n\n<h2 class=\"wp-block-heading\"><strong>Aumentos medidos pero constantes<\/strong><\/h2>\n\n<p>El <strong>aumento<\/strong> sigue siendo moderado, fluctuando entre +0,5 y +2 dirhams seg\u00fan la <strong>marca<\/strong> y la <strong>gama<\/strong>. <strong>Las cajetillas de<\/strong> <strong>Marlboro<\/strong> y <strong>Camel<\/strong> mantienen su estatus de productos <strong>premium<\/strong>, mientras que <strong>Gauloises<\/strong>, <strong>Marquise<\/strong> y <strong>Chesterfield<\/strong> dominan las <strong>ventas<\/strong> en el segmento medio.<br\/><strong>Los precios<\/strong> <strong>del tabaco<\/strong> en <strong>Marruecos<\/strong> siguen siendo m\u00e1s bajos que en <strong>Francia<\/strong>, donde una <strong>cajetilla<\/strong> cuesta una media de 13 euros. Esto convierte al <strong>pa\u00eds<\/strong> en un <strong>destino<\/strong> atractivo para algunos <strong>viajeros<\/strong> que buscan <strong>productos<\/strong> m\u00e1s baratos, sobre todo en zonas <strong>francas<\/strong> o aeropuertos.<\/p>\n\n<div style=\"height:22px\" aria-hidden=\"true\" class=\"wp-block-spacer\"><\/div>\n\n<h2 class=\"wp-block-heading\"><strong>Las TIC como palanca fiscal y sanitaria<\/strong><\/h2>\n\n<p>El <strong>TIC<\/strong> (impuesto sobre el consumo interno) sigue siendo el principal motor de este <strong>aumento<\/strong>. Cada <strong>unidad de<\/strong> <strong>tabaco<\/strong>vendida <strong>contribuye<\/strong>a aumentar los ingresos p\u00fablicos, al tiempo que apoya las pol\u00edticas de <strong>prevenci\u00f3n<\/strong>.<br\/>Por 1.000 <strong>cigarrillos<\/strong>, el TIC m\u00ednimo alcanzar\u00e1 pronto los 953 MAD, un <strong>coste<\/strong> medio claramente superior al de 2024.<br\/>Esta pol\u00edtica tiene un doble objetivo: reducir <strong>el consumo de<\/strong> <strong>tabaco<\/strong> y limitar las <strong>compras<\/strong> masivas fuera del <strong>marco<\/strong> regulado. <\/p>\n\n<p>Las autoridades subrayan que estas medidas forman parte de una estrategia global de protecci\u00f3n de <strong>la salud p\u00fablica<\/strong>, regulaci\u00f3n del <strong>mercado<\/strong> y lucha contra el contrabando, principal <strong>competidor de<\/strong> las redes de <strong>venta<\/strong> oficiales.<\/p>\n\n<div style=\"height:26px\" aria-hidden=\"true\" class=\"wp-block-spacer\"><\/div>\n\n<figure class=\"wp-block-table\"><table class=\"has-fixed-layout\"><tbody><tr><td>Lee tambi\u00e9n <a href=\"https:\/\/www.mylasertabac.com\/es\/informacion\/formacion-laser-antitabaco-y-contra-la-adiccion\/\"><mark style=\"background-color:rgba(0, 0, 0, 0)\" class=\"has-inline-color has-luminous-vivid-orange-color\">Mylasertabac ofrece formaci\u00f3n en reflexolog\u00eda auricular si quieres emprender un negocio en el \u00e1mbito de la deshabituaci\u00f3n de adicciones.<\/mark><\/a><\/td><\/tr><\/tbody><\/table><\/figure>\n\n<div style=\"height:22px\" aria-hidden=\"true\" class=\"wp-block-spacer\"><\/div>\n\n<h2 class=\"wp-block-heading\"><strong>Efectos sobre el consumo y el poder adquisitivo<\/strong><\/h2>\n\n<p>Para un <strong>fumador<\/strong> que consuma un <strong>paquete<\/strong> al d\u00eda, el <strong>aumento<\/strong> medio de 1 MAD por <strong>paquete<\/strong> representa 360 MAD m\u00e1s al a\u00f1o.<br\/>En Marrakech y Essaouira, los turistas notan ligeras diferencias de <strong>precios<\/strong> entre las zonas urbanas y las costeras, sobre todo en los quioscos con licencia. En las grandes <strong>ciudades<\/strong>, los distribuidores mantienen <strong>ofertas<\/strong> est\u00e1ndar, mientras que los <strong>free<\/strong> shops cercanos a los aeropuertos aplican las tarifas m\u00e1s competitivas. <\/p>\n\n<p>El <strong>presupuesto<\/strong> medio gastado en <strong>tabaco<\/strong> se est\u00e1 convirtiendo en un verdadero indicador del coste de la <strong>vida<\/strong> en <strong>Marruecos<\/strong>, donde <strong>los precios<\/strong> cotidianos (combustible, alimentos, <strong>calzado<\/strong>) tambi\u00e9n tienden al alza.<\/p>\n\n<div style=\"height:22px\" aria-hidden=\"true\" class=\"wp-block-spacer\"><\/div>\n\n<h2 class=\"wp-block-heading\"><strong>Comparaci\u00f3n internacional y atractivo tur\u00edstico<\/strong><\/h2>\n\n<p><strong>Los precios<\/strong> <strong>del tabaco<\/strong> siguen siendo muy competitivos en comparaci\u00f3n con Europa. Un <g id=\"gid_2\">paquete<\/g> de <g id=\"gid_3\">Gauloises<\/g> o <g id=\"gid_4\">Chesterfield<\/g> en <g id=\"gid_5\">Marruecos<\/g> cuesta entre 2,4 y 2,8 euros, frente a m\u00e1s de 12 euros en <g id=\"gid_6\">Francia<\/g>. Esta diferencia anima a <strong>los viajeros<\/strong> a hacer <strong>compras<\/strong> durante su estancia, pero la legislaci\u00f3n limita estrictamente el n\u00famero de <strong>cajetillas<\/strong> que pueden importarse a la Uni\u00f3n Europea.  <\/p>\n\n<p><strong>Destinos<\/strong> marroqu\u00edes como Marrakech, Essaouira y Ouarzazate siguen siendo populares, pero las autoridades advierten contra las importaciones ilegales de <strong>productos del<\/strong> <strong>tabaco<\/strong>, se\u00f1alando que la <strong>moneda<\/strong> local, el dirham, regula <strong>las transacciones<\/strong> nacionales.<\/p>\n\n<div style=\"height:22px\" aria-hidden=\"true\" class=\"wp-block-spacer\"><\/div>\n\n<h2 class=\"wp-block-heading\"><strong>Hacia un futuro sin humo: la soluci\u00f3n MyLaserTabac<\/strong><\/h2>\n\n<p>Ante el aumento <strong>del coste del<\/strong> <strong>tabaco<\/strong> y la creciente conciencia colectiva de los <strong>riesgos<\/strong> para la salud, cada vez m\u00e1s <strong>fumadores<\/strong> buscan liberarse de la adicci\u00f3n.<br\/>La empresa <strong><a href=\"https:\/\/www.mylasertabac.com\/es\/nuestros-centros\/\">MyLaserTabac<\/a><\/strong>pionera en <strong>Marruecos<\/strong> y <strong>Francia<\/strong>, ofrece un m\u00e9todo innovador basado en la <strong>reflexolog\u00eda auricular<\/strong> y el <strong>antitabaco<\/strong> <strong><a href=\"https:\/\/www.mylasertabac.com\/es\/nuestros-centros\/\">l\u00e1ser antitabaco<\/a><\/strong>.<\/p>\n\n<p>Esta t\u00e9cnica se basa en la estimulaci\u00f3n de <strong>puntos auriculares<\/strong> vinculados al sistema nervioso. El <g id=\"gid_1\">l\u00e1ser<\/g> suave act\u00faa en las zonas vinculadas a la adicci\u00f3n, el estr\u00e9s y el <g id=\"gid_2\">consumo<\/g> compulsivo. En pocas sesiones, <strong>los viajeros<\/strong> o residentes que quieren dejar de fumar sienten una reducci\u00f3n notable de sus ansias.  <\/p>\n\n<p>Sin medicamentos ni sustitutos qu\u00edmicos, <strong>la reflexolog\u00eda auditiva l\u00e1ser<\/strong> reequilibra el <strong>organismo<\/strong>, calma el <strong>cerebro<\/strong> y ayuda a <strong>prevenir<\/strong> <strong>el tabaquismo<\/strong>. Una alternativa moderna y natural para quien quiera preservar su <strong>vida<\/strong> y su <strong>presupuesto<\/strong>. <\/p>\n\n<div style=\"height:22px\" aria-hidden=\"true\" class=\"wp-block-spacer\"><\/div>\n\n<h2 class=\"wp-block-heading\"><strong>Conclusi\u00f3n<\/strong><\/h2>\n\n<p><strong>Marruecos<\/strong> forma parte de una estrategia equilibrada: ajustar <strong>los precios<\/strong> <strong>del tabaco<\/strong> sin penalizar excesivamente a los consumidores, reforzando al mismo tiempo las pol\u00edticas de <strong>prevenci\u00f3n<\/strong>.<br\/>Pero para muchos, el verdadero ahorro est\u00e1 en otra parte: en la <strong>decisi\u00f3n de dejar de fumar<\/strong>. Gracias a enfoques como <strong>MyLaserTabac<\/strong>, combinar <strong>salud<\/strong>, <strong>presupuesto<\/strong> y <strong>libertad<\/strong> nunca ha sido tan pr\u00e1ctico. <\/p>\n\n<div style=\"height:35px\" aria-hidden=\"true\" class=\"wp-block-spacer\"><\/div>\n\n<figure class=\"wp-block-image size-large\"><img decoding=\"async\" src=\"https:\/\/www.mylasertabac.com\/wp-content\/uploads\/\/mlt-verteau.svg\" alt=\"\" class=\"wp-image-13\"\/><\/figure>\n","protected":false},"excerpt":{"rendered":"<p>Los nuevos precios del tabaco suscitan un debate sobre el consumo y el abandono Desde principios de 2025, los precios de los cigarrillos en Marruecos han vuelto a subir, como consecuencia directa de los ajustes del impuesto nacional sobre el consumo (ITC) de los productos del tabaco. El objetivo de esta medida es adecuar los [&hellip;]<\/p>\n","protected":false},"author":2,"featured_media":19665,"comment_status":"closed","ping_status":"open","sticky":false,"template":"","format":"standard","meta":{"inline_featured_image":false,"footnotes":""},"categories":[663],"tags":[],"class_list":["post-18502","post","type-post","status-publish","format-standard","has-post-thumbnail","hentry","category-tabaco"],"yoast_head":"<!-- This site is optimized with the Yoast SEO plugin v27.4 - https:\/\/yoast.com\/product\/yoast-seo-wordpress\/ -->\n<title>Precios de los cigarrillos en Marruecos en 2025: aumento confirmado y nuevas tarifas oficiales - My Laser Tabac<\/title>\n<meta name=\"description\" content=\"Inf\u00f3rmate sobre el precio de los cigarrillos en Marruecos en 2025 y las soluciones MyLaserTabac para una retirada natural y sostenible.\" \/>\n<meta name=\"robots\" content=\"index, follow, max-snippet:-1, max-image-preview:large, max-video-preview:-1\" \/>\n<link rel=\"canonical\" href=\"https:\/\/www.mylasertabac.com\/es\/precios-de-los-cigarrillos-en-marruecos-en-2025-aumento-confirmado-y-nuevas-tarifas-oficiales\/\" \/>\n<meta property=\"og:locale\" content=\"es_ES\" \/>\n<meta property=\"og:type\" content=\"article\" \/>\n<meta property=\"og:title\" content=\"Precios de los cigarrillos en Marruecos en 2025: aumento confirmado y nuevas tarifas oficiales - My Laser Tabac\" \/>\n<meta property=\"og:description\" content=\"Inf\u00f3rmate sobre el precio de los cigarrillos en Marruecos en 2025 y las soluciones MyLaserTabac para una retirada natural y sostenible.\" \/>\n<meta property=\"og:url\" content=\"https:\/\/www.mylasertabac.com\/es\/precios-de-los-cigarrillos-en-marruecos-en-2025-aumento-confirmado-y-nuevas-tarifas-oficiales\/\" \/>\n<meta property=\"og:site_name\" content=\"My Laser Tabac\" \/>\n<meta property=\"article:author\" content=\"https:\/\/www.facebook.com\/profile.php?id=61571554707319\" \/>\n<meta property=\"article:published_time\" content=\"2025-10-21T08:28:56+00:00\" \/>\n<meta property=\"article:modified_time\" content=\"2025-10-21T09:49:45+00:00\" \/>\n<meta property=\"og:image\" content=\"https:\/\/www.mylasertabac.com\/wp-content\/uploads\/2025\/10\/Prix-des-cigarette-au-maroc-en-2025-1024x683.png\" \/>\n\t<meta property=\"og:image:width\" content=\"1024\" \/>\n\t<meta property=\"og:image:height\" content=\"683\" \/>\n\t<meta property=\"og:image:type\" content=\"image\/png\" \/>\n<meta name=\"author\" content=\"Florian Fortes\" \/>\n<meta name=\"twitter:card\" content=\"summary_large_image\" \/>\n<meta name=\"twitter:label1\" content=\"Escrito por\" \/>\n\t<meta name=\"twitter:data1\" content=\"Florian Fortes\" \/>\n\t<meta name=\"twitter:label2\" content=\"Tiempo de lectura\" \/>\n\t<meta name=\"twitter:data2\" content=\"5 minutos\" \/>\n<script type=\"application\/ld+json\" class=\"yoast-schema-graph\">{\"@context\":\"https:\\\/\\\/schema.org\",\"@graph\":[{\"@type\":\"Article\",\"@id\":\"https:\\\/\\\/www.mylasertabac.com\\\/es\\\/precios-de-los-cigarrillos-en-marruecos-en-2025-aumento-confirmado-y-nuevas-tarifas-oficiales\\\/#article\",\"isPartOf\":{\"@id\":\"https:\\\/\\\/www.mylasertabac.com\\\/es\\\/precios-de-los-cigarrillos-en-marruecos-en-2025-aumento-confirmado-y-nuevas-tarifas-oficiales\\\/\"},\"author\":{\"name\":\"Florian Fortes\",\"@id\":\"https:\\\/\\\/www.mylasertabac.com\\\/es\\\/#\\\/schema\\\/person\\\/02c249cb76d912efb6c315ec23eccdf3\"},\"headline\":\"Precios de los cigarrillos en Marruecos en 2025: aumento confirmado y nuevas tarifas oficiales\",\"datePublished\":\"2025-10-21T08:28:56+00:00\",\"dateModified\":\"2025-10-21T09:49:45+00:00\",\"mainEntityOfPage\":{\"@id\":\"https:\\\/\\\/www.mylasertabac.com\\\/es\\\/precios-de-los-cigarrillos-en-marruecos-en-2025-aumento-confirmado-y-nuevas-tarifas-oficiales\\\/\"},\"wordCount\":970,\"publisher\":{\"@id\":\"https:\\\/\\\/www.mylasertabac.com\\\/es\\\/#organization\"},\"image\":{\"@id\":\"https:\\\/\\\/www.mylasertabac.com\\\/es\\\/precios-de-los-cigarrillos-en-marruecos-en-2025-aumento-confirmado-y-nuevas-tarifas-oficiales\\\/#primaryimage\"},\"thumbnailUrl\":\"https:\\\/\\\/www.mylasertabac.com\\\/wp-content\\\/uploads\\\/2025\\\/10\\\/Quel-est-le-prix-des-cigarettes-au-maroc-en-2026.png\",\"articleSection\":[\"tabaco\"],\"inLanguage\":\"es\"},{\"@type\":\"WebPage\",\"@id\":\"https:\\\/\\\/www.mylasertabac.com\\\/es\\\/precios-de-los-cigarrillos-en-marruecos-en-2025-aumento-confirmado-y-nuevas-tarifas-oficiales\\\/\",\"url\":\"https:\\\/\\\/www.mylasertabac.com\\\/es\\\/precios-de-los-cigarrillos-en-marruecos-en-2025-aumento-confirmado-y-nuevas-tarifas-oficiales\\\/\",\"name\":\"Precios de los cigarrillos en Marruecos en 2025: aumento confirmado y nuevas tarifas oficiales - My Laser Tabac\",\"isPartOf\":{\"@id\":\"https:\\\/\\\/www.mylasertabac.com\\\/es\\\/#website\"},\"primaryImageOfPage\":{\"@id\":\"https:\\\/\\\/www.mylasertabac.com\\\/es\\\/precios-de-los-cigarrillos-en-marruecos-en-2025-aumento-confirmado-y-nuevas-tarifas-oficiales\\\/#primaryimage\"},\"image\":{\"@id\":\"https:\\\/\\\/www.mylasertabac.com\\\/es\\\/precios-de-los-cigarrillos-en-marruecos-en-2025-aumento-confirmado-y-nuevas-tarifas-oficiales\\\/#primaryimage\"},\"thumbnailUrl\":\"https:\\\/\\\/www.mylasertabac.com\\\/wp-content\\\/uploads\\\/2025\\\/10\\\/Quel-est-le-prix-des-cigarettes-au-maroc-en-2026.png\",\"datePublished\":\"2025-10-21T08:28:56+00:00\",\"dateModified\":\"2025-10-21T09:49:45+00:00\",\"description\":\"Inf\u00f3rmate sobre el precio de los cigarrillos en Marruecos en 2025 y las soluciones MyLaserTabac para una retirada natural y sostenible.\",\"breadcrumb\":{\"@id\":\"https:\\\/\\\/www.mylasertabac.com\\\/es\\\/precios-de-los-cigarrillos-en-marruecos-en-2025-aumento-confirmado-y-nuevas-tarifas-oficiales\\\/#breadcrumb\"},\"inLanguage\":\"es\",\"potentialAction\":[{\"@type\":\"ReadAction\",\"target\":[\"https:\\\/\\\/www.mylasertabac.com\\\/es\\\/precios-de-los-cigarrillos-en-marruecos-en-2025-aumento-confirmado-y-nuevas-tarifas-oficiales\\\/\"]}]},{\"@type\":\"ImageObject\",\"inLanguage\":\"es\",\"@id\":\"https:\\\/\\\/www.mylasertabac.com\\\/es\\\/precios-de-los-cigarrillos-en-marruecos-en-2025-aumento-confirmado-y-nuevas-tarifas-oficiales\\\/#primaryimage\",\"url\":\"https:\\\/\\\/www.mylasertabac.com\\\/wp-content\\\/uploads\\\/2025\\\/10\\\/Quel-est-le-prix-des-cigarettes-au-maroc-en-2026.png\",\"contentUrl\":\"https:\\\/\\\/www.mylasertabac.com\\\/wp-content\\\/uploads\\\/2025\\\/10\\\/Quel-est-le-prix-des-cigarettes-au-maroc-en-2026.png\",\"width\":1536,\"height\":1024},{\"@type\":\"BreadcrumbList\",\"@id\":\"https:\\\/\\\/www.mylasertabac.com\\\/es\\\/precios-de-los-cigarrillos-en-marruecos-en-2025-aumento-confirmado-y-nuevas-tarifas-oficiales\\\/#breadcrumb\",\"itemListElement\":[{\"@type\":\"ListItem\",\"position\":1,\"name\":\"Accueil\",\"item\":\"https:\\\/\\\/www.mylasertabac.com\\\/es\\\/inicio\\\/\"},{\"@type\":\"ListItem\",\"position\":2,\"name\":\"Precios de los cigarrillos en Marruecos en 2025: aumento confirmado y nuevas tarifas oficiales\"}]},{\"@type\":\"WebSite\",\"@id\":\"https:\\\/\\\/www.mylasertabac.com\\\/es\\\/#website\",\"url\":\"https:\\\/\\\/www.mylasertabac.com\\\/es\\\/\",\"name\":\"My Laser Tabac\",\"description\":\"La solution laser qui transforme les fumeurs en ex-fumeurs\",\"publisher\":{\"@id\":\"https:\\\/\\\/www.mylasertabac.com\\\/es\\\/#organization\"},\"potentialAction\":[{\"@type\":\"SearchAction\",\"target\":{\"@type\":\"EntryPoint\",\"urlTemplate\":\"https:\\\/\\\/www.mylasertabac.com\\\/es\\\/?s={search_term_string}\"},\"query-input\":{\"@type\":\"PropertyValueSpecification\",\"valueRequired\":true,\"valueName\":\"search_term_string\"}}],\"inLanguage\":\"es\"},{\"@type\":\"Organization\",\"@id\":\"https:\\\/\\\/www.mylasertabac.com\\\/es\\\/#organization\",\"name\":\"My Laser Tabac\",\"url\":\"https:\\\/\\\/www.mylasertabac.com\\\/es\\\/\",\"logo\":{\"@type\":\"ImageObject\",\"inLanguage\":\"es\",\"@id\":\"https:\\\/\\\/www.mylasertabac.com\\\/es\\\/#\\\/schema\\\/logo\\\/image\\\/\",\"url\":\"https:\\\/\\\/www.mylasertabac.com\\\/wp-content\\\/uploads\\\/2024\\\/12\\\/mlt-verteau.svg\",\"contentUrl\":\"https:\\\/\\\/www.mylasertabac.com\\\/wp-content\\\/uploads\\\/2024\\\/12\\\/mlt-verteau.svg\",\"caption\":\"My Laser Tabac\"},\"image\":{\"@id\":\"https:\\\/\\\/www.mylasertabac.com\\\/es\\\/#\\\/schema\\\/logo\\\/image\\\/\"}},{\"@type\":\"Person\",\"@id\":\"https:\\\/\\\/www.mylasertabac.com\\\/es\\\/#\\\/schema\\\/person\\\/02c249cb76d912efb6c315ec23eccdf3\",\"name\":\"Florian Fortes\",\"image\":{\"@type\":\"ImageObject\",\"inLanguage\":\"es\",\"@id\":\"https:\\\/\\\/www.mylasertabac.com\\\/wp-content\\\/litespeed\\\/avatar\\\/142101a71d7b9e6490c1120d9c109a67.jpg?ver=1776856306\",\"url\":\"https:\\\/\\\/www.mylasertabac.com\\\/wp-content\\\/litespeed\\\/avatar\\\/142101a71d7b9e6490c1120d9c109a67.jpg?ver=1776856306\",\"contentUrl\":\"https:\\\/\\\/www.mylasertabac.com\\\/wp-content\\\/litespeed\\\/avatar\\\/142101a71d7b9e6490c1120d9c109a67.jpg?ver=1776856306\",\"caption\":\"Florian Fortes\"},\"sameAs\":[\"https:\\\/\\\/www.mylasertabac.com\",\"https:\\\/\\\/www.facebook.com\\\/profile.php?id=61571554707319\"],\"url\":\"https:\\\/\\\/www.mylasertabac.com\\\/es\\\/author\\\/florianfortes5312\\\/\"}]}<\/script>\n<!-- \/ Yoast SEO plugin. -->","yoast_head_json":{"title":"Precios de los cigarrillos en Marruecos en 2025: aumento confirmado y nuevas tarifas oficiales - My Laser Tabac","description":"Inf\u00f3rmate sobre el precio de los cigarrillos en Marruecos en 2025 y las soluciones MyLaserTabac para una retirada natural y sostenible.","robots":{"index":"index","follow":"follow","max-snippet":"max-snippet:-1","max-image-preview":"max-image-preview:large","max-video-preview":"max-video-preview:-1"},"canonical":"https:\/\/www.mylasertabac.com\/es\/precios-de-los-cigarrillos-en-marruecos-en-2025-aumento-confirmado-y-nuevas-tarifas-oficiales\/","og_locale":"es_ES","og_type":"article","og_title":"Precios de los cigarrillos en Marruecos en 2025: aumento confirmado y nuevas tarifas oficiales - My Laser Tabac","og_description":"Inf\u00f3rmate sobre el precio de los cigarrillos en Marruecos en 2025 y las soluciones MyLaserTabac para una retirada natural y sostenible.","og_url":"https:\/\/www.mylasertabac.com\/es\/precios-de-los-cigarrillos-en-marruecos-en-2025-aumento-confirmado-y-nuevas-tarifas-oficiales\/","og_site_name":"My Laser Tabac","article_author":"https:\/\/www.facebook.com\/profile.php?id=61571554707319","article_published_time":"2025-10-21T08:28:56+00:00","article_modified_time":"2025-10-21T09:49:45+00:00","og_image":[{"width":1024,"height":683,"url":"https:\/\/www.mylasertabac.com\/wp-content\/uploads\/2025\/10\/Prix-des-cigarette-au-maroc-en-2025-1024x683.png","type":"image\/png"}],"author":"Florian Fortes","twitter_card":"summary_large_image","twitter_misc":{"Escrito por":"Florian Fortes","Tiempo de lectura":"5 minutos"},"schema":{"@context":"https:\/\/schema.org","@graph":[{"@type":"Article","@id":"https:\/\/www.mylasertabac.com\/es\/precios-de-los-cigarrillos-en-marruecos-en-2025-aumento-confirmado-y-nuevas-tarifas-oficiales\/#article","isPartOf":{"@id":"https:\/\/www.mylasertabac.com\/es\/precios-de-los-cigarrillos-en-marruecos-en-2025-aumento-confirmado-y-nuevas-tarifas-oficiales\/"},"author":{"name":"Florian Fortes","@id":"https:\/\/www.mylasertabac.com\/es\/#\/schema\/person\/02c249cb76d912efb6c315ec23eccdf3"},"headline":"Precios de los cigarrillos en Marruecos en 2025: aumento confirmado y nuevas tarifas oficiales","datePublished":"2025-10-21T08:28:56+00:00","dateModified":"2025-10-21T09:49:45+00:00","mainEntityOfPage":{"@id":"https:\/\/www.mylasertabac.com\/es\/precios-de-los-cigarrillos-en-marruecos-en-2025-aumento-confirmado-y-nuevas-tarifas-oficiales\/"},"wordCount":970,"publisher":{"@id":"https:\/\/www.mylasertabac.com\/es\/#organization"},"image":{"@id":"https:\/\/www.mylasertabac.com\/es\/precios-de-los-cigarrillos-en-marruecos-en-2025-aumento-confirmado-y-nuevas-tarifas-oficiales\/#primaryimage"},"thumbnailUrl":"https:\/\/www.mylasertabac.com\/wp-content\/uploads\/2025\/10\/Quel-est-le-prix-des-cigarettes-au-maroc-en-2026.png","articleSection":["tabaco"],"inLanguage":"es"},{"@type":"WebPage","@id":"https:\/\/www.mylasertabac.com\/es\/precios-de-los-cigarrillos-en-marruecos-en-2025-aumento-confirmado-y-nuevas-tarifas-oficiales\/","url":"https:\/\/www.mylasertabac.com\/es\/precios-de-los-cigarrillos-en-marruecos-en-2025-aumento-confirmado-y-nuevas-tarifas-oficiales\/","name":"Precios de los cigarrillos en Marruecos en 2025: aumento confirmado y nuevas tarifas oficiales - My Laser Tabac","isPartOf":{"@id":"https:\/\/www.mylasertabac.com\/es\/#website"},"primaryImageOfPage":{"@id":"https:\/\/www.mylasertabac.com\/es\/precios-de-los-cigarrillos-en-marruecos-en-2025-aumento-confirmado-y-nuevas-tarifas-oficiales\/#primaryimage"},"image":{"@id":"https:\/\/www.mylasertabac.com\/es\/precios-de-los-cigarrillos-en-marruecos-en-2025-aumento-confirmado-y-nuevas-tarifas-oficiales\/#primaryimage"},"thumbnailUrl":"https:\/\/www.mylasertabac.com\/wp-content\/uploads\/2025\/10\/Quel-est-le-prix-des-cigarettes-au-maroc-en-2026.png","datePublished":"2025-10-21T08:28:56+00:00","dateModified":"2025-10-21T09:49:45+00:00","description":"Inf\u00f3rmate sobre el precio de los cigarrillos en Marruecos en 2025 y las soluciones MyLaserTabac para una retirada natural y sostenible.","breadcrumb":{"@id":"https:\/\/www.mylasertabac.com\/es\/precios-de-los-cigarrillos-en-marruecos-en-2025-aumento-confirmado-y-nuevas-tarifas-oficiales\/#breadcrumb"},"inLanguage":"es","potentialAction":[{"@type":"ReadAction","target":["https:\/\/www.mylasertabac.com\/es\/precios-de-los-cigarrillos-en-marruecos-en-2025-aumento-confirmado-y-nuevas-tarifas-oficiales\/"]}]},{"@type":"ImageObject","inLanguage":"es","@id":"https:\/\/www.mylasertabac.com\/es\/precios-de-los-cigarrillos-en-marruecos-en-2025-aumento-confirmado-y-nuevas-tarifas-oficiales\/#primaryimage","url":"https:\/\/www.mylasertabac.com\/wp-content\/uploads\/2025\/10\/Quel-est-le-prix-des-cigarettes-au-maroc-en-2026.png","contentUrl":"https:\/\/www.mylasertabac.com\/wp-content\/uploads\/2025\/10\/Quel-est-le-prix-des-cigarettes-au-maroc-en-2026.png","width":1536,"height":1024},{"@type":"BreadcrumbList","@id":"https:\/\/www.mylasertabac.com\/es\/precios-de-los-cigarrillos-en-marruecos-en-2025-aumento-confirmado-y-nuevas-tarifas-oficiales\/#breadcrumb","itemListElement":[{"@type":"ListItem","position":1,"name":"Accueil","item":"https:\/\/www.mylasertabac.com\/es\/inicio\/"},{"@type":"ListItem","position":2,"name":"Precios de los cigarrillos en Marruecos en 2025: aumento confirmado y nuevas tarifas oficiales"}]},{"@type":"WebSite","@id":"https:\/\/www.mylasertabac.com\/es\/#website","url":"https:\/\/www.mylasertabac.com\/es\/","name":"My Laser Tabac","description":"La solution laser qui transforme les fumeurs en ex-fumeurs","publisher":{"@id":"https:\/\/www.mylasertabac.com\/es\/#organization"},"potentialAction":[{"@type":"SearchAction","target":{"@type":"EntryPoint","urlTemplate":"https:\/\/www.mylasertabac.com\/es\/?s={search_term_string}"},"query-input":{"@type":"PropertyValueSpecification","valueRequired":true,"valueName":"search_term_string"}}],"inLanguage":"es"},{"@type":"Organization","@id":"https:\/\/www.mylasertabac.com\/es\/#organization","name":"My Laser Tabac","url":"https:\/\/www.mylasertabac.com\/es\/","logo":{"@type":"ImageObject","inLanguage":"es","@id":"https:\/\/www.mylasertabac.com\/es\/#\/schema\/logo\/image\/","url":"https:\/\/www.mylasertabac.com\/wp-content\/uploads\/2024\/12\/mlt-verteau.svg","contentUrl":"https:\/\/www.mylasertabac.com\/wp-content\/uploads\/2024\/12\/mlt-verteau.svg","caption":"My Laser Tabac"},"image":{"@id":"https:\/\/www.mylasertabac.com\/es\/#\/schema\/logo\/image\/"}},{"@type":"Person","@id":"https:\/\/www.mylasertabac.com\/es\/#\/schema\/person\/02c249cb76d912efb6c315ec23eccdf3","name":"Florian Fortes","image":{"@type":"ImageObject","inLanguage":"es","@id":"https:\/\/www.mylasertabac.com\/wp-content\/litespeed\/avatar\/142101a71d7b9e6490c1120d9c109a67.jpg?ver=1776856306","url":"https:\/\/www.mylasertabac.com\/wp-content\/litespeed\/avatar\/142101a71d7b9e6490c1120d9c109a67.jpg?ver=1776856306","contentUrl":"https:\/\/www.mylasertabac.com\/wp-content\/litespeed\/avatar\/142101a71d7b9e6490c1120d9c109a67.jpg?ver=1776856306","caption":"Florian Fortes"},"sameAs":["https:\/\/www.mylasertabac.com","https:\/\/www.facebook.com\/profile.php?id=61571554707319"],"url":"https:\/\/www.mylasertabac.com\/es\/author\/florianfortes5312\/"}]}},"_links":{"self":[{"href":"https:\/\/www.mylasertabac.com\/es\/wp-json\/wp\/v2\/posts\/18502","targetHints":{"allow":["GET"]}}],"collection":[{"href":"https:\/\/www.mylasertabac.com\/es\/wp-json\/wp\/v2\/posts"}],"about":[{"href":"https:\/\/www.mylasertabac.com\/es\/wp-json\/wp\/v2\/types\/post"}],"author":[{"embeddable":true,"href":"https:\/\/www.mylasertabac.com\/es\/wp-json\/wp\/v2\/users\/2"}],"replies":[{"embeddable":true,"href":"https:\/\/www.mylasertabac.com\/es\/wp-json\/wp\/v2\/comments?post=18502"}],"version-history":[{"count":6,"href":"https:\/\/www.mylasertabac.com\/es\/wp-json\/wp\/v2\/posts\/18502\/revisions"}],"predecessor-version":[{"id":18548,"href":"https:\/\/www.mylasertabac.com\/es\/wp-json\/wp\/v2\/posts\/18502\/revisions\/18548"}],"wp:featuredmedia":[{"embeddable":true,"href":"https:\/\/www.mylasertabac.com\/es\/wp-json\/wp\/v2\/media\/19665"}],"wp:attachment":[{"href":"https:\/\/www.mylasertabac.com\/es\/wp-json\/wp\/v2\/media?parent=18502"}],"wp:term":[{"taxonomy":"category","embeddable":true,"href":"https:\/\/www.mylasertabac.com\/es\/wp-json\/wp\/v2\/categories?post=18502"},{"taxonomy":"post_tag","embeddable":true,"href":"https:\/\/www.mylasertabac.com\/es\/wp-json\/wp\/v2\/tags?post=18502"}],"curies":[{"name":"wp","href":"https:\/\/api.w.org\/{rel}","templated":true}]}}