{"id":18608,"date":"2025-10-21T12:34:04","date_gmt":"2025-10-21T10:34:04","guid":{"rendered":"https:\/\/www.mylasertabac.com\/nos-aficionamos-al-vapeo-porque-era-mas-barato-ahora-los-vapeadores-estan-en-pie-de-guerra-por-el-nuevo-impuesto-sobre-los-e-liquidos\/"},"modified":"2025-10-21T23:30:32","modified_gmt":"2025-10-21T21:30:32","slug":"nos-aficionamos-al-vapeo-porque-era-mas-barato-ahora-los-vapeadores-estan-en-pie-de-guerra-por-el-nuevo-impuesto-sobre-los-e-liquidos","status":"publish","type":"post","link":"https:\/\/www.mylasertabac.com\/es\/nos-aficionamos-al-vapeo-porque-era-mas-barato-ahora-los-vapeadores-estan-en-pie-de-guerra-por-el-nuevo-impuesto-sobre-los-e-liquidos\/","title":{"rendered":"\u00abNos aficionamos al vapeo porque era m\u00e1s barato&#8230; Ahora los vapeadores est\u00e1n en pie de guerra por el nuevo impuesto sobre los e-l\u00edquidos\u00bb."},"content":{"rendered":"\n<div style=\"height:33px\" aria-hidden=\"true\" class=\"wp-block-spacer\"><\/div>\n\n<p>En los \u00faltimos a\u00f1os, muchos adultos franceses se han pasado al <strong>vapeo<\/strong> para dejar de <strong>fumar<\/strong>, convencidos de que los cigarrillos <strong>electr\u00f3nicos<\/strong> ofrecen una alternativa m\u00e1s barata y sana. Pero la llegada de un <g id=\"gid_3\">nuevo impuesto<\/g>sobre <g id=\"gid_4\">los l\u00edquidos<\/g> para vapear podr\u00eda alterar este c\u00e1lculo econ\u00f3mico. El <strong>mercado<\/strong> <strong>del vapeo<\/strong>est\u00e1 en estado de agitaci\u00f3n, y <strong>los vapeadores<\/strong> se sienten atrapados entre decisiones presupuestarias, sanitarias y pol\u00edticas.  <\/p>\n\n<div style=\"height:32px\" aria-hidden=\"true\" class=\"wp-block-spacer\"><\/div>\n\n<figure class=\"wp-block-image alignleft size-full is-resized\"><img fetchpriority=\"high\" decoding=\"async\" width=\"1024\" height=\"1024\" src=\"https:\/\/www.mylasertabac.com\/wp-content\/uploads\/2025\/10\/temoignage-de-Julia-38-ans-qui-buvait-beaucoup-de-lalcool.png\" alt=\"\" class=\"wp-image-18119\" style=\"width:596px;height:auto\" srcset=\"https:\/\/www.mylasertabac.com\/wp-content\/uploads\/2025\/10\/temoignage-de-Julia-38-ans-qui-buvait-beaucoup-de-lalcool.png 1024w, https:\/\/www.mylasertabac.com\/wp-content\/uploads\/2025\/10\/temoignage-de-Julia-38-ans-qui-buvait-beaucoup-de-lalcool-300x300.png 300w, https:\/\/www.mylasertabac.com\/wp-content\/uploads\/2025\/10\/temoignage-de-Julia-38-ans-qui-buvait-beaucoup-de-lalcool-150x150.png 150w, https:\/\/www.mylasertabac.com\/wp-content\/uploads\/2025\/10\/temoignage-de-Julia-38-ans-qui-buvait-beaucoup-de-lalcool-768x768.png 768w\" sizes=\"(max-width: 1024px) 100vw, 1024px\" \/><\/figure>\n\n<h4 class=\"wp-block-heading\">Testimonio de un vapoteur<\/h4>\n\n<p>\u00abAntes fumaba un paquete de <strong>cigarrillos<\/strong> normales al d\u00eda\u00bb, dice Jula*, de 38 a\u00f1os, ex <strong>fumadora<\/strong>. \u00abMe pas\u00e9 a <strong>los cigarrillos electr\u00f3nicos<\/strong> hace tres a\u00f1os porque eran mucho <strong>m\u00e1s baratos<\/strong> y pude reducir mi <strong>consumo de<\/strong> <strong>nicotina<\/strong>. Ahora utilizo una botella de<g id=\"gid_6\">e-l\u00edquido<\/g> cada semana. \u00bfY ahora quieren <strong>gravarnos<\/strong> de nuevo? Estoy muy enfadada.  <\/p>\n\n<p>Julia encarna a la nueva generaci\u00f3n de <strong>vapeadores<\/strong> que cre\u00edan que el vapeo ofrec\u00eda una <strong>soluci\u00f3n<\/strong> econ\u00f3mica y sanitaria al <strong>tabaquismo<\/strong> tradicional. Pero en el <strong>contexto<\/strong> fiscal de 2025\/2026, esta din\u00e1mica se ve socavada. <\/p>\n\n<div style=\"height:34px\" aria-hidden=\"true\" class=\"wp-block-spacer\"><\/div>\n\n<h4 class=\"wp-block-heading\">Un impuesto anunciado para el presupuesto de 2026<\/h4>\n\n<p>El <strong>gobierno<\/strong> franc\u00e9s est\u00e1 estudiando <strong>una ley<\/strong> que introducir\u00eda un <strong>impuesto<\/strong> espec\u00edfico sobre los <strong>productos<\/strong> de vapeo, en particular las botellas de<strong>e-l\u00edquido<\/strong>. Seg\u00fan varias fuentes, el importe previsto oscilar\u00eda entre 0,03 y 0,05 euros por mililitro, en funci\u00f3n del contenido de <g id=\"gid_5\">nicotina<\/g>. <br\/>Esta medida se suma a la creciente presi\u00f3n sobre el sector del vapeo, que desde <g id=\"gid_6\">hace a\u00f1os<\/g> se equipara a la que se ejerce sobre <g id=\"gid_7\">el tabaco<\/g>. <strong>Los vapeadores<\/strong> lo denuncian como una \u00abmala se\u00f1al\u00bb: imponer una tasa en un momento en que el vapeo ha permitido a millones de <strong>fumadores<\/strong> reducir o dejar de <strong>fumar<\/strong> por completo.    <\/p>\n\n<div style=\"height:34px\" aria-hidden=\"true\" class=\"wp-block-spacer\"><\/div>\n\n<h4 class=\"wp-block-heading\">\u00bfPor qu\u00e9 eligieron vapear?<\/h4>\n\n<p>Sobre el papel, el argumento es sencillo: el <strong>cigarrillo electr\u00f3nico<\/strong> ofrece una alternativa al <strong>tabaco<\/strong> combustible, que suele ser m\u00e1s caro y m\u00e1s perjudicial. Al elegir el vape, <g id=\"gid_2\">los fumadores<\/g> esperan reducir su <g id=\"gid_3\">presupuesto<\/g>, al tiempo que mejoran su <g id=\"gid_4\">salud<\/g> y limitan los efectos secundarios asociados al <g id=\"gid_5\">tabaquismo<\/g>.<br\/>Julien lo resume as\u00ed: \u00abConsegu\u00ed ayuda para dejar de fumar. El vape me dio esa <g id=\"gid_6\">respuesta<\/g>\u00ab.<br\/>Este cambio de los cigarrillos tradicionales a los dispositivos electr\u00f3nicos tambi\u00e9n se vio alentado por estudios que demostraban que el vape pod\u00eda reducir los riesgos asociados al <strong>tabaquismo<\/strong>, aunque no sea totalmente inocuo.   <\/p>\n\n<div style=\"height:23px\" aria-hidden=\"true\" class=\"wp-block-spacer\"><\/div>\n\n<figure class=\"wp-block-table\"><table class=\"has-fixed-layout\"><tbody><tr><td>Lee tambi\u00e9n  <a href=\"https:\/\/www.mylasertabac.comc\"><mark style=\"background-color:rgba(0, 0, 0, 0)\" class=\"has-inline-color has-luminous-vivid-orange-color\">Si quieres dejar de fumar, tenemos la soluci\u00f3n para ti. Haz clic aqu\u00ed <\/mark><\/a><\/td><\/tr><\/tbody><\/table><\/figure>\n\n<div style=\"height:34px\" aria-hidden=\"true\" class=\"wp-block-spacer\"><\/div>\n\n<h4 class=\"wp-block-heading\">El mercado sacudido por los impuestos<\/h4>\n\n<p>El <strong>mercado<\/strong> del vapeo <strong>lleva a\u00f1os<\/strong> experimentando un fuerte crecimiento. <strong>Los productos<\/strong> (kits, <strong>e-l\u00edquidos<\/strong>, <strong>caladas<\/strong>) han invadido estanter\u00edas, tiendas y sitios web. Algunos dicen que los <strong>j\u00f3venes<\/strong> se han dejado seducir por los formatos desechables<strong>(caladas<\/strong>) o la variedad de sabores, lo que ha llevado al gobierno a intervenir. <a href=\"https:\/\/www.generation-nt.com\/actualites\/taxe-vapotage-budget-2026-cigarette-electronique-e-liquide-nicotine-2064209?utm_source=chatgpt.com\" target=\"_blank\" rel=\"noreferrer noopener\">Generaci\u00f3n NT+1<\/a><br\/>Pero mientras que el vapeo se ve\u00eda como una alternativa <strong>al tabaco<\/strong>, este <strong>nuevo<\/strong> impuesto despert\u00f3 r\u00e1pidamente la hostilidad. <strong>Los vapeadores<\/strong> temen un efecto rebote: que aumente su presupuesto, que el vapeo sea menos accesible y que algunos abandonen los cigarrillos electr\u00f3nicos&#8230; y vuelvan a <strong>fumar<\/strong>.   <\/p>\n\n<div style=\"height:34px\" aria-hidden=\"true\" class=\"wp-block-spacer\"><\/div>\n\n<h4 class=\"wp-block-heading\">Los problemas de los vapers<\/h4>\n\n<p>El <strong>precio<\/strong> est\u00e1 en el centro de las preocupaciones: una botella de 10 ml<strong>de e-l\u00edquido<\/strong> sol\u00eda costar entre 4 y 7 euros, pero con el impuesto, este sobrecoste podr\u00eda aumentar de 0,30 a 0,50 euros, lo que supone una carga para el presupuesto anual de un <strong>vapeador<\/strong> que consuma 60 ml al mes. <a href=\"https:\/\/www.ladepeche.fr\/2025\/10\/15\/budget-2026-le-liquide-de-la-cigarette-electronique-bientot-taxe-a-quel-prix-devrait-il-etre-vendu-12993845.php?utm_source=chatgpt.com\" target=\"_blank\" rel=\"noreferrer noopener\">ladepeche.fr+1<\/a><br\/>Adem\u00e1s de la dimensi\u00f3n econ\u00f3mica, est\u00e1 la dimensi\u00f3n <strong>sanitaria<\/strong>. <g id=\"gid_5\">El vapeo<\/g> est\u00e1 reconocido como una alternativa al <g id=\"gid_6\">tabaco para<\/g>los <g id=\"gid_7\">fumadores<\/g> adultos. Seg\u00fan algunos profesionales, gravar <strong>los e-l\u00edquidos<\/strong> equivale a penalizar esta din\u00e1mica de reducci\u00f3n de riesgos. <a href=\"https:\/\/www.oliquide.com\/blog\/nouvelle-taxe-sur-le-vapotage-2025-une-menace-pour-les-vapoteurs-et-ex-fumeurs\/?utm_source=chatgpt.com\" target=\"_blank\" rel=\"noreferrer noopener\">oliquide.com+1<\/a><br\/>Por \u00faltimo, el<strong>medio ambiente<\/strong> y la trazabilidad de <strong>los productos electr\u00f3nicos<\/strong> tambi\u00e9n forman parte del debate: los formatos desechables, la llegada de las caladas y las redes de <strong>venta<\/strong> paralelas abren la puerta a pr\u00e1cticas incontroladas.  <\/p>\n\n<div style=\"height:34px\" aria-hidden=\"true\" class=\"wp-block-spacer\"><\/div>\n\n<h4 class=\"wp-block-heading\">\u00bfC\u00f3mo <strong>est\u00e1n respondiendo<\/strong> los jugadores?<\/h4>\n\n<p>Las asociaciones y los agentes de la industria del vapeo dan la voz de alarma: penalizar el vapeo es incitar a la gente a volver a <strong>fumar<\/strong>, lo que va en contra de la l\u00f3gica de la salud p\u00fablica. De hecho, <strong>el tabaquismo<\/strong> mata a casi 200 personas al d\u00eda en <strong>Francia<\/strong>. <a href=\"https:\/\/www.evaps.fr\/actualites.taxe-sur-la-vape.html?utm_source=chatgpt.com\" target=\"_blank\" rel=\"noreferrer noopener\">eVaps<\/a><br\/>Por tanto, el debate se encuentra en una encrucijada: por un lado, la l\u00f3gica presupuestaria del<strong>Estado<\/strong>, y por otro, la <strong>salud<\/strong> y la <strong>vida<\/strong> de millones de <strong>fumadores<\/strong> y vapeadores. <\/p>\n\n<div style=\"height:34px\" aria-hidden=\"true\" class=\"wp-block-spacer\"><\/div>\n\n<h4 class=\"wp-block-heading\">En conclusi\u00f3n: deja de fumar y mira al futuro<\/h4>\n\n<p>Para muchos, el <strong>cigarrillo<\/strong> electr\u00f3nico no s\u00f3lo ha sido una alternativa econ\u00f3mica, sino tambi\u00e9n una herramienta para liberarse de <strong>los cigarrillos<\/strong> convencionales. A medida que cambia el contexto y se avecina el <strong>impuesto<\/strong>, puede ser \u00fatil recordar que tambi\u00e9n existen m\u00e9todos complementarios para dejar de <strong>fumar<\/strong>.<br\/>. <strong><a href=\"https:\/\/www.mylasertabac.com\/es\/\">reflexolog\u00eda auricular<\/a><\/strong>ofrecida por <strong><a href=\"https:\/\/www.mylasertabac.com\/es\/\">MyLaserTabac<\/a><\/strong>es uno de esos m\u00e9todos: mediante la estimulaci\u00f3n de <strong>puntos<\/strong> espec\u00edficos de la oreja, ayuda a librarse de <strong>la nicotina<\/strong>, la adicci\u00f3n y el <strong>tabaquismo<\/strong>, al tiempo que proporciona beneficios tanto <strong>sanitarios<\/strong> como econ\u00f3micos (reducci\u00f3n <strong>del presupuesto para<\/strong> tabaco). Dejar de <strong>fumar<\/strong> es una inversi\u00f3n en tu <strong>vida<\/strong>, no s\u00f3lo un beneficio econ\u00f3mico.  <\/p>\n\n<div style=\"height:34px\" aria-hidden=\"true\" class=\"wp-block-spacer\"><\/div>\n\n<figure class=\"wp-block-image size-large\"><img decoding=\"async\" src=\"https:\/\/www.mylasertabac.com\/wp-content\/uploads\/\/mlt-verteau.svg\" alt=\"\" class=\"wp-image-13\"\/><\/figure>\n","protected":false},"excerpt":{"rendered":"<p>En los \u00faltimos a\u00f1os, muchos adultos franceses se han pasado al vapeo para dejar de fumar, convencidos de que los cigarrillos electr\u00f3nicos ofrecen una alternativa m\u00e1s barata y sana. Pero la llegada de un nuevo impuestosobre los l\u00edquidos para vapear podr\u00eda alterar este c\u00e1lculo econ\u00f3mico. El mercado del vapeoest\u00e1 en estado de agitaci\u00f3n, y los [&hellip;]<\/p>\n","protected":false},"author":2,"featured_media":18252,"comment_status":"closed","ping_status":"open","sticky":false,"template":"","format":"standard","meta":{"inline_featured_image":false,"footnotes":""},"categories":[120],"tags":[],"class_list":["post-18608","post","type-post","status-publish","format-standard","has-post-thumbnail","hentry","category-salud"],"yoast_head":"<!-- This site is optimized with the Yoast SEO plugin v27.4 - https:\/\/yoast.com\/product\/yoast-seo-wordpress\/ -->\n<title>&quot;Nos aficionamos al vapeo porque era m\u00e1s barato... Ahora los vapeadores est\u00e1n en pie de guerra por el nuevo impuesto sobre los e-l\u00edquidos&quot;. - My Laser Tabac<\/title>\n<meta name=\"description\" content=\"Los vapeadores franceses enfadados por el nuevo impuesto sobre los e-l\u00edquidos: descubre por qu\u00e9 vapear ya no es &quot;m\u00e1s barato&quot;.\" \/>\n<meta name=\"robots\" content=\"index, follow, max-snippet:-1, max-image-preview:large, max-video-preview:-1\" \/>\n<link rel=\"canonical\" href=\"https:\/\/www.mylasertabac.com\/es\/nos-aficionamos-al-vapeo-porque-era-mas-barato-ahora-los-vapeadores-estan-en-pie-de-guerra-por-el-nuevo-impuesto-sobre-los-e-liquidos\/\" \/>\n<meta property=\"og:locale\" content=\"es_ES\" \/>\n<meta property=\"og:type\" content=\"article\" \/>\n<meta property=\"og:title\" content=\"&quot;Nos aficionamos al vapeo porque era m\u00e1s barato... Ahora los vapeadores est\u00e1n en pie de guerra por el nuevo impuesto sobre los e-l\u00edquidos&quot;. - My Laser Tabac\" \/>\n<meta property=\"og:description\" content=\"Los vapeadores franceses enfadados por el nuevo impuesto sobre los e-l\u00edquidos: descubre por qu\u00e9 vapear ya no es &quot;m\u00e1s barato&quot;.\" \/>\n<meta property=\"og:url\" content=\"https:\/\/www.mylasertabac.com\/es\/nos-aficionamos-al-vapeo-porque-era-mas-barato-ahora-los-vapeadores-estan-en-pie-de-guerra-por-el-nuevo-impuesto-sobre-los-e-liquidos\/\" \/>\n<meta property=\"og:site_name\" content=\"My Laser Tabac\" \/>\n<meta property=\"article:author\" content=\"https:\/\/www.facebook.com\/profile.php?id=61571554707319\" \/>\n<meta property=\"article:published_time\" content=\"2025-10-21T10:34:04+00:00\" \/>\n<meta property=\"article:modified_time\" content=\"2025-10-21T21:30:32+00:00\" \/>\n<meta property=\"og:image\" content=\"https:\/\/www.mylasertabac.com\/wp-content\/uploads\/2025\/10\/Taxe-2026-liquide-de-cigarette-electronique.jpg\" \/>\n\t<meta property=\"og:image:width\" content=\"864\" \/>\n\t<meta property=\"og:image:height\" content=\"486\" \/>\n\t<meta property=\"og:image:type\" content=\"image\/jpeg\" \/>\n<meta name=\"author\" content=\"Florian Fortes\" \/>\n<meta name=\"twitter:card\" content=\"summary_large_image\" \/>\n<meta name=\"twitter:label1\" content=\"Escrito por\" \/>\n\t<meta name=\"twitter:data1\" content=\"Florian Fortes\" \/>\n\t<meta name=\"twitter:label2\" content=\"Tiempo de lectura\" \/>\n\t<meta name=\"twitter:data2\" content=\"4 minutos\" \/>\n<script type=\"application\/ld+json\" class=\"yoast-schema-graph\">{\"@context\":\"https:\\\/\\\/schema.org\",\"@graph\":[{\"@type\":\"Article\",\"@id\":\"https:\\\/\\\/www.mylasertabac.com\\\/es\\\/nos-aficionamos-al-vapeo-porque-era-mas-barato-ahora-los-vapeadores-estan-en-pie-de-guerra-por-el-nuevo-impuesto-sobre-los-e-liquidos\\\/#article\",\"isPartOf\":{\"@id\":\"https:\\\/\\\/www.mylasertabac.com\\\/es\\\/nos-aficionamos-al-vapeo-porque-era-mas-barato-ahora-los-vapeadores-estan-en-pie-de-guerra-por-el-nuevo-impuesto-sobre-los-e-liquidos\\\/\"},\"author\":{\"name\":\"Florian Fortes\",\"@id\":\"https:\\\/\\\/www.mylasertabac.com\\\/es\\\/#\\\/schema\\\/person\\\/02c249cb76d912efb6c315ec23eccdf3\"},\"headline\":\"\u00abNos aficionamos al vapeo porque era m\u00e1s barato&#8230; Ahora los vapeadores est\u00e1n en pie de guerra por el nuevo impuesto sobre los e-l\u00edquidos\u00bb.\",\"datePublished\":\"2025-10-21T10:34:04+00:00\",\"dateModified\":\"2025-10-21T21:30:32+00:00\",\"mainEntityOfPage\":{\"@id\":\"https:\\\/\\\/www.mylasertabac.com\\\/es\\\/nos-aficionamos-al-vapeo-porque-era-mas-barato-ahora-los-vapeadores-estan-en-pie-de-guerra-por-el-nuevo-impuesto-sobre-los-e-liquidos\\\/\"},\"wordCount\":916,\"publisher\":{\"@id\":\"https:\\\/\\\/www.mylasertabac.com\\\/es\\\/#organization\"},\"image\":{\"@id\":\"https:\\\/\\\/www.mylasertabac.com\\\/es\\\/nos-aficionamos-al-vapeo-porque-era-mas-barato-ahora-los-vapeadores-estan-en-pie-de-guerra-por-el-nuevo-impuesto-sobre-los-e-liquidos\\\/#primaryimage\"},\"thumbnailUrl\":\"https:\\\/\\\/www.mylasertabac.com\\\/wp-content\\\/uploads\\\/2025\\\/10\\\/Taxe-2026-liquide-de-cigarette-electronique.jpg\",\"articleSection\":[\"Salud\"],\"inLanguage\":\"es\"},{\"@type\":\"WebPage\",\"@id\":\"https:\\\/\\\/www.mylasertabac.com\\\/es\\\/nos-aficionamos-al-vapeo-porque-era-mas-barato-ahora-los-vapeadores-estan-en-pie-de-guerra-por-el-nuevo-impuesto-sobre-los-e-liquidos\\\/\",\"url\":\"https:\\\/\\\/www.mylasertabac.com\\\/es\\\/nos-aficionamos-al-vapeo-porque-era-mas-barato-ahora-los-vapeadores-estan-en-pie-de-guerra-por-el-nuevo-impuesto-sobre-los-e-liquidos\\\/\",\"name\":\"\\\"Nos aficionamos al vapeo porque era m\u00e1s barato... Ahora los vapeadores est\u00e1n en pie de guerra por el nuevo impuesto sobre los e-l\u00edquidos\\\". - My Laser Tabac\",\"isPartOf\":{\"@id\":\"https:\\\/\\\/www.mylasertabac.com\\\/es\\\/#website\"},\"primaryImageOfPage\":{\"@id\":\"https:\\\/\\\/www.mylasertabac.com\\\/es\\\/nos-aficionamos-al-vapeo-porque-era-mas-barato-ahora-los-vapeadores-estan-en-pie-de-guerra-por-el-nuevo-impuesto-sobre-los-e-liquidos\\\/#primaryimage\"},\"image\":{\"@id\":\"https:\\\/\\\/www.mylasertabac.com\\\/es\\\/nos-aficionamos-al-vapeo-porque-era-mas-barato-ahora-los-vapeadores-estan-en-pie-de-guerra-por-el-nuevo-impuesto-sobre-los-e-liquidos\\\/#primaryimage\"},\"thumbnailUrl\":\"https:\\\/\\\/www.mylasertabac.com\\\/wp-content\\\/uploads\\\/2025\\\/10\\\/Taxe-2026-liquide-de-cigarette-electronique.jpg\",\"datePublished\":\"2025-10-21T10:34:04+00:00\",\"dateModified\":\"2025-10-21T21:30:32+00:00\",\"description\":\"Los vapeadores franceses enfadados por el nuevo impuesto sobre los e-l\u00edquidos: descubre por qu\u00e9 vapear ya no es \\\"m\u00e1s barato\\\".\",\"breadcrumb\":{\"@id\":\"https:\\\/\\\/www.mylasertabac.com\\\/es\\\/nos-aficionamos-al-vapeo-porque-era-mas-barato-ahora-los-vapeadores-estan-en-pie-de-guerra-por-el-nuevo-impuesto-sobre-los-e-liquidos\\\/#breadcrumb\"},\"inLanguage\":\"es\",\"potentialAction\":[{\"@type\":\"ReadAction\",\"target\":[\"https:\\\/\\\/www.mylasertabac.com\\\/es\\\/nos-aficionamos-al-vapeo-porque-era-mas-barato-ahora-los-vapeadores-estan-en-pie-de-guerra-por-el-nuevo-impuesto-sobre-los-e-liquidos\\\/\"]}]},{\"@type\":\"ImageObject\",\"inLanguage\":\"es\",\"@id\":\"https:\\\/\\\/www.mylasertabac.com\\\/es\\\/nos-aficionamos-al-vapeo-porque-era-mas-barato-ahora-los-vapeadores-estan-en-pie-de-guerra-por-el-nuevo-impuesto-sobre-los-e-liquidos\\\/#primaryimage\",\"url\":\"https:\\\/\\\/www.mylasertabac.com\\\/wp-content\\\/uploads\\\/2025\\\/10\\\/Taxe-2026-liquide-de-cigarette-electronique.jpg\",\"contentUrl\":\"https:\\\/\\\/www.mylasertabac.com\\\/wp-content\\\/uploads\\\/2025\\\/10\\\/Taxe-2026-liquide-de-cigarette-electronique.jpg\",\"width\":864,\"height\":486},{\"@type\":\"BreadcrumbList\",\"@id\":\"https:\\\/\\\/www.mylasertabac.com\\\/es\\\/nos-aficionamos-al-vapeo-porque-era-mas-barato-ahora-los-vapeadores-estan-en-pie-de-guerra-por-el-nuevo-impuesto-sobre-los-e-liquidos\\\/#breadcrumb\",\"itemListElement\":[{\"@type\":\"ListItem\",\"position\":1,\"name\":\"Accueil\",\"item\":\"https:\\\/\\\/www.mylasertabac.com\\\/es\\\/inicio\\\/\"},{\"@type\":\"ListItem\",\"position\":2,\"name\":\"\u00abNos aficionamos al vapeo porque era m\u00e1s barato&#8230; Ahora los vapeadores est\u00e1n en pie de guerra por el nuevo impuesto sobre los e-l\u00edquidos\u00bb.\"}]},{\"@type\":\"WebSite\",\"@id\":\"https:\\\/\\\/www.mylasertabac.com\\\/es\\\/#website\",\"url\":\"https:\\\/\\\/www.mylasertabac.com\\\/es\\\/\",\"name\":\"My Laser Tabac\",\"description\":\"La solution laser qui transforme les fumeurs en ex-fumeurs\",\"publisher\":{\"@id\":\"https:\\\/\\\/www.mylasertabac.com\\\/es\\\/#organization\"},\"potentialAction\":[{\"@type\":\"SearchAction\",\"target\":{\"@type\":\"EntryPoint\",\"urlTemplate\":\"https:\\\/\\\/www.mylasertabac.com\\\/es\\\/?s={search_term_string}\"},\"query-input\":{\"@type\":\"PropertyValueSpecification\",\"valueRequired\":true,\"valueName\":\"search_term_string\"}}],\"inLanguage\":\"es\"},{\"@type\":\"Organization\",\"@id\":\"https:\\\/\\\/www.mylasertabac.com\\\/es\\\/#organization\",\"name\":\"My Laser Tabac\",\"url\":\"https:\\\/\\\/www.mylasertabac.com\\\/es\\\/\",\"logo\":{\"@type\":\"ImageObject\",\"inLanguage\":\"es\",\"@id\":\"https:\\\/\\\/www.mylasertabac.com\\\/es\\\/#\\\/schema\\\/logo\\\/image\\\/\",\"url\":\"https:\\\/\\\/www.mylasertabac.com\\\/wp-content\\\/uploads\\\/2024\\\/12\\\/mlt-verteau.svg\",\"contentUrl\":\"https:\\\/\\\/www.mylasertabac.com\\\/wp-content\\\/uploads\\\/2024\\\/12\\\/mlt-verteau.svg\",\"caption\":\"My Laser Tabac\"},\"image\":{\"@id\":\"https:\\\/\\\/www.mylasertabac.com\\\/es\\\/#\\\/schema\\\/logo\\\/image\\\/\"}},{\"@type\":\"Person\",\"@id\":\"https:\\\/\\\/www.mylasertabac.com\\\/es\\\/#\\\/schema\\\/person\\\/02c249cb76d912efb6c315ec23eccdf3\",\"name\":\"Florian Fortes\",\"image\":{\"@type\":\"ImageObject\",\"inLanguage\":\"es\",\"@id\":\"https:\\\/\\\/www.mylasertabac.com\\\/wp-content\\\/litespeed\\\/avatar\\\/142101a71d7b9e6490c1120d9c109a67.jpg?ver=1776856306\",\"url\":\"https:\\\/\\\/www.mylasertabac.com\\\/wp-content\\\/litespeed\\\/avatar\\\/142101a71d7b9e6490c1120d9c109a67.jpg?ver=1776856306\",\"contentUrl\":\"https:\\\/\\\/www.mylasertabac.com\\\/wp-content\\\/litespeed\\\/avatar\\\/142101a71d7b9e6490c1120d9c109a67.jpg?ver=1776856306\",\"caption\":\"Florian Fortes\"},\"sameAs\":[\"https:\\\/\\\/www.mylasertabac.com\",\"https:\\\/\\\/www.facebook.com\\\/profile.php?id=61571554707319\"],\"url\":\"https:\\\/\\\/www.mylasertabac.com\\\/es\\\/author\\\/florianfortes5312\\\/\"}]}<\/script>\n<!-- \/ Yoast SEO plugin. -->","yoast_head_json":{"title":"\"Nos aficionamos al vapeo porque era m\u00e1s barato... Ahora los vapeadores est\u00e1n en pie de guerra por el nuevo impuesto sobre los e-l\u00edquidos\". - My Laser Tabac","description":"Los vapeadores franceses enfadados por el nuevo impuesto sobre los e-l\u00edquidos: descubre por qu\u00e9 vapear ya no es \"m\u00e1s barato\".","robots":{"index":"index","follow":"follow","max-snippet":"max-snippet:-1","max-image-preview":"max-image-preview:large","max-video-preview":"max-video-preview:-1"},"canonical":"https:\/\/www.mylasertabac.com\/es\/nos-aficionamos-al-vapeo-porque-era-mas-barato-ahora-los-vapeadores-estan-en-pie-de-guerra-por-el-nuevo-impuesto-sobre-los-e-liquidos\/","og_locale":"es_ES","og_type":"article","og_title":"\"Nos aficionamos al vapeo porque era m\u00e1s barato... Ahora los vapeadores est\u00e1n en pie de guerra por el nuevo impuesto sobre los e-l\u00edquidos\". - My Laser Tabac","og_description":"Los vapeadores franceses enfadados por el nuevo impuesto sobre los e-l\u00edquidos: descubre por qu\u00e9 vapear ya no es \"m\u00e1s barato\".","og_url":"https:\/\/www.mylasertabac.com\/es\/nos-aficionamos-al-vapeo-porque-era-mas-barato-ahora-los-vapeadores-estan-en-pie-de-guerra-por-el-nuevo-impuesto-sobre-los-e-liquidos\/","og_site_name":"My Laser Tabac","article_author":"https:\/\/www.facebook.com\/profile.php?id=61571554707319","article_published_time":"2025-10-21T10:34:04+00:00","article_modified_time":"2025-10-21T21:30:32+00:00","og_image":[{"width":864,"height":486,"url":"https:\/\/www.mylasertabac.com\/wp-content\/uploads\/2025\/10\/Taxe-2026-liquide-de-cigarette-electronique.jpg","type":"image\/jpeg"}],"author":"Florian Fortes","twitter_card":"summary_large_image","twitter_misc":{"Escrito por":"Florian Fortes","Tiempo de lectura":"4 minutos"},"schema":{"@context":"https:\/\/schema.org","@graph":[{"@type":"Article","@id":"https:\/\/www.mylasertabac.com\/es\/nos-aficionamos-al-vapeo-porque-era-mas-barato-ahora-los-vapeadores-estan-en-pie-de-guerra-por-el-nuevo-impuesto-sobre-los-e-liquidos\/#article","isPartOf":{"@id":"https:\/\/www.mylasertabac.com\/es\/nos-aficionamos-al-vapeo-porque-era-mas-barato-ahora-los-vapeadores-estan-en-pie-de-guerra-por-el-nuevo-impuesto-sobre-los-e-liquidos\/"},"author":{"name":"Florian Fortes","@id":"https:\/\/www.mylasertabac.com\/es\/#\/schema\/person\/02c249cb76d912efb6c315ec23eccdf3"},"headline":"\u00abNos aficionamos al vapeo porque era m\u00e1s barato&#8230; Ahora los vapeadores est\u00e1n en pie de guerra por el nuevo impuesto sobre los e-l\u00edquidos\u00bb.","datePublished":"2025-10-21T10:34:04+00:00","dateModified":"2025-10-21T21:30:32+00:00","mainEntityOfPage":{"@id":"https:\/\/www.mylasertabac.com\/es\/nos-aficionamos-al-vapeo-porque-era-mas-barato-ahora-los-vapeadores-estan-en-pie-de-guerra-por-el-nuevo-impuesto-sobre-los-e-liquidos\/"},"wordCount":916,"publisher":{"@id":"https:\/\/www.mylasertabac.com\/es\/#organization"},"image":{"@id":"https:\/\/www.mylasertabac.com\/es\/nos-aficionamos-al-vapeo-porque-era-mas-barato-ahora-los-vapeadores-estan-en-pie-de-guerra-por-el-nuevo-impuesto-sobre-los-e-liquidos\/#primaryimage"},"thumbnailUrl":"https:\/\/www.mylasertabac.com\/wp-content\/uploads\/2025\/10\/Taxe-2026-liquide-de-cigarette-electronique.jpg","articleSection":["Salud"],"inLanguage":"es"},{"@type":"WebPage","@id":"https:\/\/www.mylasertabac.com\/es\/nos-aficionamos-al-vapeo-porque-era-mas-barato-ahora-los-vapeadores-estan-en-pie-de-guerra-por-el-nuevo-impuesto-sobre-los-e-liquidos\/","url":"https:\/\/www.mylasertabac.com\/es\/nos-aficionamos-al-vapeo-porque-era-mas-barato-ahora-los-vapeadores-estan-en-pie-de-guerra-por-el-nuevo-impuesto-sobre-los-e-liquidos\/","name":"\"Nos aficionamos al vapeo porque era m\u00e1s barato... Ahora los vapeadores est\u00e1n en pie de guerra por el nuevo impuesto sobre los e-l\u00edquidos\". - My Laser Tabac","isPartOf":{"@id":"https:\/\/www.mylasertabac.com\/es\/#website"},"primaryImageOfPage":{"@id":"https:\/\/www.mylasertabac.com\/es\/nos-aficionamos-al-vapeo-porque-era-mas-barato-ahora-los-vapeadores-estan-en-pie-de-guerra-por-el-nuevo-impuesto-sobre-los-e-liquidos\/#primaryimage"},"image":{"@id":"https:\/\/www.mylasertabac.com\/es\/nos-aficionamos-al-vapeo-porque-era-mas-barato-ahora-los-vapeadores-estan-en-pie-de-guerra-por-el-nuevo-impuesto-sobre-los-e-liquidos\/#primaryimage"},"thumbnailUrl":"https:\/\/www.mylasertabac.com\/wp-content\/uploads\/2025\/10\/Taxe-2026-liquide-de-cigarette-electronique.jpg","datePublished":"2025-10-21T10:34:04+00:00","dateModified":"2025-10-21T21:30:32+00:00","description":"Los vapeadores franceses enfadados por el nuevo impuesto sobre los e-l\u00edquidos: descubre por qu\u00e9 vapear ya no es \"m\u00e1s barato\".","breadcrumb":{"@id":"https:\/\/www.mylasertabac.com\/es\/nos-aficionamos-al-vapeo-porque-era-mas-barato-ahora-los-vapeadores-estan-en-pie-de-guerra-por-el-nuevo-impuesto-sobre-los-e-liquidos\/#breadcrumb"},"inLanguage":"es","potentialAction":[{"@type":"ReadAction","target":["https:\/\/www.mylasertabac.com\/es\/nos-aficionamos-al-vapeo-porque-era-mas-barato-ahora-los-vapeadores-estan-en-pie-de-guerra-por-el-nuevo-impuesto-sobre-los-e-liquidos\/"]}]},{"@type":"ImageObject","inLanguage":"es","@id":"https:\/\/www.mylasertabac.com\/es\/nos-aficionamos-al-vapeo-porque-era-mas-barato-ahora-los-vapeadores-estan-en-pie-de-guerra-por-el-nuevo-impuesto-sobre-los-e-liquidos\/#primaryimage","url":"https:\/\/www.mylasertabac.com\/wp-content\/uploads\/2025\/10\/Taxe-2026-liquide-de-cigarette-electronique.jpg","contentUrl":"https:\/\/www.mylasertabac.com\/wp-content\/uploads\/2025\/10\/Taxe-2026-liquide-de-cigarette-electronique.jpg","width":864,"height":486},{"@type":"BreadcrumbList","@id":"https:\/\/www.mylasertabac.com\/es\/nos-aficionamos-al-vapeo-porque-era-mas-barato-ahora-los-vapeadores-estan-en-pie-de-guerra-por-el-nuevo-impuesto-sobre-los-e-liquidos\/#breadcrumb","itemListElement":[{"@type":"ListItem","position":1,"name":"Accueil","item":"https:\/\/www.mylasertabac.com\/es\/inicio\/"},{"@type":"ListItem","position":2,"name":"\u00abNos aficionamos al vapeo porque era m\u00e1s barato&#8230; Ahora los vapeadores est\u00e1n en pie de guerra por el nuevo impuesto sobre los e-l\u00edquidos\u00bb."}]},{"@type":"WebSite","@id":"https:\/\/www.mylasertabac.com\/es\/#website","url":"https:\/\/www.mylasertabac.com\/es\/","name":"My Laser Tabac","description":"La solution laser qui transforme les fumeurs en ex-fumeurs","publisher":{"@id":"https:\/\/www.mylasertabac.com\/es\/#organization"},"potentialAction":[{"@type":"SearchAction","target":{"@type":"EntryPoint","urlTemplate":"https:\/\/www.mylasertabac.com\/es\/?s={search_term_string}"},"query-input":{"@type":"PropertyValueSpecification","valueRequired":true,"valueName":"search_term_string"}}],"inLanguage":"es"},{"@type":"Organization","@id":"https:\/\/www.mylasertabac.com\/es\/#organization","name":"My Laser Tabac","url":"https:\/\/www.mylasertabac.com\/es\/","logo":{"@type":"ImageObject","inLanguage":"es","@id":"https:\/\/www.mylasertabac.com\/es\/#\/schema\/logo\/image\/","url":"https:\/\/www.mylasertabac.com\/wp-content\/uploads\/2024\/12\/mlt-verteau.svg","contentUrl":"https:\/\/www.mylasertabac.com\/wp-content\/uploads\/2024\/12\/mlt-verteau.svg","caption":"My Laser Tabac"},"image":{"@id":"https:\/\/www.mylasertabac.com\/es\/#\/schema\/logo\/image\/"}},{"@type":"Person","@id":"https:\/\/www.mylasertabac.com\/es\/#\/schema\/person\/02c249cb76d912efb6c315ec23eccdf3","name":"Florian Fortes","image":{"@type":"ImageObject","inLanguage":"es","@id":"https:\/\/www.mylasertabac.com\/wp-content\/litespeed\/avatar\/142101a71d7b9e6490c1120d9c109a67.jpg?ver=1776856306","url":"https:\/\/www.mylasertabac.com\/wp-content\/litespeed\/avatar\/142101a71d7b9e6490c1120d9c109a67.jpg?ver=1776856306","contentUrl":"https:\/\/www.mylasertabac.com\/wp-content\/litespeed\/avatar\/142101a71d7b9e6490c1120d9c109a67.jpg?ver=1776856306","caption":"Florian Fortes"},"sameAs":["https:\/\/www.mylasertabac.com","https:\/\/www.facebook.com\/profile.php?id=61571554707319"],"url":"https:\/\/www.mylasertabac.com\/es\/author\/florianfortes5312\/"}]}},"_links":{"self":[{"href":"https:\/\/www.mylasertabac.com\/es\/wp-json\/wp\/v2\/posts\/18608","targetHints":{"allow":["GET"]}}],"collection":[{"href":"https:\/\/www.mylasertabac.com\/es\/wp-json\/wp\/v2\/posts"}],"about":[{"href":"https:\/\/www.mylasertabac.com\/es\/wp-json\/wp\/v2\/types\/post"}],"author":[{"embeddable":true,"href":"https:\/\/www.mylasertabac.com\/es\/wp-json\/wp\/v2\/users\/2"}],"replies":[{"embeddable":true,"href":"https:\/\/www.mylasertabac.com\/es\/wp-json\/wp\/v2\/comments?post=18608"}],"version-history":[{"count":1,"href":"https:\/\/www.mylasertabac.com\/es\/wp-json\/wp\/v2\/posts\/18608\/revisions"}],"predecessor-version":[{"id":18611,"href":"https:\/\/www.mylasertabac.com\/es\/wp-json\/wp\/v2\/posts\/18608\/revisions\/18611"}],"wp:featuredmedia":[{"embeddable":true,"href":"https:\/\/www.mylasertabac.com\/es\/wp-json\/wp\/v2\/media\/18252"}],"wp:attachment":[{"href":"https:\/\/www.mylasertabac.com\/es\/wp-json\/wp\/v2\/media?parent=18608"}],"wp:term":[{"taxonomy":"category","embeddable":true,"href":"https:\/\/www.mylasertabac.com\/es\/wp-json\/wp\/v2\/categories?post=18608"},{"taxonomy":"post_tag","embeddable":true,"href":"https:\/\/www.mylasertabac.com\/es\/wp-json\/wp\/v2\/tags?post=18608"}],"curies":[{"name":"wp","href":"https:\/\/api.w.org\/{rel}","templated":true}]}}