{"id":18686,"date":"2025-10-26T10:25:40","date_gmt":"2025-10-26T09:25:40","guid":{"rendered":"https:\/\/www.mylasertabac.com\/perdidas-fiscales-de-4-300-millones-de-euros-por-que-se-hunden-los-ingresos-del-tabaco-en-francia\/"},"modified":"2025-10-26T10:27:09","modified_gmt":"2025-10-26T09:27:09","slug":"perdidas-fiscales-de-4-300-millones-de-euros-por-que-se-hunden-los-ingresos-del-tabaco-en-francia","status":"publish","type":"post","link":"https:\/\/www.mylasertabac.com\/es\/perdidas-fiscales-de-4-300-millones-de-euros-por-que-se-hunden-los-ingresos-del-tabaco-en-francia\/","title":{"rendered":"P\u00e9rdidas fiscales de 4.300 millones de euros: por qu\u00e9 se hunden los ingresos del tabaco en Francia"},"content":{"rendered":"\n<p>Es una cifra que ha hecho toser a Bercy.<br\/>En 2023, los ingresos fiscales procedentes del <strong>tabaco<\/strong> disminuyeron en <strong>4.300 millones de euros<\/strong>, un descenso hist\u00f3rico para un sector que durante mucho tiempo se ha considerado una gallina de los huevos de oro presupuestaria.<br\/>Detr\u00e1s de esta cifra se esconde una constataci\u00f3n: los franceses siguen fumando, pero ya no compran sus cigarrillos en Francia.<\/p>\n\n<p>Entre las compras transfronterizas, la explosi\u00f3n del mercado paralelo y los nuevos h\u00e1bitos de consumo, la fiscalidad del tabaco atraviesa una profunda crisis.<br\/>\u00bfQu\u00e9 ha pasado realmente? \u00bfY c\u00f3mo se explica esta asombrosa p\u00e9rdida para el Estado? <\/p>\n\n<div style=\"height:22px\" aria-hidden=\"true\" class=\"wp-block-spacer\"><\/div>\n\n<h2 class=\"wp-block-heading\"><strong>Un precio que se ha convertido en disuasorio&#8230; pero no para todos<\/strong><\/h2>\n\n<p>Desde hace varios a\u00f1os, el gobierno franc\u00e9s aplica una pol\u00edtica deliberada para <strong>convertir el tabaco en un producto de lujo<\/strong>, aumentando regularmente los impuestos.<br\/>El objetivo declarado es reducir el n\u00famero de fumadores, mejorar la salud p\u00fablica y compensar los costes de las enfermedades relacionadas con el tabaco.<\/p>\n\n<p>El resultado: un <strong>paquete que costaba m\u00e1s de 12 euros<\/strong> en algunos estancos, una media de unos 11 euros, y un aumento constante.<br\/>Pero esta estrategia acab\u00f3 teniendo un efecto inesperado: en lugar de dejar de fumar, <strong>algunos consumidores simplemente cambiaron de punto de compra.<\/strong><\/p>\n\n<div style=\"height:22px\" aria-hidden=\"true\" class=\"wp-block-spacer\"><\/div>\n\n<h2 class=\"wp-block-heading\"><strong>La llamada del extranjero: las fronteras se convierten en lagunas fiscales<\/strong><\/h2>\n\n<p>Con los precios disparados en Francia, muchos fumadores se dirigen ahora a <strong>los pa\u00edses vecinos<\/strong>: Espa\u00f1a, Luxemburgo, B\u00e9lgica, Alemania e Italia.<br\/>Las diferencias de precio all\u00ed son considerables: a veces <strong>hasta 4 \u20ac menos por paquete<\/strong>.<\/p>\n\n<p>Desde 2023, la situaci\u00f3n ha vuelto a cambiar con la nueva <strong>directiva europea<\/strong> que autoriza a los viajeros a traerse <strong>hasta 4 cartones<\/strong>, u <strong>800 cigarrillos<\/strong>, de otro pa\u00eds miembro de la Uni\u00f3n Europea.<br\/>Una decisi\u00f3n legal, pero catastr\u00f3fica para la Hacienda francesa: millones de fumadores compran ahora sus provisiones en el extranjero, a veces varias veces al a\u00f1o, de forma totalmente legal.<\/p>\n\n<p>Para mucha gente, el c\u00e1lculo es f\u00e1cil.<br\/>Un viaje de ida y vuelta en coche a Espa\u00f1a o Luxemburgo ahorra varios cientos de euros.<br\/>Resultado: el consumo de tabaco no disminuye realmente, pero <strong>los ingresos fiscales se evaporan<\/strong>.<\/p>\n\n<div style=\"height:22px\" aria-hidden=\"true\" class=\"wp-block-spacer\"><\/div>\n\n<figure class=\"wp-block-table\"><table class=\"has-fixed-layout\"><tbody><tr><td>Lee tambi\u00e9n: <a href=\"https:\/\/www.mylasertabac.com\/es\/cual-sera-el-precio-de-los-cigarrillos-en-espana-en-agosto-de-2025\/\">\u00bfCu\u00e1nto costar\u00e1n los cigarrillos en Espa\u00f1a en 2025?<\/a><\/td><\/tr><\/tbody><\/table><\/figure>\n\n<div style=\"height:22px\" aria-hidden=\"true\" class=\"wp-block-spacer\"><\/div>\n\n<h2 class=\"wp-block-heading\"><strong>Estancos en primera l\u00ednea<\/strong><\/h2>\n\n<p><strong>Los estancos franceses<\/strong> son los primeros en notar este cambio.<br\/>Las ventas en Francia caen a\u00f1o tras a\u00f1o, amenazando a miles de comercios locales.<br\/>Algunos estiman que casi <strong>el 30% del tabaco que se consume en Francia<\/strong> procede ahora del extranjero o del mercado paralelo.<\/p>\n\n<p>\u00abNuestros clientes no fuman menos, fuman de otra manera\u00bb, dice un estanquero de Alsacia.<br\/>\u00abLos que tienen la frontera a menos de una hora ya no compran nada aqu\u00ed. No podemos competir con los precios de Luxemburgo\u00bb.<\/p>\n\n<p>Ante esta situaci\u00f3n, la industria reclama <strong>una armonizaci\u00f3n europea de<\/strong> los impuestos sobre el tabaco.<br\/>Pero esta perspectiva est\u00e1 a\u00fan muy lejos: cada pa\u00eds defiende sus propios intereses econ\u00f3micos y sociales.<\/p>\n\n<div style=\"height:22px\" aria-hidden=\"true\" class=\"wp-block-spacer\"><\/div>\n\n<figure class=\"wp-block-image alignright size-full is-resized\"><img fetchpriority=\"high\" decoding=\"async\" width=\"864\" height=\"486\" src=\"https:\/\/www.mylasertabac.com\/wp-content\/uploads\/2025\/10\/Taxe-2026-liquide-de-cigarette-electronique.jpg\" alt=\"\" class=\"wp-image-18245\" style=\"width:471px;height:auto\" srcset=\"https:\/\/www.mylasertabac.com\/wp-content\/uploads\/2025\/10\/Taxe-2026-liquide-de-cigarette-electronique.jpg 864w, https:\/\/www.mylasertabac.com\/wp-content\/uploads\/2025\/10\/Taxe-2026-liquide-de-cigarette-electronique-300x169.jpg 300w, https:\/\/www.mylasertabac.com\/wp-content\/uploads\/2025\/10\/Taxe-2026-liquide-de-cigarette-electronique-768x432.jpg 768w\" sizes=\"(max-width: 864px) 100vw, 864px\" \/><\/figure>\n\n<h2 class=\"wp-block-heading\"><strong>El auge del cigarrillo electr\u00f3nico: entre la econom\u00eda y la ilusi\u00f3n<\/strong><\/h2>\n\n<p>Otro fen\u00f3meno sorprendente es el <strong>crecimiento del vapeo<\/strong>.<br\/>Muchos fumadores se est\u00e1n pasando a <strong>los cigarrillos electr\u00f3nicos<\/strong>, no para dejar de fumar, sino para <strong>gastar menos<\/strong>.<br\/>Los e-l\u00edquidos, aunque est\u00e1n gravados, siguen siendo mucho m\u00e1s asequibles que un paquete de cigarrillos.<\/p>\n\n<p>El vapeo tambi\u00e9n est\u00e1 atrayendo a una generaci\u00f3n m\u00e1s joven, seducida por la variedad de sabores y la promesa de un \u00abhumo m\u00e1s sano\u00bb.<br\/>Pero en realidad, la nicotina sigue ah\u00ed, y la adicci\u00f3n permanece.<br\/>Algunos expertos se\u00f1alan incluso que, para muchas personas, el e-cigarrillo se est\u00e1 convirtiendo en un <strong>puente entre dos adicciones<\/strong>: dejar atr\u00e1s el tabaco por otra forma de h\u00e1bito.<\/p>\n\n<p>Aunque puede ayudar a algunas personas a reducir su consumo, el cigarrillo electr\u00f3nico no es una soluci\u00f3n duradera para todos.<br\/>El <strong>menor coste<\/strong> sigue siendo el argumento n\u00famero uno, muy por delante de la salud y el s\u00edndrome de abstinencia.<\/p>\n\n<div style=\"height:22px\" aria-hidden=\"true\" class=\"wp-block-spacer\"><\/div>\n\n<h2 class=\"wp-block-heading\"><strong>Una adicci\u00f3n que se mueve, no que desaparece<\/strong><\/h2>\n\n<p>Esta situaci\u00f3n ilustra una paradoja: Francia tiene menos fumadores \u00abdeclarados\u00bb, pero <strong>la adicci\u00f3n a la nicotina sigue siendo<\/strong>muy fuerte.<br\/>La necesidad de compensaci\u00f3n, relajaci\u00f3n o ritual sigue estando muy arraigada.<\/p>\n\n<p>Y aqu\u00ed es donde empiezan a surgir otros enfoques m\u00e1s suaves y hol\u00edsticos, sobre todo <strong><a href=\"https:\/\/www.mylasertabac.com\/es\/\">la reflexolog\u00eda auricular<\/a> con l\u00e1ser<\/strong>.<\/p>\n\n<div style=\"height:30px\" aria-hidden=\"true\" class=\"wp-block-spacer\"><\/div>\n\n<figure class=\"wp-block-image alignleft size-large is-resized\"><a href=\"https:\/\/www.mylasertabac.com\/es\/nuestros-centros\/\"><img decoding=\"async\" width=\"1024\" height=\"668\" src=\"https:\/\/www.mylasertabac.com\/wp-content\/uploads\/2025\/08\/tu-veux-arreter-de-fumer-Clique-ici--1024x668.jpg\" alt=\"\" class=\"wp-image-13752\" style=\"width:453px;height:auto\" srcset=\"https:\/\/www.mylasertabac.com\/wp-content\/uploads\/2025\/08\/tu-veux-arreter-de-fumer-Clique-ici--1024x668.jpg 1024w, https:\/\/www.mylasertabac.com\/wp-content\/uploads\/2025\/08\/tu-veux-arreter-de-fumer-Clique-ici--300x196.jpg 300w, https:\/\/www.mylasertabac.com\/wp-content\/uploads\/2025\/08\/tu-veux-arreter-de-fumer-Clique-ici--768x501.jpg 768w, https:\/\/www.mylasertabac.com\/wp-content\/uploads\/2025\/08\/tu-veux-arreter-de-fumer-Clique-ici-.jpg 1206w\" sizes=\"(max-width: 1024px) 100vw, 1024px\" \/><\/a><\/figure>\n\n<h2 class=\"wp-block-heading\"><strong>L\u00e1ser antitabaco: un m\u00e9todo suave cada vez m\u00e1s popular<\/strong><\/h2>\n\n<p>Entre las alternativas naturales, cada vez se habla m\u00e1s del <strong>m\u00e9todo l\u00e1ser antitabaco<\/strong>.<br\/>Inspirado en la <strong>reflexolog\u00eda auricular<\/strong>, consiste en estimular puntos precisos del pabell\u00f3n auricular mediante un <strong>l\u00e1ser de baja intensidad<\/strong>.<br\/>Esta estimulaci\u00f3n env\u00eda un mensaje al sistema nervioso, favoreciendo la liberaci\u00f3n de endorfinas y calmando la sensaci\u00f3n de abstinencia.<\/p>\n\n<p>A diferencia de los sustitutos de la nicotina, este m\u00e9todo <strong>no introduce ninguna sustancia en el organismo<\/strong>.<br\/>Act\u00faa sobre la <strong>regulaci\u00f3n natural de las adicciones<\/strong> y ayuda a <strong>reducir el estr\u00e9s<\/strong>, que suele ser la causa de las reca\u00eddas.<br\/>Las sesiones, r\u00e1pidas e indoloras, se consideran un apoyo hol\u00edstico para el cuerpo y la mente, muy alejado de las soluciones qu\u00edmicas o punitivas.<\/p>\n\n<p>Cada vez m\u00e1s profesionales se forman en este enfoque, sobre todo para <strong>dejar de fumar<\/strong>, pero tambi\u00e9n para otras adicciones: <strong>az\u00facar, alcohol, cannabis<\/strong> o <strong>gesti\u00f3n del estr\u00e9s<\/strong>.<br\/>Es un m\u00e9todo en r\u00e1pido crecimiento, respaldado por testimonios de clientes que afirman haber recuperado su libertad sin dolor ni frustraci\u00f3n.<\/p>\n\n<div style=\"height:22px\" aria-hidden=\"true\" class=\"wp-block-spacer\"><\/div>\n\n<h2 class=\"wp-block-heading\"><strong>El papel de las nuevas pr\u00e1cticas en la salud p\u00fablica<\/strong><\/h2>\n\n<p>A medida que las pol\u00edticas fiscales alcanzan sus l\u00edmites, el <a href=\"https:\/\/www.mylasertabac.com\/es\/\"><strong>l\u00e1ser antitabaco<\/strong> <\/a>y los <strong>enfoques naturales<\/strong> ofrecen una alternativa prometedora.<br\/>Forman parte de una estrategia de prevenci\u00f3n y educaci\u00f3n sanitaria, en la que los impuestos por s\u00ed solos ya no bastan.<\/p>\n\n<p>El gobierno ha confiado durante mucho tiempo en el precio para desincentivar el consumo.<br\/>Pero esta estrategia ha fomentado sobre todo el <strong>mercado paralelo<\/strong> y <strong>las compras transfronterizas<\/strong>.<br\/>Necesitamos replantearnos urgentemente la pol\u00edtica de salud p\u00fablica sobre el tabaco, apoyando m\u00e9todos que <strong>respeten el cuerpo<\/strong> y <strong>se centren en las personas<\/strong>.<\/p>\n\n<div style=\"height:22px\" aria-hidden=\"true\" class=\"wp-block-spacer\"><\/div>\n\n<h2 class=\"wp-block-heading\"><strong>Conclusi\u00f3n: un cambio de \u00e9poca en la lucha contra el tabaco<\/strong><\/h2>\n\n<p>Los 4.300 millones de euros perdidos hasta 2023 no son s\u00f3lo un problema contable: marcan un punto <strong>de inflexi\u00f3n en la sociedad<\/strong>.<br\/>Los fumadores buscan ahora soluciones m\u00e1s baratas, naturales y sostenibles.<br\/>El modelo basado en impuestos est\u00e1 mostrando sus limitaciones; la clave del \u00e9xito reside ahora en <strong>el apoyo personalizado<\/strong>, la <strong>prevenci\u00f3n<\/strong> y la <strong>concienciaci\u00f3n individual<\/strong>.<\/p>\n\n<p><strong>Los l\u00e1seres antitabaco<\/strong>, la <strong>reflexolog\u00eda auricular<\/strong> y los <strong>nuevos enfoques del bienestar<\/strong> encarnan este nuevo enfoque.<br\/>Vuelven a situar a las personas en el centro del proceso de curaci\u00f3n.<\/p>\n\n<p>Y quiz\u00e1 alg\u00fan d\u00eda, las p\u00e9rdidas fiscales del tabaco ya no sean una se\u00f1al de fracaso econ\u00f3mico&#8230; sino una se\u00f1al de que la sociedad tambi\u00e9n ha aprendido a respirar de otra manera. \ud83c\udf3f<\/p>\n\n<div style=\"height:35px\" aria-hidden=\"true\" class=\"wp-block-spacer\"><\/div>\n\n<figure class=\"wp-block-image size-large\"><img decoding=\"async\" src=\"https:\/\/www.mylasertabac.com\/wp-content\/uploads\/\/mlt-verteau.svg\" alt=\"\" class=\"wp-image-13\"\/><\/figure>\n","protected":false},"excerpt":{"rendered":"<p>Es una cifra que ha hecho toser a Bercy.En 2023, los ingresos fiscales procedentes del tabaco disminuyeron en 4.300 millones de euros, un descenso hist\u00f3rico para un sector que durante mucho tiempo se ha considerado una gallina de los huevos de oro presupuestaria.Detr\u00e1s de esta cifra se esconde una constataci\u00f3n: los franceses siguen fumando, pero [&hellip;]<\/p>\n","protected":false},"author":2,"featured_media":18683,"comment_status":"closed","ping_status":"open","sticky":false,"template":"","format":"standard","meta":{"inline_featured_image":false,"footnotes":""},"categories":[678],"tags":[],"class_list":["post-18686","post","type-post","status-publish","format-standard","has-post-thumbnail","hentry","category-noticias"],"yoast_head":"<!-- This site is optimized with the Yoast SEO plugin v27.4 - https:\/\/yoast.com\/product\/yoast-seo-wordpress\/ -->\n<title>P\u00e9rdidas fiscales de 4.300 millones de euros: por qu\u00e9 se hunden los ingresos del tabaco en Francia - My Laser Tabac<\/title>\n<meta name=\"description\" content=\"Los estancos cierran en Francia: la fiscalidad, las compras transfronterizas y los nuevos h\u00e1bitos explican el declive del negocio nacional.\" \/>\n<meta name=\"robots\" content=\"index, follow, max-snippet:-1, max-image-preview:large, max-video-preview:-1\" \/>\n<link rel=\"canonical\" href=\"https:\/\/www.mylasertabac.com\/es\/perdidas-fiscales-de-4-300-millones-de-euros-por-que-se-hunden-los-ingresos-del-tabaco-en-francia\/\" \/>\n<meta property=\"og:locale\" content=\"es_ES\" \/>\n<meta property=\"og:type\" content=\"article\" \/>\n<meta property=\"og:title\" content=\"P\u00e9rdidas fiscales de 4.300 millones de euros: por qu\u00e9 se hunden los ingresos del tabaco en Francia - My Laser Tabac\" \/>\n<meta property=\"og:description\" content=\"Los estancos cierran en Francia: la fiscalidad, las compras transfronterizas y los nuevos h\u00e1bitos explican el declive del negocio nacional.\" \/>\n<meta property=\"og:url\" content=\"https:\/\/www.mylasertabac.com\/es\/perdidas-fiscales-de-4-300-millones-de-euros-por-que-se-hunden-los-ingresos-del-tabaco-en-francia\/\" \/>\n<meta property=\"og:site_name\" content=\"My Laser Tabac\" \/>\n<meta property=\"article:author\" content=\"https:\/\/www.facebook.com\/profile.php?id=61571554707319\" \/>\n<meta property=\"article:published_time\" content=\"2025-10-26T09:25:40+00:00\" \/>\n<meta property=\"article:modified_time\" content=\"2025-10-26T09:27:09+00:00\" \/>\n<meta property=\"og:image\" content=\"https:\/\/www.mylasertabac.com\/wp-content\/uploads\/2025\/10\/les-bureaux-de-tabac-ferment-une-baisse-dactivite-suite-au-augmentation-du-prix-des-cigarette-en-France.png\" \/>\n\t<meta property=\"og:image:width\" content=\"1024\" \/>\n\t<meta property=\"og:image:height\" content=\"1024\" \/>\n\t<meta property=\"og:image:type\" content=\"image\/png\" \/>\n<meta name=\"author\" content=\"Florian Fortes\" \/>\n<meta name=\"twitter:card\" content=\"summary_large_image\" \/>\n<meta name=\"twitter:label1\" content=\"Escrito por\" \/>\n\t<meta name=\"twitter:data1\" content=\"Florian Fortes\" \/>\n\t<meta name=\"twitter:label2\" content=\"Tiempo de lectura\" \/>\n\t<meta name=\"twitter:data2\" content=\"6 minutos\" \/>\n<script type=\"application\/ld+json\" class=\"yoast-schema-graph\">{\"@context\":\"https:\\\/\\\/schema.org\",\"@graph\":[{\"@type\":\"Article\",\"@id\":\"https:\\\/\\\/www.mylasertabac.com\\\/es\\\/perdidas-fiscales-de-4-300-millones-de-euros-por-que-se-hunden-los-ingresos-del-tabaco-en-francia\\\/#article\",\"isPartOf\":{\"@id\":\"https:\\\/\\\/www.mylasertabac.com\\\/es\\\/perdidas-fiscales-de-4-300-millones-de-euros-por-que-se-hunden-los-ingresos-del-tabaco-en-francia\\\/\"},\"author\":{\"name\":\"Florian Fortes\",\"@id\":\"https:\\\/\\\/www.mylasertabac.com\\\/es\\\/#\\\/schema\\\/person\\\/02c249cb76d912efb6c315ec23eccdf3\"},\"headline\":\"P\u00e9rdidas fiscales de 4.300 millones de euros: por qu\u00e9 se hunden los ingresos del tabaco en Francia\",\"datePublished\":\"2025-10-26T09:25:40+00:00\",\"dateModified\":\"2025-10-26T09:27:09+00:00\",\"mainEntityOfPage\":{\"@id\":\"https:\\\/\\\/www.mylasertabac.com\\\/es\\\/perdidas-fiscales-de-4-300-millones-de-euros-por-que-se-hunden-los-ingresos-del-tabaco-en-francia\\\/\"},\"wordCount\":1222,\"publisher\":{\"@id\":\"https:\\\/\\\/www.mylasertabac.com\\\/es\\\/#organization\"},\"image\":{\"@id\":\"https:\\\/\\\/www.mylasertabac.com\\\/es\\\/perdidas-fiscales-de-4-300-millones-de-euros-por-que-se-hunden-los-ingresos-del-tabaco-en-francia\\\/#primaryimage\"},\"thumbnailUrl\":\"https:\\\/\\\/www.mylasertabac.com\\\/wp-content\\\/uploads\\\/2025\\\/10\\\/les-bureaux-de-tabac-ferment-une-baisse-dactivite-suite-au-augmentation-du-prix-des-cigarette-en-France.png\",\"articleSection\":[\"noticias\"],\"inLanguage\":\"es\"},{\"@type\":\"WebPage\",\"@id\":\"https:\\\/\\\/www.mylasertabac.com\\\/es\\\/perdidas-fiscales-de-4-300-millones-de-euros-por-que-se-hunden-los-ingresos-del-tabaco-en-francia\\\/\",\"url\":\"https:\\\/\\\/www.mylasertabac.com\\\/es\\\/perdidas-fiscales-de-4-300-millones-de-euros-por-que-se-hunden-los-ingresos-del-tabaco-en-francia\\\/\",\"name\":\"P\u00e9rdidas fiscales de 4.300 millones de euros: por qu\u00e9 se hunden los ingresos del tabaco en Francia - My Laser Tabac\",\"isPartOf\":{\"@id\":\"https:\\\/\\\/www.mylasertabac.com\\\/es\\\/#website\"},\"primaryImageOfPage\":{\"@id\":\"https:\\\/\\\/www.mylasertabac.com\\\/es\\\/perdidas-fiscales-de-4-300-millones-de-euros-por-que-se-hunden-los-ingresos-del-tabaco-en-francia\\\/#primaryimage\"},\"image\":{\"@id\":\"https:\\\/\\\/www.mylasertabac.com\\\/es\\\/perdidas-fiscales-de-4-300-millones-de-euros-por-que-se-hunden-los-ingresos-del-tabaco-en-francia\\\/#primaryimage\"},\"thumbnailUrl\":\"https:\\\/\\\/www.mylasertabac.com\\\/wp-content\\\/uploads\\\/2025\\\/10\\\/les-bureaux-de-tabac-ferment-une-baisse-dactivite-suite-au-augmentation-du-prix-des-cigarette-en-France.png\",\"datePublished\":\"2025-10-26T09:25:40+00:00\",\"dateModified\":\"2025-10-26T09:27:09+00:00\",\"description\":\"Los estancos cierran en Francia: la fiscalidad, las compras transfronterizas y los nuevos h\u00e1bitos explican el declive del negocio nacional.\",\"breadcrumb\":{\"@id\":\"https:\\\/\\\/www.mylasertabac.com\\\/es\\\/perdidas-fiscales-de-4-300-millones-de-euros-por-que-se-hunden-los-ingresos-del-tabaco-en-francia\\\/#breadcrumb\"},\"inLanguage\":\"es\",\"potentialAction\":[{\"@type\":\"ReadAction\",\"target\":[\"https:\\\/\\\/www.mylasertabac.com\\\/es\\\/perdidas-fiscales-de-4-300-millones-de-euros-por-que-se-hunden-los-ingresos-del-tabaco-en-francia\\\/\"]}]},{\"@type\":\"ImageObject\",\"inLanguage\":\"es\",\"@id\":\"https:\\\/\\\/www.mylasertabac.com\\\/es\\\/perdidas-fiscales-de-4-300-millones-de-euros-por-que-se-hunden-los-ingresos-del-tabaco-en-francia\\\/#primaryimage\",\"url\":\"https:\\\/\\\/www.mylasertabac.com\\\/wp-content\\\/uploads\\\/2025\\\/10\\\/les-bureaux-de-tabac-ferment-une-baisse-dactivite-suite-au-augmentation-du-prix-des-cigarette-en-France.png\",\"contentUrl\":\"https:\\\/\\\/www.mylasertabac.com\\\/wp-content\\\/uploads\\\/2025\\\/10\\\/les-bureaux-de-tabac-ferment-une-baisse-dactivite-suite-au-augmentation-du-prix-des-cigarette-en-France.png\",\"width\":1024,\"height\":1024},{\"@type\":\"BreadcrumbList\",\"@id\":\"https:\\\/\\\/www.mylasertabac.com\\\/es\\\/perdidas-fiscales-de-4-300-millones-de-euros-por-que-se-hunden-los-ingresos-del-tabaco-en-francia\\\/#breadcrumb\",\"itemListElement\":[{\"@type\":\"ListItem\",\"position\":1,\"name\":\"Accueil\",\"item\":\"https:\\\/\\\/www.mylasertabac.com\\\/es\\\/inicio\\\/\"},{\"@type\":\"ListItem\",\"position\":2,\"name\":\"P\u00e9rdidas fiscales de 4.300 millones de euros: por qu\u00e9 se hunden los ingresos del tabaco en Francia\"}]},{\"@type\":\"WebSite\",\"@id\":\"https:\\\/\\\/www.mylasertabac.com\\\/es\\\/#website\",\"url\":\"https:\\\/\\\/www.mylasertabac.com\\\/es\\\/\",\"name\":\"My Laser Tabac\",\"description\":\"La solution laser qui transforme les fumeurs en ex-fumeurs\",\"publisher\":{\"@id\":\"https:\\\/\\\/www.mylasertabac.com\\\/es\\\/#organization\"},\"potentialAction\":[{\"@type\":\"SearchAction\",\"target\":{\"@type\":\"EntryPoint\",\"urlTemplate\":\"https:\\\/\\\/www.mylasertabac.com\\\/es\\\/?s={search_term_string}\"},\"query-input\":{\"@type\":\"PropertyValueSpecification\",\"valueRequired\":true,\"valueName\":\"search_term_string\"}}],\"inLanguage\":\"es\"},{\"@type\":\"Organization\",\"@id\":\"https:\\\/\\\/www.mylasertabac.com\\\/es\\\/#organization\",\"name\":\"My Laser Tabac\",\"url\":\"https:\\\/\\\/www.mylasertabac.com\\\/es\\\/\",\"logo\":{\"@type\":\"ImageObject\",\"inLanguage\":\"es\",\"@id\":\"https:\\\/\\\/www.mylasertabac.com\\\/es\\\/#\\\/schema\\\/logo\\\/image\\\/\",\"url\":\"https:\\\/\\\/www.mylasertabac.com\\\/wp-content\\\/uploads\\\/2024\\\/12\\\/mlt-verteau.svg\",\"contentUrl\":\"https:\\\/\\\/www.mylasertabac.com\\\/wp-content\\\/uploads\\\/2024\\\/12\\\/mlt-verteau.svg\",\"caption\":\"My Laser Tabac\"},\"image\":{\"@id\":\"https:\\\/\\\/www.mylasertabac.com\\\/es\\\/#\\\/schema\\\/logo\\\/image\\\/\"}},{\"@type\":\"Person\",\"@id\":\"https:\\\/\\\/www.mylasertabac.com\\\/es\\\/#\\\/schema\\\/person\\\/02c249cb76d912efb6c315ec23eccdf3\",\"name\":\"Florian Fortes\",\"image\":{\"@type\":\"ImageObject\",\"inLanguage\":\"es\",\"@id\":\"https:\\\/\\\/www.mylasertabac.com\\\/wp-content\\\/litespeed\\\/avatar\\\/142101a71d7b9e6490c1120d9c109a67.jpg?ver=1776856306\",\"url\":\"https:\\\/\\\/www.mylasertabac.com\\\/wp-content\\\/litespeed\\\/avatar\\\/142101a71d7b9e6490c1120d9c109a67.jpg?ver=1776856306\",\"contentUrl\":\"https:\\\/\\\/www.mylasertabac.com\\\/wp-content\\\/litespeed\\\/avatar\\\/142101a71d7b9e6490c1120d9c109a67.jpg?ver=1776856306\",\"caption\":\"Florian Fortes\"},\"sameAs\":[\"https:\\\/\\\/www.mylasertabac.com\",\"https:\\\/\\\/www.facebook.com\\\/profile.php?id=61571554707319\"],\"url\":\"https:\\\/\\\/www.mylasertabac.com\\\/es\\\/author\\\/florianfortes5312\\\/\"}]}<\/script>\n<!-- \/ Yoast SEO plugin. -->","yoast_head_json":{"title":"P\u00e9rdidas fiscales de 4.300 millones de euros: por qu\u00e9 se hunden los ingresos del tabaco en Francia - My Laser Tabac","description":"Los estancos cierran en Francia: la fiscalidad, las compras transfronterizas y los nuevos h\u00e1bitos explican el declive del negocio nacional.","robots":{"index":"index","follow":"follow","max-snippet":"max-snippet:-1","max-image-preview":"max-image-preview:large","max-video-preview":"max-video-preview:-1"},"canonical":"https:\/\/www.mylasertabac.com\/es\/perdidas-fiscales-de-4-300-millones-de-euros-por-que-se-hunden-los-ingresos-del-tabaco-en-francia\/","og_locale":"es_ES","og_type":"article","og_title":"P\u00e9rdidas fiscales de 4.300 millones de euros: por qu\u00e9 se hunden los ingresos del tabaco en Francia - My Laser Tabac","og_description":"Los estancos cierran en Francia: la fiscalidad, las compras transfronterizas y los nuevos h\u00e1bitos explican el declive del negocio nacional.","og_url":"https:\/\/www.mylasertabac.com\/es\/perdidas-fiscales-de-4-300-millones-de-euros-por-que-se-hunden-los-ingresos-del-tabaco-en-francia\/","og_site_name":"My Laser Tabac","article_author":"https:\/\/www.facebook.com\/profile.php?id=61571554707319","article_published_time":"2025-10-26T09:25:40+00:00","article_modified_time":"2025-10-26T09:27:09+00:00","og_image":[{"width":1024,"height":1024,"url":"https:\/\/www.mylasertabac.com\/wp-content\/uploads\/2025\/10\/les-bureaux-de-tabac-ferment-une-baisse-dactivite-suite-au-augmentation-du-prix-des-cigarette-en-France.png","type":"image\/png"}],"author":"Florian Fortes","twitter_card":"summary_large_image","twitter_misc":{"Escrito por":"Florian Fortes","Tiempo de lectura":"6 minutos"},"schema":{"@context":"https:\/\/schema.org","@graph":[{"@type":"Article","@id":"https:\/\/www.mylasertabac.com\/es\/perdidas-fiscales-de-4-300-millones-de-euros-por-que-se-hunden-los-ingresos-del-tabaco-en-francia\/#article","isPartOf":{"@id":"https:\/\/www.mylasertabac.com\/es\/perdidas-fiscales-de-4-300-millones-de-euros-por-que-se-hunden-los-ingresos-del-tabaco-en-francia\/"},"author":{"name":"Florian Fortes","@id":"https:\/\/www.mylasertabac.com\/es\/#\/schema\/person\/02c249cb76d912efb6c315ec23eccdf3"},"headline":"P\u00e9rdidas fiscales de 4.300 millones de euros: por qu\u00e9 se hunden los ingresos del tabaco en Francia","datePublished":"2025-10-26T09:25:40+00:00","dateModified":"2025-10-26T09:27:09+00:00","mainEntityOfPage":{"@id":"https:\/\/www.mylasertabac.com\/es\/perdidas-fiscales-de-4-300-millones-de-euros-por-que-se-hunden-los-ingresos-del-tabaco-en-francia\/"},"wordCount":1222,"publisher":{"@id":"https:\/\/www.mylasertabac.com\/es\/#organization"},"image":{"@id":"https:\/\/www.mylasertabac.com\/es\/perdidas-fiscales-de-4-300-millones-de-euros-por-que-se-hunden-los-ingresos-del-tabaco-en-francia\/#primaryimage"},"thumbnailUrl":"https:\/\/www.mylasertabac.com\/wp-content\/uploads\/2025\/10\/les-bureaux-de-tabac-ferment-une-baisse-dactivite-suite-au-augmentation-du-prix-des-cigarette-en-France.png","articleSection":["noticias"],"inLanguage":"es"},{"@type":"WebPage","@id":"https:\/\/www.mylasertabac.com\/es\/perdidas-fiscales-de-4-300-millones-de-euros-por-que-se-hunden-los-ingresos-del-tabaco-en-francia\/","url":"https:\/\/www.mylasertabac.com\/es\/perdidas-fiscales-de-4-300-millones-de-euros-por-que-se-hunden-los-ingresos-del-tabaco-en-francia\/","name":"P\u00e9rdidas fiscales de 4.300 millones de euros: por qu\u00e9 se hunden los ingresos del tabaco en Francia - My Laser Tabac","isPartOf":{"@id":"https:\/\/www.mylasertabac.com\/es\/#website"},"primaryImageOfPage":{"@id":"https:\/\/www.mylasertabac.com\/es\/perdidas-fiscales-de-4-300-millones-de-euros-por-que-se-hunden-los-ingresos-del-tabaco-en-francia\/#primaryimage"},"image":{"@id":"https:\/\/www.mylasertabac.com\/es\/perdidas-fiscales-de-4-300-millones-de-euros-por-que-se-hunden-los-ingresos-del-tabaco-en-francia\/#primaryimage"},"thumbnailUrl":"https:\/\/www.mylasertabac.com\/wp-content\/uploads\/2025\/10\/les-bureaux-de-tabac-ferment-une-baisse-dactivite-suite-au-augmentation-du-prix-des-cigarette-en-France.png","datePublished":"2025-10-26T09:25:40+00:00","dateModified":"2025-10-26T09:27:09+00:00","description":"Los estancos cierran en Francia: la fiscalidad, las compras transfronterizas y los nuevos h\u00e1bitos explican el declive del negocio nacional.","breadcrumb":{"@id":"https:\/\/www.mylasertabac.com\/es\/perdidas-fiscales-de-4-300-millones-de-euros-por-que-se-hunden-los-ingresos-del-tabaco-en-francia\/#breadcrumb"},"inLanguage":"es","potentialAction":[{"@type":"ReadAction","target":["https:\/\/www.mylasertabac.com\/es\/perdidas-fiscales-de-4-300-millones-de-euros-por-que-se-hunden-los-ingresos-del-tabaco-en-francia\/"]}]},{"@type":"ImageObject","inLanguage":"es","@id":"https:\/\/www.mylasertabac.com\/es\/perdidas-fiscales-de-4-300-millones-de-euros-por-que-se-hunden-los-ingresos-del-tabaco-en-francia\/#primaryimage","url":"https:\/\/www.mylasertabac.com\/wp-content\/uploads\/2025\/10\/les-bureaux-de-tabac-ferment-une-baisse-dactivite-suite-au-augmentation-du-prix-des-cigarette-en-France.png","contentUrl":"https:\/\/www.mylasertabac.com\/wp-content\/uploads\/2025\/10\/les-bureaux-de-tabac-ferment-une-baisse-dactivite-suite-au-augmentation-du-prix-des-cigarette-en-France.png","width":1024,"height":1024},{"@type":"BreadcrumbList","@id":"https:\/\/www.mylasertabac.com\/es\/perdidas-fiscales-de-4-300-millones-de-euros-por-que-se-hunden-los-ingresos-del-tabaco-en-francia\/#breadcrumb","itemListElement":[{"@type":"ListItem","position":1,"name":"Accueil","item":"https:\/\/www.mylasertabac.com\/es\/inicio\/"},{"@type":"ListItem","position":2,"name":"P\u00e9rdidas fiscales de 4.300 millones de euros: por qu\u00e9 se hunden los ingresos del tabaco en Francia"}]},{"@type":"WebSite","@id":"https:\/\/www.mylasertabac.com\/es\/#website","url":"https:\/\/www.mylasertabac.com\/es\/","name":"My Laser Tabac","description":"La solution laser qui transforme les fumeurs en ex-fumeurs","publisher":{"@id":"https:\/\/www.mylasertabac.com\/es\/#organization"},"potentialAction":[{"@type":"SearchAction","target":{"@type":"EntryPoint","urlTemplate":"https:\/\/www.mylasertabac.com\/es\/?s={search_term_string}"},"query-input":{"@type":"PropertyValueSpecification","valueRequired":true,"valueName":"search_term_string"}}],"inLanguage":"es"},{"@type":"Organization","@id":"https:\/\/www.mylasertabac.com\/es\/#organization","name":"My Laser Tabac","url":"https:\/\/www.mylasertabac.com\/es\/","logo":{"@type":"ImageObject","inLanguage":"es","@id":"https:\/\/www.mylasertabac.com\/es\/#\/schema\/logo\/image\/","url":"https:\/\/www.mylasertabac.com\/wp-content\/uploads\/2024\/12\/mlt-verteau.svg","contentUrl":"https:\/\/www.mylasertabac.com\/wp-content\/uploads\/2024\/12\/mlt-verteau.svg","caption":"My Laser Tabac"},"image":{"@id":"https:\/\/www.mylasertabac.com\/es\/#\/schema\/logo\/image\/"}},{"@type":"Person","@id":"https:\/\/www.mylasertabac.com\/es\/#\/schema\/person\/02c249cb76d912efb6c315ec23eccdf3","name":"Florian Fortes","image":{"@type":"ImageObject","inLanguage":"es","@id":"https:\/\/www.mylasertabac.com\/wp-content\/litespeed\/avatar\/142101a71d7b9e6490c1120d9c109a67.jpg?ver=1776856306","url":"https:\/\/www.mylasertabac.com\/wp-content\/litespeed\/avatar\/142101a71d7b9e6490c1120d9c109a67.jpg?ver=1776856306","contentUrl":"https:\/\/www.mylasertabac.com\/wp-content\/litespeed\/avatar\/142101a71d7b9e6490c1120d9c109a67.jpg?ver=1776856306","caption":"Florian Fortes"},"sameAs":["https:\/\/www.mylasertabac.com","https:\/\/www.facebook.com\/profile.php?id=61571554707319"],"url":"https:\/\/www.mylasertabac.com\/es\/author\/florianfortes5312\/"}]}},"_links":{"self":[{"href":"https:\/\/www.mylasertabac.com\/es\/wp-json\/wp\/v2\/posts\/18686","targetHints":{"allow":["GET"]}}],"collection":[{"href":"https:\/\/www.mylasertabac.com\/es\/wp-json\/wp\/v2\/posts"}],"about":[{"href":"https:\/\/www.mylasertabac.com\/es\/wp-json\/wp\/v2\/types\/post"}],"author":[{"embeddable":true,"href":"https:\/\/www.mylasertabac.com\/es\/wp-json\/wp\/v2\/users\/2"}],"replies":[{"embeddable":true,"href":"https:\/\/www.mylasertabac.com\/es\/wp-json\/wp\/v2\/comments?post=18686"}],"version-history":[{"count":3,"href":"https:\/\/www.mylasertabac.com\/es\/wp-json\/wp\/v2\/posts\/18686\/revisions"}],"predecessor-version":[{"id":18705,"href":"https:\/\/www.mylasertabac.com\/es\/wp-json\/wp\/v2\/posts\/18686\/revisions\/18705"}],"wp:featuredmedia":[{"embeddable":true,"href":"https:\/\/www.mylasertabac.com\/es\/wp-json\/wp\/v2\/media\/18683"}],"wp:attachment":[{"href":"https:\/\/www.mylasertabac.com\/es\/wp-json\/wp\/v2\/media?parent=18686"}],"wp:term":[{"taxonomy":"category","embeddable":true,"href":"https:\/\/www.mylasertabac.com\/es\/wp-json\/wp\/v2\/categories?post=18686"},{"taxonomy":"post_tag","embeddable":true,"href":"https:\/\/www.mylasertabac.com\/es\/wp-json\/wp\/v2\/tags?post=18686"}],"curies":[{"name":"wp","href":"https:\/\/api.w.org\/{rel}","templated":true}]}}