{"id":18807,"date":"2025-10-27T07:47:58","date_gmt":"2025-10-27T06:47:58","guid":{"rendered":"https:\/\/www.mylasertabac.com\/dejar-de-fumar-provoca-cancer-deconstruyendo-el-mito-para-siempre\/"},"modified":"2025-10-27T07:48:58","modified_gmt":"2025-10-27T06:48:58","slug":"dejar-de-fumar-provoca-cancer-deconstruyendo-el-mito-para-siempre","status":"publish","type":"post","link":"https:\/\/www.mylasertabac.com\/es\/dejar-de-fumar-provoca-cancer-deconstruyendo-el-mito-para-siempre\/","title":{"rendered":"\u00bfDejar de fumar provoca c\u00e1ncer? Deconstruyendo el mito para siempre"},"content":{"rendered":"\n<div style=\"height:25px\" aria-hidden=\"true\" class=\"wp-block-spacer\"><\/div>\n\n<p>Es una idea que todav\u00eda preocupa a algunos <strong>fumadores<\/strong>: <em>\u00ab\u00bfy si dejar de fumar desencadena un c\u00e1ncer?<\/em>\u00ab<br\/>Una creencia infundada pero tenaz que alimenta los temores de muchas <strong>personas<\/strong> que quieren liberarse de su <strong>adicci\u00f3n al<\/strong> tabaco.<br\/>En realidad, los <strong>beneficios<\/strong> de<strong>dejar de fumar<\/strong> son considerables, tanto para los <strong>pulmones<\/strong> como para <strong>la salud en general<\/strong>.<\/p>\n\n<p>Y, contrariamente a lo que se rumorea, <strong>dejar de fumar no provoca c\u00e1ncer<\/strong>; de hecho, es la mejor forma de reducir el <strong>riesgo<\/strong>.<\/p>\n\n<div style=\"height:25px\" aria-hidden=\"true\" class=\"wp-block-spacer\"><\/div>\n\n<figure class=\"wp-block-image alignleft size-large is-resized\"><a href=\"https:\/\/www.mylasertabac.com\/es\/nuestros-centros\/\"><img fetchpriority=\"high\" decoding=\"async\" width=\"1024\" height=\"668\" src=\"https:\/\/www.mylasertabac.com\/wp-content\/uploads\/2025\/08\/tu-veux-arreter-de-fumer-Clique-ici--1024x668.jpg\" alt=\"\" class=\"wp-image-13752\" style=\"width:430px;height:auto\" srcset=\"https:\/\/www.mylasertabac.com\/wp-content\/uploads\/2025\/08\/tu-veux-arreter-de-fumer-Clique-ici--1024x668.jpg 1024w, https:\/\/www.mylasertabac.com\/wp-content\/uploads\/2025\/08\/tu-veux-arreter-de-fumer-Clique-ici--300x196.jpg 300w, https:\/\/www.mylasertabac.com\/wp-content\/uploads\/2025\/08\/tu-veux-arreter-de-fumer-Clique-ici--768x501.jpg 768w, https:\/\/www.mylasertabac.com\/wp-content\/uploads\/2025\/08\/tu-veux-arreter-de-fumer-Clique-ici-.jpg 1206w\" sizes=\"(max-width: 1024px) 100vw, 1024px\" \/><\/a><\/figure>\n\n<h2 class=\"wp-block-heading\"><strong>Tabaco y c\u00e1ncer: una relaci\u00f3n bien establecida<\/strong><\/h2>\n\n<p><strong>El tabaco<\/strong> sigue siendo la principal causa de <strong>c\u00e1ncer<\/strong> evitable en <strong>Francia<\/strong>.<br\/>Cada <strong>cigarrillo<\/strong> contiene miles de <strong>sustancias t\u00f3xicas<\/strong>, varias de las cuales son directamente <strong>responsables de<\/strong> las mutaciones en <strong>las c\u00e9lulas<\/strong> pulmonares.<br\/>Entre ellas est\u00e1n :<\/p>\n\n<ul class=\"wp-block-list\">\n<li><strong>mon\u00f3xido de carbono<\/strong>,<\/li>\n\n\n\n<li>metales pesados,<\/li>\n\n\n\n<li>alquitranes,<\/li>\n\n\n\n<li><strong>nicotina<\/strong> (que mantiene la <strong>dependencia<\/strong>),<\/li>\n\n\n\n<li>y <strong>compuestos cancer\u00edgenos<\/strong> relacionados con la combusti\u00f3n.<\/li>\n<\/ul>\n\n<p>Estos elementos se acumulan en <strong>los pulmones<\/strong>, perturbando la regeneraci\u00f3n celular y alterando el funcionamiento del <strong>organismo<\/strong>.<br\/><strong>Los fumadores<\/strong> no s\u00f3lo exponen sus <strong>pulmones<\/strong>, sino tambi\u00e9n su <strong>coraz\u00f3n<\/strong>, sus <strong>vasos sangu\u00edneos<\/strong> y su <strong>sistema inmunitario<\/strong> a da\u00f1os profundos.<\/p>\n\n<p>Es importante recordar que lo que provoca <strong>el c\u00e1ncer<\/strong> es <strong>fumar<\/strong>, no <strong>dejar de fumar<\/strong>.<\/p>\n\n<div style=\"height:25px\" aria-hidden=\"true\" class=\"wp-block-spacer\"><\/div>\n\n<h2 class=\"wp-block-heading\"><strong>\u00bfPor qu\u00e9 algunas personas piensan que dejar de fumar te pone enfermo?<\/strong><\/h2>\n\n<p>Cuando <strong>los fumadores<\/strong> deciden <strong>dejar de<\/strong> <strong>fumar<\/strong>, su <strong>cuerpo<\/strong> inicia un proceso <strong>natural de limpieza<\/strong>.<br\/>Esta fase de <strong>abstinencia<\/strong> a veces puede ser inc\u00f3moda: tos, cansancio, nerviosismo, ligeros dolores en el pecho.<br\/>Estos <strong>efectos<\/strong> temporales no son signo de <strong>enfermedad<\/strong>, sino de <strong>regeneraci\u00f3n<\/strong>.<\/p>\n\n<p><strong>La abstinencia de nicotina<\/strong> permite a los <strong>pulmones<\/strong> evacuar los residuos de <strong>sustancias t\u00f3xicas<\/strong> acumuladas.<br\/>Los <strong>cilios bronquiales<\/strong>, adormecidos por el humo, vuelven a funcionar, lo que puede provocar una tos m\u00e1s pronunciada.<br\/>Este reflejo es en realidad un signo de curaci\u00f3n.<\/p>\n\n<p>As\u00ed que si algunas <strong>personas<\/strong> descubren que tienen <strong>c\u00e1ncer<\/strong> despu\u00e9s de dejar de <strong>fumar<\/strong>, no es el resultado de<strong>haberlo dejado<\/strong>, sino la <strong>revelaci\u00f3n de una enfermedad que ya estaba presente<\/strong>.<br\/><strong>Fumar<\/strong> oculta los s\u00edntomas, pero <strong>dejar de fumar<\/strong> los saca a la luz.<\/p>\n\n<div style=\"height:25px\" aria-hidden=\"true\" class=\"wp-block-spacer\"><\/div>\n\n<figure class=\"wp-block-table\"><table class=\"has-fixed-layout\"><tbody><tr><td>Tambi\u00e9n merece la pena leer: <a href=\"https:\/\/www.mylasertabac.com\/es\/informacion\/formacion-laser-antitabaco-y-contra-la-adiccion\/\"><mark style=\"background-color:rgba(0, 0, 0, 0)\" class=\"has-inline-color has-luminous-vivid-orange-color\">Si quieres emprender un negocio en auge, Mylasertabac te ofrece formaci\u00f3n para convertirte en un experto en el campo del l\u00e1ser antitabaco.<\/mark><\/a><\/td><\/tr><\/tbody><\/table><\/figure>\n\n<div style=\"height:25px\" aria-hidden=\"true\" class=\"wp-block-spacer\"><\/div>\n\n<h2 class=\"wp-block-heading\"><strong>Los beneficios mensurables para la salud de dejar de fumar<\/strong><\/h2>\n\n<p>Las pruebas son claras: los <strong>beneficios<\/strong> se notan desde el <strong>primer d\u00eda de dejar de fumar<\/strong>.<\/p>\n\n<ul class=\"wp-block-list\">\n<li>Al cabo de 24 horas, el <strong>mon\u00f3xido de carbono<\/strong> desaparece de la sangre.<\/li>\n\n\n\n<li>Al cabo de 48 horas, <strong>la nicotina<\/strong> se elimina del organismo.<\/li>\n\n\n\n<li>Al cabo de 2 \u00f3 3 semanas, la respiraci\u00f3n se vuelve m\u00e1s fluida y los <strong>pulmones<\/strong> se regeneran.<\/li>\n\n\n\n<li>Al cabo de 1 a\u00f1o, el <strong>riesgo de<\/strong><strong>infarto<\/strong> se reduce a la mitad.<\/li>\n\n\n\n<li>Al cabo de 10 a\u00f1os, el <strong>riesgo de c\u00e1ncer de pulm\u00f3n<\/strong> se reduce a la mitad.<\/li>\n<\/ul>\n\n<p>Cada d\u00eda sin <strong>cigarrillos<\/strong> es un <strong>tratamiento natural<\/strong> que el <strong>cuerpo<\/strong> se da a s\u00ed mismo para recuperar su vitalidad.<br\/><strong>Fumar<\/strong> debilita el sistema respiratorio, mientras que <strong>dejar de<\/strong> fumar lo fortalece.<\/p>\n\n<div style=\"height:25px\" aria-hidden=\"true\" class=\"wp-block-spacer\"><\/div>\n\n<figure class=\"wp-block-image alignright size-full is-resized\"><img decoding=\"async\" width=\"975\" height=\"982\" src=\"https:\/\/www.mylasertabac.com\/wp-content\/uploads\/2025\/06\/centre.jpeg\" alt=\"\" class=\"wp-image-9265\" style=\"width:419px;height:auto\" srcset=\"https:\/\/www.mylasertabac.com\/wp-content\/uploads\/2025\/06\/centre.jpeg 975w, https:\/\/www.mylasertabac.com\/wp-content\/uploads\/2025\/06\/centre-298x300.jpeg 298w, https:\/\/www.mylasertabac.com\/wp-content\/uploads\/2025\/06\/centre-150x150.jpeg 150w, https:\/\/www.mylasertabac.com\/wp-content\/uploads\/2025\/06\/centre-768x774.jpeg 768w\" sizes=\"(max-width: 975px) 100vw, 975px\" \/><\/figure>\n\n<h2 class=\"wp-block-heading\"><strong>L\u00e1ser antitabaco: una forma suave y eficaz de decir basta<\/strong><\/h2>\n\n<p>Hoy en d\u00eda, los nuevos m\u00e9todos de<strong>ayuda<\/strong> hacen que sea m\u00e1s f\u00e1cil <strong><a href=\"https:\/\/www.mylasertabac.com\/es\/\">dejar de fumar<\/a><\/strong>sin estr\u00e9s ni aumento de <strong>peso<\/strong>.<br\/>Entre ellos se incluyen <strong><a href=\"https:\/\/www.mylasertabac.com\/es\/\">reflexolog\u00eda auricular l\u00e1ser<\/a><\/strong>conocida como el <strong>l\u00e1ser antitabaco<\/strong>, est\u00e1 conquistando a un n\u00famero creciente de <strong>pacientes<\/strong>.<\/p>\n\n<p>El principio es sencillo: consiste en estimular puntos espec\u00edficos de la oreja -zonas conectadas con el <strong>cerebro<\/strong> humano- mediante un <strong>l\u00e1ser suave<\/strong>, indoloro y no invasivo.<br\/>Esta <strong>estimulaci\u00f3n energ\u00e9tica<\/strong> activa la producci\u00f3n de endorfinas, calmando <strong>la dependencia de la nicotina<\/strong> y reduciendo las ansias de <strong>fumar<\/strong>.<\/p>\n\n<p>A diferencia de <strong>los sustitutos<\/strong> o <strong>parches de<\/strong> <strong>nicotina<\/strong>, este <strong>m\u00e9todo natural<\/strong> no contiene <strong>sustancias qu\u00edmicas<\/strong>.<br\/>Act\u00faa sobre las causas subyacentes de la adicci\u00f3n, tanto f\u00edsicas como emocionales.<\/p>\n\n<p><strong>Los pacientes<\/strong> manifiestan <strong>opiniones positivas<\/strong>:<\/p>\n\n<blockquote class=\"wp-block-quote is-layout-flow wp-block-quote-is-layout-flow\">\n<p>\u00abVine para una <strong>sesi\u00f3n<\/strong>, sin creer realmente en ello. <g id=\"gid_1\">Al cabo de<\/g> dos d\u00edas, ya no ten\u00eda ganas de <g id=\"gid_2\">fumar<\/g>. Volv\u00ed a encontrar mi aliento y mi serenidad\u00bb.  <\/p>\n<\/blockquote>\n\n<p>El enfoque <strong>l\u00e1ser antitabaco<\/strong> no se limita al <strong>tabaquismo<\/strong>: tambi\u00e9n ayuda a reducir el <strong>consumo de<\/strong> alcohol y az\u00facar, e incluso a gestionar mejor el <strong>estr\u00e9s<\/strong>.<\/p>\n\n<div style=\"height:25px\" aria-hidden=\"true\" class=\"wp-block-spacer\"><\/div>\n\n<h2 class=\"wp-block-heading\"><strong>\u00bfPor qu\u00e9 elegir la reflexolog\u00eda auditiva l\u00e1ser?<\/strong><\/h2>\n\n<p>Este <strong>m\u00e9todo para<\/strong> <strong>dejar de fumar<\/strong> se basa en un enfoque <strong>de reequilibrio<\/strong> global.<br\/>No considera a <strong>los fumadores<\/strong> como \u00abenfermos\u00bb, sino como <strong>personas<\/strong> en transici\u00f3n hacia un mejor <strong>estado de salud<\/strong>.<\/p>\n\n<p>El <strong>l\u00e1ser<\/strong>, utilizado en puntos reflejos de la oreja, env\u00eda se\u00f1ales precisas al <strong>cerebro<\/strong>.<br\/>Estas estimulaciones ayudan a <strong>liberar<\/strong> <strong>la dependencia<\/strong>, reducir la tensi\u00f3n nerviosa y apoyar al <strong>organismo<\/strong> en su fase de desintoxicaci\u00f3n.<\/p>\n\n<p>El <strong>profesional<\/strong> adapta la <strong>sesi\u00f3n<\/strong> <strong>al perfil del fumador<\/strong>, sus h\u00e1bitos <strong>tab\u00e1quicos<\/strong>, su <strong>peso<\/strong> y su <strong>motivo para dejar de fumar<\/strong>.<br\/>Cada <strong>tratamiento<\/strong> es personalizado, con consejos sobre la <strong>vida cotidiana<\/strong>, la respiraci\u00f3n y la gesti\u00f3n del <strong>estr\u00e9s<\/strong>.<\/p>\n\n<p>Este <strong>apoyo profesional<\/strong> es esencial: combina pericia, escucha y comprensi\u00f3n del <strong>paciente<\/strong>.<br\/>Esta es la <strong>calidad de<\/strong> la red MyLaserTabac, pionera en este enfoque en <strong>Francia<\/strong>.<\/p>\n\n<div style=\"height:25px\" aria-hidden=\"true\" class=\"wp-block-spacer\"><\/div>\n\n<h2 class=\"wp-block-heading\"><strong>Los j\u00f3venes y la prevenci\u00f3n: un reto importante<\/strong><\/h2>\n\n<p>Los <strong>j\u00f3venes<\/strong> son una generaci\u00f3n de riesgo.<br\/>Muchos empiezan a <strong>fumar<\/strong> antes de los 18 a\u00f1os, a menudo por mimetismo o influencia social.<br\/>Sus <strong>cuerpos<\/strong> son m\u00e1s vulnerables a <strong>las sustancias t\u00f3xicas<\/strong> y <strong>la dependencia de la nicotina<\/strong> se instala m\u00e1s r\u00e1pidamente.<\/p>\n\n<p>Por tanto, es esencial concienciar sobre la importancia de <strong>dejar de<\/strong> fumar pronto.<br\/>Cuanto antes<strong>se deje de fumar<\/strong>, mayor ser\u00e1 la capacidad de regeneraci\u00f3n de los <strong>pulmones<\/strong> y las <strong>c\u00e9lulas<\/strong>.<br\/>Las campa\u00f1as de<strong>informaci\u00f3n<\/strong> y los centros especializados -como <strong>Tabac Info Service-<\/strong> desempe\u00f1an un papel clave para orientar a los j\u00f3venes hacia los <strong>tratamientos<\/strong> adecuados.<\/p>\n\n<div style=\"height:25px\" aria-hidden=\"true\" class=\"wp-block-spacer\"><\/div>\n\n<h2 class=\"wp-block-heading\"><strong>Fumar no es una elecci\u00f3n trivial: es una adicci\u00f3n que hay que comprender<\/strong><\/h2>\n\n<p>No te conviertes en <strong>fumador<\/strong> por casualidad.<br\/><strong>El tabaco<\/strong> act\u00faa en el <strong>cerebro<\/strong> como una droga: estimula la dopamina, proporcionando una sensaci\u00f3n temporal de placer.<br\/>Pero al poco tiempo, <strong>los fumadores<\/strong> ya no <strong>fuman<\/strong> por placer, sino para evitar el s\u00edndrome de abstinencia.<\/p>\n\n<p><strong>La nicotina<\/strong> y otras <strong>sustancias t\u00f3xicas<\/strong> alimentan esta <strong>dependencia<\/strong>.<br\/>La \u00fanica forma de salir de ella de forma permanente es ayudar al <strong>cuerpo<\/strong> y a la <strong>mente<\/strong> a <strong>liberarse<\/strong> juntos.<br\/>Esto es lo que hace <strong>la reflexolog\u00eda auricular l\u00e1ser<\/strong>, reconciliar lo f\u00edsico y lo psicol\u00f3gico.<\/p>\n\n<div style=\"height:25px\" aria-hidden=\"true\" class=\"wp-block-spacer\"><\/div>\n\n<h2 class=\"wp-block-heading\"><strong>Conclusi\u00f3n: no, dejar de fumar no provoca c\u00e1ncer, sino que lo previene<\/strong><\/h2>\n\n<p>La idea de que <strong>dejar de fumar<\/strong> provoca <strong>c\u00e1ncer<\/strong> es un mito peligroso.<br\/>Es precisamente lo contrario: cuanto antes dejes de fumar, mayores ser\u00e1n los <strong>beneficios<\/strong> <strong>para la salud<\/strong>.<\/p>\n\n<p><strong>Se reduce<\/strong> <strong>el riesgo de<\/strong> <strong>enfermedades<\/strong> graves, mejora el <strong>consumo de<\/strong><strong>ox\u00edgeno<\/strong> y el <strong>organismo<\/strong> recupera sus funciones naturales.<br\/>Cada <strong>d\u00eda sin fumar<\/strong> prolonga <strong>la vida<\/strong> y protege a<strong>los que te rodean<\/strong>, sobre todo a <strong>los ni\u00f1os<\/strong> expuestos <strong>al tabaquismo pasivo.<\/strong><\/p>\n\n<p>El <strong><a href=\"https:\/\/www.mylasertabac.com\/es\/\">l\u00e1ser antitabaco<\/a><\/strong>basado en la <strong>reflexolog\u00eda auricular<\/strong>, es una <strong>soluci\u00f3n natural, profesional y sostenible<\/strong> para acabar con la <strong>adicci\u00f3n al<\/strong> tabaco sin dolor ni estr\u00e9s.<\/p>\n\n<p>As\u00ed que no, <strong>dejar de fumar no provoca c\u00e1ncer<\/strong>.<br\/>Al contrario, es el primer paso hacia una <strong>vida mejor<\/strong>, un <strong>nuevo impulso vital<\/strong> y la <strong>libertad<\/strong> al fin. \ud83c\udf3f<\/p>\n\n<div style=\"height:25px\" aria-hidden=\"true\" class=\"wp-block-spacer\"><\/div>\n\n<figure class=\"wp-block-image size-large\"><img decoding=\"async\" src=\"https:\/\/www.mylasertabac.com\/wp-content\/uploads\/\/mlt-verteau.svg\" alt=\"\" class=\"wp-image-13\"\/><\/figure>\n","protected":false},"excerpt":{"rendered":"<p>Es una idea que todav\u00eda preocupa a algunos fumadores: \u00ab\u00bfy si dejar de fumar desencadena un c\u00e1ncer?\u00abUna creencia infundada pero tenaz que alimenta los temores de muchas personas que quieren liberarse de su adicci\u00f3n al tabaco.En realidad, los beneficios dedejar de fumar son considerables, tanto para los pulmones como para la salud en general. Y, [&hellip;]<\/p>\n","protected":false},"author":2,"featured_media":18790,"comment_status":"closed","ping_status":"open","sticky":false,"template":"","format":"standard","meta":{"inline_featured_image":false,"footnotes":""},"categories":[186],"tags":[],"class_list":["post-18807","post","type-post","status-publish","format-standard","has-post-thumbnail","hentry","category-salud-y-adiccion"],"yoast_head":"<!-- This site is optimized with the Yoast SEO plugin v27.4 - https:\/\/yoast.com\/product\/yoast-seo-wordpress\/ -->\n<title>\u00bfDejar de fumar provoca c\u00e1ncer? Deconstruyendo el mito para siempre - My Laser Tabac<\/title>\n<meta name=\"description\" content=\"Descubre c\u00f3mo el l\u00e1ser antitabaco y la reflexolog\u00eda auricular pueden ayudarte a dejar de fumar para siempre y a proteger tu salud.\" \/>\n<meta name=\"robots\" content=\"index, follow, max-snippet:-1, max-image-preview:large, max-video-preview:-1\" \/>\n<link rel=\"canonical\" href=\"https:\/\/www.mylasertabac.com\/es\/dejar-de-fumar-provoca-cancer-deconstruyendo-el-mito-para-siempre\/\" \/>\n<meta property=\"og:locale\" content=\"es_ES\" \/>\n<meta property=\"og:type\" content=\"article\" \/>\n<meta property=\"og:title\" content=\"\u00bfDejar de fumar provoca c\u00e1ncer? Deconstruyendo el mito para siempre - My Laser Tabac\" \/>\n<meta property=\"og:description\" content=\"Descubre c\u00f3mo el l\u00e1ser antitabaco y la reflexolog\u00eda auricular pueden ayudarte a dejar de fumar para siempre y a proteger tu salud.\" \/>\n<meta property=\"og:url\" content=\"https:\/\/www.mylasertabac.com\/es\/dejar-de-fumar-provoca-cancer-deconstruyendo-el-mito-para-siempre\/\" \/>\n<meta property=\"og:site_name\" content=\"My Laser Tabac\" \/>\n<meta property=\"article:author\" content=\"https:\/\/www.facebook.com\/profile.php?id=61571554707319\" \/>\n<meta property=\"article:published_time\" content=\"2025-10-27T06:47:58+00:00\" \/>\n<meta property=\"article:modified_time\" content=\"2025-10-27T06:48:58+00:00\" \/>\n<meta property=\"og:image\" content=\"https:\/\/www.mylasertabac.com\/wp-content\/uploads\/2025\/10\/quels-sont-les-risques-darreter-de-fumer--1024x683.png\" \/>\n\t<meta property=\"og:image:width\" content=\"1024\" \/>\n\t<meta property=\"og:image:height\" content=\"683\" \/>\n\t<meta property=\"og:image:type\" content=\"image\/png\" \/>\n<meta name=\"author\" content=\"Florian Fortes\" \/>\n<meta name=\"twitter:card\" content=\"summary_large_image\" \/>\n<meta name=\"twitter:label1\" content=\"Escrito por\" \/>\n\t<meta name=\"twitter:data1\" content=\"Florian Fortes\" \/>\n\t<meta name=\"twitter:label2\" content=\"Tiempo de lectura\" \/>\n\t<meta name=\"twitter:data2\" content=\"6 minutos\" \/>\n<script type=\"application\/ld+json\" class=\"yoast-schema-graph\">{\"@context\":\"https:\\\/\\\/schema.org\",\"@graph\":[{\"@type\":\"Article\",\"@id\":\"https:\\\/\\\/www.mylasertabac.com\\\/es\\\/dejar-de-fumar-provoca-cancer-deconstruyendo-el-mito-para-siempre\\\/#article\",\"isPartOf\":{\"@id\":\"https:\\\/\\\/www.mylasertabac.com\\\/es\\\/dejar-de-fumar-provoca-cancer-deconstruyendo-el-mito-para-siempre\\\/\"},\"author\":{\"name\":\"Florian Fortes\",\"@id\":\"https:\\\/\\\/www.mylasertabac.com\\\/es\\\/#\\\/schema\\\/person\\\/02c249cb76d912efb6c315ec23eccdf3\"},\"headline\":\"\u00bfDejar de fumar provoca c\u00e1ncer? Deconstruyendo el mito para siempre\",\"datePublished\":\"2025-10-27T06:47:58+00:00\",\"dateModified\":\"2025-10-27T06:48:58+00:00\",\"mainEntityOfPage\":{\"@id\":\"https:\\\/\\\/www.mylasertabac.com\\\/es\\\/dejar-de-fumar-provoca-cancer-deconstruyendo-el-mito-para-siempre\\\/\"},\"wordCount\":1277,\"publisher\":{\"@id\":\"https:\\\/\\\/www.mylasertabac.com\\\/es\\\/#organization\"},\"image\":{\"@id\":\"https:\\\/\\\/www.mylasertabac.com\\\/es\\\/dejar-de-fumar-provoca-cancer-deconstruyendo-el-mito-para-siempre\\\/#primaryimage\"},\"thumbnailUrl\":\"https:\\\/\\\/www.mylasertabac.com\\\/wp-content\\\/uploads\\\/2025\\\/10\\\/quels-sont-les-risques-darreter-de-fumer-.png\",\"articleSection\":[\"Salud y adicci\u00f3n\"],\"inLanguage\":\"es\"},{\"@type\":\"WebPage\",\"@id\":\"https:\\\/\\\/www.mylasertabac.com\\\/es\\\/dejar-de-fumar-provoca-cancer-deconstruyendo-el-mito-para-siempre\\\/\",\"url\":\"https:\\\/\\\/www.mylasertabac.com\\\/es\\\/dejar-de-fumar-provoca-cancer-deconstruyendo-el-mito-para-siempre\\\/\",\"name\":\"\u00bfDejar de fumar provoca c\u00e1ncer? Deconstruyendo el mito para siempre - My Laser Tabac\",\"isPartOf\":{\"@id\":\"https:\\\/\\\/www.mylasertabac.com\\\/es\\\/#website\"},\"primaryImageOfPage\":{\"@id\":\"https:\\\/\\\/www.mylasertabac.com\\\/es\\\/dejar-de-fumar-provoca-cancer-deconstruyendo-el-mito-para-siempre\\\/#primaryimage\"},\"image\":{\"@id\":\"https:\\\/\\\/www.mylasertabac.com\\\/es\\\/dejar-de-fumar-provoca-cancer-deconstruyendo-el-mito-para-siempre\\\/#primaryimage\"},\"thumbnailUrl\":\"https:\\\/\\\/www.mylasertabac.com\\\/wp-content\\\/uploads\\\/2025\\\/10\\\/quels-sont-les-risques-darreter-de-fumer-.png\",\"datePublished\":\"2025-10-27T06:47:58+00:00\",\"dateModified\":\"2025-10-27T06:48:58+00:00\",\"description\":\"Descubre c\u00f3mo el l\u00e1ser antitabaco y la reflexolog\u00eda auricular pueden ayudarte a dejar de fumar para siempre y a proteger tu salud.\",\"breadcrumb\":{\"@id\":\"https:\\\/\\\/www.mylasertabac.com\\\/es\\\/dejar-de-fumar-provoca-cancer-deconstruyendo-el-mito-para-siempre\\\/#breadcrumb\"},\"inLanguage\":\"es\",\"potentialAction\":[{\"@type\":\"ReadAction\",\"target\":[\"https:\\\/\\\/www.mylasertabac.com\\\/es\\\/dejar-de-fumar-provoca-cancer-deconstruyendo-el-mito-para-siempre\\\/\"]}]},{\"@type\":\"ImageObject\",\"inLanguage\":\"es\",\"@id\":\"https:\\\/\\\/www.mylasertabac.com\\\/es\\\/dejar-de-fumar-provoca-cancer-deconstruyendo-el-mito-para-siempre\\\/#primaryimage\",\"url\":\"https:\\\/\\\/www.mylasertabac.com\\\/wp-content\\\/uploads\\\/2025\\\/10\\\/quels-sont-les-risques-darreter-de-fumer-.png\",\"contentUrl\":\"https:\\\/\\\/www.mylasertabac.com\\\/wp-content\\\/uploads\\\/2025\\\/10\\\/quels-sont-les-risques-darreter-de-fumer-.png\",\"width\":1536,\"height\":1024},{\"@type\":\"BreadcrumbList\",\"@id\":\"https:\\\/\\\/www.mylasertabac.com\\\/es\\\/dejar-de-fumar-provoca-cancer-deconstruyendo-el-mito-para-siempre\\\/#breadcrumb\",\"itemListElement\":[{\"@type\":\"ListItem\",\"position\":1,\"name\":\"Accueil\",\"item\":\"https:\\\/\\\/www.mylasertabac.com\\\/es\\\/inicio\\\/\"},{\"@type\":\"ListItem\",\"position\":2,\"name\":\"\u00bfDejar de fumar provoca c\u00e1ncer? Deconstruyendo el mito para siempre\"}]},{\"@type\":\"WebSite\",\"@id\":\"https:\\\/\\\/www.mylasertabac.com\\\/es\\\/#website\",\"url\":\"https:\\\/\\\/www.mylasertabac.com\\\/es\\\/\",\"name\":\"My Laser Tabac\",\"description\":\"La solution laser qui transforme les fumeurs en ex-fumeurs\",\"publisher\":{\"@id\":\"https:\\\/\\\/www.mylasertabac.com\\\/es\\\/#organization\"},\"potentialAction\":[{\"@type\":\"SearchAction\",\"target\":{\"@type\":\"EntryPoint\",\"urlTemplate\":\"https:\\\/\\\/www.mylasertabac.com\\\/es\\\/?s={search_term_string}\"},\"query-input\":{\"@type\":\"PropertyValueSpecification\",\"valueRequired\":true,\"valueName\":\"search_term_string\"}}],\"inLanguage\":\"es\"},{\"@type\":\"Organization\",\"@id\":\"https:\\\/\\\/www.mylasertabac.com\\\/es\\\/#organization\",\"name\":\"My Laser Tabac\",\"url\":\"https:\\\/\\\/www.mylasertabac.com\\\/es\\\/\",\"logo\":{\"@type\":\"ImageObject\",\"inLanguage\":\"es\",\"@id\":\"https:\\\/\\\/www.mylasertabac.com\\\/es\\\/#\\\/schema\\\/logo\\\/image\\\/\",\"url\":\"https:\\\/\\\/www.mylasertabac.com\\\/wp-content\\\/uploads\\\/2024\\\/12\\\/mlt-verteau.svg\",\"contentUrl\":\"https:\\\/\\\/www.mylasertabac.com\\\/wp-content\\\/uploads\\\/2024\\\/12\\\/mlt-verteau.svg\",\"caption\":\"My Laser Tabac\"},\"image\":{\"@id\":\"https:\\\/\\\/www.mylasertabac.com\\\/es\\\/#\\\/schema\\\/logo\\\/image\\\/\"}},{\"@type\":\"Person\",\"@id\":\"https:\\\/\\\/www.mylasertabac.com\\\/es\\\/#\\\/schema\\\/person\\\/02c249cb76d912efb6c315ec23eccdf3\",\"name\":\"Florian Fortes\",\"image\":{\"@type\":\"ImageObject\",\"inLanguage\":\"es\",\"@id\":\"https:\\\/\\\/www.mylasertabac.com\\\/wp-content\\\/litespeed\\\/avatar\\\/142101a71d7b9e6490c1120d9c109a67.jpg?ver=1776856306\",\"url\":\"https:\\\/\\\/www.mylasertabac.com\\\/wp-content\\\/litespeed\\\/avatar\\\/142101a71d7b9e6490c1120d9c109a67.jpg?ver=1776856306\",\"contentUrl\":\"https:\\\/\\\/www.mylasertabac.com\\\/wp-content\\\/litespeed\\\/avatar\\\/142101a71d7b9e6490c1120d9c109a67.jpg?ver=1776856306\",\"caption\":\"Florian Fortes\"},\"sameAs\":[\"https:\\\/\\\/www.mylasertabac.com\",\"https:\\\/\\\/www.facebook.com\\\/profile.php?id=61571554707319\"],\"url\":\"https:\\\/\\\/www.mylasertabac.com\\\/es\\\/author\\\/florianfortes5312\\\/\"}]}<\/script>\n<!-- \/ Yoast SEO plugin. -->","yoast_head_json":{"title":"\u00bfDejar de fumar provoca c\u00e1ncer? Deconstruyendo el mito para siempre - My Laser Tabac","description":"Descubre c\u00f3mo el l\u00e1ser antitabaco y la reflexolog\u00eda auricular pueden ayudarte a dejar de fumar para siempre y a proteger tu salud.","robots":{"index":"index","follow":"follow","max-snippet":"max-snippet:-1","max-image-preview":"max-image-preview:large","max-video-preview":"max-video-preview:-1"},"canonical":"https:\/\/www.mylasertabac.com\/es\/dejar-de-fumar-provoca-cancer-deconstruyendo-el-mito-para-siempre\/","og_locale":"es_ES","og_type":"article","og_title":"\u00bfDejar de fumar provoca c\u00e1ncer? Deconstruyendo el mito para siempre - My Laser Tabac","og_description":"Descubre c\u00f3mo el l\u00e1ser antitabaco y la reflexolog\u00eda auricular pueden ayudarte a dejar de fumar para siempre y a proteger tu salud.","og_url":"https:\/\/www.mylasertabac.com\/es\/dejar-de-fumar-provoca-cancer-deconstruyendo-el-mito-para-siempre\/","og_site_name":"My Laser Tabac","article_author":"https:\/\/www.facebook.com\/profile.php?id=61571554707319","article_published_time":"2025-10-27T06:47:58+00:00","article_modified_time":"2025-10-27T06:48:58+00:00","og_image":[{"width":1024,"height":683,"url":"https:\/\/www.mylasertabac.com\/wp-content\/uploads\/2025\/10\/quels-sont-les-risques-darreter-de-fumer--1024x683.png","type":"image\/png"}],"author":"Florian Fortes","twitter_card":"summary_large_image","twitter_misc":{"Escrito por":"Florian Fortes","Tiempo de lectura":"6 minutos"},"schema":{"@context":"https:\/\/schema.org","@graph":[{"@type":"Article","@id":"https:\/\/www.mylasertabac.com\/es\/dejar-de-fumar-provoca-cancer-deconstruyendo-el-mito-para-siempre\/#article","isPartOf":{"@id":"https:\/\/www.mylasertabac.com\/es\/dejar-de-fumar-provoca-cancer-deconstruyendo-el-mito-para-siempre\/"},"author":{"name":"Florian Fortes","@id":"https:\/\/www.mylasertabac.com\/es\/#\/schema\/person\/02c249cb76d912efb6c315ec23eccdf3"},"headline":"\u00bfDejar de fumar provoca c\u00e1ncer? Deconstruyendo el mito para siempre","datePublished":"2025-10-27T06:47:58+00:00","dateModified":"2025-10-27T06:48:58+00:00","mainEntityOfPage":{"@id":"https:\/\/www.mylasertabac.com\/es\/dejar-de-fumar-provoca-cancer-deconstruyendo-el-mito-para-siempre\/"},"wordCount":1277,"publisher":{"@id":"https:\/\/www.mylasertabac.com\/es\/#organization"},"image":{"@id":"https:\/\/www.mylasertabac.com\/es\/dejar-de-fumar-provoca-cancer-deconstruyendo-el-mito-para-siempre\/#primaryimage"},"thumbnailUrl":"https:\/\/www.mylasertabac.com\/wp-content\/uploads\/2025\/10\/quels-sont-les-risques-darreter-de-fumer-.png","articleSection":["Salud y adicci\u00f3n"],"inLanguage":"es"},{"@type":"WebPage","@id":"https:\/\/www.mylasertabac.com\/es\/dejar-de-fumar-provoca-cancer-deconstruyendo-el-mito-para-siempre\/","url":"https:\/\/www.mylasertabac.com\/es\/dejar-de-fumar-provoca-cancer-deconstruyendo-el-mito-para-siempre\/","name":"\u00bfDejar de fumar provoca c\u00e1ncer? Deconstruyendo el mito para siempre - My Laser Tabac","isPartOf":{"@id":"https:\/\/www.mylasertabac.com\/es\/#website"},"primaryImageOfPage":{"@id":"https:\/\/www.mylasertabac.com\/es\/dejar-de-fumar-provoca-cancer-deconstruyendo-el-mito-para-siempre\/#primaryimage"},"image":{"@id":"https:\/\/www.mylasertabac.com\/es\/dejar-de-fumar-provoca-cancer-deconstruyendo-el-mito-para-siempre\/#primaryimage"},"thumbnailUrl":"https:\/\/www.mylasertabac.com\/wp-content\/uploads\/2025\/10\/quels-sont-les-risques-darreter-de-fumer-.png","datePublished":"2025-10-27T06:47:58+00:00","dateModified":"2025-10-27T06:48:58+00:00","description":"Descubre c\u00f3mo el l\u00e1ser antitabaco y la reflexolog\u00eda auricular pueden ayudarte a dejar de fumar para siempre y a proteger tu salud.","breadcrumb":{"@id":"https:\/\/www.mylasertabac.com\/es\/dejar-de-fumar-provoca-cancer-deconstruyendo-el-mito-para-siempre\/#breadcrumb"},"inLanguage":"es","potentialAction":[{"@type":"ReadAction","target":["https:\/\/www.mylasertabac.com\/es\/dejar-de-fumar-provoca-cancer-deconstruyendo-el-mito-para-siempre\/"]}]},{"@type":"ImageObject","inLanguage":"es","@id":"https:\/\/www.mylasertabac.com\/es\/dejar-de-fumar-provoca-cancer-deconstruyendo-el-mito-para-siempre\/#primaryimage","url":"https:\/\/www.mylasertabac.com\/wp-content\/uploads\/2025\/10\/quels-sont-les-risques-darreter-de-fumer-.png","contentUrl":"https:\/\/www.mylasertabac.com\/wp-content\/uploads\/2025\/10\/quels-sont-les-risques-darreter-de-fumer-.png","width":1536,"height":1024},{"@type":"BreadcrumbList","@id":"https:\/\/www.mylasertabac.com\/es\/dejar-de-fumar-provoca-cancer-deconstruyendo-el-mito-para-siempre\/#breadcrumb","itemListElement":[{"@type":"ListItem","position":1,"name":"Accueil","item":"https:\/\/www.mylasertabac.com\/es\/inicio\/"},{"@type":"ListItem","position":2,"name":"\u00bfDejar de fumar provoca c\u00e1ncer? Deconstruyendo el mito para siempre"}]},{"@type":"WebSite","@id":"https:\/\/www.mylasertabac.com\/es\/#website","url":"https:\/\/www.mylasertabac.com\/es\/","name":"My Laser Tabac","description":"La solution laser qui transforme les fumeurs en ex-fumeurs","publisher":{"@id":"https:\/\/www.mylasertabac.com\/es\/#organization"},"potentialAction":[{"@type":"SearchAction","target":{"@type":"EntryPoint","urlTemplate":"https:\/\/www.mylasertabac.com\/es\/?s={search_term_string}"},"query-input":{"@type":"PropertyValueSpecification","valueRequired":true,"valueName":"search_term_string"}}],"inLanguage":"es"},{"@type":"Organization","@id":"https:\/\/www.mylasertabac.com\/es\/#organization","name":"My Laser Tabac","url":"https:\/\/www.mylasertabac.com\/es\/","logo":{"@type":"ImageObject","inLanguage":"es","@id":"https:\/\/www.mylasertabac.com\/es\/#\/schema\/logo\/image\/","url":"https:\/\/www.mylasertabac.com\/wp-content\/uploads\/2024\/12\/mlt-verteau.svg","contentUrl":"https:\/\/www.mylasertabac.com\/wp-content\/uploads\/2024\/12\/mlt-verteau.svg","caption":"My Laser Tabac"},"image":{"@id":"https:\/\/www.mylasertabac.com\/es\/#\/schema\/logo\/image\/"}},{"@type":"Person","@id":"https:\/\/www.mylasertabac.com\/es\/#\/schema\/person\/02c249cb76d912efb6c315ec23eccdf3","name":"Florian Fortes","image":{"@type":"ImageObject","inLanguage":"es","@id":"https:\/\/www.mylasertabac.com\/wp-content\/litespeed\/avatar\/142101a71d7b9e6490c1120d9c109a67.jpg?ver=1776856306","url":"https:\/\/www.mylasertabac.com\/wp-content\/litespeed\/avatar\/142101a71d7b9e6490c1120d9c109a67.jpg?ver=1776856306","contentUrl":"https:\/\/www.mylasertabac.com\/wp-content\/litespeed\/avatar\/142101a71d7b9e6490c1120d9c109a67.jpg?ver=1776856306","caption":"Florian Fortes"},"sameAs":["https:\/\/www.mylasertabac.com","https:\/\/www.facebook.com\/profile.php?id=61571554707319"],"url":"https:\/\/www.mylasertabac.com\/es\/author\/florianfortes5312\/"}]}},"_links":{"self":[{"href":"https:\/\/www.mylasertabac.com\/es\/wp-json\/wp\/v2\/posts\/18807","targetHints":{"allow":["GET"]}}],"collection":[{"href":"https:\/\/www.mylasertabac.com\/es\/wp-json\/wp\/v2\/posts"}],"about":[{"href":"https:\/\/www.mylasertabac.com\/es\/wp-json\/wp\/v2\/types\/post"}],"author":[{"embeddable":true,"href":"https:\/\/www.mylasertabac.com\/es\/wp-json\/wp\/v2\/users\/2"}],"replies":[{"embeddable":true,"href":"https:\/\/www.mylasertabac.com\/es\/wp-json\/wp\/v2\/comments?post=18807"}],"version-history":[{"count":3,"href":"https:\/\/www.mylasertabac.com\/es\/wp-json\/wp\/v2\/posts\/18807\/revisions"}],"predecessor-version":[{"id":18810,"href":"https:\/\/www.mylasertabac.com\/es\/wp-json\/wp\/v2\/posts\/18807\/revisions\/18810"}],"wp:featuredmedia":[{"embeddable":true,"href":"https:\/\/www.mylasertabac.com\/es\/wp-json\/wp\/v2\/media\/18790"}],"wp:attachment":[{"href":"https:\/\/www.mylasertabac.com\/es\/wp-json\/wp\/v2\/media?parent=18807"}],"wp:term":[{"taxonomy":"category","embeddable":true,"href":"https:\/\/www.mylasertabac.com\/es\/wp-json\/wp\/v2\/categories?post=18807"},{"taxonomy":"post_tag","embeddable":true,"href":"https:\/\/www.mylasertabac.com\/es\/wp-json\/wp\/v2\/tags?post=18807"}],"curies":[{"name":"wp","href":"https:\/\/api.w.org\/{rel}","templated":true}]}}