{"id":18915,"date":"2025-10-28T09:22:07","date_gmt":"2025-10-28T08:22:07","guid":{"rendered":"https:\/\/www.mylasertabac.com\/pantallas-ninos-y-desigualdades-como-se-juega-ya-el-consumo-digital-en-las-edades-de-3-a-11-anos\/"},"modified":"2025-10-28T09:46:00","modified_gmt":"2025-10-28T08:46:00","slug":"pantallas-ninos-y-desigualdades-como-se-juega-ya-el-consumo-digital-en-las-edades-de-3-a-11-anos","status":"publish","type":"post","link":"https:\/\/www.mylasertabac.com\/es\/pantallas-ninos-y-desigualdades-como-se-juega-ya-el-consumo-digital-en-las-edades-de-3-a-11-anos\/","title":{"rendered":"Pantallas, ni\u00f1os y desigualdades: c\u00f3mo se juega ya el consumo digital en las edades de 3 a 11 a\u00f1os"},"content":{"rendered":"\n<div style=\"height:24px\" aria-hidden=\"true\" class=\"wp-block-spacer\"><\/div>\n\n<p>En una \u00e9poca en que las pantallas son una parte omnipresente de nuestra vida cotidiana, una cosa est\u00e1 clara: sus efectos no se limitan a los adolescentes. Los ni\u00f1os m\u00e1s peque\u00f1os -de 3 a 11 a\u00f1os- ya se ven afectados. Y tras esta constataci\u00f3n se esconden <strong>desigualdades sociales<\/strong> que cuestionan nuestra relaci\u00f3n con la educaci\u00f3n digital.  <\/p>\n\n<div style=\"height:24px\" aria-hidden=\"true\" class=\"wp-block-spacer\"><\/div>\n\n<h3 class=\"wp-block-heading\">Exposici\u00f3n temprana y diaria que a menudo se subestima<\/h3>\n\n<p>Los ni\u00f1os de hoy crecen en un mundo digital. Televisi\u00f3n, tabletas, consolas, tel\u00e9fonos inteligentes: la exposici\u00f3n empieza pronto. El \u00faltimo informe sobre los h\u00e1bitos de pantalla de los ni\u00f1os de 3 a 11 a\u00f1os en Francia revela que casi todos los ni\u00f1os de este grupo de edad utilizan una pantalla todos los d\u00edas. Lo que es a\u00fan m\u00e1s sorprendente es que el tiempo de pantalla aumenta con la edad: una media de alrededor de 1 hora y 15 minutos al d\u00eda para los ni\u00f1os de 3 a 5 a\u00f1os, y hasta 2 horas y 30 minutos para los de 9 a 11 a\u00f1os. Verdadera inmersi\u00f3n digital.    <\/p>\n\n<p>Pero no es s\u00f3lo una cuesti\u00f3n de duraci\u00f3n. El <strong>entorno familiar<\/strong>, el <strong>sal\u00f3n<\/strong>, la <strong>presencia de una pantalla en el dormitorio<\/strong>, todo contribuye a reforzar este fen\u00f3meno. Y son los hogares con menos recursos -en t\u00e9rminos de espacio y tiempo parental- los m\u00e1s afectados. En otras palabras: m\u00e1s que un h\u00e1bito, se trata de un <strong>reflejo social marcado por la desigualdad<\/strong>.   <\/p>\n\n<div style=\"height:24px\" aria-hidden=\"true\" class=\"wp-block-spacer\"><\/div>\n\n<figure class=\"wp-block-table\"><table class=\"has-fixed-layout\"><tbody><tr><td>Lee tambi\u00e9n  <a href=\"https:\/\/www.mylasertabac.com\/es\/informacion\/formacion-laser-antitabaco-y-contra-la-adiccion\/\"><mark style=\"background-color:rgba(0, 0, 0, 0)\" class=\"has-inline-color has-luminous-vivid-orange-color\">Si quieres abrir una franquicia de r\u00e1pido crecimiento en el \u00e1mbito del tratamiento de adicciones, Mylasertabac te ofrece un concepto llave en mano. Haz clic aqu\u00ed para obtener m\u00e1s informaci\u00f3n. <\/mark><\/a><\/td><\/tr><\/tbody><\/table><\/figure>\n\n<div style=\"height:24px\" aria-hidden=\"true\" class=\"wp-block-spacer\"><\/div>\n\n<h3 class=\"wp-block-heading\">\u00bfPor qu\u00e9 es tan preocupante esta exposici\u00f3n?<\/h3>\n\n<p>El uso intensivo de pantallas por los ni\u00f1os puede afectar al sue\u00f1o, retrasar el desarrollo del lenguaje, cambiar los h\u00e1bitos de juego y limitar la actividad f\u00edsica. El cerebro, que a\u00fan se est\u00e1 desarrollando, es especialmente receptivo a estos est\u00edmulos frecuentes. A veces se observa irritabilidad, dificultad para concentrarse y falta de inter\u00e9s por actividades ajenas a la pantalla.  <\/p>\n\n<p>Y luego est\u00e1 el efecto a largo plazo: menos movimiento, m\u00e1s tiempo sentado, m\u00e1s exposici\u00f3n a contenidos inadecuados. Estos factores pueden conducir a h\u00e1bitos sedentarios, trastornos del sue\u00f1o e incluso a una relaci\u00f3n menos equilibrada con la autoimagen y la interacci\u00f3n social. <\/p>\n\n<div style=\"height:24px\" aria-hidden=\"true\" class=\"wp-block-spacer\"><\/div>\n\n<h3 class=\"wp-block-heading\">Desigualdad bajo la superficie: el entorno marca la diferencia<\/h3>\n\n<p>Una cosa est\u00e1 clara: <strong>el tiempo de pantalla depende mucho de las condiciones de vida de la familia<\/strong>. En algunos hogares: un progenitor a menudo ausente, un espacio reducido, acceso casi constante a un smartphone o una tableta. En otros: un entorno m\u00e1s estructurado, normas expl\u00edcitas sobre las pantallas, m\u00e1s actividades alternativas fuera del mundo digital.  <\/p>\n\n<p>Estas diferencias tienen un impacto tangible. Los ni\u00f1os de entornos m\u00e1s pobres suelen tener m\u00e1s tiempo frente a la pantalla, menos supervisi\u00f3n y m\u00e1s soledad digital. Esto no es inevitable, pero apunta a un reto: el de la equidad educativa en un mundo digital omnipresente.  <\/p>\n\n<div style=\"height:24px\" aria-hidden=\"true\" class=\"wp-block-spacer\"><\/div>\n\n<h3 class=\"wp-block-heading\">\u00bfC\u00f3mo abordas el tema como padre, profesor o familiar?<\/h3>\n\n<ul class=\"wp-block-list\">\n<li><strong>Ofr\u00e9cele tiempo sin pantalla<\/strong>, aunque s\u00f3lo sea un rato: un juego de mesa, un paseo, una charla.<\/li>\n\n\n\n<li>Establece <strong>normas claras y adecuadas a la edad<\/strong>: \u00ab15 minutos despu\u00e9s del colegio\u00bb, o \u00abun d\u00eda sin consola el fin de semana\u00bb.<\/li>\n\n\n\n<li><strong>Wiser sobre la ejemplaridad: tu propia relaci\u00f3n con la pantalla es un modelo.<\/strong>  El ni\u00f1o observa lo que haces tanto como lo que dices.<\/li>\n\n\n\n<li><strong>Discute en lugar de sermonear: \u00ab\u00bfQu\u00e9 ves en este juego?\u00bb, \u00ab\u00bfQu\u00e9 te ha gustado de la aplicaci\u00f3n?\u00bb.<\/strong>  El debate abierto ayuda a desarrollar la capacidad de pensamiento cr\u00edtico.<\/li>\n\n\n\n<li><strong>Promueve alternativas: libros, deporte, cocina, bricolaje, etc<\/strong>. El placer no est\u00e1 reservado s\u00f3lo a las pantallas. Est\u00e1 en la conexi\u00f3n, el movimiento, la curiosidad. <\/li>\n<\/ul>\n\n<div style=\"height:24px\" aria-hidden=\"true\" class=\"wp-block-spacer\"><\/div>\n\n<h3 class=\"wp-block-heading\">Actuar en escuelas, asociaciones y comunidades<\/h3>\n\n<p>A un nivel m\u00e1s amplio, es esencial sensibilizar a profesores, animadores y responsables de centros de ocio. Hay que replantearse la disposici\u00f3n de los espacios, ofrecer actividades fuera de la pantalla y tener en cuenta que no se trata s\u00f3lo de una cuesti\u00f3n t\u00e9cnica, sino <strong>social<\/strong>. <\/p>\n\n<div style=\"height:24px\" aria-hidden=\"true\" class=\"wp-block-spacer\"><\/div>\n\n<h3 class=\"wp-block-heading\">En conclusi\u00f3n<\/h3>\n\n<p>El uso de pantallas por ni\u00f1os de 3 a 11 a\u00f1os no es s\u00f3lo una cuesti\u00f3n de tiempo dedicado. Afecta a <strong>la salud<\/strong>, a la <strong>concentraci\u00f3n<\/strong>, al <strong>ritmo de vida<\/strong> y, sobre todo, a <strong>la justicia social<\/strong>.<br\/>Cuando hablamos de pantallas, hablamos tambi\u00e9n de condiciones de vida, recursos y puntos de referencia.<br\/>Todos los ni\u00f1os merecen un entorno digital equilibrado, rodeado y guiado.<br\/>Y siempre que actuemos en el marco, podremos transformar este tiempo de inmersi\u00f3n en una verdadera oportunidad de aprendizaje, vinculaci\u00f3n y descubrimiento. <\/p>\n\n<div style=\"height:24px\" aria-hidden=\"true\" class=\"wp-block-spacer\"><\/div>\n\n<figure class=\"wp-block-image size-large\"><img decoding=\"async\" src=\"https:\/\/www.mylasertabac.com\/wp-content\/uploads\/\/mlt-verteau.svg\" alt=\"\" class=\"wp-image-13\"\/><\/figure>\n","protected":false},"excerpt":{"rendered":"<p>En una \u00e9poca en que las pantallas son una parte omnipresente de nuestra vida cotidiana, una cosa est\u00e1 clara: sus efectos no se limitan a los adolescentes. Los ni\u00f1os m\u00e1s peque\u00f1os -de 3 a 11 a\u00f1os- ya se ven afectados. Y tras esta constataci\u00f3n se esconden desigualdades sociales que cuestionan nuestra relaci\u00f3n con la educaci\u00f3n [&hellip;]<\/p>\n","protected":false},"author":2,"featured_media":18901,"comment_status":"closed","ping_status":"open","sticky":false,"template":"","format":"standard","meta":{"inline_featured_image":false,"footnotes":""},"categories":[120],"tags":[],"class_list":["post-18915","post","type-post","status-publish","format-standard","has-post-thumbnail","hentry","category-salud"],"yoast_head":"<!-- This site is optimized with the Yoast SEO plugin v27.4 - https:\/\/yoast.com\/product\/yoast-seo-wordpress\/ -->\n<title>Pantallas, ni\u00f1os y desigualdades: c\u00f3mo se juega ya el consumo digital en las edades de 3 a 11 a\u00f1os - My Laser Tabac<\/title>\n<meta name=\"description\" content=\"Descubre c\u00f3mo afecta el tiempo frente a la pantalla a los ni\u00f1os y c\u00f3mo establecer un equilibrio digital saludable en la vida cotidiana.\" \/>\n<meta name=\"robots\" content=\"index, follow, max-snippet:-1, max-image-preview:large, max-video-preview:-1\" \/>\n<link rel=\"canonical\" href=\"https:\/\/www.mylasertabac.com\/es\/pantallas-ninos-y-desigualdades-como-se-juega-ya-el-consumo-digital-en-las-edades-de-3-a-11-anos\/\" \/>\n<meta property=\"og:locale\" content=\"es_ES\" \/>\n<meta property=\"og:type\" content=\"article\" \/>\n<meta property=\"og:title\" content=\"Pantallas, ni\u00f1os y desigualdades: c\u00f3mo se juega ya el consumo digital en las edades de 3 a 11 a\u00f1os - My Laser Tabac\" \/>\n<meta property=\"og:description\" content=\"Descubre c\u00f3mo afecta el tiempo frente a la pantalla a los ni\u00f1os y c\u00f3mo establecer un equilibrio digital saludable en la vida cotidiana.\" \/>\n<meta property=\"og:url\" content=\"https:\/\/www.mylasertabac.com\/es\/pantallas-ninos-y-desigualdades-como-se-juega-ya-el-consumo-digital-en-las-edades-de-3-a-11-anos\/\" \/>\n<meta property=\"og:site_name\" content=\"My Laser Tabac\" \/>\n<meta property=\"article:author\" content=\"https:\/\/www.facebook.com\/profile.php?id=61571554707319\" \/>\n<meta property=\"article:published_time\" content=\"2025-10-28T08:22:07+00:00\" \/>\n<meta property=\"article:modified_time\" content=\"2025-10-28T08:46:00+00:00\" \/>\n<meta property=\"og:image\" content=\"https:\/\/www.mylasertabac.com\/wp-content\/uploads\/2025\/10\/addiction-des-jeunes-au-tablette-et-jeu-video--1024x683.png\" \/>\n\t<meta property=\"og:image:width\" content=\"1024\" \/>\n\t<meta property=\"og:image:height\" content=\"683\" \/>\n\t<meta property=\"og:image:type\" content=\"image\/png\" \/>\n<meta name=\"author\" content=\"Florian Fortes\" \/>\n<meta name=\"twitter:card\" content=\"summary_large_image\" \/>\n<meta name=\"twitter:label1\" content=\"Escrito por\" \/>\n\t<meta name=\"twitter:data1\" content=\"Florian Fortes\" \/>\n\t<meta name=\"twitter:label2\" content=\"Tiempo de lectura\" \/>\n\t<meta name=\"twitter:data2\" content=\"4 minutos\" \/>\n<script type=\"application\/ld+json\" class=\"yoast-schema-graph\">{\"@context\":\"https:\\\/\\\/schema.org\",\"@graph\":[{\"@type\":\"Article\",\"@id\":\"https:\\\/\\\/www.mylasertabac.com\\\/es\\\/pantallas-ninos-y-desigualdades-como-se-juega-ya-el-consumo-digital-en-las-edades-de-3-a-11-anos\\\/#article\",\"isPartOf\":{\"@id\":\"https:\\\/\\\/www.mylasertabac.com\\\/es\\\/pantallas-ninos-y-desigualdades-como-se-juega-ya-el-consumo-digital-en-las-edades-de-3-a-11-anos\\\/\"},\"author\":{\"name\":\"Florian Fortes\",\"@id\":\"https:\\\/\\\/www.mylasertabac.com\\\/es\\\/#\\\/schema\\\/person\\\/02c249cb76d912efb6c315ec23eccdf3\"},\"headline\":\"Pantallas, ni\u00f1os y desigualdades: c\u00f3mo se juega ya el consumo digital en las edades de 3 a 11 a\u00f1os\",\"datePublished\":\"2025-10-28T08:22:07+00:00\",\"dateModified\":\"2025-10-28T08:46:00+00:00\",\"mainEntityOfPage\":{\"@id\":\"https:\\\/\\\/www.mylasertabac.com\\\/es\\\/pantallas-ninos-y-desigualdades-como-se-juega-ya-el-consumo-digital-en-las-edades-de-3-a-11-anos\\\/\"},\"wordCount\":836,\"publisher\":{\"@id\":\"https:\\\/\\\/www.mylasertabac.com\\\/es\\\/#organization\"},\"image\":{\"@id\":\"https:\\\/\\\/www.mylasertabac.com\\\/es\\\/pantallas-ninos-y-desigualdades-como-se-juega-ya-el-consumo-digital-en-las-edades-de-3-a-11-anos\\\/#primaryimage\"},\"thumbnailUrl\":\"https:\\\/\\\/www.mylasertabac.com\\\/wp-content\\\/uploads\\\/2025\\\/10\\\/addiction-des-jeunes-au-tablette-et-jeu-video-.png\",\"articleSection\":[\"Salud\"],\"inLanguage\":\"es\"},{\"@type\":\"WebPage\",\"@id\":\"https:\\\/\\\/www.mylasertabac.com\\\/es\\\/pantallas-ninos-y-desigualdades-como-se-juega-ya-el-consumo-digital-en-las-edades-de-3-a-11-anos\\\/\",\"url\":\"https:\\\/\\\/www.mylasertabac.com\\\/es\\\/pantallas-ninos-y-desigualdades-como-se-juega-ya-el-consumo-digital-en-las-edades-de-3-a-11-anos\\\/\",\"name\":\"Pantallas, ni\u00f1os y desigualdades: c\u00f3mo se juega ya el consumo digital en las edades de 3 a 11 a\u00f1os - My Laser Tabac\",\"isPartOf\":{\"@id\":\"https:\\\/\\\/www.mylasertabac.com\\\/es\\\/#website\"},\"primaryImageOfPage\":{\"@id\":\"https:\\\/\\\/www.mylasertabac.com\\\/es\\\/pantallas-ninos-y-desigualdades-como-se-juega-ya-el-consumo-digital-en-las-edades-de-3-a-11-anos\\\/#primaryimage\"},\"image\":{\"@id\":\"https:\\\/\\\/www.mylasertabac.com\\\/es\\\/pantallas-ninos-y-desigualdades-como-se-juega-ya-el-consumo-digital-en-las-edades-de-3-a-11-anos\\\/#primaryimage\"},\"thumbnailUrl\":\"https:\\\/\\\/www.mylasertabac.com\\\/wp-content\\\/uploads\\\/2025\\\/10\\\/addiction-des-jeunes-au-tablette-et-jeu-video-.png\",\"datePublished\":\"2025-10-28T08:22:07+00:00\",\"dateModified\":\"2025-10-28T08:46:00+00:00\",\"description\":\"Descubre c\u00f3mo afecta el tiempo frente a la pantalla a los ni\u00f1os y c\u00f3mo establecer un equilibrio digital saludable en la vida cotidiana.\",\"breadcrumb\":{\"@id\":\"https:\\\/\\\/www.mylasertabac.com\\\/es\\\/pantallas-ninos-y-desigualdades-como-se-juega-ya-el-consumo-digital-en-las-edades-de-3-a-11-anos\\\/#breadcrumb\"},\"inLanguage\":\"es\",\"potentialAction\":[{\"@type\":\"ReadAction\",\"target\":[\"https:\\\/\\\/www.mylasertabac.com\\\/es\\\/pantallas-ninos-y-desigualdades-como-se-juega-ya-el-consumo-digital-en-las-edades-de-3-a-11-anos\\\/\"]}]},{\"@type\":\"ImageObject\",\"inLanguage\":\"es\",\"@id\":\"https:\\\/\\\/www.mylasertabac.com\\\/es\\\/pantallas-ninos-y-desigualdades-como-se-juega-ya-el-consumo-digital-en-las-edades-de-3-a-11-anos\\\/#primaryimage\",\"url\":\"https:\\\/\\\/www.mylasertabac.com\\\/wp-content\\\/uploads\\\/2025\\\/10\\\/addiction-des-jeunes-au-tablette-et-jeu-video-.png\",\"contentUrl\":\"https:\\\/\\\/www.mylasertabac.com\\\/wp-content\\\/uploads\\\/2025\\\/10\\\/addiction-des-jeunes-au-tablette-et-jeu-video-.png\",\"width\":1536,\"height\":1024},{\"@type\":\"BreadcrumbList\",\"@id\":\"https:\\\/\\\/www.mylasertabac.com\\\/es\\\/pantallas-ninos-y-desigualdades-como-se-juega-ya-el-consumo-digital-en-las-edades-de-3-a-11-anos\\\/#breadcrumb\",\"itemListElement\":[{\"@type\":\"ListItem\",\"position\":1,\"name\":\"Accueil\",\"item\":\"https:\\\/\\\/www.mylasertabac.com\\\/es\\\/inicio\\\/\"},{\"@type\":\"ListItem\",\"position\":2,\"name\":\"Pantallas, ni\u00f1os y desigualdades: c\u00f3mo se juega ya el consumo digital en las edades de 3 a 11 a\u00f1os\"}]},{\"@type\":\"WebSite\",\"@id\":\"https:\\\/\\\/www.mylasertabac.com\\\/es\\\/#website\",\"url\":\"https:\\\/\\\/www.mylasertabac.com\\\/es\\\/\",\"name\":\"My Laser Tabac\",\"description\":\"La solution laser qui transforme les fumeurs en ex-fumeurs\",\"publisher\":{\"@id\":\"https:\\\/\\\/www.mylasertabac.com\\\/es\\\/#organization\"},\"potentialAction\":[{\"@type\":\"SearchAction\",\"target\":{\"@type\":\"EntryPoint\",\"urlTemplate\":\"https:\\\/\\\/www.mylasertabac.com\\\/es\\\/?s={search_term_string}\"},\"query-input\":{\"@type\":\"PropertyValueSpecification\",\"valueRequired\":true,\"valueName\":\"search_term_string\"}}],\"inLanguage\":\"es\"},{\"@type\":\"Organization\",\"@id\":\"https:\\\/\\\/www.mylasertabac.com\\\/es\\\/#organization\",\"name\":\"My Laser Tabac\",\"url\":\"https:\\\/\\\/www.mylasertabac.com\\\/es\\\/\",\"logo\":{\"@type\":\"ImageObject\",\"inLanguage\":\"es\",\"@id\":\"https:\\\/\\\/www.mylasertabac.com\\\/es\\\/#\\\/schema\\\/logo\\\/image\\\/\",\"url\":\"https:\\\/\\\/www.mylasertabac.com\\\/wp-content\\\/uploads\\\/2024\\\/12\\\/mlt-verteau.svg\",\"contentUrl\":\"https:\\\/\\\/www.mylasertabac.com\\\/wp-content\\\/uploads\\\/2024\\\/12\\\/mlt-verteau.svg\",\"caption\":\"My Laser Tabac\"},\"image\":{\"@id\":\"https:\\\/\\\/www.mylasertabac.com\\\/es\\\/#\\\/schema\\\/logo\\\/image\\\/\"}},{\"@type\":\"Person\",\"@id\":\"https:\\\/\\\/www.mylasertabac.com\\\/es\\\/#\\\/schema\\\/person\\\/02c249cb76d912efb6c315ec23eccdf3\",\"name\":\"Florian Fortes\",\"image\":{\"@type\":\"ImageObject\",\"inLanguage\":\"es\",\"@id\":\"https:\\\/\\\/www.mylasertabac.com\\\/wp-content\\\/litespeed\\\/avatar\\\/142101a71d7b9e6490c1120d9c109a67.jpg?ver=1776856306\",\"url\":\"https:\\\/\\\/www.mylasertabac.com\\\/wp-content\\\/litespeed\\\/avatar\\\/142101a71d7b9e6490c1120d9c109a67.jpg?ver=1776856306\",\"contentUrl\":\"https:\\\/\\\/www.mylasertabac.com\\\/wp-content\\\/litespeed\\\/avatar\\\/142101a71d7b9e6490c1120d9c109a67.jpg?ver=1776856306\",\"caption\":\"Florian Fortes\"},\"sameAs\":[\"https:\\\/\\\/www.mylasertabac.com\",\"https:\\\/\\\/www.facebook.com\\\/profile.php?id=61571554707319\"],\"url\":\"https:\\\/\\\/www.mylasertabac.com\\\/es\\\/author\\\/florianfortes5312\\\/\"}]}<\/script>\n<!-- \/ Yoast SEO plugin. -->","yoast_head_json":{"title":"Pantallas, ni\u00f1os y desigualdades: c\u00f3mo se juega ya el consumo digital en las edades de 3 a 11 a\u00f1os - My Laser Tabac","description":"Descubre c\u00f3mo afecta el tiempo frente a la pantalla a los ni\u00f1os y c\u00f3mo establecer un equilibrio digital saludable en la vida cotidiana.","robots":{"index":"index","follow":"follow","max-snippet":"max-snippet:-1","max-image-preview":"max-image-preview:large","max-video-preview":"max-video-preview:-1"},"canonical":"https:\/\/www.mylasertabac.com\/es\/pantallas-ninos-y-desigualdades-como-se-juega-ya-el-consumo-digital-en-las-edades-de-3-a-11-anos\/","og_locale":"es_ES","og_type":"article","og_title":"Pantallas, ni\u00f1os y desigualdades: c\u00f3mo se juega ya el consumo digital en las edades de 3 a 11 a\u00f1os - My Laser Tabac","og_description":"Descubre c\u00f3mo afecta el tiempo frente a la pantalla a los ni\u00f1os y c\u00f3mo establecer un equilibrio digital saludable en la vida cotidiana.","og_url":"https:\/\/www.mylasertabac.com\/es\/pantallas-ninos-y-desigualdades-como-se-juega-ya-el-consumo-digital-en-las-edades-de-3-a-11-anos\/","og_site_name":"My Laser Tabac","article_author":"https:\/\/www.facebook.com\/profile.php?id=61571554707319","article_published_time":"2025-10-28T08:22:07+00:00","article_modified_time":"2025-10-28T08:46:00+00:00","og_image":[{"width":1024,"height":683,"url":"https:\/\/www.mylasertabac.com\/wp-content\/uploads\/2025\/10\/addiction-des-jeunes-au-tablette-et-jeu-video--1024x683.png","type":"image\/png"}],"author":"Florian Fortes","twitter_card":"summary_large_image","twitter_misc":{"Escrito por":"Florian Fortes","Tiempo de lectura":"4 minutos"},"schema":{"@context":"https:\/\/schema.org","@graph":[{"@type":"Article","@id":"https:\/\/www.mylasertabac.com\/es\/pantallas-ninos-y-desigualdades-como-se-juega-ya-el-consumo-digital-en-las-edades-de-3-a-11-anos\/#article","isPartOf":{"@id":"https:\/\/www.mylasertabac.com\/es\/pantallas-ninos-y-desigualdades-como-se-juega-ya-el-consumo-digital-en-las-edades-de-3-a-11-anos\/"},"author":{"name":"Florian Fortes","@id":"https:\/\/www.mylasertabac.com\/es\/#\/schema\/person\/02c249cb76d912efb6c315ec23eccdf3"},"headline":"Pantallas, ni\u00f1os y desigualdades: c\u00f3mo se juega ya el consumo digital en las edades de 3 a 11 a\u00f1os","datePublished":"2025-10-28T08:22:07+00:00","dateModified":"2025-10-28T08:46:00+00:00","mainEntityOfPage":{"@id":"https:\/\/www.mylasertabac.com\/es\/pantallas-ninos-y-desigualdades-como-se-juega-ya-el-consumo-digital-en-las-edades-de-3-a-11-anos\/"},"wordCount":836,"publisher":{"@id":"https:\/\/www.mylasertabac.com\/es\/#organization"},"image":{"@id":"https:\/\/www.mylasertabac.com\/es\/pantallas-ninos-y-desigualdades-como-se-juega-ya-el-consumo-digital-en-las-edades-de-3-a-11-anos\/#primaryimage"},"thumbnailUrl":"https:\/\/www.mylasertabac.com\/wp-content\/uploads\/2025\/10\/addiction-des-jeunes-au-tablette-et-jeu-video-.png","articleSection":["Salud"],"inLanguage":"es"},{"@type":"WebPage","@id":"https:\/\/www.mylasertabac.com\/es\/pantallas-ninos-y-desigualdades-como-se-juega-ya-el-consumo-digital-en-las-edades-de-3-a-11-anos\/","url":"https:\/\/www.mylasertabac.com\/es\/pantallas-ninos-y-desigualdades-como-se-juega-ya-el-consumo-digital-en-las-edades-de-3-a-11-anos\/","name":"Pantallas, ni\u00f1os y desigualdades: c\u00f3mo se juega ya el consumo digital en las edades de 3 a 11 a\u00f1os - My Laser Tabac","isPartOf":{"@id":"https:\/\/www.mylasertabac.com\/es\/#website"},"primaryImageOfPage":{"@id":"https:\/\/www.mylasertabac.com\/es\/pantallas-ninos-y-desigualdades-como-se-juega-ya-el-consumo-digital-en-las-edades-de-3-a-11-anos\/#primaryimage"},"image":{"@id":"https:\/\/www.mylasertabac.com\/es\/pantallas-ninos-y-desigualdades-como-se-juega-ya-el-consumo-digital-en-las-edades-de-3-a-11-anos\/#primaryimage"},"thumbnailUrl":"https:\/\/www.mylasertabac.com\/wp-content\/uploads\/2025\/10\/addiction-des-jeunes-au-tablette-et-jeu-video-.png","datePublished":"2025-10-28T08:22:07+00:00","dateModified":"2025-10-28T08:46:00+00:00","description":"Descubre c\u00f3mo afecta el tiempo frente a la pantalla a los ni\u00f1os y c\u00f3mo establecer un equilibrio digital saludable en la vida cotidiana.","breadcrumb":{"@id":"https:\/\/www.mylasertabac.com\/es\/pantallas-ninos-y-desigualdades-como-se-juega-ya-el-consumo-digital-en-las-edades-de-3-a-11-anos\/#breadcrumb"},"inLanguage":"es","potentialAction":[{"@type":"ReadAction","target":["https:\/\/www.mylasertabac.com\/es\/pantallas-ninos-y-desigualdades-como-se-juega-ya-el-consumo-digital-en-las-edades-de-3-a-11-anos\/"]}]},{"@type":"ImageObject","inLanguage":"es","@id":"https:\/\/www.mylasertabac.com\/es\/pantallas-ninos-y-desigualdades-como-se-juega-ya-el-consumo-digital-en-las-edades-de-3-a-11-anos\/#primaryimage","url":"https:\/\/www.mylasertabac.com\/wp-content\/uploads\/2025\/10\/addiction-des-jeunes-au-tablette-et-jeu-video-.png","contentUrl":"https:\/\/www.mylasertabac.com\/wp-content\/uploads\/2025\/10\/addiction-des-jeunes-au-tablette-et-jeu-video-.png","width":1536,"height":1024},{"@type":"BreadcrumbList","@id":"https:\/\/www.mylasertabac.com\/es\/pantallas-ninos-y-desigualdades-como-se-juega-ya-el-consumo-digital-en-las-edades-de-3-a-11-anos\/#breadcrumb","itemListElement":[{"@type":"ListItem","position":1,"name":"Accueil","item":"https:\/\/www.mylasertabac.com\/es\/inicio\/"},{"@type":"ListItem","position":2,"name":"Pantallas, ni\u00f1os y desigualdades: c\u00f3mo se juega ya el consumo digital en las edades de 3 a 11 a\u00f1os"}]},{"@type":"WebSite","@id":"https:\/\/www.mylasertabac.com\/es\/#website","url":"https:\/\/www.mylasertabac.com\/es\/","name":"My Laser Tabac","description":"La solution laser qui transforme les fumeurs en ex-fumeurs","publisher":{"@id":"https:\/\/www.mylasertabac.com\/es\/#organization"},"potentialAction":[{"@type":"SearchAction","target":{"@type":"EntryPoint","urlTemplate":"https:\/\/www.mylasertabac.com\/es\/?s={search_term_string}"},"query-input":{"@type":"PropertyValueSpecification","valueRequired":true,"valueName":"search_term_string"}}],"inLanguage":"es"},{"@type":"Organization","@id":"https:\/\/www.mylasertabac.com\/es\/#organization","name":"My Laser Tabac","url":"https:\/\/www.mylasertabac.com\/es\/","logo":{"@type":"ImageObject","inLanguage":"es","@id":"https:\/\/www.mylasertabac.com\/es\/#\/schema\/logo\/image\/","url":"https:\/\/www.mylasertabac.com\/wp-content\/uploads\/2024\/12\/mlt-verteau.svg","contentUrl":"https:\/\/www.mylasertabac.com\/wp-content\/uploads\/2024\/12\/mlt-verteau.svg","caption":"My Laser Tabac"},"image":{"@id":"https:\/\/www.mylasertabac.com\/es\/#\/schema\/logo\/image\/"}},{"@type":"Person","@id":"https:\/\/www.mylasertabac.com\/es\/#\/schema\/person\/02c249cb76d912efb6c315ec23eccdf3","name":"Florian Fortes","image":{"@type":"ImageObject","inLanguage":"es","@id":"https:\/\/www.mylasertabac.com\/wp-content\/litespeed\/avatar\/142101a71d7b9e6490c1120d9c109a67.jpg?ver=1776856306","url":"https:\/\/www.mylasertabac.com\/wp-content\/litespeed\/avatar\/142101a71d7b9e6490c1120d9c109a67.jpg?ver=1776856306","contentUrl":"https:\/\/www.mylasertabac.com\/wp-content\/litespeed\/avatar\/142101a71d7b9e6490c1120d9c109a67.jpg?ver=1776856306","caption":"Florian Fortes"},"sameAs":["https:\/\/www.mylasertabac.com","https:\/\/www.facebook.com\/profile.php?id=61571554707319"],"url":"https:\/\/www.mylasertabac.com\/es\/author\/florianfortes5312\/"}]}},"_links":{"self":[{"href":"https:\/\/www.mylasertabac.com\/es\/wp-json\/wp\/v2\/posts\/18915","targetHints":{"allow":["GET"]}}],"collection":[{"href":"https:\/\/www.mylasertabac.com\/es\/wp-json\/wp\/v2\/posts"}],"about":[{"href":"https:\/\/www.mylasertabac.com\/es\/wp-json\/wp\/v2\/types\/post"}],"author":[{"embeddable":true,"href":"https:\/\/www.mylasertabac.com\/es\/wp-json\/wp\/v2\/users\/2"}],"replies":[{"embeddable":true,"href":"https:\/\/www.mylasertabac.com\/es\/wp-json\/wp\/v2\/comments?post=18915"}],"version-history":[{"count":7,"href":"https:\/\/www.mylasertabac.com\/es\/wp-json\/wp\/v2\/posts\/18915\/revisions"}],"predecessor-version":[{"id":18944,"href":"https:\/\/www.mylasertabac.com\/es\/wp-json\/wp\/v2\/posts\/18915\/revisions\/18944"}],"wp:featuredmedia":[{"embeddable":true,"href":"https:\/\/www.mylasertabac.com\/es\/wp-json\/wp\/v2\/media\/18901"}],"wp:attachment":[{"href":"https:\/\/www.mylasertabac.com\/es\/wp-json\/wp\/v2\/media?parent=18915"}],"wp:term":[{"taxonomy":"category","embeddable":true,"href":"https:\/\/www.mylasertabac.com\/es\/wp-json\/wp\/v2\/categories?post=18915"},{"taxonomy":"post_tag","embeddable":true,"href":"https:\/\/www.mylasertabac.com\/es\/wp-json\/wp\/v2\/tags?post=18915"}],"curies":[{"name":"wp","href":"https:\/\/api.w.org\/{rel}","templated":true}]}}