{"id":19007,"date":"2025-10-28T15:06:16","date_gmt":"2025-10-28T14:06:16","guid":{"rendered":"https:\/\/www.mylasertabac.com\/venta-de-alcohol-a-menores-cuando-la-ley-traiciona-la-realidad\/"},"modified":"2025-10-28T17:40:03","modified_gmt":"2025-10-28T16:40:03","slug":"venta-de-alcohol-a-menores-cuando-la-ley-traiciona-la-realidad","status":"publish","type":"post","link":"https:\/\/www.mylasertabac.com\/es\/venta-de-alcohol-a-menores-cuando-la-ley-traiciona-la-realidad\/","title":{"rendered":"Venta de alcohol a menores: cuando la ley traiciona la realidad"},"content":{"rendered":"\n<div style=\"height:21px\" aria-hidden=\"true\" class=\"wp-block-spacer\"><\/div>\n\n<ol start=\"2025\" class=\"wp-block-list\">\n<li>Un instituto franc\u00e9s. Un jueves por la noche. Y una bebida sin control: \u00ab\u00bfMe pidieron el DNI? No. Me dijeron: &#8216;Es para el cumplea\u00f1os de mi hermano'\u00bb. Este extracto, tomado durante una operaci\u00f3n de control, refleja una observaci\u00f3n alarmante: la prohibici\u00f3n de la venta de alcohol a menores existe&#8230; pero con demasiada frecuencia se queda en papel mojado.  <\/li>\n<\/ol>\n\n<div style=\"height:21px\" aria-hidden=\"true\" class=\"wp-block-spacer\"><\/div>\n\n<h2 class=\"wp-block-heading\">Una prohibici\u00f3n clara, pero poca aplicaci\u00f3n<\/h2>\n\n<p>La norma es inequ\u00edvoca: est\u00e1 prohibida toda venta de bebidas alcoh\u00f3licas a menores de 18 a\u00f1os. <a href=\"https:\/\/sante.gouv.fr\/IMG\/pdf\/affiche_a4_debits_de_boissons_a_consommer_sur_place.pdf?utm_source=chatgpt.com\" target=\"_blank\" rel=\"noreferrer noopener\">Sant\u00e9 et Autonomie+2L\u00e9gifrance+2<\/a><br\/>Sin embargo, sobre el terreno, el cumplimiento de esta ley deja bastante que desear.<br\/>Las encuestas de revelaci\u00f3n realizadas entre las cadenas de supermercados muestran que la mayor\u00eda sigue vendiendo alcohol a menores sin exigir una prueba de edad. <a href=\"https:\/\/www.economiematin.fr\/alcool-mineurs-vente-interdiction-supermarche-sante?utm_source=chatgpt.com\" target=\"_blank\" rel=\"noreferrer noopener\">Economiematin+2blog.addictions-france.org+2<\/a><br\/>Esta situaci\u00f3n plantea interrogantes: \u00bfqui\u00e9n, en las tiendas o bares, es realmente responsable de comprobar la prueba de la edad? Muchos lo dejan pasar.<\/p>\n\n<div style=\"height:21px\" aria-hidden=\"true\" class=\"wp-block-spacer\"><\/div>\n\n<h2 class=\"wp-block-heading\">El papel de los cajeros y la presi\u00f3n del comercio minorista<\/h2>\n\n<p>Cuando un joven paga una botella de 8 euros, con una bolsa o una lata, surge la pregunta: \u00bfdebe el cajero comprobar sistem\u00e1ticamente?<br\/>La respuesta legal es s\u00ed.<br\/>Pero la realidad sobre el terreno es diferente. La presi\u00f3n del flujo, la apariencia del cliente, la rapidez de la compra&#8230; hay demasiados factores que incitan a la inacci\u00f3n.<br\/>El C\u00f3digo de Salud P\u00fablica franc\u00e9s impone una obligaci\u00f3n: \u00abLa persona que expida la bebida exigir\u00e1 al cliente que presente una prueba de su mayor\u00eda de edad\u00bb. <a href=\"https:\/\/www.legifrance.gouv.fr\/codes\/id\/LEGISCTA000006171207?utm_source=chatgpt.com\" target=\"_blank\" rel=\"noreferrer noopener\">L\u00e9gifrance<\/a><br\/>Y sin embargo: pocos controles, sanciones limitadas, menos vigilancia. <\/p>\n\n<div style=\"height:21px\" aria-hidden=\"true\" class=\"wp-block-spacer\"><\/div>\n\n<h2 class=\"wp-block-heading\">Cu\u00e1ndo la venta de alcohol a menores se convierte en un problema de salud p\u00fablica<\/h2>\n\n<p>Cuando los j\u00f3venes empiezan a beber a una edad temprana, los efectos son duraderos: dificultades de aprendizaje, alteraci\u00f3n de la maduraci\u00f3n cerebral y mayor riesgo de dependencia. <a href=\"https:\/\/addictions-france.org\/actualites\/des-geants-de-la-grande-distribution-aux-bars-de-quartiers-tous-hors-la-loi-pour-la-vente-dalcool-aux-mineurs-12204\/?utm_source=chatgpt.com\" target=\"_blank\" rel=\"noreferrer noopener\">Adicciones Francia+1<\/a><br\/>Un joven de 15 a\u00f1os que compra libremente una bebida \u00abrecreativa\u00bb ya est\u00e1 en camino de convertirse en un adulto potencialmente dependiente del alcohol.<br\/>Sin embargo, pocos establecimientos son sancionados a largo plazo. Las denuncias siguen siendo escasas, al igual que los procesamientos.<br\/>Esto nos lleva a la alarmante conclusi\u00f3n de que la aplicaci\u00f3n de la ley sigue siendo una variable de ajuste. Mientras tanto, los j\u00f3venes est\u00e1n pagando el precio.<\/p>\n\n<div style=\"height:21px\" aria-hidden=\"true\" class=\"wp-block-spacer\"><\/div>\n\n<h2 class=\"wp-block-heading\">Act\u00faa antes de que sea demasiado tarde<\/h2>\n\n<p>Si eres padre, profesor o empresario, este hecho no debe paralizarte, sino movilizarte.<br\/>He aqu\u00ed algunas ideas pr\u00e1cticas:<\/p>\n\n<ul class=\"wp-block-list\">\n<li>Introduce la verificaci\u00f3n sistem\u00e1tica de la edad en todos los comercios.<\/li>\n\n\n\n<li>Forma a los equipos para que detecten comportamientos de riesgo: compras tard\u00edas, bolsas visibles, compras en grupo.<\/li>\n\n\n\n<li>Habla con los j\u00f3venes. Expl\u00edcales que el alcohol no es s\u00f3lo una \u00abfiesta\u00bb, sino un producto que lo cambia todo: el cuerpo, el cerebro, la vida. <\/li>\n\n\n\n<li>Ofrece alternativas sin alcohol para que el placer permanezca, pero sin los riesgos.<\/li>\n<\/ul>\n\n<p>Los minoristas tambi\u00e9n tienen un papel que desempe\u00f1ar: recordar las normas, exponer claramente la prohibici\u00f3n, negarse a vender a un joven sin una prueba de edad. Es una responsabilidad colectiva. <\/p>\n\n<div style=\"height:21px\" aria-hidden=\"true\" class=\"wp-block-spacer\"><\/div>\n\n<h2 class=\"wp-block-heading\">Una responsabilidad compartida<\/h2>\n\n<p>La venta de alcohol a menores no es s\u00f3lo un fallo individual.<br\/>Es un fallo colectivo: distribuci\u00f3n, legislaci\u00f3n, supervisi\u00f3n, educaci\u00f3n.<br\/>Cada actor tiene un papel que desempe\u00f1ar: desde el cajero que tiene que pedir el carn\u00e9 de identidad, hasta el gerente que tiene que formar a su equipo, pasando por la comunidad que tiene que supervisar.<br\/>Y hasta el padre que tiene que hablar con su hijo sobre este acto que puede deslizarse hacia la adicci\u00f3n.<\/p>\n\n<div style=\"height:21px\" aria-hidden=\"true\" class=\"wp-block-spacer\"><\/div>\n\n<h2 class=\"wp-block-heading\">Conclusi\u00f3n<\/h2>\n\n<p>El comercio y la ley est\u00e1n ahora desequilibrados.<br\/>Vender alcohol a un menor ya no debe ser una infracci\u00f3n leve: es un riesgo importante para la salud p\u00fablica.<br\/>Actuar para que la ley no sea s\u00f3lo una se\u00f1al: es responsabilidad de todos.<br\/>Porque detr\u00e1s de cada bebida vendida demasiado pronto, una vida puede dar un vuelco.<\/p>\n\n<div style=\"height:35px\" aria-hidden=\"true\" class=\"wp-block-spacer\"><\/div>\n\n<figure class=\"wp-block-image size-large\"><img decoding=\"async\" src=\"https:\/\/www.mylasertabac.com\/wp-content\/uploads\/\/mlt-verteau.svg\" alt=\"\" class=\"wp-image-13\"\/><\/figure>\n","protected":false},"excerpt":{"rendered":"<p>Una prohibici\u00f3n clara, pero poca aplicaci\u00f3n La norma es inequ\u00edvoca: est\u00e1 prohibida toda venta de bebidas alcoh\u00f3licas a menores de 18 a\u00f1os. Sant\u00e9 et Autonomie+2L\u00e9gifrance+2Sin embargo, sobre el terreno, el cumplimiento de esta ley deja bastante que desear.Las encuestas de revelaci\u00f3n realizadas entre las cadenas de supermercados muestran que la mayor\u00eda sigue vendiendo alcohol a [&hellip;]<\/p>\n","protected":false},"author":2,"featured_media":19028,"comment_status":"closed","ping_status":"open","sticky":false,"template":"","format":"standard","meta":{"inline_featured_image":false,"footnotes":""},"categories":[76],"tags":[],"class_list":["post-19007","post","type-post","status-publish","format-standard","has-post-thumbnail","hentry","category-sin-categorizar"],"yoast_head":"<!-- This site is optimized with the Yoast SEO plugin v27.4 - https:\/\/yoast.com\/product\/yoast-seo-wordpress\/ -->\n<title>Venta de alcohol a menores: cuando la ley traiciona la realidad - My Laser Tabac<\/title>\n<meta name=\"description\" content=\"Averigua por qu\u00e9 la venta de alcohol a menores sigue siendo un gran peligro, a pesar de la ley, y c\u00f3mo tomar medidas eficaces.\" \/>\n<meta name=\"robots\" content=\"index, follow, max-snippet:-1, max-image-preview:large, max-video-preview:-1\" \/>\n<link rel=\"canonical\" href=\"https:\/\/www.mylasertabac.com\/es\/venta-de-alcohol-a-menores-cuando-la-ley-traiciona-la-realidad\/\" \/>\n<meta property=\"og:locale\" content=\"es_ES\" \/>\n<meta property=\"og:type\" content=\"article\" \/>\n<meta property=\"og:title\" content=\"Venta de alcohol a menores: cuando la ley traiciona la realidad - My Laser Tabac\" \/>\n<meta property=\"og:description\" content=\"Averigua por qu\u00e9 la venta de alcohol a menores sigue siendo un gran peligro, a pesar de la ley, y c\u00f3mo tomar medidas eficaces.\" \/>\n<meta property=\"og:url\" content=\"https:\/\/www.mylasertabac.com\/es\/venta-de-alcohol-a-menores-cuando-la-ley-traiciona-la-realidad\/\" \/>\n<meta property=\"og:site_name\" content=\"My Laser Tabac\" \/>\n<meta property=\"article:author\" content=\"https:\/\/www.facebook.com\/profile.php?id=61571554707319\" \/>\n<meta property=\"article:published_time\" content=\"2025-10-28T14:06:16+00:00\" \/>\n<meta property=\"article:modified_time\" content=\"2025-10-28T16:40:03+00:00\" \/>\n<meta property=\"og:image\" content=\"https:\/\/www.mylasertabac.com\/wp-content\/uploads\/2025\/10\/Vente-dalcool-au-mineur-qui-esy-le-responsable-1024x683.png\" \/>\n\t<meta property=\"og:image:width\" content=\"1024\" \/>\n\t<meta property=\"og:image:height\" content=\"683\" \/>\n\t<meta property=\"og:image:type\" content=\"image\/png\" \/>\n<meta name=\"author\" content=\"Florian Fortes\" \/>\n<meta name=\"twitter:card\" content=\"summary_large_image\" \/>\n<meta name=\"twitter:label1\" content=\"Escrito por\" \/>\n\t<meta name=\"twitter:data1\" content=\"Florian Fortes\" \/>\n\t<meta name=\"twitter:label2\" content=\"Tiempo de lectura\" \/>\n\t<meta name=\"twitter:data2\" content=\"3 minutos\" \/>\n<script type=\"application\/ld+json\" class=\"yoast-schema-graph\">{\"@context\":\"https:\\\/\\\/schema.org\",\"@graph\":[{\"@type\":\"Article\",\"@id\":\"https:\\\/\\\/www.mylasertabac.com\\\/es\\\/venta-de-alcohol-a-menores-cuando-la-ley-traiciona-la-realidad\\\/#article\",\"isPartOf\":{\"@id\":\"https:\\\/\\\/www.mylasertabac.com\\\/es\\\/venta-de-alcohol-a-menores-cuando-la-ley-traiciona-la-realidad\\\/\"},\"author\":{\"name\":\"Florian Fortes\",\"@id\":\"https:\\\/\\\/www.mylasertabac.com\\\/es\\\/#\\\/schema\\\/person\\\/02c249cb76d912efb6c315ec23eccdf3\"},\"headline\":\"Venta de alcohol a menores: cuando la ley traiciona la realidad\",\"datePublished\":\"2025-10-28T14:06:16+00:00\",\"dateModified\":\"2025-10-28T16:40:03+00:00\",\"mainEntityOfPage\":{\"@id\":\"https:\\\/\\\/www.mylasertabac.com\\\/es\\\/venta-de-alcohol-a-menores-cuando-la-ley-traiciona-la-realidad\\\/\"},\"wordCount\":697,\"publisher\":{\"@id\":\"https:\\\/\\\/www.mylasertabac.com\\\/es\\\/#organization\"},\"image\":{\"@id\":\"https:\\\/\\\/www.mylasertabac.com\\\/es\\\/venta-de-alcohol-a-menores-cuando-la-ley-traiciona-la-realidad\\\/#primaryimage\"},\"thumbnailUrl\":\"https:\\\/\\\/www.mylasertabac.com\\\/wp-content\\\/uploads\\\/2025\\\/10\\\/Vente-dalcool-au-mineur-qui-esy-le-responsable.png\",\"articleSection\":[\"Sin categorizar\"],\"inLanguage\":\"es\"},{\"@type\":\"WebPage\",\"@id\":\"https:\\\/\\\/www.mylasertabac.com\\\/es\\\/venta-de-alcohol-a-menores-cuando-la-ley-traiciona-la-realidad\\\/\",\"url\":\"https:\\\/\\\/www.mylasertabac.com\\\/es\\\/venta-de-alcohol-a-menores-cuando-la-ley-traiciona-la-realidad\\\/\",\"name\":\"Venta de alcohol a menores: cuando la ley traiciona la realidad - My Laser Tabac\",\"isPartOf\":{\"@id\":\"https:\\\/\\\/www.mylasertabac.com\\\/es\\\/#website\"},\"primaryImageOfPage\":{\"@id\":\"https:\\\/\\\/www.mylasertabac.com\\\/es\\\/venta-de-alcohol-a-menores-cuando-la-ley-traiciona-la-realidad\\\/#primaryimage\"},\"image\":{\"@id\":\"https:\\\/\\\/www.mylasertabac.com\\\/es\\\/venta-de-alcohol-a-menores-cuando-la-ley-traiciona-la-realidad\\\/#primaryimage\"},\"thumbnailUrl\":\"https:\\\/\\\/www.mylasertabac.com\\\/wp-content\\\/uploads\\\/2025\\\/10\\\/Vente-dalcool-au-mineur-qui-esy-le-responsable.png\",\"datePublished\":\"2025-10-28T14:06:16+00:00\",\"dateModified\":\"2025-10-28T16:40:03+00:00\",\"description\":\"Averigua por qu\u00e9 la venta de alcohol a menores sigue siendo un gran peligro, a pesar de la ley, y c\u00f3mo tomar medidas eficaces.\",\"breadcrumb\":{\"@id\":\"https:\\\/\\\/www.mylasertabac.com\\\/es\\\/venta-de-alcohol-a-menores-cuando-la-ley-traiciona-la-realidad\\\/#breadcrumb\"},\"inLanguage\":\"es\",\"potentialAction\":[{\"@type\":\"ReadAction\",\"target\":[\"https:\\\/\\\/www.mylasertabac.com\\\/es\\\/venta-de-alcohol-a-menores-cuando-la-ley-traiciona-la-realidad\\\/\"]}]},{\"@type\":\"ImageObject\",\"inLanguage\":\"es\",\"@id\":\"https:\\\/\\\/www.mylasertabac.com\\\/es\\\/venta-de-alcohol-a-menores-cuando-la-ley-traiciona-la-realidad\\\/#primaryimage\",\"url\":\"https:\\\/\\\/www.mylasertabac.com\\\/wp-content\\\/uploads\\\/2025\\\/10\\\/Vente-dalcool-au-mineur-qui-esy-le-responsable.png\",\"contentUrl\":\"https:\\\/\\\/www.mylasertabac.com\\\/wp-content\\\/uploads\\\/2025\\\/10\\\/Vente-dalcool-au-mineur-qui-esy-le-responsable.png\",\"width\":1536,\"height\":1024},{\"@type\":\"BreadcrumbList\",\"@id\":\"https:\\\/\\\/www.mylasertabac.com\\\/es\\\/venta-de-alcohol-a-menores-cuando-la-ley-traiciona-la-realidad\\\/#breadcrumb\",\"itemListElement\":[{\"@type\":\"ListItem\",\"position\":1,\"name\":\"Accueil\",\"item\":\"https:\\\/\\\/www.mylasertabac.com\\\/es\\\/inicio\\\/\"},{\"@type\":\"ListItem\",\"position\":2,\"name\":\"Venta de alcohol a menores: cuando la ley traiciona la realidad\"}]},{\"@type\":\"WebSite\",\"@id\":\"https:\\\/\\\/www.mylasertabac.com\\\/es\\\/#website\",\"url\":\"https:\\\/\\\/www.mylasertabac.com\\\/es\\\/\",\"name\":\"My Laser Tabac\",\"description\":\"La solution laser qui transforme les fumeurs en ex-fumeurs\",\"publisher\":{\"@id\":\"https:\\\/\\\/www.mylasertabac.com\\\/es\\\/#organization\"},\"potentialAction\":[{\"@type\":\"SearchAction\",\"target\":{\"@type\":\"EntryPoint\",\"urlTemplate\":\"https:\\\/\\\/www.mylasertabac.com\\\/es\\\/?s={search_term_string}\"},\"query-input\":{\"@type\":\"PropertyValueSpecification\",\"valueRequired\":true,\"valueName\":\"search_term_string\"}}],\"inLanguage\":\"es\"},{\"@type\":\"Organization\",\"@id\":\"https:\\\/\\\/www.mylasertabac.com\\\/es\\\/#organization\",\"name\":\"My Laser Tabac\",\"url\":\"https:\\\/\\\/www.mylasertabac.com\\\/es\\\/\",\"logo\":{\"@type\":\"ImageObject\",\"inLanguage\":\"es\",\"@id\":\"https:\\\/\\\/www.mylasertabac.com\\\/es\\\/#\\\/schema\\\/logo\\\/image\\\/\",\"url\":\"https:\\\/\\\/www.mylasertabac.com\\\/wp-content\\\/uploads\\\/2024\\\/12\\\/mlt-verteau.svg\",\"contentUrl\":\"https:\\\/\\\/www.mylasertabac.com\\\/wp-content\\\/uploads\\\/2024\\\/12\\\/mlt-verteau.svg\",\"caption\":\"My Laser Tabac\"},\"image\":{\"@id\":\"https:\\\/\\\/www.mylasertabac.com\\\/es\\\/#\\\/schema\\\/logo\\\/image\\\/\"}},{\"@type\":\"Person\",\"@id\":\"https:\\\/\\\/www.mylasertabac.com\\\/es\\\/#\\\/schema\\\/person\\\/02c249cb76d912efb6c315ec23eccdf3\",\"name\":\"Florian Fortes\",\"image\":{\"@type\":\"ImageObject\",\"inLanguage\":\"es\",\"@id\":\"https:\\\/\\\/www.mylasertabac.com\\\/wp-content\\\/litespeed\\\/avatar\\\/142101a71d7b9e6490c1120d9c109a67.jpg?ver=1776856306\",\"url\":\"https:\\\/\\\/www.mylasertabac.com\\\/wp-content\\\/litespeed\\\/avatar\\\/142101a71d7b9e6490c1120d9c109a67.jpg?ver=1776856306\",\"contentUrl\":\"https:\\\/\\\/www.mylasertabac.com\\\/wp-content\\\/litespeed\\\/avatar\\\/142101a71d7b9e6490c1120d9c109a67.jpg?ver=1776856306\",\"caption\":\"Florian Fortes\"},\"sameAs\":[\"https:\\\/\\\/www.mylasertabac.com\",\"https:\\\/\\\/www.facebook.com\\\/profile.php?id=61571554707319\"],\"url\":\"https:\\\/\\\/www.mylasertabac.com\\\/es\\\/author\\\/florianfortes5312\\\/\"}]}<\/script>\n<!-- \/ Yoast SEO plugin. -->","yoast_head_json":{"title":"Venta de alcohol a menores: cuando la ley traiciona la realidad - My Laser Tabac","description":"Averigua por qu\u00e9 la venta de alcohol a menores sigue siendo un gran peligro, a pesar de la ley, y c\u00f3mo tomar medidas eficaces.","robots":{"index":"index","follow":"follow","max-snippet":"max-snippet:-1","max-image-preview":"max-image-preview:large","max-video-preview":"max-video-preview:-1"},"canonical":"https:\/\/www.mylasertabac.com\/es\/venta-de-alcohol-a-menores-cuando-la-ley-traiciona-la-realidad\/","og_locale":"es_ES","og_type":"article","og_title":"Venta de alcohol a menores: cuando la ley traiciona la realidad - My Laser Tabac","og_description":"Averigua por qu\u00e9 la venta de alcohol a menores sigue siendo un gran peligro, a pesar de la ley, y c\u00f3mo tomar medidas eficaces.","og_url":"https:\/\/www.mylasertabac.com\/es\/venta-de-alcohol-a-menores-cuando-la-ley-traiciona-la-realidad\/","og_site_name":"My Laser Tabac","article_author":"https:\/\/www.facebook.com\/profile.php?id=61571554707319","article_published_time":"2025-10-28T14:06:16+00:00","article_modified_time":"2025-10-28T16:40:03+00:00","og_image":[{"width":1024,"height":683,"url":"https:\/\/www.mylasertabac.com\/wp-content\/uploads\/2025\/10\/Vente-dalcool-au-mineur-qui-esy-le-responsable-1024x683.png","type":"image\/png"}],"author":"Florian Fortes","twitter_card":"summary_large_image","twitter_misc":{"Escrito por":"Florian Fortes","Tiempo de lectura":"3 minutos"},"schema":{"@context":"https:\/\/schema.org","@graph":[{"@type":"Article","@id":"https:\/\/www.mylasertabac.com\/es\/venta-de-alcohol-a-menores-cuando-la-ley-traiciona-la-realidad\/#article","isPartOf":{"@id":"https:\/\/www.mylasertabac.com\/es\/venta-de-alcohol-a-menores-cuando-la-ley-traiciona-la-realidad\/"},"author":{"name":"Florian Fortes","@id":"https:\/\/www.mylasertabac.com\/es\/#\/schema\/person\/02c249cb76d912efb6c315ec23eccdf3"},"headline":"Venta de alcohol a menores: cuando la ley traiciona la realidad","datePublished":"2025-10-28T14:06:16+00:00","dateModified":"2025-10-28T16:40:03+00:00","mainEntityOfPage":{"@id":"https:\/\/www.mylasertabac.com\/es\/venta-de-alcohol-a-menores-cuando-la-ley-traiciona-la-realidad\/"},"wordCount":697,"publisher":{"@id":"https:\/\/www.mylasertabac.com\/es\/#organization"},"image":{"@id":"https:\/\/www.mylasertabac.com\/es\/venta-de-alcohol-a-menores-cuando-la-ley-traiciona-la-realidad\/#primaryimage"},"thumbnailUrl":"https:\/\/www.mylasertabac.com\/wp-content\/uploads\/2025\/10\/Vente-dalcool-au-mineur-qui-esy-le-responsable.png","articleSection":["Sin categorizar"],"inLanguage":"es"},{"@type":"WebPage","@id":"https:\/\/www.mylasertabac.com\/es\/venta-de-alcohol-a-menores-cuando-la-ley-traiciona-la-realidad\/","url":"https:\/\/www.mylasertabac.com\/es\/venta-de-alcohol-a-menores-cuando-la-ley-traiciona-la-realidad\/","name":"Venta de alcohol a menores: cuando la ley traiciona la realidad - My Laser Tabac","isPartOf":{"@id":"https:\/\/www.mylasertabac.com\/es\/#website"},"primaryImageOfPage":{"@id":"https:\/\/www.mylasertabac.com\/es\/venta-de-alcohol-a-menores-cuando-la-ley-traiciona-la-realidad\/#primaryimage"},"image":{"@id":"https:\/\/www.mylasertabac.com\/es\/venta-de-alcohol-a-menores-cuando-la-ley-traiciona-la-realidad\/#primaryimage"},"thumbnailUrl":"https:\/\/www.mylasertabac.com\/wp-content\/uploads\/2025\/10\/Vente-dalcool-au-mineur-qui-esy-le-responsable.png","datePublished":"2025-10-28T14:06:16+00:00","dateModified":"2025-10-28T16:40:03+00:00","description":"Averigua por qu\u00e9 la venta de alcohol a menores sigue siendo un gran peligro, a pesar de la ley, y c\u00f3mo tomar medidas eficaces.","breadcrumb":{"@id":"https:\/\/www.mylasertabac.com\/es\/venta-de-alcohol-a-menores-cuando-la-ley-traiciona-la-realidad\/#breadcrumb"},"inLanguage":"es","potentialAction":[{"@type":"ReadAction","target":["https:\/\/www.mylasertabac.com\/es\/venta-de-alcohol-a-menores-cuando-la-ley-traiciona-la-realidad\/"]}]},{"@type":"ImageObject","inLanguage":"es","@id":"https:\/\/www.mylasertabac.com\/es\/venta-de-alcohol-a-menores-cuando-la-ley-traiciona-la-realidad\/#primaryimage","url":"https:\/\/www.mylasertabac.com\/wp-content\/uploads\/2025\/10\/Vente-dalcool-au-mineur-qui-esy-le-responsable.png","contentUrl":"https:\/\/www.mylasertabac.com\/wp-content\/uploads\/2025\/10\/Vente-dalcool-au-mineur-qui-esy-le-responsable.png","width":1536,"height":1024},{"@type":"BreadcrumbList","@id":"https:\/\/www.mylasertabac.com\/es\/venta-de-alcohol-a-menores-cuando-la-ley-traiciona-la-realidad\/#breadcrumb","itemListElement":[{"@type":"ListItem","position":1,"name":"Accueil","item":"https:\/\/www.mylasertabac.com\/es\/inicio\/"},{"@type":"ListItem","position":2,"name":"Venta de alcohol a menores: cuando la ley traiciona la realidad"}]},{"@type":"WebSite","@id":"https:\/\/www.mylasertabac.com\/es\/#website","url":"https:\/\/www.mylasertabac.com\/es\/","name":"My Laser Tabac","description":"La solution laser qui transforme les fumeurs en ex-fumeurs","publisher":{"@id":"https:\/\/www.mylasertabac.com\/es\/#organization"},"potentialAction":[{"@type":"SearchAction","target":{"@type":"EntryPoint","urlTemplate":"https:\/\/www.mylasertabac.com\/es\/?s={search_term_string}"},"query-input":{"@type":"PropertyValueSpecification","valueRequired":true,"valueName":"search_term_string"}}],"inLanguage":"es"},{"@type":"Organization","@id":"https:\/\/www.mylasertabac.com\/es\/#organization","name":"My Laser Tabac","url":"https:\/\/www.mylasertabac.com\/es\/","logo":{"@type":"ImageObject","inLanguage":"es","@id":"https:\/\/www.mylasertabac.com\/es\/#\/schema\/logo\/image\/","url":"https:\/\/www.mylasertabac.com\/wp-content\/uploads\/2024\/12\/mlt-verteau.svg","contentUrl":"https:\/\/www.mylasertabac.com\/wp-content\/uploads\/2024\/12\/mlt-verteau.svg","caption":"My Laser Tabac"},"image":{"@id":"https:\/\/www.mylasertabac.com\/es\/#\/schema\/logo\/image\/"}},{"@type":"Person","@id":"https:\/\/www.mylasertabac.com\/es\/#\/schema\/person\/02c249cb76d912efb6c315ec23eccdf3","name":"Florian Fortes","image":{"@type":"ImageObject","inLanguage":"es","@id":"https:\/\/www.mylasertabac.com\/wp-content\/litespeed\/avatar\/142101a71d7b9e6490c1120d9c109a67.jpg?ver=1776856306","url":"https:\/\/www.mylasertabac.com\/wp-content\/litespeed\/avatar\/142101a71d7b9e6490c1120d9c109a67.jpg?ver=1776856306","contentUrl":"https:\/\/www.mylasertabac.com\/wp-content\/litespeed\/avatar\/142101a71d7b9e6490c1120d9c109a67.jpg?ver=1776856306","caption":"Florian Fortes"},"sameAs":["https:\/\/www.mylasertabac.com","https:\/\/www.facebook.com\/profile.php?id=61571554707319"],"url":"https:\/\/www.mylasertabac.com\/es\/author\/florianfortes5312\/"}]}},"_links":{"self":[{"href":"https:\/\/www.mylasertabac.com\/es\/wp-json\/wp\/v2\/posts\/19007","targetHints":{"allow":["GET"]}}],"collection":[{"href":"https:\/\/www.mylasertabac.com\/es\/wp-json\/wp\/v2\/posts"}],"about":[{"href":"https:\/\/www.mylasertabac.com\/es\/wp-json\/wp\/v2\/types\/post"}],"author":[{"embeddable":true,"href":"https:\/\/www.mylasertabac.com\/es\/wp-json\/wp\/v2\/users\/2"}],"replies":[{"embeddable":true,"href":"https:\/\/www.mylasertabac.com\/es\/wp-json\/wp\/v2\/comments?post=19007"}],"version-history":[{"count":3,"href":"https:\/\/www.mylasertabac.com\/es\/wp-json\/wp\/v2\/posts\/19007\/revisions"}],"predecessor-version":[{"id":19032,"href":"https:\/\/www.mylasertabac.com\/es\/wp-json\/wp\/v2\/posts\/19007\/revisions\/19032"}],"wp:featuredmedia":[{"embeddable":true,"href":"https:\/\/www.mylasertabac.com\/es\/wp-json\/wp\/v2\/media\/19028"}],"wp:attachment":[{"href":"https:\/\/www.mylasertabac.com\/es\/wp-json\/wp\/v2\/media?parent=19007"}],"wp:term":[{"taxonomy":"category","embeddable":true,"href":"https:\/\/www.mylasertabac.com\/es\/wp-json\/wp\/v2\/categories?post=19007"},{"taxonomy":"post_tag","embeddable":true,"href":"https:\/\/www.mylasertabac.com\/es\/wp-json\/wp\/v2\/tags?post=19007"}],"curies":[{"name":"wp","href":"https:\/\/api.w.org\/{rel}","templated":true}]}}