{"id":19055,"date":"2025-10-29T09:37:20","date_gmt":"2025-10-29T08:37:20","guid":{"rendered":"https:\/\/www.mylasertabac.com\/impuestos-sobre-los-e-liquidos-y-cierre-de-tiendas-especializadas-un-punto-de-inflexion-para-el-vapeo\/"},"modified":"2025-10-29T17:55:48","modified_gmt":"2025-10-29T16:55:48","slug":"impuestos-sobre-los-e-liquidos-y-cierre-de-tiendas-especializadas-un-punto-de-inflexion-para-el-vapeo","status":"publish","type":"post","link":"https:\/\/www.mylasertabac.com\/es\/impuestos-sobre-los-e-liquidos-y-cierre-de-tiendas-especializadas-un-punto-de-inflexion-para-el-vapeo\/","title":{"rendered":"Impuestos sobre los e-l\u00edquidos y cierre de tiendas especializadas: un punto de inflexi\u00f3n para el vapeo"},"content":{"rendered":"\n<p>El proyecto de Ley de Finanzas de 2026 pretende revolucionar el mundo del vapeo en Francia: impuestos sobre los e-l\u00edquidos, prohibici\u00f3n de la venta online y autorizaci\u00f3n obligatoria para las tiendas. Una serie de medidas que amenazan a todo un sector de la reducci\u00f3n de da\u00f1os. <\/p>\n\n<div style=\"height:25px\" aria-hidden=\"true\" class=\"wp-block-spacer\"><\/div>\n\n<figure class=\"wp-block-image alignleft size-large is-resized\"><a href=\"https:\/\/www.mylasertabac.com\/es\/nuestros-centros\/\"><img fetchpriority=\"high\" decoding=\"async\" width=\"1024\" height=\"668\" src=\"https:\/\/www.mylasertabac.com\/wp-content\/uploads\/2025\/08\/tu-veux-arreter-de-fumer-Clique-ici--1024x668.jpg\" alt=\"\" class=\"wp-image-13752\" style=\"width:429px;height:auto\" srcset=\"https:\/\/www.mylasertabac.com\/wp-content\/uploads\/2025\/08\/tu-veux-arreter-de-fumer-Clique-ici--1024x668.jpg 1024w, https:\/\/www.mylasertabac.com\/wp-content\/uploads\/2025\/08\/tu-veux-arreter-de-fumer-Clique-ici--300x196.jpg 300w, https:\/\/www.mylasertabac.com\/wp-content\/uploads\/2025\/08\/tu-veux-arreter-de-fumer-Clique-ici--768x501.jpg 768w, https:\/\/www.mylasertabac.com\/wp-content\/uploads\/2025\/08\/tu-veux-arreter-de-fumer-Clique-ici-.jpg 1206w\" sizes=\"(max-width: 1024px) 100vw, 1024px\" \/><\/a><\/figure>\n\n<h2 class=\"wp-block-heading\">Un nuevo impuesto para los e-l\u00edquidos<\/h2>\n\n<p>A partir de 2026, cada mililitro de e-l\u00edquido podr\u00eda gravarse con <strong>0,03 \u20ac\/mL<\/strong> para los l\u00edquidos que contengan hasta 15 mg\/mL de nicotina, y <strong>0,05 \u20ac\/mL por<\/strong> encima de esa cantidad. <br\/>En otras palabras, el precio de una botella de 50 ml aumentar\u00e1 de 1,50 a 2,50 euros, reduciendo gradualmente la diferencia de coste entre el vapeo y los cigarrillos tradicionales. <br\/>Las autoridades justifican esta imposici\u00f3n en nombre de la <strong>salud p\u00fablica<\/strong> y la armonizaci\u00f3n fiscal. Pero los profesionales del vapeo lo consideran un obst\u00e1culo para el acceso de los fumadores a una alternativa menos nociva.   <\/p>\n\n<div style=\"height:25px\" aria-hidden=\"true\" class=\"wp-block-spacer\"><\/div>\n\n<h2 class=\"wp-block-heading\">Prohibici\u00f3n de la venta online y homologaci\u00f3n obligatoria<\/h2>\n\n<p>Al mismo tiempo, el art\u00edculo L. 3513-18-4 del C\u00f3digo de Salud P\u00fablica franc\u00e9s, tal como est\u00e1 propuesto, proh\u00edbe la venta a distancia de e-l\u00edquidos a particulares. <br\/>La consecuencia directa de esto es que las tiendas online quedar\u00e1n completamente excluidas del mercado, y s\u00f3lo seguir\u00e1 siendo posible la venta f\u00edsica, aunque dentro de un marco extremadamente restringido.<br\/>Adem\u00e1s, el art\u00edculo L. 3513-18-2 estipula que s\u00f3lo los establecimientos o estancos autorizados podr\u00e1n vender estos productos, previa comprobaci\u00f3n de la formaci\u00f3n, los recursos materiales y la recaudaci\u00f3n de impuestos especiales.  <\/p>\n\n<div style=\"height:25px\" aria-hidden=\"true\" class=\"wp-block-spacer\"><\/div>\n\n<h2 class=\"wp-block-heading\">\u00bfQu\u00e9 impacto tendr\u00e1 esto en las tiendas especializadas?<\/h2>\n\n<p>Para las tiendas de vapeo, ya sean independientes o formen parte de una red, el golpe es duro.<\/p>\n\n<ul class=\"wp-block-list\">\n<li>Muchos dependen en gran medida de las ventas online: es una gran p\u00e9rdida.<\/li>\n\n\n\n<li>La aprobaci\u00f3n conlleva costes: software espec\u00edfico, seguimiento administrativo, formaci\u00f3n, etc.<\/li>\n\n\n\n<li>El riesgo de cierre o conversi\u00f3n es real.  <\/li>\n<\/ul>\n\n<div style=\"height:25px\" aria-hidden=\"true\" class=\"wp-block-spacer\"><\/div>\n\n<h2 class=\"wp-block-heading\">\u00bfUn beneficio indirecto para los estanqueros?<\/h2>\n\n<p>Con esta reforma, los estancos podr\u00edan convertirse en <strong>los \u00fanicos vendedores f\u00edsicos mayoritarios de<\/strong> e-l\u00edquidos.<br\/>En algunas zonas rurales o poco pobladas, esto equivale a una exclusividad virtual.<br\/>Pero los estancos no siempre tienen las habilidades o la orientaci\u00f3n que ofrece un profesional del vaping. El riesgo: una disminuci\u00f3n de la oferta especializada, una reducci\u00f3n del apoyo t\u00e9cnico y, para algunos ex fumadores, una vuelta a los cigarrillos tradicionales. <\/p>\n\n<div style=\"height:25px\" aria-hidden=\"true\" class=\"wp-block-spacer\"><\/div>\n\n<h2 class=\"wp-block-heading\">\u00bfUna estafa del gobierno a los vapers?<\/h2>\n\n<p>Esta es la opini\u00f3n que comparten muchos actores del sector.<br\/>La buena voluntad mostrada en t\u00e9rminos de reducci\u00f3n de riesgos se enfrenta a una fiscalidad elevada y a una distribuci\u00f3n restringida, que pueden empujar a los consumidores hacia los canales paralelos o el tabaco.<br\/>En este contexto, podemos hablar leg\u00edtimamente de un <strong>cambio en las reglas del juego<\/strong>, que poco beneficia a los vapers.<\/p>\n\n<div style=\"height:25px\" aria-hidden=\"true\" class=\"wp-block-spacer\"><\/div>\n\n<h2 class=\"wp-block-heading\">\u00bfY para los fumadores que realmente quieren dejarlo?<\/h2>\n\n<p>Durante mucho tiempo, el vapeo se consider\u00f3 una forma de dejar de fumar. Con estas medidas, este papel se ha visto menoscabado.<br\/>Pero existe otra v\u00eda complementaria: la reflexolog\u00eda auricular con l\u00e1ser. <g id=\"gid_0\"><g id=\"gid_1\">reflexolog\u00eda auricular l\u00e1ser<\/g><\/g>.<br\/>Ah\u00ed es donde entra <g id=\"gid_2\">MyLaserTabac<\/g>.<br\/>Este m\u00e9todo suave act\u00faa directamente sobre los mecanismos de adicci\u00f3n, mediante estimulaciones l\u00e1ser aplicadas en la oreja. Ayuda a aliviar el deseo de fumar, reduce el estr\u00e9s asociado al abandono y favorece una verdadera <strong>ruptura<\/strong> con el tabaco.<br\/>Para quienes ven en el vapeo o los sustitutos una alternativa imperfecta -o temen volver a fumar-, esta soluci\u00f3n representa una <strong>oportunidad real de romper de forma duradera con el<\/strong> tabaco.  <\/p>\n\n<div style=\"height:25px\" aria-hidden=\"true\" class=\"wp-block-spacer\"><\/div>\n\n<h2 class=\"wp-block-heading\">Conclusi\u00f3n<\/h2>\n\n<p>La reforma anunciada para 2026 est\u00e1 remodelando profundamente el panorama del vapeo en Francia. Fuerte fiscalidad, prohibici\u00f3n de la venta online, restricciones a la distribuci\u00f3n: las consecuencias son muchas y a menudo desfavorables para los usuarios.<br\/>Si utilizas el vapeo como parte de una estrategia de deshabituaci\u00f3n, no pierdas de vista que existen otros m\u00e9todos.<br\/>Y si quieres ir m\u00e1s all\u00e1, elegir un enfoque supervisado, adaptado a tus necesidades y orientado hacia la libertad, el m\u00e9todo l\u00e1ser antitabaco MyLaserTabac est\u00e1 ah\u00ed para ayudarte. <\/p>\n\n<div style=\"height:25px\" aria-hidden=\"true\" class=\"wp-block-spacer\"><\/div>\n\n<figure class=\"wp-block-image size-large\"><img decoding=\"async\" src=\"https:\/\/www.mylasertabac.com\/wp-content\/uploads\/\/mlt-verteau.svg\" alt=\"\" class=\"wp-image-13\"\/><\/figure>\n","protected":false},"excerpt":{"rendered":"<p>El proyecto de Ley de Finanzas de 2026 pretende revolucionar el mundo del vapeo en Francia: impuestos sobre los e-l\u00edquidos, prohibici\u00f3n de la venta online y autorizaci\u00f3n obligatoria para las tiendas. Una serie de medidas que amenazan a todo un sector de la reducci\u00f3n de da\u00f1os. Un nuevo impuesto para los e-l\u00edquidos A partir de [&hellip;]<\/p>\n","protected":false},"author":2,"featured_media":19069,"comment_status":"closed","ping_status":"open","sticky":false,"template":"","format":"standard","meta":{"inline_featured_image":false,"footnotes":""},"categories":[678],"tags":[],"class_list":["post-19055","post","type-post","status-publish","format-standard","has-post-thumbnail","hentry","category-noticias"],"yoast_head":"<!-- This site is optimized with the Yoast SEO plugin v27.4 - https:\/\/yoast.com\/product\/yoast-seo-wordpress\/ -->\n<title>Impuestos sobre los e-l\u00edquidos y cierre de tiendas especializadas: un punto de inflexi\u00f3n para el vapeo - My Laser Tabac<\/title>\n<meta name=\"description\" content=\"Descubre c\u00f3mo el nuevo impuesto sobre el vapeo y el art\u00edculo 26 est\u00e1n sacudiendo las ventas de e-l\u00edquidos en Francia.\" \/>\n<meta name=\"robots\" content=\"index, follow, max-snippet:-1, max-image-preview:large, max-video-preview:-1\" \/>\n<link rel=\"canonical\" href=\"https:\/\/www.mylasertabac.com\/es\/impuestos-sobre-los-e-liquidos-y-cierre-de-tiendas-especializadas-un-punto-de-inflexion-para-el-vapeo\/\" \/>\n<meta property=\"og:locale\" content=\"es_ES\" \/>\n<meta property=\"og:type\" content=\"article\" \/>\n<meta property=\"og:title\" content=\"Impuestos sobre los e-l\u00edquidos y cierre de tiendas especializadas: un punto de inflexi\u00f3n para el vapeo - My Laser Tabac\" \/>\n<meta property=\"og:description\" content=\"Descubre c\u00f3mo el nuevo impuesto sobre el vapeo y el art\u00edculo 26 est\u00e1n sacudiendo las ventas de e-l\u00edquidos en Francia.\" \/>\n<meta property=\"og:url\" content=\"https:\/\/www.mylasertabac.com\/es\/impuestos-sobre-los-e-liquidos-y-cierre-de-tiendas-especializadas-un-punto-de-inflexion-para-el-vapeo\/\" \/>\n<meta property=\"og:site_name\" content=\"My Laser Tabac\" \/>\n<meta property=\"article:author\" content=\"https:\/\/www.facebook.com\/profile.php?id=61571554707319\" \/>\n<meta property=\"article:published_time\" content=\"2025-10-29T08:37:20+00:00\" \/>\n<meta property=\"article:modified_time\" content=\"2025-10-29T16:55:48+00:00\" \/>\n<meta property=\"og:image\" content=\"https:\/\/www.mylasertabac.com\/wp-content\/uploads\/2025\/10\/la-nouvelle-taxe-sur-les-e-liquide-et-linterdiction-de-vendre-hors-tabac-1024x683.png\" \/>\n\t<meta property=\"og:image:width\" content=\"1024\" \/>\n\t<meta property=\"og:image:height\" content=\"683\" \/>\n\t<meta property=\"og:image:type\" content=\"image\/png\" \/>\n<meta name=\"author\" content=\"Florian Fortes\" \/>\n<meta name=\"twitter:card\" content=\"summary_large_image\" \/>\n<meta name=\"twitter:label1\" content=\"Escrito por\" \/>\n\t<meta name=\"twitter:data1\" content=\"Florian Fortes\" \/>\n\t<meta name=\"twitter:label2\" content=\"Tiempo de lectura\" \/>\n\t<meta name=\"twitter:data2\" content=\"4 minutos\" \/>\n<script type=\"application\/ld+json\" class=\"yoast-schema-graph\">{\"@context\":\"https:\\\/\\\/schema.org\",\"@graph\":[{\"@type\":\"Article\",\"@id\":\"https:\\\/\\\/www.mylasertabac.com\\\/es\\\/impuestos-sobre-los-e-liquidos-y-cierre-de-tiendas-especializadas-un-punto-de-inflexion-para-el-vapeo\\\/#article\",\"isPartOf\":{\"@id\":\"https:\\\/\\\/www.mylasertabac.com\\\/es\\\/impuestos-sobre-los-e-liquidos-y-cierre-de-tiendas-especializadas-un-punto-de-inflexion-para-el-vapeo\\\/\"},\"author\":{\"name\":\"Florian Fortes\",\"@id\":\"https:\\\/\\\/www.mylasertabac.com\\\/es\\\/#\\\/schema\\\/person\\\/02c249cb76d912efb6c315ec23eccdf3\"},\"headline\":\"Impuestos sobre los e-l\u00edquidos y cierre de tiendas especializadas: un punto de inflexi\u00f3n para el vapeo\",\"datePublished\":\"2025-10-29T08:37:20+00:00\",\"dateModified\":\"2025-10-29T16:55:48+00:00\",\"mainEntityOfPage\":{\"@id\":\"https:\\\/\\\/www.mylasertabac.com\\\/es\\\/impuestos-sobre-los-e-liquidos-y-cierre-de-tiendas-especializadas-un-punto-de-inflexion-para-el-vapeo\\\/\"},\"wordCount\":726,\"publisher\":{\"@id\":\"https:\\\/\\\/www.mylasertabac.com\\\/es\\\/#organization\"},\"image\":{\"@id\":\"https:\\\/\\\/www.mylasertabac.com\\\/es\\\/impuestos-sobre-los-e-liquidos-y-cierre-de-tiendas-especializadas-un-punto-de-inflexion-para-el-vapeo\\\/#primaryimage\"},\"thumbnailUrl\":\"https:\\\/\\\/www.mylasertabac.com\\\/wp-content\\\/uploads\\\/2025\\\/10\\\/la-nouvelle-taxe-sur-les-e-liquide-et-linterdiction-de-vendre-hors-tabac.png\",\"articleSection\":[\"noticias\"],\"inLanguage\":\"es\"},{\"@type\":\"WebPage\",\"@id\":\"https:\\\/\\\/www.mylasertabac.com\\\/es\\\/impuestos-sobre-los-e-liquidos-y-cierre-de-tiendas-especializadas-un-punto-de-inflexion-para-el-vapeo\\\/\",\"url\":\"https:\\\/\\\/www.mylasertabac.com\\\/es\\\/impuestos-sobre-los-e-liquidos-y-cierre-de-tiendas-especializadas-un-punto-de-inflexion-para-el-vapeo\\\/\",\"name\":\"Impuestos sobre los e-l\u00edquidos y cierre de tiendas especializadas: un punto de inflexi\u00f3n para el vapeo - My Laser Tabac\",\"isPartOf\":{\"@id\":\"https:\\\/\\\/www.mylasertabac.com\\\/es\\\/#website\"},\"primaryImageOfPage\":{\"@id\":\"https:\\\/\\\/www.mylasertabac.com\\\/es\\\/impuestos-sobre-los-e-liquidos-y-cierre-de-tiendas-especializadas-un-punto-de-inflexion-para-el-vapeo\\\/#primaryimage\"},\"image\":{\"@id\":\"https:\\\/\\\/www.mylasertabac.com\\\/es\\\/impuestos-sobre-los-e-liquidos-y-cierre-de-tiendas-especializadas-un-punto-de-inflexion-para-el-vapeo\\\/#primaryimage\"},\"thumbnailUrl\":\"https:\\\/\\\/www.mylasertabac.com\\\/wp-content\\\/uploads\\\/2025\\\/10\\\/la-nouvelle-taxe-sur-les-e-liquide-et-linterdiction-de-vendre-hors-tabac.png\",\"datePublished\":\"2025-10-29T08:37:20+00:00\",\"dateModified\":\"2025-10-29T16:55:48+00:00\",\"description\":\"Descubre c\u00f3mo el nuevo impuesto sobre el vapeo y el art\u00edculo 26 est\u00e1n sacudiendo las ventas de e-l\u00edquidos en Francia.\",\"breadcrumb\":{\"@id\":\"https:\\\/\\\/www.mylasertabac.com\\\/es\\\/impuestos-sobre-los-e-liquidos-y-cierre-de-tiendas-especializadas-un-punto-de-inflexion-para-el-vapeo\\\/#breadcrumb\"},\"inLanguage\":\"es\",\"potentialAction\":[{\"@type\":\"ReadAction\",\"target\":[\"https:\\\/\\\/www.mylasertabac.com\\\/es\\\/impuestos-sobre-los-e-liquidos-y-cierre-de-tiendas-especializadas-un-punto-de-inflexion-para-el-vapeo\\\/\"]}]},{\"@type\":\"ImageObject\",\"inLanguage\":\"es\",\"@id\":\"https:\\\/\\\/www.mylasertabac.com\\\/es\\\/impuestos-sobre-los-e-liquidos-y-cierre-de-tiendas-especializadas-un-punto-de-inflexion-para-el-vapeo\\\/#primaryimage\",\"url\":\"https:\\\/\\\/www.mylasertabac.com\\\/wp-content\\\/uploads\\\/2025\\\/10\\\/la-nouvelle-taxe-sur-les-e-liquide-et-linterdiction-de-vendre-hors-tabac.png\",\"contentUrl\":\"https:\\\/\\\/www.mylasertabac.com\\\/wp-content\\\/uploads\\\/2025\\\/10\\\/la-nouvelle-taxe-sur-les-e-liquide-et-linterdiction-de-vendre-hors-tabac.png\",\"width\":1536,\"height\":1024},{\"@type\":\"BreadcrumbList\",\"@id\":\"https:\\\/\\\/www.mylasertabac.com\\\/es\\\/impuestos-sobre-los-e-liquidos-y-cierre-de-tiendas-especializadas-un-punto-de-inflexion-para-el-vapeo\\\/#breadcrumb\",\"itemListElement\":[{\"@type\":\"ListItem\",\"position\":1,\"name\":\"Accueil\",\"item\":\"https:\\\/\\\/www.mylasertabac.com\\\/es\\\/inicio\\\/\"},{\"@type\":\"ListItem\",\"position\":2,\"name\":\"Impuestos sobre los e-l\u00edquidos y cierre de tiendas especializadas: un punto de inflexi\u00f3n para el vapeo\"}]},{\"@type\":\"WebSite\",\"@id\":\"https:\\\/\\\/www.mylasertabac.com\\\/es\\\/#website\",\"url\":\"https:\\\/\\\/www.mylasertabac.com\\\/es\\\/\",\"name\":\"My Laser Tabac\",\"description\":\"La solution laser qui transforme les fumeurs en ex-fumeurs\",\"publisher\":{\"@id\":\"https:\\\/\\\/www.mylasertabac.com\\\/es\\\/#organization\"},\"potentialAction\":[{\"@type\":\"SearchAction\",\"target\":{\"@type\":\"EntryPoint\",\"urlTemplate\":\"https:\\\/\\\/www.mylasertabac.com\\\/es\\\/?s={search_term_string}\"},\"query-input\":{\"@type\":\"PropertyValueSpecification\",\"valueRequired\":true,\"valueName\":\"search_term_string\"}}],\"inLanguage\":\"es\"},{\"@type\":\"Organization\",\"@id\":\"https:\\\/\\\/www.mylasertabac.com\\\/es\\\/#organization\",\"name\":\"My Laser Tabac\",\"url\":\"https:\\\/\\\/www.mylasertabac.com\\\/es\\\/\",\"logo\":{\"@type\":\"ImageObject\",\"inLanguage\":\"es\",\"@id\":\"https:\\\/\\\/www.mylasertabac.com\\\/es\\\/#\\\/schema\\\/logo\\\/image\\\/\",\"url\":\"https:\\\/\\\/www.mylasertabac.com\\\/wp-content\\\/uploads\\\/2024\\\/12\\\/mlt-verteau.svg\",\"contentUrl\":\"https:\\\/\\\/www.mylasertabac.com\\\/wp-content\\\/uploads\\\/2024\\\/12\\\/mlt-verteau.svg\",\"caption\":\"My Laser Tabac\"},\"image\":{\"@id\":\"https:\\\/\\\/www.mylasertabac.com\\\/es\\\/#\\\/schema\\\/logo\\\/image\\\/\"}},{\"@type\":\"Person\",\"@id\":\"https:\\\/\\\/www.mylasertabac.com\\\/es\\\/#\\\/schema\\\/person\\\/02c249cb76d912efb6c315ec23eccdf3\",\"name\":\"Florian Fortes\",\"image\":{\"@type\":\"ImageObject\",\"inLanguage\":\"es\",\"@id\":\"https:\\\/\\\/www.mylasertabac.com\\\/wp-content\\\/litespeed\\\/avatar\\\/142101a71d7b9e6490c1120d9c109a67.jpg?ver=1776856306\",\"url\":\"https:\\\/\\\/www.mylasertabac.com\\\/wp-content\\\/litespeed\\\/avatar\\\/142101a71d7b9e6490c1120d9c109a67.jpg?ver=1776856306\",\"contentUrl\":\"https:\\\/\\\/www.mylasertabac.com\\\/wp-content\\\/litespeed\\\/avatar\\\/142101a71d7b9e6490c1120d9c109a67.jpg?ver=1776856306\",\"caption\":\"Florian Fortes\"},\"sameAs\":[\"https:\\\/\\\/www.mylasertabac.com\",\"https:\\\/\\\/www.facebook.com\\\/profile.php?id=61571554707319\"],\"url\":\"https:\\\/\\\/www.mylasertabac.com\\\/es\\\/author\\\/florianfortes5312\\\/\"}]}<\/script>\n<!-- \/ Yoast SEO plugin. -->","yoast_head_json":{"title":"Impuestos sobre los e-l\u00edquidos y cierre de tiendas especializadas: un punto de inflexi\u00f3n para el vapeo - My Laser Tabac","description":"Descubre c\u00f3mo el nuevo impuesto sobre el vapeo y el art\u00edculo 26 est\u00e1n sacudiendo las ventas de e-l\u00edquidos en Francia.","robots":{"index":"index","follow":"follow","max-snippet":"max-snippet:-1","max-image-preview":"max-image-preview:large","max-video-preview":"max-video-preview:-1"},"canonical":"https:\/\/www.mylasertabac.com\/es\/impuestos-sobre-los-e-liquidos-y-cierre-de-tiendas-especializadas-un-punto-de-inflexion-para-el-vapeo\/","og_locale":"es_ES","og_type":"article","og_title":"Impuestos sobre los e-l\u00edquidos y cierre de tiendas especializadas: un punto de inflexi\u00f3n para el vapeo - My Laser Tabac","og_description":"Descubre c\u00f3mo el nuevo impuesto sobre el vapeo y el art\u00edculo 26 est\u00e1n sacudiendo las ventas de e-l\u00edquidos en Francia.","og_url":"https:\/\/www.mylasertabac.com\/es\/impuestos-sobre-los-e-liquidos-y-cierre-de-tiendas-especializadas-un-punto-de-inflexion-para-el-vapeo\/","og_site_name":"My Laser Tabac","article_author":"https:\/\/www.facebook.com\/profile.php?id=61571554707319","article_published_time":"2025-10-29T08:37:20+00:00","article_modified_time":"2025-10-29T16:55:48+00:00","og_image":[{"width":1024,"height":683,"url":"https:\/\/www.mylasertabac.com\/wp-content\/uploads\/2025\/10\/la-nouvelle-taxe-sur-les-e-liquide-et-linterdiction-de-vendre-hors-tabac-1024x683.png","type":"image\/png"}],"author":"Florian Fortes","twitter_card":"summary_large_image","twitter_misc":{"Escrito por":"Florian Fortes","Tiempo de lectura":"4 minutos"},"schema":{"@context":"https:\/\/schema.org","@graph":[{"@type":"Article","@id":"https:\/\/www.mylasertabac.com\/es\/impuestos-sobre-los-e-liquidos-y-cierre-de-tiendas-especializadas-un-punto-de-inflexion-para-el-vapeo\/#article","isPartOf":{"@id":"https:\/\/www.mylasertabac.com\/es\/impuestos-sobre-los-e-liquidos-y-cierre-de-tiendas-especializadas-un-punto-de-inflexion-para-el-vapeo\/"},"author":{"name":"Florian Fortes","@id":"https:\/\/www.mylasertabac.com\/es\/#\/schema\/person\/02c249cb76d912efb6c315ec23eccdf3"},"headline":"Impuestos sobre los e-l\u00edquidos y cierre de tiendas especializadas: un punto de inflexi\u00f3n para el vapeo","datePublished":"2025-10-29T08:37:20+00:00","dateModified":"2025-10-29T16:55:48+00:00","mainEntityOfPage":{"@id":"https:\/\/www.mylasertabac.com\/es\/impuestos-sobre-los-e-liquidos-y-cierre-de-tiendas-especializadas-un-punto-de-inflexion-para-el-vapeo\/"},"wordCount":726,"publisher":{"@id":"https:\/\/www.mylasertabac.com\/es\/#organization"},"image":{"@id":"https:\/\/www.mylasertabac.com\/es\/impuestos-sobre-los-e-liquidos-y-cierre-de-tiendas-especializadas-un-punto-de-inflexion-para-el-vapeo\/#primaryimage"},"thumbnailUrl":"https:\/\/www.mylasertabac.com\/wp-content\/uploads\/2025\/10\/la-nouvelle-taxe-sur-les-e-liquide-et-linterdiction-de-vendre-hors-tabac.png","articleSection":["noticias"],"inLanguage":"es"},{"@type":"WebPage","@id":"https:\/\/www.mylasertabac.com\/es\/impuestos-sobre-los-e-liquidos-y-cierre-de-tiendas-especializadas-un-punto-de-inflexion-para-el-vapeo\/","url":"https:\/\/www.mylasertabac.com\/es\/impuestos-sobre-los-e-liquidos-y-cierre-de-tiendas-especializadas-un-punto-de-inflexion-para-el-vapeo\/","name":"Impuestos sobre los e-l\u00edquidos y cierre de tiendas especializadas: un punto de inflexi\u00f3n para el vapeo - My Laser Tabac","isPartOf":{"@id":"https:\/\/www.mylasertabac.com\/es\/#website"},"primaryImageOfPage":{"@id":"https:\/\/www.mylasertabac.com\/es\/impuestos-sobre-los-e-liquidos-y-cierre-de-tiendas-especializadas-un-punto-de-inflexion-para-el-vapeo\/#primaryimage"},"image":{"@id":"https:\/\/www.mylasertabac.com\/es\/impuestos-sobre-los-e-liquidos-y-cierre-de-tiendas-especializadas-un-punto-de-inflexion-para-el-vapeo\/#primaryimage"},"thumbnailUrl":"https:\/\/www.mylasertabac.com\/wp-content\/uploads\/2025\/10\/la-nouvelle-taxe-sur-les-e-liquide-et-linterdiction-de-vendre-hors-tabac.png","datePublished":"2025-10-29T08:37:20+00:00","dateModified":"2025-10-29T16:55:48+00:00","description":"Descubre c\u00f3mo el nuevo impuesto sobre el vapeo y el art\u00edculo 26 est\u00e1n sacudiendo las ventas de e-l\u00edquidos en Francia.","breadcrumb":{"@id":"https:\/\/www.mylasertabac.com\/es\/impuestos-sobre-los-e-liquidos-y-cierre-de-tiendas-especializadas-un-punto-de-inflexion-para-el-vapeo\/#breadcrumb"},"inLanguage":"es","potentialAction":[{"@type":"ReadAction","target":["https:\/\/www.mylasertabac.com\/es\/impuestos-sobre-los-e-liquidos-y-cierre-de-tiendas-especializadas-un-punto-de-inflexion-para-el-vapeo\/"]}]},{"@type":"ImageObject","inLanguage":"es","@id":"https:\/\/www.mylasertabac.com\/es\/impuestos-sobre-los-e-liquidos-y-cierre-de-tiendas-especializadas-un-punto-de-inflexion-para-el-vapeo\/#primaryimage","url":"https:\/\/www.mylasertabac.com\/wp-content\/uploads\/2025\/10\/la-nouvelle-taxe-sur-les-e-liquide-et-linterdiction-de-vendre-hors-tabac.png","contentUrl":"https:\/\/www.mylasertabac.com\/wp-content\/uploads\/2025\/10\/la-nouvelle-taxe-sur-les-e-liquide-et-linterdiction-de-vendre-hors-tabac.png","width":1536,"height":1024},{"@type":"BreadcrumbList","@id":"https:\/\/www.mylasertabac.com\/es\/impuestos-sobre-los-e-liquidos-y-cierre-de-tiendas-especializadas-un-punto-de-inflexion-para-el-vapeo\/#breadcrumb","itemListElement":[{"@type":"ListItem","position":1,"name":"Accueil","item":"https:\/\/www.mylasertabac.com\/es\/inicio\/"},{"@type":"ListItem","position":2,"name":"Impuestos sobre los e-l\u00edquidos y cierre de tiendas especializadas: un punto de inflexi\u00f3n para el vapeo"}]},{"@type":"WebSite","@id":"https:\/\/www.mylasertabac.com\/es\/#website","url":"https:\/\/www.mylasertabac.com\/es\/","name":"My Laser Tabac","description":"La solution laser qui transforme les fumeurs en ex-fumeurs","publisher":{"@id":"https:\/\/www.mylasertabac.com\/es\/#organization"},"potentialAction":[{"@type":"SearchAction","target":{"@type":"EntryPoint","urlTemplate":"https:\/\/www.mylasertabac.com\/es\/?s={search_term_string}"},"query-input":{"@type":"PropertyValueSpecification","valueRequired":true,"valueName":"search_term_string"}}],"inLanguage":"es"},{"@type":"Organization","@id":"https:\/\/www.mylasertabac.com\/es\/#organization","name":"My Laser Tabac","url":"https:\/\/www.mylasertabac.com\/es\/","logo":{"@type":"ImageObject","inLanguage":"es","@id":"https:\/\/www.mylasertabac.com\/es\/#\/schema\/logo\/image\/","url":"https:\/\/www.mylasertabac.com\/wp-content\/uploads\/2024\/12\/mlt-verteau.svg","contentUrl":"https:\/\/www.mylasertabac.com\/wp-content\/uploads\/2024\/12\/mlt-verteau.svg","caption":"My Laser Tabac"},"image":{"@id":"https:\/\/www.mylasertabac.com\/es\/#\/schema\/logo\/image\/"}},{"@type":"Person","@id":"https:\/\/www.mylasertabac.com\/es\/#\/schema\/person\/02c249cb76d912efb6c315ec23eccdf3","name":"Florian Fortes","image":{"@type":"ImageObject","inLanguage":"es","@id":"https:\/\/www.mylasertabac.com\/wp-content\/litespeed\/avatar\/142101a71d7b9e6490c1120d9c109a67.jpg?ver=1776856306","url":"https:\/\/www.mylasertabac.com\/wp-content\/litespeed\/avatar\/142101a71d7b9e6490c1120d9c109a67.jpg?ver=1776856306","contentUrl":"https:\/\/www.mylasertabac.com\/wp-content\/litespeed\/avatar\/142101a71d7b9e6490c1120d9c109a67.jpg?ver=1776856306","caption":"Florian Fortes"},"sameAs":["https:\/\/www.mylasertabac.com","https:\/\/www.facebook.com\/profile.php?id=61571554707319"],"url":"https:\/\/www.mylasertabac.com\/es\/author\/florianfortes5312\/"}]}},"_links":{"self":[{"href":"https:\/\/www.mylasertabac.com\/es\/wp-json\/wp\/v2\/posts\/19055","targetHints":{"allow":["GET"]}}],"collection":[{"href":"https:\/\/www.mylasertabac.com\/es\/wp-json\/wp\/v2\/posts"}],"about":[{"href":"https:\/\/www.mylasertabac.com\/es\/wp-json\/wp\/v2\/types\/post"}],"author":[{"embeddable":true,"href":"https:\/\/www.mylasertabac.com\/es\/wp-json\/wp\/v2\/users\/2"}],"replies":[{"embeddable":true,"href":"https:\/\/www.mylasertabac.com\/es\/wp-json\/wp\/v2\/comments?post=19055"}],"version-history":[{"count":2,"href":"https:\/\/www.mylasertabac.com\/es\/wp-json\/wp\/v2\/posts\/19055\/revisions"}],"predecessor-version":[{"id":19075,"href":"https:\/\/www.mylasertabac.com\/es\/wp-json\/wp\/v2\/posts\/19055\/revisions\/19075"}],"wp:featuredmedia":[{"embeddable":true,"href":"https:\/\/www.mylasertabac.com\/es\/wp-json\/wp\/v2\/media\/19069"}],"wp:attachment":[{"href":"https:\/\/www.mylasertabac.com\/es\/wp-json\/wp\/v2\/media?parent=19055"}],"wp:term":[{"taxonomy":"category","embeddable":true,"href":"https:\/\/www.mylasertabac.com\/es\/wp-json\/wp\/v2\/categories?post=19055"},{"taxonomy":"post_tag","embeddable":true,"href":"https:\/\/www.mylasertabac.com\/es\/wp-json\/wp\/v2\/tags?post=19055"}],"curies":[{"name":"wp","href":"https:\/\/api.w.org\/{rel}","templated":true}]}}