{"id":19095,"date":"2025-10-30T08:39:48","date_gmt":"2025-10-30T07:39:48","guid":{"rendered":"https:\/\/www.mylasertabac.com\/precios-de-los-cigarrillos-en-tunez-en-2025-realidad-tendencias-y-la-oportunidad-de-parar\/"},"modified":"2025-10-30T08:42:07","modified_gmt":"2025-10-30T07:42:07","slug":"precios-de-los-cigarrillos-en-tunez-en-2025-realidad-tendencias-y-la-oportunidad-de-parar","status":"publish","type":"post","link":"https:\/\/www.mylasertabac.com\/es\/precios-de-los-cigarrillos-en-tunez-en-2025-realidad-tendencias-y-la-oportunidad-de-parar\/","title":{"rendered":"Precios de los cigarrillos en T\u00fanez en 2025 &#8211; Realidad, tendencias y la oportunidad de parar"},"content":{"rendered":"\n<p>En 2025, T\u00fanez tendr\u00e1 su propio mercado espec\u00edfico del tabaco, con algunos de los precios m\u00e1s bajos de la cuenca mediterr\u00e1nea, un monopolio estatal muy activo (R\u00e9gie nationale des tabacs et des allumettes, RNTA) y una comparaci\u00f3n constante con los precios franceses. Pero detr\u00e1s de estas cifras se esconde una cuesti\u00f3n importante: la salud p\u00fablica y la deshabituaci\u00f3n tab\u00e1quica. Porque conocer el precio tambi\u00e9n significa darse cuenta del valor de una vida sin adicci\u00f3n.  <\/p>\n\n<div style=\"height:23px\" aria-hidden=\"true\" class=\"wp-block-spacer\"><\/div>\n\n<figure class=\"wp-block-image alignleft size-large is-resized\"><a href=\"https:\/\/www.mylasertabac.com\/es\/nuestros-centros\/\"><img fetchpriority=\"high\" decoding=\"async\" width=\"1024\" height=\"668\" src=\"https:\/\/www.mylasertabac.com\/wp-content\/uploads\/2025\/08\/tu-veux-arreter-de-fumer-Clique-ici--1024x668.jpg\" alt=\"\" class=\"wp-image-13752\" style=\"width:465px;height:auto\" srcset=\"https:\/\/www.mylasertabac.com\/wp-content\/uploads\/2025\/08\/tu-veux-arreter-de-fumer-Clique-ici--1024x668.jpg 1024w, https:\/\/www.mylasertabac.com\/wp-content\/uploads\/2025\/08\/tu-veux-arreter-de-fumer-Clique-ici--300x196.jpg 300w, https:\/\/www.mylasertabac.com\/wp-content\/uploads\/2025\/08\/tu-veux-arreter-de-fumer-Clique-ici--768x501.jpg 768w, https:\/\/www.mylasertabac.com\/wp-content\/uploads\/2025\/08\/tu-veux-arreter-de-fumer-Clique-ici-.jpg 1206w\" sizes=\"(max-width: 1024px) 100vw, 1024px\" \/><\/a><\/figure>\n\n<h2 class=\"wp-block-heading\">\u00bfPor qu\u00e9 son tan bajos estos precios?<\/h2>\n\n<p>La RNTA\/MTK (Manufacture des Tabacs de Kairouan) tiene el monopolio de la fabricaci\u00f3n y distribuci\u00f3n de cigarrillos y cerillas en T\u00fanez.  <br\/>Aunque haya habido aumentos sucesivos -por ejemplo, el aumento del 21 de agosto de 2023 mencionado por varias fuentes-.  <br\/>Sin embargo, el precio sigue siendo bajo en comparaci\u00f3n con la mayor\u00eda de los pa\u00edses europeos.<\/p>\n\n<div style=\"height:29px\" aria-hidden=\"true\" class=\"wp-block-spacer\"><\/div>\n\n<h2 class=\"wp-block-heading\">Tabla 2025 &#8211; 20 marcas y precios estimados (octubre de 2025)<\/h2>\n\n<div style=\"height:23px\" aria-hidden=\"true\" class=\"wp-block-spacer\"><\/div>\n\n<figure class=\"wp-block-table\"><table class=\"has-fixed-layout\"><thead><tr><th>Marca \/ Modelo<\/th><th>Precio (TND)<\/th><th>Precio (\u20ac) aprox.<\/th><\/tr><\/thead><tbody><tr><td>Bousetta (local)<\/td><td>1,50<\/td><td>0,44<\/td><\/tr><tr><td>Cristal (local)<\/td><td>2,30<\/td><td>0,68<\/td><\/tr><tr><td>Caravana (local)<\/td><td>2,70<\/td><td>0,80<\/td><\/tr><tr><td>Kawafel (local)<\/td><td>2,70<\/td><td>0,80<\/td><\/tr><tr><td>Kawafel Bleue (local)<\/td><td>3,00<\/td><td>0,89<\/td><\/tr><tr><td>Cristal L\u00e9g\u00e8res (local)<\/td><td>4,10<\/td><td>1,22<\/td><\/tr><tr><td>Saphir (local)<\/td><td>4,30<\/td><td>1,28<\/td><\/tr><tr><td>20 de marzo Inter<\/td><td>4,50<\/td><td>1,34<\/td><\/tr><tr><td>20 de marzo Oro<\/td><td>4,50<\/td><td>1,34<\/td><\/tr><tr><td>20 de marzo Plata<\/td><td>4,50<\/td><td>1,34<\/td><\/tr><tr><td>Luz de Montecarlo<\/td><td>7,60<\/td><td>2,25<\/td><\/tr><tr><td>Monte Carlo Select<\/td><td>7,60<\/td><td>2,25<\/td><\/tr><tr><td>Monte Carlo Light 100s<\/td><td>7,60<\/td><td>2,25<\/td><\/tr><tr><td>Luz Winston<\/td><td>8,40<\/td><td>2,49<\/td><\/tr><tr><td>Camello Blanco<\/td><td>9,40<\/td><td>2,79<\/td><\/tr><tr><td>Marlboro Rojo<\/td><td>10,00<\/td><td>2,97<\/td><\/tr><tr><td>Marlboro Oro<\/td><td>10,00<\/td><td>2,97<\/td><\/tr><tr><td>Marlboro Toque de Oro<\/td><td>10,00<\/td><td>2,97<\/td><\/tr><tr><td>M\u00e9rito Leve<\/td><td>10,00<\/td><td>2,97<\/td><\/tr><tr><td>Cigarro Layali Tounes<\/td><td>4,30<\/td><td>1,28<\/td><\/tr><\/tbody><\/table><\/figure>\n\n<p>* Tipo de conversi\u00f3n estimado: 1 euro \u2248 3,37 TND.<br\/>Fuentes b\u00e1sicas: datos de \u00abCombien-coute.net\u00bb sobre paquetes de Marlboro (~10 TND) y art\u00edculos de an\u00e1lisis de 2025.  <\/p>\n\n<div style=\"height:23px\" aria-hidden=\"true\" class=\"wp-block-spacer\"><\/div>\n\n<h2 class=\"wp-block-heading\">Principales observaciones<\/h2>\n\n<h3 class=\"wp-block-heading\">Gran diferencia entre lo local y lo internacional<\/h3>\n\n<div style=\"height:23px\" aria-hidden=\"true\" class=\"wp-block-spacer\"><\/div>\n\n<p>Las marcas locales (Bousetta, Cristal, 20 Mars&#8230;) suelen costar entre 1 TND y 5 TND (~0,30 a ~1,50\u20ac), mientras que las marcas internacionales suelen costar m\u00e1s de 7 TND (~2,20\u20ac) o incluso 10 TND (~3\u20ac). Esta diferencia refleja los costes de importaci\u00f3n, los impuestos y la estrategia de marketing. <\/p>\n\n<div style=\"height:23px\" aria-hidden=\"true\" class=\"wp-block-spacer\"><\/div>\n\n<h3 class=\"wp-block-heading\">Comparaci\u00f3n con Francia<\/h3>\n\n<p>Se calcula que un paquete de Marlboro en T\u00fanez costar\u00e1 unos 3 euros (~10 TND) en 2025. En Francia, un paquete similar cuesta unos 13 euros, una diferencia de ~-75%. Esto explica tambi\u00e9n las compras transfronterizas y el turismo del tabaco en algunos casos.  <\/p>\n\n<div style=\"height:23px\" aria-hidden=\"true\" class=\"wp-block-spacer\"><\/div>\n\n<h3 class=\"wp-block-heading\">Impacto en los consumidores<\/h3>\n\n<p>El bajo coste puede mantener el consumo de los fumadores habituales o fomentar un nuevo consumo entre los j\u00f3venes. Adem\u00e1s, para un viajero o un residente, una marca importada puede seguir siendo asequible, lo que reduce el efecto disuasorio que podr\u00eda tener el precio. <\/p>\n\n<div style=\"height:23px\" aria-hidden=\"true\" class=\"wp-block-spacer\"><\/div>\n\n<figure class=\"wp-block-table\"><table class=\"has-fixed-layout\"><tbody><tr><td>Lee tambi\u00e9n  <a href=\"https:\/\/www.mylasertabac.com\/es\/unete-a-la-franquicia-laser-anti-tabac-y-beneficiate-de-un-concepto-rentable-llave-en-mano\/\"><mark style=\"background-color:rgba(0, 0, 0, 0)\" class=\"has-inline-color has-luminous-vivid-orange-color\">Quieres emprender un negocio de r\u00e1pido crecimiento en el sector sanitario. Convi\u00e9rtete en franquiciado de Mylasertabac.   <\/mark><\/a><\/td><\/tr><\/tbody><\/table><\/figure>\n\n<div style=\"height:23px\" aria-hidden=\"true\" class=\"wp-block-spacer\"><\/div>\n\n<h2 class=\"wp-block-heading\">Hacia la sensibilizaci\u00f3n y el cambio duradero<\/h2>\n\n<p>Aunque el precio siga siendo bajo, la realidad es que <strong>fumar cuesta mucho m\u00e1s que los dinares gastados<\/strong>. El tabaco tiene un impacto fisiol\u00f3gico, psicol\u00f3gico y social.<br\/>Por eso dejar de fumar no debe considerarse una decisi\u00f3n aislada, sino una aut\u00e9ntica elecci\u00f3n de estilo de vida. <\/p>\n\n<div style=\"height:23px\" aria-hidden=\"true\" class=\"wp-block-spacer\"><\/div>\n\n<h3 class=\"wp-block-heading\">\u00bfPor qu\u00e9 parar ahora?<\/h3>\n\n<ul class=\"wp-block-list\">\n<li>El precio puede seguir siendo bajo, pero los <strong>riesgos para la salud no disminuyen<\/strong>.<\/li>\n\n\n\n<li>Fumar retrasa la respiraci\u00f3n, altera el gusto, reduce la energ\u00eda y aumenta el riesgo de enfermedad.<\/li>\n\n\n\n<li>Liberarte del tabaco significa ahorrar dinero, ahorrar tiempo y recuperar tu libertad.<\/li>\n<\/ul>\n\n<div style=\"height:23px\" aria-hidden=\"true\" class=\"wp-block-spacer\"><\/div>\n\n<h3 class=\"wp-block-heading\">Nuestro m\u00e9todo de apoyo<\/h3>\n\n<p>Aqu\u00ed es donde el m\u00e9todo desarrollado por <strong><a href=\"https:\/\/www.mylasertabac.com\/es\/\">MyLaserTabac<\/a><\/strong>.<br\/>Utilizamos <strong><a href=\"https:\/\/www.mylasertabac.com\/es\/\">la reflexolog\u00eda auricular<\/a> l\u00e1ser<\/strong>, un m\u00e9todo suave y no intrusivo que act\u00faa sobre puntos espec\u00edficos de la oreja. Este m\u00e9todo ayuda a reducir los antojos, a aliviar el estr\u00e9s de dejar de fumar y a controlar las conductas adictivas, ya sea el az\u00facar, el alcohol, el cannabis, el tabaco o incluso la gesti\u00f3n del estr\u00e9s.<\/p>\n\n<div style=\"height:23px\" aria-hidden=\"true\" class=\"wp-block-spacer\"><\/div>\n\n<ul class=\"wp-block-list\">\n<li>No hay productos qu\u00edmicos que tragar.<\/li>\n\n\n\n<li>Sesiones r\u00e1pidas y personalizadas.<\/li>\n\n\n\n<li>Apoyo amable y atento.<\/li>\n\n\n\n<li>Resultados medibles: mejor respiraci\u00f3n, m\u00e1s energ\u00eda, una mente m\u00e1s libre.<\/li>\n<\/ul>\n\n<div style=\"height:23px\" aria-hidden=\"true\" class=\"wp-block-spacer\"><\/div>\n\n<h3 class=\"wp-block-heading\">Llamada a la acci\u00f3n<\/h3>\n\n<p>Si fumas, vives en T\u00fanez o en otro lugar y quieres <strong><a href=\"https:\/\/www.mylasertabac.com\/es\/\">dejarlo ahora<\/a><\/strong>pide cita en MyLaserTabac. No es s\u00f3lo una promesa: es un camino activo hacia un futuro sin tabaco, sin adicci\u00f3n, con mayor salud y tranquilidad.<br\/>\ud83d\udc49 Elige tu libertad: visita en l\u00ednea, llama o concierta una cita. Cada dinar que ahorras se convierte en un soplo de aire fresco. <\/p>\n\n<div style=\"height:23px\" aria-hidden=\"true\" class=\"wp-block-spacer\"><\/div>\n\n<p>En conclusi\u00f3n, conocer el precio de los cigarrillos en T\u00fanez es \u00fatil, pero <strong>tomar la decisi\u00f3n de dejar de fumar<\/strong> es esencial. El precio de un paquete no es ni mucho menos el \u00fanico coste: el coste de la adicci\u00f3n es mucho mayor. Date cuenta hoy de que puedes pasar p\u00e1gina. Y con el m\u00e9todo adecuado, puedes cambiar realmente tu vida.   <\/p>\n\n<div style=\"height:23px\" aria-hidden=\"true\" class=\"wp-block-spacer\"><\/div>\n\n<figure class=\"wp-block-image size-large\"><img decoding=\"async\" src=\"https:\/\/www.mylasertabac.com\/wp-content\/uploads\/\/mlt-verteau.svg\" alt=\"\" class=\"wp-image-13\"\/><\/figure>\n","protected":false},"excerpt":{"rendered":"<p>En 2025, T\u00fanez tendr\u00e1 su propio mercado espec\u00edfico del tabaco, con algunos de los precios m\u00e1s bajos de la cuenca mediterr\u00e1nea, un monopolio estatal muy activo (R\u00e9gie nationale des tabacs et des allumettes, RNTA) y una comparaci\u00f3n constante con los precios franceses. Pero detr\u00e1s de estas cifras se esconde una cuesti\u00f3n importante: la salud p\u00fablica [&hellip;]<\/p>\n","protected":false},"author":2,"featured_media":19092,"comment_status":"closed","ping_status":"open","sticky":false,"template":"","format":"standard","meta":{"inline_featured_image":false,"footnotes":""},"categories":[678],"tags":[],"class_list":["post-19095","post","type-post","status-publish","format-standard","has-post-thumbnail","hentry","category-noticias"],"yoast_head":"<!-- This site is optimized with the Yoast SEO plugin v27.5 - https:\/\/yoast.com\/product\/yoast-seo-wordpress\/ -->\n<title>Precios de los cigarrillos en T\u00fanez en 2025 - Realidad, tendencias y la oportunidad de parar - My Laser Tabac<\/title>\n<meta name=\"description\" content=\"Averigua cu\u00e1nto costar\u00e1n los cigarrillos en T\u00fanez en 2025 y c\u00f3mo MyLaserTabac te ayuda a dejar de fumar para siempre.\" \/>\n<meta name=\"robots\" content=\"index, follow, max-snippet:-1, max-image-preview:large, max-video-preview:-1\" \/>\n<link rel=\"canonical\" href=\"https:\/\/www.mylasertabac.com\/es\/precios-de-los-cigarrillos-en-tunez-en-2025-realidad-tendencias-y-la-oportunidad-de-parar\/\" \/>\n<meta property=\"og:locale\" content=\"es_ES\" \/>\n<meta property=\"og:type\" content=\"article\" \/>\n<meta property=\"og:title\" content=\"Precios de los cigarrillos en T\u00fanez en 2025 - Realidad, tendencias y la oportunidad de parar - My Laser Tabac\" \/>\n<meta property=\"og:description\" content=\"Averigua cu\u00e1nto costar\u00e1n los cigarrillos en T\u00fanez en 2025 y c\u00f3mo MyLaserTabac te ayuda a dejar de fumar para siempre.\" \/>\n<meta property=\"og:url\" content=\"https:\/\/www.mylasertabac.com\/es\/precios-de-los-cigarrillos-en-tunez-en-2025-realidad-tendencias-y-la-oportunidad-de-parar\/\" \/>\n<meta property=\"og:site_name\" content=\"My Laser Tabac\" \/>\n<meta property=\"article:author\" content=\"https:\/\/www.facebook.com\/profile.php?id=61571554707319\" \/>\n<meta property=\"article:published_time\" content=\"2025-10-30T07:39:48+00:00\" \/>\n<meta property=\"article:modified_time\" content=\"2025-10-30T07:42:07+00:00\" \/>\n<meta property=\"og:image\" content=\"https:\/\/www.mylasertabac.com\/wp-content\/uploads\/2025\/10\/Prix-des-cigarette-en-Tunisie-1024x683.png\" \/>\n\t<meta property=\"og:image:width\" content=\"1024\" \/>\n\t<meta property=\"og:image:height\" content=\"683\" \/>\n\t<meta property=\"og:image:type\" content=\"image\/png\" \/>\n<meta name=\"author\" content=\"Florian Fortes\" \/>\n<meta name=\"twitter:card\" content=\"summary_large_image\" \/>\n<meta name=\"twitter:label1\" content=\"Escrito por\" \/>\n\t<meta name=\"twitter:data1\" content=\"Florian Fortes\" \/>\n\t<meta name=\"twitter:label2\" content=\"Tiempo de lectura\" \/>\n\t<meta name=\"twitter:data2\" content=\"4 minutos\" \/>\n<script type=\"application\/ld+json\" class=\"yoast-schema-graph\">{\"@context\":\"https:\\\/\\\/schema.org\",\"@graph\":[{\"@type\":\"Article\",\"@id\":\"https:\\\/\\\/www.mylasertabac.com\\\/es\\\/precios-de-los-cigarrillos-en-tunez-en-2025-realidad-tendencias-y-la-oportunidad-de-parar\\\/#article\",\"isPartOf\":{\"@id\":\"https:\\\/\\\/www.mylasertabac.com\\\/es\\\/precios-de-los-cigarrillos-en-tunez-en-2025-realidad-tendencias-y-la-oportunidad-de-parar\\\/\"},\"author\":{\"name\":\"Florian Fortes\",\"@id\":\"https:\\\/\\\/www.mylasertabac.com\\\/es\\\/#\\\/schema\\\/person\\\/02c249cb76d912efb6c315ec23eccdf3\"},\"headline\":\"Precios de los cigarrillos en T\u00fanez en 2025 &#8211; Realidad, tendencias y la oportunidad de parar\",\"datePublished\":\"2025-10-30T07:39:48+00:00\",\"dateModified\":\"2025-10-30T07:42:07+00:00\",\"mainEntityOfPage\":{\"@id\":\"https:\\\/\\\/www.mylasertabac.com\\\/es\\\/precios-de-los-cigarrillos-en-tunez-en-2025-realidad-tendencias-y-la-oportunidad-de-parar\\\/\"},\"wordCount\":790,\"publisher\":{\"@id\":\"https:\\\/\\\/www.mylasertabac.com\\\/es\\\/#organization\"},\"image\":{\"@id\":\"https:\\\/\\\/www.mylasertabac.com\\\/es\\\/precios-de-los-cigarrillos-en-tunez-en-2025-realidad-tendencias-y-la-oportunidad-de-parar\\\/#primaryimage\"},\"thumbnailUrl\":\"https:\\\/\\\/www.mylasertabac.com\\\/wp-content\\\/uploads\\\/2025\\\/10\\\/Prix-des-cigarette-en-Tunisie.png\",\"articleSection\":[\"noticias\"],\"inLanguage\":\"es\"},{\"@type\":\"WebPage\",\"@id\":\"https:\\\/\\\/www.mylasertabac.com\\\/es\\\/precios-de-los-cigarrillos-en-tunez-en-2025-realidad-tendencias-y-la-oportunidad-de-parar\\\/\",\"url\":\"https:\\\/\\\/www.mylasertabac.com\\\/es\\\/precios-de-los-cigarrillos-en-tunez-en-2025-realidad-tendencias-y-la-oportunidad-de-parar\\\/\",\"name\":\"Precios de los cigarrillos en T\u00fanez en 2025 - Realidad, tendencias y la oportunidad de parar - My Laser Tabac\",\"isPartOf\":{\"@id\":\"https:\\\/\\\/www.mylasertabac.com\\\/es\\\/#website\"},\"primaryImageOfPage\":{\"@id\":\"https:\\\/\\\/www.mylasertabac.com\\\/es\\\/precios-de-los-cigarrillos-en-tunez-en-2025-realidad-tendencias-y-la-oportunidad-de-parar\\\/#primaryimage\"},\"image\":{\"@id\":\"https:\\\/\\\/www.mylasertabac.com\\\/es\\\/precios-de-los-cigarrillos-en-tunez-en-2025-realidad-tendencias-y-la-oportunidad-de-parar\\\/#primaryimage\"},\"thumbnailUrl\":\"https:\\\/\\\/www.mylasertabac.com\\\/wp-content\\\/uploads\\\/2025\\\/10\\\/Prix-des-cigarette-en-Tunisie.png\",\"datePublished\":\"2025-10-30T07:39:48+00:00\",\"dateModified\":\"2025-10-30T07:42:07+00:00\",\"description\":\"Averigua cu\u00e1nto costar\u00e1n los cigarrillos en T\u00fanez en 2025 y c\u00f3mo MyLaserTabac te ayuda a dejar de fumar para siempre.\",\"breadcrumb\":{\"@id\":\"https:\\\/\\\/www.mylasertabac.com\\\/es\\\/precios-de-los-cigarrillos-en-tunez-en-2025-realidad-tendencias-y-la-oportunidad-de-parar\\\/#breadcrumb\"},\"inLanguage\":\"es\",\"potentialAction\":[{\"@type\":\"ReadAction\",\"target\":[\"https:\\\/\\\/www.mylasertabac.com\\\/es\\\/precios-de-los-cigarrillos-en-tunez-en-2025-realidad-tendencias-y-la-oportunidad-de-parar\\\/\"]}]},{\"@type\":\"ImageObject\",\"inLanguage\":\"es\",\"@id\":\"https:\\\/\\\/www.mylasertabac.com\\\/es\\\/precios-de-los-cigarrillos-en-tunez-en-2025-realidad-tendencias-y-la-oportunidad-de-parar\\\/#primaryimage\",\"url\":\"https:\\\/\\\/www.mylasertabac.com\\\/wp-content\\\/uploads\\\/2025\\\/10\\\/Prix-des-cigarette-en-Tunisie.png\",\"contentUrl\":\"https:\\\/\\\/www.mylasertabac.com\\\/wp-content\\\/uploads\\\/2025\\\/10\\\/Prix-des-cigarette-en-Tunisie.png\",\"width\":1536,\"height\":1024},{\"@type\":\"BreadcrumbList\",\"@id\":\"https:\\\/\\\/www.mylasertabac.com\\\/es\\\/precios-de-los-cigarrillos-en-tunez-en-2025-realidad-tendencias-y-la-oportunidad-de-parar\\\/#breadcrumb\",\"itemListElement\":[{\"@type\":\"ListItem\",\"position\":1,\"name\":\"Accueil\",\"item\":\"https:\\\/\\\/www.mylasertabac.com\\\/es\\\/inicio\\\/\"},{\"@type\":\"ListItem\",\"position\":2,\"name\":\"Precios de los cigarrillos en T\u00fanez en 2025 &#8211; Realidad, tendencias y la oportunidad de parar\"}]},{\"@type\":\"WebSite\",\"@id\":\"https:\\\/\\\/www.mylasertabac.com\\\/es\\\/#website\",\"url\":\"https:\\\/\\\/www.mylasertabac.com\\\/es\\\/\",\"name\":\"My Laser Tabac\",\"description\":\"La solution laser qui transforme les fumeurs en ex-fumeurs\",\"publisher\":{\"@id\":\"https:\\\/\\\/www.mylasertabac.com\\\/es\\\/#organization\"},\"potentialAction\":[{\"@type\":\"SearchAction\",\"target\":{\"@type\":\"EntryPoint\",\"urlTemplate\":\"https:\\\/\\\/www.mylasertabac.com\\\/es\\\/?s={search_term_string}\"},\"query-input\":{\"@type\":\"PropertyValueSpecification\",\"valueRequired\":true,\"valueName\":\"search_term_string\"}}],\"inLanguage\":\"es\"},{\"@type\":\"Organization\",\"@id\":\"https:\\\/\\\/www.mylasertabac.com\\\/es\\\/#organization\",\"name\":\"My Laser Tabac\",\"url\":\"https:\\\/\\\/www.mylasertabac.com\\\/es\\\/\",\"logo\":{\"@type\":\"ImageObject\",\"inLanguage\":\"es\",\"@id\":\"https:\\\/\\\/www.mylasertabac.com\\\/es\\\/#\\\/schema\\\/logo\\\/image\\\/\",\"url\":\"https:\\\/\\\/www.mylasertabac.com\\\/wp-content\\\/uploads\\\/2024\\\/12\\\/mlt-verteau.svg\",\"contentUrl\":\"https:\\\/\\\/www.mylasertabac.com\\\/wp-content\\\/uploads\\\/2024\\\/12\\\/mlt-verteau.svg\",\"caption\":\"My Laser Tabac\"},\"image\":{\"@id\":\"https:\\\/\\\/www.mylasertabac.com\\\/es\\\/#\\\/schema\\\/logo\\\/image\\\/\"}},{\"@type\":\"Person\",\"@id\":\"https:\\\/\\\/www.mylasertabac.com\\\/es\\\/#\\\/schema\\\/person\\\/02c249cb76d912efb6c315ec23eccdf3\",\"name\":\"Florian Fortes\",\"image\":{\"@type\":\"ImageObject\",\"inLanguage\":\"es\",\"@id\":\"https:\\\/\\\/www.mylasertabac.com\\\/wp-content\\\/litespeed\\\/avatar\\\/142101a71d7b9e6490c1120d9c109a67.jpg?ver=1777461116\",\"url\":\"https:\\\/\\\/www.mylasertabac.com\\\/wp-content\\\/litespeed\\\/avatar\\\/142101a71d7b9e6490c1120d9c109a67.jpg?ver=1777461116\",\"contentUrl\":\"https:\\\/\\\/www.mylasertabac.com\\\/wp-content\\\/litespeed\\\/avatar\\\/142101a71d7b9e6490c1120d9c109a67.jpg?ver=1777461116\",\"caption\":\"Florian Fortes\"},\"sameAs\":[\"https:\\\/\\\/www.mylasertabac.com\",\"https:\\\/\\\/www.facebook.com\\\/profile.php?id=61571554707319\"],\"url\":\"https:\\\/\\\/www.mylasertabac.com\\\/es\\\/author\\\/florianfortes5312\\\/\"}]}<\/script>\n<!-- \/ Yoast SEO plugin. -->","yoast_head_json":{"title":"Precios de los cigarrillos en T\u00fanez en 2025 - Realidad, tendencias y la oportunidad de parar - My Laser Tabac","description":"Averigua cu\u00e1nto costar\u00e1n los cigarrillos en T\u00fanez en 2025 y c\u00f3mo MyLaserTabac te ayuda a dejar de fumar para siempre.","robots":{"index":"index","follow":"follow","max-snippet":"max-snippet:-1","max-image-preview":"max-image-preview:large","max-video-preview":"max-video-preview:-1"},"canonical":"https:\/\/www.mylasertabac.com\/es\/precios-de-los-cigarrillos-en-tunez-en-2025-realidad-tendencias-y-la-oportunidad-de-parar\/","og_locale":"es_ES","og_type":"article","og_title":"Precios de los cigarrillos en T\u00fanez en 2025 - Realidad, tendencias y la oportunidad de parar - My Laser Tabac","og_description":"Averigua cu\u00e1nto costar\u00e1n los cigarrillos en T\u00fanez en 2025 y c\u00f3mo MyLaserTabac te ayuda a dejar de fumar para siempre.","og_url":"https:\/\/www.mylasertabac.com\/es\/precios-de-los-cigarrillos-en-tunez-en-2025-realidad-tendencias-y-la-oportunidad-de-parar\/","og_site_name":"My Laser Tabac","article_author":"https:\/\/www.facebook.com\/profile.php?id=61571554707319","article_published_time":"2025-10-30T07:39:48+00:00","article_modified_time":"2025-10-30T07:42:07+00:00","og_image":[{"width":1024,"height":683,"url":"https:\/\/www.mylasertabac.com\/wp-content\/uploads\/2025\/10\/Prix-des-cigarette-en-Tunisie-1024x683.png","type":"image\/png"}],"author":"Florian Fortes","twitter_card":"summary_large_image","twitter_misc":{"Escrito por":"Florian Fortes","Tiempo de lectura":"4 minutos"},"schema":{"@context":"https:\/\/schema.org","@graph":[{"@type":"Article","@id":"https:\/\/www.mylasertabac.com\/es\/precios-de-los-cigarrillos-en-tunez-en-2025-realidad-tendencias-y-la-oportunidad-de-parar\/#article","isPartOf":{"@id":"https:\/\/www.mylasertabac.com\/es\/precios-de-los-cigarrillos-en-tunez-en-2025-realidad-tendencias-y-la-oportunidad-de-parar\/"},"author":{"name":"Florian Fortes","@id":"https:\/\/www.mylasertabac.com\/es\/#\/schema\/person\/02c249cb76d912efb6c315ec23eccdf3"},"headline":"Precios de los cigarrillos en T\u00fanez en 2025 &#8211; Realidad, tendencias y la oportunidad de parar","datePublished":"2025-10-30T07:39:48+00:00","dateModified":"2025-10-30T07:42:07+00:00","mainEntityOfPage":{"@id":"https:\/\/www.mylasertabac.com\/es\/precios-de-los-cigarrillos-en-tunez-en-2025-realidad-tendencias-y-la-oportunidad-de-parar\/"},"wordCount":790,"publisher":{"@id":"https:\/\/www.mylasertabac.com\/es\/#organization"},"image":{"@id":"https:\/\/www.mylasertabac.com\/es\/precios-de-los-cigarrillos-en-tunez-en-2025-realidad-tendencias-y-la-oportunidad-de-parar\/#primaryimage"},"thumbnailUrl":"https:\/\/www.mylasertabac.com\/wp-content\/uploads\/2025\/10\/Prix-des-cigarette-en-Tunisie.png","articleSection":["noticias"],"inLanguage":"es"},{"@type":"WebPage","@id":"https:\/\/www.mylasertabac.com\/es\/precios-de-los-cigarrillos-en-tunez-en-2025-realidad-tendencias-y-la-oportunidad-de-parar\/","url":"https:\/\/www.mylasertabac.com\/es\/precios-de-los-cigarrillos-en-tunez-en-2025-realidad-tendencias-y-la-oportunidad-de-parar\/","name":"Precios de los cigarrillos en T\u00fanez en 2025 - Realidad, tendencias y la oportunidad de parar - My Laser Tabac","isPartOf":{"@id":"https:\/\/www.mylasertabac.com\/es\/#website"},"primaryImageOfPage":{"@id":"https:\/\/www.mylasertabac.com\/es\/precios-de-los-cigarrillos-en-tunez-en-2025-realidad-tendencias-y-la-oportunidad-de-parar\/#primaryimage"},"image":{"@id":"https:\/\/www.mylasertabac.com\/es\/precios-de-los-cigarrillos-en-tunez-en-2025-realidad-tendencias-y-la-oportunidad-de-parar\/#primaryimage"},"thumbnailUrl":"https:\/\/www.mylasertabac.com\/wp-content\/uploads\/2025\/10\/Prix-des-cigarette-en-Tunisie.png","datePublished":"2025-10-30T07:39:48+00:00","dateModified":"2025-10-30T07:42:07+00:00","description":"Averigua cu\u00e1nto costar\u00e1n los cigarrillos en T\u00fanez en 2025 y c\u00f3mo MyLaserTabac te ayuda a dejar de fumar para siempre.","breadcrumb":{"@id":"https:\/\/www.mylasertabac.com\/es\/precios-de-los-cigarrillos-en-tunez-en-2025-realidad-tendencias-y-la-oportunidad-de-parar\/#breadcrumb"},"inLanguage":"es","potentialAction":[{"@type":"ReadAction","target":["https:\/\/www.mylasertabac.com\/es\/precios-de-los-cigarrillos-en-tunez-en-2025-realidad-tendencias-y-la-oportunidad-de-parar\/"]}]},{"@type":"ImageObject","inLanguage":"es","@id":"https:\/\/www.mylasertabac.com\/es\/precios-de-los-cigarrillos-en-tunez-en-2025-realidad-tendencias-y-la-oportunidad-de-parar\/#primaryimage","url":"https:\/\/www.mylasertabac.com\/wp-content\/uploads\/2025\/10\/Prix-des-cigarette-en-Tunisie.png","contentUrl":"https:\/\/www.mylasertabac.com\/wp-content\/uploads\/2025\/10\/Prix-des-cigarette-en-Tunisie.png","width":1536,"height":1024},{"@type":"BreadcrumbList","@id":"https:\/\/www.mylasertabac.com\/es\/precios-de-los-cigarrillos-en-tunez-en-2025-realidad-tendencias-y-la-oportunidad-de-parar\/#breadcrumb","itemListElement":[{"@type":"ListItem","position":1,"name":"Accueil","item":"https:\/\/www.mylasertabac.com\/es\/inicio\/"},{"@type":"ListItem","position":2,"name":"Precios de los cigarrillos en T\u00fanez en 2025 &#8211; Realidad, tendencias y la oportunidad de parar"}]},{"@type":"WebSite","@id":"https:\/\/www.mylasertabac.com\/es\/#website","url":"https:\/\/www.mylasertabac.com\/es\/","name":"My Laser Tabac","description":"La solution laser qui transforme les fumeurs en ex-fumeurs","publisher":{"@id":"https:\/\/www.mylasertabac.com\/es\/#organization"},"potentialAction":[{"@type":"SearchAction","target":{"@type":"EntryPoint","urlTemplate":"https:\/\/www.mylasertabac.com\/es\/?s={search_term_string}"},"query-input":{"@type":"PropertyValueSpecification","valueRequired":true,"valueName":"search_term_string"}}],"inLanguage":"es"},{"@type":"Organization","@id":"https:\/\/www.mylasertabac.com\/es\/#organization","name":"My Laser Tabac","url":"https:\/\/www.mylasertabac.com\/es\/","logo":{"@type":"ImageObject","inLanguage":"es","@id":"https:\/\/www.mylasertabac.com\/es\/#\/schema\/logo\/image\/","url":"https:\/\/www.mylasertabac.com\/wp-content\/uploads\/2024\/12\/mlt-verteau.svg","contentUrl":"https:\/\/www.mylasertabac.com\/wp-content\/uploads\/2024\/12\/mlt-verteau.svg","caption":"My Laser Tabac"},"image":{"@id":"https:\/\/www.mylasertabac.com\/es\/#\/schema\/logo\/image\/"}},{"@type":"Person","@id":"https:\/\/www.mylasertabac.com\/es\/#\/schema\/person\/02c249cb76d912efb6c315ec23eccdf3","name":"Florian Fortes","image":{"@type":"ImageObject","inLanguage":"es","@id":"https:\/\/www.mylasertabac.com\/wp-content\/litespeed\/avatar\/142101a71d7b9e6490c1120d9c109a67.jpg?ver=1777461116","url":"https:\/\/www.mylasertabac.com\/wp-content\/litespeed\/avatar\/142101a71d7b9e6490c1120d9c109a67.jpg?ver=1777461116","contentUrl":"https:\/\/www.mylasertabac.com\/wp-content\/litespeed\/avatar\/142101a71d7b9e6490c1120d9c109a67.jpg?ver=1777461116","caption":"Florian Fortes"},"sameAs":["https:\/\/www.mylasertabac.com","https:\/\/www.facebook.com\/profile.php?id=61571554707319"],"url":"https:\/\/www.mylasertabac.com\/es\/author\/florianfortes5312\/"}]}},"_links":{"self":[{"href":"https:\/\/www.mylasertabac.com\/es\/wp-json\/wp\/v2\/posts\/19095","targetHints":{"allow":["GET"]}}],"collection":[{"href":"https:\/\/www.mylasertabac.com\/es\/wp-json\/wp\/v2\/posts"}],"about":[{"href":"https:\/\/www.mylasertabac.com\/es\/wp-json\/wp\/v2\/types\/post"}],"author":[{"embeddable":true,"href":"https:\/\/www.mylasertabac.com\/es\/wp-json\/wp\/v2\/users\/2"}],"replies":[{"embeddable":true,"href":"https:\/\/www.mylasertabac.com\/es\/wp-json\/wp\/v2\/comments?post=19095"}],"version-history":[{"count":3,"href":"https:\/\/www.mylasertabac.com\/es\/wp-json\/wp\/v2\/posts\/19095\/revisions"}],"predecessor-version":[{"id":19110,"href":"https:\/\/www.mylasertabac.com\/es\/wp-json\/wp\/v2\/posts\/19095\/revisions\/19110"}],"wp:featuredmedia":[{"embeddable":true,"href":"https:\/\/www.mylasertabac.com\/es\/wp-json\/wp\/v2\/media\/19092"}],"wp:attachment":[{"href":"https:\/\/www.mylasertabac.com\/es\/wp-json\/wp\/v2\/media?parent=19095"}],"wp:term":[{"taxonomy":"category","embeddable":true,"href":"https:\/\/www.mylasertabac.com\/es\/wp-json\/wp\/v2\/categories?post=19095"},{"taxonomy":"post_tag","embeddable":true,"href":"https:\/\/www.mylasertabac.com\/es\/wp-json\/wp\/v2\/tags?post=19095"}],"curies":[{"name":"wp","href":"https:\/\/api.w.org\/{rel}","templated":true}]}}