{"id":19133,"date":"2025-10-30T10:05:51","date_gmt":"2025-10-30T09:05:51","guid":{"rendered":"https:\/\/www.mylasertabac.com\/precios-de-los-cigarrillos-en-turquia-en-2025-cuanto-cuesta-realmente-fumar-en-estambul\/"},"modified":"2025-10-30T10:18:42","modified_gmt":"2025-10-30T09:18:42","slug":"precios-de-los-cigarrillos-en-turquia-en-2025-cuanto-cuesta-realmente-fumar-en-estambul","status":"publish","type":"post","link":"https:\/\/www.mylasertabac.com\/es\/precios-de-los-cigarrillos-en-turquia-en-2025-cuanto-cuesta-realmente-fumar-en-estambul\/","title":{"rendered":"Precios de los cigarrillos en Turqu\u00eda en 2025: \u00bfcu\u00e1nto cuesta realmente fumar en Estambul?"},"content":{"rendered":"\n<div style=\"height:18px\" aria-hidden=\"true\" class=\"wp-block-spacer\"><\/div>\n\n<p>En 2025, Turqu\u00eda sigue atrayendo a muchos viajeros europeos atra\u00eddos por el menor coste de la vida. Pero lo mismo ocurre con los cigarrillos. A pesar de las sucesivas subidas, el precio de un paquete sigue siendo muy inferior al de Francia, Alemania o Italia.<br\/>Entonces, \u00bfcu\u00e1nto cuesta un paquete de <g id=\"gid_0\">Marlboro<\/g>, <g id=\"gid_1\">Camel<\/g> o <g id=\"gid_2\">Winston<\/g> en Turqu\u00eda? Y, sobre todo, \u00bfcu\u00e1les son las tendencias para los pr\u00f3ximos a\u00f1os?   <\/p>\n\n<div style=\"height:20px\" aria-hidden=\"true\" class=\"wp-block-spacer\"><\/div>\n\n<figure class=\"wp-block-image alignleft size-large is-resized\"><a href=\"https:\/\/www.mylasertabac.com\/es\/nuestros-centros\/\"><img fetchpriority=\"high\" decoding=\"async\" width=\"1024\" height=\"668\" src=\"https:\/\/www.mylasertabac.com\/wp-content\/uploads\/2025\/08\/tu-veux-arreter-de-fumer-Clique-ici--1024x668.jpg\" alt=\"\" class=\"wp-image-13752\" style=\"width:461px;height:auto\" srcset=\"https:\/\/www.mylasertabac.com\/wp-content\/uploads\/2025\/08\/tu-veux-arreter-de-fumer-Clique-ici--1024x668.jpg 1024w, https:\/\/www.mylasertabac.com\/wp-content\/uploads\/2025\/08\/tu-veux-arreter-de-fumer-Clique-ici--300x196.jpg 300w, https:\/\/www.mylasertabac.com\/wp-content\/uploads\/2025\/08\/tu-veux-arreter-de-fumer-Clique-ici--768x501.jpg 768w, https:\/\/www.mylasertabac.com\/wp-content\/uploads\/2025\/08\/tu-veux-arreter-de-fumer-Clique-ici-.jpg 1206w\" sizes=\"(max-width: 1024px) 100vw, 1024px\" \/><\/a><\/figure>\n\n<h2 class=\"wp-block-heading\">\ud83c\uddf9\ud83c\uddf7 Precios del tabaco en Turqu\u00eda en 2025<\/h2>\n\n<p>El precio de los cigarrillos en Turqu\u00eda lo fija el gobierno y se ajusta peri\u00f3dicamente mediante el \u00d6TV (Impuesto Especial sobre el Consumo).<br\/>En <strong>octubre de 2025<\/strong>, un paquete de cigarrillos costar\u00e1 <strong>entre 80 y 140 liras turcas (TRY)<\/strong> seg\u00fan la marca.<br\/>Con un tipo de cambio medio de <strong>1 euro = 49 TRY<\/strong>, esto equivale a <strong>entre 1,60 y 2,85 euros por paquete<\/strong>.<\/p>\n\n<blockquote class=\"wp-block-quote is-layout-flow wp-block-quote-is-layout-flow\">\n<p>\ud83d\udca1 A modo de comparaci\u00f3n, el mismo paquete cuesta unos <strong>13 \u20ac en Francia<\/strong> o <strong>8 \u20ac en Alemania<\/strong>.<br\/>Por tanto, la diferencia sigue siendo considerable: casi <strong> un 80%<\/strong> con respecto al precio franc\u00e9s.<\/p>\n\n\n\n<div style=\"height:18px\" aria-hidden=\"true\" class=\"wp-block-spacer\"><\/div>\n<\/blockquote>\n\n<h2 class=\"wp-block-heading\">\ud83d\udcca Tabla comparativa de los precios de los cigarrillos en Turqu\u00eda (octubre de 2025)<\/h2>\n\n<div style=\"height:18px\" aria-hidden=\"true\" class=\"wp-block-spacer\"><\/div>\n\n<figure class=\"wp-block-table\"><table class=\"has-fixed-layout\"><thead><tr><th>Marca (Europa)<\/th><th>Precio en TRY<\/th><th>Precio en \u20ac (\u2248 1 \u20ac = 49 TRY)<\/th><th>Precio medio en Francia (\u20ac)<\/th><th>Diferencia Francia\/Turqu\u00eda<\/th><\/tr><\/thead><tbody><tr><td>Marlboro Rojo<\/td><td>95<\/td><td>1,94<\/td><td>13,00<\/td><td>-85 %<\/td><\/tr><tr><td>Marlboro Oro<\/td><td>95<\/td><td>1,94<\/td><td>13,00<\/td><td>-85 %<\/td><\/tr><tr><td>Winston Azul<\/td><td>90<\/td><td>1,84<\/td><td>12,00<\/td><td>-85 %<\/td><\/tr><tr><td>Amarillo camello<\/td><td>88<\/td><td>1,80<\/td><td>12,50<\/td><td>-86 %<\/td><\/tr><tr><td>Kent Azul<\/td><td>92<\/td><td>1,88<\/td><td>11,50<\/td><td>-84 %<\/td><\/tr><tr><td>Rothmans<\/td><td>86<\/td><td>1,76<\/td><td>11,00<\/td><td>-84 %<\/td><\/tr><tr><td>Chesterfield Original<\/td><td>83<\/td><td>1,69<\/td><td>11,00<\/td><td>-85 %<\/td><\/tr><tr><td>Parlamento Azul Aqua<\/td><td>105<\/td><td>2,14<\/td><td>14,00<\/td><td>-85 %<\/td><\/tr><tr><td>Davidoff Cl\u00e1sico<\/td><td>110<\/td><td>2,25<\/td><td>14,50<\/td><td>-84 %<\/td><\/tr><tr><td>L&amp;M Etiqueta Roja<\/td><td>82<\/td><td>1,67<\/td><td>10,50<\/td><td>-84 %<\/td><\/tr><tr><td>Lucky Strike Azul<\/td><td>90<\/td><td>1,84<\/td><td>12,50<\/td><td>-85 %<\/td><\/tr><tr><td>Vogue Mentol<\/td><td>100<\/td><td>2,04<\/td><td>13,50<\/td><td>-85 %<\/td><\/tr><tr><td>Gauloises marrones<\/td><td>98<\/td><td>2,00<\/td><td>12,80<\/td><td>-84 %<\/td><\/tr><tr><td>Pall Mall Rojo<\/td><td>84<\/td><td>1,71<\/td><td>11,20<\/td><td>-85 %<\/td><\/tr><tr><td>Benson &amp; Hedges Oro<\/td><td>108<\/td><td>2,20<\/td><td>13,80<\/td><td>-84 %<\/td><\/tr><tr><td>Dunhill Azul<\/td><td>112<\/td><td>2,29<\/td><td>14,20<\/td><td>-84 %<\/td><\/tr><tr><td>Monte Carlo Plata<\/td><td>80<\/td><td>1,63<\/td><td>10,00<\/td><td>-84 %<\/td><\/tr><tr><td>Corte de seda morado<\/td><td>106<\/td><td>2,16<\/td><td>13,50<\/td><td>-84 %<\/td><\/tr><tr><td>Viceroy Rojo<\/td><td>78<\/td><td>1,59<\/td><td>10,20<\/td><td>-84 %<\/td><\/tr><tr><td>Philip Morris Silver<\/td><td>94<\/td><td>1,92<\/td><td>13,00<\/td><td>-85 %<\/td><\/tr><\/tbody><\/table><\/figure>\n\n<blockquote class=\"wp-block-quote is-layout-flow wp-block-quote-is-layout-flow\">\n<div style=\"height:18px\" aria-hidden=\"true\" class=\"wp-block-spacer\"><\/div>\n\n\n\n<p>\ud83d\udd39 <strong>Precio medio en<\/strong> <strong>Turqu\u00eda (<\/strong> <strong>2025)<\/strong>: 93 TRY \u2248 <strong>1,90 \u20ac \/ paquete<\/strong><br\/>\ud83d\udd39 <strong>Precio medio en Francia (2025)<\/strong>: 12,70 \u20ac \/ paquete<br\/>\ud83d\udd39 <strong>Ahorro medio:<\/strong> unos <strong>10,80 \u20ac por paquete<\/strong><\/p>\n<\/blockquote>\n\n<p>Fuentes de referencia cruzada: <em>Combien-coute.net (actualizado en octubre de 2025), Ministerio del Tesoro turco, datos de estancos europeos<\/em>.<\/p>\n\n<div style=\"height:18px\" aria-hidden=\"true\" class=\"wp-block-spacer\"><\/div>\n\n<figure class=\"wp-block-table\"><table class=\"has-fixed-layout\"><tbody><tr><td>Lee tambi\u00e9n  <a href=\"https:\/\/www.mylasertabac.com\/es\/unete-a-la-franquicia-laser-anti-tabac-y-beneficiate-de-un-concepto-rentable-llave-en-mano\/\"><mark style=\"background-color:rgba(0, 0, 0, 0)\" class=\"has-inline-color has-luminous-vivid-orange-color\">Quieres lanzar una franquicia en el campo de r\u00e1pido crecimiento de la deshabituaci\u00f3n tab\u00e1quica y la adicci\u00f3n. Haz clic aqu\u00ed <\/mark><\/a><\/td><\/tr><\/tbody><\/table><\/figure>\n\n<div style=\"height:18px\" aria-hidden=\"true\" class=\"wp-block-spacer\"><\/div>\n\n<h2 class=\"wp-block-heading\">\ud83d\udcc8 Evoluci\u00f3n de los precios en Turqu\u00eda en los \u00faltimos a\u00f1os<\/h2>\n\n<p>La tendencia est\u00e1 marcada por un <strong>aumento constante<\/strong>, debido sobre todo a la fiscalidad \u00d6TV y a la depreciaci\u00f3n de la lira turca.<\/p>\n\n<ul class=\"wp-block-list\">\n<li><strong>2020<\/strong>: 20 INTENTOS (\u2248 0,50 \u20ac)<\/li>\n\n\n\n<li><strong>2022<\/strong>: 45 INTENTOS (\u2248 1,10 \u20ac)<\/li>\n\n\n\n<li><strong>2023<\/strong>: 65 INTENTOS (\u2248 1,40 \u20ac)<\/li>\n\n\n\n<li><strong>2025<\/strong>: media de 93 TRY (\u2248 1,90 \u20ac)<\/li>\n<\/ul>\n\n<p>Este aumento de m\u00e1s <strong> del 360% en 5 a\u00f1os<\/strong> refleja la voluntad pol\u00edtica de <strong>limitar el consumo de tabaco<\/strong> al tiempo que <strong>se hace frente a la inflaci\u00f3n<\/strong>.<br\/>No obstante, los cigarrillos siguen siendo mucho m\u00e1s asequibles que en Europa Occidental.<\/p>\n\n<div style=\"height:18px\" aria-hidden=\"true\" class=\"wp-block-spacer\"><\/div>\n\n<h2 class=\"wp-block-heading\">\ud83c\udf0d \u00bfPor qu\u00e9 el retraso?<\/h2>\n\n<h3 class=\"wp-block-heading\">\u27a4 Coste de la vida<\/h3>\n\n<p>El coste de la vida en Turqu\u00eda es alrededor de <strong>un 60% m\u00e1s bajo que en Francia<\/strong>. Los salarios, los alquileres y los precios al consumo suelen ajustarse a la baja, lo que mantiene los precios del tabaco en niveles atractivos tanto para los aut\u00f3ctonos como para los turistas. <\/p>\n\n<h3 class=\"wp-block-heading\">\u27a4 Estrategia fiscal<\/h3>\n\n<p>El gobierno turco est\u00e1 ajustando sus impuestos sin llegar a los niveles europeos, porque <strong>el tabaco es una fuente importante de impuestos<\/strong>.<br\/>Subir el precio demasiado r\u00e1pido podr\u00eda alimentar el <strong>mercado negro<\/strong>, que ya est\u00e1 presente en las fronteras siria y georgiana.<\/p>\n\n<h3 class=\"wp-block-heading\">\u27a4 Impacto en la salud<\/h3>\n\n<p>Hay casi <strong>15 millones de fumadores<\/strong> en el pa\u00eds, seg\u00fan el <em>Instituto Turco de Estad\u00edstica<\/em>. Las autoridades est\u00e1n intensificando las campa\u00f1as de prevenci\u00f3n, pero el descenso de las ventas sigue siendo lento. <\/p>\n\n<div style=\"height:18px\" aria-hidden=\"true\" class=\"wp-block-spacer\"><\/div>\n\n<h2 class=\"wp-block-heading\">\ud83d\udcac \u00bfY ahora qu\u00e9? Fumar es m\u00e1s barato, pero \u00bfpor cu\u00e1nto tiempo? <\/h2>\n\n<p>Aunque la cajetilla siga siendo asequible, la tendencia es clara: <strong>los precios suben cada a\u00f1o<\/strong>.<br\/>Y m\u00e1s all\u00e1 del coste econ\u00f3mico, el verdadero precio del tabaco es el coste para <strong>la salud<\/strong>.<br\/>Fumar sigue siendo una de las principales causas de c\u00e1ncer y enfermedades cardiovasculares en Turqu\u00eda, como en otros lugares.<\/p>\n\n<div style=\"height:18px\" aria-hidden=\"true\" class=\"wp-block-spacer\"><\/div>\n\n<figure class=\"wp-block-table\"><table class=\"has-fixed-layout\"><tbody><tr><td>Ver tambi\u00e9n: <a href=\"https:\/\/www.mylasertabac.com\/es\/precios-de-los-cigarrillos-en-marruecos-en-2025-aumento-confirmado-y-nuevas-tarifas-oficiales\/\"><mark style=\"background-color:rgba(0, 0, 0, 0)\" class=\"has-inline-color has-luminous-vivid-orange-color\">\u00bfCu\u00e1nto costar\u00e1n los paquetes de cigarrillos en Marruecos en 2025? <\/mark><\/a> <\/td><\/tr><\/tbody><\/table><\/figure>\n\n<div style=\"height:18px\" aria-hidden=\"true\" class=\"wp-block-spacer\"><\/div>\n\n<h2 class=\"wp-block-heading\">\ud83c\udf3f Por qu\u00e9 ha llegado el momento de dejar de fumar<\/h2>\n\n<p>Saber el precio de un paquete est\u00e1 muy bien.<br\/>Pero entender <strong>cu\u00e1nto le cuesta el tabaco a tu cuerpo<\/strong> est\u00e1 a\u00fan mejor.<br\/>La adicci\u00f3n a la nicotina, la p\u00e9rdida de energ\u00eda, el estr\u00e9s y la falta de aliento no son inevitables.<\/p>\n\n<p>Hoy en d\u00eda, existen soluciones naturales para <strong>romper la adicci\u00f3n<\/strong> sin sufrir s\u00edndrome de abstinencia.<br\/>La m\u00e1s eficaz y suave: <strong>la reflexolog\u00eda auditiva l\u00e1ser<\/strong>, desarrollada y practicada por <strong>MyLaserTabac<\/strong>.<\/p>\n\n<div style=\"height:18px\" aria-hidden=\"true\" class=\"wp-block-spacer\"><\/div>\n\n<h2 class=\"wp-block-heading\">\ud83d\udca1 El m\u00e9todo MyLaserTabac: un enfoque moderno y suave de la abstinencia<\/h2>\n\n<p>En <strong>MyLaserTabac<\/strong> utilizamos una t\u00e9cnica innovadora basada en la <strong>estimulaci\u00f3n l\u00e1ser de los puntos auriculares<\/strong>(zonas reflejas de la oreja).<br\/>Este m\u00e9todo act\u00faa directamente sobre :<\/p>\n\n<ul class=\"wp-block-list\">\n<li>el <strong>cerebro de la adicci\u00f3n<\/strong>,<\/li>\n\n\n\n<li><strong>controlar el estr\u00e9s y los antojos<\/strong>,<\/li>\n\n\n\n<li>y el <strong>comportamiento adictivo<\/strong>.<\/li>\n<\/ul>\n\n<div style=\"height:18px\" aria-hidden=\"true\" class=\"wp-block-spacer\"><\/div>\n\n<p>Nuestros profesionales trabajan con cada persona para crear un <strong>programa<\/strong> a medida adaptado a sus necesidades:<\/p>\n\n<ul class=\"wp-block-list\">\n<li><strong>Tabaco<\/strong>,<\/li>\n\n\n\n<li><strong>El alcohol<\/strong>,<\/li>\n\n\n\n<li><strong>Az\u00facar<\/strong>,<\/li>\n\n\n\n<li><strong>Cannabis<\/strong>,<\/li>\n\n\n\n<li><strong>Estr\u00e9s y ansiedad<\/strong>.<\/li>\n<\/ul>\n\n<p>\ud83d\udc49 En pocas sesiones, muchos de ellos encuentran calma, energ\u00eda y libertad.<br\/>Y, sobre todo, descubren que <strong>vivir sin cigarrillos<\/strong> es <strong>vivir mejor<\/strong>.<\/p>\n\n<div style=\"height:18px\" aria-hidden=\"true\" class=\"wp-block-spacer\"><\/div>\n\n<h2 class=\"wp-block-heading\">\ud83d\ude80 Conclusi\u00f3n<\/h2>\n\n<p><strong>Los precios de los cigarrillos en Turqu\u00eda<\/strong> siguen siendo bajos en comparaci\u00f3n con Francia, pero la tendencia es al alza.<br\/>En lugar de seguir la tendencia al alza, es hora de <strong>cambiar de rumbo<\/strong>.<br\/>Invertir en tu <strong>salud<\/strong> vale mil veces m\u00e1s que un paquete de 2 euros.<br\/>Pide cita hoy mismo con <strong>MyLaserTabac<\/strong>, el m\u00e9todo natural y suave para <strong>decir adi\u00f3s al tabaco<\/strong>&#8230; para siempre.<\/p>\n\n<div style=\"height:30px\" aria-hidden=\"true\" class=\"wp-block-spacer\"><\/div>\n\n<figure class=\"wp-block-image size-large\"><img decoding=\"async\" src=\"https:\/\/www.mylasertabac.com\/wp-content\/uploads\/\/mlt-verteau.svg\" alt=\"\" class=\"wp-image-13\"\/><\/figure>\n","protected":false},"excerpt":{"rendered":"<p>En 2025, Turqu\u00eda sigue atrayendo a muchos viajeros europeos atra\u00eddos por el menor coste de la vida. Pero lo mismo ocurre con los cigarrillos. A pesar de las sucesivas subidas, el precio de un paquete sigue siendo muy inferior al de Francia, Alemania o Italia.Entonces, \u00bfcu\u00e1nto cuesta un paquete de Marlboro, Camel o Winston en [&hellip;]<\/p>\n","protected":false},"author":2,"featured_media":19130,"comment_status":"closed","ping_status":"open","sticky":false,"template":"","format":"standard","meta":{"inline_featured_image":false,"footnotes":""},"categories":[678],"tags":[],"class_list":["post-19133","post","type-post","status-publish","format-standard","has-post-thumbnail","hentry","category-noticias"],"yoast_head":"<!-- This site is optimized with the Yoast SEO plugin v27.5 - https:\/\/yoast.com\/product\/yoast-seo-wordpress\/ -->\n<title>Precios de los cigarrillos en Turqu\u00eda en 2025: \u00bfcu\u00e1nto cuesta realmente fumar en Estambul? - My Laser Tabac<\/title>\n<meta name=\"description\" content=\"Averigua cu\u00e1nto costar\u00e1n los cigarrillos en Turqu\u00eda en 2025 y c\u00f3mo dejar de fumar con el m\u00e9todo MyLaserTabac.\" \/>\n<meta name=\"robots\" content=\"index, follow, max-snippet:-1, max-image-preview:large, max-video-preview:-1\" \/>\n<link rel=\"canonical\" href=\"https:\/\/www.mylasertabac.com\/es\/precios-de-los-cigarrillos-en-turquia-en-2025-cuanto-cuesta-realmente-fumar-en-estambul\/\" \/>\n<meta property=\"og:locale\" content=\"es_ES\" \/>\n<meta property=\"og:type\" content=\"article\" \/>\n<meta property=\"og:title\" content=\"Precios de los cigarrillos en Turqu\u00eda en 2025: \u00bfcu\u00e1nto cuesta realmente fumar en Estambul? - My Laser Tabac\" \/>\n<meta property=\"og:description\" content=\"Averigua cu\u00e1nto costar\u00e1n los cigarrillos en Turqu\u00eda en 2025 y c\u00f3mo dejar de fumar con el m\u00e9todo MyLaserTabac.\" \/>\n<meta property=\"og:url\" content=\"https:\/\/www.mylasertabac.com\/es\/precios-de-los-cigarrillos-en-turquia-en-2025-cuanto-cuesta-realmente-fumar-en-estambul\/\" \/>\n<meta property=\"og:site_name\" content=\"My Laser Tabac\" \/>\n<meta property=\"article:author\" content=\"https:\/\/www.facebook.com\/profile.php?id=61571554707319\" \/>\n<meta property=\"article:published_time\" content=\"2025-10-30T09:05:51+00:00\" \/>\n<meta property=\"article:modified_time\" content=\"2025-10-30T09:18:42+00:00\" \/>\n<meta property=\"og:image\" content=\"https:\/\/www.mylasertabac.com\/wp-content\/uploads\/2025\/10\/Prix-des-cigarettes-en-Turquie-en-2025-1024x683.png\" \/>\n\t<meta property=\"og:image:width\" content=\"1024\" \/>\n\t<meta property=\"og:image:height\" content=\"683\" \/>\n\t<meta property=\"og:image:type\" content=\"image\/png\" \/>\n<meta name=\"author\" content=\"Florian Fortes\" \/>\n<meta name=\"twitter:card\" content=\"summary_large_image\" \/>\n<meta name=\"twitter:label1\" content=\"Escrito por\" \/>\n\t<meta name=\"twitter:data1\" content=\"Florian Fortes\" \/>\n\t<meta name=\"twitter:label2\" content=\"Tiempo de lectura\" \/>\n\t<meta name=\"twitter:data2\" content=\"5 minutos\" \/>\n<script type=\"application\/ld+json\" class=\"yoast-schema-graph\">{\"@context\":\"https:\\\/\\\/schema.org\",\"@graph\":[{\"@type\":\"Article\",\"@id\":\"https:\\\/\\\/www.mylasertabac.com\\\/es\\\/precios-de-los-cigarrillos-en-turquia-en-2025-cuanto-cuesta-realmente-fumar-en-estambul\\\/#article\",\"isPartOf\":{\"@id\":\"https:\\\/\\\/www.mylasertabac.com\\\/es\\\/precios-de-los-cigarrillos-en-turquia-en-2025-cuanto-cuesta-realmente-fumar-en-estambul\\\/\"},\"author\":{\"name\":\"Florian Fortes\",\"@id\":\"https:\\\/\\\/www.mylasertabac.com\\\/es\\\/#\\\/schema\\\/person\\\/02c249cb76d912efb6c315ec23eccdf3\"},\"headline\":\"Precios de los cigarrillos en Turqu\u00eda en 2025: \u00bfcu\u00e1nto cuesta realmente fumar en Estambul?\",\"datePublished\":\"2025-10-30T09:05:51+00:00\",\"dateModified\":\"2025-10-30T09:18:42+00:00\",\"mainEntityOfPage\":{\"@id\":\"https:\\\/\\\/www.mylasertabac.com\\\/es\\\/precios-de-los-cigarrillos-en-turquia-en-2025-cuanto-cuesta-realmente-fumar-en-estambul\\\/\"},\"wordCount\":936,\"publisher\":{\"@id\":\"https:\\\/\\\/www.mylasertabac.com\\\/es\\\/#organization\"},\"image\":{\"@id\":\"https:\\\/\\\/www.mylasertabac.com\\\/es\\\/precios-de-los-cigarrillos-en-turquia-en-2025-cuanto-cuesta-realmente-fumar-en-estambul\\\/#primaryimage\"},\"thumbnailUrl\":\"https:\\\/\\\/www.mylasertabac.com\\\/wp-content\\\/uploads\\\/2025\\\/10\\\/Prix-des-cigarettes-en-Turquie-en-2025.png\",\"articleSection\":[\"noticias\"],\"inLanguage\":\"es\"},{\"@type\":\"WebPage\",\"@id\":\"https:\\\/\\\/www.mylasertabac.com\\\/es\\\/precios-de-los-cigarrillos-en-turquia-en-2025-cuanto-cuesta-realmente-fumar-en-estambul\\\/\",\"url\":\"https:\\\/\\\/www.mylasertabac.com\\\/es\\\/precios-de-los-cigarrillos-en-turquia-en-2025-cuanto-cuesta-realmente-fumar-en-estambul\\\/\",\"name\":\"Precios de los cigarrillos en Turqu\u00eda en 2025: \u00bfcu\u00e1nto cuesta realmente fumar en Estambul? - My Laser Tabac\",\"isPartOf\":{\"@id\":\"https:\\\/\\\/www.mylasertabac.com\\\/es\\\/#website\"},\"primaryImageOfPage\":{\"@id\":\"https:\\\/\\\/www.mylasertabac.com\\\/es\\\/precios-de-los-cigarrillos-en-turquia-en-2025-cuanto-cuesta-realmente-fumar-en-estambul\\\/#primaryimage\"},\"image\":{\"@id\":\"https:\\\/\\\/www.mylasertabac.com\\\/es\\\/precios-de-los-cigarrillos-en-turquia-en-2025-cuanto-cuesta-realmente-fumar-en-estambul\\\/#primaryimage\"},\"thumbnailUrl\":\"https:\\\/\\\/www.mylasertabac.com\\\/wp-content\\\/uploads\\\/2025\\\/10\\\/Prix-des-cigarettes-en-Turquie-en-2025.png\",\"datePublished\":\"2025-10-30T09:05:51+00:00\",\"dateModified\":\"2025-10-30T09:18:42+00:00\",\"description\":\"Averigua cu\u00e1nto costar\u00e1n los cigarrillos en Turqu\u00eda en 2025 y c\u00f3mo dejar de fumar con el m\u00e9todo MyLaserTabac.\",\"breadcrumb\":{\"@id\":\"https:\\\/\\\/www.mylasertabac.com\\\/es\\\/precios-de-los-cigarrillos-en-turquia-en-2025-cuanto-cuesta-realmente-fumar-en-estambul\\\/#breadcrumb\"},\"inLanguage\":\"es\",\"potentialAction\":[{\"@type\":\"ReadAction\",\"target\":[\"https:\\\/\\\/www.mylasertabac.com\\\/es\\\/precios-de-los-cigarrillos-en-turquia-en-2025-cuanto-cuesta-realmente-fumar-en-estambul\\\/\"]}]},{\"@type\":\"ImageObject\",\"inLanguage\":\"es\",\"@id\":\"https:\\\/\\\/www.mylasertabac.com\\\/es\\\/precios-de-los-cigarrillos-en-turquia-en-2025-cuanto-cuesta-realmente-fumar-en-estambul\\\/#primaryimage\",\"url\":\"https:\\\/\\\/www.mylasertabac.com\\\/wp-content\\\/uploads\\\/2025\\\/10\\\/Prix-des-cigarettes-en-Turquie-en-2025.png\",\"contentUrl\":\"https:\\\/\\\/www.mylasertabac.com\\\/wp-content\\\/uploads\\\/2025\\\/10\\\/Prix-des-cigarettes-en-Turquie-en-2025.png\",\"width\":1536,\"height\":1024},{\"@type\":\"BreadcrumbList\",\"@id\":\"https:\\\/\\\/www.mylasertabac.com\\\/es\\\/precios-de-los-cigarrillos-en-turquia-en-2025-cuanto-cuesta-realmente-fumar-en-estambul\\\/#breadcrumb\",\"itemListElement\":[{\"@type\":\"ListItem\",\"position\":1,\"name\":\"Accueil\",\"item\":\"https:\\\/\\\/www.mylasertabac.com\\\/es\\\/inicio\\\/\"},{\"@type\":\"ListItem\",\"position\":2,\"name\":\"Precios de los cigarrillos en Turqu\u00eda en 2025: \u00bfcu\u00e1nto cuesta realmente fumar en Estambul?\"}]},{\"@type\":\"WebSite\",\"@id\":\"https:\\\/\\\/www.mylasertabac.com\\\/es\\\/#website\",\"url\":\"https:\\\/\\\/www.mylasertabac.com\\\/es\\\/\",\"name\":\"My Laser Tabac\",\"description\":\"La solution laser qui transforme les fumeurs en ex-fumeurs\",\"publisher\":{\"@id\":\"https:\\\/\\\/www.mylasertabac.com\\\/es\\\/#organization\"},\"potentialAction\":[{\"@type\":\"SearchAction\",\"target\":{\"@type\":\"EntryPoint\",\"urlTemplate\":\"https:\\\/\\\/www.mylasertabac.com\\\/es\\\/?s={search_term_string}\"},\"query-input\":{\"@type\":\"PropertyValueSpecification\",\"valueRequired\":true,\"valueName\":\"search_term_string\"}}],\"inLanguage\":\"es\"},{\"@type\":\"Organization\",\"@id\":\"https:\\\/\\\/www.mylasertabac.com\\\/es\\\/#organization\",\"name\":\"My Laser Tabac\",\"url\":\"https:\\\/\\\/www.mylasertabac.com\\\/es\\\/\",\"logo\":{\"@type\":\"ImageObject\",\"inLanguage\":\"es\",\"@id\":\"https:\\\/\\\/www.mylasertabac.com\\\/es\\\/#\\\/schema\\\/logo\\\/image\\\/\",\"url\":\"https:\\\/\\\/www.mylasertabac.com\\\/wp-content\\\/uploads\\\/2024\\\/12\\\/mlt-verteau.svg\",\"contentUrl\":\"https:\\\/\\\/www.mylasertabac.com\\\/wp-content\\\/uploads\\\/2024\\\/12\\\/mlt-verteau.svg\",\"caption\":\"My Laser Tabac\"},\"image\":{\"@id\":\"https:\\\/\\\/www.mylasertabac.com\\\/es\\\/#\\\/schema\\\/logo\\\/image\\\/\"}},{\"@type\":\"Person\",\"@id\":\"https:\\\/\\\/www.mylasertabac.com\\\/es\\\/#\\\/schema\\\/person\\\/02c249cb76d912efb6c315ec23eccdf3\",\"name\":\"Florian Fortes\",\"image\":{\"@type\":\"ImageObject\",\"inLanguage\":\"es\",\"@id\":\"https:\\\/\\\/www.mylasertabac.com\\\/wp-content\\\/litespeed\\\/avatar\\\/142101a71d7b9e6490c1120d9c109a67.jpg?ver=1777461116\",\"url\":\"https:\\\/\\\/www.mylasertabac.com\\\/wp-content\\\/litespeed\\\/avatar\\\/142101a71d7b9e6490c1120d9c109a67.jpg?ver=1777461116\",\"contentUrl\":\"https:\\\/\\\/www.mylasertabac.com\\\/wp-content\\\/litespeed\\\/avatar\\\/142101a71d7b9e6490c1120d9c109a67.jpg?ver=1777461116\",\"caption\":\"Florian Fortes\"},\"sameAs\":[\"https:\\\/\\\/www.mylasertabac.com\",\"https:\\\/\\\/www.facebook.com\\\/profile.php?id=61571554707319\"],\"url\":\"https:\\\/\\\/www.mylasertabac.com\\\/es\\\/author\\\/florianfortes5312\\\/\"}]}<\/script>\n<!-- \/ Yoast SEO plugin. -->","yoast_head_json":{"title":"Precios de los cigarrillos en Turqu\u00eda en 2025: \u00bfcu\u00e1nto cuesta realmente fumar en Estambul? - My Laser Tabac","description":"Averigua cu\u00e1nto costar\u00e1n los cigarrillos en Turqu\u00eda en 2025 y c\u00f3mo dejar de fumar con el m\u00e9todo MyLaserTabac.","robots":{"index":"index","follow":"follow","max-snippet":"max-snippet:-1","max-image-preview":"max-image-preview:large","max-video-preview":"max-video-preview:-1"},"canonical":"https:\/\/www.mylasertabac.com\/es\/precios-de-los-cigarrillos-en-turquia-en-2025-cuanto-cuesta-realmente-fumar-en-estambul\/","og_locale":"es_ES","og_type":"article","og_title":"Precios de los cigarrillos en Turqu\u00eda en 2025: \u00bfcu\u00e1nto cuesta realmente fumar en Estambul? - My Laser Tabac","og_description":"Averigua cu\u00e1nto costar\u00e1n los cigarrillos en Turqu\u00eda en 2025 y c\u00f3mo dejar de fumar con el m\u00e9todo MyLaserTabac.","og_url":"https:\/\/www.mylasertabac.com\/es\/precios-de-los-cigarrillos-en-turquia-en-2025-cuanto-cuesta-realmente-fumar-en-estambul\/","og_site_name":"My Laser Tabac","article_author":"https:\/\/www.facebook.com\/profile.php?id=61571554707319","article_published_time":"2025-10-30T09:05:51+00:00","article_modified_time":"2025-10-30T09:18:42+00:00","og_image":[{"width":1024,"height":683,"url":"https:\/\/www.mylasertabac.com\/wp-content\/uploads\/2025\/10\/Prix-des-cigarettes-en-Turquie-en-2025-1024x683.png","type":"image\/png"}],"author":"Florian Fortes","twitter_card":"summary_large_image","twitter_misc":{"Escrito por":"Florian Fortes","Tiempo de lectura":"5 minutos"},"schema":{"@context":"https:\/\/schema.org","@graph":[{"@type":"Article","@id":"https:\/\/www.mylasertabac.com\/es\/precios-de-los-cigarrillos-en-turquia-en-2025-cuanto-cuesta-realmente-fumar-en-estambul\/#article","isPartOf":{"@id":"https:\/\/www.mylasertabac.com\/es\/precios-de-los-cigarrillos-en-turquia-en-2025-cuanto-cuesta-realmente-fumar-en-estambul\/"},"author":{"name":"Florian Fortes","@id":"https:\/\/www.mylasertabac.com\/es\/#\/schema\/person\/02c249cb76d912efb6c315ec23eccdf3"},"headline":"Precios de los cigarrillos en Turqu\u00eda en 2025: \u00bfcu\u00e1nto cuesta realmente fumar en Estambul?","datePublished":"2025-10-30T09:05:51+00:00","dateModified":"2025-10-30T09:18:42+00:00","mainEntityOfPage":{"@id":"https:\/\/www.mylasertabac.com\/es\/precios-de-los-cigarrillos-en-turquia-en-2025-cuanto-cuesta-realmente-fumar-en-estambul\/"},"wordCount":936,"publisher":{"@id":"https:\/\/www.mylasertabac.com\/es\/#organization"},"image":{"@id":"https:\/\/www.mylasertabac.com\/es\/precios-de-los-cigarrillos-en-turquia-en-2025-cuanto-cuesta-realmente-fumar-en-estambul\/#primaryimage"},"thumbnailUrl":"https:\/\/www.mylasertabac.com\/wp-content\/uploads\/2025\/10\/Prix-des-cigarettes-en-Turquie-en-2025.png","articleSection":["noticias"],"inLanguage":"es"},{"@type":"WebPage","@id":"https:\/\/www.mylasertabac.com\/es\/precios-de-los-cigarrillos-en-turquia-en-2025-cuanto-cuesta-realmente-fumar-en-estambul\/","url":"https:\/\/www.mylasertabac.com\/es\/precios-de-los-cigarrillos-en-turquia-en-2025-cuanto-cuesta-realmente-fumar-en-estambul\/","name":"Precios de los cigarrillos en Turqu\u00eda en 2025: \u00bfcu\u00e1nto cuesta realmente fumar en Estambul? - My Laser Tabac","isPartOf":{"@id":"https:\/\/www.mylasertabac.com\/es\/#website"},"primaryImageOfPage":{"@id":"https:\/\/www.mylasertabac.com\/es\/precios-de-los-cigarrillos-en-turquia-en-2025-cuanto-cuesta-realmente-fumar-en-estambul\/#primaryimage"},"image":{"@id":"https:\/\/www.mylasertabac.com\/es\/precios-de-los-cigarrillos-en-turquia-en-2025-cuanto-cuesta-realmente-fumar-en-estambul\/#primaryimage"},"thumbnailUrl":"https:\/\/www.mylasertabac.com\/wp-content\/uploads\/2025\/10\/Prix-des-cigarettes-en-Turquie-en-2025.png","datePublished":"2025-10-30T09:05:51+00:00","dateModified":"2025-10-30T09:18:42+00:00","description":"Averigua cu\u00e1nto costar\u00e1n los cigarrillos en Turqu\u00eda en 2025 y c\u00f3mo dejar de fumar con el m\u00e9todo MyLaserTabac.","breadcrumb":{"@id":"https:\/\/www.mylasertabac.com\/es\/precios-de-los-cigarrillos-en-turquia-en-2025-cuanto-cuesta-realmente-fumar-en-estambul\/#breadcrumb"},"inLanguage":"es","potentialAction":[{"@type":"ReadAction","target":["https:\/\/www.mylasertabac.com\/es\/precios-de-los-cigarrillos-en-turquia-en-2025-cuanto-cuesta-realmente-fumar-en-estambul\/"]}]},{"@type":"ImageObject","inLanguage":"es","@id":"https:\/\/www.mylasertabac.com\/es\/precios-de-los-cigarrillos-en-turquia-en-2025-cuanto-cuesta-realmente-fumar-en-estambul\/#primaryimage","url":"https:\/\/www.mylasertabac.com\/wp-content\/uploads\/2025\/10\/Prix-des-cigarettes-en-Turquie-en-2025.png","contentUrl":"https:\/\/www.mylasertabac.com\/wp-content\/uploads\/2025\/10\/Prix-des-cigarettes-en-Turquie-en-2025.png","width":1536,"height":1024},{"@type":"BreadcrumbList","@id":"https:\/\/www.mylasertabac.com\/es\/precios-de-los-cigarrillos-en-turquia-en-2025-cuanto-cuesta-realmente-fumar-en-estambul\/#breadcrumb","itemListElement":[{"@type":"ListItem","position":1,"name":"Accueil","item":"https:\/\/www.mylasertabac.com\/es\/inicio\/"},{"@type":"ListItem","position":2,"name":"Precios de los cigarrillos en Turqu\u00eda en 2025: \u00bfcu\u00e1nto cuesta realmente fumar en Estambul?"}]},{"@type":"WebSite","@id":"https:\/\/www.mylasertabac.com\/es\/#website","url":"https:\/\/www.mylasertabac.com\/es\/","name":"My Laser Tabac","description":"La solution laser qui transforme les fumeurs en ex-fumeurs","publisher":{"@id":"https:\/\/www.mylasertabac.com\/es\/#organization"},"potentialAction":[{"@type":"SearchAction","target":{"@type":"EntryPoint","urlTemplate":"https:\/\/www.mylasertabac.com\/es\/?s={search_term_string}"},"query-input":{"@type":"PropertyValueSpecification","valueRequired":true,"valueName":"search_term_string"}}],"inLanguage":"es"},{"@type":"Organization","@id":"https:\/\/www.mylasertabac.com\/es\/#organization","name":"My Laser Tabac","url":"https:\/\/www.mylasertabac.com\/es\/","logo":{"@type":"ImageObject","inLanguage":"es","@id":"https:\/\/www.mylasertabac.com\/es\/#\/schema\/logo\/image\/","url":"https:\/\/www.mylasertabac.com\/wp-content\/uploads\/2024\/12\/mlt-verteau.svg","contentUrl":"https:\/\/www.mylasertabac.com\/wp-content\/uploads\/2024\/12\/mlt-verteau.svg","caption":"My Laser Tabac"},"image":{"@id":"https:\/\/www.mylasertabac.com\/es\/#\/schema\/logo\/image\/"}},{"@type":"Person","@id":"https:\/\/www.mylasertabac.com\/es\/#\/schema\/person\/02c249cb76d912efb6c315ec23eccdf3","name":"Florian Fortes","image":{"@type":"ImageObject","inLanguage":"es","@id":"https:\/\/www.mylasertabac.com\/wp-content\/litespeed\/avatar\/142101a71d7b9e6490c1120d9c109a67.jpg?ver=1777461116","url":"https:\/\/www.mylasertabac.com\/wp-content\/litespeed\/avatar\/142101a71d7b9e6490c1120d9c109a67.jpg?ver=1777461116","contentUrl":"https:\/\/www.mylasertabac.com\/wp-content\/litespeed\/avatar\/142101a71d7b9e6490c1120d9c109a67.jpg?ver=1777461116","caption":"Florian Fortes"},"sameAs":["https:\/\/www.mylasertabac.com","https:\/\/www.facebook.com\/profile.php?id=61571554707319"],"url":"https:\/\/www.mylasertabac.com\/es\/author\/florianfortes5312\/"}]}},"_links":{"self":[{"href":"https:\/\/www.mylasertabac.com\/es\/wp-json\/wp\/v2\/posts\/19133","targetHints":{"allow":["GET"]}}],"collection":[{"href":"https:\/\/www.mylasertabac.com\/es\/wp-json\/wp\/v2\/posts"}],"about":[{"href":"https:\/\/www.mylasertabac.com\/es\/wp-json\/wp\/v2\/types\/post"}],"author":[{"embeddable":true,"href":"https:\/\/www.mylasertabac.com\/es\/wp-json\/wp\/v2\/users\/2"}],"replies":[{"embeddable":true,"href":"https:\/\/www.mylasertabac.com\/es\/wp-json\/wp\/v2\/comments?post=19133"}],"version-history":[{"count":1,"href":"https:\/\/www.mylasertabac.com\/es\/wp-json\/wp\/v2\/posts\/19133\/revisions"}],"predecessor-version":[{"id":19136,"href":"https:\/\/www.mylasertabac.com\/es\/wp-json\/wp\/v2\/posts\/19133\/revisions\/19136"}],"wp:featuredmedia":[{"embeddable":true,"href":"https:\/\/www.mylasertabac.com\/es\/wp-json\/wp\/v2\/media\/19130"}],"wp:attachment":[{"href":"https:\/\/www.mylasertabac.com\/es\/wp-json\/wp\/v2\/media?parent=19133"}],"wp:term":[{"taxonomy":"category","embeddable":true,"href":"https:\/\/www.mylasertabac.com\/es\/wp-json\/wp\/v2\/categories?post=19133"},{"taxonomy":"post_tag","embeddable":true,"href":"https:\/\/www.mylasertabac.com\/es\/wp-json\/wp\/v2\/tags?post=19133"}],"curies":[{"name":"wp","href":"https:\/\/api.w.org\/{rel}","templated":true}]}}