{"id":19184,"date":"2025-10-31T09:45:19","date_gmt":"2025-10-31T08:45:19","guid":{"rendered":"https:\/\/www.mylasertabac.com\/el-loco-plan-del-gobierno-prohibir-la-venta-de-vape-online\/"},"modified":"2025-10-31T13:14:53","modified_gmt":"2025-10-31T12:14:53","slug":"el-loco-plan-del-gobierno-prohibir-la-venta-de-vape-online","status":"publish","type":"post","link":"https:\/\/www.mylasertabac.com\/es\/el-loco-plan-del-gobierno-prohibir-la-venta-de-vape-online\/","title":{"rendered":"El loco plan del gobierno: prohibir la venta de vape online"},"content":{"rendered":"\n<div style=\"height:25px\" aria-hidden=\"true\" class=\"wp-block-spacer\"><\/div>\n\n<p>Hoy en d\u00eda, cuando enciendes un cigarrillo electr\u00f3nico, no siempre piensas en el medio ambiente que te rodea. Pero la <g id=\"gid_0\">Ley de Finanzas 2026<\/g>, y en particular <g id=\"gid_1\">el art\u00edculo 23<\/g>, podr\u00eda poner patas arriba el mundo del vapeo en Francia. Bloqueo de las ventas en l\u00ednea, aumento de los impuestos, transformaci\u00f3n del estatuto jur\u00eddico: estos son s\u00f3lo algunos de los cambios que tendr\u00e1n un gran impacto en las tiendas especializadas, los usuarios y el acceso a una herramienta para dejar de fumar.    <\/p>\n\n<div style=\"height:24px\" aria-hidden=\"true\" class=\"wp-block-spacer\"><\/div>\n\n<figure class=\"wp-block-image alignleft size-large is-resized\"><a href=\"https:\/\/www.mylasertabac.com\/es\/nuestros-centros\/\"><img fetchpriority=\"high\" decoding=\"async\" width=\"1024\" height=\"668\" src=\"https:\/\/www.mylasertabac.com\/wp-content\/uploads\/2025\/08\/tu-veux-arreter-de-fumer-Clique-ici--1024x668.jpg\" alt=\"\" class=\"wp-image-13752\" style=\"width:410px;height:auto\" srcset=\"https:\/\/www.mylasertabac.com\/wp-content\/uploads\/2025\/08\/tu-veux-arreter-de-fumer-Clique-ici--1024x668.jpg 1024w, https:\/\/www.mylasertabac.com\/wp-content\/uploads\/2025\/08\/tu-veux-arreter-de-fumer-Clique-ici--300x196.jpg 300w, https:\/\/www.mylasertabac.com\/wp-content\/uploads\/2025\/08\/tu-veux-arreter-de-fumer-Clique-ici--768x501.jpg 768w, https:\/\/www.mylasertabac.com\/wp-content\/uploads\/2025\/08\/tu-veux-arreter-de-fumer-Clique-ici-.jpg 1206w\" sizes=\"(max-width: 1024px) 100vw, 1024px\" \/><\/a><\/figure>\n\n<h3 class=\"wp-block-heading\">\ud83c\udfaf Un reparto final<\/h3>\n\n<p>La venta a distancia de e-l\u00edquidos y equipos de vapeo podr\u00eda prohibirse a los particulares. El art\u00edculo 23 propone prohibir todas las transacciones de comercio electr\u00f3nico con consumidores finales, as\u00ed como la entrega por correo o paqueter\u00eda.   <br\/>Para muchas personas, comprar por Internet era una soluci\u00f3n esencial: en zonas rurales, con movilidad reducida o simplemente para beneficiarse de precios m\u00e1s asequibles. Esta medida plantea serias dudas sobre el acceso a la alternativa a los cigarrillos. <\/p>\n\n<div style=\"height:24px\" aria-hidden=\"true\" class=\"wp-block-spacer\"><\/div>\n\n<h3 class=\"wp-block-heading\">\ud83d\udcb6 Fiscalidad herm\u00e9tica<\/h3>\n\n<p>M\u00e1s all\u00e1 del acceso, lo que subir\u00e1 ser\u00e1 el precio. El art\u00edculo 23 impone un <g id=\"gid_0\">impuesto especial por mililitro de l\u00edquido<\/g>: 0,03 euros\/ml para las dosis bajas de nicotina, que se eleva a 0,05 euros\/ml por encima de esa cantidad. Este recargo, combinado con el IVA del 20%, podr\u00eda hacer que el e-l\u00edquido pasara de ser una herramienta econ\u00f3mica para dejar de fumar a un producto caro. <br\/>Como resultado, una botella de 50 ml podr\u00eda sufrir un incremento de 1,50 a 2,50 euros, es decir, un aumento <strong>del 10% al 18%<\/strong> o m\u00e1s, seg\u00fan la marca.    <\/p>\n\n<div style=\"height:24px\" aria-hidden=\"true\" class=\"wp-block-spacer\"><\/div>\n\n<h3 class=\"wp-block-heading\">\u2696\ufe0f \u00bfVape = tabaco? Una ecuaci\u00f3n controvertida <\/h3>\n\n<p>El texto prev\u00e9 vincular legalmente el vapeo a los productos del tabaco. Esta redefinici\u00f3n afecta al <g id=\"gid_0\">C\u00f3digo Fiscal y<\/g>no al C\u00f3digo de Salud P\u00fablica. Este cambio pone en peligro el reconocimiento del vapeo como herramienta para dejar de fumar.    <br\/>Los profesionales creen que esta asimilaci\u00f3n va en contra del papel que desempe\u00f1an los cigarrillos electr\u00f3nicos para ayudar a los fumadores que quieren dejar de fumar.<\/p>\n\n<div style=\"height:24px\" aria-hidden=\"true\" class=\"wp-block-spacer\"><\/div>\n\n<h3 class=\"wp-block-heading\">\ud83c\udfed La industria en alerta<\/h3>\n\n<p>Las consecuencias ser\u00edan graves:<\/p>\n\n<ul class=\"wp-block-list\">\n<li>Cierre potencial de un gran n\u00famero de tiendas independientes.  <\/li>\n\n\n\n<li>Distribuci\u00f3n reorientada a <strong>estancos<\/strong> y puntos de venta especialmente autorizados.  <\/li>\n\n\n\n<li>Riesgo de volver a los cigarrillos tradicionales por falta de una alternativa asequible.  <\/li>\n\n\n\n<li>Aumento del mercado paralelo e incontrolado de la sanidad p\u00fablica.  <\/li>\n<\/ul>\n\n<div style=\"height:27px\" aria-hidden=\"true\" class=\"wp-block-spacer\"><\/div>\n\n<figure class=\"wp-block-table\"><table class=\"has-fixed-layout\"><tbody><tr><td>Lee tambi\u00e9n  <a href=\"https:\/\/www.mylasertabac.com\/es\/informacion\/formacion-laser-antitabaco-y-contra-la-adiccion\/\"><mark style=\"background-color:rgba(0, 0, 0, 0)\" class=\"has-inline-color has-luminous-vivid-orange-color\">Quieres abrir una franquicia Mylasertabac y convertirte en el l\u00edder de tu sector. Haz clic aqu\u00ed <\/mark><\/a><\/td><\/tr><\/tbody><\/table><\/figure>\n\n<div style=\"height:24px\" aria-hidden=\"true\" class=\"wp-block-spacer\"><\/div>\n\n<h3 class=\"wp-block-heading\">\u00bfY ahora qu\u00e9? Hacia un alto definitivo <\/h3>\n\n<p>Con este incierto tel\u00f3n de fondo para el vapeo, surge la pregunta: <strong>\u00bfdebemos esperar o pasar a la acci\u00f3n para dejar de fumar?<\/strong><br\/>Cuando la alternativa resulta m\u00e1s cara o de m\u00e1s dif\u00edcil acceso, es como decir \u00abestoy posponiendo dejar de fumar\u00bb. Pero cada d\u00eda sin un cigarrillo sigue siendo una victoria sobre la adicci\u00f3n. <\/p>\n\n<div style=\"height:24px\" aria-hidden=\"true\" class=\"wp-block-spacer\"><\/div>\n\n<h3 class=\"wp-block-heading\">\ud83c\udf3f El m\u00e9todo MyLaserTabac<\/h3>\n\n<p>Para los que realmente quieren decir adi\u00f3s al tabaco, <strong><a href=\"https:\/\/www.mylasertabac.com\/es\/\">MiL\u00e1serTabac<\/a><\/strong> ofrece un m\u00e9todo innovador: <strong>la reflexolog\u00eda auditiva l\u00e1ser<\/strong>.<\/p>\n\n<ul class=\"wp-block-list\">\n<li>Estimulaci\u00f3n dirigida del o\u00eddo.<\/li>\n\n\n\n<li>No hay sustitutos de medicamentos.<\/li>\n\n\n\n<li>Sesiones personalizadas y sin dolor, tambi\u00e9n adecuadas para otras adicciones: az\u00facar, alcohol, cannabis, gesti\u00f3n del estr\u00e9s.<\/li>\n\n\n\n<li>Una red nacional de centros.<\/li>\n<\/ul>\n\n<p>Este planteamiento nos permite salir del marco \u00abvapear o sustitutos\u00bb y emprender un camino claro: <strong>fumar = adicci\u00f3n, pero dejar de fumar = libertad<\/strong>.<\/p>\n\n<div style=\"height:24px\" aria-hidden=\"true\" class=\"wp-block-spacer\"><\/div>\n\n<h3 class=\"wp-block-heading\">\u2728 Conclusi\u00f3n<\/h3>\n\n<p>El proyecto de ley de 2026 podr\u00eda transformar radicalmente la industria del vaping, con la distribuci\u00f3n bloqueada, el aumento de los impuestos y el sector en peligro.<br\/>Para los fumadores, ha llegado el momento de preguntarse: <strong>\u00bfsigo siendo adicto o paso p\u00e1gina?<\/strong><br\/>Con MyLaserTabac, dejar de fumar se convierte en una realidad accesible, bien apoyada y sostenible.<br\/>\ud83d\udc49 <em>El verdadero cambio empieza hoy<\/em>.<\/p>\n\n<div style=\"height:24px\" aria-hidden=\"true\" class=\"wp-block-spacer\"><\/div>\n\n<figure class=\"wp-block-image size-large\"><img decoding=\"async\" src=\"https:\/\/www.mylasertabac.com\/wp-content\/uploads\/\/mlt-verteau.svg\" alt=\"\" class=\"wp-image-13\"\/><\/figure>\n\n<p><\/p>\n","protected":false},"excerpt":{"rendered":"<p>Hoy en d\u00eda, cuando enciendes un cigarrillo electr\u00f3nico, no siempre piensas en el medio ambiente que te rodea. Pero la Ley de Finanzas 2026, y en particular el art\u00edculo 23, podr\u00eda poner patas arriba el mundo del vapeo en Francia. Bloqueo de las ventas en l\u00ednea, aumento de los impuestos, transformaci\u00f3n del estatuto jur\u00eddico: estos [&hellip;]<\/p>\n","protected":false},"author":2,"featured_media":19195,"comment_status":"closed","ping_status":"open","sticky":false,"template":"","format":"standard","meta":{"inline_featured_image":false,"footnotes":""},"categories":[582],"tags":[],"class_list":["post-19184","post","type-post","status-publish","format-standard","has-post-thumbnail","hentry","category-ley"],"yoast_head":"<!-- This site is optimized with the Yoast SEO plugin v27.5 - https:\/\/yoast.com\/product\/yoast-seo-wordpress\/ -->\n<title>El loco plan del gobierno: prohibir la venta de vape online - My Laser Tabac<\/title>\n<meta name=\"description\" content=\"Nueva ley 2026: pronto se prohibir\u00e1 la venta de vape online. Inf\u00f3rmate sobre su impacto y alternativas eficaces.\" \/>\n<meta name=\"robots\" content=\"index, follow, max-snippet:-1, max-image-preview:large, max-video-preview:-1\" \/>\n<link rel=\"canonical\" href=\"https:\/\/www.mylasertabac.com\/es\/el-loco-plan-del-gobierno-prohibir-la-venta-de-vape-online\/\" \/>\n<meta property=\"og:locale\" content=\"es_ES\" \/>\n<meta property=\"og:type\" content=\"article\" \/>\n<meta property=\"og:title\" content=\"El loco plan del gobierno: prohibir la venta de vape online - My Laser Tabac\" \/>\n<meta property=\"og:description\" content=\"Nueva ley 2026: pronto se prohibir\u00e1 la venta de vape online. Inf\u00f3rmate sobre su impacto y alternativas eficaces.\" \/>\n<meta property=\"og:url\" content=\"https:\/\/www.mylasertabac.com\/es\/el-loco-plan-del-gobierno-prohibir-la-venta-de-vape-online\/\" \/>\n<meta property=\"og:site_name\" content=\"My Laser Tabac\" \/>\n<meta property=\"article:author\" content=\"https:\/\/www.facebook.com\/profile.php?id=61571554707319\" \/>\n<meta property=\"article:published_time\" content=\"2025-10-31T08:45:19+00:00\" \/>\n<meta property=\"article:modified_time\" content=\"2025-10-31T12:14:53+00:00\" \/>\n<meta property=\"og:image\" content=\"https:\/\/www.mylasertabac.com\/wp-content\/uploads\/2025\/10\/Le-projet-fou-du-gouvernement-interdire-la-vente-de-vape-en-ligne.jpg\" \/>\n\t<meta property=\"og:image:width\" content=\"1300\" \/>\n\t<meta property=\"og:image:height\" content=\"681\" \/>\n\t<meta property=\"og:image:type\" content=\"image\/jpeg\" \/>\n<meta name=\"author\" content=\"Florian Fortes\" \/>\n<meta name=\"twitter:card\" content=\"summary_large_image\" \/>\n<meta name=\"twitter:label1\" content=\"Escrito por\" \/>\n\t<meta name=\"twitter:data1\" content=\"Florian Fortes\" \/>\n\t<meta name=\"twitter:label2\" content=\"Tiempo de lectura\" \/>\n\t<meta name=\"twitter:data2\" content=\"3 minutos\" \/>\n<script type=\"application\/ld+json\" class=\"yoast-schema-graph\">{\"@context\":\"https:\\\/\\\/schema.org\",\"@graph\":[{\"@type\":\"Article\",\"@id\":\"https:\\\/\\\/www.mylasertabac.com\\\/es\\\/el-loco-plan-del-gobierno-prohibir-la-venta-de-vape-online\\\/#article\",\"isPartOf\":{\"@id\":\"https:\\\/\\\/www.mylasertabac.com\\\/es\\\/el-loco-plan-del-gobierno-prohibir-la-venta-de-vape-online\\\/\"},\"author\":{\"name\":\"Florian Fortes\",\"@id\":\"https:\\\/\\\/www.mylasertabac.com\\\/es\\\/#\\\/schema\\\/person\\\/02c249cb76d912efb6c315ec23eccdf3\"},\"headline\":\"El loco plan del gobierno: prohibir la venta de vape online\",\"datePublished\":\"2025-10-31T08:45:19+00:00\",\"dateModified\":\"2025-10-31T12:14:53+00:00\",\"mainEntityOfPage\":{\"@id\":\"https:\\\/\\\/www.mylasertabac.com\\\/es\\\/el-loco-plan-del-gobierno-prohibir-la-venta-de-vape-online\\\/\"},\"wordCount\":658,\"publisher\":{\"@id\":\"https:\\\/\\\/www.mylasertabac.com\\\/es\\\/#organization\"},\"image\":{\"@id\":\"https:\\\/\\\/www.mylasertabac.com\\\/es\\\/el-loco-plan-del-gobierno-prohibir-la-venta-de-vape-online\\\/#primaryimage\"},\"thumbnailUrl\":\"https:\\\/\\\/www.mylasertabac.com\\\/wp-content\\\/uploads\\\/2025\\\/10\\\/Le-projet-fou-du-gouvernement-interdire-la-vente-de-vape-en-ligne.jpg\",\"articleSection\":[\"ley\"],\"inLanguage\":\"es\"},{\"@type\":\"WebPage\",\"@id\":\"https:\\\/\\\/www.mylasertabac.com\\\/es\\\/el-loco-plan-del-gobierno-prohibir-la-venta-de-vape-online\\\/\",\"url\":\"https:\\\/\\\/www.mylasertabac.com\\\/es\\\/el-loco-plan-del-gobierno-prohibir-la-venta-de-vape-online\\\/\",\"name\":\"El loco plan del gobierno: prohibir la venta de vape online - My Laser Tabac\",\"isPartOf\":{\"@id\":\"https:\\\/\\\/www.mylasertabac.com\\\/es\\\/#website\"},\"primaryImageOfPage\":{\"@id\":\"https:\\\/\\\/www.mylasertabac.com\\\/es\\\/el-loco-plan-del-gobierno-prohibir-la-venta-de-vape-online\\\/#primaryimage\"},\"image\":{\"@id\":\"https:\\\/\\\/www.mylasertabac.com\\\/es\\\/el-loco-plan-del-gobierno-prohibir-la-venta-de-vape-online\\\/#primaryimage\"},\"thumbnailUrl\":\"https:\\\/\\\/www.mylasertabac.com\\\/wp-content\\\/uploads\\\/2025\\\/10\\\/Le-projet-fou-du-gouvernement-interdire-la-vente-de-vape-en-ligne.jpg\",\"datePublished\":\"2025-10-31T08:45:19+00:00\",\"dateModified\":\"2025-10-31T12:14:53+00:00\",\"description\":\"Nueva ley 2026: pronto se prohibir\u00e1 la venta de vape online. Inf\u00f3rmate sobre su impacto y alternativas eficaces.\",\"breadcrumb\":{\"@id\":\"https:\\\/\\\/www.mylasertabac.com\\\/es\\\/el-loco-plan-del-gobierno-prohibir-la-venta-de-vape-online\\\/#breadcrumb\"},\"inLanguage\":\"es\",\"potentialAction\":[{\"@type\":\"ReadAction\",\"target\":[\"https:\\\/\\\/www.mylasertabac.com\\\/es\\\/el-loco-plan-del-gobierno-prohibir-la-venta-de-vape-online\\\/\"]}]},{\"@type\":\"ImageObject\",\"inLanguage\":\"es\",\"@id\":\"https:\\\/\\\/www.mylasertabac.com\\\/es\\\/el-loco-plan-del-gobierno-prohibir-la-venta-de-vape-online\\\/#primaryimage\",\"url\":\"https:\\\/\\\/www.mylasertabac.com\\\/wp-content\\\/uploads\\\/2025\\\/10\\\/Le-projet-fou-du-gouvernement-interdire-la-vente-de-vape-en-ligne.jpg\",\"contentUrl\":\"https:\\\/\\\/www.mylasertabac.com\\\/wp-content\\\/uploads\\\/2025\\\/10\\\/Le-projet-fou-du-gouvernement-interdire-la-vente-de-vape-en-ligne.jpg\",\"width\":1300,\"height\":681},{\"@type\":\"BreadcrumbList\",\"@id\":\"https:\\\/\\\/www.mylasertabac.com\\\/es\\\/el-loco-plan-del-gobierno-prohibir-la-venta-de-vape-online\\\/#breadcrumb\",\"itemListElement\":[{\"@type\":\"ListItem\",\"position\":1,\"name\":\"Accueil\",\"item\":\"https:\\\/\\\/www.mylasertabac.com\\\/es\\\/inicio\\\/\"},{\"@type\":\"ListItem\",\"position\":2,\"name\":\"El loco plan del gobierno: prohibir la venta de vape online\"}]},{\"@type\":\"WebSite\",\"@id\":\"https:\\\/\\\/www.mylasertabac.com\\\/es\\\/#website\",\"url\":\"https:\\\/\\\/www.mylasertabac.com\\\/es\\\/\",\"name\":\"My Laser Tabac\",\"description\":\"La solution laser qui transforme les fumeurs en ex-fumeurs\",\"publisher\":{\"@id\":\"https:\\\/\\\/www.mylasertabac.com\\\/es\\\/#organization\"},\"potentialAction\":[{\"@type\":\"SearchAction\",\"target\":{\"@type\":\"EntryPoint\",\"urlTemplate\":\"https:\\\/\\\/www.mylasertabac.com\\\/es\\\/?s={search_term_string}\"},\"query-input\":{\"@type\":\"PropertyValueSpecification\",\"valueRequired\":true,\"valueName\":\"search_term_string\"}}],\"inLanguage\":\"es\"},{\"@type\":\"Organization\",\"@id\":\"https:\\\/\\\/www.mylasertabac.com\\\/es\\\/#organization\",\"name\":\"My Laser Tabac\",\"url\":\"https:\\\/\\\/www.mylasertabac.com\\\/es\\\/\",\"logo\":{\"@type\":\"ImageObject\",\"inLanguage\":\"es\",\"@id\":\"https:\\\/\\\/www.mylasertabac.com\\\/es\\\/#\\\/schema\\\/logo\\\/image\\\/\",\"url\":\"https:\\\/\\\/www.mylasertabac.com\\\/wp-content\\\/uploads\\\/2024\\\/12\\\/mlt-verteau.svg\",\"contentUrl\":\"https:\\\/\\\/www.mylasertabac.com\\\/wp-content\\\/uploads\\\/2024\\\/12\\\/mlt-verteau.svg\",\"caption\":\"My Laser Tabac\"},\"image\":{\"@id\":\"https:\\\/\\\/www.mylasertabac.com\\\/es\\\/#\\\/schema\\\/logo\\\/image\\\/\"}},{\"@type\":\"Person\",\"@id\":\"https:\\\/\\\/www.mylasertabac.com\\\/es\\\/#\\\/schema\\\/person\\\/02c249cb76d912efb6c315ec23eccdf3\",\"name\":\"Florian Fortes\",\"image\":{\"@type\":\"ImageObject\",\"inLanguage\":\"es\",\"@id\":\"https:\\\/\\\/www.mylasertabac.com\\\/wp-content\\\/litespeed\\\/avatar\\\/142101a71d7b9e6490c1120d9c109a67.jpg?ver=1777461116\",\"url\":\"https:\\\/\\\/www.mylasertabac.com\\\/wp-content\\\/litespeed\\\/avatar\\\/142101a71d7b9e6490c1120d9c109a67.jpg?ver=1777461116\",\"contentUrl\":\"https:\\\/\\\/www.mylasertabac.com\\\/wp-content\\\/litespeed\\\/avatar\\\/142101a71d7b9e6490c1120d9c109a67.jpg?ver=1777461116\",\"caption\":\"Florian Fortes\"},\"sameAs\":[\"https:\\\/\\\/www.mylasertabac.com\",\"https:\\\/\\\/www.facebook.com\\\/profile.php?id=61571554707319\"],\"url\":\"https:\\\/\\\/www.mylasertabac.com\\\/es\\\/author\\\/florianfortes5312\\\/\"}]}<\/script>\n<!-- \/ Yoast SEO plugin. -->","yoast_head_json":{"title":"El loco plan del gobierno: prohibir la venta de vape online - My Laser Tabac","description":"Nueva ley 2026: pronto se prohibir\u00e1 la venta de vape online. Inf\u00f3rmate sobre su impacto y alternativas eficaces.","robots":{"index":"index","follow":"follow","max-snippet":"max-snippet:-1","max-image-preview":"max-image-preview:large","max-video-preview":"max-video-preview:-1"},"canonical":"https:\/\/www.mylasertabac.com\/es\/el-loco-plan-del-gobierno-prohibir-la-venta-de-vape-online\/","og_locale":"es_ES","og_type":"article","og_title":"El loco plan del gobierno: prohibir la venta de vape online - My Laser Tabac","og_description":"Nueva ley 2026: pronto se prohibir\u00e1 la venta de vape online. Inf\u00f3rmate sobre su impacto y alternativas eficaces.","og_url":"https:\/\/www.mylasertabac.com\/es\/el-loco-plan-del-gobierno-prohibir-la-venta-de-vape-online\/","og_site_name":"My Laser Tabac","article_author":"https:\/\/www.facebook.com\/profile.php?id=61571554707319","article_published_time":"2025-10-31T08:45:19+00:00","article_modified_time":"2025-10-31T12:14:53+00:00","og_image":[{"width":1300,"height":681,"url":"https:\/\/www.mylasertabac.com\/wp-content\/uploads\/2025\/10\/Le-projet-fou-du-gouvernement-interdire-la-vente-de-vape-en-ligne.jpg","type":"image\/jpeg"}],"author":"Florian Fortes","twitter_card":"summary_large_image","twitter_misc":{"Escrito por":"Florian Fortes","Tiempo de lectura":"3 minutos"},"schema":{"@context":"https:\/\/schema.org","@graph":[{"@type":"Article","@id":"https:\/\/www.mylasertabac.com\/es\/el-loco-plan-del-gobierno-prohibir-la-venta-de-vape-online\/#article","isPartOf":{"@id":"https:\/\/www.mylasertabac.com\/es\/el-loco-plan-del-gobierno-prohibir-la-venta-de-vape-online\/"},"author":{"name":"Florian Fortes","@id":"https:\/\/www.mylasertabac.com\/es\/#\/schema\/person\/02c249cb76d912efb6c315ec23eccdf3"},"headline":"El loco plan del gobierno: prohibir la venta de vape online","datePublished":"2025-10-31T08:45:19+00:00","dateModified":"2025-10-31T12:14:53+00:00","mainEntityOfPage":{"@id":"https:\/\/www.mylasertabac.com\/es\/el-loco-plan-del-gobierno-prohibir-la-venta-de-vape-online\/"},"wordCount":658,"publisher":{"@id":"https:\/\/www.mylasertabac.com\/es\/#organization"},"image":{"@id":"https:\/\/www.mylasertabac.com\/es\/el-loco-plan-del-gobierno-prohibir-la-venta-de-vape-online\/#primaryimage"},"thumbnailUrl":"https:\/\/www.mylasertabac.com\/wp-content\/uploads\/2025\/10\/Le-projet-fou-du-gouvernement-interdire-la-vente-de-vape-en-ligne.jpg","articleSection":["ley"],"inLanguage":"es"},{"@type":"WebPage","@id":"https:\/\/www.mylasertabac.com\/es\/el-loco-plan-del-gobierno-prohibir-la-venta-de-vape-online\/","url":"https:\/\/www.mylasertabac.com\/es\/el-loco-plan-del-gobierno-prohibir-la-venta-de-vape-online\/","name":"El loco plan del gobierno: prohibir la venta de vape online - My Laser Tabac","isPartOf":{"@id":"https:\/\/www.mylasertabac.com\/es\/#website"},"primaryImageOfPage":{"@id":"https:\/\/www.mylasertabac.com\/es\/el-loco-plan-del-gobierno-prohibir-la-venta-de-vape-online\/#primaryimage"},"image":{"@id":"https:\/\/www.mylasertabac.com\/es\/el-loco-plan-del-gobierno-prohibir-la-venta-de-vape-online\/#primaryimage"},"thumbnailUrl":"https:\/\/www.mylasertabac.com\/wp-content\/uploads\/2025\/10\/Le-projet-fou-du-gouvernement-interdire-la-vente-de-vape-en-ligne.jpg","datePublished":"2025-10-31T08:45:19+00:00","dateModified":"2025-10-31T12:14:53+00:00","description":"Nueva ley 2026: pronto se prohibir\u00e1 la venta de vape online. Inf\u00f3rmate sobre su impacto y alternativas eficaces.","breadcrumb":{"@id":"https:\/\/www.mylasertabac.com\/es\/el-loco-plan-del-gobierno-prohibir-la-venta-de-vape-online\/#breadcrumb"},"inLanguage":"es","potentialAction":[{"@type":"ReadAction","target":["https:\/\/www.mylasertabac.com\/es\/el-loco-plan-del-gobierno-prohibir-la-venta-de-vape-online\/"]}]},{"@type":"ImageObject","inLanguage":"es","@id":"https:\/\/www.mylasertabac.com\/es\/el-loco-plan-del-gobierno-prohibir-la-venta-de-vape-online\/#primaryimage","url":"https:\/\/www.mylasertabac.com\/wp-content\/uploads\/2025\/10\/Le-projet-fou-du-gouvernement-interdire-la-vente-de-vape-en-ligne.jpg","contentUrl":"https:\/\/www.mylasertabac.com\/wp-content\/uploads\/2025\/10\/Le-projet-fou-du-gouvernement-interdire-la-vente-de-vape-en-ligne.jpg","width":1300,"height":681},{"@type":"BreadcrumbList","@id":"https:\/\/www.mylasertabac.com\/es\/el-loco-plan-del-gobierno-prohibir-la-venta-de-vape-online\/#breadcrumb","itemListElement":[{"@type":"ListItem","position":1,"name":"Accueil","item":"https:\/\/www.mylasertabac.com\/es\/inicio\/"},{"@type":"ListItem","position":2,"name":"El loco plan del gobierno: prohibir la venta de vape online"}]},{"@type":"WebSite","@id":"https:\/\/www.mylasertabac.com\/es\/#website","url":"https:\/\/www.mylasertabac.com\/es\/","name":"My Laser Tabac","description":"La solution laser qui transforme les fumeurs en ex-fumeurs","publisher":{"@id":"https:\/\/www.mylasertabac.com\/es\/#organization"},"potentialAction":[{"@type":"SearchAction","target":{"@type":"EntryPoint","urlTemplate":"https:\/\/www.mylasertabac.com\/es\/?s={search_term_string}"},"query-input":{"@type":"PropertyValueSpecification","valueRequired":true,"valueName":"search_term_string"}}],"inLanguage":"es"},{"@type":"Organization","@id":"https:\/\/www.mylasertabac.com\/es\/#organization","name":"My Laser Tabac","url":"https:\/\/www.mylasertabac.com\/es\/","logo":{"@type":"ImageObject","inLanguage":"es","@id":"https:\/\/www.mylasertabac.com\/es\/#\/schema\/logo\/image\/","url":"https:\/\/www.mylasertabac.com\/wp-content\/uploads\/2024\/12\/mlt-verteau.svg","contentUrl":"https:\/\/www.mylasertabac.com\/wp-content\/uploads\/2024\/12\/mlt-verteau.svg","caption":"My Laser Tabac"},"image":{"@id":"https:\/\/www.mylasertabac.com\/es\/#\/schema\/logo\/image\/"}},{"@type":"Person","@id":"https:\/\/www.mylasertabac.com\/es\/#\/schema\/person\/02c249cb76d912efb6c315ec23eccdf3","name":"Florian Fortes","image":{"@type":"ImageObject","inLanguage":"es","@id":"https:\/\/www.mylasertabac.com\/wp-content\/litespeed\/avatar\/142101a71d7b9e6490c1120d9c109a67.jpg?ver=1777461116","url":"https:\/\/www.mylasertabac.com\/wp-content\/litespeed\/avatar\/142101a71d7b9e6490c1120d9c109a67.jpg?ver=1777461116","contentUrl":"https:\/\/www.mylasertabac.com\/wp-content\/litespeed\/avatar\/142101a71d7b9e6490c1120d9c109a67.jpg?ver=1777461116","caption":"Florian Fortes"},"sameAs":["https:\/\/www.mylasertabac.com","https:\/\/www.facebook.com\/profile.php?id=61571554707319"],"url":"https:\/\/www.mylasertabac.com\/es\/author\/florianfortes5312\/"}]}},"_links":{"self":[{"href":"https:\/\/www.mylasertabac.com\/es\/wp-json\/wp\/v2\/posts\/19184","targetHints":{"allow":["GET"]}}],"collection":[{"href":"https:\/\/www.mylasertabac.com\/es\/wp-json\/wp\/v2\/posts"}],"about":[{"href":"https:\/\/www.mylasertabac.com\/es\/wp-json\/wp\/v2\/types\/post"}],"author":[{"embeddable":true,"href":"https:\/\/www.mylasertabac.com\/es\/wp-json\/wp\/v2\/users\/2"}],"replies":[{"embeddable":true,"href":"https:\/\/www.mylasertabac.com\/es\/wp-json\/wp\/v2\/comments?post=19184"}],"version-history":[{"count":5,"href":"https:\/\/www.mylasertabac.com\/es\/wp-json\/wp\/v2\/posts\/19184\/revisions"}],"predecessor-version":[{"id":19218,"href":"https:\/\/www.mylasertabac.com\/es\/wp-json\/wp\/v2\/posts\/19184\/revisions\/19218"}],"wp:featuredmedia":[{"embeddable":true,"href":"https:\/\/www.mylasertabac.com\/es\/wp-json\/wp\/v2\/media\/19195"}],"wp:attachment":[{"href":"https:\/\/www.mylasertabac.com\/es\/wp-json\/wp\/v2\/media?parent=19184"}],"wp:term":[{"taxonomy":"category","embeddable":true,"href":"https:\/\/www.mylasertabac.com\/es\/wp-json\/wp\/v2\/categories?post=19184"},{"taxonomy":"post_tag","embeddable":true,"href":"https:\/\/www.mylasertabac.com\/es\/wp-json\/wp\/v2\/tags?post=19184"}],"curies":[{"name":"wp","href":"https:\/\/api.w.org\/{rel}","templated":true}]}}