{"id":6281,"date":"2025-03-18T13:52:49","date_gmt":"2025-03-18T12:52:49","guid":{"rendered":"https:\/\/www.mylasertabac.com\/altera-el-tabaco-la-percepcion-de-fragancias-y-aromas\/"},"modified":"2025-04-08T14:07:37","modified_gmt":"2025-04-08T12:07:37","slug":"altera-el-tabaco-la-percepcion-de-fragancias-y-aromas","status":"publish","type":"post","link":"https:\/\/www.mylasertabac.com\/es\/altera-el-tabaco-la-percepcion-de-fragancias-y-aromas\/","title":{"rendered":"\u00bfAltera el tabaco la percepci\u00f3n de fragancias y aromas?"},"content":{"rendered":"\n<p><\/p>\n\n<p>El tabaco se ha asociado durante mucho tiempo a los placeres sensoriales, sobre todo para quienes disfrutan del aroma del tabaco claro u oscuro. Sin embargo, m\u00e1s all\u00e1 de esta percepci\u00f3n enga\u00f1osa, el tabaco altera profundamente la sensibilidad olfativa y gustativa. Muchos fumadores descubren que su capacidad para detectar fragancias y aromas disminuye con el tiempo, lo que hace que su experiencia sensorial sea mucho m\u00e1s pobre de lo que imaginan.  <\/p>\n\n<p>Fumar expone al organismo a miles de sustancias qu\u00edmicas que atacan a los receptores sensoriales y deterioran su funcionamiento. Este deterioro gradual no s\u00f3lo afecta al sentido del olfato, sino tambi\u00e9n al gusto, que est\u00e1 directamente relacionado con la percepci\u00f3n olfativa. Para algunas personas, esto significa una reducci\u00f3n del placer cuando comen o beben; para otras, supone una p\u00e9rdida total de ciertos sabores y olores que antes eran capaces de distinguir.  <\/p>\n\n<p>Con el auge <strong>del vapeo<\/strong>, muchos fumadores recurren a <strong>los cigarrillos electr\u00f3nicos<\/strong> y <strong>los eliquids<\/strong> para reducir su consumo <strong>de tabaco<\/strong>. Sin embargo, estos <strong>productos<\/strong> que contienen <strong>nicotina<\/strong>, <strong>propilenglicol<\/strong> y <strong>aromas<\/strong> tambi\u00e9n pueden influir en la percepci\u00f3n de <strong>sabores<\/strong> y <strong>fragancias<\/strong>.  <strong>Los vapeadores<\/strong> suelen notar <strong>efectos<\/strong> distintos seg\u00fan el <strong>nivel de<\/strong> <strong>nicotina<\/strong> y las <strong>mol\u00e9culas<\/strong> arom\u00e1ticas presentes en <strong>los l\u00edquidos<\/strong> <strong>para vapear<\/strong>. Entonces, \u00bfcu\u00e1l es la diferencia entre <strong>fumar<\/strong> y <strong>vapear<\/strong> en t\u00e9rminos de percepci\u00f3n sensorial? <strong>Los estudios cient\u00edficos ofrecen<\/strong>algunas respuestas sobre estos <strong>riesgos<\/strong> y cambios perceptivos.  <\/p>\n\n<div style=\"height:29px\" aria-hidden=\"true\" class=\"wp-block-spacer\"><\/div>\n\n<h2 class=\"wp-block-heading\"><strong>El impacto del tabaco y el vapeo en el sentido del olfato y el gusto<\/strong><\/h2>\n\n<div style=\"height:19px\" aria-hidden=\"true\" class=\"wp-block-spacer\"><\/div>\n\n<h3 class=\"wp-block-heading\"><strong>\ud83d\udd2c Alteraci\u00f3n de los receptores olfativos<\/strong><\/h3>\n\n<div style=\"height:19px\" aria-hidden=\"true\" class=\"wp-block-spacer\"><\/div>\n\n<p>El tabaco contiene miles de sustancias qu\u00edmicas que atacan la mucosa nasal y los receptores olfativos. El humo del <strong>cigarrillo<\/strong> altera estas c\u00e9lulas sensoriales, reduciendo su sensibilidad a <strong>las mol\u00e9culas<\/strong> olorosas. Con el tiempo, <strong>los fumadores<\/strong> experimentan una disminuci\u00f3n gradual de su capacidad para percibir <strong>fragancias<\/strong> y <strong>aromas sutiles<\/strong>.  <\/p>\n\n<p>Esta alteraci\u00f3n es especialmente notable con las <strong>fragancias arom\u00e1ticas<\/strong> y los olores ligeros, que requieren una percepci\u00f3n olfativa fina. Adem\u00e1s, la exposici\u00f3n prolongada a las toxinas <strong>del tabaco<\/strong> puede provocar la <strong>p\u00e9rdida<\/strong> parcial o total del<strong>sentido del olfato<\/strong> (hiposmia o anosmia), lo que afecta directamente a la apreciaci\u00f3n de los <strong>sabores<\/strong> de la comida y la bebida. Algunos <strong>productos de<\/strong> <strong>vapeo<\/strong> tambi\u00e9n contienen <strong>mol\u00e9culas<\/strong> que influyen en la percepci\u00f3n olfativa, aunque de forma menos agresiva que el humo del <strong>tabaco<\/strong>.  <\/p>\n\n<p>Un <strong>estudio<\/strong> reciente ha demostrado que <strong>los vapeadores<\/strong> que consumen <strong>l\u00edquidos<\/strong> con altos niveles de <strong>nicotina<\/strong> o <strong>aromas artificiales<\/strong> tambi\u00e9n pueden experimentar cambios temporales en su <strong>sentido del olfato<\/strong> y en su capacidad para distinguir determinados <strong>sabores<\/strong> complejos. El<strong>efecto<\/strong> de estos <strong>productos<\/strong> var\u00eda seg\u00fan el <strong>nivel de<\/strong> <strong>nicotina<\/strong>, el tipo de<strong>eliquid utilizado<\/strong>y la frecuencia de consumo. <\/p>\n\n<div style=\"height:19px\" aria-hidden=\"true\" class=\"wp-block-spacer\"><\/div>\n\n<h3 class=\"wp-block-heading\"><strong>\ud83e\ude78 Circulaci\u00f3n sangu\u00ednea reducida<\/strong><\/h3>\n\n<div style=\"height:25px\" aria-hidden=\"true\" class=\"wp-block-spacer\"><\/div>\n\n<p><strong>El tabaco<\/strong> provoca <strong>vasoconstricci\u00f3n<\/strong>, es decir, un estrechamiento de los vasos sangu\u00edneos, que limita el suministro de ox\u00edgeno y nutrientes a las c\u00e9lulas de la nariz y la lengua. Esta reducci\u00f3n de la circulaci\u00f3n sangu\u00ednea ralentiza la regeneraci\u00f3n de los receptores sensoriales y contribuye a atenuar la percepci\u00f3n de los <strong>olores<\/strong> y <strong>sabores<\/strong>. <\/p>\n\n<p>La mala irrigaci\u00f3n de las papilas gustativas provoca una menor sensibilidad a <strong>los aromas<\/strong> dulces, salados, agrios y amargos. Esto explica por qu\u00e9 algunos <strong>fumadores<\/strong> experimentan menos <strong>sabor<\/strong> en los alimentos y tienden a a\u00f1adir m\u00e1s sal o az\u00facar para compensar esta <strong>p\u00e9rdida<\/strong> sensorial. <\/p>\n\n<p>Aunque <strong>los vapers<\/strong> est\u00e1n menos expuestos a las toxinas <strong>del tabaco<\/strong>, tambi\u00e9n pueden sufrir una reducci\u00f3n de <strong>la circulaci\u00f3n sangu\u00ednea<\/strong>, sobre todo cuando sus <strong>eliquids<\/strong> contienen altas dosis de <strong>nicotina<\/strong>. Un <strong>estudio cient\u00edfico<\/strong> realizado durante varios <strong>a\u00f1os<\/strong> ha demostrado que el consumo excesivo de <strong>cigarrillos electr\u00f3nicos con<\/strong>altos <strong>niveles de<\/strong> <strong>nicotina<\/strong> puede provocar una ligera reducci\u00f3n de la vascularizaci\u00f3n de las mucosas olfativas, lo que influye en la percepci\u00f3n de <strong>fragancias<\/strong> y <strong>sabores<\/strong>. <\/p>\n\n<div style=\"height:32px\" aria-hidden=\"true\" class=\"wp-block-spacer\"><\/div>\n\n<figure class=\"wp-block-image alignleft size-full is-resized\"><img fetchpriority=\"high\" decoding=\"async\" width=\"1024\" height=\"1024\" src=\"https:\/\/www.mylasertabac.com\/wp-content\/uploads\/2025\/03\/risque-dinflamation-des-muqeuse-pour-les-fumeurs.png\" alt=\"\" class=\"wp-image-5204\" style=\"width:462px;height:auto\" srcset=\"https:\/\/www.mylasertabac.com\/wp-content\/uploads\/2025\/03\/risque-dinflamation-des-muqeuse-pour-les-fumeurs.png 1024w, https:\/\/www.mylasertabac.com\/wp-content\/uploads\/2025\/03\/risque-dinflamation-des-muqeuse-pour-les-fumeurs-300x300.png 300w, https:\/\/www.mylasertabac.com\/wp-content\/uploads\/2025\/03\/risque-dinflamation-des-muqeuse-pour-les-fumeurs-150x150.png 150w, https:\/\/www.mylasertabac.com\/wp-content\/uploads\/2025\/03\/risque-dinflamation-des-muqeuse-pour-les-fumeurs-768x768.png 768w\" sizes=\"(max-width: 1024px) 100vw, 1024px\" \/><\/figure>\n\n<h3 class=\"wp-block-heading\"><strong>\ud83e\udd27 Inflamaci\u00f3n de las mucosas y congesti\u00f3n nasal<\/strong><\/h3>\n\n<p><strong>Los fumadores<\/strong> sufren con frecuencia una inflamaci\u00f3n cr\u00f3nica de la mucosa nasal, causada por la exposici\u00f3n continua al humo t\u00f3xico. Esta inflamaci\u00f3n provoca congesti\u00f3n nasal, que bloquea parcial o totalmente la percepci\u00f3n de <strong>fragancias<\/strong> y <strong>aromas<\/strong>. <\/p>\n\n<p>Como <strong>el gusto<\/strong> est\u00e1 estrechamente ligado al<strong>sentido del olfato<\/strong>, esta congesti\u00f3n tambi\u00e9n afecta a la percepci\u00f3n de <strong>los sabores<\/strong> en la comida y la bebida. <strong>Los fumadores<\/strong> pueden encontrar su caf\u00e9 ins\u00edpido o su vino menos arom\u00e1tico debido a una menor capacidad para captar las <strong>mol\u00e9culas de<\/strong> olor que contribuyen a la experiencia gustativa. <\/p>\n\n<p><strong>Los vapers<\/strong>, aunque menos afectados por este problema que <strong>los fumadores<\/strong>, pueden experimentar <strong>una leve irritaci\u00f3n de<\/strong> la mucosa nasal debido a la inhalaci\u00f3n frecuente de <strong>propilenglicol<\/strong> y otros componentes de <strong>los eliquids<\/strong>. <strong>Los estudios<\/strong> indican que los <strong>vapers<\/strong> que utilizan <strong>l\u00edquidos<\/strong> con una alta concentraci\u00f3n de <strong>aromas<\/strong> pueden experimentar sequedad nasal, lo que reduce temporalmente su capacidad para detectar ciertas <strong>fragancias arom\u00e1ticas y<\/strong> <strong>sabores<\/strong> delicados. <\/p>\n\n<div style=\"height:45px\" aria-hidden=\"true\" class=\"wp-block-spacer\"><\/div>\n\n<h2 class=\"wp-block-heading\"><strong>Comparaci\u00f3n entre fumar y vapear en la percepci\u00f3n sensorial<\/strong><\/h2>\n\n<div style=\"height:19px\" aria-hidden=\"true\" class=\"wp-block-spacer\"><\/div>\n\n<figure class=\"wp-block-image alignright size-full is-resized\"><img decoding=\"async\" width=\"600\" height=\"600\" src=\"https:\/\/www.mylasertabac.com\/wp-content\/uploads\/2025\/03\/eliquide-cigarette-electronique.webp\" alt=\"\" class=\"wp-image-5212\" style=\"width:361px;height:auto\" srcset=\"https:\/\/www.mylasertabac.com\/wp-content\/uploads\/2025\/03\/eliquide-cigarette-electronique.webp 600w, https:\/\/www.mylasertabac.com\/wp-content\/uploads\/2025\/03\/eliquide-cigarette-electronique-300x300.webp 300w, https:\/\/www.mylasertabac.com\/wp-content\/uploads\/2025\/03\/eliquide-cigarette-electronique-150x150.webp 150w\" sizes=\"(max-width: 600px) 100vw, 600px\" \/><\/figure>\n\n<h3 class=\"wp-block-heading\"><strong>\ud83c\udf77 El efecto de los e-l\u00edquidos en el sabor<\/strong> <\/h3>\n\n<p>Los <strong>eliquids<\/strong> utilizados en <strong>los cigarrillos<\/strong> electr\u00f3nicos contienen <strong>aromas<\/strong> alimentarios y <strong>propilenglicol<\/strong>, un aditivo utilizado para producir el <strong>vapor<\/strong>. A diferencia de <strong>los cigarrillos<\/strong> tradicionales, <strong>los vapers<\/strong> no queman <strong>tabaco<\/strong>, sino que inhalan un <strong>l\u00edquido<\/strong> calentado. <\/p>\n\n<p><strong>Los estudios cient\u00edficos<\/strong> han demostrado que determinados <strong>aromas<\/strong> de <strong>los eliquids<\/strong> pueden alterar temporalmente la percepci\u00f3n de <strong>los sabores<\/strong>, sobre todo <strong>los aromas dulces<\/strong> que influyen en el <strong>sabor<\/strong> de los alimentos. Sin embargo, estos <strong>efectos<\/strong> son menos acusados que los del <strong>tabaco<\/strong>, y <strong>los vapeadores<\/strong> suelen informar de una recuperaci\u00f3n sensorial m\u00e1s r\u00e1pida tras dejar de <strong>vapear<\/strong>. <\/p>\n\n<p>Por otra parte, ciertos componentes de <strong>los eliquids<\/strong> pueden interactuar con los receptores gustativos y provocar variaciones en la percepci\u00f3n de <strong>aromas<\/strong> y <strong>sabores<\/strong>. Por ejemplo, una exposici\u00f3n prolongada a <strong>los aromas dulces<\/strong> de un <strong>eliquid<\/strong> puede provocar una reducci\u00f3n temporal de la capacidad de percibir los matices de <strong>los productos alimenticios<\/strong>, sobre todo los sabores amargos y \u00e1cidos. Por eso algunos <strong>vapeadores<\/strong> experimentan fluctuaciones en sus sensaciones gustativas en funci\u00f3n de los <strong>niveles de<\/strong> <strong>nicotina<\/strong> y las <strong>mol\u00e9culas<\/strong> presentes en los <strong>l\u00edquidos<\/strong> que consumen.  <\/p>\n\n<div style=\"height:25px\" aria-hidden=\"true\" class=\"wp-block-spacer\"><\/div>\n\n<p class=\"has-cyan-bluish-gray-background-color has-background\">Tambi\u00e9n te puede interesar este art\u00edculo:<a href=\"https:\/\/www.mylasertabac.com\/es\/unete-a-la-franquicia-laser-anti-tabac-y-beneficiate-de-un-concepto-rentable-llave-en-mano\/\"> <mark style=\"background-color:rgba(0, 0, 0, 0)\" class=\"has-inline-color has-luminous-vivid-orange-color\">\u00danete a la franquicia l\u00e1ser Anti-Tabac y benef\u00edciate de un rentable concepto llave en mano<\/mark><\/a><\/p>\n\n<div style=\"height:35px\" aria-hidden=\"true\" class=\"wp-block-spacer\"><\/div>\n\n<h3 class=\"wp-block-heading\"><strong>\ud83c\udf3f La diferencia entre el humo del tabaco y el vapor del e-l\u00edquido<\/strong><\/h3>\n\n<div style=\"height:24px\" aria-hidden=\"true\" class=\"wp-block-spacer\"><\/div>\n\n<p>El humo <strong>del tabaco<\/strong> contiene multitud de <strong>mol\u00e9culas<\/strong> t\u00f3xicas que destruyen gradualmente los receptores sensoriales. En comparaci\u00f3n, el <strong>vapor<\/strong> de <strong>los eliquids<\/strong> no contiene alquitr\u00e1n, pero puede causar una leve irritaci\u00f3n de las mucosas debido al <strong>propilenglicol<\/strong> y a <strong>la nicotina<\/strong>. <\/p>\n\n<p>Un reciente <strong>estudio ingl\u00e9s<\/strong> revel\u00f3 que <strong>los vapers<\/strong> experimentan una mejora de su <strong>sentido del olfato<\/strong> al cabo de pocas <strong>semanas<\/strong>, mientras que <strong>los fumadores<\/strong> tardan varios <strong>a\u00f1os<\/strong> en recuperar toda su capacidad sensorial tras dejar de <strong>fumar<\/strong>.<\/p>\n\n<p>Sin embargo, aunque <strong>el vapor<\/strong> es menos nocivo que el humo del <strong>tabaco<\/strong>, no est\u00e1 exento de efectos. Algunos <strong>productos utilizados<\/strong>en <strong>los e-l\u00edquidos<\/strong>, como <strong>los cannabinoides<\/strong> (CBD) y ciertos <strong>aromas artificiales<\/strong>, pueden alterar la percepci\u00f3n <strong>del sabor<\/strong> a largo plazo. Un <strong>estudio realizado<\/strong> con <strong>vapers<\/strong> demostr\u00f3 que el consumo excesivo de determinados <strong>l\u00edquidos<\/strong> pod\u00eda alterar la sensibilidad de las papilas gustativas y reducir la capacidad de detectar los <strong>sabores arom\u00e1ticos<\/strong> m\u00e1s sutiles.  <\/p>\n\n<div style=\"height:42px\" aria-hidden=\"true\" class=\"wp-block-spacer\"><\/div>\n\n<h3 class=\"wp-block-heading\"><\/h3>\n\n<figure class=\"wp-block-image alignleft size-full is-resized\"><img decoding=\"async\" width=\"1024\" height=\"1024\" src=\"https:\/\/www.mylasertabac.com\/wp-content\/uploads\/2025\/03\/le-cerveau-dun-fumeur.png\" alt=\"\" class=\"wp-image-5220\" style=\"width:420px;height:auto\" srcset=\"https:\/\/www.mylasertabac.com\/wp-content\/uploads\/2025\/03\/le-cerveau-dun-fumeur.png 1024w, https:\/\/www.mylasertabac.com\/wp-content\/uploads\/2025\/03\/le-cerveau-dun-fumeur-300x300.png 300w, https:\/\/www.mylasertabac.com\/wp-content\/uploads\/2025\/03\/le-cerveau-dun-fumeur-150x150.png 150w, https:\/\/www.mylasertabac.com\/wp-content\/uploads\/2025\/03\/le-cerveau-dun-fumeur-768x768.png 768w\" sizes=\"(max-width: 1024px) 100vw, 1024px\" \/><\/figure>\n\n<h3 class=\"wp-block-heading\"><strong>Influencia sobre el cerebro y los recuerdos sensoriales<\/strong><\/h3>\n\n<p>El<strong>sentido del olfato<\/strong> desempe\u00f1a un papel esencial en la evocaci\u00f3n de recuerdos y emociones. Un <strong>olor<\/strong> familiar puede transportar inmediatamente a alguien a su pasado, despertando recuerdos de la infancia o momentos significativos de su vida. Sin embargo, al atenuar la percepci\u00f3n olfativa, <strong>el tabaco<\/strong> limita esta conexi\u00f3n sensorial y emocional, reduciendo as\u00ed el poder evocador de las <strong>fragancias<\/strong> y los <strong>aromas<\/strong>.  <\/p>\n\n<p><strong>Los estudios cient\u00edficos<\/strong> han demostrado que las sustancias que contienen <strong>el tabaco<\/strong> y los <strong>cigarrillos electr\u00f3nicos pueden<\/strong>afectar a los neurotransmisores que intervienen en la percepci\u00f3n de <strong>sabores<\/strong> y <strong>aromas<\/strong>. Al alterar el funcionamiento del cerebro, estos <strong>productos<\/strong> cambian la forma en que se interpretan <strong>los mensajes<\/strong> sensoriales. Por eso algunos <strong>fumadores<\/strong> y <strong>vapeadores<\/strong> informan de cambios en su percepci\u00f3n de los <strong>olores<\/strong> y <strong>sabores<\/strong>, que a veces conducen a sensaciones completamente <strong>mezcladas<\/strong> o atenuadas.  <\/p>\n\n<p>La recuperaci\u00f3n de la plena sensibilidad sensorial depende de varios factores, como el <strong>nivel de<\/strong> exposici\u00f3n a las <strong>mol\u00e9culas<\/strong> del <strong>tabaco<\/strong> o <strong>los l\u00edquidos de<\/strong> <strong>vapeo<\/strong> y la duraci\u00f3n de la abstinencia. En algunos casos, el cerebro puede tardar varios <strong>a\u00f1os<\/strong>en volver a aprender a procesar correctamente <strong>los mensajes<\/strong> olfativos y gustativos. <\/p>\n\n<div style=\"height:59px\" aria-hidden=\"true\" class=\"wp-block-spacer\"><\/div>\n\n<figure class=\"wp-block-embed alignfull is-type-video is-provider-youtube wp-block-embed-youtube wp-embed-aspect-16-9 wp-has-aspect-ratio\"><div class=\"wp-block-embed__wrapper\">\n<iframe title=\"Tu veux arr\u00eater de fumer gr\u00e2ce au Laser de Star Wars ? #tabac #sant\u00e9 #arr\u00eatdutabac #sevragetabagique\" width=\"800\" height=\"450\" src=\"https:\/\/www.youtube.com\/embed\/POa3Whfz2bo?feature=oembed\" frameborder=\"0\" allow=\"accelerometer; autoplay; clipboard-write; encrypted-media; gyroscope; picture-in-picture; web-share\" referrerpolicy=\"strict-origin-when-cross-origin\" allowfullscreen><\/iframe>\n<\/div><\/figure>\n\n<div style=\"height:29px\" aria-hidden=\"true\" class=\"wp-block-spacer\"><\/div>\n\n<p><strong>Conclusi\u00f3n<\/strong><\/p>\n\n<p>Fumar altera significativamente la percepci\u00f3n de <strong>las fragancias<\/strong> y los <strong>aromas<\/strong> al da\u00f1ar los receptores sensoriales, reducir el flujo sangu\u00edneo y provocar una inflamaci\u00f3n cr\u00f3nica de la mucosa nasal. Esta reducci\u00f3n sensorial afecta al placer de oler y saborear, empobreciendo las experiencias olfativas y gustativas de <strong>los fumadores<\/strong> sin que siempre se den cuenta. <\/p>\n\n<p>Aunque <strong>vapear<\/strong> es menos perjudicial para el sentido<strong>del olfato<\/strong>, tambi\u00e9n puede influir temporalmente en la percepci\u00f3n de <strong>los sabores<\/strong>, dependiendo de los <strong>aromas<\/strong> y el <strong>contenido de<\/strong> <strong>nicotina<\/strong> de <strong>los eliquids<\/strong>. Adoptando una dieta equilibrada <strong>,<\/strong>evitando los irritantes y estimulando <strong>el sentido del olfato<\/strong> con <strong>fragancias arom\u00e1ticas<\/strong>, es posible acelerar la recuperaci\u00f3n sensorial.  Liberarte del <strong>tabaco<\/strong> y <strong>del vapeo<\/strong> te permite redescubrir plenamente un mundo de <strong>sabores<\/strong> y<strong>aromas<\/strong>, enriqueciendo tu vida cotidiana y mejorando tu <strong>salud<\/strong> en general.<\/p>\n\n<p>Si quieres <a href=\"https:\/\/www.mylasertabac.com\/es\/\">dejar de fumar<\/a>, visita nuestro sitio web <a href=\"https:\/\/www.mylasertabac.com\/es\/\">https:\/\/www.mylasertabac.com<\/a> y ponte en contacto con uno de <a href=\"https:\/\/www.mylasertabac.com\/es\/nuestros-centros\/\">nuestros centros l\u00e1ser antitabaco<\/a> m\u00e1s cercanos &#8230;<\/p>\n\n<div style=\"height:23px\" aria-hidden=\"true\" class=\"wp-block-spacer\"><\/div>\n\n<h3 class=\"wp-block-heading\">\u2705 Los medios de comunicaci\u00f3n hablan de Mylasertabac :<\/h3>\n\n<p><a href=\"https:\/\/sinactiv.fr\/blogs\/divers\/arret-tabac-laser\">sinactiv.fr<\/a>, <a href=\"https:\/\/www.naturopat.fr\/comment-arreter-de-fumer-facilement-grace-au-laser\/\">naturopat.fr<\/a>, <a href=\"https:\/\/sante-et-beaute.fr\/pourquoi-arreter-de-fumer-en-2025\/\">sante-et-beaute.fr<\/a>, <a href=\"https:\/\/monparrainsante.com\/pourquoi-arreter-de-fumer-en-2025\/\">monparrainsante.com<\/a><a href=\"https:\/\/www.hypnoandco.com\/arreter-de-fumer-laser\/\">,hypnoandco.com,<\/a><a href=\"https:\/\/l-hexagone.fr\/bien-etre-sante\/pourquoi-arreter-de-fumer-en-2025-est-une-decision-essentielle\/\">l-hexagone.fr<\/a>, <a href=\"https:\/\/www.mondentistechampigny.fr\/soins-dentaires\/effets-tabagisme-dents\/\">mondentistechampigny.fr<\/a>, <a href=\"https:\/\/france-pharmacies.fr\/pourquoi-il-est-important-darreter-de-fumer-en-2025\/\">france-pharmacies.fr<\/a>, <a href=\"https:\/\/www.santeplusmag.com\/111129505-pourquoi-arreter-de-fumer-en-2025-articles-partenaires\/\">santeplusmag.com<\/a>, <a href=\"https:\/\/relaxyo.fr\/pourquoi-arreter-fumer\/\">relaxyo.fr<\/a>, <a href=\"https:\/\/matthieubrillard.fr\/2025\/03\/13\/le-laser-anti-tabac-une-methode-efficace-pour-dire-adieu-a-la-cigarette\/\">matthieubrillard.fr<\/a><\/p>\n\n<div style=\"height:32px\" aria-hidden=\"true\" class=\"wp-block-spacer\"><\/div>\n\n<figure class=\"wp-block-image size-large\"><img decoding=\"async\" src=\"https:\/\/www.mylasertabac.com\/wp-content\/uploads\/\/mlt-verteau.svg\" alt=\"\" class=\"wp-image-13\"\/><\/figure>\n","protected":false},"excerpt":{"rendered":"<p>El tabaco se ha asociado durante mucho tiempo a los placeres sensoriales, sobre todo para quienes disfrutan del aroma del tabaco claro u oscuro. Sin embargo, m\u00e1s all\u00e1 de esta percepci\u00f3n enga\u00f1osa, el tabaco altera profundamente la sensibilidad olfativa y gustativa. Muchos fumadores descubren que su capacidad para detectar fragancias y aromas disminuye con el [&hellip;]<\/p>\n","protected":false},"author":2,"featured_media":5236,"comment_status":"closed","ping_status":"open","sticky":false,"template":"","format":"standard","meta":{"inline_featured_image":false,"footnotes":""},"categories":[120],"tags":[],"class_list":["post-6281","post","type-post","status-publish","format-standard","has-post-thumbnail","hentry","category-salud"],"yoast_head":"<!-- This site is optimized with the Yoast SEO plugin v27.5 - https:\/\/yoast.com\/product\/yoast-seo-wordpress\/ -->\n<title>\u00bfAltera el tabaco la percepci\u00f3n de fragancias y aromas? - My Laser Tabac<\/title>\n<meta name=\"description\" content=\"Descubre c\u00f3mo el tabaco altera tu percepci\u00f3n de las fragancias y los aromas, y por qu\u00e9 los fumadores experimentan los sabores de forma diferente.\" \/>\n<meta name=\"robots\" content=\"index, follow, max-snippet:-1, max-image-preview:large, max-video-preview:-1\" \/>\n<link rel=\"canonical\" href=\"https:\/\/www.mylasertabac.com\/es\/altera-el-tabaco-la-percepcion-de-fragancias-y-aromas\/\" \/>\n<meta property=\"og:locale\" content=\"es_ES\" \/>\n<meta property=\"og:type\" content=\"article\" \/>\n<meta property=\"og:title\" content=\"\u00bfAltera el tabaco la percepci\u00f3n de fragancias y aromas? - My Laser Tabac\" \/>\n<meta property=\"og:description\" content=\"Descubre c\u00f3mo el tabaco altera tu percepci\u00f3n de las fragancias y los aromas, y por qu\u00e9 los fumadores experimentan los sabores de forma diferente.\" \/>\n<meta property=\"og:url\" content=\"https:\/\/www.mylasertabac.com\/es\/altera-el-tabaco-la-percepcion-de-fragancias-y-aromas\/\" \/>\n<meta property=\"og:site_name\" content=\"My Laser Tabac\" \/>\n<meta property=\"article:author\" content=\"https:\/\/www.facebook.com\/profile.php?id=61571554707319\" \/>\n<meta property=\"article:published_time\" content=\"2025-03-18T12:52:49+00:00\" \/>\n<meta property=\"article:modified_time\" content=\"2025-04-08T12:07:37+00:00\" \/>\n<meta property=\"og:image\" content=\"https:\/\/www.mylasertabac.com\/wp-content\/uploads\/2025\/03\/perte-dodorat-pour-les-fumeurs.png\" \/>\n\t<meta property=\"og:image:width\" content=\"800\" \/>\n\t<meta property=\"og:image:height\" content=\"800\" \/>\n\t<meta property=\"og:image:type\" content=\"image\/png\" \/>\n<meta name=\"author\" content=\"Florian Fortes\" \/>\n<meta name=\"twitter:card\" content=\"summary_large_image\" \/>\n<meta name=\"twitter:label1\" content=\"Escrito por\" \/>\n\t<meta name=\"twitter:data1\" content=\"Florian Fortes\" \/>\n\t<meta name=\"twitter:label2\" content=\"Tiempo de lectura\" \/>\n\t<meta name=\"twitter:data2\" content=\"8 minutos\" \/>\n<script type=\"application\/ld+json\" class=\"yoast-schema-graph\">{\"@context\":\"https:\\\/\\\/schema.org\",\"@graph\":[{\"@type\":\"Article\",\"@id\":\"https:\\\/\\\/www.mylasertabac.com\\\/es\\\/altera-el-tabaco-la-percepcion-de-fragancias-y-aromas\\\/#article\",\"isPartOf\":{\"@id\":\"https:\\\/\\\/www.mylasertabac.com\\\/es\\\/altera-el-tabaco-la-percepcion-de-fragancias-y-aromas\\\/\"},\"author\":{\"name\":\"Florian Fortes\",\"@id\":\"https:\\\/\\\/www.mylasertabac.com\\\/es\\\/#\\\/schema\\\/person\\\/02c249cb76d912efb6c315ec23eccdf3\"},\"headline\":\"\u00bfAltera el tabaco la percepci\u00f3n de fragancias y aromas?\",\"datePublished\":\"2025-03-18T12:52:49+00:00\",\"dateModified\":\"2025-04-08T12:07:37+00:00\",\"mainEntityOfPage\":{\"@id\":\"https:\\\/\\\/www.mylasertabac.com\\\/es\\\/altera-el-tabaco-la-percepcion-de-fragancias-y-aromas\\\/\"},\"wordCount\":1702,\"publisher\":{\"@id\":\"https:\\\/\\\/www.mylasertabac.com\\\/es\\\/#organization\"},\"image\":{\"@id\":\"https:\\\/\\\/www.mylasertabac.com\\\/es\\\/altera-el-tabaco-la-percepcion-de-fragancias-y-aromas\\\/#primaryimage\"},\"thumbnailUrl\":\"https:\\\/\\\/www.mylasertabac.com\\\/wp-content\\\/uploads\\\/2025\\\/03\\\/perte-dodorat-pour-les-fumeurs.png\",\"articleSection\":[\"Salud\"],\"inLanguage\":\"es\"},{\"@type\":\"WebPage\",\"@id\":\"https:\\\/\\\/www.mylasertabac.com\\\/es\\\/altera-el-tabaco-la-percepcion-de-fragancias-y-aromas\\\/\",\"url\":\"https:\\\/\\\/www.mylasertabac.com\\\/es\\\/altera-el-tabaco-la-percepcion-de-fragancias-y-aromas\\\/\",\"name\":\"\u00bfAltera el tabaco la percepci\u00f3n de fragancias y aromas? - My Laser Tabac\",\"isPartOf\":{\"@id\":\"https:\\\/\\\/www.mylasertabac.com\\\/es\\\/#website\"},\"primaryImageOfPage\":{\"@id\":\"https:\\\/\\\/www.mylasertabac.com\\\/es\\\/altera-el-tabaco-la-percepcion-de-fragancias-y-aromas\\\/#primaryimage\"},\"image\":{\"@id\":\"https:\\\/\\\/www.mylasertabac.com\\\/es\\\/altera-el-tabaco-la-percepcion-de-fragancias-y-aromas\\\/#primaryimage\"},\"thumbnailUrl\":\"https:\\\/\\\/www.mylasertabac.com\\\/wp-content\\\/uploads\\\/2025\\\/03\\\/perte-dodorat-pour-les-fumeurs.png\",\"datePublished\":\"2025-03-18T12:52:49+00:00\",\"dateModified\":\"2025-04-08T12:07:37+00:00\",\"description\":\"Descubre c\u00f3mo el tabaco altera tu percepci\u00f3n de las fragancias y los aromas, y por qu\u00e9 los fumadores experimentan los sabores de forma diferente.\",\"breadcrumb\":{\"@id\":\"https:\\\/\\\/www.mylasertabac.com\\\/es\\\/altera-el-tabaco-la-percepcion-de-fragancias-y-aromas\\\/#breadcrumb\"},\"inLanguage\":\"es\",\"potentialAction\":[{\"@type\":\"ReadAction\",\"target\":[\"https:\\\/\\\/www.mylasertabac.com\\\/es\\\/altera-el-tabaco-la-percepcion-de-fragancias-y-aromas\\\/\"]}]},{\"@type\":\"ImageObject\",\"inLanguage\":\"es\",\"@id\":\"https:\\\/\\\/www.mylasertabac.com\\\/es\\\/altera-el-tabaco-la-percepcion-de-fragancias-y-aromas\\\/#primaryimage\",\"url\":\"https:\\\/\\\/www.mylasertabac.com\\\/wp-content\\\/uploads\\\/2025\\\/03\\\/perte-dodorat-pour-les-fumeurs.png\",\"contentUrl\":\"https:\\\/\\\/www.mylasertabac.com\\\/wp-content\\\/uploads\\\/2025\\\/03\\\/perte-dodorat-pour-les-fumeurs.png\",\"width\":1024,\"height\":1024},{\"@type\":\"BreadcrumbList\",\"@id\":\"https:\\\/\\\/www.mylasertabac.com\\\/es\\\/altera-el-tabaco-la-percepcion-de-fragancias-y-aromas\\\/#breadcrumb\",\"itemListElement\":[{\"@type\":\"ListItem\",\"position\":1,\"name\":\"Accueil\",\"item\":\"https:\\\/\\\/www.mylasertabac.com\\\/es\\\/inicio\\\/\"},{\"@type\":\"ListItem\",\"position\":2,\"name\":\"\u00bfAltera el tabaco la percepci\u00f3n de fragancias y aromas?\"}]},{\"@type\":\"WebSite\",\"@id\":\"https:\\\/\\\/www.mylasertabac.com\\\/es\\\/#website\",\"url\":\"https:\\\/\\\/www.mylasertabac.com\\\/es\\\/\",\"name\":\"My Laser Tabac\",\"description\":\"La solution laser qui transforme les fumeurs en ex-fumeurs\",\"publisher\":{\"@id\":\"https:\\\/\\\/www.mylasertabac.com\\\/es\\\/#organization\"},\"potentialAction\":[{\"@type\":\"SearchAction\",\"target\":{\"@type\":\"EntryPoint\",\"urlTemplate\":\"https:\\\/\\\/www.mylasertabac.com\\\/es\\\/?s={search_term_string}\"},\"query-input\":{\"@type\":\"PropertyValueSpecification\",\"valueRequired\":true,\"valueName\":\"search_term_string\"}}],\"inLanguage\":\"es\"},{\"@type\":\"Organization\",\"@id\":\"https:\\\/\\\/www.mylasertabac.com\\\/es\\\/#organization\",\"name\":\"My Laser Tabac\",\"url\":\"https:\\\/\\\/www.mylasertabac.com\\\/es\\\/\",\"logo\":{\"@type\":\"ImageObject\",\"inLanguage\":\"es\",\"@id\":\"https:\\\/\\\/www.mylasertabac.com\\\/es\\\/#\\\/schema\\\/logo\\\/image\\\/\",\"url\":\"https:\\\/\\\/www.mylasertabac.com\\\/wp-content\\\/uploads\\\/2024\\\/12\\\/mlt-verteau.svg\",\"contentUrl\":\"https:\\\/\\\/www.mylasertabac.com\\\/wp-content\\\/uploads\\\/2024\\\/12\\\/mlt-verteau.svg\",\"caption\":\"My Laser Tabac\"},\"image\":{\"@id\":\"https:\\\/\\\/www.mylasertabac.com\\\/es\\\/#\\\/schema\\\/logo\\\/image\\\/\"}},{\"@type\":\"Person\",\"@id\":\"https:\\\/\\\/www.mylasertabac.com\\\/es\\\/#\\\/schema\\\/person\\\/02c249cb76d912efb6c315ec23eccdf3\",\"name\":\"Florian Fortes\",\"image\":{\"@type\":\"ImageObject\",\"inLanguage\":\"es\",\"@id\":\"https:\\\/\\\/www.mylasertabac.com\\\/wp-content\\\/litespeed\\\/avatar\\\/142101a71d7b9e6490c1120d9c109a67.jpg?ver=1777461116\",\"url\":\"https:\\\/\\\/www.mylasertabac.com\\\/wp-content\\\/litespeed\\\/avatar\\\/142101a71d7b9e6490c1120d9c109a67.jpg?ver=1777461116\",\"contentUrl\":\"https:\\\/\\\/www.mylasertabac.com\\\/wp-content\\\/litespeed\\\/avatar\\\/142101a71d7b9e6490c1120d9c109a67.jpg?ver=1777461116\",\"caption\":\"Florian Fortes\"},\"sameAs\":[\"https:\\\/\\\/www.mylasertabac.com\",\"https:\\\/\\\/www.facebook.com\\\/profile.php?id=61571554707319\"],\"url\":\"https:\\\/\\\/www.mylasertabac.com\\\/es\\\/author\\\/florianfortes5312\\\/\"}]}<\/script>\n<!-- \/ Yoast SEO plugin. -->","yoast_head_json":{"title":"\u00bfAltera el tabaco la percepci\u00f3n de fragancias y aromas? - My Laser Tabac","description":"Descubre c\u00f3mo el tabaco altera tu percepci\u00f3n de las fragancias y los aromas, y por qu\u00e9 los fumadores experimentan los sabores de forma diferente.","robots":{"index":"index","follow":"follow","max-snippet":"max-snippet:-1","max-image-preview":"max-image-preview:large","max-video-preview":"max-video-preview:-1"},"canonical":"https:\/\/www.mylasertabac.com\/es\/altera-el-tabaco-la-percepcion-de-fragancias-y-aromas\/","og_locale":"es_ES","og_type":"article","og_title":"\u00bfAltera el tabaco la percepci\u00f3n de fragancias y aromas? - My Laser Tabac","og_description":"Descubre c\u00f3mo el tabaco altera tu percepci\u00f3n de las fragancias y los aromas, y por qu\u00e9 los fumadores experimentan los sabores de forma diferente.","og_url":"https:\/\/www.mylasertabac.com\/es\/altera-el-tabaco-la-percepcion-de-fragancias-y-aromas\/","og_site_name":"My Laser Tabac","article_author":"https:\/\/www.facebook.com\/profile.php?id=61571554707319","article_published_time":"2025-03-18T12:52:49+00:00","article_modified_time":"2025-04-08T12:07:37+00:00","og_image":[{"url":"https:\/\/www.mylasertabac.com\/wp-content\/uploads\/2025\/03\/perte-dodorat-pour-les-fumeurs.png","width":800,"height":800,"type":"image\/png"}],"author":"Florian Fortes","twitter_card":"summary_large_image","twitter_misc":{"Escrito por":"Florian Fortes","Tiempo de lectura":"8 minutos"},"schema":{"@context":"https:\/\/schema.org","@graph":[{"@type":"Article","@id":"https:\/\/www.mylasertabac.com\/es\/altera-el-tabaco-la-percepcion-de-fragancias-y-aromas\/#article","isPartOf":{"@id":"https:\/\/www.mylasertabac.com\/es\/altera-el-tabaco-la-percepcion-de-fragancias-y-aromas\/"},"author":{"name":"Florian Fortes","@id":"https:\/\/www.mylasertabac.com\/es\/#\/schema\/person\/02c249cb76d912efb6c315ec23eccdf3"},"headline":"\u00bfAltera el tabaco la percepci\u00f3n de fragancias y aromas?","datePublished":"2025-03-18T12:52:49+00:00","dateModified":"2025-04-08T12:07:37+00:00","mainEntityOfPage":{"@id":"https:\/\/www.mylasertabac.com\/es\/altera-el-tabaco-la-percepcion-de-fragancias-y-aromas\/"},"wordCount":1702,"publisher":{"@id":"https:\/\/www.mylasertabac.com\/es\/#organization"},"image":{"@id":"https:\/\/www.mylasertabac.com\/es\/altera-el-tabaco-la-percepcion-de-fragancias-y-aromas\/#primaryimage"},"thumbnailUrl":"https:\/\/www.mylasertabac.com\/wp-content\/uploads\/2025\/03\/perte-dodorat-pour-les-fumeurs.png","articleSection":["Salud"],"inLanguage":"es"},{"@type":"WebPage","@id":"https:\/\/www.mylasertabac.com\/es\/altera-el-tabaco-la-percepcion-de-fragancias-y-aromas\/","url":"https:\/\/www.mylasertabac.com\/es\/altera-el-tabaco-la-percepcion-de-fragancias-y-aromas\/","name":"\u00bfAltera el tabaco la percepci\u00f3n de fragancias y aromas? - My Laser Tabac","isPartOf":{"@id":"https:\/\/www.mylasertabac.com\/es\/#website"},"primaryImageOfPage":{"@id":"https:\/\/www.mylasertabac.com\/es\/altera-el-tabaco-la-percepcion-de-fragancias-y-aromas\/#primaryimage"},"image":{"@id":"https:\/\/www.mylasertabac.com\/es\/altera-el-tabaco-la-percepcion-de-fragancias-y-aromas\/#primaryimage"},"thumbnailUrl":"https:\/\/www.mylasertabac.com\/wp-content\/uploads\/2025\/03\/perte-dodorat-pour-les-fumeurs.png","datePublished":"2025-03-18T12:52:49+00:00","dateModified":"2025-04-08T12:07:37+00:00","description":"Descubre c\u00f3mo el tabaco altera tu percepci\u00f3n de las fragancias y los aromas, y por qu\u00e9 los fumadores experimentan los sabores de forma diferente.","breadcrumb":{"@id":"https:\/\/www.mylasertabac.com\/es\/altera-el-tabaco-la-percepcion-de-fragancias-y-aromas\/#breadcrumb"},"inLanguage":"es","potentialAction":[{"@type":"ReadAction","target":["https:\/\/www.mylasertabac.com\/es\/altera-el-tabaco-la-percepcion-de-fragancias-y-aromas\/"]}]},{"@type":"ImageObject","inLanguage":"es","@id":"https:\/\/www.mylasertabac.com\/es\/altera-el-tabaco-la-percepcion-de-fragancias-y-aromas\/#primaryimage","url":"https:\/\/www.mylasertabac.com\/wp-content\/uploads\/2025\/03\/perte-dodorat-pour-les-fumeurs.png","contentUrl":"https:\/\/www.mylasertabac.com\/wp-content\/uploads\/2025\/03\/perte-dodorat-pour-les-fumeurs.png","width":1024,"height":1024},{"@type":"BreadcrumbList","@id":"https:\/\/www.mylasertabac.com\/es\/altera-el-tabaco-la-percepcion-de-fragancias-y-aromas\/#breadcrumb","itemListElement":[{"@type":"ListItem","position":1,"name":"Accueil","item":"https:\/\/www.mylasertabac.com\/es\/inicio\/"},{"@type":"ListItem","position":2,"name":"\u00bfAltera el tabaco la percepci\u00f3n de fragancias y aromas?"}]},{"@type":"WebSite","@id":"https:\/\/www.mylasertabac.com\/es\/#website","url":"https:\/\/www.mylasertabac.com\/es\/","name":"My Laser Tabac","description":"La solution laser qui transforme les fumeurs en ex-fumeurs","publisher":{"@id":"https:\/\/www.mylasertabac.com\/es\/#organization"},"potentialAction":[{"@type":"SearchAction","target":{"@type":"EntryPoint","urlTemplate":"https:\/\/www.mylasertabac.com\/es\/?s={search_term_string}"},"query-input":{"@type":"PropertyValueSpecification","valueRequired":true,"valueName":"search_term_string"}}],"inLanguage":"es"},{"@type":"Organization","@id":"https:\/\/www.mylasertabac.com\/es\/#organization","name":"My Laser Tabac","url":"https:\/\/www.mylasertabac.com\/es\/","logo":{"@type":"ImageObject","inLanguage":"es","@id":"https:\/\/www.mylasertabac.com\/es\/#\/schema\/logo\/image\/","url":"https:\/\/www.mylasertabac.com\/wp-content\/uploads\/2024\/12\/mlt-verteau.svg","contentUrl":"https:\/\/www.mylasertabac.com\/wp-content\/uploads\/2024\/12\/mlt-verteau.svg","caption":"My Laser Tabac"},"image":{"@id":"https:\/\/www.mylasertabac.com\/es\/#\/schema\/logo\/image\/"}},{"@type":"Person","@id":"https:\/\/www.mylasertabac.com\/es\/#\/schema\/person\/02c249cb76d912efb6c315ec23eccdf3","name":"Florian Fortes","image":{"@type":"ImageObject","inLanguage":"es","@id":"https:\/\/www.mylasertabac.com\/wp-content\/litespeed\/avatar\/142101a71d7b9e6490c1120d9c109a67.jpg?ver=1777461116","url":"https:\/\/www.mylasertabac.com\/wp-content\/litespeed\/avatar\/142101a71d7b9e6490c1120d9c109a67.jpg?ver=1777461116","contentUrl":"https:\/\/www.mylasertabac.com\/wp-content\/litespeed\/avatar\/142101a71d7b9e6490c1120d9c109a67.jpg?ver=1777461116","caption":"Florian Fortes"},"sameAs":["https:\/\/www.mylasertabac.com","https:\/\/www.facebook.com\/profile.php?id=61571554707319"],"url":"https:\/\/www.mylasertabac.com\/es\/author\/florianfortes5312\/"}]}},"_links":{"self":[{"href":"https:\/\/www.mylasertabac.com\/es\/wp-json\/wp\/v2\/posts\/6281","targetHints":{"allow":["GET"]}}],"collection":[{"href":"https:\/\/www.mylasertabac.com\/es\/wp-json\/wp\/v2\/posts"}],"about":[{"href":"https:\/\/www.mylasertabac.com\/es\/wp-json\/wp\/v2\/types\/post"}],"author":[{"embeddable":true,"href":"https:\/\/www.mylasertabac.com\/es\/wp-json\/wp\/v2\/users\/2"}],"replies":[{"embeddable":true,"href":"https:\/\/www.mylasertabac.com\/es\/wp-json\/wp\/v2\/comments?post=6281"}],"version-history":[{"count":3,"href":"https:\/\/www.mylasertabac.com\/es\/wp-json\/wp\/v2\/posts\/6281\/revisions"}],"predecessor-version":[{"id":6802,"href":"https:\/\/www.mylasertabac.com\/es\/wp-json\/wp\/v2\/posts\/6281\/revisions\/6802"}],"wp:featuredmedia":[{"embeddable":true,"href":"https:\/\/www.mylasertabac.com\/es\/wp-json\/wp\/v2\/media\/5236"}],"wp:attachment":[{"href":"https:\/\/www.mylasertabac.com\/es\/wp-json\/wp\/v2\/media?parent=6281"}],"wp:term":[{"taxonomy":"category","embeddable":true,"href":"https:\/\/www.mylasertabac.com\/es\/wp-json\/wp\/v2\/categories?post=6281"},{"taxonomy":"post_tag","embeddable":true,"href":"https:\/\/www.mylasertabac.com\/es\/wp-json\/wp\/v2\/tags?post=6281"}],"curies":[{"name":"wp","href":"https:\/\/api.w.org\/{rel}","templated":true}]}}