{"id":6601,"date":"2025-04-07T10:17:22","date_gmt":"2025-04-07T08:17:22","guid":{"rendered":"https:\/\/www.mylasertabac.com\/por-que-los-fumadores-pierden-gradualmente-el-sentido-del-olfato\/"},"modified":"2025-04-08T13:04:45","modified_gmt":"2025-04-08T11:04:45","slug":"por-que-los-fumadores-pierden-gradualmente-el-sentido-del-olfato","status":"publish","type":"post","link":"https:\/\/www.mylasertabac.com\/es\/por-que-los-fumadores-pierden-gradualmente-el-sentido-del-olfato\/","title":{"rendered":"\u00bfPor qu\u00e9 los fumadores pierden gradualmente el sentido del olfato?"},"content":{"rendered":"\n<div style=\"height:20px\" aria-hidden=\"true\" class=\"wp-block-spacer\"><\/div>\n\n<p>El olfato es un sentido esencial que nos permite detectar olores y apreciar plenamente nuestro entorno. Sin embargo, los fumadores pierden gradualmente el sentido del olfato. Muchos fumadores experimentan una reducci\u00f3n de su capacidad para percibir olores, e incluso una p\u00e9rdida parcial o total de la sensibilidad olfativa, lo que se conoce como hiposmia. Esta alteraci\u00f3n sensorial suele ignorarse, aunque puede afectar a la calidad de vida y a la percepci\u00f3n del gusto. Los cigarrillos tienen un impacto directo en el organismo y exponen a los fumadores a numerosos riesgos de enfermedad. Cada semana que se fuma aumenta el da\u00f1o a los receptores olfativos.     <\/p>\n\n<p>\u00bfPor qu\u00e9 sufren los fumadores este deterioro de su capacidad para percibir los olores? \u00bfCu\u00e1les son los mecanismos implicados y qu\u00e9 se puede hacer al respecto? Este art\u00edculo explora las causas de esta p\u00e9rdida sensorial y sugiere soluciones para recuperar una mejor percepci\u00f3n olfativa. Al final de su vida, algunos fumadores descubren que su piel, sus pulmones e incluso su sensibilidad a los olores se ven afectados por su adicci\u00f3n.   <\/p>\n\n<div style=\"height:20px\" aria-hidden=\"true\" class=\"wp-block-spacer\"><\/div>\n\n<figure class=\"wp-block-image alignwide size-large\"><img fetchpriority=\"high\" decoding=\"async\" width=\"1024\" height=\"503\" src=\"https:\/\/www.mylasertabac.com\/wp-content\/uploads\/2025\/04\/gout-et-odora-1024x503.jpeg\" alt=\"\" class=\"wp-image-6616\" srcset=\"https:\/\/www.mylasertabac.com\/wp-content\/uploads\/2025\/04\/gout-et-odora-1024x503.jpeg 1024w, https:\/\/www.mylasertabac.com\/wp-content\/uploads\/2025\/04\/gout-et-odora-300x147.jpeg 300w, https:\/\/www.mylasertabac.com\/wp-content\/uploads\/2025\/04\/gout-et-odora-768x377.jpeg 768w, https:\/\/www.mylasertabac.com\/wp-content\/uploads\/2025\/04\/gout-et-odora.jpeg 1179w\" sizes=\"(max-width: 1024px) 100vw, 1024px\" \/><\/figure>\n\n<div style=\"height:20px\" aria-hidden=\"true\" class=\"wp-block-spacer\"><\/div>\n\n<h2 class=\"wp-block-heading\"><strong>El impacto del tabaco en el sentido del olfato<\/strong><\/h2>\n\n<div style=\"height:20px\" aria-hidden=\"true\" class=\"wp-block-spacer\"><\/div>\n\n<h3 class=\"wp-block-heading\"><strong>\ud83d\udd2c Sustancias t\u00f3xicas en el tabaco y su efecto en los receptores olfativos<\/strong><\/h3>\n\n<div style=\"height:20px\" aria-hidden=\"true\" class=\"wp-block-spacer\"><\/div>\n\n<p>El humo del cigarrillo contiene m\u00e1s de 7.000 sustancias qu\u00edmicas, algunas de las cuales son extremadamente t\u00f3xicas para las c\u00e9lulas sensoriales de la nariz. Entre ellas est\u00e1n la nicotina, el mon\u00f3xido de carbono y los alquitranes, que se acumulan en la mucosa nasal y da\u00f1an gradualmente los receptores olfativos. <\/p>\n\n<p>Estos receptores, situados en el epitelio olfativo, son esenciales para detectar los olores. Con la exposici\u00f3n prolongada a las toxinas del tabaco, se vuelven menos sensibles y se deterioran, lo que provoca una disminuci\u00f3n progresiva de la percepci\u00f3n de los olores. Este deterioro es a\u00fan m\u00e1s acusado en los fumadores de larga duraci\u00f3n, cuyas c\u00e9lulas olfativas est\u00e1n constantemente expuestas a los efectos nocivos del tabaco. Los riesgos asociados a este deterioro son numerosos: adem\u00e1s de la p\u00e9rdida de sensibilidad olfativa, los fumadores aumentan su exposici\u00f3n a las enfermedades respiratorias. Cada cigarrillo fumado debilita un poco m\u00e1s el organismo y reduce la capacidad del fumador para distinguir los distintos olores.    <\/p>\n\n<div style=\"height:20px\" aria-hidden=\"true\" class=\"wp-block-spacer\"><\/div>\n\n<h3 class=\"wp-block-heading\"><strong>\ud83e\ude78 El impacto del tabaquismo en la circulaci\u00f3n sangu\u00ednea nasal<\/strong><\/h3>\n\n<div style=\"height:20px\" aria-hidden=\"true\" class=\"wp-block-spacer\"><\/div>\n\n<p>El tabaco tiene un efecto vasoconstrictor, lo que significa que reduce el di\u00e1metro de los vasos sangu\u00edneos. Esta reducci\u00f3n de la circulaci\u00f3n sangu\u00ednea tambi\u00e9n afecta a la zona nasal, limitando el suministro de ox\u00edgeno y nutrientes a las c\u00e9lulas olfativas. <\/p>\n\n<p>Una irrigaci\u00f3n sangu\u00ednea deficiente significa que las c\u00e9lulas olfativas se regeneran m\u00e1s lentamente y se deterioran a\u00fan m\u00e1s. Adem\u00e1s, la inflamaci\u00f3n cr\u00f3nica causada por el humo irrita la mucosa nasal, reduciendo a\u00fan m\u00e1s la capacidad de percibir los olores. Con el tiempo, esta falta de oxigenaci\u00f3n puede hacer que el da\u00f1o sea irreversible, afectando permanentemente a la percepci\u00f3n de los olores por parte de los fumadores. Este proceso tarda varias semanas en producirse, pero el aumento del consumo de cigarrillos acelera la aparici\u00f3n de los s\u00edntomas. En \u00faltima instancia, los fumadores habituales se exponen a un mayor riesgo de enfermedad pulmonar, lo que conlleva una menor calidad de vida y problemas olfativos persistentes.    <\/p>\n\n<div style=\"height:20px\" aria-hidden=\"true\" class=\"wp-block-spacer\"><\/div>\n\n<h3 class=\"wp-block-heading\"><strong>\ud83e\udd27 Inflamaci\u00f3n de las mucosas y congesti\u00f3n nasal cr\u00f3nica<\/strong><\/h3>\n\n<div style=\"height:20px\" aria-hidden=\"true\" class=\"wp-block-spacer\"><\/div>\n\n<p>Los fumadores sufren a menudo congesti\u00f3n nasal, ya que el humo del cigarrillo irrita las v\u00edas respiratorias y provoca una inflamaci\u00f3n cr\u00f3nica de las mucosas. Esta inflamaci\u00f3n excesiva provoca un aumento de la producci\u00f3n de mucosidad, obstruyendo las fosas nasales y reduciendo la capacidad de la nariz para captar las mol\u00e9culas de olor. <\/p>\n\n<p>Adem\u00e1s, la exposici\u00f3n regular al humo del tabaco favorece el desarrollo de problemas respiratorios como la rinitis cr\u00f3nica o la sinusitis, que agravan a\u00fan m\u00e1s la p\u00e9rdida de sensibilidad olfativa. Esta obstrucci\u00f3n permanente impide que las mol\u00e9culas olorosas lleguen correctamente a los receptores olfativos, lo que contribuye a una reducci\u00f3n significativa de la percepci\u00f3n de los olores por parte de los fumadores. Al final de la cadena, la piel tambi\u00e9n puede sufrir una falta de ox\u00edgeno, lo que provoca un envejecimiento prematuro y una tez apagada. Fumar cigarrillos en exceso debilita todo el organismo y aumenta el riesgo de padecer otras enfermedades cr\u00f3nicas.   <\/p>\n\n<div style=\"height:20px\" aria-hidden=\"true\" class=\"wp-block-spacer\"><\/div>\n\n<p class=\"has-cyan-bluish-gray-background-color has-background\">Tambi\u00e9n te puede interesar este art\u00edculo: <a href=\"https:\/\/www.mylasertabac.com\/es\/informacion\/formacion-laser-antitabaco-y-contra-la-adiccion\/\"><mark style=\"background-color:rgba(0, 0, 0, 0)\" class=\"has-inline-color has-luminous-vivid-orange-color\">Formaci\u00f3n l\u00e1ser antitabaco y contra la adicci\u00f3n <\/mark><\/a> <\/p>\n\n<div style=\"height:20px\" aria-hidden=\"true\" class=\"wp-block-spacer\"><\/div>\n\n<h2 class=\"wp-block-heading\"><strong>\u00bfC\u00f3mo puedes mejorar tu sentido del olfato a pesar de fumar?<\/strong><\/h2>\n\n<div style=\"height:20px\" aria-hidden=\"true\" class=\"wp-block-spacer\"><\/div>\n\n<h2 class=\"wp-block-heading\"><strong>\ud83c\udf4a Adoptar una dieta beneficiosa para la sensibilidad al olor<\/strong><\/h2>\n\n<p>Ciertos nutrientes desempe\u00f1an un papel clave en la regeneraci\u00f3n de las c\u00e9lulas olfativas. Una dieta rica en vitaminas A, C y E, as\u00ed como en zinc, puede ayudar a limitar los efectos negativos del tabaco sobre la sensibilidad olfativa. <\/p>\n\n<ul class=\"wp-block-list\">\n<li><strong>Vitamina A<\/strong>: Presente en las zanahorias, las espinacas y los boniatos, favorece la regeneraci\u00f3n de las c\u00e9lulas sensoriales.<\/li>\n\n\n\n<li><strong>Vitamina C<\/strong>: Conocida por sus propiedades antioxidantes, ayuda a proteger los tejidos contra los efectos oxidativos del tabaco. Se encuentra en los c\u00edtricos, los kiwis y los pimientos. <\/li>\n\n\n\n<li><strong>Zinc<\/strong>: Elemento esencial para la salud olfativa, presente en el marisco, las semillas de calabaza y las legumbres.<\/li>\n<\/ul>\n\n<p>Una dieta equilibrada tambi\u00e9n ayuda a combatir los s\u00edntomas del abandono del tabaco, limitando as\u00ed el deseo de fumar y reduciendo los riesgos asociados a la adicci\u00f3n. Al cabo de unas semanas, los beneficios empiezan a hacerse sentir, con un aumento de la sensibilidad a los olores. <\/p>\n\n<div style=\"height:20px\" aria-hidden=\"true\" class=\"wp-block-spacer\"><\/div>\n\n<h3 class=\"wp-block-heading\"><strong>\ud83d\udca8 Evita la exposici\u00f3n a irritantes<\/strong><\/h3>\n\n<div style=\"height:20px\" aria-hidden=\"true\" class=\"wp-block-spacer\"><\/div>\n\n<p>Adem\u00e1s del humo del cigarrillo, otros factores pueden agravar la p\u00e9rdida de sensibilidad olfativa en los fumadores. La exposici\u00f3n a la contaminaci\u00f3n, a productos qu\u00edmicos o a fragancias fuertes puede aumentar la irritaci\u00f3n de la mucosa nasal y empeorar la congesti\u00f3n. <\/p>\n\n<p>Limitar estas exposiciones, humidificar el aire ambiente y promover una buena higiene nasal con enjuagues regulares de agua salada puede ayudar a descongestionar las v\u00edas respiratorias y mejorar la percepci\u00f3n de los olores. Adoptando estos h\u00e1bitos, los fumadores pueden limitar los s\u00edntomas asociados al tabaco y reducir el riesgo de deterioro permanente de su sensibilidad olfativa. <\/p>\n\n<div style=\"height:20px\" aria-hidden=\"true\" class=\"wp-block-spacer\"><\/div>\n\n<h3 class=\"wp-block-heading\"><strong>\ud83d\udead Dejar de fumar para recuperar gradualmente la capacidad olfativa<\/strong><\/h3>\n\n<div style=\"height:20px\" aria-hidden=\"true\" class=\"wp-block-spacer\"><\/div>\n\n<p><a href=\"https:\/\/www.mylasertabac.com\/es\/\">Dejar de fumar<\/a> es la mejor forma de recuperar el sentido del olfato. Desde los primeros d\u00edas sin cigarrillos, disminuye la inflamaci\u00f3n de las mucosas, mejora la circulaci\u00f3n sangu\u00ednea y empiezan a regenerarse los receptores olfativos. <\/p>\n\n<p>Al cabo de unas semanas, muchos ex fumadores informan de una notable mejor\u00eda en su percepci\u00f3n de los olores. Sin embargo, la recuperaci\u00f3n total puede tardar varios meses, o incluso varios a\u00f1os en el caso de los fumadores empedernidos. Dejar de fumar tambi\u00e9n mejora el estado general del organismo, reduciendo el riesgo de enfermedades pulmonares y limitando los s\u00edntomas asociados a la adicci\u00f3n. Al final, los fumadores no s\u00f3lo recuperan la capacidad de disfrutar plenamente de su entorno, sino que tambi\u00e9n disfrutan de una mejor calidad de vida y de una piel m\u00e1s radiante.   <\/p>\n\n<div style=\"height:20px\" aria-hidden=\"true\" class=\"wp-block-spacer\"><\/div>\n\n<p><strong>Conclusi\u00f3n<\/strong><\/p>\n\n<p>Los fumadores pierden gradualmente el sentido del olfato debido a las sustancias t\u00f3xicas que contiene el humo de los cigarrillos, a la reducci\u00f3n de la circulaci\u00f3n sangu\u00ednea nasal y a la inflamaci\u00f3n cr\u00f3nica de las mucosas. Este deterioro puede repercutir negativamente en la calidad de vida, dificultando la percepci\u00f3n de los olores e incluso influyendo en el sabor de los alimentos. <\/p>\n\n<p>Deseas informaci\u00f3n sobre <a href=\"https:\/\/www.mylasertabac.com\/es\/\">el l\u00e1ser antitabaco<\/a> y concertar una cita en uno de nuestros centros cercanos.  <\/p>\n\n<div style=\"height:27px\" aria-hidden=\"true\" class=\"wp-block-spacer\"><\/div>\n\n<h3 class=\"wp-block-heading\">\ud83d\udcfa Los medios de comunicaci\u00f3n hablan de Mylasertabac :<\/h3>\n\n<p><a href=\"https:\/\/sinactiv.fr\/blogs\/divers\/arret-tabac-laser\">sinactiv.fr<\/a>, <a href=\"https:\/\/www.naturopat.fr\/comment-arreter-de-fumer-facilement-grace-au-laser\/\">naturopat.fr<\/a>, <a href=\"https:\/\/sante-et-beaute.fr\/pourquoi-arreter-de-fumer-en-2025\/\">sante-et-beaute.fr<\/a>, <a href=\"https:\/\/monparrainsante.com\/pourquoi-arreter-de-fumer-en-2025\/\">monparrainsante.com<\/a><a href=\"https:\/\/www.hypnoandco.com\/arreter-de-fumer-laser\/\">,hypnoandco.com,<\/a><a href=\"https:\/\/l-hexagone.fr\/bien-etre-sante\/pourquoi-arreter-de-fumer-en-2025-est-une-decision-essentielle\/\">l-hexagone.fr<\/a>, <a href=\"https:\/\/www.mondentistechampigny.fr\/soins-dentaires\/effets-tabagisme-dents\/\">mondentistechampigny.fr<\/a>, <a href=\"https:\/\/france-pharmacies.fr\/pourquoi-il-est-important-darreter-de-fumer-en-2025\/\">france-pharmacies.fr<\/a>, <a href=\"https:\/\/www.santeplusmag.com\/111129505-pourquoi-arreter-de-fumer-en-2025-articles-partenaires\/\">santeplusmag.com<\/a>, <a href=\"https:\/\/www.topdents.com\/pourquoi-la-cigarette-abime-les-dents\/\">topdents.com<\/a><\/p>\n\n<div style=\"height:27px\" aria-hidden=\"true\" class=\"wp-block-spacer\"><\/div>\n\n<figure class=\"wp-block-embed alignwide is-type-video is-provider-youtube wp-block-embed-youtube wp-embed-aspect-16-9 wp-has-aspect-ratio\"><div class=\"wp-block-embed__wrapper\">\n<iframe title=\"Je suis all\u00e9 courir et j\u2019ai vu J\u00e9sus \ud83d\udeac #tabac #humour #sant\u00e9 #arr\u00eatdutabac\" width=\"800\" height=\"450\" src=\"https:\/\/www.youtube.com\/embed\/7X2TefZoTDg?feature=oembed\" frameborder=\"0\" allow=\"accelerometer; autoplay; clipboard-write; encrypted-media; gyroscope; picture-in-picture; web-share\" referrerpolicy=\"strict-origin-when-cross-origin\" allowfullscreen><\/iframe>\n<\/div><\/figure>\n\n<div style=\"height:27px\" aria-hidden=\"true\" class=\"wp-block-spacer\"><\/div>\n\n<figure class=\"wp-block-image alignwide size-large\"><img decoding=\"async\" src=\"https:\/\/www.mylasertabac.com\/wp-content\/uploads\/\/mlt-verteau.svg\" alt=\"\" class=\"wp-image-13\"\/><\/figure>\n","protected":false},"excerpt":{"rendered":"<p>El olfato es un sentido esencial que nos permite detectar olores y apreciar plenamente nuestro entorno. Sin embargo, los fumadores pierden gradualmente el sentido del olfato. Muchos fumadores experimentan una reducci\u00f3n de su capacidad para percibir olores, e incluso una p\u00e9rdida parcial o total de la sensibilidad olfativa, lo que se conoce como hiposmia. Esta [&hellip;]<\/p>\n","protected":false},"author":2,"featured_media":6599,"comment_status":"closed","ping_status":"open","sticky":false,"template":"","format":"standard","meta":{"inline_featured_image":false,"footnotes":""},"categories":[120],"tags":[],"class_list":["post-6601","post","type-post","status-publish","format-standard","has-post-thumbnail","hentry","category-salud"],"yoast_head":"<!-- This site is optimized with the Yoast SEO plugin v27.4 - https:\/\/yoast.com\/product\/yoast-seo-wordpress\/ -->\n<title>\u00bfPor qu\u00e9 los fumadores pierden gradualmente el sentido del olfato? - My Laser Tabac<\/title>\n<meta name=\"description\" content=\"El humo del cigarrillo da\u00f1a los nervios olfativos, reduciendo gradualmente la capacidad de los fumadores para percibir correctamente los olores.\" \/>\n<meta name=\"robots\" content=\"index, follow, max-snippet:-1, max-image-preview:large, max-video-preview:-1\" \/>\n<link rel=\"canonical\" href=\"https:\/\/www.mylasertabac.com\/es\/por-que-los-fumadores-pierden-gradualmente-el-sentido-del-olfato\/\" \/>\n<meta property=\"og:locale\" content=\"es_ES\" \/>\n<meta property=\"og:type\" content=\"article\" \/>\n<meta property=\"og:title\" content=\"\u00bfPor qu\u00e9 los fumadores pierden gradualmente el sentido del olfato? - My Laser Tabac\" \/>\n<meta property=\"og:description\" content=\"El humo del cigarrillo da\u00f1a los nervios olfativos, reduciendo gradualmente la capacidad de los fumadores para percibir correctamente los olores.\" \/>\n<meta property=\"og:url\" content=\"https:\/\/www.mylasertabac.com\/es\/por-que-los-fumadores-pierden-gradualmente-el-sentido-del-olfato\/\" \/>\n<meta property=\"og:site_name\" content=\"My Laser Tabac\" \/>\n<meta property=\"article:author\" content=\"https:\/\/www.facebook.com\/profile.php?id=61571554707319\" \/>\n<meta property=\"article:published_time\" content=\"2025-04-07T08:17:22+00:00\" \/>\n<meta property=\"article:modified_time\" content=\"2025-04-08T11:04:45+00:00\" \/>\n<meta property=\"og:image\" content=\"https:\/\/www.mylasertabac.com\/wp-content\/uploads\/2025\/04\/odor.jpeg\" \/>\n\t<meta property=\"og:image:width\" content=\"969\" \/>\n\t<meta property=\"og:image:height\" content=\"967\" \/>\n\t<meta property=\"og:image:type\" content=\"image\/jpeg\" \/>\n<meta name=\"author\" content=\"Florian Fortes\" \/>\n<meta name=\"twitter:card\" content=\"summary_large_image\" \/>\n<meta name=\"twitter:label1\" content=\"Escrito por\" \/>\n\t<meta name=\"twitter:data1\" content=\"Florian Fortes\" \/>\n\t<meta name=\"twitter:label2\" content=\"Tiempo de lectura\" \/>\n\t<meta name=\"twitter:data2\" content=\"7 minutos\" \/>\n<script type=\"application\/ld+json\" class=\"yoast-schema-graph\">{\"@context\":\"https:\\\/\\\/schema.org\",\"@graph\":[{\"@type\":\"Article\",\"@id\":\"https:\\\/\\\/www.mylasertabac.com\\\/es\\\/por-que-los-fumadores-pierden-gradualmente-el-sentido-del-olfato\\\/#article\",\"isPartOf\":{\"@id\":\"https:\\\/\\\/www.mylasertabac.com\\\/es\\\/por-que-los-fumadores-pierden-gradualmente-el-sentido-del-olfato\\\/\"},\"author\":{\"name\":\"Florian Fortes\",\"@id\":\"https:\\\/\\\/www.mylasertabac.com\\\/es\\\/#\\\/schema\\\/person\\\/02c249cb76d912efb6c315ec23eccdf3\"},\"headline\":\"\u00bfPor qu\u00e9 los fumadores pierden gradualmente el sentido del olfato?\",\"datePublished\":\"2025-04-07T08:17:22+00:00\",\"dateModified\":\"2025-04-08T11:04:45+00:00\",\"mainEntityOfPage\":{\"@id\":\"https:\\\/\\\/www.mylasertabac.com\\\/es\\\/por-que-los-fumadores-pierden-gradualmente-el-sentido-del-olfato\\\/\"},\"wordCount\":1356,\"publisher\":{\"@id\":\"https:\\\/\\\/www.mylasertabac.com\\\/es\\\/#organization\"},\"image\":{\"@id\":\"https:\\\/\\\/www.mylasertabac.com\\\/es\\\/por-que-los-fumadores-pierden-gradualmente-el-sentido-del-olfato\\\/#primaryimage\"},\"thumbnailUrl\":\"https:\\\/\\\/www.mylasertabac.com\\\/wp-content\\\/uploads\\\/2025\\\/04\\\/odor.jpeg\",\"articleSection\":[\"Salud\"],\"inLanguage\":\"es\"},{\"@type\":\"WebPage\",\"@id\":\"https:\\\/\\\/www.mylasertabac.com\\\/es\\\/por-que-los-fumadores-pierden-gradualmente-el-sentido-del-olfato\\\/\",\"url\":\"https:\\\/\\\/www.mylasertabac.com\\\/es\\\/por-que-los-fumadores-pierden-gradualmente-el-sentido-del-olfato\\\/\",\"name\":\"\u00bfPor qu\u00e9 los fumadores pierden gradualmente el sentido del olfato? - My Laser Tabac\",\"isPartOf\":{\"@id\":\"https:\\\/\\\/www.mylasertabac.com\\\/es\\\/#website\"},\"primaryImageOfPage\":{\"@id\":\"https:\\\/\\\/www.mylasertabac.com\\\/es\\\/por-que-los-fumadores-pierden-gradualmente-el-sentido-del-olfato\\\/#primaryimage\"},\"image\":{\"@id\":\"https:\\\/\\\/www.mylasertabac.com\\\/es\\\/por-que-los-fumadores-pierden-gradualmente-el-sentido-del-olfato\\\/#primaryimage\"},\"thumbnailUrl\":\"https:\\\/\\\/www.mylasertabac.com\\\/wp-content\\\/uploads\\\/2025\\\/04\\\/odor.jpeg\",\"datePublished\":\"2025-04-07T08:17:22+00:00\",\"dateModified\":\"2025-04-08T11:04:45+00:00\",\"description\":\"El humo del cigarrillo da\u00f1a los nervios olfativos, reduciendo gradualmente la capacidad de los fumadores para percibir correctamente los olores.\",\"breadcrumb\":{\"@id\":\"https:\\\/\\\/www.mylasertabac.com\\\/es\\\/por-que-los-fumadores-pierden-gradualmente-el-sentido-del-olfato\\\/#breadcrumb\"},\"inLanguage\":\"es\",\"potentialAction\":[{\"@type\":\"ReadAction\",\"target\":[\"https:\\\/\\\/www.mylasertabac.com\\\/es\\\/por-que-los-fumadores-pierden-gradualmente-el-sentido-del-olfato\\\/\"]}]},{\"@type\":\"ImageObject\",\"inLanguage\":\"es\",\"@id\":\"https:\\\/\\\/www.mylasertabac.com\\\/es\\\/por-que-los-fumadores-pierden-gradualmente-el-sentido-del-olfato\\\/#primaryimage\",\"url\":\"https:\\\/\\\/www.mylasertabac.com\\\/wp-content\\\/uploads\\\/2025\\\/04\\\/odor.jpeg\",\"contentUrl\":\"https:\\\/\\\/www.mylasertabac.com\\\/wp-content\\\/uploads\\\/2025\\\/04\\\/odor.jpeg\",\"width\":969,\"height\":967},{\"@type\":\"BreadcrumbList\",\"@id\":\"https:\\\/\\\/www.mylasertabac.com\\\/es\\\/por-que-los-fumadores-pierden-gradualmente-el-sentido-del-olfato\\\/#breadcrumb\",\"itemListElement\":[{\"@type\":\"ListItem\",\"position\":1,\"name\":\"Accueil\",\"item\":\"https:\\\/\\\/www.mylasertabac.com\\\/es\\\/inicio\\\/\"},{\"@type\":\"ListItem\",\"position\":2,\"name\":\"\u00bfPor qu\u00e9 los fumadores pierden gradualmente el sentido del olfato?\"}]},{\"@type\":\"WebSite\",\"@id\":\"https:\\\/\\\/www.mylasertabac.com\\\/es\\\/#website\",\"url\":\"https:\\\/\\\/www.mylasertabac.com\\\/es\\\/\",\"name\":\"My Laser Tabac\",\"description\":\"La solution laser qui transforme les fumeurs en ex-fumeurs\",\"publisher\":{\"@id\":\"https:\\\/\\\/www.mylasertabac.com\\\/es\\\/#organization\"},\"potentialAction\":[{\"@type\":\"SearchAction\",\"target\":{\"@type\":\"EntryPoint\",\"urlTemplate\":\"https:\\\/\\\/www.mylasertabac.com\\\/es\\\/?s={search_term_string}\"},\"query-input\":{\"@type\":\"PropertyValueSpecification\",\"valueRequired\":true,\"valueName\":\"search_term_string\"}}],\"inLanguage\":\"es\"},{\"@type\":\"Organization\",\"@id\":\"https:\\\/\\\/www.mylasertabac.com\\\/es\\\/#organization\",\"name\":\"My Laser Tabac\",\"url\":\"https:\\\/\\\/www.mylasertabac.com\\\/es\\\/\",\"logo\":{\"@type\":\"ImageObject\",\"inLanguage\":\"es\",\"@id\":\"https:\\\/\\\/www.mylasertabac.com\\\/es\\\/#\\\/schema\\\/logo\\\/image\\\/\",\"url\":\"https:\\\/\\\/www.mylasertabac.com\\\/wp-content\\\/uploads\\\/2024\\\/12\\\/mlt-verteau.svg\",\"contentUrl\":\"https:\\\/\\\/www.mylasertabac.com\\\/wp-content\\\/uploads\\\/2024\\\/12\\\/mlt-verteau.svg\",\"caption\":\"My Laser Tabac\"},\"image\":{\"@id\":\"https:\\\/\\\/www.mylasertabac.com\\\/es\\\/#\\\/schema\\\/logo\\\/image\\\/\"}},{\"@type\":\"Person\",\"@id\":\"https:\\\/\\\/www.mylasertabac.com\\\/es\\\/#\\\/schema\\\/person\\\/02c249cb76d912efb6c315ec23eccdf3\",\"name\":\"Florian Fortes\",\"image\":{\"@type\":\"ImageObject\",\"inLanguage\":\"es\",\"@id\":\"https:\\\/\\\/www.mylasertabac.com\\\/wp-content\\\/litespeed\\\/avatar\\\/142101a71d7b9e6490c1120d9c109a67.jpg?ver=1776856306\",\"url\":\"https:\\\/\\\/www.mylasertabac.com\\\/wp-content\\\/litespeed\\\/avatar\\\/142101a71d7b9e6490c1120d9c109a67.jpg?ver=1776856306\",\"contentUrl\":\"https:\\\/\\\/www.mylasertabac.com\\\/wp-content\\\/litespeed\\\/avatar\\\/142101a71d7b9e6490c1120d9c109a67.jpg?ver=1776856306\",\"caption\":\"Florian Fortes\"},\"sameAs\":[\"https:\\\/\\\/www.mylasertabac.com\",\"https:\\\/\\\/www.facebook.com\\\/profile.php?id=61571554707319\"],\"url\":\"https:\\\/\\\/www.mylasertabac.com\\\/es\\\/author\\\/florianfortes5312\\\/\"}]}<\/script>\n<!-- \/ Yoast SEO plugin. -->","yoast_head_json":{"title":"\u00bfPor qu\u00e9 los fumadores pierden gradualmente el sentido del olfato? - My Laser Tabac","description":"El humo del cigarrillo da\u00f1a los nervios olfativos, reduciendo gradualmente la capacidad de los fumadores para percibir correctamente los olores.","robots":{"index":"index","follow":"follow","max-snippet":"max-snippet:-1","max-image-preview":"max-image-preview:large","max-video-preview":"max-video-preview:-1"},"canonical":"https:\/\/www.mylasertabac.com\/es\/por-que-los-fumadores-pierden-gradualmente-el-sentido-del-olfato\/","og_locale":"es_ES","og_type":"article","og_title":"\u00bfPor qu\u00e9 los fumadores pierden gradualmente el sentido del olfato? - My Laser Tabac","og_description":"El humo del cigarrillo da\u00f1a los nervios olfativos, reduciendo gradualmente la capacidad de los fumadores para percibir correctamente los olores.","og_url":"https:\/\/www.mylasertabac.com\/es\/por-que-los-fumadores-pierden-gradualmente-el-sentido-del-olfato\/","og_site_name":"My Laser Tabac","article_author":"https:\/\/www.facebook.com\/profile.php?id=61571554707319","article_published_time":"2025-04-07T08:17:22+00:00","article_modified_time":"2025-04-08T11:04:45+00:00","og_image":[{"width":969,"height":967,"url":"https:\/\/www.mylasertabac.com\/wp-content\/uploads\/2025\/04\/odor.jpeg","type":"image\/jpeg"}],"author":"Florian Fortes","twitter_card":"summary_large_image","twitter_misc":{"Escrito por":"Florian Fortes","Tiempo de lectura":"7 minutos"},"schema":{"@context":"https:\/\/schema.org","@graph":[{"@type":"Article","@id":"https:\/\/www.mylasertabac.com\/es\/por-que-los-fumadores-pierden-gradualmente-el-sentido-del-olfato\/#article","isPartOf":{"@id":"https:\/\/www.mylasertabac.com\/es\/por-que-los-fumadores-pierden-gradualmente-el-sentido-del-olfato\/"},"author":{"name":"Florian Fortes","@id":"https:\/\/www.mylasertabac.com\/es\/#\/schema\/person\/02c249cb76d912efb6c315ec23eccdf3"},"headline":"\u00bfPor qu\u00e9 los fumadores pierden gradualmente el sentido del olfato?","datePublished":"2025-04-07T08:17:22+00:00","dateModified":"2025-04-08T11:04:45+00:00","mainEntityOfPage":{"@id":"https:\/\/www.mylasertabac.com\/es\/por-que-los-fumadores-pierden-gradualmente-el-sentido-del-olfato\/"},"wordCount":1356,"publisher":{"@id":"https:\/\/www.mylasertabac.com\/es\/#organization"},"image":{"@id":"https:\/\/www.mylasertabac.com\/es\/por-que-los-fumadores-pierden-gradualmente-el-sentido-del-olfato\/#primaryimage"},"thumbnailUrl":"https:\/\/www.mylasertabac.com\/wp-content\/uploads\/2025\/04\/odor.jpeg","articleSection":["Salud"],"inLanguage":"es"},{"@type":"WebPage","@id":"https:\/\/www.mylasertabac.com\/es\/por-que-los-fumadores-pierden-gradualmente-el-sentido-del-olfato\/","url":"https:\/\/www.mylasertabac.com\/es\/por-que-los-fumadores-pierden-gradualmente-el-sentido-del-olfato\/","name":"\u00bfPor qu\u00e9 los fumadores pierden gradualmente el sentido del olfato? - My Laser Tabac","isPartOf":{"@id":"https:\/\/www.mylasertabac.com\/es\/#website"},"primaryImageOfPage":{"@id":"https:\/\/www.mylasertabac.com\/es\/por-que-los-fumadores-pierden-gradualmente-el-sentido-del-olfato\/#primaryimage"},"image":{"@id":"https:\/\/www.mylasertabac.com\/es\/por-que-los-fumadores-pierden-gradualmente-el-sentido-del-olfato\/#primaryimage"},"thumbnailUrl":"https:\/\/www.mylasertabac.com\/wp-content\/uploads\/2025\/04\/odor.jpeg","datePublished":"2025-04-07T08:17:22+00:00","dateModified":"2025-04-08T11:04:45+00:00","description":"El humo del cigarrillo da\u00f1a los nervios olfativos, reduciendo gradualmente la capacidad de los fumadores para percibir correctamente los olores.","breadcrumb":{"@id":"https:\/\/www.mylasertabac.com\/es\/por-que-los-fumadores-pierden-gradualmente-el-sentido-del-olfato\/#breadcrumb"},"inLanguage":"es","potentialAction":[{"@type":"ReadAction","target":["https:\/\/www.mylasertabac.com\/es\/por-que-los-fumadores-pierden-gradualmente-el-sentido-del-olfato\/"]}]},{"@type":"ImageObject","inLanguage":"es","@id":"https:\/\/www.mylasertabac.com\/es\/por-que-los-fumadores-pierden-gradualmente-el-sentido-del-olfato\/#primaryimage","url":"https:\/\/www.mylasertabac.com\/wp-content\/uploads\/2025\/04\/odor.jpeg","contentUrl":"https:\/\/www.mylasertabac.com\/wp-content\/uploads\/2025\/04\/odor.jpeg","width":969,"height":967},{"@type":"BreadcrumbList","@id":"https:\/\/www.mylasertabac.com\/es\/por-que-los-fumadores-pierden-gradualmente-el-sentido-del-olfato\/#breadcrumb","itemListElement":[{"@type":"ListItem","position":1,"name":"Accueil","item":"https:\/\/www.mylasertabac.com\/es\/inicio\/"},{"@type":"ListItem","position":2,"name":"\u00bfPor qu\u00e9 los fumadores pierden gradualmente el sentido del olfato?"}]},{"@type":"WebSite","@id":"https:\/\/www.mylasertabac.com\/es\/#website","url":"https:\/\/www.mylasertabac.com\/es\/","name":"My Laser Tabac","description":"La solution laser qui transforme les fumeurs en ex-fumeurs","publisher":{"@id":"https:\/\/www.mylasertabac.com\/es\/#organization"},"potentialAction":[{"@type":"SearchAction","target":{"@type":"EntryPoint","urlTemplate":"https:\/\/www.mylasertabac.com\/es\/?s={search_term_string}"},"query-input":{"@type":"PropertyValueSpecification","valueRequired":true,"valueName":"search_term_string"}}],"inLanguage":"es"},{"@type":"Organization","@id":"https:\/\/www.mylasertabac.com\/es\/#organization","name":"My Laser Tabac","url":"https:\/\/www.mylasertabac.com\/es\/","logo":{"@type":"ImageObject","inLanguage":"es","@id":"https:\/\/www.mylasertabac.com\/es\/#\/schema\/logo\/image\/","url":"https:\/\/www.mylasertabac.com\/wp-content\/uploads\/2024\/12\/mlt-verteau.svg","contentUrl":"https:\/\/www.mylasertabac.com\/wp-content\/uploads\/2024\/12\/mlt-verteau.svg","caption":"My Laser Tabac"},"image":{"@id":"https:\/\/www.mylasertabac.com\/es\/#\/schema\/logo\/image\/"}},{"@type":"Person","@id":"https:\/\/www.mylasertabac.com\/es\/#\/schema\/person\/02c249cb76d912efb6c315ec23eccdf3","name":"Florian Fortes","image":{"@type":"ImageObject","inLanguage":"es","@id":"https:\/\/www.mylasertabac.com\/wp-content\/litespeed\/avatar\/142101a71d7b9e6490c1120d9c109a67.jpg?ver=1776856306","url":"https:\/\/www.mylasertabac.com\/wp-content\/litespeed\/avatar\/142101a71d7b9e6490c1120d9c109a67.jpg?ver=1776856306","contentUrl":"https:\/\/www.mylasertabac.com\/wp-content\/litespeed\/avatar\/142101a71d7b9e6490c1120d9c109a67.jpg?ver=1776856306","caption":"Florian Fortes"},"sameAs":["https:\/\/www.mylasertabac.com","https:\/\/www.facebook.com\/profile.php?id=61571554707319"],"url":"https:\/\/www.mylasertabac.com\/es\/author\/florianfortes5312\/"}]}},"_links":{"self":[{"href":"https:\/\/www.mylasertabac.com\/es\/wp-json\/wp\/v2\/posts\/6601","targetHints":{"allow":["GET"]}}],"collection":[{"href":"https:\/\/www.mylasertabac.com\/es\/wp-json\/wp\/v2\/posts"}],"about":[{"href":"https:\/\/www.mylasertabac.com\/es\/wp-json\/wp\/v2\/types\/post"}],"author":[{"embeddable":true,"href":"https:\/\/www.mylasertabac.com\/es\/wp-json\/wp\/v2\/users\/2"}],"replies":[{"embeddable":true,"href":"https:\/\/www.mylasertabac.com\/es\/wp-json\/wp\/v2\/comments?post=6601"}],"version-history":[{"count":4,"href":"https:\/\/www.mylasertabac.com\/es\/wp-json\/wp\/v2\/posts\/6601\/revisions"}],"predecessor-version":[{"id":6731,"href":"https:\/\/www.mylasertabac.com\/es\/wp-json\/wp\/v2\/posts\/6601\/revisions\/6731"}],"wp:featuredmedia":[{"embeddable":true,"href":"https:\/\/www.mylasertabac.com\/es\/wp-json\/wp\/v2\/media\/6599"}],"wp:attachment":[{"href":"https:\/\/www.mylasertabac.com\/es\/wp-json\/wp\/v2\/media?parent=6601"}],"wp:term":[{"taxonomy":"category","embeddable":true,"href":"https:\/\/www.mylasertabac.com\/es\/wp-json\/wp\/v2\/categories?post=6601"},{"taxonomy":"post_tag","embeddable":true,"href":"https:\/\/www.mylasertabac.com\/es\/wp-json\/wp\/v2\/tags?post=6601"}],"curies":[{"name":"wp","href":"https:\/\/api.w.org\/{rel}","templated":true}]}}