{"id":7675,"date":"2025-05-02T16:37:37","date_gmt":"2025-05-02T14:37:37","guid":{"rendered":"https:\/\/www.mylasertabac.com\/por-que-formarse-en-laser-antitabaco-una-profesion-de-rapido-crecimiento-y-con-futuro\/"},"modified":"2025-06-02T12:28:35","modified_gmt":"2025-06-02T10:28:35","slug":"por-que-formarse-en-laser-antitabaco-una-profesion-de-rapido-crecimiento-y-con-futuro","status":"publish","type":"post","link":"https:\/\/www.mylasertabac.com\/es\/por-que-formarse-en-laser-antitabaco-una-profesion-de-rapido-crecimiento-y-con-futuro\/","title":{"rendered":"\u00bfPor qu\u00e9 formarse en l\u00e1ser antitabaco? Una profesi\u00f3n de r\u00e1pido crecimiento y con futuro"},"content":{"rendered":"\n<div style=\"height:24px\" aria-hidden=\"true\" class=\"wp-block-spacer\"><\/div>\n\n<p>Con la subida del precio del tabaco, las campa\u00f1as de concienciaci\u00f3n y el creciente deseo de muchos fumadores de dejar de fumar, las soluciones para <a href=\"https:\/\/www.mylasertabac.com\/es\/\">dejar de fumar<\/a> est\u00e1n en auge. Entre ellas, el tratamiento <strong>antitabaco con l\u00e1ser<\/strong> se perfila como un m\u00e9todo suave, eficaz y sin efectos secundarios. Cada vez son m\u00e1s los profesionales que deciden embarcarse en esta prometedora carrera, ofreciendo una alternativa a los parches, la hipnosis y otros sustitutos de la nicotina. Pero, \u00bfpor qu\u00e9 dedicarse a la formaci\u00f3n antitabaco con l\u00e1ser? \u00bfCu\u00e1les son sus ventajas y c\u00f3mo puedes convertirte en profesional?    <\/p>\n\n<div style=\"height:36px\" aria-hidden=\"true\" class=\"wp-block-spacer\"><\/div>\n\n<figure class=\"wp-block-image alignright size-large is-resized\"><img fetchpriority=\"high\" decoding=\"async\" width=\"1024\" height=\"668\" src=\"https:\/\/www.mylasertabac.com\/wp-content\/uploads\/2025\/05\/k-1024x668.jpeg\" alt=\"\" class=\"wp-image-7657\" style=\"width:626px;height:auto\" srcset=\"https:\/\/www.mylasertabac.com\/wp-content\/uploads\/2025\/05\/k-1024x668.jpeg 1024w, https:\/\/www.mylasertabac.com\/wp-content\/uploads\/2025\/05\/k-300x196.jpeg 300w, https:\/\/www.mylasertabac.com\/wp-content\/uploads\/2025\/05\/k-768x501.jpeg 768w, https:\/\/www.mylasertabac.com\/wp-content\/uploads\/2025\/05\/k.jpeg 1179w\" sizes=\"(max-width: 1024px) 100vw, 1024px\" \/><\/figure>\n\n<h2 class=\"wp-block-heading\"><strong>\u00bfPor qu\u00e9 el l\u00e1ser antitabaco es una oportunidad profesional en 2025?<\/strong><\/h2>\n\n<h3 class=\"wp-block-heading\"><strong>Un mercado en r\u00e1pida expansi\u00f3n<\/strong><\/h3>\n\n<p>El tabaco es un importante problema de salud p\u00fablica. Seg\u00fan la Organizaci\u00f3n Mundial de la Salud, m\u00e1s de 8 millones de personas mueren cada a\u00f1o por las consecuencias del tabaco. Ante esta situaci\u00f3n, muchos fumadores buscan formas eficaces de dejar de fumar. El <strong><a href=\"https:\/\/www.mylasertabac.com\/es\/\">l\u00e1ser antitabaco<\/a><\/strong> es un m\u00e9todo en r\u00e1pido crecimiento que ofrece un alto porcentaje de \u00e9xito (90% en My Laser Tabac), sin dolor ni medicaci\u00f3n.   <\/p>\n\n<p>Las crecientes restricciones al tabaco, tanto en t\u00e9rminos de legislaci\u00f3n como de costes financieros, est\u00e1n llevando a los fumadores a buscar soluciones alternativas. El <strong><a href=\"https:\/\/www.mylasertabac.com\/es\/\">l\u00e1ser auricular<\/a><\/strong>inspirado en la auriculoterapia, responde a esta creciente demanda con un enfoque no invasivo y natural. Como consecuencia, el mercado est\u00e1 en auge y ofrece numerosas oportunidades a quienes deseen reciclarse en una profesi\u00f3n prometedora.  <\/p>\n\n<div style=\"height:42px\" aria-hidden=\"true\" class=\"wp-block-spacer\"><\/div>\n\n<h3 class=\"wp-block-heading\"><strong>Un m\u00e9todo eficaz y natural<\/strong><\/h3>\n\n<div style=\"height:24px\" aria-hidden=\"true\" class=\"wp-block-spacer\"><\/div>\n\n<p>A diferencia de los sustitutos de la nicotina, que prolongan la adicci\u00f3n, el <strong>l\u00e1ser auricular<\/strong> act\u00faa directamente sobre los puntos de acupuntura de la oreja para <strong>reducir el deseo de fumar<\/strong> y aliviar los s\u00edntomas de abstinencia. Este enfoque, basado en principios similares a los de la acupuntura, estimula zonas espec\u00edficas del cuerpo para regular las adicciones. <\/p>\n\n<p>El l\u00e1ser hace algo m\u00e1s que reducir el deseo de fumar. Tambi\u00e9n ayuda a reducir <strong>el estr\u00e9s, la irritabilidad y la ansiedad asociados<\/strong>al abandono del tabaco. Es un verdadero paso hacia un nuevo estilo de vida, que permite a los pacientes pasar p\u00e1gina y dejar de fumar para siempre.  <\/p>\n\n<div style=\"height:24px\" aria-hidden=\"true\" class=\"wp-block-spacer\"><\/div>\n\n<h2 class=\"wp-block-heading\"><strong>\u00bfCu\u00e1les son las ventajas del cambio?<\/strong><\/h2>\n\n<div style=\"height:24px\" aria-hidden=\"true\" class=\"wp-block-spacer\"><\/div>\n\n<h3 class=\"wp-block-heading\"><strong>Formaci\u00f3n r\u00e1pida y accesible<\/strong><\/h3>\n\n<div style=\"height:24px\" aria-hidden=\"true\" class=\"wp-block-spacer\"><\/div>\n\n<p>A diferencia de los largos y costosos cursos de formaci\u00f3n disponibles en las profesiones m\u00e9dicas, <a href=\"https:\/\/www.mylasertabac.com\/es\/informacion\/formacion-laser-antitabaco-y-contra-la-adiccion\/\">la formaci\u00f3n <strong>antitabaco con l\u00e1ser<\/strong> es <\/a>r\u00e1pida, no tiene requisitos m\u00e9dicos previos y es accesible a cualquier persona motivada. Te permite reciclarte en pocos d\u00edas y empezar a trabajar r\u00e1pidamente. <\/p>\n\n<p>No tienes que ser un profesional sanitario para hacer este curso. Todo lo que necesitas es un inter\u00e9s por el bienestar y por ayudar a las personas con dificultades. Muchos de los alumnos proceden de diversos \u00e1mbitos, como esteticistas, entrenadores de vida, hipnoterapeutas y empresarios en busca de un nuevo reto.  <\/p>\n\n<div style=\"height:24px\" aria-hidden=\"true\" class=\"wp-block-spacer\"><\/div>\n\n<h3 class=\"wp-block-heading\"><strong>Un negocio rentable con poca competencia<\/strong><\/h3>\n\n<div style=\"height:24px\" aria-hidden=\"true\" class=\"wp-block-spacer\"><\/div>\n\n<p>Con precios que oscilan <strong>entre 180 y 260 euros por sesi\u00f3n<\/strong>, un profesional puede recuperar su inversi\u00f3n en pocas semanas. Los costes de establecimiento son relativamente bajos: un <strong>l\u00e1ser profesional<\/strong>, una <strong>zona de recepci\u00f3n<\/strong> y algunas herramientas de comunicaci\u00f3n es todo lo que se necesita para poner en marcha un negocio floreciente. <\/p>\n\n<p>A diferencia de las profesiones de bienestar m\u00e1s tradicionales, todav\u00eda hay poca competencia en el sector del l\u00e1ser antitabaco, lo que deja mucho espacio para quienes quieran empezar. Estableci\u00e9ndote en zonas de gran demanda (ciudades, periferias urbanas), puedes atraer r\u00e1pidamente a una clientela fija y motivada. <\/p>\n\n<div style=\"height:24px\" aria-hidden=\"true\" class=\"wp-block-spacer\"><\/div>\n\n<h3 class=\"wp-block-heading\"><strong>Un impacto positivo en la vida de las personas<\/strong><\/h3>\n\n<div style=\"height:24px\" aria-hidden=\"true\" class=\"wp-block-spacer\"><\/div>\n\n<p>Ayudar a las personas a <strong>liberarse del tabaco<\/strong> es una misi\u00f3n gratificante. Como profesional, desempe\u00f1as un papel esencial en la mejora de la salud y el bienestar de tus pacientes. Esta profesi\u00f3n te permite dar sentido a tu actividad profesional y tener un impacto positivo y duradero en la vida de los dem\u00e1s.  <\/p>\n\n<div style=\"height:24px\" aria-hidden=\"true\" class=\"wp-block-spacer\"><\/div>\n\n<figure class=\"wp-block-image alignleft size-large is-resized\"><img decoding=\"async\" width=\"694\" height=\"1024\" src=\"https:\/\/www.mylasertabac.com\/wp-content\/uploads\/2025\/05\/grasse-694x1024.jpg\" alt=\"\" class=\"wp-image-7639\" style=\"width:380px;height:auto\" srcset=\"https:\/\/www.mylasertabac.com\/wp-content\/uploads\/2025\/05\/grasse-694x1024.jpg 694w, https:\/\/www.mylasertabac.com\/wp-content\/uploads\/2025\/05\/grasse-203x300.jpg 203w, https:\/\/www.mylasertabac.com\/wp-content\/uploads\/2025\/05\/grasse.jpg 746w\" sizes=\"(max-width: 694px) 100vw, 694px\" \/><\/figure>\n\n<h2 class=\"wp-block-heading\"><strong>\u00bfC\u00f3mo puedo convertirme en profesional del l\u00e1ser antitabaco?<\/strong><\/h2>\n\n<h3 class=\"wp-block-heading\"><strong>Las etapas clave de la formaci\u00f3n<\/strong><\/h3>\n\n<p><a href=\"https:\/\/www.mylasertabac.com\/es\/\">Mi L\u00e1ser Tabac<\/a> ofrece un curso de formaci\u00f3n completo y llave en mano, estructurado en varias etapas:<\/p>\n\n<ol start=\"1\" class=\"wp-block-list\">\n<li><strong>Formaci\u00f3n pr\u00e1ctica presencial<\/strong>: Dos d\u00edas intensivos para aprender t\u00e9cnicas de estimulaci\u00f3n l\u00e1ser, mapeo de puntos auriculares y c\u00f3mo gestionar los protocolos de tratamiento.<\/li>\n\n\n\n<li><strong>Jornada de inmersi\u00f3n<\/strong>: Un d\u00eda de observaci\u00f3n en un centro para experimentar c\u00f3mo funciona realmente la empresa.<\/li>\n\n\n\n<li><strong>Sesi\u00f3n avanzada de videoconferencia<\/strong>: apoyo posterior a la formaci\u00f3n para responder preguntas y perfeccionar la pr\u00e1ctica.<\/li>\n\n\n\n<li><strong>Apoyo educativo y asistencia durante 6 meses<\/strong>: folletos, fichas de atenci\u00f3n, orientaci\u00f3n y asesoramiento para ayudarte a poner en marcha tu empresa.<\/li>\n<\/ol>\n\n<p><strong>El equipo necesario y los costes que conlleva<\/strong><\/p>\n\n<p>Mi L\u00e1ser Tabac ofrece un paquete <strong>llave en mano<\/strong> que incluye :<\/p>\n\n<ul class=\"wp-block-list\">\n<li>Un <strong>l\u00e1ser suave<\/strong> que cumple las normas europeas,<\/li>\n\n\n\n<li><strong>Formaci\u00f3n completa con material did\u00e1ctico<\/strong>,<\/li>\n\n\n\n<li>Herramientas de marketing (escaparate, materiales de comunicaci\u00f3n),<\/li>\n\n\n\n<li>Apoyo personalizado  <\/li>\n<\/ul>\n\n<p>El paquete completo est\u00e1 disponible a partir de <strong>1.990 euros, IVA incluido<\/strong>, por lo que ver\u00e1s r\u00e1pidamente el rendimiento de tu inversi\u00f3n.<\/p>\n\n<div style=\"height:65px\" aria-hidden=\"true\" class=\"wp-block-spacer\"><\/div>\n\n<figure class=\"wp-block-image size-large\"><img decoding=\"async\" width=\"1024\" height=\"662\" src=\"https:\/\/www.mylasertabac.com\/wp-content\/uploads\/2025\/04\/vitrine-1024x662.jpg\" alt=\"\" class=\"wp-image-7466\" srcset=\"https:\/\/www.mylasertabac.com\/wp-content\/uploads\/2025\/04\/vitrine-1024x662.jpg 1024w, https:\/\/www.mylasertabac.com\/wp-content\/uploads\/2025\/04\/vitrine-300x194.jpg 300w, https:\/\/www.mylasertabac.com\/wp-content\/uploads\/2025\/04\/vitrine-768x496.jpg 768w, https:\/\/www.mylasertabac.com\/wp-content\/uploads\/2025\/04\/vitrine.jpg 1179w\" sizes=\"(max-width: 1024px) 100vw, 1024px\" \/><\/figure>\n\n<div style=\"height:45px\" aria-hidden=\"true\" class=\"wp-block-spacer\"><\/div>\n\n<h3 class=\"wp-block-heading\">Convi\u00e9rtete en franquiciado de MyLaserTabac: empieza con un concepto llave en mano de alto rendimiento<\/h3>\n\n<div style=\"height:24px\" aria-hidden=\"true\" class=\"wp-block-spacer\"><\/div>\n\n<p>\u00bfSue\u00f1as con montar tu propio negocio en un sector boyante, innovador y \u00fatil? \u00danete a <strong>la red MyLaserTabac<\/strong>, <strong>l\u00edder en el campo de la reflexolog\u00eda auditiva l\u00e1ser<\/strong>, un m\u00e9todo suave, no invasivo y extremadamente eficaz para ayudar a las personas a<a href=\"https:\/\/www.mylasertabac.com\/es\/\">dejar de <strong>fumar<\/strong><\/a>, el <strong>az\u00facar<\/strong>, el <strong>cannabis<\/strong>, <strong>el alcohol<\/strong> y la <strong>gesti\u00f3n del estr\u00e9s<\/strong>. <\/p>\n\n<div style=\"height:24px\" aria-hidden=\"true\" class=\"wp-block-spacer\"><\/div>\n\n<p><strong>Hazte<\/strong> franquiciado de MyLaserTabac <strong><a href=\"https:\/\/www.mylasertabac.com\/es\/unete-a-la-franquicia-laser-anti-tabac-y-beneficiate-de-un-concepto-rentable-llave-en-mano\/\">franquiciado MyLaserTabac<\/a><\/strong> y benef\u00edciate de un <strong>paquete completo llave en mano<\/strong>, sin preocupaciones log\u00edsticas ni de marketing. Este canon de entrada incluye : <\/p>\n\n<div style=\"height:24px\" aria-hidden=\"true\" class=\"wp-block-spacer\"><\/div>\n\n<ul class=\"wp-block-list\">\n<li><strong><a href=\"https:\/\/www.mylasertabac.com\/es\/informacion\/formacion-laser-antitabaco-y-contra-la-adiccion\/\">Formaci\u00f3n completa en reflexolog\u00eda auricular<\/a><\/strong> con apoyo pedag\u00f3gico, para formarte en el m\u00e9todo y dominar todos los aspectos de tu futura profesi\u00f3n.<\/li>\n\n\n\n<li><strong>Un l\u00e1ser suave profesional<\/strong>, certificado seg\u00fan <strong>las normas CE<\/strong>, para garantizar la seguridad y eficacia de tus sesiones.<\/li>\n\n\n\n<li><strong>Un sitio web personalizado<\/strong> y todas las <strong>herramientas de comunicaci\u00f3n<\/strong> (carteles, folletos, medios digitales).<\/li>\n\n\n\n<li><strong>Responsabilidad total de tus comunicaciones digitales<\/strong>: gestionamos tus redes sociales<strong>(Facebook, Instagram, TikTok, YouTube<\/strong>) por ti, incluyendo la <strong>creaci\u00f3n de v\u00eddeos, campa\u00f1as publicitarias<\/strong>, gesti\u00f3n de tu <strong>visibilidad local<\/strong> y <strong>captaci\u00f3n de clientes<\/strong>, as\u00ed como SEO natural.  <\/li>\n\n\n\n<li><strong>Una agenda online espec\u00edfica<\/strong>: controla tus citas y pacientes en tiempo real.<\/li>\n\n\n\n<li><strong>El equipamiento que necesitas para abrir tu centro de inmediato<\/strong>: <strong>suelo de PVC<\/strong>, <strong>camilla de masaje<\/strong>, <strong>escritorio<\/strong>, <strong>sillas<\/strong>, <strong>taburete rodante<\/strong> e incluso una <strong>pared de plantas artificiales<\/strong> para crear un ambiente relajante y profesional.<\/li>\n\n\n\n<li>La <strong>cuota del primer mes de licencia est\u00e1 incluida en<\/strong> la cuota de inscripci\u00f3n.<\/li>\n<\/ul>\n\n<div style=\"height:24px\" aria-hidden=\"true\" class=\"wp-block-spacer\"><\/div>\n\n<p>En MyLaserTabac, no nos limitamos a venderte un concepto: te <strong>ayudamos a triunfar<\/strong> con una potente estrategia de comunicaci\u00f3n, un <strong>mercado muy demandado<\/strong> y un <strong>m\u00e9todo reconocido<\/strong> con un alto \u00edndice de \u00e9xito.<\/p>\n\n<p><strong>\u00danete a una franquicia humana, rentable y centrada en el bienestar.<\/strong>  Da sentido a tu futuro profesional y forma parte de una red que est\u00e1 cambiando vidas.<\/p>\n\n<p><strong>Convi\u00e9rtete en franquiciado de MyLaserTabac hoy mismo. La oportunidad est\u00e1 al alcance de la mano. <\/strong><\/p>\n\n<div style=\"height:24px\" aria-hidden=\"true\" class=\"wp-block-spacer\"><\/div>\n\n<p><strong>Conclusi\u00f3n<\/strong><\/p>\n\n<p>El <strong>l\u00e1ser anti<\/strong> tabaco es una oportunidad de oro para cualquiera que desee reciclarse en una profesi\u00f3n de r\u00e1pido crecimiento, rentable y gratificante. Form\u00e1ndote con <a href=\"https:\/\/www.mylasertabac.com\/es\/\">Mi L\u00e1ser Tabac<\/a> y convirti\u00e9ndote en franquiciado, te beneficiar\u00e1s de un apoyo integral que te ayudar\u00e1 a triunfar en este prometedor sector.   <strong>Entonces, \u00bfpor qu\u00e9 esperar? \u00a1Es hora de dar el paso y construir un futuro profesional significativo! <\/strong><\/p>\n\n<p>\u26a0\ufe0f Si quieres hacer el <a href=\"https:\/\/www.mylasertabac.com\/es\/informacion\/formacion-laser-antitabaco-y-contra-la-adiccion\/\">curso de auriculoterapia<\/a> para combatir la adicci\u00f3n, ve a la secci\u00f3n de formaci\u00f3n de nuestro sitio web.<\/p>\n\n<div style=\"height:39px\" aria-hidden=\"true\" class=\"wp-block-spacer\"><\/div>\n\n<figure class=\"wp-block-image alignfull size-large\"><img decoding=\"async\" src=\"https:\/\/www.mylasertabac.com\/wp-content\/uploads\/\/mlt-verteau.svg\" alt=\"\" class=\"wp-image-13\"\/><\/figure>\n","protected":false},"excerpt":{"rendered":"<p>Con la subida del precio del tabaco, las campa\u00f1as de concienciaci\u00f3n y el creciente deseo de muchos fumadores de dejar de fumar, las soluciones para dejar de fumar est\u00e1n en auge. Entre ellas, el tratamiento antitabaco con l\u00e1ser se perfila como un m\u00e9todo suave, eficaz y sin efectos secundarios. Cada vez son m\u00e1s los profesionales [&hellip;]<\/p>\n","protected":false},"author":2,"featured_media":7672,"comment_status":"closed","ping_status":"open","sticky":false,"template":"","format":"standard","meta":{"inline_featured_image":false,"footnotes":""},"categories":[76],"tags":[],"class_list":["post-7675","post","type-post","status-publish","format-standard","has-post-thumbnail","hentry","category-sin-categorizar"],"yoast_head":"<!-- This site is optimized with the Yoast SEO plugin v27.4 - https:\/\/yoast.com\/product\/yoast-seo-wordpress\/ -->\n<title>\u00bfPor qu\u00e9 formarse en l\u00e1ser antitabaco? Una profesi\u00f3n de r\u00e1pido crecimiento y con futuro - My Laser Tabac<\/title>\n<meta name=\"description\" content=\"Quieres montar tu propio negocio en el \u00e1mbito de la salud y dejar de fumar, el az\u00facar, el alcohol, el cannabis y el estr\u00e9s.\" \/>\n<meta name=\"robots\" content=\"index, follow, max-snippet:-1, max-image-preview:large, max-video-preview:-1\" \/>\n<link rel=\"canonical\" href=\"https:\/\/www.mylasertabac.com\/es\/por-que-formarse-en-laser-antitabaco-una-profesion-de-rapido-crecimiento-y-con-futuro\/\" \/>\n<meta property=\"og:locale\" content=\"es_ES\" \/>\n<meta property=\"og:type\" content=\"article\" \/>\n<meta property=\"og:title\" content=\"\u00bfPor qu\u00e9 formarse en l\u00e1ser antitabaco? Una profesi\u00f3n de r\u00e1pido crecimiento y con futuro - My Laser Tabac\" \/>\n<meta property=\"og:description\" content=\"Quieres montar tu propio negocio en el \u00e1mbito de la salud y dejar de fumar, el az\u00facar, el alcohol, el cannabis y el estr\u00e9s.\" \/>\n<meta property=\"og:url\" content=\"https:\/\/www.mylasertabac.com\/es\/por-que-formarse-en-laser-antitabaco-una-profesion-de-rapido-crecimiento-y-con-futuro\/\" \/>\n<meta property=\"og:site_name\" content=\"My Laser Tabac\" \/>\n<meta property=\"article:author\" content=\"https:\/\/www.facebook.com\/profile.php?id=61571554707319\" \/>\n<meta property=\"article:published_time\" content=\"2025-05-02T14:37:37+00:00\" \/>\n<meta property=\"article:modified_time\" content=\"2025-06-02T10:28:35+00:00\" \/>\n<meta property=\"og:image\" content=\"https:\/\/www.mylasertabac.com\/wp-content\/uploads\/2025\/05\/pou.jpg\" \/>\n\t<meta property=\"og:image:width\" content=\"1153\" \/>\n\t<meta property=\"og:image:height\" content=\"749\" \/>\n\t<meta property=\"og:image:type\" content=\"image\/jpeg\" \/>\n<meta name=\"author\" content=\"Florian Fortes\" \/>\n<meta name=\"twitter:card\" content=\"summary_large_image\" \/>\n<meta name=\"twitter:label1\" content=\"Escrito por\" \/>\n\t<meta name=\"twitter:data1\" content=\"Florian Fortes\" \/>\n\t<meta name=\"twitter:label2\" content=\"Tiempo de lectura\" \/>\n\t<meta name=\"twitter:data2\" content=\"7 minutos\" \/>\n<script type=\"application\/ld+json\" class=\"yoast-schema-graph\">{\"@context\":\"https:\\\/\\\/schema.org\",\"@graph\":[{\"@type\":\"Article\",\"@id\":\"https:\\\/\\\/www.mylasertabac.com\\\/es\\\/por-que-formarse-en-laser-antitabaco-una-profesion-de-rapido-crecimiento-y-con-futuro\\\/#article\",\"isPartOf\":{\"@id\":\"https:\\\/\\\/www.mylasertabac.com\\\/es\\\/por-que-formarse-en-laser-antitabaco-una-profesion-de-rapido-crecimiento-y-con-futuro\\\/\"},\"author\":{\"name\":\"Florian Fortes\",\"@id\":\"https:\\\/\\\/www.mylasertabac.com\\\/es\\\/#\\\/schema\\\/person\\\/02c249cb76d912efb6c315ec23eccdf3\"},\"headline\":\"\u00bfPor qu\u00e9 formarse en l\u00e1ser antitabaco? Una profesi\u00f3n de r\u00e1pido crecimiento y con futuro\",\"datePublished\":\"2025-05-02T14:37:37+00:00\",\"dateModified\":\"2025-06-02T10:28:35+00:00\",\"mainEntityOfPage\":{\"@id\":\"https:\\\/\\\/www.mylasertabac.com\\\/es\\\/por-que-formarse-en-laser-antitabaco-una-profesion-de-rapido-crecimiento-y-con-futuro\\\/\"},\"wordCount\":1344,\"publisher\":{\"@id\":\"https:\\\/\\\/www.mylasertabac.com\\\/es\\\/#organization\"},\"image\":{\"@id\":\"https:\\\/\\\/www.mylasertabac.com\\\/es\\\/por-que-formarse-en-laser-antitabaco-una-profesion-de-rapido-crecimiento-y-con-futuro\\\/#primaryimage\"},\"thumbnailUrl\":\"https:\\\/\\\/www.mylasertabac.com\\\/wp-content\\\/uploads\\\/2025\\\/05\\\/pou.jpg\",\"articleSection\":[\"Sin categorizar\"],\"inLanguage\":\"es\"},{\"@type\":\"WebPage\",\"@id\":\"https:\\\/\\\/www.mylasertabac.com\\\/es\\\/por-que-formarse-en-laser-antitabaco-una-profesion-de-rapido-crecimiento-y-con-futuro\\\/\",\"url\":\"https:\\\/\\\/www.mylasertabac.com\\\/es\\\/por-que-formarse-en-laser-antitabaco-una-profesion-de-rapido-crecimiento-y-con-futuro\\\/\",\"name\":\"\u00bfPor qu\u00e9 formarse en l\u00e1ser antitabaco? Una profesi\u00f3n de r\u00e1pido crecimiento y con futuro - My Laser Tabac\",\"isPartOf\":{\"@id\":\"https:\\\/\\\/www.mylasertabac.com\\\/es\\\/#website\"},\"primaryImageOfPage\":{\"@id\":\"https:\\\/\\\/www.mylasertabac.com\\\/es\\\/por-que-formarse-en-laser-antitabaco-una-profesion-de-rapido-crecimiento-y-con-futuro\\\/#primaryimage\"},\"image\":{\"@id\":\"https:\\\/\\\/www.mylasertabac.com\\\/es\\\/por-que-formarse-en-laser-antitabaco-una-profesion-de-rapido-crecimiento-y-con-futuro\\\/#primaryimage\"},\"thumbnailUrl\":\"https:\\\/\\\/www.mylasertabac.com\\\/wp-content\\\/uploads\\\/2025\\\/05\\\/pou.jpg\",\"datePublished\":\"2025-05-02T14:37:37+00:00\",\"dateModified\":\"2025-06-02T10:28:35+00:00\",\"description\":\"Quieres montar tu propio negocio en el \u00e1mbito de la salud y dejar de fumar, el az\u00facar, el alcohol, el cannabis y el estr\u00e9s.\",\"breadcrumb\":{\"@id\":\"https:\\\/\\\/www.mylasertabac.com\\\/es\\\/por-que-formarse-en-laser-antitabaco-una-profesion-de-rapido-crecimiento-y-con-futuro\\\/#breadcrumb\"},\"inLanguage\":\"es\",\"potentialAction\":[{\"@type\":\"ReadAction\",\"target\":[\"https:\\\/\\\/www.mylasertabac.com\\\/es\\\/por-que-formarse-en-laser-antitabaco-una-profesion-de-rapido-crecimiento-y-con-futuro\\\/\"]}]},{\"@type\":\"ImageObject\",\"inLanguage\":\"es\",\"@id\":\"https:\\\/\\\/www.mylasertabac.com\\\/es\\\/por-que-formarse-en-laser-antitabaco-una-profesion-de-rapido-crecimiento-y-con-futuro\\\/#primaryimage\",\"url\":\"https:\\\/\\\/www.mylasertabac.com\\\/wp-content\\\/uploads\\\/2025\\\/05\\\/pou.jpg\",\"contentUrl\":\"https:\\\/\\\/www.mylasertabac.com\\\/wp-content\\\/uploads\\\/2025\\\/05\\\/pou.jpg\",\"width\":1153,\"height\":749},{\"@type\":\"BreadcrumbList\",\"@id\":\"https:\\\/\\\/www.mylasertabac.com\\\/es\\\/por-que-formarse-en-laser-antitabaco-una-profesion-de-rapido-crecimiento-y-con-futuro\\\/#breadcrumb\",\"itemListElement\":[{\"@type\":\"ListItem\",\"position\":1,\"name\":\"Accueil\",\"item\":\"https:\\\/\\\/www.mylasertabac.com\\\/es\\\/inicio\\\/\"},{\"@type\":\"ListItem\",\"position\":2,\"name\":\"\u00bfPor qu\u00e9 formarse en l\u00e1ser antitabaco? Una profesi\u00f3n de r\u00e1pido crecimiento y con futuro\"}]},{\"@type\":\"WebSite\",\"@id\":\"https:\\\/\\\/www.mylasertabac.com\\\/es\\\/#website\",\"url\":\"https:\\\/\\\/www.mylasertabac.com\\\/es\\\/\",\"name\":\"My Laser Tabac\",\"description\":\"La solution laser qui transforme les fumeurs en ex-fumeurs\",\"publisher\":{\"@id\":\"https:\\\/\\\/www.mylasertabac.com\\\/es\\\/#organization\"},\"potentialAction\":[{\"@type\":\"SearchAction\",\"target\":{\"@type\":\"EntryPoint\",\"urlTemplate\":\"https:\\\/\\\/www.mylasertabac.com\\\/es\\\/?s={search_term_string}\"},\"query-input\":{\"@type\":\"PropertyValueSpecification\",\"valueRequired\":true,\"valueName\":\"search_term_string\"}}],\"inLanguage\":\"es\"},{\"@type\":\"Organization\",\"@id\":\"https:\\\/\\\/www.mylasertabac.com\\\/es\\\/#organization\",\"name\":\"My Laser Tabac\",\"url\":\"https:\\\/\\\/www.mylasertabac.com\\\/es\\\/\",\"logo\":{\"@type\":\"ImageObject\",\"inLanguage\":\"es\",\"@id\":\"https:\\\/\\\/www.mylasertabac.com\\\/es\\\/#\\\/schema\\\/logo\\\/image\\\/\",\"url\":\"https:\\\/\\\/www.mylasertabac.com\\\/wp-content\\\/uploads\\\/2024\\\/12\\\/mlt-verteau.svg\",\"contentUrl\":\"https:\\\/\\\/www.mylasertabac.com\\\/wp-content\\\/uploads\\\/2024\\\/12\\\/mlt-verteau.svg\",\"caption\":\"My Laser Tabac\"},\"image\":{\"@id\":\"https:\\\/\\\/www.mylasertabac.com\\\/es\\\/#\\\/schema\\\/logo\\\/image\\\/\"}},{\"@type\":\"Person\",\"@id\":\"https:\\\/\\\/www.mylasertabac.com\\\/es\\\/#\\\/schema\\\/person\\\/02c249cb76d912efb6c315ec23eccdf3\",\"name\":\"Florian Fortes\",\"image\":{\"@type\":\"ImageObject\",\"inLanguage\":\"es\",\"@id\":\"https:\\\/\\\/www.mylasertabac.com\\\/wp-content\\\/litespeed\\\/avatar\\\/142101a71d7b9e6490c1120d9c109a67.jpg?ver=1776856306\",\"url\":\"https:\\\/\\\/www.mylasertabac.com\\\/wp-content\\\/litespeed\\\/avatar\\\/142101a71d7b9e6490c1120d9c109a67.jpg?ver=1776856306\",\"contentUrl\":\"https:\\\/\\\/www.mylasertabac.com\\\/wp-content\\\/litespeed\\\/avatar\\\/142101a71d7b9e6490c1120d9c109a67.jpg?ver=1776856306\",\"caption\":\"Florian Fortes\"},\"sameAs\":[\"https:\\\/\\\/www.mylasertabac.com\",\"https:\\\/\\\/www.facebook.com\\\/profile.php?id=61571554707319\"],\"url\":\"https:\\\/\\\/www.mylasertabac.com\\\/es\\\/author\\\/florianfortes5312\\\/\"}]}<\/script>\n<!-- \/ Yoast SEO plugin. -->","yoast_head_json":{"title":"\u00bfPor qu\u00e9 formarse en l\u00e1ser antitabaco? Una profesi\u00f3n de r\u00e1pido crecimiento y con futuro - My Laser Tabac","description":"Quieres montar tu propio negocio en el \u00e1mbito de la salud y dejar de fumar, el az\u00facar, el alcohol, el cannabis y el estr\u00e9s.","robots":{"index":"index","follow":"follow","max-snippet":"max-snippet:-1","max-image-preview":"max-image-preview:large","max-video-preview":"max-video-preview:-1"},"canonical":"https:\/\/www.mylasertabac.com\/es\/por-que-formarse-en-laser-antitabaco-una-profesion-de-rapido-crecimiento-y-con-futuro\/","og_locale":"es_ES","og_type":"article","og_title":"\u00bfPor qu\u00e9 formarse en l\u00e1ser antitabaco? Una profesi\u00f3n de r\u00e1pido crecimiento y con futuro - My Laser Tabac","og_description":"Quieres montar tu propio negocio en el \u00e1mbito de la salud y dejar de fumar, el az\u00facar, el alcohol, el cannabis y el estr\u00e9s.","og_url":"https:\/\/www.mylasertabac.com\/es\/por-que-formarse-en-laser-antitabaco-una-profesion-de-rapido-crecimiento-y-con-futuro\/","og_site_name":"My Laser Tabac","article_author":"https:\/\/www.facebook.com\/profile.php?id=61571554707319","article_published_time":"2025-05-02T14:37:37+00:00","article_modified_time":"2025-06-02T10:28:35+00:00","og_image":[{"width":1153,"height":749,"url":"https:\/\/www.mylasertabac.com\/wp-content\/uploads\/2025\/05\/pou.jpg","type":"image\/jpeg"}],"author":"Florian Fortes","twitter_card":"summary_large_image","twitter_misc":{"Escrito por":"Florian Fortes","Tiempo de lectura":"7 minutos"},"schema":{"@context":"https:\/\/schema.org","@graph":[{"@type":"Article","@id":"https:\/\/www.mylasertabac.com\/es\/por-que-formarse-en-laser-antitabaco-una-profesion-de-rapido-crecimiento-y-con-futuro\/#article","isPartOf":{"@id":"https:\/\/www.mylasertabac.com\/es\/por-que-formarse-en-laser-antitabaco-una-profesion-de-rapido-crecimiento-y-con-futuro\/"},"author":{"name":"Florian Fortes","@id":"https:\/\/www.mylasertabac.com\/es\/#\/schema\/person\/02c249cb76d912efb6c315ec23eccdf3"},"headline":"\u00bfPor qu\u00e9 formarse en l\u00e1ser antitabaco? Una profesi\u00f3n de r\u00e1pido crecimiento y con futuro","datePublished":"2025-05-02T14:37:37+00:00","dateModified":"2025-06-02T10:28:35+00:00","mainEntityOfPage":{"@id":"https:\/\/www.mylasertabac.com\/es\/por-que-formarse-en-laser-antitabaco-una-profesion-de-rapido-crecimiento-y-con-futuro\/"},"wordCount":1344,"publisher":{"@id":"https:\/\/www.mylasertabac.com\/es\/#organization"},"image":{"@id":"https:\/\/www.mylasertabac.com\/es\/por-que-formarse-en-laser-antitabaco-una-profesion-de-rapido-crecimiento-y-con-futuro\/#primaryimage"},"thumbnailUrl":"https:\/\/www.mylasertabac.com\/wp-content\/uploads\/2025\/05\/pou.jpg","articleSection":["Sin categorizar"],"inLanguage":"es"},{"@type":"WebPage","@id":"https:\/\/www.mylasertabac.com\/es\/por-que-formarse-en-laser-antitabaco-una-profesion-de-rapido-crecimiento-y-con-futuro\/","url":"https:\/\/www.mylasertabac.com\/es\/por-que-formarse-en-laser-antitabaco-una-profesion-de-rapido-crecimiento-y-con-futuro\/","name":"\u00bfPor qu\u00e9 formarse en l\u00e1ser antitabaco? Una profesi\u00f3n de r\u00e1pido crecimiento y con futuro - My Laser Tabac","isPartOf":{"@id":"https:\/\/www.mylasertabac.com\/es\/#website"},"primaryImageOfPage":{"@id":"https:\/\/www.mylasertabac.com\/es\/por-que-formarse-en-laser-antitabaco-una-profesion-de-rapido-crecimiento-y-con-futuro\/#primaryimage"},"image":{"@id":"https:\/\/www.mylasertabac.com\/es\/por-que-formarse-en-laser-antitabaco-una-profesion-de-rapido-crecimiento-y-con-futuro\/#primaryimage"},"thumbnailUrl":"https:\/\/www.mylasertabac.com\/wp-content\/uploads\/2025\/05\/pou.jpg","datePublished":"2025-05-02T14:37:37+00:00","dateModified":"2025-06-02T10:28:35+00:00","description":"Quieres montar tu propio negocio en el \u00e1mbito de la salud y dejar de fumar, el az\u00facar, el alcohol, el cannabis y el estr\u00e9s.","breadcrumb":{"@id":"https:\/\/www.mylasertabac.com\/es\/por-que-formarse-en-laser-antitabaco-una-profesion-de-rapido-crecimiento-y-con-futuro\/#breadcrumb"},"inLanguage":"es","potentialAction":[{"@type":"ReadAction","target":["https:\/\/www.mylasertabac.com\/es\/por-que-formarse-en-laser-antitabaco-una-profesion-de-rapido-crecimiento-y-con-futuro\/"]}]},{"@type":"ImageObject","inLanguage":"es","@id":"https:\/\/www.mylasertabac.com\/es\/por-que-formarse-en-laser-antitabaco-una-profesion-de-rapido-crecimiento-y-con-futuro\/#primaryimage","url":"https:\/\/www.mylasertabac.com\/wp-content\/uploads\/2025\/05\/pou.jpg","contentUrl":"https:\/\/www.mylasertabac.com\/wp-content\/uploads\/2025\/05\/pou.jpg","width":1153,"height":749},{"@type":"BreadcrumbList","@id":"https:\/\/www.mylasertabac.com\/es\/por-que-formarse-en-laser-antitabaco-una-profesion-de-rapido-crecimiento-y-con-futuro\/#breadcrumb","itemListElement":[{"@type":"ListItem","position":1,"name":"Accueil","item":"https:\/\/www.mylasertabac.com\/es\/inicio\/"},{"@type":"ListItem","position":2,"name":"\u00bfPor qu\u00e9 formarse en l\u00e1ser antitabaco? Una profesi\u00f3n de r\u00e1pido crecimiento y con futuro"}]},{"@type":"WebSite","@id":"https:\/\/www.mylasertabac.com\/es\/#website","url":"https:\/\/www.mylasertabac.com\/es\/","name":"My Laser Tabac","description":"La solution laser qui transforme les fumeurs en ex-fumeurs","publisher":{"@id":"https:\/\/www.mylasertabac.com\/es\/#organization"},"potentialAction":[{"@type":"SearchAction","target":{"@type":"EntryPoint","urlTemplate":"https:\/\/www.mylasertabac.com\/es\/?s={search_term_string}"},"query-input":{"@type":"PropertyValueSpecification","valueRequired":true,"valueName":"search_term_string"}}],"inLanguage":"es"},{"@type":"Organization","@id":"https:\/\/www.mylasertabac.com\/es\/#organization","name":"My Laser Tabac","url":"https:\/\/www.mylasertabac.com\/es\/","logo":{"@type":"ImageObject","inLanguage":"es","@id":"https:\/\/www.mylasertabac.com\/es\/#\/schema\/logo\/image\/","url":"https:\/\/www.mylasertabac.com\/wp-content\/uploads\/2024\/12\/mlt-verteau.svg","contentUrl":"https:\/\/www.mylasertabac.com\/wp-content\/uploads\/2024\/12\/mlt-verteau.svg","caption":"My Laser Tabac"},"image":{"@id":"https:\/\/www.mylasertabac.com\/es\/#\/schema\/logo\/image\/"}},{"@type":"Person","@id":"https:\/\/www.mylasertabac.com\/es\/#\/schema\/person\/02c249cb76d912efb6c315ec23eccdf3","name":"Florian Fortes","image":{"@type":"ImageObject","inLanguage":"es","@id":"https:\/\/www.mylasertabac.com\/wp-content\/litespeed\/avatar\/142101a71d7b9e6490c1120d9c109a67.jpg?ver=1776856306","url":"https:\/\/www.mylasertabac.com\/wp-content\/litespeed\/avatar\/142101a71d7b9e6490c1120d9c109a67.jpg?ver=1776856306","contentUrl":"https:\/\/www.mylasertabac.com\/wp-content\/litespeed\/avatar\/142101a71d7b9e6490c1120d9c109a67.jpg?ver=1776856306","caption":"Florian Fortes"},"sameAs":["https:\/\/www.mylasertabac.com","https:\/\/www.facebook.com\/profile.php?id=61571554707319"],"url":"https:\/\/www.mylasertabac.com\/es\/author\/florianfortes5312\/"}]}},"_links":{"self":[{"href":"https:\/\/www.mylasertabac.com\/es\/wp-json\/wp\/v2\/posts\/7675","targetHints":{"allow":["GET"]}}],"collection":[{"href":"https:\/\/www.mylasertabac.com\/es\/wp-json\/wp\/v2\/posts"}],"about":[{"href":"https:\/\/www.mylasertabac.com\/es\/wp-json\/wp\/v2\/types\/post"}],"author":[{"embeddable":true,"href":"https:\/\/www.mylasertabac.com\/es\/wp-json\/wp\/v2\/users\/2"}],"replies":[{"embeddable":true,"href":"https:\/\/www.mylasertabac.com\/es\/wp-json\/wp\/v2\/comments?post=7675"}],"version-history":[{"count":3,"href":"https:\/\/www.mylasertabac.com\/es\/wp-json\/wp\/v2\/posts\/7675\/revisions"}],"predecessor-version":[{"id":8997,"href":"https:\/\/www.mylasertabac.com\/es\/wp-json\/wp\/v2\/posts\/7675\/revisions\/8997"}],"wp:featuredmedia":[{"embeddable":true,"href":"https:\/\/www.mylasertabac.com\/es\/wp-json\/wp\/v2\/media\/7672"}],"wp:attachment":[{"href":"https:\/\/www.mylasertabac.com\/es\/wp-json\/wp\/v2\/media?parent=7675"}],"wp:term":[{"taxonomy":"category","embeddable":true,"href":"https:\/\/www.mylasertabac.com\/es\/wp-json\/wp\/v2\/categories?post=7675"},{"taxonomy":"post_tag","embeddable":true,"href":"https:\/\/www.mylasertabac.com\/es\/wp-json\/wp\/v2\/tags?post=7675"}],"curies":[{"name":"wp","href":"https:\/\/api.w.org\/{rel}","templated":true}]}}