{"id":8288,"date":"2025-05-12T18:59:42","date_gmt":"2025-05-12T16:59:42","guid":{"rendered":"https:\/\/www.mylasertabac.com\/cuales-son-los-primeros-signos-de-recuperacion-del-sentido-del-olfato-tras-dejar-de-fumar\/"},"modified":"2025-07-16T19:16:27","modified_gmt":"2025-07-16T17:16:27","slug":"cuales-son-los-primeros-signos-de-recuperacion-del-sentido-del-olfato-tras-dejar-de-fumar","status":"publish","type":"post","link":"https:\/\/www.mylasertabac.com\/es\/cuales-son-los-primeros-signos-de-recuperacion-del-sentido-del-olfato-tras-dejar-de-fumar\/","title":{"rendered":"\u00bfCu\u00e1les son los primeros signos de recuperaci\u00f3n del sentido del olfato tras dejar de fumar?"},"content":{"rendered":"\n<div style=\"height:21px\" aria-hidden=\"true\" class=\"wp-block-spacer\"><\/div>\n\n<p>Dejar de fumar es una decisi\u00f3n beneficiosa para tu salud, y uno de los primeros efectos que notas es una mejora de tu sentido del olfato. Los fumadores, a menudo sin darse cuenta, pierden gradualmente el sentido del olfato debido a las sustancias t\u00f3xicas que contiene el humo de los cigarrillos. Afortunadamente, esta p\u00e9rdida no es irreversible. En los primeros d\u00edas despu\u00e9s de dejar de fumar, las mejoras son notables.   <\/p>\n\n<p>Pero, \u00bfc\u00f3mo y con qu\u00e9 rapidez se recupera el sentido del olfato? \u00bfCu\u00e1les son los signos concretos de esta recuperaci\u00f3n? \u00bfExisten formas de acelerar el proceso? En este art\u00edculo, exploramos en detalle la rehabilitaci\u00f3n del sistema olfativo tras dejar de fumar y la eficacia del <strong>l\u00e1ser antitabaco<\/strong> para apoyar este cambio positivo.   <\/p>\n\n<div style=\"height:40px\" aria-hidden=\"true\" class=\"wp-block-spacer\"><\/div>\n\n<figure class=\"wp-block-image alignleft size-full is-resized\"><img fetchpriority=\"high\" decoding=\"async\" width=\"1024\" height=\"1024\" src=\"https:\/\/www.mylasertabac.com\/wp-content\/uploads\/2025\/05\/odo.png\" alt=\"\" class=\"wp-image-8157\" style=\"width:415px;height:auto\" srcset=\"https:\/\/www.mylasertabac.com\/wp-content\/uploads\/2025\/05\/odo.png 1024w, https:\/\/www.mylasertabac.com\/wp-content\/uploads\/2025\/05\/odo-300x300.png 300w, https:\/\/www.mylasertabac.com\/wp-content\/uploads\/2025\/05\/odo-150x150.png 150w, https:\/\/www.mylasertabac.com\/wp-content\/uploads\/2025\/05\/odo-768x768.png 768w\" sizes=\"(max-width: 1024px) 100vw, 1024px\" \/><\/figure>\n\n<p><\/p>\n\n<h2 class=\"wp-block-heading\"><strong>\u00bfPor qu\u00e9 fumar afecta al sentido del olfato?<\/strong><\/h2>\n\n<p>El sentido del olfato desempe\u00f1a un papel esencial en nuestra percepci\u00f3n del mundo, e incluso influye en nuestro sentido del gusto. Por desgracia, fumar deteriora este sentido con el tiempo. <\/p>\n\n<h3 class=\"wp-block-heading\"><strong>El impacto del humo del cigarrillo en las c\u00e9lulas olfativas<\/strong><\/h3>\n\n<p>El humo de los cigarrillos contiene m\u00e1s de <strong>4.000 sustancias t\u00f3xicas<\/strong>, como alquitr\u00e1n, mon\u00f3xido de carbono y otros compuestos qu\u00edmicos nocivos. Cuando los fumadores inhalan este humo, estas sustancias <strong>recubren y obstruyen<\/strong> la mucosa nasal, reduciendo la sensibilidad de los receptores olfativos. <\/p>\n\n<p>Adem\u00e1s, fumar cigarrillos con regularidad <strong>aumenta el riesgo de<\/strong> desarrollar enfermedades <strong>relacionadas con el tabaco<\/strong>, como <strong>el c\u00e1ncer de pulm\u00f3n<\/strong>. Estos efectos se ven amplificados por la <strong>dependencia f\u00edsica y psicol\u00f3gica de<\/strong> la nicotina, que mantiene a <strong>las personas<\/strong> en una espiral de consumo dif\u00edcil de romper. <\/p>\n\n<div style=\"height:44px\" aria-hidden=\"true\" class=\"wp-block-spacer\"><\/div>\n\n<h2 class=\"wp-block-heading\"><strong>\u00bfPor qu\u00e9 los fumadores perciben peor los olores?<\/strong><\/h2>\n\n<div style=\"height:21px\" aria-hidden=\"true\" class=\"wp-block-spacer\"><\/div>\n\n<p>Con el tiempo, el cerebro se adapta a esta p\u00e9rdida sensorial y los fumadores ya ni siquiera se dan cuenta de que perciben peor los olores. Los fumadores pueden experimentar una disminuci\u00f3n de los aromas, o incluso una desaparici\u00f3n parcial o completa de ciertos olores. <\/p>\n\n<p>Algunos fumadores utilizan <strong>los cigarrillos electr\u00f3nicos<\/strong> como alternativa, creyendo que reducen los efectos nocivos. Sin embargo, incluso los productos de <strong>nicotina<\/strong> en forma electr\u00f3nica afectan a la percepci\u00f3n olfativa y mantienen la <strong>dependencia del tabaco<\/strong>, prolongando los <strong>riesgos<\/strong> para los <strong>pulmones<\/strong> y aumentando las posibilidades de <strong>reca\u00edda<\/strong>. <\/p>\n\n<div style=\"height:21px\" aria-hidden=\"true\" class=\"wp-block-spacer\"><\/div>\n\n<h2 class=\"wp-block-heading\"><strong>\u00bfCu\u00e1ndo empieza a mejorar el sentido del olfato?<\/strong><\/h2>\n\n<div style=\"height:21px\" aria-hidden=\"true\" class=\"wp-block-spacer\"><\/div>\n\n<p>La buena noticia es que el sentido del olfato empieza a regenerarse <strong>muy r\u00e1pidamente<\/strong> despu\u00e9s de dejar de fumar.<\/p>\n\n<h3 class=\"wp-block-heading\"><strong>Los primeros cambios en los primeros d\u00edas<\/strong><\/h3>\n\n<div style=\"height:10px\" aria-hidden=\"true\" class=\"wp-block-spacer\"><\/div>\n\n<p>Los primeros signos de mejor\u00eda aparecen ya <strong>48 horas<\/strong> despu\u00e9s del \u00faltimo cigarrillo. El organismo elimina gradualmente la nicotina y el mon\u00f3xido de carbono, lo que produce una mejor oxigenaci\u00f3n de la sangre. Este aumento de ox\u00edgeno ayuda a reparar las c\u00e9lulas olfativas da\u00f1adas.  <\/p>\n\n<p>Los m\u00e9dicos suelen recomendar <strong>un tratamiento<\/strong> de apoyo para limitar <strong>las reca\u00eddas<\/strong> y aumentar la motivaci\u00f3n. Seguir los <strong>consejos<\/strong> adecuados y elegir un enfoque gradual <strong>reduce<\/strong> considerablemente la dependencia. Algunas <strong>personas<\/strong> notan una mejora de su sentido del olfato ya en la primera <strong>semana<\/strong> despu\u00e9s de dejar de fumar.  <\/p>\n\n<div style=\"height:21px\" aria-hidden=\"true\" class=\"wp-block-spacer\"><\/div>\n\n<h3 class=\"wp-block-heading\"><strong>Una recuperaci\u00f3n gradual a lo largo de varios meses<\/strong><\/h3>\n\n<div style=\"height:21px\" aria-hidden=\"true\" class=\"wp-block-spacer\"><\/div>\n\n<p><strong>Entre 2 semanas y 3 meses<\/strong>, la red vascular sigue mejorando, llevando m\u00e1s nutrientes a las c\u00e9lulas olfativas. La sensibilidad a los olores aumenta y empiezan a reaparecer antiguas sensaciones olvidadas. <\/p>\n\n<p>Dejar de fumar no s\u00f3lo beneficia a tu sentido del olfato, sino tambi\u00e9n a tu salud en general. <strong>Reduce<\/strong> el riesgo de <strong>c\u00e1ncer<\/strong>, mejora la funci\u00f3n pulmonar y reduce el uso de <strong>medicaci\u00f3n<\/strong> para enfermedades respiratorias. <\/p>\n\n<div style=\"height:21px\" aria-hidden=\"true\" class=\"wp-block-spacer\"><\/div>\n\n<h3 class=\"wp-block-heading\"><strong>\u00bfCu\u00e1les son los primeros signos de mejora del sentido del olfato?<\/strong><\/h3>\n\n<div style=\"height:21px\" aria-hidden=\"true\" class=\"wp-block-spacer\"><\/div>\n\n<p>Recuperar el sentido del olfato despu\u00e9s de dejar de fumar no ocurre de la noche a la ma\u00f1ana, pero hay varios signos tangibles de que tu sentido del olfato est\u00e1 volviendo gradualmente.<\/p>\n\n<p><strong>Percepci\u00f3n m\u00e1s refinada de los olores<\/strong><\/p>\n\n<p>Los ex fumadores a menudo descubren que <strong>se sienten mejor<\/strong> en su entorno:<\/p>\n\n<div style=\"height:21px\" aria-hidden=\"true\" class=\"wp-block-spacer\"><\/div>\n\n<ul class=\"wp-block-list\">\n<li>Las fragancias y los olores de la cocina se distinguen mejor.<\/li>\n\n\n\n<li>Los olores desagradables (contaminaci\u00f3n, gasolina) parecen m\u00e1s pronunciados.<\/li>\n\n\n\n<li>Los aromas naturales, como los de las flores o el caf\u00e9, son m\u00e1s intensos.<\/li>\n<\/ul>\n\n<div style=\"height:21px\" aria-hidden=\"true\" class=\"wp-block-spacer\"><\/div>\n\n<p>Otra ventaja es que oler mejor <strong>reduce<\/strong> las ganas de <strong>fumar<\/strong>. De hecho, el sentido del olfato restaurado puede hacer que el humo del tabaco sea <strong>f\u00edsicamente<\/strong> desagradable, lo que ayuda a prevenir una <strong>reca\u00edda<\/strong>. <\/p>\n\n<div style=\"height:21px\" aria-hidden=\"true\" class=\"wp-block-spacer\"><\/div>\n\n<p><strong>El retorno de los recuerdos olfativos y las sensaciones olvidadas<\/strong><\/p>\n\n<div style=\"height:21px\" aria-hidden=\"true\" class=\"wp-block-spacer\"><\/div>\n\n<p>El sentido del olfato est\u00e1 estrechamente ligado a la memoria y a las emociones. Cuando vuelve, puede provocar <strong>nostalgia olfativa<\/strong>, en la que determinados olores despiertan recuerdos de la infancia o de momentos memorables. <\/p>\n\n<p>Comer alimentos ricos en nutrientes y evitar <strong>los cigarrillos<\/strong> electr\u00f3nicos tambi\u00e9n ayuda a la recuperaci\u00f3n olfativa. Seguir <strong>los consejos de<\/strong> un especialista y adoptar un <strong>tratamiento<\/strong> personalizado puede acelerar este proceso y <strong>reducir<\/strong> el riesgo de reca\u00edda. <\/p>\n\n<div style=\"height:21px\" aria-hidden=\"true\" class=\"wp-block-spacer\"><\/div>\n\n<h2 class=\"wp-block-heading\"><strong>L\u00e1ser antitabaco: una soluci\u00f3n eficaz para dejar de fumar y recuperar el olfato m\u00e1s r\u00e1pidamente<\/strong><\/h2>\n\n<div style=\"height:21px\" aria-hidden=\"true\" class=\"wp-block-spacer\"><\/div>\n\n<p><strong>Tratamiento<\/strong> con <strong><a href=\"https:\/\/www.mylasertabac.com\/es\/\">l\u00e1ser antitabaco<\/a><\/strong> es una alternativa natural que <strong>reduce<\/strong> los s\u00edntomas de abstinencia sin necesidad de <strong>medicaci\u00f3n<\/strong>. Permite <strong>a los fumadores dejar de fumar<\/strong> con m\u00e1s suavidad y evita los efectos secundarios asociados a los <strong>productos de nicotina<\/strong> convencionales. Funciona estimulando zonas espec\u00edficas del cuerpo para <strong>reducir la dependencia f\u00edsica<\/strong> y psicol\u00f3gica.  <\/p>\n\n<div style=\"height:35px\" aria-hidden=\"true\" class=\"wp-block-spacer\"><\/div>\n\n<p class=\"has-cyan-bluish-gray-background-color has-background\">Tambi\u00e9n te puede interesar este art\u00edculo: <a href=\"https:\/\/www.mylasertabac.com\/es\/informacion\/formacion-laser-antitabaco-y-contra-la-adiccion\/\"><mark style=\"background-color:rgba(0, 0, 0, 0)\" class=\"has-inline-color has-luminous-vivid-orange-color\">\u00bfPor qu\u00e9 hacer el curso l\u00e1ser antitabaco y convertirte en franquiciado de Mylasertabac?<\/mark><\/a><\/p>\n\n<div style=\"height:29px\" aria-hidden=\"true\" class=\"wp-block-spacer\"><\/div>\n\n<h3 class=\"wp-block-heading\"><strong>\u00bfC\u00f3mo funciona la auriculoterapia l\u00e1ser?<\/strong><\/h3>\n\n<p>Esta t\u00e9cnica se basa en la estimulaci\u00f3n de puntos reflejos situados en la oreja mediante un <strong>l\u00e1ser indoloro<\/strong>. Act\u00faa sobre el sistema nervioso para reducir el deseo de fumar y aliviar los s\u00edntomas de abstinencia. <\/p>\n\n<p>Al dirigirse a <strong>puntos estrat\u00e9gicos<\/strong>, este m\u00e9todo <strong>reduce<\/strong> el estr\u00e9s, regula el apetito y ayuda a <strong>evitar el aumento de peso que suele<\/strong>asociarse al abandono del tabaco. A diferencia de <strong>los medicamentos<\/strong> o los sustitutos de <strong>la nicotina<\/strong>, no introduce sustancias qu\u00edmicas en el organismo. Adem\u00e1s, una sola sesi\u00f3n suele bastar para poner en marcha el proceso y reducir el <strong>consumo<\/strong> <strong>de cigarrillos<\/strong> sin sufrir un s\u00edndrome de abstinencia repentino.  <\/p>\n\n<div style=\"height:43px\" aria-hidden=\"true\" class=\"wp-block-spacer\"><\/div>\n\n<figure class=\"wp-block-image alignright size-full is-resized\"><img decoding=\"async\" width=\"1024\" height=\"1024\" src=\"https:\/\/www.mylasertabac.com\/wp-content\/uploads\/2025\/02\/auriculoterapie.png\" alt=\"\" class=\"wp-image-3916\" style=\"width:387px;height:auto\" srcset=\"https:\/\/www.mylasertabac.com\/wp-content\/uploads\/2025\/02\/auriculoterapie.png 1024w, https:\/\/www.mylasertabac.com\/wp-content\/uploads\/2025\/02\/auriculoterapie-300x300.png 300w, https:\/\/www.mylasertabac.com\/wp-content\/uploads\/2025\/02\/auriculoterapie-150x150.png 150w, https:\/\/www.mylasertabac.com\/wp-content\/uploads\/2025\/02\/auriculoterapie-768x768.png 768w\" sizes=\"(max-width: 1024px) 100vw, 1024px\" \/><\/figure>\n\n<h3 class=\"wp-block-heading\"><strong>Los beneficios del l\u00e1ser para ayudarte a dejar de fumar sin estr\u00e9s ni s\u00edndrome de abstinencia<\/strong><\/h3>\n\n<p>El l\u00e1ser antitabaco tiene varias ventajas:<\/p>\n\n<ul class=\"wp-block-list\">\n<li><strong>Reducci\u00f3n del estr\u00e9s y la ansiedad<\/strong> asociados al s\u00edndrome de abstinencia.<\/li>\n\n\n\n<li><strong>Reducci\u00f3n de las ansias de fumar<\/strong> desde la primera sesi\u00f3n.<\/li>\n\n\n\n<li><strong>Evita el aumento de peso<\/strong> despu\u00e9s de dejar de fumar.<\/li>\n<\/ul>\n\n<p>La principal ventaja del <strong>tratamiento con l\u00e1ser<\/strong> es su efecto inmediato sobre <strong>la dependencia del tabaco<\/strong>. Act\u00faa sobre <strong>los receptores de nicotina<\/strong>, enviando una se\u00f1al al cerebro que <strong>reduce<\/strong> la sensaci\u00f3n de ansia. Tambi\u00e9n promueve una mejor gesti\u00f3n emocional, ayudando a <strong>las personas<\/strong> a evitar compensar la ausencia de nicotina comiendo en exceso. Adoptando algunos <strong>consejos<\/strong>, como mantener una rutina saludable y <strong>comer<\/strong> bien, las posibilidades de \u00e9xito son a\u00fan mayores.   <\/p>\n\n<div style=\"height:52px\" aria-hidden=\"true\" class=\"wp-block-spacer\"><\/div>\n\n<h2 class=\"wp-block-heading\"><strong>\u00bfPor qu\u00e9 el l\u00e1ser ayuda a que el sentido del olfato se recupere m\u00e1s r\u00e1pidamente?<\/strong><\/h2>\n\n<p>El l\u00e1ser acelera la <strong>desintoxicaci\u00f3n del organismo<\/strong>, reduciendo el deseo de <strong>fumar<\/strong> y favoreciendo la r\u00e1pida oxigenaci\u00f3n de los <strong>pulmones<\/strong>.<\/p>\n\n<div style=\"height:21px\" aria-hidden=\"true\" class=\"wp-block-spacer\"><\/div>\n\n<p>Al dejar de <strong>fumar<\/strong> r\u00e1pidamente, la circulaci\u00f3n sangu\u00ednea mejora casi instant\u00e1neamente, lo que ayuda a las c\u00e9lulas olfativas a regenerarse m\u00e1s r\u00e1pidamente. Muchas <strong>personas<\/strong> que siguen este m\u00e9todo notan una mejora de su sentido del olfato en la primera <strong>semana<\/strong>. Combinado con una buena hidrataci\u00f3n y ejercicios de estimulaci\u00f3n olfativa, <strong>el tratamiento con l\u00e1ser<\/strong> ofrece una recuperaci\u00f3n \u00f3ptima. Adem\u00e1s de los beneficios para el sentido del olfato, tambi\u00e9n <strong>reduce<\/strong> el <strong>riesgo de<\/strong> reca\u00edda al romper el ciclo de <strong>dependencia f\u00edsica y psicol\u00f3gica<\/strong>.   <\/p>\n\n<div style=\"height:21px\" aria-hidden=\"true\" class=\"wp-block-spacer\"><\/div>\n\n<h2 class=\"wp-block-heading\"><strong>Conclusi\u00f3n y \u00e1nimo<\/strong><\/h2>\n\n<div style=\"height:21px\" aria-hidden=\"true\" class=\"wp-block-spacer\"><\/div>\n\n<p>Cuando<a href=\"https:\/\/www.mylasertabac.com\/es\/\">dejas de fumar<\/a>, <strong>tu sentido del olfato se recupera gradualmente<\/strong>, con mejoras visibles en los primeros d\u00edas. Gracias a una mejor oxigenaci\u00f3n y regeneraci\u00f3n de las c\u00e9lulas olfativas, los ex fumadores redescubren placeres sensoriales olvidados. <\/p>\n\n<p><strong>El tratamiento<\/strong> <strong>antitabaco con l\u00e1ser<\/strong> ha demostrado ser una soluci\u00f3n eficaz para dejar de fumar sin estr\u00e9s ni <strong>medicaci\u00f3n<\/strong>, reduciendo as\u00ed <strong>el riesgo<\/strong> de <strong>reca\u00edda<\/strong>. Al mismo tiempo, es aconsejable <strong>comer<\/strong> bien, evitar <strong>los cigarrillos electr\u00f3nicos<\/strong> y seguir <strong>los consejos<\/strong> para aumentar la motivaci\u00f3n. <\/p>\n\n<div style=\"height:21px\" aria-hidden=\"true\" class=\"wp-block-spacer\"><\/div>\n\n<p><strong>\u00bfListo para redescubrir tu sentido del olfato y respirar un aire m\u00e1s limpio? \u00a1Ahora es el momento de pasar a la acci\u00f3n! <\/strong><\/p>\n\n<p>Para pedir cita en uno de <a href=\"https:\/\/www.mylasertabac.com\/es\/nuestros-centros\/\">nuestros centros l\u00e1ser antitabaco, haz clic aqu\u00ed <\/a> <\/p>\n\n<div style=\"height:40px\" aria-hidden=\"true\" class=\"wp-block-spacer\"><\/div>\n\n<figure class=\"wp-block-image alignfull size-large\"><img decoding=\"async\" src=\"https:\/\/www.mylasertabac.com\/wp-content\/uploads\/\/mlt-verteau.svg\" alt=\"\" class=\"wp-image-13\"\/><\/figure>\n","protected":false},"excerpt":{"rendered":"<p>Dejar de fumar es una decisi\u00f3n beneficiosa para tu salud, y uno de los primeros efectos que notas es una mejora de tu sentido del olfato. Los fumadores, a menudo sin darse cuenta, pierden gradualmente el sentido del olfato debido a las sustancias t\u00f3xicas que contiene el humo de los cigarrillos. Afortunadamente, esta p\u00e9rdida no [&hellip;]<\/p>\n","protected":false},"author":2,"featured_media":8172,"comment_status":"closed","ping_status":"open","sticky":false,"template":"","format":"standard","meta":{"inline_featured_image":false,"footnotes":""},"categories":[120],"tags":[],"class_list":["post-8288","post","type-post","status-publish","format-standard","has-post-thumbnail","hentry","category-salud"],"yoast_head":"<!-- This site is optimized with the Yoast SEO plugin v27.4 - https:\/\/yoast.com\/product\/yoast-seo-wordpress\/ -->\n<title>Los primeros signos de recuperaci\u00f3n del sentido del olfato tras dejar de fumar<\/title>\n<meta name=\"description\" content=\"Descubre los primeros signos de recuperaci\u00f3n de tu sentido del olfato despu\u00e9s de dejar de fumar y c\u00f3mo tu nariz recupera sus sensaciones.\" \/>\n<meta name=\"robots\" content=\"index, follow, max-snippet:-1, max-image-preview:large, max-video-preview:-1\" \/>\n<link rel=\"canonical\" href=\"https:\/\/www.mylasertabac.com\/es\/cuales-son-los-primeros-signos-de-recuperacion-del-sentido-del-olfato-tras-dejar-de-fumar\/\" \/>\n<meta property=\"og:locale\" content=\"es_ES\" \/>\n<meta property=\"og:type\" content=\"article\" \/>\n<meta property=\"og:title\" content=\"Los primeros signos de recuperaci\u00f3n del sentido del olfato tras dejar de fumar\" \/>\n<meta property=\"og:description\" content=\"Descubre los primeros signos de recuperaci\u00f3n de tu sentido del olfato despu\u00e9s de dejar de fumar y c\u00f3mo tu nariz recupera sus sensaciones.\" \/>\n<meta property=\"og:url\" content=\"https:\/\/www.mylasertabac.com\/es\/cuales-son-los-primeros-signos-de-recuperacion-del-sentido-del-olfato-tras-dejar-de-fumar\/\" \/>\n<meta property=\"og:site_name\" content=\"My Laser Tabac\" \/>\n<meta property=\"article:author\" content=\"https:\/\/www.facebook.com\/profile.php?id=61571554707319\" \/>\n<meta property=\"article:published_time\" content=\"2025-05-12T16:59:42+00:00\" \/>\n<meta property=\"article:modified_time\" content=\"2025-07-16T17:16:27+00:00\" \/>\n<meta property=\"og:image\" content=\"https:\/\/www.mylasertabac.com\/wp-content\/uploads\/2025\/05\/d.jpeg\" \/>\n\t<meta property=\"og:image:width\" content=\"1179\" \/>\n\t<meta property=\"og:image:height\" content=\"774\" \/>\n\t<meta property=\"og:image:type\" content=\"image\/jpeg\" \/>\n<meta name=\"author\" content=\"Florian Fortes\" \/>\n<meta name=\"twitter:card\" content=\"summary_large_image\" \/>\n<meta name=\"twitter:label1\" content=\"Escrito por\" \/>\n\t<meta name=\"twitter:data1\" content=\"Florian Fortes\" \/>\n\t<meta name=\"twitter:label2\" content=\"Tiempo de lectura\" \/>\n\t<meta name=\"twitter:data2\" content=\"7 minutos\" \/>\n<script type=\"application\/ld+json\" class=\"yoast-schema-graph\">{\"@context\":\"https:\\\/\\\/schema.org\",\"@graph\":[{\"@type\":\"Article\",\"@id\":\"https:\\\/\\\/www.mylasertabac.com\\\/es\\\/cuales-son-los-primeros-signos-de-recuperacion-del-sentido-del-olfato-tras-dejar-de-fumar\\\/#article\",\"isPartOf\":{\"@id\":\"https:\\\/\\\/www.mylasertabac.com\\\/es\\\/cuales-son-los-primeros-signos-de-recuperacion-del-sentido-del-olfato-tras-dejar-de-fumar\\\/\"},\"author\":{\"name\":\"Florian Fortes\",\"@id\":\"https:\\\/\\\/www.mylasertabac.com\\\/es\\\/#\\\/schema\\\/person\\\/02c249cb76d912efb6c315ec23eccdf3\"},\"headline\":\"\u00bfCu\u00e1les son los primeros signos de recuperaci\u00f3n del sentido del olfato tras dejar de fumar?\",\"datePublished\":\"2025-05-12T16:59:42+00:00\",\"dateModified\":\"2025-07-16T17:16:27+00:00\",\"mainEntityOfPage\":{\"@id\":\"https:\\\/\\\/www.mylasertabac.com\\\/es\\\/cuales-son-los-primeros-signos-de-recuperacion-del-sentido-del-olfato-tras-dejar-de-fumar\\\/\"},\"wordCount\":1494,\"publisher\":{\"@id\":\"https:\\\/\\\/www.mylasertabac.com\\\/es\\\/#organization\"},\"image\":{\"@id\":\"https:\\\/\\\/www.mylasertabac.com\\\/es\\\/cuales-son-los-primeros-signos-de-recuperacion-del-sentido-del-olfato-tras-dejar-de-fumar\\\/#primaryimage\"},\"thumbnailUrl\":\"https:\\\/\\\/www.mylasertabac.com\\\/wp-content\\\/uploads\\\/2025\\\/05\\\/d.jpeg\",\"articleSection\":[\"Salud\"],\"inLanguage\":\"es\"},{\"@type\":\"WebPage\",\"@id\":\"https:\\\/\\\/www.mylasertabac.com\\\/es\\\/cuales-son-los-primeros-signos-de-recuperacion-del-sentido-del-olfato-tras-dejar-de-fumar\\\/\",\"url\":\"https:\\\/\\\/www.mylasertabac.com\\\/es\\\/cuales-son-los-primeros-signos-de-recuperacion-del-sentido-del-olfato-tras-dejar-de-fumar\\\/\",\"name\":\"Los primeros signos de recuperaci\u00f3n del sentido del olfato tras dejar de fumar\",\"isPartOf\":{\"@id\":\"https:\\\/\\\/www.mylasertabac.com\\\/es\\\/#website\"},\"primaryImageOfPage\":{\"@id\":\"https:\\\/\\\/www.mylasertabac.com\\\/es\\\/cuales-son-los-primeros-signos-de-recuperacion-del-sentido-del-olfato-tras-dejar-de-fumar\\\/#primaryimage\"},\"image\":{\"@id\":\"https:\\\/\\\/www.mylasertabac.com\\\/es\\\/cuales-son-los-primeros-signos-de-recuperacion-del-sentido-del-olfato-tras-dejar-de-fumar\\\/#primaryimage\"},\"thumbnailUrl\":\"https:\\\/\\\/www.mylasertabac.com\\\/wp-content\\\/uploads\\\/2025\\\/05\\\/d.jpeg\",\"datePublished\":\"2025-05-12T16:59:42+00:00\",\"dateModified\":\"2025-07-16T17:16:27+00:00\",\"description\":\"Descubre los primeros signos de recuperaci\u00f3n de tu sentido del olfato despu\u00e9s de dejar de fumar y c\u00f3mo tu nariz recupera sus sensaciones.\",\"breadcrumb\":{\"@id\":\"https:\\\/\\\/www.mylasertabac.com\\\/es\\\/cuales-son-los-primeros-signos-de-recuperacion-del-sentido-del-olfato-tras-dejar-de-fumar\\\/#breadcrumb\"},\"inLanguage\":\"es\",\"potentialAction\":[{\"@type\":\"ReadAction\",\"target\":[\"https:\\\/\\\/www.mylasertabac.com\\\/es\\\/cuales-son-los-primeros-signos-de-recuperacion-del-sentido-del-olfato-tras-dejar-de-fumar\\\/\"]}]},{\"@type\":\"ImageObject\",\"inLanguage\":\"es\",\"@id\":\"https:\\\/\\\/www.mylasertabac.com\\\/es\\\/cuales-son-los-primeros-signos-de-recuperacion-del-sentido-del-olfato-tras-dejar-de-fumar\\\/#primaryimage\",\"url\":\"https:\\\/\\\/www.mylasertabac.com\\\/wp-content\\\/uploads\\\/2025\\\/05\\\/d.jpeg\",\"contentUrl\":\"https:\\\/\\\/www.mylasertabac.com\\\/wp-content\\\/uploads\\\/2025\\\/05\\\/d.jpeg\",\"width\":1179,\"height\":774},{\"@type\":\"BreadcrumbList\",\"@id\":\"https:\\\/\\\/www.mylasertabac.com\\\/es\\\/cuales-son-los-primeros-signos-de-recuperacion-del-sentido-del-olfato-tras-dejar-de-fumar\\\/#breadcrumb\",\"itemListElement\":[{\"@type\":\"ListItem\",\"position\":1,\"name\":\"Accueil\",\"item\":\"https:\\\/\\\/www.mylasertabac.com\\\/es\\\/inicio\\\/\"},{\"@type\":\"ListItem\",\"position\":2,\"name\":\"\u00bfCu\u00e1les son los primeros signos de recuperaci\u00f3n del sentido del olfato tras dejar de fumar?\"}]},{\"@type\":\"WebSite\",\"@id\":\"https:\\\/\\\/www.mylasertabac.com\\\/es\\\/#website\",\"url\":\"https:\\\/\\\/www.mylasertabac.com\\\/es\\\/\",\"name\":\"My Laser Tabac\",\"description\":\"La solution laser qui transforme les fumeurs en ex-fumeurs\",\"publisher\":{\"@id\":\"https:\\\/\\\/www.mylasertabac.com\\\/es\\\/#organization\"},\"potentialAction\":[{\"@type\":\"SearchAction\",\"target\":{\"@type\":\"EntryPoint\",\"urlTemplate\":\"https:\\\/\\\/www.mylasertabac.com\\\/es\\\/?s={search_term_string}\"},\"query-input\":{\"@type\":\"PropertyValueSpecification\",\"valueRequired\":true,\"valueName\":\"search_term_string\"}}],\"inLanguage\":\"es\"},{\"@type\":\"Organization\",\"@id\":\"https:\\\/\\\/www.mylasertabac.com\\\/es\\\/#organization\",\"name\":\"My Laser Tabac\",\"url\":\"https:\\\/\\\/www.mylasertabac.com\\\/es\\\/\",\"logo\":{\"@type\":\"ImageObject\",\"inLanguage\":\"es\",\"@id\":\"https:\\\/\\\/www.mylasertabac.com\\\/es\\\/#\\\/schema\\\/logo\\\/image\\\/\",\"url\":\"https:\\\/\\\/www.mylasertabac.com\\\/wp-content\\\/uploads\\\/2024\\\/12\\\/mlt-verteau.svg\",\"contentUrl\":\"https:\\\/\\\/www.mylasertabac.com\\\/wp-content\\\/uploads\\\/2024\\\/12\\\/mlt-verteau.svg\",\"caption\":\"My Laser Tabac\"},\"image\":{\"@id\":\"https:\\\/\\\/www.mylasertabac.com\\\/es\\\/#\\\/schema\\\/logo\\\/image\\\/\"}},{\"@type\":\"Person\",\"@id\":\"https:\\\/\\\/www.mylasertabac.com\\\/es\\\/#\\\/schema\\\/person\\\/02c249cb76d912efb6c315ec23eccdf3\",\"name\":\"Florian Fortes\",\"image\":{\"@type\":\"ImageObject\",\"inLanguage\":\"es\",\"@id\":\"https:\\\/\\\/www.mylasertabac.com\\\/wp-content\\\/litespeed\\\/avatar\\\/142101a71d7b9e6490c1120d9c109a67.jpg?ver=1776856306\",\"url\":\"https:\\\/\\\/www.mylasertabac.com\\\/wp-content\\\/litespeed\\\/avatar\\\/142101a71d7b9e6490c1120d9c109a67.jpg?ver=1776856306\",\"contentUrl\":\"https:\\\/\\\/www.mylasertabac.com\\\/wp-content\\\/litespeed\\\/avatar\\\/142101a71d7b9e6490c1120d9c109a67.jpg?ver=1776856306\",\"caption\":\"Florian Fortes\"},\"sameAs\":[\"https:\\\/\\\/www.mylasertabac.com\",\"https:\\\/\\\/www.facebook.com\\\/profile.php?id=61571554707319\"],\"url\":\"https:\\\/\\\/www.mylasertabac.com\\\/es\\\/author\\\/florianfortes5312\\\/\"}]}<\/script>\n<!-- \/ Yoast SEO plugin. -->","yoast_head_json":{"title":"Los primeros signos de recuperaci\u00f3n del sentido del olfato tras dejar de fumar","description":"Descubre los primeros signos de recuperaci\u00f3n de tu sentido del olfato despu\u00e9s de dejar de fumar y c\u00f3mo tu nariz recupera sus sensaciones.","robots":{"index":"index","follow":"follow","max-snippet":"max-snippet:-1","max-image-preview":"max-image-preview:large","max-video-preview":"max-video-preview:-1"},"canonical":"https:\/\/www.mylasertabac.com\/es\/cuales-son-los-primeros-signos-de-recuperacion-del-sentido-del-olfato-tras-dejar-de-fumar\/","og_locale":"es_ES","og_type":"article","og_title":"Los primeros signos de recuperaci\u00f3n del sentido del olfato tras dejar de fumar","og_description":"Descubre los primeros signos de recuperaci\u00f3n de tu sentido del olfato despu\u00e9s de dejar de fumar y c\u00f3mo tu nariz recupera sus sensaciones.","og_url":"https:\/\/www.mylasertabac.com\/es\/cuales-son-los-primeros-signos-de-recuperacion-del-sentido-del-olfato-tras-dejar-de-fumar\/","og_site_name":"My Laser Tabac","article_author":"https:\/\/www.facebook.com\/profile.php?id=61571554707319","article_published_time":"2025-05-12T16:59:42+00:00","article_modified_time":"2025-07-16T17:16:27+00:00","og_image":[{"width":1179,"height":774,"url":"https:\/\/www.mylasertabac.com\/wp-content\/uploads\/2025\/05\/d.jpeg","type":"image\/jpeg"}],"author":"Florian Fortes","twitter_card":"summary_large_image","twitter_misc":{"Escrito por":"Florian Fortes","Tiempo de lectura":"7 minutos"},"schema":{"@context":"https:\/\/schema.org","@graph":[{"@type":"Article","@id":"https:\/\/www.mylasertabac.com\/es\/cuales-son-los-primeros-signos-de-recuperacion-del-sentido-del-olfato-tras-dejar-de-fumar\/#article","isPartOf":{"@id":"https:\/\/www.mylasertabac.com\/es\/cuales-son-los-primeros-signos-de-recuperacion-del-sentido-del-olfato-tras-dejar-de-fumar\/"},"author":{"name":"Florian Fortes","@id":"https:\/\/www.mylasertabac.com\/es\/#\/schema\/person\/02c249cb76d912efb6c315ec23eccdf3"},"headline":"\u00bfCu\u00e1les son los primeros signos de recuperaci\u00f3n del sentido del olfato tras dejar de fumar?","datePublished":"2025-05-12T16:59:42+00:00","dateModified":"2025-07-16T17:16:27+00:00","mainEntityOfPage":{"@id":"https:\/\/www.mylasertabac.com\/es\/cuales-son-los-primeros-signos-de-recuperacion-del-sentido-del-olfato-tras-dejar-de-fumar\/"},"wordCount":1494,"publisher":{"@id":"https:\/\/www.mylasertabac.com\/es\/#organization"},"image":{"@id":"https:\/\/www.mylasertabac.com\/es\/cuales-son-los-primeros-signos-de-recuperacion-del-sentido-del-olfato-tras-dejar-de-fumar\/#primaryimage"},"thumbnailUrl":"https:\/\/www.mylasertabac.com\/wp-content\/uploads\/2025\/05\/d.jpeg","articleSection":["Salud"],"inLanguage":"es"},{"@type":"WebPage","@id":"https:\/\/www.mylasertabac.com\/es\/cuales-son-los-primeros-signos-de-recuperacion-del-sentido-del-olfato-tras-dejar-de-fumar\/","url":"https:\/\/www.mylasertabac.com\/es\/cuales-son-los-primeros-signos-de-recuperacion-del-sentido-del-olfato-tras-dejar-de-fumar\/","name":"Los primeros signos de recuperaci\u00f3n del sentido del olfato tras dejar de fumar","isPartOf":{"@id":"https:\/\/www.mylasertabac.com\/es\/#website"},"primaryImageOfPage":{"@id":"https:\/\/www.mylasertabac.com\/es\/cuales-son-los-primeros-signos-de-recuperacion-del-sentido-del-olfato-tras-dejar-de-fumar\/#primaryimage"},"image":{"@id":"https:\/\/www.mylasertabac.com\/es\/cuales-son-los-primeros-signos-de-recuperacion-del-sentido-del-olfato-tras-dejar-de-fumar\/#primaryimage"},"thumbnailUrl":"https:\/\/www.mylasertabac.com\/wp-content\/uploads\/2025\/05\/d.jpeg","datePublished":"2025-05-12T16:59:42+00:00","dateModified":"2025-07-16T17:16:27+00:00","description":"Descubre los primeros signos de recuperaci\u00f3n de tu sentido del olfato despu\u00e9s de dejar de fumar y c\u00f3mo tu nariz recupera sus sensaciones.","breadcrumb":{"@id":"https:\/\/www.mylasertabac.com\/es\/cuales-son-los-primeros-signos-de-recuperacion-del-sentido-del-olfato-tras-dejar-de-fumar\/#breadcrumb"},"inLanguage":"es","potentialAction":[{"@type":"ReadAction","target":["https:\/\/www.mylasertabac.com\/es\/cuales-son-los-primeros-signos-de-recuperacion-del-sentido-del-olfato-tras-dejar-de-fumar\/"]}]},{"@type":"ImageObject","inLanguage":"es","@id":"https:\/\/www.mylasertabac.com\/es\/cuales-son-los-primeros-signos-de-recuperacion-del-sentido-del-olfato-tras-dejar-de-fumar\/#primaryimage","url":"https:\/\/www.mylasertabac.com\/wp-content\/uploads\/2025\/05\/d.jpeg","contentUrl":"https:\/\/www.mylasertabac.com\/wp-content\/uploads\/2025\/05\/d.jpeg","width":1179,"height":774},{"@type":"BreadcrumbList","@id":"https:\/\/www.mylasertabac.com\/es\/cuales-son-los-primeros-signos-de-recuperacion-del-sentido-del-olfato-tras-dejar-de-fumar\/#breadcrumb","itemListElement":[{"@type":"ListItem","position":1,"name":"Accueil","item":"https:\/\/www.mylasertabac.com\/es\/inicio\/"},{"@type":"ListItem","position":2,"name":"\u00bfCu\u00e1les son los primeros signos de recuperaci\u00f3n del sentido del olfato tras dejar de fumar?"}]},{"@type":"WebSite","@id":"https:\/\/www.mylasertabac.com\/es\/#website","url":"https:\/\/www.mylasertabac.com\/es\/","name":"My Laser Tabac","description":"La solution laser qui transforme les fumeurs en ex-fumeurs","publisher":{"@id":"https:\/\/www.mylasertabac.com\/es\/#organization"},"potentialAction":[{"@type":"SearchAction","target":{"@type":"EntryPoint","urlTemplate":"https:\/\/www.mylasertabac.com\/es\/?s={search_term_string}"},"query-input":{"@type":"PropertyValueSpecification","valueRequired":true,"valueName":"search_term_string"}}],"inLanguage":"es"},{"@type":"Organization","@id":"https:\/\/www.mylasertabac.com\/es\/#organization","name":"My Laser Tabac","url":"https:\/\/www.mylasertabac.com\/es\/","logo":{"@type":"ImageObject","inLanguage":"es","@id":"https:\/\/www.mylasertabac.com\/es\/#\/schema\/logo\/image\/","url":"https:\/\/www.mylasertabac.com\/wp-content\/uploads\/2024\/12\/mlt-verteau.svg","contentUrl":"https:\/\/www.mylasertabac.com\/wp-content\/uploads\/2024\/12\/mlt-verteau.svg","caption":"My Laser Tabac"},"image":{"@id":"https:\/\/www.mylasertabac.com\/es\/#\/schema\/logo\/image\/"}},{"@type":"Person","@id":"https:\/\/www.mylasertabac.com\/es\/#\/schema\/person\/02c249cb76d912efb6c315ec23eccdf3","name":"Florian Fortes","image":{"@type":"ImageObject","inLanguage":"es","@id":"https:\/\/www.mylasertabac.com\/wp-content\/litespeed\/avatar\/142101a71d7b9e6490c1120d9c109a67.jpg?ver=1776856306","url":"https:\/\/www.mylasertabac.com\/wp-content\/litespeed\/avatar\/142101a71d7b9e6490c1120d9c109a67.jpg?ver=1776856306","contentUrl":"https:\/\/www.mylasertabac.com\/wp-content\/litespeed\/avatar\/142101a71d7b9e6490c1120d9c109a67.jpg?ver=1776856306","caption":"Florian Fortes"},"sameAs":["https:\/\/www.mylasertabac.com","https:\/\/www.facebook.com\/profile.php?id=61571554707319"],"url":"https:\/\/www.mylasertabac.com\/es\/author\/florianfortes5312\/"}]}},"_links":{"self":[{"href":"https:\/\/www.mylasertabac.com\/es\/wp-json\/wp\/v2\/posts\/8288","targetHints":{"allow":["GET"]}}],"collection":[{"href":"https:\/\/www.mylasertabac.com\/es\/wp-json\/wp\/v2\/posts"}],"about":[{"href":"https:\/\/www.mylasertabac.com\/es\/wp-json\/wp\/v2\/types\/post"}],"author":[{"embeddable":true,"href":"https:\/\/www.mylasertabac.com\/es\/wp-json\/wp\/v2\/users\/2"}],"replies":[{"embeddable":true,"href":"https:\/\/www.mylasertabac.com\/es\/wp-json\/wp\/v2\/comments?post=8288"}],"version-history":[{"count":3,"href":"https:\/\/www.mylasertabac.com\/es\/wp-json\/wp\/v2\/posts\/8288\/revisions"}],"predecessor-version":[{"id":11544,"href":"https:\/\/www.mylasertabac.com\/es\/wp-json\/wp\/v2\/posts\/8288\/revisions\/11544"}],"wp:featuredmedia":[{"embeddable":true,"href":"https:\/\/www.mylasertabac.com\/es\/wp-json\/wp\/v2\/media\/8172"}],"wp:attachment":[{"href":"https:\/\/www.mylasertabac.com\/es\/wp-json\/wp\/v2\/media?parent=8288"}],"wp:term":[{"taxonomy":"category","embeddable":true,"href":"https:\/\/www.mylasertabac.com\/es\/wp-json\/wp\/v2\/categories?post=8288"},{"taxonomy":"post_tag","embeddable":true,"href":"https:\/\/www.mylasertabac.com\/es\/wp-json\/wp\/v2\/tags?post=8288"}],"curies":[{"name":"wp","href":"https:\/\/api.w.org\/{rel}","templated":true}]}}