{"id":8464,"date":"2025-05-17T10:36:06","date_gmt":"2025-05-17T08:36:06","guid":{"rendered":"https:\/\/www.mylasertabac.com\/por-que-la-red-mylasertabac-se-convertira-en-la-franquicia-laser-antitabaco-numero-1-en-francia-y-europa\/"},"modified":"2025-05-17T10:37:01","modified_gmt":"2025-05-17T08:37:01","slug":"por-que-la-red-mylasertabac-se-convertira-en-la-franquicia-laser-antitabaco-numero-1-en-francia-y-europa","status":"publish","type":"post","link":"https:\/\/www.mylasertabac.com\/es\/por-que-la-red-mylasertabac-se-convertira-en-la-franquicia-laser-antitabaco-numero-1-en-francia-y-europa\/","title":{"rendered":"\u00bfPor qu\u00e9 la red MyLaserTabac se convertir\u00e1 en la franquicia l\u00e1ser antitabaco n\u00famero 1 en Francia y Europa?"},"content":{"rendered":"\n<div style=\"height:32px\" aria-hidden=\"true\" class=\"wp-block-spacer\"><\/div>\n\n<p>Frente a los retos actuales de la <strong>salud p\u00fablica<\/strong>, una <strong>vida profesional en busca de sentido<\/strong> y la evoluci\u00f3n de los h\u00e1bitos de consumo, la <strong>red MyLaserTabac<\/strong> se perfila como un <strong>concepto de futuro<\/strong>. M\u00e1s que una <strong>franquicia<\/strong>, nuestra <strong>marca<\/strong> representa una aut\u00e9ntica revoluci\u00f3n en el <strong>tratamiento de las adicciones<\/strong>, a trav\u00e9s de un <strong>innovador m\u00e9todo l\u00e1ser<\/strong>. <\/p>\n\n<p>Si quieres<strong>dejar de fumar<\/strong>, <strong>dejar el cannabis<\/strong>,<strong>el alcohol<\/strong> o el <strong>az\u00facar<\/strong>, o <strong>controlar el estr\u00e9s<\/strong>, MyLaserTabac te ofrece una <strong>soluci\u00f3n llave en mano<\/strong> que es eficaz, humana y <strong>sostenible<\/strong>. Ya bien implantada en <strong>Francia<\/strong>, nuestra <strong>franquicia nacional prosigue<\/strong>su r\u00e1pida expansi\u00f3n con una clara ambici\u00f3n: convertirse <strong>en el l\u00edder europeo<\/strong> del sector. \ud83c\uddea\ud83c\uddfa <\/p>\n\n<div style=\"height:32px\" aria-hidden=\"true\" class=\"wp-block-spacer\"><\/div>\n\n<h2 class=\"wp-block-heading\">\u2705 Un concepto moderno dise\u00f1ado para cambiar vidas<\/h2>\n\n<div style=\"height:32px\" aria-hidden=\"true\" class=\"wp-block-spacer\"><\/div>\n\n<p>Nuestro <strong>concepto<\/strong> se basa en un principio sencillo: ayudar a las personas que quieren liberarse de sus adicciones, utilizando un <strong>m\u00e9todo l\u00e1ser<\/strong> indoloro, natural y de eficacia probada. Cada <strong>sesi\u00f3n<\/strong> se realiza en un <strong>centro<\/strong> especializado, siguiendo un protocolo estricto basado en la <strong>reflexolog\u00eda auricular<\/strong>. <\/p>\n\n<p>Este enfoque suave act\u00faa sobre <strong>puntos reflejos<\/strong>, estimulando zonas relacionadas con las adicciones. El resultado: una reducci\u00f3n inmediata del deseo de <strong>fumar<\/strong>, consumir o compensar con <strong>az\u00facar<\/strong>. El <strong>tratamiento<\/strong> es r\u00e1pido y preciso, y puede adaptarse a cada perfil individual.  <\/p>\n\n<p>Hoy en d\u00eda, cada vez m\u00e1s <strong>clientes<\/strong> buscan un m\u00e9todo natural, sin sustitutos qu\u00edmicos. Por eso nuestra <strong>franquicia<\/strong> atrae la atenci\u00f3n de un <strong>mercado franc\u00e9s<\/strong> en busca de <strong>servicios<\/strong> significativos y eficaces. <\/p>\n\n<div style=\"height:32px\" aria-hidden=\"true\" class=\"wp-block-spacer\"><\/div>\n\n<figure class=\"wp-block-image alignleft size-large is-resized\"><img fetchpriority=\"high\" decoding=\"async\" width=\"673\" height=\"1024\" src=\"https:\/\/www.mylasertabac.com\/wp-content\/uploads\/2025\/05\/aix-673x1024.jpeg\" alt=\"\" class=\"wp-image-8133\" style=\"width:417px;height:auto\" srcset=\"https:\/\/www.mylasertabac.com\/wp-content\/uploads\/2025\/05\/aix-673x1024.jpeg 673w, https:\/\/www.mylasertabac.com\/wp-content\/uploads\/2025\/05\/aix-197x300.jpeg 197w, https:\/\/www.mylasertabac.com\/wp-content\/uploads\/2025\/05\/aix.jpeg 724w\" sizes=\"(max-width: 673px) 100vw, 673px\" \/><\/figure>\n\n<h2 class=\"wp-block-heading\">Una respuesta pr\u00e1ctica a los problemas sociales<\/h2>\n\n<p><strong>El tabaco<\/strong>,<strong>el alcohol<\/strong>, el <strong>cannabis<\/strong>, <strong>el az\u00facar<\/strong> y el <strong>estr\u00e9s<\/strong> son fuentes de sufrimiento, tanto f\u00edsico como mental. El <strong>coste econ\u00f3mico<\/strong> de estas adicciones es inmenso: el <strong>fumador<\/strong> medio gasta m\u00e1s de 3.500 euros al a\u00f1o. Adem\u00e1s, est\u00e1n las repercusiones sobre la <strong>salud<\/strong>, el <strong>peso<\/strong>, la moral, la <strong>belleza<\/strong> y la<strong>propiedad.<\/strong>  <\/p>\n\n<p>Nuestra <strong>marca<\/strong> responde a esta creciente necesidad de tomar las riendas de la propia vida. Nuestros <strong>centros<\/strong>, repartidos por toda <strong>Francia<\/strong>, ofrecen <strong>servicios<\/strong> accesibles, supervisados, seguros y, sobre todo, verdaderamente transformadores. <\/p>\n\n<p>Los resultados est\u00e1n ah\u00ed: m\u00e1s del 90% de \u00e9xito tras una sola <strong>sesi\u00f3n<\/strong>. No es un milagro; es la eficacia de un <strong>m\u00e9todo validado<\/strong>, respaldado por <strong>una formaci\u00f3n rigurosa<\/strong>, <strong>una documentaci\u00f3n clara<\/strong> y el <strong>apoyo a cada franquiciado<\/strong> en cada etapa. <\/p>\n\n<div style=\"height:32px\" aria-hidden=\"true\" class=\"wp-block-spacer\"><\/div>\n\n<h2 class=\"wp-block-heading\">\ud83c\udf81 Una oferta de formaci\u00f3n completa y especializada<\/h2>\n\n<div style=\"height:32px\" aria-hidden=\"true\" class=\"wp-block-spacer\"><\/div>\n\n<p>La fuerza de nuestra <strong>red<\/strong> reside tambi\u00e9n en su capacidad para transmitir un saber hacer preciso y probado. Cada nuevo franquiciado recibe <strong>formaci\u00f3n profesional<\/strong> presencial y a distancia para convertirse en un experto reconocido en su <strong>centro<\/strong>. <\/p>\n\n<div style=\"height:32px\" aria-hidden=\"true\" class=\"wp-block-spacer\"><\/div>\n\n<p>Ofrecemos cinco cursos espec\u00edficos:<\/p>\n\n<div style=\"height:32px\" aria-hidden=\"true\" class=\"wp-block-spacer\"><\/div>\n\n<ul class=\"wp-block-list\">\n<li><strong><a href=\"https:\/\/www.mylasertabac.com\/es\/informacion\/formacion-laser-antitabaco-y-contra-la-adiccion\/\">Formaci\u00f3n para dejar de fumar<\/a><\/strong><\/li>\n\n\n\n<li><strong>Entrenamiento en abstinencia alcoh\u00f3lica<\/strong><\/li>\n\n\n\n<li><strong><a href=\"https:\/\/www.mylasertabac.com\/es\/el-metodo-my-laser-tabac\/como-se-supera-la-adiccion-al-cannabis\/\">Entrenamiento para la abstinencia de cannabis<\/a><\/strong><\/li>\n\n\n\n<li><strong><a href=\"https:\/\/www.mylasertabac.com\/es\/el-metodo-my-laser-tabac\/como-acabar-con-la-adiccion-al-azucar\/\">Entrenamiento para el destete del az\u00facar<\/a><\/strong><\/li>\n\n\n\n<li><strong>Formaci\u00f3n en gesti\u00f3n del estr\u00e9s<\/strong><\/li>\n<\/ul>\n\n<div style=\"height:32px\" aria-hidden=\"true\" class=\"wp-block-spacer\"><\/div>\n\n<p>Estos <strong>cursos de formaci\u00f3n<\/strong> permiten a nuestros socios trabajar con total confianza, con todos los <strong>conocimientos t\u00e9cnicos y relacionales<\/strong> que necesitan para prestar una asistencia de alta calidad. El <strong>Grupo<\/strong> se asegura de proporcionar <strong>documentaci\u00f3n<\/strong> completa, actualizaciones y <strong>asesoramiento personalizado<\/strong>. <\/p>\n\n<div style=\"height:51px\" aria-hidden=\"true\" class=\"wp-block-spacer\"><\/div>\n\n<figure class=\"wp-block-image size-large\"><img decoding=\"async\" width=\"1024\" height=\"662\" src=\"https:\/\/www.mylasertabac.com\/wp-content\/uploads\/2025\/04\/vitrine-1024x662.jpg\" alt=\"\" class=\"wp-image-7466\" srcset=\"https:\/\/www.mylasertabac.com\/wp-content\/uploads\/2025\/04\/vitrine-1024x662.jpg 1024w, https:\/\/www.mylasertabac.com\/wp-content\/uploads\/2025\/04\/vitrine-300x194.jpg 300w, https:\/\/www.mylasertabac.com\/wp-content\/uploads\/2025\/04\/vitrine-768x496.jpg 768w, https:\/\/www.mylasertabac.com\/wp-content\/uploads\/2025\/04\/vitrine.jpg 1179w\" sizes=\"(max-width: 1024px) 100vw, 1024px\" \/><\/figure>\n\n<div style=\"height:46px\" aria-hidden=\"true\" class=\"wp-block-spacer\"><\/div>\n\n<h2 class=\"wp-block-heading\">\u23ed\ufe0f Un modelo de negocio r\u00e1pido y rentable<\/h2>\n\n<div style=\"height:32px\" aria-hidden=\"true\" class=\"wp-block-spacer\"><\/div>\n\n<p>Una de las grandes ventajas de nuestra <strong>franquicia<\/strong> es su <strong>r\u00e1pida rentabilidad<\/strong>. Mientras que otros sectores (como <strong>la restauraci\u00f3n<\/strong>, <strong>las cocinas<\/strong>, los<strong>inmuebles<\/strong> o los <strong>veh\u00edculos<\/strong>) requieren un gran <strong>desembolso de capital<\/strong> y un largo periodo de creaci\u00f3n, MyLaserTabac ofrece un <strong>concepto ligero y eficaz<\/strong>. <\/p>\n\n<p>Con una <strong>inversi\u00f3n inicial asequible<\/strong>, cada franquiciado puede abrir su propio <strong>centro<\/strong> y generar <strong>ventas<\/strong> de hasta 250.000 euros en el primer a\u00f1o. Gracias a la automatizaci\u00f3n de la agenda online, <strong>los clientes<\/strong> pueden reservar sus <strong>sesiones<\/strong> directamente en el sitio web. No tienes que preocuparte de las <strong>ventas<\/strong> ni de la prospecci\u00f3n.  <\/p>\n\n<p>\u00bfCu\u00e1l es el <strong>trabajo diario<\/strong> del franquiciado? Realizar <strong>tratamientos<\/strong>, controlar a <strong>los clientes<\/strong> y mantener un entorno sano y profesional. Se trata de una <strong>oportunidad inmobiliaria<\/strong> ideal para quienes desean combinar <strong>sentido<\/strong>, <strong>libertad<\/strong> y <strong>rendimiento<\/strong>.  <\/p>\n\n<div style=\"height:32px\" aria-hidden=\"true\" class=\"wp-block-spacer\"><\/div>\n\n<h2 class=\"wp-block-heading\">\ud83d\udcfa Comunicaci\u00f3n digital nacional y espec\u00edfica<\/h2>\n\n<div style=\"height:32px\" aria-hidden=\"true\" class=\"wp-block-spacer\"><\/div>\n\n<p>El \u00e9xito de un <strong>centro<\/strong> tambi\u00e9n depende de su visibilidad. Por eso nuestro <strong>grupo<\/strong> trabaja con una <strong>agencia especializada<\/strong> en comunicaci\u00f3n digital. Cada <strong>franquicia<\/strong> se beneficia de <strong>un apoyo personalizado<\/strong> en las plataformas m\u00e1s potentes: <strong>Facebook<\/strong>, <strong>Instagram<\/strong>, <strong>TikTok<\/strong> y <strong>YouTube<\/strong>.  <\/p>\n\n<p>Realizamos campa\u00f1as nacionales y locales, con im\u00e1genes impactantes, v\u00eddeos, testimonios <strong>de clientes<\/strong> y herramientas <strong>de marketing de servicios<\/strong> dise\u00f1adas para aumentar la notoriedad y llenar tu agenda <strong>de reuniones<\/strong>.<\/p>\n\n<p>Ninguna <strong>franquicia<\/strong> de la competencia ofrece este nivel de <strong>servicios digitales<\/strong>, <strong>seguridad operativa<\/strong> y <strong>estrategia global<\/strong>.<\/p>\n\n<div style=\"height:32px\" aria-hidden=\"true\" class=\"wp-block-spacer\"><\/div>\n\n<h2 class=\"wp-block-heading\">Apoyo continuo a cada franquiciado<\/h2>\n\n<div style=\"height:32px\" aria-hidden=\"true\" class=\"wp-block-spacer\"><\/div>\n\n<p>En MyLaserTabac, nunca est\u00e1s solo.<strong>El apoyo<\/strong> est\u00e1 en el centro de nuestra visi\u00f3n. Desde el d\u00eda en que te inscribes hasta el desarrollo de tu <strong>centro<\/strong>, te guiamos en cada paso del camino:  <\/p>\n\n<ul class=\"wp-block-list\">\n<li>Estudio de las<strong>operaciones francesas<\/strong><\/li>\n\n\n\n<li>B\u00fasqueda de <strong>locales<\/strong><\/li>\n\n\n\n<li>Decoraci\u00f3n y mobiliario (en colaboraci\u00f3n con nuestros socios <strong>inmobiliarios<\/strong> y <strong>de belleza<\/strong>)<\/li>\n\n\n\n<li><strong>Agenda del cliente<\/strong> online<\/li>\n\n\n\n<li>Asistencia t\u00e9cnica y operativa<\/li>\n\n\n\n<li>Acceso a <strong>documentaci\u00f3n<\/strong> y herramientas de <strong>gesti\u00f3n<\/strong> y <strong>venta<\/strong><\/li>\n<\/ul>\n\n<div style=\"height:32px\" aria-hidden=\"true\" class=\"wp-block-spacer\"><\/div>\n\n<p>Nuestro <strong>grupo<\/strong> tambi\u00e9n pone a tu disposici\u00f3n una base de datos de <strong>asesoramiento<\/strong> actualizada, seminarios web, eventos <strong>nacionales<\/strong> y un foro para que <strong>las franquicias<\/strong> intercambien ideas.<\/p>\n\n<div style=\"height:32px\" aria-hidden=\"true\" class=\"wp-block-spacer\"><\/div>\n\n<h2 class=\"wp-block-heading\">Una aventura humana y profesional \u00fanica<\/h2>\n\n<div style=\"height:32px\" aria-hidden=\"true\" class=\"wp-block-spacer\"><\/div>\n\n<p>Unirte a nuestra <strong>red<\/strong> significa comprometerte en una aventura que tiene <strong>sentido<\/strong>, que mejora <strong>la salud<\/strong> de los dem\u00e1s y que transforma tu propia <strong>vida profesional<\/strong>. No vendes un producto ef\u00edmero: ofreces un <strong>tratamiento que cambia vidas<\/strong>, que devuelve la confianza, que permite a tus <strong>clientes<\/strong> liberarse de cadenas invisibles. <\/p>\n\n<p>Har\u00e1s el <strong>trabajo<\/strong> con orgullo. Ser\u00e1s reconocido localmente como un actor en el campo <strong>del bienestar<\/strong>, un experto en <strong>dejar de fumar<\/strong>, un especialista en <strong><a href=\"https:\/\/www.mylasertabac.com\/es\/\">l\u00e1ser antitabaco<\/a><\/strong>Trabajar\u00e1s en un <strong>centro acogedor<\/strong> respaldado por una <strong>marca<\/strong> <strong>nacional<\/strong> <strong>fuerte<\/strong>, visible y cre\u00edble. <\/p>\n\n<div style=\"height:32px\" aria-hidden=\"true\" class=\"wp-block-spacer\"><\/div>\n\n<h2 class=\"wp-block-heading\">En pocas palabras: \u00bfpor qu\u00e9 unirse a MyLaserTabac?<\/h2>\n\n<div style=\"height:32px\" aria-hidden=\"true\" class=\"wp-block-spacer\"><\/div>\n\n<ul class=\"wp-block-list\">\n<li>\u2705 Un <strong>concepto sostenible<\/strong> en un <strong>mercado en auge<\/strong><\/li>\n\n\n\n<li>\u2705 Una <strong>franquicia rentable<\/strong>, sin stocks ni limitaciones log\u00edsticas<\/li>\n\n\n\n<li>\u2705<strong>Apoyo continuo<\/strong> de un <strong>grupo de expertos<\/strong><\/li>\n\n\n\n<li>\u2705<strong>Formaci\u00f3n completa<\/strong> para <strong>dejar de fumar<\/strong>, <strong>el alcohol<\/strong>, el <strong>cannabis<\/strong>, <strong>el az\u00facar<\/strong> y el <strong>estr\u00e9s<\/strong><\/li>\n\n\n\n<li>\u2705 Un <strong>centro llave en mano<\/strong>, listo para acoger a tus <strong>clientes<\/strong><\/li>\n\n\n\n<li>\u2705<strong>Comunicaci\u00f3n digital<\/strong> potente, espec\u00edfica y multired<\/li>\n\n\n\n<li>\u2705<strong>Documentaci\u00f3n completa<\/strong> para tu <strong>trabajo diario<\/strong><\/li>\n\n\n\n<li>\u2705 Un <strong>servicio humano<\/strong>, una <strong>agencia dedicada<\/strong>, una <strong>red muy unida<\/strong><\/li>\n\n\n\n<li>\u2705 Una <strong>aportaci\u00f3n de capital razonable<\/strong>, para <strong>una rentabilidad en 3 \u00f3 4 meses<\/strong><\/li>\n\n\n\n<li>\u2705 Una <strong>experiencia profesional \u00fanica<\/strong>, centrada en las personas<\/li>\n<\/ul>\n\n<div style=\"height:52px\" aria-hidden=\"true\" class=\"wp-block-spacer\"><\/div>\n\n<figure class=\"wp-block-image alignright size-full is-resized\"><img decoding=\"async\" width=\"780\" height=\"885\" src=\"https:\/\/www.mylasertabac.com\/wp-content\/uploads\/2025\/01\/auriculotherapie-mylasertabac-2.png\" alt=\"\" class=\"wp-image-963\" style=\"width:375px;height:auto\" srcset=\"https:\/\/www.mylasertabac.com\/wp-content\/uploads\/2025\/01\/auriculotherapie-mylasertabac-2.png 780w, https:\/\/www.mylasertabac.com\/wp-content\/uploads\/2025\/01\/auriculotherapie-mylasertabac-2-264x300.png 264w, https:\/\/www.mylasertabac.com\/wp-content\/uploads\/2025\/01\/auriculotherapie-mylasertabac-2-768x871.png 768w\" sizes=\"(max-width: 780px) 100vw, 780px\" \/><\/figure>\n\n<h2 class=\"wp-block-heading\">\u00bfY si te tocara a ti cambiar tu vida?<\/h2>\n\n<p>Convertirse en <a href=\"https:\/\/www.mylasertabac.com\/es\/unete-a-la-franquicia-laser-anti-tabac-y-beneficiate-de-un-concepto-rentable-llave-en-mano\/\">franquiciado de MyLaserTabac<\/a> significa unirse a una <strong>franquicia francesa<\/strong> s\u00f3lida, humana, experta e innovadora. Significa ocupar tu lugar en un <strong>mercado en r\u00e1pido crecimiento<\/strong>, con un <strong>concepto listo para usar<\/strong>, un <strong>grupo estructurado<\/strong> y <strong>resultados concretos<\/strong>. <\/p>\n\n<p><strong>No esperes m\u00e1s.<\/strong> Ponte en contacto con nosotros, inf\u00f3rmate sobre <strong>formaci\u00f3n<\/strong>, <strong>asesoramiento<\/strong> y<strong>apoyo<\/strong>, y \u00fanete a la <strong>red<\/strong> MyLaserTabac para convertir tu <strong>trabajo<\/strong> en una <strong>misi\u00f3n vital<\/strong>.<\/p>\n\n<div style=\"height:61px\" aria-hidden=\"true\" class=\"wp-block-spacer\"><\/div>\n\n<figure class=\"wp-block-embed is-type-video is-provider-youtube wp-block-embed-youtube wp-embed-aspect-16-9 wp-has-aspect-ratio\"><div class=\"wp-block-embed__wrapper\">\n<iframe title=\"\u2705Nous recherchons de nouveau soldat pour combattre les addictions #tabac  #Mylasertabac #franchise\" width=\"800\" height=\"450\" src=\"https:\/\/www.youtube.com\/embed\/9F6KNO6GtkI?feature=oembed\" frameborder=\"0\" allow=\"accelerometer; autoplay; clipboard-write; encrypted-media; gyroscope; picture-in-picture; web-share\" referrerpolicy=\"strict-origin-when-cross-origin\" allowfullscreen><\/iframe>\n<\/div><\/figure>\n\n<div style=\"height:61px\" aria-hidden=\"true\" class=\"wp-block-spacer\"><\/div>\n\n<figure class=\"wp-block-image size-large\"><img decoding=\"async\" src=\"https:\/\/www.mylasertabac.com\/wp-content\/uploads\/\/mlt-verteau.svg\" alt=\"\" class=\"wp-image-13\"\/><\/figure>\n\n<p><\/p>\n\n<p><\/p>\n","protected":false},"excerpt":{"rendered":"<p>Frente a los retos actuales de la salud p\u00fablica, una vida profesional en busca de sentido y la evoluci\u00f3n de los h\u00e1bitos de consumo, la red MyLaserTabac se perfila como un concepto de futuro. M\u00e1s que una franquicia, nuestra marca representa una aut\u00e9ntica revoluci\u00f3n en el tratamiento de las adicciones, a trav\u00e9s de un innovador [&hellip;]<\/p>\n","protected":false},"author":2,"featured_media":8448,"comment_status":"closed","ping_status":"open","sticky":false,"template":"","format":"standard","meta":{"inline_featured_image":false,"footnotes":""},"categories":[588],"tags":[],"class_list":["post-8464","post","type-post","status-publish","format-standard","has-post-thumbnail","hentry","category-empresa"],"yoast_head":"<!-- This site is optimized with the Yoast SEO plugin v27.4 - https:\/\/yoast.com\/product\/yoast-seo-wordpress\/ -->\n<title>\u00bfPor qu\u00e9 la red MyLaserTabac se convertir\u00e1 en la franquicia l\u00e1ser antitabaco n\u00famero 1 en Francia y Europa? - My Laser Tabac<\/title>\n<meta name=\"description\" content=\"Descubre por qu\u00e9 la franquicia MyLaserTabac est\u00e1 revolucionando la forma de dejar de fumar, el alcohol, el cannabis, el az\u00facar y el estr\u00e9s. Formaci\u00f3n, apoyo, rentabilidad r\u00e1pida: \u00fanete a una red en r\u00e1pido crecimiento en toda Francia.\" \/>\n<meta name=\"robots\" content=\"index, follow, max-snippet:-1, max-image-preview:large, max-video-preview:-1\" \/>\n<link rel=\"canonical\" href=\"https:\/\/www.mylasertabac.com\/es\/por-que-la-red-mylasertabac-se-convertira-en-la-franquicia-laser-antitabaco-numero-1-en-francia-y-europa\/\" \/>\n<meta property=\"og:locale\" content=\"es_ES\" \/>\n<meta property=\"og:type\" content=\"article\" \/>\n<meta property=\"og:title\" content=\"\u00bfPor qu\u00e9 la red MyLaserTabac se convertir\u00e1 en la franquicia l\u00e1ser antitabaco n\u00famero 1 en Francia y Europa? - My Laser Tabac\" \/>\n<meta property=\"og:description\" content=\"Descubre por qu\u00e9 la franquicia MyLaserTabac est\u00e1 revolucionando la forma de dejar de fumar, el alcohol, el cannabis, el az\u00facar y el estr\u00e9s. Formaci\u00f3n, apoyo, rentabilidad r\u00e1pida: \u00fanete a una red en r\u00e1pido crecimiento en toda Francia.\" \/>\n<meta property=\"og:url\" content=\"https:\/\/www.mylasertabac.com\/es\/por-que-la-red-mylasertabac-se-convertira-en-la-franquicia-laser-antitabaco-numero-1-en-francia-y-europa\/\" \/>\n<meta property=\"og:site_name\" content=\"My Laser Tabac\" \/>\n<meta property=\"article:author\" content=\"https:\/\/www.facebook.com\/profile.php?id=61571554707319\" \/>\n<meta property=\"article:published_time\" content=\"2025-05-17T08:36:06+00:00\" \/>\n<meta property=\"article:modified_time\" content=\"2025-05-17T08:37:01+00:00\" \/>\n<meta property=\"og:image\" content=\"https:\/\/www.mylasertabac.com\/wp-content\/uploads\/2025\/05\/fraz.png\" \/>\n\t<meta property=\"og:image:width\" content=\"1536\" \/>\n\t<meta property=\"og:image:height\" content=\"1024\" \/>\n\t<meta property=\"og:image:type\" content=\"image\/png\" \/>\n<meta name=\"author\" content=\"Florian Fortes\" \/>\n<meta name=\"twitter:card\" content=\"summary_large_image\" \/>\n<meta name=\"twitter:label1\" content=\"Escrito por\" \/>\n\t<meta name=\"twitter:data1\" content=\"Florian Fortes\" \/>\n\t<meta name=\"twitter:label2\" content=\"Tiempo de lectura\" \/>\n\t<meta name=\"twitter:data2\" content=\"6 minutos\" \/>\n<script type=\"application\/ld+json\" class=\"yoast-schema-graph\">{\"@context\":\"https:\\\/\\\/schema.org\",\"@graph\":[{\"@type\":\"Article\",\"@id\":\"https:\\\/\\\/www.mylasertabac.com\\\/es\\\/por-que-la-red-mylasertabac-se-convertira-en-la-franquicia-laser-antitabaco-numero-1-en-francia-y-europa\\\/#article\",\"isPartOf\":{\"@id\":\"https:\\\/\\\/www.mylasertabac.com\\\/es\\\/por-que-la-red-mylasertabac-se-convertira-en-la-franquicia-laser-antitabaco-numero-1-en-francia-y-europa\\\/\"},\"author\":{\"name\":\"Florian Fortes\",\"@id\":\"https:\\\/\\\/www.mylasertabac.com\\\/es\\\/#\\\/schema\\\/person\\\/02c249cb76d912efb6c315ec23eccdf3\"},\"headline\":\"\u00bfPor qu\u00e9 la red MyLaserTabac se convertir\u00e1 en la franquicia l\u00e1ser antitabaco n\u00famero 1 en Francia y Europa?\",\"datePublished\":\"2025-05-17T08:36:06+00:00\",\"dateModified\":\"2025-05-17T08:37:01+00:00\",\"mainEntityOfPage\":{\"@id\":\"https:\\\/\\\/www.mylasertabac.com\\\/es\\\/por-que-la-red-mylasertabac-se-convertira-en-la-franquicia-laser-antitabaco-numero-1-en-francia-y-europa\\\/\"},\"wordCount\":1214,\"publisher\":{\"@id\":\"https:\\\/\\\/www.mylasertabac.com\\\/es\\\/#organization\"},\"image\":{\"@id\":\"https:\\\/\\\/www.mylasertabac.com\\\/es\\\/por-que-la-red-mylasertabac-se-convertira-en-la-franquicia-laser-antitabaco-numero-1-en-francia-y-europa\\\/#primaryimage\"},\"thumbnailUrl\":\"https:\\\/\\\/www.mylasertabac.com\\\/wp-content\\\/uploads\\\/2025\\\/05\\\/fraz.png\",\"articleSection\":[\"empresa\"],\"inLanguage\":\"es\"},{\"@type\":\"WebPage\",\"@id\":\"https:\\\/\\\/www.mylasertabac.com\\\/es\\\/por-que-la-red-mylasertabac-se-convertira-en-la-franquicia-laser-antitabaco-numero-1-en-francia-y-europa\\\/\",\"url\":\"https:\\\/\\\/www.mylasertabac.com\\\/es\\\/por-que-la-red-mylasertabac-se-convertira-en-la-franquicia-laser-antitabaco-numero-1-en-francia-y-europa\\\/\",\"name\":\"\u00bfPor qu\u00e9 la red MyLaserTabac se convertir\u00e1 en la franquicia l\u00e1ser antitabaco n\u00famero 1 en Francia y Europa? - My Laser Tabac\",\"isPartOf\":{\"@id\":\"https:\\\/\\\/www.mylasertabac.com\\\/es\\\/#website\"},\"primaryImageOfPage\":{\"@id\":\"https:\\\/\\\/www.mylasertabac.com\\\/es\\\/por-que-la-red-mylasertabac-se-convertira-en-la-franquicia-laser-antitabaco-numero-1-en-francia-y-europa\\\/#primaryimage\"},\"image\":{\"@id\":\"https:\\\/\\\/www.mylasertabac.com\\\/es\\\/por-que-la-red-mylasertabac-se-convertira-en-la-franquicia-laser-antitabaco-numero-1-en-francia-y-europa\\\/#primaryimage\"},\"thumbnailUrl\":\"https:\\\/\\\/www.mylasertabac.com\\\/wp-content\\\/uploads\\\/2025\\\/05\\\/fraz.png\",\"datePublished\":\"2025-05-17T08:36:06+00:00\",\"dateModified\":\"2025-05-17T08:37:01+00:00\",\"description\":\"Descubre por qu\u00e9 la franquicia MyLaserTabac est\u00e1 revolucionando la forma de dejar de fumar, el alcohol, el cannabis, el az\u00facar y el estr\u00e9s. Formaci\u00f3n, apoyo, rentabilidad r\u00e1pida: \u00fanete a una red en r\u00e1pido crecimiento en toda Francia.\",\"breadcrumb\":{\"@id\":\"https:\\\/\\\/www.mylasertabac.com\\\/es\\\/por-que-la-red-mylasertabac-se-convertira-en-la-franquicia-laser-antitabaco-numero-1-en-francia-y-europa\\\/#breadcrumb\"},\"inLanguage\":\"es\",\"potentialAction\":[{\"@type\":\"ReadAction\",\"target\":[\"https:\\\/\\\/www.mylasertabac.com\\\/es\\\/por-que-la-red-mylasertabac-se-convertira-en-la-franquicia-laser-antitabaco-numero-1-en-francia-y-europa\\\/\"]}]},{\"@type\":\"ImageObject\",\"inLanguage\":\"es\",\"@id\":\"https:\\\/\\\/www.mylasertabac.com\\\/es\\\/por-que-la-red-mylasertabac-se-convertira-en-la-franquicia-laser-antitabaco-numero-1-en-francia-y-europa\\\/#primaryimage\",\"url\":\"https:\\\/\\\/www.mylasertabac.com\\\/wp-content\\\/uploads\\\/2025\\\/05\\\/fraz.png\",\"contentUrl\":\"https:\\\/\\\/www.mylasertabac.com\\\/wp-content\\\/uploads\\\/2025\\\/05\\\/fraz.png\",\"width\":1536,\"height\":1024},{\"@type\":\"BreadcrumbList\",\"@id\":\"https:\\\/\\\/www.mylasertabac.com\\\/es\\\/por-que-la-red-mylasertabac-se-convertira-en-la-franquicia-laser-antitabaco-numero-1-en-francia-y-europa\\\/#breadcrumb\",\"itemListElement\":[{\"@type\":\"ListItem\",\"position\":1,\"name\":\"Accueil\",\"item\":\"https:\\\/\\\/www.mylasertabac.com\\\/es\\\/inicio\\\/\"},{\"@type\":\"ListItem\",\"position\":2,\"name\":\"\u00bfPor qu\u00e9 la red MyLaserTabac se convertir\u00e1 en la franquicia l\u00e1ser antitabaco n\u00famero 1 en Francia y Europa?\"}]},{\"@type\":\"WebSite\",\"@id\":\"https:\\\/\\\/www.mylasertabac.com\\\/es\\\/#website\",\"url\":\"https:\\\/\\\/www.mylasertabac.com\\\/es\\\/\",\"name\":\"My Laser Tabac\",\"description\":\"La solution laser qui transforme les fumeurs en ex-fumeurs\",\"publisher\":{\"@id\":\"https:\\\/\\\/www.mylasertabac.com\\\/es\\\/#organization\"},\"potentialAction\":[{\"@type\":\"SearchAction\",\"target\":{\"@type\":\"EntryPoint\",\"urlTemplate\":\"https:\\\/\\\/www.mylasertabac.com\\\/es\\\/?s={search_term_string}\"},\"query-input\":{\"@type\":\"PropertyValueSpecification\",\"valueRequired\":true,\"valueName\":\"search_term_string\"}}],\"inLanguage\":\"es\"},{\"@type\":\"Organization\",\"@id\":\"https:\\\/\\\/www.mylasertabac.com\\\/es\\\/#organization\",\"name\":\"My Laser Tabac\",\"url\":\"https:\\\/\\\/www.mylasertabac.com\\\/es\\\/\",\"logo\":{\"@type\":\"ImageObject\",\"inLanguage\":\"es\",\"@id\":\"https:\\\/\\\/www.mylasertabac.com\\\/es\\\/#\\\/schema\\\/logo\\\/image\\\/\",\"url\":\"https:\\\/\\\/www.mylasertabac.com\\\/wp-content\\\/uploads\\\/2024\\\/12\\\/mlt-verteau.svg\",\"contentUrl\":\"https:\\\/\\\/www.mylasertabac.com\\\/wp-content\\\/uploads\\\/2024\\\/12\\\/mlt-verteau.svg\",\"caption\":\"My Laser Tabac\"},\"image\":{\"@id\":\"https:\\\/\\\/www.mylasertabac.com\\\/es\\\/#\\\/schema\\\/logo\\\/image\\\/\"}},{\"@type\":\"Person\",\"@id\":\"https:\\\/\\\/www.mylasertabac.com\\\/es\\\/#\\\/schema\\\/person\\\/02c249cb76d912efb6c315ec23eccdf3\",\"name\":\"Florian Fortes\",\"image\":{\"@type\":\"ImageObject\",\"inLanguage\":\"es\",\"@id\":\"https:\\\/\\\/www.mylasertabac.com\\\/wp-content\\\/litespeed\\\/avatar\\\/142101a71d7b9e6490c1120d9c109a67.jpg?ver=1776856306\",\"url\":\"https:\\\/\\\/www.mylasertabac.com\\\/wp-content\\\/litespeed\\\/avatar\\\/142101a71d7b9e6490c1120d9c109a67.jpg?ver=1776856306\",\"contentUrl\":\"https:\\\/\\\/www.mylasertabac.com\\\/wp-content\\\/litespeed\\\/avatar\\\/142101a71d7b9e6490c1120d9c109a67.jpg?ver=1776856306\",\"caption\":\"Florian Fortes\"},\"sameAs\":[\"https:\\\/\\\/www.mylasertabac.com\",\"https:\\\/\\\/www.facebook.com\\\/profile.php?id=61571554707319\"],\"url\":\"https:\\\/\\\/www.mylasertabac.com\\\/es\\\/author\\\/florianfortes5312\\\/\"}]}<\/script>\n<!-- \/ Yoast SEO plugin. -->","yoast_head_json":{"title":"\u00bfPor qu\u00e9 la red MyLaserTabac se convertir\u00e1 en la franquicia l\u00e1ser antitabaco n\u00famero 1 en Francia y Europa? - My Laser Tabac","description":"Descubre por qu\u00e9 la franquicia MyLaserTabac est\u00e1 revolucionando la forma de dejar de fumar, el alcohol, el cannabis, el az\u00facar y el estr\u00e9s. Formaci\u00f3n, apoyo, rentabilidad r\u00e1pida: \u00fanete a una red en r\u00e1pido crecimiento en toda Francia.","robots":{"index":"index","follow":"follow","max-snippet":"max-snippet:-1","max-image-preview":"max-image-preview:large","max-video-preview":"max-video-preview:-1"},"canonical":"https:\/\/www.mylasertabac.com\/es\/por-que-la-red-mylasertabac-se-convertira-en-la-franquicia-laser-antitabaco-numero-1-en-francia-y-europa\/","og_locale":"es_ES","og_type":"article","og_title":"\u00bfPor qu\u00e9 la red MyLaserTabac se convertir\u00e1 en la franquicia l\u00e1ser antitabaco n\u00famero 1 en Francia y Europa? - My Laser Tabac","og_description":"Descubre por qu\u00e9 la franquicia MyLaserTabac est\u00e1 revolucionando la forma de dejar de fumar, el alcohol, el cannabis, el az\u00facar y el estr\u00e9s. Formaci\u00f3n, apoyo, rentabilidad r\u00e1pida: \u00fanete a una red en r\u00e1pido crecimiento en toda Francia.","og_url":"https:\/\/www.mylasertabac.com\/es\/por-que-la-red-mylasertabac-se-convertira-en-la-franquicia-laser-antitabaco-numero-1-en-francia-y-europa\/","og_site_name":"My Laser Tabac","article_author":"https:\/\/www.facebook.com\/profile.php?id=61571554707319","article_published_time":"2025-05-17T08:36:06+00:00","article_modified_time":"2025-05-17T08:37:01+00:00","og_image":[{"width":1536,"height":1024,"url":"https:\/\/www.mylasertabac.com\/wp-content\/uploads\/2025\/05\/fraz.png","type":"image\/png"}],"author":"Florian Fortes","twitter_card":"summary_large_image","twitter_misc":{"Escrito por":"Florian Fortes","Tiempo de lectura":"6 minutos"},"schema":{"@context":"https:\/\/schema.org","@graph":[{"@type":"Article","@id":"https:\/\/www.mylasertabac.com\/es\/por-que-la-red-mylasertabac-se-convertira-en-la-franquicia-laser-antitabaco-numero-1-en-francia-y-europa\/#article","isPartOf":{"@id":"https:\/\/www.mylasertabac.com\/es\/por-que-la-red-mylasertabac-se-convertira-en-la-franquicia-laser-antitabaco-numero-1-en-francia-y-europa\/"},"author":{"name":"Florian Fortes","@id":"https:\/\/www.mylasertabac.com\/es\/#\/schema\/person\/02c249cb76d912efb6c315ec23eccdf3"},"headline":"\u00bfPor qu\u00e9 la red MyLaserTabac se convertir\u00e1 en la franquicia l\u00e1ser antitabaco n\u00famero 1 en Francia y Europa?","datePublished":"2025-05-17T08:36:06+00:00","dateModified":"2025-05-17T08:37:01+00:00","mainEntityOfPage":{"@id":"https:\/\/www.mylasertabac.com\/es\/por-que-la-red-mylasertabac-se-convertira-en-la-franquicia-laser-antitabaco-numero-1-en-francia-y-europa\/"},"wordCount":1214,"publisher":{"@id":"https:\/\/www.mylasertabac.com\/es\/#organization"},"image":{"@id":"https:\/\/www.mylasertabac.com\/es\/por-que-la-red-mylasertabac-se-convertira-en-la-franquicia-laser-antitabaco-numero-1-en-francia-y-europa\/#primaryimage"},"thumbnailUrl":"https:\/\/www.mylasertabac.com\/wp-content\/uploads\/2025\/05\/fraz.png","articleSection":["empresa"],"inLanguage":"es"},{"@type":"WebPage","@id":"https:\/\/www.mylasertabac.com\/es\/por-que-la-red-mylasertabac-se-convertira-en-la-franquicia-laser-antitabaco-numero-1-en-francia-y-europa\/","url":"https:\/\/www.mylasertabac.com\/es\/por-que-la-red-mylasertabac-se-convertira-en-la-franquicia-laser-antitabaco-numero-1-en-francia-y-europa\/","name":"\u00bfPor qu\u00e9 la red MyLaserTabac se convertir\u00e1 en la franquicia l\u00e1ser antitabaco n\u00famero 1 en Francia y Europa? - My Laser Tabac","isPartOf":{"@id":"https:\/\/www.mylasertabac.com\/es\/#website"},"primaryImageOfPage":{"@id":"https:\/\/www.mylasertabac.com\/es\/por-que-la-red-mylasertabac-se-convertira-en-la-franquicia-laser-antitabaco-numero-1-en-francia-y-europa\/#primaryimage"},"image":{"@id":"https:\/\/www.mylasertabac.com\/es\/por-que-la-red-mylasertabac-se-convertira-en-la-franquicia-laser-antitabaco-numero-1-en-francia-y-europa\/#primaryimage"},"thumbnailUrl":"https:\/\/www.mylasertabac.com\/wp-content\/uploads\/2025\/05\/fraz.png","datePublished":"2025-05-17T08:36:06+00:00","dateModified":"2025-05-17T08:37:01+00:00","description":"Descubre por qu\u00e9 la franquicia MyLaserTabac est\u00e1 revolucionando la forma de dejar de fumar, el alcohol, el cannabis, el az\u00facar y el estr\u00e9s. Formaci\u00f3n, apoyo, rentabilidad r\u00e1pida: \u00fanete a una red en r\u00e1pido crecimiento en toda Francia.","breadcrumb":{"@id":"https:\/\/www.mylasertabac.com\/es\/por-que-la-red-mylasertabac-se-convertira-en-la-franquicia-laser-antitabaco-numero-1-en-francia-y-europa\/#breadcrumb"},"inLanguage":"es","potentialAction":[{"@type":"ReadAction","target":["https:\/\/www.mylasertabac.com\/es\/por-que-la-red-mylasertabac-se-convertira-en-la-franquicia-laser-antitabaco-numero-1-en-francia-y-europa\/"]}]},{"@type":"ImageObject","inLanguage":"es","@id":"https:\/\/www.mylasertabac.com\/es\/por-que-la-red-mylasertabac-se-convertira-en-la-franquicia-laser-antitabaco-numero-1-en-francia-y-europa\/#primaryimage","url":"https:\/\/www.mylasertabac.com\/wp-content\/uploads\/2025\/05\/fraz.png","contentUrl":"https:\/\/www.mylasertabac.com\/wp-content\/uploads\/2025\/05\/fraz.png","width":1536,"height":1024},{"@type":"BreadcrumbList","@id":"https:\/\/www.mylasertabac.com\/es\/por-que-la-red-mylasertabac-se-convertira-en-la-franquicia-laser-antitabaco-numero-1-en-francia-y-europa\/#breadcrumb","itemListElement":[{"@type":"ListItem","position":1,"name":"Accueil","item":"https:\/\/www.mylasertabac.com\/es\/inicio\/"},{"@type":"ListItem","position":2,"name":"\u00bfPor qu\u00e9 la red MyLaserTabac se convertir\u00e1 en la franquicia l\u00e1ser antitabaco n\u00famero 1 en Francia y Europa?"}]},{"@type":"WebSite","@id":"https:\/\/www.mylasertabac.com\/es\/#website","url":"https:\/\/www.mylasertabac.com\/es\/","name":"My Laser Tabac","description":"La solution laser qui transforme les fumeurs en ex-fumeurs","publisher":{"@id":"https:\/\/www.mylasertabac.com\/es\/#organization"},"potentialAction":[{"@type":"SearchAction","target":{"@type":"EntryPoint","urlTemplate":"https:\/\/www.mylasertabac.com\/es\/?s={search_term_string}"},"query-input":{"@type":"PropertyValueSpecification","valueRequired":true,"valueName":"search_term_string"}}],"inLanguage":"es"},{"@type":"Organization","@id":"https:\/\/www.mylasertabac.com\/es\/#organization","name":"My Laser Tabac","url":"https:\/\/www.mylasertabac.com\/es\/","logo":{"@type":"ImageObject","inLanguage":"es","@id":"https:\/\/www.mylasertabac.com\/es\/#\/schema\/logo\/image\/","url":"https:\/\/www.mylasertabac.com\/wp-content\/uploads\/2024\/12\/mlt-verteau.svg","contentUrl":"https:\/\/www.mylasertabac.com\/wp-content\/uploads\/2024\/12\/mlt-verteau.svg","caption":"My Laser Tabac"},"image":{"@id":"https:\/\/www.mylasertabac.com\/es\/#\/schema\/logo\/image\/"}},{"@type":"Person","@id":"https:\/\/www.mylasertabac.com\/es\/#\/schema\/person\/02c249cb76d912efb6c315ec23eccdf3","name":"Florian Fortes","image":{"@type":"ImageObject","inLanguage":"es","@id":"https:\/\/www.mylasertabac.com\/wp-content\/litespeed\/avatar\/142101a71d7b9e6490c1120d9c109a67.jpg?ver=1776856306","url":"https:\/\/www.mylasertabac.com\/wp-content\/litespeed\/avatar\/142101a71d7b9e6490c1120d9c109a67.jpg?ver=1776856306","contentUrl":"https:\/\/www.mylasertabac.com\/wp-content\/litespeed\/avatar\/142101a71d7b9e6490c1120d9c109a67.jpg?ver=1776856306","caption":"Florian Fortes"},"sameAs":["https:\/\/www.mylasertabac.com","https:\/\/www.facebook.com\/profile.php?id=61571554707319"],"url":"https:\/\/www.mylasertabac.com\/es\/author\/florianfortes5312\/"}]}},"_links":{"self":[{"href":"https:\/\/www.mylasertabac.com\/es\/wp-json\/wp\/v2\/posts\/8464","targetHints":{"allow":["GET"]}}],"collection":[{"href":"https:\/\/www.mylasertabac.com\/es\/wp-json\/wp\/v2\/posts"}],"about":[{"href":"https:\/\/www.mylasertabac.com\/es\/wp-json\/wp\/v2\/types\/post"}],"author":[{"embeddable":true,"href":"https:\/\/www.mylasertabac.com\/es\/wp-json\/wp\/v2\/users\/2"}],"replies":[{"embeddable":true,"href":"https:\/\/www.mylasertabac.com\/es\/wp-json\/wp\/v2\/comments?post=8464"}],"version-history":[{"count":1,"href":"https:\/\/www.mylasertabac.com\/es\/wp-json\/wp\/v2\/posts\/8464\/revisions"}],"predecessor-version":[{"id":8465,"href":"https:\/\/www.mylasertabac.com\/es\/wp-json\/wp\/v2\/posts\/8464\/revisions\/8465"}],"wp:featuredmedia":[{"embeddable":true,"href":"https:\/\/www.mylasertabac.com\/es\/wp-json\/wp\/v2\/media\/8448"}],"wp:attachment":[{"href":"https:\/\/www.mylasertabac.com\/es\/wp-json\/wp\/v2\/media?parent=8464"}],"wp:term":[{"taxonomy":"category","embeddable":true,"href":"https:\/\/www.mylasertabac.com\/es\/wp-json\/wp\/v2\/categories?post=8464"},{"taxonomy":"post_tag","embeddable":true,"href":"https:\/\/www.mylasertabac.com\/es\/wp-json\/wp\/v2\/tags?post=8464"}],"curies":[{"name":"wp","href":"https:\/\/api.w.org\/{rel}","templated":true}]}}