{"id":8955,"date":"2025-05-30T18:58:00","date_gmt":"2025-05-30T16:58:00","guid":{"rendered":"https:\/\/www.mylasertabac.com\/31-de-mayo-dia-mundial-sin-tabaco-y-si-este-ano-fuera-el-adecuado-para-dejar-de-fumar-definitivamente\/"},"modified":"2025-05-31T07:46:24","modified_gmt":"2025-05-31T05:46:24","slug":"31-de-mayo-dia-mundial-sin-tabaco-y-si-este-ano-fuera-el-adecuado-para-dejar-de-fumar-definitivamente","status":"publish","type":"post","link":"https:\/\/www.mylasertabac.com\/es\/31-de-mayo-dia-mundial-sin-tabaco-y-si-este-ano-fuera-el-adecuado-para-dejar-de-fumar-definitivamente\/","title":{"rendered":"31 de mayo: D\u00eda Mundial Sin Tabaco: \u00bfy si este a\u00f1o fuera el adecuado para dejar de fumar definitivamente?"},"content":{"rendered":"\n<div style=\"height:22px\" aria-hidden=\"true\" class=\"wp-block-spacer\"><\/div>\n\n<p>Todos los a\u00f1os, el <strong>31 de mayo<\/strong>, se celebra en todo el mundo <strong>el D\u00eda Mundial Sin Tabaco<\/strong>, una efem\u00e9ride iniciada por la Organizaci\u00f3n Mundial de la Salud para <strong>concienciar sobre los peligros del tabaco<\/strong> y <strong>animar a la gente a dejarlo<\/strong>. En Francia, este d\u00eda adquiere una resonancia muy especial: seg\u00fan cifras recientes de <strong>Sant\u00e9 publique France<\/strong>, el tabaquismo sigue causando <strong>75.000 muertes al a\u00f1o<\/strong>, lo que lo convierte en la <strong>primera causa de muerte evitable en el pa\u00eds<\/strong>. <\/p>\n\n<p>Pero m\u00e1s all\u00e1 de las alarmantes estad\u00edsticas, este d\u00eda es sobre todo una <strong>invitaci\u00f3n a la esperanza<\/strong>. Esperanza de que cada intento de dejar de fumar cuenta, y de que existen soluciones modernas y eficaces para ayudarte a <strong>recuperar el control de tu vida<\/strong>. Una de ellas es <strong>el l\u00e1ser para dejar de fumar<\/strong>, una alternativa suave, innovadora y muy eficaz.  <\/p>\n\n<div style=\"height:33px\" aria-hidden=\"true\" class=\"wp-block-spacer\"><\/div>\n\n<hr class=\"wp-block-separator has-alpha-channel-opacity\"\/>\n\n<figure class=\"wp-block-image alignleft size-large is-resized\"><img fetchpriority=\"high\" decoding=\"async\" width=\"1024\" height=\"683\" src=\"https:\/\/www.mylasertabac.com\/wp-content\/uploads\/2025\/05\/0FA0041E-A9B6-41BD-A19A-189ED6794684-1024x683.png\" alt=\"\" class=\"wp-image-8913\" style=\"width:406px;height:auto\" srcset=\"https:\/\/www.mylasertabac.com\/wp-content\/uploads\/2025\/05\/0FA0041E-A9B6-41BD-A19A-189ED6794684-1024x683.png 1024w, https:\/\/www.mylasertabac.com\/wp-content\/uploads\/2025\/05\/0FA0041E-A9B6-41BD-A19A-189ED6794684-300x200.png 300w, https:\/\/www.mylasertabac.com\/wp-content\/uploads\/2025\/05\/0FA0041E-A9B6-41BD-A19A-189ED6794684-768x512.png 768w, https:\/\/www.mylasertabac.com\/wp-content\/uploads\/2025\/05\/0FA0041E-A9B6-41BD-A19A-189ED6794684.png 1536w\" sizes=\"(max-width: 1024px) 100vw, 1024px\" \/><\/figure>\n\n<h2 class=\"wp-block-heading\">\u00bfPor qu\u00e9 celebrar el D\u00eda Mundial Sin Tabaco?<\/h2>\n\n<p>El D\u00eda Mundial Sin Tabaco no es s\u00f3lo un recordatorio de los efectos devastadores del tabaco. Su principal objetivo es <strong>poner de relieve la ayuda disponible<\/strong>, los avances en el tratamiento y las historias de quienes han conseguido dejar de fumar. <\/p>\n\n<div style=\"height:31px\" aria-hidden=\"true\" class=\"wp-block-spacer\"><\/div>\n\n<h3 class=\"wp-block-heading\">Una campa\u00f1a 2025 centrada en el fomento<\/h3>\n\n<div style=\"height:22px\" aria-hidden=\"true\" class=\"wp-block-spacer\"><\/div>\n\n<p>Este a\u00f1o, Sant\u00e9 publique France se centra en una idea sencilla pero poderosa: <strong>\u201cAnima cada intento\u201d.<\/strong> Como todos sabemos, <strong>dejar de fumar es un viaje<\/strong>, no una l\u00ednea recta. A menudo hacen falta varios intentos antes de dejarlo definitivamente. Pero cada intento es una victoria sobre ti mismo, un paso hacia la libertad.   <\/p>\n\n<p>Seg\u00fan los datos de la agencia, m\u00e1s <strong>del 50% de los fumadores dicen que quieren dejarlo<\/strong>, y <strong>casi uno de cada tres lo ha intentado<\/strong> en el \u00faltimo a\u00f1o. Por tanto, el papel de los profesionales sanitarios, los amigos y la familia y las soluciones de apoyo modernas es esencial. <\/p>\n\n<div style=\"height:26px\" aria-hidden=\"true\" class=\"wp-block-spacer\"><\/div>\n\n<hr class=\"wp-block-separator has-alpha-channel-opacity\"\/>\n\n<figure class=\"wp-block-image alignright size-full\"><img decoding=\"async\" width=\"1024\" height=\"1024\" src=\"https:\/\/www.mylasertabac.com\/wp-content\/uploads\/2025\/05\/journee-mondiale-contre-le-tabac-.png\" alt=\"\" class=\"wp-image-8921\" srcset=\"https:\/\/www.mylasertabac.com\/wp-content\/uploads\/2025\/05\/journee-mondiale-contre-le-tabac-.png 1024w, https:\/\/www.mylasertabac.com\/wp-content\/uploads\/2025\/05\/journee-mondiale-contre-le-tabac--300x300.png 300w, https:\/\/www.mylasertabac.com\/wp-content\/uploads\/2025\/05\/journee-mondiale-contre-le-tabac--150x150.png 150w, https:\/\/www.mylasertabac.com\/wp-content\/uploads\/2025\/05\/journee-mondiale-contre-le-tabac--768x768.png 768w\" sizes=\"(max-width: 1024px) 100vw, 1024px\" \/><\/figure>\n\n<h2 class=\"wp-block-heading\">Los peligros del tabaquismo siguen sin disminuir<\/h2>\n\n<h3 class=\"wp-block-heading\">Graves consecuencias para la salud<\/h3>\n\n<p>El tabaco sigue siendo un factor importante en las <strong>enfermedades cardiovasculares y respiratorias y en el c\u00e1ncer<\/strong>. Fumar reduce considerablemente la esperanza de vida y degrada la calidad de vida desde los primeros a\u00f1os de adicci\u00f3n. <\/p>\n\n<div style=\"height:40px\" aria-hidden=\"true\" class=\"wp-block-spacer\"><\/div>\n\n<h3 class=\"wp-block-heading\">Una lacra medioambiental a menudo ignorada<\/h3>\n\n<div style=\"height:22px\" aria-hidden=\"true\" class=\"wp-block-spacer\"><\/div>\n\n<p>Adem\u00e1s de su impacto sobre la salud, el tabaco tambi\u00e9n tiene un <strong>enorme coste ecol\u00f3gico<\/strong>. La producci\u00f3n de cigarrillos destruye bosques enteros, contamina los cursos de agua con pesticidas y las colillas desechadas son una de las formas de residuos m\u00e1s t\u00f3xicas y extendidas del mundo. <\/p>\n\n<div style=\"height:22px\" aria-hidden=\"true\" class=\"wp-block-spacer\"><\/div>\n\n<hr class=\"wp-block-separator has-alpha-channel-opacity\"\/>\n\n<h2 class=\"wp-block-heading\">L\u00e1ser antitabaco: una soluci\u00f3n innovadora para un destete suave<\/h2>\n\n<div style=\"height:22px\" aria-hidden=\"true\" class=\"wp-block-spacer\"><\/div>\n\n<h3 class=\"wp-block-heading\">\u00bfQu\u00e9 es el l\u00e1ser para dejar de fumar?<\/h3>\n\n<div style=\"height:22px\" aria-hidden=\"true\" class=\"wp-block-spacer\"><\/div>\n\n<p>El <strong>l\u00e1ser antitabaco<\/strong> es un m\u00e9todo de deshabituaci\u00f3n de <strong>medicina alternativa<\/strong> inspirado en la auriculoterapia (estimulaci\u00f3n de puntos reflejos en la oreja). Gracias a un <strong>rayo l\u00e1ser indoloro<\/strong>, se estimulan zonas espec\u00edficas para <strong>reducir inmediatamente el deseo de fumar<\/strong>, aliviar el estr\u00e9s y <strong>fomentar la producci\u00f3n de endorfinas naturales<\/strong>, ayudando a controlar el s\u00edndrome de abstinencia sin sufrimiento. <\/p>\n\n<div style=\"height:22px\" aria-hidden=\"true\" class=\"wp-block-spacer\"><\/div>\n\n<h3 class=\"wp-block-heading\">\u00bfPor qu\u00e9 este m\u00e9todo es cada vez m\u00e1s popular?<\/h3>\n\n<div style=\"height:22px\" aria-hidden=\"true\" class=\"wp-block-spacer\"><\/div>\n\n<p>A diferencia de los parches o los sustitutos de la nicotina, el <strong>l\u00e1ser antitabaco no introduce ninguna sustancia en el organismo<\/strong>. Act\u00faa directamente sobre los circuitos nerviosos y emocionales. Y lo que es m\u00e1s :  <\/p>\n\n<ul class=\"wp-block-list\">\n<li><strong>No es invasivo<\/strong> y <strong>no tiene efectos secundarios<\/strong>.<\/li>\n\n\n\n<li>Una <strong>sola sesi\u00f3n suele bastar<\/strong> para parar.<\/li>\n\n\n\n<li><strong>Evita el aumento de peso<\/strong>, uno de los principales obst\u00e1culos para dejar de fumar.<\/li>\n\n\n\n<li>Puede utilizarse junto con apoyo nutricional o conductual.<\/li>\n<\/ul>\n\n<p>El resultado: un <strong>\u00edndice de \u00e9xito impresionante<\/strong>, con altos niveles de satisfacci\u00f3n entre quienes lo han probado.<\/p>\n\n<div style=\"height:27px\" aria-hidden=\"true\" class=\"wp-block-spacer\"><\/div>\n\n<p class=\"has-cyan-bluish-gray-background-color has-background\">Lee tambi\u00e9n <a href=\"https:\/\/www.mylasertabac.com\/es\/informacion\/formacion-laser-antitabaco-y-contra-la-adiccion\/\"><mark style=\"background-color:rgba(0, 0, 0, 0)\" class=\"has-inline-color has-luminous-vivid-orange-color\">Formaci\u00f3n l\u00e1ser antitabaco y contra la adicci\u00f3n<\/mark><\/a><\/p>\n\n<div style=\"height:22px\" aria-hidden=\"true\" class=\"wp-block-spacer\"><\/div>\n\n<hr class=\"wp-block-separator has-alpha-channel-opacity\"\/>\n\n<h2 class=\"wp-block-heading\">Dejar de fumar significa ganar en todos los frentes<\/h2>\n\n<div style=\"height:22px\" aria-hidden=\"true\" class=\"wp-block-spacer\"><\/div>\n\n<h3 class=\"wp-block-heading\">Beneficios inmediatos para la salud<\/h3>\n\n<div style=\"height:22px\" aria-hidden=\"true\" class=\"wp-block-spacer\"><\/div>\n\n<p>En las primeras 24 horas despu\u00e9s del \u00faltimo cigarrillo, se pueden sentir los beneficios:<\/p>\n\n<ul class=\"wp-block-list\">\n<li>Baja la tensi\u00f3n arterial.<\/li>\n\n\n\n<li>El gusto y el olfato mejoran.<\/li>\n\n\n\n<li>Tu respiraci\u00f3n vuelve gradualmente.<\/li>\n<\/ul>\n\n<p>A medio plazo, el riesgo de infarto de miocardio, ictus o c\u00e1ncer disminuye dr\u00e1sticamente. Dejar de fumar significa <strong>darle a tu cuerpo una segunda oportunidad<\/strong>. <\/p>\n\n<div style=\"height:22px\" aria-hidden=\"true\" class=\"wp-block-spacer\"><\/div>\n\n<h3 class=\"wp-block-heading\">Alivio para la cartera<\/h3>\n\n<div style=\"height:22px\" aria-hidden=\"true\" class=\"wp-block-spacer\"><\/div>\n\n<p>Un paquete de cigarrillos cuesta ahora unos <strong>12 euros<\/strong>. A un paquete al d\u00eda, son <strong>m\u00e1s de 4.000 euros al a\u00f1o<\/strong>. Una suma considerable que podr\u00eda financiar un viaje, un proyecto o simplemente aliviar el presupuesto familiar.  <\/p>\n\n<p>Con el <strong>l\u00e1ser antitabaco<\/strong>, el retorno de la inversi\u00f3n es r\u00e1pido. En una sola sesi\u00f3n, cuyo precio suele oscilar entre 150 y 200 euros, puedes ahorrar miles de euros en los pr\u00f3ximos meses. <\/p>\n\n<div style=\"height:22px\" aria-hidden=\"true\" class=\"wp-block-spacer\"><\/div>\n\n<hr class=\"wp-block-separator has-alpha-channel-opacity\"\/>\n\n<h2 class=\"wp-block-heading\">La importancia del apoyo personalizado<\/h2>\n\n<div style=\"height:22px\" aria-hidden=\"true\" class=\"wp-block-spacer\"><\/div>\n\n<p>Aunque <strong>la deshabituaci\u00f3n tab\u00e1quica con l\u00e1ser<\/strong> es extremadamente eficaz, resulta a\u00fan m\u00e1s poderosa cuando <strong>va acompa\u00f1ada de un seguimiento personalizado<\/strong>. Los centros especializados suelen ofrecer : <\/p>\n\n<ul class=\"wp-block-list\">\n<li>una evaluaci\u00f3n preliminar con un experto,<\/li>\n\n\n\n<li>un plan diet\u00e9tico para evitar el aumento de peso,<\/li>\n\n\n\n<li>consejos para <strong>controlar el estr\u00e9s y las tentaciones<\/strong>,<\/li>\n\n\n\n<li>y <strong>seguimiento posterior a la sesi\u00f3n<\/strong> para garantizar el \u00e9xito.<\/li>\n<\/ul>\n\n<div style=\"height:22px\" aria-hidden=\"true\" class=\"wp-block-spacer\"><\/div>\n\n<hr class=\"wp-block-separator has-alpha-channel-opacity\"\/>\n\n<h2 class=\"wp-block-heading\">Testimonio: \u201cDej\u00e9 de fumar gracias al tratamiento con l\u00e1ser, y nunca he vuelto a recaer\u201d.<\/h2>\n\n<div style=\"height:22px\" aria-hidden=\"true\" class=\"wp-block-spacer\"><\/div>\n\n<figure class=\"wp-block-image alignleft size-full is-resized\"><img decoding=\"async\" width=\"1024\" height=\"1024\" src=\"https:\/\/www.mylasertabac.com\/wp-content\/uploads\/2025\/05\/drogue2.png\" alt=\"\" class=\"wp-image-8199\" style=\"width:328px;height:auto\" srcset=\"https:\/\/www.mylasertabac.com\/wp-content\/uploads\/2025\/05\/drogue2.png 1024w, https:\/\/www.mylasertabac.com\/wp-content\/uploads\/2025\/05\/drogue2-300x300.png 300w, https:\/\/www.mylasertabac.com\/wp-content\/uploads\/2025\/05\/drogue2-150x150.png 150w, https:\/\/www.mylasertabac.com\/wp-content\/uploads\/2025\/05\/drogue2-768x768.png 768w\" sizes=\"(max-width: 1024px) 100vw, 1024px\" \/><\/figure>\n\n<p>Julie, de 38 a\u00f1os, fumadora desde los 16, nos lo cuenta:<\/p>\n\n<blockquote class=\"wp-block-quote is-layout-flow wp-block-quote-is-layout-flow\">\n<p>\u00abLo hab\u00eda probado todo: parches, chicles, hipnosis? Nada funcionaba. Mi m\u00e9dico me recomend\u00f3 el <a href=\"https:\/\/www.mylasertabac.com\/es\/\">l\u00e1ser antitabaco<\/a>. Era esc\u00e9ptica, pero en cuanto termin\u00e9 la sesi\u00f3n, se me quitaron las ganas. Ni nerviosismo, ni ansia, s\u00f3lo paz interior. Hoy llevo 8 meses sin tocar un cigarrillo.  <\/p>\n<\/blockquote>\n\n<p>Este testimonio refleja la experiencia de <strong>muchos ex fumadores<\/strong> que han pasado por este m\u00e9todo suave y eficaz.<\/p>\n\n<div style=\"height:22px\" aria-hidden=\"true\" class=\"wp-block-spacer\"><\/div>\n\n<hr class=\"wp-block-separator has-alpha-channel-opacity\"\/>\n\n<h2 class=\"wp-block-heading\">Conclusi\u00f3n: \u00bfY si aprovecharas el D\u00eda Mundial Sin Tabaco para liberarte?<\/h2>\n\n<div style=\"height:24px\" aria-hidden=\"true\" class=\"wp-block-spacer\"><\/div>\n\n<p>El D\u00eda Mundial Sin Tabaco no es s\u00f3lo un s\u00edmbolo. Puede ser justo <strong>el detonante<\/strong> que necesitas. Hoy en d\u00eda, dejar de fumar ya no significa sufrimiento ni privaciones. Gracias al <strong>l\u00e1ser antitabaco<\/strong>, dejar de fumar es <strong>accesible, c\u00f3modo y duradero<\/strong>.   <\/p>\n\n<p>As\u00ed que, \u00bfpor qu\u00e9 no aprovechar la oportunidad? \u00bfY si este a\u00f1o <strong>el 31 de mayo se convirtiera en tu punto de partida para una vida m\u00e1s sana, m\u00e1s libre y m\u00e1s serena<\/strong>? <\/p>\n\n<div style=\"height:34px\" aria-hidden=\"true\" class=\"wp-block-spacer\"><\/div>\n\n<figure class=\"wp-block-image alignfull size-large\"><img decoding=\"async\" src=\"https:\/\/www.mylasertabac.com\/wp-content\/uploads\/\/mlt-verteau.svg\" alt=\"\" class=\"wp-image-13\"\/><\/figure>\n","protected":false},"excerpt":{"rendered":"<p>Todos los a\u00f1os, el 31 de mayo, se celebra en todo el mundo el D\u00eda Mundial Sin Tabaco, una efem\u00e9ride iniciada por la Organizaci\u00f3n Mundial de la Salud para concienciar sobre los peligros del tabaco y animar a la gente a dejarlo. En Francia, este d\u00eda adquiere una resonancia muy especial: seg\u00fan cifras recientes de [&hellip;]<\/p>\n","protected":false},"author":2,"featured_media":8936,"comment_status":"closed","ping_status":"open","sticky":false,"template":"","format":"standard","meta":{"inline_featured_image":false,"footnotes":""},"categories":[582],"tags":[],"class_list":["post-8955","post","type-post","status-publish","format-standard","has-post-thumbnail","hentry","category-ley"],"yoast_head":"<!-- This site is optimized with the Yoast SEO plugin v27.4 - https:\/\/yoast.com\/product\/yoast-seo-wordpress\/ -->\n<title>31 de mayo: D\u00eda Mundial Sin Tabaco: \u00bfy si este a\u00f1o fuera el adecuado para dejar de fumar definitivamente? - My Laser Tabac<\/title>\n<meta name=\"description\" content=\"El 31 de mayo de 2025 es el D\u00eda Mundial Sin Tabaco, y tenemos todos los detalles que necesitas para luchar contra esta lacra.\" \/>\n<meta name=\"robots\" content=\"index, follow, max-snippet:-1, max-image-preview:large, max-video-preview:-1\" \/>\n<link rel=\"canonical\" href=\"https:\/\/www.mylasertabac.com\/es\/31-de-mayo-dia-mundial-sin-tabaco-y-si-este-ano-fuera-el-adecuado-para-dejar-de-fumar-definitivamente\/\" \/>\n<meta property=\"og:locale\" content=\"es_ES\" \/>\n<meta property=\"og:type\" content=\"article\" \/>\n<meta property=\"og:title\" content=\"31 de mayo: D\u00eda Mundial Sin Tabaco: \u00bfy si este a\u00f1o fuera el adecuado para dejar de fumar definitivamente? - My Laser Tabac\" \/>\n<meta property=\"og:description\" content=\"El 31 de mayo de 2025 es el D\u00eda Mundial Sin Tabaco, y tenemos todos los detalles que necesitas para luchar contra esta lacra.\" \/>\n<meta property=\"og:url\" content=\"https:\/\/www.mylasertabac.com\/es\/31-de-mayo-dia-mundial-sin-tabaco-y-si-este-ano-fuera-el-adecuado-para-dejar-de-fumar-definitivamente\/\" \/>\n<meta property=\"og:site_name\" content=\"My Laser Tabac\" \/>\n<meta property=\"article:author\" content=\"https:\/\/www.facebook.com\/profile.php?id=61571554707319\" \/>\n<meta property=\"article:published_time\" content=\"2025-05-30T16:58:00+00:00\" \/>\n<meta property=\"article:modified_time\" content=\"2025-05-31T05:46:24+00:00\" \/>\n<meta property=\"og:image\" content=\"https:\/\/www.mylasertabac.com\/wp-content\/uploads\/2025\/05\/A8E5241B-0E88-4EBF-9AF3-53C738BAE792-1024x683.png\" \/>\n\t<meta property=\"og:image:width\" content=\"1024\" \/>\n\t<meta property=\"og:image:height\" content=\"683\" \/>\n\t<meta property=\"og:image:type\" content=\"image\/png\" \/>\n<meta name=\"author\" content=\"Florian Fortes\" \/>\n<meta name=\"twitter:card\" content=\"summary_large_image\" \/>\n<meta name=\"twitter:label1\" content=\"Escrito por\" \/>\n\t<meta name=\"twitter:data1\" content=\"Florian Fortes\" \/>\n\t<meta name=\"twitter:label2\" content=\"Tiempo de lectura\" \/>\n\t<meta name=\"twitter:data2\" content=\"5 minutos\" \/>\n<script type=\"application\/ld+json\" class=\"yoast-schema-graph\">{\"@context\":\"https:\\\/\\\/schema.org\",\"@graph\":[{\"@type\":\"Article\",\"@id\":\"https:\\\/\\\/www.mylasertabac.com\\\/es\\\/31-de-mayo-dia-mundial-sin-tabaco-y-si-este-ano-fuera-el-adecuado-para-dejar-de-fumar-definitivamente\\\/#article\",\"isPartOf\":{\"@id\":\"https:\\\/\\\/www.mylasertabac.com\\\/es\\\/31-de-mayo-dia-mundial-sin-tabaco-y-si-este-ano-fuera-el-adecuado-para-dejar-de-fumar-definitivamente\\\/\"},\"author\":{\"name\":\"Florian Fortes\",\"@id\":\"https:\\\/\\\/www.mylasertabac.com\\\/es\\\/#\\\/schema\\\/person\\\/02c249cb76d912efb6c315ec23eccdf3\"},\"headline\":\"31 de mayo: D\u00eda Mundial Sin Tabaco: \u00bfy si este a\u00f1o fuera el adecuado para dejar de fumar definitivamente?\",\"datePublished\":\"2025-05-30T16:58:00+00:00\",\"dateModified\":\"2025-05-31T05:46:24+00:00\",\"mainEntityOfPage\":{\"@id\":\"https:\\\/\\\/www.mylasertabac.com\\\/es\\\/31-de-mayo-dia-mundial-sin-tabaco-y-si-este-ano-fuera-el-adecuado-para-dejar-de-fumar-definitivamente\\\/\"},\"wordCount\":1065,\"publisher\":{\"@id\":\"https:\\\/\\\/www.mylasertabac.com\\\/es\\\/#organization\"},\"image\":{\"@id\":\"https:\\\/\\\/www.mylasertabac.com\\\/es\\\/31-de-mayo-dia-mundial-sin-tabaco-y-si-este-ano-fuera-el-adecuado-para-dejar-de-fumar-definitivamente\\\/#primaryimage\"},\"thumbnailUrl\":\"https:\\\/\\\/www.mylasertabac.com\\\/wp-content\\\/uploads\\\/2025\\\/05\\\/A8E5241B-0E88-4EBF-9AF3-53C738BAE792.png\",\"articleSection\":[\"ley\"],\"inLanguage\":\"es\"},{\"@type\":\"WebPage\",\"@id\":\"https:\\\/\\\/www.mylasertabac.com\\\/es\\\/31-de-mayo-dia-mundial-sin-tabaco-y-si-este-ano-fuera-el-adecuado-para-dejar-de-fumar-definitivamente\\\/\",\"url\":\"https:\\\/\\\/www.mylasertabac.com\\\/es\\\/31-de-mayo-dia-mundial-sin-tabaco-y-si-este-ano-fuera-el-adecuado-para-dejar-de-fumar-definitivamente\\\/\",\"name\":\"31 de mayo: D\u00eda Mundial Sin Tabaco: \u00bfy si este a\u00f1o fuera el adecuado para dejar de fumar definitivamente? - My Laser Tabac\",\"isPartOf\":{\"@id\":\"https:\\\/\\\/www.mylasertabac.com\\\/es\\\/#website\"},\"primaryImageOfPage\":{\"@id\":\"https:\\\/\\\/www.mylasertabac.com\\\/es\\\/31-de-mayo-dia-mundial-sin-tabaco-y-si-este-ano-fuera-el-adecuado-para-dejar-de-fumar-definitivamente\\\/#primaryimage\"},\"image\":{\"@id\":\"https:\\\/\\\/www.mylasertabac.com\\\/es\\\/31-de-mayo-dia-mundial-sin-tabaco-y-si-este-ano-fuera-el-adecuado-para-dejar-de-fumar-definitivamente\\\/#primaryimage\"},\"thumbnailUrl\":\"https:\\\/\\\/www.mylasertabac.com\\\/wp-content\\\/uploads\\\/2025\\\/05\\\/A8E5241B-0E88-4EBF-9AF3-53C738BAE792.png\",\"datePublished\":\"2025-05-30T16:58:00+00:00\",\"dateModified\":\"2025-05-31T05:46:24+00:00\",\"description\":\"El 31 de mayo de 2025 es el D\u00eda Mundial Sin Tabaco, y tenemos todos los detalles que necesitas para luchar contra esta lacra.\",\"breadcrumb\":{\"@id\":\"https:\\\/\\\/www.mylasertabac.com\\\/es\\\/31-de-mayo-dia-mundial-sin-tabaco-y-si-este-ano-fuera-el-adecuado-para-dejar-de-fumar-definitivamente\\\/#breadcrumb\"},\"inLanguage\":\"es\",\"potentialAction\":[{\"@type\":\"ReadAction\",\"target\":[\"https:\\\/\\\/www.mylasertabac.com\\\/es\\\/31-de-mayo-dia-mundial-sin-tabaco-y-si-este-ano-fuera-el-adecuado-para-dejar-de-fumar-definitivamente\\\/\"]}]},{\"@type\":\"ImageObject\",\"inLanguage\":\"es\",\"@id\":\"https:\\\/\\\/www.mylasertabac.com\\\/es\\\/31-de-mayo-dia-mundial-sin-tabaco-y-si-este-ano-fuera-el-adecuado-para-dejar-de-fumar-definitivamente\\\/#primaryimage\",\"url\":\"https:\\\/\\\/www.mylasertabac.com\\\/wp-content\\\/uploads\\\/2025\\\/05\\\/A8E5241B-0E88-4EBF-9AF3-53C738BAE792.png\",\"contentUrl\":\"https:\\\/\\\/www.mylasertabac.com\\\/wp-content\\\/uploads\\\/2025\\\/05\\\/A8E5241B-0E88-4EBF-9AF3-53C738BAE792.png\",\"width\":1536,\"height\":1024},{\"@type\":\"BreadcrumbList\",\"@id\":\"https:\\\/\\\/www.mylasertabac.com\\\/es\\\/31-de-mayo-dia-mundial-sin-tabaco-y-si-este-ano-fuera-el-adecuado-para-dejar-de-fumar-definitivamente\\\/#breadcrumb\",\"itemListElement\":[{\"@type\":\"ListItem\",\"position\":1,\"name\":\"Accueil\",\"item\":\"https:\\\/\\\/www.mylasertabac.com\\\/es\\\/inicio\\\/\"},{\"@type\":\"ListItem\",\"position\":2,\"name\":\"31 de mayo: D\u00eda Mundial Sin Tabaco: \u00bfy si este a\u00f1o fuera el adecuado para dejar de fumar definitivamente?\"}]},{\"@type\":\"WebSite\",\"@id\":\"https:\\\/\\\/www.mylasertabac.com\\\/es\\\/#website\",\"url\":\"https:\\\/\\\/www.mylasertabac.com\\\/es\\\/\",\"name\":\"My Laser Tabac\",\"description\":\"La solution laser qui transforme les fumeurs en ex-fumeurs\",\"publisher\":{\"@id\":\"https:\\\/\\\/www.mylasertabac.com\\\/es\\\/#organization\"},\"potentialAction\":[{\"@type\":\"SearchAction\",\"target\":{\"@type\":\"EntryPoint\",\"urlTemplate\":\"https:\\\/\\\/www.mylasertabac.com\\\/es\\\/?s={search_term_string}\"},\"query-input\":{\"@type\":\"PropertyValueSpecification\",\"valueRequired\":true,\"valueName\":\"search_term_string\"}}],\"inLanguage\":\"es\"},{\"@type\":\"Organization\",\"@id\":\"https:\\\/\\\/www.mylasertabac.com\\\/es\\\/#organization\",\"name\":\"My Laser Tabac\",\"url\":\"https:\\\/\\\/www.mylasertabac.com\\\/es\\\/\",\"logo\":{\"@type\":\"ImageObject\",\"inLanguage\":\"es\",\"@id\":\"https:\\\/\\\/www.mylasertabac.com\\\/es\\\/#\\\/schema\\\/logo\\\/image\\\/\",\"url\":\"https:\\\/\\\/www.mylasertabac.com\\\/wp-content\\\/uploads\\\/2024\\\/12\\\/mlt-verteau.svg\",\"contentUrl\":\"https:\\\/\\\/www.mylasertabac.com\\\/wp-content\\\/uploads\\\/2024\\\/12\\\/mlt-verteau.svg\",\"caption\":\"My Laser Tabac\"},\"image\":{\"@id\":\"https:\\\/\\\/www.mylasertabac.com\\\/es\\\/#\\\/schema\\\/logo\\\/image\\\/\"}},{\"@type\":\"Person\",\"@id\":\"https:\\\/\\\/www.mylasertabac.com\\\/es\\\/#\\\/schema\\\/person\\\/02c249cb76d912efb6c315ec23eccdf3\",\"name\":\"Florian Fortes\",\"image\":{\"@type\":\"ImageObject\",\"inLanguage\":\"es\",\"@id\":\"https:\\\/\\\/www.mylasertabac.com\\\/wp-content\\\/litespeed\\\/avatar\\\/142101a71d7b9e6490c1120d9c109a67.jpg?ver=1776856306\",\"url\":\"https:\\\/\\\/www.mylasertabac.com\\\/wp-content\\\/litespeed\\\/avatar\\\/142101a71d7b9e6490c1120d9c109a67.jpg?ver=1776856306\",\"contentUrl\":\"https:\\\/\\\/www.mylasertabac.com\\\/wp-content\\\/litespeed\\\/avatar\\\/142101a71d7b9e6490c1120d9c109a67.jpg?ver=1776856306\",\"caption\":\"Florian Fortes\"},\"sameAs\":[\"https:\\\/\\\/www.mylasertabac.com\",\"https:\\\/\\\/www.facebook.com\\\/profile.php?id=61571554707319\"],\"url\":\"https:\\\/\\\/www.mylasertabac.com\\\/es\\\/author\\\/florianfortes5312\\\/\"}]}<\/script>\n<!-- \/ Yoast SEO plugin. -->","yoast_head_json":{"title":"31 de mayo: D\u00eda Mundial Sin Tabaco: \u00bfy si este a\u00f1o fuera el adecuado para dejar de fumar definitivamente? - My Laser Tabac","description":"El 31 de mayo de 2025 es el D\u00eda Mundial Sin Tabaco, y tenemos todos los detalles que necesitas para luchar contra esta lacra.","robots":{"index":"index","follow":"follow","max-snippet":"max-snippet:-1","max-image-preview":"max-image-preview:large","max-video-preview":"max-video-preview:-1"},"canonical":"https:\/\/www.mylasertabac.com\/es\/31-de-mayo-dia-mundial-sin-tabaco-y-si-este-ano-fuera-el-adecuado-para-dejar-de-fumar-definitivamente\/","og_locale":"es_ES","og_type":"article","og_title":"31 de mayo: D\u00eda Mundial Sin Tabaco: \u00bfy si este a\u00f1o fuera el adecuado para dejar de fumar definitivamente? - My Laser Tabac","og_description":"El 31 de mayo de 2025 es el D\u00eda Mundial Sin Tabaco, y tenemos todos los detalles que necesitas para luchar contra esta lacra.","og_url":"https:\/\/www.mylasertabac.com\/es\/31-de-mayo-dia-mundial-sin-tabaco-y-si-este-ano-fuera-el-adecuado-para-dejar-de-fumar-definitivamente\/","og_site_name":"My Laser Tabac","article_author":"https:\/\/www.facebook.com\/profile.php?id=61571554707319","article_published_time":"2025-05-30T16:58:00+00:00","article_modified_time":"2025-05-31T05:46:24+00:00","og_image":[{"width":1024,"height":683,"url":"https:\/\/www.mylasertabac.com\/wp-content\/uploads\/2025\/05\/A8E5241B-0E88-4EBF-9AF3-53C738BAE792-1024x683.png","type":"image\/png"}],"author":"Florian Fortes","twitter_card":"summary_large_image","twitter_misc":{"Escrito por":"Florian Fortes","Tiempo de lectura":"5 minutos"},"schema":{"@context":"https:\/\/schema.org","@graph":[{"@type":"Article","@id":"https:\/\/www.mylasertabac.com\/es\/31-de-mayo-dia-mundial-sin-tabaco-y-si-este-ano-fuera-el-adecuado-para-dejar-de-fumar-definitivamente\/#article","isPartOf":{"@id":"https:\/\/www.mylasertabac.com\/es\/31-de-mayo-dia-mundial-sin-tabaco-y-si-este-ano-fuera-el-adecuado-para-dejar-de-fumar-definitivamente\/"},"author":{"name":"Florian Fortes","@id":"https:\/\/www.mylasertabac.com\/es\/#\/schema\/person\/02c249cb76d912efb6c315ec23eccdf3"},"headline":"31 de mayo: D\u00eda Mundial Sin Tabaco: \u00bfy si este a\u00f1o fuera el adecuado para dejar de fumar definitivamente?","datePublished":"2025-05-30T16:58:00+00:00","dateModified":"2025-05-31T05:46:24+00:00","mainEntityOfPage":{"@id":"https:\/\/www.mylasertabac.com\/es\/31-de-mayo-dia-mundial-sin-tabaco-y-si-este-ano-fuera-el-adecuado-para-dejar-de-fumar-definitivamente\/"},"wordCount":1065,"publisher":{"@id":"https:\/\/www.mylasertabac.com\/es\/#organization"},"image":{"@id":"https:\/\/www.mylasertabac.com\/es\/31-de-mayo-dia-mundial-sin-tabaco-y-si-este-ano-fuera-el-adecuado-para-dejar-de-fumar-definitivamente\/#primaryimage"},"thumbnailUrl":"https:\/\/www.mylasertabac.com\/wp-content\/uploads\/2025\/05\/A8E5241B-0E88-4EBF-9AF3-53C738BAE792.png","articleSection":["ley"],"inLanguage":"es"},{"@type":"WebPage","@id":"https:\/\/www.mylasertabac.com\/es\/31-de-mayo-dia-mundial-sin-tabaco-y-si-este-ano-fuera-el-adecuado-para-dejar-de-fumar-definitivamente\/","url":"https:\/\/www.mylasertabac.com\/es\/31-de-mayo-dia-mundial-sin-tabaco-y-si-este-ano-fuera-el-adecuado-para-dejar-de-fumar-definitivamente\/","name":"31 de mayo: D\u00eda Mundial Sin Tabaco: \u00bfy si este a\u00f1o fuera el adecuado para dejar de fumar definitivamente? - My Laser Tabac","isPartOf":{"@id":"https:\/\/www.mylasertabac.com\/es\/#website"},"primaryImageOfPage":{"@id":"https:\/\/www.mylasertabac.com\/es\/31-de-mayo-dia-mundial-sin-tabaco-y-si-este-ano-fuera-el-adecuado-para-dejar-de-fumar-definitivamente\/#primaryimage"},"image":{"@id":"https:\/\/www.mylasertabac.com\/es\/31-de-mayo-dia-mundial-sin-tabaco-y-si-este-ano-fuera-el-adecuado-para-dejar-de-fumar-definitivamente\/#primaryimage"},"thumbnailUrl":"https:\/\/www.mylasertabac.com\/wp-content\/uploads\/2025\/05\/A8E5241B-0E88-4EBF-9AF3-53C738BAE792.png","datePublished":"2025-05-30T16:58:00+00:00","dateModified":"2025-05-31T05:46:24+00:00","description":"El 31 de mayo de 2025 es el D\u00eda Mundial Sin Tabaco, y tenemos todos los detalles que necesitas para luchar contra esta lacra.","breadcrumb":{"@id":"https:\/\/www.mylasertabac.com\/es\/31-de-mayo-dia-mundial-sin-tabaco-y-si-este-ano-fuera-el-adecuado-para-dejar-de-fumar-definitivamente\/#breadcrumb"},"inLanguage":"es","potentialAction":[{"@type":"ReadAction","target":["https:\/\/www.mylasertabac.com\/es\/31-de-mayo-dia-mundial-sin-tabaco-y-si-este-ano-fuera-el-adecuado-para-dejar-de-fumar-definitivamente\/"]}]},{"@type":"ImageObject","inLanguage":"es","@id":"https:\/\/www.mylasertabac.com\/es\/31-de-mayo-dia-mundial-sin-tabaco-y-si-este-ano-fuera-el-adecuado-para-dejar-de-fumar-definitivamente\/#primaryimage","url":"https:\/\/www.mylasertabac.com\/wp-content\/uploads\/2025\/05\/A8E5241B-0E88-4EBF-9AF3-53C738BAE792.png","contentUrl":"https:\/\/www.mylasertabac.com\/wp-content\/uploads\/2025\/05\/A8E5241B-0E88-4EBF-9AF3-53C738BAE792.png","width":1536,"height":1024},{"@type":"BreadcrumbList","@id":"https:\/\/www.mylasertabac.com\/es\/31-de-mayo-dia-mundial-sin-tabaco-y-si-este-ano-fuera-el-adecuado-para-dejar-de-fumar-definitivamente\/#breadcrumb","itemListElement":[{"@type":"ListItem","position":1,"name":"Accueil","item":"https:\/\/www.mylasertabac.com\/es\/inicio\/"},{"@type":"ListItem","position":2,"name":"31 de mayo: D\u00eda Mundial Sin Tabaco: \u00bfy si este a\u00f1o fuera el adecuado para dejar de fumar definitivamente?"}]},{"@type":"WebSite","@id":"https:\/\/www.mylasertabac.com\/es\/#website","url":"https:\/\/www.mylasertabac.com\/es\/","name":"My Laser Tabac","description":"La solution laser qui transforme les fumeurs en ex-fumeurs","publisher":{"@id":"https:\/\/www.mylasertabac.com\/es\/#organization"},"potentialAction":[{"@type":"SearchAction","target":{"@type":"EntryPoint","urlTemplate":"https:\/\/www.mylasertabac.com\/es\/?s={search_term_string}"},"query-input":{"@type":"PropertyValueSpecification","valueRequired":true,"valueName":"search_term_string"}}],"inLanguage":"es"},{"@type":"Organization","@id":"https:\/\/www.mylasertabac.com\/es\/#organization","name":"My Laser Tabac","url":"https:\/\/www.mylasertabac.com\/es\/","logo":{"@type":"ImageObject","inLanguage":"es","@id":"https:\/\/www.mylasertabac.com\/es\/#\/schema\/logo\/image\/","url":"https:\/\/www.mylasertabac.com\/wp-content\/uploads\/2024\/12\/mlt-verteau.svg","contentUrl":"https:\/\/www.mylasertabac.com\/wp-content\/uploads\/2024\/12\/mlt-verteau.svg","caption":"My Laser Tabac"},"image":{"@id":"https:\/\/www.mylasertabac.com\/es\/#\/schema\/logo\/image\/"}},{"@type":"Person","@id":"https:\/\/www.mylasertabac.com\/es\/#\/schema\/person\/02c249cb76d912efb6c315ec23eccdf3","name":"Florian Fortes","image":{"@type":"ImageObject","inLanguage":"es","@id":"https:\/\/www.mylasertabac.com\/wp-content\/litespeed\/avatar\/142101a71d7b9e6490c1120d9c109a67.jpg?ver=1776856306","url":"https:\/\/www.mylasertabac.com\/wp-content\/litespeed\/avatar\/142101a71d7b9e6490c1120d9c109a67.jpg?ver=1776856306","contentUrl":"https:\/\/www.mylasertabac.com\/wp-content\/litespeed\/avatar\/142101a71d7b9e6490c1120d9c109a67.jpg?ver=1776856306","caption":"Florian Fortes"},"sameAs":["https:\/\/www.mylasertabac.com","https:\/\/www.facebook.com\/profile.php?id=61571554707319"],"url":"https:\/\/www.mylasertabac.com\/es\/author\/florianfortes5312\/"}]}},"_links":{"self":[{"href":"https:\/\/www.mylasertabac.com\/es\/wp-json\/wp\/v2\/posts\/8955","targetHints":{"allow":["GET"]}}],"collection":[{"href":"https:\/\/www.mylasertabac.com\/es\/wp-json\/wp\/v2\/posts"}],"about":[{"href":"https:\/\/www.mylasertabac.com\/es\/wp-json\/wp\/v2\/types\/post"}],"author":[{"embeddable":true,"href":"https:\/\/www.mylasertabac.com\/es\/wp-json\/wp\/v2\/users\/2"}],"replies":[{"embeddable":true,"href":"https:\/\/www.mylasertabac.com\/es\/wp-json\/wp\/v2\/comments?post=8955"}],"version-history":[{"count":3,"href":"https:\/\/www.mylasertabac.com\/es\/wp-json\/wp\/v2\/posts\/8955\/revisions"}],"predecessor-version":[{"id":8966,"href":"https:\/\/www.mylasertabac.com\/es\/wp-json\/wp\/v2\/posts\/8955\/revisions\/8966"}],"wp:featuredmedia":[{"embeddable":true,"href":"https:\/\/www.mylasertabac.com\/es\/wp-json\/wp\/v2\/media\/8936"}],"wp:attachment":[{"href":"https:\/\/www.mylasertabac.com\/es\/wp-json\/wp\/v2\/media?parent=8955"}],"wp:term":[{"taxonomy":"category","embeddable":true,"href":"https:\/\/www.mylasertabac.com\/es\/wp-json\/wp\/v2\/categories?post=8955"},{"taxonomy":"post_tag","embeddable":true,"href":"https:\/\/www.mylasertabac.com\/es\/wp-json\/wp\/v2\/tags?post=8955"}],"curies":[{"name":"wp","href":"https:\/\/api.w.org\/{rel}","templated":true}]}}