{"id":8980,"date":"2025-05-31T07:46:19","date_gmt":"2025-05-31T05:46:19","guid":{"rendered":"https:\/\/www.mylasertabac.com\/y-si-fuera-gracias-a-los-laseres-antitabaco-que-el-consumo-ha-disminuido-en-los-ultimos-anos\/"},"modified":"2025-05-31T07:46:54","modified_gmt":"2025-05-31T05:46:54","slug":"y-si-fuera-gracias-a-los-laseres-antitabaco-que-el-consumo-ha-disminuido-en-los-ultimos-anos","status":"publish","type":"post","link":"https:\/\/www.mylasertabac.com\/es\/y-si-fuera-gracias-a-los-laseres-antitabaco-que-el-consumo-ha-disminuido-en-los-ultimos-anos\/","title":{"rendered":"\u00bfY si fuera gracias a los l\u00e1seres antitabaco que el consumo ha disminuido en los \u00faltimos a\u00f1os?"},"content":{"rendered":"\n<div style=\"height:19px\" aria-hidden=\"true\" class=\"wp-block-spacer\"><\/div>\n\n<p>El 30 de mayo, mientras los principales medios de comunicaci\u00f3n franceses anunciaban un <strong>descenso significativo del consumo de tabaco<\/strong> en Francia, cabe plantearse una pregunta inquietante: <strong>\u00bfy si esta tendencia positiva estuviera relacionada con un m\u00e9todo del que nadie habla oficialmente?<\/strong><\/p>\n\n<div style=\"height:19px\" aria-hidden=\"true\" class=\"wp-block-spacer\"><\/div>\n\n<p><strong>\u00bfY si el descenso del tabaquismo se debiera en gran medida al \u00e9xito creciente de los l\u00e1seres antitabaco?<\/strong><\/p>\n\n<div style=\"height:19px\" aria-hidden=\"true\" class=\"wp-block-spacer\"><\/div>\n\n<hr class=\"wp-block-separator has-alpha-channel-opacity\"\/>\n\n<h2 class=\"wp-block-heading\">\ud83d\udcc9 Descenso del tabaquismo en Francia: una buena noticia&#8230; pero un silencio revelador<\/h2>\n\n<div style=\"height:19px\" aria-hidden=\"true\" class=\"wp-block-spacer\"><\/div>\n\n<p>Seg\u00fan las \u00faltimas cifras publicadas por los principales medios de comunicaci\u00f3n, como <em>Le Monde<\/em>, <em>France Info<\/em> y <em>Le Figaro<\/em>, <strong>el n\u00famero de fumadores habituales ha disminuido considerablemente<\/strong> desde 2019. A primera vista, esto parece ser el resultado de las campa\u00f1as gubernamentales, el aumento de los precios del tabaco y las campa\u00f1as de prevenci\u00f3n en las escuelas. <\/p>\n\n<p>Pero hay un actor importante en este cambio que <strong>se pasa sistem\u00e1ticamente por alto<\/strong>: <strong>el l\u00e1ser antitabaco<\/strong>.<\/p>\n\n<div style=\"height:19px\" aria-hidden=\"true\" class=\"wp-block-spacer\"><\/div>\n\n<h3 class=\"wp-block-heading\">\u00bfPor qu\u00e9 este silencio? Porque este m\u00e9todo es perturbador <\/h3>\n\n<div style=\"height:19px\" aria-hidden=\"true\" class=\"wp-block-spacer\"><\/div>\n\n<p>Y si <strong>el Estado franc\u00e9s y los medios de comunicaci\u00f3n no quieren hablar de ello<\/strong>, quiz\u00e1 sea porque sencillamente no pueden <strong>controlar una pr\u00e1ctica que no encaja en sus circuitos m\u00e9dicos convencionales<\/strong>.<\/p>\n\n<p>Sin embargo, <strong>el 90% de las personas que prueban la tecnolog\u00eda l\u00e1ser para <a href=\"https:\/\/www.mylasertabac.com\/es\/\">dejar de fumar<\/a> consiguen dejarlo tras la primera sesi\u00f3n<\/strong>. Una estad\u00edstica impresionante, muy superior a la de los parches, chicles u otros sustitutos de la nicotina. <\/p>\n\n<div style=\"height:43px\" aria-hidden=\"true\" class=\"wp-block-spacer\"><\/div>\n\n<hr class=\"wp-block-separator has-alpha-channel-opacity\"\/>\n\n<figure class=\"wp-block-image alignleft size-large is-resized\"><img fetchpriority=\"high\" decoding=\"async\" width=\"1024\" height=\"662\" src=\"https:\/\/www.mylasertabac.com\/wp-content\/uploads\/2025\/04\/vitrine-1024x662.jpg\" alt=\"\" class=\"wp-image-7466\" style=\"width:488px;height:auto\" srcset=\"https:\/\/www.mylasertabac.com\/wp-content\/uploads\/2025\/04\/vitrine-1024x662.jpg 1024w, https:\/\/www.mylasertabac.com\/wp-content\/uploads\/2025\/04\/vitrine-300x194.jpg 300w, https:\/\/www.mylasertabac.com\/wp-content\/uploads\/2025\/04\/vitrine-768x496.jpg 768w, https:\/\/www.mylasertabac.com\/wp-content\/uploads\/2025\/04\/vitrine.jpg 1179w\" sizes=\"(max-width: 1024px) 100vw, 1024px\" \/><\/figure>\n\n<h2 class=\"wp-block-heading\">\ud83d\udd2c L\u00e1ser antitabaco: un m\u00e9todo natural y eficaz para dejar de fumar<\/h2>\n\n<h3 class=\"wp-block-heading\">\u00bfQu\u00e9 es el l\u00e1ser para dejar de fumar?<\/h3>\n\n<p>El <strong>l\u00e1ser antitabaco<\/strong> es una t\u00e9cnica suave y no invasiva inspirada en la auriculoterapia. Consiste en <strong>estimular puntos espec\u00edficos de la oreja con un rayo l\u00e1ser indoloro<\/strong>. Esta estimulaci\u00f3n desencadena la producci\u00f3n de endorfinas, lo que permite :  <\/p>\n\n<ul class=\"wp-block-list\">\n<li><strong>reducen en gran medida el deseo de fumar<\/strong>,<\/li>\n\n\n\n<li><strong>reducir el estr\u00e9s y la ansiedad asociados al s\u00edndrome de abstinencia<\/strong>,<\/li>\n\n\n\n<li>y <strong>facilitan dejar de fumar sin engordar<\/strong>.<\/li>\n<\/ul>\n\n<div style=\"height:51px\" aria-hidden=\"true\" class=\"wp-block-spacer\"><\/div>\n\n<h3 class=\"wp-block-heading\">\u00bfPor qu\u00e9 es tan popular este m\u00e9todo?<\/h3>\n\n<div style=\"height:19px\" aria-hidden=\"true\" class=\"wp-block-spacer\"><\/div>\n\n<p>Porque funciona. Porque es <strong>natural<\/strong>, <strong>sin efectos secundarios<\/strong>, <strong>sin nicotina<\/strong>, <strong>sin drogas<\/strong>, <strong>sin sufrimiento<\/strong>. <\/p>\n\n<p>Y, sobre todo, porque <strong>los resultados son visibles desde la primera sesi\u00f3n<\/strong>, con una eficacia duradera en el tiempo.<\/p>\n\n<div style=\"height:19px\" aria-hidden=\"true\" class=\"wp-block-spacer\"><\/div>\n\n<hr class=\"wp-block-separator has-alpha-channel-opacity\"\/>\n\n<h2 class=\"wp-block-heading\">\ud83d\udcca Las cifras que nadie quiere publicar<\/h2>\n\n<p>Si echas cuentas, ahora hay <strong>cientos de centros especializados en dejar de fumar con l\u00e1ser<\/strong>en toda Francia. Algunos centros tratan <strong>hasta 10 personas al <\/strong>d\u00eda, o <strong>m\u00e1s de 3.000 al a\u00f1o<\/strong>. <\/p>\n\n<p>Si multiplicas esta cifra por <strong>la tasa de \u00e9xito del 90%<\/strong>, ver\u00e1s r\u00e1pidamente que <strong>decenas de miles de personas dejan realmente de fumar gracias al tratamiento con l\u00e1ser cada a\u00f1o<\/strong>.<\/p>\n\n<p>Esta cifra es colosal. <strong>Por s\u00ed sola explica gran parte del descenso del consumo de tabaco en Francia<\/strong>. <\/p>\n\n<p>Pero nadie habla de ello. Porque el tratamiento con l\u00e1ser, que <strong>no est\u00e1 reembolsado<\/strong> <strong>ni reconocido por las autoridades sanitarias<\/strong>, no beneficia a los lobbies del tabaco ni al sistema sanitario convencional. <\/p>\n\n<div style=\"height:35px\" aria-hidden=\"true\" class=\"wp-block-spacer\"><\/div>\n\n<hr class=\"wp-block-separator has-alpha-channel-opacity\"\/>\n\n<figure class=\"wp-block-image alignright size-large is-resized\"><img decoding=\"async\" width=\"1024\" height=\"683\" src=\"https:\/\/www.mylasertabac.com\/wp-content\/uploads\/2025\/05\/de-1024x683.png\" alt=\"\" class=\"wp-image-8207\" style=\"width:359px;height:auto\" srcset=\"https:\/\/www.mylasertabac.com\/wp-content\/uploads\/2025\/05\/de-1024x683.png 1024w, https:\/\/www.mylasertabac.com\/wp-content\/uploads\/2025\/05\/de-300x200.png 300w, https:\/\/www.mylasertabac.com\/wp-content\/uploads\/2025\/05\/de-768x512.png 768w, https:\/\/www.mylasertabac.com\/wp-content\/uploads\/2025\/05\/de.png 1536w\" sizes=\"(max-width: 1024px) 100vw, 1024px\" \/><\/figure>\n\n<h2 class=\"wp-block-heading\">\ud83d\udca5 \u00bfPor qu\u00e9 molesta tanto el l\u00e1ser antitabaco?<\/h2>\n\n<p>El \u00e9xito del l\u00e1ser antitabaco se basa en tres pilares sobre los que el Estado no tiene ning\u00fan control:<\/p>\n\n<ol class=\"wp-block-list\">\n<li><strong>Es un m\u00e9todo natural<\/strong> que no requiere medicaci\u00f3n ni receta.<\/li>\n\n\n\n<li><strong>Es r\u00e1pido<\/strong>: una sola sesi\u00f3n es suficiente en la mayor\u00eda de los casos.<\/li>\n\n\n\n<li><strong>Es independiente<\/strong>: est\u00e1 al margen de la industria farmac\u00e9utica y de las v\u00edas m\u00e9dicas convencionales.<\/li>\n<\/ol>\n\n<p>En otras palabras, el l\u00e1ser antitabaco permite a los fumadores dejar de fumar <strong>sin tener que depender de un sistema<\/strong>.<\/p>\n\n<p>Y eso es inquietante.<\/p>\n\n<div style=\"height:33px\" aria-hidden=\"true\" class=\"wp-block-spacer\"><\/div>\n\n<hr class=\"wp-block-separator has-alpha-channel-opacity\"\/>\n\n<h2 class=\"wp-block-heading\">\ud83e\udde0 Dejar de fumar con l\u00e1ser: una revoluci\u00f3n silenciosa pero poderosa<\/h2>\n\n<div style=\"height:19px\" aria-hidden=\"true\" class=\"wp-block-spacer\"><\/div>\n\n<h3 class=\"wp-block-heading\">Miles de testimonios<\/h3>\n\n<div style=\"height:19px\" aria-hidden=\"true\" class=\"wp-block-spacer\"><\/div>\n\n<p>Foros, grupos de Facebook, centros especializados y profesionales del bienestar son un\u00e1nimes: <strong>los testimonios de \u00e9xito gracias al tratamiento con l\u00e1ser se multiplican<\/strong>.<\/p>\n\n<blockquote class=\"wp-block-quote is-layout-flow wp-block-quote-is-layout-flow\">\n<p>\u201cDej\u00e9 de fumar en una sesi\u00f3n despu\u00e9s de 20 a\u00f1os. Sin antojos, sin ansiedad\u201d<br\/>\u201cPor fin he encontrado un m\u00e9todo suave y eficaz. Nunca volver\u00e9 a fumar\u201d<br\/>\u201c\u00bfPor qu\u00e9 no hablan de este m\u00e9todo en la televisi\u00f3n?\u201d<\/p>\n<\/blockquote>\n\n<p>Historias aut\u00e9nticas, mucho m\u00e1s convincentes que las campa\u00f1as de choque o las fotos repelentes de los paquetes.<\/p>\n\n<div style=\"height:19px\" aria-hidden=\"true\" class=\"wp-block-spacer\"><\/div>\n\n<h3 class=\"wp-block-heading\">Una soluci\u00f3n para cada perfil<\/h3>\n\n<div style=\"height:19px\" aria-hidden=\"true\" class=\"wp-block-spacer\"><\/div>\n\n<p>Ya seas <strong>fumador ocasional, fumador diario o fumador empedernido<\/strong>, el <strong>l\u00e1ser antitabaco<\/strong> puede adaptarse a cada necesidad:<\/p>\n\n<ul class=\"wp-block-list\">\n<li>Es adecuado para las mujeres embarazadas (por recomendaci\u00f3n m\u00e9dica).<\/li>\n\n\n\n<li>Se utiliza para prevenir las reca\u00eddas.<\/li>\n\n\n\n<li>Es eficaz incluso para quienes han fracasado con otros m\u00e9todos.<\/li>\n<\/ul>\n\n<div style=\"height:19px\" aria-hidden=\"true\" class=\"wp-block-spacer\"><\/div>\n\n<p class=\"has-cyan-bluish-gray-background-color has-background\">Lee tambi\u00e9n <a href=\"https:\/\/www.mylasertabac.com\/es\/informacion\/formacion-laser-antitabaco-y-contra-la-adiccion\/\"><mark style=\"background-color:rgba(0, 0, 0, 0)\" class=\"has-inline-color has-luminous-vivid-orange-color\">\u00bfPor qu\u00e9 abrir una franquicia de salud y tabaquismo? <\/mark><\/a> <\/p>\n\n<div style=\"height:19px\" aria-hidden=\"true\" class=\"wp-block-spacer\"><\/div>\n\n<hr class=\"wp-block-separator has-alpha-channel-opacity\"\/>\n\n<h2 class=\"wp-block-heading\">\ud83d\ude80 \u00bfY si el futuro de la deshabituaci\u00f3n tab\u00e1quica ya estuviera aqu\u00ed?<\/h2>\n\n<div style=\"height:19px\" aria-hidden=\"true\" class=\"wp-block-spacer\"><\/div>\n\n<p>Mientras el gobierno se esfuerza por conseguir una reducci\u00f3n duradera del n\u00famero de fumadores, las <strong>soluciones pr\u00e1cticas y probadas, como el l\u00e1ser antitabaco, siguen convenciendo a miles de franceses<\/strong>.<\/p>\n\n<div style=\"height:19px\" aria-hidden=\"true\" class=\"wp-block-spacer\"><\/div>\n\n<p>Y si las autoridades no quieren reconocerlo, <strong>los resultados est\u00e1n ah\u00ed<\/strong>.<\/p>\n\n<div style=\"height:19px\" aria-hidden=\"true\" class=\"wp-block-spacer\"><\/div>\n\n<p>Cuando se trata de <strong>dejar de fumar<\/strong>, es hora de enfrentarse a la verdad:<br\/>\u2705 los franceses quieren soluciones naturales,<br\/>\u2705 quieren dejar de fumar sin sufrir,<br\/>\u2705 quieren resultados r\u00e1pidos y duraderos.<\/p>\n\n<p>Y hoy, <strong>el l\u00e1ser antitabaco cumple todas estas expectativas<\/strong>.<\/p>\n\n<div style=\"height:19px\" aria-hidden=\"true\" class=\"wp-block-spacer\"><\/div>\n\n<h2 class=\"wp-block-heading\">\ud83d\udcdd Conclusi\u00f3n: \u00danete a los miles de franceses que han dicho adi\u00f3s a los cigarrillos&#8230; y mucho m\u00e1s<\/h2>\n\n<div style=\"height:19px\" aria-hidden=\"true\" class=\"wp-block-spacer\"><\/div>\n\n<p>El descenso del consumo de tabaco en Francia es muy real, pero ya es hora de abrir los ojos: <strong>el l\u00e1ser antitabaco desempe\u00f1a un papel fundamental<\/strong>. Este m\u00e9todo suave, natural y eficaz est\u00e1 transformando vidas silenciosamente, cada d\u00eda, en todos los rincones de Francia. <\/p>\n\n<p>Pero <strong>el l\u00e1ser no se limita a dejar de fumar<\/strong>. En <strong>MyLaserTabac<\/strong>, ahora ayudamos a nuestros clientes con <strong>otras adicciones importantes<\/strong> que afectan a millones de personas: <\/p>\n\n<div style=\"height:19px\" aria-hidden=\"true\" class=\"wp-block-spacer\"><\/div>\n\n<ul class=\"wp-block-list\">\n<li><strong>adicci\u00f3n al alcohol<\/strong>,<\/li>\n\n\n\n<li><strong>adicci\u00f3n al cannabis<\/strong>,<\/li>\n\n\n\n<li><strong>consumo excesivo de az\u00facar<\/strong>,<\/li>\n\n\n\n<li><strong>gestionar el estr\u00e9s cr\u00f3nico<\/strong>,<\/li>\n\n\n\n<li>y, por supuesto, <strong>dejar de fumar<\/strong>.<\/li>\n<\/ul>\n\n<div style=\"height:19px\" aria-hidden=\"true\" class=\"wp-block-spacer\"><\/div>\n\n<p>Nuestro enfoque hol\u00edstico de la salud y el bienestar ayuda a las personas a <strong>recuperar el equilibrio y la libertad<\/strong>, sin productos qu\u00edmicos ni tratamientos invasivos.<\/p>\n\n<p>Y si quieres ir a\u00fan m\u00e1s lejos, <strong>t\u00fa tambi\u00e9n puedes convertirte en un actor comprometido con la salud y la lucha contra las adicciones<\/strong>.<br\/>Gracias a nuestro <strong>completo<a href=\"https:\/\/www.mylasertabac.com\/es\/informacion\/formacion-laser-antitabaco-y-contra-la-adiccion\/\">curso de formaci\u00f3n l\u00e1ser antitabaco <\/a><\/strong>, aprender\u00e1s todas las t\u00e9cnicas que se utilizan en nuestros centros: desde la deshabituaci\u00f3n tab\u00e1quica hasta el tratamiento de las adicciones comportamentales.<\/p>\n\n<div style=\"height:19px\" aria-hidden=\"true\" class=\"wp-block-spacer\"><\/div>\n\n<p>\ud83d\udc49 <strong>Abre tu propio <a href=\"https:\/\/www.mylasertabac.com\/es\/nuestros-centros\/\">centro MyLaserTabac<\/a><\/strong>, en tu ciudad o regi\u00f3n, y <strong>ayuda a otros a cambiar sus vidas, mientras cambias la tuya.<\/strong><\/p>\n\n<div style=\"height:28px\" aria-hidden=\"true\" class=\"wp-block-spacer\"><\/div>\n\n<p><strong>El futuro de la salud alternativa y natural empieza hoy.<\/strong><br\/>\u00danete al movimiento.<\/p>\n\n<div style=\"height:29px\" aria-hidden=\"true\" class=\"wp-block-spacer\"><\/div>\n\n<figure class=\"wp-block-image size-large\"><img decoding=\"async\" src=\"https:\/\/www.mylasertabac.com\/wp-content\/uploads\/\/mlt-verteau.svg\" alt=\"\" class=\"wp-image-13\"\/><\/figure>\n\n<p><\/p>\n","protected":false},"excerpt":{"rendered":"<p>El 30 de mayo, mientras los principales medios de comunicaci\u00f3n franceses anunciaban un descenso significativo del consumo de tabaco en Francia, cabe plantearse una pregunta inquietante: \u00bfy si esta tendencia positiva estuviera relacionada con un m\u00e9todo del que nadie habla oficialmente? \u00bfY si el descenso del tabaquismo se debiera en gran medida al \u00e9xito creciente [&hellip;]<\/p>\n","protected":false},"author":2,"featured_media":8946,"comment_status":"closed","ping_status":"open","sticky":false,"template":"","format":"standard","meta":{"inline_featured_image":false,"footnotes":""},"categories":[120],"tags":[],"class_list":["post-8980","post","type-post","status-publish","format-standard","has-post-thumbnail","hentry","category-salud"],"yoast_head":"<!-- This site is optimized with the Yoast SEO plugin v27.4 - https:\/\/yoast.com\/product\/yoast-seo-wordpress\/ -->\n<title>\u00bfY si fuera gracias a los l\u00e1seres antitabaco que el consumo ha disminuido en los \u00faltimos a\u00f1os? - My Laser Tabac<\/title>\n<meta name=\"description\" content=\"Han aparecido varios art\u00edculos en los que se explica que el consumo de tabaco en Francia ha disminuido considerablemente...\" \/>\n<meta name=\"robots\" content=\"index, follow, max-snippet:-1, max-image-preview:large, max-video-preview:-1\" \/>\n<link rel=\"canonical\" href=\"https:\/\/www.mylasertabac.com\/es\/y-si-fuera-gracias-a-los-laseres-antitabaco-que-el-consumo-ha-disminuido-en-los-ultimos-anos\/\" \/>\n<meta property=\"og:locale\" content=\"es_ES\" \/>\n<meta property=\"og:type\" content=\"article\" \/>\n<meta property=\"og:title\" content=\"\u00bfY si fuera gracias a los l\u00e1seres antitabaco que el consumo ha disminuido en los \u00faltimos a\u00f1os? - My Laser Tabac\" \/>\n<meta property=\"og:description\" content=\"Han aparecido varios art\u00edculos en los que se explica que el consumo de tabaco en Francia ha disminuido considerablemente...\" \/>\n<meta property=\"og:url\" content=\"https:\/\/www.mylasertabac.com\/es\/y-si-fuera-gracias-a-los-laseres-antitabaco-que-el-consumo-ha-disminuido-en-los-ultimos-anos\/\" \/>\n<meta property=\"og:site_name\" content=\"My Laser Tabac\" \/>\n<meta property=\"article:author\" content=\"https:\/\/www.facebook.com\/profile.php?id=61571554707319\" \/>\n<meta property=\"article:published_time\" content=\"2025-05-31T05:46:19+00:00\" \/>\n<meta property=\"article:modified_time\" content=\"2025-05-31T05:46:54+00:00\" \/>\n<meta property=\"og:image\" content=\"https:\/\/www.mylasertabac.com\/wp-content\/uploads\/2025\/05\/mp-1024x683.png\" \/>\n\t<meta property=\"og:image:width\" content=\"1024\" \/>\n\t<meta property=\"og:image:height\" content=\"683\" \/>\n\t<meta property=\"og:image:type\" content=\"image\/png\" \/>\n<meta name=\"author\" content=\"Florian Fortes\" \/>\n<meta name=\"twitter:card\" content=\"summary_large_image\" \/>\n<meta name=\"twitter:label1\" content=\"Escrito por\" \/>\n\t<meta name=\"twitter:data1\" content=\"Florian Fortes\" \/>\n\t<meta name=\"twitter:label2\" content=\"Tiempo de lectura\" \/>\n\t<meta name=\"twitter:data2\" content=\"6 minutos\" \/>\n<script type=\"application\/ld+json\" class=\"yoast-schema-graph\">{\"@context\":\"https:\\\/\\\/schema.org\",\"@graph\":[{\"@type\":\"Article\",\"@id\":\"https:\\\/\\\/www.mylasertabac.com\\\/es\\\/y-si-fuera-gracias-a-los-laseres-antitabaco-que-el-consumo-ha-disminuido-en-los-ultimos-anos\\\/#article\",\"isPartOf\":{\"@id\":\"https:\\\/\\\/www.mylasertabac.com\\\/es\\\/y-si-fuera-gracias-a-los-laseres-antitabaco-que-el-consumo-ha-disminuido-en-los-ultimos-anos\\\/\"},\"author\":{\"name\":\"Florian Fortes\",\"@id\":\"https:\\\/\\\/www.mylasertabac.com\\\/es\\\/#\\\/schema\\\/person\\\/02c249cb76d912efb6c315ec23eccdf3\"},\"headline\":\"\u00bfY si fuera gracias a los l\u00e1seres antitabaco que el consumo ha disminuido en los \u00faltimos a\u00f1os?\",\"datePublished\":\"2025-05-31T05:46:19+00:00\",\"dateModified\":\"2025-05-31T05:46:54+00:00\",\"mainEntityOfPage\":{\"@id\":\"https:\\\/\\\/www.mylasertabac.com\\\/es\\\/y-si-fuera-gracias-a-los-laseres-antitabaco-que-el-consumo-ha-disminuido-en-los-ultimos-anos\\\/\"},\"wordCount\":1131,\"publisher\":{\"@id\":\"https:\\\/\\\/www.mylasertabac.com\\\/es\\\/#organization\"},\"image\":{\"@id\":\"https:\\\/\\\/www.mylasertabac.com\\\/es\\\/y-si-fuera-gracias-a-los-laseres-antitabaco-que-el-consumo-ha-disminuido-en-los-ultimos-anos\\\/#primaryimage\"},\"thumbnailUrl\":\"https:\\\/\\\/www.mylasertabac.com\\\/wp-content\\\/uploads\\\/2025\\\/05\\\/mp.png\",\"articleSection\":[\"Salud\"],\"inLanguage\":\"es\"},{\"@type\":\"WebPage\",\"@id\":\"https:\\\/\\\/www.mylasertabac.com\\\/es\\\/y-si-fuera-gracias-a-los-laseres-antitabaco-que-el-consumo-ha-disminuido-en-los-ultimos-anos\\\/\",\"url\":\"https:\\\/\\\/www.mylasertabac.com\\\/es\\\/y-si-fuera-gracias-a-los-laseres-antitabaco-que-el-consumo-ha-disminuido-en-los-ultimos-anos\\\/\",\"name\":\"\u00bfY si fuera gracias a los l\u00e1seres antitabaco que el consumo ha disminuido en los \u00faltimos a\u00f1os? - My Laser Tabac\",\"isPartOf\":{\"@id\":\"https:\\\/\\\/www.mylasertabac.com\\\/es\\\/#website\"},\"primaryImageOfPage\":{\"@id\":\"https:\\\/\\\/www.mylasertabac.com\\\/es\\\/y-si-fuera-gracias-a-los-laseres-antitabaco-que-el-consumo-ha-disminuido-en-los-ultimos-anos\\\/#primaryimage\"},\"image\":{\"@id\":\"https:\\\/\\\/www.mylasertabac.com\\\/es\\\/y-si-fuera-gracias-a-los-laseres-antitabaco-que-el-consumo-ha-disminuido-en-los-ultimos-anos\\\/#primaryimage\"},\"thumbnailUrl\":\"https:\\\/\\\/www.mylasertabac.com\\\/wp-content\\\/uploads\\\/2025\\\/05\\\/mp.png\",\"datePublished\":\"2025-05-31T05:46:19+00:00\",\"dateModified\":\"2025-05-31T05:46:54+00:00\",\"description\":\"Han aparecido varios art\u00edculos en los que se explica que el consumo de tabaco en Francia ha disminuido considerablemente...\",\"breadcrumb\":{\"@id\":\"https:\\\/\\\/www.mylasertabac.com\\\/es\\\/y-si-fuera-gracias-a-los-laseres-antitabaco-que-el-consumo-ha-disminuido-en-los-ultimos-anos\\\/#breadcrumb\"},\"inLanguage\":\"es\",\"potentialAction\":[{\"@type\":\"ReadAction\",\"target\":[\"https:\\\/\\\/www.mylasertabac.com\\\/es\\\/y-si-fuera-gracias-a-los-laseres-antitabaco-que-el-consumo-ha-disminuido-en-los-ultimos-anos\\\/\"]}]},{\"@type\":\"ImageObject\",\"inLanguage\":\"es\",\"@id\":\"https:\\\/\\\/www.mylasertabac.com\\\/es\\\/y-si-fuera-gracias-a-los-laseres-antitabaco-que-el-consumo-ha-disminuido-en-los-ultimos-anos\\\/#primaryimage\",\"url\":\"https:\\\/\\\/www.mylasertabac.com\\\/wp-content\\\/uploads\\\/2025\\\/05\\\/mp.png\",\"contentUrl\":\"https:\\\/\\\/www.mylasertabac.com\\\/wp-content\\\/uploads\\\/2025\\\/05\\\/mp.png\",\"width\":1536,\"height\":1024},{\"@type\":\"BreadcrumbList\",\"@id\":\"https:\\\/\\\/www.mylasertabac.com\\\/es\\\/y-si-fuera-gracias-a-los-laseres-antitabaco-que-el-consumo-ha-disminuido-en-los-ultimos-anos\\\/#breadcrumb\",\"itemListElement\":[{\"@type\":\"ListItem\",\"position\":1,\"name\":\"Accueil\",\"item\":\"https:\\\/\\\/www.mylasertabac.com\\\/es\\\/inicio\\\/\"},{\"@type\":\"ListItem\",\"position\":2,\"name\":\"\u00bfY si fuera gracias a los l\u00e1seres antitabaco que el consumo ha disminuido en los \u00faltimos a\u00f1os?\"}]},{\"@type\":\"WebSite\",\"@id\":\"https:\\\/\\\/www.mylasertabac.com\\\/es\\\/#website\",\"url\":\"https:\\\/\\\/www.mylasertabac.com\\\/es\\\/\",\"name\":\"My Laser Tabac\",\"description\":\"La solution laser qui transforme les fumeurs en ex-fumeurs\",\"publisher\":{\"@id\":\"https:\\\/\\\/www.mylasertabac.com\\\/es\\\/#organization\"},\"potentialAction\":[{\"@type\":\"SearchAction\",\"target\":{\"@type\":\"EntryPoint\",\"urlTemplate\":\"https:\\\/\\\/www.mylasertabac.com\\\/es\\\/?s={search_term_string}\"},\"query-input\":{\"@type\":\"PropertyValueSpecification\",\"valueRequired\":true,\"valueName\":\"search_term_string\"}}],\"inLanguage\":\"es\"},{\"@type\":\"Organization\",\"@id\":\"https:\\\/\\\/www.mylasertabac.com\\\/es\\\/#organization\",\"name\":\"My Laser Tabac\",\"url\":\"https:\\\/\\\/www.mylasertabac.com\\\/es\\\/\",\"logo\":{\"@type\":\"ImageObject\",\"inLanguage\":\"es\",\"@id\":\"https:\\\/\\\/www.mylasertabac.com\\\/es\\\/#\\\/schema\\\/logo\\\/image\\\/\",\"url\":\"https:\\\/\\\/www.mylasertabac.com\\\/wp-content\\\/uploads\\\/2024\\\/12\\\/mlt-verteau.svg\",\"contentUrl\":\"https:\\\/\\\/www.mylasertabac.com\\\/wp-content\\\/uploads\\\/2024\\\/12\\\/mlt-verteau.svg\",\"caption\":\"My Laser Tabac\"},\"image\":{\"@id\":\"https:\\\/\\\/www.mylasertabac.com\\\/es\\\/#\\\/schema\\\/logo\\\/image\\\/\"}},{\"@type\":\"Person\",\"@id\":\"https:\\\/\\\/www.mylasertabac.com\\\/es\\\/#\\\/schema\\\/person\\\/02c249cb76d912efb6c315ec23eccdf3\",\"name\":\"Florian Fortes\",\"image\":{\"@type\":\"ImageObject\",\"inLanguage\":\"es\",\"@id\":\"https:\\\/\\\/www.mylasertabac.com\\\/wp-content\\\/litespeed\\\/avatar\\\/142101a71d7b9e6490c1120d9c109a67.jpg?ver=1776856306\",\"url\":\"https:\\\/\\\/www.mylasertabac.com\\\/wp-content\\\/litespeed\\\/avatar\\\/142101a71d7b9e6490c1120d9c109a67.jpg?ver=1776856306\",\"contentUrl\":\"https:\\\/\\\/www.mylasertabac.com\\\/wp-content\\\/litespeed\\\/avatar\\\/142101a71d7b9e6490c1120d9c109a67.jpg?ver=1776856306\",\"caption\":\"Florian Fortes\"},\"sameAs\":[\"https:\\\/\\\/www.mylasertabac.com\",\"https:\\\/\\\/www.facebook.com\\\/profile.php?id=61571554707319\"],\"url\":\"https:\\\/\\\/www.mylasertabac.com\\\/es\\\/author\\\/florianfortes5312\\\/\"}]}<\/script>\n<!-- \/ Yoast SEO plugin. -->","yoast_head_json":{"title":"\u00bfY si fuera gracias a los l\u00e1seres antitabaco que el consumo ha disminuido en los \u00faltimos a\u00f1os? - My Laser Tabac","description":"Han aparecido varios art\u00edculos en los que se explica que el consumo de tabaco en Francia ha disminuido considerablemente...","robots":{"index":"index","follow":"follow","max-snippet":"max-snippet:-1","max-image-preview":"max-image-preview:large","max-video-preview":"max-video-preview:-1"},"canonical":"https:\/\/www.mylasertabac.com\/es\/y-si-fuera-gracias-a-los-laseres-antitabaco-que-el-consumo-ha-disminuido-en-los-ultimos-anos\/","og_locale":"es_ES","og_type":"article","og_title":"\u00bfY si fuera gracias a los l\u00e1seres antitabaco que el consumo ha disminuido en los \u00faltimos a\u00f1os? - My Laser Tabac","og_description":"Han aparecido varios art\u00edculos en los que se explica que el consumo de tabaco en Francia ha disminuido considerablemente...","og_url":"https:\/\/www.mylasertabac.com\/es\/y-si-fuera-gracias-a-los-laseres-antitabaco-que-el-consumo-ha-disminuido-en-los-ultimos-anos\/","og_site_name":"My Laser Tabac","article_author":"https:\/\/www.facebook.com\/profile.php?id=61571554707319","article_published_time":"2025-05-31T05:46:19+00:00","article_modified_time":"2025-05-31T05:46:54+00:00","og_image":[{"width":1024,"height":683,"url":"https:\/\/www.mylasertabac.com\/wp-content\/uploads\/2025\/05\/mp-1024x683.png","type":"image\/png"}],"author":"Florian Fortes","twitter_card":"summary_large_image","twitter_misc":{"Escrito por":"Florian Fortes","Tiempo de lectura":"6 minutos"},"schema":{"@context":"https:\/\/schema.org","@graph":[{"@type":"Article","@id":"https:\/\/www.mylasertabac.com\/es\/y-si-fuera-gracias-a-los-laseres-antitabaco-que-el-consumo-ha-disminuido-en-los-ultimos-anos\/#article","isPartOf":{"@id":"https:\/\/www.mylasertabac.com\/es\/y-si-fuera-gracias-a-los-laseres-antitabaco-que-el-consumo-ha-disminuido-en-los-ultimos-anos\/"},"author":{"name":"Florian Fortes","@id":"https:\/\/www.mylasertabac.com\/es\/#\/schema\/person\/02c249cb76d912efb6c315ec23eccdf3"},"headline":"\u00bfY si fuera gracias a los l\u00e1seres antitabaco que el consumo ha disminuido en los \u00faltimos a\u00f1os?","datePublished":"2025-05-31T05:46:19+00:00","dateModified":"2025-05-31T05:46:54+00:00","mainEntityOfPage":{"@id":"https:\/\/www.mylasertabac.com\/es\/y-si-fuera-gracias-a-los-laseres-antitabaco-que-el-consumo-ha-disminuido-en-los-ultimos-anos\/"},"wordCount":1131,"publisher":{"@id":"https:\/\/www.mylasertabac.com\/es\/#organization"},"image":{"@id":"https:\/\/www.mylasertabac.com\/es\/y-si-fuera-gracias-a-los-laseres-antitabaco-que-el-consumo-ha-disminuido-en-los-ultimos-anos\/#primaryimage"},"thumbnailUrl":"https:\/\/www.mylasertabac.com\/wp-content\/uploads\/2025\/05\/mp.png","articleSection":["Salud"],"inLanguage":"es"},{"@type":"WebPage","@id":"https:\/\/www.mylasertabac.com\/es\/y-si-fuera-gracias-a-los-laseres-antitabaco-que-el-consumo-ha-disminuido-en-los-ultimos-anos\/","url":"https:\/\/www.mylasertabac.com\/es\/y-si-fuera-gracias-a-los-laseres-antitabaco-que-el-consumo-ha-disminuido-en-los-ultimos-anos\/","name":"\u00bfY si fuera gracias a los l\u00e1seres antitabaco que el consumo ha disminuido en los \u00faltimos a\u00f1os? - My Laser Tabac","isPartOf":{"@id":"https:\/\/www.mylasertabac.com\/es\/#website"},"primaryImageOfPage":{"@id":"https:\/\/www.mylasertabac.com\/es\/y-si-fuera-gracias-a-los-laseres-antitabaco-que-el-consumo-ha-disminuido-en-los-ultimos-anos\/#primaryimage"},"image":{"@id":"https:\/\/www.mylasertabac.com\/es\/y-si-fuera-gracias-a-los-laseres-antitabaco-que-el-consumo-ha-disminuido-en-los-ultimos-anos\/#primaryimage"},"thumbnailUrl":"https:\/\/www.mylasertabac.com\/wp-content\/uploads\/2025\/05\/mp.png","datePublished":"2025-05-31T05:46:19+00:00","dateModified":"2025-05-31T05:46:54+00:00","description":"Han aparecido varios art\u00edculos en los que se explica que el consumo de tabaco en Francia ha disminuido considerablemente...","breadcrumb":{"@id":"https:\/\/www.mylasertabac.com\/es\/y-si-fuera-gracias-a-los-laseres-antitabaco-que-el-consumo-ha-disminuido-en-los-ultimos-anos\/#breadcrumb"},"inLanguage":"es","potentialAction":[{"@type":"ReadAction","target":["https:\/\/www.mylasertabac.com\/es\/y-si-fuera-gracias-a-los-laseres-antitabaco-que-el-consumo-ha-disminuido-en-los-ultimos-anos\/"]}]},{"@type":"ImageObject","inLanguage":"es","@id":"https:\/\/www.mylasertabac.com\/es\/y-si-fuera-gracias-a-los-laseres-antitabaco-que-el-consumo-ha-disminuido-en-los-ultimos-anos\/#primaryimage","url":"https:\/\/www.mylasertabac.com\/wp-content\/uploads\/2025\/05\/mp.png","contentUrl":"https:\/\/www.mylasertabac.com\/wp-content\/uploads\/2025\/05\/mp.png","width":1536,"height":1024},{"@type":"BreadcrumbList","@id":"https:\/\/www.mylasertabac.com\/es\/y-si-fuera-gracias-a-los-laseres-antitabaco-que-el-consumo-ha-disminuido-en-los-ultimos-anos\/#breadcrumb","itemListElement":[{"@type":"ListItem","position":1,"name":"Accueil","item":"https:\/\/www.mylasertabac.com\/es\/inicio\/"},{"@type":"ListItem","position":2,"name":"\u00bfY si fuera gracias a los l\u00e1seres antitabaco que el consumo ha disminuido en los \u00faltimos a\u00f1os?"}]},{"@type":"WebSite","@id":"https:\/\/www.mylasertabac.com\/es\/#website","url":"https:\/\/www.mylasertabac.com\/es\/","name":"My Laser Tabac","description":"La solution laser qui transforme les fumeurs en ex-fumeurs","publisher":{"@id":"https:\/\/www.mylasertabac.com\/es\/#organization"},"potentialAction":[{"@type":"SearchAction","target":{"@type":"EntryPoint","urlTemplate":"https:\/\/www.mylasertabac.com\/es\/?s={search_term_string}"},"query-input":{"@type":"PropertyValueSpecification","valueRequired":true,"valueName":"search_term_string"}}],"inLanguage":"es"},{"@type":"Organization","@id":"https:\/\/www.mylasertabac.com\/es\/#organization","name":"My Laser Tabac","url":"https:\/\/www.mylasertabac.com\/es\/","logo":{"@type":"ImageObject","inLanguage":"es","@id":"https:\/\/www.mylasertabac.com\/es\/#\/schema\/logo\/image\/","url":"https:\/\/www.mylasertabac.com\/wp-content\/uploads\/2024\/12\/mlt-verteau.svg","contentUrl":"https:\/\/www.mylasertabac.com\/wp-content\/uploads\/2024\/12\/mlt-verteau.svg","caption":"My Laser Tabac"},"image":{"@id":"https:\/\/www.mylasertabac.com\/es\/#\/schema\/logo\/image\/"}},{"@type":"Person","@id":"https:\/\/www.mylasertabac.com\/es\/#\/schema\/person\/02c249cb76d912efb6c315ec23eccdf3","name":"Florian Fortes","image":{"@type":"ImageObject","inLanguage":"es","@id":"https:\/\/www.mylasertabac.com\/wp-content\/litespeed\/avatar\/142101a71d7b9e6490c1120d9c109a67.jpg?ver=1776856306","url":"https:\/\/www.mylasertabac.com\/wp-content\/litespeed\/avatar\/142101a71d7b9e6490c1120d9c109a67.jpg?ver=1776856306","contentUrl":"https:\/\/www.mylasertabac.com\/wp-content\/litespeed\/avatar\/142101a71d7b9e6490c1120d9c109a67.jpg?ver=1776856306","caption":"Florian Fortes"},"sameAs":["https:\/\/www.mylasertabac.com","https:\/\/www.facebook.com\/profile.php?id=61571554707319"],"url":"https:\/\/www.mylasertabac.com\/es\/author\/florianfortes5312\/"}]}},"_links":{"self":[{"href":"https:\/\/www.mylasertabac.com\/es\/wp-json\/wp\/v2\/posts\/8980","targetHints":{"allow":["GET"]}}],"collection":[{"href":"https:\/\/www.mylasertabac.com\/es\/wp-json\/wp\/v2\/posts"}],"about":[{"href":"https:\/\/www.mylasertabac.com\/es\/wp-json\/wp\/v2\/types\/post"}],"author":[{"embeddable":true,"href":"https:\/\/www.mylasertabac.com\/es\/wp-json\/wp\/v2\/users\/2"}],"replies":[{"embeddable":true,"href":"https:\/\/www.mylasertabac.com\/es\/wp-json\/wp\/v2\/comments?post=8980"}],"version-history":[{"count":1,"href":"https:\/\/www.mylasertabac.com\/es\/wp-json\/wp\/v2\/posts\/8980\/revisions"}],"predecessor-version":[{"id":8983,"href":"https:\/\/www.mylasertabac.com\/es\/wp-json\/wp\/v2\/posts\/8980\/revisions\/8983"}],"wp:featuredmedia":[{"embeddable":true,"href":"https:\/\/www.mylasertabac.com\/es\/wp-json\/wp\/v2\/media\/8946"}],"wp:attachment":[{"href":"https:\/\/www.mylasertabac.com\/es\/wp-json\/wp\/v2\/media?parent=8980"}],"wp:term":[{"taxonomy":"category","embeddable":true,"href":"https:\/\/www.mylasertabac.com\/es\/wp-json\/wp\/v2\/categories?post=8980"},{"taxonomy":"post_tag","embeddable":true,"href":"https:\/\/www.mylasertabac.com\/es\/wp-json\/wp\/v2\/tags?post=8980"}],"curies":[{"name":"wp","href":"https:\/\/api.w.org\/{rel}","templated":true}]}}