{"id":9291,"date":"2025-06-06T14:02:23","date_gmt":"2025-06-06T12:02:23","guid":{"rendered":"https:\/\/www.mylasertabac.com\/trabajar-en-el-bienestar-y-el-apoyo-el-laser-antitabaco-una-vocacion-humana-y-gratificante\/"},"modified":"2025-06-06T14:23:18","modified_gmt":"2025-06-06T12:23:18","slug":"trabajar-en-el-bienestar-y-el-apoyo-el-laser-antitabaco-una-vocacion-humana-y-gratificante","status":"publish","type":"post","link":"https:\/\/www.mylasertabac.com\/es\/trabajar-en-el-bienestar-y-el-apoyo-el-laser-antitabaco-una-vocacion-humana-y-gratificante\/","title":{"rendered":"Trabajar en el bienestar y el apoyo: el l\u00e1ser antitabaco, una vocaci\u00f3n humana y gratificante"},"content":{"rendered":"\n<p><\/p>\n\n<p>\u00bfY si tu trabajo pudiera tener un <strong>impacto directo en la vida de las personas<\/strong>? Muchas personas aspiran a un trabajo que aporte <strong>bienestar, apoyo y cambios positivos<\/strong> a los dem\u00e1s. Trabajar en apoyo humano es una fuente de realizaci\u00f3n profesional, que ofrece no s\u00f3lo una sensaci\u00f3n de satisfacci\u00f3n, sino tambi\u00e9n la oportunidad de hacer un trabajo <strong>\u00fatil y gratificante<\/strong>.  <\/p>\n\n<p>El <strong>l\u00e1ser antitabaco<\/strong> es un m\u00e9todo innovador que ayuda a los fumadores a <strong>liberarse definitivamente de su adicci\u00f3n<\/strong>. Como practicante, desempe\u00f1as un papel esencial en su transformaci\u00f3n y bienestar. Como practicante, desempe\u00f1as un papel esencial <strong>en<\/strong> su transformaci\u00f3n y bienestar, <strong>ayudando de forma pr\u00e1ctica a personas con dificultades<\/strong>, al tiempo que te beneficias de una profesi\u00f3n accesible, rentable y gratificante a nivel humano.  <\/p>\n\n<p>Descubramos por qu\u00e9 convertirse en profesional <strong>del l\u00e1ser antitabaco<\/strong> puede ser mucho m\u00e1s que un trabajo: puede ser una <strong>verdadera vocaci\u00f3n<\/strong>.<\/p>\n\n<div style=\"height:35px\" aria-hidden=\"true\" class=\"wp-block-spacer\"><\/div>\n\n<div class=\"wp-block-buttons alignwide is-content-justification-center is-layout-flex wp-container-core-buttons-is-layout-a89b3969 wp-block-buttons-is-layout-flex\">\n<div class=\"wp-block-button is-style-outline is-style-outline--1\"><a class=\"wp-block-button__link wp-element-button\" href=\"https:\/\/www.mylasertabac.com\/es\/informacion\/formacion-laser-antitabaco-y-contra-la-adiccion\/\">M\u00e1s informaci\u00f3n sobre la formaci\u00f3n en auriculoterapia l\u00e1ser para tratar adicciones &#8230;<\/a><\/div>\n<\/div>\n\n<div style=\"height:35px\" aria-hidden=\"true\" class=\"wp-block-spacer\"><\/div>\n\n<figure class=\"wp-block-image alignleft size-full is-resized\"><img fetchpriority=\"high\" decoding=\"async\" width=\"975\" height=\"982\" src=\"https:\/\/www.mylasertabac.com\/wp-content\/uploads\/2025\/06\/centre.jpeg\" alt=\"\" class=\"wp-image-9265\" style=\"width:349px;height:auto\" srcset=\"https:\/\/www.mylasertabac.com\/wp-content\/uploads\/2025\/06\/centre.jpeg 975w, https:\/\/www.mylasertabac.com\/wp-content\/uploads\/2025\/06\/centre-298x300.jpeg 298w, https:\/\/www.mylasertabac.com\/wp-content\/uploads\/2025\/06\/centre-150x150.jpeg 150w, https:\/\/www.mylasertabac.com\/wp-content\/uploads\/2025\/06\/centre-768x774.jpeg 768w\" sizes=\"(max-width: 975px) 100vw, 975px\" \/><\/figure>\n\n<h2 class=\"wp-block-heading\"><strong>\u00bfPor qu\u00e9 es tan gratificante la profesi\u00f3n de profesional del l\u00e1ser antitabaco?<\/strong><\/h2>\n\n<h3 class=\"wp-block-heading\"><strong>\ud83d\udc99 Ayudar a los dem\u00e1s de forma pr\u00e1ctica<\/strong><\/h3>\n\n<p>Cada d\u00eda, miles de fumadores quieren <strong>dejar de fumar<\/strong>, pero muchos fracasan porque no tienen el apoyo adecuado. Como profesional del l\u00e1ser antitabaco, ofreces <strong>una soluci\u00f3n eficaz y natural<\/strong>, que les permite acabar con el tabaco. <\/p>\n\n<ul class=\"wp-block-list\">\n<li><strong>Guiar\u00e1s a<\/strong> los pacientes en una <strong>transici\u00f3n importante de sus vidas<\/strong>.<\/li>\n\n\n\n<li>Ayudar\u00e1s a<strong>mejorar su salud<\/strong> y su bienestar general.<\/li>\n\n\n\n<li>Estar\u00e1s ayudando a <strong>familias enteras<\/strong>, porque un fumador que deja de fumar tiene un impacto positivo en los que le rodean.<\/li>\n<\/ul>\n\n<div style=\"height:41px\" aria-hidden=\"true\" class=\"wp-block-spacer\"><\/div>\n\n<h3 class=\"wp-block-heading\"><strong>\ud83c\udf1f Aportar bienestar y salud<\/strong><\/h3>\n\n<div style=\"height:28px\" aria-hidden=\"true\" class=\"wp-block-spacer\"><\/div>\n\n<p>El tabaco es una de las <strong>principales causas de enfermedades<\/strong> prevenibles en todo el mundo. Dejar de fumar puede <strong>mejorar significativamente la salud<\/strong> de los pacientes: <\/p>\n\n<div style=\"height:28px\" aria-hidden=\"true\" class=\"wp-block-spacer\"><\/div>\n\n<ul class=\"wp-block-list\">\n<li>Reducci\u00f3n del <strong>riesgo cardiovascular<\/strong> al cabo de unos meses.<\/li>\n\n\n\n<li>Mejora la <strong>capacidad respiratoria<\/strong> y reduce los s\u00edntomas de fatiga.<\/li>\n\n\n\n<li>Recuperaci\u00f3n del <strong>gusto y el olfato<\/strong> en pocas semanas.<\/li>\n\n\n\n<li>Reducci\u00f3n del estr\u00e9s y la ansiedad asociados a la adicci\u00f3n.<\/li>\n<\/ul>\n\n<div style=\"height:28px\" aria-hidden=\"true\" class=\"wp-block-spacer\"><\/div>\n\n<p>Como profesional, no s\u00f3lo est\u00e1s ah\u00ed para aplicar un m\u00e9todo, sino tambi\u00e9n para <strong>escuchar, aconsejar y apoyar a<\/strong> cada persona en esta transformaci\u00f3n de su vida.<\/p>\n\n<div style=\"height:28px\" aria-hidden=\"true\" class=\"wp-block-spacer\"><\/div>\n\n<h3 class=\"wp-block-heading\"><strong>\ud83d\udc4f Opini\u00f3n inmediata y gratificante del cliente<\/strong><\/h3>\n\n<div style=\"height:28px\" aria-hidden=\"true\" class=\"wp-block-spacer\"><\/div>\n\n<p>No hay nada m\u00e1s gratificante que ver a <strong>un paciente salir de tu consulta libre de tabaco<\/strong> tras una sola sesi\u00f3n. Muchos pacientes dan testimonio de su <strong>inmensa gratitud<\/strong> hacia su profesional. <\/p>\n\n<p>A menudo llegan mensajes de agradecimiento y recomendaciones tras las primeras semanas de dejar de fumar. <strong>Te conviertes en una pieza clave de su \u00e9xito<\/strong>, una gu\u00eda en su lucha contra la adicci\u00f3n. Es este fuerte v\u00ednculo humano lo que hace que este trabajo sea tan especial. <\/p>\n\n<div style=\"height:28px\" aria-hidden=\"true\" class=\"wp-block-spacer\"><\/div>\n\n<h3 class=\"wp-block-heading\"><strong>Una profesi\u00f3n abierta a todos<\/strong><\/h3>\n\n<div style=\"height:28px\" aria-hidden=\"true\" class=\"wp-block-spacer\"><\/div>\n\n<h3 class=\"wp-block-heading\"><strong>\u2705 No necesitas ser m\u00e9dico ni terapeuta<\/strong><\/h3>\n\n<div style=\"height:28px\" aria-hidden=\"true\" class=\"wp-block-spacer\"><\/div>\n\n<p>A diferencia de otras profesiones relacionadas con el bienestar que requieren <strong>a\u00f1os de estudio<\/strong>, el tratamiento antitabaco con l\u00e1ser es una t\u00e9cnica <strong>accesible a todo el mundo<\/strong>. No necesitas ser un profesional sanitario para practicarlo. La formaci\u00f3n es <strong>clara, r\u00e1pida y eficaz<\/strong>, y te convierte en operativo en pocos d\u00edas.  <\/p>\n\n<div style=\"height:44px\" aria-hidden=\"true\" class=\"wp-block-spacer\"><\/div>\n\n<figure class=\"wp-block-image alignright size-full is-resized\"><img decoding=\"async\" width=\"962\" height=\"963\" src=\"https:\/\/www.mylasertabac.com\/wp-content\/uploads\/2025\/06\/franchise-laser-anti-tabac-.jpeg\" alt=\"\" class=\"wp-image-9281\" style=\"width:381px;height:auto\" srcset=\"https:\/\/www.mylasertabac.com\/wp-content\/uploads\/2025\/06\/franchise-laser-anti-tabac-.jpeg 962w, https:\/\/www.mylasertabac.com\/wp-content\/uploads\/2025\/06\/franchise-laser-anti-tabac--300x300.jpeg 300w, https:\/\/www.mylasertabac.com\/wp-content\/uploads\/2025\/06\/franchise-laser-anti-tabac--150x150.jpeg 150w, https:\/\/www.mylasertabac.com\/wp-content\/uploads\/2025\/06\/franchise-laser-anti-tabac--768x769.jpeg 768w\" sizes=\"(max-width: 962px) 100vw, 962px\" \/><\/figure>\n\n<h3 class=\"wp-block-heading\"><strong>\ud83d\udcc8 Una oportunidad profesional en auge<\/strong><\/h3>\n\n<p>Con la subida del precio de los cigarrillos, las campa\u00f1as antitabaco y la creciente concienciaci\u00f3n de los fumadores, la demanda de <strong>l\u00e1seres antitabaco se est\u00e1 disparando<\/strong>. <strong>Los pacientes buscan soluciones naturales y duraderas<\/strong>, y el l\u00e1ser es la respuesta perfecta.<\/p>\n\n<p>El<a href=\"https:\/\/www.mylasertabac.com\/es\/informacion\/formacion-laser-antitabaco-y-contra-la-adiccion\/\"> curso de formaci\u00f3n l\u00e1ser contra el tabaquismo<\/a> y la adicci\u00f3n te permite :<\/p>\n\n<ul class=\"wp-block-list\">\n<li><strong>Crea tu propio centro de bienestar<\/strong> y ofrece tus servicios.<\/li>\n\n\n\n<li><strong>Trabajar en colaboraci\u00f3n con profesionales sanitarios<\/strong>.<\/li>\n\n\n\n<li><strong>Expande tu negocio por toda Francia<\/strong> gracias a la fuerte demanda.<\/li>\n<\/ul>\n\n<div style=\"height:42px\" aria-hidden=\"true\" class=\"wp-block-spacer\"><\/div>\n\n<h3 class=\"wp-block-heading\"><strong>\ud83c\udf93 Formaci\u00f3n llave en mano para un \u00e9xito r\u00e1pido<\/strong><\/h3>\n\n<div style=\"height:28px\" aria-hidden=\"true\" class=\"wp-block-spacer\"><\/div>\n\n<p>Con <strong><a href=\"https:\/\/www.mylasertabac.com\/es\/\">MiLaserTabac<\/a><\/strong>te beneficias de un completo paquete de formaci\u00f3n que incluye :<\/p>\n\n<ol start=\"1\" class=\"wp-block-list\">\n<li><strong>Dos d\u00edas de formaci\u00f3n presencial intensiva<\/strong> para aprender t\u00e9cnicas l\u00e1ser y estimulaci\u00f3n.<\/li>\n\n\n\n<li><strong>Un d\u00eda de inmersi\u00f3n en<\/strong> un centro especializado para observar y practicar.<\/li>\n\n\n\n<li><strong>Apoyo por videoconferencia<\/strong> posterior a la formaci\u00f3n para ayudarte a perfeccionar tu pr\u00e1ctica.<\/li>\n\n\n\n<li><strong>Seis meses de apoyo continuo<\/strong> para garantizar una puesta en marcha \u00f3ptima.<\/li>\n<\/ol>\n\n<div style=\"height:32px\" aria-hidden=\"true\" class=\"wp-block-spacer\"><\/div>\n\n<p class=\"has-cyan-bluish-gray-background-color has-background\">Lee tambi\u00e9n : <a href=\"https:\/\/www.mylasertabac.com\/es\/informacion\/formacion-laser-antitabaco-y-contra-la-adiccion\/\"><mark style=\"background-color:rgba(0, 0, 0, 0)\" class=\"has-inline-color has-luminous-vivid-orange-color\">Descubre el m\u00e9todo MyLaserTabac y convi\u00e9rtete en un profesional de la reflexolog\u00eda auditiva l\u00e1ser<\/mark><\/a><\/p>\n\n<div style=\"height:33px\" aria-hidden=\"true\" class=\"wp-block-spacer\"><\/div>\n\n<h2 class=\"wp-block-heading\"><strong>Realizaci\u00f3n personal a trav\u00e9s de esta profesi\u00f3n<\/strong><\/h2>\n\n<div style=\"height:28px\" aria-hidden=\"true\" class=\"wp-block-spacer\"><\/div>\n\n<h3 class=\"wp-block-heading\"><strong>\ud83d\udd04 Cambiar tu propia vida cambiando la vida de los dem\u00e1s<\/strong><\/h3>\n\n<div style=\"height:28px\" aria-hidden=\"true\" class=\"wp-block-spacer\"><\/div>\n\n<p>Trabajar en una <strong>profesi\u00f3n humana<\/strong> tambi\u00e9n transforma al profesional. Sentir\u00e1s <strong>un inmenso orgullo al<\/strong> ver a tus pacientes mejorar y recuperar una mejor calidad de vida. Cada sesi\u00f3n ser\u00e1 una <strong>victoria<\/strong> compartida con ellos, que reforzar\u00e1 tu motivaci\u00f3n y tu compromiso con esta profesi\u00f3n.  <\/p>\n\n<div style=\"height:28px\" aria-hidden=\"true\" class=\"wp-block-spacer\"><\/div>\n\n<h3 class=\"wp-block-heading\"><strong>\ud83e\udd1d Crear un v\u00ednculo fuerte con los pacientes<\/strong><\/h3>\n\n<div style=\"height:28px\" aria-hidden=\"true\" class=\"wp-block-spacer\"><\/div>\n\n<p>El apoyo para dejar de fumar es algo m\u00e1s que una sesi\u00f3n de l\u00e1ser. <strong>Te conviertes en un verdadero apoyo<\/strong> para tus pacientes, gui\u00e1ndoles a trav\u00e9s de un cambio profundo. Este v\u00ednculo de confianza es una fuente de satisfacci\u00f3n personal y profesional. <\/p>\n\n<div style=\"height:28px\" aria-hidden=\"true\" class=\"wp-block-spacer\"><\/div>\n\n<h3 class=\"wp-block-heading\"><strong>\ud83c\udfc6 Desarr\u00f3llate a tu propio ritmo y gestiona tu negocio como quieras<\/strong><\/h3>\n\n<div style=\"height:28px\" aria-hidden=\"true\" class=\"wp-block-spacer\"><\/div>\n\n<p>Convertirse en profesional del l\u00e1ser antitabaco ofrece <strong>una flexibilidad total<\/strong>:<\/p>\n\n<div style=\"height:28px\" aria-hidden=\"true\" class=\"wp-block-spacer\"><\/div>\n\n<ul class=\"wp-block-list\">\n<li>T\u00fa eliges <strong>tu horario<\/strong> y ritmo de <strong>trabajo<\/strong>.<\/li>\n\n\n\n<li>Puedes trabajar <strong>en una consulta<\/strong>.<\/li>\n\n\n\n<li>Eres <strong>tu propio jefe<\/strong>, lo que te da una libertad sin igual.<\/li>\n<\/ul>\n\n<div style=\"height:28px\" aria-hidden=\"true\" class=\"wp-block-spacer\"><\/div>\n\n<h3 class=\"wp-block-heading\"><strong>Testimonios de profesionales y pacientes<\/strong><\/h3>\n\n<div style=\"height:28px\" aria-hidden=\"true\" class=\"wp-block-spacer\"><\/div>\n\n<p><strong>\ud83d\udce2 Testimonio de Julien, antiguo empleado reciclado<\/strong><\/p>\n\n<div style=\"height:28px\" aria-hidden=\"true\" class=\"wp-block-spacer\"><\/div>\n\n<p>\u201cTrabaj\u00e9 durante 10 a\u00f1os en un empleo que ya no me fascinaba. Necesitaba un cambio, pero no quer\u00eda volver a cursar largos estudios. Cuando me enter\u00e9 del curso de formaci\u00f3n MyLaserTabac, di el paso. Hoy, por fin me siento <strong>\u00fatil y realizada<\/strong>. Ver a mis pacientes salir de mi consulta sin un cigarrillo es inmensamente satisfactorio.\u201d    <\/p>\n\n<div style=\"height:38px\" aria-hidden=\"true\" class=\"wp-block-spacer\"><\/div>\n\n<figure class=\"wp-block-image alignright size-full is-resized\"><img decoding=\"async\" width=\"1024\" height=\"1024\" src=\"https:\/\/www.mylasertabac.com\/wp-content\/uploads\/2025\/06\/d.png\" alt=\"\" class=\"wp-image-9273\" style=\"width:394px;height:auto\" srcset=\"https:\/\/www.mylasertabac.com\/wp-content\/uploads\/2025\/06\/d.png 1024w, https:\/\/www.mylasertabac.com\/wp-content\/uploads\/2025\/06\/d-300x300.png 300w, https:\/\/www.mylasertabac.com\/wp-content\/uploads\/2025\/06\/d-150x150.png 150w, https:\/\/www.mylasertabac.com\/wp-content\/uploads\/2025\/06\/d-768x768.png 768w\" sizes=\"(max-width: 1024px) 100vw, 1024px\" \/><\/figure>\n\n<p><strong>\ud83d\udcac Opiniones de pacientes que han dejado de fumar con \u00e9xito<\/strong><\/p>\n\n<p>\u201cLlevaba 15 a\u00f1os fumando y lo hab\u00eda probado todo: parches, hipnosis, medicaci\u00f3n&#8230; sin \u00e9xito. Despu\u00e9s de una sola sesi\u00f3n de l\u00e1ser, mi deseo de fumar desapareci\u00f3. Me gustar\u00eda dar las gracias a mi profesional por su atenci\u00f3n y apoyo\u201d.<\/p>\n\n<div style=\"height:46px\" aria-hidden=\"true\" class=\"wp-block-spacer\"><\/div>\n\n<h2 class=\"wp-block-heading\"><strong>Conclusi\u00f3n<\/strong><\/h2>\n\n<div style=\"height:28px\" aria-hidden=\"true\" class=\"wp-block-spacer\"><\/div>\n\n<p>Ser <strong>profesional del l\u00e1ser antitabaco<\/strong> es mucho m\u00e1s que un trabajo. Es una <strong>vocaci\u00f3n<\/strong> que nos permite proporcionar una ayuda real a las personas para que se liberen del tabaco, al tiempo que les ofrece una satisfacci\u00f3n personal inigualable. <\/p>\n\n<p>Accesible, humana y en auge, esta profesi\u00f3n ofrece perspectivas incre\u00edbles a quienes deseen realizar un trabajo <strong>\u00fatil, gratificante y rentable<\/strong>.<\/p>\n\n<p>\u00bfTe gustar\u00eda dar un <strong>nuevo sentido a tu carrera<\/strong> y realizarte en una profesi\u00f3n centrada en el bienestar?<\/p>\n\n<div style=\"height:28px\" aria-hidden=\"true\" class=\"wp-block-spacer\"><\/div>\n\n<p>\ud83d\ude80 <strong>\u00a1\u00danete a MyLaserTabac y convi\u00e9rtete en un agente del cambio hoy mismo!<\/strong><\/p>\n\n<div style=\"height:45px\" aria-hidden=\"true\" class=\"wp-block-spacer\"><\/div>\n\n<figure class=\"wp-block-image size-large\"><img decoding=\"async\" src=\"https:\/\/www.mylasertabac.com\/wp-content\/uploads\/\/mlt-verteau.svg\" alt=\"\" class=\"wp-image-13\"\/><\/figure>\n","protected":false},"excerpt":{"rendered":"<p>\u00bfY si tu trabajo pudiera tener un impacto directo en la vida de las personas? Muchas personas aspiran a un trabajo que aporte bienestar, apoyo y cambios positivos a los dem\u00e1s. Trabajar en apoyo humano es una fuente de realizaci\u00f3n profesional, que ofrece no s\u00f3lo una sensaci\u00f3n de satisfacci\u00f3n, sino tambi\u00e9n la oportunidad de hacer [&hellip;]<\/p>\n","protected":false},"author":2,"featured_media":9288,"comment_status":"closed","ping_status":"open","sticky":false,"template":"","format":"standard","meta":{"inline_featured_image":false,"footnotes":""},"categories":[588],"tags":[],"class_list":["post-9291","post","type-post","status-publish","format-standard","has-post-thumbnail","hentry","category-empresa"],"yoast_head":"<!-- This site is optimized with the Yoast SEO plugin v27.4 - https:\/\/yoast.com\/product\/yoast-seo-wordpress\/ -->\n<title>Trabajar en el bienestar y el apoyo: el l\u00e1ser antitabaco, una vocaci\u00f3n humana y gratificante - My Laser Tabac<\/title>\n<meta name=\"description\" content=\"Quieres emprender un negocio nuevo y en auge. MylaserTabac lanza su franquicia en el \u00e1mbito del bienestar y las adicciones.\" \/>\n<meta name=\"robots\" content=\"index, follow, max-snippet:-1, max-image-preview:large, max-video-preview:-1\" \/>\n<link rel=\"canonical\" href=\"https:\/\/www.mylasertabac.com\/es\/trabajar-en-el-bienestar-y-el-apoyo-el-laser-antitabaco-una-vocacion-humana-y-gratificante\/\" \/>\n<meta property=\"og:locale\" content=\"es_ES\" \/>\n<meta property=\"og:type\" content=\"article\" \/>\n<meta property=\"og:title\" content=\"Trabajar en el bienestar y el apoyo: el l\u00e1ser antitabaco, una vocaci\u00f3n humana y gratificante - My Laser Tabac\" \/>\n<meta property=\"og:description\" content=\"Quieres emprender un negocio nuevo y en auge. MylaserTabac lanza su franquicia en el \u00e1mbito del bienestar y las adicciones.\" \/>\n<meta property=\"og:url\" content=\"https:\/\/www.mylasertabac.com\/es\/trabajar-en-el-bienestar-y-el-apoyo-el-laser-antitabaco-una-vocacion-humana-y-gratificante\/\" \/>\n<meta property=\"og:site_name\" content=\"My Laser Tabac\" \/>\n<meta property=\"article:author\" content=\"https:\/\/www.facebook.com\/profile.php?id=61571554707319\" \/>\n<meta property=\"article:published_time\" content=\"2025-06-06T12:02:23+00:00\" \/>\n<meta property=\"article:modified_time\" content=\"2025-06-06T12:23:18+00:00\" \/>\n<meta property=\"og:image\" content=\"https:\/\/www.mylasertabac.com\/wp-content\/uploads\/2025\/06\/franchise-laser-anti-tabac-.jpeg\" \/>\n\t<meta property=\"og:image:width\" content=\"962\" \/>\n\t<meta property=\"og:image:height\" content=\"963\" \/>\n\t<meta property=\"og:image:type\" content=\"image\/jpeg\" \/>\n<meta name=\"author\" content=\"Florian Fortes\" \/>\n<meta name=\"twitter:card\" content=\"summary_large_image\" \/>\n<meta name=\"twitter:label1\" content=\"Escrito por\" \/>\n\t<meta name=\"twitter:data1\" content=\"Florian Fortes\" \/>\n\t<meta name=\"twitter:label2\" content=\"Tiempo de lectura\" \/>\n\t<meta name=\"twitter:data2\" content=\"6 minutos\" \/>\n<script type=\"application\/ld+json\" class=\"yoast-schema-graph\">{\"@context\":\"https:\\\/\\\/schema.org\",\"@graph\":[{\"@type\":\"Article\",\"@id\":\"https:\\\/\\\/www.mylasertabac.com\\\/es\\\/trabajar-en-el-bienestar-y-el-apoyo-el-laser-antitabaco-una-vocacion-humana-y-gratificante\\\/#article\",\"isPartOf\":{\"@id\":\"https:\\\/\\\/www.mylasertabac.com\\\/es\\\/trabajar-en-el-bienestar-y-el-apoyo-el-laser-antitabaco-una-vocacion-humana-y-gratificante\\\/\"},\"author\":{\"name\":\"Florian Fortes\",\"@id\":\"https:\\\/\\\/www.mylasertabac.com\\\/es\\\/#\\\/schema\\\/person\\\/02c249cb76d912efb6c315ec23eccdf3\"},\"headline\":\"Trabajar en el bienestar y el apoyo: el l\u00e1ser antitabaco, una vocaci\u00f3n humana y gratificante\",\"datePublished\":\"2025-06-06T12:02:23+00:00\",\"dateModified\":\"2025-06-06T12:23:18+00:00\",\"mainEntityOfPage\":{\"@id\":\"https:\\\/\\\/www.mylasertabac.com\\\/es\\\/trabajar-en-el-bienestar-y-el-apoyo-el-laser-antitabaco-una-vocacion-humana-y-gratificante\\\/\"},\"wordCount\":1161,\"publisher\":{\"@id\":\"https:\\\/\\\/www.mylasertabac.com\\\/es\\\/#organization\"},\"image\":{\"@id\":\"https:\\\/\\\/www.mylasertabac.com\\\/es\\\/trabajar-en-el-bienestar-y-el-apoyo-el-laser-antitabaco-una-vocacion-humana-y-gratificante\\\/#primaryimage\"},\"thumbnailUrl\":\"https:\\\/\\\/www.mylasertabac.com\\\/wp-content\\\/uploads\\\/2025\\\/06\\\/franchise-laser-anti-tabac-.jpeg\",\"articleSection\":[\"empresa\"],\"inLanguage\":\"es\"},{\"@type\":\"WebPage\",\"@id\":\"https:\\\/\\\/www.mylasertabac.com\\\/es\\\/trabajar-en-el-bienestar-y-el-apoyo-el-laser-antitabaco-una-vocacion-humana-y-gratificante\\\/\",\"url\":\"https:\\\/\\\/www.mylasertabac.com\\\/es\\\/trabajar-en-el-bienestar-y-el-apoyo-el-laser-antitabaco-una-vocacion-humana-y-gratificante\\\/\",\"name\":\"Trabajar en el bienestar y el apoyo: el l\u00e1ser antitabaco, una vocaci\u00f3n humana y gratificante - My Laser Tabac\",\"isPartOf\":{\"@id\":\"https:\\\/\\\/www.mylasertabac.com\\\/es\\\/#website\"},\"primaryImageOfPage\":{\"@id\":\"https:\\\/\\\/www.mylasertabac.com\\\/es\\\/trabajar-en-el-bienestar-y-el-apoyo-el-laser-antitabaco-una-vocacion-humana-y-gratificante\\\/#primaryimage\"},\"image\":{\"@id\":\"https:\\\/\\\/www.mylasertabac.com\\\/es\\\/trabajar-en-el-bienestar-y-el-apoyo-el-laser-antitabaco-una-vocacion-humana-y-gratificante\\\/#primaryimage\"},\"thumbnailUrl\":\"https:\\\/\\\/www.mylasertabac.com\\\/wp-content\\\/uploads\\\/2025\\\/06\\\/franchise-laser-anti-tabac-.jpeg\",\"datePublished\":\"2025-06-06T12:02:23+00:00\",\"dateModified\":\"2025-06-06T12:23:18+00:00\",\"description\":\"Quieres emprender un negocio nuevo y en auge. MylaserTabac lanza su franquicia en el \u00e1mbito del bienestar y las adicciones.\",\"breadcrumb\":{\"@id\":\"https:\\\/\\\/www.mylasertabac.com\\\/es\\\/trabajar-en-el-bienestar-y-el-apoyo-el-laser-antitabaco-una-vocacion-humana-y-gratificante\\\/#breadcrumb\"},\"inLanguage\":\"es\",\"potentialAction\":[{\"@type\":\"ReadAction\",\"target\":[\"https:\\\/\\\/www.mylasertabac.com\\\/es\\\/trabajar-en-el-bienestar-y-el-apoyo-el-laser-antitabaco-una-vocacion-humana-y-gratificante\\\/\"]}]},{\"@type\":\"ImageObject\",\"inLanguage\":\"es\",\"@id\":\"https:\\\/\\\/www.mylasertabac.com\\\/es\\\/trabajar-en-el-bienestar-y-el-apoyo-el-laser-antitabaco-una-vocacion-humana-y-gratificante\\\/#primaryimage\",\"url\":\"https:\\\/\\\/www.mylasertabac.com\\\/wp-content\\\/uploads\\\/2025\\\/06\\\/franchise-laser-anti-tabac-.jpeg\",\"contentUrl\":\"https:\\\/\\\/www.mylasertabac.com\\\/wp-content\\\/uploads\\\/2025\\\/06\\\/franchise-laser-anti-tabac-.jpeg\",\"width\":962,\"height\":963},{\"@type\":\"BreadcrumbList\",\"@id\":\"https:\\\/\\\/www.mylasertabac.com\\\/es\\\/trabajar-en-el-bienestar-y-el-apoyo-el-laser-antitabaco-una-vocacion-humana-y-gratificante\\\/#breadcrumb\",\"itemListElement\":[{\"@type\":\"ListItem\",\"position\":1,\"name\":\"Accueil\",\"item\":\"https:\\\/\\\/www.mylasertabac.com\\\/es\\\/inicio\\\/\"},{\"@type\":\"ListItem\",\"position\":2,\"name\":\"Trabajar en el bienestar y el apoyo: el l\u00e1ser antitabaco, una vocaci\u00f3n humana y gratificante\"}]},{\"@type\":\"WebSite\",\"@id\":\"https:\\\/\\\/www.mylasertabac.com\\\/es\\\/#website\",\"url\":\"https:\\\/\\\/www.mylasertabac.com\\\/es\\\/\",\"name\":\"My Laser Tabac\",\"description\":\"La solution laser qui transforme les fumeurs en ex-fumeurs\",\"publisher\":{\"@id\":\"https:\\\/\\\/www.mylasertabac.com\\\/es\\\/#organization\"},\"potentialAction\":[{\"@type\":\"SearchAction\",\"target\":{\"@type\":\"EntryPoint\",\"urlTemplate\":\"https:\\\/\\\/www.mylasertabac.com\\\/es\\\/?s={search_term_string}\"},\"query-input\":{\"@type\":\"PropertyValueSpecification\",\"valueRequired\":true,\"valueName\":\"search_term_string\"}}],\"inLanguage\":\"es\"},{\"@type\":\"Organization\",\"@id\":\"https:\\\/\\\/www.mylasertabac.com\\\/es\\\/#organization\",\"name\":\"My Laser Tabac\",\"url\":\"https:\\\/\\\/www.mylasertabac.com\\\/es\\\/\",\"logo\":{\"@type\":\"ImageObject\",\"inLanguage\":\"es\",\"@id\":\"https:\\\/\\\/www.mylasertabac.com\\\/es\\\/#\\\/schema\\\/logo\\\/image\\\/\",\"url\":\"https:\\\/\\\/www.mylasertabac.com\\\/wp-content\\\/uploads\\\/2024\\\/12\\\/mlt-verteau.svg\",\"contentUrl\":\"https:\\\/\\\/www.mylasertabac.com\\\/wp-content\\\/uploads\\\/2024\\\/12\\\/mlt-verteau.svg\",\"caption\":\"My Laser Tabac\"},\"image\":{\"@id\":\"https:\\\/\\\/www.mylasertabac.com\\\/es\\\/#\\\/schema\\\/logo\\\/image\\\/\"}},{\"@type\":\"Person\",\"@id\":\"https:\\\/\\\/www.mylasertabac.com\\\/es\\\/#\\\/schema\\\/person\\\/02c249cb76d912efb6c315ec23eccdf3\",\"name\":\"Florian Fortes\",\"image\":{\"@type\":\"ImageObject\",\"inLanguage\":\"es\",\"@id\":\"https:\\\/\\\/www.mylasertabac.com\\\/wp-content\\\/litespeed\\\/avatar\\\/142101a71d7b9e6490c1120d9c109a67.jpg?ver=1776856306\",\"url\":\"https:\\\/\\\/www.mylasertabac.com\\\/wp-content\\\/litespeed\\\/avatar\\\/142101a71d7b9e6490c1120d9c109a67.jpg?ver=1776856306\",\"contentUrl\":\"https:\\\/\\\/www.mylasertabac.com\\\/wp-content\\\/litespeed\\\/avatar\\\/142101a71d7b9e6490c1120d9c109a67.jpg?ver=1776856306\",\"caption\":\"Florian Fortes\"},\"sameAs\":[\"https:\\\/\\\/www.mylasertabac.com\",\"https:\\\/\\\/www.facebook.com\\\/profile.php?id=61571554707319\"],\"url\":\"https:\\\/\\\/www.mylasertabac.com\\\/es\\\/author\\\/florianfortes5312\\\/\"}]}<\/script>\n<!-- \/ Yoast SEO plugin. -->","yoast_head_json":{"title":"Trabajar en el bienestar y el apoyo: el l\u00e1ser antitabaco, una vocaci\u00f3n humana y gratificante - My Laser Tabac","description":"Quieres emprender un negocio nuevo y en auge. MylaserTabac lanza su franquicia en el \u00e1mbito del bienestar y las adicciones.","robots":{"index":"index","follow":"follow","max-snippet":"max-snippet:-1","max-image-preview":"max-image-preview:large","max-video-preview":"max-video-preview:-1"},"canonical":"https:\/\/www.mylasertabac.com\/es\/trabajar-en-el-bienestar-y-el-apoyo-el-laser-antitabaco-una-vocacion-humana-y-gratificante\/","og_locale":"es_ES","og_type":"article","og_title":"Trabajar en el bienestar y el apoyo: el l\u00e1ser antitabaco, una vocaci\u00f3n humana y gratificante - My Laser Tabac","og_description":"Quieres emprender un negocio nuevo y en auge. MylaserTabac lanza su franquicia en el \u00e1mbito del bienestar y las adicciones.","og_url":"https:\/\/www.mylasertabac.com\/es\/trabajar-en-el-bienestar-y-el-apoyo-el-laser-antitabaco-una-vocacion-humana-y-gratificante\/","og_site_name":"My Laser Tabac","article_author":"https:\/\/www.facebook.com\/profile.php?id=61571554707319","article_published_time":"2025-06-06T12:02:23+00:00","article_modified_time":"2025-06-06T12:23:18+00:00","og_image":[{"width":962,"height":963,"url":"https:\/\/www.mylasertabac.com\/wp-content\/uploads\/2025\/06\/franchise-laser-anti-tabac-.jpeg","type":"image\/jpeg"}],"author":"Florian Fortes","twitter_card":"summary_large_image","twitter_misc":{"Escrito por":"Florian Fortes","Tiempo de lectura":"6 minutos"},"schema":{"@context":"https:\/\/schema.org","@graph":[{"@type":"Article","@id":"https:\/\/www.mylasertabac.com\/es\/trabajar-en-el-bienestar-y-el-apoyo-el-laser-antitabaco-una-vocacion-humana-y-gratificante\/#article","isPartOf":{"@id":"https:\/\/www.mylasertabac.com\/es\/trabajar-en-el-bienestar-y-el-apoyo-el-laser-antitabaco-una-vocacion-humana-y-gratificante\/"},"author":{"name":"Florian Fortes","@id":"https:\/\/www.mylasertabac.com\/es\/#\/schema\/person\/02c249cb76d912efb6c315ec23eccdf3"},"headline":"Trabajar en el bienestar y el apoyo: el l\u00e1ser antitabaco, una vocaci\u00f3n humana y gratificante","datePublished":"2025-06-06T12:02:23+00:00","dateModified":"2025-06-06T12:23:18+00:00","mainEntityOfPage":{"@id":"https:\/\/www.mylasertabac.com\/es\/trabajar-en-el-bienestar-y-el-apoyo-el-laser-antitabaco-una-vocacion-humana-y-gratificante\/"},"wordCount":1161,"publisher":{"@id":"https:\/\/www.mylasertabac.com\/es\/#organization"},"image":{"@id":"https:\/\/www.mylasertabac.com\/es\/trabajar-en-el-bienestar-y-el-apoyo-el-laser-antitabaco-una-vocacion-humana-y-gratificante\/#primaryimage"},"thumbnailUrl":"https:\/\/www.mylasertabac.com\/wp-content\/uploads\/2025\/06\/franchise-laser-anti-tabac-.jpeg","articleSection":["empresa"],"inLanguage":"es"},{"@type":"WebPage","@id":"https:\/\/www.mylasertabac.com\/es\/trabajar-en-el-bienestar-y-el-apoyo-el-laser-antitabaco-una-vocacion-humana-y-gratificante\/","url":"https:\/\/www.mylasertabac.com\/es\/trabajar-en-el-bienestar-y-el-apoyo-el-laser-antitabaco-una-vocacion-humana-y-gratificante\/","name":"Trabajar en el bienestar y el apoyo: el l\u00e1ser antitabaco, una vocaci\u00f3n humana y gratificante - My Laser Tabac","isPartOf":{"@id":"https:\/\/www.mylasertabac.com\/es\/#website"},"primaryImageOfPage":{"@id":"https:\/\/www.mylasertabac.com\/es\/trabajar-en-el-bienestar-y-el-apoyo-el-laser-antitabaco-una-vocacion-humana-y-gratificante\/#primaryimage"},"image":{"@id":"https:\/\/www.mylasertabac.com\/es\/trabajar-en-el-bienestar-y-el-apoyo-el-laser-antitabaco-una-vocacion-humana-y-gratificante\/#primaryimage"},"thumbnailUrl":"https:\/\/www.mylasertabac.com\/wp-content\/uploads\/2025\/06\/franchise-laser-anti-tabac-.jpeg","datePublished":"2025-06-06T12:02:23+00:00","dateModified":"2025-06-06T12:23:18+00:00","description":"Quieres emprender un negocio nuevo y en auge. MylaserTabac lanza su franquicia en el \u00e1mbito del bienestar y las adicciones.","breadcrumb":{"@id":"https:\/\/www.mylasertabac.com\/es\/trabajar-en-el-bienestar-y-el-apoyo-el-laser-antitabaco-una-vocacion-humana-y-gratificante\/#breadcrumb"},"inLanguage":"es","potentialAction":[{"@type":"ReadAction","target":["https:\/\/www.mylasertabac.com\/es\/trabajar-en-el-bienestar-y-el-apoyo-el-laser-antitabaco-una-vocacion-humana-y-gratificante\/"]}]},{"@type":"ImageObject","inLanguage":"es","@id":"https:\/\/www.mylasertabac.com\/es\/trabajar-en-el-bienestar-y-el-apoyo-el-laser-antitabaco-una-vocacion-humana-y-gratificante\/#primaryimage","url":"https:\/\/www.mylasertabac.com\/wp-content\/uploads\/2025\/06\/franchise-laser-anti-tabac-.jpeg","contentUrl":"https:\/\/www.mylasertabac.com\/wp-content\/uploads\/2025\/06\/franchise-laser-anti-tabac-.jpeg","width":962,"height":963},{"@type":"BreadcrumbList","@id":"https:\/\/www.mylasertabac.com\/es\/trabajar-en-el-bienestar-y-el-apoyo-el-laser-antitabaco-una-vocacion-humana-y-gratificante\/#breadcrumb","itemListElement":[{"@type":"ListItem","position":1,"name":"Accueil","item":"https:\/\/www.mylasertabac.com\/es\/inicio\/"},{"@type":"ListItem","position":2,"name":"Trabajar en el bienestar y el apoyo: el l\u00e1ser antitabaco, una vocaci\u00f3n humana y gratificante"}]},{"@type":"WebSite","@id":"https:\/\/www.mylasertabac.com\/es\/#website","url":"https:\/\/www.mylasertabac.com\/es\/","name":"My Laser Tabac","description":"La solution laser qui transforme les fumeurs en ex-fumeurs","publisher":{"@id":"https:\/\/www.mylasertabac.com\/es\/#organization"},"potentialAction":[{"@type":"SearchAction","target":{"@type":"EntryPoint","urlTemplate":"https:\/\/www.mylasertabac.com\/es\/?s={search_term_string}"},"query-input":{"@type":"PropertyValueSpecification","valueRequired":true,"valueName":"search_term_string"}}],"inLanguage":"es"},{"@type":"Organization","@id":"https:\/\/www.mylasertabac.com\/es\/#organization","name":"My Laser Tabac","url":"https:\/\/www.mylasertabac.com\/es\/","logo":{"@type":"ImageObject","inLanguage":"es","@id":"https:\/\/www.mylasertabac.com\/es\/#\/schema\/logo\/image\/","url":"https:\/\/www.mylasertabac.com\/wp-content\/uploads\/2024\/12\/mlt-verteau.svg","contentUrl":"https:\/\/www.mylasertabac.com\/wp-content\/uploads\/2024\/12\/mlt-verteau.svg","caption":"My Laser Tabac"},"image":{"@id":"https:\/\/www.mylasertabac.com\/es\/#\/schema\/logo\/image\/"}},{"@type":"Person","@id":"https:\/\/www.mylasertabac.com\/es\/#\/schema\/person\/02c249cb76d912efb6c315ec23eccdf3","name":"Florian Fortes","image":{"@type":"ImageObject","inLanguage":"es","@id":"https:\/\/www.mylasertabac.com\/wp-content\/litespeed\/avatar\/142101a71d7b9e6490c1120d9c109a67.jpg?ver=1776856306","url":"https:\/\/www.mylasertabac.com\/wp-content\/litespeed\/avatar\/142101a71d7b9e6490c1120d9c109a67.jpg?ver=1776856306","contentUrl":"https:\/\/www.mylasertabac.com\/wp-content\/litespeed\/avatar\/142101a71d7b9e6490c1120d9c109a67.jpg?ver=1776856306","caption":"Florian Fortes"},"sameAs":["https:\/\/www.mylasertabac.com","https:\/\/www.facebook.com\/profile.php?id=61571554707319"],"url":"https:\/\/www.mylasertabac.com\/es\/author\/florianfortes5312\/"}]}},"_links":{"self":[{"href":"https:\/\/www.mylasertabac.com\/es\/wp-json\/wp\/v2\/posts\/9291","targetHints":{"allow":["GET"]}}],"collection":[{"href":"https:\/\/www.mylasertabac.com\/es\/wp-json\/wp\/v2\/posts"}],"about":[{"href":"https:\/\/www.mylasertabac.com\/es\/wp-json\/wp\/v2\/types\/post"}],"author":[{"embeddable":true,"href":"https:\/\/www.mylasertabac.com\/es\/wp-json\/wp\/v2\/users\/2"}],"replies":[{"embeddable":true,"href":"https:\/\/www.mylasertabac.com\/es\/wp-json\/wp\/v2\/comments?post=9291"}],"version-history":[{"count":3,"href":"https:\/\/www.mylasertabac.com\/es\/wp-json\/wp\/v2\/posts\/9291\/revisions"}],"predecessor-version":[{"id":9306,"href":"https:\/\/www.mylasertabac.com\/es\/wp-json\/wp\/v2\/posts\/9291\/revisions\/9306"}],"wp:featuredmedia":[{"embeddable":true,"href":"https:\/\/www.mylasertabac.com\/es\/wp-json\/wp\/v2\/media\/9288"}],"wp:attachment":[{"href":"https:\/\/www.mylasertabac.com\/es\/wp-json\/wp\/v2\/media?parent=9291"}],"wp:term":[{"taxonomy":"category","embeddable":true,"href":"https:\/\/www.mylasertabac.com\/es\/wp-json\/wp\/v2\/categories?post=9291"},{"taxonomy":"post_tag","embeddable":true,"href":"https:\/\/www.mylasertabac.com\/es\/wp-json\/wp\/v2\/tags?post=9291"}],"curies":[{"name":"wp","href":"https:\/\/api.w.org\/{rel}","templated":true}]}}