{"id":9431,"date":"2025-06-11T16:06:26","date_gmt":"2025-06-11T14:06:26","guid":{"rendered":"https:\/\/www.mylasertabac.com\/los-que-trabajan-por-un-mundo-sin-humo-un-homenaje-a-los-que-marcan-la-diferencia\/"},"modified":"2025-06-11T16:33:13","modified_gmt":"2025-06-11T14:33:13","slug":"los-que-trabajan-por-un-mundo-sin-humo-un-homenaje-a-los-que-marcan-la-diferencia","status":"publish","type":"post","link":"https:\/\/www.mylasertabac.com\/es\/los-que-trabajan-por-un-mundo-sin-humo-un-homenaje-a-los-que-marcan-la-diferencia\/","title":{"rendered":"Los que trabajan por un mundo sin humo: un homenaje a los que marcan la diferencia"},"content":{"rendered":"\n<div style=\"height:19px\" aria-hidden=\"true\" class=\"wp-block-spacer\"><\/div>\n\n<p>Cada a\u00f1o, en <strong>el D\u00eda Mundial Sin Tabaco<\/strong>, decenas de personalidades, organizaciones e instituciones reciben premios por su <strong>compromiso en la lucha contra el tabaquismo<\/strong>. Detr\u00e1s de estos premios simb\u00f3licos se esconde una realidad muy real: una batalla a largo plazo para proteger la salud p\u00fablica y salvar millones de vidas. <\/p>\n\n<p>En un mundo en el que la industria tabaquera se renueva constantemente para atraer a las generaciones m\u00e1s j\u00f3venes, es m\u00e1s crucial que nunca saludar la labor de quienes <strong>resisten la presi\u00f3n, informan, legislan y se preocupan<\/strong>.<\/p>\n\n<div style=\"height:28px\" aria-hidden=\"true\" class=\"wp-block-spacer\"><\/div>\n\n<hr class=\"wp-block-separator has-alpha-channel-opacity\"\/>\n\n<figure class=\"wp-block-image alignleft size-full is-resized\"><img fetchpriority=\"high\" decoding=\"async\" width=\"1024\" height=\"1024\" src=\"https:\/\/www.mylasertabac.com\/wp-content\/uploads\/2025\/06\/1F3234A4-3024-4BAE-8B7D-65C12C9D2778.png\" alt=\"\" class=\"wp-image-9446\" style=\"width:421px;height:auto\" srcset=\"https:\/\/www.mylasertabac.com\/wp-content\/uploads\/2025\/06\/1F3234A4-3024-4BAE-8B7D-65C12C9D2778.png 1024w, https:\/\/www.mylasertabac.com\/wp-content\/uploads\/2025\/06\/1F3234A4-3024-4BAE-8B7D-65C12C9D2778-300x300.png 300w, https:\/\/www.mylasertabac.com\/wp-content\/uploads\/2025\/06\/1F3234A4-3024-4BAE-8B7D-65C12C9D2778-150x150.png 150w, https:\/\/www.mylasertabac.com\/wp-content\/uploads\/2025\/06\/1F3234A4-3024-4BAE-8B7D-65C12C9D2778-768x768.png 768w\" sizes=\"(max-width: 1024px) 100vw, 1024px\" \/><\/figure>\n\n<h2 class=\"wp-block-heading\">\ud83d\udead El tabaco, todav\u00eda hoy una de las mayores lacras de la salud p\u00fablica<\/h2>\n\n<p>Con casi <strong>8 millones de muertes al a\u00f1o en todo el mundo<\/strong>, el tabaco sigue siendo la <strong>principal causa de muerte evitable<\/strong>. Sus efectos son devastadores: c\u00e1nceres, enfermedades cardiovasculares, patolog\u00edas respiratorias cr\u00f3nicas, problemas de fertilidad&#8230; <\/p>\n\n<p>Pero m\u00e1s all\u00e1 de las cifras, hay que deconstruir todo un <strong>sistema econ\u00f3mico, cultural y social<\/strong>. Porque el tabaco no es s\u00f3lo una sustancia: es un <strong>mercado<\/strong>, una <strong>adicci\u00f3n que se fomenta<\/strong>, y a menudo un <strong>objetivo dirigido a los m\u00e1s vulnerables<\/strong>: j\u00f3venes, personas con bajos ingresos, personas con poca informaci\u00f3n. <\/p>\n\n<div style=\"height:31px\" aria-hidden=\"true\" class=\"wp-block-spacer\"><\/div>\n\n<hr class=\"wp-block-separator has-alpha-channel-opacity\"\/>\n\n<h2 class=\"wp-block-heading\">\ud83c\udf0d Un d\u00eda mundial de sensibilizaci\u00f3n<\/h2>\n\n<div style=\"height:19px\" aria-hidden=\"true\" class=\"wp-block-spacer\"><\/div>\n\n<p>Celebrado cada <strong>31 de mayo<\/strong>, <strong>el D\u00eda Mundial Sin Tabaco<\/strong> es una oportunidad para que la OMS y sus socios pongan de relieve :<\/p>\n\n<div style=\"height:19px\" aria-hidden=\"true\" class=\"wp-block-spacer\"><\/div>\n\n<ul class=\"wp-block-list\">\n<li>los <strong>progresos realizados<\/strong>,<\/li>\n\n\n\n<li><strong>retos persistentes<\/strong>,<\/li>\n\n\n\n<li>y, sobre todo, los <strong>agentes del cambio<\/strong>.<\/li>\n<\/ul>\n\n<div style=\"height:19px\" aria-hidden=\"true\" class=\"wp-block-spacer\"><\/div>\n\n<p>En 2025, el tema se centrar\u00e1 en <strong>desvelar las estrategias de seducci\u00f3n<\/strong> de la industria tabaquera, sobre todo mediante publicidad encubierta, sabores atractivos y marketing dirigido a los adolescentes.<\/p>\n\n<div style=\"height:19px\" aria-hidden=\"true\" class=\"wp-block-spacer\"><\/div>\n\n<hr class=\"wp-block-separator has-alpha-channel-opacity\"\/>\n\n<p class=\"has-cyan-bluish-gray-background-color has-background\">Lee tambi\u00e9n: <a href=\"https:\/\/www.mylasertabac.com\/es\/informacion\/formacion-laser-antitabaco-y-contra-la-adiccion\/\"> <mark style=\"background-color:rgba(0, 0, 0, 0)\" class=\"has-inline-color has-luminous-vivid-orange-color\">Convi\u00e9rtete en un experto en el campo de la reflexolog\u00eda auricular, ofrecemos cursos de formaci\u00f3n para ayudarte a utilizar el l\u00e1ser y comprender todos los puntos de acupuntura. <\/mark><\/a> <\/p>\n\n<div style=\"height:19px\" aria-hidden=\"true\" class=\"wp-block-spacer\"><\/div>\n\n<h2 class=\"wp-block-heading\">\ud83c\udfc6 Los ganadores de 2025: perfiles inspiradores de todo el mundo<\/h2>\n\n<div style=\"height:19px\" aria-hidden=\"true\" class=\"wp-block-spacer\"><\/div>\n\n<p>Los ganadores de este a\u00f1o son :<\/p>\n\n<div style=\"height:19px\" aria-hidden=\"true\" class=\"wp-block-spacer\"><\/div>\n\n<ul class=\"wp-block-list\">\n<li><strong>m\u00e9dicos comprometidos<\/strong>, detr\u00e1s de campa\u00f1as de sensibilizaci\u00f3n a gran escala,<\/li>\n\n\n\n<li><strong>responsables pol\u00edticos<\/strong>, que han aprobado leyes que proh\u00edben fumar en lugares p\u00fablicos,<\/li>\n\n\n\n<li><strong>ONG locales<\/strong>, presentes en los barrios m\u00e1s expuestos,<\/li>\n\n\n\n<li>e <strong>investigadores<\/strong>, que documentan las pr\u00e1cticas de la industria y analizan el impacto de las medidas de prevenci\u00f3n.<\/li>\n<\/ul>\n\n<div style=\"height:19px\" aria-hidden=\"true\" class=\"wp-block-spacer\"><\/div>\n\n<p>Estas son las personas que, a <strong>diario, construyen un futuro sin humo<\/strong>.<\/p>\n\n<div style=\"height:19px\" aria-hidden=\"true\" class=\"wp-block-spacer\"><\/div>\n\n<hr class=\"wp-block-separator has-alpha-channel-opacity\"\/>\n\n<h2 class=\"wp-block-heading\">\ud83d\udcac Compromisos concretos que salvan vidas<\/h2>\n\n<div style=\"height:19px\" aria-hidden=\"true\" class=\"wp-block-spacer\"><\/div>\n\n<p>Las acciones de estos actores tienen <strong>un impacto directo<\/strong> en la salud p\u00fablica:<\/p>\n\n<div style=\"height:19px\" aria-hidden=\"true\" class=\"wp-block-spacer\"><\/div>\n\n<ul class=\"wp-block-list\">\n<li>establecer<strong>zonas libres de humo<\/strong> (playas, escuelas, paradas de autob\u00fas),<\/li>\n\n\n\n<li>la prohibici\u00f3n de los <strong>productos de vapeo aromatizados<\/strong> para los j\u00f3venes,<\/li>\n\n\n\n<li>el aumento gradual del <strong>precio de los cigarrillos<\/strong>,<\/li>\n\n\n\n<li>y apoyo a las personas <strong>que pasan por el proceso de abstinencia<\/strong>.<\/li>\n<\/ul>\n\n<div style=\"height:19px\" aria-hidden=\"true\" class=\"wp-block-spacer\"><\/div>\n\n<p>Con cada avance normativo o sanitario, una nueva generaci\u00f3n crece <strong>sin el cigarrillo como norma<\/strong>.<\/p>\n\n<div style=\"height:19px\" aria-hidden=\"true\" class=\"wp-block-spacer\"><\/div>\n\n<hr class=\"wp-block-separator has-alpha-channel-opacity\"\/>\n\n<h2 class=\"wp-block-heading\">\ud83d\udcc8 El tabaquismo est\u00e1 disminuyendo, pero sigue siendo necesaria la vigilancia<\/h2>\n\n<div style=\"height:19px\" aria-hidden=\"true\" class=\"wp-block-spacer\"><\/div>\n\n<p>Las ventas de cigarrillos han disminuido considerablemente en Francia, y la proporci\u00f3n de fumadores habituales est\u00e1 disminuyendo, sobre todo entre los adultos j\u00f3venes. Una tendencia alentadora, pero que no debe ocultar el hecho : <\/p>\n\n<div style=\"height:19px\" aria-hidden=\"true\" class=\"wp-block-spacer\"><\/div>\n\n<ul class=\"wp-block-list\">\n<li>desigualdades persistentes (el tabaco tiene un mayor impacto en los grupos desfavorecidos),<\/li>\n\n\n\n<li>el auge del <strong>cigarrillo<\/strong> electr\u00f3nico como sustituto controvertido,<\/li>\n\n\n\n<li>e <strong>intentos de<\/strong> los fabricantes <strong>de eludir<\/strong> la normativa.<\/li>\n<\/ul>\n\n<div style=\"height:19px\" aria-hidden=\"true\" class=\"wp-block-spacer\"><\/div>\n\n<hr class=\"wp-block-separator has-alpha-channel-opacity\"\/>\n\n<h2 class=\"wp-block-heading\">\ud83d\udc65 Convi\u00e9rtete t\u00fa mismo en un agente de cambio<\/h2>\n\n<div style=\"height:19px\" aria-hidden=\"true\" class=\"wp-block-spacer\"><\/div>\n\n<p>El \u00e9xito en la lucha contra el tabaquismo depende tambi\u00e9n del compromiso de los ciudadanos, los profesionales sanitarios y los educadores. Cada vez m\u00e1s personas eligen : <\/p>\n\n<div style=\"height:19px\" aria-hidden=\"true\" class=\"wp-block-spacer\"><\/div>\n\n<ul class=\"wp-block-list\">\n<li>formaci\u00f3n en<strong>apoyo para dejar de fumar<\/strong> (incluidos enfoques como el <strong>l\u00e1ser antitabaco<\/strong>, la reflexolog\u00eda auricular, etc.) <strong><a href=\"https:\/\/www.mylasertabac.com\/es\/\">reflexolog\u00eda auricular<\/a><\/strong>o la <strong>auriculoterapia<\/strong>),<\/li>\n\n\n\n<li>transmitir <strong>mensajes de prevenci\u00f3n<\/strong>,<\/li>\n\n\n\n<li>o simplemente <strong>apoyar a sus seres queridos<\/strong> en sus esfuerzos por dejar de fumar.<\/li>\n<\/ul>\n\n<div style=\"height:19px\" aria-hidden=\"true\" class=\"wp-block-spacer\"><\/div>\n\n<hr class=\"wp-block-separator has-alpha-channel-opacity\"\/>\n\n<h2 class=\"wp-block-heading\">\ud83d\udca1 En conclusi\u00f3n: cada gesto cuenta en la lucha contra el tabaco<\/h2>\n\n<div style=\"height:19px\" aria-hidden=\"true\" class=\"wp-block-spacer\"><\/div>\n\n<p>El D\u00eda Mundial Sin Tabaco no es s\u00f3lo un s\u00edmbolo. Es un <strong>recordatorio anual<\/strong> para reconocer a quienes act\u00faan, a menudo entre bastidores, para <strong>salvar vidas<\/strong>. <\/p>\n\n<p>En un mundo en el que los intereses econ\u00f3micos se anteponen con demasiada frecuencia a la salud colectiva, <strong>es esencial destacar estas voces valientes<\/strong>. Porque gracias a ellas, un mundo sin tabaco ya no es una utop\u00eda, sino un proyecto colectivo&#8230; en marcha. <\/p>\n\n<div style=\"height:39px\" aria-hidden=\"true\" class=\"wp-block-spacer\"><\/div>\n\n<figure class=\"wp-block-image size-large\"><img decoding=\"async\" src=\"https:\/\/www.mylasertabac.com\/wp-content\/uploads\/\/mlt-verteau.svg\" alt=\"\" class=\"wp-image-13\"\/><\/figure>\n","protected":false},"excerpt":{"rendered":"<p>Cada a\u00f1o, en el D\u00eda Mundial Sin Tabaco, decenas de personalidades, organizaciones e instituciones reciben premios por su compromiso en la lucha contra el tabaquismo. Detr\u00e1s de estos premios simb\u00f3licos se esconde una realidad muy real: una batalla a largo plazo para proteger la salud p\u00fablica y salvar millones de vidas. En un mundo en [&hellip;]<\/p>\n","protected":false},"author":2,"featured_media":9429,"comment_status":"closed","ping_status":"open","sticky":false,"template":"","format":"standard","meta":{"inline_featured_image":false,"footnotes":""},"categories":[582],"tags":[],"class_list":["post-9431","post","type-post","status-publish","format-standard","has-post-thumbnail","hentry","category-ley"],"yoast_head":"<!-- This site is optimized with the Yoast SEO plugin v27.4 - https:\/\/yoast.com\/product\/yoast-seo-wordpress\/ -->\n<title>Los que trabajan por un mundo sin humo: un homenaje a los que marcan la diferencia - My Laser Tabac<\/title>\n<meta name=\"description\" content=\"Descubre a los actores premiados en el D\u00eda Mundial Sin Tabaco 2025 por su compromiso en la lucha contra el tabaquismo.\" \/>\n<meta name=\"robots\" content=\"index, follow, max-snippet:-1, max-image-preview:large, max-video-preview:-1\" \/>\n<link rel=\"canonical\" href=\"https:\/\/www.mylasertabac.com\/es\/los-que-trabajan-por-un-mundo-sin-humo-un-homenaje-a-los-que-marcan-la-diferencia\/\" \/>\n<meta property=\"og:locale\" content=\"es_ES\" \/>\n<meta property=\"og:type\" content=\"article\" \/>\n<meta property=\"og:title\" content=\"Los que trabajan por un mundo sin humo: un homenaje a los que marcan la diferencia - My Laser Tabac\" \/>\n<meta property=\"og:description\" content=\"Descubre a los actores premiados en el D\u00eda Mundial Sin Tabaco 2025 por su compromiso en la lucha contra el tabaquismo.\" \/>\n<meta property=\"og:url\" content=\"https:\/\/www.mylasertabac.com\/es\/los-que-trabajan-por-un-mundo-sin-humo-un-homenaje-a-los-que-marcan-la-diferencia\/\" \/>\n<meta property=\"og:site_name\" content=\"My Laser Tabac\" \/>\n<meta property=\"article:author\" content=\"https:\/\/www.facebook.com\/profile.php?id=61571554707319\" \/>\n<meta property=\"article:published_time\" content=\"2025-06-11T14:06:26+00:00\" \/>\n<meta property=\"article:modified_time\" content=\"2025-06-11T14:33:13+00:00\" \/>\n<meta property=\"og:image\" content=\"https:\/\/www.mylasertabac.com\/wp-content\/uploads\/2025\/06\/journ-1.png\" \/>\n\t<meta property=\"og:image:width\" content=\"1536\" \/>\n\t<meta property=\"og:image:height\" content=\"1024\" \/>\n\t<meta property=\"og:image:type\" content=\"image\/png\" \/>\n<meta name=\"author\" content=\"Florian Fortes\" \/>\n<meta name=\"twitter:card\" content=\"summary_large_image\" \/>\n<meta name=\"twitter:label1\" content=\"Escrito por\" \/>\n\t<meta name=\"twitter:data1\" content=\"Florian Fortes\" \/>\n\t<meta name=\"twitter:label2\" content=\"Tiempo de lectura\" \/>\n\t<meta name=\"twitter:data2\" content=\"4 minutos\" \/>\n<script type=\"application\/ld+json\" class=\"yoast-schema-graph\">{\"@context\":\"https:\\\/\\\/schema.org\",\"@graph\":[{\"@type\":\"Article\",\"@id\":\"https:\\\/\\\/www.mylasertabac.com\\\/es\\\/los-que-trabajan-por-un-mundo-sin-humo-un-homenaje-a-los-que-marcan-la-diferencia\\\/#article\",\"isPartOf\":{\"@id\":\"https:\\\/\\\/www.mylasertabac.com\\\/es\\\/los-que-trabajan-por-un-mundo-sin-humo-un-homenaje-a-los-que-marcan-la-diferencia\\\/\"},\"author\":{\"name\":\"Florian Fortes\",\"@id\":\"https:\\\/\\\/www.mylasertabac.com\\\/es\\\/#\\\/schema\\\/person\\\/02c249cb76d912efb6c315ec23eccdf3\"},\"headline\":\"Los que trabajan por un mundo sin humo: un homenaje a los que marcan la diferencia\",\"datePublished\":\"2025-06-11T14:06:26+00:00\",\"dateModified\":\"2025-06-11T14:33:13+00:00\",\"mainEntityOfPage\":{\"@id\":\"https:\\\/\\\/www.mylasertabac.com\\\/es\\\/los-que-trabajan-por-un-mundo-sin-humo-un-homenaje-a-los-que-marcan-la-diferencia\\\/\"},\"wordCount\":737,\"publisher\":{\"@id\":\"https:\\\/\\\/www.mylasertabac.com\\\/es\\\/#organization\"},\"image\":{\"@id\":\"https:\\\/\\\/www.mylasertabac.com\\\/es\\\/los-que-trabajan-por-un-mundo-sin-humo-un-homenaje-a-los-que-marcan-la-diferencia\\\/#primaryimage\"},\"thumbnailUrl\":\"https:\\\/\\\/www.mylasertabac.com\\\/wp-content\\\/uploads\\\/2025\\\/06\\\/journ-1.png\",\"articleSection\":[\"ley\"],\"inLanguage\":\"es\"},{\"@type\":\"WebPage\",\"@id\":\"https:\\\/\\\/www.mylasertabac.com\\\/es\\\/los-que-trabajan-por-un-mundo-sin-humo-un-homenaje-a-los-que-marcan-la-diferencia\\\/\",\"url\":\"https:\\\/\\\/www.mylasertabac.com\\\/es\\\/los-que-trabajan-por-un-mundo-sin-humo-un-homenaje-a-los-que-marcan-la-diferencia\\\/\",\"name\":\"Los que trabajan por un mundo sin humo: un homenaje a los que marcan la diferencia - My Laser Tabac\",\"isPartOf\":{\"@id\":\"https:\\\/\\\/www.mylasertabac.com\\\/es\\\/#website\"},\"primaryImageOfPage\":{\"@id\":\"https:\\\/\\\/www.mylasertabac.com\\\/es\\\/los-que-trabajan-por-un-mundo-sin-humo-un-homenaje-a-los-que-marcan-la-diferencia\\\/#primaryimage\"},\"image\":{\"@id\":\"https:\\\/\\\/www.mylasertabac.com\\\/es\\\/los-que-trabajan-por-un-mundo-sin-humo-un-homenaje-a-los-que-marcan-la-diferencia\\\/#primaryimage\"},\"thumbnailUrl\":\"https:\\\/\\\/www.mylasertabac.com\\\/wp-content\\\/uploads\\\/2025\\\/06\\\/journ-1.png\",\"datePublished\":\"2025-06-11T14:06:26+00:00\",\"dateModified\":\"2025-06-11T14:33:13+00:00\",\"description\":\"Descubre a los actores premiados en el D\u00eda Mundial Sin Tabaco 2025 por su compromiso en la lucha contra el tabaquismo.\",\"breadcrumb\":{\"@id\":\"https:\\\/\\\/www.mylasertabac.com\\\/es\\\/los-que-trabajan-por-un-mundo-sin-humo-un-homenaje-a-los-que-marcan-la-diferencia\\\/#breadcrumb\"},\"inLanguage\":\"es\",\"potentialAction\":[{\"@type\":\"ReadAction\",\"target\":[\"https:\\\/\\\/www.mylasertabac.com\\\/es\\\/los-que-trabajan-por-un-mundo-sin-humo-un-homenaje-a-los-que-marcan-la-diferencia\\\/\"]}]},{\"@type\":\"ImageObject\",\"inLanguage\":\"es\",\"@id\":\"https:\\\/\\\/www.mylasertabac.com\\\/es\\\/los-que-trabajan-por-un-mundo-sin-humo-un-homenaje-a-los-que-marcan-la-diferencia\\\/#primaryimage\",\"url\":\"https:\\\/\\\/www.mylasertabac.com\\\/wp-content\\\/uploads\\\/2025\\\/06\\\/journ-1.png\",\"contentUrl\":\"https:\\\/\\\/www.mylasertabac.com\\\/wp-content\\\/uploads\\\/2025\\\/06\\\/journ-1.png\",\"width\":1536,\"height\":1024},{\"@type\":\"BreadcrumbList\",\"@id\":\"https:\\\/\\\/www.mylasertabac.com\\\/es\\\/los-que-trabajan-por-un-mundo-sin-humo-un-homenaje-a-los-que-marcan-la-diferencia\\\/#breadcrumb\",\"itemListElement\":[{\"@type\":\"ListItem\",\"position\":1,\"name\":\"Accueil\",\"item\":\"https:\\\/\\\/www.mylasertabac.com\\\/es\\\/inicio\\\/\"},{\"@type\":\"ListItem\",\"position\":2,\"name\":\"Los que trabajan por un mundo sin humo: un homenaje a los que marcan la diferencia\"}]},{\"@type\":\"WebSite\",\"@id\":\"https:\\\/\\\/www.mylasertabac.com\\\/es\\\/#website\",\"url\":\"https:\\\/\\\/www.mylasertabac.com\\\/es\\\/\",\"name\":\"My Laser Tabac\",\"description\":\"La solution laser qui transforme les fumeurs en ex-fumeurs\",\"publisher\":{\"@id\":\"https:\\\/\\\/www.mylasertabac.com\\\/es\\\/#organization\"},\"potentialAction\":[{\"@type\":\"SearchAction\",\"target\":{\"@type\":\"EntryPoint\",\"urlTemplate\":\"https:\\\/\\\/www.mylasertabac.com\\\/es\\\/?s={search_term_string}\"},\"query-input\":{\"@type\":\"PropertyValueSpecification\",\"valueRequired\":true,\"valueName\":\"search_term_string\"}}],\"inLanguage\":\"es\"},{\"@type\":\"Organization\",\"@id\":\"https:\\\/\\\/www.mylasertabac.com\\\/es\\\/#organization\",\"name\":\"My Laser Tabac\",\"url\":\"https:\\\/\\\/www.mylasertabac.com\\\/es\\\/\",\"logo\":{\"@type\":\"ImageObject\",\"inLanguage\":\"es\",\"@id\":\"https:\\\/\\\/www.mylasertabac.com\\\/es\\\/#\\\/schema\\\/logo\\\/image\\\/\",\"url\":\"https:\\\/\\\/www.mylasertabac.com\\\/wp-content\\\/uploads\\\/2024\\\/12\\\/mlt-verteau.svg\",\"contentUrl\":\"https:\\\/\\\/www.mylasertabac.com\\\/wp-content\\\/uploads\\\/2024\\\/12\\\/mlt-verteau.svg\",\"caption\":\"My Laser Tabac\"},\"image\":{\"@id\":\"https:\\\/\\\/www.mylasertabac.com\\\/es\\\/#\\\/schema\\\/logo\\\/image\\\/\"}},{\"@type\":\"Person\",\"@id\":\"https:\\\/\\\/www.mylasertabac.com\\\/es\\\/#\\\/schema\\\/person\\\/02c249cb76d912efb6c315ec23eccdf3\",\"name\":\"Florian Fortes\",\"image\":{\"@type\":\"ImageObject\",\"inLanguage\":\"es\",\"@id\":\"https:\\\/\\\/www.mylasertabac.com\\\/wp-content\\\/litespeed\\\/avatar\\\/142101a71d7b9e6490c1120d9c109a67.jpg?ver=1776856306\",\"url\":\"https:\\\/\\\/www.mylasertabac.com\\\/wp-content\\\/litespeed\\\/avatar\\\/142101a71d7b9e6490c1120d9c109a67.jpg?ver=1776856306\",\"contentUrl\":\"https:\\\/\\\/www.mylasertabac.com\\\/wp-content\\\/litespeed\\\/avatar\\\/142101a71d7b9e6490c1120d9c109a67.jpg?ver=1776856306\",\"caption\":\"Florian Fortes\"},\"sameAs\":[\"https:\\\/\\\/www.mylasertabac.com\",\"https:\\\/\\\/www.facebook.com\\\/profile.php?id=61571554707319\"],\"url\":\"https:\\\/\\\/www.mylasertabac.com\\\/es\\\/author\\\/florianfortes5312\\\/\"}]}<\/script>\n<!-- \/ Yoast SEO plugin. -->","yoast_head_json":{"title":"Los que trabajan por un mundo sin humo: un homenaje a los que marcan la diferencia - My Laser Tabac","description":"Descubre a los actores premiados en el D\u00eda Mundial Sin Tabaco 2025 por su compromiso en la lucha contra el tabaquismo.","robots":{"index":"index","follow":"follow","max-snippet":"max-snippet:-1","max-image-preview":"max-image-preview:large","max-video-preview":"max-video-preview:-1"},"canonical":"https:\/\/www.mylasertabac.com\/es\/los-que-trabajan-por-un-mundo-sin-humo-un-homenaje-a-los-que-marcan-la-diferencia\/","og_locale":"es_ES","og_type":"article","og_title":"Los que trabajan por un mundo sin humo: un homenaje a los que marcan la diferencia - My Laser Tabac","og_description":"Descubre a los actores premiados en el D\u00eda Mundial Sin Tabaco 2025 por su compromiso en la lucha contra el tabaquismo.","og_url":"https:\/\/www.mylasertabac.com\/es\/los-que-trabajan-por-un-mundo-sin-humo-un-homenaje-a-los-que-marcan-la-diferencia\/","og_site_name":"My Laser Tabac","article_author":"https:\/\/www.facebook.com\/profile.php?id=61571554707319","article_published_time":"2025-06-11T14:06:26+00:00","article_modified_time":"2025-06-11T14:33:13+00:00","og_image":[{"width":1536,"height":1024,"url":"https:\/\/www.mylasertabac.com\/wp-content\/uploads\/2025\/06\/journ-1.png","type":"image\/png"}],"author":"Florian Fortes","twitter_card":"summary_large_image","twitter_misc":{"Escrito por":"Florian Fortes","Tiempo de lectura":"4 minutos"},"schema":{"@context":"https:\/\/schema.org","@graph":[{"@type":"Article","@id":"https:\/\/www.mylasertabac.com\/es\/los-que-trabajan-por-un-mundo-sin-humo-un-homenaje-a-los-que-marcan-la-diferencia\/#article","isPartOf":{"@id":"https:\/\/www.mylasertabac.com\/es\/los-que-trabajan-por-un-mundo-sin-humo-un-homenaje-a-los-que-marcan-la-diferencia\/"},"author":{"name":"Florian Fortes","@id":"https:\/\/www.mylasertabac.com\/es\/#\/schema\/person\/02c249cb76d912efb6c315ec23eccdf3"},"headline":"Los que trabajan por un mundo sin humo: un homenaje a los que marcan la diferencia","datePublished":"2025-06-11T14:06:26+00:00","dateModified":"2025-06-11T14:33:13+00:00","mainEntityOfPage":{"@id":"https:\/\/www.mylasertabac.com\/es\/los-que-trabajan-por-un-mundo-sin-humo-un-homenaje-a-los-que-marcan-la-diferencia\/"},"wordCount":737,"publisher":{"@id":"https:\/\/www.mylasertabac.com\/es\/#organization"},"image":{"@id":"https:\/\/www.mylasertabac.com\/es\/los-que-trabajan-por-un-mundo-sin-humo-un-homenaje-a-los-que-marcan-la-diferencia\/#primaryimage"},"thumbnailUrl":"https:\/\/www.mylasertabac.com\/wp-content\/uploads\/2025\/06\/journ-1.png","articleSection":["ley"],"inLanguage":"es"},{"@type":"WebPage","@id":"https:\/\/www.mylasertabac.com\/es\/los-que-trabajan-por-un-mundo-sin-humo-un-homenaje-a-los-que-marcan-la-diferencia\/","url":"https:\/\/www.mylasertabac.com\/es\/los-que-trabajan-por-un-mundo-sin-humo-un-homenaje-a-los-que-marcan-la-diferencia\/","name":"Los que trabajan por un mundo sin humo: un homenaje a los que marcan la diferencia - My Laser Tabac","isPartOf":{"@id":"https:\/\/www.mylasertabac.com\/es\/#website"},"primaryImageOfPage":{"@id":"https:\/\/www.mylasertabac.com\/es\/los-que-trabajan-por-un-mundo-sin-humo-un-homenaje-a-los-que-marcan-la-diferencia\/#primaryimage"},"image":{"@id":"https:\/\/www.mylasertabac.com\/es\/los-que-trabajan-por-un-mundo-sin-humo-un-homenaje-a-los-que-marcan-la-diferencia\/#primaryimage"},"thumbnailUrl":"https:\/\/www.mylasertabac.com\/wp-content\/uploads\/2025\/06\/journ-1.png","datePublished":"2025-06-11T14:06:26+00:00","dateModified":"2025-06-11T14:33:13+00:00","description":"Descubre a los actores premiados en el D\u00eda Mundial Sin Tabaco 2025 por su compromiso en la lucha contra el tabaquismo.","breadcrumb":{"@id":"https:\/\/www.mylasertabac.com\/es\/los-que-trabajan-por-un-mundo-sin-humo-un-homenaje-a-los-que-marcan-la-diferencia\/#breadcrumb"},"inLanguage":"es","potentialAction":[{"@type":"ReadAction","target":["https:\/\/www.mylasertabac.com\/es\/los-que-trabajan-por-un-mundo-sin-humo-un-homenaje-a-los-que-marcan-la-diferencia\/"]}]},{"@type":"ImageObject","inLanguage":"es","@id":"https:\/\/www.mylasertabac.com\/es\/los-que-trabajan-por-un-mundo-sin-humo-un-homenaje-a-los-que-marcan-la-diferencia\/#primaryimage","url":"https:\/\/www.mylasertabac.com\/wp-content\/uploads\/2025\/06\/journ-1.png","contentUrl":"https:\/\/www.mylasertabac.com\/wp-content\/uploads\/2025\/06\/journ-1.png","width":1536,"height":1024},{"@type":"BreadcrumbList","@id":"https:\/\/www.mylasertabac.com\/es\/los-que-trabajan-por-un-mundo-sin-humo-un-homenaje-a-los-que-marcan-la-diferencia\/#breadcrumb","itemListElement":[{"@type":"ListItem","position":1,"name":"Accueil","item":"https:\/\/www.mylasertabac.com\/es\/inicio\/"},{"@type":"ListItem","position":2,"name":"Los que trabajan por un mundo sin humo: un homenaje a los que marcan la diferencia"}]},{"@type":"WebSite","@id":"https:\/\/www.mylasertabac.com\/es\/#website","url":"https:\/\/www.mylasertabac.com\/es\/","name":"My Laser Tabac","description":"La solution laser qui transforme les fumeurs en ex-fumeurs","publisher":{"@id":"https:\/\/www.mylasertabac.com\/es\/#organization"},"potentialAction":[{"@type":"SearchAction","target":{"@type":"EntryPoint","urlTemplate":"https:\/\/www.mylasertabac.com\/es\/?s={search_term_string}"},"query-input":{"@type":"PropertyValueSpecification","valueRequired":true,"valueName":"search_term_string"}}],"inLanguage":"es"},{"@type":"Organization","@id":"https:\/\/www.mylasertabac.com\/es\/#organization","name":"My Laser Tabac","url":"https:\/\/www.mylasertabac.com\/es\/","logo":{"@type":"ImageObject","inLanguage":"es","@id":"https:\/\/www.mylasertabac.com\/es\/#\/schema\/logo\/image\/","url":"https:\/\/www.mylasertabac.com\/wp-content\/uploads\/2024\/12\/mlt-verteau.svg","contentUrl":"https:\/\/www.mylasertabac.com\/wp-content\/uploads\/2024\/12\/mlt-verteau.svg","caption":"My Laser Tabac"},"image":{"@id":"https:\/\/www.mylasertabac.com\/es\/#\/schema\/logo\/image\/"}},{"@type":"Person","@id":"https:\/\/www.mylasertabac.com\/es\/#\/schema\/person\/02c249cb76d912efb6c315ec23eccdf3","name":"Florian Fortes","image":{"@type":"ImageObject","inLanguage":"es","@id":"https:\/\/www.mylasertabac.com\/wp-content\/litespeed\/avatar\/142101a71d7b9e6490c1120d9c109a67.jpg?ver=1776856306","url":"https:\/\/www.mylasertabac.com\/wp-content\/litespeed\/avatar\/142101a71d7b9e6490c1120d9c109a67.jpg?ver=1776856306","contentUrl":"https:\/\/www.mylasertabac.com\/wp-content\/litespeed\/avatar\/142101a71d7b9e6490c1120d9c109a67.jpg?ver=1776856306","caption":"Florian Fortes"},"sameAs":["https:\/\/www.mylasertabac.com","https:\/\/www.facebook.com\/profile.php?id=61571554707319"],"url":"https:\/\/www.mylasertabac.com\/es\/author\/florianfortes5312\/"}]}},"_links":{"self":[{"href":"https:\/\/www.mylasertabac.com\/es\/wp-json\/wp\/v2\/posts\/9431","targetHints":{"allow":["GET"]}}],"collection":[{"href":"https:\/\/www.mylasertabac.com\/es\/wp-json\/wp\/v2\/posts"}],"about":[{"href":"https:\/\/www.mylasertabac.com\/es\/wp-json\/wp\/v2\/types\/post"}],"author":[{"embeddable":true,"href":"https:\/\/www.mylasertabac.com\/es\/wp-json\/wp\/v2\/users\/2"}],"replies":[{"embeddable":true,"href":"https:\/\/www.mylasertabac.com\/es\/wp-json\/wp\/v2\/comments?post=9431"}],"version-history":[{"count":3,"href":"https:\/\/www.mylasertabac.com\/es\/wp-json\/wp\/v2\/posts\/9431\/revisions"}],"predecessor-version":[{"id":9464,"href":"https:\/\/www.mylasertabac.com\/es\/wp-json\/wp\/v2\/posts\/9431\/revisions\/9464"}],"wp:featuredmedia":[{"embeddable":true,"href":"https:\/\/www.mylasertabac.com\/es\/wp-json\/wp\/v2\/media\/9429"}],"wp:attachment":[{"href":"https:\/\/www.mylasertabac.com\/es\/wp-json\/wp\/v2\/media?parent=9431"}],"wp:term":[{"taxonomy":"category","embeddable":true,"href":"https:\/\/www.mylasertabac.com\/es\/wp-json\/wp\/v2\/categories?post=9431"},{"taxonomy":"post_tag","embeddable":true,"href":"https:\/\/www.mylasertabac.com\/es\/wp-json\/wp\/v2\/tags?post=9431"}],"curies":[{"name":"wp","href":"https:\/\/api.w.org\/{rel}","templated":true}]}}