{"id":16259,"date":"2025-09-10T18:19:53","date_gmt":"2025-09-10T16:19:53","guid":{"rendered":"https:\/\/www.mylasertabac.com\/due-alunni-della-scuola-secondaria-ricoverati-in-ospedale-dopo-aver-fumato-pete-ton-crane-allarme-per-la-scuola\/"},"modified":"2025-09-10T20:42:37","modified_gmt":"2025-09-10T18:42:37","slug":"due-alunni-della-scuola-secondaria-ricoverati-in-ospedale-dopo-aver-fumato-pete-ton-crane-allarme-per-la-scuola","status":"publish","type":"post","link":"https:\/\/www.mylasertabac.com\/it\/due-alunni-della-scuola-secondaria-ricoverati-in-ospedale-dopo-aver-fumato-pete-ton-crane-allarme-per-la-scuola\/","title":{"rendered":"Due alunni della scuola secondaria ricoverati in ospedale dopo aver fumato &#8220;P\u00e8te ton cr\u00e2ne&#8221;: allarme per la scuola"},"content":{"rendered":"\n<p>Una notizia agghiacciante sta scuotendo le scuole secondarie della regione dell&#8217;Oise: due alunni sono collassati dopo aver assunto <strong>la PTC<\/strong>, soprannominata <em>&#8220;p\u00e8te ton cr\u00e2ne&#8221;<\/em>, una droga sintetica in grado di provocare effetti immediati tanto violenti quanto imprevedibili <em>.<\/em> Una droga sintetica in grado di produrre effetti immediati tanto violenti quanto imprevedibili. Quello che poteva essere un incidente isolato \u00e8 ora diventato l&#8217;avvertimento di una tendenza pericolosa che richiede una maggiore vigilanza &#8211; in classe e tra gli stessi adolescenti.  <\/p>\n\n<div style=\"height:23px\" aria-hidden=\"true\" class=\"wp-block-spacer\"><\/div>\n\n<h2 class=\"wp-block-heading\">Cos&#8217;\u00e8 la PTC (o <em>Buddha Blue<\/em>)?<\/h2>\n\n<p>Il <strong>PTC<\/strong>, o <em>Buddha Blue<\/em>, \u00e8 un <strong>cannabinoide sintetico<\/strong> venduto sotto forma di liquido per il vaping o di polvere da spruzzare sulle miscele di piante. A differenza della cannabis naturale, non contiene THC, ma molecole sintetiche che ne imitano gli effetti &#8211; spesso con una potenza allarmante, a volte equivalente al 95% di concentrazione di THC puro <a href=\"https:\/\/sante.journaldesfemmes.fr\/fiches-sante-du-quotidien\/2580000-buddha-blue-ptc-drogue-effet-composition\/?utm_source=chatgpt.com\" target=\"_blank\" rel=\"noreferrer noopener\">Journal des Femmes Sant\u00e9Le<\/a><a href=\"https:\/\/www.mondedemain.org\/revues\/2025\/mars-avril\/du-ptc-dans-les-ecoles?utm_source=chatgpt.com\" target=\"_blank\" rel=\"noreferrer noopener\">Monde de Demain<\/a>. <\/p>\n\n<p>Il suo costo, accessibile ai giovani, la natura discreta del vaping e la sua accessibilit\u00e0 (principalmente online o in prossimit\u00e0 delle scuole) ne hanno favorito la diffusione nelle scuole secondarie.<\/p>\n\n<div style=\"height:23px\" aria-hidden=\"true\" class=\"wp-block-spacer\"><\/div>\n\n<figure class=\"wp-block-image alignleft size-large is-resized\"><a href=\"https:\/\/www.mylasertabac.com\/it\/i-nostri-centri\/\"><img fetchpriority=\"high\" decoding=\"async\" width=\"1024\" height=\"668\" src=\"https:\/\/www.mylasertabac.com\/wp-content\/uploads\/2025\/08\/tu-veux-arreter-de-fumer-Clique-ici--1024x668.jpg\" alt=\"\" class=\"wp-image-13752\" style=\"width:446px;height:auto\" srcset=\"https:\/\/www.mylasertabac.com\/wp-content\/uploads\/2025\/08\/tu-veux-arreter-de-fumer-Clique-ici--1024x668.jpg 1024w, https:\/\/www.mylasertabac.com\/wp-content\/uploads\/2025\/08\/tu-veux-arreter-de-fumer-Clique-ici--300x196.jpg 300w, https:\/\/www.mylasertabac.com\/wp-content\/uploads\/2025\/08\/tu-veux-arreter-de-fumer-Clique-ici--768x501.jpg 768w, https:\/\/www.mylasertabac.com\/wp-content\/uploads\/2025\/08\/tu-veux-arreter-de-fumer-Clique-ici-.jpg 1206w\" sizes=\"(max-width: 1024px) 100vw, 1024px\" \/><\/a><\/figure>\n\n<h2 class=\"wp-block-heading\">Effetti drammatici e pericolosi<\/h2>\n\n<p>I giovani consumatori riportano esperienze traumatiche: allucinazioni, perdita della realt\u00e0, convulsioni, malessere e persino perdita di coscienza. Alcuni descrivono anche attacchi di ansia estrema, pensieri suicidi, problemi cardiaci o renali e un effetto di dipendenza molto rapido. <\/p>\n\n<p>Un recente spot di prevenzione trasmesso dalla Polizia Nazionale francese mette in guardia da queste sostanze particolarmente pericolose, che vengono consumate con discrezione dagli adolescenti.<\/p>\n\n<div style=\"height:23px\" aria-hidden=\"true\" class=\"wp-block-spacer\"><\/div>\n\n<p><\/p>\n\n<h2 class=\"wp-block-heading\">Testimonianze indignate o disorientate<\/h2>\n\n<blockquote class=\"wp-block-quote is-layout-flow wp-block-quote-is-layout-flow\">\n<p>&#8220;In cinque secondi ho capito che qualcosa non andava. Vomitavo, avevo le convulsioni&#8230; non riuscivo a respirare o a vedere cosa succedeva intorno a me&#8221;<br\/>&#8211; Una studentessa ricoverata in ospedale dopo aver svapato PTC nel cortile della sua scuola. Esperienze di questo tipo sono tutt&#8217;altro che rare. Molti giovani riportano un &#8220;brutto viaggio&#8221; retroattivo, con mancanza di respiro e ansia persistente per diversi giorni.  <\/p>\n\n\n\n<div style=\"height:28px\" aria-hidden=\"true\" class=\"wp-block-spacer\"><\/div>\n<\/blockquote>\n\n<h2 class=\"wp-block-heading\">Agire per prevenire: le scuole devono intervenire<\/h2>\n\n<p>\u00c8 urgente intervenire nelle scuole:<\/p>\n\n<ul class=\"wp-block-list\">\n<li>Includere <strong>corsi di prevenzione<\/strong> fin dalla scuola secondaria sui pericoli del vaping, dei cannabinoidi sintetici e delle droghe sintetiche in generale.<\/li>\n\n\n\n<li>Formare insegnanti e genitori a <strong>riconoscere i segnali di intossicazione<\/strong> (malessere, confusione, comportamenti strani).<\/li>\n\n\n\n<li>Coinvolgere i giovani stessi in iniziative <strong>partecipative di sensibilizzazione<\/strong>, per incoraggiarli ad assumersi la responsabilit\u00e0 e a sostenere i loro coetanei.<\/li>\n<\/ul>\n\n<div style=\"height:34px\" aria-hidden=\"true\" class=\"wp-block-spacer\"><\/div>\n\n<h2 class=\"wp-block-heading\">Conclusione: informare per proteggere oggi e domani<\/h2>\n\n<p>Il disagio provato da questi due studenti della scuola secondaria dopo aver fumato <em>P\u00e8te ton cr\u00e2ne<\/em> dovrebbe essere un motivo scatenante: un motivo per aprire un dialogo, per sorvegliare severamente questi nuovi usi pericolosi e per intensificare l&#8217;educazione alla salute fin dall&#8217;adolescenza.<\/p>\n\n<p>La strada da seguire \u00e8 chiara: l&#8217;<strong>informazione non \u00e8 pi\u00f9 sufficiente<\/strong>, dobbiamo educare, prevenire e coinvolgere le persone. E naturalmente, per tutti coloro che vogliono liberarsi dalla dipendenza da tabacco, vaping o altre sostanze, il nostro metodo di <strong>riflessologia auricolare<\/strong>, sviluppato da <strong>MyLaserTabac<\/strong>, offre un aiuto dolce, naturale ed efficace. <\/p>\n\n<p>Insieme, educiamo, informiamo e costruiamo un futuro libero dal fumo e dalle droghe.<\/p>\n\n<div style=\"height:40px\" aria-hidden=\"true\" class=\"wp-block-spacer\"><\/div>\n\n<figure class=\"wp-block-image size-large\"><img decoding=\"async\" src=\"https:\/\/www.mylasertabac.com\/wp-content\/uploads\/\/mlt-verteau.svg\" alt=\"\" class=\"wp-image-13\"\/><\/figure>\n","protected":false},"excerpt":{"rendered":"<p>Una notizia agghiacciante sta scuotendo le scuole secondarie della regione dell&#8217;Oise: due alunni sono collassati dopo aver assunto la PTC, soprannominata &#8220;p\u00e8te ton cr\u00e2ne&#8221;, una droga sintetica in grado di provocare effetti immediati tanto violenti quanto imprevedibili . Una droga sintetica in grado di produrre effetti immediati tanto violenti quanto imprevedibili. Quello che poteva essere [&hellip;]<\/p>\n","protected":false},"author":2,"featured_media":16278,"comment_status":"closed","ping_status":"open","sticky":false,"template":"","format":"standard","meta":{"inline_featured_image":false,"footnotes":""},"categories":[682],"tags":[],"class_list":["post-16259","post","type-post","status-publish","format-standard","has-post-thumbnail","hentry","category-notizie"],"yoast_head":"<!-- This site is optimized with the Yoast SEO plugin v27.4 - https:\/\/yoast.com\/product\/yoast-seo-wordpress\/ -->\n<title>Due alunni della scuola secondaria ricoverati in ospedale dopo aver fumato &quot;P\u00e8te ton cr\u00e2ne&quot;: allarme per la scuola - My Laser Tabac<\/title>\n<meta name=\"description\" content=\"Due studenti della scuola secondaria che sono stati vittime del programma &quot;P\u00e8te ton cr\u00e2ne&quot; lanciano nuovamente l&#039;allarme: pericoli, disagi e necessit\u00e0 di informare i giovani a scuola.\" \/>\n<meta name=\"robots\" content=\"index, follow, max-snippet:-1, max-image-preview:large, max-video-preview:-1\" \/>\n<link rel=\"canonical\" href=\"https:\/\/www.mylasertabac.com\/it\/due-alunni-della-scuola-secondaria-ricoverati-in-ospedale-dopo-aver-fumato-pete-ton-crane-allarme-per-la-scuola\/\" \/>\n<meta property=\"og:locale\" content=\"it_IT\" \/>\n<meta property=\"og:type\" content=\"article\" \/>\n<meta property=\"og:title\" content=\"Due alunni della scuola secondaria ricoverati in ospedale dopo aver fumato &quot;P\u00e8te ton cr\u00e2ne&quot;: allarme per la scuola - My Laser Tabac\" \/>\n<meta property=\"og:description\" content=\"Due studenti della scuola secondaria che sono stati vittime del programma &quot;P\u00e8te ton cr\u00e2ne&quot; lanciano nuovamente l&#039;allarme: pericoli, disagi e necessit\u00e0 di informare i giovani a scuola.\" \/>\n<meta property=\"og:url\" content=\"https:\/\/www.mylasertabac.com\/it\/due-alunni-della-scuola-secondaria-ricoverati-in-ospedale-dopo-aver-fumato-pete-ton-crane-allarme-per-la-scuola\/\" \/>\n<meta property=\"og:site_name\" content=\"My Laser Tabac\" \/>\n<meta property=\"article:author\" content=\"https:\/\/www.facebook.com\/profile.php?id=61571554707319\" \/>\n<meta property=\"article:published_time\" content=\"2025-09-10T16:19:53+00:00\" \/>\n<meta property=\"article:modified_time\" content=\"2025-09-10T18:42:37+00:00\" \/>\n<meta property=\"og:image\" content=\"https:\/\/www.mylasertabac.com\/wp-content\/uploads\/2025\/09\/malaise-dans-un-lycee-suite-a-la-consommation-de-la-drogue-pete-ton-crane-1024x683.png\" \/>\n\t<meta property=\"og:image:width\" content=\"1024\" \/>\n\t<meta property=\"og:image:height\" content=\"683\" \/>\n\t<meta property=\"og:image:type\" content=\"image\/png\" \/>\n<meta name=\"author\" content=\"Florian Fortes\" \/>\n<meta name=\"twitter:card\" content=\"summary_large_image\" \/>\n<meta name=\"twitter:label1\" content=\"Scritto da\" \/>\n\t<meta name=\"twitter:data1\" content=\"Florian Fortes\" \/>\n\t<meta name=\"twitter:label2\" content=\"Tempo di lettura stimato\" \/>\n\t<meta name=\"twitter:data2\" content=\"2 minuti\" \/>\n<script type=\"application\/ld+json\" class=\"yoast-schema-graph\">{\"@context\":\"https:\\\/\\\/schema.org\",\"@graph\":[{\"@type\":\"Article\",\"@id\":\"https:\\\/\\\/www.mylasertabac.com\\\/it\\\/due-alunni-della-scuola-secondaria-ricoverati-in-ospedale-dopo-aver-fumato-pete-ton-crane-allarme-per-la-scuola\\\/#article\",\"isPartOf\":{\"@id\":\"https:\\\/\\\/www.mylasertabac.com\\\/it\\\/due-alunni-della-scuola-secondaria-ricoverati-in-ospedale-dopo-aver-fumato-pete-ton-crane-allarme-per-la-scuola\\\/\"},\"author\":{\"name\":\"Florian Fortes\",\"@id\":\"https:\\\/\\\/www.mylasertabac.com\\\/it\\\/#\\\/schema\\\/person\\\/02c249cb76d912efb6c315ec23eccdf3\"},\"headline\":\"Due alunni della scuola secondaria ricoverati in ospedale dopo aver fumato &#8220;P\u00e8te ton cr\u00e2ne&#8221;: allarme per la scuola\",\"datePublished\":\"2025-09-10T16:19:53+00:00\",\"dateModified\":\"2025-09-10T18:42:37+00:00\",\"mainEntityOfPage\":{\"@id\":\"https:\\\/\\\/www.mylasertabac.com\\\/it\\\/due-alunni-della-scuola-secondaria-ricoverati-in-ospedale-dopo-aver-fumato-pete-ton-crane-allarme-per-la-scuola\\\/\"},\"wordCount\":519,\"publisher\":{\"@id\":\"https:\\\/\\\/www.mylasertabac.com\\\/it\\\/#organization\"},\"image\":{\"@id\":\"https:\\\/\\\/www.mylasertabac.com\\\/it\\\/due-alunni-della-scuola-secondaria-ricoverati-in-ospedale-dopo-aver-fumato-pete-ton-crane-allarme-per-la-scuola\\\/#primaryimage\"},\"thumbnailUrl\":\"https:\\\/\\\/www.mylasertabac.com\\\/wp-content\\\/uploads\\\/2025\\\/09\\\/malaise-dans-un-lycee-suite-a-la-consommation-de-la-drogue-pete-ton-crane.png\",\"articleSection\":[\"notizie\"],\"inLanguage\":\"it-IT\"},{\"@type\":\"WebPage\",\"@id\":\"https:\\\/\\\/www.mylasertabac.com\\\/it\\\/due-alunni-della-scuola-secondaria-ricoverati-in-ospedale-dopo-aver-fumato-pete-ton-crane-allarme-per-la-scuola\\\/\",\"url\":\"https:\\\/\\\/www.mylasertabac.com\\\/it\\\/due-alunni-della-scuola-secondaria-ricoverati-in-ospedale-dopo-aver-fumato-pete-ton-crane-allarme-per-la-scuola\\\/\",\"name\":\"Due alunni della scuola secondaria ricoverati in ospedale dopo aver fumato \\\"P\u00e8te ton cr\u00e2ne\\\": allarme per la scuola - My Laser Tabac\",\"isPartOf\":{\"@id\":\"https:\\\/\\\/www.mylasertabac.com\\\/it\\\/#website\"},\"primaryImageOfPage\":{\"@id\":\"https:\\\/\\\/www.mylasertabac.com\\\/it\\\/due-alunni-della-scuola-secondaria-ricoverati-in-ospedale-dopo-aver-fumato-pete-ton-crane-allarme-per-la-scuola\\\/#primaryimage\"},\"image\":{\"@id\":\"https:\\\/\\\/www.mylasertabac.com\\\/it\\\/due-alunni-della-scuola-secondaria-ricoverati-in-ospedale-dopo-aver-fumato-pete-ton-crane-allarme-per-la-scuola\\\/#primaryimage\"},\"thumbnailUrl\":\"https:\\\/\\\/www.mylasertabac.com\\\/wp-content\\\/uploads\\\/2025\\\/09\\\/malaise-dans-un-lycee-suite-a-la-consommation-de-la-drogue-pete-ton-crane.png\",\"datePublished\":\"2025-09-10T16:19:53+00:00\",\"dateModified\":\"2025-09-10T18:42:37+00:00\",\"description\":\"Due studenti della scuola secondaria che sono stati vittime del programma \\\"P\u00e8te ton cr\u00e2ne\\\" lanciano nuovamente l'allarme: pericoli, disagi e necessit\u00e0 di informare i giovani a scuola.\",\"breadcrumb\":{\"@id\":\"https:\\\/\\\/www.mylasertabac.com\\\/it\\\/due-alunni-della-scuola-secondaria-ricoverati-in-ospedale-dopo-aver-fumato-pete-ton-crane-allarme-per-la-scuola\\\/#breadcrumb\"},\"inLanguage\":\"it-IT\",\"potentialAction\":[{\"@type\":\"ReadAction\",\"target\":[\"https:\\\/\\\/www.mylasertabac.com\\\/it\\\/due-alunni-della-scuola-secondaria-ricoverati-in-ospedale-dopo-aver-fumato-pete-ton-crane-allarme-per-la-scuola\\\/\"]}]},{\"@type\":\"ImageObject\",\"inLanguage\":\"it-IT\",\"@id\":\"https:\\\/\\\/www.mylasertabac.com\\\/it\\\/due-alunni-della-scuola-secondaria-ricoverati-in-ospedale-dopo-aver-fumato-pete-ton-crane-allarme-per-la-scuola\\\/#primaryimage\",\"url\":\"https:\\\/\\\/www.mylasertabac.com\\\/wp-content\\\/uploads\\\/2025\\\/09\\\/malaise-dans-un-lycee-suite-a-la-consommation-de-la-drogue-pete-ton-crane.png\",\"contentUrl\":\"https:\\\/\\\/www.mylasertabac.com\\\/wp-content\\\/uploads\\\/2025\\\/09\\\/malaise-dans-un-lycee-suite-a-la-consommation-de-la-drogue-pete-ton-crane.png\",\"width\":1536,\"height\":1024},{\"@type\":\"BreadcrumbList\",\"@id\":\"https:\\\/\\\/www.mylasertabac.com\\\/it\\\/due-alunni-della-scuola-secondaria-ricoverati-in-ospedale-dopo-aver-fumato-pete-ton-crane-allarme-per-la-scuola\\\/#breadcrumb\",\"itemListElement\":[{\"@type\":\"ListItem\",\"position\":1,\"name\":\"Accueil\",\"item\":\"https:\\\/\\\/www.mylasertabac.com\\\/it\\\/casa\\\/\"},{\"@type\":\"ListItem\",\"position\":2,\"name\":\"Due alunni della scuola secondaria ricoverati in ospedale dopo aver fumato \u00abP\u00e8te ton cr\u00e2ne\u00bb: allarme per la scuola\"}]},{\"@type\":\"WebSite\",\"@id\":\"https:\\\/\\\/www.mylasertabac.com\\\/it\\\/#website\",\"url\":\"https:\\\/\\\/www.mylasertabac.com\\\/it\\\/\",\"name\":\"My Laser Tabac\",\"description\":\"La solution laser qui transforme les fumeurs en ex-fumeurs\",\"publisher\":{\"@id\":\"https:\\\/\\\/www.mylasertabac.com\\\/it\\\/#organization\"},\"potentialAction\":[{\"@type\":\"SearchAction\",\"target\":{\"@type\":\"EntryPoint\",\"urlTemplate\":\"https:\\\/\\\/www.mylasertabac.com\\\/it\\\/?s={search_term_string}\"},\"query-input\":{\"@type\":\"PropertyValueSpecification\",\"valueRequired\":true,\"valueName\":\"search_term_string\"}}],\"inLanguage\":\"it-IT\"},{\"@type\":\"Organization\",\"@id\":\"https:\\\/\\\/www.mylasertabac.com\\\/it\\\/#organization\",\"name\":\"My Laser Tabac\",\"url\":\"https:\\\/\\\/www.mylasertabac.com\\\/it\\\/\",\"logo\":{\"@type\":\"ImageObject\",\"inLanguage\":\"it-IT\",\"@id\":\"https:\\\/\\\/www.mylasertabac.com\\\/it\\\/#\\\/schema\\\/logo\\\/image\\\/\",\"url\":\"https:\\\/\\\/www.mylasertabac.com\\\/wp-content\\\/uploads\\\/2024\\\/12\\\/mlt-verteau.svg\",\"contentUrl\":\"https:\\\/\\\/www.mylasertabac.com\\\/wp-content\\\/uploads\\\/2024\\\/12\\\/mlt-verteau.svg\",\"caption\":\"My Laser Tabac\"},\"image\":{\"@id\":\"https:\\\/\\\/www.mylasertabac.com\\\/it\\\/#\\\/schema\\\/logo\\\/image\\\/\"}},{\"@type\":\"Person\",\"@id\":\"https:\\\/\\\/www.mylasertabac.com\\\/it\\\/#\\\/schema\\\/person\\\/02c249cb76d912efb6c315ec23eccdf3\",\"name\":\"Florian Fortes\",\"image\":{\"@type\":\"ImageObject\",\"inLanguage\":\"it-IT\",\"@id\":\"https:\\\/\\\/www.mylasertabac.com\\\/wp-content\\\/litespeed\\\/avatar\\\/142101a71d7b9e6490c1120d9c109a67.jpg?ver=1776856306\",\"url\":\"https:\\\/\\\/www.mylasertabac.com\\\/wp-content\\\/litespeed\\\/avatar\\\/142101a71d7b9e6490c1120d9c109a67.jpg?ver=1776856306\",\"contentUrl\":\"https:\\\/\\\/www.mylasertabac.com\\\/wp-content\\\/litespeed\\\/avatar\\\/142101a71d7b9e6490c1120d9c109a67.jpg?ver=1776856306\",\"caption\":\"Florian Fortes\"},\"sameAs\":[\"https:\\\/\\\/www.mylasertabac.com\",\"https:\\\/\\\/www.facebook.com\\\/profile.php?id=61571554707319\"],\"url\":\"https:\\\/\\\/www.mylasertabac.com\\\/it\\\/author\\\/florianfortes5312\\\/\"}]}<\/script>\n<!-- \/ Yoast SEO plugin. -->","yoast_head_json":{"title":"Due alunni della scuola secondaria ricoverati in ospedale dopo aver fumato \"P\u00e8te ton cr\u00e2ne\": allarme per la scuola - My Laser Tabac","description":"Due studenti della scuola secondaria che sono stati vittime del programma \"P\u00e8te ton cr\u00e2ne\" lanciano nuovamente l'allarme: pericoli, disagi e necessit\u00e0 di informare i giovani a scuola.","robots":{"index":"index","follow":"follow","max-snippet":"max-snippet:-1","max-image-preview":"max-image-preview:large","max-video-preview":"max-video-preview:-1"},"canonical":"https:\/\/www.mylasertabac.com\/it\/due-alunni-della-scuola-secondaria-ricoverati-in-ospedale-dopo-aver-fumato-pete-ton-crane-allarme-per-la-scuola\/","og_locale":"it_IT","og_type":"article","og_title":"Due alunni della scuola secondaria ricoverati in ospedale dopo aver fumato \"P\u00e8te ton cr\u00e2ne\": allarme per la scuola - My Laser Tabac","og_description":"Due studenti della scuola secondaria che sono stati vittime del programma \"P\u00e8te ton cr\u00e2ne\" lanciano nuovamente l'allarme: pericoli, disagi e necessit\u00e0 di informare i giovani a scuola.","og_url":"https:\/\/www.mylasertabac.com\/it\/due-alunni-della-scuola-secondaria-ricoverati-in-ospedale-dopo-aver-fumato-pete-ton-crane-allarme-per-la-scuola\/","og_site_name":"My Laser Tabac","article_author":"https:\/\/www.facebook.com\/profile.php?id=61571554707319","article_published_time":"2025-09-10T16:19:53+00:00","article_modified_time":"2025-09-10T18:42:37+00:00","og_image":[{"width":1024,"height":683,"url":"https:\/\/www.mylasertabac.com\/wp-content\/uploads\/2025\/09\/malaise-dans-un-lycee-suite-a-la-consommation-de-la-drogue-pete-ton-crane-1024x683.png","type":"image\/png"}],"author":"Florian Fortes","twitter_card":"summary_large_image","twitter_misc":{"Scritto da":"Florian Fortes","Tempo di lettura stimato":"2 minuti"},"schema":{"@context":"https:\/\/schema.org","@graph":[{"@type":"Article","@id":"https:\/\/www.mylasertabac.com\/it\/due-alunni-della-scuola-secondaria-ricoverati-in-ospedale-dopo-aver-fumato-pete-ton-crane-allarme-per-la-scuola\/#article","isPartOf":{"@id":"https:\/\/www.mylasertabac.com\/it\/due-alunni-della-scuola-secondaria-ricoverati-in-ospedale-dopo-aver-fumato-pete-ton-crane-allarme-per-la-scuola\/"},"author":{"name":"Florian Fortes","@id":"https:\/\/www.mylasertabac.com\/it\/#\/schema\/person\/02c249cb76d912efb6c315ec23eccdf3"},"headline":"Due alunni della scuola secondaria ricoverati in ospedale dopo aver fumato &#8220;P\u00e8te ton cr\u00e2ne&#8221;: allarme per la scuola","datePublished":"2025-09-10T16:19:53+00:00","dateModified":"2025-09-10T18:42:37+00:00","mainEntityOfPage":{"@id":"https:\/\/www.mylasertabac.com\/it\/due-alunni-della-scuola-secondaria-ricoverati-in-ospedale-dopo-aver-fumato-pete-ton-crane-allarme-per-la-scuola\/"},"wordCount":519,"publisher":{"@id":"https:\/\/www.mylasertabac.com\/it\/#organization"},"image":{"@id":"https:\/\/www.mylasertabac.com\/it\/due-alunni-della-scuola-secondaria-ricoverati-in-ospedale-dopo-aver-fumato-pete-ton-crane-allarme-per-la-scuola\/#primaryimage"},"thumbnailUrl":"https:\/\/www.mylasertabac.com\/wp-content\/uploads\/2025\/09\/malaise-dans-un-lycee-suite-a-la-consommation-de-la-drogue-pete-ton-crane.png","articleSection":["notizie"],"inLanguage":"it-IT"},{"@type":"WebPage","@id":"https:\/\/www.mylasertabac.com\/it\/due-alunni-della-scuola-secondaria-ricoverati-in-ospedale-dopo-aver-fumato-pete-ton-crane-allarme-per-la-scuola\/","url":"https:\/\/www.mylasertabac.com\/it\/due-alunni-della-scuola-secondaria-ricoverati-in-ospedale-dopo-aver-fumato-pete-ton-crane-allarme-per-la-scuola\/","name":"Due alunni della scuola secondaria ricoverati in ospedale dopo aver fumato \"P\u00e8te ton cr\u00e2ne\": allarme per la scuola - My Laser Tabac","isPartOf":{"@id":"https:\/\/www.mylasertabac.com\/it\/#website"},"primaryImageOfPage":{"@id":"https:\/\/www.mylasertabac.com\/it\/due-alunni-della-scuola-secondaria-ricoverati-in-ospedale-dopo-aver-fumato-pete-ton-crane-allarme-per-la-scuola\/#primaryimage"},"image":{"@id":"https:\/\/www.mylasertabac.com\/it\/due-alunni-della-scuola-secondaria-ricoverati-in-ospedale-dopo-aver-fumato-pete-ton-crane-allarme-per-la-scuola\/#primaryimage"},"thumbnailUrl":"https:\/\/www.mylasertabac.com\/wp-content\/uploads\/2025\/09\/malaise-dans-un-lycee-suite-a-la-consommation-de-la-drogue-pete-ton-crane.png","datePublished":"2025-09-10T16:19:53+00:00","dateModified":"2025-09-10T18:42:37+00:00","description":"Due studenti della scuola secondaria che sono stati vittime del programma \"P\u00e8te ton cr\u00e2ne\" lanciano nuovamente l'allarme: pericoli, disagi e necessit\u00e0 di informare i giovani a scuola.","breadcrumb":{"@id":"https:\/\/www.mylasertabac.com\/it\/due-alunni-della-scuola-secondaria-ricoverati-in-ospedale-dopo-aver-fumato-pete-ton-crane-allarme-per-la-scuola\/#breadcrumb"},"inLanguage":"it-IT","potentialAction":[{"@type":"ReadAction","target":["https:\/\/www.mylasertabac.com\/it\/due-alunni-della-scuola-secondaria-ricoverati-in-ospedale-dopo-aver-fumato-pete-ton-crane-allarme-per-la-scuola\/"]}]},{"@type":"ImageObject","inLanguage":"it-IT","@id":"https:\/\/www.mylasertabac.com\/it\/due-alunni-della-scuola-secondaria-ricoverati-in-ospedale-dopo-aver-fumato-pete-ton-crane-allarme-per-la-scuola\/#primaryimage","url":"https:\/\/www.mylasertabac.com\/wp-content\/uploads\/2025\/09\/malaise-dans-un-lycee-suite-a-la-consommation-de-la-drogue-pete-ton-crane.png","contentUrl":"https:\/\/www.mylasertabac.com\/wp-content\/uploads\/2025\/09\/malaise-dans-un-lycee-suite-a-la-consommation-de-la-drogue-pete-ton-crane.png","width":1536,"height":1024},{"@type":"BreadcrumbList","@id":"https:\/\/www.mylasertabac.com\/it\/due-alunni-della-scuola-secondaria-ricoverati-in-ospedale-dopo-aver-fumato-pete-ton-crane-allarme-per-la-scuola\/#breadcrumb","itemListElement":[{"@type":"ListItem","position":1,"name":"Accueil","item":"https:\/\/www.mylasertabac.com\/it\/casa\/"},{"@type":"ListItem","position":2,"name":"Due alunni della scuola secondaria ricoverati in ospedale dopo aver fumato \u00abP\u00e8te ton cr\u00e2ne\u00bb: allarme per la scuola"}]},{"@type":"WebSite","@id":"https:\/\/www.mylasertabac.com\/it\/#website","url":"https:\/\/www.mylasertabac.com\/it\/","name":"My Laser Tabac","description":"La solution laser qui transforme les fumeurs en ex-fumeurs","publisher":{"@id":"https:\/\/www.mylasertabac.com\/it\/#organization"},"potentialAction":[{"@type":"SearchAction","target":{"@type":"EntryPoint","urlTemplate":"https:\/\/www.mylasertabac.com\/it\/?s={search_term_string}"},"query-input":{"@type":"PropertyValueSpecification","valueRequired":true,"valueName":"search_term_string"}}],"inLanguage":"it-IT"},{"@type":"Organization","@id":"https:\/\/www.mylasertabac.com\/it\/#organization","name":"My Laser Tabac","url":"https:\/\/www.mylasertabac.com\/it\/","logo":{"@type":"ImageObject","inLanguage":"it-IT","@id":"https:\/\/www.mylasertabac.com\/it\/#\/schema\/logo\/image\/","url":"https:\/\/www.mylasertabac.com\/wp-content\/uploads\/2024\/12\/mlt-verteau.svg","contentUrl":"https:\/\/www.mylasertabac.com\/wp-content\/uploads\/2024\/12\/mlt-verteau.svg","caption":"My Laser Tabac"},"image":{"@id":"https:\/\/www.mylasertabac.com\/it\/#\/schema\/logo\/image\/"}},{"@type":"Person","@id":"https:\/\/www.mylasertabac.com\/it\/#\/schema\/person\/02c249cb76d912efb6c315ec23eccdf3","name":"Florian Fortes","image":{"@type":"ImageObject","inLanguage":"it-IT","@id":"https:\/\/www.mylasertabac.com\/wp-content\/litespeed\/avatar\/142101a71d7b9e6490c1120d9c109a67.jpg?ver=1776856306","url":"https:\/\/www.mylasertabac.com\/wp-content\/litespeed\/avatar\/142101a71d7b9e6490c1120d9c109a67.jpg?ver=1776856306","contentUrl":"https:\/\/www.mylasertabac.com\/wp-content\/litespeed\/avatar\/142101a71d7b9e6490c1120d9c109a67.jpg?ver=1776856306","caption":"Florian Fortes"},"sameAs":["https:\/\/www.mylasertabac.com","https:\/\/www.facebook.com\/profile.php?id=61571554707319"],"url":"https:\/\/www.mylasertabac.com\/it\/author\/florianfortes5312\/"}]}},"_links":{"self":[{"href":"https:\/\/www.mylasertabac.com\/it\/wp-json\/wp\/v2\/posts\/16259","targetHints":{"allow":["GET"]}}],"collection":[{"href":"https:\/\/www.mylasertabac.com\/it\/wp-json\/wp\/v2\/posts"}],"about":[{"href":"https:\/\/www.mylasertabac.com\/it\/wp-json\/wp\/v2\/types\/post"}],"author":[{"embeddable":true,"href":"https:\/\/www.mylasertabac.com\/it\/wp-json\/wp\/v2\/users\/2"}],"replies":[{"embeddable":true,"href":"https:\/\/www.mylasertabac.com\/it\/wp-json\/wp\/v2\/comments?post=16259"}],"version-history":[{"count":3,"href":"https:\/\/www.mylasertabac.com\/it\/wp-json\/wp\/v2\/posts\/16259\/revisions"}],"predecessor-version":[{"id":16291,"href":"https:\/\/www.mylasertabac.com\/it\/wp-json\/wp\/v2\/posts\/16259\/revisions\/16291"}],"wp:featuredmedia":[{"embeddable":true,"href":"https:\/\/www.mylasertabac.com\/it\/wp-json\/wp\/v2\/media\/16278"}],"wp:attachment":[{"href":"https:\/\/www.mylasertabac.com\/it\/wp-json\/wp\/v2\/media?parent=16259"}],"wp:term":[{"taxonomy":"category","embeddable":true,"href":"https:\/\/www.mylasertabac.com\/it\/wp-json\/wp\/v2\/categories?post=16259"},{"taxonomy":"post_tag","embeddable":true,"href":"https:\/\/www.mylasertabac.com\/it\/wp-json\/wp\/v2\/tags?post=16259"}],"curies":[{"name":"wp","href":"https:\/\/api.w.org\/{rel}","templated":true}]}}