{"id":18616,"date":"2025-10-21T12:34:04","date_gmt":"2025-10-21T10:34:04","guid":{"rendered":"https:\/\/www.mylasertabac.com\/abbiamo-iniziato-a-praticare-il-vaping-perche-era-piu-economico-ora-i-vapers-sono-in-rivolta-per-la-nuova-tassa-sugli-e-liquid\/"},"modified":"2025-10-21T23:30:32","modified_gmt":"2025-10-21T21:30:32","slug":"abbiamo-iniziato-a-praticare-il-vaping-perche-era-piu-economico-ora-i-vapers-sono-in-rivolta-per-la-nuova-tassa-sugli-e-liquid","status":"publish","type":"post","link":"https:\/\/www.mylasertabac.com\/it\/abbiamo-iniziato-a-praticare-il-vaping-perche-era-piu-economico-ora-i-vapers-sono-in-rivolta-per-la-nuova-tassa-sugli-e-liquid\/","title":{"rendered":"&#8220;Abbiamo iniziato a praticare il vaping perch\u00e9 era pi\u00f9 economico&#8230; Ora i vapers sono in rivolta per la nuova tassa sugli e-liquid&#8221;."},"content":{"rendered":"\n<div style=\"height:33px\" aria-hidden=\"true\" class=\"wp-block-spacer\"><\/div>\n\n<p>Negli ultimi anni, molti adulti in Francia hanno scelto il <strong>vaping<\/strong> per allontanarsi dal <strong>fumo<\/strong>, convinti che le sigarette <strong>elettroniche<\/strong> offrano un&#8217;alternativa pi\u00f9 economica e pi\u00f9 sana. Ma l&#8217;arrivo di una <g id=\"gid_3\">nuova tassa<\/g>sui <g id=\"gid_4\">liquidi<\/g> da svapo potrebbe sconvolgere questo calcolo economico. Il <strong>mercato<\/strong> <strong>del vaping<\/strong>\u00e8 in fermento e i <strong>vapers<\/strong> si sentono in bilico tra budget, salute e decisioni politiche.  <\/p>\n\n<div style=\"height:32px\" aria-hidden=\"true\" class=\"wp-block-spacer\"><\/div>\n\n<figure class=\"wp-block-image alignleft size-full is-resized\"><img fetchpriority=\"high\" decoding=\"async\" width=\"1024\" height=\"1024\" src=\"https:\/\/www.mylasertabac.com\/wp-content\/uploads\/2025\/10\/temoignage-de-Julia-38-ans-qui-buvait-beaucoup-de-lalcool.png\" alt=\"\" class=\"wp-image-18119\" style=\"width:596px;height:auto\" srcset=\"https:\/\/www.mylasertabac.com\/wp-content\/uploads\/2025\/10\/temoignage-de-Julia-38-ans-qui-buvait-beaucoup-de-lalcool.png 1024w, https:\/\/www.mylasertabac.com\/wp-content\/uploads\/2025\/10\/temoignage-de-Julia-38-ans-qui-buvait-beaucoup-de-lalcool-300x300.png 300w, https:\/\/www.mylasertabac.com\/wp-content\/uploads\/2025\/10\/temoignage-de-Julia-38-ans-qui-buvait-beaucoup-de-lalcool-150x150.png 150w, https:\/\/www.mylasertabac.com\/wp-content\/uploads\/2025\/10\/temoignage-de-Julia-38-ans-qui-buvait-beaucoup-de-lalcool-768x768.png 768w\" sizes=\"(max-width: 1024px) 100vw, 1024px\" \/><\/figure>\n\n<h4 class=\"wp-block-heading\">Testimonianza di un svapatore<\/h4>\n\n<p>&#8220;Fumavo un pacchetto di <strong>sigarette<\/strong> standard al giorno&#8221;, racconta Jula*, 38 anni, ex <strong>fumatrice<\/strong>, &#8220;Sono passata alle <strong>sigarette elettroniche<\/strong> tre anni fa perch\u00e9 erano molto <strong>pi\u00f9 economiche<\/strong> e ho potuto ridurre l&#8217;<strong>assunzione di<\/strong> <strong>nicotina<\/strong>. Ora uso una bottiglia di<g id=\"gid_6\">e-liquid<\/g> ogni settimana. E ora vogliono <strong>tassarci<\/strong> di nuovo? Sono davvero arrabbiato.  <\/p>\n\n<p>Julia incarna la nuova generazione di <strong>vapers<\/strong> che credeva che il vaping offrisse una <strong>soluzione<\/strong> economica e salutare al <strong>fumo<\/strong> tradizionale. Ma nel <strong>contesto<\/strong> fiscale del 2025\/2026, questa dinamica \u00e8 compromessa. <\/p>\n\n<div style=\"height:34px\" aria-hidden=\"true\" class=\"wp-block-spacer\"><\/div>\n\n<h4 class=\"wp-block-heading\">Una tassa annunciata per il bilancio 2026<\/h4>\n\n<p>Il <strong>governo<\/strong> francese sta valutando una <strong>legge<\/strong> che introduca una <strong>tassa<\/strong> specifica sui <strong>prodotti del<\/strong> vaping, in particolare sui flaconi di<strong>e-liquid<\/strong>. Secondo diverse fonti, l&#8217;importo previsto sarebbe compreso tra 0,03 e 0,05 euro per millilitro, a seconda del contenuto di <strong>nicotina<\/strong>. <br\/>Questa misura si aggiunge alla crescente pressione sul settore del vaping, che da <strong>anni<\/strong> \u00e8 stato allineato a quello del <strong>tabacco<\/strong>. <strong>I vapers<\/strong> denunciano che si tratta di un &#8220;brutto segno&#8221;: imporre una tassa in un momento in cui il vaping ha permesso a milioni di <strong>fumatori<\/strong> di ridurre o smettere del tutto di <strong>fumare<\/strong>.    <\/p>\n\n<div style=\"height:34px\" aria-hidden=\"true\" class=\"wp-block-spacer\"><\/div>\n\n<h4 class=\"wp-block-heading\">Perch\u00e9 hanno scelto di svapare?<\/h4>\n\n<p>Sulla carta, l&#8217;argomento \u00e8 semplice: la <strong>sigaretta elettronica<\/strong> offre un&#8217;alternativa al <strong>tabacco<\/strong> combustibile, che spesso \u00e8 pi\u00f9 costoso e pi\u00f9 dannoso. Scegliendo lo svapo, i <g id=\"gid_2\">fumatori<\/g> sperano di ridurre il loro <g id=\"gid_3\">budget<\/g>, migliorando al contempo la loro <g id=\"gid_4\">salute<\/g> e limitando gli effetti collaterali associati al <g id=\"gid_5\">fumo<\/g>.<br\/>Julien riassume cos\u00ec: &#8220;Mi sono fatto aiutare per smettere di fumare. Lo svapo mi ha dato questa <g id=\"gid_6\">risposta<\/g>&#8220;.<br\/>Il passaggio dalle sigarette tradizionali ai dispositivi elettronici \u00e8 stato incoraggiato anche da studi che hanno dimostrato che lo svapo pu\u00f2 ridurre i rischi associati al <strong>fumo<\/strong>, anche se non \u00e8 del tutto innocuo.   <\/p>\n\n<div style=\"height:23px\" aria-hidden=\"true\" class=\"wp-block-spacer\"><\/div>\n\n<figure class=\"wp-block-table\"><table class=\"has-fixed-layout\"><tbody><tr><td>Leggi anche:  <a href=\"https:\/\/www.mylasertabac.comc\"><mark style=\"background-color:rgba(0, 0, 0, 0)\" class=\"has-inline-color has-luminous-vivid-orange-color\">Se vuoi smettere di fumare, abbiamo la soluzione che fa per te. Clicca qui <\/mark><\/a><\/td><\/tr><\/tbody><\/table><\/figure>\n\n<div style=\"height:34px\" aria-hidden=\"true\" class=\"wp-block-spacer\"><\/div>\n\n<h4 class=\"wp-block-heading\">Il mercato scosso dalla tassazione<\/h4>\n\n<p>Il <strong>mercato<\/strong> del vape ha visto <strong>anni di<\/strong> forte crescita. <g id=\"gid_2\">I prodotti<\/g> (kit, <g id=\"gid_3\">e-liquid<\/g>, <g id=\"gid_4\">puff<\/g>) hanno invaso scaffali, negozi e siti web. Secondo alcuni, i <g id=\"gid_5\">giovani<\/g> si sono lasciati sedurre dai formati usa e getta<g id=\"gid_6\">(puff<\/g>) o dalla variet\u00e0 di gusti, spingendo il governo a intervenire. <g id=\"gid_7\">Generazione NT+1<\/g><br\/>Ma se il vaping \u00e8 stato visto come un&#8217;alternativa al <g id=\"gid_8\">tabacco<\/g>, questa <g id=\"gid_9\">nuova<\/g> tassa ha rapidamente suscitato ostilit\u00e0. <strong>I vapers<\/strong> temono un effetto di rimbalzo: che i loro bilanci aumentino, che il vaping diventi meno accessibile e che alcuni abbandonino le sigarette elettroniche&#8230; per tornare a <strong>fumare<\/strong>.   <\/p>\n\n<div style=\"height:34px\" aria-hidden=\"true\" class=\"wp-block-spacer\"><\/div>\n\n<h4 class=\"wp-block-heading\">I problemi per i vapers<\/h4>\n\n<p>Il <strong>prezzo<\/strong> \u00e8 al centro delle preoccupazioni: un flacone di<strong>e-liquid<\/strong> da 10 ml costava in passato tra i 4 e i 7 euro, ma con la tassa il costo aggiuntivo potrebbe salire a 0,30-0,50 euro, mettendo a dura prova il bilancio annuale di un <strong>vapers<\/strong> che consuma 60 ml al mese. <a href=\"https:\/\/www.ladepeche.fr\/2025\/10\/15\/budget-2026-le-liquide-de-la-cigarette-electronique-bientot-taxe-a-quel-prix-devrait-il-etre-vendu-12993845.php?utm_source=chatgpt.com\" target=\"_blank\" rel=\"noreferrer noopener\">ladepeche.fr+1<\/a><br\/>Oltre alla dimensione economica, c&#8217;\u00e8 quella della <strong>salute<\/strong>. Il <g id=\"gid_5\">vaping<\/g> \u00e8 riconosciuto come un&#8217;alternativa al <g id=\"gid_6\">fumo per i<\/g> <g id=\"gid_7\">fumatori<\/g> adulti. Secondo alcuni professionisti, tassare gli <strong>e-liquid<\/strong> equivale a penalizzare questa dinamica di riduzione del rischio. <a href=\"https:\/\/www.oliquide.com\/blog\/nouvelle-taxe-sur-le-vapotage-2025-une-menace-pour-les-vapoteurs-et-ex-fumeurs\/?utm_source=chatgpt.com\" target=\"_blank\" rel=\"noreferrer noopener\">oliquide.com+1<\/a><br\/>Infine, anche l&#8217;<strong>ambiente<\/strong> e la tracciabilit\u00e0 dei <strong>prodotti elettronici<\/strong> fanno parte del dibattito: i formati usa e getta, l&#8217;arrivo dei puff e le reti di <strong>vendita<\/strong> parallele aprono la porta a pratiche incontrollate.  <\/p>\n\n<div style=\"height:34px\" aria-hidden=\"true\" class=\"wp-block-spacer\"><\/div>\n\n<h4 class=\"wp-block-heading\">Come <strong>reagiscono<\/strong> i giocatori?<\/h4>\n\n<p>Le associazioni e gli operatori dell&#8217;industria del vaping stanno lanciando l&#8217;allarme: penalizzare il vaping significa incoraggiare il ritorno al <strong>fumo<\/strong>, il che va contro la logica della salute pubblica. Infatti, il <strong>fumo<\/strong> uccide quasi 200 persone al giorno in <strong>Francia<\/strong>. <a href=\"https:\/\/www.evaps.fr\/actualites.taxe-sur-la-vape.html?utm_source=chatgpt.com\" target=\"_blank\" rel=\"noreferrer noopener\">eVaps<\/a><br\/>Il dibattito si trova quindi a un bivio: da un lato le ragioni di bilancio dello<strong>Stato<\/strong>, dall&#8217;altro la <strong>salute<\/strong> e la <strong>vita<\/strong> di milioni di <strong>fumatori<\/strong> e vapers. <\/p>\n\n<div style=\"height:34px\" aria-hidden=\"true\" class=\"wp-block-spacer\"><\/div>\n\n<h4 class=\"wp-block-heading\">In conclusione: smetti di fumare e guarda al futuro<\/h4>\n\n<p>Per molti, la <strong>sigaretta elettronica<\/strong> non \u00e8 stata solo un&#8217;alternativa economica ma anche uno strumento per liberarsi dalle <strong>sigarette<\/strong> tradizionali. Poich\u00e9 il contesto cambia e la <strong>tassa<\/strong> incombe, pu\u00f2 essere utile ricordare che esistono anche metodi complementari per smettere di <strong>fumare<\/strong>.<br\/>. <strong><a href=\"https:\/\/www.mylasertabac.com\/it\/\">riflessologia auricolare<\/a><\/strong>offerta da <strong><a href=\"https:\/\/www.mylasertabac.com\/it\/\">MyLaserTabac<\/a><\/strong>\u00e8 uno di questi metodi: stimolando <strong>punti<\/strong> specifici dell&#8217;orecchio, aiuta a liberarsi dalla <strong>nicotina<\/strong>, dalla dipendenza e dal <strong>fumo<\/strong>, offrendo allo stesso tempo benefici <strong>per la salute<\/strong> e per l&#8217;economia (riduzione del <strong>budget per il<\/strong> tabacco). Smettere di <strong>fumare<\/strong> \u00e8 un investimento per la tua <strong>vita<\/strong>, non solo un guadagno economico.  <\/p>\n\n<div style=\"height:34px\" aria-hidden=\"true\" class=\"wp-block-spacer\"><\/div>\n\n<figure class=\"wp-block-image size-large\"><img decoding=\"async\" src=\"https:\/\/www.mylasertabac.com\/wp-content\/uploads\/\/mlt-verteau.svg\" alt=\"\" class=\"wp-image-13\"\/><\/figure>\n","protected":false},"excerpt":{"rendered":"<p>Negli ultimi anni, molti adulti in Francia hanno scelto il vaping per allontanarsi dal fumo, convinti che le sigarette elettroniche offrano un&#8217;alternativa pi\u00f9 economica e pi\u00f9 sana. Ma l&#8217;arrivo di una nuova tassasui liquidi da svapo potrebbe sconvolgere questo calcolo economico. Il mercato del vaping\u00e8 in fermento e i vapers si sentono in bilico tra [&hellip;]<\/p>\n","protected":false},"author":2,"featured_media":18250,"comment_status":"closed","ping_status":"open","sticky":false,"template":"","format":"standard","meta":{"inline_featured_image":false,"footnotes":""},"categories":[110],"tags":[],"class_list":["post-18616","post","type-post","status-publish","format-standard","has-post-thumbnail","hentry","category-salute"],"yoast_head":"<!-- This site is optimized with the Yoast SEO plugin v27.4 - https:\/\/yoast.com\/product\/yoast-seo-wordpress\/ -->\n<title>&quot;Abbiamo iniziato a praticare il vaping perch\u00e9 era pi\u00f9 economico... Ora i vapers sono in rivolta per la nuova tassa sugli e-liquid&quot;. - My Laser Tabac<\/title>\n<meta name=\"description\" content=\"I vapers francesi sono arrabbiati per la nuova tassa sugli e-liquid: scopri perch\u00e9 svapare non \u00e8 pi\u00f9 &quot;conveniente&quot;.\" \/>\n<meta name=\"robots\" content=\"index, follow, max-snippet:-1, max-image-preview:large, max-video-preview:-1\" \/>\n<link rel=\"canonical\" href=\"https:\/\/www.mylasertabac.com\/it\/abbiamo-iniziato-a-praticare-il-vaping-perche-era-piu-economico-ora-i-vapers-sono-in-rivolta-per-la-nuova-tassa-sugli-e-liquid\/\" \/>\n<meta property=\"og:locale\" content=\"it_IT\" \/>\n<meta property=\"og:type\" content=\"article\" \/>\n<meta property=\"og:title\" content=\"&quot;Abbiamo iniziato a praticare il vaping perch\u00e9 era pi\u00f9 economico... Ora i vapers sono in rivolta per la nuova tassa sugli e-liquid&quot;. - My Laser Tabac\" \/>\n<meta property=\"og:description\" content=\"I vapers francesi sono arrabbiati per la nuova tassa sugli e-liquid: scopri perch\u00e9 svapare non \u00e8 pi\u00f9 &quot;conveniente&quot;.\" \/>\n<meta property=\"og:url\" content=\"https:\/\/www.mylasertabac.com\/it\/abbiamo-iniziato-a-praticare-il-vaping-perche-era-piu-economico-ora-i-vapers-sono-in-rivolta-per-la-nuova-tassa-sugli-e-liquid\/\" \/>\n<meta property=\"og:site_name\" content=\"My Laser Tabac\" \/>\n<meta property=\"article:author\" content=\"https:\/\/www.facebook.com\/profile.php?id=61571554707319\" \/>\n<meta property=\"article:published_time\" content=\"2025-10-21T10:34:04+00:00\" \/>\n<meta property=\"article:modified_time\" content=\"2025-10-21T21:30:32+00:00\" \/>\n<meta property=\"og:image\" content=\"https:\/\/www.mylasertabac.com\/wp-content\/uploads\/2025\/10\/Taxe-2026-liquide-de-cigarette-electronique.jpg\" \/>\n\t<meta property=\"og:image:width\" content=\"864\" \/>\n\t<meta property=\"og:image:height\" content=\"486\" \/>\n\t<meta property=\"og:image:type\" content=\"image\/jpeg\" \/>\n<meta name=\"author\" content=\"Florian Fortes\" \/>\n<meta name=\"twitter:card\" content=\"summary_large_image\" \/>\n<meta name=\"twitter:label1\" content=\"Scritto da\" \/>\n\t<meta name=\"twitter:data1\" content=\"Florian Fortes\" \/>\n\t<meta name=\"twitter:label2\" content=\"Tempo di lettura stimato\" \/>\n\t<meta name=\"twitter:data2\" content=\"4 minuti\" \/>\n<script type=\"application\/ld+json\" class=\"yoast-schema-graph\">{\"@context\":\"https:\\\/\\\/schema.org\",\"@graph\":[{\"@type\":\"Article\",\"@id\":\"https:\\\/\\\/www.mylasertabac.com\\\/it\\\/abbiamo-iniziato-a-praticare-il-vaping-perche-era-piu-economico-ora-i-vapers-sono-in-rivolta-per-la-nuova-tassa-sugli-e-liquid\\\/#article\",\"isPartOf\":{\"@id\":\"https:\\\/\\\/www.mylasertabac.com\\\/it\\\/abbiamo-iniziato-a-praticare-il-vaping-perche-era-piu-economico-ora-i-vapers-sono-in-rivolta-per-la-nuova-tassa-sugli-e-liquid\\\/\"},\"author\":{\"name\":\"Florian Fortes\",\"@id\":\"https:\\\/\\\/www.mylasertabac.com\\\/it\\\/#\\\/schema\\\/person\\\/02c249cb76d912efb6c315ec23eccdf3\"},\"headline\":\"&#8220;Abbiamo iniziato a praticare il vaping perch\u00e9 era pi\u00f9 economico&#8230; Ora i vapers sono in rivolta per la nuova tassa sugli e-liquid&#8221;.\",\"datePublished\":\"2025-10-21T10:34:04+00:00\",\"dateModified\":\"2025-10-21T21:30:32+00:00\",\"mainEntityOfPage\":{\"@id\":\"https:\\\/\\\/www.mylasertabac.com\\\/it\\\/abbiamo-iniziato-a-praticare-il-vaping-perche-era-piu-economico-ora-i-vapers-sono-in-rivolta-per-la-nuova-tassa-sugli-e-liquid\\\/\"},\"wordCount\":790,\"publisher\":{\"@id\":\"https:\\\/\\\/www.mylasertabac.com\\\/it\\\/#organization\"},\"image\":{\"@id\":\"https:\\\/\\\/www.mylasertabac.com\\\/it\\\/abbiamo-iniziato-a-praticare-il-vaping-perche-era-piu-economico-ora-i-vapers-sono-in-rivolta-per-la-nuova-tassa-sugli-e-liquid\\\/#primaryimage\"},\"thumbnailUrl\":\"https:\\\/\\\/www.mylasertabac.com\\\/wp-content\\\/uploads\\\/2025\\\/10\\\/Taxe-2026-liquide-de-cigarette-electronique.jpg\",\"articleSection\":[\"Salute\"],\"inLanguage\":\"it-IT\"},{\"@type\":\"WebPage\",\"@id\":\"https:\\\/\\\/www.mylasertabac.com\\\/it\\\/abbiamo-iniziato-a-praticare-il-vaping-perche-era-piu-economico-ora-i-vapers-sono-in-rivolta-per-la-nuova-tassa-sugli-e-liquid\\\/\",\"url\":\"https:\\\/\\\/www.mylasertabac.com\\\/it\\\/abbiamo-iniziato-a-praticare-il-vaping-perche-era-piu-economico-ora-i-vapers-sono-in-rivolta-per-la-nuova-tassa-sugli-e-liquid\\\/\",\"name\":\"\\\"Abbiamo iniziato a praticare il vaping perch\u00e9 era pi\u00f9 economico... Ora i vapers sono in rivolta per la nuova tassa sugli e-liquid\\\". - My Laser Tabac\",\"isPartOf\":{\"@id\":\"https:\\\/\\\/www.mylasertabac.com\\\/it\\\/#website\"},\"primaryImageOfPage\":{\"@id\":\"https:\\\/\\\/www.mylasertabac.com\\\/it\\\/abbiamo-iniziato-a-praticare-il-vaping-perche-era-piu-economico-ora-i-vapers-sono-in-rivolta-per-la-nuova-tassa-sugli-e-liquid\\\/#primaryimage\"},\"image\":{\"@id\":\"https:\\\/\\\/www.mylasertabac.com\\\/it\\\/abbiamo-iniziato-a-praticare-il-vaping-perche-era-piu-economico-ora-i-vapers-sono-in-rivolta-per-la-nuova-tassa-sugli-e-liquid\\\/#primaryimage\"},\"thumbnailUrl\":\"https:\\\/\\\/www.mylasertabac.com\\\/wp-content\\\/uploads\\\/2025\\\/10\\\/Taxe-2026-liquide-de-cigarette-electronique.jpg\",\"datePublished\":\"2025-10-21T10:34:04+00:00\",\"dateModified\":\"2025-10-21T21:30:32+00:00\",\"description\":\"I vapers francesi sono arrabbiati per la nuova tassa sugli e-liquid: scopri perch\u00e9 svapare non \u00e8 pi\u00f9 \\\"conveniente\\\".\",\"breadcrumb\":{\"@id\":\"https:\\\/\\\/www.mylasertabac.com\\\/it\\\/abbiamo-iniziato-a-praticare-il-vaping-perche-era-piu-economico-ora-i-vapers-sono-in-rivolta-per-la-nuova-tassa-sugli-e-liquid\\\/#breadcrumb\"},\"inLanguage\":\"it-IT\",\"potentialAction\":[{\"@type\":\"ReadAction\",\"target\":[\"https:\\\/\\\/www.mylasertabac.com\\\/it\\\/abbiamo-iniziato-a-praticare-il-vaping-perche-era-piu-economico-ora-i-vapers-sono-in-rivolta-per-la-nuova-tassa-sugli-e-liquid\\\/\"]}]},{\"@type\":\"ImageObject\",\"inLanguage\":\"it-IT\",\"@id\":\"https:\\\/\\\/www.mylasertabac.com\\\/it\\\/abbiamo-iniziato-a-praticare-il-vaping-perche-era-piu-economico-ora-i-vapers-sono-in-rivolta-per-la-nuova-tassa-sugli-e-liquid\\\/#primaryimage\",\"url\":\"https:\\\/\\\/www.mylasertabac.com\\\/wp-content\\\/uploads\\\/2025\\\/10\\\/Taxe-2026-liquide-de-cigarette-electronique.jpg\",\"contentUrl\":\"https:\\\/\\\/www.mylasertabac.com\\\/wp-content\\\/uploads\\\/2025\\\/10\\\/Taxe-2026-liquide-de-cigarette-electronique.jpg\",\"width\":864,\"height\":486},{\"@type\":\"BreadcrumbList\",\"@id\":\"https:\\\/\\\/www.mylasertabac.com\\\/it\\\/abbiamo-iniziato-a-praticare-il-vaping-perche-era-piu-economico-ora-i-vapers-sono-in-rivolta-per-la-nuova-tassa-sugli-e-liquid\\\/#breadcrumb\",\"itemListElement\":[{\"@type\":\"ListItem\",\"position\":1,\"name\":\"Accueil\",\"item\":\"https:\\\/\\\/www.mylasertabac.com\\\/it\\\/casa\\\/\"},{\"@type\":\"ListItem\",\"position\":2,\"name\":\"\u00abAbbiamo iniziato a praticare il vaping perch\u00e9 era pi\u00f9 economico&#8230; Ora i vapers sono in rivolta per la nuova tassa sugli e-liquid\u00bb.\"}]},{\"@type\":\"WebSite\",\"@id\":\"https:\\\/\\\/www.mylasertabac.com\\\/it\\\/#website\",\"url\":\"https:\\\/\\\/www.mylasertabac.com\\\/it\\\/\",\"name\":\"My Laser Tabac\",\"description\":\"La solution laser qui transforme les fumeurs en ex-fumeurs\",\"publisher\":{\"@id\":\"https:\\\/\\\/www.mylasertabac.com\\\/it\\\/#organization\"},\"potentialAction\":[{\"@type\":\"SearchAction\",\"target\":{\"@type\":\"EntryPoint\",\"urlTemplate\":\"https:\\\/\\\/www.mylasertabac.com\\\/it\\\/?s={search_term_string}\"},\"query-input\":{\"@type\":\"PropertyValueSpecification\",\"valueRequired\":true,\"valueName\":\"search_term_string\"}}],\"inLanguage\":\"it-IT\"},{\"@type\":\"Organization\",\"@id\":\"https:\\\/\\\/www.mylasertabac.com\\\/it\\\/#organization\",\"name\":\"My Laser Tabac\",\"url\":\"https:\\\/\\\/www.mylasertabac.com\\\/it\\\/\",\"logo\":{\"@type\":\"ImageObject\",\"inLanguage\":\"it-IT\",\"@id\":\"https:\\\/\\\/www.mylasertabac.com\\\/it\\\/#\\\/schema\\\/logo\\\/image\\\/\",\"url\":\"https:\\\/\\\/www.mylasertabac.com\\\/wp-content\\\/uploads\\\/2024\\\/12\\\/mlt-verteau.svg\",\"contentUrl\":\"https:\\\/\\\/www.mylasertabac.com\\\/wp-content\\\/uploads\\\/2024\\\/12\\\/mlt-verteau.svg\",\"caption\":\"My Laser Tabac\"},\"image\":{\"@id\":\"https:\\\/\\\/www.mylasertabac.com\\\/it\\\/#\\\/schema\\\/logo\\\/image\\\/\"}},{\"@type\":\"Person\",\"@id\":\"https:\\\/\\\/www.mylasertabac.com\\\/it\\\/#\\\/schema\\\/person\\\/02c249cb76d912efb6c315ec23eccdf3\",\"name\":\"Florian Fortes\",\"image\":{\"@type\":\"ImageObject\",\"inLanguage\":\"it-IT\",\"@id\":\"https:\\\/\\\/www.mylasertabac.com\\\/wp-content\\\/litespeed\\\/avatar\\\/142101a71d7b9e6490c1120d9c109a67.jpg?ver=1776856306\",\"url\":\"https:\\\/\\\/www.mylasertabac.com\\\/wp-content\\\/litespeed\\\/avatar\\\/142101a71d7b9e6490c1120d9c109a67.jpg?ver=1776856306\",\"contentUrl\":\"https:\\\/\\\/www.mylasertabac.com\\\/wp-content\\\/litespeed\\\/avatar\\\/142101a71d7b9e6490c1120d9c109a67.jpg?ver=1776856306\",\"caption\":\"Florian Fortes\"},\"sameAs\":[\"https:\\\/\\\/www.mylasertabac.com\",\"https:\\\/\\\/www.facebook.com\\\/profile.php?id=61571554707319\"],\"url\":\"https:\\\/\\\/www.mylasertabac.com\\\/it\\\/author\\\/florianfortes5312\\\/\"}]}<\/script>\n<!-- \/ Yoast SEO plugin. -->","yoast_head_json":{"title":"\"Abbiamo iniziato a praticare il vaping perch\u00e9 era pi\u00f9 economico... Ora i vapers sono in rivolta per la nuova tassa sugli e-liquid\". - My Laser Tabac","description":"I vapers francesi sono arrabbiati per la nuova tassa sugli e-liquid: scopri perch\u00e9 svapare non \u00e8 pi\u00f9 \"conveniente\".","robots":{"index":"index","follow":"follow","max-snippet":"max-snippet:-1","max-image-preview":"max-image-preview:large","max-video-preview":"max-video-preview:-1"},"canonical":"https:\/\/www.mylasertabac.com\/it\/abbiamo-iniziato-a-praticare-il-vaping-perche-era-piu-economico-ora-i-vapers-sono-in-rivolta-per-la-nuova-tassa-sugli-e-liquid\/","og_locale":"it_IT","og_type":"article","og_title":"\"Abbiamo iniziato a praticare il vaping perch\u00e9 era pi\u00f9 economico... Ora i vapers sono in rivolta per la nuova tassa sugli e-liquid\". - My Laser Tabac","og_description":"I vapers francesi sono arrabbiati per la nuova tassa sugli e-liquid: scopri perch\u00e9 svapare non \u00e8 pi\u00f9 \"conveniente\".","og_url":"https:\/\/www.mylasertabac.com\/it\/abbiamo-iniziato-a-praticare-il-vaping-perche-era-piu-economico-ora-i-vapers-sono-in-rivolta-per-la-nuova-tassa-sugli-e-liquid\/","og_site_name":"My Laser Tabac","article_author":"https:\/\/www.facebook.com\/profile.php?id=61571554707319","article_published_time":"2025-10-21T10:34:04+00:00","article_modified_time":"2025-10-21T21:30:32+00:00","og_image":[{"width":864,"height":486,"url":"https:\/\/www.mylasertabac.com\/wp-content\/uploads\/2025\/10\/Taxe-2026-liquide-de-cigarette-electronique.jpg","type":"image\/jpeg"}],"author":"Florian Fortes","twitter_card":"summary_large_image","twitter_misc":{"Scritto da":"Florian Fortes","Tempo di lettura stimato":"4 minuti"},"schema":{"@context":"https:\/\/schema.org","@graph":[{"@type":"Article","@id":"https:\/\/www.mylasertabac.com\/it\/abbiamo-iniziato-a-praticare-il-vaping-perche-era-piu-economico-ora-i-vapers-sono-in-rivolta-per-la-nuova-tassa-sugli-e-liquid\/#article","isPartOf":{"@id":"https:\/\/www.mylasertabac.com\/it\/abbiamo-iniziato-a-praticare-il-vaping-perche-era-piu-economico-ora-i-vapers-sono-in-rivolta-per-la-nuova-tassa-sugli-e-liquid\/"},"author":{"name":"Florian Fortes","@id":"https:\/\/www.mylasertabac.com\/it\/#\/schema\/person\/02c249cb76d912efb6c315ec23eccdf3"},"headline":"&#8220;Abbiamo iniziato a praticare il vaping perch\u00e9 era pi\u00f9 economico&#8230; Ora i vapers sono in rivolta per la nuova tassa sugli e-liquid&#8221;.","datePublished":"2025-10-21T10:34:04+00:00","dateModified":"2025-10-21T21:30:32+00:00","mainEntityOfPage":{"@id":"https:\/\/www.mylasertabac.com\/it\/abbiamo-iniziato-a-praticare-il-vaping-perche-era-piu-economico-ora-i-vapers-sono-in-rivolta-per-la-nuova-tassa-sugli-e-liquid\/"},"wordCount":790,"publisher":{"@id":"https:\/\/www.mylasertabac.com\/it\/#organization"},"image":{"@id":"https:\/\/www.mylasertabac.com\/it\/abbiamo-iniziato-a-praticare-il-vaping-perche-era-piu-economico-ora-i-vapers-sono-in-rivolta-per-la-nuova-tassa-sugli-e-liquid\/#primaryimage"},"thumbnailUrl":"https:\/\/www.mylasertabac.com\/wp-content\/uploads\/2025\/10\/Taxe-2026-liquide-de-cigarette-electronique.jpg","articleSection":["Salute"],"inLanguage":"it-IT"},{"@type":"WebPage","@id":"https:\/\/www.mylasertabac.com\/it\/abbiamo-iniziato-a-praticare-il-vaping-perche-era-piu-economico-ora-i-vapers-sono-in-rivolta-per-la-nuova-tassa-sugli-e-liquid\/","url":"https:\/\/www.mylasertabac.com\/it\/abbiamo-iniziato-a-praticare-il-vaping-perche-era-piu-economico-ora-i-vapers-sono-in-rivolta-per-la-nuova-tassa-sugli-e-liquid\/","name":"\"Abbiamo iniziato a praticare il vaping perch\u00e9 era pi\u00f9 economico... Ora i vapers sono in rivolta per la nuova tassa sugli e-liquid\". - My Laser Tabac","isPartOf":{"@id":"https:\/\/www.mylasertabac.com\/it\/#website"},"primaryImageOfPage":{"@id":"https:\/\/www.mylasertabac.com\/it\/abbiamo-iniziato-a-praticare-il-vaping-perche-era-piu-economico-ora-i-vapers-sono-in-rivolta-per-la-nuova-tassa-sugli-e-liquid\/#primaryimage"},"image":{"@id":"https:\/\/www.mylasertabac.com\/it\/abbiamo-iniziato-a-praticare-il-vaping-perche-era-piu-economico-ora-i-vapers-sono-in-rivolta-per-la-nuova-tassa-sugli-e-liquid\/#primaryimage"},"thumbnailUrl":"https:\/\/www.mylasertabac.com\/wp-content\/uploads\/2025\/10\/Taxe-2026-liquide-de-cigarette-electronique.jpg","datePublished":"2025-10-21T10:34:04+00:00","dateModified":"2025-10-21T21:30:32+00:00","description":"I vapers francesi sono arrabbiati per la nuova tassa sugli e-liquid: scopri perch\u00e9 svapare non \u00e8 pi\u00f9 \"conveniente\".","breadcrumb":{"@id":"https:\/\/www.mylasertabac.com\/it\/abbiamo-iniziato-a-praticare-il-vaping-perche-era-piu-economico-ora-i-vapers-sono-in-rivolta-per-la-nuova-tassa-sugli-e-liquid\/#breadcrumb"},"inLanguage":"it-IT","potentialAction":[{"@type":"ReadAction","target":["https:\/\/www.mylasertabac.com\/it\/abbiamo-iniziato-a-praticare-il-vaping-perche-era-piu-economico-ora-i-vapers-sono-in-rivolta-per-la-nuova-tassa-sugli-e-liquid\/"]}]},{"@type":"ImageObject","inLanguage":"it-IT","@id":"https:\/\/www.mylasertabac.com\/it\/abbiamo-iniziato-a-praticare-il-vaping-perche-era-piu-economico-ora-i-vapers-sono-in-rivolta-per-la-nuova-tassa-sugli-e-liquid\/#primaryimage","url":"https:\/\/www.mylasertabac.com\/wp-content\/uploads\/2025\/10\/Taxe-2026-liquide-de-cigarette-electronique.jpg","contentUrl":"https:\/\/www.mylasertabac.com\/wp-content\/uploads\/2025\/10\/Taxe-2026-liquide-de-cigarette-electronique.jpg","width":864,"height":486},{"@type":"BreadcrumbList","@id":"https:\/\/www.mylasertabac.com\/it\/abbiamo-iniziato-a-praticare-il-vaping-perche-era-piu-economico-ora-i-vapers-sono-in-rivolta-per-la-nuova-tassa-sugli-e-liquid\/#breadcrumb","itemListElement":[{"@type":"ListItem","position":1,"name":"Accueil","item":"https:\/\/www.mylasertabac.com\/it\/casa\/"},{"@type":"ListItem","position":2,"name":"\u00abAbbiamo iniziato a praticare il vaping perch\u00e9 era pi\u00f9 economico&#8230; Ora i vapers sono in rivolta per la nuova tassa sugli e-liquid\u00bb."}]},{"@type":"WebSite","@id":"https:\/\/www.mylasertabac.com\/it\/#website","url":"https:\/\/www.mylasertabac.com\/it\/","name":"My Laser Tabac","description":"La solution laser qui transforme les fumeurs en ex-fumeurs","publisher":{"@id":"https:\/\/www.mylasertabac.com\/it\/#organization"},"potentialAction":[{"@type":"SearchAction","target":{"@type":"EntryPoint","urlTemplate":"https:\/\/www.mylasertabac.com\/it\/?s={search_term_string}"},"query-input":{"@type":"PropertyValueSpecification","valueRequired":true,"valueName":"search_term_string"}}],"inLanguage":"it-IT"},{"@type":"Organization","@id":"https:\/\/www.mylasertabac.com\/it\/#organization","name":"My Laser Tabac","url":"https:\/\/www.mylasertabac.com\/it\/","logo":{"@type":"ImageObject","inLanguage":"it-IT","@id":"https:\/\/www.mylasertabac.com\/it\/#\/schema\/logo\/image\/","url":"https:\/\/www.mylasertabac.com\/wp-content\/uploads\/2024\/12\/mlt-verteau.svg","contentUrl":"https:\/\/www.mylasertabac.com\/wp-content\/uploads\/2024\/12\/mlt-verteau.svg","caption":"My Laser Tabac"},"image":{"@id":"https:\/\/www.mylasertabac.com\/it\/#\/schema\/logo\/image\/"}},{"@type":"Person","@id":"https:\/\/www.mylasertabac.com\/it\/#\/schema\/person\/02c249cb76d912efb6c315ec23eccdf3","name":"Florian Fortes","image":{"@type":"ImageObject","inLanguage":"it-IT","@id":"https:\/\/www.mylasertabac.com\/wp-content\/litespeed\/avatar\/142101a71d7b9e6490c1120d9c109a67.jpg?ver=1776856306","url":"https:\/\/www.mylasertabac.com\/wp-content\/litespeed\/avatar\/142101a71d7b9e6490c1120d9c109a67.jpg?ver=1776856306","contentUrl":"https:\/\/www.mylasertabac.com\/wp-content\/litespeed\/avatar\/142101a71d7b9e6490c1120d9c109a67.jpg?ver=1776856306","caption":"Florian Fortes"},"sameAs":["https:\/\/www.mylasertabac.com","https:\/\/www.facebook.com\/profile.php?id=61571554707319"],"url":"https:\/\/www.mylasertabac.com\/it\/author\/florianfortes5312\/"}]}},"_links":{"self":[{"href":"https:\/\/www.mylasertabac.com\/it\/wp-json\/wp\/v2\/posts\/18616","targetHints":{"allow":["GET"]}}],"collection":[{"href":"https:\/\/www.mylasertabac.com\/it\/wp-json\/wp\/v2\/posts"}],"about":[{"href":"https:\/\/www.mylasertabac.com\/it\/wp-json\/wp\/v2\/types\/post"}],"author":[{"embeddable":true,"href":"https:\/\/www.mylasertabac.com\/it\/wp-json\/wp\/v2\/users\/2"}],"replies":[{"embeddable":true,"href":"https:\/\/www.mylasertabac.com\/it\/wp-json\/wp\/v2\/comments?post=18616"}],"version-history":[{"count":1,"href":"https:\/\/www.mylasertabac.com\/it\/wp-json\/wp\/v2\/posts\/18616\/revisions"}],"predecessor-version":[{"id":18617,"href":"https:\/\/www.mylasertabac.com\/it\/wp-json\/wp\/v2\/posts\/18616\/revisions\/18617"}],"wp:featuredmedia":[{"embeddable":true,"href":"https:\/\/www.mylasertabac.com\/it\/wp-json\/wp\/v2\/media\/18250"}],"wp:attachment":[{"href":"https:\/\/www.mylasertabac.com\/it\/wp-json\/wp\/v2\/media?parent=18616"}],"wp:term":[{"taxonomy":"category","embeddable":true,"href":"https:\/\/www.mylasertabac.com\/it\/wp-json\/wp\/v2\/categories?post=18616"},{"taxonomy":"post_tag","embeddable":true,"href":"https:\/\/www.mylasertabac.com\/it\/wp-json\/wp\/v2\/tags?post=18616"}],"curies":[{"name":"wp","href":"https:\/\/api.w.org\/{rel}","templated":true}]}}