{"id":18693,"date":"2025-10-26T10:25:40","date_gmt":"2025-10-26T09:25:40","guid":{"rendered":"https:\/\/www.mylasertabac.com\/perdite-fiscali-per-43-miliardi-di-euro-perche-il-gettito-del-tabacco-sta-crollando-in-francia\/"},"modified":"2025-10-26T10:27:10","modified_gmt":"2025-10-26T09:27:10","slug":"perdite-fiscali-per-43-miliardi-di-euro-perche-il-gettito-del-tabacco-sta-crollando-in-francia","status":"publish","type":"post","link":"https:\/\/www.mylasertabac.com\/it\/perdite-fiscali-per-43-miliardi-di-euro-perche-il-gettito-del-tabacco-sta-crollando-in-francia\/","title":{"rendered":"Perdite fiscali per 4,3 miliardi di euro: perch\u00e9 il gettito del tabacco sta crollando in Francia"},"content":{"rendered":"\n<p>\u00c8 una cifra che ha fatto tossire Bercy.<br\/>Nel 2023, il gettito fiscale del <strong>tabacco<\/strong> \u00e8 diminuito di <strong>4,3 miliardi di euro<\/strong>, un calo storico per un settore che \u00e8 stato a lungo considerato una mucca da mungere per il bilancio.<br\/>Dietro a questa cifra si nasconde una constatazione: i francesi continuano a fumare, ma non comprano pi\u00f9 le sigarette in Francia.<\/p>\n\n<p>Tra acquisti transfrontalieri, esplosione del mercato parallelo e nuove abitudini di consumo, la tassazione del tabacco sta attraversando una profonda crisi.<br\/>Quindi cosa \u00e8 successo veramente? E come si spiega questa sconcertante perdita per lo Stato? <\/p>\n\n<div style=\"height:22px\" aria-hidden=\"true\" class=\"wp-block-spacer\"><\/div>\n\n<h2 class=\"wp-block-heading\"><strong>Un prezzo che \u00e8 diventato un deterrente&#8230; ma non per tutti<\/strong><\/h2>\n\n<p>Da diversi anni il governo francese persegue una politica deliberata per <strong>rendere il tabacco un prodotto di lusso<\/strong>, aumentando regolarmente le tasse.<br\/>L&#8217;obiettivo dichiarato \u00e8 quello di ridurre il numero di fumatori, migliorare la salute pubblica e compensare i costi delle malattie legate al fumo.<\/p>\n\n<p>Il risultato: un <strong>pacchetto che costa pi\u00f9 di 12 euro<\/strong> in alcune tabaccherie, una media di circa 11 euro, e un flusso costante di aumenti.<br\/>Ma questa strategia ha finito per avere un effetto inaspettato: invece di smettere di fumare, <strong>alcuni consumatori<\/strong> hanno <strong>semplicemente cambiato il loro punto di acquisto.<\/strong><\/p>\n\n<div style=\"height:22px\" aria-hidden=\"true\" class=\"wp-block-spacer\"><\/div>\n\n<h2 class=\"wp-block-heading\"><strong>Il richiamo dello straniero: i confini diventano scappatoie fiscali<\/strong><\/h2>\n\n<p>Con l&#8217;aumento dei prezzi in Francia, molti fumatori si rivolgono ai <strong>paesi vicini<\/strong>: Spagna, Lussemburgo, Belgio, Germania e Italia.<br\/>Le differenze di prezzo sono notevoli: a volte <strong>fino a 4 euro in meno per pacchetto<\/strong>.<\/p>\n\n<p>Dal 2023, la situazione \u00e8 cambiata nuovamente con la nuova <strong>direttiva europea<\/strong> che autorizza i viaggiatori a riportare <strong>fino a 4 stecche<\/strong>, o <strong>800 sigarette<\/strong>, da un altro paese membro dell&#8217;Unione Europea.<br\/>Una decisione legale, ma catastrofica per l&#8217;erario francese: milioni di fumatori ora si riforniscono all&#8217;estero, a volte pi\u00f9 volte all&#8217;anno, in modo del tutto legale.<\/p>\n\n<p>Per molte persone il calcolo \u00e8 facile.<br\/>Un viaggio di andata e ritorno in auto verso la Spagna o il Lussemburgo permette di risparmiare diverse centinaia di euro.<br\/>Risultato: il consumo di tabacco non diminuisce realmente, ma le <strong>entrate fiscali evaporano<\/strong>.<\/p>\n\n<div style=\"height:22px\" aria-hidden=\"true\" class=\"wp-block-spacer\"><\/div>\n\n<figure class=\"wp-block-table\"><table class=\"has-fixed-layout\"><tbody><tr><td>Leggi anche: <a href=\"https:\/\/www.mylasertabac.com\/it\/quale-sara-il-prezzo-delle-sigarette-in-spagna-nellagosto-2025\/\">Quanto costeranno le sigarette in Spagna nel 2025?<\/a><\/td><\/tr><\/tbody><\/table><\/figure>\n\n<div style=\"height:22px\" aria-hidden=\"true\" class=\"wp-block-spacer\"><\/div>\n\n<h2 class=\"wp-block-heading\"><strong>Tabaccai in prima linea<\/strong><\/h2>\n\n<p><strong>I tabaccai francesi<\/strong> sono i primi a notare questo cambiamento.<br\/>Le vendite in Francia stanno diminuendo di anno in anno, minacciando migliaia di negozi locali.<br\/>Alcuni stimano che quasi <strong>il 30% del tabacco consumato in Francia<\/strong> provenga ora dall&#8217;estero o dal mercato parallelo.<\/p>\n\n<p>&#8220;I nostri clienti non fumano di meno, fumano in modo diverso&#8221;, afferma un tabaccaio dell&#8217;Alsazia.<br\/>&#8220;Chi ha un confine a meno di un&#8217;ora di distanza non compra pi\u00f9 nulla qui. Non possiamo competere con i prezzi del Lussemburgo&#8221;.<\/p>\n\n<p>Di fronte a questa situazione, l&#8217;industria chiede un&#8217;<strong>armonizzazione europea delle<\/strong> imposte sul tabacco.<br\/>Ma questa prospettiva \u00e8 ancora lontana: ogni paese difende i propri interessi economici e sociali.<\/p>\n\n<div style=\"height:22px\" aria-hidden=\"true\" class=\"wp-block-spacer\"><\/div>\n\n<figure class=\"wp-block-image alignright size-full is-resized\"><img fetchpriority=\"high\" decoding=\"async\" width=\"864\" height=\"486\" src=\"https:\/\/www.mylasertabac.com\/wp-content\/uploads\/2025\/10\/Taxe-2026-liquide-de-cigarette-electronique.jpg\" alt=\"\" class=\"wp-image-18245\" style=\"width:471px;height:auto\" srcset=\"https:\/\/www.mylasertabac.com\/wp-content\/uploads\/2025\/10\/Taxe-2026-liquide-de-cigarette-electronique.jpg 864w, https:\/\/www.mylasertabac.com\/wp-content\/uploads\/2025\/10\/Taxe-2026-liquide-de-cigarette-electronique-300x169.jpg 300w, https:\/\/www.mylasertabac.com\/wp-content\/uploads\/2025\/10\/Taxe-2026-liquide-de-cigarette-electronique-768x432.jpg 768w\" sizes=\"(max-width: 864px) 100vw, 864px\" \/><\/figure>\n\n<h2 class=\"wp-block-heading\"><strong>L&#8217;ascesa della sigaretta elettronica: tra economia e illusione<\/strong><\/h2>\n\n<p>Un altro fenomeno sorprendente \u00e8 la <strong>crescita del vaping<\/strong>.<br\/>Molti fumatori stanno passando alle <strong>sigarette elettroniche<\/strong>, non per smettere di fumare, ma per <strong>spendere meno<\/strong>.<br\/>Gli e-liquid, anche se tassati, sono ancora molto pi\u00f9 convenienti di un pacchetto di sigarette.<\/p>\n\n<p>Il vaping sta attirando anche una generazione pi\u00f9 giovane, sedotta dalla variet\u00e0 di sapori e dalla promessa di un &#8220;fumo pi\u00f9 sano&#8221;.<br\/>Ma in realt\u00e0 la nicotina \u00e8 ancora presente e la dipendenza rimane.<br\/>Alcuni esperti sottolineano addirittura che, per molte persone, la sigaretta elettronica sta diventando un <strong>ponte tra due dipendenze<\/strong>: abbandonare il tabacco per un&#8217;altra forma di abitudine.<\/p>\n\n<p>Sebbene possa aiutare alcune persone a ridurre il consumo, la sigaretta elettronica non \u00e8 una soluzione duratura per tutti.<br\/><strong>Il costo inferiore<\/strong> \u00e8 ancora l&#8217;argomento numero uno, ben prima della salute e del ritiro.<\/p>\n\n<div style=\"height:22px\" aria-hidden=\"true\" class=\"wp-block-spacer\"><\/div>\n\n<h2 class=\"wp-block-heading\"><strong>Una dipendenza che si muove, non scompare<\/strong><\/h2>\n\n<p>Questa situazione illustra un paradosso: in Francia ci sono meno fumatori &#8220;dichiarati&#8221;, ma <strong>la dipendenza dalla nicotina \u00e8 ancora<\/strong>molto forte.<br\/>Il bisogno di compensazione, di relax o di rituali rimane profondamente radicato.<\/p>\n\n<p>Ed \u00e8 qui che iniziano ad emergere altri approcci pi\u00f9 dolci e olistici, in particolare la <strong><a href=\"https:\/\/www.mylasertabac.com\/it\/\">riflessologia auricolare<\/a> laser<\/strong>.<\/p>\n\n<div style=\"height:30px\" aria-hidden=\"true\" class=\"wp-block-spacer\"><\/div>\n\n<figure class=\"wp-block-image alignleft size-large is-resized\"><a href=\"https:\/\/www.mylasertabac.com\/it\/i-nostri-centri\/\"><img decoding=\"async\" width=\"1024\" height=\"668\" src=\"https:\/\/www.mylasertabac.com\/wp-content\/uploads\/2025\/08\/tu-veux-arreter-de-fumer-Clique-ici--1024x668.jpg\" alt=\"\" class=\"wp-image-13752\" style=\"width:453px;height:auto\" srcset=\"https:\/\/www.mylasertabac.com\/wp-content\/uploads\/2025\/08\/tu-veux-arreter-de-fumer-Clique-ici--1024x668.jpg 1024w, https:\/\/www.mylasertabac.com\/wp-content\/uploads\/2025\/08\/tu-veux-arreter-de-fumer-Clique-ici--300x196.jpg 300w, https:\/\/www.mylasertabac.com\/wp-content\/uploads\/2025\/08\/tu-veux-arreter-de-fumer-Clique-ici--768x501.jpg 768w, https:\/\/www.mylasertabac.com\/wp-content\/uploads\/2025\/08\/tu-veux-arreter-de-fumer-Clique-ici-.jpg 1206w\" sizes=\"(max-width: 1024px) 100vw, 1024px\" \/><\/a><\/figure>\n\n<h2 class=\"wp-block-heading\"><strong>Laser antifumo: un metodo delicato che sta diventando sempre pi\u00f9 popolare<\/strong><\/h2>\n\n<p>Tra le alternative naturali, si parla sempre pi\u00f9 spesso del <strong>metodo laser antifumo<\/strong>.<br\/>Ispirato alla <strong>riflessologia auricolare<\/strong>, consiste nello stimolare punti precisi del padiglione auricolare con un <strong>laser a bassa intensit\u00e0<\/strong>.<br\/>Questa stimolazione invia un messaggio al sistema nervoso, favorendo il rilascio di endorfine e calmando la sensazione di astinenza.<\/p>\n\n<p>A differenza dei sostituti della nicotina, questo metodo <strong>non introduce alcuna sostanza nell&#8217;organismo<\/strong>.<br\/>Agisce sulla <strong>regolazione naturale delle dipendenze<\/strong> e aiuta a <strong>ridurre lo stress<\/strong>, che spesso \u00e8 la causa delle ricadute.<br\/>Le sessioni, che sono rapide e indolori, sono considerate un supporto olistico per il corpo e la mente, lontano da soluzioni chimiche o punitive.<\/p>\n\n<p>Sempre pi\u00f9 professionisti si stanno formando in questo approccio, in particolare per la <strong>cessazione del fumo<\/strong>, ma anche per altre dipendenze: <strong>zucchero, alcol, cannabis<\/strong> o <strong>gestione dello stress<\/strong>.<br\/>\u00c8 un metodo in rapida crescita, supportato da testimonianze di clienti che affermano di aver ritrovato la libert\u00e0 senza dolore o frustrazione.<\/p>\n\n<div style=\"height:22px\" aria-hidden=\"true\" class=\"wp-block-spacer\"><\/div>\n\n<h2 class=\"wp-block-heading\"><strong>Il ruolo delle nuove pratiche nella salute pubblica<\/strong><\/h2>\n\n<p>Mentre le politiche fiscali raggiungono i loro limiti, il <a href=\"https:\/\/www.mylasertabac.com\/it\/\"><strong>laser antifumo<\/strong> <\/a>e gli <strong>approcci naturali<\/strong> offrono un&#8217;alternativa promettente.<br\/>Fanno parte di una strategia di prevenzione ed educazione alla salute, in cui la sola tassazione non \u00e8 pi\u00f9 sufficiente.<\/p>\n\n<p>Il governo si \u00e8 a lungo affidato al prezzo per scoraggiare il consumo.<br\/>Ma questa strategia ha soprattutto incoraggiato il <strong>mercato parallelo<\/strong> e gli <strong>acquisti transfrontalieri<\/strong>.<br\/>Abbiamo urgentemente bisogno di ripensare la politica di salute pubblica sul tabacco, sostenendo metodi che <strong>rispettino il corpo<\/strong> e si <strong>concentrino sulle persone<\/strong>.<\/p>\n\n<div style=\"height:22px\" aria-hidden=\"true\" class=\"wp-block-spacer\"><\/div>\n\n<h2 class=\"wp-block-heading\"><strong>Conclusione: un cambio di epoca nella lotta al tabacco<\/strong><\/h2>\n\n<p>I 4,3 miliardi di euro persi entro il 2023 non sono solo un problema di contabilit\u00e0: segnano un <strong>punto di svolta nella societ\u00e0<\/strong>.<br\/>I fumatori ora cercano soluzioni pi\u00f9 economiche, pi\u00f9 naturali e pi\u00f9 sostenibili.<br\/>Il modello basato sulle tasse sta mostrando i suoi limiti; la chiave del successo ora sta nel <strong>supporto personalizzato<\/strong>, nella <strong>prevenzione<\/strong> e nella <strong>consapevolezza individuale<\/strong>.<\/p>\n\n<p><strong>I laser antifumo<\/strong>, la <strong>riflessologia auricolare<\/strong> e i <strong>nuovi approcci al benessere<\/strong> incarnano questo nuovo approccio.<br\/>Riportano le persone al centro del processo di guarigione.<\/p>\n\n<p>E forse un giorno le perdite delle imposte sul tabacco non saranno pi\u00f9 un segnale di fallimento economico&#8230; ma un segno che anche la societ\u00e0 ha imparato a respirare in modo diverso. \ud83c\udf3f<\/p>\n\n<div style=\"height:35px\" aria-hidden=\"true\" class=\"wp-block-spacer\"><\/div>\n\n<figure class=\"wp-block-image size-large\"><img decoding=\"async\" src=\"https:\/\/www.mylasertabac.com\/wp-content\/uploads\/\/mlt-verteau.svg\" alt=\"\" class=\"wp-image-13\"\/><\/figure>\n","protected":false},"excerpt":{"rendered":"<p>\u00c8 una cifra che ha fatto tossire Bercy.Nel 2023, il gettito fiscale del tabacco \u00e8 diminuito di 4,3 miliardi di euro, un calo storico per un settore che \u00e8 stato a lungo considerato una mucca da mungere per il bilancio.Dietro a questa cifra si nasconde una constatazione: i francesi continuano a fumare, ma non comprano [&hellip;]<\/p>\n","protected":false},"author":2,"featured_media":18681,"comment_status":"closed","ping_status":"open","sticky":false,"template":"","format":"standard","meta":{"inline_featured_image":false,"footnotes":""},"categories":[682],"tags":[],"class_list":["post-18693","post","type-post","status-publish","format-standard","has-post-thumbnail","hentry","category-notizie"],"yoast_head":"<!-- This site is optimized with the Yoast SEO plugin v27.4 - https:\/\/yoast.com\/product\/yoast-seo-wordpress\/ -->\n<title>Perdite fiscali per 4,3 miliardi di euro: perch\u00e9 il gettito del tabacco sta crollando in Francia - My Laser Tabac<\/title>\n<meta name=\"description\" content=\"Le tabaccherie chiudono in Francia: tassazione, acquisti transfrontalieri e nuove abitudini spiegano il declino dell&#039;attivit\u00e0 nazionale.\" \/>\n<meta name=\"robots\" content=\"index, follow, max-snippet:-1, max-image-preview:large, max-video-preview:-1\" \/>\n<link rel=\"canonical\" href=\"https:\/\/www.mylasertabac.com\/it\/perdite-fiscali-per-43-miliardi-di-euro-perche-il-gettito-del-tabacco-sta-crollando-in-francia\/\" \/>\n<meta property=\"og:locale\" content=\"it_IT\" \/>\n<meta property=\"og:type\" content=\"article\" \/>\n<meta property=\"og:title\" content=\"Perdite fiscali per 4,3 miliardi di euro: perch\u00e9 il gettito del tabacco sta crollando in Francia - My Laser Tabac\" \/>\n<meta property=\"og:description\" content=\"Le tabaccherie chiudono in Francia: tassazione, acquisti transfrontalieri e nuove abitudini spiegano il declino dell&#039;attivit\u00e0 nazionale.\" \/>\n<meta property=\"og:url\" content=\"https:\/\/www.mylasertabac.com\/it\/perdite-fiscali-per-43-miliardi-di-euro-perche-il-gettito-del-tabacco-sta-crollando-in-francia\/\" \/>\n<meta property=\"og:site_name\" content=\"My Laser Tabac\" \/>\n<meta property=\"article:author\" content=\"https:\/\/www.facebook.com\/profile.php?id=61571554707319\" \/>\n<meta property=\"article:published_time\" content=\"2025-10-26T09:25:40+00:00\" \/>\n<meta property=\"article:modified_time\" content=\"2025-10-26T09:27:10+00:00\" \/>\n<meta property=\"og:image\" content=\"https:\/\/www.mylasertabac.com\/wp-content\/uploads\/2025\/10\/les-bureaux-de-tabac-ferment-une-baisse-dactivite-suite-au-augmentation-du-prix-des-cigarette-en-France.png\" \/>\n\t<meta property=\"og:image:width\" content=\"1024\" \/>\n\t<meta property=\"og:image:height\" content=\"1024\" \/>\n\t<meta property=\"og:image:type\" content=\"image\/png\" \/>\n<meta name=\"author\" content=\"Florian Fortes\" \/>\n<meta name=\"twitter:card\" content=\"summary_large_image\" \/>\n<meta name=\"twitter:label1\" content=\"Scritto da\" \/>\n\t<meta name=\"twitter:data1\" content=\"Florian Fortes\" \/>\n\t<meta name=\"twitter:label2\" content=\"Tempo di lettura stimato\" \/>\n\t<meta name=\"twitter:data2\" content=\"5 minuti\" \/>\n<script type=\"application\/ld+json\" class=\"yoast-schema-graph\">{\"@context\":\"https:\\\/\\\/schema.org\",\"@graph\":[{\"@type\":\"Article\",\"@id\":\"https:\\\/\\\/www.mylasertabac.com\\\/it\\\/perdite-fiscali-per-43-miliardi-di-euro-perche-il-gettito-del-tabacco-sta-crollando-in-francia\\\/#article\",\"isPartOf\":{\"@id\":\"https:\\\/\\\/www.mylasertabac.com\\\/it\\\/perdite-fiscali-per-43-miliardi-di-euro-perche-il-gettito-del-tabacco-sta-crollando-in-francia\\\/\"},\"author\":{\"name\":\"Florian Fortes\",\"@id\":\"https:\\\/\\\/www.mylasertabac.com\\\/it\\\/#\\\/schema\\\/person\\\/02c249cb76d912efb6c315ec23eccdf3\"},\"headline\":\"Perdite fiscali per 4,3 miliardi di euro: perch\u00e9 il gettito del tabacco sta crollando in Francia\",\"datePublished\":\"2025-10-26T09:25:40+00:00\",\"dateModified\":\"2025-10-26T09:27:10+00:00\",\"mainEntityOfPage\":{\"@id\":\"https:\\\/\\\/www.mylasertabac.com\\\/it\\\/perdite-fiscali-per-43-miliardi-di-euro-perche-il-gettito-del-tabacco-sta-crollando-in-francia\\\/\"},\"wordCount\":1057,\"publisher\":{\"@id\":\"https:\\\/\\\/www.mylasertabac.com\\\/it\\\/#organization\"},\"image\":{\"@id\":\"https:\\\/\\\/www.mylasertabac.com\\\/it\\\/perdite-fiscali-per-43-miliardi-di-euro-perche-il-gettito-del-tabacco-sta-crollando-in-francia\\\/#primaryimage\"},\"thumbnailUrl\":\"https:\\\/\\\/www.mylasertabac.com\\\/wp-content\\\/uploads\\\/2025\\\/10\\\/les-bureaux-de-tabac-ferment-une-baisse-dactivite-suite-au-augmentation-du-prix-des-cigarette-en-France.png\",\"articleSection\":[\"notizie\"],\"inLanguage\":\"it-IT\"},{\"@type\":\"WebPage\",\"@id\":\"https:\\\/\\\/www.mylasertabac.com\\\/it\\\/perdite-fiscali-per-43-miliardi-di-euro-perche-il-gettito-del-tabacco-sta-crollando-in-francia\\\/\",\"url\":\"https:\\\/\\\/www.mylasertabac.com\\\/it\\\/perdite-fiscali-per-43-miliardi-di-euro-perche-il-gettito-del-tabacco-sta-crollando-in-francia\\\/\",\"name\":\"Perdite fiscali per 4,3 miliardi di euro: perch\u00e9 il gettito del tabacco sta crollando in Francia - My Laser Tabac\",\"isPartOf\":{\"@id\":\"https:\\\/\\\/www.mylasertabac.com\\\/it\\\/#website\"},\"primaryImageOfPage\":{\"@id\":\"https:\\\/\\\/www.mylasertabac.com\\\/it\\\/perdite-fiscali-per-43-miliardi-di-euro-perche-il-gettito-del-tabacco-sta-crollando-in-francia\\\/#primaryimage\"},\"image\":{\"@id\":\"https:\\\/\\\/www.mylasertabac.com\\\/it\\\/perdite-fiscali-per-43-miliardi-di-euro-perche-il-gettito-del-tabacco-sta-crollando-in-francia\\\/#primaryimage\"},\"thumbnailUrl\":\"https:\\\/\\\/www.mylasertabac.com\\\/wp-content\\\/uploads\\\/2025\\\/10\\\/les-bureaux-de-tabac-ferment-une-baisse-dactivite-suite-au-augmentation-du-prix-des-cigarette-en-France.png\",\"datePublished\":\"2025-10-26T09:25:40+00:00\",\"dateModified\":\"2025-10-26T09:27:10+00:00\",\"description\":\"Le tabaccherie chiudono in Francia: tassazione, acquisti transfrontalieri e nuove abitudini spiegano il declino dell'attivit\u00e0 nazionale.\",\"breadcrumb\":{\"@id\":\"https:\\\/\\\/www.mylasertabac.com\\\/it\\\/perdite-fiscali-per-43-miliardi-di-euro-perche-il-gettito-del-tabacco-sta-crollando-in-francia\\\/#breadcrumb\"},\"inLanguage\":\"it-IT\",\"potentialAction\":[{\"@type\":\"ReadAction\",\"target\":[\"https:\\\/\\\/www.mylasertabac.com\\\/it\\\/perdite-fiscali-per-43-miliardi-di-euro-perche-il-gettito-del-tabacco-sta-crollando-in-francia\\\/\"]}]},{\"@type\":\"ImageObject\",\"inLanguage\":\"it-IT\",\"@id\":\"https:\\\/\\\/www.mylasertabac.com\\\/it\\\/perdite-fiscali-per-43-miliardi-di-euro-perche-il-gettito-del-tabacco-sta-crollando-in-francia\\\/#primaryimage\",\"url\":\"https:\\\/\\\/www.mylasertabac.com\\\/wp-content\\\/uploads\\\/2025\\\/10\\\/les-bureaux-de-tabac-ferment-une-baisse-dactivite-suite-au-augmentation-du-prix-des-cigarette-en-France.png\",\"contentUrl\":\"https:\\\/\\\/www.mylasertabac.com\\\/wp-content\\\/uploads\\\/2025\\\/10\\\/les-bureaux-de-tabac-ferment-une-baisse-dactivite-suite-au-augmentation-du-prix-des-cigarette-en-France.png\",\"width\":1024,\"height\":1024},{\"@type\":\"BreadcrumbList\",\"@id\":\"https:\\\/\\\/www.mylasertabac.com\\\/it\\\/perdite-fiscali-per-43-miliardi-di-euro-perche-il-gettito-del-tabacco-sta-crollando-in-francia\\\/#breadcrumb\",\"itemListElement\":[{\"@type\":\"ListItem\",\"position\":1,\"name\":\"Accueil\",\"item\":\"https:\\\/\\\/www.mylasertabac.com\\\/it\\\/casa\\\/\"},{\"@type\":\"ListItem\",\"position\":2,\"name\":\"Perdite fiscali per 4,3 miliardi di euro: perch\u00e9 il gettito del tabacco sta crollando in Francia\"}]},{\"@type\":\"WebSite\",\"@id\":\"https:\\\/\\\/www.mylasertabac.com\\\/it\\\/#website\",\"url\":\"https:\\\/\\\/www.mylasertabac.com\\\/it\\\/\",\"name\":\"My Laser Tabac\",\"description\":\"La solution laser qui transforme les fumeurs en ex-fumeurs\",\"publisher\":{\"@id\":\"https:\\\/\\\/www.mylasertabac.com\\\/it\\\/#organization\"},\"potentialAction\":[{\"@type\":\"SearchAction\",\"target\":{\"@type\":\"EntryPoint\",\"urlTemplate\":\"https:\\\/\\\/www.mylasertabac.com\\\/it\\\/?s={search_term_string}\"},\"query-input\":{\"@type\":\"PropertyValueSpecification\",\"valueRequired\":true,\"valueName\":\"search_term_string\"}}],\"inLanguage\":\"it-IT\"},{\"@type\":\"Organization\",\"@id\":\"https:\\\/\\\/www.mylasertabac.com\\\/it\\\/#organization\",\"name\":\"My Laser Tabac\",\"url\":\"https:\\\/\\\/www.mylasertabac.com\\\/it\\\/\",\"logo\":{\"@type\":\"ImageObject\",\"inLanguage\":\"it-IT\",\"@id\":\"https:\\\/\\\/www.mylasertabac.com\\\/it\\\/#\\\/schema\\\/logo\\\/image\\\/\",\"url\":\"https:\\\/\\\/www.mylasertabac.com\\\/wp-content\\\/uploads\\\/2024\\\/12\\\/mlt-verteau.svg\",\"contentUrl\":\"https:\\\/\\\/www.mylasertabac.com\\\/wp-content\\\/uploads\\\/2024\\\/12\\\/mlt-verteau.svg\",\"caption\":\"My Laser Tabac\"},\"image\":{\"@id\":\"https:\\\/\\\/www.mylasertabac.com\\\/it\\\/#\\\/schema\\\/logo\\\/image\\\/\"}},{\"@type\":\"Person\",\"@id\":\"https:\\\/\\\/www.mylasertabac.com\\\/it\\\/#\\\/schema\\\/person\\\/02c249cb76d912efb6c315ec23eccdf3\",\"name\":\"Florian Fortes\",\"image\":{\"@type\":\"ImageObject\",\"inLanguage\":\"it-IT\",\"@id\":\"https:\\\/\\\/www.mylasertabac.com\\\/wp-content\\\/litespeed\\\/avatar\\\/142101a71d7b9e6490c1120d9c109a67.jpg?ver=1776856306\",\"url\":\"https:\\\/\\\/www.mylasertabac.com\\\/wp-content\\\/litespeed\\\/avatar\\\/142101a71d7b9e6490c1120d9c109a67.jpg?ver=1776856306\",\"contentUrl\":\"https:\\\/\\\/www.mylasertabac.com\\\/wp-content\\\/litespeed\\\/avatar\\\/142101a71d7b9e6490c1120d9c109a67.jpg?ver=1776856306\",\"caption\":\"Florian Fortes\"},\"sameAs\":[\"https:\\\/\\\/www.mylasertabac.com\",\"https:\\\/\\\/www.facebook.com\\\/profile.php?id=61571554707319\"],\"url\":\"https:\\\/\\\/www.mylasertabac.com\\\/it\\\/author\\\/florianfortes5312\\\/\"}]}<\/script>\n<!-- \/ Yoast SEO plugin. -->","yoast_head_json":{"title":"Perdite fiscali per 4,3 miliardi di euro: perch\u00e9 il gettito del tabacco sta crollando in Francia - My Laser Tabac","description":"Le tabaccherie chiudono in Francia: tassazione, acquisti transfrontalieri e nuove abitudini spiegano il declino dell'attivit\u00e0 nazionale.","robots":{"index":"index","follow":"follow","max-snippet":"max-snippet:-1","max-image-preview":"max-image-preview:large","max-video-preview":"max-video-preview:-1"},"canonical":"https:\/\/www.mylasertabac.com\/it\/perdite-fiscali-per-43-miliardi-di-euro-perche-il-gettito-del-tabacco-sta-crollando-in-francia\/","og_locale":"it_IT","og_type":"article","og_title":"Perdite fiscali per 4,3 miliardi di euro: perch\u00e9 il gettito del tabacco sta crollando in Francia - My Laser Tabac","og_description":"Le tabaccherie chiudono in Francia: tassazione, acquisti transfrontalieri e nuove abitudini spiegano il declino dell'attivit\u00e0 nazionale.","og_url":"https:\/\/www.mylasertabac.com\/it\/perdite-fiscali-per-43-miliardi-di-euro-perche-il-gettito-del-tabacco-sta-crollando-in-francia\/","og_site_name":"My Laser Tabac","article_author":"https:\/\/www.facebook.com\/profile.php?id=61571554707319","article_published_time":"2025-10-26T09:25:40+00:00","article_modified_time":"2025-10-26T09:27:10+00:00","og_image":[{"width":1024,"height":1024,"url":"https:\/\/www.mylasertabac.com\/wp-content\/uploads\/2025\/10\/les-bureaux-de-tabac-ferment-une-baisse-dactivite-suite-au-augmentation-du-prix-des-cigarette-en-France.png","type":"image\/png"}],"author":"Florian Fortes","twitter_card":"summary_large_image","twitter_misc":{"Scritto da":"Florian Fortes","Tempo di lettura stimato":"5 minuti"},"schema":{"@context":"https:\/\/schema.org","@graph":[{"@type":"Article","@id":"https:\/\/www.mylasertabac.com\/it\/perdite-fiscali-per-43-miliardi-di-euro-perche-il-gettito-del-tabacco-sta-crollando-in-francia\/#article","isPartOf":{"@id":"https:\/\/www.mylasertabac.com\/it\/perdite-fiscali-per-43-miliardi-di-euro-perche-il-gettito-del-tabacco-sta-crollando-in-francia\/"},"author":{"name":"Florian Fortes","@id":"https:\/\/www.mylasertabac.com\/it\/#\/schema\/person\/02c249cb76d912efb6c315ec23eccdf3"},"headline":"Perdite fiscali per 4,3 miliardi di euro: perch\u00e9 il gettito del tabacco sta crollando in Francia","datePublished":"2025-10-26T09:25:40+00:00","dateModified":"2025-10-26T09:27:10+00:00","mainEntityOfPage":{"@id":"https:\/\/www.mylasertabac.com\/it\/perdite-fiscali-per-43-miliardi-di-euro-perche-il-gettito-del-tabacco-sta-crollando-in-francia\/"},"wordCount":1057,"publisher":{"@id":"https:\/\/www.mylasertabac.com\/it\/#organization"},"image":{"@id":"https:\/\/www.mylasertabac.com\/it\/perdite-fiscali-per-43-miliardi-di-euro-perche-il-gettito-del-tabacco-sta-crollando-in-francia\/#primaryimage"},"thumbnailUrl":"https:\/\/www.mylasertabac.com\/wp-content\/uploads\/2025\/10\/les-bureaux-de-tabac-ferment-une-baisse-dactivite-suite-au-augmentation-du-prix-des-cigarette-en-France.png","articleSection":["notizie"],"inLanguage":"it-IT"},{"@type":"WebPage","@id":"https:\/\/www.mylasertabac.com\/it\/perdite-fiscali-per-43-miliardi-di-euro-perche-il-gettito-del-tabacco-sta-crollando-in-francia\/","url":"https:\/\/www.mylasertabac.com\/it\/perdite-fiscali-per-43-miliardi-di-euro-perche-il-gettito-del-tabacco-sta-crollando-in-francia\/","name":"Perdite fiscali per 4,3 miliardi di euro: perch\u00e9 il gettito del tabacco sta crollando in Francia - My Laser Tabac","isPartOf":{"@id":"https:\/\/www.mylasertabac.com\/it\/#website"},"primaryImageOfPage":{"@id":"https:\/\/www.mylasertabac.com\/it\/perdite-fiscali-per-43-miliardi-di-euro-perche-il-gettito-del-tabacco-sta-crollando-in-francia\/#primaryimage"},"image":{"@id":"https:\/\/www.mylasertabac.com\/it\/perdite-fiscali-per-43-miliardi-di-euro-perche-il-gettito-del-tabacco-sta-crollando-in-francia\/#primaryimage"},"thumbnailUrl":"https:\/\/www.mylasertabac.com\/wp-content\/uploads\/2025\/10\/les-bureaux-de-tabac-ferment-une-baisse-dactivite-suite-au-augmentation-du-prix-des-cigarette-en-France.png","datePublished":"2025-10-26T09:25:40+00:00","dateModified":"2025-10-26T09:27:10+00:00","description":"Le tabaccherie chiudono in Francia: tassazione, acquisti transfrontalieri e nuove abitudini spiegano il declino dell'attivit\u00e0 nazionale.","breadcrumb":{"@id":"https:\/\/www.mylasertabac.com\/it\/perdite-fiscali-per-43-miliardi-di-euro-perche-il-gettito-del-tabacco-sta-crollando-in-francia\/#breadcrumb"},"inLanguage":"it-IT","potentialAction":[{"@type":"ReadAction","target":["https:\/\/www.mylasertabac.com\/it\/perdite-fiscali-per-43-miliardi-di-euro-perche-il-gettito-del-tabacco-sta-crollando-in-francia\/"]}]},{"@type":"ImageObject","inLanguage":"it-IT","@id":"https:\/\/www.mylasertabac.com\/it\/perdite-fiscali-per-43-miliardi-di-euro-perche-il-gettito-del-tabacco-sta-crollando-in-francia\/#primaryimage","url":"https:\/\/www.mylasertabac.com\/wp-content\/uploads\/2025\/10\/les-bureaux-de-tabac-ferment-une-baisse-dactivite-suite-au-augmentation-du-prix-des-cigarette-en-France.png","contentUrl":"https:\/\/www.mylasertabac.com\/wp-content\/uploads\/2025\/10\/les-bureaux-de-tabac-ferment-une-baisse-dactivite-suite-au-augmentation-du-prix-des-cigarette-en-France.png","width":1024,"height":1024},{"@type":"BreadcrumbList","@id":"https:\/\/www.mylasertabac.com\/it\/perdite-fiscali-per-43-miliardi-di-euro-perche-il-gettito-del-tabacco-sta-crollando-in-francia\/#breadcrumb","itemListElement":[{"@type":"ListItem","position":1,"name":"Accueil","item":"https:\/\/www.mylasertabac.com\/it\/casa\/"},{"@type":"ListItem","position":2,"name":"Perdite fiscali per 4,3 miliardi di euro: perch\u00e9 il gettito del tabacco sta crollando in Francia"}]},{"@type":"WebSite","@id":"https:\/\/www.mylasertabac.com\/it\/#website","url":"https:\/\/www.mylasertabac.com\/it\/","name":"My Laser Tabac","description":"La solution laser qui transforme les fumeurs en ex-fumeurs","publisher":{"@id":"https:\/\/www.mylasertabac.com\/it\/#organization"},"potentialAction":[{"@type":"SearchAction","target":{"@type":"EntryPoint","urlTemplate":"https:\/\/www.mylasertabac.com\/it\/?s={search_term_string}"},"query-input":{"@type":"PropertyValueSpecification","valueRequired":true,"valueName":"search_term_string"}}],"inLanguage":"it-IT"},{"@type":"Organization","@id":"https:\/\/www.mylasertabac.com\/it\/#organization","name":"My Laser Tabac","url":"https:\/\/www.mylasertabac.com\/it\/","logo":{"@type":"ImageObject","inLanguage":"it-IT","@id":"https:\/\/www.mylasertabac.com\/it\/#\/schema\/logo\/image\/","url":"https:\/\/www.mylasertabac.com\/wp-content\/uploads\/2024\/12\/mlt-verteau.svg","contentUrl":"https:\/\/www.mylasertabac.com\/wp-content\/uploads\/2024\/12\/mlt-verteau.svg","caption":"My Laser Tabac"},"image":{"@id":"https:\/\/www.mylasertabac.com\/it\/#\/schema\/logo\/image\/"}},{"@type":"Person","@id":"https:\/\/www.mylasertabac.com\/it\/#\/schema\/person\/02c249cb76d912efb6c315ec23eccdf3","name":"Florian Fortes","image":{"@type":"ImageObject","inLanguage":"it-IT","@id":"https:\/\/www.mylasertabac.com\/wp-content\/litespeed\/avatar\/142101a71d7b9e6490c1120d9c109a67.jpg?ver=1776856306","url":"https:\/\/www.mylasertabac.com\/wp-content\/litespeed\/avatar\/142101a71d7b9e6490c1120d9c109a67.jpg?ver=1776856306","contentUrl":"https:\/\/www.mylasertabac.com\/wp-content\/litespeed\/avatar\/142101a71d7b9e6490c1120d9c109a67.jpg?ver=1776856306","caption":"Florian Fortes"},"sameAs":["https:\/\/www.mylasertabac.com","https:\/\/www.facebook.com\/profile.php?id=61571554707319"],"url":"https:\/\/www.mylasertabac.com\/it\/author\/florianfortes5312\/"}]}},"_links":{"self":[{"href":"https:\/\/www.mylasertabac.com\/it\/wp-json\/wp\/v2\/posts\/18693","targetHints":{"allow":["GET"]}}],"collection":[{"href":"https:\/\/www.mylasertabac.com\/it\/wp-json\/wp\/v2\/posts"}],"about":[{"href":"https:\/\/www.mylasertabac.com\/it\/wp-json\/wp\/v2\/types\/post"}],"author":[{"embeddable":true,"href":"https:\/\/www.mylasertabac.com\/it\/wp-json\/wp\/v2\/users\/2"}],"replies":[{"embeddable":true,"href":"https:\/\/www.mylasertabac.com\/it\/wp-json\/wp\/v2\/comments?post=18693"}],"version-history":[{"count":3,"href":"https:\/\/www.mylasertabac.com\/it\/wp-json\/wp\/v2\/posts\/18693\/revisions"}],"predecessor-version":[{"id":18709,"href":"https:\/\/www.mylasertabac.com\/it\/wp-json\/wp\/v2\/posts\/18693\/revisions\/18709"}],"wp:featuredmedia":[{"embeddable":true,"href":"https:\/\/www.mylasertabac.com\/it\/wp-json\/wp\/v2\/media\/18681"}],"wp:attachment":[{"href":"https:\/\/www.mylasertabac.com\/it\/wp-json\/wp\/v2\/media?parent=18693"}],"wp:term":[{"taxonomy":"category","embeddable":true,"href":"https:\/\/www.mylasertabac.com\/it\/wp-json\/wp\/v2\/categories?post=18693"},{"taxonomy":"post_tag","embeddable":true,"href":"https:\/\/www.mylasertabac.com\/it\/wp-json\/wp\/v2\/tags?post=18693"}],"curies":[{"name":"wp","href":"https:\/\/api.w.org\/{rel}","templated":true}]}}