{"id":18904,"date":"2025-10-28T09:22:07","date_gmt":"2025-10-28T08:22:07","guid":{"rendered":"https:\/\/www.mylasertabac.com\/schermi-bambini-e-disuguaglianze-come-il-consumo-digitale-si-manifesta-gia-tra-i-3-e-gli-11-anni\/"},"modified":"2025-10-28T09:46:00","modified_gmt":"2025-10-28T08:46:00","slug":"schermi-bambini-e-disuguaglianze-come-il-consumo-digitale-si-manifesta-gia-tra-i-3-e-gli-11-anni","status":"publish","type":"post","link":"https:\/\/www.mylasertabac.com\/it\/schermi-bambini-e-disuguaglianze-come-il-consumo-digitale-si-manifesta-gia-tra-i-3-e-gli-11-anni\/","title":{"rendered":"Schermi, bambini e disuguaglianze: come il consumo digitale si manifesta gi\u00e0 tra i 3 e gli 11 anni"},"content":{"rendered":"\n<div style=\"height:24px\" aria-hidden=\"true\" class=\"wp-block-spacer\"><\/div>\n\n<p>In un&#8217;epoca in cui gli schermi sono una parte sempre presente della nostra vita quotidiana, una cosa \u00e8 chiara: i loro effetti non sono limitati agli adolescenti. I bambini pi\u00f9 piccoli, dai 3 agli 11 anni, sono gi\u00e0 colpiti. E dietro questa osservazione si nascondono <strong>disuguaglianze sociali<\/strong> che mettono in discussione il nostro rapporto con l&#8217;educazione digitale.  <\/p>\n\n<div style=\"height:24px\" aria-hidden=\"true\" class=\"wp-block-spacer\"><\/div>\n\n<h3 class=\"wp-block-heading\">Esposizione precoce e quotidiana che spesso viene sottovalutata<\/h3>\n\n<p>I bambini di oggi crescono in un mondo digitale. Televisione, tablet, console, smartphone: l&#8217;esposizione inizia presto. L&#8217;ultimo rapporto sulle abitudini dei bambini dai 3 agli 11 anni in Francia rivela che quasi tutti i bambini di questa fascia d&#8217;et\u00e0 utilizzano uno schermo ogni giorno. La cosa ancora pi\u00f9 sorprendente \u00e8 che il tempo trascorso davanti allo schermo aumenta con l&#8217;et\u00e0: una media di circa 1 ora e 15 minuti al giorno per i bambini dai 3 ai 5 anni e fino a 2 ore e 30 minuti per i bambini dai 9 agli 11 anni. Una vera immersione digitale.    <\/p>\n\n<p>Ma non \u00e8 solo una questione di durata. L&#8217;<strong>ambiente familiare<\/strong>, il <strong>salotto<\/strong>, la <strong>presenza di uno schermo in camera da letto<\/strong>, contribuiscono a rafforzare questo fenomeno. E sono le famiglie con meno risorse &#8211; in termini di risorse, spazio e tempo per i genitori &#8211; ad essere pi\u00f9 colpite. In altre parole: pi\u00f9 che di un&#8217;abitudine, si tratta di un <strong>riflesso sociale segnato dalla disuguaglianza<\/strong>.   <\/p>\n\n<div style=\"height:24px\" aria-hidden=\"true\" class=\"wp-block-spacer\"><\/div>\n\n<figure class=\"wp-block-table\"><table class=\"has-fixed-layout\"><tbody><tr><td>Leggi anche:  <a href=\"https:\/\/www.mylasertabac.com\/it\/informazioni\/formazione-laser-contro-il-fumo-e-le-dipendenze\/\"><mark style=\"background-color:rgba(0, 0, 0, 0)\" class=\"has-inline-color has-luminous-vivid-orange-color\">Se vuoi aprire un franchising in rapida crescita nel campo del trattamento delle dipendenze, Mylasertabac ti offre un concept chiavi in mano. Clicca qui per saperne di pi\u00f9. <\/mark><\/a><\/td><\/tr><\/tbody><\/table><\/figure>\n\n<div style=\"height:24px\" aria-hidden=\"true\" class=\"wp-block-spacer\"><\/div>\n\n<h3 class=\"wp-block-heading\">Perch\u00e9 questa mostra \u00e8 cos\u00ec preoccupante?<\/h3>\n\n<p>L&#8217;uso intensivo degli schermi da parte dei bambini pu\u00f2 influenzare il sonno, ritardare lo sviluppo del linguaggio, modificare le abitudini di gioco e limitare l&#8217;attivit\u00e0 fisica. Il cervello, ancora in fase di sviluppo, \u00e8 particolarmente ricettivo a questi stimoli frequenti. A volte si osservano irritabilit\u00e0, difficolt\u00e0 di concentrazione e mancanza di interesse per attivit\u00e0 diverse dallo schermo.  <\/p>\n\n<p>E poi c&#8217;\u00e8 l&#8217;effetto a lungo termine: meno movimento, pi\u00f9 tempo seduto, pi\u00f9 esposizione a contenuti inadatti. Questi fattori possono portare ad abitudini sedentarie, disturbi del sonno e persino a un rapporto meno equilibrato con l&#8217;immagine di s\u00e9 e l&#8217;interazione sociale. <\/p>\n\n<div style=\"height:24px\" aria-hidden=\"true\" class=\"wp-block-spacer\"><\/div>\n\n<h3 class=\"wp-block-heading\">Disuguaglianza sotto la superficie: l&#8217;ambiente fa la differenza<\/h3>\n\n<p>Una cosa \u00e8 chiara: <strong>il tempo trascorso sullo schermo dipende molto dalle condizioni di vita della famiglia<\/strong>. In alcune case: un genitore spesso assente, uno spazio angusto, un accesso quasi costante allo smartphone o al tablet. In altre: un ambiente pi\u00f9 strutturato, regole esplicite sugli schermi, pi\u00f9 attivit\u00e0 alternative al di fuori del mondo digitale.  <\/p>\n\n<p>Queste differenze hanno un impatto tangibile. I bambini provenienti da contesti pi\u00f9 poveri hanno spesso pi\u00f9 tempo a disposizione sullo schermo, meno supervisione e pi\u00f9 solitudine digitale. Questo non \u00e8 inevitabile, ma evidenzia una sfida: quella dell&#8217;equit\u00e0 educativa in un mondo digitale onnipresente.  <\/p>\n\n<div style=\"height:24px\" aria-hidden=\"true\" class=\"wp-block-spacer\"><\/div>\n\n<h3 class=\"wp-block-heading\">Come affronti l&#8217;argomento come genitore, insegnante o parente?<\/h3>\n\n<ul class=\"wp-block-list\">\n<li><strong>Offri un tempo libero dallo schermo<\/strong>, anche se per poco tempo: un gioco da tavolo, una passeggiata, una chiacchierata.<\/li>\n\n\n\n<li>Stabilisci <strong>regole chiare e adeguate all&#8217;et\u00e0<\/strong>: &#8220;15 minuti dopo la scuola&#8221; o &#8220;un giorno senza console nel fine settimana&#8221;.<\/li>\n\n\n\n<li><strong>Wiser sull&#8217;esemplarit\u00e0: il tuo rapporto con lo schermo \u00e8 un modello.<\/strong>  Il bambino osserva ci\u00f2 che fai e ci\u00f2 che dici.<\/li>\n\n\n\n<li><strong>Discutere piuttosto che dare lezioni: &#8220;Cosa vedi in questo gioco?&#8221;, &#8220;Cosa ti \u00e8 piaciuto dell&#8217;applicazione?&#8221;.<\/strong>  La discussione aperta aiuta a sviluppare le capacit\u00e0 di pensiero critico.<\/li>\n\n\n\n<li><strong>Promuovi le alternative: libri, sport, cucina, bricolage, ecc. Il<\/strong> piacere non \u00e8 riservato solo agli schermi. \u00c8 nella connessione, nel movimento, nella curiosit\u00e0. <\/li>\n<\/ul>\n\n<div style=\"height:24px\" aria-hidden=\"true\" class=\"wp-block-spacer\"><\/div>\n\n<h3 class=\"wp-block-heading\">Agire nelle scuole, nelle associazioni e nelle comunit\u00e0<\/h3>\n\n<p>A livello pi\u00f9 ampio, \u00e8 essenziale sensibilizzare gli insegnanti, gli animatori e i gestori dei centri ricreativi. Dobbiamo ripensare la disposizione degli spazi, offrire attivit\u00e0 fuori dallo schermo e ricordare che non si tratta solo di una questione tecnica, ma anche <strong>sociale<\/strong>. <\/p>\n\n<div style=\"height:24px\" aria-hidden=\"true\" class=\"wp-block-spacer\"><\/div>\n\n<h3 class=\"wp-block-heading\">In conclusione<\/h3>\n\n<p>L&#8217;uso degli schermi da parte dei bambini dai 3 agli 11 anni non \u00e8 solo una questione di tempo trascorso. Incide sulla <strong>salute<\/strong>, sulla <strong>concentrazione<\/strong>, sul <strong>ritmo di vita<\/strong> e, soprattutto, sulla <strong>giustizia sociale<\/strong>.<br\/>Quando parliamo di schermi, parliamo anche di condizioni di vita, di risorse e di punti di riferimento.<br\/>Ogni bambino merita un ambiente digitale equilibrato, circondato e guidato.<br\/>E se agiamo in base al quadro di riferimento, saremo in grado di trasformare questo tempo di immersione in una vera opportunit\u00e0 di apprendimento, di legame e di scoperta. <\/p>\n\n<div style=\"height:24px\" aria-hidden=\"true\" class=\"wp-block-spacer\"><\/div>\n\n<figure class=\"wp-block-image size-large\"><img decoding=\"async\" src=\"https:\/\/www.mylasertabac.com\/wp-content\/uploads\/\/mlt-verteau.svg\" alt=\"\" class=\"wp-image-13\"\/><\/figure>\n","protected":false},"excerpt":{"rendered":"<p>In un&#8217;epoca in cui gli schermi sono una parte sempre presente della nostra vita quotidiana, una cosa \u00e8 chiara: i loro effetti non sono limitati agli adolescenti. I bambini pi\u00f9 piccoli, dai 3 agli 11 anni, sono gi\u00e0 colpiti. E dietro questa osservazione si nascondono disuguaglianze sociali che mettono in discussione il nostro rapporto con [&hellip;]<\/p>\n","protected":false},"author":2,"featured_media":18899,"comment_status":"closed","ping_status":"open","sticky":false,"template":"","format":"standard","meta":{"inline_featured_image":false,"footnotes":""},"categories":[110],"tags":[],"class_list":["post-18904","post","type-post","status-publish","format-standard","has-post-thumbnail","hentry","category-salute"],"yoast_head":"<!-- This site is optimized with the Yoast SEO plugin v27.4 - https:\/\/yoast.com\/product\/yoast-seo-wordpress\/ -->\n<title>Schermi, bambini e disuguaglianze: come il consumo digitale si manifesta gi\u00e0 tra i 3 e gli 11 anni - My Laser Tabac<\/title>\n<meta name=\"description\" content=\"Scopri come il tempo trascorso sullo schermo influisce sui bambini e come stabilire un sano equilibrio digitale ogni giorno.\" \/>\n<meta name=\"robots\" content=\"index, follow, max-snippet:-1, max-image-preview:large, max-video-preview:-1\" \/>\n<link rel=\"canonical\" href=\"https:\/\/www.mylasertabac.com\/it\/schermi-bambini-e-disuguaglianze-come-il-consumo-digitale-si-manifesta-gia-tra-i-3-e-gli-11-anni\/\" \/>\n<meta property=\"og:locale\" content=\"it_IT\" \/>\n<meta property=\"og:type\" content=\"article\" \/>\n<meta property=\"og:title\" content=\"Schermi, bambini e disuguaglianze: come il consumo digitale si manifesta gi\u00e0 tra i 3 e gli 11 anni - My Laser Tabac\" \/>\n<meta property=\"og:description\" content=\"Scopri come il tempo trascorso sullo schermo influisce sui bambini e come stabilire un sano equilibrio digitale ogni giorno.\" \/>\n<meta property=\"og:url\" content=\"https:\/\/www.mylasertabac.com\/it\/schermi-bambini-e-disuguaglianze-come-il-consumo-digitale-si-manifesta-gia-tra-i-3-e-gli-11-anni\/\" \/>\n<meta property=\"og:site_name\" content=\"My Laser Tabac\" \/>\n<meta property=\"article:author\" content=\"https:\/\/www.facebook.com\/profile.php?id=61571554707319\" \/>\n<meta property=\"article:published_time\" content=\"2025-10-28T08:22:07+00:00\" \/>\n<meta property=\"article:modified_time\" content=\"2025-10-28T08:46:00+00:00\" \/>\n<meta property=\"og:image\" content=\"https:\/\/www.mylasertabac.com\/wp-content\/uploads\/2025\/10\/addiction-des-jeunes-au-tablette-et-jeu-video--1024x683.png\" \/>\n\t<meta property=\"og:image:width\" content=\"1024\" \/>\n\t<meta property=\"og:image:height\" content=\"683\" \/>\n\t<meta property=\"og:image:type\" content=\"image\/png\" \/>\n<meta name=\"author\" content=\"Florian Fortes\" \/>\n<meta name=\"twitter:card\" content=\"summary_large_image\" \/>\n<meta name=\"twitter:label1\" content=\"Scritto da\" \/>\n\t<meta name=\"twitter:data1\" content=\"Florian Fortes\" \/>\n\t<meta name=\"twitter:label2\" content=\"Tempo di lettura stimato\" \/>\n\t<meta name=\"twitter:data2\" content=\"3 minuti\" \/>\n<script type=\"application\/ld+json\" class=\"yoast-schema-graph\">{\"@context\":\"https:\\\/\\\/schema.org\",\"@graph\":[{\"@type\":\"Article\",\"@id\":\"https:\\\/\\\/www.mylasertabac.com\\\/it\\\/schermi-bambini-e-disuguaglianze-come-il-consumo-digitale-si-manifesta-gia-tra-i-3-e-gli-11-anni\\\/#article\",\"isPartOf\":{\"@id\":\"https:\\\/\\\/www.mylasertabac.com\\\/it\\\/schermi-bambini-e-disuguaglianze-come-il-consumo-digitale-si-manifesta-gia-tra-i-3-e-gli-11-anni\\\/\"},\"author\":{\"name\":\"Florian Fortes\",\"@id\":\"https:\\\/\\\/www.mylasertabac.com\\\/it\\\/#\\\/schema\\\/person\\\/02c249cb76d912efb6c315ec23eccdf3\"},\"headline\":\"Schermi, bambini e disuguaglianze: come il consumo digitale si manifesta gi\u00e0 tra i 3 e gli 11 anni\",\"datePublished\":\"2025-10-28T08:22:07+00:00\",\"dateModified\":\"2025-10-28T08:46:00+00:00\",\"mainEntityOfPage\":{\"@id\":\"https:\\\/\\\/www.mylasertabac.com\\\/it\\\/schermi-bambini-e-disuguaglianze-come-il-consumo-digitale-si-manifesta-gia-tra-i-3-e-gli-11-anni\\\/\"},\"wordCount\":735,\"publisher\":{\"@id\":\"https:\\\/\\\/www.mylasertabac.com\\\/it\\\/#organization\"},\"image\":{\"@id\":\"https:\\\/\\\/www.mylasertabac.com\\\/it\\\/schermi-bambini-e-disuguaglianze-come-il-consumo-digitale-si-manifesta-gia-tra-i-3-e-gli-11-anni\\\/#primaryimage\"},\"thumbnailUrl\":\"https:\\\/\\\/www.mylasertabac.com\\\/wp-content\\\/uploads\\\/2025\\\/10\\\/addiction-des-jeunes-au-tablette-et-jeu-video-.png\",\"articleSection\":[\"Salute\"],\"inLanguage\":\"it-IT\"},{\"@type\":\"WebPage\",\"@id\":\"https:\\\/\\\/www.mylasertabac.com\\\/it\\\/schermi-bambini-e-disuguaglianze-come-il-consumo-digitale-si-manifesta-gia-tra-i-3-e-gli-11-anni\\\/\",\"url\":\"https:\\\/\\\/www.mylasertabac.com\\\/it\\\/schermi-bambini-e-disuguaglianze-come-il-consumo-digitale-si-manifesta-gia-tra-i-3-e-gli-11-anni\\\/\",\"name\":\"Schermi, bambini e disuguaglianze: come il consumo digitale si manifesta gi\u00e0 tra i 3 e gli 11 anni - My Laser Tabac\",\"isPartOf\":{\"@id\":\"https:\\\/\\\/www.mylasertabac.com\\\/it\\\/#website\"},\"primaryImageOfPage\":{\"@id\":\"https:\\\/\\\/www.mylasertabac.com\\\/it\\\/schermi-bambini-e-disuguaglianze-come-il-consumo-digitale-si-manifesta-gia-tra-i-3-e-gli-11-anni\\\/#primaryimage\"},\"image\":{\"@id\":\"https:\\\/\\\/www.mylasertabac.com\\\/it\\\/schermi-bambini-e-disuguaglianze-come-il-consumo-digitale-si-manifesta-gia-tra-i-3-e-gli-11-anni\\\/#primaryimage\"},\"thumbnailUrl\":\"https:\\\/\\\/www.mylasertabac.com\\\/wp-content\\\/uploads\\\/2025\\\/10\\\/addiction-des-jeunes-au-tablette-et-jeu-video-.png\",\"datePublished\":\"2025-10-28T08:22:07+00:00\",\"dateModified\":\"2025-10-28T08:46:00+00:00\",\"description\":\"Scopri come il tempo trascorso sullo schermo influisce sui bambini e come stabilire un sano equilibrio digitale ogni giorno.\",\"breadcrumb\":{\"@id\":\"https:\\\/\\\/www.mylasertabac.com\\\/it\\\/schermi-bambini-e-disuguaglianze-come-il-consumo-digitale-si-manifesta-gia-tra-i-3-e-gli-11-anni\\\/#breadcrumb\"},\"inLanguage\":\"it-IT\",\"potentialAction\":[{\"@type\":\"ReadAction\",\"target\":[\"https:\\\/\\\/www.mylasertabac.com\\\/it\\\/schermi-bambini-e-disuguaglianze-come-il-consumo-digitale-si-manifesta-gia-tra-i-3-e-gli-11-anni\\\/\"]}]},{\"@type\":\"ImageObject\",\"inLanguage\":\"it-IT\",\"@id\":\"https:\\\/\\\/www.mylasertabac.com\\\/it\\\/schermi-bambini-e-disuguaglianze-come-il-consumo-digitale-si-manifesta-gia-tra-i-3-e-gli-11-anni\\\/#primaryimage\",\"url\":\"https:\\\/\\\/www.mylasertabac.com\\\/wp-content\\\/uploads\\\/2025\\\/10\\\/addiction-des-jeunes-au-tablette-et-jeu-video-.png\",\"contentUrl\":\"https:\\\/\\\/www.mylasertabac.com\\\/wp-content\\\/uploads\\\/2025\\\/10\\\/addiction-des-jeunes-au-tablette-et-jeu-video-.png\",\"width\":1536,\"height\":1024},{\"@type\":\"BreadcrumbList\",\"@id\":\"https:\\\/\\\/www.mylasertabac.com\\\/it\\\/schermi-bambini-e-disuguaglianze-come-il-consumo-digitale-si-manifesta-gia-tra-i-3-e-gli-11-anni\\\/#breadcrumb\",\"itemListElement\":[{\"@type\":\"ListItem\",\"position\":1,\"name\":\"Accueil\",\"item\":\"https:\\\/\\\/www.mylasertabac.com\\\/it\\\/casa\\\/\"},{\"@type\":\"ListItem\",\"position\":2,\"name\":\"Schermi, bambini e disuguaglianze: come il consumo digitale si manifesta gi\u00e0 tra i 3 e gli 11 anni\"}]},{\"@type\":\"WebSite\",\"@id\":\"https:\\\/\\\/www.mylasertabac.com\\\/it\\\/#website\",\"url\":\"https:\\\/\\\/www.mylasertabac.com\\\/it\\\/\",\"name\":\"My Laser Tabac\",\"description\":\"La solution laser qui transforme les fumeurs en ex-fumeurs\",\"publisher\":{\"@id\":\"https:\\\/\\\/www.mylasertabac.com\\\/it\\\/#organization\"},\"potentialAction\":[{\"@type\":\"SearchAction\",\"target\":{\"@type\":\"EntryPoint\",\"urlTemplate\":\"https:\\\/\\\/www.mylasertabac.com\\\/it\\\/?s={search_term_string}\"},\"query-input\":{\"@type\":\"PropertyValueSpecification\",\"valueRequired\":true,\"valueName\":\"search_term_string\"}}],\"inLanguage\":\"it-IT\"},{\"@type\":\"Organization\",\"@id\":\"https:\\\/\\\/www.mylasertabac.com\\\/it\\\/#organization\",\"name\":\"My Laser Tabac\",\"url\":\"https:\\\/\\\/www.mylasertabac.com\\\/it\\\/\",\"logo\":{\"@type\":\"ImageObject\",\"inLanguage\":\"it-IT\",\"@id\":\"https:\\\/\\\/www.mylasertabac.com\\\/it\\\/#\\\/schema\\\/logo\\\/image\\\/\",\"url\":\"https:\\\/\\\/www.mylasertabac.com\\\/wp-content\\\/uploads\\\/2024\\\/12\\\/mlt-verteau.svg\",\"contentUrl\":\"https:\\\/\\\/www.mylasertabac.com\\\/wp-content\\\/uploads\\\/2024\\\/12\\\/mlt-verteau.svg\",\"caption\":\"My Laser Tabac\"},\"image\":{\"@id\":\"https:\\\/\\\/www.mylasertabac.com\\\/it\\\/#\\\/schema\\\/logo\\\/image\\\/\"}},{\"@type\":\"Person\",\"@id\":\"https:\\\/\\\/www.mylasertabac.com\\\/it\\\/#\\\/schema\\\/person\\\/02c249cb76d912efb6c315ec23eccdf3\",\"name\":\"Florian Fortes\",\"image\":{\"@type\":\"ImageObject\",\"inLanguage\":\"it-IT\",\"@id\":\"https:\\\/\\\/www.mylasertabac.com\\\/wp-content\\\/litespeed\\\/avatar\\\/142101a71d7b9e6490c1120d9c109a67.jpg?ver=1776856306\",\"url\":\"https:\\\/\\\/www.mylasertabac.com\\\/wp-content\\\/litespeed\\\/avatar\\\/142101a71d7b9e6490c1120d9c109a67.jpg?ver=1776856306\",\"contentUrl\":\"https:\\\/\\\/www.mylasertabac.com\\\/wp-content\\\/litespeed\\\/avatar\\\/142101a71d7b9e6490c1120d9c109a67.jpg?ver=1776856306\",\"caption\":\"Florian Fortes\"},\"sameAs\":[\"https:\\\/\\\/www.mylasertabac.com\",\"https:\\\/\\\/www.facebook.com\\\/profile.php?id=61571554707319\"],\"url\":\"https:\\\/\\\/www.mylasertabac.com\\\/it\\\/author\\\/florianfortes5312\\\/\"}]}<\/script>\n<!-- \/ Yoast SEO plugin. -->","yoast_head_json":{"title":"Schermi, bambini e disuguaglianze: come il consumo digitale si manifesta gi\u00e0 tra i 3 e gli 11 anni - My Laser Tabac","description":"Scopri come il tempo trascorso sullo schermo influisce sui bambini e come stabilire un sano equilibrio digitale ogni giorno.","robots":{"index":"index","follow":"follow","max-snippet":"max-snippet:-1","max-image-preview":"max-image-preview:large","max-video-preview":"max-video-preview:-1"},"canonical":"https:\/\/www.mylasertabac.com\/it\/schermi-bambini-e-disuguaglianze-come-il-consumo-digitale-si-manifesta-gia-tra-i-3-e-gli-11-anni\/","og_locale":"it_IT","og_type":"article","og_title":"Schermi, bambini e disuguaglianze: come il consumo digitale si manifesta gi\u00e0 tra i 3 e gli 11 anni - My Laser Tabac","og_description":"Scopri come il tempo trascorso sullo schermo influisce sui bambini e come stabilire un sano equilibrio digitale ogni giorno.","og_url":"https:\/\/www.mylasertabac.com\/it\/schermi-bambini-e-disuguaglianze-come-il-consumo-digitale-si-manifesta-gia-tra-i-3-e-gli-11-anni\/","og_site_name":"My Laser Tabac","article_author":"https:\/\/www.facebook.com\/profile.php?id=61571554707319","article_published_time":"2025-10-28T08:22:07+00:00","article_modified_time":"2025-10-28T08:46:00+00:00","og_image":[{"width":1024,"height":683,"url":"https:\/\/www.mylasertabac.com\/wp-content\/uploads\/2025\/10\/addiction-des-jeunes-au-tablette-et-jeu-video--1024x683.png","type":"image\/png"}],"author":"Florian Fortes","twitter_card":"summary_large_image","twitter_misc":{"Scritto da":"Florian Fortes","Tempo di lettura stimato":"3 minuti"},"schema":{"@context":"https:\/\/schema.org","@graph":[{"@type":"Article","@id":"https:\/\/www.mylasertabac.com\/it\/schermi-bambini-e-disuguaglianze-come-il-consumo-digitale-si-manifesta-gia-tra-i-3-e-gli-11-anni\/#article","isPartOf":{"@id":"https:\/\/www.mylasertabac.com\/it\/schermi-bambini-e-disuguaglianze-come-il-consumo-digitale-si-manifesta-gia-tra-i-3-e-gli-11-anni\/"},"author":{"name":"Florian Fortes","@id":"https:\/\/www.mylasertabac.com\/it\/#\/schema\/person\/02c249cb76d912efb6c315ec23eccdf3"},"headline":"Schermi, bambini e disuguaglianze: come il consumo digitale si manifesta gi\u00e0 tra i 3 e gli 11 anni","datePublished":"2025-10-28T08:22:07+00:00","dateModified":"2025-10-28T08:46:00+00:00","mainEntityOfPage":{"@id":"https:\/\/www.mylasertabac.com\/it\/schermi-bambini-e-disuguaglianze-come-il-consumo-digitale-si-manifesta-gia-tra-i-3-e-gli-11-anni\/"},"wordCount":735,"publisher":{"@id":"https:\/\/www.mylasertabac.com\/it\/#organization"},"image":{"@id":"https:\/\/www.mylasertabac.com\/it\/schermi-bambini-e-disuguaglianze-come-il-consumo-digitale-si-manifesta-gia-tra-i-3-e-gli-11-anni\/#primaryimage"},"thumbnailUrl":"https:\/\/www.mylasertabac.com\/wp-content\/uploads\/2025\/10\/addiction-des-jeunes-au-tablette-et-jeu-video-.png","articleSection":["Salute"],"inLanguage":"it-IT"},{"@type":"WebPage","@id":"https:\/\/www.mylasertabac.com\/it\/schermi-bambini-e-disuguaglianze-come-il-consumo-digitale-si-manifesta-gia-tra-i-3-e-gli-11-anni\/","url":"https:\/\/www.mylasertabac.com\/it\/schermi-bambini-e-disuguaglianze-come-il-consumo-digitale-si-manifesta-gia-tra-i-3-e-gli-11-anni\/","name":"Schermi, bambini e disuguaglianze: come il consumo digitale si manifesta gi\u00e0 tra i 3 e gli 11 anni - My Laser Tabac","isPartOf":{"@id":"https:\/\/www.mylasertabac.com\/it\/#website"},"primaryImageOfPage":{"@id":"https:\/\/www.mylasertabac.com\/it\/schermi-bambini-e-disuguaglianze-come-il-consumo-digitale-si-manifesta-gia-tra-i-3-e-gli-11-anni\/#primaryimage"},"image":{"@id":"https:\/\/www.mylasertabac.com\/it\/schermi-bambini-e-disuguaglianze-come-il-consumo-digitale-si-manifesta-gia-tra-i-3-e-gli-11-anni\/#primaryimage"},"thumbnailUrl":"https:\/\/www.mylasertabac.com\/wp-content\/uploads\/2025\/10\/addiction-des-jeunes-au-tablette-et-jeu-video-.png","datePublished":"2025-10-28T08:22:07+00:00","dateModified":"2025-10-28T08:46:00+00:00","description":"Scopri come il tempo trascorso sullo schermo influisce sui bambini e come stabilire un sano equilibrio digitale ogni giorno.","breadcrumb":{"@id":"https:\/\/www.mylasertabac.com\/it\/schermi-bambini-e-disuguaglianze-come-il-consumo-digitale-si-manifesta-gia-tra-i-3-e-gli-11-anni\/#breadcrumb"},"inLanguage":"it-IT","potentialAction":[{"@type":"ReadAction","target":["https:\/\/www.mylasertabac.com\/it\/schermi-bambini-e-disuguaglianze-come-il-consumo-digitale-si-manifesta-gia-tra-i-3-e-gli-11-anni\/"]}]},{"@type":"ImageObject","inLanguage":"it-IT","@id":"https:\/\/www.mylasertabac.com\/it\/schermi-bambini-e-disuguaglianze-come-il-consumo-digitale-si-manifesta-gia-tra-i-3-e-gli-11-anni\/#primaryimage","url":"https:\/\/www.mylasertabac.com\/wp-content\/uploads\/2025\/10\/addiction-des-jeunes-au-tablette-et-jeu-video-.png","contentUrl":"https:\/\/www.mylasertabac.com\/wp-content\/uploads\/2025\/10\/addiction-des-jeunes-au-tablette-et-jeu-video-.png","width":1536,"height":1024},{"@type":"BreadcrumbList","@id":"https:\/\/www.mylasertabac.com\/it\/schermi-bambini-e-disuguaglianze-come-il-consumo-digitale-si-manifesta-gia-tra-i-3-e-gli-11-anni\/#breadcrumb","itemListElement":[{"@type":"ListItem","position":1,"name":"Accueil","item":"https:\/\/www.mylasertabac.com\/it\/casa\/"},{"@type":"ListItem","position":2,"name":"Schermi, bambini e disuguaglianze: come il consumo digitale si manifesta gi\u00e0 tra i 3 e gli 11 anni"}]},{"@type":"WebSite","@id":"https:\/\/www.mylasertabac.com\/it\/#website","url":"https:\/\/www.mylasertabac.com\/it\/","name":"My Laser Tabac","description":"La solution laser qui transforme les fumeurs en ex-fumeurs","publisher":{"@id":"https:\/\/www.mylasertabac.com\/it\/#organization"},"potentialAction":[{"@type":"SearchAction","target":{"@type":"EntryPoint","urlTemplate":"https:\/\/www.mylasertabac.com\/it\/?s={search_term_string}"},"query-input":{"@type":"PropertyValueSpecification","valueRequired":true,"valueName":"search_term_string"}}],"inLanguage":"it-IT"},{"@type":"Organization","@id":"https:\/\/www.mylasertabac.com\/it\/#organization","name":"My Laser Tabac","url":"https:\/\/www.mylasertabac.com\/it\/","logo":{"@type":"ImageObject","inLanguage":"it-IT","@id":"https:\/\/www.mylasertabac.com\/it\/#\/schema\/logo\/image\/","url":"https:\/\/www.mylasertabac.com\/wp-content\/uploads\/2024\/12\/mlt-verteau.svg","contentUrl":"https:\/\/www.mylasertabac.com\/wp-content\/uploads\/2024\/12\/mlt-verteau.svg","caption":"My Laser Tabac"},"image":{"@id":"https:\/\/www.mylasertabac.com\/it\/#\/schema\/logo\/image\/"}},{"@type":"Person","@id":"https:\/\/www.mylasertabac.com\/it\/#\/schema\/person\/02c249cb76d912efb6c315ec23eccdf3","name":"Florian Fortes","image":{"@type":"ImageObject","inLanguage":"it-IT","@id":"https:\/\/www.mylasertabac.com\/wp-content\/litespeed\/avatar\/142101a71d7b9e6490c1120d9c109a67.jpg?ver=1776856306","url":"https:\/\/www.mylasertabac.com\/wp-content\/litespeed\/avatar\/142101a71d7b9e6490c1120d9c109a67.jpg?ver=1776856306","contentUrl":"https:\/\/www.mylasertabac.com\/wp-content\/litespeed\/avatar\/142101a71d7b9e6490c1120d9c109a67.jpg?ver=1776856306","caption":"Florian Fortes"},"sameAs":["https:\/\/www.mylasertabac.com","https:\/\/www.facebook.com\/profile.php?id=61571554707319"],"url":"https:\/\/www.mylasertabac.com\/it\/author\/florianfortes5312\/"}]}},"_links":{"self":[{"href":"https:\/\/www.mylasertabac.com\/it\/wp-json\/wp\/v2\/posts\/18904","targetHints":{"allow":["GET"]}}],"collection":[{"href":"https:\/\/www.mylasertabac.com\/it\/wp-json\/wp\/v2\/posts"}],"about":[{"href":"https:\/\/www.mylasertabac.com\/it\/wp-json\/wp\/v2\/types\/post"}],"author":[{"embeddable":true,"href":"https:\/\/www.mylasertabac.com\/it\/wp-json\/wp\/v2\/users\/2"}],"replies":[{"embeddable":true,"href":"https:\/\/www.mylasertabac.com\/it\/wp-json\/wp\/v2\/comments?post=18904"}],"version-history":[{"count":5,"href":"https:\/\/www.mylasertabac.com\/it\/wp-json\/wp\/v2\/posts\/18904\/revisions"}],"predecessor-version":[{"id":18950,"href":"https:\/\/www.mylasertabac.com\/it\/wp-json\/wp\/v2\/posts\/18904\/revisions\/18950"}],"wp:featuredmedia":[{"embeddable":true,"href":"https:\/\/www.mylasertabac.com\/it\/wp-json\/wp\/v2\/media\/18899"}],"wp:attachment":[{"href":"https:\/\/www.mylasertabac.com\/it\/wp-json\/wp\/v2\/media?parent=18904"}],"wp:term":[{"taxonomy":"category","embeddable":true,"href":"https:\/\/www.mylasertabac.com\/it\/wp-json\/wp\/v2\/categories?post=18904"},{"taxonomy":"post_tag","embeddable":true,"href":"https:\/\/www.mylasertabac.com\/it\/wp-json\/wp\/v2\/tags?post=18904"}],"curies":[{"name":"wp","href":"https:\/\/api.w.org\/{rel}","templated":true}]}}