{"id":19011,"date":"2025-10-28T15:06:16","date_gmt":"2025-10-28T14:06:16","guid":{"rendered":"https:\/\/www.mylasertabac.com\/vendere-alcolici-ai-minori-quando-la-legge-tradisce-la-realta\/"},"modified":"2025-10-28T17:40:03","modified_gmt":"2025-10-28T16:40:03","slug":"vendere-alcolici-ai-minori-quando-la-legge-tradisce-la-realta","status":"publish","type":"post","link":"https:\/\/www.mylasertabac.com\/it\/vendere-alcolici-ai-minori-quando-la-legge-tradisce-la-realta\/","title":{"rendered":"Vendere alcolici ai minori: quando la legge tradisce la realt\u00e0"},"content":{"rendered":"\n<div style=\"height:21px\" aria-hidden=\"true\" class=\"wp-block-spacer\"><\/div>\n\n<ol start=\"2025\" class=\"wp-block-list\">\n<li>Un liceo francese. Un gioved\u00ec sera. E un drink non controllato: &#8220;Mi hanno chiesto la carta d&#8217;identit\u00e0? No. Mi hanno detto: &#8216;\u00c8 per il compleanno di mio fratello'&#8221;. Questo estratto, raccolto durante un&#8217;operazione di controllo, riflette una constatazione allarmante: il divieto di vendita di alcolici ai minori esiste&#8230; ma troppo spesso rimane lettera morta.  <\/li>\n<\/ol>\n\n<div style=\"height:21px\" aria-hidden=\"true\" class=\"wp-block-spacer\"><\/div>\n\n<h2 class=\"wp-block-heading\">Un divieto chiaro, ma poco applicato<\/h2>\n\n<p>La norma \u00e8 inequivocabile: \u00e8 vietata la vendita di bevande alcoliche ai minori di 18 anni. <a href=\"https:\/\/sante.gouv.fr\/IMG\/pdf\/affiche_a4_debits_de_boissons_a_consommer_sur_place.pdf?utm_source=chatgpt.com\" target=\"_blank\" rel=\"noreferrer noopener\">Sant\u00e9 et Autonomie+2L\u00e9gifrance+2<\/a><br\/>Tuttavia, sul campo, il rispetto di questa legge lascia a desiderare.<br\/>Le indagini rivelatrici condotte tra le catene di supermercati mostrano che la maggior parte di esse vende ancora alcolici ai minorenni senza richiedere una prova dell&#8217;et\u00e0. <a href=\"https:\/\/www.economiematin.fr\/alcool-mineurs-vente-interdiction-supermarche-sante?utm_source=chatgpt.com\" target=\"_blank\" rel=\"noreferrer noopener\">Economiematin+2blog.addictions-france.org+2<\/a><br\/>Questa situazione solleva delle domande: chi, nei negozi o nei bar, \u00e8 davvero responsabile della verifica dell&#8217;et\u00e0? Molti hanno lasciato correre.<\/p>\n\n<div style=\"height:21px\" aria-hidden=\"true\" class=\"wp-block-spacer\"><\/div>\n\n<h2 class=\"wp-block-heading\">Il ruolo dei cassieri e la pressione sulla vendita al dettaglio<\/h2>\n\n<p>Quando un giovane paga una bottiglia da 8 euro, con un sacchetto o una lattina, la domanda sorge spontanea: il cassiere dovrebbe controllare sistematicamente?<br\/>La risposta legale \u00e8 s\u00ec.<br\/>Ma la realt\u00e0 sul campo \u00e8 diversa. La pressione del flusso, l&#8217;aspetto del cliente, la velocit\u00e0 dell&#8217;acquisto&#8230; ci sono troppi fattori che incoraggiano l&#8217;inazione.<br\/>Il Codice della Salute Pubblica francese impone un obbligo: &#8220;La persona che emette la bevanda deve chiedere al cliente di esibire una prova della sua maggiore et\u00e0&#8221;. <a href=\"https:\/\/www.legifrance.gouv.fr\/codes\/id\/LEGISCTA000006171207?utm_source=chatgpt.com\" target=\"_blank\" rel=\"noreferrer noopener\">L\u00e9gifrance<\/a><br\/>Eppure: pochi controlli, sanzioni limitate, poca vigilanza. <\/p>\n\n<div style=\"height:21px\" aria-hidden=\"true\" class=\"wp-block-spacer\"><\/div>\n\n<h2 class=\"wp-block-heading\">Quando la vendita di alcolici ai minori diventa un problema di salute pubblica<\/h2>\n\n<p>Quando i giovani iniziano a bere in tenera et\u00e0, gli effetti sono duraturi: difficolt\u00e0 di apprendimento, compromissione della maturazione cerebrale e aumento del rischio di dipendenza. <a href=\"https:\/\/addictions-france.org\/actualites\/des-geants-de-la-grande-distribution-aux-bars-de-quartiers-tous-hors-la-loi-pour-la-vente-dalcool-aux-mineurs-12204\/?utm_source=chatgpt.com\" target=\"_blank\" rel=\"noreferrer noopener\">Dipendenze Francia+1<\/a><br\/>Un quindicenne che acquista liberamente un drink &#8220;ricreativo&#8221; \u00e8 gi\u00e0 sulla strada per diventare un adulto potenzialmente dipendente dall&#8217;alcol.<br\/>Tuttavia, sono pochi i locali che vengono sanzionati a lungo termine. Le segnalazioni rimangono basse, cos\u00ec come i procedimenti giudiziari.<br\/>Questo porta alla conclusione allarmante che l&#8217;attuazione della legge rimane una variabile di aggiustamento. Nel frattempo, i giovani ne pagano le conseguenze.<\/p>\n\n<div style=\"height:21px\" aria-hidden=\"true\" class=\"wp-block-spacer\"><\/div>\n\n<h2 class=\"wp-block-heading\">Agisci prima che sia troppo tardi<\/h2>\n\n<p>Se sei un genitore, un insegnante o un imprenditore, questo fatto non deve paralizzarti, ma piuttosto mobilitarti.<br\/>Ecco alcune idee pratiche:<\/p>\n\n<ul class=\"wp-block-list\">\n<li>Introdurre la verifica sistematica dell&#8217;et\u00e0 in tutti i negozi.<\/li>\n\n\n\n<li>Addestra i team a individuare i comportamenti a rischio: acquisti in ritardo, borse visibili, acquisti di gruppo.<\/li>\n\n\n\n<li>Parla ai giovani. Spiega che l&#8217;alcol non \u00e8 solo una &#8220;festa&#8221;, ma un prodotto che cambia tutto: corpo, cervello, vita. <\/li>\n\n\n\n<li>Offri alternative senza alcol in modo che il piacere rimanga, ma senza i rischi.<\/li>\n<\/ul>\n\n<p>Anche i negozianti hanno un ruolo da svolgere: ricordare ai cittadini le regole, esporre chiaramente il divieto, rifiutarsi di vendere a un giovane senza un documento che ne attesti l&#8217;et\u00e0. \u00c8 una responsabilit\u00e0 collettiva. <\/p>\n\n<div style=\"height:21px\" aria-hidden=\"true\" class=\"wp-block-spacer\"><\/div>\n\n<h2 class=\"wp-block-heading\">Una responsabilit\u00e0 condivisa<\/h2>\n\n<p>La vendita di alcolici ai minori non \u00e8 solo un fallimento individuale.<br\/>\u00c8 un fallimento collettivo: distribuzione, legislazione, supervisione, educazione.<br\/>Ogni attore ha un ruolo da svolgere: dal cassiere che deve chiedere la carta d&#8217;identit\u00e0, al manager che deve formare il suo team, alla comunit\u00e0 che deve monitorare.<br\/>E fino al genitore che deve parlare al proprio figlio di questo atto che pu\u00f2 scivolare nella dipendenza.<\/p>\n\n<div style=\"height:21px\" aria-hidden=\"true\" class=\"wp-block-spacer\"><\/div>\n\n<h2 class=\"wp-block-heading\">Conclusione<\/h2>\n\n<p>Il commercio e la legge non sono pi\u00f9 in equilibrio.<br\/>Vendere alcolici a un minorenne non dovrebbe pi\u00f9 essere un reato minore: \u00e8 un grave rischio per la salute pubblica.<br\/>Agire per garantire che la legge non sia solo un segnale: \u00e8 una responsabilit\u00e0 di tutti.<br\/>Perch\u00e9 dietro ogni drink venduto troppo presto, una vita pu\u00f2 essere stravolta.<\/p>\n\n<div style=\"height:35px\" aria-hidden=\"true\" class=\"wp-block-spacer\"><\/div>\n\n<figure class=\"wp-block-image size-large\"><img decoding=\"async\" src=\"https:\/\/www.mylasertabac.com\/wp-content\/uploads\/\/mlt-verteau.svg\" alt=\"\" class=\"wp-image-13\"\/><\/figure>\n","protected":false},"excerpt":{"rendered":"<p>Un divieto chiaro, ma poco applicato La norma \u00e8 inequivocabile: \u00e8 vietata la vendita di bevande alcoliche ai minori di 18 anni. Sant\u00e9 et Autonomie+2L\u00e9gifrance+2Tuttavia, sul campo, il rispetto di questa legge lascia a desiderare.Le indagini rivelatrici condotte tra le catene di supermercati mostrano che la maggior parte di esse vende ancora alcolici ai minorenni [&hellip;]<\/p>\n","protected":false},"author":2,"featured_media":19026,"comment_status":"closed","ping_status":"open","sticky":false,"template":"","format":"standard","meta":{"inline_featured_image":false,"footnotes":""},"categories":[78],"tags":[],"class_list":["post-19011","post","type-post","status-publish","format-standard","has-post-thumbnail","hentry","category-non-categorizzato"],"yoast_head":"<!-- This site is optimized with the Yoast SEO plugin v27.4 - https:\/\/yoast.com\/product\/yoast-seo-wordpress\/ -->\n<title>Vendere alcolici ai minori: quando la legge tradisce la realt\u00e0 - My Laser Tabac<\/title>\n<meta name=\"description\" content=\"Scopri perch\u00e9 la vendita di alcolici ai minori rimane un pericolo importante, nonostante la legge, e come agire in modo efficace.\" \/>\n<meta name=\"robots\" content=\"index, follow, max-snippet:-1, max-image-preview:large, max-video-preview:-1\" \/>\n<link rel=\"canonical\" href=\"https:\/\/www.mylasertabac.com\/it\/vendere-alcolici-ai-minori-quando-la-legge-tradisce-la-realta\/\" \/>\n<meta property=\"og:locale\" content=\"it_IT\" \/>\n<meta property=\"og:type\" content=\"article\" \/>\n<meta property=\"og:title\" content=\"Vendere alcolici ai minori: quando la legge tradisce la realt\u00e0 - My Laser Tabac\" \/>\n<meta property=\"og:description\" content=\"Scopri perch\u00e9 la vendita di alcolici ai minori rimane un pericolo importante, nonostante la legge, e come agire in modo efficace.\" \/>\n<meta property=\"og:url\" content=\"https:\/\/www.mylasertabac.com\/it\/vendere-alcolici-ai-minori-quando-la-legge-tradisce-la-realta\/\" \/>\n<meta property=\"og:site_name\" content=\"My Laser Tabac\" \/>\n<meta property=\"article:author\" content=\"https:\/\/www.facebook.com\/profile.php?id=61571554707319\" \/>\n<meta property=\"article:published_time\" content=\"2025-10-28T14:06:16+00:00\" \/>\n<meta property=\"article:modified_time\" content=\"2025-10-28T16:40:03+00:00\" \/>\n<meta property=\"og:image\" content=\"https:\/\/www.mylasertabac.com\/wp-content\/uploads\/2025\/10\/Vente-dalcool-au-mineur-qui-esy-le-responsable-1024x683.png\" \/>\n\t<meta property=\"og:image:width\" content=\"1024\" \/>\n\t<meta property=\"og:image:height\" content=\"683\" \/>\n\t<meta property=\"og:image:type\" content=\"image\/png\" \/>\n<meta name=\"author\" content=\"Florian Fortes\" \/>\n<meta name=\"twitter:card\" content=\"summary_large_image\" \/>\n<meta name=\"twitter:label1\" content=\"Scritto da\" \/>\n\t<meta name=\"twitter:data1\" content=\"Florian Fortes\" \/>\n\t<meta name=\"twitter:label2\" content=\"Tempo di lettura stimato\" \/>\n\t<meta name=\"twitter:data2\" content=\"3 minuti\" \/>\n<script type=\"application\/ld+json\" class=\"yoast-schema-graph\">{\"@context\":\"https:\\\/\\\/schema.org\",\"@graph\":[{\"@type\":\"Article\",\"@id\":\"https:\\\/\\\/www.mylasertabac.com\\\/it\\\/vendere-alcolici-ai-minori-quando-la-legge-tradisce-la-realta\\\/#article\",\"isPartOf\":{\"@id\":\"https:\\\/\\\/www.mylasertabac.com\\\/it\\\/vendere-alcolici-ai-minori-quando-la-legge-tradisce-la-realta\\\/\"},\"author\":{\"name\":\"Florian Fortes\",\"@id\":\"https:\\\/\\\/www.mylasertabac.com\\\/it\\\/#\\\/schema\\\/person\\\/02c249cb76d912efb6c315ec23eccdf3\"},\"headline\":\"Vendere alcolici ai minori: quando la legge tradisce la realt\u00e0\",\"datePublished\":\"2025-10-28T14:06:16+00:00\",\"dateModified\":\"2025-10-28T16:40:03+00:00\",\"mainEntityOfPage\":{\"@id\":\"https:\\\/\\\/www.mylasertabac.com\\\/it\\\/vendere-alcolici-ai-minori-quando-la-legge-tradisce-la-realta\\\/\"},\"wordCount\":602,\"publisher\":{\"@id\":\"https:\\\/\\\/www.mylasertabac.com\\\/it\\\/#organization\"},\"image\":{\"@id\":\"https:\\\/\\\/www.mylasertabac.com\\\/it\\\/vendere-alcolici-ai-minori-quando-la-legge-tradisce-la-realta\\\/#primaryimage\"},\"thumbnailUrl\":\"https:\\\/\\\/www.mylasertabac.com\\\/wp-content\\\/uploads\\\/2025\\\/10\\\/Vente-dalcool-au-mineur-qui-esy-le-responsable.png\",\"articleSection\":[\"Non categorizzato\"],\"inLanguage\":\"it-IT\"},{\"@type\":\"WebPage\",\"@id\":\"https:\\\/\\\/www.mylasertabac.com\\\/it\\\/vendere-alcolici-ai-minori-quando-la-legge-tradisce-la-realta\\\/\",\"url\":\"https:\\\/\\\/www.mylasertabac.com\\\/it\\\/vendere-alcolici-ai-minori-quando-la-legge-tradisce-la-realta\\\/\",\"name\":\"Vendere alcolici ai minori: quando la legge tradisce la realt\u00e0 - My Laser Tabac\",\"isPartOf\":{\"@id\":\"https:\\\/\\\/www.mylasertabac.com\\\/it\\\/#website\"},\"primaryImageOfPage\":{\"@id\":\"https:\\\/\\\/www.mylasertabac.com\\\/it\\\/vendere-alcolici-ai-minori-quando-la-legge-tradisce-la-realta\\\/#primaryimage\"},\"image\":{\"@id\":\"https:\\\/\\\/www.mylasertabac.com\\\/it\\\/vendere-alcolici-ai-minori-quando-la-legge-tradisce-la-realta\\\/#primaryimage\"},\"thumbnailUrl\":\"https:\\\/\\\/www.mylasertabac.com\\\/wp-content\\\/uploads\\\/2025\\\/10\\\/Vente-dalcool-au-mineur-qui-esy-le-responsable.png\",\"datePublished\":\"2025-10-28T14:06:16+00:00\",\"dateModified\":\"2025-10-28T16:40:03+00:00\",\"description\":\"Scopri perch\u00e9 la vendita di alcolici ai minori rimane un pericolo importante, nonostante la legge, e come agire in modo efficace.\",\"breadcrumb\":{\"@id\":\"https:\\\/\\\/www.mylasertabac.com\\\/it\\\/vendere-alcolici-ai-minori-quando-la-legge-tradisce-la-realta\\\/#breadcrumb\"},\"inLanguage\":\"it-IT\",\"potentialAction\":[{\"@type\":\"ReadAction\",\"target\":[\"https:\\\/\\\/www.mylasertabac.com\\\/it\\\/vendere-alcolici-ai-minori-quando-la-legge-tradisce-la-realta\\\/\"]}]},{\"@type\":\"ImageObject\",\"inLanguage\":\"it-IT\",\"@id\":\"https:\\\/\\\/www.mylasertabac.com\\\/it\\\/vendere-alcolici-ai-minori-quando-la-legge-tradisce-la-realta\\\/#primaryimage\",\"url\":\"https:\\\/\\\/www.mylasertabac.com\\\/wp-content\\\/uploads\\\/2025\\\/10\\\/Vente-dalcool-au-mineur-qui-esy-le-responsable.png\",\"contentUrl\":\"https:\\\/\\\/www.mylasertabac.com\\\/wp-content\\\/uploads\\\/2025\\\/10\\\/Vente-dalcool-au-mineur-qui-esy-le-responsable.png\",\"width\":1536,\"height\":1024},{\"@type\":\"BreadcrumbList\",\"@id\":\"https:\\\/\\\/www.mylasertabac.com\\\/it\\\/vendere-alcolici-ai-minori-quando-la-legge-tradisce-la-realta\\\/#breadcrumb\",\"itemListElement\":[{\"@type\":\"ListItem\",\"position\":1,\"name\":\"Accueil\",\"item\":\"https:\\\/\\\/www.mylasertabac.com\\\/it\\\/casa\\\/\"},{\"@type\":\"ListItem\",\"position\":2,\"name\":\"Vendere alcolici ai minori: quando la legge tradisce la realt\u00e0\"}]},{\"@type\":\"WebSite\",\"@id\":\"https:\\\/\\\/www.mylasertabac.com\\\/it\\\/#website\",\"url\":\"https:\\\/\\\/www.mylasertabac.com\\\/it\\\/\",\"name\":\"My Laser Tabac\",\"description\":\"La solution laser qui transforme les fumeurs en ex-fumeurs\",\"publisher\":{\"@id\":\"https:\\\/\\\/www.mylasertabac.com\\\/it\\\/#organization\"},\"potentialAction\":[{\"@type\":\"SearchAction\",\"target\":{\"@type\":\"EntryPoint\",\"urlTemplate\":\"https:\\\/\\\/www.mylasertabac.com\\\/it\\\/?s={search_term_string}\"},\"query-input\":{\"@type\":\"PropertyValueSpecification\",\"valueRequired\":true,\"valueName\":\"search_term_string\"}}],\"inLanguage\":\"it-IT\"},{\"@type\":\"Organization\",\"@id\":\"https:\\\/\\\/www.mylasertabac.com\\\/it\\\/#organization\",\"name\":\"My Laser Tabac\",\"url\":\"https:\\\/\\\/www.mylasertabac.com\\\/it\\\/\",\"logo\":{\"@type\":\"ImageObject\",\"inLanguage\":\"it-IT\",\"@id\":\"https:\\\/\\\/www.mylasertabac.com\\\/it\\\/#\\\/schema\\\/logo\\\/image\\\/\",\"url\":\"https:\\\/\\\/www.mylasertabac.com\\\/wp-content\\\/uploads\\\/2024\\\/12\\\/mlt-verteau.svg\",\"contentUrl\":\"https:\\\/\\\/www.mylasertabac.com\\\/wp-content\\\/uploads\\\/2024\\\/12\\\/mlt-verteau.svg\",\"caption\":\"My Laser Tabac\"},\"image\":{\"@id\":\"https:\\\/\\\/www.mylasertabac.com\\\/it\\\/#\\\/schema\\\/logo\\\/image\\\/\"}},{\"@type\":\"Person\",\"@id\":\"https:\\\/\\\/www.mylasertabac.com\\\/it\\\/#\\\/schema\\\/person\\\/02c249cb76d912efb6c315ec23eccdf3\",\"name\":\"Florian Fortes\",\"image\":{\"@type\":\"ImageObject\",\"inLanguage\":\"it-IT\",\"@id\":\"https:\\\/\\\/www.mylasertabac.com\\\/wp-content\\\/litespeed\\\/avatar\\\/142101a71d7b9e6490c1120d9c109a67.jpg?ver=1776856306\",\"url\":\"https:\\\/\\\/www.mylasertabac.com\\\/wp-content\\\/litespeed\\\/avatar\\\/142101a71d7b9e6490c1120d9c109a67.jpg?ver=1776856306\",\"contentUrl\":\"https:\\\/\\\/www.mylasertabac.com\\\/wp-content\\\/litespeed\\\/avatar\\\/142101a71d7b9e6490c1120d9c109a67.jpg?ver=1776856306\",\"caption\":\"Florian Fortes\"},\"sameAs\":[\"https:\\\/\\\/www.mylasertabac.com\",\"https:\\\/\\\/www.facebook.com\\\/profile.php?id=61571554707319\"],\"url\":\"https:\\\/\\\/www.mylasertabac.com\\\/it\\\/author\\\/florianfortes5312\\\/\"}]}<\/script>\n<!-- \/ Yoast SEO plugin. -->","yoast_head_json":{"title":"Vendere alcolici ai minori: quando la legge tradisce la realt\u00e0 - My Laser Tabac","description":"Scopri perch\u00e9 la vendita di alcolici ai minori rimane un pericolo importante, nonostante la legge, e come agire in modo efficace.","robots":{"index":"index","follow":"follow","max-snippet":"max-snippet:-1","max-image-preview":"max-image-preview:large","max-video-preview":"max-video-preview:-1"},"canonical":"https:\/\/www.mylasertabac.com\/it\/vendere-alcolici-ai-minori-quando-la-legge-tradisce-la-realta\/","og_locale":"it_IT","og_type":"article","og_title":"Vendere alcolici ai minori: quando la legge tradisce la realt\u00e0 - My Laser Tabac","og_description":"Scopri perch\u00e9 la vendita di alcolici ai minori rimane un pericolo importante, nonostante la legge, e come agire in modo efficace.","og_url":"https:\/\/www.mylasertabac.com\/it\/vendere-alcolici-ai-minori-quando-la-legge-tradisce-la-realta\/","og_site_name":"My Laser Tabac","article_author":"https:\/\/www.facebook.com\/profile.php?id=61571554707319","article_published_time":"2025-10-28T14:06:16+00:00","article_modified_time":"2025-10-28T16:40:03+00:00","og_image":[{"width":1024,"height":683,"url":"https:\/\/www.mylasertabac.com\/wp-content\/uploads\/2025\/10\/Vente-dalcool-au-mineur-qui-esy-le-responsable-1024x683.png","type":"image\/png"}],"author":"Florian Fortes","twitter_card":"summary_large_image","twitter_misc":{"Scritto da":"Florian Fortes","Tempo di lettura stimato":"3 minuti"},"schema":{"@context":"https:\/\/schema.org","@graph":[{"@type":"Article","@id":"https:\/\/www.mylasertabac.com\/it\/vendere-alcolici-ai-minori-quando-la-legge-tradisce-la-realta\/#article","isPartOf":{"@id":"https:\/\/www.mylasertabac.com\/it\/vendere-alcolici-ai-minori-quando-la-legge-tradisce-la-realta\/"},"author":{"name":"Florian Fortes","@id":"https:\/\/www.mylasertabac.com\/it\/#\/schema\/person\/02c249cb76d912efb6c315ec23eccdf3"},"headline":"Vendere alcolici ai minori: quando la legge tradisce la realt\u00e0","datePublished":"2025-10-28T14:06:16+00:00","dateModified":"2025-10-28T16:40:03+00:00","mainEntityOfPage":{"@id":"https:\/\/www.mylasertabac.com\/it\/vendere-alcolici-ai-minori-quando-la-legge-tradisce-la-realta\/"},"wordCount":602,"publisher":{"@id":"https:\/\/www.mylasertabac.com\/it\/#organization"},"image":{"@id":"https:\/\/www.mylasertabac.com\/it\/vendere-alcolici-ai-minori-quando-la-legge-tradisce-la-realta\/#primaryimage"},"thumbnailUrl":"https:\/\/www.mylasertabac.com\/wp-content\/uploads\/2025\/10\/Vente-dalcool-au-mineur-qui-esy-le-responsable.png","articleSection":["Non categorizzato"],"inLanguage":"it-IT"},{"@type":"WebPage","@id":"https:\/\/www.mylasertabac.com\/it\/vendere-alcolici-ai-minori-quando-la-legge-tradisce-la-realta\/","url":"https:\/\/www.mylasertabac.com\/it\/vendere-alcolici-ai-minori-quando-la-legge-tradisce-la-realta\/","name":"Vendere alcolici ai minori: quando la legge tradisce la realt\u00e0 - My Laser Tabac","isPartOf":{"@id":"https:\/\/www.mylasertabac.com\/it\/#website"},"primaryImageOfPage":{"@id":"https:\/\/www.mylasertabac.com\/it\/vendere-alcolici-ai-minori-quando-la-legge-tradisce-la-realta\/#primaryimage"},"image":{"@id":"https:\/\/www.mylasertabac.com\/it\/vendere-alcolici-ai-minori-quando-la-legge-tradisce-la-realta\/#primaryimage"},"thumbnailUrl":"https:\/\/www.mylasertabac.com\/wp-content\/uploads\/2025\/10\/Vente-dalcool-au-mineur-qui-esy-le-responsable.png","datePublished":"2025-10-28T14:06:16+00:00","dateModified":"2025-10-28T16:40:03+00:00","description":"Scopri perch\u00e9 la vendita di alcolici ai minori rimane un pericolo importante, nonostante la legge, e come agire in modo efficace.","breadcrumb":{"@id":"https:\/\/www.mylasertabac.com\/it\/vendere-alcolici-ai-minori-quando-la-legge-tradisce-la-realta\/#breadcrumb"},"inLanguage":"it-IT","potentialAction":[{"@type":"ReadAction","target":["https:\/\/www.mylasertabac.com\/it\/vendere-alcolici-ai-minori-quando-la-legge-tradisce-la-realta\/"]}]},{"@type":"ImageObject","inLanguage":"it-IT","@id":"https:\/\/www.mylasertabac.com\/it\/vendere-alcolici-ai-minori-quando-la-legge-tradisce-la-realta\/#primaryimage","url":"https:\/\/www.mylasertabac.com\/wp-content\/uploads\/2025\/10\/Vente-dalcool-au-mineur-qui-esy-le-responsable.png","contentUrl":"https:\/\/www.mylasertabac.com\/wp-content\/uploads\/2025\/10\/Vente-dalcool-au-mineur-qui-esy-le-responsable.png","width":1536,"height":1024},{"@type":"BreadcrumbList","@id":"https:\/\/www.mylasertabac.com\/it\/vendere-alcolici-ai-minori-quando-la-legge-tradisce-la-realta\/#breadcrumb","itemListElement":[{"@type":"ListItem","position":1,"name":"Accueil","item":"https:\/\/www.mylasertabac.com\/it\/casa\/"},{"@type":"ListItem","position":2,"name":"Vendere alcolici ai minori: quando la legge tradisce la realt\u00e0"}]},{"@type":"WebSite","@id":"https:\/\/www.mylasertabac.com\/it\/#website","url":"https:\/\/www.mylasertabac.com\/it\/","name":"My Laser Tabac","description":"La solution laser qui transforme les fumeurs en ex-fumeurs","publisher":{"@id":"https:\/\/www.mylasertabac.com\/it\/#organization"},"potentialAction":[{"@type":"SearchAction","target":{"@type":"EntryPoint","urlTemplate":"https:\/\/www.mylasertabac.com\/it\/?s={search_term_string}"},"query-input":{"@type":"PropertyValueSpecification","valueRequired":true,"valueName":"search_term_string"}}],"inLanguage":"it-IT"},{"@type":"Organization","@id":"https:\/\/www.mylasertabac.com\/it\/#organization","name":"My Laser Tabac","url":"https:\/\/www.mylasertabac.com\/it\/","logo":{"@type":"ImageObject","inLanguage":"it-IT","@id":"https:\/\/www.mylasertabac.com\/it\/#\/schema\/logo\/image\/","url":"https:\/\/www.mylasertabac.com\/wp-content\/uploads\/2024\/12\/mlt-verteau.svg","contentUrl":"https:\/\/www.mylasertabac.com\/wp-content\/uploads\/2024\/12\/mlt-verteau.svg","caption":"My Laser Tabac"},"image":{"@id":"https:\/\/www.mylasertabac.com\/it\/#\/schema\/logo\/image\/"}},{"@type":"Person","@id":"https:\/\/www.mylasertabac.com\/it\/#\/schema\/person\/02c249cb76d912efb6c315ec23eccdf3","name":"Florian Fortes","image":{"@type":"ImageObject","inLanguage":"it-IT","@id":"https:\/\/www.mylasertabac.com\/wp-content\/litespeed\/avatar\/142101a71d7b9e6490c1120d9c109a67.jpg?ver=1776856306","url":"https:\/\/www.mylasertabac.com\/wp-content\/litespeed\/avatar\/142101a71d7b9e6490c1120d9c109a67.jpg?ver=1776856306","contentUrl":"https:\/\/www.mylasertabac.com\/wp-content\/litespeed\/avatar\/142101a71d7b9e6490c1120d9c109a67.jpg?ver=1776856306","caption":"Florian Fortes"},"sameAs":["https:\/\/www.mylasertabac.com","https:\/\/www.facebook.com\/profile.php?id=61571554707319"],"url":"https:\/\/www.mylasertabac.com\/it\/author\/florianfortes5312\/"}]}},"_links":{"self":[{"href":"https:\/\/www.mylasertabac.com\/it\/wp-json\/wp\/v2\/posts\/19011","targetHints":{"allow":["GET"]}}],"collection":[{"href":"https:\/\/www.mylasertabac.com\/it\/wp-json\/wp\/v2\/posts"}],"about":[{"href":"https:\/\/www.mylasertabac.com\/it\/wp-json\/wp\/v2\/types\/post"}],"author":[{"embeddable":true,"href":"https:\/\/www.mylasertabac.com\/it\/wp-json\/wp\/v2\/users\/2"}],"replies":[{"embeddable":true,"href":"https:\/\/www.mylasertabac.com\/it\/wp-json\/wp\/v2\/comments?post=19011"}],"version-history":[{"count":3,"href":"https:\/\/www.mylasertabac.com\/it\/wp-json\/wp\/v2\/posts\/19011\/revisions"}],"predecessor-version":[{"id":19038,"href":"https:\/\/www.mylasertabac.com\/it\/wp-json\/wp\/v2\/posts\/19011\/revisions\/19038"}],"wp:featuredmedia":[{"embeddable":true,"href":"https:\/\/www.mylasertabac.com\/it\/wp-json\/wp\/v2\/media\/19026"}],"wp:attachment":[{"href":"https:\/\/www.mylasertabac.com\/it\/wp-json\/wp\/v2\/media?parent=19011"}],"wp:term":[{"taxonomy":"category","embeddable":true,"href":"https:\/\/www.mylasertabac.com\/it\/wp-json\/wp\/v2\/categories?post=19011"},{"taxonomy":"post_tag","embeddable":true,"href":"https:\/\/www.mylasertabac.com\/it\/wp-json\/wp\/v2\/tags?post=19011"}],"curies":[{"name":"wp","href":"https:\/\/api.w.org\/{rel}","templated":true}]}}