{"id":19059,"date":"2025-10-29T09:37:20","date_gmt":"2025-10-29T08:37:20","guid":{"rendered":"https:\/\/www.mylasertabac.com\/tassazione-degli-e-liquid-e-chiusura-dei-negozi-specializzati-una-svolta-per-il-vaping\/"},"modified":"2025-10-29T17:55:48","modified_gmt":"2025-10-29T16:55:48","slug":"tassazione-degli-e-liquid-e-chiusura-dei-negozi-specializzati-una-svolta-per-il-vaping","status":"publish","type":"post","link":"https:\/\/www.mylasertabac.com\/it\/tassazione-degli-e-liquid-e-chiusura-dei-negozi-specializzati-una-svolta-per-il-vaping\/","title":{"rendered":"Tassazione degli e-liquid e chiusura dei negozi specializzati: una svolta per il vaping"},"content":{"rendered":"\n<p>La legge finanziaria 2026 prevede di rivoluzionare il mondo del vaping in Francia: tassazione degli e-liquid, divieto di vendita online e autorizzazione obbligatoria per i negozi. Una serie di misure che minacciano un intero settore della riduzione del danno. <\/p>\n\n<div style=\"height:25px\" aria-hidden=\"true\" class=\"wp-block-spacer\"><\/div>\n\n<figure class=\"wp-block-image alignleft size-large is-resized\"><a href=\"https:\/\/www.mylasertabac.com\/it\/i-nostri-centri\/\"><img fetchpriority=\"high\" decoding=\"async\" width=\"1024\" height=\"668\" src=\"https:\/\/www.mylasertabac.com\/wp-content\/uploads\/2025\/08\/tu-veux-arreter-de-fumer-Clique-ici--1024x668.jpg\" alt=\"\" class=\"wp-image-13752\" style=\"width:429px;height:auto\" srcset=\"https:\/\/www.mylasertabac.com\/wp-content\/uploads\/2025\/08\/tu-veux-arreter-de-fumer-Clique-ici--1024x668.jpg 1024w, https:\/\/www.mylasertabac.com\/wp-content\/uploads\/2025\/08\/tu-veux-arreter-de-fumer-Clique-ici--300x196.jpg 300w, https:\/\/www.mylasertabac.com\/wp-content\/uploads\/2025\/08\/tu-veux-arreter-de-fumer-Clique-ici--768x501.jpg 768w, https:\/\/www.mylasertabac.com\/wp-content\/uploads\/2025\/08\/tu-veux-arreter-de-fumer-Clique-ici-.jpg 1206w\" sizes=\"(max-width: 1024px) 100vw, 1024px\" \/><\/a><\/figure>\n\n<h2 class=\"wp-block-heading\">Una nuova tassa sugli e-liquid<\/h2>\n\n<p>A partire dal 2026, ogni millilitro di e-liquid potrebbe essere tassato a <strong>\u20ac0,03\/mL<\/strong> per i liquidi contenenti fino a 15 mg\/mL di nicotina, e a <strong>\u20ac0,05\/mL<\/strong> al di sopra di tale valore. <br\/>In altre parole, il prezzo di un flacone da 50 ml passer\u00e0 da 1,50\u20ac a 2,50\u20ac, riducendo gradualmente il divario di costo tra il vaping e le sigarette tradizionali. <br\/>Le autorit\u00e0 giustificano questa tassazione in nome della <strong>salute pubblica<\/strong> e dell&#8217;armonizzazione fiscale. Ma i professionisti del vaping la vedono come una barriera all&#8217;accesso a un&#8217;alternativa meno dannosa per i fumatori.   <\/p>\n\n<div style=\"height:25px\" aria-hidden=\"true\" class=\"wp-block-spacer\"><\/div>\n\n<h2 class=\"wp-block-heading\">Divieto di vendita online e approvazione obbligatoria<\/h2>\n\n<p>Allo stesso tempo, l&#8217;articolo L. 3513-18-4 del Codice della Salute Pubblica francese, cos\u00ec come proposto, proibisce la vendita a distanza di e-liquid ai privati. <br\/>La conseguenza diretta \u00e8 che i negozi online saranno completamente esclusi dal mercato e rimarranno possibili solo le vendite fisiche, anche se in un quadro estremamente ristretto.<br\/>Inoltre, l&#8217;articolo L. 3513-18-2 stabilisce che solo gli esercizi o i tabaccai autorizzati potranno vendere questi prodotti, previa verifica della formazione, delle risorse materiali e della riscossione delle accise.  <\/p>\n\n<div style=\"height:25px\" aria-hidden=\"true\" class=\"wp-block-spacer\"><\/div>\n\n<h2 class=\"wp-block-heading\">Quale sar\u00e0 l&#8217;impatto sui negozi specializzati?<\/h2>\n\n<p>Per i vape shop, indipendenti o appartenenti a una rete, il colpo \u00e8 duro.<\/p>\n\n<ul class=\"wp-block-list\">\n<li>Molti si affidano fortemente alle vendite online: questa \u00e8 una grave perdita.<\/li>\n\n\n\n<li>L&#8217;approvazione comporta dei costi: software specifici, follow-up amministrativo, formazione, ecc.<\/li>\n\n\n\n<li>Il rischio di chiusura o conversione \u00e8 reale.  <\/li>\n<\/ul>\n\n<div style=\"height:25px\" aria-hidden=\"true\" class=\"wp-block-spacer\"><\/div>\n\n<h2 class=\"wp-block-heading\">Un vantaggio indiretto per i tabaccai?<\/h2>\n\n<p>Con questa riforma, i tabaccai potrebbero diventare <strong>gli unici venditori fisici maggioritari di<\/strong> e-liquid.<br\/>In alcune aree rurali o scarsamente popolate, questo equivale a un&#8217;esclusiva virtuale.<br\/>Ma i tabaccai non sempre hanno le competenze o la guida che offre un professionista del vaping. Il rischio \u00e8 un calo dell&#8217;offerta specializzata, una riduzione del supporto tecnico e, per alcuni ex fumatori, un ritorno alle sigarette tradizionali. <\/p>\n\n<div style=\"height:25px\" aria-hidden=\"true\" class=\"wp-block-spacer\"><\/div>\n\n<h2 class=\"wp-block-heading\">Una truffa governativa per i vapers?<\/h2>\n\n<p>Questa \u00e8 l&#8217;opinione condivisa da molti operatori del settore.<br\/>La buona volont\u00e0 dimostrata in termini di riduzione del rischio si scontra con una tassazione elevata e una distribuzione limitata, che possono spingere i consumatori verso i canali paralleli o il tabacco.<br\/>In questo contesto, possiamo legittimamente parlare di un <strong>cambiamento delle regole del gioco<\/strong>, che non va a vantaggio dei vapers.<\/p>\n\n<div style=\"height:25px\" aria-hidden=\"true\" class=\"wp-block-spacer\"><\/div>\n\n<h2 class=\"wp-block-heading\">E per i fumatori che vogliono davvero smettere?<\/h2>\n\n<p>Per molto tempo il vaping \u00e8 stato visto come un modo per smettere di fumare. Con queste misure, questo ruolo \u00e8 stato compromesso.<br\/>Ma esiste un&#8217;altra strada complementare: la riflessologia auricolare laser. <g id=\"gid_0\"><g id=\"gid_1\">riflessologia auricolare laser<\/g><\/g>.<br\/>\u00c8 qui che entra in gioco <g id=\"gid_2\">MyLaserTabac<\/g>.<br\/>Questo metodo delicato agisce direttamente sui meccanismi della dipendenza, attraverso stimolazioni laser applicate all&#8217;orecchio. Aiuta ad alleviare il desiderio di fumare, a ridurre lo stress associato allo smettere di fumare e a favorire una vera e propria rottura con il tabacco.<br\/>Per chi vede il vaping o i prodotti sostitutivi come un&#8217;alternativa imperfetta &#8211; o teme un ritorno al fumo &#8211; questa soluzione rappresenta una <strong>vera e propria opportunit\u00e0 per dare una svolta duratura al rapporto con il<\/strong> tabacco.  <\/p>\n\n<div style=\"height:25px\" aria-hidden=\"true\" class=\"wp-block-spacer\"><\/div>\n\n<h2 class=\"wp-block-heading\">Conclusione<\/h2>\n\n<p>La riforma annunciata per il 2026 sta rimodellando profondamente il panorama del vaping in Francia. Tassazione pesante, divieto di vendita online, restrizioni alla distribuzione: le conseguenze sono molteplici e spesso sfavorevoli agli utenti.<br\/>Se stai utilizzando lo svapo come parte di una strategia di disassuefazione, non perdere di vista il fatto che ci sono altri metodi a disposizione.<br\/>E se vuoi andare oltre, scegliendo un approccio supervisionato, adatto alle tue esigenze e orientato alla libert\u00e0, il metodo laser antifumo MyLaserTabac \u00e8 l\u00ec per aiutarti. <\/p>\n\n<div style=\"height:25px\" aria-hidden=\"true\" class=\"wp-block-spacer\"><\/div>\n\n<figure class=\"wp-block-image size-large\"><img decoding=\"async\" src=\"https:\/\/www.mylasertabac.com\/wp-content\/uploads\/\/mlt-verteau.svg\" alt=\"\" class=\"wp-image-13\"\/><\/figure>\n","protected":false},"excerpt":{"rendered":"<p>La legge finanziaria 2026 prevede di rivoluzionare il mondo del vaping in Francia: tassazione degli e-liquid, divieto di vendita online e autorizzazione obbligatoria per i negozi. Una serie di misure che minacciano un intero settore della riduzione del danno. Una nuova tassa sugli e-liquid A partire dal 2026, ogni millilitro di e-liquid potrebbe essere tassato [&hellip;]<\/p>\n","protected":false},"author":2,"featured_media":19067,"comment_status":"closed","ping_status":"open","sticky":false,"template":"","format":"standard","meta":{"inline_featured_image":false,"footnotes":""},"categories":[682],"tags":[],"class_list":["post-19059","post","type-post","status-publish","format-standard","has-post-thumbnail","hentry","category-notizie"],"yoast_head":"<!-- This site is optimized with the Yoast SEO plugin v27.4 - https:\/\/yoast.com\/product\/yoast-seo-wordpress\/ -->\n<title>Tassazione degli e-liquid e chiusura dei negozi specializzati: una svolta per il vaping - My Laser Tabac<\/title>\n<meta name=\"description\" content=\"Scopri come la nuova tassa sullo svapo e l&#039;articolo 26 stanno scuotendo le vendite di e-liquid in Francia.\" \/>\n<meta name=\"robots\" content=\"index, follow, max-snippet:-1, max-image-preview:large, max-video-preview:-1\" \/>\n<link rel=\"canonical\" href=\"https:\/\/www.mylasertabac.com\/it\/tassazione-degli-e-liquid-e-chiusura-dei-negozi-specializzati-una-svolta-per-il-vaping\/\" \/>\n<meta property=\"og:locale\" content=\"it_IT\" \/>\n<meta property=\"og:type\" content=\"article\" \/>\n<meta property=\"og:title\" content=\"Tassazione degli e-liquid e chiusura dei negozi specializzati: una svolta per il vaping - My Laser Tabac\" \/>\n<meta property=\"og:description\" content=\"Scopri come la nuova tassa sullo svapo e l&#039;articolo 26 stanno scuotendo le vendite di e-liquid in Francia.\" \/>\n<meta property=\"og:url\" content=\"https:\/\/www.mylasertabac.com\/it\/tassazione-degli-e-liquid-e-chiusura-dei-negozi-specializzati-una-svolta-per-il-vaping\/\" \/>\n<meta property=\"og:site_name\" content=\"My Laser Tabac\" \/>\n<meta property=\"article:author\" content=\"https:\/\/www.facebook.com\/profile.php?id=61571554707319\" \/>\n<meta property=\"article:published_time\" content=\"2025-10-29T08:37:20+00:00\" \/>\n<meta property=\"article:modified_time\" content=\"2025-10-29T16:55:48+00:00\" \/>\n<meta property=\"og:image\" content=\"https:\/\/www.mylasertabac.com\/wp-content\/uploads\/2025\/10\/la-nouvelle-taxe-sur-les-e-liquide-et-linterdiction-de-vendre-hors-tabac-1024x683.png\" \/>\n\t<meta property=\"og:image:width\" content=\"1024\" \/>\n\t<meta property=\"og:image:height\" content=\"683\" \/>\n\t<meta property=\"og:image:type\" content=\"image\/png\" \/>\n<meta name=\"author\" content=\"Florian Fortes\" \/>\n<meta name=\"twitter:card\" content=\"summary_large_image\" \/>\n<meta name=\"twitter:label1\" content=\"Scritto da\" \/>\n\t<meta name=\"twitter:data1\" content=\"Florian Fortes\" \/>\n\t<meta name=\"twitter:label2\" content=\"Tempo di lettura stimato\" \/>\n\t<meta name=\"twitter:data2\" content=\"3 minuti\" \/>\n<script type=\"application\/ld+json\" class=\"yoast-schema-graph\">{\"@context\":\"https:\\\/\\\/schema.org\",\"@graph\":[{\"@type\":\"Article\",\"@id\":\"https:\\\/\\\/www.mylasertabac.com\\\/it\\\/tassazione-degli-e-liquid-e-chiusura-dei-negozi-specializzati-una-svolta-per-il-vaping\\\/#article\",\"isPartOf\":{\"@id\":\"https:\\\/\\\/www.mylasertabac.com\\\/it\\\/tassazione-degli-e-liquid-e-chiusura-dei-negozi-specializzati-una-svolta-per-il-vaping\\\/\"},\"author\":{\"name\":\"Florian Fortes\",\"@id\":\"https:\\\/\\\/www.mylasertabac.com\\\/it\\\/#\\\/schema\\\/person\\\/02c249cb76d912efb6c315ec23eccdf3\"},\"headline\":\"Tassazione degli e-liquid e chiusura dei negozi specializzati: una svolta per il vaping\",\"datePublished\":\"2025-10-29T08:37:20+00:00\",\"dateModified\":\"2025-10-29T16:55:48+00:00\",\"mainEntityOfPage\":{\"@id\":\"https:\\\/\\\/www.mylasertabac.com\\\/it\\\/tassazione-degli-e-liquid-e-chiusura-dei-negozi-specializzati-una-svolta-per-il-vaping\\\/\"},\"wordCount\":637,\"publisher\":{\"@id\":\"https:\\\/\\\/www.mylasertabac.com\\\/it\\\/#organization\"},\"image\":{\"@id\":\"https:\\\/\\\/www.mylasertabac.com\\\/it\\\/tassazione-degli-e-liquid-e-chiusura-dei-negozi-specializzati-una-svolta-per-il-vaping\\\/#primaryimage\"},\"thumbnailUrl\":\"https:\\\/\\\/www.mylasertabac.com\\\/wp-content\\\/uploads\\\/2025\\\/10\\\/la-nouvelle-taxe-sur-les-e-liquide-et-linterdiction-de-vendre-hors-tabac.png\",\"articleSection\":[\"notizie\"],\"inLanguage\":\"it-IT\"},{\"@type\":\"WebPage\",\"@id\":\"https:\\\/\\\/www.mylasertabac.com\\\/it\\\/tassazione-degli-e-liquid-e-chiusura-dei-negozi-specializzati-una-svolta-per-il-vaping\\\/\",\"url\":\"https:\\\/\\\/www.mylasertabac.com\\\/it\\\/tassazione-degli-e-liquid-e-chiusura-dei-negozi-specializzati-una-svolta-per-il-vaping\\\/\",\"name\":\"Tassazione degli e-liquid e chiusura dei negozi specializzati: una svolta per il vaping - My Laser Tabac\",\"isPartOf\":{\"@id\":\"https:\\\/\\\/www.mylasertabac.com\\\/it\\\/#website\"},\"primaryImageOfPage\":{\"@id\":\"https:\\\/\\\/www.mylasertabac.com\\\/it\\\/tassazione-degli-e-liquid-e-chiusura-dei-negozi-specializzati-una-svolta-per-il-vaping\\\/#primaryimage\"},\"image\":{\"@id\":\"https:\\\/\\\/www.mylasertabac.com\\\/it\\\/tassazione-degli-e-liquid-e-chiusura-dei-negozi-specializzati-una-svolta-per-il-vaping\\\/#primaryimage\"},\"thumbnailUrl\":\"https:\\\/\\\/www.mylasertabac.com\\\/wp-content\\\/uploads\\\/2025\\\/10\\\/la-nouvelle-taxe-sur-les-e-liquide-et-linterdiction-de-vendre-hors-tabac.png\",\"datePublished\":\"2025-10-29T08:37:20+00:00\",\"dateModified\":\"2025-10-29T16:55:48+00:00\",\"description\":\"Scopri come la nuova tassa sullo svapo e l'articolo 26 stanno scuotendo le vendite di e-liquid in Francia.\",\"breadcrumb\":{\"@id\":\"https:\\\/\\\/www.mylasertabac.com\\\/it\\\/tassazione-degli-e-liquid-e-chiusura-dei-negozi-specializzati-una-svolta-per-il-vaping\\\/#breadcrumb\"},\"inLanguage\":\"it-IT\",\"potentialAction\":[{\"@type\":\"ReadAction\",\"target\":[\"https:\\\/\\\/www.mylasertabac.com\\\/it\\\/tassazione-degli-e-liquid-e-chiusura-dei-negozi-specializzati-una-svolta-per-il-vaping\\\/\"]}]},{\"@type\":\"ImageObject\",\"inLanguage\":\"it-IT\",\"@id\":\"https:\\\/\\\/www.mylasertabac.com\\\/it\\\/tassazione-degli-e-liquid-e-chiusura-dei-negozi-specializzati-una-svolta-per-il-vaping\\\/#primaryimage\",\"url\":\"https:\\\/\\\/www.mylasertabac.com\\\/wp-content\\\/uploads\\\/2025\\\/10\\\/la-nouvelle-taxe-sur-les-e-liquide-et-linterdiction-de-vendre-hors-tabac.png\",\"contentUrl\":\"https:\\\/\\\/www.mylasertabac.com\\\/wp-content\\\/uploads\\\/2025\\\/10\\\/la-nouvelle-taxe-sur-les-e-liquide-et-linterdiction-de-vendre-hors-tabac.png\",\"width\":1536,\"height\":1024},{\"@type\":\"BreadcrumbList\",\"@id\":\"https:\\\/\\\/www.mylasertabac.com\\\/it\\\/tassazione-degli-e-liquid-e-chiusura-dei-negozi-specializzati-una-svolta-per-il-vaping\\\/#breadcrumb\",\"itemListElement\":[{\"@type\":\"ListItem\",\"position\":1,\"name\":\"Accueil\",\"item\":\"https:\\\/\\\/www.mylasertabac.com\\\/it\\\/casa\\\/\"},{\"@type\":\"ListItem\",\"position\":2,\"name\":\"Tassazione degli e-liquid e chiusura dei negozi specializzati: una svolta per il vaping\"}]},{\"@type\":\"WebSite\",\"@id\":\"https:\\\/\\\/www.mylasertabac.com\\\/it\\\/#website\",\"url\":\"https:\\\/\\\/www.mylasertabac.com\\\/it\\\/\",\"name\":\"My Laser Tabac\",\"description\":\"La solution laser qui transforme les fumeurs en ex-fumeurs\",\"publisher\":{\"@id\":\"https:\\\/\\\/www.mylasertabac.com\\\/it\\\/#organization\"},\"potentialAction\":[{\"@type\":\"SearchAction\",\"target\":{\"@type\":\"EntryPoint\",\"urlTemplate\":\"https:\\\/\\\/www.mylasertabac.com\\\/it\\\/?s={search_term_string}\"},\"query-input\":{\"@type\":\"PropertyValueSpecification\",\"valueRequired\":true,\"valueName\":\"search_term_string\"}}],\"inLanguage\":\"it-IT\"},{\"@type\":\"Organization\",\"@id\":\"https:\\\/\\\/www.mylasertabac.com\\\/it\\\/#organization\",\"name\":\"My Laser Tabac\",\"url\":\"https:\\\/\\\/www.mylasertabac.com\\\/it\\\/\",\"logo\":{\"@type\":\"ImageObject\",\"inLanguage\":\"it-IT\",\"@id\":\"https:\\\/\\\/www.mylasertabac.com\\\/it\\\/#\\\/schema\\\/logo\\\/image\\\/\",\"url\":\"https:\\\/\\\/www.mylasertabac.com\\\/wp-content\\\/uploads\\\/2024\\\/12\\\/mlt-verteau.svg\",\"contentUrl\":\"https:\\\/\\\/www.mylasertabac.com\\\/wp-content\\\/uploads\\\/2024\\\/12\\\/mlt-verteau.svg\",\"caption\":\"My Laser Tabac\"},\"image\":{\"@id\":\"https:\\\/\\\/www.mylasertabac.com\\\/it\\\/#\\\/schema\\\/logo\\\/image\\\/\"}},{\"@type\":\"Person\",\"@id\":\"https:\\\/\\\/www.mylasertabac.com\\\/it\\\/#\\\/schema\\\/person\\\/02c249cb76d912efb6c315ec23eccdf3\",\"name\":\"Florian Fortes\",\"image\":{\"@type\":\"ImageObject\",\"inLanguage\":\"it-IT\",\"@id\":\"https:\\\/\\\/www.mylasertabac.com\\\/wp-content\\\/litespeed\\\/avatar\\\/142101a71d7b9e6490c1120d9c109a67.jpg?ver=1776856306\",\"url\":\"https:\\\/\\\/www.mylasertabac.com\\\/wp-content\\\/litespeed\\\/avatar\\\/142101a71d7b9e6490c1120d9c109a67.jpg?ver=1776856306\",\"contentUrl\":\"https:\\\/\\\/www.mylasertabac.com\\\/wp-content\\\/litespeed\\\/avatar\\\/142101a71d7b9e6490c1120d9c109a67.jpg?ver=1776856306\",\"caption\":\"Florian Fortes\"},\"sameAs\":[\"https:\\\/\\\/www.mylasertabac.com\",\"https:\\\/\\\/www.facebook.com\\\/profile.php?id=61571554707319\"],\"url\":\"https:\\\/\\\/www.mylasertabac.com\\\/it\\\/author\\\/florianfortes5312\\\/\"}]}<\/script>\n<!-- \/ Yoast SEO plugin. -->","yoast_head_json":{"title":"Tassazione degli e-liquid e chiusura dei negozi specializzati: una svolta per il vaping - My Laser Tabac","description":"Scopri come la nuova tassa sullo svapo e l'articolo 26 stanno scuotendo le vendite di e-liquid in Francia.","robots":{"index":"index","follow":"follow","max-snippet":"max-snippet:-1","max-image-preview":"max-image-preview:large","max-video-preview":"max-video-preview:-1"},"canonical":"https:\/\/www.mylasertabac.com\/it\/tassazione-degli-e-liquid-e-chiusura-dei-negozi-specializzati-una-svolta-per-il-vaping\/","og_locale":"it_IT","og_type":"article","og_title":"Tassazione degli e-liquid e chiusura dei negozi specializzati: una svolta per il vaping - My Laser Tabac","og_description":"Scopri come la nuova tassa sullo svapo e l'articolo 26 stanno scuotendo le vendite di e-liquid in Francia.","og_url":"https:\/\/www.mylasertabac.com\/it\/tassazione-degli-e-liquid-e-chiusura-dei-negozi-specializzati-una-svolta-per-il-vaping\/","og_site_name":"My Laser Tabac","article_author":"https:\/\/www.facebook.com\/profile.php?id=61571554707319","article_published_time":"2025-10-29T08:37:20+00:00","article_modified_time":"2025-10-29T16:55:48+00:00","og_image":[{"width":1024,"height":683,"url":"https:\/\/www.mylasertabac.com\/wp-content\/uploads\/2025\/10\/la-nouvelle-taxe-sur-les-e-liquide-et-linterdiction-de-vendre-hors-tabac-1024x683.png","type":"image\/png"}],"author":"Florian Fortes","twitter_card":"summary_large_image","twitter_misc":{"Scritto da":"Florian Fortes","Tempo di lettura stimato":"3 minuti"},"schema":{"@context":"https:\/\/schema.org","@graph":[{"@type":"Article","@id":"https:\/\/www.mylasertabac.com\/it\/tassazione-degli-e-liquid-e-chiusura-dei-negozi-specializzati-una-svolta-per-il-vaping\/#article","isPartOf":{"@id":"https:\/\/www.mylasertabac.com\/it\/tassazione-degli-e-liquid-e-chiusura-dei-negozi-specializzati-una-svolta-per-il-vaping\/"},"author":{"name":"Florian Fortes","@id":"https:\/\/www.mylasertabac.com\/it\/#\/schema\/person\/02c249cb76d912efb6c315ec23eccdf3"},"headline":"Tassazione degli e-liquid e chiusura dei negozi specializzati: una svolta per il vaping","datePublished":"2025-10-29T08:37:20+00:00","dateModified":"2025-10-29T16:55:48+00:00","mainEntityOfPage":{"@id":"https:\/\/www.mylasertabac.com\/it\/tassazione-degli-e-liquid-e-chiusura-dei-negozi-specializzati-una-svolta-per-il-vaping\/"},"wordCount":637,"publisher":{"@id":"https:\/\/www.mylasertabac.com\/it\/#organization"},"image":{"@id":"https:\/\/www.mylasertabac.com\/it\/tassazione-degli-e-liquid-e-chiusura-dei-negozi-specializzati-una-svolta-per-il-vaping\/#primaryimage"},"thumbnailUrl":"https:\/\/www.mylasertabac.com\/wp-content\/uploads\/2025\/10\/la-nouvelle-taxe-sur-les-e-liquide-et-linterdiction-de-vendre-hors-tabac.png","articleSection":["notizie"],"inLanguage":"it-IT"},{"@type":"WebPage","@id":"https:\/\/www.mylasertabac.com\/it\/tassazione-degli-e-liquid-e-chiusura-dei-negozi-specializzati-una-svolta-per-il-vaping\/","url":"https:\/\/www.mylasertabac.com\/it\/tassazione-degli-e-liquid-e-chiusura-dei-negozi-specializzati-una-svolta-per-il-vaping\/","name":"Tassazione degli e-liquid e chiusura dei negozi specializzati: una svolta per il vaping - My Laser Tabac","isPartOf":{"@id":"https:\/\/www.mylasertabac.com\/it\/#website"},"primaryImageOfPage":{"@id":"https:\/\/www.mylasertabac.com\/it\/tassazione-degli-e-liquid-e-chiusura-dei-negozi-specializzati-una-svolta-per-il-vaping\/#primaryimage"},"image":{"@id":"https:\/\/www.mylasertabac.com\/it\/tassazione-degli-e-liquid-e-chiusura-dei-negozi-specializzati-una-svolta-per-il-vaping\/#primaryimage"},"thumbnailUrl":"https:\/\/www.mylasertabac.com\/wp-content\/uploads\/2025\/10\/la-nouvelle-taxe-sur-les-e-liquide-et-linterdiction-de-vendre-hors-tabac.png","datePublished":"2025-10-29T08:37:20+00:00","dateModified":"2025-10-29T16:55:48+00:00","description":"Scopri come la nuova tassa sullo svapo e l'articolo 26 stanno scuotendo le vendite di e-liquid in Francia.","breadcrumb":{"@id":"https:\/\/www.mylasertabac.com\/it\/tassazione-degli-e-liquid-e-chiusura-dei-negozi-specializzati-una-svolta-per-il-vaping\/#breadcrumb"},"inLanguage":"it-IT","potentialAction":[{"@type":"ReadAction","target":["https:\/\/www.mylasertabac.com\/it\/tassazione-degli-e-liquid-e-chiusura-dei-negozi-specializzati-una-svolta-per-il-vaping\/"]}]},{"@type":"ImageObject","inLanguage":"it-IT","@id":"https:\/\/www.mylasertabac.com\/it\/tassazione-degli-e-liquid-e-chiusura-dei-negozi-specializzati-una-svolta-per-il-vaping\/#primaryimage","url":"https:\/\/www.mylasertabac.com\/wp-content\/uploads\/2025\/10\/la-nouvelle-taxe-sur-les-e-liquide-et-linterdiction-de-vendre-hors-tabac.png","contentUrl":"https:\/\/www.mylasertabac.com\/wp-content\/uploads\/2025\/10\/la-nouvelle-taxe-sur-les-e-liquide-et-linterdiction-de-vendre-hors-tabac.png","width":1536,"height":1024},{"@type":"BreadcrumbList","@id":"https:\/\/www.mylasertabac.com\/it\/tassazione-degli-e-liquid-e-chiusura-dei-negozi-specializzati-una-svolta-per-il-vaping\/#breadcrumb","itemListElement":[{"@type":"ListItem","position":1,"name":"Accueil","item":"https:\/\/www.mylasertabac.com\/it\/casa\/"},{"@type":"ListItem","position":2,"name":"Tassazione degli e-liquid e chiusura dei negozi specializzati: una svolta per il vaping"}]},{"@type":"WebSite","@id":"https:\/\/www.mylasertabac.com\/it\/#website","url":"https:\/\/www.mylasertabac.com\/it\/","name":"My Laser Tabac","description":"La solution laser qui transforme les fumeurs en ex-fumeurs","publisher":{"@id":"https:\/\/www.mylasertabac.com\/it\/#organization"},"potentialAction":[{"@type":"SearchAction","target":{"@type":"EntryPoint","urlTemplate":"https:\/\/www.mylasertabac.com\/it\/?s={search_term_string}"},"query-input":{"@type":"PropertyValueSpecification","valueRequired":true,"valueName":"search_term_string"}}],"inLanguage":"it-IT"},{"@type":"Organization","@id":"https:\/\/www.mylasertabac.com\/it\/#organization","name":"My Laser Tabac","url":"https:\/\/www.mylasertabac.com\/it\/","logo":{"@type":"ImageObject","inLanguage":"it-IT","@id":"https:\/\/www.mylasertabac.com\/it\/#\/schema\/logo\/image\/","url":"https:\/\/www.mylasertabac.com\/wp-content\/uploads\/2024\/12\/mlt-verteau.svg","contentUrl":"https:\/\/www.mylasertabac.com\/wp-content\/uploads\/2024\/12\/mlt-verteau.svg","caption":"My Laser Tabac"},"image":{"@id":"https:\/\/www.mylasertabac.com\/it\/#\/schema\/logo\/image\/"}},{"@type":"Person","@id":"https:\/\/www.mylasertabac.com\/it\/#\/schema\/person\/02c249cb76d912efb6c315ec23eccdf3","name":"Florian Fortes","image":{"@type":"ImageObject","inLanguage":"it-IT","@id":"https:\/\/www.mylasertabac.com\/wp-content\/litespeed\/avatar\/142101a71d7b9e6490c1120d9c109a67.jpg?ver=1776856306","url":"https:\/\/www.mylasertabac.com\/wp-content\/litespeed\/avatar\/142101a71d7b9e6490c1120d9c109a67.jpg?ver=1776856306","contentUrl":"https:\/\/www.mylasertabac.com\/wp-content\/litespeed\/avatar\/142101a71d7b9e6490c1120d9c109a67.jpg?ver=1776856306","caption":"Florian Fortes"},"sameAs":["https:\/\/www.mylasertabac.com","https:\/\/www.facebook.com\/profile.php?id=61571554707319"],"url":"https:\/\/www.mylasertabac.com\/it\/author\/florianfortes5312\/"}]}},"_links":{"self":[{"href":"https:\/\/www.mylasertabac.com\/it\/wp-json\/wp\/v2\/posts\/19059","targetHints":{"allow":["GET"]}}],"collection":[{"href":"https:\/\/www.mylasertabac.com\/it\/wp-json\/wp\/v2\/posts"}],"about":[{"href":"https:\/\/www.mylasertabac.com\/it\/wp-json\/wp\/v2\/types\/post"}],"author":[{"embeddable":true,"href":"https:\/\/www.mylasertabac.com\/it\/wp-json\/wp\/v2\/users\/2"}],"replies":[{"embeddable":true,"href":"https:\/\/www.mylasertabac.com\/it\/wp-json\/wp\/v2\/comments?post=19059"}],"version-history":[{"count":4,"href":"https:\/\/www.mylasertabac.com\/it\/wp-json\/wp\/v2\/posts\/19059\/revisions"}],"predecessor-version":[{"id":19081,"href":"https:\/\/www.mylasertabac.com\/it\/wp-json\/wp\/v2\/posts\/19059\/revisions\/19081"}],"wp:featuredmedia":[{"embeddable":true,"href":"https:\/\/www.mylasertabac.com\/it\/wp-json\/wp\/v2\/media\/19067"}],"wp:attachment":[{"href":"https:\/\/www.mylasertabac.com\/it\/wp-json\/wp\/v2\/media?parent=19059"}],"wp:term":[{"taxonomy":"category","embeddable":true,"href":"https:\/\/www.mylasertabac.com\/it\/wp-json\/wp\/v2\/categories?post=19059"},{"taxonomy":"post_tag","embeddable":true,"href":"https:\/\/www.mylasertabac.com\/it\/wp-json\/wp\/v2\/tags?post=19059"}],"curies":[{"name":"wp","href":"https:\/\/api.w.org\/{rel}","templated":true}]}}