{"id":19174,"date":"2025-10-31T09:45:19","date_gmt":"2025-10-31T08:45:19","guid":{"rendered":"https:\/\/www.mylasertabac.com\/il-folle-piano-del-governo-vietare-la-vendita-di-vape-online\/"},"modified":"2025-10-31T13:14:53","modified_gmt":"2025-10-31T12:14:53","slug":"il-folle-piano-del-governo-vietare-la-vendita-di-vape-online","status":"publish","type":"post","link":"https:\/\/www.mylasertabac.com\/it\/il-folle-piano-del-governo-vietare-la-vendita-di-vape-online\/","title":{"rendered":"Il folle piano del governo: vietare la vendita di vape online"},"content":{"rendered":"\n<div style=\"height:25px\" aria-hidden=\"true\" class=\"wp-block-spacer\"><\/div>\n\n<p>Quando si accende una sigaretta elettronica al giorno d&#8217;oggi, non sempre si pensa all&#8217;ambiente circostante. Ma la <g id=\"gid_0\">legge finanziaria 2026<\/g>, e in particolare l&#8217;<g id=\"gid_1\">articolo 23<\/g>, potrebbe stravolgere il mondo del vaping in Francia. Blocco delle vendite online, aumento della tassazione, trasformazione dello status giuridico: questi sono solo alcuni dei cambiamenti che avranno un forte impatto sui negozi specializzati, sugli utenti e sull&#8217;accesso a uno strumento per smettere di fumare.    <\/p>\n\n<div style=\"height:24px\" aria-hidden=\"true\" class=\"wp-block-spacer\"><\/div>\n\n<figure class=\"wp-block-image alignleft size-large is-resized\"><a href=\"https:\/\/www.mylasertabac.com\/it\/i-nostri-centri\/\"><img fetchpriority=\"high\" decoding=\"async\" width=\"1024\" height=\"668\" src=\"https:\/\/www.mylasertabac.com\/wp-content\/uploads\/2025\/08\/tu-veux-arreter-de-fumer-Clique-ici--1024x668.jpg\" alt=\"\" class=\"wp-image-13752\" style=\"width:410px;height:auto\" srcset=\"https:\/\/www.mylasertabac.com\/wp-content\/uploads\/2025\/08\/tu-veux-arreter-de-fumer-Clique-ici--1024x668.jpg 1024w, https:\/\/www.mylasertabac.com\/wp-content\/uploads\/2025\/08\/tu-veux-arreter-de-fumer-Clique-ici--300x196.jpg 300w, https:\/\/www.mylasertabac.com\/wp-content\/uploads\/2025\/08\/tu-veux-arreter-de-fumer-Clique-ici--768x501.jpg 768w, https:\/\/www.mylasertabac.com\/wp-content\/uploads\/2025\/08\/tu-veux-arreter-de-fumer-Clique-ici-.jpg 1206w\" sizes=\"(max-width: 1024px) 100vw, 1024px\" \/><\/a><\/figure>\n\n<h3 class=\"wp-block-heading\">\ud83c\udfaf Un cast di chiusura<\/h3>\n\n<p>La vendita a distanza di e-liquid e attrezzature per il vaping potrebbe essere vietata ai privati. L&#8217;articolo 23 propone di vietare tutte le transazioni di e-commerce con i consumatori finali, nonch\u00e9 le consegne per posta o per pacco.   <br\/>Per molte persone, l&#8217;acquisto online era una soluzione essenziale &#8211; nelle zone rurali, con mobilit\u00e0 ridotta o semplicemente per beneficiare di prezzi pi\u00f9 accessibili. Questa misura solleva serie preoccupazioni sull&#8217;accesso all&#8217;alternativa alle sigarette. <\/p>\n\n<div style=\"height:24px\" aria-hidden=\"true\" class=\"wp-block-spacer\"><\/div>\n\n<h3 class=\"wp-block-heading\">\ud83d\udcb6 Tassazione a denti stretti<\/h3>\n\n<p>Al di l\u00e0 dell&#8217;accesso, sar\u00e0 il prezzo ad aumentare. L&#8217;articolo 23 impone un&#8217;<strong>accisa per millilitro di liquido<\/strong>: 0,03\u20ac\/ml per le basse dosi di nicotina, che salgono a 0,05\u20ac\/ml al di sopra di queste. Questa sovrattassa, combinata con l&#8217;IVA al 20%, potrebbe trasformare l&#8217;e-liquid da strumento di astinenza economico a prodotto costoso. <br\/>Di conseguenza, un flacone da 50 ml potrebbe subire un aumento da 1,50 a 2,50 \u20ac, ovvero un aumento <strong>dal 10% al 18%<\/strong> o pi\u00f9, a seconda della marca.    <\/p>\n\n<div style=\"height:24px\" aria-hidden=\"true\" class=\"wp-block-spacer\"><\/div>\n\n<h3 class=\"wp-block-heading\">\u2696\ufe0f Vape = tabacco? Un&#8217;equazione contestata <\/h3>\n\n<p>Il testo prevede di associare legalmente il vaping ai prodotti del tabacco. Questa ridefinizione riguarda il <g id=\"gid_0\">Codice Fiscale e<\/g>non il Codice della Salute Pubblica. Questa modifica mette a rischio il riconoscimento del vaping come strumento di disassuefazione.    <br\/>I professionisti ritengono che questa assimilazione sia in contrasto con il ruolo che le sigarette elettroniche svolgono nell&#8217;aiutare i fumatori che vogliono smettere.<\/p>\n\n<div style=\"height:24px\" aria-hidden=\"true\" class=\"wp-block-spacer\"><\/div>\n\n<h3 class=\"wp-block-heading\">\ud83c\udfed L&#8217;industria in allarme<\/h3>\n\n<p>Le conseguenze sarebbero notevoli:<\/p>\n\n<ul class=\"wp-block-list\">\n<li>Potenziale chiusura di un gran numero di negozi indipendenti.  <\/li>\n\n\n\n<li>La distribuzione si \u00e8 concentrata sui <strong>tabaccai<\/strong> e sui punti vendita appositamente autorizzati.  <\/li>\n\n\n\n<li>Rischio di un ritorno alle sigarette tradizionali per mancanza di un&#8217;alternativa accessibile.  <\/li>\n\n\n\n<li>Aumento del mercato parallelo e incontrollato della sanit\u00e0 pubblica.  <\/li>\n<\/ul>\n\n<div style=\"height:27px\" aria-hidden=\"true\" class=\"wp-block-spacer\"><\/div>\n\n<figure class=\"wp-block-table\"><table class=\"has-fixed-layout\"><tbody><tr><td>Leggi anche:  <a href=\"https:\/\/www.mylasertabac.com\/it\/informazioni\/formazione-laser-contro-il-fumo-e-le-dipendenze\/\"><mark style=\"background-color:rgba(0, 0, 0, 0)\" class=\"has-inline-color has-luminous-vivid-orange-color\">Vuoi aprire un franchising Mylasertabac e diventare leader nel tuo settore. Clicca qui <\/mark><\/a><\/td><\/tr><\/tbody><\/table><\/figure>\n\n<div style=\"height:24px\" aria-hidden=\"true\" class=\"wp-block-spacer\"><\/div>\n\n<h3 class=\"wp-block-heading\">E adesso? Verso un arresto definitivo <\/h3>\n\n<p>In questo contesto di incertezza per il vaping, la domanda sorge spontanea: <strong>\u00e8 meglio aspettare o agire per smettere di fumare?<\/strong><br\/>Quando l&#8217;alternativa diventa pi\u00f9 costosa o pi\u00f9 difficile da raggiungere, \u00e8 come dire &#8220;rimando lo smettere&#8221;. Ma ogni giorno senza sigaretta \u00e8 comunque una vittoria sulla dipendenza. <\/p>\n\n<div style=\"height:24px\" aria-hidden=\"true\" class=\"wp-block-spacer\"><\/div>\n\n<h3 class=\"wp-block-heading\">\ud83c\udf3f Il metodo MyLaserTabac<\/h3>\n\n<p>Per chi vuole davvero dire addio al fumo, <strong><a href=\"https:\/\/www.mylasertabac.com\/it\/\">MyLaserTabac<\/a><\/strong> offre un metodo innovativo: la <strong>riflessologia auricolare laser<\/strong>.<\/p>\n\n<ul class=\"wp-block-list\">\n<li>Stimolazione mirata dell&#8217;orecchio.<\/li>\n\n\n\n<li>Nessun sostituto del farmaco.<\/li>\n\n\n\n<li>Sessioni personalizzate e non dolorose, adatte anche ad altre dipendenze: zucchero, alcol, cannabis, gestione dello stress.<\/li>\n\n\n\n<li>Una rete nazionale di centri.<\/li>\n<\/ul>\n\n<p>Questo approccio ci permette di uscire dal quadro &#8220;vaping o sostituti&#8221; e di intraprendere un percorso chiaro: <strong>fumare = dipendenza, ma smettere = libert\u00e0<\/strong>.<\/p>\n\n<div style=\"height:24px\" aria-hidden=\"true\" class=\"wp-block-spacer\"><\/div>\n\n<h3 class=\"wp-block-heading\">\u2728 Conclusione<\/h3>\n\n<p>La legge del 2026 potrebbe trasformare radicalmente l&#8217;industria del vaping, bloccando la distribuzione, aumentando la tassazione e mettendo in pericolo il settore.<br\/>Per i fumatori \u00e8 arrivato il momento di chiedersi: <strong>continuo a essere dipendente o volto pagina?<\/strong><br\/>Con MyLaserTabac, smettere di fumare diventa una realt\u00e0 accessibile, ben supportata e sostenibile.<br\/>\ud83d\udc49 <em>Il vero cambiamento inizia oggi<\/em>.<\/p>\n\n<div style=\"height:24px\" aria-hidden=\"true\" class=\"wp-block-spacer\"><\/div>\n\n<figure class=\"wp-block-image size-large\"><img decoding=\"async\" src=\"https:\/\/www.mylasertabac.com\/wp-content\/uploads\/\/mlt-verteau.svg\" alt=\"\" class=\"wp-image-13\"\/><\/figure>\n\n<p><\/p>\n","protected":false},"excerpt":{"rendered":"<p>Quando si accende una sigaretta elettronica al giorno d&#8217;oggi, non sempre si pensa all&#8217;ambiente circostante. Ma la legge finanziaria 2026, e in particolare l&#8217;articolo 23, potrebbe stravolgere il mondo del vaping in Francia. Blocco delle vendite online, aumento della tassazione, trasformazione dello status giuridico: questi sono solo alcuni dei cambiamenti che avranno un forte impatto [&hellip;]<\/p>\n","protected":false},"author":2,"featured_media":19193,"comment_status":"closed","ping_status":"open","sticky":false,"template":"","format":"standard","meta":{"inline_featured_image":false,"footnotes":""},"categories":[580],"tags":[],"class_list":["post-19174","post","type-post","status-publish","format-standard","has-post-thumbnail","hentry","category-legge"],"yoast_head":"<!-- This site is optimized with the Yoast SEO plugin v27.5 - https:\/\/yoast.com\/product\/yoast-seo-wordpress\/ -->\n<title>Il folle piano del governo: vietare la vendita di vape online - My Laser Tabac<\/title>\n<meta name=\"description\" content=\"Nuova legge 2026: la vendita di vape online sar\u00e0 presto vietata. Scopri il suo impatto e le alternative pi\u00f9 efficaci.\" \/>\n<meta name=\"robots\" content=\"index, follow, max-snippet:-1, max-image-preview:large, max-video-preview:-1\" \/>\n<link rel=\"canonical\" href=\"https:\/\/www.mylasertabac.com\/it\/il-folle-piano-del-governo-vietare-la-vendita-di-vape-online\/\" \/>\n<meta property=\"og:locale\" content=\"it_IT\" \/>\n<meta property=\"og:type\" content=\"article\" \/>\n<meta property=\"og:title\" content=\"Il folle piano del governo: vietare la vendita di vape online - My Laser Tabac\" \/>\n<meta property=\"og:description\" content=\"Nuova legge 2026: la vendita di vape online sar\u00e0 presto vietata. Scopri il suo impatto e le alternative pi\u00f9 efficaci.\" \/>\n<meta property=\"og:url\" content=\"https:\/\/www.mylasertabac.com\/it\/il-folle-piano-del-governo-vietare-la-vendita-di-vape-online\/\" \/>\n<meta property=\"og:site_name\" content=\"My Laser Tabac\" \/>\n<meta property=\"article:author\" content=\"https:\/\/www.facebook.com\/profile.php?id=61571554707319\" \/>\n<meta property=\"article:published_time\" content=\"2025-10-31T08:45:19+00:00\" \/>\n<meta property=\"article:modified_time\" content=\"2025-10-31T12:14:53+00:00\" \/>\n<meta property=\"og:image\" content=\"https:\/\/www.mylasertabac.com\/wp-content\/uploads\/2025\/10\/Le-projet-fou-du-gouvernement-interdire-la-vente-de-vape-en-ligne.jpg\" \/>\n\t<meta property=\"og:image:width\" content=\"1300\" \/>\n\t<meta property=\"og:image:height\" content=\"681\" \/>\n\t<meta property=\"og:image:type\" content=\"image\/jpeg\" \/>\n<meta name=\"author\" content=\"Florian Fortes\" \/>\n<meta name=\"twitter:card\" content=\"summary_large_image\" \/>\n<meta name=\"twitter:label1\" content=\"Scritto da\" \/>\n\t<meta name=\"twitter:data1\" content=\"Florian Fortes\" \/>\n\t<meta name=\"twitter:label2\" content=\"Tempo di lettura stimato\" \/>\n\t<meta name=\"twitter:data2\" content=\"3 minuti\" \/>\n<script type=\"application\/ld+json\" class=\"yoast-schema-graph\">{\"@context\":\"https:\\\/\\\/schema.org\",\"@graph\":[{\"@type\":\"Article\",\"@id\":\"https:\\\/\\\/www.mylasertabac.com\\\/it\\\/il-folle-piano-del-governo-vietare-la-vendita-di-vape-online\\\/#article\",\"isPartOf\":{\"@id\":\"https:\\\/\\\/www.mylasertabac.com\\\/it\\\/il-folle-piano-del-governo-vietare-la-vendita-di-vape-online\\\/\"},\"author\":{\"name\":\"Florian Fortes\",\"@id\":\"https:\\\/\\\/www.mylasertabac.com\\\/it\\\/#\\\/schema\\\/person\\\/02c249cb76d912efb6c315ec23eccdf3\"},\"headline\":\"Il folle piano del governo: vietare la vendita di vape online\",\"datePublished\":\"2025-10-31T08:45:19+00:00\",\"dateModified\":\"2025-10-31T12:14:53+00:00\",\"mainEntityOfPage\":{\"@id\":\"https:\\\/\\\/www.mylasertabac.com\\\/it\\\/il-folle-piano-del-governo-vietare-la-vendita-di-vape-online\\\/\"},\"wordCount\":552,\"publisher\":{\"@id\":\"https:\\\/\\\/www.mylasertabac.com\\\/it\\\/#organization\"},\"image\":{\"@id\":\"https:\\\/\\\/www.mylasertabac.com\\\/it\\\/il-folle-piano-del-governo-vietare-la-vendita-di-vape-online\\\/#primaryimage\"},\"thumbnailUrl\":\"https:\\\/\\\/www.mylasertabac.com\\\/wp-content\\\/uploads\\\/2025\\\/10\\\/Le-projet-fou-du-gouvernement-interdire-la-vente-de-vape-en-ligne.jpg\",\"articleSection\":[\"legge\"],\"inLanguage\":\"it-IT\"},{\"@type\":\"WebPage\",\"@id\":\"https:\\\/\\\/www.mylasertabac.com\\\/it\\\/il-folle-piano-del-governo-vietare-la-vendita-di-vape-online\\\/\",\"url\":\"https:\\\/\\\/www.mylasertabac.com\\\/it\\\/il-folle-piano-del-governo-vietare-la-vendita-di-vape-online\\\/\",\"name\":\"Il folle piano del governo: vietare la vendita di vape online - My Laser Tabac\",\"isPartOf\":{\"@id\":\"https:\\\/\\\/www.mylasertabac.com\\\/it\\\/#website\"},\"primaryImageOfPage\":{\"@id\":\"https:\\\/\\\/www.mylasertabac.com\\\/it\\\/il-folle-piano-del-governo-vietare-la-vendita-di-vape-online\\\/#primaryimage\"},\"image\":{\"@id\":\"https:\\\/\\\/www.mylasertabac.com\\\/it\\\/il-folle-piano-del-governo-vietare-la-vendita-di-vape-online\\\/#primaryimage\"},\"thumbnailUrl\":\"https:\\\/\\\/www.mylasertabac.com\\\/wp-content\\\/uploads\\\/2025\\\/10\\\/Le-projet-fou-du-gouvernement-interdire-la-vente-de-vape-en-ligne.jpg\",\"datePublished\":\"2025-10-31T08:45:19+00:00\",\"dateModified\":\"2025-10-31T12:14:53+00:00\",\"description\":\"Nuova legge 2026: la vendita di vape online sar\u00e0 presto vietata. Scopri il suo impatto e le alternative pi\u00f9 efficaci.\",\"breadcrumb\":{\"@id\":\"https:\\\/\\\/www.mylasertabac.com\\\/it\\\/il-folle-piano-del-governo-vietare-la-vendita-di-vape-online\\\/#breadcrumb\"},\"inLanguage\":\"it-IT\",\"potentialAction\":[{\"@type\":\"ReadAction\",\"target\":[\"https:\\\/\\\/www.mylasertabac.com\\\/it\\\/il-folle-piano-del-governo-vietare-la-vendita-di-vape-online\\\/\"]}]},{\"@type\":\"ImageObject\",\"inLanguage\":\"it-IT\",\"@id\":\"https:\\\/\\\/www.mylasertabac.com\\\/it\\\/il-folle-piano-del-governo-vietare-la-vendita-di-vape-online\\\/#primaryimage\",\"url\":\"https:\\\/\\\/www.mylasertabac.com\\\/wp-content\\\/uploads\\\/2025\\\/10\\\/Le-projet-fou-du-gouvernement-interdire-la-vente-de-vape-en-ligne.jpg\",\"contentUrl\":\"https:\\\/\\\/www.mylasertabac.com\\\/wp-content\\\/uploads\\\/2025\\\/10\\\/Le-projet-fou-du-gouvernement-interdire-la-vente-de-vape-en-ligne.jpg\",\"width\":1300,\"height\":681},{\"@type\":\"BreadcrumbList\",\"@id\":\"https:\\\/\\\/www.mylasertabac.com\\\/it\\\/il-folle-piano-del-governo-vietare-la-vendita-di-vape-online\\\/#breadcrumb\",\"itemListElement\":[{\"@type\":\"ListItem\",\"position\":1,\"name\":\"Accueil\",\"item\":\"https:\\\/\\\/www.mylasertabac.com\\\/it\\\/casa\\\/\"},{\"@type\":\"ListItem\",\"position\":2,\"name\":\"Il folle piano del governo: vietare la vendita di vape online\"}]},{\"@type\":\"WebSite\",\"@id\":\"https:\\\/\\\/www.mylasertabac.com\\\/it\\\/#website\",\"url\":\"https:\\\/\\\/www.mylasertabac.com\\\/it\\\/\",\"name\":\"My Laser Tabac\",\"description\":\"La solution laser qui transforme les fumeurs en ex-fumeurs\",\"publisher\":{\"@id\":\"https:\\\/\\\/www.mylasertabac.com\\\/it\\\/#organization\"},\"potentialAction\":[{\"@type\":\"SearchAction\",\"target\":{\"@type\":\"EntryPoint\",\"urlTemplate\":\"https:\\\/\\\/www.mylasertabac.com\\\/it\\\/?s={search_term_string}\"},\"query-input\":{\"@type\":\"PropertyValueSpecification\",\"valueRequired\":true,\"valueName\":\"search_term_string\"}}],\"inLanguage\":\"it-IT\"},{\"@type\":\"Organization\",\"@id\":\"https:\\\/\\\/www.mylasertabac.com\\\/it\\\/#organization\",\"name\":\"My Laser Tabac\",\"url\":\"https:\\\/\\\/www.mylasertabac.com\\\/it\\\/\",\"logo\":{\"@type\":\"ImageObject\",\"inLanguage\":\"it-IT\",\"@id\":\"https:\\\/\\\/www.mylasertabac.com\\\/it\\\/#\\\/schema\\\/logo\\\/image\\\/\",\"url\":\"https:\\\/\\\/www.mylasertabac.com\\\/wp-content\\\/uploads\\\/2024\\\/12\\\/mlt-verteau.svg\",\"contentUrl\":\"https:\\\/\\\/www.mylasertabac.com\\\/wp-content\\\/uploads\\\/2024\\\/12\\\/mlt-verteau.svg\",\"caption\":\"My Laser Tabac\"},\"image\":{\"@id\":\"https:\\\/\\\/www.mylasertabac.com\\\/it\\\/#\\\/schema\\\/logo\\\/image\\\/\"}},{\"@type\":\"Person\",\"@id\":\"https:\\\/\\\/www.mylasertabac.com\\\/it\\\/#\\\/schema\\\/person\\\/02c249cb76d912efb6c315ec23eccdf3\",\"name\":\"Florian Fortes\",\"image\":{\"@type\":\"ImageObject\",\"inLanguage\":\"it-IT\",\"@id\":\"https:\\\/\\\/www.mylasertabac.com\\\/wp-content\\\/litespeed\\\/avatar\\\/142101a71d7b9e6490c1120d9c109a67.jpg?ver=1777461116\",\"url\":\"https:\\\/\\\/www.mylasertabac.com\\\/wp-content\\\/litespeed\\\/avatar\\\/142101a71d7b9e6490c1120d9c109a67.jpg?ver=1777461116\",\"contentUrl\":\"https:\\\/\\\/www.mylasertabac.com\\\/wp-content\\\/litespeed\\\/avatar\\\/142101a71d7b9e6490c1120d9c109a67.jpg?ver=1777461116\",\"caption\":\"Florian Fortes\"},\"sameAs\":[\"https:\\\/\\\/www.mylasertabac.com\",\"https:\\\/\\\/www.facebook.com\\\/profile.php?id=61571554707319\"],\"url\":\"https:\\\/\\\/www.mylasertabac.com\\\/it\\\/author\\\/florianfortes5312\\\/\"}]}<\/script>\n<!-- \/ Yoast SEO plugin. -->","yoast_head_json":{"title":"Il folle piano del governo: vietare la vendita di vape online - My Laser Tabac","description":"Nuova legge 2026: la vendita di vape online sar\u00e0 presto vietata. Scopri il suo impatto e le alternative pi\u00f9 efficaci.","robots":{"index":"index","follow":"follow","max-snippet":"max-snippet:-1","max-image-preview":"max-image-preview:large","max-video-preview":"max-video-preview:-1"},"canonical":"https:\/\/www.mylasertabac.com\/it\/il-folle-piano-del-governo-vietare-la-vendita-di-vape-online\/","og_locale":"it_IT","og_type":"article","og_title":"Il folle piano del governo: vietare la vendita di vape online - My Laser Tabac","og_description":"Nuova legge 2026: la vendita di vape online sar\u00e0 presto vietata. Scopri il suo impatto e le alternative pi\u00f9 efficaci.","og_url":"https:\/\/www.mylasertabac.com\/it\/il-folle-piano-del-governo-vietare-la-vendita-di-vape-online\/","og_site_name":"My Laser Tabac","article_author":"https:\/\/www.facebook.com\/profile.php?id=61571554707319","article_published_time":"2025-10-31T08:45:19+00:00","article_modified_time":"2025-10-31T12:14:53+00:00","og_image":[{"width":1300,"height":681,"url":"https:\/\/www.mylasertabac.com\/wp-content\/uploads\/2025\/10\/Le-projet-fou-du-gouvernement-interdire-la-vente-de-vape-en-ligne.jpg","type":"image\/jpeg"}],"author":"Florian Fortes","twitter_card":"summary_large_image","twitter_misc":{"Scritto da":"Florian Fortes","Tempo di lettura stimato":"3 minuti"},"schema":{"@context":"https:\/\/schema.org","@graph":[{"@type":"Article","@id":"https:\/\/www.mylasertabac.com\/it\/il-folle-piano-del-governo-vietare-la-vendita-di-vape-online\/#article","isPartOf":{"@id":"https:\/\/www.mylasertabac.com\/it\/il-folle-piano-del-governo-vietare-la-vendita-di-vape-online\/"},"author":{"name":"Florian Fortes","@id":"https:\/\/www.mylasertabac.com\/it\/#\/schema\/person\/02c249cb76d912efb6c315ec23eccdf3"},"headline":"Il folle piano del governo: vietare la vendita di vape online","datePublished":"2025-10-31T08:45:19+00:00","dateModified":"2025-10-31T12:14:53+00:00","mainEntityOfPage":{"@id":"https:\/\/www.mylasertabac.com\/it\/il-folle-piano-del-governo-vietare-la-vendita-di-vape-online\/"},"wordCount":552,"publisher":{"@id":"https:\/\/www.mylasertabac.com\/it\/#organization"},"image":{"@id":"https:\/\/www.mylasertabac.com\/it\/il-folle-piano-del-governo-vietare-la-vendita-di-vape-online\/#primaryimage"},"thumbnailUrl":"https:\/\/www.mylasertabac.com\/wp-content\/uploads\/2025\/10\/Le-projet-fou-du-gouvernement-interdire-la-vente-de-vape-en-ligne.jpg","articleSection":["legge"],"inLanguage":"it-IT"},{"@type":"WebPage","@id":"https:\/\/www.mylasertabac.com\/it\/il-folle-piano-del-governo-vietare-la-vendita-di-vape-online\/","url":"https:\/\/www.mylasertabac.com\/it\/il-folle-piano-del-governo-vietare-la-vendita-di-vape-online\/","name":"Il folle piano del governo: vietare la vendita di vape online - My Laser Tabac","isPartOf":{"@id":"https:\/\/www.mylasertabac.com\/it\/#website"},"primaryImageOfPage":{"@id":"https:\/\/www.mylasertabac.com\/it\/il-folle-piano-del-governo-vietare-la-vendita-di-vape-online\/#primaryimage"},"image":{"@id":"https:\/\/www.mylasertabac.com\/it\/il-folle-piano-del-governo-vietare-la-vendita-di-vape-online\/#primaryimage"},"thumbnailUrl":"https:\/\/www.mylasertabac.com\/wp-content\/uploads\/2025\/10\/Le-projet-fou-du-gouvernement-interdire-la-vente-de-vape-en-ligne.jpg","datePublished":"2025-10-31T08:45:19+00:00","dateModified":"2025-10-31T12:14:53+00:00","description":"Nuova legge 2026: la vendita di vape online sar\u00e0 presto vietata. Scopri il suo impatto e le alternative pi\u00f9 efficaci.","breadcrumb":{"@id":"https:\/\/www.mylasertabac.com\/it\/il-folle-piano-del-governo-vietare-la-vendita-di-vape-online\/#breadcrumb"},"inLanguage":"it-IT","potentialAction":[{"@type":"ReadAction","target":["https:\/\/www.mylasertabac.com\/it\/il-folle-piano-del-governo-vietare-la-vendita-di-vape-online\/"]}]},{"@type":"ImageObject","inLanguage":"it-IT","@id":"https:\/\/www.mylasertabac.com\/it\/il-folle-piano-del-governo-vietare-la-vendita-di-vape-online\/#primaryimage","url":"https:\/\/www.mylasertabac.com\/wp-content\/uploads\/2025\/10\/Le-projet-fou-du-gouvernement-interdire-la-vente-de-vape-en-ligne.jpg","contentUrl":"https:\/\/www.mylasertabac.com\/wp-content\/uploads\/2025\/10\/Le-projet-fou-du-gouvernement-interdire-la-vente-de-vape-en-ligne.jpg","width":1300,"height":681},{"@type":"BreadcrumbList","@id":"https:\/\/www.mylasertabac.com\/it\/il-folle-piano-del-governo-vietare-la-vendita-di-vape-online\/#breadcrumb","itemListElement":[{"@type":"ListItem","position":1,"name":"Accueil","item":"https:\/\/www.mylasertabac.com\/it\/casa\/"},{"@type":"ListItem","position":2,"name":"Il folle piano del governo: vietare la vendita di vape online"}]},{"@type":"WebSite","@id":"https:\/\/www.mylasertabac.com\/it\/#website","url":"https:\/\/www.mylasertabac.com\/it\/","name":"My Laser Tabac","description":"La solution laser qui transforme les fumeurs en ex-fumeurs","publisher":{"@id":"https:\/\/www.mylasertabac.com\/it\/#organization"},"potentialAction":[{"@type":"SearchAction","target":{"@type":"EntryPoint","urlTemplate":"https:\/\/www.mylasertabac.com\/it\/?s={search_term_string}"},"query-input":{"@type":"PropertyValueSpecification","valueRequired":true,"valueName":"search_term_string"}}],"inLanguage":"it-IT"},{"@type":"Organization","@id":"https:\/\/www.mylasertabac.com\/it\/#organization","name":"My Laser Tabac","url":"https:\/\/www.mylasertabac.com\/it\/","logo":{"@type":"ImageObject","inLanguage":"it-IT","@id":"https:\/\/www.mylasertabac.com\/it\/#\/schema\/logo\/image\/","url":"https:\/\/www.mylasertabac.com\/wp-content\/uploads\/2024\/12\/mlt-verteau.svg","contentUrl":"https:\/\/www.mylasertabac.com\/wp-content\/uploads\/2024\/12\/mlt-verteau.svg","caption":"My Laser Tabac"},"image":{"@id":"https:\/\/www.mylasertabac.com\/it\/#\/schema\/logo\/image\/"}},{"@type":"Person","@id":"https:\/\/www.mylasertabac.com\/it\/#\/schema\/person\/02c249cb76d912efb6c315ec23eccdf3","name":"Florian Fortes","image":{"@type":"ImageObject","inLanguage":"it-IT","@id":"https:\/\/www.mylasertabac.com\/wp-content\/litespeed\/avatar\/142101a71d7b9e6490c1120d9c109a67.jpg?ver=1777461116","url":"https:\/\/www.mylasertabac.com\/wp-content\/litespeed\/avatar\/142101a71d7b9e6490c1120d9c109a67.jpg?ver=1777461116","contentUrl":"https:\/\/www.mylasertabac.com\/wp-content\/litespeed\/avatar\/142101a71d7b9e6490c1120d9c109a67.jpg?ver=1777461116","caption":"Florian Fortes"},"sameAs":["https:\/\/www.mylasertabac.com","https:\/\/www.facebook.com\/profile.php?id=61571554707319"],"url":"https:\/\/www.mylasertabac.com\/it\/author\/florianfortes5312\/"}]}},"_links":{"self":[{"href":"https:\/\/www.mylasertabac.com\/it\/wp-json\/wp\/v2\/posts\/19174","targetHints":{"allow":["GET"]}}],"collection":[{"href":"https:\/\/www.mylasertabac.com\/it\/wp-json\/wp\/v2\/posts"}],"about":[{"href":"https:\/\/www.mylasertabac.com\/it\/wp-json\/wp\/v2\/types\/post"}],"author":[{"embeddable":true,"href":"https:\/\/www.mylasertabac.com\/it\/wp-json\/wp\/v2\/users\/2"}],"replies":[{"embeddable":true,"href":"https:\/\/www.mylasertabac.com\/it\/wp-json\/wp\/v2\/comments?post=19174"}],"version-history":[{"count":5,"href":"https:\/\/www.mylasertabac.com\/it\/wp-json\/wp\/v2\/posts\/19174\/revisions"}],"predecessor-version":[{"id":19224,"href":"https:\/\/www.mylasertabac.com\/it\/wp-json\/wp\/v2\/posts\/19174\/revisions\/19224"}],"wp:featuredmedia":[{"embeddable":true,"href":"https:\/\/www.mylasertabac.com\/it\/wp-json\/wp\/v2\/media\/19193"}],"wp:attachment":[{"href":"https:\/\/www.mylasertabac.com\/it\/wp-json\/wp\/v2\/media?parent=19174"}],"wp:term":[{"taxonomy":"category","embeddable":true,"href":"https:\/\/www.mylasertabac.com\/it\/wp-json\/wp\/v2\/categories?post=19174"},{"taxonomy":"post_tag","embeddable":true,"href":"https:\/\/www.mylasertabac.com\/it\/wp-json\/wp\/v2\/tags?post=19174"}],"curies":[{"name":"wp","href":"https:\/\/api.w.org\/{rel}","templated":true}]}}