{"id":2541,"date":"2024-12-16T10:00:19","date_gmt":"2024-12-16T09:00:19","guid":{"rendered":"https:\/\/www.mylasertabac.com\/tassazione-delle-sigarette-elettroniche-nel-2025-quale-impatto-per-i-consumatori\/"},"modified":"2025-01-28T15:55:29","modified_gmt":"2025-01-28T14:55:29","slug":"tassazione-delle-sigarette-elettroniche-nel-2025-quale-impatto-per-i-consumatori","status":"publish","type":"post","link":"https:\/\/www.mylasertabac.com\/it\/tassazione-delle-sigarette-elettroniche-nel-2025-quale-impatto-per-i-consumatori\/","title":{"rendered":"Tassazione delle sigarette elettroniche nel 2025: quale impatto per i consumatori?"},"content":{"rendered":"\n<h2 class=\"wp-block-heading\"><strong>Una nuova misura controversa<\/strong><\/h2>\n\n<div style=\"height:36px\" aria-hidden=\"true\" class=\"wp-block-spacer\"><\/div>\n\n<p>A partire dal <strong>2025<\/strong>, il governo francese prevede di <strong>tassare i liquidi per sigarette elettroniche<\/strong> al tasso di <strong>15 centesimi per millilitro<\/strong>. Questa decisione, che deriva da un emendamento al bilancio 2025, ha suscitato una vasta gamma di reazioni. Mentre alcuni la considerano un modo per regolamentare l&#8217;uso dello <strong>svapo<\/strong>, altri ritengono che la misura sia controproducente e rischi di deviare i fumatori verso prodotti pi\u00f9 pericolosi. In questo articolo analizzeremo i dettagli di questa nuova tassazione e ti spiegheremo perch\u00e9 sarebbe pi\u00f9 vantaggioso optare per alternative naturali come la <strong>terapia laser<\/strong> offerta da <strong>MyLaserTabac per<\/strong>smettere di fumare definitivamente.   <\/p>\n\n<div style=\"height:41px\" aria-hidden=\"true\" class=\"wp-block-spacer\"><\/div>\n\n<figure class=\"wp-block-image size-large\"><img fetchpriority=\"high\" decoding=\"async\" width=\"1024\" height=\"515\" src=\"https:\/\/www.mylasertabac.com\/wp-content\/uploads\/2024\/12\/IMG_9223-1024x515.jpg\" alt=\"\" class=\"wp-image-693\" srcset=\"https:\/\/www.mylasertabac.com\/wp-content\/uploads\/2024\/12\/IMG_9223-1024x515.jpg 1024w, https:\/\/www.mylasertabac.com\/wp-content\/uploads\/2024\/12\/IMG_9223-300x151.jpg 300w, https:\/\/www.mylasertabac.com\/wp-content\/uploads\/2024\/12\/IMG_9223-768x386.jpg 768w, https:\/\/www.mylasertabac.com\/wp-content\/uploads\/2024\/12\/IMG_9223.jpg 1129w\" sizes=\"(max-width: 1024px) 100vw, 1024px\" \/><\/figure>\n\n<div style=\"height:36px\" aria-hidden=\"true\" class=\"wp-block-spacer\"><\/div>\n\n<h2 class=\"wp-block-heading\"><strong>Dettagli sulla tassazione: un aumento per i consumatori<\/strong><\/h2>\n\n<div style=\"height:36px\" aria-hidden=\"true\" class=\"wp-block-spacer\"><\/div>\n\n<h2 class=\"wp-block-heading\"><strong>Emendamento al bilancio 2025<\/strong><\/h2>\n\n<div style=\"height:36px\" aria-hidden=\"true\" class=\"wp-block-spacer\"><\/div>\n\n<p>L&#8217;emendamento introdotto dai deputati prevede che <strong>gli e-liquid<\/strong> siano tassati a <strong>15 centesimi per millilitro<\/strong>. Secondo le stime, l&#8217;obiettivo di questa misura \u00e8 quello di allineare la tassazione dei prodotti <strong>vape<\/strong> a quella delle <strong>sigarette tradizionali<\/strong>. L&#8217;obiettivo dichiarato \u00e8 quello di dissuadere i <strong>giovani<\/strong> e i <strong>fumatori<\/strong> dall&#8217;utilizzare le sigarette elettroniche come alternativa ai prodotti <strong>del tabacco<\/strong>.  <\/p>\n\n<div style=\"height:36px\" aria-hidden=\"true\" class=\"wp-block-spacer\"><\/div>\n\n<h3 class=\"wp-block-heading\">Giustificazioni per la misura<\/h3>\n\n<div style=\"height:36px\" aria-hidden=\"true\" class=\"wp-block-spacer\"><\/div>\n\n<p>Il governo giustifica questo aumento con il desiderio di <strong>prevenzione<\/strong>, sostenendo che i prodotti da svapo contengono <strong>nicotina<\/strong>, una sostanza che crea dipendenza. L&#8217;idea \u00e8 quella di limitare l&#8217;attrattiva di questi prodotti, soprattutto per i pi\u00f9 giovani, che potrebbero essere tentati dalle <strong>sigarette elettroniche<\/strong> nella convinzione che siano un&#8217;opzione meno dannosa delle <strong>sigarette<\/strong> tradizionali. <\/p>\n\n<div style=\"height:36px\" aria-hidden=\"true\" class=\"wp-block-spacer\"><\/div>\n\n<p>Tuttavia, molti <strong>esperti di salute pubblica<\/strong> e <strong>tabaccologi<\/strong> ritengono che questa misura potrebbe avere effetti negativi inaspettati. Recenti testimonianze hanno evidenziato i rischi di questa strategia, in particolare la possibilit\u00e0 che <strong>i fumatori<\/strong> si rivolgano alle <strong>sigarette tradizionali<\/strong> piuttosto che pagare di pi\u00f9 per i <strong>liquidi<\/strong> da svapo. <\/p>\n\n<div style=\"height:36px\" aria-hidden=\"true\" class=\"wp-block-spacer\"><\/div>\n\n<h2 class=\"wp-block-heading\"><strong>\u00c8 controproducente?<\/strong><\/h2>\n\n<div style=\"height:36px\" aria-hidden=\"true\" class=\"wp-block-spacer\"><\/div>\n\n<h2 class=\"wp-block-heading\"><strong>Il rischio di un ritorno al fumo tradizionale<\/strong><\/h2>\n\n<div style=\"height:36px\" aria-hidden=\"true\" class=\"wp-block-spacer\"><\/div>\n\n<p>Una delle principali critiche a questa nuova tassa \u00e8 che potrebbe incoraggiare <strong>i fumatori<\/strong> a tornare alle <strong>sigarette<\/strong> tradizionali. Per molti <strong>utenti<\/strong>, la sigaretta elettronica \u00e8 percepita come un&#8217;<strong>alternativa<\/strong> meno pericolosa del tabacco. Se il costo degli <strong>e-liquid<\/strong> dovesse aumentare in modo significativo, alcuni consumatori potrebbero tornare al tabacco. <strong><a href=\"https:\/\/www.mylasertabac.com\/quest-ce-que-le-tabac\/\">al tabacco<\/a><\/strong> aumentando la loro esposizione ai <strong>rischi di<\/strong> <strong>cancro<\/strong>, malattie polmonari e cardiovascolari.  <\/p>\n\n<div style=\"height:36px\" aria-hidden=\"true\" class=\"wp-block-spacer\"><\/div>\n\n<figure class=\"wp-block-image alignleft size-full is-resized\"><img decoding=\"async\" width=\"225\" height=\"225\" src=\"https:\/\/www.mylasertabac.com\/wp-content\/uploads\/2024\/12\/IMG_9222.jpg\" alt=\"\" class=\"wp-image-692\" style=\"width:393px;height:auto\" srcset=\"https:\/\/www.mylasertabac.com\/wp-content\/uploads\/2024\/12\/IMG_9222.jpg 225w, https:\/\/www.mylasertabac.com\/wp-content\/uploads\/2024\/12\/IMG_9222-150x150.jpg 150w\" sizes=\"(max-width: 225px) 100vw, 225px\" \/><\/figure>\n\n<h3 class=\"wp-block-heading\"><strong>Testimonianze di professionisti del settore sanitario<\/strong><\/h3>\n\n<p>Le  <strong>Dr. G\u00e9rard Audureau <\/strong>una tabaccaia di Parigi, ha espresso le sue preoccupazioni: &#8220;Tassare le <strong>sigarette elettroniche<\/strong>invia un messaggio sbagliato ai <strong>fumatori<\/strong>. Per chi sta cercando di ridurre o smettere di <strong>fumare<\/strong>, lo <strong>svapo<\/strong> rimane un&#8217;opzione meno rischiosa. Tassarle allo stesso modo delle sigarette tradizionali rischia di scoraggiare molti <strong>fumatori<\/strong> che vogliono passare a un prodotto meno dannoso&#8221;.  <\/p>\n\n<div style=\"height:36px\" aria-hidden=\"true\" class=\"wp-block-spacer\"><\/div>\n\n<p>Altri professionisti della salute condividono questa opinione. Il   <strong>Dr. Fran\u00e7ois Bachelot <\/strong>Le sigarette elettroniche hanno aiutato migliaia di <strong>fumatori<\/strong> a smettere o a ridurre il consumo di <strong>tabacco<\/strong>. Un aumento delle tasse potrebbe far perdere questo vantaggio e aumentare il numero di <strong>tumori<\/strong> e di malattie <strong>legate al fumo<\/strong>&#8220;.  <\/p>\n\n<div style=\"height:36px\" aria-hidden=\"true\" class=\"wp-block-spacer\"><\/div>\n\n<h2 class=\"wp-block-heading\"><strong>Un&#8217;alternativa pi\u00f9 sicura: la laserterapia per smettere di fumare<\/strong><\/h2>\n\n<div style=\"height:36px\" aria-hidden=\"true\" class=\"wp-block-spacer\"><\/div>\n\n<h2 class=\"wp-block-heading\"><strong>Il laser antifumo, una soluzione delicata ed efficace<\/strong><\/h2>\n\n<div style=\"height:36px\" aria-hidden=\"true\" class=\"wp-block-spacer\"><\/div>\n\n<p>Di fronte a questa situazione, \u00e8 pi\u00f9 che mai importante cercare alternative naturali per smettere di <strong>fumare<\/strong>. Tra queste, la <strong>laserterapia<\/strong> si distingue come un <strong>metodo dolce ed efficace<\/strong>. Questa tecnica, offerta da <strong>MyLaserTabac<\/strong>, si basa sulla stimolazione dei <strong>punti auricolari<\/strong> con un <strong>laser delicato<\/strong>, che aiuta a ridurre il desiderio di <strong>nicotina<\/strong> e a promuovere un&#8217;<strong>astinenza<\/strong> efficace.  <\/p>\n\n<div style=\"height:36px\" aria-hidden=\"true\" class=\"wp-block-spacer\"><\/div>\n\n<p class=\"has-cyan-bluish-gray-background-color has-background\">Ti potrebbe interessare anche: <a href=\"https:\/\/www.mylasertabac.com\/pourquoi-la-cigarette-accelere-t-elle-le-vieillissement-de-la-peau\/\"><mark style=\"background-color:#abb8c3\" class=\"has-inline-color has-vivid-cyan-blue-color\">Perch\u00e9 le sigarette accelerano l&#8217;invecchiamento della pelle?<\/mark><\/a><\/p>\n\n<div style=\"height:36px\" aria-hidden=\"true\" class=\"wp-block-spacer\"><\/div>\n\n<h3 class=\"wp-block-heading\"><strong>I benefici della laserterapia<\/strong><\/h3>\n\n<div style=\"height:36px\" aria-hidden=\"true\" class=\"wp-block-spacer\"><\/div>\n\n<ul class=\"wp-block-list\">\n<li><strong>Metodo non invasivo<\/strong>: a differenza dei <strong>cerotti<\/strong> o delle <strong>sigarette elettroniche<\/strong>, la <strong>terapia laser<\/strong>non utilizza la <strong>nicotina<\/strong>. Stimola semplicemente punti specifici per ridurre il desiderio <strong>.<\/strong> <\/li>\n\n\n\n<li><strong>Nessun effetto collaterale<\/strong>: nessuna sostanza chimica o che crea dipendenza. \u00c8 una soluzione naturale per liberarsi dalla <strong>dipendenza<\/strong>. <\/li>\n\n\n\n<li><strong>Risultati rapidi e duraturi<\/strong>: molti <strong>fumatori<\/strong> riportano una significativa riduzione del desiderio di <strong>fumare<\/strong> gi\u00e0 dalle prime <strong>sedute<\/strong>.<\/li>\n<\/ul>\n\n<div style=\"height:36px\" aria-hidden=\"true\" class=\"wp-block-spacer\"><\/div>\n\n<p>A <strong><a href=\"https:\/\/www.mylasertabac.com\/it\/\">MyLaserTabac<\/a><\/strong>sosteniamo i nostri <strong>clienti<\/strong> durante il loro percorso verso una vita <strong>senza fumo<\/strong>, offrendo un supporto personalizzato e sessioni su misura per ogni individuo.<\/p>\n\n<figure class=\"wp-block-image aligncenter size-full is-resized\"><img decoding=\"async\" width=\"320\" height=\"205\" src=\"https:\/\/www.mylasertabac.com\/wp-content\/uploads\/2024\/12\/vignette-map.png\" alt=\"\" class=\"wp-image-591\" style=\"width:840px;height:auto\" srcset=\"https:\/\/www.mylasertabac.com\/wp-content\/uploads\/2024\/12\/vignette-map.png 320w, https:\/\/www.mylasertabac.com\/wp-content\/uploads\/2024\/12\/vignette-map-300x192.png 300w\" sizes=\"(max-width: 320px) 100vw, 320px\" \/><\/figure>\n\n<div style=\"height:36px\" aria-hidden=\"true\" class=\"wp-block-spacer\"><\/div>\n\n<h2 class=\"wp-block-heading\"><strong>Quali sono i rischi di questa tassazione per i consumatori?<\/strong><\/h2>\n\n<div style=\"height:36px\" aria-hidden=\"true\" class=\"wp-block-spacer\"><\/div>\n\n<h2 class=\"wp-block-heading\"><strong>Impatto economico e sulla salute<\/strong><\/h2>\n\n<div style=\"height:36px\" aria-hidden=\"true\" class=\"wp-block-spacer\"><\/div>\n\n<p>Questa tassazione potrebbe avere un impatto non solo sul portafoglio dei <strong>fumatori<\/strong>, ma anche sulla loro <strong>salute<\/strong>. Rendendo pi\u00f9 costosi i <strong>liquidi<\/strong> <strong>per il vaping<\/strong>, il governo rischia di disincentivare l&#8217;uso di un prodotto efficace <strong>per l&#8217;astinenza<\/strong>. Questo potrebbe portare a un aumento del <strong>consumo di<\/strong> <strong>sigarette<\/strong> tradizionali, che secondo gli esperti sono ancora molto pi\u00f9 pericolose.  <\/p>\n\n<div style=\"height:36px\" aria-hidden=\"true\" class=\"wp-block-spacer\"><\/div>\n\n<h3 class=\"wp-block-heading\"><strong>Il dilemma dei fumatori<\/strong><\/h3>\n\n<div style=\"height:36px\" aria-hidden=\"true\" class=\"wp-block-spacer\"><\/div>\n\n<p>Con questi aumenti di prezzo, i <strong>fumatori<\/strong> si trovano di fronte a un dilemma: continuare a <strong>praticare il vaping<\/strong> nonostante i costi elevati o tornare alle <strong>sigarette<\/strong>, pi\u00f9 economiche ma molto pi\u00f9 dannose. Per evitare di fare questa difficile scelta, \u00e8 fondamentale promuovere <strong>soluzioni<\/strong> che aiutino a interrompere la <strong>dipendenza<\/strong> in modo naturale ed efficace, come la <strong>laserterapia<\/strong>. <\/p>\n\n<div style=\"height:38px\" aria-hidden=\"true\" class=\"wp-block-spacer\"><\/div>\n\n<p class=\"has-cyan-bluish-gray-background-color has-background\">Potresti essere interessato anche a: <a href=\"https:\/\/www.mylasertabac.com\/comment-le-laser-agit-sur-les-addictions\/\"><mark style=\"background-color:#abb8c3\" class=\"has-inline-color has-vivid-cyan-blue-color\">Come agiscono i laser sulle dipendenze?<\/mark><\/a><\/p>\n\n<div style=\"height:36px\" aria-hidden=\"true\" class=\"wp-block-spacer\"><\/div>\n\n<h2 class=\"wp-block-heading\"><strong>Perch\u00e9 scegliere MyLaserTabac per smettere di fumare?<\/strong><\/h2>\n\n<div style=\"height:36px\" aria-hidden=\"true\" class=\"wp-block-spacer\"><\/div>\n\n<p>La decisione di tassare <strong>le sigarette elettroniche<\/strong> nel <strong>2025<\/strong> solleva molti interrogativi sull&#8217;efficacia delle politiche pubbliche per la <strong>cessazione del fumo<\/strong>. Per i <strong>fumatori<\/strong> che vogliono davvero smettere di <strong>fumare<\/strong>, \u00e8 importante trovare <strong>alternative<\/strong> che funzionino e che non risentano di aumenti di prezzo inaspettati. <\/p>\n\n<p>Noi di <strong>MyLaserTabac<\/strong> ti offriamo una <strong>soluzione naturale<\/strong> e comprovata per aiutarti a porre fine alla <strong>dipendenza<\/strong> <strong>dal tabacco<\/strong> grazie al nostro metodo di <strong>laserterapia<\/strong>. Grazie a un follow-up personalizzato e a un metodo non invasivo, ti garantiamo supporto per tutta la durata dell&#8217;<strong>astinenza<\/strong>. <\/p>\n\n<p><strong>Contattaci oggi stesso<\/strong> per saperne di pi\u00f9 sui nostri <strong>servizi<\/strong> e iniziare il tuo viaggio verso una <strong>vita<\/strong> <strong>senza fumo<\/strong>. Non aspettare oltre e approfitta della nostra <strong>laserterapia<\/strong> per dire addio alle <strong>sigarette<\/strong> ed evitare le insidie delle nuove tasse sulle <strong>sigarette elettroniche<\/strong>! <\/p>\n\n<div style=\"height:36px\" aria-hidden=\"true\" class=\"wp-block-spacer\"><\/div>\n\n<p><strong>Riferimenti<\/strong><\/p>\n\n<ol start=\"1\" class=\"wp-block-list\">\n<li><a href=\"https:\/\/www.lesechos.fr\/economie-france\/social\/impots-les-deputes-prets-a-un-tour-de-vis-fiscal-sur-les-cigarettes-electroniques-2127402\">Les Echos &#8211; Tassazione: i deputati sono pronti a un inasprimento fiscale sulle sigarette elettroniche<\/a><\/li>\n\n\n\n<li><a href=\"https:\/\/www.bfmtv.com\/amp\/economie\/economie-social\/finances-publiques\/15-centimes-par-millilitre-les-liquides-pour-cigarette-electronique-bientot-davantage-taxes_AV-202410230326.html\">BFMTV &#8211; 15 centesimi al millilitro: I liquidi delle sigarette elettroniche saranno presto tassati pi\u00f9 pesantemente<\/a><\/li>\n<\/ol>\n","protected":false},"excerpt":{"rendered":"<p>Una nuova misura controversa A partire dal 2025, il governo francese prevede di tassare i liquidi per sigarette elettroniche al tasso di 15 centesimi per millilitro. Questa decisione, che deriva da un emendamento al bilancio 2025, ha suscitato una vasta gamma di reazioni. Mentre alcuni la considerano un modo per regolamentare l&#8217;uso dello svapo, altri [&hellip;]<\/p>\n","protected":false},"author":2,"featured_media":1899,"comment_status":"closed","ping_status":"open","sticky":false,"template":"","format":"standard","meta":{"inline_featured_image":false,"footnotes":""},"categories":[107],"tags":[109,108],"class_list":["post-2541","post","type-post","status-publish","format-standard","has-post-thumbnail","hentry","category-tassa-sulle-sigarette-elettroniche","tag-imposta-del-2025-sulle-sigarette-elettroniche","tag-laser-antifumo"],"yoast_head":"<!-- This site is optimized with the Yoast SEO plugin v27.5 - https:\/\/yoast.com\/product\/yoast-seo-wordpress\/ -->\n<title>Tassazione delle sigarette elettroniche nel 2025: quale impatto per i consumatori? - My Laser Tabac<\/title>\n<meta name=\"description\" content=\"Se vuoi sapere quali saranno le nuove tasse sulle sigarette elettroniche nel 2025, questo articolo risponder\u00e0 a tutte le tue domande.\" \/>\n<meta name=\"robots\" content=\"index, follow, max-snippet:-1, max-image-preview:large, max-video-preview:-1\" \/>\n<link rel=\"canonical\" href=\"https:\/\/www.mylasertabac.com\/it\/tassazione-delle-sigarette-elettroniche-nel-2025-quale-impatto-per-i-consumatori\/\" \/>\n<meta property=\"og:locale\" content=\"it_IT\" \/>\n<meta property=\"og:type\" content=\"article\" \/>\n<meta property=\"og:title\" content=\"Tassazione delle sigarette elettroniche nel 2025: quale impatto per i consumatori? - My Laser Tabac\" \/>\n<meta property=\"og:description\" content=\"Se vuoi sapere quali saranno le nuove tasse sulle sigarette elettroniche nel 2025, questo articolo risponder\u00e0 a tutte le tue domande.\" \/>\n<meta property=\"og:url\" content=\"https:\/\/www.mylasertabac.com\/it\/tassazione-delle-sigarette-elettroniche-nel-2025-quale-impatto-per-i-consumatori\/\" \/>\n<meta property=\"og:site_name\" content=\"My Laser Tabac\" \/>\n<meta property=\"article:author\" content=\"https:\/\/www.facebook.com\/profile.php?id=61571554707319\" \/>\n<meta property=\"article:published_time\" content=\"2024-12-16T09:00:19+00:00\" \/>\n<meta property=\"article:modified_time\" content=\"2025-01-28T14:55:29+00:00\" \/>\n<meta property=\"og:image\" content=\"https:\/\/www.mylasertabac.com\/wp-content\/uploads\/2024\/12\/IMG_9226.jpg\" \/>\n\t<meta property=\"og:image:width\" content=\"979\" \/>\n\t<meta property=\"og:image:height\" content=\"900\" \/>\n\t<meta property=\"og:image:type\" content=\"image\/jpeg\" \/>\n<meta name=\"author\" content=\"Florian Fortes\" \/>\n<meta name=\"twitter:card\" content=\"summary_large_image\" \/>\n<meta name=\"twitter:label1\" content=\"Scritto da\" \/>\n\t<meta name=\"twitter:data1\" content=\"Florian Fortes\" \/>\n\t<meta name=\"twitter:label2\" content=\"Tempo di lettura stimato\" \/>\n\t<meta name=\"twitter:data2\" content=\"5 minuti\" \/>\n<script type=\"application\/ld+json\" class=\"yoast-schema-graph\">{\"@context\":\"https:\\\/\\\/schema.org\",\"@graph\":[{\"@type\":\"Article\",\"@id\":\"https:\\\/\\\/www.mylasertabac.com\\\/it\\\/tassazione-delle-sigarette-elettroniche-nel-2025-quale-impatto-per-i-consumatori\\\/#article\",\"isPartOf\":{\"@id\":\"https:\\\/\\\/www.mylasertabac.com\\\/it\\\/tassazione-delle-sigarette-elettroniche-nel-2025-quale-impatto-per-i-consumatori\\\/\"},\"author\":{\"name\":\"Florian Fortes\",\"@id\":\"https:\\\/\\\/www.mylasertabac.com\\\/it\\\/#\\\/schema\\\/person\\\/02c249cb76d912efb6c315ec23eccdf3\"},\"headline\":\"Tassazione delle sigarette elettroniche nel 2025: quale impatto per i consumatori?\",\"datePublished\":\"2024-12-16T09:00:19+00:00\",\"dateModified\":\"2025-01-28T14:55:29+00:00\",\"mainEntityOfPage\":{\"@id\":\"https:\\\/\\\/www.mylasertabac.com\\\/it\\\/tassazione-delle-sigarette-elettroniche-nel-2025-quale-impatto-per-i-consumatori\\\/\"},\"wordCount\":969,\"publisher\":{\"@id\":\"https:\\\/\\\/www.mylasertabac.com\\\/it\\\/#organization\"},\"image\":{\"@id\":\"https:\\\/\\\/www.mylasertabac.com\\\/it\\\/tassazione-delle-sigarette-elettroniche-nel-2025-quale-impatto-per-i-consumatori\\\/#primaryimage\"},\"thumbnailUrl\":\"https:\\\/\\\/www.mylasertabac.com\\\/wp-content\\\/uploads\\\/2024\\\/12\\\/IMG_9226.jpg\",\"keywords\":[\"Imposta del 2025 sulle sigarette elettroniche\",\"Laser antifumo\"],\"articleSection\":[\"tassa sulle sigarette elettroniche\"],\"inLanguage\":\"it-IT\"},{\"@type\":\"WebPage\",\"@id\":\"https:\\\/\\\/www.mylasertabac.com\\\/it\\\/tassazione-delle-sigarette-elettroniche-nel-2025-quale-impatto-per-i-consumatori\\\/\",\"url\":\"https:\\\/\\\/www.mylasertabac.com\\\/it\\\/tassazione-delle-sigarette-elettroniche-nel-2025-quale-impatto-per-i-consumatori\\\/\",\"name\":\"Tassazione delle sigarette elettroniche nel 2025: quale impatto per i consumatori? - My Laser Tabac\",\"isPartOf\":{\"@id\":\"https:\\\/\\\/www.mylasertabac.com\\\/it\\\/#website\"},\"primaryImageOfPage\":{\"@id\":\"https:\\\/\\\/www.mylasertabac.com\\\/it\\\/tassazione-delle-sigarette-elettroniche-nel-2025-quale-impatto-per-i-consumatori\\\/#primaryimage\"},\"image\":{\"@id\":\"https:\\\/\\\/www.mylasertabac.com\\\/it\\\/tassazione-delle-sigarette-elettroniche-nel-2025-quale-impatto-per-i-consumatori\\\/#primaryimage\"},\"thumbnailUrl\":\"https:\\\/\\\/www.mylasertabac.com\\\/wp-content\\\/uploads\\\/2024\\\/12\\\/IMG_9226.jpg\",\"datePublished\":\"2024-12-16T09:00:19+00:00\",\"dateModified\":\"2025-01-28T14:55:29+00:00\",\"description\":\"Se vuoi sapere quali saranno le nuove tasse sulle sigarette elettroniche nel 2025, questo articolo risponder\u00e0 a tutte le tue domande.\",\"breadcrumb\":{\"@id\":\"https:\\\/\\\/www.mylasertabac.com\\\/it\\\/tassazione-delle-sigarette-elettroniche-nel-2025-quale-impatto-per-i-consumatori\\\/#breadcrumb\"},\"inLanguage\":\"it-IT\",\"potentialAction\":[{\"@type\":\"ReadAction\",\"target\":[\"https:\\\/\\\/www.mylasertabac.com\\\/it\\\/tassazione-delle-sigarette-elettroniche-nel-2025-quale-impatto-per-i-consumatori\\\/\"]}]},{\"@type\":\"ImageObject\",\"inLanguage\":\"it-IT\",\"@id\":\"https:\\\/\\\/www.mylasertabac.com\\\/it\\\/tassazione-delle-sigarette-elettroniche-nel-2025-quale-impatto-per-i-consumatori\\\/#primaryimage\",\"url\":\"https:\\\/\\\/www.mylasertabac.com\\\/wp-content\\\/uploads\\\/2024\\\/12\\\/IMG_9226.jpg\",\"contentUrl\":\"https:\\\/\\\/www.mylasertabac.com\\\/wp-content\\\/uploads\\\/2024\\\/12\\\/IMG_9226.jpg\",\"width\":979,\"height\":900},{\"@type\":\"BreadcrumbList\",\"@id\":\"https:\\\/\\\/www.mylasertabac.com\\\/it\\\/tassazione-delle-sigarette-elettroniche-nel-2025-quale-impatto-per-i-consumatori\\\/#breadcrumb\",\"itemListElement\":[{\"@type\":\"ListItem\",\"position\":1,\"name\":\"Accueil\",\"item\":\"https:\\\/\\\/www.mylasertabac.com\\\/it\\\/casa\\\/\"},{\"@type\":\"ListItem\",\"position\":2,\"name\":\"Tassazione delle sigarette elettroniche nel 2025: quale impatto per i consumatori?\"}]},{\"@type\":\"WebSite\",\"@id\":\"https:\\\/\\\/www.mylasertabac.com\\\/it\\\/#website\",\"url\":\"https:\\\/\\\/www.mylasertabac.com\\\/it\\\/\",\"name\":\"My Laser Tabac\",\"description\":\"La solution laser qui transforme les fumeurs en ex-fumeurs\",\"publisher\":{\"@id\":\"https:\\\/\\\/www.mylasertabac.com\\\/it\\\/#organization\"},\"potentialAction\":[{\"@type\":\"SearchAction\",\"target\":{\"@type\":\"EntryPoint\",\"urlTemplate\":\"https:\\\/\\\/www.mylasertabac.com\\\/it\\\/?s={search_term_string}\"},\"query-input\":{\"@type\":\"PropertyValueSpecification\",\"valueRequired\":true,\"valueName\":\"search_term_string\"}}],\"inLanguage\":\"it-IT\"},{\"@type\":\"Organization\",\"@id\":\"https:\\\/\\\/www.mylasertabac.com\\\/it\\\/#organization\",\"name\":\"My Laser Tabac\",\"url\":\"https:\\\/\\\/www.mylasertabac.com\\\/it\\\/\",\"logo\":{\"@type\":\"ImageObject\",\"inLanguage\":\"it-IT\",\"@id\":\"https:\\\/\\\/www.mylasertabac.com\\\/it\\\/#\\\/schema\\\/logo\\\/image\\\/\",\"url\":\"https:\\\/\\\/www.mylasertabac.com\\\/wp-content\\\/uploads\\\/2024\\\/12\\\/mlt-verteau.svg\",\"contentUrl\":\"https:\\\/\\\/www.mylasertabac.com\\\/wp-content\\\/uploads\\\/2024\\\/12\\\/mlt-verteau.svg\",\"caption\":\"My Laser Tabac\"},\"image\":{\"@id\":\"https:\\\/\\\/www.mylasertabac.com\\\/it\\\/#\\\/schema\\\/logo\\\/image\\\/\"}},{\"@type\":\"Person\",\"@id\":\"https:\\\/\\\/www.mylasertabac.com\\\/it\\\/#\\\/schema\\\/person\\\/02c249cb76d912efb6c315ec23eccdf3\",\"name\":\"Florian Fortes\",\"image\":{\"@type\":\"ImageObject\",\"inLanguage\":\"it-IT\",\"@id\":\"https:\\\/\\\/www.mylasertabac.com\\\/wp-content\\\/litespeed\\\/avatar\\\/142101a71d7b9e6490c1120d9c109a67.jpg?ver=1777461116\",\"url\":\"https:\\\/\\\/www.mylasertabac.com\\\/wp-content\\\/litespeed\\\/avatar\\\/142101a71d7b9e6490c1120d9c109a67.jpg?ver=1777461116\",\"contentUrl\":\"https:\\\/\\\/www.mylasertabac.com\\\/wp-content\\\/litespeed\\\/avatar\\\/142101a71d7b9e6490c1120d9c109a67.jpg?ver=1777461116\",\"caption\":\"Florian Fortes\"},\"sameAs\":[\"https:\\\/\\\/www.mylasertabac.com\",\"https:\\\/\\\/www.facebook.com\\\/profile.php?id=61571554707319\"],\"url\":\"https:\\\/\\\/www.mylasertabac.com\\\/it\\\/author\\\/florianfortes5312\\\/\"}]}<\/script>\n<!-- \/ Yoast SEO plugin. -->","yoast_head_json":{"title":"Tassazione delle sigarette elettroniche nel 2025: quale impatto per i consumatori? - My Laser Tabac","description":"Se vuoi sapere quali saranno le nuove tasse sulle sigarette elettroniche nel 2025, questo articolo risponder\u00e0 a tutte le tue domande.","robots":{"index":"index","follow":"follow","max-snippet":"max-snippet:-1","max-image-preview":"max-image-preview:large","max-video-preview":"max-video-preview:-1"},"canonical":"https:\/\/www.mylasertabac.com\/it\/tassazione-delle-sigarette-elettroniche-nel-2025-quale-impatto-per-i-consumatori\/","og_locale":"it_IT","og_type":"article","og_title":"Tassazione delle sigarette elettroniche nel 2025: quale impatto per i consumatori? - My Laser Tabac","og_description":"Se vuoi sapere quali saranno le nuove tasse sulle sigarette elettroniche nel 2025, questo articolo risponder\u00e0 a tutte le tue domande.","og_url":"https:\/\/www.mylasertabac.com\/it\/tassazione-delle-sigarette-elettroniche-nel-2025-quale-impatto-per-i-consumatori\/","og_site_name":"My Laser Tabac","article_author":"https:\/\/www.facebook.com\/profile.php?id=61571554707319","article_published_time":"2024-12-16T09:00:19+00:00","article_modified_time":"2025-01-28T14:55:29+00:00","og_image":[{"width":979,"height":900,"url":"https:\/\/www.mylasertabac.com\/wp-content\/uploads\/2024\/12\/IMG_9226.jpg","type":"image\/jpeg"}],"author":"Florian Fortes","twitter_card":"summary_large_image","twitter_misc":{"Scritto da":"Florian Fortes","Tempo di lettura stimato":"5 minuti"},"schema":{"@context":"https:\/\/schema.org","@graph":[{"@type":"Article","@id":"https:\/\/www.mylasertabac.com\/it\/tassazione-delle-sigarette-elettroniche-nel-2025-quale-impatto-per-i-consumatori\/#article","isPartOf":{"@id":"https:\/\/www.mylasertabac.com\/it\/tassazione-delle-sigarette-elettroniche-nel-2025-quale-impatto-per-i-consumatori\/"},"author":{"name":"Florian Fortes","@id":"https:\/\/www.mylasertabac.com\/it\/#\/schema\/person\/02c249cb76d912efb6c315ec23eccdf3"},"headline":"Tassazione delle sigarette elettroniche nel 2025: quale impatto per i consumatori?","datePublished":"2024-12-16T09:00:19+00:00","dateModified":"2025-01-28T14:55:29+00:00","mainEntityOfPage":{"@id":"https:\/\/www.mylasertabac.com\/it\/tassazione-delle-sigarette-elettroniche-nel-2025-quale-impatto-per-i-consumatori\/"},"wordCount":969,"publisher":{"@id":"https:\/\/www.mylasertabac.com\/it\/#organization"},"image":{"@id":"https:\/\/www.mylasertabac.com\/it\/tassazione-delle-sigarette-elettroniche-nel-2025-quale-impatto-per-i-consumatori\/#primaryimage"},"thumbnailUrl":"https:\/\/www.mylasertabac.com\/wp-content\/uploads\/2024\/12\/IMG_9226.jpg","keywords":["Imposta del 2025 sulle sigarette elettroniche","Laser antifumo"],"articleSection":["tassa sulle sigarette elettroniche"],"inLanguage":"it-IT"},{"@type":"WebPage","@id":"https:\/\/www.mylasertabac.com\/it\/tassazione-delle-sigarette-elettroniche-nel-2025-quale-impatto-per-i-consumatori\/","url":"https:\/\/www.mylasertabac.com\/it\/tassazione-delle-sigarette-elettroniche-nel-2025-quale-impatto-per-i-consumatori\/","name":"Tassazione delle sigarette elettroniche nel 2025: quale impatto per i consumatori? - My Laser Tabac","isPartOf":{"@id":"https:\/\/www.mylasertabac.com\/it\/#website"},"primaryImageOfPage":{"@id":"https:\/\/www.mylasertabac.com\/it\/tassazione-delle-sigarette-elettroniche-nel-2025-quale-impatto-per-i-consumatori\/#primaryimage"},"image":{"@id":"https:\/\/www.mylasertabac.com\/it\/tassazione-delle-sigarette-elettroniche-nel-2025-quale-impatto-per-i-consumatori\/#primaryimage"},"thumbnailUrl":"https:\/\/www.mylasertabac.com\/wp-content\/uploads\/2024\/12\/IMG_9226.jpg","datePublished":"2024-12-16T09:00:19+00:00","dateModified":"2025-01-28T14:55:29+00:00","description":"Se vuoi sapere quali saranno le nuove tasse sulle sigarette elettroniche nel 2025, questo articolo risponder\u00e0 a tutte le tue domande.","breadcrumb":{"@id":"https:\/\/www.mylasertabac.com\/it\/tassazione-delle-sigarette-elettroniche-nel-2025-quale-impatto-per-i-consumatori\/#breadcrumb"},"inLanguage":"it-IT","potentialAction":[{"@type":"ReadAction","target":["https:\/\/www.mylasertabac.com\/it\/tassazione-delle-sigarette-elettroniche-nel-2025-quale-impatto-per-i-consumatori\/"]}]},{"@type":"ImageObject","inLanguage":"it-IT","@id":"https:\/\/www.mylasertabac.com\/it\/tassazione-delle-sigarette-elettroniche-nel-2025-quale-impatto-per-i-consumatori\/#primaryimage","url":"https:\/\/www.mylasertabac.com\/wp-content\/uploads\/2024\/12\/IMG_9226.jpg","contentUrl":"https:\/\/www.mylasertabac.com\/wp-content\/uploads\/2024\/12\/IMG_9226.jpg","width":979,"height":900},{"@type":"BreadcrumbList","@id":"https:\/\/www.mylasertabac.com\/it\/tassazione-delle-sigarette-elettroniche-nel-2025-quale-impatto-per-i-consumatori\/#breadcrumb","itemListElement":[{"@type":"ListItem","position":1,"name":"Accueil","item":"https:\/\/www.mylasertabac.com\/it\/casa\/"},{"@type":"ListItem","position":2,"name":"Tassazione delle sigarette elettroniche nel 2025: quale impatto per i consumatori?"}]},{"@type":"WebSite","@id":"https:\/\/www.mylasertabac.com\/it\/#website","url":"https:\/\/www.mylasertabac.com\/it\/","name":"My Laser Tabac","description":"La solution laser qui transforme les fumeurs en ex-fumeurs","publisher":{"@id":"https:\/\/www.mylasertabac.com\/it\/#organization"},"potentialAction":[{"@type":"SearchAction","target":{"@type":"EntryPoint","urlTemplate":"https:\/\/www.mylasertabac.com\/it\/?s={search_term_string}"},"query-input":{"@type":"PropertyValueSpecification","valueRequired":true,"valueName":"search_term_string"}}],"inLanguage":"it-IT"},{"@type":"Organization","@id":"https:\/\/www.mylasertabac.com\/it\/#organization","name":"My Laser Tabac","url":"https:\/\/www.mylasertabac.com\/it\/","logo":{"@type":"ImageObject","inLanguage":"it-IT","@id":"https:\/\/www.mylasertabac.com\/it\/#\/schema\/logo\/image\/","url":"https:\/\/www.mylasertabac.com\/wp-content\/uploads\/2024\/12\/mlt-verteau.svg","contentUrl":"https:\/\/www.mylasertabac.com\/wp-content\/uploads\/2024\/12\/mlt-verteau.svg","caption":"My Laser Tabac"},"image":{"@id":"https:\/\/www.mylasertabac.com\/it\/#\/schema\/logo\/image\/"}},{"@type":"Person","@id":"https:\/\/www.mylasertabac.com\/it\/#\/schema\/person\/02c249cb76d912efb6c315ec23eccdf3","name":"Florian Fortes","image":{"@type":"ImageObject","inLanguage":"it-IT","@id":"https:\/\/www.mylasertabac.com\/wp-content\/litespeed\/avatar\/142101a71d7b9e6490c1120d9c109a67.jpg?ver=1777461116","url":"https:\/\/www.mylasertabac.com\/wp-content\/litespeed\/avatar\/142101a71d7b9e6490c1120d9c109a67.jpg?ver=1777461116","contentUrl":"https:\/\/www.mylasertabac.com\/wp-content\/litespeed\/avatar\/142101a71d7b9e6490c1120d9c109a67.jpg?ver=1777461116","caption":"Florian Fortes"},"sameAs":["https:\/\/www.mylasertabac.com","https:\/\/www.facebook.com\/profile.php?id=61571554707319"],"url":"https:\/\/www.mylasertabac.com\/it\/author\/florianfortes5312\/"}]}},"_links":{"self":[{"href":"https:\/\/www.mylasertabac.com\/it\/wp-json\/wp\/v2\/posts\/2541","targetHints":{"allow":["GET"]}}],"collection":[{"href":"https:\/\/www.mylasertabac.com\/it\/wp-json\/wp\/v2\/posts"}],"about":[{"href":"https:\/\/www.mylasertabac.com\/it\/wp-json\/wp\/v2\/types\/post"}],"author":[{"embeddable":true,"href":"https:\/\/www.mylasertabac.com\/it\/wp-json\/wp\/v2\/users\/2"}],"replies":[{"embeddable":true,"href":"https:\/\/www.mylasertabac.com\/it\/wp-json\/wp\/v2\/comments?post=2541"}],"version-history":[{"count":1,"href":"https:\/\/www.mylasertabac.com\/it\/wp-json\/wp\/v2\/posts\/2541\/revisions"}],"predecessor-version":[{"id":2544,"href":"https:\/\/www.mylasertabac.com\/it\/wp-json\/wp\/v2\/posts\/2541\/revisions\/2544"}],"wp:featuredmedia":[{"embeddable":true,"href":"https:\/\/www.mylasertabac.com\/it\/wp-json\/wp\/v2\/media\/1899"}],"wp:attachment":[{"href":"https:\/\/www.mylasertabac.com\/it\/wp-json\/wp\/v2\/media?parent=2541"}],"wp:term":[{"taxonomy":"category","embeddable":true,"href":"https:\/\/www.mylasertabac.com\/it\/wp-json\/wp\/v2\/categories?post=2541"},{"taxonomy":"post_tag","embeddable":true,"href":"https:\/\/www.mylasertabac.com\/it\/wp-json\/wp\/v2\/tags?post=2541"}],"curies":[{"name":"wp","href":"https:\/\/api.w.org\/{rel}","templated":true}]}}