{"id":7524,"date":"2025-04-29T16:19:12","date_gmt":"2025-04-29T14:19:12","guid":{"rendered":"https:\/\/www.mylasertabac.com\/smettere-di-fumare-naturalmente-con-il-laser-e-se-fosse-tutto-nellorecchio\/"},"modified":"2025-04-29T16:34:44","modified_gmt":"2025-04-29T14:34:44","slug":"smettere-di-fumare-naturalmente-con-il-laser-e-se-fosse-tutto-nellorecchio","status":"publish","type":"post","link":"https:\/\/www.mylasertabac.com\/it\/smettere-di-fumare-naturalmente-con-il-laser-e-se-fosse-tutto-nellorecchio\/","title":{"rendered":"Smettere di fumare naturalmente con il laser: e se fosse tutto nell&#8217;orecchio?"},"content":{"rendered":"\n<div style=\"height:19px\" aria-hidden=\"true\" class=\"wp-block-spacer\"><\/div>\n\n<p>L&#8217;idea di<a href=\"https:\/\/www.mylasertabac.com\/it\/\">smettere di fumare<\/a> pu\u00f2 suscitare sia speranza&#8230; sia una certa dose di ansia. Molti fumatori vogliono liberarsi da questa dipendenza, ma temono la difficolt\u00e0 dell&#8217;astinenza, l&#8217;aumento di peso o semplicemente il fallimento. <\/p>\n\n<p>E se ci fosse un modo per <strong>cortocircuitare la dipendenza<\/strong> senza soffrire? Oggi \u00e8 di gran moda un metodo dolce, indolore e naturale: <strong>il laser antifumo<\/strong>, basato sui principi della <strong>riflessologia auricolare<\/strong>. Questa tecnica innovativa funziona <strong>riprogrammando i segnali inviati al cervello<\/strong>, senza farmaci o sostituti.  <\/p>\n\n<p>Ecco come funziona.<\/p>\n\n<div style=\"height:23px\" aria-hidden=\"true\" class=\"wp-block-spacer\"><\/div>\n\n<figure class=\"wp-block-image alignleft size-large is-resized\"><img fetchpriority=\"high\" decoding=\"async\" width=\"1024\" height=\"774\" src=\"https:\/\/www.mylasertabac.com\/wp-content\/uploads\/2025\/04\/az-1024x774.jpeg\" alt=\"\" class=\"wp-image-7475\" style=\"width:668px;height:auto\" srcset=\"https:\/\/www.mylasertabac.com\/wp-content\/uploads\/2025\/04\/az-1024x774.jpeg 1024w, https:\/\/www.mylasertabac.com\/wp-content\/uploads\/2025\/04\/az-300x227.jpeg 300w, https:\/\/www.mylasertabac.com\/wp-content\/uploads\/2025\/04\/az-768x580.jpeg 768w, https:\/\/www.mylasertabac.com\/wp-content\/uploads\/2025\/04\/az.jpeg 1179w\" sizes=\"(max-width: 1024px) 100vw, 1024px\" \/><\/figure>\n\n<h2 class=\"wp-block-heading\">Perch\u00e9 smettere di fumare \u00e8 una priorit\u00e0<\/h2>\n\n<p>Ci sono molti motivi per smettere di fumare. Nel 2025, un pacchetto coster\u00e0 in media <strong>12,90\u20ac<\/strong>. Per una persona che ne fuma uno al giorno, ci\u00f2 rappresenta :  <\/p>\n\n<ul class=\"wp-block-list\">\n<li><strong>387 al mese<\/strong><\/li>\n\n\n\n<li><strong>4.644 all&#8217;anno<\/strong><\/li>\n\n\n\n<li><strong>46.440 in 10 anni<\/strong><\/li>\n\n\n\n<li><strong>Oltre 139.000 euro in 30 anni<\/strong><\/li>\n<\/ul>\n\n<p>Oltre all&#8217;impatto economico, i <strong>rischi per la salute<\/strong> sono onnipresenti: malattie cardiovascolari, cancro, insufficienza respiratoria&#8230; Il fumo uccide lentamente ma inesorabilmente.<\/p>\n\n<p>\u00c8 in questo contesto che sempre pi\u00f9 fumatori cercano <strong>metodi alternativi, privi di dolore e di dipendenza, per<\/strong> smettere definitivamente di fumare.<\/p>\n\n<div style=\"height:66px\" aria-hidden=\"true\" class=\"wp-block-spacer\"><\/div>\n\n<figure class=\"wp-block-image alignright size-full is-resized\"><img decoding=\"async\" width=\"1024\" height=\"1024\" src=\"https:\/\/www.mylasertabac.com\/wp-content\/uploads\/2025\/04\/oreille-3.png\" alt=\"\" class=\"wp-image-7507\" style=\"width:397px;height:auto\" srcset=\"https:\/\/www.mylasertabac.com\/wp-content\/uploads\/2025\/04\/oreille-3.png 1024w, https:\/\/www.mylasertabac.com\/wp-content\/uploads\/2025\/04\/oreille-3-300x300.png 300w, https:\/\/www.mylasertabac.com\/wp-content\/uploads\/2025\/04\/oreille-3-150x150.png 150w, https:\/\/www.mylasertabac.com\/wp-content\/uploads\/2025\/04\/oreille-3-768x768.png 768w\" sizes=\"(max-width: 1024px) 100vw, 1024px\" \/><\/figure>\n\n<h2 class=\"wp-block-heading\">Cos&#8217;\u00e8 la riflessologia auricolare e perch\u00e9 funziona sulle dipendenze?<\/h2>\n\n<p>Il padiglione auricolare \u00e8 molto pi\u00f9 di un semplice pezzo di cartilagine. Nella <strong>medicina cinese<\/strong> \u00e8 considerato una <strong>mappa in miniatura del corpo umano<\/strong>. Ogni area dell&#8217;orecchio corrisponde a uno specifico organo, sistema o funzione.  <\/p>\n\n<p>La <strong>riflessologia auricolare<\/strong> (o <strong>auricoloterapia<\/strong>) consiste nello <strong>stimolare punti specifici<\/strong> dell&#8217;orecchio per inviare informazioni al cervello. Questo messaggio agisce come un <strong>riequilibrio neurologico<\/strong>, aiutando a <strong>disattivare alcuni comportamenti riflessi<\/strong> o ad alleviare una sensazione di desiderio. <\/p>\n\n<div style=\"height:44px\" aria-hidden=\"true\" class=\"wp-block-spacer\"><\/div>\n\n<figure class=\"wp-block-image alignleft size-large is-resized\"><img decoding=\"async\" width=\"1024\" height=\"662\" src=\"https:\/\/www.mylasertabac.com\/wp-content\/uploads\/2025\/04\/vitrine-1024x662.jpg\" alt=\"\" class=\"wp-image-7466\" style=\"width:516px;height:auto\" srcset=\"https:\/\/www.mylasertabac.com\/wp-content\/uploads\/2025\/04\/vitrine-1024x662.jpg 1024w, https:\/\/www.mylasertabac.com\/wp-content\/uploads\/2025\/04\/vitrine-300x194.jpg 300w, https:\/\/www.mylasertabac.com\/wp-content\/uploads\/2025\/04\/vitrine-768x496.jpg 768w, https:\/\/www.mylasertabac.com\/wp-content\/uploads\/2025\/04\/vitrine.jpg 1179w\" sizes=\"(max-width: 1024px) 100vw, 1024px\" \/><\/figure>\n\n<p>Nel caso del tabacco, i punti stimolati includono quelli legati a :<\/p>\n\n<ul class=\"wp-block-list\">\n<li>Dipendenza fisica dalla nicotina<\/li>\n\n\n\n<li>Stress e ansia<\/li>\n\n\n\n<li>Regolazione dell&#8217;appetito<\/li>\n\n\n\n<li>Gestire le emozioni<\/li>\n<\/ul>\n\n<div style=\"height:36px\" aria-hidden=\"true\" class=\"wp-block-spacer\"><\/div>\n\n<h2 class=\"wp-block-heading\">Laser antifumo: come funziona nella pratica?<\/h2>\n\n<p>A differenza dell&#8217;agopuntura tradizionale (che prevede l&#8217;uso di aghi), <a href=\"https:\/\/www.mylasertabac.com\/it\/\">il <strong>laser antifumo<\/strong><\/a> si basa sull&#8217;uso di un <strong>laser freddo<\/strong>, completamente indolore. Questo fascio di luce viene diretto verso i <strong>punti riflessi dell&#8217;orecchio<\/strong>, proprio come farebbe uno stimolatore agopunturale. <\/p>\n\n<p>In <strong>una singola sessione<\/strong>, il professionista stimola queste zone molto precise per alcuni secondi o minuti, a seconda del tuo profilo. L&#8217;obiettivo \u00e8 <strong>innescare una risposta neurosensoriale<\/strong>: il cervello riceve il segnale che <strong>non ha pi\u00f9 bisogno della nicotina<\/strong>. <\/p>\n\n<p>Questa stimolazione provoca anche un <strong>aumento della produzione di endorfine<\/strong>, gli ormoni naturali del piacere, che sostituiscono la sensazione di relax che i fumatori pensavano di ottenere dalle sigarette.<\/p>\n\n<div style=\"height:22px\" aria-hidden=\"true\" class=\"wp-block-spacer\"><\/div>\n\n<h2 class=\"wp-block-heading\">Perch\u00e9 si parla di &#8220;resettare&#8221; il cervello?<\/h2>\n\n<div style=\"height:23px\" aria-hidden=\"true\" class=\"wp-block-spacer\"><\/div>\n\n<p>Uno dei grandi punti di forza di questo metodo \u00e8 la sua azione diretta sulle <strong>aree cerebrali coinvolte nella dipendenza<\/strong>. Il laser non maschera il desiderio come i cerotti o le gomme: agisce come un <strong>reset neurologico<\/strong>. <\/p>\n\n<div style=\"height:19px\" aria-hidden=\"true\" class=\"wp-block-spacer\"><\/div>\n\n<p>Punti di auricoloterapia mirati:<\/p>\n\n<div style=\"height:21px\" aria-hidden=\"true\" class=\"wp-block-spacer\"><\/div>\n\n<ul class=\"wp-block-list\">\n<li><strong>Rompere i modelli di dipendenza<\/strong><\/li>\n\n\n\n<li><strong>Riduce gli impulsi<\/strong> associati all&#8217;abitudine di fumare<\/li>\n\n\n\n<li><strong>Elimina gradualmente la voglia di fumare<\/strong>, anche nelle situazioni che la scatenano (stress, caff\u00e8, serata fuori&#8230;).<\/li>\n<\/ul>\n\n<div style=\"height:19px\" aria-hidden=\"true\" class=\"wp-block-spacer\"><\/div>\n\n<p>\u00c8 questa sensazione di &#8220;recidere il legame&#8221; che conferisce al metodo <strong>la sua fama di efficacia<\/strong>: il cervello viene &#8220;resettato&#8221; e le sigarette non hanno pi\u00f9 lo stesso effetto attrattivo.<\/p>\n\n<div style=\"height:19px\" aria-hidden=\"true\" class=\"wp-block-spacer\"><\/div>\n\n<h2 class=\"wp-block-heading\">Un metodo delicato senza effetti collaterali<\/h2>\n\n<div style=\"height:22px\" aria-hidden=\"true\" class=\"wp-block-spacer\"><\/div>\n\n<p>Il laser auricolare \u00e8 :<\/p>\n\n<div style=\"height:19px\" aria-hidden=\"true\" class=\"wp-block-spacer\"><\/div>\n\n<ul class=\"wp-block-list\">\n<li><strong>Non invasivo<\/strong>: niente aghi, niente dolore<\/li>\n\n\n\n<li><strong>Privo di farmaci<\/strong>: nessun effetto collaterale o rischio di dipendenza<\/li>\n\n\n\n<li><strong>Veloce<\/strong>: la sessione dura tra i 30 e i 60 minuti.<\/li>\n\n\n\n<li><strong>Efficace<\/strong>: molti fumatori notano un&#8217;immediata riduzione del desiderio di fumare<\/li>\n<\/ul>\n\n<div style=\"height:22px\" aria-hidden=\"true\" class=\"wp-block-spacer\"><\/div>\n\n<p>Alcune persone scelgono di ripetere una <strong>sessione di consolidamento<\/strong> nelle settimane successive, ma in molti casi ne basta una per <strong>rompere definitivamente con il fumo<\/strong>.<\/p>\n\n<div style=\"height:22px\" aria-hidden=\"true\" class=\"wp-block-spacer\"><\/div>\n\n<p class=\"has-cyan-bluish-gray-background-color has-background\">Potrebbe interessarti anche questo articolo: <a href=\"https:\/\/www.mylasertabac.com\/it\/informazioni\/formazione-laser-contro-il-fumo-e-le-dipendenze\/\"><mark style=\"background-color:rgba(0, 0, 0, 0)\" class=\"has-inline-color has-luminous-vivid-orange-color\">Scopri il metodo MyLaserTabac e diventa un operatore di riflessologia auricolare laser<\/mark><\/a><\/p>\n\n<div style=\"height:23px\" aria-hidden=\"true\" class=\"wp-block-spacer\"><\/div>\n\n<h2 class=\"wp-block-heading\">Un approccio completo e personalizzato<\/h2>\n\n<div style=\"height:19px\" aria-hidden=\"true\" class=\"wp-block-spacer\"><\/div>\n\n<p>I professionisti che utilizzano i laser antifumo spesso combinano la loro esperienza con l&#8217;<strong>ascolto attivo del paziente<\/strong>. Ogni fumatore ha la sua storia, le sue cause scatenanti e le sue paure. Il lavoro sull&#8217;orecchio viene <strong>adattato a ogni profilo<\/strong>.  <\/p>\n\n<div style=\"height:19px\" aria-hidden=\"true\" class=\"wp-block-spacer\"><\/div>\n\n<p>Questo approccio globale prende in considerazione :<\/p>\n\n<div style=\"height:19px\" aria-hidden=\"true\" class=\"wp-block-spacer\"><\/div>\n\n<ul class=\"wp-block-list\">\n<li>Contesto emotivo (ansia, mancanza di fiducia)<\/li>\n\n\n\n<li>Storia di tentativi di smettere di fumare<\/li>\n\n\n\n<li>Il livello di dipendenza fisica<\/li>\n\n\n\n<li>Motivazioni profonde (salute, finanze, famiglia&#8230;)<\/li>\n<\/ul>\n\n<div style=\"height:28px\" aria-hidden=\"true\" class=\"wp-block-spacer\"><\/div>\n\n<figure class=\"wp-block-image size-large\"><img loading=\"lazy\" decoding=\"async\" width=\"1024\" height=\"576\" src=\"https:\/\/www.mylasertabac.com\/wp-content\/uploads\/2024\/12\/IMG_E53031A6F7C3-1-1024x576.jpeg\" alt=\"\" class=\"wp-image-121\" srcset=\"https:\/\/www.mylasertabac.com\/wp-content\/uploads\/2024\/12\/IMG_E53031A6F7C3-1-1024x576.jpeg 1024w, https:\/\/www.mylasertabac.com\/wp-content\/uploads\/2024\/12\/IMG_E53031A6F7C3-1-300x169.jpeg 300w, https:\/\/www.mylasertabac.com\/wp-content\/uploads\/2024\/12\/IMG_E53031A6F7C3-1-768x432.jpeg 768w, https:\/\/www.mylasertabac.com\/wp-content\/uploads\/2024\/12\/IMG_E53031A6F7C3-1.jpeg 1179w\" sizes=\"(max-width: 1024px) 100vw, 1024px\" \/><\/figure>\n\n<h2 class=\"wp-block-heading\">Cosa succede dopo la sessione?<\/h2>\n\n<div style=\"height:19px\" aria-hidden=\"true\" class=\"wp-block-spacer\"><\/div>\n\n<p>La maggior parte degli ex fumatori descrive una <strong>rottura netta<\/strong> con le sigarette. Il desiderio scompare o diventa cos\u00ec debole da essere facilmente gestibile. Si pu\u00f2 avvertire una <strong>sensazione di leggerezza<\/strong>, una <strong>nuova chiarezza mentale<\/strong> e, a volte, anche una carica di energia.  <\/p>\n\n<p>La cosa pi\u00f9 importante \u00e8 <strong>ascoltare il tuo corpo<\/strong>, individuare i momenti di vulnerabilit\u00e0 (dopo un pasto, durante lo stress) e impostare nuove routine pi\u00f9 salutari: camminare, respirare, bere acqua, muoversi.<\/p>\n\n<div style=\"height:19px\" aria-hidden=\"true\" class=\"wp-block-spacer\"><\/div>\n\n<h2 class=\"wp-block-heading\">In poche parole: un metodo naturale per riprendere il controllo<\/h2>\n\n<div style=\"height:19px\" aria-hidden=\"true\" class=\"wp-block-spacer\"><\/div>\n\n<p>Se stai cercando un modo per <strong><a href=\"https:\/\/www.mylasertabac.com\/it\/\">smettere di fumare senza soffrire<\/a><\/strong>Se stai cercando un modo per smettere di fumare senza soffrire, senza sostituire una dipendenza con un&#8217;altra e senza spendere una fortuna per i sostituti, il <strong>laser auricolare<\/strong> merita tutta la tua attenzione.<\/p>\n\n<p><strong>Stimolando punti specifici dell&#8217;orecchio<\/strong>, questa tecnica <strong>riequilibra il cervello<\/strong>, portando un sollievo immediato e, soprattutto, una <strong>liberazione duratura<\/strong>.<\/p>\n\n<p>Fumare non \u00e8 inevitabile. Hai le risorse necessarie per smettere di fumare. A volte, tutto ci\u00f2 che serve \u00e8 <strong>una spinta ben piazzata&#8230; nel posto giusto<\/strong>.  <\/p>\n\n<div style=\"height:38px\" aria-hidden=\"true\" class=\"wp-block-spacer\"><\/div>\n\n<figure class=\"wp-block-image size-large\"><img decoding=\"async\" src=\"https:\/\/www.mylasertabac.com\/wp-content\/uploads\/\/mlt-verteau.svg\" alt=\"\" class=\"wp-image-13\"\/><\/figure>\n","protected":false},"excerpt":{"rendered":"<p>L&#8217;idea dismettere di fumare pu\u00f2 suscitare sia speranza&#8230; sia una certa dose di ansia. Molti fumatori vogliono liberarsi da questa dipendenza, ma temono la difficolt\u00e0 dell&#8217;astinenza, l&#8217;aumento di peso o semplicemente il fallimento. E se ci fosse un modo per cortocircuitare la dipendenza senza soffrire? Oggi \u00e8 di gran moda un metodo dolce, indolore e [&hellip;]<\/p>\n","protected":false},"author":2,"featured_media":7545,"comment_status":"closed","ping_status":"open","sticky":false,"template":"","format":"standard","meta":{"inline_featured_image":false,"footnotes":""},"categories":[197],"tags":[],"class_list":["post-7524","post","type-post","status-publish","format-standard","has-post-thumbnail","hentry","category-smettere-di-fumare"],"yoast_head":"<!-- This site is optimized with the Yoast SEO plugin v27.5 - https:\/\/yoast.com\/product\/yoast-seo-wordpress\/ -->\n<title>Smettere di fumare naturalmente con il laser: e se fosse tutto nell&#039;orecchio? - My Laser Tabac<\/title>\n<meta name=\"description\" content=\"Se vuoi saperne di pi\u00f9 sul nuovo metodo per smettere di fumare con il laser, possiamo parlartene noi. . .\" \/>\n<meta name=\"robots\" content=\"index, follow, max-snippet:-1, max-image-preview:large, max-video-preview:-1\" \/>\n<link rel=\"canonical\" href=\"https:\/\/www.mylasertabac.com\/it\/smettere-di-fumare-naturalmente-con-il-laser-e-se-fosse-tutto-nellorecchio\/\" \/>\n<meta property=\"og:locale\" content=\"it_IT\" \/>\n<meta property=\"og:type\" content=\"article\" \/>\n<meta property=\"og:title\" content=\"Smettere di fumare naturalmente con il laser: e se fosse tutto nell&#039;orecchio? - My Laser Tabac\" \/>\n<meta property=\"og:description\" content=\"Se vuoi saperne di pi\u00f9 sul nuovo metodo per smettere di fumare con il laser, possiamo parlartene noi. . .\" \/>\n<meta property=\"og:url\" content=\"https:\/\/www.mylasertabac.com\/it\/smettere-di-fumare-naturalmente-con-il-laser-e-se-fosse-tutto-nellorecchio\/\" \/>\n<meta property=\"og:site_name\" content=\"My Laser Tabac\" \/>\n<meta property=\"article:author\" content=\"https:\/\/www.facebook.com\/profile.php?id=61571554707319\" \/>\n<meta property=\"article:published_time\" content=\"2025-04-29T14:19:12+00:00\" \/>\n<meta property=\"article:modified_time\" content=\"2025-04-29T14:34:44+00:00\" \/>\n<meta property=\"og:image\" content=\"https:\/\/www.mylasertabac.com\/wp-content\/uploads\/2025\/04\/stop.jpeg\" \/>\n\t<meta property=\"og:image:width\" content=\"1179\" \/>\n\t<meta property=\"og:image:height\" content=\"779\" \/>\n\t<meta property=\"og:image:type\" content=\"image\/jpeg\" \/>\n<meta name=\"author\" content=\"Florian Fortes\" \/>\n<meta name=\"twitter:card\" content=\"summary_large_image\" \/>\n<meta name=\"twitter:label1\" content=\"Scritto da\" \/>\n\t<meta name=\"twitter:data1\" content=\"Florian Fortes\" \/>\n\t<meta name=\"twitter:label2\" content=\"Tempo di lettura stimato\" \/>\n\t<meta name=\"twitter:data2\" content=\"4 minuti\" \/>\n<script type=\"application\/ld+json\" class=\"yoast-schema-graph\">{\"@context\":\"https:\\\/\\\/schema.org\",\"@graph\":[{\"@type\":\"Article\",\"@id\":\"https:\\\/\\\/www.mylasertabac.com\\\/it\\\/smettere-di-fumare-naturalmente-con-il-laser-e-se-fosse-tutto-nellorecchio\\\/#article\",\"isPartOf\":{\"@id\":\"https:\\\/\\\/www.mylasertabac.com\\\/it\\\/smettere-di-fumare-naturalmente-con-il-laser-e-se-fosse-tutto-nellorecchio\\\/\"},\"author\":{\"name\":\"Florian Fortes\",\"@id\":\"https:\\\/\\\/www.mylasertabac.com\\\/it\\\/#\\\/schema\\\/person\\\/02c249cb76d912efb6c315ec23eccdf3\"},\"headline\":\"Smettere di fumare naturalmente con il laser: e se fosse tutto nell&#8217;orecchio?\",\"datePublished\":\"2025-04-29T14:19:12+00:00\",\"dateModified\":\"2025-04-29T14:34:44+00:00\",\"mainEntityOfPage\":{\"@id\":\"https:\\\/\\\/www.mylasertabac.com\\\/it\\\/smettere-di-fumare-naturalmente-con-il-laser-e-se-fosse-tutto-nellorecchio\\\/\"},\"wordCount\":844,\"publisher\":{\"@id\":\"https:\\\/\\\/www.mylasertabac.com\\\/it\\\/#organization\"},\"image\":{\"@id\":\"https:\\\/\\\/www.mylasertabac.com\\\/it\\\/smettere-di-fumare-naturalmente-con-il-laser-e-se-fosse-tutto-nellorecchio\\\/#primaryimage\"},\"thumbnailUrl\":\"https:\\\/\\\/www.mylasertabac.com\\\/wp-content\\\/uploads\\\/2025\\\/04\\\/stop.jpeg\",\"articleSection\":[\"Smettere di fumare\"],\"inLanguage\":\"it-IT\"},{\"@type\":\"WebPage\",\"@id\":\"https:\\\/\\\/www.mylasertabac.com\\\/it\\\/smettere-di-fumare-naturalmente-con-il-laser-e-se-fosse-tutto-nellorecchio\\\/\",\"url\":\"https:\\\/\\\/www.mylasertabac.com\\\/it\\\/smettere-di-fumare-naturalmente-con-il-laser-e-se-fosse-tutto-nellorecchio\\\/\",\"name\":\"Smettere di fumare naturalmente con il laser: e se fosse tutto nell'orecchio? - My Laser Tabac\",\"isPartOf\":{\"@id\":\"https:\\\/\\\/www.mylasertabac.com\\\/it\\\/#website\"},\"primaryImageOfPage\":{\"@id\":\"https:\\\/\\\/www.mylasertabac.com\\\/it\\\/smettere-di-fumare-naturalmente-con-il-laser-e-se-fosse-tutto-nellorecchio\\\/#primaryimage\"},\"image\":{\"@id\":\"https:\\\/\\\/www.mylasertabac.com\\\/it\\\/smettere-di-fumare-naturalmente-con-il-laser-e-se-fosse-tutto-nellorecchio\\\/#primaryimage\"},\"thumbnailUrl\":\"https:\\\/\\\/www.mylasertabac.com\\\/wp-content\\\/uploads\\\/2025\\\/04\\\/stop.jpeg\",\"datePublished\":\"2025-04-29T14:19:12+00:00\",\"dateModified\":\"2025-04-29T14:34:44+00:00\",\"description\":\"Se vuoi saperne di pi\u00f9 sul nuovo metodo per smettere di fumare con il laser, possiamo parlartene noi. . .\",\"breadcrumb\":{\"@id\":\"https:\\\/\\\/www.mylasertabac.com\\\/it\\\/smettere-di-fumare-naturalmente-con-il-laser-e-se-fosse-tutto-nellorecchio\\\/#breadcrumb\"},\"inLanguage\":\"it-IT\",\"potentialAction\":[{\"@type\":\"ReadAction\",\"target\":[\"https:\\\/\\\/www.mylasertabac.com\\\/it\\\/smettere-di-fumare-naturalmente-con-il-laser-e-se-fosse-tutto-nellorecchio\\\/\"]}]},{\"@type\":\"ImageObject\",\"inLanguage\":\"it-IT\",\"@id\":\"https:\\\/\\\/www.mylasertabac.com\\\/it\\\/smettere-di-fumare-naturalmente-con-il-laser-e-se-fosse-tutto-nellorecchio\\\/#primaryimage\",\"url\":\"https:\\\/\\\/www.mylasertabac.com\\\/wp-content\\\/uploads\\\/2025\\\/04\\\/stop.jpeg\",\"contentUrl\":\"https:\\\/\\\/www.mylasertabac.com\\\/wp-content\\\/uploads\\\/2025\\\/04\\\/stop.jpeg\",\"width\":1179,\"height\":779},{\"@type\":\"BreadcrumbList\",\"@id\":\"https:\\\/\\\/www.mylasertabac.com\\\/it\\\/smettere-di-fumare-naturalmente-con-il-laser-e-se-fosse-tutto-nellorecchio\\\/#breadcrumb\",\"itemListElement\":[{\"@type\":\"ListItem\",\"position\":1,\"name\":\"Accueil\",\"item\":\"https:\\\/\\\/www.mylasertabac.com\\\/it\\\/casa\\\/\"},{\"@type\":\"ListItem\",\"position\":2,\"name\":\"Smettere di fumare naturalmente con il laser: e se fosse tutto nell&rsquo;orecchio?\"}]},{\"@type\":\"WebSite\",\"@id\":\"https:\\\/\\\/www.mylasertabac.com\\\/it\\\/#website\",\"url\":\"https:\\\/\\\/www.mylasertabac.com\\\/it\\\/\",\"name\":\"My Laser Tabac\",\"description\":\"La solution laser qui transforme les fumeurs en ex-fumeurs\",\"publisher\":{\"@id\":\"https:\\\/\\\/www.mylasertabac.com\\\/it\\\/#organization\"},\"potentialAction\":[{\"@type\":\"SearchAction\",\"target\":{\"@type\":\"EntryPoint\",\"urlTemplate\":\"https:\\\/\\\/www.mylasertabac.com\\\/it\\\/?s={search_term_string}\"},\"query-input\":{\"@type\":\"PropertyValueSpecification\",\"valueRequired\":true,\"valueName\":\"search_term_string\"}}],\"inLanguage\":\"it-IT\"},{\"@type\":\"Organization\",\"@id\":\"https:\\\/\\\/www.mylasertabac.com\\\/it\\\/#organization\",\"name\":\"My Laser Tabac\",\"url\":\"https:\\\/\\\/www.mylasertabac.com\\\/it\\\/\",\"logo\":{\"@type\":\"ImageObject\",\"inLanguage\":\"it-IT\",\"@id\":\"https:\\\/\\\/www.mylasertabac.com\\\/it\\\/#\\\/schema\\\/logo\\\/image\\\/\",\"url\":\"https:\\\/\\\/www.mylasertabac.com\\\/wp-content\\\/uploads\\\/2024\\\/12\\\/mlt-verteau.svg\",\"contentUrl\":\"https:\\\/\\\/www.mylasertabac.com\\\/wp-content\\\/uploads\\\/2024\\\/12\\\/mlt-verteau.svg\",\"caption\":\"My Laser Tabac\"},\"image\":{\"@id\":\"https:\\\/\\\/www.mylasertabac.com\\\/it\\\/#\\\/schema\\\/logo\\\/image\\\/\"}},{\"@type\":\"Person\",\"@id\":\"https:\\\/\\\/www.mylasertabac.com\\\/it\\\/#\\\/schema\\\/person\\\/02c249cb76d912efb6c315ec23eccdf3\",\"name\":\"Florian Fortes\",\"image\":{\"@type\":\"ImageObject\",\"inLanguage\":\"it-IT\",\"@id\":\"https:\\\/\\\/www.mylasertabac.com\\\/wp-content\\\/litespeed\\\/avatar\\\/142101a71d7b9e6490c1120d9c109a67.jpg?ver=1777461116\",\"url\":\"https:\\\/\\\/www.mylasertabac.com\\\/wp-content\\\/litespeed\\\/avatar\\\/142101a71d7b9e6490c1120d9c109a67.jpg?ver=1777461116\",\"contentUrl\":\"https:\\\/\\\/www.mylasertabac.com\\\/wp-content\\\/litespeed\\\/avatar\\\/142101a71d7b9e6490c1120d9c109a67.jpg?ver=1777461116\",\"caption\":\"Florian Fortes\"},\"sameAs\":[\"https:\\\/\\\/www.mylasertabac.com\",\"https:\\\/\\\/www.facebook.com\\\/profile.php?id=61571554707319\"],\"url\":\"https:\\\/\\\/www.mylasertabac.com\\\/it\\\/author\\\/florianfortes5312\\\/\"}]}<\/script>\n<!-- \/ Yoast SEO plugin. -->","yoast_head_json":{"title":"Smettere di fumare naturalmente con il laser: e se fosse tutto nell'orecchio? - My Laser Tabac","description":"Se vuoi saperne di pi\u00f9 sul nuovo metodo per smettere di fumare con il laser, possiamo parlartene noi. . .","robots":{"index":"index","follow":"follow","max-snippet":"max-snippet:-1","max-image-preview":"max-image-preview:large","max-video-preview":"max-video-preview:-1"},"canonical":"https:\/\/www.mylasertabac.com\/it\/smettere-di-fumare-naturalmente-con-il-laser-e-se-fosse-tutto-nellorecchio\/","og_locale":"it_IT","og_type":"article","og_title":"Smettere di fumare naturalmente con il laser: e se fosse tutto nell'orecchio? - My Laser Tabac","og_description":"Se vuoi saperne di pi\u00f9 sul nuovo metodo per smettere di fumare con il laser, possiamo parlartene noi. . .","og_url":"https:\/\/www.mylasertabac.com\/it\/smettere-di-fumare-naturalmente-con-il-laser-e-se-fosse-tutto-nellorecchio\/","og_site_name":"My Laser Tabac","article_author":"https:\/\/www.facebook.com\/profile.php?id=61571554707319","article_published_time":"2025-04-29T14:19:12+00:00","article_modified_time":"2025-04-29T14:34:44+00:00","og_image":[{"width":1179,"height":779,"url":"https:\/\/www.mylasertabac.com\/wp-content\/uploads\/2025\/04\/stop.jpeg","type":"image\/jpeg"}],"author":"Florian Fortes","twitter_card":"summary_large_image","twitter_misc":{"Scritto da":"Florian Fortes","Tempo di lettura stimato":"4 minuti"},"schema":{"@context":"https:\/\/schema.org","@graph":[{"@type":"Article","@id":"https:\/\/www.mylasertabac.com\/it\/smettere-di-fumare-naturalmente-con-il-laser-e-se-fosse-tutto-nellorecchio\/#article","isPartOf":{"@id":"https:\/\/www.mylasertabac.com\/it\/smettere-di-fumare-naturalmente-con-il-laser-e-se-fosse-tutto-nellorecchio\/"},"author":{"name":"Florian Fortes","@id":"https:\/\/www.mylasertabac.com\/it\/#\/schema\/person\/02c249cb76d912efb6c315ec23eccdf3"},"headline":"Smettere di fumare naturalmente con il laser: e se fosse tutto nell&#8217;orecchio?","datePublished":"2025-04-29T14:19:12+00:00","dateModified":"2025-04-29T14:34:44+00:00","mainEntityOfPage":{"@id":"https:\/\/www.mylasertabac.com\/it\/smettere-di-fumare-naturalmente-con-il-laser-e-se-fosse-tutto-nellorecchio\/"},"wordCount":844,"publisher":{"@id":"https:\/\/www.mylasertabac.com\/it\/#organization"},"image":{"@id":"https:\/\/www.mylasertabac.com\/it\/smettere-di-fumare-naturalmente-con-il-laser-e-se-fosse-tutto-nellorecchio\/#primaryimage"},"thumbnailUrl":"https:\/\/www.mylasertabac.com\/wp-content\/uploads\/2025\/04\/stop.jpeg","articleSection":["Smettere di fumare"],"inLanguage":"it-IT"},{"@type":"WebPage","@id":"https:\/\/www.mylasertabac.com\/it\/smettere-di-fumare-naturalmente-con-il-laser-e-se-fosse-tutto-nellorecchio\/","url":"https:\/\/www.mylasertabac.com\/it\/smettere-di-fumare-naturalmente-con-il-laser-e-se-fosse-tutto-nellorecchio\/","name":"Smettere di fumare naturalmente con il laser: e se fosse tutto nell'orecchio? - My Laser Tabac","isPartOf":{"@id":"https:\/\/www.mylasertabac.com\/it\/#website"},"primaryImageOfPage":{"@id":"https:\/\/www.mylasertabac.com\/it\/smettere-di-fumare-naturalmente-con-il-laser-e-se-fosse-tutto-nellorecchio\/#primaryimage"},"image":{"@id":"https:\/\/www.mylasertabac.com\/it\/smettere-di-fumare-naturalmente-con-il-laser-e-se-fosse-tutto-nellorecchio\/#primaryimage"},"thumbnailUrl":"https:\/\/www.mylasertabac.com\/wp-content\/uploads\/2025\/04\/stop.jpeg","datePublished":"2025-04-29T14:19:12+00:00","dateModified":"2025-04-29T14:34:44+00:00","description":"Se vuoi saperne di pi\u00f9 sul nuovo metodo per smettere di fumare con il laser, possiamo parlartene noi. . .","breadcrumb":{"@id":"https:\/\/www.mylasertabac.com\/it\/smettere-di-fumare-naturalmente-con-il-laser-e-se-fosse-tutto-nellorecchio\/#breadcrumb"},"inLanguage":"it-IT","potentialAction":[{"@type":"ReadAction","target":["https:\/\/www.mylasertabac.com\/it\/smettere-di-fumare-naturalmente-con-il-laser-e-se-fosse-tutto-nellorecchio\/"]}]},{"@type":"ImageObject","inLanguage":"it-IT","@id":"https:\/\/www.mylasertabac.com\/it\/smettere-di-fumare-naturalmente-con-il-laser-e-se-fosse-tutto-nellorecchio\/#primaryimage","url":"https:\/\/www.mylasertabac.com\/wp-content\/uploads\/2025\/04\/stop.jpeg","contentUrl":"https:\/\/www.mylasertabac.com\/wp-content\/uploads\/2025\/04\/stop.jpeg","width":1179,"height":779},{"@type":"BreadcrumbList","@id":"https:\/\/www.mylasertabac.com\/it\/smettere-di-fumare-naturalmente-con-il-laser-e-se-fosse-tutto-nellorecchio\/#breadcrumb","itemListElement":[{"@type":"ListItem","position":1,"name":"Accueil","item":"https:\/\/www.mylasertabac.com\/it\/casa\/"},{"@type":"ListItem","position":2,"name":"Smettere di fumare naturalmente con il laser: e se fosse tutto nell&rsquo;orecchio?"}]},{"@type":"WebSite","@id":"https:\/\/www.mylasertabac.com\/it\/#website","url":"https:\/\/www.mylasertabac.com\/it\/","name":"My Laser Tabac","description":"La solution laser qui transforme les fumeurs en ex-fumeurs","publisher":{"@id":"https:\/\/www.mylasertabac.com\/it\/#organization"},"potentialAction":[{"@type":"SearchAction","target":{"@type":"EntryPoint","urlTemplate":"https:\/\/www.mylasertabac.com\/it\/?s={search_term_string}"},"query-input":{"@type":"PropertyValueSpecification","valueRequired":true,"valueName":"search_term_string"}}],"inLanguage":"it-IT"},{"@type":"Organization","@id":"https:\/\/www.mylasertabac.com\/it\/#organization","name":"My Laser Tabac","url":"https:\/\/www.mylasertabac.com\/it\/","logo":{"@type":"ImageObject","inLanguage":"it-IT","@id":"https:\/\/www.mylasertabac.com\/it\/#\/schema\/logo\/image\/","url":"https:\/\/www.mylasertabac.com\/wp-content\/uploads\/2024\/12\/mlt-verteau.svg","contentUrl":"https:\/\/www.mylasertabac.com\/wp-content\/uploads\/2024\/12\/mlt-verteau.svg","caption":"My Laser Tabac"},"image":{"@id":"https:\/\/www.mylasertabac.com\/it\/#\/schema\/logo\/image\/"}},{"@type":"Person","@id":"https:\/\/www.mylasertabac.com\/it\/#\/schema\/person\/02c249cb76d912efb6c315ec23eccdf3","name":"Florian Fortes","image":{"@type":"ImageObject","inLanguage":"it-IT","@id":"https:\/\/www.mylasertabac.com\/wp-content\/litespeed\/avatar\/142101a71d7b9e6490c1120d9c109a67.jpg?ver=1777461116","url":"https:\/\/www.mylasertabac.com\/wp-content\/litespeed\/avatar\/142101a71d7b9e6490c1120d9c109a67.jpg?ver=1777461116","contentUrl":"https:\/\/www.mylasertabac.com\/wp-content\/litespeed\/avatar\/142101a71d7b9e6490c1120d9c109a67.jpg?ver=1777461116","caption":"Florian Fortes"},"sameAs":["https:\/\/www.mylasertabac.com","https:\/\/www.facebook.com\/profile.php?id=61571554707319"],"url":"https:\/\/www.mylasertabac.com\/it\/author\/florianfortes5312\/"}]}},"_links":{"self":[{"href":"https:\/\/www.mylasertabac.com\/it\/wp-json\/wp\/v2\/posts\/7524","targetHints":{"allow":["GET"]}}],"collection":[{"href":"https:\/\/www.mylasertabac.com\/it\/wp-json\/wp\/v2\/posts"}],"about":[{"href":"https:\/\/www.mylasertabac.com\/it\/wp-json\/wp\/v2\/types\/post"}],"author":[{"embeddable":true,"href":"https:\/\/www.mylasertabac.com\/it\/wp-json\/wp\/v2\/users\/2"}],"replies":[{"embeddable":true,"href":"https:\/\/www.mylasertabac.com\/it\/wp-json\/wp\/v2\/comments?post=7524"}],"version-history":[{"count":3,"href":"https:\/\/www.mylasertabac.com\/it\/wp-json\/wp\/v2\/posts\/7524\/revisions"}],"predecessor-version":[{"id":7553,"href":"https:\/\/www.mylasertabac.com\/it\/wp-json\/wp\/v2\/posts\/7524\/revisions\/7553"}],"wp:featuredmedia":[{"embeddable":true,"href":"https:\/\/www.mylasertabac.com\/it\/wp-json\/wp\/v2\/media\/7545"}],"wp:attachment":[{"href":"https:\/\/www.mylasertabac.com\/it\/wp-json\/wp\/v2\/media?parent=7524"}],"wp:term":[{"taxonomy":"category","embeddable":true,"href":"https:\/\/www.mylasertabac.com\/it\/wp-json\/wp\/v2\/categories?post=7524"},{"taxonomy":"post_tag","embeddable":true,"href":"https:\/\/www.mylasertabac.com\/it\/wp-json\/wp\/v2\/tags?post=7524"}],"curies":[{"name":"wp","href":"https:\/\/api.w.org\/{rel}","templated":true}]}}