{"id":9298,"date":"2025-06-06T14:02:23","date_gmt":"2025-06-06T12:02:23","guid":{"rendered":"https:\/\/www.mylasertabac.com\/lavorare-nel-benessere-e-nellassistenza-il-laser-antifumo-una-vocazione-umana-e-gratificante\/"},"modified":"2025-06-06T14:23:18","modified_gmt":"2025-06-06T12:23:18","slug":"lavorare-nel-benessere-e-nellassistenza-il-laser-antifumo-una-vocazione-umana-e-gratificante","status":"publish","type":"post","link":"https:\/\/www.mylasertabac.com\/it\/lavorare-nel-benessere-e-nellassistenza-il-laser-antifumo-una-vocazione-umana-e-gratificante\/","title":{"rendered":"Lavorare nel benessere e nell&#8217;assistenza: il laser antifumo, una vocazione umana e gratificante"},"content":{"rendered":"\n<p><\/p>\n\n<p>E se il tuo lavoro potesse avere un <strong>impatto diretto sulla vita delle persone<\/strong>? Molte persone aspirano a un lavoro che porti <strong>benessere, sostegno e cambiamenti positivi<\/strong> agli altri. Lavorare nel settore dell \u201cassistenza umana \u00e8 una fonte di realizzazione professionale che offre non solo un senso di soddisfazione, ma anche l\u201d opportunit\u00e0 di svolgere un lavoro <strong>utile e gratificante<\/strong>.  <\/p>\n\n<p>Il <strong>laser antifumo<\/strong> \u00e8 un metodo innovativo che aiuta i fumatori a <strong>liberarsi definitivamente dalla loro dipendenza<\/strong>. Come operatore, svolgi un ruolo fondamentale nella loro trasformazione e nel loro benessere. Come operatore, svolgi <strong>un<\/strong> ruolo fondamentale <strong>nella<\/strong> loro trasformazione e nel loro benessere, <strong>aiutando in modo pratico le persone in difficolt\u00e0<\/strong> e beneficiando di una professione accessibile, redditizia e gratificante a livello umano.  <\/p>\n\n<p>Scopriamo perch\u00e9 diventare un operatore <strong>laser antifumo<\/strong> pu\u00f2 essere molto pi\u00f9 di un lavoro: pu\u00f2 essere una <strong>vera e propria vocazione<\/strong>.<\/p>\n\n<div style=\"height:35px\" aria-hidden=\"true\" class=\"wp-block-spacer\"><\/div>\n\n<div class=\"wp-block-buttons alignwide is-content-justification-center is-layout-flex wp-container-core-buttons-is-layout-a89b3969 wp-block-buttons-is-layout-flex\">\n<div class=\"wp-block-button is-style-outline is-style-outline--1\"><a class=\"wp-block-button__link wp-element-button\" href=\"https:\/\/www.mylasertabac.com\/it\/informazioni\/formazione-laser-contro-il-fumo-e-le-dipendenze\/\">Scopri di pi\u00f9 sulla formazione in auricoloterapia laser per il trattamento delle dipendenze &#8230;<\/a><\/div>\n<\/div>\n\n<div style=\"height:35px\" aria-hidden=\"true\" class=\"wp-block-spacer\"><\/div>\n\n<figure class=\"wp-block-image alignleft size-full is-resized\"><img fetchpriority=\"high\" decoding=\"async\" width=\"975\" height=\"982\" src=\"https:\/\/www.mylasertabac.com\/wp-content\/uploads\/2025\/06\/centre.jpeg\" alt=\"\" class=\"wp-image-9265\" style=\"width:349px;height:auto\" srcset=\"https:\/\/www.mylasertabac.com\/wp-content\/uploads\/2025\/06\/centre.jpeg 975w, https:\/\/www.mylasertabac.com\/wp-content\/uploads\/2025\/06\/centre-298x300.jpeg 298w, https:\/\/www.mylasertabac.com\/wp-content\/uploads\/2025\/06\/centre-150x150.jpeg 150w, https:\/\/www.mylasertabac.com\/wp-content\/uploads\/2025\/06\/centre-768x774.jpeg 768w\" sizes=\"(max-width: 975px) 100vw, 975px\" \/><\/figure>\n\n<h2 class=\"wp-block-heading\"><strong>Perch\u00e9 la professione di operatore laser antifumo \u00e8 cos\u00ec gratificante?<\/strong><\/h2>\n\n<h3 class=\"wp-block-heading\"><strong>\ud83d\udc99 Aiutare gli altri in modo pratico<\/strong><\/h3>\n\n<p>Ogni giorno, migliaia di fumatori vogliono <strong>smettere<\/strong>, ma molti falliscono perch\u00e9 non hanno il giusto supporto. In qualit\u00e0 di operatore laser antifumo, fornisci <strong>una soluzione efficace e naturale<\/strong> che permette loro di smettere con le sigarette. <\/p>\n\n<ul class=\"wp-block-list\">\n<li>Dovrai <strong>guidare<\/strong> i pazienti in una <strong>fase di transizione importante della loro vita<\/strong>.<\/li>\n\n\n\n<li>Aiuterai a<strong>migliorare la loro salute<\/strong> e il loro benessere generale.<\/li>\n\n\n\n<li>Aiuterai <strong>intere famiglie<\/strong>, perch\u00e9 un fumatore che smette di fumare ha un impatto positivo su chi lo circonda.<\/li>\n<\/ul>\n\n<div style=\"height:41px\" aria-hidden=\"true\" class=\"wp-block-spacer\"><\/div>\n\n<h3 class=\"wp-block-heading\"><strong>\ud83c\udf1f Porta benessere e salute<\/strong><\/h3>\n\n<div style=\"height:28px\" aria-hidden=\"true\" class=\"wp-block-spacer\"><\/div>\n\n<p>Le sigarette sono una delle <strong>principali cause di malattie<\/strong> prevenibili in tutto il mondo. Smettere di fumare pu\u00f2 <strong>migliorare significativamente la salute<\/strong> dei pazienti: <\/p>\n\n<div style=\"height:28px\" aria-hidden=\"true\" class=\"wp-block-spacer\"><\/div>\n\n<ul class=\"wp-block-list\">\n<li>Riduzione del <strong>rischio cardiovascolare<\/strong> dopo pochi mesi.<\/li>\n\n\n\n<li>Migliora la <strong>capacit\u00e0 respiratoria<\/strong> e riduce i sintomi di affaticamento.<\/li>\n\n\n\n<li>Recupero del <strong>gusto e dell&#8217;olfatto<\/strong> in poche settimane.<\/li>\n\n\n\n<li>Riduzione dello stress e dell&#8217;ansia associati alla dipendenza.<\/li>\n<\/ul>\n\n<div style=\"height:28px\" aria-hidden=\"true\" class=\"wp-block-spacer\"><\/div>\n\n<p>Come operatore, non sei l\u00ec solo per applicare un metodo, ma anche per <strong>ascoltare, consigliare e sostenere<\/strong> ogni persona in questa trasformazione della vita.<\/p>\n\n<div style=\"height:28px\" aria-hidden=\"true\" class=\"wp-block-spacer\"><\/div>\n\n<h3 class=\"wp-block-heading\"><strong>\ud83d\udc4f Feedback immediato e gratificante dei clienti<\/strong><\/h3>\n\n<div style=\"height:28px\" aria-hidden=\"true\" class=\"wp-block-spacer\"><\/div>\n\n<p>Non c&#8217;\u00e8 niente di pi\u00f9 gratificante che vedere <strong>un paziente uscire dal tuo studio senza tabacco<\/strong> dopo una sola seduta. Molti pazienti testimoniano la loro <strong>immensa gratitudine<\/strong> nei confronti del loro medico. <\/p>\n\n<p>I messaggi di ringraziamento e le raccomandazioni arrivano spesso dopo le prime settimane di abbandono. <strong>Diventi un attore chiave del loro successo<\/strong>, una guida nella loro lotta contro la dipendenza. \u00c8 questo forte legame umano che rende questo lavoro cos\u00ec speciale. <\/p>\n\n<div style=\"height:28px\" aria-hidden=\"true\" class=\"wp-block-spacer\"><\/div>\n\n<h3 class=\"wp-block-heading\"><strong>Una professione aperta a tutti<\/strong><\/h3>\n\n<div style=\"height:28px\" aria-hidden=\"true\" class=\"wp-block-spacer\"><\/div>\n\n<h3 class=\"wp-block-heading\"><strong>\u2705 Non \u00e8 necessario essere un medico o un terapeuta<\/strong><\/h3>\n\n<div style=\"height:28px\" aria-hidden=\"true\" class=\"wp-block-spacer\"><\/div>\n\n<p>A differenza di altre professioni del benessere che richiedono <strong>anni di studio<\/strong>, il trattamento laser antifumo \u00e8 una tecnica <strong>accessibile a tutti<\/strong>. Non \u00e8 necessario essere un professionista della salute per praticarla. La formazione \u00e8 <strong>chiara, veloce ed efficace<\/strong> e ti rende operativo in pochi giorni.  <\/p>\n\n<div style=\"height:44px\" aria-hidden=\"true\" class=\"wp-block-spacer\"><\/div>\n\n<figure class=\"wp-block-image alignright size-full is-resized\"><img decoding=\"async\" width=\"962\" height=\"963\" src=\"https:\/\/www.mylasertabac.com\/wp-content\/uploads\/2025\/06\/franchise-laser-anti-tabac-.jpeg\" alt=\"\" class=\"wp-image-9281\" style=\"width:381px;height:auto\" srcset=\"https:\/\/www.mylasertabac.com\/wp-content\/uploads\/2025\/06\/franchise-laser-anti-tabac-.jpeg 962w, https:\/\/www.mylasertabac.com\/wp-content\/uploads\/2025\/06\/franchise-laser-anti-tabac--300x300.jpeg 300w, https:\/\/www.mylasertabac.com\/wp-content\/uploads\/2025\/06\/franchise-laser-anti-tabac--150x150.jpeg 150w, https:\/\/www.mylasertabac.com\/wp-content\/uploads\/2025\/06\/franchise-laser-anti-tabac--768x769.jpeg 768w\" sizes=\"(max-width: 962px) 100vw, 962px\" \/><\/figure>\n\n<h3 class=\"wp-block-heading\"><strong>\ud83d\udcc8 Un&#8217;opportunit\u00e0 di carriera in crescita<\/strong><\/h3>\n\n<p>Con l&#8217;aumento dei prezzi delle sigarette, le campagne antifumo e la crescente consapevolezza dei fumatori, la domanda di <strong>laser antifumo sta esplodendo<\/strong>. <strong>I pazienti sono alla ricerca di soluzioni naturali e durature<\/strong> e il laser \u00e8 la risposta perfetta.<\/p>\n\n<p>Il<a href=\"https:\/\/www.mylasertabac.com\/it\/informazioni\/formazione-laser-contro-il-fumo-e-le-dipendenze\/\"> corso di formazione laser contro il fumo<\/a> e le dipendenze ti permette di :<\/p>\n\n<ul class=\"wp-block-list\">\n<li><strong>Crea il tuo centro benessere<\/strong> e offri i tuoi servizi.<\/li>\n\n\n\n<li><strong>Lavorare in collaborazione con gli operatori sanitari<\/strong>.<\/li>\n\n\n\n<li><strong>Espandi la tua attivit\u00e0 in tutta la Francia<\/strong> grazie alla forte domanda.<\/li>\n<\/ul>\n\n<div style=\"height:42px\" aria-hidden=\"true\" class=\"wp-block-spacer\"><\/div>\n\n<h3 class=\"wp-block-heading\"><strong>\ud83c\udf93 Formazione chiavi in mano per un rapido successo<\/strong><\/h3>\n\n<div style=\"height:28px\" aria-hidden=\"true\" class=\"wp-block-spacer\"><\/div>\n\n<p>Con <strong><a href=\"https:\/\/www.mylasertabac.com\/it\/\">MyLaserTabac<\/a><\/strong>puoi beneficiare di un pacchetto di formazione completo che comprende :<\/p>\n\n<ol start=\"1\" class=\"wp-block-list\">\n<li><strong>Due giorni di formazione intensiva faccia a faccia<\/strong> per imparare le tecniche e la stimolazione laser.<\/li>\n\n\n\n<li><strong>Una giornata di immersione in<\/strong> un centro specializzato per osservare e fare pratica.<\/li>\n\n\n\n<li><strong>Assistenza<\/strong> post-formazione <strong>in videoconferenza<\/strong> per aiutarti a perfezionare la tua pratica.<\/li>\n\n\n\n<li><strong>Sei mesi di assistenza continua<\/strong> per garantire un avvio ottimale.<\/li>\n<\/ol>\n\n<div style=\"height:32px\" aria-hidden=\"true\" class=\"wp-block-spacer\"><\/div>\n\n<p class=\"has-cyan-bluish-gray-background-color has-background\">Leggi anche : <a href=\"https:\/\/www.mylasertabac.com\/it\/informazioni\/formazione-laser-contro-il-fumo-e-le-dipendenze\/\"><mark style=\"background-color:rgba(0, 0, 0, 0)\" class=\"has-inline-color has-luminous-vivid-orange-color\">Scopri il metodo MyLaserTabac e diventa un operatore di riflessologia auricolare laser<\/mark><\/a><\/p>\n\n<div style=\"height:33px\" aria-hidden=\"true\" class=\"wp-block-spacer\"><\/div>\n\n<h2 class=\"wp-block-heading\"><strong>Realizzazione personale attraverso questa professione<\/strong><\/h2>\n\n<div style=\"height:28px\" aria-hidden=\"true\" class=\"wp-block-spacer\"><\/div>\n\n<h3 class=\"wp-block-heading\"><strong>\ud83d\udd04 Cambiare la propria vita cambiando quella degli altri<\/strong><\/h3>\n\n<div style=\"height:28px\" aria-hidden=\"true\" class=\"wp-block-spacer\"><\/div>\n\n<p>Lavorare in una <strong>professione umana<\/strong> trasforma anche il professionista. Proverai <strong>un immenso orgoglio nel<\/strong> vedere i tuoi pazienti migliorare e ritrovare una migliore qualit\u00e0 di vita. Ogni seduta sar\u00e0 una <strong>vittoria<\/strong> condivisa con loro, che rafforzer\u00e0 la tua motivazione e il tuo impegno in questa professione.  <\/p>\n\n<div style=\"height:28px\" aria-hidden=\"true\" class=\"wp-block-spacer\"><\/div>\n\n<h3 class=\"wp-block-heading\"><strong>\ud83e\udd1d Creare un forte legame con i pazienti<\/strong><\/h3>\n\n<div style=\"height:28px\" aria-hidden=\"true\" class=\"wp-block-spacer\"><\/div>\n\n<p>Il supporto alla disassuefazione dal fumo \u00e8 molto pi\u00f9 di una semplice seduta laser. <strong>Diventi un vero e proprio sostegno<\/strong> per i tuoi pazienti, guidandoli in un cambiamento profondo. Questo legame di fiducia \u00e8 fonte di soddisfazione personale e professionale. <\/p>\n\n<div style=\"height:28px\" aria-hidden=\"true\" class=\"wp-block-spacer\"><\/div>\n\n<h3 class=\"wp-block-heading\"><strong>\ud83c\udfc6 Sviluppa i tuoi ritmi e gestisci la tua attivit\u00e0 come desideri<\/strong><\/h3>\n\n<div style=\"height:28px\" aria-hidden=\"true\" class=\"wp-block-spacer\"><\/div>\n\n<p>Diventare un operatore laser antifumo offre una <strong>flessibilit\u00e0 totale<\/strong>:<\/p>\n\n<div style=\"height:28px\" aria-hidden=\"true\" class=\"wp-block-spacer\"><\/div>\n\n<ul class=\"wp-block-list\">\n<li>Sei tu a scegliere <strong>gli orari<\/strong> e i ritmi di <strong>lavoro<\/strong>.<\/li>\n\n\n\n<li>Puoi lavorare <strong>in uno studio<\/strong>.<\/li>\n\n\n\n<li>Sei il <strong>capo di te stesso<\/strong>, il che ti d\u00e0 una libert\u00e0 senza pari.<\/li>\n<\/ul>\n\n<div style=\"height:28px\" aria-hidden=\"true\" class=\"wp-block-spacer\"><\/div>\n\n<h3 class=\"wp-block-heading\"><strong>Testimonianze di medici e pazienti<\/strong><\/h3>\n\n<div style=\"height:28px\" aria-hidden=\"true\" class=\"wp-block-spacer\"><\/div>\n\n<p><strong>\ud83d\udce2 Testimonianza di Julien, un ex dipendente che \u00e8 stato riqualificato<\/strong><\/p>\n\n<div style=\"height:28px\" aria-hidden=\"true\" class=\"wp-block-spacer\"><\/div>\n\n<p>\u201cHo lavorato per 10 anni in un lavoro che non mi affascinava pi\u00f9. Avevo bisogno di un cambiamento, ma non volevo tornare a studiare a lungo. Quando ho scoperto il corso di formazione MyLaserTabac, ho fatto il grande passo. Oggi mi sento finalmente <strong>utile e realizzato<\/strong>. Vedere i miei pazienti uscire dal mio studio senza sigarette \u00e8 una soddisfazione immensa\u201d.    <\/p>\n\n<div style=\"height:38px\" aria-hidden=\"true\" class=\"wp-block-spacer\"><\/div>\n\n<figure class=\"wp-block-image alignright size-full is-resized\"><img decoding=\"async\" width=\"1024\" height=\"1024\" src=\"https:\/\/www.mylasertabac.com\/wp-content\/uploads\/2025\/06\/d.png\" alt=\"\" class=\"wp-image-9273\" style=\"width:394px;height:auto\" srcset=\"https:\/\/www.mylasertabac.com\/wp-content\/uploads\/2025\/06\/d.png 1024w, https:\/\/www.mylasertabac.com\/wp-content\/uploads\/2025\/06\/d-300x300.png 300w, https:\/\/www.mylasertabac.com\/wp-content\/uploads\/2025\/06\/d-150x150.png 150w, https:\/\/www.mylasertabac.com\/wp-content\/uploads\/2025\/06\/d-768x768.png 768w\" sizes=\"(max-width: 1024px) 100vw, 1024px\" \/><\/figure>\n\n<p><strong>\ud83d\udcac Opinioni dei pazienti che hanno smesso con successo<\/strong><\/p>\n\n<p>\u201cFumavo da 15 anni e avevo provato di tutto: cerotti, ipnosi, farmaci&#8230; senza successo. Dopo una sola seduta di laser, il mio desiderio di fumare \u00e8 scomparso. Vorrei ringraziare il mio medico per la sua attenzione e il suo supporto!\u201d.<\/p>\n\n<div style=\"height:46px\" aria-hidden=\"true\" class=\"wp-block-spacer\"><\/div>\n\n<h2 class=\"wp-block-heading\"><strong>Conclusione<\/strong><\/h2>\n\n<div style=\"height:28px\" aria-hidden=\"true\" class=\"wp-block-spacer\"><\/div>\n\n<p>Essere <strong>un operatore laser antifumo<\/strong> \u00e8 molto pi\u00f9 di un semplice lavoro. \u00c8 una <strong>vocazione<\/strong> che ci permette di aiutare concretamente le persone a liberarsi dal tabacco, offrendo loro una soddisfazione personale senza pari. <\/p>\n\n<p>Accessibile, umana e in forte espansione, questa professione offre incredibili prospettive a chi vuole svolgere un lavoro <strong>utile, gratificante e redditizio<\/strong>.<\/p>\n\n<p>Vuoi dare un <strong>nuovo significato alla tua carriera<\/strong> e realizzarti in una professione incentrata sul benessere?<\/p>\n\n<div style=\"height:28px\" aria-hidden=\"true\" class=\"wp-block-spacer\"><\/div>\n\n<p>\ud83d\ude80 <strong>Iscriviti a MyLaserTabac e diventa un agente del cambiamento oggi stesso!<\/strong><\/p>\n\n<div style=\"height:45px\" aria-hidden=\"true\" class=\"wp-block-spacer\"><\/div>\n\n<figure class=\"wp-block-image size-large\"><img decoding=\"async\" src=\"https:\/\/www.mylasertabac.com\/wp-content\/uploads\/\/mlt-verteau.svg\" alt=\"\" class=\"wp-image-13\"\/><\/figure>\n","protected":false},"excerpt":{"rendered":"<p>E se il tuo lavoro potesse avere un impatto diretto sulla vita delle persone? Molte persone aspirano a un lavoro che porti benessere, sostegno e cambiamenti positivi agli altri. Lavorare nel settore dell \u201cassistenza umana \u00e8 una fonte di realizzazione professionale che offre non solo un senso di soddisfazione, ma anche l\u201d opportunit\u00e0 di svolgere [&hellip;]<\/p>\n","protected":false},"author":2,"featured_media":9286,"comment_status":"closed","ping_status":"open","sticky":false,"template":"","format":"standard","meta":{"inline_featured_image":false,"footnotes":""},"categories":[591],"tags":[],"class_list":["post-9298","post","type-post","status-publish","format-standard","has-post-thumbnail","hentry","category-attivita-commerciale"],"yoast_head":"<!-- This site is optimized with the Yoast SEO plugin v27.4 - https:\/\/yoast.com\/product\/yoast-seo-wordpress\/ -->\n<title>Lavorare nel benessere e nell&#039;assistenza: il laser antifumo, una vocazione umana e gratificante - My Laser Tabac<\/title>\n<meta name=\"description\" content=\"Vuoi avviare un&#039;attivit\u00e0 nuova e in forte espansione. MylaserTabac lancia il suo franchising nel campo del benessere e delle dipendenze.\" \/>\n<meta name=\"robots\" content=\"index, follow, max-snippet:-1, max-image-preview:large, max-video-preview:-1\" \/>\n<link rel=\"canonical\" href=\"https:\/\/www.mylasertabac.com\/it\/lavorare-nel-benessere-e-nellassistenza-il-laser-antifumo-una-vocazione-umana-e-gratificante\/\" \/>\n<meta property=\"og:locale\" content=\"it_IT\" \/>\n<meta property=\"og:type\" content=\"article\" \/>\n<meta property=\"og:title\" content=\"Lavorare nel benessere e nell&#039;assistenza: il laser antifumo, una vocazione umana e gratificante - My Laser Tabac\" \/>\n<meta property=\"og:description\" content=\"Vuoi avviare un&#039;attivit\u00e0 nuova e in forte espansione. MylaserTabac lancia il suo franchising nel campo del benessere e delle dipendenze.\" \/>\n<meta property=\"og:url\" content=\"https:\/\/www.mylasertabac.com\/it\/lavorare-nel-benessere-e-nellassistenza-il-laser-antifumo-una-vocazione-umana-e-gratificante\/\" \/>\n<meta property=\"og:site_name\" content=\"My Laser Tabac\" \/>\n<meta property=\"article:author\" content=\"https:\/\/www.facebook.com\/profile.php?id=61571554707319\" \/>\n<meta property=\"article:published_time\" content=\"2025-06-06T12:02:23+00:00\" \/>\n<meta property=\"article:modified_time\" content=\"2025-06-06T12:23:18+00:00\" \/>\n<meta property=\"og:image\" content=\"https:\/\/www.mylasertabac.com\/wp-content\/uploads\/2025\/06\/franchise-laser-anti-tabac-.jpeg\" \/>\n\t<meta property=\"og:image:width\" content=\"962\" \/>\n\t<meta property=\"og:image:height\" content=\"963\" \/>\n\t<meta property=\"og:image:type\" content=\"image\/jpeg\" \/>\n<meta name=\"author\" content=\"Florian Fortes\" \/>\n<meta name=\"twitter:card\" content=\"summary_large_image\" \/>\n<meta name=\"twitter:label1\" content=\"Scritto da\" \/>\n\t<meta name=\"twitter:data1\" content=\"Florian Fortes\" \/>\n\t<meta name=\"twitter:label2\" content=\"Tempo di lettura stimato\" \/>\n\t<meta name=\"twitter:data2\" content=\"5 minuti\" \/>\n<script type=\"application\/ld+json\" class=\"yoast-schema-graph\">{\"@context\":\"https:\\\/\\\/schema.org\",\"@graph\":[{\"@type\":\"Article\",\"@id\":\"https:\\\/\\\/www.mylasertabac.com\\\/it\\\/lavorare-nel-benessere-e-nellassistenza-il-laser-antifumo-una-vocazione-umana-e-gratificante\\\/#article\",\"isPartOf\":{\"@id\":\"https:\\\/\\\/www.mylasertabac.com\\\/it\\\/lavorare-nel-benessere-e-nellassistenza-il-laser-antifumo-una-vocazione-umana-e-gratificante\\\/\"},\"author\":{\"name\":\"Florian Fortes\",\"@id\":\"https:\\\/\\\/www.mylasertabac.com\\\/it\\\/#\\\/schema\\\/person\\\/02c249cb76d912efb6c315ec23eccdf3\"},\"headline\":\"Lavorare nel benessere e nell&#8217;assistenza: il laser antifumo, una vocazione umana e gratificante\",\"datePublished\":\"2025-06-06T12:02:23+00:00\",\"dateModified\":\"2025-06-06T12:23:18+00:00\",\"mainEntityOfPage\":{\"@id\":\"https:\\\/\\\/www.mylasertabac.com\\\/it\\\/lavorare-nel-benessere-e-nellassistenza-il-laser-antifumo-una-vocazione-umana-e-gratificante\\\/\"},\"wordCount\":1007,\"publisher\":{\"@id\":\"https:\\\/\\\/www.mylasertabac.com\\\/it\\\/#organization\"},\"image\":{\"@id\":\"https:\\\/\\\/www.mylasertabac.com\\\/it\\\/lavorare-nel-benessere-e-nellassistenza-il-laser-antifumo-una-vocazione-umana-e-gratificante\\\/#primaryimage\"},\"thumbnailUrl\":\"https:\\\/\\\/www.mylasertabac.com\\\/wp-content\\\/uploads\\\/2025\\\/06\\\/franchise-laser-anti-tabac-.jpeg\",\"articleSection\":[\"attivit\u00e0 commerciale\"],\"inLanguage\":\"it-IT\"},{\"@type\":\"WebPage\",\"@id\":\"https:\\\/\\\/www.mylasertabac.com\\\/it\\\/lavorare-nel-benessere-e-nellassistenza-il-laser-antifumo-una-vocazione-umana-e-gratificante\\\/\",\"url\":\"https:\\\/\\\/www.mylasertabac.com\\\/it\\\/lavorare-nel-benessere-e-nellassistenza-il-laser-antifumo-una-vocazione-umana-e-gratificante\\\/\",\"name\":\"Lavorare nel benessere e nell'assistenza: il laser antifumo, una vocazione umana e gratificante - My Laser Tabac\",\"isPartOf\":{\"@id\":\"https:\\\/\\\/www.mylasertabac.com\\\/it\\\/#website\"},\"primaryImageOfPage\":{\"@id\":\"https:\\\/\\\/www.mylasertabac.com\\\/it\\\/lavorare-nel-benessere-e-nellassistenza-il-laser-antifumo-una-vocazione-umana-e-gratificante\\\/#primaryimage\"},\"image\":{\"@id\":\"https:\\\/\\\/www.mylasertabac.com\\\/it\\\/lavorare-nel-benessere-e-nellassistenza-il-laser-antifumo-una-vocazione-umana-e-gratificante\\\/#primaryimage\"},\"thumbnailUrl\":\"https:\\\/\\\/www.mylasertabac.com\\\/wp-content\\\/uploads\\\/2025\\\/06\\\/franchise-laser-anti-tabac-.jpeg\",\"datePublished\":\"2025-06-06T12:02:23+00:00\",\"dateModified\":\"2025-06-06T12:23:18+00:00\",\"description\":\"Vuoi avviare un'attivit\u00e0 nuova e in forte espansione. MylaserTabac lancia il suo franchising nel campo del benessere e delle dipendenze.\",\"breadcrumb\":{\"@id\":\"https:\\\/\\\/www.mylasertabac.com\\\/it\\\/lavorare-nel-benessere-e-nellassistenza-il-laser-antifumo-una-vocazione-umana-e-gratificante\\\/#breadcrumb\"},\"inLanguage\":\"it-IT\",\"potentialAction\":[{\"@type\":\"ReadAction\",\"target\":[\"https:\\\/\\\/www.mylasertabac.com\\\/it\\\/lavorare-nel-benessere-e-nellassistenza-il-laser-antifumo-una-vocazione-umana-e-gratificante\\\/\"]}]},{\"@type\":\"ImageObject\",\"inLanguage\":\"it-IT\",\"@id\":\"https:\\\/\\\/www.mylasertabac.com\\\/it\\\/lavorare-nel-benessere-e-nellassistenza-il-laser-antifumo-una-vocazione-umana-e-gratificante\\\/#primaryimage\",\"url\":\"https:\\\/\\\/www.mylasertabac.com\\\/wp-content\\\/uploads\\\/2025\\\/06\\\/franchise-laser-anti-tabac-.jpeg\",\"contentUrl\":\"https:\\\/\\\/www.mylasertabac.com\\\/wp-content\\\/uploads\\\/2025\\\/06\\\/franchise-laser-anti-tabac-.jpeg\",\"width\":962,\"height\":963},{\"@type\":\"BreadcrumbList\",\"@id\":\"https:\\\/\\\/www.mylasertabac.com\\\/it\\\/lavorare-nel-benessere-e-nellassistenza-il-laser-antifumo-una-vocazione-umana-e-gratificante\\\/#breadcrumb\",\"itemListElement\":[{\"@type\":\"ListItem\",\"position\":1,\"name\":\"Accueil\",\"item\":\"https:\\\/\\\/www.mylasertabac.com\\\/it\\\/casa\\\/\"},{\"@type\":\"ListItem\",\"position\":2,\"name\":\"Lavorare nel benessere e nell&#8217;assistenza: il laser antifumo, una vocazione umana e gratificante\"}]},{\"@type\":\"WebSite\",\"@id\":\"https:\\\/\\\/www.mylasertabac.com\\\/it\\\/#website\",\"url\":\"https:\\\/\\\/www.mylasertabac.com\\\/it\\\/\",\"name\":\"My Laser Tabac\",\"description\":\"La solution laser qui transforme les fumeurs en ex-fumeurs\",\"publisher\":{\"@id\":\"https:\\\/\\\/www.mylasertabac.com\\\/it\\\/#organization\"},\"potentialAction\":[{\"@type\":\"SearchAction\",\"target\":{\"@type\":\"EntryPoint\",\"urlTemplate\":\"https:\\\/\\\/www.mylasertabac.com\\\/it\\\/?s={search_term_string}\"},\"query-input\":{\"@type\":\"PropertyValueSpecification\",\"valueRequired\":true,\"valueName\":\"search_term_string\"}}],\"inLanguage\":\"it-IT\"},{\"@type\":\"Organization\",\"@id\":\"https:\\\/\\\/www.mylasertabac.com\\\/it\\\/#organization\",\"name\":\"My Laser Tabac\",\"url\":\"https:\\\/\\\/www.mylasertabac.com\\\/it\\\/\",\"logo\":{\"@type\":\"ImageObject\",\"inLanguage\":\"it-IT\",\"@id\":\"https:\\\/\\\/www.mylasertabac.com\\\/it\\\/#\\\/schema\\\/logo\\\/image\\\/\",\"url\":\"https:\\\/\\\/www.mylasertabac.com\\\/wp-content\\\/uploads\\\/2024\\\/12\\\/mlt-verteau.svg\",\"contentUrl\":\"https:\\\/\\\/www.mylasertabac.com\\\/wp-content\\\/uploads\\\/2024\\\/12\\\/mlt-verteau.svg\",\"caption\":\"My Laser Tabac\"},\"image\":{\"@id\":\"https:\\\/\\\/www.mylasertabac.com\\\/it\\\/#\\\/schema\\\/logo\\\/image\\\/\"}},{\"@type\":\"Person\",\"@id\":\"https:\\\/\\\/www.mylasertabac.com\\\/it\\\/#\\\/schema\\\/person\\\/02c249cb76d912efb6c315ec23eccdf3\",\"name\":\"Florian Fortes\",\"image\":{\"@type\":\"ImageObject\",\"inLanguage\":\"it-IT\",\"@id\":\"https:\\\/\\\/www.mylasertabac.com\\\/wp-content\\\/litespeed\\\/avatar\\\/142101a71d7b9e6490c1120d9c109a67.jpg?ver=1776856306\",\"url\":\"https:\\\/\\\/www.mylasertabac.com\\\/wp-content\\\/litespeed\\\/avatar\\\/142101a71d7b9e6490c1120d9c109a67.jpg?ver=1776856306\",\"contentUrl\":\"https:\\\/\\\/www.mylasertabac.com\\\/wp-content\\\/litespeed\\\/avatar\\\/142101a71d7b9e6490c1120d9c109a67.jpg?ver=1776856306\",\"caption\":\"Florian Fortes\"},\"sameAs\":[\"https:\\\/\\\/www.mylasertabac.com\",\"https:\\\/\\\/www.facebook.com\\\/profile.php?id=61571554707319\"],\"url\":\"https:\\\/\\\/www.mylasertabac.com\\\/it\\\/author\\\/florianfortes5312\\\/\"}]}<\/script>\n<!-- \/ Yoast SEO plugin. -->","yoast_head_json":{"title":"Lavorare nel benessere e nell'assistenza: il laser antifumo, una vocazione umana e gratificante - My Laser Tabac","description":"Vuoi avviare un'attivit\u00e0 nuova e in forte espansione. MylaserTabac lancia il suo franchising nel campo del benessere e delle dipendenze.","robots":{"index":"index","follow":"follow","max-snippet":"max-snippet:-1","max-image-preview":"max-image-preview:large","max-video-preview":"max-video-preview:-1"},"canonical":"https:\/\/www.mylasertabac.com\/it\/lavorare-nel-benessere-e-nellassistenza-il-laser-antifumo-una-vocazione-umana-e-gratificante\/","og_locale":"it_IT","og_type":"article","og_title":"Lavorare nel benessere e nell'assistenza: il laser antifumo, una vocazione umana e gratificante - My Laser Tabac","og_description":"Vuoi avviare un'attivit\u00e0 nuova e in forte espansione. MylaserTabac lancia il suo franchising nel campo del benessere e delle dipendenze.","og_url":"https:\/\/www.mylasertabac.com\/it\/lavorare-nel-benessere-e-nellassistenza-il-laser-antifumo-una-vocazione-umana-e-gratificante\/","og_site_name":"My Laser Tabac","article_author":"https:\/\/www.facebook.com\/profile.php?id=61571554707319","article_published_time":"2025-06-06T12:02:23+00:00","article_modified_time":"2025-06-06T12:23:18+00:00","og_image":[{"width":962,"height":963,"url":"https:\/\/www.mylasertabac.com\/wp-content\/uploads\/2025\/06\/franchise-laser-anti-tabac-.jpeg","type":"image\/jpeg"}],"author":"Florian Fortes","twitter_card":"summary_large_image","twitter_misc":{"Scritto da":"Florian Fortes","Tempo di lettura stimato":"5 minuti"},"schema":{"@context":"https:\/\/schema.org","@graph":[{"@type":"Article","@id":"https:\/\/www.mylasertabac.com\/it\/lavorare-nel-benessere-e-nellassistenza-il-laser-antifumo-una-vocazione-umana-e-gratificante\/#article","isPartOf":{"@id":"https:\/\/www.mylasertabac.com\/it\/lavorare-nel-benessere-e-nellassistenza-il-laser-antifumo-una-vocazione-umana-e-gratificante\/"},"author":{"name":"Florian Fortes","@id":"https:\/\/www.mylasertabac.com\/it\/#\/schema\/person\/02c249cb76d912efb6c315ec23eccdf3"},"headline":"Lavorare nel benessere e nell&#8217;assistenza: il laser antifumo, una vocazione umana e gratificante","datePublished":"2025-06-06T12:02:23+00:00","dateModified":"2025-06-06T12:23:18+00:00","mainEntityOfPage":{"@id":"https:\/\/www.mylasertabac.com\/it\/lavorare-nel-benessere-e-nellassistenza-il-laser-antifumo-una-vocazione-umana-e-gratificante\/"},"wordCount":1007,"publisher":{"@id":"https:\/\/www.mylasertabac.com\/it\/#organization"},"image":{"@id":"https:\/\/www.mylasertabac.com\/it\/lavorare-nel-benessere-e-nellassistenza-il-laser-antifumo-una-vocazione-umana-e-gratificante\/#primaryimage"},"thumbnailUrl":"https:\/\/www.mylasertabac.com\/wp-content\/uploads\/2025\/06\/franchise-laser-anti-tabac-.jpeg","articleSection":["attivit\u00e0 commerciale"],"inLanguage":"it-IT"},{"@type":"WebPage","@id":"https:\/\/www.mylasertabac.com\/it\/lavorare-nel-benessere-e-nellassistenza-il-laser-antifumo-una-vocazione-umana-e-gratificante\/","url":"https:\/\/www.mylasertabac.com\/it\/lavorare-nel-benessere-e-nellassistenza-il-laser-antifumo-una-vocazione-umana-e-gratificante\/","name":"Lavorare nel benessere e nell'assistenza: il laser antifumo, una vocazione umana e gratificante - My Laser Tabac","isPartOf":{"@id":"https:\/\/www.mylasertabac.com\/it\/#website"},"primaryImageOfPage":{"@id":"https:\/\/www.mylasertabac.com\/it\/lavorare-nel-benessere-e-nellassistenza-il-laser-antifumo-una-vocazione-umana-e-gratificante\/#primaryimage"},"image":{"@id":"https:\/\/www.mylasertabac.com\/it\/lavorare-nel-benessere-e-nellassistenza-il-laser-antifumo-una-vocazione-umana-e-gratificante\/#primaryimage"},"thumbnailUrl":"https:\/\/www.mylasertabac.com\/wp-content\/uploads\/2025\/06\/franchise-laser-anti-tabac-.jpeg","datePublished":"2025-06-06T12:02:23+00:00","dateModified":"2025-06-06T12:23:18+00:00","description":"Vuoi avviare un'attivit\u00e0 nuova e in forte espansione. MylaserTabac lancia il suo franchising nel campo del benessere e delle dipendenze.","breadcrumb":{"@id":"https:\/\/www.mylasertabac.com\/it\/lavorare-nel-benessere-e-nellassistenza-il-laser-antifumo-una-vocazione-umana-e-gratificante\/#breadcrumb"},"inLanguage":"it-IT","potentialAction":[{"@type":"ReadAction","target":["https:\/\/www.mylasertabac.com\/it\/lavorare-nel-benessere-e-nellassistenza-il-laser-antifumo-una-vocazione-umana-e-gratificante\/"]}]},{"@type":"ImageObject","inLanguage":"it-IT","@id":"https:\/\/www.mylasertabac.com\/it\/lavorare-nel-benessere-e-nellassistenza-il-laser-antifumo-una-vocazione-umana-e-gratificante\/#primaryimage","url":"https:\/\/www.mylasertabac.com\/wp-content\/uploads\/2025\/06\/franchise-laser-anti-tabac-.jpeg","contentUrl":"https:\/\/www.mylasertabac.com\/wp-content\/uploads\/2025\/06\/franchise-laser-anti-tabac-.jpeg","width":962,"height":963},{"@type":"BreadcrumbList","@id":"https:\/\/www.mylasertabac.com\/it\/lavorare-nel-benessere-e-nellassistenza-il-laser-antifumo-una-vocazione-umana-e-gratificante\/#breadcrumb","itemListElement":[{"@type":"ListItem","position":1,"name":"Accueil","item":"https:\/\/www.mylasertabac.com\/it\/casa\/"},{"@type":"ListItem","position":2,"name":"Lavorare nel benessere e nell&#8217;assistenza: il laser antifumo, una vocazione umana e gratificante"}]},{"@type":"WebSite","@id":"https:\/\/www.mylasertabac.com\/it\/#website","url":"https:\/\/www.mylasertabac.com\/it\/","name":"My Laser Tabac","description":"La solution laser qui transforme les fumeurs en ex-fumeurs","publisher":{"@id":"https:\/\/www.mylasertabac.com\/it\/#organization"},"potentialAction":[{"@type":"SearchAction","target":{"@type":"EntryPoint","urlTemplate":"https:\/\/www.mylasertabac.com\/it\/?s={search_term_string}"},"query-input":{"@type":"PropertyValueSpecification","valueRequired":true,"valueName":"search_term_string"}}],"inLanguage":"it-IT"},{"@type":"Organization","@id":"https:\/\/www.mylasertabac.com\/it\/#organization","name":"My Laser Tabac","url":"https:\/\/www.mylasertabac.com\/it\/","logo":{"@type":"ImageObject","inLanguage":"it-IT","@id":"https:\/\/www.mylasertabac.com\/it\/#\/schema\/logo\/image\/","url":"https:\/\/www.mylasertabac.com\/wp-content\/uploads\/2024\/12\/mlt-verteau.svg","contentUrl":"https:\/\/www.mylasertabac.com\/wp-content\/uploads\/2024\/12\/mlt-verteau.svg","caption":"My Laser Tabac"},"image":{"@id":"https:\/\/www.mylasertabac.com\/it\/#\/schema\/logo\/image\/"}},{"@type":"Person","@id":"https:\/\/www.mylasertabac.com\/it\/#\/schema\/person\/02c249cb76d912efb6c315ec23eccdf3","name":"Florian Fortes","image":{"@type":"ImageObject","inLanguage":"it-IT","@id":"https:\/\/www.mylasertabac.com\/wp-content\/litespeed\/avatar\/142101a71d7b9e6490c1120d9c109a67.jpg?ver=1776856306","url":"https:\/\/www.mylasertabac.com\/wp-content\/litespeed\/avatar\/142101a71d7b9e6490c1120d9c109a67.jpg?ver=1776856306","contentUrl":"https:\/\/www.mylasertabac.com\/wp-content\/litespeed\/avatar\/142101a71d7b9e6490c1120d9c109a67.jpg?ver=1776856306","caption":"Florian Fortes"},"sameAs":["https:\/\/www.mylasertabac.com","https:\/\/www.facebook.com\/profile.php?id=61571554707319"],"url":"https:\/\/www.mylasertabac.com\/it\/author\/florianfortes5312\/"}]}},"_links":{"self":[{"href":"https:\/\/www.mylasertabac.com\/it\/wp-json\/wp\/v2\/posts\/9298","targetHints":{"allow":["GET"]}}],"collection":[{"href":"https:\/\/www.mylasertabac.com\/it\/wp-json\/wp\/v2\/posts"}],"about":[{"href":"https:\/\/www.mylasertabac.com\/it\/wp-json\/wp\/v2\/types\/post"}],"author":[{"embeddable":true,"href":"https:\/\/www.mylasertabac.com\/it\/wp-json\/wp\/v2\/users\/2"}],"replies":[{"embeddable":true,"href":"https:\/\/www.mylasertabac.com\/it\/wp-json\/wp\/v2\/comments?post=9298"}],"version-history":[{"count":3,"href":"https:\/\/www.mylasertabac.com\/it\/wp-json\/wp\/v2\/posts\/9298\/revisions"}],"predecessor-version":[{"id":9314,"href":"https:\/\/www.mylasertabac.com\/it\/wp-json\/wp\/v2\/posts\/9298\/revisions\/9314"}],"wp:featuredmedia":[{"embeddable":true,"href":"https:\/\/www.mylasertabac.com\/it\/wp-json\/wp\/v2\/media\/9286"}],"wp:attachment":[{"href":"https:\/\/www.mylasertabac.com\/it\/wp-json\/wp\/v2\/media?parent=9298"}],"wp:term":[{"taxonomy":"category","embeddable":true,"href":"https:\/\/www.mylasertabac.com\/it\/wp-json\/wp\/v2\/categories?post=9298"},{"taxonomy":"post_tag","embeddable":true,"href":"https:\/\/www.mylasertabac.com\/it\/wp-json\/wp\/v2\/tags?post=9298"}],"curies":[{"name":"wp","href":"https:\/\/api.w.org\/{rel}","templated":true}]}}