{"id":9437,"date":"2025-06-11T16:06:26","date_gmt":"2025-06-11T14:06:26","guid":{"rendered":"https:\/\/www.mylasertabac.com\/chi-lavora-per-un-mondo-senza-fumo-un-omaggio-a-chi-fa-la-differenza\/"},"modified":"2025-06-11T16:33:14","modified_gmt":"2025-06-11T14:33:14","slug":"chi-lavora-per-un-mondo-senza-fumo-un-omaggio-a-chi-fa-la-differenza","status":"publish","type":"post","link":"https:\/\/www.mylasertabac.com\/it\/chi-lavora-per-un-mondo-senza-fumo-un-omaggio-a-chi-fa-la-differenza\/","title":{"rendered":"Chi lavora per un mondo senza fumo: un omaggio a chi fa la differenza"},"content":{"rendered":"\n<div style=\"height:19px\" aria-hidden=\"true\" class=\"wp-block-spacer\"><\/div>\n\n<p>Ogni anno, in occasione della <strong>Giornata Mondiale Senza Tabacco<\/strong>, decine di personalit\u00e0, organizzazioni e istituzioni vengono premiate per il loro <strong>impegno nella lotta contro il fumo<\/strong>. Dietro questi premi simbolici si nasconde una realt\u00e0 molto concreta: una battaglia a lungo termine per proteggere la salute pubblica e salvare milioni di vite. <\/p>\n\n<p>In un mondo in cui l&#8217;industria del tabacco si rinnova costantemente per attirare le nuove generazioni, \u00e8 pi\u00f9 che mai fondamentale rendere omaggio al lavoro di coloro che <strong>resistono alla pressione, informano, legiferano e si preoccupano<\/strong>.<\/p>\n\n<div style=\"height:28px\" aria-hidden=\"true\" class=\"wp-block-spacer\"><\/div>\n\n<hr class=\"wp-block-separator has-alpha-channel-opacity\"\/>\n\n<figure class=\"wp-block-image alignleft size-full is-resized\"><img fetchpriority=\"high\" decoding=\"async\" width=\"1024\" height=\"1024\" src=\"https:\/\/www.mylasertabac.com\/wp-content\/uploads\/2025\/06\/1F3234A4-3024-4BAE-8B7D-65C12C9D2778.png\" alt=\"\" class=\"wp-image-9446\" style=\"width:421px;height:auto\" srcset=\"https:\/\/www.mylasertabac.com\/wp-content\/uploads\/2025\/06\/1F3234A4-3024-4BAE-8B7D-65C12C9D2778.png 1024w, https:\/\/www.mylasertabac.com\/wp-content\/uploads\/2025\/06\/1F3234A4-3024-4BAE-8B7D-65C12C9D2778-300x300.png 300w, https:\/\/www.mylasertabac.com\/wp-content\/uploads\/2025\/06\/1F3234A4-3024-4BAE-8B7D-65C12C9D2778-150x150.png 150w, https:\/\/www.mylasertabac.com\/wp-content\/uploads\/2025\/06\/1F3234A4-3024-4BAE-8B7D-65C12C9D2778-768x768.png 768w\" sizes=\"(max-width: 1024px) 100vw, 1024px\" \/><\/figure>\n\n<h2 class=\"wp-block-heading\">\ud83d\udead Il tabacco, ancora oggi uno dei principali flagelli della salute pubblica<\/h2>\n\n<p>Con quasi <strong>8 milioni di morti all&#8217;anno in tutto il mondo<\/strong>, il tabacco rimane la <strong>principale causa di morte evitabile<\/strong>. I suoi effetti sono devastanti: tumori, malattie cardiovascolari, patologie respiratorie croniche, problemi di fertilit\u00e0, ecc. <\/p>\n\n<p>Ma al di l\u00e0 delle cifre, \u00e8 necessario decostruire un intero <strong>sistema economico, culturale e sociale<\/strong>. Il tabacco non \u00e8 solo una sostanza: \u00e8 un <strong>mercato<\/strong>, una <strong>dipendenza che viene incoraggiata<\/strong> e che spesso si rivolge <strong>ai soggetti pi\u00f9 vulnerabili<\/strong>: giovani, persone ai margini della societ\u00e0, persone poco informate. <\/p>\n\n<div style=\"height:31px\" aria-hidden=\"true\" class=\"wp-block-spacer\"><\/div>\n\n<hr class=\"wp-block-separator has-alpha-channel-opacity\"\/>\n\n<h2 class=\"wp-block-heading\">\ud83c\udf0d Una giornata globale di sensibilizzazione<\/h2>\n\n<div style=\"height:19px\" aria-hidden=\"true\" class=\"wp-block-spacer\"><\/div>\n\n<p>Celebrata ogni <strong>31 maggio<\/strong>, la <strong>Giornata Mondiale Senza Tabacco<\/strong> \u00e8 un \u201coccasione per l\u201d OMS e i suoi partner di mettere in evidenza :<\/p>\n\n<div style=\"height:19px\" aria-hidden=\"true\" class=\"wp-block-spacer\"><\/div>\n\n<ul class=\"wp-block-list\">\n<li>i <strong>progressi compiuti<\/strong>,<\/li>\n\n\n\n<li><strong>sfide persistenti<\/strong>,<\/li>\n\n\n\n<li>e soprattutto gli <strong>agenti del cambiamento<\/strong>.<\/li>\n<\/ul>\n\n<div style=\"height:19px\" aria-hidden=\"true\" class=\"wp-block-spacer\"><\/div>\n\n<p>Nel 2025, il tema si concentrer\u00e0 sullo <strong>svelamento delle strategie di seduzione dell&#8217;<\/strong> industria del tabacco, in particolare attraverso la pubblicit\u00e0 camuffata, i sapori attraenti e il marketing mirato agli adolescenti.<\/p>\n\n<div style=\"height:19px\" aria-hidden=\"true\" class=\"wp-block-spacer\"><\/div>\n\n<hr class=\"wp-block-separator has-alpha-channel-opacity\"\/>\n\n<p class=\"has-cyan-bluish-gray-background-color has-background\">Leggi anche: <a href=\"https:\/\/www.mylasertabac.com\/it\/informazioni\/formazione-laser-contro-il-fumo-e-le-dipendenze\/\"> <mark style=\"background-color:rgba(0, 0, 0, 0)\" class=\"has-inline-color has-luminous-vivid-orange-color\">Diventa un esperto nel campo della riflessologia auricolare: offriamo corsi di formazione per aiutarti a utilizzare il laser e a comprendere tutti i punti di agopuntura. <\/mark><\/a> <\/p>\n\n<div style=\"height:19px\" aria-hidden=\"true\" class=\"wp-block-spacer\"><\/div>\n\n<h2 class=\"wp-block-heading\">\ud83c\udfc6 I vincitori del 2025: profili di ispirazione da tutto il mondo<\/h2>\n\n<div style=\"height:19px\" aria-hidden=\"true\" class=\"wp-block-spacer\"><\/div>\n\n<p>I vincitori di quest&#8217;anno sono :<\/p>\n\n<div style=\"height:19px\" aria-hidden=\"true\" class=\"wp-block-spacer\"><\/div>\n\n<ul class=\"wp-block-list\">\n<li><strong>medici impegnati<\/strong>, dietro campagne di sensibilizzazione su larga scala,<\/li>\n\n\n\n<li><strong>politici<\/strong>, che hanno approvato leggi che vietano il fumo nei luoghi pubblici,<\/li>\n\n\n\n<li><strong>ONG locali<\/strong>, presenti nei quartieri pi\u00f9 esposti,<\/li>\n\n\n\n<li>e <strong>ricercatori<\/strong>, che documentano le pratiche del settore e analizzano l&#8217;impatto delle misure di prevenzione.<\/li>\n<\/ul>\n\n<div style=\"height:19px\" aria-hidden=\"true\" class=\"wp-block-spacer\"><\/div>\n\n<p>Queste sono le persone che, <strong>quotidianamente, costruiscono un futuro senza fumo<\/strong>.<\/p>\n\n<div style=\"height:19px\" aria-hidden=\"true\" class=\"wp-block-spacer\"><\/div>\n\n<hr class=\"wp-block-separator has-alpha-channel-opacity\"\/>\n\n<h2 class=\"wp-block-heading\">\ud83d\udcac Impegni concreti che salvano vite umane<\/h2>\n\n<div style=\"height:19px\" aria-hidden=\"true\" class=\"wp-block-spacer\"><\/div>\n\n<p>Le azioni intraprese da questi attori hanno un <strong>impatto diretto<\/strong> sulla salute pubblica:<\/p>\n\n<div style=\"height:19px\" aria-hidden=\"true\" class=\"wp-block-spacer\"><\/div>\n\n<ul class=\"wp-block-list\">\n<li>istituire<strong>aree libere dal fumo<\/strong> (spiagge, scuole, fermate degli autobus),<\/li>\n\n\n\n<li>il divieto di <strong>prodotti aromatizzati<\/strong> per <strong>il vaping<\/strong> per i giovani,<\/li>\n\n\n\n<li>il graduale aumento del <strong>prezzo delle sigarette<\/strong>,<\/li>\n\n\n\n<li>e supporto per le persone <strong>che stanno affrontando il processo di astinenza<\/strong>.<\/li>\n<\/ul>\n\n<div style=\"height:19px\" aria-hidden=\"true\" class=\"wp-block-spacer\"><\/div>\n\n<p>Ad ogni progresso normativo o sanitario, una nuova generazione cresce <strong>senza sigarette come norma<\/strong>.<\/p>\n\n<div style=\"height:19px\" aria-hidden=\"true\" class=\"wp-block-spacer\"><\/div>\n\n<hr class=\"wp-block-separator has-alpha-channel-opacity\"\/>\n\n<h2 class=\"wp-block-heading\">\ud83d\udcc8 Il fumo diminuisce, ma \u00e8 ancora necessario vigilare<\/h2>\n\n<div style=\"height:19px\" aria-hidden=\"true\" class=\"wp-block-spacer\"><\/div>\n\n<p>Le vendite di sigarette sono in netto calo in Francia e la percentuale di fumatori abituali \u00e8 in diminuzione, soprattutto tra i giovani adulti. Una tendenza incoraggiante, ma che non deve oscurare il fatto: <\/p>\n\n<div style=\"height:19px\" aria-hidden=\"true\" class=\"wp-block-spacer\"><\/div>\n\n<ul class=\"wp-block-list\">\n<li>disuguaglianze persistenti (il tabacco ha un impatto maggiore sui gruppi svantaggiati),<\/li>\n\n\n\n<li>l&#8217;ascesa della <strong>sigaretta elettronica<\/strong> come controverso sostituto,<\/li>\n\n\n\n<li>e i <strong>tentativi<\/strong> dei produttori <strong>di aggirare i<\/strong> regolamenti.<\/li>\n<\/ul>\n\n<div style=\"height:19px\" aria-hidden=\"true\" class=\"wp-block-spacer\"><\/div>\n\n<hr class=\"wp-block-separator has-alpha-channel-opacity\"\/>\n\n<h2 class=\"wp-block-heading\">\ud83d\udc65 Diventa tu stesso un agente di cambiamento<\/h2>\n\n<div style=\"height:19px\" aria-hidden=\"true\" class=\"wp-block-spacer\"><\/div>\n\n<p>Il successo della lotta al fumo dipende anche dall&#8217;impegno dei cittadini, degli operatori sanitari e degli educatori. Sempre pi\u00f9 persone scelgono di : <\/p>\n\n<div style=\"height:19px\" aria-hidden=\"true\" class=\"wp-block-spacer\"><\/div>\n\n<ul class=\"wp-block-list\">\n<li>formazione sul<strong>supporto alla cessazione<\/strong> (compresi approcci come il <strong>laser antifumo<\/strong>, la riflessologia auricolare, ecc.) <strong><a href=\"https:\/\/www.mylasertabac.com\/it\/\">riflessologia auricolare<\/a><\/strong>o <strong>auricoloterapia<\/strong>),<\/li>\n\n\n\n<li>trasmettere i <strong>messaggi di prevenzione<\/strong>,<\/li>\n\n\n\n<li>o semplicemente <strong>sostenere i loro cari<\/strong> nei loro sforzi per smettere di fumare.<\/li>\n<\/ul>\n\n<div style=\"height:19px\" aria-hidden=\"true\" class=\"wp-block-spacer\"><\/div>\n\n<hr class=\"wp-block-separator has-alpha-channel-opacity\"\/>\n\n<h2 class=\"wp-block-heading\">\ud83d\udca1 In conclusione: ogni gesto conta nella lotta contro il tabacco<\/h2>\n\n<div style=\"height:19px\" aria-hidden=\"true\" class=\"wp-block-spacer\"><\/div>\n\n<p>La Giornata Mondiale Senza Tabacco non \u00e8 solo un simbolo. \u00c8 un <strong>promemoria annuale<\/strong> per riconoscere coloro che agiscono, spesso dietro le quinte, per <strong>salvare vite umane<\/strong>. <\/p>\n\n<p>In un mondo in cui gli interessi economici hanno troppo spesso la precedenza sulla salute collettiva, <strong>\u00e8 fondamentale dare risalto a queste voci coraggiose<\/strong>. Perch\u00e9 grazie a loro, un mondo senza tabacco non \u00e8 pi\u00f9 un sogno utopico, ma un progetto collettivo&#8230; in movimento. <\/p>\n\n<div style=\"height:39px\" aria-hidden=\"true\" class=\"wp-block-spacer\"><\/div>\n\n<figure class=\"wp-block-image size-large\"><img decoding=\"async\" src=\"https:\/\/www.mylasertabac.com\/wp-content\/uploads\/\/mlt-verteau.svg\" alt=\"\" class=\"wp-image-13\"\/><\/figure>\n","protected":false},"excerpt":{"rendered":"<p>Ogni anno, in occasione della Giornata Mondiale Senza Tabacco, decine di personalit\u00e0, organizzazioni e istituzioni vengono premiate per il loro impegno nella lotta contro il fumo. Dietro questi premi simbolici si nasconde una realt\u00e0 molto concreta: una battaglia a lungo termine per proteggere la salute pubblica e salvare milioni di vite. In un mondo in [&hellip;]<\/p>\n","protected":false},"author":2,"featured_media":9427,"comment_status":"closed","ping_status":"open","sticky":false,"template":"","format":"standard","meta":{"inline_featured_image":false,"footnotes":""},"categories":[580],"tags":[],"class_list":["post-9437","post","type-post","status-publish","format-standard","has-post-thumbnail","hentry","category-legge"],"yoast_head":"<!-- This site is optimized with the Yoast SEO plugin v27.5 - https:\/\/yoast.com\/product\/yoast-seo-wordpress\/ -->\n<title>Chi lavora per un mondo senza fumo: un omaggio a chi fa la differenza - My Laser Tabac<\/title>\n<meta name=\"description\" content=\"Scopri gli attori premiati in occasione della Giornata Mondiale Senza Tabacco 2025 per il loro impegno nella lotta contro il fumo.\" \/>\n<meta name=\"robots\" content=\"index, follow, max-snippet:-1, max-image-preview:large, max-video-preview:-1\" \/>\n<link rel=\"canonical\" href=\"https:\/\/www.mylasertabac.com\/it\/chi-lavora-per-un-mondo-senza-fumo-un-omaggio-a-chi-fa-la-differenza\/\" \/>\n<meta property=\"og:locale\" content=\"it_IT\" \/>\n<meta property=\"og:type\" content=\"article\" \/>\n<meta property=\"og:title\" content=\"Chi lavora per un mondo senza fumo: un omaggio a chi fa la differenza - My Laser Tabac\" \/>\n<meta property=\"og:description\" content=\"Scopri gli attori premiati in occasione della Giornata Mondiale Senza Tabacco 2025 per il loro impegno nella lotta contro il fumo.\" \/>\n<meta property=\"og:url\" content=\"https:\/\/www.mylasertabac.com\/it\/chi-lavora-per-un-mondo-senza-fumo-un-omaggio-a-chi-fa-la-differenza\/\" \/>\n<meta property=\"og:site_name\" content=\"My Laser Tabac\" \/>\n<meta property=\"article:author\" content=\"https:\/\/www.facebook.com\/profile.php?id=61571554707319\" \/>\n<meta property=\"article:published_time\" content=\"2025-06-11T14:06:26+00:00\" \/>\n<meta property=\"article:modified_time\" content=\"2025-06-11T14:33:14+00:00\" \/>\n<meta property=\"og:image\" content=\"https:\/\/www.mylasertabac.com\/wp-content\/uploads\/2025\/06\/journ-1.png\" \/>\n\t<meta property=\"og:image:width\" content=\"1536\" \/>\n\t<meta property=\"og:image:height\" content=\"1024\" \/>\n\t<meta property=\"og:image:type\" content=\"image\/png\" \/>\n<meta name=\"author\" content=\"Florian Fortes\" \/>\n<meta name=\"twitter:card\" content=\"summary_large_image\" \/>\n<meta name=\"twitter:label1\" content=\"Scritto da\" \/>\n\t<meta name=\"twitter:data1\" content=\"Florian Fortes\" \/>\n\t<meta name=\"twitter:label2\" content=\"Tempo di lettura stimato\" \/>\n\t<meta name=\"twitter:data2\" content=\"3 minuti\" \/>\n<script type=\"application\/ld+json\" class=\"yoast-schema-graph\">{\"@context\":\"https:\\\/\\\/schema.org\",\"@graph\":[{\"@type\":\"Article\",\"@id\":\"https:\\\/\\\/www.mylasertabac.com\\\/it\\\/chi-lavora-per-un-mondo-senza-fumo-un-omaggio-a-chi-fa-la-differenza\\\/#article\",\"isPartOf\":{\"@id\":\"https:\\\/\\\/www.mylasertabac.com\\\/it\\\/chi-lavora-per-un-mondo-senza-fumo-un-omaggio-a-chi-fa-la-differenza\\\/\"},\"author\":{\"name\":\"Florian Fortes\",\"@id\":\"https:\\\/\\\/www.mylasertabac.com\\\/it\\\/#\\\/schema\\\/person\\\/02c249cb76d912efb6c315ec23eccdf3\"},\"headline\":\"Chi lavora per un mondo senza fumo: un omaggio a chi fa la differenza\",\"datePublished\":\"2025-06-11T14:06:26+00:00\",\"dateModified\":\"2025-06-11T14:33:14+00:00\",\"mainEntityOfPage\":{\"@id\":\"https:\\\/\\\/www.mylasertabac.com\\\/it\\\/chi-lavora-per-un-mondo-senza-fumo-un-omaggio-a-chi-fa-la-differenza\\\/\"},\"wordCount\":642,\"publisher\":{\"@id\":\"https:\\\/\\\/www.mylasertabac.com\\\/it\\\/#organization\"},\"image\":{\"@id\":\"https:\\\/\\\/www.mylasertabac.com\\\/it\\\/chi-lavora-per-un-mondo-senza-fumo-un-omaggio-a-chi-fa-la-differenza\\\/#primaryimage\"},\"thumbnailUrl\":\"https:\\\/\\\/www.mylasertabac.com\\\/wp-content\\\/uploads\\\/2025\\\/06\\\/journ-1.png\",\"articleSection\":[\"legge\"],\"inLanguage\":\"it-IT\"},{\"@type\":\"WebPage\",\"@id\":\"https:\\\/\\\/www.mylasertabac.com\\\/it\\\/chi-lavora-per-un-mondo-senza-fumo-un-omaggio-a-chi-fa-la-differenza\\\/\",\"url\":\"https:\\\/\\\/www.mylasertabac.com\\\/it\\\/chi-lavora-per-un-mondo-senza-fumo-un-omaggio-a-chi-fa-la-differenza\\\/\",\"name\":\"Chi lavora per un mondo senza fumo: un omaggio a chi fa la differenza - My Laser Tabac\",\"isPartOf\":{\"@id\":\"https:\\\/\\\/www.mylasertabac.com\\\/it\\\/#website\"},\"primaryImageOfPage\":{\"@id\":\"https:\\\/\\\/www.mylasertabac.com\\\/it\\\/chi-lavora-per-un-mondo-senza-fumo-un-omaggio-a-chi-fa-la-differenza\\\/#primaryimage\"},\"image\":{\"@id\":\"https:\\\/\\\/www.mylasertabac.com\\\/it\\\/chi-lavora-per-un-mondo-senza-fumo-un-omaggio-a-chi-fa-la-differenza\\\/#primaryimage\"},\"thumbnailUrl\":\"https:\\\/\\\/www.mylasertabac.com\\\/wp-content\\\/uploads\\\/2025\\\/06\\\/journ-1.png\",\"datePublished\":\"2025-06-11T14:06:26+00:00\",\"dateModified\":\"2025-06-11T14:33:14+00:00\",\"description\":\"Scopri gli attori premiati in occasione della Giornata Mondiale Senza Tabacco 2025 per il loro impegno nella lotta contro il fumo.\",\"breadcrumb\":{\"@id\":\"https:\\\/\\\/www.mylasertabac.com\\\/it\\\/chi-lavora-per-un-mondo-senza-fumo-un-omaggio-a-chi-fa-la-differenza\\\/#breadcrumb\"},\"inLanguage\":\"it-IT\",\"potentialAction\":[{\"@type\":\"ReadAction\",\"target\":[\"https:\\\/\\\/www.mylasertabac.com\\\/it\\\/chi-lavora-per-un-mondo-senza-fumo-un-omaggio-a-chi-fa-la-differenza\\\/\"]}]},{\"@type\":\"ImageObject\",\"inLanguage\":\"it-IT\",\"@id\":\"https:\\\/\\\/www.mylasertabac.com\\\/it\\\/chi-lavora-per-un-mondo-senza-fumo-un-omaggio-a-chi-fa-la-differenza\\\/#primaryimage\",\"url\":\"https:\\\/\\\/www.mylasertabac.com\\\/wp-content\\\/uploads\\\/2025\\\/06\\\/journ-1.png\",\"contentUrl\":\"https:\\\/\\\/www.mylasertabac.com\\\/wp-content\\\/uploads\\\/2025\\\/06\\\/journ-1.png\",\"width\":1536,\"height\":1024},{\"@type\":\"BreadcrumbList\",\"@id\":\"https:\\\/\\\/www.mylasertabac.com\\\/it\\\/chi-lavora-per-un-mondo-senza-fumo-un-omaggio-a-chi-fa-la-differenza\\\/#breadcrumb\",\"itemListElement\":[{\"@type\":\"ListItem\",\"position\":1,\"name\":\"Accueil\",\"item\":\"https:\\\/\\\/www.mylasertabac.com\\\/it\\\/casa\\\/\"},{\"@type\":\"ListItem\",\"position\":2,\"name\":\"Chi lavora per un mondo senza fumo: un omaggio a chi fa la differenza\"}]},{\"@type\":\"WebSite\",\"@id\":\"https:\\\/\\\/www.mylasertabac.com\\\/it\\\/#website\",\"url\":\"https:\\\/\\\/www.mylasertabac.com\\\/it\\\/\",\"name\":\"My Laser Tabac\",\"description\":\"La solution laser qui transforme les fumeurs en ex-fumeurs\",\"publisher\":{\"@id\":\"https:\\\/\\\/www.mylasertabac.com\\\/it\\\/#organization\"},\"potentialAction\":[{\"@type\":\"SearchAction\",\"target\":{\"@type\":\"EntryPoint\",\"urlTemplate\":\"https:\\\/\\\/www.mylasertabac.com\\\/it\\\/?s={search_term_string}\"},\"query-input\":{\"@type\":\"PropertyValueSpecification\",\"valueRequired\":true,\"valueName\":\"search_term_string\"}}],\"inLanguage\":\"it-IT\"},{\"@type\":\"Organization\",\"@id\":\"https:\\\/\\\/www.mylasertabac.com\\\/it\\\/#organization\",\"name\":\"My Laser Tabac\",\"url\":\"https:\\\/\\\/www.mylasertabac.com\\\/it\\\/\",\"logo\":{\"@type\":\"ImageObject\",\"inLanguage\":\"it-IT\",\"@id\":\"https:\\\/\\\/www.mylasertabac.com\\\/it\\\/#\\\/schema\\\/logo\\\/image\\\/\",\"url\":\"https:\\\/\\\/www.mylasertabac.com\\\/wp-content\\\/uploads\\\/2024\\\/12\\\/mlt-verteau.svg\",\"contentUrl\":\"https:\\\/\\\/www.mylasertabac.com\\\/wp-content\\\/uploads\\\/2024\\\/12\\\/mlt-verteau.svg\",\"caption\":\"My Laser Tabac\"},\"image\":{\"@id\":\"https:\\\/\\\/www.mylasertabac.com\\\/it\\\/#\\\/schema\\\/logo\\\/image\\\/\"}},{\"@type\":\"Person\",\"@id\":\"https:\\\/\\\/www.mylasertabac.com\\\/it\\\/#\\\/schema\\\/person\\\/02c249cb76d912efb6c315ec23eccdf3\",\"name\":\"Florian Fortes\",\"image\":{\"@type\":\"ImageObject\",\"inLanguage\":\"it-IT\",\"@id\":\"https:\\\/\\\/www.mylasertabac.com\\\/wp-content\\\/litespeed\\\/avatar\\\/142101a71d7b9e6490c1120d9c109a67.jpg?ver=1777461116\",\"url\":\"https:\\\/\\\/www.mylasertabac.com\\\/wp-content\\\/litespeed\\\/avatar\\\/142101a71d7b9e6490c1120d9c109a67.jpg?ver=1777461116\",\"contentUrl\":\"https:\\\/\\\/www.mylasertabac.com\\\/wp-content\\\/litespeed\\\/avatar\\\/142101a71d7b9e6490c1120d9c109a67.jpg?ver=1777461116\",\"caption\":\"Florian Fortes\"},\"sameAs\":[\"https:\\\/\\\/www.mylasertabac.com\",\"https:\\\/\\\/www.facebook.com\\\/profile.php?id=61571554707319\"],\"url\":\"https:\\\/\\\/www.mylasertabac.com\\\/it\\\/author\\\/florianfortes5312\\\/\"}]}<\/script>\n<!-- \/ Yoast SEO plugin. -->","yoast_head_json":{"title":"Chi lavora per un mondo senza fumo: un omaggio a chi fa la differenza - My Laser Tabac","description":"Scopri gli attori premiati in occasione della Giornata Mondiale Senza Tabacco 2025 per il loro impegno nella lotta contro il fumo.","robots":{"index":"index","follow":"follow","max-snippet":"max-snippet:-1","max-image-preview":"max-image-preview:large","max-video-preview":"max-video-preview:-1"},"canonical":"https:\/\/www.mylasertabac.com\/it\/chi-lavora-per-un-mondo-senza-fumo-un-omaggio-a-chi-fa-la-differenza\/","og_locale":"it_IT","og_type":"article","og_title":"Chi lavora per un mondo senza fumo: un omaggio a chi fa la differenza - My Laser Tabac","og_description":"Scopri gli attori premiati in occasione della Giornata Mondiale Senza Tabacco 2025 per il loro impegno nella lotta contro il fumo.","og_url":"https:\/\/www.mylasertabac.com\/it\/chi-lavora-per-un-mondo-senza-fumo-un-omaggio-a-chi-fa-la-differenza\/","og_site_name":"My Laser Tabac","article_author":"https:\/\/www.facebook.com\/profile.php?id=61571554707319","article_published_time":"2025-06-11T14:06:26+00:00","article_modified_time":"2025-06-11T14:33:14+00:00","og_image":[{"width":1536,"height":1024,"url":"https:\/\/www.mylasertabac.com\/wp-content\/uploads\/2025\/06\/journ-1.png","type":"image\/png"}],"author":"Florian Fortes","twitter_card":"summary_large_image","twitter_misc":{"Scritto da":"Florian Fortes","Tempo di lettura stimato":"3 minuti"},"schema":{"@context":"https:\/\/schema.org","@graph":[{"@type":"Article","@id":"https:\/\/www.mylasertabac.com\/it\/chi-lavora-per-un-mondo-senza-fumo-un-omaggio-a-chi-fa-la-differenza\/#article","isPartOf":{"@id":"https:\/\/www.mylasertabac.com\/it\/chi-lavora-per-un-mondo-senza-fumo-un-omaggio-a-chi-fa-la-differenza\/"},"author":{"name":"Florian Fortes","@id":"https:\/\/www.mylasertabac.com\/it\/#\/schema\/person\/02c249cb76d912efb6c315ec23eccdf3"},"headline":"Chi lavora per un mondo senza fumo: un omaggio a chi fa la differenza","datePublished":"2025-06-11T14:06:26+00:00","dateModified":"2025-06-11T14:33:14+00:00","mainEntityOfPage":{"@id":"https:\/\/www.mylasertabac.com\/it\/chi-lavora-per-un-mondo-senza-fumo-un-omaggio-a-chi-fa-la-differenza\/"},"wordCount":642,"publisher":{"@id":"https:\/\/www.mylasertabac.com\/it\/#organization"},"image":{"@id":"https:\/\/www.mylasertabac.com\/it\/chi-lavora-per-un-mondo-senza-fumo-un-omaggio-a-chi-fa-la-differenza\/#primaryimage"},"thumbnailUrl":"https:\/\/www.mylasertabac.com\/wp-content\/uploads\/2025\/06\/journ-1.png","articleSection":["legge"],"inLanguage":"it-IT"},{"@type":"WebPage","@id":"https:\/\/www.mylasertabac.com\/it\/chi-lavora-per-un-mondo-senza-fumo-un-omaggio-a-chi-fa-la-differenza\/","url":"https:\/\/www.mylasertabac.com\/it\/chi-lavora-per-un-mondo-senza-fumo-un-omaggio-a-chi-fa-la-differenza\/","name":"Chi lavora per un mondo senza fumo: un omaggio a chi fa la differenza - My Laser Tabac","isPartOf":{"@id":"https:\/\/www.mylasertabac.com\/it\/#website"},"primaryImageOfPage":{"@id":"https:\/\/www.mylasertabac.com\/it\/chi-lavora-per-un-mondo-senza-fumo-un-omaggio-a-chi-fa-la-differenza\/#primaryimage"},"image":{"@id":"https:\/\/www.mylasertabac.com\/it\/chi-lavora-per-un-mondo-senza-fumo-un-omaggio-a-chi-fa-la-differenza\/#primaryimage"},"thumbnailUrl":"https:\/\/www.mylasertabac.com\/wp-content\/uploads\/2025\/06\/journ-1.png","datePublished":"2025-06-11T14:06:26+00:00","dateModified":"2025-06-11T14:33:14+00:00","description":"Scopri gli attori premiati in occasione della Giornata Mondiale Senza Tabacco 2025 per il loro impegno nella lotta contro il fumo.","breadcrumb":{"@id":"https:\/\/www.mylasertabac.com\/it\/chi-lavora-per-un-mondo-senza-fumo-un-omaggio-a-chi-fa-la-differenza\/#breadcrumb"},"inLanguage":"it-IT","potentialAction":[{"@type":"ReadAction","target":["https:\/\/www.mylasertabac.com\/it\/chi-lavora-per-un-mondo-senza-fumo-un-omaggio-a-chi-fa-la-differenza\/"]}]},{"@type":"ImageObject","inLanguage":"it-IT","@id":"https:\/\/www.mylasertabac.com\/it\/chi-lavora-per-un-mondo-senza-fumo-un-omaggio-a-chi-fa-la-differenza\/#primaryimage","url":"https:\/\/www.mylasertabac.com\/wp-content\/uploads\/2025\/06\/journ-1.png","contentUrl":"https:\/\/www.mylasertabac.com\/wp-content\/uploads\/2025\/06\/journ-1.png","width":1536,"height":1024},{"@type":"BreadcrumbList","@id":"https:\/\/www.mylasertabac.com\/it\/chi-lavora-per-un-mondo-senza-fumo-un-omaggio-a-chi-fa-la-differenza\/#breadcrumb","itemListElement":[{"@type":"ListItem","position":1,"name":"Accueil","item":"https:\/\/www.mylasertabac.com\/it\/casa\/"},{"@type":"ListItem","position":2,"name":"Chi lavora per un mondo senza fumo: un omaggio a chi fa la differenza"}]},{"@type":"WebSite","@id":"https:\/\/www.mylasertabac.com\/it\/#website","url":"https:\/\/www.mylasertabac.com\/it\/","name":"My Laser Tabac","description":"La solution laser qui transforme les fumeurs en ex-fumeurs","publisher":{"@id":"https:\/\/www.mylasertabac.com\/it\/#organization"},"potentialAction":[{"@type":"SearchAction","target":{"@type":"EntryPoint","urlTemplate":"https:\/\/www.mylasertabac.com\/it\/?s={search_term_string}"},"query-input":{"@type":"PropertyValueSpecification","valueRequired":true,"valueName":"search_term_string"}}],"inLanguage":"it-IT"},{"@type":"Organization","@id":"https:\/\/www.mylasertabac.com\/it\/#organization","name":"My Laser Tabac","url":"https:\/\/www.mylasertabac.com\/it\/","logo":{"@type":"ImageObject","inLanguage":"it-IT","@id":"https:\/\/www.mylasertabac.com\/it\/#\/schema\/logo\/image\/","url":"https:\/\/www.mylasertabac.com\/wp-content\/uploads\/2024\/12\/mlt-verteau.svg","contentUrl":"https:\/\/www.mylasertabac.com\/wp-content\/uploads\/2024\/12\/mlt-verteau.svg","caption":"My Laser Tabac"},"image":{"@id":"https:\/\/www.mylasertabac.com\/it\/#\/schema\/logo\/image\/"}},{"@type":"Person","@id":"https:\/\/www.mylasertabac.com\/it\/#\/schema\/person\/02c249cb76d912efb6c315ec23eccdf3","name":"Florian Fortes","image":{"@type":"ImageObject","inLanguage":"it-IT","@id":"https:\/\/www.mylasertabac.com\/wp-content\/litespeed\/avatar\/142101a71d7b9e6490c1120d9c109a67.jpg?ver=1777461116","url":"https:\/\/www.mylasertabac.com\/wp-content\/litespeed\/avatar\/142101a71d7b9e6490c1120d9c109a67.jpg?ver=1777461116","contentUrl":"https:\/\/www.mylasertabac.com\/wp-content\/litespeed\/avatar\/142101a71d7b9e6490c1120d9c109a67.jpg?ver=1777461116","caption":"Florian Fortes"},"sameAs":["https:\/\/www.mylasertabac.com","https:\/\/www.facebook.com\/profile.php?id=61571554707319"],"url":"https:\/\/www.mylasertabac.com\/it\/author\/florianfortes5312\/"}]}},"_links":{"self":[{"href":"https:\/\/www.mylasertabac.com\/it\/wp-json\/wp\/v2\/posts\/9437","targetHints":{"allow":["GET"]}}],"collection":[{"href":"https:\/\/www.mylasertabac.com\/it\/wp-json\/wp\/v2\/posts"}],"about":[{"href":"https:\/\/www.mylasertabac.com\/it\/wp-json\/wp\/v2\/types\/post"}],"author":[{"embeddable":true,"href":"https:\/\/www.mylasertabac.com\/it\/wp-json\/wp\/v2\/users\/2"}],"replies":[{"embeddable":true,"href":"https:\/\/www.mylasertabac.com\/it\/wp-json\/wp\/v2\/comments?post=9437"}],"version-history":[{"count":3,"href":"https:\/\/www.mylasertabac.com\/it\/wp-json\/wp\/v2\/posts\/9437\/revisions"}],"predecessor-version":[{"id":9468,"href":"https:\/\/www.mylasertabac.com\/it\/wp-json\/wp\/v2\/posts\/9437\/revisions\/9468"}],"wp:featuredmedia":[{"embeddable":true,"href":"https:\/\/www.mylasertabac.com\/it\/wp-json\/wp\/v2\/media\/9427"}],"wp:attachment":[{"href":"https:\/\/www.mylasertabac.com\/it\/wp-json\/wp\/v2\/media?parent=9437"}],"wp:term":[{"taxonomy":"category","embeddable":true,"href":"https:\/\/www.mylasertabac.com\/it\/wp-json\/wp\/v2\/categories?post=9437"},{"taxonomy":"post_tag","embeddable":true,"href":"https:\/\/www.mylasertabac.com\/it\/wp-json\/wp\/v2\/tags?post=9437"}],"curies":[{"name":"wp","href":"https:\/\/api.w.org\/{rel}","templated":true}]}}