{"id":11194,"date":"2025-07-19T09:47:35","date_gmt":"2025-07-19T07:47:35","guid":{"rendered":"https:\/\/www.mylasertabac.com\/dependencia-do-acucar-sintomas-e-causas-como-te-podes-libertar-de-vez\/"},"modified":"2025-07-14T10:02:58","modified_gmt":"2025-07-14T08:02:58","slug":"dependencia-do-acucar-sintomas-e-causas-como-te-podes-libertar-de-vez","status":"publish","type":"post","link":"https:\/\/www.mylasertabac.com\/pt-pt\/dependencia-do-acucar-sintomas-e-causas-como-te-podes-libertar-de-vez\/","title":{"rendered":"Depend\u00eancia do a\u00e7\u00facar: Sintomas e causas &#8211; Como te podes libertar de vez?"},"content":{"rendered":"\n<div style=\"height:21px\" aria-hidden=\"true\" class=\"wp-block-spacer\"><\/div>\n\n<p><strong>Quem nunca sentiu aquela irresist\u00edvel gulodice, aquela necessidade de mordiscar um peda\u00e7o de chocolate ou de pastelaria sem ter realmente fome?<\/strong>  Este comportamento, repetido diariamente, n\u00e3o \u00e9 trivial. Muitas vezes, faz parte de uma realidade mais profunda: a<strong>depend\u00eancia do a\u00e7\u00facar<\/strong>, um v\u00edcio que afecta milh\u00f5es de pessoas. Esta depend\u00eancia alimentar afecta o <strong>c\u00e9rebro<\/strong>, perturbando a nossa <strong>alimenta\u00e7\u00e3o<\/strong>, modificando o nosso <strong>consumo<\/strong> di\u00e1rio e prejudicando a nossa <strong>sa\u00fade<\/strong>.  <\/p>\n\n<p>Neste artigo completo e empenhado, exploramos os <strong>sintomas<\/strong> pouco conhecidos deste v\u00edcio, compreendemos as suas <strong>causas subjacentes<\/strong>, analisamos o seu <strong>efeito no corpo<\/strong> e <strong>nos<\/strong> <strong>n\u00edveis de a\u00e7\u00facar no sangue<\/strong> e, acima de tudo, sugerimos <strong>solu\u00e7\u00f5es pr\u00e1ticas e naturais<\/strong> para te ajudar a recuperar um equil\u00edbrio duradouro. Entre elas, o <strong>tratamento de reflexologia auricular a laser<\/strong> que praticamos nos centros <strong>MyLaserTabac<\/strong> \u00e9 uma abordagem eficaz, suave e decididamente moderna. <\/p>\n\n<div style=\"height:34px\" aria-hidden=\"true\" class=\"wp-block-spacer\"><\/div>\n\n<figure class=\"wp-block-image alignleft size-full is-resized\"><img fetchpriority=\"high\" decoding=\"async\" width=\"1024\" height=\"1024\" src=\"https:\/\/www.mylasertabac.com\/wp-content\/uploads\/2025\/07\/Sevrage-addiction-au-sucre.png\" alt=\"\" class=\"wp-image-11204\" style=\"width:384px;height:auto\" srcset=\"https:\/\/www.mylasertabac.com\/wp-content\/uploads\/2025\/07\/Sevrage-addiction-au-sucre.png 1024w, https:\/\/www.mylasertabac.com\/wp-content\/uploads\/2025\/07\/Sevrage-addiction-au-sucre-300x300.png 300w, https:\/\/www.mylasertabac.com\/wp-content\/uploads\/2025\/07\/Sevrage-addiction-au-sucre-150x150.png 150w, https:\/\/www.mylasertabac.com\/wp-content\/uploads\/2025\/07\/Sevrage-addiction-au-sucre-768x768.png 768w\" sizes=\"(max-width: 1024px) 100vw, 1024px\" \/><\/figure>\n\n<h2 class=\"wp-block-heading\">O que \u00e9 a depend\u00eancia do a\u00e7\u00facar?<\/h2>\n\n<p><strong>A depend\u00eancia do a\u00e7\u00facar<\/strong> \u00e9 mais do que uma simples vontade de comer doces. \u00c9 uma <strong>depend\u00eancia alimentar<\/strong> de <strong>a\u00e7\u00facares r\u00e1pidos<\/strong> e de <strong>produtos doces<\/strong> processados. Leva a um <strong>comportamento compulsivo<\/strong>, \u00e0 dificuldade em controlar o consumo e \u00e0 perda de liberdade em rela\u00e7\u00e3o aos alimentos <strong>ricos em hidratos de carbono<\/strong>.  <\/p>\n\n<p>Esta depend\u00eancia manifesta-se por uma procura repetida e irreprim\u00edvel de <strong>alimentos<\/strong> doces, mesmo quando n\u00e3o temos fome. O a\u00e7\u00facar actua como uma droga suave, alterando a qu\u00edmica <strong>do c\u00e9rebro<\/strong> ao desencadear a secre\u00e7\u00e3o de <strong>dopamina<\/strong>, a hormona do prazer. Quanto mais comes, mais desejas. \u00c9 uma espiral metab\u00f3lica e emocional.   <\/p>\n\n<div style=\"height:35px\" aria-hidden=\"true\" class=\"wp-block-spacer\"><\/div>\n\n<h2 class=\"wp-block-heading\">Quais s\u00e3o os sintomas da depend\u00eancia do a\u00e7\u00facar?<\/h2>\n\n<div style=\"height:21px\" aria-hidden=\"true\" class=\"wp-block-spacer\"><\/div>\n\n<p><strong>Os sintomas<\/strong> s\u00e3o muitas vezes subestimados por serem t\u00e3o comuns. Mas s\u00e3o muito reais: <\/p>\n\n<h3 class=\"wp-block-heading\">Fome frequente<\/h3>\n\n<p>Os desejos por <strong>alimentos doces<\/strong> aparecem a todas as horas do dia e da noite. J\u00e1 n\u00e3o se trata de uma vontade de comer doces, mas de uma verdadeira <strong>compuls\u00e3o<\/strong> alimentar. <\/p>\n\n<div style=\"height:21px\" aria-hidden=\"true\" class=\"wp-block-spacer\"><\/div>\n\n<h3 class=\"wp-block-heading\">Reduz a energia e a fadiga ap\u00f3s as refei\u00e7\u00f5es<\/h3>\n\n<p>O a\u00e7\u00facar provoca picos nos n\u00edveis de <strong>a\u00e7\u00facar no sangue<\/strong>, seguidos de quedas repentinas. O resultado: sentes-te esgotado, perdes<strong>energia<\/strong> e sentes que n\u00e3o consegues funcionar sem comer. <\/p>\n\n<div style=\"height:21px\" aria-hidden=\"true\" class=\"wp-block-spacer\"><\/div>\n\n<h3 class=\"wp-block-heading\">Dificuldade em resistir<\/h3>\n\n<p>Mesmo que n\u00e3o tenhas fome, a simples vis\u00e3o de uma sobremesa ou de um pacote de doces desencadeia <strong>um consumo autom\u00e1tico<\/strong>. O desejo torna-se mais forte do que a tua for\u00e7a de vontade. <\/p>\n\n<div style=\"height:21px\" aria-hidden=\"true\" class=\"wp-block-spacer\"><\/div>\n\n<h3 class=\"wp-block-heading\">Peso inst\u00e1vel<\/h3>\n\n<p>Esta depend\u00eancia \u00e9 frequentemente acompanhada de <strong>um aumento de peso<\/strong> localizado, nomeadamente no abd\u00f3men. O <strong>organismo<\/strong> armazena o excesso de a\u00e7\u00facar sob a forma de gordura. <\/p>\n\n<div style=\"height:21px\" aria-hidden=\"true\" class=\"wp-block-spacer\"><\/div>\n\n<h3 class=\"wp-block-heading\">Perturba\u00e7\u00f5es do humor<\/h3>\n\n<p>Irritabilidade, ansiedade, fadiga cr\u00f3nica: o a\u00e7\u00facar actua sobre as <strong>emo\u00e7\u00f5es<\/strong> e cria uma instabilidade emocional ligada \u00e0s varia\u00e7\u00f5es dos n\u00edveis de a\u00e7\u00facar no sangue.<\/p>\n\n<div style=\"height:42px\" aria-hidden=\"true\" class=\"wp-block-spacer\"><\/div>\n\n<p class=\"has-cyan-bluish-gray-background-color has-background\">L\u00ea tamb\u00e9m : <a href=\"https:\/\/www.mylasertabac.com\/pt-pt\/junta-te-ao-franchising-laser-anti-tabac-e-beneficia-de-um-conceito-chave-na-mao-rentavel\/\"><mark style=\"background-color:rgba(0, 0, 0, 0)\" class=\"has-inline-color has-luminous-vivid-orange-color\">Se queres criar a tua pr\u00f3pria empresa no dom\u00ednio do bem-estar, abre o teu franchising Mylasertabac para lutar contra as depend\u00eancias do tabaco, do a\u00e7\u00facar, da cannabis e do \u00e1lcool.<\/mark><\/a><\/p>\n\n<div style=\"height:42px\" aria-hidden=\"true\" class=\"wp-block-spacer\"><\/div>\n\n<figure class=\"wp-block-image aligncenter size-full is-resized\"><img decoding=\"async\" width=\"1024\" height=\"1024\" src=\"https:\/\/www.mylasertabac.com\/wp-content\/uploads\/2025\/07\/dependance-au-sucre.png\" alt=\"\" class=\"wp-image-11229\" style=\"width:742px;height:auto\" srcset=\"https:\/\/www.mylasertabac.com\/wp-content\/uploads\/2025\/07\/dependance-au-sucre.png 1024w, https:\/\/www.mylasertabac.com\/wp-content\/uploads\/2025\/07\/dependance-au-sucre-300x300.png 300w, https:\/\/www.mylasertabac.com\/wp-content\/uploads\/2025\/07\/dependance-au-sucre-150x150.png 150w, https:\/\/www.mylasertabac.com\/wp-content\/uploads\/2025\/07\/dependance-au-sucre-768x768.png 768w\" sizes=\"(max-width: 1024px) 100vw, 1024px\" \/><\/figure>\n\n<div style=\"height:42px\" aria-hidden=\"true\" class=\"wp-block-spacer\"><\/div>\n\n<h2 class=\"wp-block-heading\">De onde vem este v\u00edcio do a\u00e7\u00facar?<\/h2>\n\n<div style=\"height:21px\" aria-hidden=\"true\" class=\"wp-block-spacer\"><\/div>\n\n<p>A depend\u00eancia do a\u00e7\u00facar n\u00e3o surge do nada. Tem uma combina\u00e7\u00e3o de <strong>causas f\u00edsicas, psicol\u00f3gicas e comportamentais<\/strong>. <\/p>\n\n<div style=\"height:21px\" aria-hidden=\"true\" class=\"wp-block-spacer\"><\/div>\n\n<h3 class=\"wp-block-heading\">Uma dieta desequilibrada<\/h3>\n\n<div style=\"height:21px\" aria-hidden=\"true\" class=\"wp-block-spacer\"><\/div>\n\n<p>A nossa alimenta\u00e7\u00e3o moderna est\u00e1 saturada de <strong>produtos industriais<\/strong> ricos em a\u00e7\u00facares adicionados. Mesmo os alimentos ditos &#8220;salgados&#8221; cont\u00eam a\u00e7\u00facar: molhos, refei\u00e7\u00f5es prontas, conservas, etc. Assim, o nosso <strong>organismo<\/strong> habitua-se a consumir mais a\u00e7\u00facar do que realmente necessita.  <\/p>\n\n<div style=\"height:21px\" aria-hidden=\"true\" class=\"wp-block-spacer\"><\/div>\n\n<h3 class=\"wp-block-heading\">Stress cr\u00f3nico<\/h3>\n\n<div style=\"height:21px\" aria-hidden=\"true\" class=\"wp-block-spacer\"><\/div>\n\n<p>O a\u00e7\u00facar torna-se um <strong>conforto emocional<\/strong>. Perante o <strong>stress<\/strong>, a fadiga ou uma emo\u00e7\u00e3o dif\u00edcil, o c\u00e9rebro anseia pelo a\u00e7\u00facar como um mecanismo calmante. <\/p>\n\n<div style=\"height:21px\" aria-hidden=\"true\" class=\"wp-block-spacer\"><\/div>\n\n<h3 class=\"wp-block-heading\">Uma dieta demasiado rigorosa<\/h3>\n\n<div style=\"height:21px\" aria-hidden=\"true\" class=\"wp-block-spacer\"><\/div>\n\n<p>As dietas pobres em <strong>hidratos de carbono<\/strong> mal equilibradas podem levar a uma <strong>compensa\u00e7\u00e3o<\/strong> sob a forma de desejos de doces. O corpo tenta ent\u00e3o encontrar rapidamente uma <strong>fonte de energia<\/strong>. <\/p>\n\n<div style=\"height:21px\" aria-hidden=\"true\" class=\"wp-block-spacer\"><\/div>\n\n<h3 class=\"wp-block-heading\">Condicionamento afetivo<\/h3>\n\n<div style=\"height:21px\" aria-hidden=\"true\" class=\"wp-block-spacer\"><\/div>\n\n<p>O a\u00e7\u00facar est\u00e1 frequentemente associado a mem\u00f3rias positivas: anivers\u00e1rios, sobremesas de fam\u00edlia, recompensas de inf\u00e2ncia. Este <strong>condicionamento emocional<\/strong> torna mais dif\u00edcil <strong>parar<\/strong>. <\/p>\n\n<div style=\"height:21px\" aria-hidden=\"true\" class=\"wp-block-spacer\"><\/div>\n\n<h2 class=\"wp-block-heading\">A\u00e7\u00facar, uma droga doce mas tem\u00edvel<\/h2>\n\n<div style=\"height:21px\" aria-hidden=\"true\" class=\"wp-block-spacer\"><\/div>\n\n<p>O a\u00e7\u00facar actua nos mesmos circuitos neurol\u00f3gicos que <strong>a nicotina<\/strong> ou certas drogas. Ao estimular a produ\u00e7\u00e3o de <strong>dopamina<\/strong>, cria uma sensa\u00e7\u00e3o fugaz de prazer, seguida de um vazio. O c\u00e9rebro entra ent\u00e3o num <strong>c\u00edrculo de recompensa<\/strong> em que cada trago leva ao seguinte.  <\/p>\n\n<div style=\"height:21px\" aria-hidden=\"true\" class=\"wp-block-spacer\"><\/div>\n\n<h3 class=\"wp-block-heading\">O papel do a\u00e7\u00facar no sangue<\/h3>\n\n<div style=\"height:21px\" aria-hidden=\"true\" class=\"wp-block-spacer\"><\/div>\n\n<p>As flutua\u00e7\u00f5es do <strong>n\u00edvel de a\u00e7\u00facar no sangue<\/strong> t\u00eam um impacto direto nos nossos desejos. Um pico r\u00e1pido, seguido de uma queda brusca, provoca uma sensa\u00e7\u00e3o de cansa\u00e7o ou mesmo de hipoglicemia, que compensamos com&#8230; a\u00e7\u00facar. <\/p>\n\n<div style=\"height:21px\" aria-hidden=\"true\" class=\"wp-block-spacer\"><\/div>\n\n<h3 class=\"wp-block-heading\">A armadilha da quantidade<\/h3>\n\n<div style=\"height:21px\" aria-hidden=\"true\" class=\"wp-block-spacer\"><\/div>\n\n<p>Com o tempo, aumenta a <strong>quantidade<\/strong> necess\u00e1ria para obter um <strong>efeito<\/strong> agrad\u00e1vel. Este \u00e9 o princ\u00edpio da <strong>toler\u00e2ncia<\/strong>, t\u00edpico de todas as <strong>depend\u00eancias<\/strong>. O corpo habitua-se, o <strong>c\u00e9rebro<\/strong> exige cada vez mais.  <\/p>\n\n<div style=\"height:21px\" aria-hidden=\"true\" class=\"wp-block-spacer\"><\/div>\n\n<h2 class=\"wp-block-heading\">Efeitos nocivos para a sa\u00fade<\/h2>\n\n<div style=\"height:21px\" aria-hidden=\"true\" class=\"wp-block-spacer\"><\/div>\n\n<p>As consequ\u00eancias do consumo <strong>excessivo<\/strong> de a\u00e7\u00facar n\u00e3o se limitam \u00e0 figura.<\/p>\n\n<ul class=\"wp-block-list\">\n<li><strong>Doen\u00e7as metab\u00f3licas<\/strong>: o risco de <a href=\"https:\/\/www.mylasertabac.com\/pt-pt\/fumar-aumenta-o-risco-de-desenvolver-diabetes-tipo-2\/\"><strong>diabetes tipo 2<\/strong> <\/a>\u00e9 multiplicado.<\/li>\n\n\n\n<li><strong>Inflama\u00e7\u00e3o cr\u00f3nica<\/strong>: um excesso de <strong>hidratos de carbono<\/strong> perturba a capacidade do <strong>organismo<\/strong> para funcionar corretamente.<\/li>\n\n\n\n<li><strong>Fadiga<\/strong> e <strong>problemas cognitivos<\/strong>: a mem\u00f3ria e a concentra\u00e7\u00e3o s\u00e3o afectadas.<\/li>\n\n\n\n<li><strong>Pele<\/strong>: borbulhas, tez ba\u00e7a, envelhecimento acelerado.<\/li>\n\n\n\n<li><strong>Risco cardiovascular<\/strong>: o a\u00e7\u00facar tamb\u00e9m promove o excesso de <strong>gordura<\/strong> no sangue.<\/li>\n<\/ul>\n\n<div style=\"height:21px\" aria-hidden=\"true\" class=\"wp-block-spacer\"><\/div>\n\n<p class=\"has-cyan-bluish-gray-background-color has-background\">Tamb\u00e9m vale a pena ler: <a href=\"https:\/\/www.mylasertabac.com\/pt-pt\/formacao-sobre-a-retirada-do-acucar-torna-te-um-profissional-certificado-em-laser-anti-dependencia\/\"><mark style=\"background-color:rgba(0, 0, 0, 0)\" class=\"has-inline-color has-luminous-vivid-orange-color\">Se queres fazer forma\u00e7\u00e3o na \u00e1rea do desmame a laser anti-a\u00e7\u00facar, contamos-te tudo no nosso artigo.<\/mark><\/a><\/p>\n\n<div style=\"height:21px\" aria-hidden=\"true\" class=\"wp-block-spacer\"><\/div>\n\n<h2 class=\"wp-block-heading\">Como \u00e9 que a depend\u00eancia do a\u00e7\u00facar pode ser tratada eficazmente?<\/h2>\n\n<div style=\"height:21px\" aria-hidden=\"true\" class=\"wp-block-spacer\"><\/div>\n\n<p>Para controlar a tua <strong>ingest\u00e3o de<\/strong> a\u00e7\u00facar \u00e9 necess\u00e1ria uma abordagem hol\u00edstica.<\/p>\n\n<div style=\"height:21px\" aria-hidden=\"true\" class=\"wp-block-spacer\"><\/div>\n\n<h3 class=\"wp-block-heading\">Rever a tua dieta<\/h3>\n\n<div style=\"height:21px\" aria-hidden=\"true\" class=\"wp-block-spacer\"><\/div>\n\n<p>Temos de reduzir gradualmente <strong>os a\u00e7\u00facares adicionados<\/strong> e redescobrir o prazer dos<strong>alimentos<\/strong> saud\u00e1veis e n\u00e3o processados.<\/p>\n\n<ul class=\"wp-block-list\">\n<li>Aumenta <strong>as fibras<\/strong> (leguminosas, legumes, fruta fresca)<\/li>\n\n\n\n<li>Come <strong>prote\u00ednas<\/strong> em todas as <strong>refei\u00e7\u00f5es<\/strong><\/li>\n\n\n\n<li>Introduz <strong>as gorduras<\/strong> boas (azeite, abacate, sementes)<\/li>\n\n\n\n<li>Evita produtos diet\u00e9ticos e a\u00e7\u00facares falsos<\/li>\n<\/ul>\n\n<div style=\"height:21px\" aria-hidden=\"true\" class=\"wp-block-spacer\"><\/div>\n\n<h3 class=\"wp-block-heading\">Trabalhar as tuas emo\u00e7\u00f5es<\/h3>\n\n<div style=\"height:21px\" aria-hidden=\"true\" class=\"wp-block-spacer\"><\/div>\n\n<p>O a\u00e7\u00facar \u00e9 muitas vezes um <strong>sedativo emocional<\/strong>. Aprender a gerir <strong>as<\/strong> tuas <strong>emo\u00e7\u00f5es<\/strong> de forma diferente \u00e9 essencial: <\/p>\n\n<ul class=\"wp-block-list\">\n<li>Medita\u00e7\u00e3o, coer\u00eancia card\u00edaca<\/li>\n\n\n\n<li>Atividade f\u00edsica regular<\/li>\n\n\n\n<li>Di\u00e1rio alimentar para identificar <strong>comportamentos autom\u00e1ticos<\/strong><\/li>\n<\/ul>\n\n<div style=\"height:38px\" aria-hidden=\"true\" class=\"wp-block-spacer\"><\/div>\n\n<h2 class=\"wp-block-heading\">Laser anti-a\u00e7\u00facar: uma solu\u00e7\u00e3o moderna, natural e eficaz<\/h2>\n\n<p>Em <strong><a href=\"https:\/\/www.mylasertabac.com\/pt-pt\/\">MyLaserTabac<\/a><\/strong>desenvolvemos um m\u00e9todo \u00fanico baseado na <strong><a href=\"https:\/\/www.mylasertabac.com\/pt-pt\/\">reflexologia auricular laser<\/a><\/strong> para combater <strong>os v\u00edcios alimentares<\/strong>.<\/p>\n\n<div style=\"height:22px\" aria-hidden=\"true\" class=\"wp-block-spacer\"><\/div>\n\n<h2 class=\"wp-block-heading\">Como \u00e9 que funciona?<\/h2>\n\n<div style=\"height:21px\" aria-hidden=\"true\" class=\"wp-block-spacer\"><\/div>\n\n<p>O tratamento consiste na aplica\u00e7\u00e3o de um <strong>laser de baixa frequ\u00eancia<\/strong> (indolor) em <strong>zonas espec\u00edficas do ouvido<\/strong> ligadas ao sistema nervoso central.<\/p>\n\n<ul class=\"wp-block-list\">\n<li><strong>V\u00edcios<\/strong>: acalma a compuls\u00e3o<\/li>\n\n\n\n<li><strong>Zona metab\u00f3lica<\/strong>: estimula o funcionamento do f\u00edgado e do p\u00e2ncreas<\/li>\n\n\n\n<li><strong>C\u00e9rebro l\u00edmbico<\/strong>: acalma <strong>as emo\u00e7\u00f5es<\/strong>, reduz <strong>o stress<\/strong><\/li>\n\n\n\n<li><strong>Ponto de saciedade<\/strong>: regula o apetite<\/li>\n<\/ul>\n\n<div style=\"height:21px\" aria-hidden=\"true\" class=\"wp-block-spacer\"><\/div>\n\n<p>Este protocolo permite que te libertes <strong>gradualmente do<\/strong> <strong>a\u00e7\u00facar<\/strong>, reduzindo naturalmente os teus <strong>desejos de a\u00e7\u00facar<\/strong>, sem drogas ou frustra\u00e7\u00e3o.<\/p>\n\n<div style=\"height:21px\" aria-hidden=\"true\" class=\"wp-block-spacer\"><\/div>\n\n<h2 class=\"wp-block-heading\">As vantagens do tratamento a laser<\/h2>\n\n<div style=\"height:21px\" aria-hidden=\"true\" class=\"wp-block-spacer\"><\/div>\n\n<ul class=\"wp-block-list\">\n<li>Menos <strong>desejos de<\/strong> a\u00e7\u00facar nas primeiras 24 horas<\/li>\n\n\n\n<li>Reduz <strong>os sintomas de abstin\u00eancia<\/strong><\/li>\n\n\n\n<li>Recupera a <strong>energia<\/strong> est\u00e1vel<\/li>\n\n\n\n<li>Melhora <strong>o sono<\/strong>, <strong>a pele<\/strong> e <strong>a concentra\u00e7\u00e3o<\/strong><\/li>\n<\/ul>\n\n<div style=\"height:29px\" aria-hidden=\"true\" class=\"wp-block-spacer\"><\/div>\n\n<figure class=\"wp-block-image alignright size-full is-resized\"><img decoding=\"async\" width=\"975\" height=\"982\" src=\"https:\/\/www.mylasertabac.com\/wp-content\/uploads\/2025\/06\/centre.jpeg\" alt=\"\" class=\"wp-image-9265\" style=\"width:397px;height:auto\" srcset=\"https:\/\/www.mylasertabac.com\/wp-content\/uploads\/2025\/06\/centre.jpeg 975w, https:\/\/www.mylasertabac.com\/wp-content\/uploads\/2025\/06\/centre-298x300.jpeg 298w, https:\/\/www.mylasertabac.com\/wp-content\/uploads\/2025\/06\/centre-150x150.jpeg 150w, https:\/\/www.mylasertabac.com\/wp-content\/uploads\/2025\/06\/centre-768x774.jpeg 768w\" sizes=\"(max-width: 975px) 100vw, 975px\" \/><\/figure>\n\n<h2 class=\"wp-block-heading\">Porqu\u00ea escolher o MyLaserTabac?<\/h2>\n\n<ul class=\"wp-block-list\">\n<li>Uma equipa formada em <strong>nutri\u00e7\u00e3o<\/strong> e gest\u00e3o de <strong>depend\u00eancias<\/strong><\/li>\n\n\n\n<li>Milhares de clientes apoiados<\/li>\n\n\n\n<li>Um m\u00e9todo suave, n\u00e3o invasivo e sem efeitos secund\u00e1rios<\/li>\n\n\n\n<li><strong>Acompanhamento personalizado<\/strong> para resultados duradouros<\/li>\n<\/ul>\n\n<div style=\"height:30px\" aria-hidden=\"true\" class=\"wp-block-spacer\"><\/div>\n\n<h2 class=\"wp-block-heading\">Em conclus\u00e3o: para uma vida mais livre e mais saud\u00e1vel<\/h2>\n\n<div style=\"height:21px\" aria-hidden=\"true\" class=\"wp-block-spacer\"><\/div>\n\n<p><strong>A depend\u00eancia do a\u00e7\u00facar<\/strong> n\u00e3o \u00e9 inevit\u00e1vel. \u00c9 o resultado de desequil\u00edbrios fisiol\u00f3gicos, de <strong>h\u00e1bitos alimentares<\/strong> errados e de emo\u00e7\u00f5es mal geridas. Gra\u00e7as \u00e0 <strong>sensibiliza\u00e7\u00e3o<\/strong>, a <strong>conselhos adequados<\/strong>, a uma <strong>alimenta\u00e7\u00e3o equilibrada<\/strong> e a solu\u00e7\u00f5es como o <strong>laser anti-depend\u00eancia<\/strong>, \u00e9 poss\u00edvel libertar-se da depend\u00eancia do a\u00e7\u00facar a longo prazo.  <\/p>\n\n<p><strong>MyLaserTabac<\/strong> guia-te neste caminho, com uma abordagem cuidada e personalizada baseada na neuroci\u00eancia.<\/p>\n\n<p>\ud83d\udc49 Recupera o poder sobre o teu <strong>corpo<\/strong>, a tua <strong>alimenta\u00e7\u00e3o<\/strong> e a tua <strong>vida<\/strong>. Marca a tua sess\u00e3o de avalia\u00e7\u00e3o com um dos nossos profissionais certificados. <\/p>\n\n<div style=\"height:42px\" aria-hidden=\"true\" class=\"wp-block-spacer\"><\/div>\n\n<figure class=\"wp-block-image size-large\"><img decoding=\"async\" src=\"https:\/\/www.mylasertabac.com\/wp-content\/uploads\/\/mlt-verteau.svg\" alt=\"\" class=\"wp-image-13\"\/><\/figure>\n","protected":false},"excerpt":{"rendered":"<p>Quem nunca sentiu aquela irresist\u00edvel gulodice, aquela necessidade de mordiscar um peda\u00e7o de chocolate ou de pastelaria sem ter realmente fome? Este comportamento, repetido diariamente, n\u00e3o \u00e9 trivial. Muitas vezes, faz parte de uma realidade mais profunda: adepend\u00eancia do a\u00e7\u00facar, um v\u00edcio que afecta milh\u00f5es de pessoas. Esta depend\u00eancia alimentar afecta o c\u00e9rebro, perturbando a [&hellip;]<\/p>\n","protected":false},"author":2,"featured_media":11187,"comment_status":"closed","ping_status":"open","sticky":false,"template":"","format":"standard","meta":{"inline_featured_image":false,"footnotes":""},"categories":[401,77],"tags":[],"class_list":["post-11194","post","type-post","status-publish","format-standard","has-post-thumbnail","hentry","category-desmame-do-acucar","category-sem-categoria"],"yoast_head":"<!-- This site is optimized with the Yoast SEO plugin v27.4 - https:\/\/yoast.com\/product\/yoast-seo-wordpress\/ -->\n<title>Depend\u00eancia do a\u00e7\u00facar: Sintomas e causas - Como te podes libertar de vez? - My Laser Tabac<\/title>\n<meta name=\"description\" content=\"Queres saber como combater a depend\u00eancia do a\u00e7\u00facar e compreender os sintomas.\" \/>\n<meta name=\"robots\" content=\"index, follow, max-snippet:-1, max-image-preview:large, max-video-preview:-1\" \/>\n<link rel=\"canonical\" href=\"https:\/\/www.mylasertabac.com\/pt-pt\/dependencia-do-acucar-sintomas-e-causas-como-te-podes-libertar-de-vez\/\" \/>\n<meta property=\"og:locale\" content=\"pt_PT\" \/>\n<meta property=\"og:type\" content=\"article\" \/>\n<meta property=\"og:title\" content=\"Depend\u00eancia do a\u00e7\u00facar: Sintomas e causas - Como te podes libertar de vez? - My Laser Tabac\" \/>\n<meta property=\"og:description\" content=\"Queres saber como combater a depend\u00eancia do a\u00e7\u00facar e compreender os sintomas.\" \/>\n<meta property=\"og:url\" content=\"https:\/\/www.mylasertabac.com\/pt-pt\/dependencia-do-acucar-sintomas-e-causas-como-te-podes-libertar-de-vez\/\" \/>\n<meta property=\"og:site_name\" content=\"My Laser Tabac\" \/>\n<meta property=\"article:author\" content=\"https:\/\/www.facebook.com\/profile.php?id=61571554707319\" \/>\n<meta property=\"article:published_time\" content=\"2025-07-19T07:47:35+00:00\" \/>\n<meta property=\"og:image\" content=\"https:\/\/www.mylasertabac.com\/wp-content\/uploads\/2025\/07\/Addiction-au-sucre-1024x683.png\" \/>\n\t<meta property=\"og:image:width\" content=\"1024\" \/>\n\t<meta property=\"og:image:height\" content=\"683\" \/>\n\t<meta property=\"og:image:type\" content=\"image\/png\" \/>\n<meta name=\"author\" content=\"Florian Fortes\" \/>\n<meta name=\"twitter:card\" content=\"summary_large_image\" \/>\n<meta name=\"twitter:label1\" content=\"Escrito por\" \/>\n\t<meta name=\"twitter:data1\" content=\"Florian Fortes\" \/>\n\t<meta name=\"twitter:label2\" content=\"Tempo estimado de leitura\" \/>\n\t<meta name=\"twitter:data2\" content=\"7 minutos\" \/>\n<script type=\"application\/ld+json\" class=\"yoast-schema-graph\">{\"@context\":\"https:\\\/\\\/schema.org\",\"@graph\":[{\"@type\":\"Article\",\"@id\":\"https:\\\/\\\/www.mylasertabac.com\\\/pt-pt\\\/dependencia-do-acucar-sintomas-e-causas-como-te-podes-libertar-de-vez\\\/#article\",\"isPartOf\":{\"@id\":\"https:\\\/\\\/www.mylasertabac.com\\\/pt-pt\\\/dependencia-do-acucar-sintomas-e-causas-como-te-podes-libertar-de-vez\\\/\"},\"author\":{\"name\":\"Florian Fortes\",\"@id\":\"https:\\\/\\\/www.mylasertabac.com\\\/pt-pt\\\/#\\\/schema\\\/person\\\/02c249cb76d912efb6c315ec23eccdf3\"},\"headline\":\"Depend\u00eancia do a\u00e7\u00facar: Sintomas e causas &#8211; Como te podes libertar de vez?\",\"datePublished\":\"2025-07-19T07:47:35+00:00\",\"mainEntityOfPage\":{\"@id\":\"https:\\\/\\\/www.mylasertabac.com\\\/pt-pt\\\/dependencia-do-acucar-sintomas-e-causas-como-te-podes-libertar-de-vez\\\/\"},\"wordCount\":1393,\"publisher\":{\"@id\":\"https:\\\/\\\/www.mylasertabac.com\\\/pt-pt\\\/#organization\"},\"image\":{\"@id\":\"https:\\\/\\\/www.mylasertabac.com\\\/pt-pt\\\/dependencia-do-acucar-sintomas-e-causas-como-te-podes-libertar-de-vez\\\/#primaryimage\"},\"thumbnailUrl\":\"https:\\\/\\\/www.mylasertabac.com\\\/wp-content\\\/uploads\\\/2025\\\/07\\\/Addiction-au-sucre.png\",\"articleSection\":[\"desmame do a\u00e7\u00facar\"],\"inLanguage\":\"pt-PT\"},{\"@type\":\"WebPage\",\"@id\":\"https:\\\/\\\/www.mylasertabac.com\\\/pt-pt\\\/dependencia-do-acucar-sintomas-e-causas-como-te-podes-libertar-de-vez\\\/\",\"url\":\"https:\\\/\\\/www.mylasertabac.com\\\/pt-pt\\\/dependencia-do-acucar-sintomas-e-causas-como-te-podes-libertar-de-vez\\\/\",\"name\":\"Depend\u00eancia do a\u00e7\u00facar: Sintomas e causas - Como te podes libertar de vez? - My Laser Tabac\",\"isPartOf\":{\"@id\":\"https:\\\/\\\/www.mylasertabac.com\\\/pt-pt\\\/#website\"},\"primaryImageOfPage\":{\"@id\":\"https:\\\/\\\/www.mylasertabac.com\\\/pt-pt\\\/dependencia-do-acucar-sintomas-e-causas-como-te-podes-libertar-de-vez\\\/#primaryimage\"},\"image\":{\"@id\":\"https:\\\/\\\/www.mylasertabac.com\\\/pt-pt\\\/dependencia-do-acucar-sintomas-e-causas-como-te-podes-libertar-de-vez\\\/#primaryimage\"},\"thumbnailUrl\":\"https:\\\/\\\/www.mylasertabac.com\\\/wp-content\\\/uploads\\\/2025\\\/07\\\/Addiction-au-sucre.png\",\"datePublished\":\"2025-07-19T07:47:35+00:00\",\"description\":\"Queres saber como combater a depend\u00eancia do a\u00e7\u00facar e compreender os sintomas.\",\"breadcrumb\":{\"@id\":\"https:\\\/\\\/www.mylasertabac.com\\\/pt-pt\\\/dependencia-do-acucar-sintomas-e-causas-como-te-podes-libertar-de-vez\\\/#breadcrumb\"},\"inLanguage\":\"pt-PT\",\"potentialAction\":[{\"@type\":\"ReadAction\",\"target\":[\"https:\\\/\\\/www.mylasertabac.com\\\/pt-pt\\\/dependencia-do-acucar-sintomas-e-causas-como-te-podes-libertar-de-vez\\\/\"]}]},{\"@type\":\"ImageObject\",\"inLanguage\":\"pt-PT\",\"@id\":\"https:\\\/\\\/www.mylasertabac.com\\\/pt-pt\\\/dependencia-do-acucar-sintomas-e-causas-como-te-podes-libertar-de-vez\\\/#primaryimage\",\"url\":\"https:\\\/\\\/www.mylasertabac.com\\\/wp-content\\\/uploads\\\/2025\\\/07\\\/Addiction-au-sucre.png\",\"contentUrl\":\"https:\\\/\\\/www.mylasertabac.com\\\/wp-content\\\/uploads\\\/2025\\\/07\\\/Addiction-au-sucre.png\",\"width\":1536,\"height\":1024},{\"@type\":\"BreadcrumbList\",\"@id\":\"https:\\\/\\\/www.mylasertabac.com\\\/pt-pt\\\/dependencia-do-acucar-sintomas-e-causas-como-te-podes-libertar-de-vez\\\/#breadcrumb\",\"itemListElement\":[{\"@type\":\"ListItem\",\"position\":1,\"name\":\"Accueil\",\"item\":\"https:\\\/\\\/www.mylasertabac.com\\\/pt-pt\\\/casa\\\/\"},{\"@type\":\"ListItem\",\"position\":2,\"name\":\"Depend\u00eancia do a\u00e7\u00facar: Sintomas e causas &#8211; Como te podes libertar de vez?\"}]},{\"@type\":\"WebSite\",\"@id\":\"https:\\\/\\\/www.mylasertabac.com\\\/pt-pt\\\/#website\",\"url\":\"https:\\\/\\\/www.mylasertabac.com\\\/pt-pt\\\/\",\"name\":\"My Laser Tabac\",\"description\":\"La solution laser qui transforme les fumeurs en ex-fumeurs\",\"publisher\":{\"@id\":\"https:\\\/\\\/www.mylasertabac.com\\\/pt-pt\\\/#organization\"},\"potentialAction\":[{\"@type\":\"SearchAction\",\"target\":{\"@type\":\"EntryPoint\",\"urlTemplate\":\"https:\\\/\\\/www.mylasertabac.com\\\/pt-pt\\\/?s={search_term_string}\"},\"query-input\":{\"@type\":\"PropertyValueSpecification\",\"valueRequired\":true,\"valueName\":\"search_term_string\"}}],\"inLanguage\":\"pt-PT\"},{\"@type\":\"Organization\",\"@id\":\"https:\\\/\\\/www.mylasertabac.com\\\/pt-pt\\\/#organization\",\"name\":\"My Laser Tabac\",\"url\":\"https:\\\/\\\/www.mylasertabac.com\\\/pt-pt\\\/\",\"logo\":{\"@type\":\"ImageObject\",\"inLanguage\":\"pt-PT\",\"@id\":\"https:\\\/\\\/www.mylasertabac.com\\\/pt-pt\\\/#\\\/schema\\\/logo\\\/image\\\/\",\"url\":\"https:\\\/\\\/www.mylasertabac.com\\\/wp-content\\\/uploads\\\/2024\\\/12\\\/mlt-verteau.svg\",\"contentUrl\":\"https:\\\/\\\/www.mylasertabac.com\\\/wp-content\\\/uploads\\\/2024\\\/12\\\/mlt-verteau.svg\",\"caption\":\"My Laser Tabac\"},\"image\":{\"@id\":\"https:\\\/\\\/www.mylasertabac.com\\\/pt-pt\\\/#\\\/schema\\\/logo\\\/image\\\/\"}},{\"@type\":\"Person\",\"@id\":\"https:\\\/\\\/www.mylasertabac.com\\\/pt-pt\\\/#\\\/schema\\\/person\\\/02c249cb76d912efb6c315ec23eccdf3\",\"name\":\"Florian Fortes\",\"image\":{\"@type\":\"ImageObject\",\"inLanguage\":\"pt-PT\",\"@id\":\"https:\\\/\\\/www.mylasertabac.com\\\/wp-content\\\/litespeed\\\/avatar\\\/142101a71d7b9e6490c1120d9c109a67.jpg?ver=1776856306\",\"url\":\"https:\\\/\\\/www.mylasertabac.com\\\/wp-content\\\/litespeed\\\/avatar\\\/142101a71d7b9e6490c1120d9c109a67.jpg?ver=1776856306\",\"contentUrl\":\"https:\\\/\\\/www.mylasertabac.com\\\/wp-content\\\/litespeed\\\/avatar\\\/142101a71d7b9e6490c1120d9c109a67.jpg?ver=1776856306\",\"caption\":\"Florian Fortes\"},\"sameAs\":[\"https:\\\/\\\/www.mylasertabac.com\",\"https:\\\/\\\/www.facebook.com\\\/profile.php?id=61571554707319\"],\"url\":\"https:\\\/\\\/www.mylasertabac.com\\\/pt-pt\\\/author\\\/florianfortes5312\\\/\"}]}<\/script>\n<!-- \/ Yoast SEO plugin. -->","yoast_head_json":{"title":"Depend\u00eancia do a\u00e7\u00facar: Sintomas e causas - Como te podes libertar de vez? - My Laser Tabac","description":"Queres saber como combater a depend\u00eancia do a\u00e7\u00facar e compreender os sintomas.","robots":{"index":"index","follow":"follow","max-snippet":"max-snippet:-1","max-image-preview":"max-image-preview:large","max-video-preview":"max-video-preview:-1"},"canonical":"https:\/\/www.mylasertabac.com\/pt-pt\/dependencia-do-acucar-sintomas-e-causas-como-te-podes-libertar-de-vez\/","og_locale":"pt_PT","og_type":"article","og_title":"Depend\u00eancia do a\u00e7\u00facar: Sintomas e causas - Como te podes libertar de vez? - My Laser Tabac","og_description":"Queres saber como combater a depend\u00eancia do a\u00e7\u00facar e compreender os sintomas.","og_url":"https:\/\/www.mylasertabac.com\/pt-pt\/dependencia-do-acucar-sintomas-e-causas-como-te-podes-libertar-de-vez\/","og_site_name":"My Laser Tabac","article_author":"https:\/\/www.facebook.com\/profile.php?id=61571554707319","article_published_time":"2025-07-19T07:47:35+00:00","og_image":[{"width":1024,"height":683,"url":"https:\/\/www.mylasertabac.com\/wp-content\/uploads\/2025\/07\/Addiction-au-sucre-1024x683.png","type":"image\/png"}],"author":"Florian Fortes","twitter_card":"summary_large_image","twitter_misc":{"Escrito por":"Florian Fortes","Tempo estimado de leitura":"7 minutos"},"schema":{"@context":"https:\/\/schema.org","@graph":[{"@type":"Article","@id":"https:\/\/www.mylasertabac.com\/pt-pt\/dependencia-do-acucar-sintomas-e-causas-como-te-podes-libertar-de-vez\/#article","isPartOf":{"@id":"https:\/\/www.mylasertabac.com\/pt-pt\/dependencia-do-acucar-sintomas-e-causas-como-te-podes-libertar-de-vez\/"},"author":{"name":"Florian Fortes","@id":"https:\/\/www.mylasertabac.com\/pt-pt\/#\/schema\/person\/02c249cb76d912efb6c315ec23eccdf3"},"headline":"Depend\u00eancia do a\u00e7\u00facar: Sintomas e causas &#8211; Como te podes libertar de vez?","datePublished":"2025-07-19T07:47:35+00:00","mainEntityOfPage":{"@id":"https:\/\/www.mylasertabac.com\/pt-pt\/dependencia-do-acucar-sintomas-e-causas-como-te-podes-libertar-de-vez\/"},"wordCount":1393,"publisher":{"@id":"https:\/\/www.mylasertabac.com\/pt-pt\/#organization"},"image":{"@id":"https:\/\/www.mylasertabac.com\/pt-pt\/dependencia-do-acucar-sintomas-e-causas-como-te-podes-libertar-de-vez\/#primaryimage"},"thumbnailUrl":"https:\/\/www.mylasertabac.com\/wp-content\/uploads\/2025\/07\/Addiction-au-sucre.png","articleSection":["desmame do a\u00e7\u00facar"],"inLanguage":"pt-PT"},{"@type":"WebPage","@id":"https:\/\/www.mylasertabac.com\/pt-pt\/dependencia-do-acucar-sintomas-e-causas-como-te-podes-libertar-de-vez\/","url":"https:\/\/www.mylasertabac.com\/pt-pt\/dependencia-do-acucar-sintomas-e-causas-como-te-podes-libertar-de-vez\/","name":"Depend\u00eancia do a\u00e7\u00facar: Sintomas e causas - Como te podes libertar de vez? - My Laser Tabac","isPartOf":{"@id":"https:\/\/www.mylasertabac.com\/pt-pt\/#website"},"primaryImageOfPage":{"@id":"https:\/\/www.mylasertabac.com\/pt-pt\/dependencia-do-acucar-sintomas-e-causas-como-te-podes-libertar-de-vez\/#primaryimage"},"image":{"@id":"https:\/\/www.mylasertabac.com\/pt-pt\/dependencia-do-acucar-sintomas-e-causas-como-te-podes-libertar-de-vez\/#primaryimage"},"thumbnailUrl":"https:\/\/www.mylasertabac.com\/wp-content\/uploads\/2025\/07\/Addiction-au-sucre.png","datePublished":"2025-07-19T07:47:35+00:00","description":"Queres saber como combater a depend\u00eancia do a\u00e7\u00facar e compreender os sintomas.","breadcrumb":{"@id":"https:\/\/www.mylasertabac.com\/pt-pt\/dependencia-do-acucar-sintomas-e-causas-como-te-podes-libertar-de-vez\/#breadcrumb"},"inLanguage":"pt-PT","potentialAction":[{"@type":"ReadAction","target":["https:\/\/www.mylasertabac.com\/pt-pt\/dependencia-do-acucar-sintomas-e-causas-como-te-podes-libertar-de-vez\/"]}]},{"@type":"ImageObject","inLanguage":"pt-PT","@id":"https:\/\/www.mylasertabac.com\/pt-pt\/dependencia-do-acucar-sintomas-e-causas-como-te-podes-libertar-de-vez\/#primaryimage","url":"https:\/\/www.mylasertabac.com\/wp-content\/uploads\/2025\/07\/Addiction-au-sucre.png","contentUrl":"https:\/\/www.mylasertabac.com\/wp-content\/uploads\/2025\/07\/Addiction-au-sucre.png","width":1536,"height":1024},{"@type":"BreadcrumbList","@id":"https:\/\/www.mylasertabac.com\/pt-pt\/dependencia-do-acucar-sintomas-e-causas-como-te-podes-libertar-de-vez\/#breadcrumb","itemListElement":[{"@type":"ListItem","position":1,"name":"Accueil","item":"https:\/\/www.mylasertabac.com\/pt-pt\/casa\/"},{"@type":"ListItem","position":2,"name":"Depend\u00eancia do a\u00e7\u00facar: Sintomas e causas &#8211; Como te podes libertar de vez?"}]},{"@type":"WebSite","@id":"https:\/\/www.mylasertabac.com\/pt-pt\/#website","url":"https:\/\/www.mylasertabac.com\/pt-pt\/","name":"My Laser Tabac","description":"La solution laser qui transforme les fumeurs en ex-fumeurs","publisher":{"@id":"https:\/\/www.mylasertabac.com\/pt-pt\/#organization"},"potentialAction":[{"@type":"SearchAction","target":{"@type":"EntryPoint","urlTemplate":"https:\/\/www.mylasertabac.com\/pt-pt\/?s={search_term_string}"},"query-input":{"@type":"PropertyValueSpecification","valueRequired":true,"valueName":"search_term_string"}}],"inLanguage":"pt-PT"},{"@type":"Organization","@id":"https:\/\/www.mylasertabac.com\/pt-pt\/#organization","name":"My Laser Tabac","url":"https:\/\/www.mylasertabac.com\/pt-pt\/","logo":{"@type":"ImageObject","inLanguage":"pt-PT","@id":"https:\/\/www.mylasertabac.com\/pt-pt\/#\/schema\/logo\/image\/","url":"https:\/\/www.mylasertabac.com\/wp-content\/uploads\/2024\/12\/mlt-verteau.svg","contentUrl":"https:\/\/www.mylasertabac.com\/wp-content\/uploads\/2024\/12\/mlt-verteau.svg","caption":"My Laser Tabac"},"image":{"@id":"https:\/\/www.mylasertabac.com\/pt-pt\/#\/schema\/logo\/image\/"}},{"@type":"Person","@id":"https:\/\/www.mylasertabac.com\/pt-pt\/#\/schema\/person\/02c249cb76d912efb6c315ec23eccdf3","name":"Florian Fortes","image":{"@type":"ImageObject","inLanguage":"pt-PT","@id":"https:\/\/www.mylasertabac.com\/wp-content\/litespeed\/avatar\/142101a71d7b9e6490c1120d9c109a67.jpg?ver=1776856306","url":"https:\/\/www.mylasertabac.com\/wp-content\/litespeed\/avatar\/142101a71d7b9e6490c1120d9c109a67.jpg?ver=1776856306","contentUrl":"https:\/\/www.mylasertabac.com\/wp-content\/litespeed\/avatar\/142101a71d7b9e6490c1120d9c109a67.jpg?ver=1776856306","caption":"Florian Fortes"},"sameAs":["https:\/\/www.mylasertabac.com","https:\/\/www.facebook.com\/profile.php?id=61571554707319"],"url":"https:\/\/www.mylasertabac.com\/pt-pt\/author\/florianfortes5312\/"}]}},"_links":{"self":[{"href":"https:\/\/www.mylasertabac.com\/pt-pt\/wp-json\/wp\/v2\/posts\/11194","targetHints":{"allow":["GET"]}}],"collection":[{"href":"https:\/\/www.mylasertabac.com\/pt-pt\/wp-json\/wp\/v2\/posts"}],"about":[{"href":"https:\/\/www.mylasertabac.com\/pt-pt\/wp-json\/wp\/v2\/types\/post"}],"author":[{"embeddable":true,"href":"https:\/\/www.mylasertabac.com\/pt-pt\/wp-json\/wp\/v2\/users\/2"}],"replies":[{"embeddable":true,"href":"https:\/\/www.mylasertabac.com\/pt-pt\/wp-json\/wp\/v2\/comments?post=11194"}],"version-history":[{"count":7,"href":"https:\/\/www.mylasertabac.com\/pt-pt\/wp-json\/wp\/v2\/posts\/11194\/revisions"}],"predecessor-version":[{"id":11840,"href":"https:\/\/www.mylasertabac.com\/pt-pt\/wp-json\/wp\/v2\/posts\/11194\/revisions\/11840"}],"wp:featuredmedia":[{"embeddable":true,"href":"https:\/\/www.mylasertabac.com\/pt-pt\/wp-json\/wp\/v2\/media\/11187"}],"wp:attachment":[{"href":"https:\/\/www.mylasertabac.com\/pt-pt\/wp-json\/wp\/v2\/media?parent=11194"}],"wp:term":[{"taxonomy":"category","embeddable":true,"href":"https:\/\/www.mylasertabac.com\/pt-pt\/wp-json\/wp\/v2\/categories?post=11194"},{"taxonomy":"post_tag","embeddable":true,"href":"https:\/\/www.mylasertabac.com\/pt-pt\/wp-json\/wp\/v2\/tags?post=11194"}],"curies":[{"name":"wp","href":"https:\/\/api.w.org\/{rel}","templated":true}]}}